{"id":1665,"date":"2020-01-03T10:21:00","date_gmt":"2020-01-03T09:21:00","guid":{"rendered":"https:\/\/instytutpolski.pl\/stockholm\/?p=1665"},"modified":"2021-07-23T13:03:56","modified_gmt":"2021-07-23T11:03:56","slug":"fotoreportage-eu-julkonsert-i-stockholm","status":"publish","type":"post","link":"https:\/\/instytutpolski.pl\/stockholm\/2020\/01\/03\/fotoreportage-eu-julkonsert-i-stockholm\/","title":{"rendered":"Fotoreportage: EU-julkonsert i Stockholm"},"content":{"rendered":"\n<p>Det polska bidraget var den \ntraditionella s\u00e5ngen Lulaj\u017ce Jezuniu (ungef\u00e4r \u201dVyssan lull lilla \nJesusbarn\u201d) framf\u00f6rd av Patrycja Rosiak till ackompanjemantg av R\u00f3\u017ca \nZawadzka. Samtidigt upptr\u00e4dde tv\u00e5 ungdomar som visade folkdr\u00e4kter fr\u00e5n \nMa\u0142opolskaregionen. De visade ocks\u00e5 upp polska jultraditioner och \nhistorien bakom juls\u00e5ngen, som \u00e4r k\u00e4nd sedan mer \u00e4n 300 \u00e5r i Polen, och \n\u00e4ven s\u00e5ngerskans egen biografi.<br><br>Efter konserten h\u00f6lls en f\u00e4rgrik \nmultikulturell julmarknad i Johannessalen med gl\u00f6gg och traditionellt \njulgodis fr\u00e5n Europas alla h\u00f6rn. I det polska st\u00e5ndet kunde man smaka p\u00e5\n delikata pepparkakor fr\u00e5n Toru\u0144 och ta reda p\u00e5 mer om vackra turistm\u00e5l i\n Polen.<br><br>Denna historiens f\u00f6rsta konsert med juls\u00e5nger fr\u00e5n \nEuropas alla h\u00f6rn arrangerades av Polska institutet, Polska ambassaden \noch Polska statens turistbyr\u00e5 i Stockholm tillsammans med tretton andra \nEU-l\u00e4nder och EU-kommissionens representation i Stockholm. Ett tusental \nbes\u00f6kare kom till konserten och marknaden, och m\u00e4ngden av positiva \nkommentarer visar p\u00e5 en otvetydig succ\u00e9. D\u00e4rf\u00f6r planerar vi redan nu f\u00f6r\n en forts\u00e4ttning n\u00e4sta \u00e5r.<br><br>Tack till alla som kom!<\/p>\n\n\n\n<p><em><br>Foton: Pawe\u0142 Kania<\/em><\/p>\n\n\n\n<figure class=\"wp-block-gallery columns-3 wp-block-gallery-1 is-layout-flex wp-block-gallery-is-layout-flex\"><ul class=\"blocks-gallery-grid\"><li class=\"blocks-gallery-item\"><figure><a href=\"https:\/\/instytutpolski.pl\/stockholm\/wp-content\/uploads\/sites\/17\/2020\/01\/IMG_0040.jpg\"><img loading=\"lazy\" decoding=\"async\" width=\"1024\" height=\"768\" src=\"https:\/\/instytutpolski.pl\/stockholm\/wp-content\/uploads\/sites\/17\/2020\/01\/IMG_0040.jpg\" alt=\"\" data-id=\"1666\" data-full-url=\"https:\/\/instytutpolski.pl\/stockholm\/wp-content\/uploads\/sites\/17\/2020\/01\/IMG_0040.jpg\" data-link=\"https:\/\/instytutpolski.pl\/stockholm\/?attachment_id=1666\" class=\"wp-image-1666\" srcset=\"https:\/\/instytutpolski.pl\/stockholm\/wp-content\/uploads\/sites\/17\/2020\/01\/IMG_0040.jpg 1024w, https:\/\/instytutpolski.pl\/stockholm\/wp-content\/uploads\/sites\/17\/2020\/01\/IMG_0040-300x225.jpg 300w, https:\/\/instytutpolski.pl\/stockholm\/wp-content\/uploads\/sites\/17\/2020\/01\/IMG_0040-768x576.jpg 768w\" sizes=\"auto, (max-width: 1024px) 100vw, 1024px\" \/><\/a><\/figure><\/li><li class=\"blocks-gallery-item\"><figure><a href=\"https:\/\/instytutpolski.pl\/stockholm\/wp-content\/uploads\/sites\/17\/2020\/01\/IMG_0048.jpg\"><img loading=\"lazy\" decoding=\"async\" width=\"1024\" height=\"768\" src=\"https:\/\/instytutpolski.pl\/stockholm\/wp-content\/uploads\/sites\/17\/2020\/01\/IMG_0048.jpg\" alt=\"\" data-id=\"1667\" data-full-url=\"https:\/\/instytutpolski.pl\/stockholm\/wp-content\/uploads\/sites\/17\/2020\/01\/IMG_0048.jpg\" data-link=\"https:\/\/instytutpolski.pl\/stockholm\/?attachment_id=1667\" class=\"wp-image-1667\" srcset=\"https:\/\/instytutpolski.pl\/stockholm\/wp-content\/uploads\/sites\/17\/2020\/01\/IMG_0048.jpg 1024w, https:\/\/instytutpolski.pl\/stockholm\/wp-content\/uploads\/sites\/17\/2020\/01\/IMG_0048-300x225.jpg 300w, https:\/\/instytutpolski.pl\/stockholm\/wp-content\/uploads\/sites\/17\/2020\/01\/IMG_0048-768x576.jpg 768w\" sizes=\"auto, (max-width: 1024px) 100vw, 1024px\" \/><\/a><\/figure><\/li><li class=\"blocks-gallery-item\"><figure><a href=\"https:\/\/instytutpolski.pl\/stockholm\/wp-content\/uploads\/sites\/17\/2020\/01\/IMG_0060.jpg\"><img loading=\"lazy\" decoding=\"async\" width=\"1024\" height=\"768\" src=\"https:\/\/instytutpolski.pl\/stockholm\/wp-content\/uploads\/sites\/17\/2020\/01\/IMG_0060.jpg\" alt=\"\" data-id=\"1668\" data-full-url=\"https:\/\/instytutpolski.pl\/stockholm\/wp-content\/uploads\/sites\/17\/2020\/01\/IMG_0060.jpg\" data-link=\"https:\/\/instytutpolski.pl\/stockholm\/?attachment_id=1668\" class=\"wp-image-1668\" srcset=\"https:\/\/instytutpolski.pl\/stockholm\/wp-content\/uploads\/sites\/17\/2020\/01\/IMG_0060.jpg 1024w, https:\/\/instytutpolski.pl\/stockholm\/wp-content\/uploads\/sites\/17\/2020\/01\/IMG_0060-300x225.jpg 300w, https:\/\/instytutpolski.pl\/stockholm\/wp-content\/uploads\/sites\/17\/2020\/01\/IMG_0060-768x576.jpg 768w\" sizes=\"auto, (max-width: 1024px) 100vw, 1024px\" \/><\/a><\/figure><\/li><li class=\"blocks-gallery-item\"><figure><a href=\"https:\/\/instytutpolski.pl\/stockholm\/wp-content\/uploads\/sites\/17\/2020\/01\/IMG_0063.jpg\"><img loading=\"lazy\" decoding=\"async\" width=\"768\" height=\"1024\" src=\"https:\/\/instytutpolski.pl\/stockholm\/wp-content\/uploads\/sites\/17\/2020\/01\/IMG_0063.jpg\" alt=\"\" data-id=\"1669\" data-full-url=\"https:\/\/instytutpolski.pl\/stockholm\/wp-content\/uploads\/sites\/17\/2020\/01\/IMG_0063.jpg\" data-link=\"https:\/\/instytutpolski.pl\/stockholm\/?attachment_id=1669\" class=\"wp-image-1669\" srcset=\"https:\/\/instytutpolski.pl\/stockholm\/wp-content\/uploads\/sites\/17\/2020\/01\/IMG_0063.jpg 768w, https:\/\/instytutpolski.pl\/stockholm\/wp-content\/uploads\/sites\/17\/2020\/01\/IMG_0063-225x300.jpg 225w\" sizes=\"auto, (max-width: 768px) 100vw, 768px\" \/><\/a><\/figure><\/li><li class=\"blocks-gallery-item\"><figure><a href=\"https:\/\/instytutpolski.pl\/stockholm\/wp-content\/uploads\/sites\/17\/2020\/01\/IMG_0073.jpg\"><img loading=\"lazy\" decoding=\"async\" width=\"768\" height=\"1024\" src=\"https:\/\/instytutpolski.pl\/stockholm\/wp-content\/uploads\/sites\/17\/2020\/01\/IMG_0073.jpg\" alt=\"\" data-id=\"1670\" data-full-url=\"https:\/\/instytutpolski.pl\/stockholm\/wp-content\/uploads\/sites\/17\/2020\/01\/IMG_0073.jpg\" data-link=\"https:\/\/instytutpolski.pl\/stockholm\/?attachment_id=1670\" class=\"wp-image-1670\" srcset=\"https:\/\/instytutpolski.pl\/stockholm\/wp-content\/uploads\/sites\/17\/2020\/01\/IMG_0073.jpg 768w, https:\/\/instytutpolski.pl\/stockholm\/wp-content\/uploads\/sites\/17\/2020\/01\/IMG_0073-225x300.jpg 225w\" sizes=\"auto, (max-width: 768px) 100vw, 768px\" \/><\/a><\/figure><\/li><li class=\"blocks-gallery-item\"><figure><a href=\"https:\/\/instytutpolski.pl\/stockholm\/wp-content\/uploads\/sites\/17\/2020\/01\/IMG_9712_2.jpg\"><img loading=\"lazy\" decoding=\"async\" width=\"768\" height=\"1024\" src=\"https:\/\/instytutpolski.pl\/stockholm\/wp-content\/uploads\/sites\/17\/2020\/01\/IMG_9712_2.jpg\" alt=\"\" data-id=\"1671\" data-full-url=\"https:\/\/instytutpolski.pl\/stockholm\/wp-content\/uploads\/sites\/17\/2020\/01\/IMG_9712_2.jpg\" data-link=\"https:\/\/instytutpolski.pl\/stockholm\/?attachment_id=1671\" class=\"wp-image-1671\" srcset=\"https:\/\/instytutpolski.pl\/stockholm\/wp-content\/uploads\/sites\/17\/2020\/01\/IMG_9712_2.jpg 768w, https:\/\/instytutpolski.pl\/stockholm\/wp-content\/uploads\/sites\/17\/2020\/01\/IMG_9712_2-225x300.jpg 225w\" sizes=\"auto, (max-width: 768px) 100vw, 768px\" \/><\/a><\/figure><\/li><li class=\"blocks-gallery-item\"><figure><a href=\"https:\/\/instytutpolski.pl\/stockholm\/wp-content\/uploads\/sites\/17\/2020\/01\/Jul-konsert-6.jpg\"><img loading=\"lazy\" decoding=\"async\" width=\"1024\" height=\"683\" src=\"https:\/\/instytutpolski.pl\/stockholm\/wp-content\/uploads\/sites\/17\/2020\/01\/Jul-konsert-6.jpg\" alt=\"\" data-id=\"1672\" data-full-url=\"https:\/\/instytutpolski.pl\/stockholm\/wp-content\/uploads\/sites\/17\/2020\/01\/Jul-konsert-6.jpg\" data-link=\"https:\/\/instytutpolski.pl\/stockholm\/?attachment_id=1672\" class=\"wp-image-1672\" srcset=\"https:\/\/instytutpolski.pl\/stockholm\/wp-content\/uploads\/sites\/17\/2020\/01\/Jul-konsert-6.jpg 1024w, https:\/\/instytutpolski.pl\/stockholm\/wp-content\/uploads\/sites\/17\/2020\/01\/Jul-konsert-6-300x200.jpg 300w, https:\/\/instytutpolski.pl\/stockholm\/wp-content\/uploads\/sites\/17\/2020\/01\/Jul-konsert-6-768x512.jpg 768w\" sizes=\"auto, (max-width: 1024px) 100vw, 1024px\" \/><\/a><\/figure><\/li><li class=\"blocks-gallery-item\"><figure><a href=\"https:\/\/instytutpolski.pl\/stockholm\/wp-content\/uploads\/sites\/17\/2020\/01\/Jul-konsert-24.jpg\"><img loading=\"lazy\" decoding=\"async\" width=\"1024\" height=\"683\" src=\"https:\/\/instytutpolski.pl\/stockholm\/wp-content\/uploads\/sites\/17\/2020\/01\/Jul-konsert-24.jpg\" alt=\"\" data-id=\"1673\" data-full-url=\"https:\/\/instytutpolski.pl\/stockholm\/wp-content\/uploads\/sites\/17\/2020\/01\/Jul-konsert-24.jpg\" data-link=\"https:\/\/instytutpolski.pl\/stockholm\/?attachment_id=1673\" class=\"wp-image-1673\" srcset=\"https:\/\/instytutpolski.pl\/stockholm\/wp-content\/uploads\/sites\/17\/2020\/01\/Jul-konsert-24.jpg 1024w, https:\/\/instytutpolski.pl\/stockholm\/wp-content\/uploads\/sites\/17\/2020\/01\/Jul-konsert-24-300x200.jpg 300w, https:\/\/instytutpolski.pl\/stockholm\/wp-content\/uploads\/sites\/17\/2020\/01\/Jul-konsert-24-768x512.jpg 768w\" sizes=\"auto, (max-width: 1024px) 100vw, 1024px\" \/><\/a><\/figure><\/li><li class=\"blocks-gallery-item\"><figure><a href=\"https:\/\/instytutpolski.pl\/stockholm\/wp-content\/uploads\/sites\/17\/2020\/01\/Jul-konsert-48.jpg\"><img loading=\"lazy\" decoding=\"async\" width=\"1024\" height=\"683\" src=\"https:\/\/instytutpolski.pl\/stockholm\/wp-content\/uploads\/sites\/17\/2020\/01\/Jul-konsert-48.jpg\" alt=\"\" data-id=\"1674\" data-full-url=\"https:\/\/instytutpolski.pl\/stockholm\/wp-content\/uploads\/sites\/17\/2020\/01\/Jul-konsert-48.jpg\" data-link=\"https:\/\/instytutpolski.pl\/stockholm\/?attachment_id=1674\" class=\"wp-image-1674\" srcset=\"https:\/\/instytutpolski.pl\/stockholm\/wp-content\/uploads\/sites\/17\/2020\/01\/Jul-konsert-48.jpg 1024w, https:\/\/instytutpolski.pl\/stockholm\/wp-content\/uploads\/sites\/17\/2020\/01\/Jul-konsert-48-300x200.jpg 300w, https:\/\/instytutpolski.pl\/stockholm\/wp-content\/uploads\/sites\/17\/2020\/01\/Jul-konsert-48-768x512.jpg 768w\" sizes=\"auto, (max-width: 1024px) 100vw, 1024px\" \/><\/a><\/figure><\/li><li class=\"blocks-gallery-item\"><figure><a href=\"https:\/\/instytutpolski.pl\/stockholm\/wp-content\/uploads\/sites\/17\/2020\/01\/Jul-konsert-49.jpg\"><img loading=\"lazy\" decoding=\"async\" width=\"1024\" height=\"683\" src=\"https:\/\/instytutpolski.pl\/stockholm\/wp-content\/uploads\/sites\/17\/2020\/01\/Jul-konsert-49.jpg\" alt=\"\" data-id=\"1675\" data-full-url=\"https:\/\/instytutpolski.pl\/stockholm\/wp-content\/uploads\/sites\/17\/2020\/01\/Jul-konsert-49.jpg\" data-link=\"https:\/\/instytutpolski.pl\/stockholm\/?attachment_id=1675\" class=\"wp-image-1675\" srcset=\"https:\/\/instytutpolski.pl\/stockholm\/wp-content\/uploads\/sites\/17\/2020\/01\/Jul-konsert-49.jpg 1024w, https:\/\/instytutpolski.pl\/stockholm\/wp-content\/uploads\/sites\/17\/2020\/01\/Jul-konsert-49-300x200.jpg 300w, https:\/\/instytutpolski.pl\/stockholm\/wp-content\/uploads\/sites\/17\/2020\/01\/Jul-konsert-49-768x512.jpg 768w\" sizes=\"auto, (max-width: 1024px) 100vw, 1024px\" \/><\/a><\/figure><\/li><li class=\"blocks-gallery-item\"><figure><a href=\"https:\/\/instytutpolski.pl\/stockholm\/wp-content\/uploads\/sites\/17\/2020\/01\/Jul-konsert-81.jpg\"><img loading=\"lazy\" decoding=\"async\" width=\"1024\" height=\"683\" src=\"https:\/\/instytutpolski.pl\/stockholm\/wp-content\/uploads\/sites\/17\/2020\/01\/Jul-konsert-81.jpg\" alt=\"\" data-id=\"1677\" data-full-url=\"https:\/\/instytutpolski.pl\/stockholm\/wp-content\/uploads\/sites\/17\/2020\/01\/Jul-konsert-81.jpg\" data-link=\"https:\/\/instytutpolski.pl\/stockholm\/?attachment_id=1677\" class=\"wp-image-1677\" srcset=\"https:\/\/instytutpolski.pl\/stockholm\/wp-content\/uploads\/sites\/17\/2020\/01\/Jul-konsert-81.jpg 1024w, https:\/\/instytutpolski.pl\/stockholm\/wp-content\/uploads\/sites\/17\/2020\/01\/Jul-konsert-81-300x200.jpg 300w, https:\/\/instytutpolski.pl\/stockholm\/wp-content\/uploads\/sites\/17\/2020\/01\/Jul-konsert-81-768x512.jpg 768w\" sizes=\"auto, (max-width: 1024px) 100vw, 1024px\" \/><\/a><\/figure><\/li><li class=\"blocks-gallery-item\"><figure><a href=\"https:\/\/instytutpolski.pl\/stockholm\/wp-content\/uploads\/sites\/17\/2020\/01\/Jul-konsert-111.jpg\"><img loading=\"lazy\" decoding=\"async\" width=\"1024\" height=\"683\" src=\"https:\/\/instytutpolski.pl\/stockholm\/wp-content\/uploads\/sites\/17\/2020\/01\/Jul-konsert-111.jpg\" alt=\"\" data-id=\"1679\" data-full-url=\"https:\/\/instytutpolski.pl\/stockholm\/wp-content\/uploads\/sites\/17\/2020\/01\/Jul-konsert-111.jpg\" data-link=\"https:\/\/instytutpolski.pl\/stockholm\/?attachment_id=1679\" class=\"wp-image-1679\" srcset=\"https:\/\/instytutpolski.pl\/stockholm\/wp-content\/uploads\/sites\/17\/2020\/01\/Jul-konsert-111.jpg 1024w, https:\/\/instytutpolski.pl\/stockholm\/wp-content\/uploads\/sites\/17\/2020\/01\/Jul-konsert-111-300x200.jpg 300w, https:\/\/instytutpolski.pl\/stockholm\/wp-content\/uploads\/sites\/17\/2020\/01\/Jul-konsert-111-768x512.jpg 768w\" sizes=\"auto, (max-width: 1024px) 100vw, 1024px\" \/><\/a><\/figure><\/li><li class=\"blocks-gallery-item\"><figure><a href=\"https:\/\/instytutpolski.pl\/stockholm\/wp-content\/uploads\/sites\/17\/2020\/01\/Jul-konsert-61.jpg\"><img loading=\"lazy\" decoding=\"async\" width=\"683\" height=\"1024\" src=\"https:\/\/instytutpolski.pl\/stockholm\/wp-content\/uploads\/sites\/17\/2020\/01\/Jul-konsert-61.jpg\" alt=\"\" data-id=\"1676\" data-full-url=\"https:\/\/instytutpolski.pl\/stockholm\/wp-content\/uploads\/sites\/17\/2020\/01\/Jul-konsert-61.jpg\" data-link=\"https:\/\/instytutpolski.pl\/stockholm\/?attachment_id=1676\" class=\"wp-image-1676\" srcset=\"https:\/\/instytutpolski.pl\/stockholm\/wp-content\/uploads\/sites\/17\/2020\/01\/Jul-konsert-61.jpg 683w, https:\/\/instytutpolski.pl\/stockholm\/wp-content\/uploads\/sites\/17\/2020\/01\/Jul-konsert-61-200x300.jpg 200w\" sizes=\"auto, (max-width: 683px) 100vw, 683px\" \/><\/a><\/figure><\/li><li class=\"blocks-gallery-item\"><figure><a href=\"https:\/\/instytutpolski.pl\/stockholm\/wp-content\/uploads\/sites\/17\/2020\/01\/Jul-konsert-91.jpg\"><img loading=\"lazy\" decoding=\"async\" width=\"683\" height=\"1024\" src=\"https:\/\/instytutpolski.pl\/stockholm\/wp-content\/uploads\/sites\/17\/2020\/01\/Jul-konsert-91.jpg\" alt=\"\" data-id=\"1678\" data-full-url=\"https:\/\/instytutpolski.pl\/stockholm\/wp-content\/uploads\/sites\/17\/2020\/01\/Jul-konsert-91.jpg\" data-link=\"https:\/\/instytutpolski.pl\/stockholm\/?attachment_id=1678\" class=\"wp-image-1678\" srcset=\"https:\/\/instytutpolski.pl\/stockholm\/wp-content\/uploads\/sites\/17\/2020\/01\/Jul-konsert-91.jpg 683w, https:\/\/instytutpolski.pl\/stockholm\/wp-content\/uploads\/sites\/17\/2020\/01\/Jul-konsert-91-200x300.jpg 200w\" sizes=\"auto, (max-width: 683px) 100vw, 683px\" \/><\/a><\/figure><\/li><li class=\"blocks-gallery-item\"><figure><a href=\"https:\/\/instytutpolski.pl\/stockholm\/wp-content\/uploads\/sites\/17\/2020\/01\/Jul-konsert-136.jpg\"><img loading=\"lazy\" decoding=\"async\" width=\"683\" height=\"1024\" src=\"https:\/\/instytutpolski.pl\/stockholm\/wp-content\/uploads\/sites\/17\/2020\/01\/Jul-konsert-136.jpg\" alt=\"\" data-id=\"1681\" data-full-url=\"https:\/\/instytutpolski.pl\/stockholm\/wp-content\/uploads\/sites\/17\/2020\/01\/Jul-konsert-136.jpg\" data-link=\"https:\/\/instytutpolski.pl\/stockholm\/?attachment_id=1681\" class=\"wp-image-1681\" srcset=\"https:\/\/instytutpolski.pl\/stockholm\/wp-content\/uploads\/sites\/17\/2020\/01\/Jul-konsert-136.jpg 683w, https:\/\/instytutpolski.pl\/stockholm\/wp-content\/uploads\/sites\/17\/2020\/01\/Jul-konsert-136-200x300.jpg 200w\" sizes=\"auto, (max-width: 683px) 100vw, 683px\" \/><\/a><\/figure><\/li><li class=\"blocks-gallery-item\"><figure><a href=\"https:\/\/instytutpolski.pl\/stockholm\/wp-content\/uploads\/sites\/17\/2020\/01\/Jul-konsert-130.jpg\"><img loading=\"lazy\" decoding=\"async\" width=\"1024\" height=\"683\" src=\"https:\/\/instytutpolski.pl\/stockholm\/wp-content\/uploads\/sites\/17\/2020\/01\/Jul-konsert-130.jpg\" alt=\"\" data-id=\"1680\" data-full-url=\"https:\/\/instytutpolski.pl\/stockholm\/wp-content\/uploads\/sites\/17\/2020\/01\/Jul-konsert-130.jpg\" data-link=\"https:\/\/instytutpolski.pl\/stockholm\/?attachment_id=1680\" class=\"wp-image-1680\" srcset=\"https:\/\/instytutpolski.pl\/stockholm\/wp-content\/uploads\/sites\/17\/2020\/01\/Jul-konsert-130.jpg 1024w, https:\/\/instytutpolski.pl\/stockholm\/wp-content\/uploads\/sites\/17\/2020\/01\/Jul-konsert-130-300x200.jpg 300w, https:\/\/instytutpolski.pl\/stockholm\/wp-content\/uploads\/sites\/17\/2020\/01\/Jul-konsert-130-768x512.jpg 768w\" sizes=\"auto, (max-width: 1024px) 100vw, 1024px\" \/><\/a><\/figure><\/li><li class=\"blocks-gallery-item\"><figure><a href=\"https:\/\/instytutpolski.pl\/stockholm\/wp-content\/uploads\/sites\/17\/2020\/01\/Jul-konsert-138.jpg\"><img loading=\"lazy\" decoding=\"async\" width=\"1024\" height=\"683\" src=\"https:\/\/instytutpolski.pl\/stockholm\/wp-content\/uploads\/sites\/17\/2020\/01\/Jul-konsert-138.jpg\" alt=\"\" data-id=\"1682\" data-full-url=\"https:\/\/instytutpolski.pl\/stockholm\/wp-content\/uploads\/sites\/17\/2020\/01\/Jul-konsert-138.jpg\" data-link=\"https:\/\/instytutpolski.pl\/stockholm\/?attachment_id=1682\" class=\"wp-image-1682\" srcset=\"https:\/\/instytutpolski.pl\/stockholm\/wp-content\/uploads\/sites\/17\/2020\/01\/Jul-konsert-138.jpg 1024w, https:\/\/instytutpolski.pl\/stockholm\/wp-content\/uploads\/sites\/17\/2020\/01\/Jul-konsert-138-300x200.jpg 300w, https:\/\/instytutpolski.pl\/stockholm\/wp-content\/uploads\/sites\/17\/2020\/01\/Jul-konsert-138-768x512.jpg 768w\" sizes=\"auto, (max-width: 1024px) 100vw, 1024px\" \/><\/a><\/figure><\/li><li class=\"blocks-gallery-item\"><figure><a href=\"https:\/\/instytutpolski.pl\/stockholm\/wp-content\/uploads\/sites\/17\/2020\/01\/Jul-konsert-155.jpg\"><img loading=\"lazy\" decoding=\"async\" width=\"1024\" height=\"683\" src=\"https:\/\/instytutpolski.pl\/stockholm\/wp-content\/uploads\/sites\/17\/2020\/01\/Jul-konsert-155.jpg\" alt=\"\" data-id=\"1684\" data-full-url=\"https:\/\/instytutpolski.pl\/stockholm\/wp-content\/uploads\/sites\/17\/2020\/01\/Jul-konsert-155.jpg\" data-link=\"https:\/\/instytutpolski.pl\/stockholm\/?attachment_id=1684\" class=\"wp-image-1684\" srcset=\"https:\/\/instytutpolski.pl\/stockholm\/wp-content\/uploads\/sites\/17\/2020\/01\/Jul-konsert-155.jpg 1024w, https:\/\/instytutpolski.pl\/stockholm\/wp-content\/uploads\/sites\/17\/2020\/01\/Jul-konsert-155-300x200.jpg 300w, https:\/\/instytutpolski.pl\/stockholm\/wp-content\/uploads\/sites\/17\/2020\/01\/Jul-konsert-155-768x512.jpg 768w\" sizes=\"auto, (max-width: 1024px) 100vw, 1024px\" \/><\/a><\/figure><\/li><li class=\"blocks-gallery-item\"><figure><a href=\"https:\/\/instytutpolski.pl\/stockholm\/wp-content\/uploads\/sites\/17\/2020\/01\/Jul-konsert-143.jpg\"><img loading=\"lazy\" decoding=\"async\" width=\"683\" height=\"1024\" src=\"https:\/\/instytutpolski.pl\/stockholm\/wp-content\/uploads\/sites\/17\/2020\/01\/Jul-konsert-143.jpg\" alt=\"\" data-id=\"1683\" data-full-url=\"https:\/\/instytutpolski.pl\/stockholm\/wp-content\/uploads\/sites\/17\/2020\/01\/Jul-konsert-143.jpg\" data-link=\"https:\/\/instytutpolski.pl\/stockholm\/?attachment_id=1683\" class=\"wp-image-1683\" srcset=\"https:\/\/instytutpolski.pl\/stockholm\/wp-content\/uploads\/sites\/17\/2020\/01\/Jul-konsert-143.jpg 683w, https:\/\/instytutpolski.pl\/stockholm\/wp-content\/uploads\/sites\/17\/2020\/01\/Jul-konsert-143-200x300.jpg 200w\" sizes=\"auto, (max-width: 683px) 100vw, 683px\" \/><\/a><\/figure><\/li><\/ul><\/figure>\n","protected":false},"excerpt":{"rendered":"<p>Det polska bidraget var den traditionella s\u00e5ngen Lulaj\u017ce Jezuniu (ungef\u00e4r \u201dVyssan lull lilla Jesusbarn\u201d) framf\u00f6rd av Patrycja Rosiak till ackompanjemantg av R\u00f3\u017ca Zawadzka. Samtidigt upptr\u00e4dde tv\u00e5 ungdomar som visade folkdr\u00e4kter fr\u00e5n Ma\u0142opolskaregionen. De visade ocks\u00e5 upp polska jultraditioner och historien bakom juls\u00e5ngen, som \u00e4r k\u00e4nd sedan mer \u00e4n 300 \u00e5r i Polen, och \u00e4ven s\u00e5ngerskans [&hellip;]<\/p>\n","protected":false},"author":29,"featured_media":1682,"comment_status":"open","ping_status":"open","sticky":false,"template":"","format":"standard","meta":{"inline_featured_image":false,"_monsterinsights_skip_tracking":false,"_monsterinsights_sitenote_active":false,"_monsterinsights_sitenote_note":"","_monsterinsights_sitenote_category":0,"footnotes":""},"categories":[222,210],"tags":[],"class_list":["post-1665","post","type-post","status-publish","format-standard","has-post-thumbnail","hentry","category-aktualnosc-se","category-galeria-se"],"yoast_head":"<!-- This site is optimized with the Yoast SEO plugin v24.6 - https:\/\/yoast.com\/wordpress\/plugins\/seo\/ -->\n<title>Fotoreportage: EU-julkonsert i Stockholm - Instytut Polski w Sztokholmie<\/title>\n<meta name=\"robots\" content=\"index, follow, max-snippet:-1, max-image-preview:large, max-video-preview:-1\" \/>\n<link rel=\"canonical\" href=\"https:\/\/instytutpolski.pl\/stockholm\/2020\/01\/03\/fotoreportage-eu-julkonsert-i-stockholm\/\" \/>\n<meta property=\"og:locale\" content=\"pl_PL\" \/>\n<meta property=\"og:type\" content=\"article\" \/>\n<meta property=\"og:title\" content=\"Fotoreportage: EU-julkonsert i Stockholm - Instytut Polski w Sztokholmie\" \/>\n<meta property=\"og:description\" content=\"Det polska bidraget var den traditionella s\u00e5ngen Lulaj\u017ce Jezuniu (ungef\u00e4r \u201dVyssan lull lilla Jesusbarn\u201d) framf\u00f6rd av Patrycja Rosiak till ackompanjemantg av R\u00f3\u017ca Zawadzka. Samtidigt upptr\u00e4dde tv\u00e5 ungdomar som visade folkdr\u00e4kter fr\u00e5n Ma\u0142opolskaregionen. De visade ocks\u00e5 upp polska jultraditioner och historien bakom juls\u00e5ngen, som \u00e4r k\u00e4nd sedan mer \u00e4n 300 \u00e5r i Polen, och \u00e4ven s\u00e5ngerskans [&hellip;]\" \/>\n<meta property=\"og:url\" content=\"https:\/\/instytutpolski.pl\/stockholm\/2020\/01\/03\/fotoreportage-eu-julkonsert-i-stockholm\/\" \/>\n<meta property=\"og:site_name\" content=\"Instytut Polski w Sztokholmie\" \/>\n<meta property=\"article:published_time\" content=\"2020-01-03T09:21:00+00:00\" \/>\n<meta property=\"article:modified_time\" content=\"2021-07-23T11:03:56+00:00\" \/>\n<meta property=\"og:image\" content=\"https:\/\/instytutpolski.pl\/stockholm\/wp-content\/uploads\/sites\/17\/2020\/01\/Jul-konsert-138.jpg\" \/>\n\t<meta property=\"og:image:width\" content=\"1024\" \/>\n\t<meta property=\"og:image:height\" content=\"683\" \/>\n\t<meta property=\"og:image:type\" content=\"image\/jpeg\" \/>\n<meta name=\"author\" content=\"strozniake\" \/>\n<meta name=\"twitter:card\" content=\"summary_large_image\" \/>\n<meta name=\"twitter:label1\" content=\"Napisane przez\" \/>\n\t<meta name=\"twitter:data1\" content=\"strozniake\" \/>\n\t<meta name=\"twitter:label2\" content=\"Szacowany czas czytania\" \/>\n\t<meta name=\"twitter:data2\" content=\"1 minuta\" \/>\n<script type=\"application\/ld+json\" class=\"yoast-schema-graph\">{\"@context\":\"https:\/\/schema.org\",\"@graph\":[{\"@type\":\"event\",\"@id\":\"https:\/\/instytutpolski.pl\/stockholm\/2020\/01\/03\/fotoreportage-eu-julkonsert-i-stockholm\/\",\"url\":\"https:\/\/instytutpolski.pl\/stockholm\/2020\/01\/03\/fotoreportage-eu-julkonsert-i-stockholm\/\",\"name\":\"Fotoreportage: EU-julkonsert i Stockholm\",\"isPartOf\":{\"@id\":\"https:\/\/instytutpolski.pl\/stockholm\/#website\"},\"primaryImageOfPage\":{\"@id\":\"https:\/\/instytutpolski.pl\/stockholm\/2020\/01\/03\/fotoreportage-eu-julkonsert-i-stockholm\/#primaryimage\"},\"image\":[\"https:\/\/instytutpolski.pl\/stockholm\/wp-content\/uploads\/sites\/17\/2020\/01\/Jul-konsert-138.jpg\",\"https:\/\/instytutpolski.pl\/stockholm\/wp-content\/uploads\/sites\/17\/2020\/01\/Jul-konsert-138-300x200.jpg\",\"https:\/\/instytutpolski.pl\/stockholm\/wp-content\/uploads\/sites\/17\/2020\/01\/Jul-konsert-138.jpg\",\"https:\/\/instytutpolski.pl\/stockholm\/wp-content\/uploads\/sites\/17\/2020\/01\/Jul-konsert-138.jpg\"],\"thumbnailUrl\":\"https:\/\/instytutpolski.pl\/stockholm\/wp-content\/uploads\/sites\/17\/2020\/01\/Jul-konsert-138.jpg\",\"datePublished\":\"2020-01-03T09:21:00+02:00\",\"dateModified\":\"2021-07-23T11:03:56+02:00\",\"author\":{\"@id\":\"https:\/\/instytutpolski.pl\/stockholm\/#\/schema\/person\/062b5a5f61f32b17c98996975db8d556\"},\"breadcrumb\":{\"@id\":\"https:\/\/instytutpolski.pl\/stockholm\/2020\/01\/03\/fotoreportage-eu-julkonsert-i-stockholm\/#breadcrumb\"},\"inLanguage\":\"pl-PL\",\"potentialAction\":[{\"@type\":\"ReadAction\",\"target\":[\"https:\/\/instytutpolski.pl\/stockholm\/2020\/01\/03\/fotoreportage-eu-julkonsert-i-stockholm\/\"]}],\"@context\":\"https:\/\/schema.org\",\"startDate\":\"2019-12-17\",\"endDate\":\"2019-12-17\",\"eventStatus\":\"EventScheduled\",\"eventAttendanceMode\":\"OfflineEventAttendanceMode\",\"location\":{\"@type\":\"place\",\"name\":\"\",\"address\":\"\",\"geo\":{\"@type\":\"GeoCoordinates\",\"latitude\":\"59.30857154167208\",\"longitude\":\"18.11653443078613\"}},\"description\":\"Det polska bidraget var den \\ntraditionella s\u00e5ngen Lulaj\u017ce Jezuniu (ungef\u00e4r \u201dVyssan lull lilla \\nJesusbarn\u201d) framf\u00f6rd av Patrycja Rosiak till ackompanjemantg av R\u00f3\u017ca \\nZawadzka. Samtidigt upptr\u00e4dde tv\u00e5 ungdomar som visade folkdr\u00e4kter fr\u00e5n \\nMa\u0142opolskaregionen. De visade ocks\u00e5 upp polska jultraditioner och \\nhistorien bakom juls\u00e5ngen, som \u00e4r k\u00e4nd sedan mer \u00e4n 300 \u00e5r i Polen, och \\n\u00e4ven s\u00e5ngerskans egen biografi.Efter konserten h\u00f6lls en f\u00e4rgrik \\nmultikulturell julmarknad i Johannessalen med gl\u00f6gg och traditionellt \\njulgodis fr\u00e5n Europas alla h\u00f6rn. I det polska st\u00e5ndet kunde man smaka p\u00e5\\n delikata pepparkakor fr\u00e5n Toru\u0144 och ta reda p\u00e5 mer om vackra turistm\u00e5l i\\n Polen.Denna historiens f\u00f6rsta konsert med juls\u00e5nger fr\u00e5n \\nEuropas alla h\u00f6rn arrangerades av Polska institutet, Polska ambassaden \\noch Polska statens turistbyr\u00e5 i Stockholm tillsammans med tretton andra \\nEU-l\u00e4nder och EU-kommissionens representation i Stockholm. Ett tusental \\nbes\u00f6kare kom till konserten och marknaden, och m\u00e4ngden av positiva \\nkommentarer visar p\u00e5 en otvetydig succ\u00e9. D\u00e4rf\u00f6r planerar vi redan nu f\u00f6r\\n en forts\u00e4ttning n\u00e4sta \u00e5r.Tack till alla som kom!\\nFoton: Pawe\u0142 Kania\"},{\"@type\":\"ImageObject\",\"inLanguage\":\"pl-PL\",\"@id\":\"https:\/\/instytutpolski.pl\/stockholm\/2020\/01\/03\/fotoreportage-eu-julkonsert-i-stockholm\/#primaryimage\",\"url\":\"https:\/\/instytutpolski.pl\/stockholm\/wp-content\/uploads\/sites\/17\/2020\/01\/Jul-konsert-138.jpg\",\"contentUrl\":\"https:\/\/instytutpolski.pl\/stockholm\/wp-content\/uploads\/sites\/17\/2020\/01\/Jul-konsert-138.jpg\",\"width\":1024,\"height\":683},{\"@type\":\"BreadcrumbList\",\"@id\":\"https:\/\/instytutpolski.pl\/stockholm\/2020\/01\/03\/fotoreportage-eu-julkonsert-i-stockholm\/#breadcrumb\",\"itemListElement\":[{\"@type\":\"ListItem\",\"position\":1,\"name\":\"Home\",\"item\":\"https:\/\/instytutpolski.pl\/stockholm\/\"},{\"@type\":\"ListItem\",\"position\":2,\"name\":\"Fotoreportage: EU-julkonsert i Stockholm\"}]},{\"@type\":\"WebSite\",\"@id\":\"https:\/\/instytutpolski.pl\/stockholm\/#website\",\"url\":\"https:\/\/instytutpolski.pl\/stockholm\/\",\"name\":\"Instytut Polski w Sztokholmie\",\"description\":\"Instytuty Polskie\",\"potentialAction\":[{\"@type\":\"SearchAction\",\"target\":{\"@type\":\"EntryPoint\",\"urlTemplate\":\"https:\/\/instytutpolski.pl\/stockholm\/?s={search_term_string}\"},\"query-input\":{\"@type\":\"PropertyValueSpecification\",\"valueRequired\":true,\"valueName\":\"search_term_string\"}}],\"inLanguage\":\"pl-PL\"},{\"@type\":\"Person\",\"@id\":\"https:\/\/instytutpolski.pl\/stockholm\/#\/schema\/person\/062b5a5f61f32b17c98996975db8d556\",\"name\":\"strozniake\",\"image\":{\"@type\":\"ImageObject\",\"inLanguage\":\"pl-PL\",\"@id\":\"https:\/\/instytutpolski.pl\/stockholm\/#\/schema\/person\/image\/\",\"url\":\"https:\/\/secure.gravatar.com\/avatar\/25e0be9897787f9035155a882fde97cc?s=96&d=mm&r=g\",\"contentUrl\":\"https:\/\/secure.gravatar.com\/avatar\/25e0be9897787f9035155a882fde97cc?s=96&d=mm&r=g\",\"caption\":\"strozniake\"},\"sameAs\":[\"http:\/\/strozniake\"],\"url\":\"https:\/\/instytutpolski.pl\/stockholm\/author\/strozniake\/\"}]}<\/script>\n<!-- \/ Yoast SEO plugin. -->","yoast_head_json":{"title":"Fotoreportage: EU-julkonsert i Stockholm - Instytut Polski w Sztokholmie","robots":{"index":"index","follow":"follow","max-snippet":"max-snippet:-1","max-image-preview":"max-image-preview:large","max-video-preview":"max-video-preview:-1"},"canonical":"https:\/\/instytutpolski.pl\/stockholm\/2020\/01\/03\/fotoreportage-eu-julkonsert-i-stockholm\/","og_locale":"pl_PL","og_type":"article","og_title":"Fotoreportage: EU-julkonsert i Stockholm - Instytut Polski w Sztokholmie","og_description":"Det polska bidraget var den traditionella s\u00e5ngen Lulaj\u017ce Jezuniu (ungef\u00e4r \u201dVyssan lull lilla Jesusbarn\u201d) framf\u00f6rd av Patrycja Rosiak till ackompanjemantg av R\u00f3\u017ca Zawadzka. Samtidigt upptr\u00e4dde tv\u00e5 ungdomar som visade folkdr\u00e4kter fr\u00e5n Ma\u0142opolskaregionen. De visade ocks\u00e5 upp polska jultraditioner och historien bakom juls\u00e5ngen, som \u00e4r k\u00e4nd sedan mer \u00e4n 300 \u00e5r i Polen, och \u00e4ven s\u00e5ngerskans [&hellip;]","og_url":"https:\/\/instytutpolski.pl\/stockholm\/2020\/01\/03\/fotoreportage-eu-julkonsert-i-stockholm\/","og_site_name":"Instytut Polski w Sztokholmie","article_published_time":"2020-01-03T09:21:00+00:00","article_modified_time":"2021-07-23T11:03:56+00:00","og_image":[{"width":1024,"height":683,"url":"https:\/\/instytutpolski.pl\/stockholm\/wp-content\/uploads\/sites\/17\/2020\/01\/Jul-konsert-138.jpg","type":"image\/jpeg"}],"author":"strozniake","twitter_card":"summary_large_image","twitter_misc":{"Napisane przez":"strozniake","Szacowany czas czytania":"1 minuta"},"schema":{"@context":"https:\/\/schema.org","@graph":[{"@type":"event","@id":"https:\/\/instytutpolski.pl\/stockholm\/2020\/01\/03\/fotoreportage-eu-julkonsert-i-stockholm\/","url":"https:\/\/instytutpolski.pl\/stockholm\/2020\/01\/03\/fotoreportage-eu-julkonsert-i-stockholm\/","name":"Fotoreportage: EU-julkonsert i Stockholm","isPartOf":{"@id":"https:\/\/instytutpolski.pl\/stockholm\/#website"},"primaryImageOfPage":{"@id":"https:\/\/instytutpolski.pl\/stockholm\/2020\/01\/03\/fotoreportage-eu-julkonsert-i-stockholm\/#primaryimage"},"image":["https:\/\/instytutpolski.pl\/stockholm\/wp-content\/uploads\/sites\/17\/2020\/01\/Jul-konsert-138.jpg","https:\/\/instytutpolski.pl\/stockholm\/wp-content\/uploads\/sites\/17\/2020\/01\/Jul-konsert-138-300x200.jpg","https:\/\/instytutpolski.pl\/stockholm\/wp-content\/uploads\/sites\/17\/2020\/01\/Jul-konsert-138.jpg","https:\/\/instytutpolski.pl\/stockholm\/wp-content\/uploads\/sites\/17\/2020\/01\/Jul-konsert-138.jpg"],"thumbnailUrl":"https:\/\/instytutpolski.pl\/stockholm\/wp-content\/uploads\/sites\/17\/2020\/01\/Jul-konsert-138.jpg","datePublished":"2020-01-03T09:21:00+02:00","dateModified":"2021-07-23T11:03:56+02:00","author":{"@id":"https:\/\/instytutpolski.pl\/stockholm\/#\/schema\/person\/062b5a5f61f32b17c98996975db8d556"},"breadcrumb":{"@id":"https:\/\/instytutpolski.pl\/stockholm\/2020\/01\/03\/fotoreportage-eu-julkonsert-i-stockholm\/#breadcrumb"},"inLanguage":"pl-PL","potentialAction":[{"@type":"ReadAction","target":["https:\/\/instytutpolski.pl\/stockholm\/2020\/01\/03\/fotoreportage-eu-julkonsert-i-stockholm\/"]}],"@context":"https:\/\/schema.org","startDate":"2019-12-17","endDate":"2019-12-17","eventStatus":"EventScheduled","eventAttendanceMode":"OfflineEventAttendanceMode","location":{"@type":"place","name":"","address":"","geo":{"@type":"GeoCoordinates","latitude":"59.30857154167208","longitude":"18.11653443078613"}},"description":"Det polska bidraget var den \ntraditionella s\u00e5ngen Lulaj\u017ce Jezuniu (ungef\u00e4r \u201dVyssan lull lilla \nJesusbarn\u201d) framf\u00f6rd av Patrycja Rosiak till ackompanjemantg av R\u00f3\u017ca \nZawadzka. Samtidigt upptr\u00e4dde tv\u00e5 ungdomar som visade folkdr\u00e4kter fr\u00e5n \nMa\u0142opolskaregionen. De visade ocks\u00e5 upp polska jultraditioner och \nhistorien bakom juls\u00e5ngen, som \u00e4r k\u00e4nd sedan mer \u00e4n 300 \u00e5r i Polen, och \n\u00e4ven s\u00e5ngerskans egen biografi.Efter konserten h\u00f6lls en f\u00e4rgrik \nmultikulturell julmarknad i Johannessalen med gl\u00f6gg och traditionellt \njulgodis fr\u00e5n Europas alla h\u00f6rn. I det polska st\u00e5ndet kunde man smaka p\u00e5\n delikata pepparkakor fr\u00e5n Toru\u0144 och ta reda p\u00e5 mer om vackra turistm\u00e5l i\n Polen.Denna historiens f\u00f6rsta konsert med juls\u00e5nger fr\u00e5n \nEuropas alla h\u00f6rn arrangerades av Polska institutet, Polska ambassaden \noch Polska statens turistbyr\u00e5 i Stockholm tillsammans med tretton andra \nEU-l\u00e4nder och EU-kommissionens representation i Stockholm. Ett tusental \nbes\u00f6kare kom till konserten och marknaden, och m\u00e4ngden av positiva \nkommentarer visar p\u00e5 en otvetydig succ\u00e9. D\u00e4rf\u00f6r planerar vi redan nu f\u00f6r\n en forts\u00e4ttning n\u00e4sta \u00e5r.Tack till alla som kom!\nFoton: Pawe\u0142 Kania"},{"@type":"ImageObject","inLanguage":"pl-PL","@id":"https:\/\/instytutpolski.pl\/stockholm\/2020\/01\/03\/fotoreportage-eu-julkonsert-i-stockholm\/#primaryimage","url":"https:\/\/instytutpolski.pl\/stockholm\/wp-content\/uploads\/sites\/17\/2020\/01\/Jul-konsert-138.jpg","contentUrl":"https:\/\/instytutpolski.pl\/stockholm\/wp-content\/uploads\/sites\/17\/2020\/01\/Jul-konsert-138.jpg","width":1024,"height":683},{"@type":"BreadcrumbList","@id":"https:\/\/instytutpolski.pl\/stockholm\/2020\/01\/03\/fotoreportage-eu-julkonsert-i-stockholm\/#breadcrumb","itemListElement":[{"@type":"ListItem","position":1,"name":"Home","item":"https:\/\/instytutpolski.pl\/stockholm\/"},{"@type":"ListItem","position":2,"name":"Fotoreportage: EU-julkonsert i Stockholm"}]},{"@type":"WebSite","@id":"https:\/\/instytutpolski.pl\/stockholm\/#website","url":"https:\/\/instytutpolski.pl\/stockholm\/","name":"Instytut Polski w Sztokholmie","description":"Instytuty Polskie","potentialAction":[{"@type":"SearchAction","target":{"@type":"EntryPoint","urlTemplate":"https:\/\/instytutpolski.pl\/stockholm\/?s={search_term_string}"},"query-input":{"@type":"PropertyValueSpecification","valueRequired":true,"valueName":"search_term_string"}}],"inLanguage":"pl-PL"},{"@type":"Person","@id":"https:\/\/instytutpolski.pl\/stockholm\/#\/schema\/person\/062b5a5f61f32b17c98996975db8d556","name":"strozniake","image":{"@type":"ImageObject","inLanguage":"pl-PL","@id":"https:\/\/instytutpolski.pl\/stockholm\/#\/schema\/person\/image\/","url":"https:\/\/secure.gravatar.com\/avatar\/25e0be9897787f9035155a882fde97cc?s=96&d=mm&r=g","contentUrl":"https:\/\/secure.gravatar.com\/avatar\/25e0be9897787f9035155a882fde97cc?s=96&d=mm&r=g","caption":"strozniake"},"sameAs":["http:\/\/strozniake"],"url":"https:\/\/instytutpolski.pl\/stockholm\/author\/strozniake\/"}]}},"_links":{"self":[{"href":"https:\/\/instytutpolski.pl\/stockholm\/wp-json\/wp\/v2\/posts\/1665","targetHints":{"allow":["GET"]}}],"collection":[{"href":"https:\/\/instytutpolski.pl\/stockholm\/wp-json\/wp\/v2\/posts"}],"about":[{"href":"https:\/\/instytutpolski.pl\/stockholm\/wp-json\/wp\/v2\/types\/post"}],"author":[{"embeddable":true,"href":"https:\/\/instytutpolski.pl\/stockholm\/wp-json\/wp\/v2\/users\/29"}],"replies":[{"embeddable":true,"href":"https:\/\/instytutpolski.pl\/stockholm\/wp-json\/wp\/v2\/comments?post=1665"}],"version-history":[{"count":5,"href":"https:\/\/instytutpolski.pl\/stockholm\/wp-json\/wp\/v2\/posts\/1665\/revisions"}],"predecessor-version":[{"id":5991,"href":"https:\/\/instytutpolski.pl\/stockholm\/wp-json\/wp\/v2\/posts\/1665\/revisions\/5991"}],"wp:featuredmedia":[{"embeddable":true,"href":"https:\/\/instytutpolski.pl\/stockholm\/wp-json\/wp\/v2\/media\/1682"}],"wp:attachment":[{"href":"https:\/\/instytutpolski.pl\/stockholm\/wp-json\/wp\/v2\/media?parent=1665"}],"wp:term":[{"taxonomy":"category","embeddable":true,"href":"https:\/\/instytutpolski.pl\/stockholm\/wp-json\/wp\/v2\/categories?post=1665"},{"taxonomy":"post_tag","embeddable":true,"href":"https:\/\/instytutpolski.pl\/stockholm\/wp-json\/wp\/v2\/tags?post=1665"}],"curies":[{"name":"wp","href":"https:\/\/api.w.org\/{rel}","templated":true}]}}