{"id":1755,"date":"2020-05-25T14:47:54","date_gmt":"2020-05-25T12:47:54","guid":{"rendered":"https:\/\/instytutpolski.pl\/stockholm\/?p=1755"},"modified":"2020-10-15T10:11:45","modified_gmt":"2020-10-15T08:11:45","slug":"relacja-wystawa-europa-humanistow-w-sztokholmie-oraz-pokaz-filmowy-voyage-au-but-dune-identite-filipa-markiewicza","status":"publish","type":"post","link":"https:\/\/instytutpolski.pl\/stockholm\/pl\/2020\/05\/25\/relacja-wystawa-europa-humanistow-w-sztokholmie-oraz-pokaz-filmowy-voyage-au-but-dune-identite-filipa-markiewicza\/","title":{"rendered":"Relacja: Wystawa Europa Humanist\u00f3w w Sztokholmie oraz pokaz filmowy \u2018Voyage au but d\u2019une identit\u00e9\u2019 Filipa Markiewicza"},"content":{"rendered":"\n<p>Wernisa\u017c rozpocz\u0105\u0142 si\u0119 od przem\u00f3wie\u0144: Daphne Springhorn &#8211; przedstawicielki Goethe-Institut Schweden oraz dyrektor Instytutu W\u0142oskiego &#8211; Maria Sica, kt\u00f3re przedstawi\u0142y genez\u0119 i cel projektu. Nast\u0119pnie odby\u0142 si\u0119 pokaz dw\u00f3ch film\u00f3w kr\u00f3tkometra\u017cowych: &#8211; &#8222;Voyage au bout d\u2019une identit\u00e9&#8221; (2015) w re\u017cyserii Filipa Markiewicza i Charlesa Hellera oraz &#8222;Liquid Traces &#8211; The Left-to-Die Boat Case&#8221; (2014) w re\u017cyserii Lorenzo Pezzaniego poprzedzony wyk\u0142adem latynistki, Eleny Dahlberg.<\/p>\n\n\n\n<p>Wystawa &#8222;Europa Humanist\u00f3w&#8221; by\u0142a wcze\u015bniej pokazywana w maju 2019 roku w Europahuset w Sztokholmie, gdzie cieszy\u0142a si\u0119 du\u017c\u0105 popularno\u015bci\u0105. By\u0142o to jedno z wydarze\u0144 podczas obchod\u00f3w Dnia Europy. Aby podkre\u015bli\u0107 istotny wk\u0142ad humanist\u00f3w w tworzenie europejskiego dziedzictwa kulturowego, jak r\u00f3wnie\u017c ich rol\u0119 jako prekursor\u00f3w nowoczesnej Europy, EUNIC Sweden, sie\u0107 zrzeszaj\u0105ca instytuty kultury pa\u0144stw cz\u0142onkowskich Unii Europejskiej w Szwecji, przygotowa\u0142a projekt pod tytu\u0142em \u201eEuropa humanist\u00f3w\u201d. Wystawa skupia si\u0119 na aktualnych tematach migracji, tolerancji, r\u00f3wno\u015bci oraz wsp\u00f3\u0142pracy europejskiej. Ka\u017cde z zaanga\u017cowanych pa\u0144stw zaprezentowa\u0142o dw\u00f3ch wielkich humanist\u00f3w, pochodz\u0105cych z reprezentowanego przez dany instytut kraju. W ramach polskiej cz\u0119\u015bci wystawy zostali przedstawieni: pisarz polityczny okresu renesansu &#8211; Andrzej Frycz Modrzewski oraz pisarz polityczny i m\u00f3wca \u2013 biskup Wawrzyniec Go\u015blicki.<\/p>\n\n\n\n<p>Wystawa jest cz\u0119\u015bci\u0105 serii wydarze\u0144 organizowanych w ramach projektu \u201eReloaded! European Values\u201d we wsp\u00f3\u0142pracy z EUNIC-Stockholm (European Union National Institutes for Culture) oraz reprezentacj\u0105 Komisji Europejskiej w Szwecji.<\/p>\n\n\n\n<figure class=\"wp-block-gallery columns-3 is-cropped wp-block-gallery-1 is-layout-flex wp-block-gallery-is-layout-flex\"><ul class=\"blocks-gallery-grid\"><li class=\"blocks-gallery-item\"><figure><img decoding=\"async\" src=\"https:\/\/instytutpolski.pl\/stockholm\/wp-content\/uploads\/sites\/17\/2020\/05\/fil_5e2ade519f4a0-1.jpg\" alt=\"\" data-id=\"1756\" data-full-url=\"https:\/\/instytutpolski.pl\/stockholm\/wp-content\/uploads\/sites\/17\/2020\/05\/fil_5e2ade519f4a0-1.jpg\" data-link=\"https:\/\/instytutpolski.pl\/stockholm\/?attachment_id=1756\" class=\"wp-image-1756\" \/><\/figure><\/li><li class=\"blocks-gallery-item\"><figure><img decoding=\"async\" src=\"https:\/\/instytutpolski.pl\/stockholm\/wp-content\/uploads\/sites\/17\/2020\/05\/fil_5e2ade5091985-1-1024x736.jpg\" alt=\"\" data-id=\"1757\" data-full-url=\"https:\/\/instytutpolski.pl\/stockholm\/wp-content\/uploads\/sites\/17\/2020\/05\/fil_5e2ade5091985-1.jpg\" data-link=\"https:\/\/instytutpolski.pl\/stockholm\/?attachment_id=1757\" class=\"wp-image-1757\" \/><\/figure><\/li><li class=\"blocks-gallery-item\"><figure><img decoding=\"async\" src=\"https:\/\/instytutpolski.pl\/stockholm\/wp-content\/uploads\/sites\/17\/2020\/05\/fil_5e2ade511ada1-1-1024x768.jpg\" alt=\"\" data-id=\"1758\" data-full-url=\"https:\/\/instytutpolski.pl\/stockholm\/wp-content\/uploads\/sites\/17\/2020\/05\/fil_5e2ade511ada1-1.jpg\" data-link=\"https:\/\/instytutpolski.pl\/stockholm\/?attachment_id=1758\" class=\"wp-image-1758\" \/><\/figure><\/li><\/ul><\/figure>\n","protected":false},"excerpt":{"rendered":"<p>Wernisa\u017c rozpocz\u0105\u0142 si\u0119 od przem\u00f3wie\u0144: Daphne Springhorn &#8211; przedstawicielki Goethe-Institut Schweden oraz dyrektor Instytutu W\u0142oskiego &#8211; Maria Sica, kt\u00f3re przedstawi\u0142y genez\u0119 i cel projektu. Nast\u0119pnie odby\u0142 si\u0119 pokaz dw\u00f3ch film\u00f3w kr\u00f3tkometra\u017cowych: &#8211; &#8222;Voyage au bout d\u2019une identit\u00e9&#8221; (2015) w re\u017cyserii Filipa Markiewicza i Charlesa Hellera oraz &#8222;Liquid Traces &#8211; The Left-to-Die Boat Case&#8221; (2014) w [&hellip;]<\/p>\n","protected":false},"author":29,"featured_media":1748,"comment_status":"open","ping_status":"open","sticky":false,"template":"","format":"standard","meta":{"inline_featured_image":false,"_monsterinsights_skip_tracking":false,"_monsterinsights_sitenote_active":false,"_monsterinsights_sitenote_note":"","_monsterinsights_sitenote_category":0,"footnotes":""},"categories":[224],"tags":[],"class_list":["post-1755","post","type-post","status-publish","format-standard","has-post-thumbnail","hentry","category-aktualnosc-pl"],"yoast_head":"<!-- This site is optimized with the Yoast SEO plugin v24.6 - https:\/\/yoast.com\/wordpress\/plugins\/seo\/ -->\n<title>Relacja: Wystawa Europa Humanist\u00f3w w Sztokholmie oraz pokaz filmowy \u2018Voyage au but d\u2019une identit\u00e9\u2019 Filipa Markiewicza - Instytut Polski w Sztokholmie<\/title>\n<meta name=\"robots\" content=\"index, follow, max-snippet:-1, max-image-preview:large, max-video-preview:-1\" \/>\n<link rel=\"canonical\" href=\"https:\/\/instytutpolski.pl\/stockholm\/pl\/2020\/05\/25\/relacja-wystawa-europa-humanistow-w-sztokholmie-oraz-pokaz-filmowy-voyage-au-but-dune-identite-filipa-markiewicza\/\" \/>\n<meta property=\"og:locale\" content=\"pl_PL\" \/>\n<meta property=\"og:type\" content=\"article\" \/>\n<meta property=\"og:title\" content=\"Relacja: Wystawa Europa Humanist\u00f3w w Sztokholmie oraz pokaz filmowy \u2018Voyage au but d\u2019une identit\u00e9\u2019 Filipa Markiewicza - Instytut Polski w Sztokholmie\" \/>\n<meta property=\"og:description\" content=\"Wernisa\u017c rozpocz\u0105\u0142 si\u0119 od przem\u00f3wie\u0144: Daphne Springhorn &#8211; przedstawicielki Goethe-Institut Schweden oraz dyrektor Instytutu W\u0142oskiego &#8211; Maria Sica, kt\u00f3re przedstawi\u0142y genez\u0119 i cel projektu. Nast\u0119pnie odby\u0142 si\u0119 pokaz dw\u00f3ch film\u00f3w kr\u00f3tkometra\u017cowych: &#8211; &#8222;Voyage au bout d\u2019une identit\u00e9&#8221; (2015) w re\u017cyserii Filipa Markiewicza i Charlesa Hellera oraz &#8222;Liquid Traces &#8211; The Left-to-Die Boat Case&#8221; (2014) w [&hellip;]\" \/>\n<meta property=\"og:url\" content=\"https:\/\/instytutpolski.pl\/stockholm\/pl\/2020\/05\/25\/relacja-wystawa-europa-humanistow-w-sztokholmie-oraz-pokaz-filmowy-voyage-au-but-dune-identite-filipa-markiewicza\/\" \/>\n<meta property=\"og:site_name\" content=\"Instytut Polski w Sztokholmie\" \/>\n<meta property=\"article:published_time\" content=\"2020-05-25T12:47:54+00:00\" \/>\n<meta property=\"article:modified_time\" content=\"2020-10-15T08:11:45+00:00\" \/>\n<meta property=\"og:image\" content=\"https:\/\/instytutpolski.pl\/stockholm\/wp-content\/uploads\/sites\/17\/2020\/05\/Humanisternas-Europa_2020-scaled.jpg\" \/>\n\t<meta property=\"og:image:width\" content=\"2560\" \/>\n\t<meta property=\"og:image:height\" content=\"1617\" \/>\n\t<meta property=\"og:image:type\" content=\"image\/jpeg\" \/>\n<meta name=\"author\" content=\"strozniake\" \/>\n<meta name=\"twitter:card\" content=\"summary_large_image\" \/>\n<meta name=\"twitter:label1\" content=\"Napisane przez\" \/>\n\t<meta name=\"twitter:data1\" content=\"strozniake\" \/>\n\t<meta name=\"twitter:label2\" content=\"Szacowany czas czytania\" \/>\n\t<meta name=\"twitter:data2\" content=\"1 minuta\" \/>\n<script type=\"application\/ld+json\" class=\"yoast-schema-graph\">{\"@context\":\"https:\/\/schema.org\",\"@graph\":[{\"@type\":\"event\",\"@id\":\"https:\/\/instytutpolski.pl\/stockholm\/pl\/2020\/05\/25\/relacja-wystawa-europa-humanistow-w-sztokholmie-oraz-pokaz-filmowy-voyage-au-but-dune-identite-filipa-markiewicza\/\",\"url\":\"https:\/\/instytutpolski.pl\/stockholm\/pl\/2020\/05\/25\/relacja-wystawa-europa-humanistow-w-sztokholmie-oraz-pokaz-filmowy-voyage-au-but-dune-identite-filipa-markiewicza\/\",\"name\":\"Relacja: Wystawa Europa Humanist\u00f3w w Sztokholmie oraz pokaz filmowy \u2018Voyage au but d\u2019une identit\u00e9\u2019 Filipa Markiewicza\",\"isPartOf\":{\"@id\":\"https:\/\/instytutpolski.pl\/stockholm\/#website\"},\"primaryImageOfPage\":{\"@id\":\"https:\/\/instytutpolski.pl\/stockholm\/pl\/2020\/05\/25\/relacja-wystawa-europa-humanistow-w-sztokholmie-oraz-pokaz-filmowy-voyage-au-but-dune-identite-filipa-markiewicza\/#primaryimage\"},\"image\":[\"https:\/\/instytutpolski.pl\/stockholm\/wp-content\/uploads\/sites\/17\/2020\/05\/Humanisternas-Europa_2020-scaled.jpg\",\"https:\/\/instytutpolski.pl\/stockholm\/wp-content\/uploads\/sites\/17\/2020\/05\/Humanisternas-Europa_2020-300x190.jpg\",\"https:\/\/instytutpolski.pl\/stockholm\/wp-content\/uploads\/sites\/17\/2020\/05\/Humanisternas-Europa_2020-1024x647.jpg\",\"https:\/\/instytutpolski.pl\/stockholm\/wp-content\/uploads\/sites\/17\/2020\/05\/Humanisternas-Europa_2020-scaled.jpg\"],\"thumbnailUrl\":\"https:\/\/instytutpolski.pl\/stockholm\/wp-content\/uploads\/sites\/17\/2020\/05\/Humanisternas-Europa_2020-scaled.jpg\",\"datePublished\":\"2020-05-25T12:47:54+02:00\",\"dateModified\":\"2020-10-15T08:11:45+02:00\",\"author\":{\"@id\":\"https:\/\/instytutpolski.pl\/stockholm\/#\/schema\/person\/062b5a5f61f32b17c98996975db8d556\"},\"breadcrumb\":{\"@id\":\"https:\/\/instytutpolski.pl\/stockholm\/pl\/2020\/05\/25\/relacja-wystawa-europa-humanistow-w-sztokholmie-oraz-pokaz-filmowy-voyage-au-but-dune-identite-filipa-markiewicza\/#breadcrumb\"},\"inLanguage\":\"pl-PL\",\"potentialAction\":[{\"@type\":\"ReadAction\",\"target\":[\"https:\/\/instytutpolski.pl\/stockholm\/pl\/2020\/05\/25\/relacja-wystawa-europa-humanistow-w-sztokholmie-oraz-pokaz-filmowy-voyage-au-but-dune-identite-filipa-markiewicza\/\"]}],\"@context\":\"https:\/\/schema.org\",\"startDate\":\"2020-01-20\",\"endDate\":\"2020-01-20\",\"eventStatus\":\"EventScheduled\",\"eventAttendanceMode\":\"OfflineEventAttendanceMode\",\"location\":{\"@type\":\"place\",\"name\":\"\",\"address\":\"\",\"geo\":{\"@type\":\"GeoCoordinates\",\"latitude\":\"\",\"longitude\":\"\"}},\"description\":\"Wernisa\u017c rozpocz\u0105\u0142 si\u0119 od przem\u00f3wie\u0144: Daphne Springhorn - przedstawicielki Goethe-Institut Schweden oraz dyrektor Instytutu W\u0142oskiego - Maria Sica, kt\u00f3re przedstawi\u0142y genez\u0119 i cel projektu. Nast\u0119pnie odby\u0142 si\u0119 pokaz dw\u00f3ch film\u00f3w kr\u00f3tkometra\u017cowych: - \\\"Voyage au bout d\u2019une identit\u00e9\\\" (2015) w re\u017cyserii Filipa Markiewicza i Charlesa Hellera oraz \\\"Liquid Traces - The Left-to-Die Boat Case\\\" (2014) w re\u017cyserii Lorenzo Pezzaniego poprzedzony wyk\u0142adem latynistki, Eleny Dahlberg.\\nWystawa \\\"Europa Humanist\u00f3w\\\" by\u0142a wcze\u015bniej pokazywana w maju 2019 roku w Europahuset w Sztokholmie, gdzie cieszy\u0142a si\u0119 du\u017c\u0105 popularno\u015bci\u0105. By\u0142o to jedno z wydarze\u0144 podczas obchod\u00f3w Dnia Europy. Aby podkre\u015bli\u0107 istotny wk\u0142ad humanist\u00f3w w tworzenie europejskiego dziedzictwa kulturowego, jak r\u00f3wnie\u017c ich rol\u0119 jako prekursor\u00f3w nowoczesnej Europy, EUNIC Sweden, sie\u0107 zrzeszaj\u0105ca instytuty kultury pa\u0144stw cz\u0142onkowskich Unii Europejskiej w Szwecji, przygotowa\u0142a projekt pod tytu\u0142em \u201eEuropa humanist\u00f3w\u201d. Wystawa skupia si\u0119 na aktualnych tematach migracji, tolerancji, r\u00f3wno\u015bci oraz wsp\u00f3\u0142pracy europejskiej. Ka\u017cde z zaanga\u017cowanych pa\u0144stw zaprezentowa\u0142o dw\u00f3ch wielkich humanist\u00f3w, pochodz\u0105cych z reprezentowanego przez dany instytut kraju. W ramach polskiej cz\u0119\u015bci wystawy zostali przedstawieni: pisarz polityczny okresu renesansu - Andrzej Frycz Modrzewski oraz pisarz polityczny i m\u00f3wca \u2013 biskup Wawrzyniec Go\u015blicki.\\nWystawa jest cz\u0119\u015bci\u0105 serii wydarze\u0144 organizowanych w ramach projektu \u201eReloaded! European Values\u201d we wsp\u00f3\u0142pracy z EUNIC-Stockholm (European Union National Institutes for Culture) oraz reprezentacj\u0105 Komisji Europejskiej w Szwecji.\"},{\"@type\":\"ImageObject\",\"inLanguage\":\"pl-PL\",\"@id\":\"https:\/\/instytutpolski.pl\/stockholm\/pl\/2020\/05\/25\/relacja-wystawa-europa-humanistow-w-sztokholmie-oraz-pokaz-filmowy-voyage-au-but-dune-identite-filipa-markiewicza\/#primaryimage\",\"url\":\"https:\/\/instytutpolski.pl\/stockholm\/wp-content\/uploads\/sites\/17\/2020\/05\/Humanisternas-Europa_2020-scaled.jpg\",\"contentUrl\":\"https:\/\/instytutpolski.pl\/stockholm\/wp-content\/uploads\/sites\/17\/2020\/05\/Humanisternas-Europa_2020-scaled.jpg\",\"width\":2560,\"height\":1617},{\"@type\":\"BreadcrumbList\",\"@id\":\"https:\/\/instytutpolski.pl\/stockholm\/pl\/2020\/05\/25\/relacja-wystawa-europa-humanistow-w-sztokholmie-oraz-pokaz-filmowy-voyage-au-but-dune-identite-filipa-markiewicza\/#breadcrumb\",\"itemListElement\":[{\"@type\":\"ListItem\",\"position\":1,\"name\":\"Home\",\"item\":\"https:\/\/instytutpolski.pl\/stockholm\/\"},{\"@type\":\"ListItem\",\"position\":2,\"name\":\"Relacja: Wystawa Europa Humanist\u00f3w w Sztokholmie oraz pokaz filmowy \u2018Voyage au but d\u2019une identit\u00e9\u2019 Filipa Markiewicza\"}]},{\"@type\":\"WebSite\",\"@id\":\"https:\/\/instytutpolski.pl\/stockholm\/#website\",\"url\":\"https:\/\/instytutpolski.pl\/stockholm\/\",\"name\":\"Instytut Polski w Sztokholmie\",\"description\":\"Instytuty Polskie\",\"potentialAction\":[{\"@type\":\"SearchAction\",\"target\":{\"@type\":\"EntryPoint\",\"urlTemplate\":\"https:\/\/instytutpolski.pl\/stockholm\/?s={search_term_string}\"},\"query-input\":{\"@type\":\"PropertyValueSpecification\",\"valueRequired\":true,\"valueName\":\"search_term_string\"}}],\"inLanguage\":\"pl-PL\"},{\"@type\":\"Person\",\"@id\":\"https:\/\/instytutpolski.pl\/stockholm\/#\/schema\/person\/062b5a5f61f32b17c98996975db8d556\",\"name\":\"strozniake\",\"image\":{\"@type\":\"ImageObject\",\"inLanguage\":\"pl-PL\",\"@id\":\"https:\/\/instytutpolski.pl\/stockholm\/#\/schema\/person\/image\/\",\"url\":\"https:\/\/secure.gravatar.com\/avatar\/25e0be9897787f9035155a882fde97cc?s=96&d=mm&r=g\",\"contentUrl\":\"https:\/\/secure.gravatar.com\/avatar\/25e0be9897787f9035155a882fde97cc?s=96&d=mm&r=g\",\"caption\":\"strozniake\"},\"sameAs\":[\"http:\/\/strozniake\"],\"url\":\"https:\/\/instytutpolski.pl\/stockholm\/author\/strozniake\/\"}]}<\/script>\n<!-- \/ Yoast SEO plugin. -->","yoast_head_json":{"title":"Relacja: Wystawa Europa Humanist\u00f3w w Sztokholmie oraz pokaz filmowy \u2018Voyage au but d\u2019une identit\u00e9\u2019 Filipa Markiewicza - Instytut Polski w Sztokholmie","robots":{"index":"index","follow":"follow","max-snippet":"max-snippet:-1","max-image-preview":"max-image-preview:large","max-video-preview":"max-video-preview:-1"},"canonical":"https:\/\/instytutpolski.pl\/stockholm\/pl\/2020\/05\/25\/relacja-wystawa-europa-humanistow-w-sztokholmie-oraz-pokaz-filmowy-voyage-au-but-dune-identite-filipa-markiewicza\/","og_locale":"pl_PL","og_type":"article","og_title":"Relacja: Wystawa Europa Humanist\u00f3w w Sztokholmie oraz pokaz filmowy \u2018Voyage au but d\u2019une identit\u00e9\u2019 Filipa Markiewicza - Instytut Polski w Sztokholmie","og_description":"Wernisa\u017c rozpocz\u0105\u0142 si\u0119 od przem\u00f3wie\u0144: Daphne Springhorn &#8211; przedstawicielki Goethe-Institut Schweden oraz dyrektor Instytutu W\u0142oskiego &#8211; Maria Sica, kt\u00f3re przedstawi\u0142y genez\u0119 i cel projektu. Nast\u0119pnie odby\u0142 si\u0119 pokaz dw\u00f3ch film\u00f3w kr\u00f3tkometra\u017cowych: &#8211; &#8222;Voyage au bout d\u2019une identit\u00e9&#8221; (2015) w re\u017cyserii Filipa Markiewicza i Charlesa Hellera oraz &#8222;Liquid Traces &#8211; The Left-to-Die Boat Case&#8221; (2014) w [&hellip;]","og_url":"https:\/\/instytutpolski.pl\/stockholm\/pl\/2020\/05\/25\/relacja-wystawa-europa-humanistow-w-sztokholmie-oraz-pokaz-filmowy-voyage-au-but-dune-identite-filipa-markiewicza\/","og_site_name":"Instytut Polski w Sztokholmie","article_published_time":"2020-05-25T12:47:54+00:00","article_modified_time":"2020-10-15T08:11:45+00:00","og_image":[{"width":2560,"height":1617,"url":"https:\/\/instytutpolski.pl\/stockholm\/wp-content\/uploads\/sites\/17\/2020\/05\/Humanisternas-Europa_2020-scaled.jpg","type":"image\/jpeg"}],"author":"strozniake","twitter_card":"summary_large_image","twitter_misc":{"Napisane przez":"strozniake","Szacowany czas czytania":"1 minuta"},"schema":{"@context":"https:\/\/schema.org","@graph":[{"@type":"event","@id":"https:\/\/instytutpolski.pl\/stockholm\/pl\/2020\/05\/25\/relacja-wystawa-europa-humanistow-w-sztokholmie-oraz-pokaz-filmowy-voyage-au-but-dune-identite-filipa-markiewicza\/","url":"https:\/\/instytutpolski.pl\/stockholm\/pl\/2020\/05\/25\/relacja-wystawa-europa-humanistow-w-sztokholmie-oraz-pokaz-filmowy-voyage-au-but-dune-identite-filipa-markiewicza\/","name":"Relacja: Wystawa Europa Humanist\u00f3w w Sztokholmie oraz pokaz filmowy \u2018Voyage au but d\u2019une identit\u00e9\u2019 Filipa Markiewicza","isPartOf":{"@id":"https:\/\/instytutpolski.pl\/stockholm\/#website"},"primaryImageOfPage":{"@id":"https:\/\/instytutpolski.pl\/stockholm\/pl\/2020\/05\/25\/relacja-wystawa-europa-humanistow-w-sztokholmie-oraz-pokaz-filmowy-voyage-au-but-dune-identite-filipa-markiewicza\/#primaryimage"},"image":["https:\/\/instytutpolski.pl\/stockholm\/wp-content\/uploads\/sites\/17\/2020\/05\/Humanisternas-Europa_2020-scaled.jpg","https:\/\/instytutpolski.pl\/stockholm\/wp-content\/uploads\/sites\/17\/2020\/05\/Humanisternas-Europa_2020-300x190.jpg","https:\/\/instytutpolski.pl\/stockholm\/wp-content\/uploads\/sites\/17\/2020\/05\/Humanisternas-Europa_2020-1024x647.jpg","https:\/\/instytutpolski.pl\/stockholm\/wp-content\/uploads\/sites\/17\/2020\/05\/Humanisternas-Europa_2020-scaled.jpg"],"thumbnailUrl":"https:\/\/instytutpolski.pl\/stockholm\/wp-content\/uploads\/sites\/17\/2020\/05\/Humanisternas-Europa_2020-scaled.jpg","datePublished":"2020-05-25T12:47:54+02:00","dateModified":"2020-10-15T08:11:45+02:00","author":{"@id":"https:\/\/instytutpolski.pl\/stockholm\/#\/schema\/person\/062b5a5f61f32b17c98996975db8d556"},"breadcrumb":{"@id":"https:\/\/instytutpolski.pl\/stockholm\/pl\/2020\/05\/25\/relacja-wystawa-europa-humanistow-w-sztokholmie-oraz-pokaz-filmowy-voyage-au-but-dune-identite-filipa-markiewicza\/#breadcrumb"},"inLanguage":"pl-PL","potentialAction":[{"@type":"ReadAction","target":["https:\/\/instytutpolski.pl\/stockholm\/pl\/2020\/05\/25\/relacja-wystawa-europa-humanistow-w-sztokholmie-oraz-pokaz-filmowy-voyage-au-but-dune-identite-filipa-markiewicza\/"]}],"@context":"https:\/\/schema.org","startDate":"2020-01-20","endDate":"2020-01-20","eventStatus":"EventScheduled","eventAttendanceMode":"OfflineEventAttendanceMode","location":{"@type":"place","name":"","address":"","geo":{"@type":"GeoCoordinates","latitude":"","longitude":""}},"description":"Wernisa\u017c rozpocz\u0105\u0142 si\u0119 od przem\u00f3wie\u0144: Daphne Springhorn - przedstawicielki Goethe-Institut Schweden oraz dyrektor Instytutu W\u0142oskiego - Maria Sica, kt\u00f3re przedstawi\u0142y genez\u0119 i cel projektu. Nast\u0119pnie odby\u0142 si\u0119 pokaz dw\u00f3ch film\u00f3w kr\u00f3tkometra\u017cowych: - \"Voyage au bout d\u2019une identit\u00e9\" (2015) w re\u017cyserii Filipa Markiewicza i Charlesa Hellera oraz \"Liquid Traces - The Left-to-Die Boat Case\" (2014) w re\u017cyserii Lorenzo Pezzaniego poprzedzony wyk\u0142adem latynistki, Eleny Dahlberg.\nWystawa \"Europa Humanist\u00f3w\" by\u0142a wcze\u015bniej pokazywana w maju 2019 roku w Europahuset w Sztokholmie, gdzie cieszy\u0142a si\u0119 du\u017c\u0105 popularno\u015bci\u0105. By\u0142o to jedno z wydarze\u0144 podczas obchod\u00f3w Dnia Europy. Aby podkre\u015bli\u0107 istotny wk\u0142ad humanist\u00f3w w tworzenie europejskiego dziedzictwa kulturowego, jak r\u00f3wnie\u017c ich rol\u0119 jako prekursor\u00f3w nowoczesnej Europy, EUNIC Sweden, sie\u0107 zrzeszaj\u0105ca instytuty kultury pa\u0144stw cz\u0142onkowskich Unii Europejskiej w Szwecji, przygotowa\u0142a projekt pod tytu\u0142em \u201eEuropa humanist\u00f3w\u201d. Wystawa skupia si\u0119 na aktualnych tematach migracji, tolerancji, r\u00f3wno\u015bci oraz wsp\u00f3\u0142pracy europejskiej. Ka\u017cde z zaanga\u017cowanych pa\u0144stw zaprezentowa\u0142o dw\u00f3ch wielkich humanist\u00f3w, pochodz\u0105cych z reprezentowanego przez dany instytut kraju. W ramach polskiej cz\u0119\u015bci wystawy zostali przedstawieni: pisarz polityczny okresu renesansu - Andrzej Frycz Modrzewski oraz pisarz polityczny i m\u00f3wca \u2013 biskup Wawrzyniec Go\u015blicki.\nWystawa jest cz\u0119\u015bci\u0105 serii wydarze\u0144 organizowanych w ramach projektu \u201eReloaded! European Values\u201d we wsp\u00f3\u0142pracy z EUNIC-Stockholm (European Union National Institutes for Culture) oraz reprezentacj\u0105 Komisji Europejskiej w Szwecji."},{"@type":"ImageObject","inLanguage":"pl-PL","@id":"https:\/\/instytutpolski.pl\/stockholm\/pl\/2020\/05\/25\/relacja-wystawa-europa-humanistow-w-sztokholmie-oraz-pokaz-filmowy-voyage-au-but-dune-identite-filipa-markiewicza\/#primaryimage","url":"https:\/\/instytutpolski.pl\/stockholm\/wp-content\/uploads\/sites\/17\/2020\/05\/Humanisternas-Europa_2020-scaled.jpg","contentUrl":"https:\/\/instytutpolski.pl\/stockholm\/wp-content\/uploads\/sites\/17\/2020\/05\/Humanisternas-Europa_2020-scaled.jpg","width":2560,"height":1617},{"@type":"BreadcrumbList","@id":"https:\/\/instytutpolski.pl\/stockholm\/pl\/2020\/05\/25\/relacja-wystawa-europa-humanistow-w-sztokholmie-oraz-pokaz-filmowy-voyage-au-but-dune-identite-filipa-markiewicza\/#breadcrumb","itemListElement":[{"@type":"ListItem","position":1,"name":"Home","item":"https:\/\/instytutpolski.pl\/stockholm\/"},{"@type":"ListItem","position":2,"name":"Relacja: Wystawa Europa Humanist\u00f3w w Sztokholmie oraz pokaz filmowy \u2018Voyage au but d\u2019une identit\u00e9\u2019 Filipa Markiewicza"}]},{"@type":"WebSite","@id":"https:\/\/instytutpolski.pl\/stockholm\/#website","url":"https:\/\/instytutpolski.pl\/stockholm\/","name":"Instytut Polski w Sztokholmie","description":"Instytuty Polskie","potentialAction":[{"@type":"SearchAction","target":{"@type":"EntryPoint","urlTemplate":"https:\/\/instytutpolski.pl\/stockholm\/?s={search_term_string}"},"query-input":{"@type":"PropertyValueSpecification","valueRequired":true,"valueName":"search_term_string"}}],"inLanguage":"pl-PL"},{"@type":"Person","@id":"https:\/\/instytutpolski.pl\/stockholm\/#\/schema\/person\/062b5a5f61f32b17c98996975db8d556","name":"strozniake","image":{"@type":"ImageObject","inLanguage":"pl-PL","@id":"https:\/\/instytutpolski.pl\/stockholm\/#\/schema\/person\/image\/","url":"https:\/\/secure.gravatar.com\/avatar\/25e0be9897787f9035155a882fde97cc?s=96&d=mm&r=g","contentUrl":"https:\/\/secure.gravatar.com\/avatar\/25e0be9897787f9035155a882fde97cc?s=96&d=mm&r=g","caption":"strozniake"},"sameAs":["http:\/\/strozniake"],"url":"https:\/\/instytutpolski.pl\/stockholm\/author\/strozniake\/"}]}},"_links":{"self":[{"href":"https:\/\/instytutpolski.pl\/stockholm\/wp-json\/wp\/v2\/posts\/1755","targetHints":{"allow":["GET"]}}],"collection":[{"href":"https:\/\/instytutpolski.pl\/stockholm\/wp-json\/wp\/v2\/posts"}],"about":[{"href":"https:\/\/instytutpolski.pl\/stockholm\/wp-json\/wp\/v2\/types\/post"}],"author":[{"embeddable":true,"href":"https:\/\/instytutpolski.pl\/stockholm\/wp-json\/wp\/v2\/users\/29"}],"replies":[{"embeddable":true,"href":"https:\/\/instytutpolski.pl\/stockholm\/wp-json\/wp\/v2\/comments?post=1755"}],"version-history":[{"count":2,"href":"https:\/\/instytutpolski.pl\/stockholm\/wp-json\/wp\/v2\/posts\/1755\/revisions"}],"predecessor-version":[{"id":1760,"href":"https:\/\/instytutpolski.pl\/stockholm\/wp-json\/wp\/v2\/posts\/1755\/revisions\/1760"}],"wp:featuredmedia":[{"embeddable":true,"href":"https:\/\/instytutpolski.pl\/stockholm\/wp-json\/wp\/v2\/media\/1748"}],"wp:attachment":[{"href":"https:\/\/instytutpolski.pl\/stockholm\/wp-json\/wp\/v2\/media?parent=1755"}],"wp:term":[{"taxonomy":"category","embeddable":true,"href":"https:\/\/instytutpolski.pl\/stockholm\/wp-json\/wp\/v2\/categories?post=1755"},{"taxonomy":"post_tag","embeddable":true,"href":"https:\/\/instytutpolski.pl\/stockholm\/wp-json\/wp\/v2\/tags?post=1755"}],"curies":[{"name":"wp","href":"https:\/\/api.w.org\/{rel}","templated":true}]}}