{"id":1790,"date":"2020-05-25T15:46:46","date_gmt":"2020-05-25T13:46:46","guid":{"rendered":"https:\/\/instytutpolski.pl\/stockholm\/?p=1790"},"modified":"2020-05-25T16:12:55","modified_gmt":"2020-05-25T14:12:55","slug":"natalia-wieteska-och-envee-pa-arets-stockholm-furniture-light-fair","status":"publish","type":"post","link":"https:\/\/instytutpolski.pl\/stockholm\/2020\/05\/25\/natalia-wieteska-och-envee-pa-arets-stockholm-furniture-light-fair\/","title":{"rendered":"Natalia Wieteska och Envee p\u00e5 \u00e5rets Stockholm Furniture and Light Fair"},"content":{"rendered":"\n<p>I \u00e5r firar m\u00f6belm\u00e4ssan sin 70:e. f\u00f6delsedag! Vi \u00e4r mycket glada att&nbsp;<strong>Natalia Wieteska<\/strong>&nbsp;fr\u00e5n Polen \u00e4r inbjuden till sektionen&nbsp;<strong>Greenhouse<\/strong>&nbsp;d\u00e4r formgivare och designskolor fr\u00e5n hela v\u00e4rlden st\u00e4ller ut sina unika projekt varje \u00e5r.<br><strong>Natalia Wieteska<\/strong>&nbsp;\u00e4r m\u00f6bel- och inredningsformgivare och har examen i design fr\u00e5n konsth\u00f6gskolan i \u0141\u00f3d\u017a. Hon har \u00e4ven erfarenhet fr\u00e5n designstudier i Spanien och fr\u00e5n arbete p\u00e5 flera polska och utl\u00e4ndska designstudior, d\u00e4ribland Myo Interiors i England. Hon har flera g\u00e5nger f\u00e5tt stipendium fr\u00e5n polska kulturministeriet och har \u00e4ven tilldelats priset Red Dot Award: Desing Concept 2017. Natalia Wieteska har visat sina m\u00f6bler p\u00e5 utst\u00e4llningar i London och Milan. Hennes f\u00f6rtjusning i m\u00f6beldesign gjorde att hon grundade sitt eget m\u00f6belm\u00e4rke Envee vars design utm\u00e4rks av hennes typiska drag: f\u00f6rtjusning i geometriska former, noggrannhet med detaljer, h\u00f6g klass och satsning p\u00e5 en enda ledande id\u00e9 i varje designprojekt. Hennes m\u00f6bler \u00e4r funktionella men ocks\u00e5 unika. De bevisar att ett vanligt vardagsf\u00f6rem\u00e5l kan ha en intressant, genomarbetad form.<\/p>\n\n\n\n<figure class=\"wp-block-image size-large\"><img decoding=\"async\" src=\"https:\/\/instytutpolski.pl\/stockholm\/wp-content\/uploads\/sites\/17\/2020\/05\/fil_5e2862d5ce3f3-1024x686.jpg\" alt=\"\" class=\"wp-image-1791\" \/><\/figure>\n\n\n\n<p>L\u00e4s mer om Natalia Wieteska och hennes studio Envee&nbsp;<a href=\"https:\/\/www.envee.eu\/\" target=\"_blank\" rel=\"noreferrer noopener\">h\u00e4r<\/a>.<\/p>\n\n\n\n<p>L\u00e4s mer om Stockholm Furniture &amp; Light Fair&nbsp;<a href=\"https:\/\/www.stockholmfurniturelightfair.se\/?sc_lang=en\" target=\"_blank\" rel=\"noreferrer noopener\">h\u00e4r<\/a>.<\/p>\n\n\n\n<p>OBS! M\u00e4ssan \u00e4r \u00f6ppen f\u00f6r allm\u00e4nheten bara p\u00e5 l\u00f6rdag, den 8 februari.<\/p>\n\n\n\n<figure class=\"wp-block-image size-large\"><img loading=\"lazy\" decoding=\"async\" width=\"960\" height=\"960\" src=\"https:\/\/instytutpolski.pl\/stockholm\/wp-content\/uploads\/sites\/17\/2020\/05\/fil_5e28657216c5d.jpg\" alt=\"\" class=\"wp-image-1805\" srcset=\"https:\/\/instytutpolski.pl\/stockholm\/wp-content\/uploads\/sites\/17\/2020\/05\/fil_5e28657216c5d.jpg 960w, https:\/\/instytutpolski.pl\/stockholm\/wp-content\/uploads\/sites\/17\/2020\/05\/fil_5e28657216c5d-300x300.jpg 300w, https:\/\/instytutpolski.pl\/stockholm\/wp-content\/uploads\/sites\/17\/2020\/05\/fil_5e28657216c5d-150x150.jpg 150w, https:\/\/instytutpolski.pl\/stockholm\/wp-content\/uploads\/sites\/17\/2020\/05\/fil_5e28657216c5d-768x768.jpg 768w\" sizes=\"auto, (max-width: 960px) 100vw, 960px\" \/><\/figure>\n\n\n\n<figure class=\"wp-block-gallery columns-3 is-cropped wp-block-gallery-1 is-layout-flex wp-block-gallery-is-layout-flex\"><ul class=\"blocks-gallery-grid\"><li class=\"blocks-gallery-item\"><figure><img loading=\"lazy\" decoding=\"async\" width=\"1000\" height=\"668\" src=\"https:\/\/instytutpolski.pl\/stockholm\/wp-content\/uploads\/sites\/17\/2020\/05\/fil_5e28652b5ba70.jpg\" alt=\"\" data-id=\"1794\" data-link=\"https:\/\/instytutpolski.pl\/stockholm\/?attachment_id=1794\" class=\"wp-image-1794\" srcset=\"https:\/\/instytutpolski.pl\/stockholm\/wp-content\/uploads\/sites\/17\/2020\/05\/fil_5e28652b5ba70.jpg 1000w, https:\/\/instytutpolski.pl\/stockholm\/wp-content\/uploads\/sites\/17\/2020\/05\/fil_5e28652b5ba70-300x200.jpg 300w, https:\/\/instytutpolski.pl\/stockholm\/wp-content\/uploads\/sites\/17\/2020\/05\/fil_5e28652b5ba70-768x513.jpg 768w\" sizes=\"auto, (max-width: 1000px) 100vw, 1000px\" \/><\/figure><\/li><li class=\"blocks-gallery-item\"><figure><img loading=\"lazy\" decoding=\"async\" width=\"1000\" height=\"668\" src=\"https:\/\/instytutpolski.pl\/stockholm\/wp-content\/uploads\/sites\/17\/2020\/05\/fil_5e28652b6761e.jpg\" alt=\"\" data-id=\"1796\" data-link=\"https:\/\/instytutpolski.pl\/stockholm\/?attachment_id=1796\" class=\"wp-image-1796\" srcset=\"https:\/\/instytutpolski.pl\/stockholm\/wp-content\/uploads\/sites\/17\/2020\/05\/fil_5e28652b6761e.jpg 1000w, https:\/\/instytutpolski.pl\/stockholm\/wp-content\/uploads\/sites\/17\/2020\/05\/fil_5e28652b6761e-300x200.jpg 300w, https:\/\/instytutpolski.pl\/stockholm\/wp-content\/uploads\/sites\/17\/2020\/05\/fil_5e28652b6761e-768x513.jpg 768w\" sizes=\"auto, (max-width: 1000px) 100vw, 1000px\" \/><\/figure><\/li><li class=\"blocks-gallery-item\"><figure><img loading=\"lazy\" decoding=\"async\" width=\"1000\" height=\"668\" src=\"https:\/\/instytutpolski.pl\/stockholm\/wp-content\/uploads\/sites\/17\/2020\/05\/fil_5e28652b51681-1.jpg\" alt=\"\" data-id=\"1797\" data-link=\"https:\/\/instytutpolski.pl\/stockholm\/?attachment_id=1797\" class=\"wp-image-1797\" srcset=\"https:\/\/instytutpolski.pl\/stockholm\/wp-content\/uploads\/sites\/17\/2020\/05\/fil_5e28652b51681-1.jpg 1000w, https:\/\/instytutpolski.pl\/stockholm\/wp-content\/uploads\/sites\/17\/2020\/05\/fil_5e28652b51681-1-300x200.jpg 300w, https:\/\/instytutpolski.pl\/stockholm\/wp-content\/uploads\/sites\/17\/2020\/05\/fil_5e28652b51681-1-768x513.jpg 768w\" sizes=\"auto, (max-width: 1000px) 100vw, 1000px\" \/><\/figure><\/li><li class=\"blocks-gallery-item\"><figure><img loading=\"lazy\" decoding=\"async\" width=\"669\" height=\"1000\" src=\"https:\/\/instytutpolski.pl\/stockholm\/wp-content\/uploads\/sites\/17\/2020\/05\/fil_5e286520f0f7a.jpg\" alt=\"\" data-id=\"1799\" data-link=\"https:\/\/instytutpolski.pl\/stockholm\/?attachment_id=1799\" class=\"wp-image-1799\" srcset=\"https:\/\/instytutpolski.pl\/stockholm\/wp-content\/uploads\/sites\/17\/2020\/05\/fil_5e286520f0f7a.jpg 669w, https:\/\/instytutpolski.pl\/stockholm\/wp-content\/uploads\/sites\/17\/2020\/05\/fil_5e286520f0f7a-201x300.jpg 201w\" sizes=\"auto, (max-width: 669px) 100vw, 669px\" \/><\/figure><\/li><li class=\"blocks-gallery-item\"><figure><img loading=\"lazy\" decoding=\"async\" width=\"668\" height=\"1000\" src=\"https:\/\/instytutpolski.pl\/stockholm\/wp-content\/uploads\/sites\/17\/2020\/05\/fil_5e2865342bcb1-1.jpg\" alt=\"\" data-id=\"1801\" data-link=\"https:\/\/instytutpolski.pl\/stockholm\/?attachment_id=1801\" class=\"wp-image-1801\" srcset=\"https:\/\/instytutpolski.pl\/stockholm\/wp-content\/uploads\/sites\/17\/2020\/05\/fil_5e2865342bcb1-1.jpg 668w, https:\/\/instytutpolski.pl\/stockholm\/wp-content\/uploads\/sites\/17\/2020\/05\/fil_5e2865342bcb1-1-200x300.jpg 200w\" sizes=\"auto, (max-width: 668px) 100vw, 668px\" \/><\/figure><\/li><li class=\"blocks-gallery-item\"><figure><img loading=\"lazy\" decoding=\"async\" width=\"669\" height=\"1000\" src=\"https:\/\/instytutpolski.pl\/stockholm\/wp-content\/uploads\/sites\/17\/2020\/05\/fil_5e28652110eb6.jpg\" alt=\"\" data-id=\"1802\" data-link=\"https:\/\/instytutpolski.pl\/stockholm\/?attachment_id=1802\" class=\"wp-image-1802\" srcset=\"https:\/\/instytutpolski.pl\/stockholm\/wp-content\/uploads\/sites\/17\/2020\/05\/fil_5e28652110eb6.jpg 669w, https:\/\/instytutpolski.pl\/stockholm\/wp-content\/uploads\/sites\/17\/2020\/05\/fil_5e28652110eb6-201x300.jpg 201w\" sizes=\"auto, (max-width: 669px) 100vw, 669px\" \/><\/figure><\/li><li class=\"blocks-gallery-item\"><figure><img loading=\"lazy\" decoding=\"async\" width=\"669\" height=\"1000\" src=\"https:\/\/instytutpolski.pl\/stockholm\/wp-content\/uploads\/sites\/17\/2020\/05\/fil_5e286521075f7-1.jpg\" alt=\"\" data-id=\"1803\" data-link=\"https:\/\/instytutpolski.pl\/stockholm\/?attachment_id=1803\" class=\"wp-image-1803\" srcset=\"https:\/\/instytutpolski.pl\/stockholm\/wp-content\/uploads\/sites\/17\/2020\/05\/fil_5e286521075f7-1.jpg 669w, https:\/\/instytutpolski.pl\/stockholm\/wp-content\/uploads\/sites\/17\/2020\/05\/fil_5e286521075f7-1-201x300.jpg 201w\" sizes=\"auto, (max-width: 669px) 100vw, 669px\" \/><\/figure><\/li><li class=\"blocks-gallery-item\"><figure><img loading=\"lazy\" decoding=\"async\" width=\"668\" height=\"1000\" src=\"https:\/\/instytutpolski.pl\/stockholm\/wp-content\/uploads\/sites\/17\/2020\/05\/fil_5e28653422775-1.jpg\" alt=\"\" data-id=\"1804\" data-link=\"https:\/\/instytutpolski.pl\/stockholm\/?attachment_id=1804\" class=\"wp-image-1804\" srcset=\"https:\/\/instytutpolski.pl\/stockholm\/wp-content\/uploads\/sites\/17\/2020\/05\/fil_5e28653422775-1.jpg 668w, https:\/\/instytutpolski.pl\/stockholm\/wp-content\/uploads\/sites\/17\/2020\/05\/fil_5e28653422775-1-200x300.jpg 200w\" sizes=\"auto, (max-width: 668px) 100vw, 668px\" \/><\/figure><\/li><\/ul><\/figure>\n","protected":false},"excerpt":{"rendered":"<p>I \u00e5r firar m\u00f6belm\u00e4ssan sin 70:e. f\u00f6delsedag! Vi \u00e4r mycket glada att&nbsp;Natalia Wieteska&nbsp;fr\u00e5n Polen \u00e4r inbjuden till sektionen&nbsp;Greenhouse&nbsp;d\u00e4r formgivare och designskolor fr\u00e5n hela v\u00e4rlden st\u00e4ller ut sina unika projekt varje \u00e5r.Natalia Wieteska&nbsp;\u00e4r m\u00f6bel- och inredningsformgivare och har examen i design fr\u00e5n konsth\u00f6gskolan i \u0141\u00f3d\u017a. Hon har \u00e4ven erfarenhet fr\u00e5n designstudier i Spanien och fr\u00e5n arbete [&hellip;]<\/p>\n","protected":false},"author":29,"featured_media":1729,"comment_status":"open","ping_status":"open","sticky":false,"template":"","format":"standard","meta":{"inline_featured_image":false,"_monsterinsights_skip_tracking":false,"_monsterinsights_sitenote_active":false,"_monsterinsights_sitenote_note":"","_monsterinsights_sitenote_category":0,"footnotes":""},"categories":[164,12],"tags":[],"class_list":["post-1790","post","type-post","status-publish","format-standard","has-post-thumbnail","hentry","category-design","category-evenemang"],"yoast_head":"<!-- This site is optimized with the Yoast SEO plugin v24.6 - https:\/\/yoast.com\/wordpress\/plugins\/seo\/ -->\n<title>Natalia Wieteska och Envee p\u00e5 \u00e5rets Stockholm Furniture and Light Fair - Instytut Polski w Sztokholmie<\/title>\n<meta name=\"robots\" content=\"index, follow, max-snippet:-1, max-image-preview:large, max-video-preview:-1\" \/>\n<link rel=\"canonical\" href=\"https:\/\/instytutpolski.pl\/stockholm\/2020\/05\/25\/natalia-wieteska-och-envee-pa-arets-stockholm-furniture-light-fair\/\" \/>\n<meta property=\"og:locale\" content=\"pl_PL\" \/>\n<meta property=\"og:type\" content=\"article\" \/>\n<meta property=\"og:title\" content=\"Natalia Wieteska och Envee p\u00e5 \u00e5rets Stockholm Furniture and Light Fair - Instytut Polski w Sztokholmie\" \/>\n<meta property=\"og:description\" content=\"I \u00e5r firar m\u00f6belm\u00e4ssan sin 70:e. f\u00f6delsedag! Vi \u00e4r mycket glada att&nbsp;Natalia Wieteska&nbsp;fr\u00e5n Polen \u00e4r inbjuden till sektionen&nbsp;Greenhouse&nbsp;d\u00e4r formgivare och designskolor fr\u00e5n hela v\u00e4rlden st\u00e4ller ut sina unika projekt varje \u00e5r.Natalia Wieteska&nbsp;\u00e4r m\u00f6bel- och inredningsformgivare och har examen i design fr\u00e5n konsth\u00f6gskolan i \u0141\u00f3d\u017a. Hon har \u00e4ven erfarenhet fr\u00e5n designstudier i Spanien och fr\u00e5n arbete [&hellip;]\" \/>\n<meta property=\"og:url\" content=\"https:\/\/instytutpolski.pl\/stockholm\/2020\/05\/25\/natalia-wieteska-och-envee-pa-arets-stockholm-furniture-light-fair\/\" \/>\n<meta property=\"og:site_name\" content=\"Instytut Polski w Sztokholmie\" \/>\n<meta property=\"article:published_time\" content=\"2020-05-25T13:46:46+00:00\" \/>\n<meta property=\"article:modified_time\" content=\"2020-05-25T14:12:55+00:00\" \/>\n<meta property=\"og:image\" content=\"https:\/\/instytutpolski.pl\/stockholm\/wp-content\/uploads\/sites\/17\/2020\/05\/Stockholm-Furniture-Fair-2020_Envee.jpg\" \/>\n\t<meta property=\"og:image:width\" content=\"1083\" \/>\n\t<meta property=\"og:image:height\" content=\"609\" \/>\n\t<meta property=\"og:image:type\" content=\"image\/jpeg\" \/>\n<meta name=\"author\" content=\"strozniake\" \/>\n<meta name=\"twitter:card\" content=\"summary_large_image\" \/>\n<meta name=\"twitter:label1\" content=\"Napisane przez\" \/>\n\t<meta name=\"twitter:data1\" content=\"strozniake\" \/>\n\t<meta name=\"twitter:label2\" content=\"Szacowany czas czytania\" \/>\n\t<meta name=\"twitter:data2\" content=\"1 minuta\" \/>\n<script type=\"application\/ld+json\" class=\"yoast-schema-graph\">{\"@context\":\"https:\/\/schema.org\",\"@graph\":[{\"@type\":\"event\",\"@id\":\"https:\/\/instytutpolski.pl\/stockholm\/2020\/05\/25\/natalia-wieteska-och-envee-pa-arets-stockholm-furniture-light-fair\/\",\"url\":\"https:\/\/instytutpolski.pl\/stockholm\/2020\/05\/25\/natalia-wieteska-och-envee-pa-arets-stockholm-furniture-light-fair\/\",\"name\":\"Natalia Wieteska och Envee p\u00e5 \u00e5rets Stockholm Furniture and Light Fair\",\"isPartOf\":{\"@id\":\"https:\/\/instytutpolski.pl\/stockholm\/#website\"},\"primaryImageOfPage\":{\"@id\":\"https:\/\/instytutpolski.pl\/stockholm\/2020\/05\/25\/natalia-wieteska-och-envee-pa-arets-stockholm-furniture-light-fair\/#primaryimage\"},\"image\":[\"https:\/\/instytutpolski.pl\/stockholm\/wp-content\/uploads\/sites\/17\/2020\/05\/Stockholm-Furniture-Fair-2020_Envee.jpg\",\"https:\/\/instytutpolski.pl\/stockholm\/wp-content\/uploads\/sites\/17\/2020\/05\/Stockholm-Furniture-Fair-2020_Envee-300x169.jpg\",\"https:\/\/instytutpolski.pl\/stockholm\/wp-content\/uploads\/sites\/17\/2020\/05\/Stockholm-Furniture-Fair-2020_Envee-1024x576.jpg\",\"https:\/\/instytutpolski.pl\/stockholm\/wp-content\/uploads\/sites\/17\/2020\/05\/Stockholm-Furniture-Fair-2020_Envee.jpg\"],\"thumbnailUrl\":\"https:\/\/instytutpolski.pl\/stockholm\/wp-content\/uploads\/sites\/17\/2020\/05\/Stockholm-Furniture-Fair-2020_Envee.jpg\",\"datePublished\":\"2020-05-25T13:46:46+02:00\",\"dateModified\":\"2020-05-25T14:12:55+02:00\",\"author\":{\"@id\":\"https:\/\/instytutpolski.pl\/stockholm\/#\/schema\/person\/062b5a5f61f32b17c98996975db8d556\"},\"breadcrumb\":{\"@id\":\"https:\/\/instytutpolski.pl\/stockholm\/2020\/05\/25\/natalia-wieteska-och-envee-pa-arets-stockholm-furniture-light-fair\/#breadcrumb\"},\"inLanguage\":\"pl-PL\",\"potentialAction\":[{\"@type\":\"ReadAction\",\"target\":[\"https:\/\/instytutpolski.pl\/stockholm\/2020\/05\/25\/natalia-wieteska-och-envee-pa-arets-stockholm-furniture-light-fair\/\"]}],\"@context\":\"https:\/\/schema.org\",\"startDate\":\"2020-02-04\",\"endDate\":\"2020-02-08\",\"eventStatus\":\"EventScheduled\",\"eventAttendanceMode\":\"OfflineEventAttendanceMode\",\"location\":{\"@type\":\"place\",\"name\":\"Stockholmsm\u00e4ssan, Greenhouse, M\u00e4ssv\u00e4gen 1, \u00c4lvsj\u00f6, Stockholm\",\"address\":\"Stockholmsm\u00e4ssan, Greenhouse, M\u00e4ssv\u00e4gen 1, \u00c4lvsj\u00f6, Stockholm\",\"geo\":{\"@type\":\"GeoCoordinates\",\"latitude\":\"0\",\"longitude\":\"0\"}},\"description\":\"I \u00e5r firar m\u00f6belm\u00e4ssan sin 70:e. f\u00f6delsedag! Vi \u00e4r mycket glada att Natalia Wieteska fr\u00e5n Polen \u00e4r inbjuden till sektionen Greenhouse d\u00e4r formgivare och designskolor fr\u00e5n hela v\u00e4rlden st\u00e4ller ut sina unika projekt varje \u00e5r.Natalia Wieteska \u00e4r m\u00f6bel- och inredningsformgivare och har examen i design fr\u00e5n konsth\u00f6gskolan i \u0141\u00f3d\u017a. Hon har \u00e4ven erfarenhet fr\u00e5n designstudier i Spanien och fr\u00e5n arbete p\u00e5 flera polska och utl\u00e4ndska designstudior, d\u00e4ribland Myo Interiors i England. Hon har flera g\u00e5nger f\u00e5tt stipendium fr\u00e5n polska kulturministeriet och har \u00e4ven tilldelats priset Red Dot Award: Desing Concept 2017. Natalia Wieteska har visat sina m\u00f6bler p\u00e5 utst\u00e4llningar i London och Milan. Hennes f\u00f6rtjusning i m\u00f6beldesign gjorde att hon grundade sitt eget m\u00f6belm\u00e4rke Envee vars design utm\u00e4rks av hennes typiska drag: f\u00f6rtjusning i geometriska former, noggrannhet med detaljer, h\u00f6g klass och satsning p\u00e5 en enda ledande id\u00e9 i varje designprojekt. Hennes m\u00f6bler \u00e4r funktionella men ocks\u00e5 unika. De bevisar att ett vanligt vardagsf\u00f6rem\u00e5l kan ha en intressant, genomarbetad form.\\nL\u00e4s mer om Natalia Wieteska och hennes studio Envee h\u00e4r.\\nL\u00e4s mer om Stockholm Furniture &amp; Light Fair h\u00e4r.\\nOBS! M\u00e4ssan \u00e4r \u00f6ppen f\u00f6r allm\u00e4nheten bara p\u00e5 l\u00f6rdag, den 8 februari.\"},{\"@type\":\"ImageObject\",\"inLanguage\":\"pl-PL\",\"@id\":\"https:\/\/instytutpolski.pl\/stockholm\/2020\/05\/25\/natalia-wieteska-och-envee-pa-arets-stockholm-furniture-light-fair\/#primaryimage\",\"url\":\"https:\/\/instytutpolski.pl\/stockholm\/wp-content\/uploads\/sites\/17\/2020\/05\/Stockholm-Furniture-Fair-2020_Envee.jpg\",\"contentUrl\":\"https:\/\/instytutpolski.pl\/stockholm\/wp-content\/uploads\/sites\/17\/2020\/05\/Stockholm-Furniture-Fair-2020_Envee.jpg\",\"width\":1083,\"height\":609},{\"@type\":\"BreadcrumbList\",\"@id\":\"https:\/\/instytutpolski.pl\/stockholm\/2020\/05\/25\/natalia-wieteska-och-envee-pa-arets-stockholm-furniture-light-fair\/#breadcrumb\",\"itemListElement\":[{\"@type\":\"ListItem\",\"position\":1,\"name\":\"Home\",\"item\":\"https:\/\/instytutpolski.pl\/stockholm\/\"},{\"@type\":\"ListItem\",\"position\":2,\"name\":\"Natalia Wieteska och Envee p\u00e5 \u00e5rets Stockholm Furniture and Light Fair\"}]},{\"@type\":\"WebSite\",\"@id\":\"https:\/\/instytutpolski.pl\/stockholm\/#website\",\"url\":\"https:\/\/instytutpolski.pl\/stockholm\/\",\"name\":\"Instytut Polski w Sztokholmie\",\"description\":\"Instytuty Polskie\",\"potentialAction\":[{\"@type\":\"SearchAction\",\"target\":{\"@type\":\"EntryPoint\",\"urlTemplate\":\"https:\/\/instytutpolski.pl\/stockholm\/?s={search_term_string}\"},\"query-input\":{\"@type\":\"PropertyValueSpecification\",\"valueRequired\":true,\"valueName\":\"search_term_string\"}}],\"inLanguage\":\"pl-PL\"},{\"@type\":\"Person\",\"@id\":\"https:\/\/instytutpolski.pl\/stockholm\/#\/schema\/person\/062b5a5f61f32b17c98996975db8d556\",\"name\":\"strozniake\",\"image\":{\"@type\":\"ImageObject\",\"inLanguage\":\"pl-PL\",\"@id\":\"https:\/\/instytutpolski.pl\/stockholm\/#\/schema\/person\/image\/\",\"url\":\"https:\/\/secure.gravatar.com\/avatar\/25e0be9897787f9035155a882fde97cc?s=96&d=mm&r=g\",\"contentUrl\":\"https:\/\/secure.gravatar.com\/avatar\/25e0be9897787f9035155a882fde97cc?s=96&d=mm&r=g\",\"caption\":\"strozniake\"},\"sameAs\":[\"http:\/\/strozniake\"],\"url\":\"https:\/\/instytutpolski.pl\/stockholm\/author\/strozniake\/\"}]}<\/script>\n<!-- \/ Yoast SEO plugin. -->","yoast_head_json":{"title":"Natalia Wieteska och Envee p\u00e5 \u00e5rets Stockholm Furniture and Light Fair - Instytut Polski w Sztokholmie","robots":{"index":"index","follow":"follow","max-snippet":"max-snippet:-1","max-image-preview":"max-image-preview:large","max-video-preview":"max-video-preview:-1"},"canonical":"https:\/\/instytutpolski.pl\/stockholm\/2020\/05\/25\/natalia-wieteska-och-envee-pa-arets-stockholm-furniture-light-fair\/","og_locale":"pl_PL","og_type":"article","og_title":"Natalia Wieteska och Envee p\u00e5 \u00e5rets Stockholm Furniture and Light Fair - Instytut Polski w Sztokholmie","og_description":"I \u00e5r firar m\u00f6belm\u00e4ssan sin 70:e. f\u00f6delsedag! Vi \u00e4r mycket glada att&nbsp;Natalia Wieteska&nbsp;fr\u00e5n Polen \u00e4r inbjuden till sektionen&nbsp;Greenhouse&nbsp;d\u00e4r formgivare och designskolor fr\u00e5n hela v\u00e4rlden st\u00e4ller ut sina unika projekt varje \u00e5r.Natalia Wieteska&nbsp;\u00e4r m\u00f6bel- och inredningsformgivare och har examen i design fr\u00e5n konsth\u00f6gskolan i \u0141\u00f3d\u017a. Hon har \u00e4ven erfarenhet fr\u00e5n designstudier i Spanien och fr\u00e5n arbete [&hellip;]","og_url":"https:\/\/instytutpolski.pl\/stockholm\/2020\/05\/25\/natalia-wieteska-och-envee-pa-arets-stockholm-furniture-light-fair\/","og_site_name":"Instytut Polski w Sztokholmie","article_published_time":"2020-05-25T13:46:46+00:00","article_modified_time":"2020-05-25T14:12:55+00:00","og_image":[{"width":1083,"height":609,"url":"https:\/\/instytutpolski.pl\/stockholm\/wp-content\/uploads\/sites\/17\/2020\/05\/Stockholm-Furniture-Fair-2020_Envee.jpg","type":"image\/jpeg"}],"author":"strozniake","twitter_card":"summary_large_image","twitter_misc":{"Napisane przez":"strozniake","Szacowany czas czytania":"1 minuta"},"schema":{"@context":"https:\/\/schema.org","@graph":[{"@type":"event","@id":"https:\/\/instytutpolski.pl\/stockholm\/2020\/05\/25\/natalia-wieteska-och-envee-pa-arets-stockholm-furniture-light-fair\/","url":"https:\/\/instytutpolski.pl\/stockholm\/2020\/05\/25\/natalia-wieteska-och-envee-pa-arets-stockholm-furniture-light-fair\/","name":"Natalia Wieteska och Envee p\u00e5 \u00e5rets Stockholm Furniture and Light Fair","isPartOf":{"@id":"https:\/\/instytutpolski.pl\/stockholm\/#website"},"primaryImageOfPage":{"@id":"https:\/\/instytutpolski.pl\/stockholm\/2020\/05\/25\/natalia-wieteska-och-envee-pa-arets-stockholm-furniture-light-fair\/#primaryimage"},"image":["https:\/\/instytutpolski.pl\/stockholm\/wp-content\/uploads\/sites\/17\/2020\/05\/Stockholm-Furniture-Fair-2020_Envee.jpg","https:\/\/instytutpolski.pl\/stockholm\/wp-content\/uploads\/sites\/17\/2020\/05\/Stockholm-Furniture-Fair-2020_Envee-300x169.jpg","https:\/\/instytutpolski.pl\/stockholm\/wp-content\/uploads\/sites\/17\/2020\/05\/Stockholm-Furniture-Fair-2020_Envee-1024x576.jpg","https:\/\/instytutpolski.pl\/stockholm\/wp-content\/uploads\/sites\/17\/2020\/05\/Stockholm-Furniture-Fair-2020_Envee.jpg"],"thumbnailUrl":"https:\/\/instytutpolski.pl\/stockholm\/wp-content\/uploads\/sites\/17\/2020\/05\/Stockholm-Furniture-Fair-2020_Envee.jpg","datePublished":"2020-05-25T13:46:46+02:00","dateModified":"2020-05-25T14:12:55+02:00","author":{"@id":"https:\/\/instytutpolski.pl\/stockholm\/#\/schema\/person\/062b5a5f61f32b17c98996975db8d556"},"breadcrumb":{"@id":"https:\/\/instytutpolski.pl\/stockholm\/2020\/05\/25\/natalia-wieteska-och-envee-pa-arets-stockholm-furniture-light-fair\/#breadcrumb"},"inLanguage":"pl-PL","potentialAction":[{"@type":"ReadAction","target":["https:\/\/instytutpolski.pl\/stockholm\/2020\/05\/25\/natalia-wieteska-och-envee-pa-arets-stockholm-furniture-light-fair\/"]}],"@context":"https:\/\/schema.org","startDate":"2020-02-04","endDate":"2020-02-08","eventStatus":"EventScheduled","eventAttendanceMode":"OfflineEventAttendanceMode","location":{"@type":"place","name":"Stockholmsm\u00e4ssan, Greenhouse, M\u00e4ssv\u00e4gen 1, \u00c4lvsj\u00f6, Stockholm","address":"Stockholmsm\u00e4ssan, Greenhouse, M\u00e4ssv\u00e4gen 1, \u00c4lvsj\u00f6, Stockholm","geo":{"@type":"GeoCoordinates","latitude":"0","longitude":"0"}},"description":"I \u00e5r firar m\u00f6belm\u00e4ssan sin 70:e. f\u00f6delsedag! Vi \u00e4r mycket glada att Natalia Wieteska fr\u00e5n Polen \u00e4r inbjuden till sektionen Greenhouse d\u00e4r formgivare och designskolor fr\u00e5n hela v\u00e4rlden st\u00e4ller ut sina unika projekt varje \u00e5r.Natalia Wieteska \u00e4r m\u00f6bel- och inredningsformgivare och har examen i design fr\u00e5n konsth\u00f6gskolan i \u0141\u00f3d\u017a. Hon har \u00e4ven erfarenhet fr\u00e5n designstudier i Spanien och fr\u00e5n arbete p\u00e5 flera polska och utl\u00e4ndska designstudior, d\u00e4ribland Myo Interiors i England. Hon har flera g\u00e5nger f\u00e5tt stipendium fr\u00e5n polska kulturministeriet och har \u00e4ven tilldelats priset Red Dot Award: Desing Concept 2017. Natalia Wieteska har visat sina m\u00f6bler p\u00e5 utst\u00e4llningar i London och Milan. Hennes f\u00f6rtjusning i m\u00f6beldesign gjorde att hon grundade sitt eget m\u00f6belm\u00e4rke Envee vars design utm\u00e4rks av hennes typiska drag: f\u00f6rtjusning i geometriska former, noggrannhet med detaljer, h\u00f6g klass och satsning p\u00e5 en enda ledande id\u00e9 i varje designprojekt. Hennes m\u00f6bler \u00e4r funktionella men ocks\u00e5 unika. De bevisar att ett vanligt vardagsf\u00f6rem\u00e5l kan ha en intressant, genomarbetad form.\nL\u00e4s mer om Natalia Wieteska och hennes studio Envee h\u00e4r.\nL\u00e4s mer om Stockholm Furniture &amp; Light Fair h\u00e4r.\nOBS! M\u00e4ssan \u00e4r \u00f6ppen f\u00f6r allm\u00e4nheten bara p\u00e5 l\u00f6rdag, den 8 februari."},{"@type":"ImageObject","inLanguage":"pl-PL","@id":"https:\/\/instytutpolski.pl\/stockholm\/2020\/05\/25\/natalia-wieteska-och-envee-pa-arets-stockholm-furniture-light-fair\/#primaryimage","url":"https:\/\/instytutpolski.pl\/stockholm\/wp-content\/uploads\/sites\/17\/2020\/05\/Stockholm-Furniture-Fair-2020_Envee.jpg","contentUrl":"https:\/\/instytutpolski.pl\/stockholm\/wp-content\/uploads\/sites\/17\/2020\/05\/Stockholm-Furniture-Fair-2020_Envee.jpg","width":1083,"height":609},{"@type":"BreadcrumbList","@id":"https:\/\/instytutpolski.pl\/stockholm\/2020\/05\/25\/natalia-wieteska-och-envee-pa-arets-stockholm-furniture-light-fair\/#breadcrumb","itemListElement":[{"@type":"ListItem","position":1,"name":"Home","item":"https:\/\/instytutpolski.pl\/stockholm\/"},{"@type":"ListItem","position":2,"name":"Natalia Wieteska och Envee p\u00e5 \u00e5rets Stockholm Furniture and Light Fair"}]},{"@type":"WebSite","@id":"https:\/\/instytutpolski.pl\/stockholm\/#website","url":"https:\/\/instytutpolski.pl\/stockholm\/","name":"Instytut Polski w Sztokholmie","description":"Instytuty Polskie","potentialAction":[{"@type":"SearchAction","target":{"@type":"EntryPoint","urlTemplate":"https:\/\/instytutpolski.pl\/stockholm\/?s={search_term_string}"},"query-input":{"@type":"PropertyValueSpecification","valueRequired":true,"valueName":"search_term_string"}}],"inLanguage":"pl-PL"},{"@type":"Person","@id":"https:\/\/instytutpolski.pl\/stockholm\/#\/schema\/person\/062b5a5f61f32b17c98996975db8d556","name":"strozniake","image":{"@type":"ImageObject","inLanguage":"pl-PL","@id":"https:\/\/instytutpolski.pl\/stockholm\/#\/schema\/person\/image\/","url":"https:\/\/secure.gravatar.com\/avatar\/25e0be9897787f9035155a882fde97cc?s=96&d=mm&r=g","contentUrl":"https:\/\/secure.gravatar.com\/avatar\/25e0be9897787f9035155a882fde97cc?s=96&d=mm&r=g","caption":"strozniake"},"sameAs":["http:\/\/strozniake"],"url":"https:\/\/instytutpolski.pl\/stockholm\/author\/strozniake\/"}]}},"_links":{"self":[{"href":"https:\/\/instytutpolski.pl\/stockholm\/wp-json\/wp\/v2\/posts\/1790","targetHints":{"allow":["GET"]}}],"collection":[{"href":"https:\/\/instytutpolski.pl\/stockholm\/wp-json\/wp\/v2\/posts"}],"about":[{"href":"https:\/\/instytutpolski.pl\/stockholm\/wp-json\/wp\/v2\/types\/post"}],"author":[{"embeddable":true,"href":"https:\/\/instytutpolski.pl\/stockholm\/wp-json\/wp\/v2\/users\/29"}],"replies":[{"embeddable":true,"href":"https:\/\/instytutpolski.pl\/stockholm\/wp-json\/wp\/v2\/comments?post=1790"}],"version-history":[{"count":3,"href":"https:\/\/instytutpolski.pl\/stockholm\/wp-json\/wp\/v2\/posts\/1790\/revisions"}],"predecessor-version":[{"id":1812,"href":"https:\/\/instytutpolski.pl\/stockholm\/wp-json\/wp\/v2\/posts\/1790\/revisions\/1812"}],"wp:featuredmedia":[{"embeddable":true,"href":"https:\/\/instytutpolski.pl\/stockholm\/wp-json\/wp\/v2\/media\/1729"}],"wp:attachment":[{"href":"https:\/\/instytutpolski.pl\/stockholm\/wp-json\/wp\/v2\/media?parent=1790"}],"wp:term":[{"taxonomy":"category","embeddable":true,"href":"https:\/\/instytutpolski.pl\/stockholm\/wp-json\/wp\/v2\/categories?post=1790"},{"taxonomy":"post_tag","embeddable":true,"href":"https:\/\/instytutpolski.pl\/stockholm\/wp-json\/wp\/v2\/tags?post=1790"}],"curies":[{"name":"wp","href":"https:\/\/api.w.org\/{rel}","templated":true}]}}