{"id":1808,"date":"2020-05-25T15:46:46","date_gmt":"2020-05-25T13:46:46","guid":{"rendered":"https:\/\/instytutpolski.pl\/stockholm\/?p=1808"},"modified":"2020-05-25T15:50:49","modified_gmt":"2020-05-25T13:50:49","slug":"1808","status":"publish","type":"post","link":"https:\/\/instytutpolski.pl\/stockholm\/pl\/2020\/05\/25\/1808\/","title":{"rendered":"Natalia Wieteska w sekcji Greenhouse podczas 70-tej edycji targ\u00f3w Stockholm Furniture &amp; Light Fair"},"content":{"rendered":"\n<p>Podczas tej specjalnej edycji nie zabraknie polskiego akcentu w postaci polskiej projektantki,&nbsp;<strong>Natalii Wieteski<\/strong>. Artystka zosta\u0142a zaproszona do presti\u017cowej sekcji&nbsp;<strong>Greenhouse<\/strong>, gdzie co roku prezentowane s\u0105 prace wschodz\u0105cych gwiazd sceny designu oraz szk\u00f3\u0142 artystycznych z ca\u0142ego \u015bwiata.<\/p>\n\n\n\n<p><strong>Natalia Wieteska<\/strong>&nbsp;jest projektantk\u0105 wn\u0119trz i mebli, absolwentk\u0105 projektowania na \u0142\u00f3dzkiej ASP. Do\u015bwiadczenie zdobywa\u0142a r\u00f3wnie\u017c w czasie studi\u00f3w na uczelni w Hiszpanii, a tak\u017ce w pracy w kilku polskich i zagranicznych pracowniach, m.in w Myo Interiors w Anglii. Jest kilkukrotn\u0105 stypendystk\u0105 Ministra Kultury i Dziedzictwa Narodowego oraz laureatk\u0105 nagrody Red Dot Award: Design Concept 2017. Swoje projekty meblowe pokazywa\u0142a na wystawach w Londynie i Mediolanie. Zami\u0142owanie do projektowania mebli doprowadzi\u0142o j\u0105 do za\u0142o\u017cenia autorskiej marki meblowej Envee, kt\u00f3ra skupia najwa\u017cniejsze dla autorki warto\u015bci: zaci\u0119cie do geometrycznych form, dba\u0142o\u015b\u0107 o detale i wysok\u0105 klas\u0119 produkt\u00f3w oraz stawianie na jedno &#8222;uderzenie\u201d, a wi\u0119c wiod\u0105cy pomys\u0142 w projekcie. W ten spos\u00f3b powstaj\u0105 funkcjonalne, ale i unikatowe meble, kt\u00f3re udowadniaj\u0105, \u017ce zwyk\u0142y przedmiot codziennego u\u017cytku mo\u017ce mie\u0107 ciekaw\u0105, rze\u017abiarsk\u0105 form\u0119.<\/p>\n\n\n\n<figure class=\"wp-block-image size-large\"><img decoding=\"async\" src=\"https:\/\/instytutpolski.pl\/stockholm\/wp-content\/uploads\/sites\/17\/2020\/05\/fil_5e2862d5ce3f3-1024x686.jpg\" alt=\"\" class=\"wp-image-1791\" \/><\/figure>\n\n\n\n<p>Wi\u0119cej o Natalii Wieteska i studiu Envee&nbsp;<a href=\"https:\/\/www.envee.eu\/\" target=\"_blank\" rel=\"noreferrer noopener\">tutaj<\/a>.<\/p>\n\n\n\n<p>Wi\u0119cej o targach Stockholm Furniture &amp; Light Fair 2020&nbsp;<a href=\"https:\/\/www.stockholmfurniturelightfair.se\/?sc_lang=en\">tutaj<\/a>.<\/p>\n\n\n\n<p>Godziny otwarcia: Wtorek 9-18 | \u015aroda 9-18 | Czwartek 9-18 | Pi\u0105tek 9-18 | Sobota 10-17 (targi otwarte dla publiczno\u015bci)<\/p>\n\n\n\n<p>Uwaga! Targi s\u0105 og\u00f3lnodost\u0119pne jedynie w sobot\u0119, 8 lutego 2020.<\/p>\n\n\n\n<figure class=\"wp-block-image size-large\"><img loading=\"lazy\" decoding=\"async\" width=\"960\" height=\"960\" src=\"https:\/\/instytutpolski.pl\/stockholm\/wp-content\/uploads\/sites\/17\/2020\/05\/fil_5e28657216c5d.jpg\" alt=\"\" class=\"wp-image-1805\" srcset=\"https:\/\/instytutpolski.pl\/stockholm\/wp-content\/uploads\/sites\/17\/2020\/05\/fil_5e28657216c5d.jpg 960w, https:\/\/instytutpolski.pl\/stockholm\/wp-content\/uploads\/sites\/17\/2020\/05\/fil_5e28657216c5d-300x300.jpg 300w, https:\/\/instytutpolski.pl\/stockholm\/wp-content\/uploads\/sites\/17\/2020\/05\/fil_5e28657216c5d-150x150.jpg 150w, https:\/\/instytutpolski.pl\/stockholm\/wp-content\/uploads\/sites\/17\/2020\/05\/fil_5e28657216c5d-768x768.jpg 768w\" sizes=\"auto, (max-width: 960px) 100vw, 960px\" \/><\/figure>\n\n\n\n<figure class=\"wp-block-gallery columns-3 is-cropped wp-block-gallery-1 is-layout-flex wp-block-gallery-is-layout-flex\"><ul class=\"blocks-gallery-grid\"><li class=\"blocks-gallery-item\"><figure><img loading=\"lazy\" decoding=\"async\" width=\"1000\" height=\"668\" src=\"https:\/\/instytutpolski.pl\/stockholm\/wp-content\/uploads\/sites\/17\/2020\/05\/fil_5e28652b5ba70.jpg\" alt=\"\" data-id=\"1794\" data-link=\"https:\/\/instytutpolski.pl\/stockholm\/?attachment_id=1794\" class=\"wp-image-1794\" srcset=\"https:\/\/instytutpolski.pl\/stockholm\/wp-content\/uploads\/sites\/17\/2020\/05\/fil_5e28652b5ba70.jpg 1000w, https:\/\/instytutpolski.pl\/stockholm\/wp-content\/uploads\/sites\/17\/2020\/05\/fil_5e28652b5ba70-300x200.jpg 300w, https:\/\/instytutpolski.pl\/stockholm\/wp-content\/uploads\/sites\/17\/2020\/05\/fil_5e28652b5ba70-768x513.jpg 768w\" sizes=\"auto, (max-width: 1000px) 100vw, 1000px\" \/><\/figure><\/li><li class=\"blocks-gallery-item\"><figure><img loading=\"lazy\" decoding=\"async\" width=\"1000\" height=\"668\" src=\"https:\/\/instytutpolski.pl\/stockholm\/wp-content\/uploads\/sites\/17\/2020\/05\/fil_5e28652b6761e.jpg\" alt=\"\" data-id=\"1796\" data-link=\"https:\/\/instytutpolski.pl\/stockholm\/?attachment_id=1796\" class=\"wp-image-1796\" srcset=\"https:\/\/instytutpolski.pl\/stockholm\/wp-content\/uploads\/sites\/17\/2020\/05\/fil_5e28652b6761e.jpg 1000w, https:\/\/instytutpolski.pl\/stockholm\/wp-content\/uploads\/sites\/17\/2020\/05\/fil_5e28652b6761e-300x200.jpg 300w, https:\/\/instytutpolski.pl\/stockholm\/wp-content\/uploads\/sites\/17\/2020\/05\/fil_5e28652b6761e-768x513.jpg 768w\" sizes=\"auto, (max-width: 1000px) 100vw, 1000px\" \/><\/figure><\/li><li class=\"blocks-gallery-item\"><figure><img loading=\"lazy\" decoding=\"async\" width=\"1000\" height=\"668\" src=\"https:\/\/instytutpolski.pl\/stockholm\/wp-content\/uploads\/sites\/17\/2020\/05\/fil_5e28652b51681-1.jpg\" alt=\"\" data-id=\"1797\" data-link=\"https:\/\/instytutpolski.pl\/stockholm\/?attachment_id=1797\" class=\"wp-image-1797\" srcset=\"https:\/\/instytutpolski.pl\/stockholm\/wp-content\/uploads\/sites\/17\/2020\/05\/fil_5e28652b51681-1.jpg 1000w, https:\/\/instytutpolski.pl\/stockholm\/wp-content\/uploads\/sites\/17\/2020\/05\/fil_5e28652b51681-1-300x200.jpg 300w, https:\/\/instytutpolski.pl\/stockholm\/wp-content\/uploads\/sites\/17\/2020\/05\/fil_5e28652b51681-1-768x513.jpg 768w\" sizes=\"auto, (max-width: 1000px) 100vw, 1000px\" \/><\/figure><\/li><li class=\"blocks-gallery-item\"><figure><img loading=\"lazy\" decoding=\"async\" width=\"669\" height=\"1000\" src=\"https:\/\/instytutpolski.pl\/stockholm\/wp-content\/uploads\/sites\/17\/2020\/05\/fil_5e286520f0f7a.jpg\" alt=\"\" data-id=\"1799\" data-link=\"https:\/\/instytutpolski.pl\/stockholm\/?attachment_id=1799\" class=\"wp-image-1799\" srcset=\"https:\/\/instytutpolski.pl\/stockholm\/wp-content\/uploads\/sites\/17\/2020\/05\/fil_5e286520f0f7a.jpg 669w, https:\/\/instytutpolski.pl\/stockholm\/wp-content\/uploads\/sites\/17\/2020\/05\/fil_5e286520f0f7a-201x300.jpg 201w\" sizes=\"auto, (max-width: 669px) 100vw, 669px\" \/><\/figure><\/li><li class=\"blocks-gallery-item\"><figure><img loading=\"lazy\" decoding=\"async\" width=\"668\" height=\"1000\" src=\"https:\/\/instytutpolski.pl\/stockholm\/wp-content\/uploads\/sites\/17\/2020\/05\/fil_5e2865342bcb1-1.jpg\" alt=\"\" data-id=\"1801\" data-link=\"https:\/\/instytutpolski.pl\/stockholm\/?attachment_id=1801\" class=\"wp-image-1801\" srcset=\"https:\/\/instytutpolski.pl\/stockholm\/wp-content\/uploads\/sites\/17\/2020\/05\/fil_5e2865342bcb1-1.jpg 668w, https:\/\/instytutpolski.pl\/stockholm\/wp-content\/uploads\/sites\/17\/2020\/05\/fil_5e2865342bcb1-1-200x300.jpg 200w\" sizes=\"auto, (max-width: 668px) 100vw, 668px\" \/><\/figure><\/li><li class=\"blocks-gallery-item\"><figure><img loading=\"lazy\" decoding=\"async\" width=\"669\" height=\"1000\" src=\"https:\/\/instytutpolski.pl\/stockholm\/wp-content\/uploads\/sites\/17\/2020\/05\/fil_5e28652110eb6.jpg\" alt=\"\" data-id=\"1802\" data-link=\"https:\/\/instytutpolski.pl\/stockholm\/?attachment_id=1802\" class=\"wp-image-1802\" srcset=\"https:\/\/instytutpolski.pl\/stockholm\/wp-content\/uploads\/sites\/17\/2020\/05\/fil_5e28652110eb6.jpg 669w, https:\/\/instytutpolski.pl\/stockholm\/wp-content\/uploads\/sites\/17\/2020\/05\/fil_5e28652110eb6-201x300.jpg 201w\" sizes=\"auto, (max-width: 669px) 100vw, 669px\" \/><\/figure><\/li><li class=\"blocks-gallery-item\"><figure><img loading=\"lazy\" decoding=\"async\" width=\"669\" height=\"1000\" src=\"https:\/\/instytutpolski.pl\/stockholm\/wp-content\/uploads\/sites\/17\/2020\/05\/fil_5e286521075f7-1.jpg\" alt=\"\" data-id=\"1803\" data-link=\"https:\/\/instytutpolski.pl\/stockholm\/?attachment_id=1803\" class=\"wp-image-1803\" srcset=\"https:\/\/instytutpolski.pl\/stockholm\/wp-content\/uploads\/sites\/17\/2020\/05\/fil_5e286521075f7-1.jpg 669w, https:\/\/instytutpolski.pl\/stockholm\/wp-content\/uploads\/sites\/17\/2020\/05\/fil_5e286521075f7-1-201x300.jpg 201w\" sizes=\"auto, (max-width: 669px) 100vw, 669px\" \/><\/figure><\/li><li class=\"blocks-gallery-item\"><figure><img loading=\"lazy\" decoding=\"async\" width=\"668\" height=\"1000\" src=\"https:\/\/instytutpolski.pl\/stockholm\/wp-content\/uploads\/sites\/17\/2020\/05\/fil_5e28653422775-1.jpg\" alt=\"\" data-id=\"1804\" data-link=\"https:\/\/instytutpolski.pl\/stockholm\/?attachment_id=1804\" class=\"wp-image-1804\" srcset=\"https:\/\/instytutpolski.pl\/stockholm\/wp-content\/uploads\/sites\/17\/2020\/05\/fil_5e28653422775-1.jpg 668w, https:\/\/instytutpolski.pl\/stockholm\/wp-content\/uploads\/sites\/17\/2020\/05\/fil_5e28653422775-1-200x300.jpg 200w\" sizes=\"auto, (max-width: 668px) 100vw, 668px\" \/><\/figure><\/li><\/ul><\/figure>\n","protected":false},"excerpt":{"rendered":"<p>Podczas tej specjalnej edycji nie zabraknie polskiego akcentu w postaci polskiej projektantki,&nbsp;Natalii Wieteski. Artystka zosta\u0142a zaproszona do presti\u017cowej sekcji&nbsp;Greenhouse, gdzie co roku prezentowane s\u0105 prace wschodz\u0105cych gwiazd sceny designu oraz szk\u00f3\u0142 artystycznych z ca\u0142ego \u015bwiata. Natalia Wieteska&nbsp;jest projektantk\u0105 wn\u0119trz i mebli, absolwentk\u0105 projektowania na \u0142\u00f3dzkiej ASP. Do\u015bwiadczenie zdobywa\u0142a r\u00f3wnie\u017c w czasie studi\u00f3w na uczelni w [&hellip;]<\/p>\n","protected":false},"author":29,"featured_media":1729,"comment_status":"open","ping_status":"open","sticky":false,"template":"","format":"standard","meta":{"inline_featured_image":false,"_monsterinsights_skip_tracking":false,"_monsterinsights_sitenote_active":false,"_monsterinsights_sitenote_note":"","_monsterinsights_sitenote_category":0,"footnotes":""},"categories":[166,36],"tags":[],"class_list":["post-1808","post","type-post","status-publish","format-standard","has-post-thumbnail","hentry","category-design-wydarzenie","category-wydarzenie"],"yoast_head":"<!-- This site is optimized with the Yoast SEO plugin v24.6 - https:\/\/yoast.com\/wordpress\/plugins\/seo\/ -->\n<title>Natalia Wieteska w sekcji Greenhouse podczas 70-tej edycji targ\u00f3w Stockholm Furniture &amp; Light Fair - Instytut Polski w Sztokholmie<\/title>\n<meta name=\"robots\" content=\"index, follow, max-snippet:-1, max-image-preview:large, max-video-preview:-1\" \/>\n<link rel=\"canonical\" href=\"https:\/\/instytutpolski.pl\/stockholm\/pl\/2020\/05\/25\/1808\/\" \/>\n<meta property=\"og:locale\" content=\"pl_PL\" \/>\n<meta property=\"og:type\" content=\"article\" \/>\n<meta property=\"og:title\" content=\"Natalia Wieteska w sekcji Greenhouse podczas 70-tej edycji targ\u00f3w Stockholm Furniture &amp; Light Fair - Instytut Polski w Sztokholmie\" \/>\n<meta property=\"og:description\" content=\"Podczas tej specjalnej edycji nie zabraknie polskiego akcentu w postaci polskiej projektantki,&nbsp;Natalii Wieteski. Artystka zosta\u0142a zaproszona do presti\u017cowej sekcji&nbsp;Greenhouse, gdzie co roku prezentowane s\u0105 prace wschodz\u0105cych gwiazd sceny designu oraz szk\u00f3\u0142 artystycznych z ca\u0142ego \u015bwiata. Natalia Wieteska&nbsp;jest projektantk\u0105 wn\u0119trz i mebli, absolwentk\u0105 projektowania na \u0142\u00f3dzkiej ASP. Do\u015bwiadczenie zdobywa\u0142a r\u00f3wnie\u017c w czasie studi\u00f3w na uczelni w [&hellip;]\" \/>\n<meta property=\"og:url\" content=\"https:\/\/instytutpolski.pl\/stockholm\/pl\/2020\/05\/25\/1808\/\" \/>\n<meta property=\"og:site_name\" content=\"Instytut Polski w Sztokholmie\" \/>\n<meta property=\"article:published_time\" content=\"2020-05-25T13:46:46+00:00\" \/>\n<meta property=\"article:modified_time\" content=\"2020-05-25T13:50:49+00:00\" \/>\n<meta property=\"og:image\" content=\"https:\/\/instytutpolski.pl\/stockholm\/wp-content\/uploads\/sites\/17\/2020\/05\/Stockholm-Furniture-Fair-2020_Envee.jpg\" \/>\n\t<meta property=\"og:image:width\" content=\"1083\" \/>\n\t<meta property=\"og:image:height\" content=\"609\" \/>\n\t<meta property=\"og:image:type\" content=\"image\/jpeg\" \/>\n<meta name=\"author\" content=\"strozniake\" \/>\n<meta name=\"twitter:card\" content=\"summary_large_image\" \/>\n<meta name=\"twitter:label1\" content=\"Napisane przez\" \/>\n\t<meta name=\"twitter:data1\" content=\"strozniake\" \/>\n\t<meta name=\"twitter:label2\" content=\"Szacowany czas czytania\" \/>\n\t<meta name=\"twitter:data2\" content=\"1 minuta\" \/>\n<script type=\"application\/ld+json\" class=\"yoast-schema-graph\">{\"@context\":\"https:\/\/schema.org\",\"@graph\":[{\"@type\":\"event\",\"@id\":\"https:\/\/instytutpolski.pl\/stockholm\/pl\/2020\/05\/25\/1808\/\",\"url\":\"https:\/\/instytutpolski.pl\/stockholm\/pl\/2020\/05\/25\/1808\/\",\"name\":\"Natalia Wieteska w sekcji Greenhouse podczas 70-tej edycji targ\u00f3w Stockholm Furniture &amp; Light Fair\",\"isPartOf\":{\"@id\":\"https:\/\/instytutpolski.pl\/stockholm\/#website\"},\"primaryImageOfPage\":{\"@id\":\"https:\/\/instytutpolski.pl\/stockholm\/pl\/2020\/05\/25\/1808\/#primaryimage\"},\"image\":[\"https:\/\/instytutpolski.pl\/stockholm\/wp-content\/uploads\/sites\/17\/2020\/05\/Stockholm-Furniture-Fair-2020_Envee.jpg\",\"https:\/\/instytutpolski.pl\/stockholm\/wp-content\/uploads\/sites\/17\/2020\/05\/Stockholm-Furniture-Fair-2020_Envee-300x169.jpg\",\"https:\/\/instytutpolski.pl\/stockholm\/wp-content\/uploads\/sites\/17\/2020\/05\/Stockholm-Furniture-Fair-2020_Envee-1024x576.jpg\",\"https:\/\/instytutpolski.pl\/stockholm\/wp-content\/uploads\/sites\/17\/2020\/05\/Stockholm-Furniture-Fair-2020_Envee.jpg\"],\"thumbnailUrl\":\"https:\/\/instytutpolski.pl\/stockholm\/wp-content\/uploads\/sites\/17\/2020\/05\/Stockholm-Furniture-Fair-2020_Envee.jpg\",\"datePublished\":\"2020-05-25T13:46:46+02:00\",\"dateModified\":\"2020-05-25T13:50:49+02:00\",\"author\":{\"@id\":\"https:\/\/instytutpolski.pl\/stockholm\/#\/schema\/person\/062b5a5f61f32b17c98996975db8d556\"},\"breadcrumb\":{\"@id\":\"https:\/\/instytutpolski.pl\/stockholm\/pl\/2020\/05\/25\/1808\/#breadcrumb\"},\"inLanguage\":\"pl-PL\",\"potentialAction\":[{\"@type\":\"ReadAction\",\"target\":[\"https:\/\/instytutpolski.pl\/stockholm\/pl\/2020\/05\/25\/1808\/\"]}],\"@context\":\"https:\/\/schema.org\",\"startDate\":\"2020-02-04\",\"endDate\":\"2020-02-08\",\"eventStatus\":\"EventScheduled\",\"eventAttendanceMode\":\"OfflineEventAttendanceMode\",\"location\":{\"@type\":\"place\",\"name\":\"Stockholmsm\u00e4ssan, Greenhouse, M\u00e4ssv\u00e4gen 1, \u00c4lvsj\u00f6, Stockholm\",\"address\":\"Stockholmsm\u00e4ssan, Greenhouse, M\u00e4ssv\u00e4gen 1, \u00c4lvsj\u00f6, Stockholm\",\"geo\":{\"@type\":\"GeoCoordinates\",\"latitude\":\"0\",\"longitude\":\"0\"}},\"description\":\"Podczas tej specjalnej edycji nie zabraknie polskiego akcentu w postaci polskiej projektantki, Natalii Wieteski. Artystka zosta\u0142a zaproszona do presti\u017cowej sekcji Greenhouse, gdzie co roku prezentowane s\u0105 prace wschodz\u0105cych gwiazd sceny designu oraz szk\u00f3\u0142 artystycznych z ca\u0142ego \u015bwiata.\\nNatalia Wieteska jest projektantk\u0105 wn\u0119trz i mebli, absolwentk\u0105 projektowania na \u0142\u00f3dzkiej ASP. Do\u015bwiadczenie zdobywa\u0142a r\u00f3wnie\u017c w czasie studi\u00f3w na uczelni w Hiszpanii, a tak\u017ce w pracy w kilku polskich i zagranicznych pracowniach, m.in w Myo Interiors w Anglii. Jest kilkukrotn\u0105 stypendystk\u0105 Ministra Kultury i Dziedzictwa Narodowego oraz laureatk\u0105 nagrody Red Dot Award: Design Concept 2017. Swoje projekty meblowe pokazywa\u0142a na wystawach w Londynie i Mediolanie. Zami\u0142owanie do projektowania mebli doprowadzi\u0142o j\u0105 do za\u0142o\u017cenia autorskiej marki meblowej Envee, kt\u00f3ra skupia najwa\u017cniejsze dla autorki warto\u015bci: zaci\u0119cie do geometrycznych form, dba\u0142o\u015b\u0107 o detale i wysok\u0105 klas\u0119 produkt\u00f3w oraz stawianie na jedno \\\"uderzenie\u201d, a wi\u0119c wiod\u0105cy pomys\u0142 w projekcie. W ten spos\u00f3b powstaj\u0105 funkcjonalne, ale i unikatowe meble, kt\u00f3re udowadniaj\u0105, \u017ce zwyk\u0142y przedmiot codziennego u\u017cytku mo\u017ce mie\u0107 ciekaw\u0105, rze\u017abiarsk\u0105 form\u0119.\\nWi\u0119cej o Natalii Wieteska i studiu Envee tutaj.\\nWi\u0119cej o targach Stockholm Furniture &amp; Light Fair 2020 tutaj.\\nGodziny otwarcia: Wtorek 9-18 | \u015aroda 9-18 | Czwartek 9-18 | Pi\u0105tek 9-18 | Sobota 10-17 (targi otwarte dla publiczno\u015bci)\\nUwaga! Targi s\u0105 og\u00f3lnodost\u0119pne jedynie w sobot\u0119, 8 lutego 2020.\"},{\"@type\":\"ImageObject\",\"inLanguage\":\"pl-PL\",\"@id\":\"https:\/\/instytutpolski.pl\/stockholm\/pl\/2020\/05\/25\/1808\/#primaryimage\",\"url\":\"https:\/\/instytutpolski.pl\/stockholm\/wp-content\/uploads\/sites\/17\/2020\/05\/Stockholm-Furniture-Fair-2020_Envee.jpg\",\"contentUrl\":\"https:\/\/instytutpolski.pl\/stockholm\/wp-content\/uploads\/sites\/17\/2020\/05\/Stockholm-Furniture-Fair-2020_Envee.jpg\",\"width\":1083,\"height\":609},{\"@type\":\"BreadcrumbList\",\"@id\":\"https:\/\/instytutpolski.pl\/stockholm\/pl\/2020\/05\/25\/1808\/#breadcrumb\",\"itemListElement\":[{\"@type\":\"ListItem\",\"position\":1,\"name\":\"Home\",\"item\":\"https:\/\/instytutpolski.pl\/stockholm\/\"},{\"@type\":\"ListItem\",\"position\":2,\"name\":\"Natalia Wieteska w sekcji Greenhouse podczas 70-tej edycji targ\u00f3w Stockholm Furniture &amp; Light Fair\"}]},{\"@type\":\"WebSite\",\"@id\":\"https:\/\/instytutpolski.pl\/stockholm\/#website\",\"url\":\"https:\/\/instytutpolski.pl\/stockholm\/\",\"name\":\"Instytut Polski w Sztokholmie\",\"description\":\"Instytuty Polskie\",\"potentialAction\":[{\"@type\":\"SearchAction\",\"target\":{\"@type\":\"EntryPoint\",\"urlTemplate\":\"https:\/\/instytutpolski.pl\/stockholm\/?s={search_term_string}\"},\"query-input\":{\"@type\":\"PropertyValueSpecification\",\"valueRequired\":true,\"valueName\":\"search_term_string\"}}],\"inLanguage\":\"pl-PL\"},{\"@type\":\"Person\",\"@id\":\"https:\/\/instytutpolski.pl\/stockholm\/#\/schema\/person\/062b5a5f61f32b17c98996975db8d556\",\"name\":\"strozniake\",\"image\":{\"@type\":\"ImageObject\",\"inLanguage\":\"pl-PL\",\"@id\":\"https:\/\/instytutpolski.pl\/stockholm\/#\/schema\/person\/image\/\",\"url\":\"https:\/\/secure.gravatar.com\/avatar\/25e0be9897787f9035155a882fde97cc?s=96&d=mm&r=g\",\"contentUrl\":\"https:\/\/secure.gravatar.com\/avatar\/25e0be9897787f9035155a882fde97cc?s=96&d=mm&r=g\",\"caption\":\"strozniake\"},\"sameAs\":[\"http:\/\/strozniake\"],\"url\":\"https:\/\/instytutpolski.pl\/stockholm\/author\/strozniake\/\"}]}<\/script>\n<!-- \/ Yoast SEO plugin. -->","yoast_head_json":{"title":"Natalia Wieteska w sekcji Greenhouse podczas 70-tej edycji targ\u00f3w Stockholm Furniture &amp; Light Fair - Instytut Polski w Sztokholmie","robots":{"index":"index","follow":"follow","max-snippet":"max-snippet:-1","max-image-preview":"max-image-preview:large","max-video-preview":"max-video-preview:-1"},"canonical":"https:\/\/instytutpolski.pl\/stockholm\/pl\/2020\/05\/25\/1808\/","og_locale":"pl_PL","og_type":"article","og_title":"Natalia Wieteska w sekcji Greenhouse podczas 70-tej edycji targ\u00f3w Stockholm Furniture &amp; Light Fair - Instytut Polski w Sztokholmie","og_description":"Podczas tej specjalnej edycji nie zabraknie polskiego akcentu w postaci polskiej projektantki,&nbsp;Natalii Wieteski. Artystka zosta\u0142a zaproszona do presti\u017cowej sekcji&nbsp;Greenhouse, gdzie co roku prezentowane s\u0105 prace wschodz\u0105cych gwiazd sceny designu oraz szk\u00f3\u0142 artystycznych z ca\u0142ego \u015bwiata. Natalia Wieteska&nbsp;jest projektantk\u0105 wn\u0119trz i mebli, absolwentk\u0105 projektowania na \u0142\u00f3dzkiej ASP. Do\u015bwiadczenie zdobywa\u0142a r\u00f3wnie\u017c w czasie studi\u00f3w na uczelni w [&hellip;]","og_url":"https:\/\/instytutpolski.pl\/stockholm\/pl\/2020\/05\/25\/1808\/","og_site_name":"Instytut Polski w Sztokholmie","article_published_time":"2020-05-25T13:46:46+00:00","article_modified_time":"2020-05-25T13:50:49+00:00","og_image":[{"width":1083,"height":609,"url":"https:\/\/instytutpolski.pl\/stockholm\/wp-content\/uploads\/sites\/17\/2020\/05\/Stockholm-Furniture-Fair-2020_Envee.jpg","type":"image\/jpeg"}],"author":"strozniake","twitter_card":"summary_large_image","twitter_misc":{"Napisane przez":"strozniake","Szacowany czas czytania":"1 minuta"},"schema":{"@context":"https:\/\/schema.org","@graph":[{"@type":"event","@id":"https:\/\/instytutpolski.pl\/stockholm\/pl\/2020\/05\/25\/1808\/","url":"https:\/\/instytutpolski.pl\/stockholm\/pl\/2020\/05\/25\/1808\/","name":"Natalia Wieteska w sekcji Greenhouse podczas 70-tej edycji targ\u00f3w Stockholm Furniture &amp; Light Fair","isPartOf":{"@id":"https:\/\/instytutpolski.pl\/stockholm\/#website"},"primaryImageOfPage":{"@id":"https:\/\/instytutpolski.pl\/stockholm\/pl\/2020\/05\/25\/1808\/#primaryimage"},"image":["https:\/\/instytutpolski.pl\/stockholm\/wp-content\/uploads\/sites\/17\/2020\/05\/Stockholm-Furniture-Fair-2020_Envee.jpg","https:\/\/instytutpolski.pl\/stockholm\/wp-content\/uploads\/sites\/17\/2020\/05\/Stockholm-Furniture-Fair-2020_Envee-300x169.jpg","https:\/\/instytutpolski.pl\/stockholm\/wp-content\/uploads\/sites\/17\/2020\/05\/Stockholm-Furniture-Fair-2020_Envee-1024x576.jpg","https:\/\/instytutpolski.pl\/stockholm\/wp-content\/uploads\/sites\/17\/2020\/05\/Stockholm-Furniture-Fair-2020_Envee.jpg"],"thumbnailUrl":"https:\/\/instytutpolski.pl\/stockholm\/wp-content\/uploads\/sites\/17\/2020\/05\/Stockholm-Furniture-Fair-2020_Envee.jpg","datePublished":"2020-05-25T13:46:46+02:00","dateModified":"2020-05-25T13:50:49+02:00","author":{"@id":"https:\/\/instytutpolski.pl\/stockholm\/#\/schema\/person\/062b5a5f61f32b17c98996975db8d556"},"breadcrumb":{"@id":"https:\/\/instytutpolski.pl\/stockholm\/pl\/2020\/05\/25\/1808\/#breadcrumb"},"inLanguage":"pl-PL","potentialAction":[{"@type":"ReadAction","target":["https:\/\/instytutpolski.pl\/stockholm\/pl\/2020\/05\/25\/1808\/"]}],"@context":"https:\/\/schema.org","startDate":"2020-02-04","endDate":"2020-02-08","eventStatus":"EventScheduled","eventAttendanceMode":"OfflineEventAttendanceMode","location":{"@type":"place","name":"Stockholmsm\u00e4ssan, Greenhouse, M\u00e4ssv\u00e4gen 1, \u00c4lvsj\u00f6, Stockholm","address":"Stockholmsm\u00e4ssan, Greenhouse, M\u00e4ssv\u00e4gen 1, \u00c4lvsj\u00f6, Stockholm","geo":{"@type":"GeoCoordinates","latitude":"0","longitude":"0"}},"description":"Podczas tej specjalnej edycji nie zabraknie polskiego akcentu w postaci polskiej projektantki, Natalii Wieteski. Artystka zosta\u0142a zaproszona do presti\u017cowej sekcji Greenhouse, gdzie co roku prezentowane s\u0105 prace wschodz\u0105cych gwiazd sceny designu oraz szk\u00f3\u0142 artystycznych z ca\u0142ego \u015bwiata.\nNatalia Wieteska jest projektantk\u0105 wn\u0119trz i mebli, absolwentk\u0105 projektowania na \u0142\u00f3dzkiej ASP. Do\u015bwiadczenie zdobywa\u0142a r\u00f3wnie\u017c w czasie studi\u00f3w na uczelni w Hiszpanii, a tak\u017ce w pracy w kilku polskich i zagranicznych pracowniach, m.in w Myo Interiors w Anglii. Jest kilkukrotn\u0105 stypendystk\u0105 Ministra Kultury i Dziedzictwa Narodowego oraz laureatk\u0105 nagrody Red Dot Award: Design Concept 2017. Swoje projekty meblowe pokazywa\u0142a na wystawach w Londynie i Mediolanie. Zami\u0142owanie do projektowania mebli doprowadzi\u0142o j\u0105 do za\u0142o\u017cenia autorskiej marki meblowej Envee, kt\u00f3ra skupia najwa\u017cniejsze dla autorki warto\u015bci: zaci\u0119cie do geometrycznych form, dba\u0142o\u015b\u0107 o detale i wysok\u0105 klas\u0119 produkt\u00f3w oraz stawianie na jedno \"uderzenie\u201d, a wi\u0119c wiod\u0105cy pomys\u0142 w projekcie. W ten spos\u00f3b powstaj\u0105 funkcjonalne, ale i unikatowe meble, kt\u00f3re udowadniaj\u0105, \u017ce zwyk\u0142y przedmiot codziennego u\u017cytku mo\u017ce mie\u0107 ciekaw\u0105, rze\u017abiarsk\u0105 form\u0119.\nWi\u0119cej o Natalii Wieteska i studiu Envee tutaj.\nWi\u0119cej o targach Stockholm Furniture &amp; Light Fair 2020 tutaj.\nGodziny otwarcia: Wtorek 9-18 | \u015aroda 9-18 | Czwartek 9-18 | Pi\u0105tek 9-18 | Sobota 10-17 (targi otwarte dla publiczno\u015bci)\nUwaga! Targi s\u0105 og\u00f3lnodost\u0119pne jedynie w sobot\u0119, 8 lutego 2020."},{"@type":"ImageObject","inLanguage":"pl-PL","@id":"https:\/\/instytutpolski.pl\/stockholm\/pl\/2020\/05\/25\/1808\/#primaryimage","url":"https:\/\/instytutpolski.pl\/stockholm\/wp-content\/uploads\/sites\/17\/2020\/05\/Stockholm-Furniture-Fair-2020_Envee.jpg","contentUrl":"https:\/\/instytutpolski.pl\/stockholm\/wp-content\/uploads\/sites\/17\/2020\/05\/Stockholm-Furniture-Fair-2020_Envee.jpg","width":1083,"height":609},{"@type":"BreadcrumbList","@id":"https:\/\/instytutpolski.pl\/stockholm\/pl\/2020\/05\/25\/1808\/#breadcrumb","itemListElement":[{"@type":"ListItem","position":1,"name":"Home","item":"https:\/\/instytutpolski.pl\/stockholm\/"},{"@type":"ListItem","position":2,"name":"Natalia Wieteska w sekcji Greenhouse podczas 70-tej edycji targ\u00f3w Stockholm Furniture &amp; Light Fair"}]},{"@type":"WebSite","@id":"https:\/\/instytutpolski.pl\/stockholm\/#website","url":"https:\/\/instytutpolski.pl\/stockholm\/","name":"Instytut Polski w Sztokholmie","description":"Instytuty Polskie","potentialAction":[{"@type":"SearchAction","target":{"@type":"EntryPoint","urlTemplate":"https:\/\/instytutpolski.pl\/stockholm\/?s={search_term_string}"},"query-input":{"@type":"PropertyValueSpecification","valueRequired":true,"valueName":"search_term_string"}}],"inLanguage":"pl-PL"},{"@type":"Person","@id":"https:\/\/instytutpolski.pl\/stockholm\/#\/schema\/person\/062b5a5f61f32b17c98996975db8d556","name":"strozniake","image":{"@type":"ImageObject","inLanguage":"pl-PL","@id":"https:\/\/instytutpolski.pl\/stockholm\/#\/schema\/person\/image\/","url":"https:\/\/secure.gravatar.com\/avatar\/25e0be9897787f9035155a882fde97cc?s=96&d=mm&r=g","contentUrl":"https:\/\/secure.gravatar.com\/avatar\/25e0be9897787f9035155a882fde97cc?s=96&d=mm&r=g","caption":"strozniake"},"sameAs":["http:\/\/strozniake"],"url":"https:\/\/instytutpolski.pl\/stockholm\/author\/strozniake\/"}]}},"_links":{"self":[{"href":"https:\/\/instytutpolski.pl\/stockholm\/wp-json\/wp\/v2\/posts\/1808","targetHints":{"allow":["GET"]}}],"collection":[{"href":"https:\/\/instytutpolski.pl\/stockholm\/wp-json\/wp\/v2\/posts"}],"about":[{"href":"https:\/\/instytutpolski.pl\/stockholm\/wp-json\/wp\/v2\/types\/post"}],"author":[{"embeddable":true,"href":"https:\/\/instytutpolski.pl\/stockholm\/wp-json\/wp\/v2\/users\/29"}],"replies":[{"embeddable":true,"href":"https:\/\/instytutpolski.pl\/stockholm\/wp-json\/wp\/v2\/comments?post=1808"}],"version-history":[{"count":3,"href":"https:\/\/instytutpolski.pl\/stockholm\/wp-json\/wp\/v2\/posts\/1808\/revisions"}],"predecessor-version":[{"id":1811,"href":"https:\/\/instytutpolski.pl\/stockholm\/wp-json\/wp\/v2\/posts\/1808\/revisions\/1811"}],"wp:featuredmedia":[{"embeddable":true,"href":"https:\/\/instytutpolski.pl\/stockholm\/wp-json\/wp\/v2\/media\/1729"}],"wp:attachment":[{"href":"https:\/\/instytutpolski.pl\/stockholm\/wp-json\/wp\/v2\/media?parent=1808"}],"wp:term":[{"taxonomy":"category","embeddable":true,"href":"https:\/\/instytutpolski.pl\/stockholm\/wp-json\/wp\/v2\/categories?post=1808"},{"taxonomy":"post_tag","embeddable":true,"href":"https:\/\/instytutpolski.pl\/stockholm\/wp-json\/wp\/v2\/tags?post=1808"}],"curies":[{"name":"wp","href":"https:\/\/api.w.org\/{rel}","templated":true}]}}