{"id":1814,"date":"2020-05-25T16:17:55","date_gmt":"2020-05-25T14:17:55","guid":{"rendered":"https:\/\/instytutpolski.pl\/stockholm\/?p=1814"},"modified":"2020-05-25T16:17:56","modified_gmt":"2020-05-25T14:17:56","slug":"ett-mote-med-polska-formgivaren-natalia-wieteska-presentation-av-designstudion-envee-och-mobler-utstallda-pa-greenhouse-2020","status":"publish","type":"post","link":"https:\/\/instytutpolski.pl\/stockholm\/2020\/05\/25\/ett-mote-med-polska-formgivaren-natalia-wieteska-presentation-av-designstudion-envee-och-mobler-utstallda-pa-greenhouse-2020\/","title":{"rendered":"Ett m\u00f6te med polska formgivaren Natalia Wieteska. Presentation av designstudion Envee och m\u00f6bler utst\u00e4llda p\u00e5 Greenhouse 2020"},"content":{"rendered":"\n<p><strong>funktionalitet &#8211; h\u00f6g klass &#8211; geometriska former<\/strong><br><br><em>Jag \u00e4r intresserad av design som \u00f6verraskar \u00e5sk\u00e5daren, f\u00e5ngar uppm\u00e4rksamheten, leder till tillf\u00e4llig f\u00f6rvirring \u2013 men inte p\u00e5 bekostnad av funktionen. M\u00f6blerna i kollektionen har en ovanlig design som utg\u00e5r fr\u00e5n arkitektoniska former eller nutida skulptur, men samtidigt \u00e4r de funktionella, och den upplyfta fronten fyller funktionen av handtag f\u00f6r att \u00f6ppna dem.<\/em><br>~ Natalia Wieteska<br><br>Hennes m\u00f6belm\u00e4rke Envee som visas p\u00e5 Stockholm Furniture &amp; Light Fair 2020 utm\u00e4rks av f\u00f6rtjusning i geometriska former, noggrannhet med detaljer, h\u00f6g klass och satsning p\u00e5 en enda ledande id\u00e9 i varje designprojekt. Natalia kommer att ber\u00e4tta om hur ett enkelt vardagsf\u00f6rem\u00e5l kan behandlas p\u00e5 ovanligt s\u00e4tt och \u00e4ven om sin v\u00e4g till priset Red Dot Award: Design Concept d\u00e4r hon bel\u00f6nades f\u00f6r sin anspr\u00e5ksl\u00f6sa design baserad p\u00e5 en intressant men subtil tanke.<br><br>Ta med dig ditt intresse f\u00f6r design och m\u00f6t Natalia p\u00e5 det fina galleriet Konstart!<\/p>\n\n\n\n<p>Evenemangets spr\u00e5k: engelska<\/p>\n\n\n\n<p>Mer om Envee\u00a0<a rel=\"noreferrer noopener\" href=\"https:\/\/www.envee.eu\/\" target=\"_blank\">h\u00e4r<\/a>.<br>Mer om Envee under Stockholm Furniture &amp; Light Fair\u00a0<a rel=\"noreferrer noopener\" href=\"https:\/\/polskainstitutet.se\/envee\" target=\"_blank\">h<\/a><a rel=\"noreferrer noopener\" href=\"https:\/\/www.stockholmfurniturelightfair.se\/?sc_lang=en\" target=\"_blank\">\u00e4<\/a><a rel=\"noreferrer noopener\" href=\"https:\/\/polskainstitutet.se\/envee\" target=\"_blank\">r<\/a>.<br>Mer om Stockholm Furniture &amp; Light Fair 2020\u00a0<a rel=\"noreferrer noopener\" href=\"https:\/\/www.stockholmfurniturelightfair.se\/?sc_lang=en\" target=\"_blank\">h\u00e4r<\/a>.<\/p>\n\n\n\n<p>Fri entr\u00e9!<\/p>\n\n\n\n<figure class=\"wp-block-image size-large\"><img decoding=\"async\" src=\"https:\/\/instytutpolski.pl\/stockholm\/wp-content\/uploads\/sites\/17\/2020\/05\/fil_5e2862d5ce3f3-1024x686.jpg\" alt=\"\" class=\"wp-image-1791\" \/><\/figure>\n","protected":false},"excerpt":{"rendered":"<p>funktionalitet &#8211; h\u00f6g klass &#8211; geometriska former Jag \u00e4r intresserad av design som \u00f6verraskar \u00e5sk\u00e5daren, f\u00e5ngar uppm\u00e4rksamheten, leder till tillf\u00e4llig f\u00f6rvirring \u2013 men inte p\u00e5 bekostnad av funktionen. M\u00f6blerna i kollektionen har en ovanlig design som utg\u00e5r fr\u00e5n arkitektoniska former eller nutida skulptur, men samtidigt \u00e4r de funktionella, och den upplyfta fronten fyller funktionen av [&hellip;]<\/p>\n","protected":false},"author":29,"featured_media":1727,"comment_status":"open","ping_status":"open","sticky":false,"template":"","format":"standard","meta":{"inline_featured_image":false,"_monsterinsights_skip_tracking":false,"_monsterinsights_sitenote_active":false,"_monsterinsights_sitenote_note":"","_monsterinsights_sitenote_category":0,"footnotes":""},"categories":[164,12],"tags":[],"class_list":["post-1814","post","type-post","status-publish","format-standard","has-post-thumbnail","hentry","category-design","category-evenemang"],"yoast_head":"<!-- This site is optimized with the Yoast SEO plugin v24.6 - https:\/\/yoast.com\/wordpress\/plugins\/seo\/ -->\n<title>Ett m\u00f6te med polska formgivaren Natalia Wieteska. Presentation av designstudion Envee och m\u00f6bler utst\u00e4llda p\u00e5 Greenhouse 2020 - Instytut Polski w Sztokholmie<\/title>\n<meta name=\"robots\" content=\"index, follow, max-snippet:-1, max-image-preview:large, max-video-preview:-1\" \/>\n<link rel=\"canonical\" href=\"https:\/\/instytutpolski.pl\/stockholm\/2020\/05\/25\/ett-mote-med-polska-formgivaren-natalia-wieteska-presentation-av-designstudion-envee-och-mobler-utstallda-pa-greenhouse-2020\/\" \/>\n<meta property=\"og:locale\" content=\"pl_PL\" \/>\n<meta property=\"og:type\" content=\"article\" \/>\n<meta property=\"og:title\" content=\"Ett m\u00f6te med polska formgivaren Natalia Wieteska. Presentation av designstudion Envee och m\u00f6bler utst\u00e4llda p\u00e5 Greenhouse 2020 - Instytut Polski w Sztokholmie\" \/>\n<meta property=\"og:description\" content=\"funktionalitet &#8211; h\u00f6g klass &#8211; geometriska former Jag \u00e4r intresserad av design som \u00f6verraskar \u00e5sk\u00e5daren, f\u00e5ngar uppm\u00e4rksamheten, leder till tillf\u00e4llig f\u00f6rvirring \u2013 men inte p\u00e5 bekostnad av funktionen. M\u00f6blerna i kollektionen har en ovanlig design som utg\u00e5r fr\u00e5n arkitektoniska former eller nutida skulptur, men samtidigt \u00e4r de funktionella, och den upplyfta fronten fyller funktionen av [&hellip;]\" \/>\n<meta property=\"og:url\" content=\"https:\/\/instytutpolski.pl\/stockholm\/2020\/05\/25\/ett-mote-med-polska-formgivaren-natalia-wieteska-presentation-av-designstudion-envee-och-mobler-utstallda-pa-greenhouse-2020\/\" \/>\n<meta property=\"og:site_name\" content=\"Instytut Polski w Sztokholmie\" \/>\n<meta property=\"article:published_time\" content=\"2020-05-25T14:17:55+00:00\" \/>\n<meta property=\"article:modified_time\" content=\"2020-05-25T14:17:56+00:00\" \/>\n<meta property=\"og:image\" content=\"https:\/\/instytutpolski.pl\/stockholm\/wp-content\/uploads\/sites\/17\/2020\/05\/Natalia-Wieteska_spotkanie.jpg\" \/>\n\t<meta property=\"og:image:width\" content=\"1083\" \/>\n\t<meta property=\"og:image:height\" content=\"609\" \/>\n\t<meta property=\"og:image:type\" content=\"image\/jpeg\" \/>\n<meta name=\"author\" content=\"strozniake\" \/>\n<meta name=\"twitter:card\" content=\"summary_large_image\" \/>\n<meta name=\"twitter:label1\" content=\"Napisane przez\" \/>\n\t<meta name=\"twitter:data1\" content=\"strozniake\" \/>\n\t<meta name=\"twitter:label2\" content=\"Szacowany czas czytania\" \/>\n\t<meta name=\"twitter:data2\" content=\"1 minuta\" \/>\n<script type=\"application\/ld+json\" class=\"yoast-schema-graph\">{\"@context\":\"https:\/\/schema.org\",\"@graph\":[{\"@type\":\"event\",\"@id\":\"https:\/\/instytutpolski.pl\/stockholm\/2020\/05\/25\/ett-mote-med-polska-formgivaren-natalia-wieteska-presentation-av-designstudion-envee-och-mobler-utstallda-pa-greenhouse-2020\/\",\"url\":\"https:\/\/instytutpolski.pl\/stockholm\/2020\/05\/25\/ett-mote-med-polska-formgivaren-natalia-wieteska-presentation-av-designstudion-envee-och-mobler-utstallda-pa-greenhouse-2020\/\",\"name\":\"Ett m\u00f6te med polska formgivaren Natalia Wieteska. Presentation av designstudion Envee och m\u00f6bler utst\u00e4llda p\u00e5 Greenhouse 2020\",\"isPartOf\":{\"@id\":\"https:\/\/instytutpolski.pl\/stockholm\/#website\"},\"primaryImageOfPage\":{\"@id\":\"https:\/\/instytutpolski.pl\/stockholm\/2020\/05\/25\/ett-mote-med-polska-formgivaren-natalia-wieteska-presentation-av-designstudion-envee-och-mobler-utstallda-pa-greenhouse-2020\/#primaryimage\"},\"image\":[\"https:\/\/instytutpolski.pl\/stockholm\/wp-content\/uploads\/sites\/17\/2020\/05\/Natalia-Wieteska_spotkanie.jpg\",\"https:\/\/instytutpolski.pl\/stockholm\/wp-content\/uploads\/sites\/17\/2020\/05\/Natalia-Wieteska_spotkanie-300x169.jpg\",\"https:\/\/instytutpolski.pl\/stockholm\/wp-content\/uploads\/sites\/17\/2020\/05\/Natalia-Wieteska_spotkanie-1024x576.jpg\",\"https:\/\/instytutpolski.pl\/stockholm\/wp-content\/uploads\/sites\/17\/2020\/05\/Natalia-Wieteska_spotkanie.jpg\"],\"thumbnailUrl\":\"https:\/\/instytutpolski.pl\/stockholm\/wp-content\/uploads\/sites\/17\/2020\/05\/Natalia-Wieteska_spotkanie.jpg\",\"datePublished\":\"2020-05-25T14:17:55+02:00\",\"dateModified\":\"2020-05-25T14:17:56+02:00\",\"author\":{\"@id\":\"https:\/\/instytutpolski.pl\/stockholm\/#\/schema\/person\/062b5a5f61f32b17c98996975db8d556\"},\"breadcrumb\":{\"@id\":\"https:\/\/instytutpolski.pl\/stockholm\/2020\/05\/25\/ett-mote-med-polska-formgivaren-natalia-wieteska-presentation-av-designstudion-envee-och-mobler-utstallda-pa-greenhouse-2020\/#breadcrumb\"},\"inLanguage\":\"pl-PL\",\"potentialAction\":[{\"@type\":\"ReadAction\",\"target\":[\"https:\/\/instytutpolski.pl\/stockholm\/2020\/05\/25\/ett-mote-med-polska-formgivaren-natalia-wieteska-presentation-av-designstudion-envee-och-mobler-utstallda-pa-greenhouse-2020\/\"]}],\"@context\":\"https:\/\/schema.org\",\"startDate\":\"2020-02-06T07:30:00+02:00\",\"endDate\":\"2020-02-06T09:00:00+02:00\",\"eventStatus\":\"EventScheduled\",\"eventAttendanceMode\":\"OfflineEventAttendanceMode\",\"location\":{\"@type\":\"place\",\"name\":\"Konstart, H\u00f6kens gata 11, Stockholm\",\"address\":\"Konstart, H\u00f6kens gata 11, Stockholm\",\"geo\":{\"@type\":\"GeoCoordinates\",\"latitude\":\"0\",\"longitude\":\"0\"}},\"description\":\"funktionalitet - h\u00f6g klass - geometriska formerJag \u00e4r intresserad av design som \u00f6verraskar \u00e5sk\u00e5daren, f\u00e5ngar uppm\u00e4rksamheten, leder till tillf\u00e4llig f\u00f6rvirring \u2013 men inte p\u00e5 bekostnad av funktionen. M\u00f6blerna i kollektionen har en ovanlig design som utg\u00e5r fr\u00e5n arkitektoniska former eller nutida skulptur, men samtidigt \u00e4r de funktionella, och den upplyfta fronten fyller funktionen av handtag f\u00f6r att \u00f6ppna dem.~ Natalia WieteskaHennes m\u00f6belm\u00e4rke Envee som visas p\u00e5 Stockholm Furniture &amp; Light Fair 2020 utm\u00e4rks av f\u00f6rtjusning i geometriska former, noggrannhet med detaljer, h\u00f6g klass och satsning p\u00e5 en enda ledande id\u00e9 i varje designprojekt. Natalia kommer att ber\u00e4tta om hur ett enkelt vardagsf\u00f6rem\u00e5l kan behandlas p\u00e5 ovanligt s\u00e4tt och \u00e4ven om sin v\u00e4g till priset Red Dot Award: Design Concept d\u00e4r hon bel\u00f6nades f\u00f6r sin anspr\u00e5ksl\u00f6sa design baserad p\u00e5 en intressant men subtil tanke.Ta med dig ditt intresse f\u00f6r design och m\u00f6t Natalia p\u00e5 det fina galleriet Konstart!\\nEvenemangets spr\u00e5k: engelska\\nMer om Envee\u00a0h\u00e4r.Mer om Envee under Stockholm Furniture &amp; Light Fair\u00a0h\u00e4r.Mer om Stockholm Furniture &amp; Light Fair 2020\u00a0h\u00e4r.\\nFri entr\u00e9!\"},{\"@type\":\"ImageObject\",\"inLanguage\":\"pl-PL\",\"@id\":\"https:\/\/instytutpolski.pl\/stockholm\/2020\/05\/25\/ett-mote-med-polska-formgivaren-natalia-wieteska-presentation-av-designstudion-envee-och-mobler-utstallda-pa-greenhouse-2020\/#primaryimage\",\"url\":\"https:\/\/instytutpolski.pl\/stockholm\/wp-content\/uploads\/sites\/17\/2020\/05\/Natalia-Wieteska_spotkanie.jpg\",\"contentUrl\":\"https:\/\/instytutpolski.pl\/stockholm\/wp-content\/uploads\/sites\/17\/2020\/05\/Natalia-Wieteska_spotkanie.jpg\",\"width\":1083,\"height\":609},{\"@type\":\"BreadcrumbList\",\"@id\":\"https:\/\/instytutpolski.pl\/stockholm\/2020\/05\/25\/ett-mote-med-polska-formgivaren-natalia-wieteska-presentation-av-designstudion-envee-och-mobler-utstallda-pa-greenhouse-2020\/#breadcrumb\",\"itemListElement\":[{\"@type\":\"ListItem\",\"position\":1,\"name\":\"Home\",\"item\":\"https:\/\/instytutpolski.pl\/stockholm\/\"},{\"@type\":\"ListItem\",\"position\":2,\"name\":\"Ett m\u00f6te med polska formgivaren Natalia Wieteska. Presentation av designstudion Envee och m\u00f6bler utst\u00e4llda p\u00e5 Greenhouse 2020\"}]},{\"@type\":\"WebSite\",\"@id\":\"https:\/\/instytutpolski.pl\/stockholm\/#website\",\"url\":\"https:\/\/instytutpolski.pl\/stockholm\/\",\"name\":\"Instytut Polski w Sztokholmie\",\"description\":\"Instytuty Polskie\",\"potentialAction\":[{\"@type\":\"SearchAction\",\"target\":{\"@type\":\"EntryPoint\",\"urlTemplate\":\"https:\/\/instytutpolski.pl\/stockholm\/?s={search_term_string}\"},\"query-input\":{\"@type\":\"PropertyValueSpecification\",\"valueRequired\":true,\"valueName\":\"search_term_string\"}}],\"inLanguage\":\"pl-PL\"},{\"@type\":\"Person\",\"@id\":\"https:\/\/instytutpolski.pl\/stockholm\/#\/schema\/person\/062b5a5f61f32b17c98996975db8d556\",\"name\":\"strozniake\",\"image\":{\"@type\":\"ImageObject\",\"inLanguage\":\"pl-PL\",\"@id\":\"https:\/\/instytutpolski.pl\/stockholm\/#\/schema\/person\/image\/\",\"url\":\"https:\/\/secure.gravatar.com\/avatar\/25e0be9897787f9035155a882fde97cc?s=96&d=mm&r=g\",\"contentUrl\":\"https:\/\/secure.gravatar.com\/avatar\/25e0be9897787f9035155a882fde97cc?s=96&d=mm&r=g\",\"caption\":\"strozniake\"},\"sameAs\":[\"http:\/\/strozniake\"],\"url\":\"https:\/\/instytutpolski.pl\/stockholm\/author\/strozniake\/\"}]}<\/script>\n<!-- \/ Yoast SEO plugin. -->","yoast_head_json":{"title":"Ett m\u00f6te med polska formgivaren Natalia Wieteska. Presentation av designstudion Envee och m\u00f6bler utst\u00e4llda p\u00e5 Greenhouse 2020 - Instytut Polski w Sztokholmie","robots":{"index":"index","follow":"follow","max-snippet":"max-snippet:-1","max-image-preview":"max-image-preview:large","max-video-preview":"max-video-preview:-1"},"canonical":"https:\/\/instytutpolski.pl\/stockholm\/2020\/05\/25\/ett-mote-med-polska-formgivaren-natalia-wieteska-presentation-av-designstudion-envee-och-mobler-utstallda-pa-greenhouse-2020\/","og_locale":"pl_PL","og_type":"article","og_title":"Ett m\u00f6te med polska formgivaren Natalia Wieteska. Presentation av designstudion Envee och m\u00f6bler utst\u00e4llda p\u00e5 Greenhouse 2020 - Instytut Polski w Sztokholmie","og_description":"funktionalitet &#8211; h\u00f6g klass &#8211; geometriska former Jag \u00e4r intresserad av design som \u00f6verraskar \u00e5sk\u00e5daren, f\u00e5ngar uppm\u00e4rksamheten, leder till tillf\u00e4llig f\u00f6rvirring \u2013 men inte p\u00e5 bekostnad av funktionen. M\u00f6blerna i kollektionen har en ovanlig design som utg\u00e5r fr\u00e5n arkitektoniska former eller nutida skulptur, men samtidigt \u00e4r de funktionella, och den upplyfta fronten fyller funktionen av [&hellip;]","og_url":"https:\/\/instytutpolski.pl\/stockholm\/2020\/05\/25\/ett-mote-med-polska-formgivaren-natalia-wieteska-presentation-av-designstudion-envee-och-mobler-utstallda-pa-greenhouse-2020\/","og_site_name":"Instytut Polski w Sztokholmie","article_published_time":"2020-05-25T14:17:55+00:00","article_modified_time":"2020-05-25T14:17:56+00:00","og_image":[{"width":1083,"height":609,"url":"https:\/\/instytutpolski.pl\/stockholm\/wp-content\/uploads\/sites\/17\/2020\/05\/Natalia-Wieteska_spotkanie.jpg","type":"image\/jpeg"}],"author":"strozniake","twitter_card":"summary_large_image","twitter_misc":{"Napisane przez":"strozniake","Szacowany czas czytania":"1 minuta"},"schema":{"@context":"https:\/\/schema.org","@graph":[{"@type":"event","@id":"https:\/\/instytutpolski.pl\/stockholm\/2020\/05\/25\/ett-mote-med-polska-formgivaren-natalia-wieteska-presentation-av-designstudion-envee-och-mobler-utstallda-pa-greenhouse-2020\/","url":"https:\/\/instytutpolski.pl\/stockholm\/2020\/05\/25\/ett-mote-med-polska-formgivaren-natalia-wieteska-presentation-av-designstudion-envee-och-mobler-utstallda-pa-greenhouse-2020\/","name":"Ett m\u00f6te med polska formgivaren Natalia Wieteska. Presentation av designstudion Envee och m\u00f6bler utst\u00e4llda p\u00e5 Greenhouse 2020","isPartOf":{"@id":"https:\/\/instytutpolski.pl\/stockholm\/#website"},"primaryImageOfPage":{"@id":"https:\/\/instytutpolski.pl\/stockholm\/2020\/05\/25\/ett-mote-med-polska-formgivaren-natalia-wieteska-presentation-av-designstudion-envee-och-mobler-utstallda-pa-greenhouse-2020\/#primaryimage"},"image":["https:\/\/instytutpolski.pl\/stockholm\/wp-content\/uploads\/sites\/17\/2020\/05\/Natalia-Wieteska_spotkanie.jpg","https:\/\/instytutpolski.pl\/stockholm\/wp-content\/uploads\/sites\/17\/2020\/05\/Natalia-Wieteska_spotkanie-300x169.jpg","https:\/\/instytutpolski.pl\/stockholm\/wp-content\/uploads\/sites\/17\/2020\/05\/Natalia-Wieteska_spotkanie-1024x576.jpg","https:\/\/instytutpolski.pl\/stockholm\/wp-content\/uploads\/sites\/17\/2020\/05\/Natalia-Wieteska_spotkanie.jpg"],"thumbnailUrl":"https:\/\/instytutpolski.pl\/stockholm\/wp-content\/uploads\/sites\/17\/2020\/05\/Natalia-Wieteska_spotkanie.jpg","datePublished":"2020-05-25T14:17:55+02:00","dateModified":"2020-05-25T14:17:56+02:00","author":{"@id":"https:\/\/instytutpolski.pl\/stockholm\/#\/schema\/person\/062b5a5f61f32b17c98996975db8d556"},"breadcrumb":{"@id":"https:\/\/instytutpolski.pl\/stockholm\/2020\/05\/25\/ett-mote-med-polska-formgivaren-natalia-wieteska-presentation-av-designstudion-envee-och-mobler-utstallda-pa-greenhouse-2020\/#breadcrumb"},"inLanguage":"pl-PL","potentialAction":[{"@type":"ReadAction","target":["https:\/\/instytutpolski.pl\/stockholm\/2020\/05\/25\/ett-mote-med-polska-formgivaren-natalia-wieteska-presentation-av-designstudion-envee-och-mobler-utstallda-pa-greenhouse-2020\/"]}],"@context":"https:\/\/schema.org","startDate":"2020-02-06T07:30:00+02:00","endDate":"2020-02-06T09:00:00+02:00","eventStatus":"EventScheduled","eventAttendanceMode":"OfflineEventAttendanceMode","location":{"@type":"place","name":"Konstart, H\u00f6kens gata 11, Stockholm","address":"Konstart, H\u00f6kens gata 11, Stockholm","geo":{"@type":"GeoCoordinates","latitude":"0","longitude":"0"}},"description":"funktionalitet - h\u00f6g klass - geometriska formerJag \u00e4r intresserad av design som \u00f6verraskar \u00e5sk\u00e5daren, f\u00e5ngar uppm\u00e4rksamheten, leder till tillf\u00e4llig f\u00f6rvirring \u2013 men inte p\u00e5 bekostnad av funktionen. M\u00f6blerna i kollektionen har en ovanlig design som utg\u00e5r fr\u00e5n arkitektoniska former eller nutida skulptur, men samtidigt \u00e4r de funktionella, och den upplyfta fronten fyller funktionen av handtag f\u00f6r att \u00f6ppna dem.~ Natalia WieteskaHennes m\u00f6belm\u00e4rke Envee som visas p\u00e5 Stockholm Furniture &amp; Light Fair 2020 utm\u00e4rks av f\u00f6rtjusning i geometriska former, noggrannhet med detaljer, h\u00f6g klass och satsning p\u00e5 en enda ledande id\u00e9 i varje designprojekt. Natalia kommer att ber\u00e4tta om hur ett enkelt vardagsf\u00f6rem\u00e5l kan behandlas p\u00e5 ovanligt s\u00e4tt och \u00e4ven om sin v\u00e4g till priset Red Dot Award: Design Concept d\u00e4r hon bel\u00f6nades f\u00f6r sin anspr\u00e5ksl\u00f6sa design baserad p\u00e5 en intressant men subtil tanke.Ta med dig ditt intresse f\u00f6r design och m\u00f6t Natalia p\u00e5 det fina galleriet Konstart!\nEvenemangets spr\u00e5k: engelska\nMer om Envee\u00a0h\u00e4r.Mer om Envee under Stockholm Furniture &amp; Light Fair\u00a0h\u00e4r.Mer om Stockholm Furniture &amp; Light Fair 2020\u00a0h\u00e4r.\nFri entr\u00e9!"},{"@type":"ImageObject","inLanguage":"pl-PL","@id":"https:\/\/instytutpolski.pl\/stockholm\/2020\/05\/25\/ett-mote-med-polska-formgivaren-natalia-wieteska-presentation-av-designstudion-envee-och-mobler-utstallda-pa-greenhouse-2020\/#primaryimage","url":"https:\/\/instytutpolski.pl\/stockholm\/wp-content\/uploads\/sites\/17\/2020\/05\/Natalia-Wieteska_spotkanie.jpg","contentUrl":"https:\/\/instytutpolski.pl\/stockholm\/wp-content\/uploads\/sites\/17\/2020\/05\/Natalia-Wieteska_spotkanie.jpg","width":1083,"height":609},{"@type":"BreadcrumbList","@id":"https:\/\/instytutpolski.pl\/stockholm\/2020\/05\/25\/ett-mote-med-polska-formgivaren-natalia-wieteska-presentation-av-designstudion-envee-och-mobler-utstallda-pa-greenhouse-2020\/#breadcrumb","itemListElement":[{"@type":"ListItem","position":1,"name":"Home","item":"https:\/\/instytutpolski.pl\/stockholm\/"},{"@type":"ListItem","position":2,"name":"Ett m\u00f6te med polska formgivaren Natalia Wieteska. Presentation av designstudion Envee och m\u00f6bler utst\u00e4llda p\u00e5 Greenhouse 2020"}]},{"@type":"WebSite","@id":"https:\/\/instytutpolski.pl\/stockholm\/#website","url":"https:\/\/instytutpolski.pl\/stockholm\/","name":"Instytut Polski w Sztokholmie","description":"Instytuty Polskie","potentialAction":[{"@type":"SearchAction","target":{"@type":"EntryPoint","urlTemplate":"https:\/\/instytutpolski.pl\/stockholm\/?s={search_term_string}"},"query-input":{"@type":"PropertyValueSpecification","valueRequired":true,"valueName":"search_term_string"}}],"inLanguage":"pl-PL"},{"@type":"Person","@id":"https:\/\/instytutpolski.pl\/stockholm\/#\/schema\/person\/062b5a5f61f32b17c98996975db8d556","name":"strozniake","image":{"@type":"ImageObject","inLanguage":"pl-PL","@id":"https:\/\/instytutpolski.pl\/stockholm\/#\/schema\/person\/image\/","url":"https:\/\/secure.gravatar.com\/avatar\/25e0be9897787f9035155a882fde97cc?s=96&d=mm&r=g","contentUrl":"https:\/\/secure.gravatar.com\/avatar\/25e0be9897787f9035155a882fde97cc?s=96&d=mm&r=g","caption":"strozniake"},"sameAs":["http:\/\/strozniake"],"url":"https:\/\/instytutpolski.pl\/stockholm\/author\/strozniake\/"}]}},"_links":{"self":[{"href":"https:\/\/instytutpolski.pl\/stockholm\/wp-json\/wp\/v2\/posts\/1814","targetHints":{"allow":["GET"]}}],"collection":[{"href":"https:\/\/instytutpolski.pl\/stockholm\/wp-json\/wp\/v2\/posts"}],"about":[{"href":"https:\/\/instytutpolski.pl\/stockholm\/wp-json\/wp\/v2\/types\/post"}],"author":[{"embeddable":true,"href":"https:\/\/instytutpolski.pl\/stockholm\/wp-json\/wp\/v2\/users\/29"}],"replies":[{"embeddable":true,"href":"https:\/\/instytutpolski.pl\/stockholm\/wp-json\/wp\/v2\/comments?post=1814"}],"version-history":[{"count":2,"href":"https:\/\/instytutpolski.pl\/stockholm\/wp-json\/wp\/v2\/posts\/1814\/revisions"}],"predecessor-version":[{"id":1816,"href":"https:\/\/instytutpolski.pl\/stockholm\/wp-json\/wp\/v2\/posts\/1814\/revisions\/1816"}],"wp:featuredmedia":[{"embeddable":true,"href":"https:\/\/instytutpolski.pl\/stockholm\/wp-json\/wp\/v2\/media\/1727"}],"wp:attachment":[{"href":"https:\/\/instytutpolski.pl\/stockholm\/wp-json\/wp\/v2\/media?parent=1814"}],"wp:term":[{"taxonomy":"category","embeddable":true,"href":"https:\/\/instytutpolski.pl\/stockholm\/wp-json\/wp\/v2\/categories?post=1814"},{"taxonomy":"post_tag","embeddable":true,"href":"https:\/\/instytutpolski.pl\/stockholm\/wp-json\/wp\/v2\/tags?post=1814"}],"curies":[{"name":"wp","href":"https:\/\/api.w.org\/{rel}","templated":true}]}}