{"id":1817,"date":"2020-05-25T16:17:55","date_gmt":"2020-05-25T14:17:55","guid":{"rendered":"https:\/\/instytutpolski.pl\/stockholm\/?p=1817"},"modified":"2020-05-25T16:33:01","modified_gmt":"2020-05-25T14:33:01","slug":"spotkanie-z-polska-projektantka-natalia-wieteska-prezentacja-studia-designu-envee-oraz-mebli-wystawianych-podczas-greenhouse-2020","status":"publish","type":"post","link":"https:\/\/instytutpolski.pl\/stockholm\/pl\/2020\/05\/25\/spotkanie-z-polska-projektantka-natalia-wieteska-prezentacja-studia-designu-envee-oraz-mebli-wystawianych-podczas-greenhouse-2020\/","title":{"rendered":"Spotkanie z polsk\u0105 projektantk\u0105 Natali\u0105 Wietesk\u0105. Prezentacja studia designu Envee oraz mebli wystawianych podczas Greenhouse 2020."},"content":{"rendered":"\n<h3 class=\"wp-block-heading\">funkcjonalno\u015b\u0107 \u2013 wysoka jako\u015b\u0107 \u2013 formy geometryczne<\/h3>\n\n\n\n<p><em>Interesuje mnie design, kt\u00f3ry zaskakuje odbiorc\u0119, zatrzymuje jego uwag\u0119, wprawia przez chwil\u0119 w konsternacj\u0119 &#8211; jednak nie kosztem funkcji. Meble z kolekcji maj\u0105 niespotykan\u0105, form\u0119, dla kt\u00f3rej punktem wyj\u015bcia by\u0142y bry\u0142y architektoniczne, czy wsp\u00f3\u0142czesne rze\u017aby, s\u0105 jednak przy tym funkcjonalne, a uniesiona linia front\u00f3w pe\u0142ni rol\u0119 &#8222;uchwytu&#8221; do ich otwierania.<\/em><br>&nbsp;&nbsp;&nbsp;&nbsp;&nbsp;&nbsp;&nbsp;&nbsp;&nbsp;&nbsp;&nbsp;&nbsp;&nbsp;&nbsp;&nbsp;&nbsp;&nbsp;&nbsp;&nbsp;&nbsp;&nbsp;&nbsp;&nbsp;&nbsp;&nbsp;&nbsp;&nbsp;&nbsp;&nbsp;&nbsp;&nbsp;&nbsp;&nbsp;&nbsp;&nbsp;&nbsp;&nbsp;&nbsp;&nbsp;&nbsp;&nbsp;&nbsp;&nbsp;&nbsp;&nbsp;&nbsp;&nbsp;&nbsp;&nbsp;&nbsp;&nbsp;&nbsp;&nbsp;&nbsp;&nbsp;&nbsp;&nbsp;&nbsp;&nbsp;&nbsp;&nbsp;&nbsp;&nbsp;&nbsp;&nbsp;&nbsp;&nbsp;&nbsp;&nbsp;&nbsp;&nbsp;&nbsp;&nbsp;&nbsp;&nbsp;&nbsp;&nbsp;&nbsp;&nbsp;&nbsp;&nbsp;&nbsp;&nbsp;&nbsp;&nbsp;&nbsp;&nbsp;&nbsp;&nbsp;&nbsp;&nbsp;&nbsp;&nbsp;&nbsp;&nbsp;&nbsp;&nbsp; &nbsp; &nbsp; &nbsp; &nbsp; &nbsp; &nbsp; &nbsp; &nbsp; &nbsp; &nbsp; &nbsp; &nbsp; &nbsp; &nbsp; &nbsp; &nbsp; &nbsp; &nbsp; &nbsp; &nbsp; &nbsp; &nbsp; &nbsp;&nbsp; &nbsp;&nbsp; ~ Natalia Wieteska<br><br>Instytut Polski w Sztokholmie ma przyjemno\u015b\u0107 zaprosi\u0107 na spotkanie z polsk\u0105 projektantk\u0105&nbsp;<strong>Natali\u0105 Wietesk\u0105<\/strong>, prezentuj\u0105c\u0105 swoje projekty podczas tegorocznej edycji targ\u00f3w&nbsp;<strong>Stockholm Furniture &amp; Light Fair<\/strong>, w ramach presti\u017cowej sekcji&nbsp;<strong>Greenhouse<\/strong>. Natalia opowie o swojej \u015bcie\u017cce kariery projektanta, w tym, o drodze do zdobycia nagrody&nbsp;<strong>Red Dot Award: Design Concept<\/strong>. Przedstawi r\u00f3wnie\u017c studio&nbsp;<strong>Envee<\/strong>, skupiaj\u0105ce najwa\u017cniejsze dla autorki warto\u015bci: zaci\u0119cie do geometrycznych form, dba\u0142o\u015b\u0107 o detale i wysok\u0105 klas\u0119 produkt\u00f3w oraz stawianie na jedno &#8222;uderzenie\u201d, a wi\u0119c wiod\u0105cy pomys\u0142 w projekcie.<\/p>\n\n\n\n<p>Przygotuj si\u0119 na wiecz\u00f3r pe\u0142en designerskich emocji. Do zobaczenia!<br><br>Wi\u0119cej o Envee\u00a0<a rel=\"noreferrer noopener\" href=\"https:\/\/www.envee.eu\/\" target=\"_blank\">tutaj<\/a>.<br>Wi\u0119cej o targach Stockholm Furniture &amp; Light Fair\u00a0<a rel=\"noreferrer noopener\" href=\"https:\/\/www.stockholmfurniturelightfair.se\/?sc_lang=en\" target=\"_blank\">tutaj<\/a>.<\/p>\n\n\n\n<p>Wst\u0119p wolny!<\/p>\n\n\n\n<figure class=\"wp-block-image size-large\"><img loading=\"lazy\" decoding=\"async\" width=\"1024\" height=\"686\" src=\"https:\/\/instytutpolski.pl\/stockholm\/wp-content\/uploads\/sites\/17\/2020\/05\/fil_5e2862d5ce3f3-1-1024x686.jpg\" alt=\"\" class=\"wp-image-1792\" srcset=\"https:\/\/instytutpolski.pl\/stockholm\/wp-content\/uploads\/sites\/17\/2020\/05\/fil_5e2862d5ce3f3-1-1024x686.jpg 1024w, https:\/\/instytutpolski.pl\/stockholm\/wp-content\/uploads\/sites\/17\/2020\/05\/fil_5e2862d5ce3f3-1-300x201.jpg 300w, https:\/\/instytutpolski.pl\/stockholm\/wp-content\/uploads\/sites\/17\/2020\/05\/fil_5e2862d5ce3f3-1-768x514.jpg 768w, https:\/\/instytutpolski.pl\/stockholm\/wp-content\/uploads\/sites\/17\/2020\/05\/fil_5e2862d5ce3f3-1.jpg 1280w\" sizes=\"auto, (max-width: 1024px) 100vw, 1024px\" \/><\/figure>\n","protected":false},"excerpt":{"rendered":"<p>funkcjonalno\u015b\u0107 \u2013 wysoka jako\u015b\u0107 \u2013 formy geometryczne Interesuje mnie design, kt\u00f3ry zaskakuje odbiorc\u0119, zatrzymuje jego uwag\u0119, wprawia przez chwil\u0119 w konsternacj\u0119 &#8211; jednak nie kosztem funkcji. Meble z kolekcji maj\u0105 niespotykan\u0105, form\u0119, dla kt\u00f3rej punktem wyj\u015bcia by\u0142y bry\u0142y architektoniczne, czy wsp\u00f3\u0142czesne rze\u017aby, s\u0105 jednak przy tym funkcjonalne, a uniesiona linia front\u00f3w pe\u0142ni rol\u0119 &#8222;uchwytu&#8221; do [&hellip;]<\/p>\n","protected":false},"author":29,"featured_media":1727,"comment_status":"open","ping_status":"open","sticky":false,"template":"","format":"standard","meta":{"inline_featured_image":false,"_monsterinsights_skip_tracking":false,"_monsterinsights_sitenote_active":false,"_monsterinsights_sitenote_note":"","_monsterinsights_sitenote_category":0,"footnotes":""},"categories":[166,36],"tags":[],"class_list":["post-1817","post","type-post","status-publish","format-standard","has-post-thumbnail","hentry","category-design-wydarzenie","category-wydarzenie"],"yoast_head":"<!-- This site is optimized with the Yoast SEO plugin v24.6 - https:\/\/yoast.com\/wordpress\/plugins\/seo\/ -->\n<title>Spotkanie z polsk\u0105 projektantk\u0105 Natali\u0105 Wietesk\u0105. Prezentacja studia designu Envee oraz mebli wystawianych podczas Greenhouse 2020. - Instytut Polski w Sztokholmie<\/title>\n<meta name=\"robots\" content=\"index, follow, max-snippet:-1, max-image-preview:large, max-video-preview:-1\" \/>\n<link rel=\"canonical\" href=\"https:\/\/instytutpolski.pl\/stockholm\/pl\/2020\/05\/25\/spotkanie-z-polska-projektantka-natalia-wieteska-prezentacja-studia-designu-envee-oraz-mebli-wystawianych-podczas-greenhouse-2020\/\" \/>\n<meta property=\"og:locale\" content=\"pl_PL\" \/>\n<meta property=\"og:type\" content=\"article\" \/>\n<meta property=\"og:title\" content=\"Spotkanie z polsk\u0105 projektantk\u0105 Natali\u0105 Wietesk\u0105. Prezentacja studia designu Envee oraz mebli wystawianych podczas Greenhouse 2020. - Instytut Polski w Sztokholmie\" \/>\n<meta property=\"og:description\" content=\"funkcjonalno\u015b\u0107 \u2013 wysoka jako\u015b\u0107 \u2013 formy geometryczne Interesuje mnie design, kt\u00f3ry zaskakuje odbiorc\u0119, zatrzymuje jego uwag\u0119, wprawia przez chwil\u0119 w konsternacj\u0119 &#8211; jednak nie kosztem funkcji. Meble z kolekcji maj\u0105 niespotykan\u0105, form\u0119, dla kt\u00f3rej punktem wyj\u015bcia by\u0142y bry\u0142y architektoniczne, czy wsp\u00f3\u0142czesne rze\u017aby, s\u0105 jednak przy tym funkcjonalne, a uniesiona linia front\u00f3w pe\u0142ni rol\u0119 &#8222;uchwytu&#8221; do [&hellip;]\" \/>\n<meta property=\"og:url\" content=\"https:\/\/instytutpolski.pl\/stockholm\/pl\/2020\/05\/25\/spotkanie-z-polska-projektantka-natalia-wieteska-prezentacja-studia-designu-envee-oraz-mebli-wystawianych-podczas-greenhouse-2020\/\" \/>\n<meta property=\"og:site_name\" content=\"Instytut Polski w Sztokholmie\" \/>\n<meta property=\"article:published_time\" content=\"2020-05-25T14:17:55+00:00\" \/>\n<meta property=\"article:modified_time\" content=\"2020-05-25T14:33:01+00:00\" \/>\n<meta property=\"og:image\" content=\"https:\/\/instytutpolski.pl\/stockholm\/wp-content\/uploads\/sites\/17\/2020\/05\/Natalia-Wieteska_spotkanie.jpg\" \/>\n\t<meta property=\"og:image:width\" content=\"1083\" \/>\n\t<meta property=\"og:image:height\" content=\"609\" \/>\n\t<meta property=\"og:image:type\" content=\"image\/jpeg\" \/>\n<meta name=\"author\" content=\"strozniake\" \/>\n<meta name=\"twitter:card\" content=\"summary_large_image\" \/>\n<meta name=\"twitter:label1\" content=\"Napisane przez\" \/>\n\t<meta name=\"twitter:data1\" content=\"strozniake\" \/>\n\t<meta name=\"twitter:label2\" content=\"Szacowany czas czytania\" \/>\n\t<meta name=\"twitter:data2\" content=\"2 minuty\" \/>\n<script type=\"application\/ld+json\" class=\"yoast-schema-graph\">{\"@context\":\"https:\/\/schema.org\",\"@graph\":[{\"@type\":\"event\",\"@id\":\"https:\/\/instytutpolski.pl\/stockholm\/pl\/2020\/05\/25\/spotkanie-z-polska-projektantka-natalia-wieteska-prezentacja-studia-designu-envee-oraz-mebli-wystawianych-podczas-greenhouse-2020\/\",\"url\":\"https:\/\/instytutpolski.pl\/stockholm\/pl\/2020\/05\/25\/spotkanie-z-polska-projektantka-natalia-wieteska-prezentacja-studia-designu-envee-oraz-mebli-wystawianych-podczas-greenhouse-2020\/\",\"name\":\"Spotkanie z polsk\u0105 projektantk\u0105 Natali\u0105 Wietesk\u0105. Prezentacja studia designu Envee oraz mebli wystawianych podczas Greenhouse 2020.\",\"isPartOf\":{\"@id\":\"https:\/\/instytutpolski.pl\/stockholm\/#website\"},\"primaryImageOfPage\":{\"@id\":\"https:\/\/instytutpolski.pl\/stockholm\/pl\/2020\/05\/25\/spotkanie-z-polska-projektantka-natalia-wieteska-prezentacja-studia-designu-envee-oraz-mebli-wystawianych-podczas-greenhouse-2020\/#primaryimage\"},\"image\":[\"https:\/\/instytutpolski.pl\/stockholm\/wp-content\/uploads\/sites\/17\/2020\/05\/Natalia-Wieteska_spotkanie.jpg\",\"https:\/\/instytutpolski.pl\/stockholm\/wp-content\/uploads\/sites\/17\/2020\/05\/Natalia-Wieteska_spotkanie-300x169.jpg\",\"https:\/\/instytutpolski.pl\/stockholm\/wp-content\/uploads\/sites\/17\/2020\/05\/Natalia-Wieteska_spotkanie-1024x576.jpg\",\"https:\/\/instytutpolski.pl\/stockholm\/wp-content\/uploads\/sites\/17\/2020\/05\/Natalia-Wieteska_spotkanie.jpg\"],\"thumbnailUrl\":\"https:\/\/instytutpolski.pl\/stockholm\/wp-content\/uploads\/sites\/17\/2020\/05\/Natalia-Wieteska_spotkanie.jpg\",\"datePublished\":\"2020-05-25T14:17:55+02:00\",\"dateModified\":\"2020-05-25T14:33:01+02:00\",\"author\":{\"@id\":\"https:\/\/instytutpolski.pl\/stockholm\/#\/schema\/person\/062b5a5f61f32b17c98996975db8d556\"},\"breadcrumb\":{\"@id\":\"https:\/\/instytutpolski.pl\/stockholm\/pl\/2020\/05\/25\/spotkanie-z-polska-projektantka-natalia-wieteska-prezentacja-studia-designu-envee-oraz-mebli-wystawianych-podczas-greenhouse-2020\/#breadcrumb\"},\"inLanguage\":\"pl-PL\",\"potentialAction\":[{\"@type\":\"ReadAction\",\"target\":[\"https:\/\/instytutpolski.pl\/stockholm\/pl\/2020\/05\/25\/spotkanie-z-polska-projektantka-natalia-wieteska-prezentacja-studia-designu-envee-oraz-mebli-wystawianych-podczas-greenhouse-2020\/\"]}],\"@context\":\"https:\/\/schema.org\",\"startDate\":\"2020-02-06T07:30:00+02:00\",\"endDate\":\"2020-02-06T09:00:00+02:00\",\"eventStatus\":\"EventScheduled\",\"eventAttendanceMode\":\"OfflineEventAttendanceMode\",\"location\":{\"@type\":\"place\",\"name\":\"Konstart, H\u00f6kens gata 11, Stockholm\",\"address\":\"Konstart, H\u00f6kens gata 11, Stockholm\",\"geo\":{\"@type\":\"GeoCoordinates\",\"latitude\":\"0\",\"longitude\":\"0\"}},\"description\":\"funkcjonalno\u015b\u0107 \u2013 wysoka jako\u015b\u0107 \u2013 formy geometryczne\\nInteresuje mnie design, kt\u00f3ry zaskakuje odbiorc\u0119, zatrzymuje jego uwag\u0119, wprawia przez chwil\u0119 w konsternacj\u0119 - jednak nie kosztem funkcji. Meble z kolekcji maj\u0105 niespotykan\u0105, form\u0119, dla kt\u00f3rej punktem wyj\u015bcia by\u0142y bry\u0142y architektoniczne, czy wsp\u00f3\u0142czesne rze\u017aby, s\u0105 jednak przy tym funkcjonalne, a uniesiona linia front\u00f3w pe\u0142ni rol\u0119 \\\"uchwytu\\\" do ich otwierania.                                                                                                                                                    ~ Natalia WieteskaInstytut Polski w Sztokholmie ma przyjemno\u015b\u0107 zaprosi\u0107 na spotkanie z polsk\u0105 projektantk\u0105 Natali\u0105 Wietesk\u0105, prezentuj\u0105c\u0105 swoje projekty podczas tegorocznej edycji targ\u00f3w Stockholm Furniture &amp; Light Fair, w ramach presti\u017cowej sekcji Greenhouse. Natalia opowie o swojej \u015bcie\u017cce kariery projektanta, w tym, o drodze do zdobycia nagrody Red Dot Award: Design Concept. Przedstawi r\u00f3wnie\u017c studio Envee, skupiaj\u0105ce najwa\u017cniejsze dla autorki warto\u015bci: zaci\u0119cie do geometrycznych form, dba\u0142o\u015b\u0107 o detale i wysok\u0105 klas\u0119 produkt\u00f3w oraz stawianie na jedno \\\"uderzenie\u201d, a wi\u0119c wiod\u0105cy pomys\u0142 w projekcie.\\nPrzygotuj si\u0119 na wiecz\u00f3r pe\u0142en designerskich emocji. Do zobaczenia!Wi\u0119cej o Envee\u00a0tutaj.Wi\u0119cej o targach Stockholm Furniture &amp; Light Fair\u00a0tutaj.\\nWst\u0119p wolny!\"},{\"@type\":\"ImageObject\",\"inLanguage\":\"pl-PL\",\"@id\":\"https:\/\/instytutpolski.pl\/stockholm\/pl\/2020\/05\/25\/spotkanie-z-polska-projektantka-natalia-wieteska-prezentacja-studia-designu-envee-oraz-mebli-wystawianych-podczas-greenhouse-2020\/#primaryimage\",\"url\":\"https:\/\/instytutpolski.pl\/stockholm\/wp-content\/uploads\/sites\/17\/2020\/05\/Natalia-Wieteska_spotkanie.jpg\",\"contentUrl\":\"https:\/\/instytutpolski.pl\/stockholm\/wp-content\/uploads\/sites\/17\/2020\/05\/Natalia-Wieteska_spotkanie.jpg\",\"width\":1083,\"height\":609},{\"@type\":\"BreadcrumbList\",\"@id\":\"https:\/\/instytutpolski.pl\/stockholm\/pl\/2020\/05\/25\/spotkanie-z-polska-projektantka-natalia-wieteska-prezentacja-studia-designu-envee-oraz-mebli-wystawianych-podczas-greenhouse-2020\/#breadcrumb\",\"itemListElement\":[{\"@type\":\"ListItem\",\"position\":1,\"name\":\"Home\",\"item\":\"https:\/\/instytutpolski.pl\/stockholm\/\"},{\"@type\":\"ListItem\",\"position\":2,\"name\":\"Spotkanie z polsk\u0105 projektantk\u0105 Natali\u0105 Wietesk\u0105. Prezentacja studia designu Envee oraz mebli wystawianych podczas Greenhouse 2020.\"}]},{\"@type\":\"WebSite\",\"@id\":\"https:\/\/instytutpolski.pl\/stockholm\/#website\",\"url\":\"https:\/\/instytutpolski.pl\/stockholm\/\",\"name\":\"Instytut Polski w Sztokholmie\",\"description\":\"Instytuty Polskie\",\"potentialAction\":[{\"@type\":\"SearchAction\",\"target\":{\"@type\":\"EntryPoint\",\"urlTemplate\":\"https:\/\/instytutpolski.pl\/stockholm\/?s={search_term_string}\"},\"query-input\":{\"@type\":\"PropertyValueSpecification\",\"valueRequired\":true,\"valueName\":\"search_term_string\"}}],\"inLanguage\":\"pl-PL\"},{\"@type\":\"Person\",\"@id\":\"https:\/\/instytutpolski.pl\/stockholm\/#\/schema\/person\/062b5a5f61f32b17c98996975db8d556\",\"name\":\"strozniake\",\"image\":{\"@type\":\"ImageObject\",\"inLanguage\":\"pl-PL\",\"@id\":\"https:\/\/instytutpolski.pl\/stockholm\/#\/schema\/person\/image\/\",\"url\":\"https:\/\/secure.gravatar.com\/avatar\/25e0be9897787f9035155a882fde97cc?s=96&d=mm&r=g\",\"contentUrl\":\"https:\/\/secure.gravatar.com\/avatar\/25e0be9897787f9035155a882fde97cc?s=96&d=mm&r=g\",\"caption\":\"strozniake\"},\"sameAs\":[\"http:\/\/strozniake\"],\"url\":\"https:\/\/instytutpolski.pl\/stockholm\/author\/strozniake\/\"}]}<\/script>\n<!-- \/ Yoast SEO plugin. -->","yoast_head_json":{"title":"Spotkanie z polsk\u0105 projektantk\u0105 Natali\u0105 Wietesk\u0105. Prezentacja studia designu Envee oraz mebli wystawianych podczas Greenhouse 2020. - Instytut Polski w Sztokholmie","robots":{"index":"index","follow":"follow","max-snippet":"max-snippet:-1","max-image-preview":"max-image-preview:large","max-video-preview":"max-video-preview:-1"},"canonical":"https:\/\/instytutpolski.pl\/stockholm\/pl\/2020\/05\/25\/spotkanie-z-polska-projektantka-natalia-wieteska-prezentacja-studia-designu-envee-oraz-mebli-wystawianych-podczas-greenhouse-2020\/","og_locale":"pl_PL","og_type":"article","og_title":"Spotkanie z polsk\u0105 projektantk\u0105 Natali\u0105 Wietesk\u0105. Prezentacja studia designu Envee oraz mebli wystawianych podczas Greenhouse 2020. - Instytut Polski w Sztokholmie","og_description":"funkcjonalno\u015b\u0107 \u2013 wysoka jako\u015b\u0107 \u2013 formy geometryczne Interesuje mnie design, kt\u00f3ry zaskakuje odbiorc\u0119, zatrzymuje jego uwag\u0119, wprawia przez chwil\u0119 w konsternacj\u0119 &#8211; jednak nie kosztem funkcji. Meble z kolekcji maj\u0105 niespotykan\u0105, form\u0119, dla kt\u00f3rej punktem wyj\u015bcia by\u0142y bry\u0142y architektoniczne, czy wsp\u00f3\u0142czesne rze\u017aby, s\u0105 jednak przy tym funkcjonalne, a uniesiona linia front\u00f3w pe\u0142ni rol\u0119 &#8222;uchwytu&#8221; do [&hellip;]","og_url":"https:\/\/instytutpolski.pl\/stockholm\/pl\/2020\/05\/25\/spotkanie-z-polska-projektantka-natalia-wieteska-prezentacja-studia-designu-envee-oraz-mebli-wystawianych-podczas-greenhouse-2020\/","og_site_name":"Instytut Polski w Sztokholmie","article_published_time":"2020-05-25T14:17:55+00:00","article_modified_time":"2020-05-25T14:33:01+00:00","og_image":[{"width":1083,"height":609,"url":"https:\/\/instytutpolski.pl\/stockholm\/wp-content\/uploads\/sites\/17\/2020\/05\/Natalia-Wieteska_spotkanie.jpg","type":"image\/jpeg"}],"author":"strozniake","twitter_card":"summary_large_image","twitter_misc":{"Napisane przez":"strozniake","Szacowany czas czytania":"2 minuty"},"schema":{"@context":"https:\/\/schema.org","@graph":[{"@type":"event","@id":"https:\/\/instytutpolski.pl\/stockholm\/pl\/2020\/05\/25\/spotkanie-z-polska-projektantka-natalia-wieteska-prezentacja-studia-designu-envee-oraz-mebli-wystawianych-podczas-greenhouse-2020\/","url":"https:\/\/instytutpolski.pl\/stockholm\/pl\/2020\/05\/25\/spotkanie-z-polska-projektantka-natalia-wieteska-prezentacja-studia-designu-envee-oraz-mebli-wystawianych-podczas-greenhouse-2020\/","name":"Spotkanie z polsk\u0105 projektantk\u0105 Natali\u0105 Wietesk\u0105. Prezentacja studia designu Envee oraz mebli wystawianych podczas Greenhouse 2020.","isPartOf":{"@id":"https:\/\/instytutpolski.pl\/stockholm\/#website"},"primaryImageOfPage":{"@id":"https:\/\/instytutpolski.pl\/stockholm\/pl\/2020\/05\/25\/spotkanie-z-polska-projektantka-natalia-wieteska-prezentacja-studia-designu-envee-oraz-mebli-wystawianych-podczas-greenhouse-2020\/#primaryimage"},"image":["https:\/\/instytutpolski.pl\/stockholm\/wp-content\/uploads\/sites\/17\/2020\/05\/Natalia-Wieteska_spotkanie.jpg","https:\/\/instytutpolski.pl\/stockholm\/wp-content\/uploads\/sites\/17\/2020\/05\/Natalia-Wieteska_spotkanie-300x169.jpg","https:\/\/instytutpolski.pl\/stockholm\/wp-content\/uploads\/sites\/17\/2020\/05\/Natalia-Wieteska_spotkanie-1024x576.jpg","https:\/\/instytutpolski.pl\/stockholm\/wp-content\/uploads\/sites\/17\/2020\/05\/Natalia-Wieteska_spotkanie.jpg"],"thumbnailUrl":"https:\/\/instytutpolski.pl\/stockholm\/wp-content\/uploads\/sites\/17\/2020\/05\/Natalia-Wieteska_spotkanie.jpg","datePublished":"2020-05-25T14:17:55+02:00","dateModified":"2020-05-25T14:33:01+02:00","author":{"@id":"https:\/\/instytutpolski.pl\/stockholm\/#\/schema\/person\/062b5a5f61f32b17c98996975db8d556"},"breadcrumb":{"@id":"https:\/\/instytutpolski.pl\/stockholm\/pl\/2020\/05\/25\/spotkanie-z-polska-projektantka-natalia-wieteska-prezentacja-studia-designu-envee-oraz-mebli-wystawianych-podczas-greenhouse-2020\/#breadcrumb"},"inLanguage":"pl-PL","potentialAction":[{"@type":"ReadAction","target":["https:\/\/instytutpolski.pl\/stockholm\/pl\/2020\/05\/25\/spotkanie-z-polska-projektantka-natalia-wieteska-prezentacja-studia-designu-envee-oraz-mebli-wystawianych-podczas-greenhouse-2020\/"]}],"@context":"https:\/\/schema.org","startDate":"2020-02-06T07:30:00+02:00","endDate":"2020-02-06T09:00:00+02:00","eventStatus":"EventScheduled","eventAttendanceMode":"OfflineEventAttendanceMode","location":{"@type":"place","name":"Konstart, H\u00f6kens gata 11, Stockholm","address":"Konstart, H\u00f6kens gata 11, Stockholm","geo":{"@type":"GeoCoordinates","latitude":"0","longitude":"0"}},"description":"funkcjonalno\u015b\u0107 \u2013 wysoka jako\u015b\u0107 \u2013 formy geometryczne\nInteresuje mnie design, kt\u00f3ry zaskakuje odbiorc\u0119, zatrzymuje jego uwag\u0119, wprawia przez chwil\u0119 w konsternacj\u0119 - jednak nie kosztem funkcji. Meble z kolekcji maj\u0105 niespotykan\u0105, form\u0119, dla kt\u00f3rej punktem wyj\u015bcia by\u0142y bry\u0142y architektoniczne, czy wsp\u00f3\u0142czesne rze\u017aby, s\u0105 jednak przy tym funkcjonalne, a uniesiona linia front\u00f3w pe\u0142ni rol\u0119 \"uchwytu\" do ich otwierania.                                                                                                                                                    ~ Natalia WieteskaInstytut Polski w Sztokholmie ma przyjemno\u015b\u0107 zaprosi\u0107 na spotkanie z polsk\u0105 projektantk\u0105 Natali\u0105 Wietesk\u0105, prezentuj\u0105c\u0105 swoje projekty podczas tegorocznej edycji targ\u00f3w Stockholm Furniture &amp; Light Fair, w ramach presti\u017cowej sekcji Greenhouse. Natalia opowie o swojej \u015bcie\u017cce kariery projektanta, w tym, o drodze do zdobycia nagrody Red Dot Award: Design Concept. Przedstawi r\u00f3wnie\u017c studio Envee, skupiaj\u0105ce najwa\u017cniejsze dla autorki warto\u015bci: zaci\u0119cie do geometrycznych form, dba\u0142o\u015b\u0107 o detale i wysok\u0105 klas\u0119 produkt\u00f3w oraz stawianie na jedno \"uderzenie\u201d, a wi\u0119c wiod\u0105cy pomys\u0142 w projekcie.\nPrzygotuj si\u0119 na wiecz\u00f3r pe\u0142en designerskich emocji. Do zobaczenia!Wi\u0119cej o Envee\u00a0tutaj.Wi\u0119cej o targach Stockholm Furniture &amp; Light Fair\u00a0tutaj.\nWst\u0119p wolny!"},{"@type":"ImageObject","inLanguage":"pl-PL","@id":"https:\/\/instytutpolski.pl\/stockholm\/pl\/2020\/05\/25\/spotkanie-z-polska-projektantka-natalia-wieteska-prezentacja-studia-designu-envee-oraz-mebli-wystawianych-podczas-greenhouse-2020\/#primaryimage","url":"https:\/\/instytutpolski.pl\/stockholm\/wp-content\/uploads\/sites\/17\/2020\/05\/Natalia-Wieteska_spotkanie.jpg","contentUrl":"https:\/\/instytutpolski.pl\/stockholm\/wp-content\/uploads\/sites\/17\/2020\/05\/Natalia-Wieteska_spotkanie.jpg","width":1083,"height":609},{"@type":"BreadcrumbList","@id":"https:\/\/instytutpolski.pl\/stockholm\/pl\/2020\/05\/25\/spotkanie-z-polska-projektantka-natalia-wieteska-prezentacja-studia-designu-envee-oraz-mebli-wystawianych-podczas-greenhouse-2020\/#breadcrumb","itemListElement":[{"@type":"ListItem","position":1,"name":"Home","item":"https:\/\/instytutpolski.pl\/stockholm\/"},{"@type":"ListItem","position":2,"name":"Spotkanie z polsk\u0105 projektantk\u0105 Natali\u0105 Wietesk\u0105. Prezentacja studia designu Envee oraz mebli wystawianych podczas Greenhouse 2020."}]},{"@type":"WebSite","@id":"https:\/\/instytutpolski.pl\/stockholm\/#website","url":"https:\/\/instytutpolski.pl\/stockholm\/","name":"Instytut Polski w Sztokholmie","description":"Instytuty Polskie","potentialAction":[{"@type":"SearchAction","target":{"@type":"EntryPoint","urlTemplate":"https:\/\/instytutpolski.pl\/stockholm\/?s={search_term_string}"},"query-input":{"@type":"PropertyValueSpecification","valueRequired":true,"valueName":"search_term_string"}}],"inLanguage":"pl-PL"},{"@type":"Person","@id":"https:\/\/instytutpolski.pl\/stockholm\/#\/schema\/person\/062b5a5f61f32b17c98996975db8d556","name":"strozniake","image":{"@type":"ImageObject","inLanguage":"pl-PL","@id":"https:\/\/instytutpolski.pl\/stockholm\/#\/schema\/person\/image\/","url":"https:\/\/secure.gravatar.com\/avatar\/25e0be9897787f9035155a882fde97cc?s=96&d=mm&r=g","contentUrl":"https:\/\/secure.gravatar.com\/avatar\/25e0be9897787f9035155a882fde97cc?s=96&d=mm&r=g","caption":"strozniake"},"sameAs":["http:\/\/strozniake"],"url":"https:\/\/instytutpolski.pl\/stockholm\/author\/strozniake\/"}]}},"_links":{"self":[{"href":"https:\/\/instytutpolski.pl\/stockholm\/wp-json\/wp\/v2\/posts\/1817","targetHints":{"allow":["GET"]}}],"collection":[{"href":"https:\/\/instytutpolski.pl\/stockholm\/wp-json\/wp\/v2\/posts"}],"about":[{"href":"https:\/\/instytutpolski.pl\/stockholm\/wp-json\/wp\/v2\/types\/post"}],"author":[{"embeddable":true,"href":"https:\/\/instytutpolski.pl\/stockholm\/wp-json\/wp\/v2\/users\/29"}],"replies":[{"embeddable":true,"href":"https:\/\/instytutpolski.pl\/stockholm\/wp-json\/wp\/v2\/comments?post=1817"}],"version-history":[{"count":3,"href":"https:\/\/instytutpolski.pl\/stockholm\/wp-json\/wp\/v2\/posts\/1817\/revisions"}],"predecessor-version":[{"id":1820,"href":"https:\/\/instytutpolski.pl\/stockholm\/wp-json\/wp\/v2\/posts\/1817\/revisions\/1820"}],"wp:featuredmedia":[{"embeddable":true,"href":"https:\/\/instytutpolski.pl\/stockholm\/wp-json\/wp\/v2\/media\/1727"}],"wp:attachment":[{"href":"https:\/\/instytutpolski.pl\/stockholm\/wp-json\/wp\/v2\/media?parent=1817"}],"wp:term":[{"taxonomy":"category","embeddable":true,"href":"https:\/\/instytutpolski.pl\/stockholm\/wp-json\/wp\/v2\/categories?post=1817"},{"taxonomy":"post_tag","embeddable":true,"href":"https:\/\/instytutpolski.pl\/stockholm\/wp-json\/wp\/v2\/tags?post=1817"}],"curies":[{"name":"wp","href":"https:\/\/api.w.org\/{rel}","templated":true}]}}