{"id":1847,"date":"2020-05-25T17:58:13","date_gmt":"2020-05-25T15:58:13","guid":{"rendered":"https:\/\/instytutpolski.pl\/stockholm\/?p=1847"},"modified":"2020-05-25T18:04:28","modified_gmt":"2020-05-25T16:04:28","slug":"haftet-med-dikter-fran-auschwitz-historien-om-b-j-zdunek-f-musiewicz","status":"publish","type":"post","link":"https:\/\/instytutpolski.pl\/stockholm\/2020\/05\/25\/haftet-med-dikter-fran-auschwitz-historien-om-b-j-zdunek-f-musiewicz\/","title":{"rendered":"H\u00e4ftet med dikter fr\u00e5n Auschwitz. Historien om B.J. Zdunek (f. Musiewicz)"},"content":{"rendered":"\n<p>Utst\u00e4llningen presenterar f\u00f6r f\u00f6rsta g\u00e5ngen offentligt detta h\u00e4fte med poesi av kvinnliga koncentrationsl\u00e4gerf\u00e5ngar. H\u00e4ftet f\u00f6rdes till Sverige 1945 av f d l\u00e4gerf\u00e5ngen Bo\u017cena Janina Zdunek (f. Musiewicz). Den \u00e4r ett exempel p\u00e5 f\u00e5ngarnas tysta kamp f\u00f6r sj\u00e4lslig \u00f6verlevnad i den skr\u00e4ckfyllda och om\u00e4nskliga tillvaron i f\u00f6rintelse- och koncentrationsl\u00e4gren.<br><br>Utst\u00e4llningen \u00e4r en del av h\u00f6gtidligh\u00e5llandet av F\u00f6rintelsens minnesdag och 75-\u00e5rsminnet av andra v\u00e4rldskrigets avslutning. Utst\u00e4llningen g\u00f6rs till minne av B.J. Zdunek (f. Musiewicz) och andra f\u00e5ngar som kom till Sverige efter koncentrationsl\u00e4grens befrielse, tack vare Vita bussarna som Svenska R\u00f6da korset organiserade v\u00e5ren 1945.<br><br>\u201dN\u00e4r jag slutar tala b\u00f6rjar stenarna att tala.\u201d<br>B.J. Zdunek (f. Musiewicz)<br><br>Utst\u00e4llningen \u00e4r \u00f6ppen p\u00e5 Polska institutet, Mosebacke torg 4, fram till 30 april 2020, m\u00e5ndag-fredag kl 11.00-15.00.<br>Vill du se utst\u00e4llningen? Ring f\u00f6rst 08-505 750 80 och avtala tid.<\/p>\n\n\n\n<p>Fri entr\u00e9!<br><em><br>Utst\u00e4llningen arrangeras av Polska institutet i Stockholm med medverkan av Svenska R\u00f6da Korset och Auschwitzmuseet och har m\u00f6jliggjorts genom samarbete med Adam Zdunek och Joanna Ziembi\u0144ska-Kurek.<\/em><\/p>\n\n\n\n<figure class=\"wp-block-image size-large\"><img loading=\"lazy\" decoding=\"async\" width=\"725\" height=\"1024\" src=\"https:\/\/instytutpolski.pl\/stockholm\/wp-content\/uploads\/sites\/17\/2020\/05\/fil_5e4516f103334.jpg\" alt=\"\" class=\"wp-image-1848\" srcset=\"https:\/\/instytutpolski.pl\/stockholm\/wp-content\/uploads\/sites\/17\/2020\/05\/fil_5e4516f103334.jpg 725w, https:\/\/instytutpolski.pl\/stockholm\/wp-content\/uploads\/sites\/17\/2020\/05\/fil_5e4516f103334-212x300.jpg 212w\" sizes=\"auto, (max-width: 725px) 100vw, 725px\" \/><\/figure>\n","protected":false},"excerpt":{"rendered":"<p>Utst\u00e4llningen presenterar f\u00f6r f\u00f6rsta g\u00e5ngen offentligt detta h\u00e4fte med poesi av kvinnliga koncentrationsl\u00e4gerf\u00e5ngar. H\u00e4ftet f\u00f6rdes till Sverige 1945 av f d l\u00e4gerf\u00e5ngen Bo\u017cena Janina Zdunek (f. Musiewicz). Den \u00e4r ett exempel p\u00e5 f\u00e5ngarnas tysta kamp f\u00f6r sj\u00e4lslig \u00f6verlevnad i den skr\u00e4ckfyllda och om\u00e4nskliga tillvaron i f\u00f6rintelse- och koncentrationsl\u00e4gren. Utst\u00e4llningen \u00e4r en del av h\u00f6gtidligh\u00e5llandet av [&hellip;]<\/p>\n","protected":false},"author":29,"featured_media":1732,"comment_status":"open","ping_status":"open","sticky":false,"template":"","format":"standard","meta":{"inline_featured_image":false,"_monsterinsights_skip_tracking":false,"_monsterinsights_sitenote_active":false,"_monsterinsights_sitenote_note":"","_monsterinsights_sitenote_category":0,"footnotes":""},"categories":[12,111],"tags":[],"class_list":["post-1847","post","type-post","status-publish","format-standard","has-post-thumbnail","hentry","category-evenemang","category-historia-se"],"yoast_head":"<!-- This site is optimized with the Yoast SEO plugin v24.6 - https:\/\/yoast.com\/wordpress\/plugins\/seo\/ -->\n<title>H\u00e4ftet med dikter fr\u00e5n Auschwitz. Historien om B.J. Zdunek (f. Musiewicz) - Instytut Polski w Sztokholmie<\/title>\n<meta name=\"robots\" content=\"index, follow, max-snippet:-1, max-image-preview:large, max-video-preview:-1\" \/>\n<link rel=\"canonical\" href=\"https:\/\/instytutpolski.pl\/stockholm\/2020\/05\/25\/haftet-med-dikter-fran-auschwitz-historien-om-b-j-zdunek-f-musiewicz\/\" \/>\n<meta property=\"og:locale\" content=\"pl_PL\" \/>\n<meta property=\"og:type\" content=\"article\" \/>\n<meta property=\"og:title\" content=\"H\u00e4ftet med dikter fr\u00e5n Auschwitz. Historien om B.J. Zdunek (f. Musiewicz) - Instytut Polski w Sztokholmie\" \/>\n<meta property=\"og:description\" content=\"Utst\u00e4llningen presenterar f\u00f6r f\u00f6rsta g\u00e5ngen offentligt detta h\u00e4fte med poesi av kvinnliga koncentrationsl\u00e4gerf\u00e5ngar. H\u00e4ftet f\u00f6rdes till Sverige 1945 av f d l\u00e4gerf\u00e5ngen Bo\u017cena Janina Zdunek (f. Musiewicz). Den \u00e4r ett exempel p\u00e5 f\u00e5ngarnas tysta kamp f\u00f6r sj\u00e4lslig \u00f6verlevnad i den skr\u00e4ckfyllda och om\u00e4nskliga tillvaron i f\u00f6rintelse- och koncentrationsl\u00e4gren. Utst\u00e4llningen \u00e4r en del av h\u00f6gtidligh\u00e5llandet av [&hellip;]\" \/>\n<meta property=\"og:url\" content=\"https:\/\/instytutpolski.pl\/stockholm\/2020\/05\/25\/haftet-med-dikter-fran-auschwitz-historien-om-b-j-zdunek-f-musiewicz\/\" \/>\n<meta property=\"og:site_name\" content=\"Instytut Polski w Sztokholmie\" \/>\n<meta property=\"article:published_time\" content=\"2020-05-25T15:58:13+00:00\" \/>\n<meta property=\"article:modified_time\" content=\"2020-05-25T16:04:28+00:00\" \/>\n<meta property=\"og:image\" content=\"https:\/\/instytutpolski.pl\/stockholm\/wp-content\/uploads\/sites\/17\/2020\/05\/zeszyt-z-auschwitz-2.jpg\" \/>\n\t<meta property=\"og:image:width\" content=\"1083\" \/>\n\t<meta property=\"og:image:height\" content=\"609\" \/>\n\t<meta property=\"og:image:type\" content=\"image\/jpeg\" \/>\n<meta name=\"author\" content=\"strozniake\" \/>\n<meta name=\"twitter:card\" content=\"summary_large_image\" \/>\n<meta name=\"twitter:label1\" content=\"Napisane przez\" \/>\n\t<meta name=\"twitter:data1\" content=\"strozniake\" \/>\n\t<meta name=\"twitter:label2\" content=\"Szacowany czas czytania\" \/>\n\t<meta name=\"twitter:data2\" content=\"1 minuta\" \/>\n<script type=\"application\/ld+json\" class=\"yoast-schema-graph\">{\"@context\":\"https:\/\/schema.org\",\"@graph\":[{\"@type\":\"event\",\"@id\":\"https:\/\/instytutpolski.pl\/stockholm\/2020\/05\/25\/haftet-med-dikter-fran-auschwitz-historien-om-b-j-zdunek-f-musiewicz\/\",\"url\":\"https:\/\/instytutpolski.pl\/stockholm\/2020\/05\/25\/haftet-med-dikter-fran-auschwitz-historien-om-b-j-zdunek-f-musiewicz\/\",\"name\":\"H\u00e4ftet med dikter fr\u00e5n Auschwitz. Historien om B.J. Zdunek (f. Musiewicz)\",\"isPartOf\":{\"@id\":\"https:\/\/instytutpolski.pl\/stockholm\/#website\"},\"primaryImageOfPage\":{\"@id\":\"https:\/\/instytutpolski.pl\/stockholm\/2020\/05\/25\/haftet-med-dikter-fran-auschwitz-historien-om-b-j-zdunek-f-musiewicz\/#primaryimage\"},\"image\":[\"https:\/\/instytutpolski.pl\/stockholm\/wp-content\/uploads\/sites\/17\/2020\/05\/zeszyt-z-auschwitz-2.jpg\",\"https:\/\/instytutpolski.pl\/stockholm\/wp-content\/uploads\/sites\/17\/2020\/05\/zeszyt-z-auschwitz-2-300x169.jpg\",\"https:\/\/instytutpolski.pl\/stockholm\/wp-content\/uploads\/sites\/17\/2020\/05\/zeszyt-z-auschwitz-2-1024x576.jpg\",\"https:\/\/instytutpolski.pl\/stockholm\/wp-content\/uploads\/sites\/17\/2020\/05\/zeszyt-z-auschwitz-2.jpg\"],\"thumbnailUrl\":\"https:\/\/instytutpolski.pl\/stockholm\/wp-content\/uploads\/sites\/17\/2020\/05\/zeszyt-z-auschwitz-2.jpg\",\"datePublished\":\"2020-05-25T15:58:13+02:00\",\"dateModified\":\"2020-05-25T16:04:28+02:00\",\"author\":{\"@id\":\"https:\/\/instytutpolski.pl\/stockholm\/#\/schema\/person\/062b5a5f61f32b17c98996975db8d556\"},\"breadcrumb\":{\"@id\":\"https:\/\/instytutpolski.pl\/stockholm\/2020\/05\/25\/haftet-med-dikter-fran-auschwitz-historien-om-b-j-zdunek-f-musiewicz\/#breadcrumb\"},\"inLanguage\":\"pl-PL\",\"potentialAction\":[{\"@type\":\"ReadAction\",\"target\":[\"https:\/\/instytutpolski.pl\/stockholm\/2020\/05\/25\/haftet-med-dikter-fran-auschwitz-historien-om-b-j-zdunek-f-musiewicz\/\"]}],\"@context\":\"https:\/\/schema.org\",\"startDate\":\"2020-02-26\",\"endDate\":\"2020-04-30\",\"eventStatus\":\"EventScheduled\",\"eventAttendanceMode\":\"OfflineEventAttendanceMode\",\"location\":{\"@type\":\"place\",\"name\":\"Polska institutet, Mosebacke torg 4, Stockholm\",\"address\":\"Polska institutet, Mosebacke torg 4, Stockholm\",\"geo\":{\"@type\":\"GeoCoordinates\",\"latitude\":\"0\",\"longitude\":\"0\"}},\"description\":\"Utst\u00e4llningen presenterar f\u00f6r f\u00f6rsta g\u00e5ngen offentligt detta h\u00e4fte med poesi av kvinnliga koncentrationsl\u00e4gerf\u00e5ngar. H\u00e4ftet f\u00f6rdes till Sverige 1945 av f d l\u00e4gerf\u00e5ngen Bo\u017cena Janina Zdunek (f. Musiewicz). Den \u00e4r ett exempel p\u00e5 f\u00e5ngarnas tysta kamp f\u00f6r sj\u00e4lslig \u00f6verlevnad i den skr\u00e4ckfyllda och om\u00e4nskliga tillvaron i f\u00f6rintelse- och koncentrationsl\u00e4gren.Utst\u00e4llningen \u00e4r en del av h\u00f6gtidligh\u00e5llandet av F\u00f6rintelsens minnesdag och 75-\u00e5rsminnet av andra v\u00e4rldskrigets avslutning. Utst\u00e4llningen g\u00f6rs till minne av B.J. Zdunek (f. Musiewicz) och andra f\u00e5ngar som kom till Sverige efter koncentrationsl\u00e4grens befrielse, tack vare Vita bussarna som Svenska R\u00f6da korset organiserade v\u00e5ren 1945.\u201dN\u00e4r jag slutar tala b\u00f6rjar stenarna att tala.\u201dB.J. Zdunek (f. Musiewicz)Utst\u00e4llningen \u00e4r \u00f6ppen p\u00e5 Polska institutet, Mosebacke torg 4, fram till 30 april 2020, m\u00e5ndag-fredag kl 11.00-15.00.Vill du se utst\u00e4llningen? Ring f\u00f6rst 08-505 750 80 och avtala tid.\\nFri entr\u00e9!Utst\u00e4llningen arrangeras av Polska institutet i Stockholm med medverkan av Svenska R\u00f6da Korset och Auschwitzmuseet och har m\u00f6jliggjorts genom samarbete med Adam Zdunek och Joanna Ziembi\u0144ska-Kurek.\"},{\"@type\":\"ImageObject\",\"inLanguage\":\"pl-PL\",\"@id\":\"https:\/\/instytutpolski.pl\/stockholm\/2020\/05\/25\/haftet-med-dikter-fran-auschwitz-historien-om-b-j-zdunek-f-musiewicz\/#primaryimage\",\"url\":\"https:\/\/instytutpolski.pl\/stockholm\/wp-content\/uploads\/sites\/17\/2020\/05\/zeszyt-z-auschwitz-2.jpg\",\"contentUrl\":\"https:\/\/instytutpolski.pl\/stockholm\/wp-content\/uploads\/sites\/17\/2020\/05\/zeszyt-z-auschwitz-2.jpg\",\"width\":1083,\"height\":609},{\"@type\":\"BreadcrumbList\",\"@id\":\"https:\/\/instytutpolski.pl\/stockholm\/2020\/05\/25\/haftet-med-dikter-fran-auschwitz-historien-om-b-j-zdunek-f-musiewicz\/#breadcrumb\",\"itemListElement\":[{\"@type\":\"ListItem\",\"position\":1,\"name\":\"Home\",\"item\":\"https:\/\/instytutpolski.pl\/stockholm\/\"},{\"@type\":\"ListItem\",\"position\":2,\"name\":\"H\u00e4ftet med dikter fr\u00e5n Auschwitz. Historien om B.J. Zdunek (f. Musiewicz)\"}]},{\"@type\":\"WebSite\",\"@id\":\"https:\/\/instytutpolski.pl\/stockholm\/#website\",\"url\":\"https:\/\/instytutpolski.pl\/stockholm\/\",\"name\":\"Instytut Polski w Sztokholmie\",\"description\":\"Instytuty Polskie\",\"potentialAction\":[{\"@type\":\"SearchAction\",\"target\":{\"@type\":\"EntryPoint\",\"urlTemplate\":\"https:\/\/instytutpolski.pl\/stockholm\/?s={search_term_string}\"},\"query-input\":{\"@type\":\"PropertyValueSpecification\",\"valueRequired\":true,\"valueName\":\"search_term_string\"}}],\"inLanguage\":\"pl-PL\"},{\"@type\":\"Person\",\"@id\":\"https:\/\/instytutpolski.pl\/stockholm\/#\/schema\/person\/062b5a5f61f32b17c98996975db8d556\",\"name\":\"strozniake\",\"image\":{\"@type\":\"ImageObject\",\"inLanguage\":\"pl-PL\",\"@id\":\"https:\/\/instytutpolski.pl\/stockholm\/#\/schema\/person\/image\/\",\"url\":\"https:\/\/secure.gravatar.com\/avatar\/25e0be9897787f9035155a882fde97cc?s=96&d=mm&r=g\",\"contentUrl\":\"https:\/\/secure.gravatar.com\/avatar\/25e0be9897787f9035155a882fde97cc?s=96&d=mm&r=g\",\"caption\":\"strozniake\"},\"sameAs\":[\"http:\/\/strozniake\"],\"url\":\"https:\/\/instytutpolski.pl\/stockholm\/author\/strozniake\/\"}]}<\/script>\n<!-- \/ Yoast SEO plugin. -->","yoast_head_json":{"title":"H\u00e4ftet med dikter fr\u00e5n Auschwitz. Historien om B.J. Zdunek (f. Musiewicz) - Instytut Polski w Sztokholmie","robots":{"index":"index","follow":"follow","max-snippet":"max-snippet:-1","max-image-preview":"max-image-preview:large","max-video-preview":"max-video-preview:-1"},"canonical":"https:\/\/instytutpolski.pl\/stockholm\/2020\/05\/25\/haftet-med-dikter-fran-auschwitz-historien-om-b-j-zdunek-f-musiewicz\/","og_locale":"pl_PL","og_type":"article","og_title":"H\u00e4ftet med dikter fr\u00e5n Auschwitz. Historien om B.J. Zdunek (f. Musiewicz) - Instytut Polski w Sztokholmie","og_description":"Utst\u00e4llningen presenterar f\u00f6r f\u00f6rsta g\u00e5ngen offentligt detta h\u00e4fte med poesi av kvinnliga koncentrationsl\u00e4gerf\u00e5ngar. H\u00e4ftet f\u00f6rdes till Sverige 1945 av f d l\u00e4gerf\u00e5ngen Bo\u017cena Janina Zdunek (f. Musiewicz). Den \u00e4r ett exempel p\u00e5 f\u00e5ngarnas tysta kamp f\u00f6r sj\u00e4lslig \u00f6verlevnad i den skr\u00e4ckfyllda och om\u00e4nskliga tillvaron i f\u00f6rintelse- och koncentrationsl\u00e4gren. Utst\u00e4llningen \u00e4r en del av h\u00f6gtidligh\u00e5llandet av [&hellip;]","og_url":"https:\/\/instytutpolski.pl\/stockholm\/2020\/05\/25\/haftet-med-dikter-fran-auschwitz-historien-om-b-j-zdunek-f-musiewicz\/","og_site_name":"Instytut Polski w Sztokholmie","article_published_time":"2020-05-25T15:58:13+00:00","article_modified_time":"2020-05-25T16:04:28+00:00","og_image":[{"width":1083,"height":609,"url":"https:\/\/instytutpolski.pl\/stockholm\/wp-content\/uploads\/sites\/17\/2020\/05\/zeszyt-z-auschwitz-2.jpg","type":"image\/jpeg"}],"author":"strozniake","twitter_card":"summary_large_image","twitter_misc":{"Napisane przez":"strozniake","Szacowany czas czytania":"1 minuta"},"schema":{"@context":"https:\/\/schema.org","@graph":[{"@type":"event","@id":"https:\/\/instytutpolski.pl\/stockholm\/2020\/05\/25\/haftet-med-dikter-fran-auschwitz-historien-om-b-j-zdunek-f-musiewicz\/","url":"https:\/\/instytutpolski.pl\/stockholm\/2020\/05\/25\/haftet-med-dikter-fran-auschwitz-historien-om-b-j-zdunek-f-musiewicz\/","name":"H\u00e4ftet med dikter fr\u00e5n Auschwitz. Historien om B.J. Zdunek (f. Musiewicz)","isPartOf":{"@id":"https:\/\/instytutpolski.pl\/stockholm\/#website"},"primaryImageOfPage":{"@id":"https:\/\/instytutpolski.pl\/stockholm\/2020\/05\/25\/haftet-med-dikter-fran-auschwitz-historien-om-b-j-zdunek-f-musiewicz\/#primaryimage"},"image":["https:\/\/instytutpolski.pl\/stockholm\/wp-content\/uploads\/sites\/17\/2020\/05\/zeszyt-z-auschwitz-2.jpg","https:\/\/instytutpolski.pl\/stockholm\/wp-content\/uploads\/sites\/17\/2020\/05\/zeszyt-z-auschwitz-2-300x169.jpg","https:\/\/instytutpolski.pl\/stockholm\/wp-content\/uploads\/sites\/17\/2020\/05\/zeszyt-z-auschwitz-2-1024x576.jpg","https:\/\/instytutpolski.pl\/stockholm\/wp-content\/uploads\/sites\/17\/2020\/05\/zeszyt-z-auschwitz-2.jpg"],"thumbnailUrl":"https:\/\/instytutpolski.pl\/stockholm\/wp-content\/uploads\/sites\/17\/2020\/05\/zeszyt-z-auschwitz-2.jpg","datePublished":"2020-05-25T15:58:13+02:00","dateModified":"2020-05-25T16:04:28+02:00","author":{"@id":"https:\/\/instytutpolski.pl\/stockholm\/#\/schema\/person\/062b5a5f61f32b17c98996975db8d556"},"breadcrumb":{"@id":"https:\/\/instytutpolski.pl\/stockholm\/2020\/05\/25\/haftet-med-dikter-fran-auschwitz-historien-om-b-j-zdunek-f-musiewicz\/#breadcrumb"},"inLanguage":"pl-PL","potentialAction":[{"@type":"ReadAction","target":["https:\/\/instytutpolski.pl\/stockholm\/2020\/05\/25\/haftet-med-dikter-fran-auschwitz-historien-om-b-j-zdunek-f-musiewicz\/"]}],"@context":"https:\/\/schema.org","startDate":"2020-02-26","endDate":"2020-04-30","eventStatus":"EventScheduled","eventAttendanceMode":"OfflineEventAttendanceMode","location":{"@type":"place","name":"Polska institutet, Mosebacke torg 4, Stockholm","address":"Polska institutet, Mosebacke torg 4, Stockholm","geo":{"@type":"GeoCoordinates","latitude":"0","longitude":"0"}},"description":"Utst\u00e4llningen presenterar f\u00f6r f\u00f6rsta g\u00e5ngen offentligt detta h\u00e4fte med poesi av kvinnliga koncentrationsl\u00e4gerf\u00e5ngar. H\u00e4ftet f\u00f6rdes till Sverige 1945 av f d l\u00e4gerf\u00e5ngen Bo\u017cena Janina Zdunek (f. Musiewicz). Den \u00e4r ett exempel p\u00e5 f\u00e5ngarnas tysta kamp f\u00f6r sj\u00e4lslig \u00f6verlevnad i den skr\u00e4ckfyllda och om\u00e4nskliga tillvaron i f\u00f6rintelse- och koncentrationsl\u00e4gren.Utst\u00e4llningen \u00e4r en del av h\u00f6gtidligh\u00e5llandet av F\u00f6rintelsens minnesdag och 75-\u00e5rsminnet av andra v\u00e4rldskrigets avslutning. Utst\u00e4llningen g\u00f6rs till minne av B.J. Zdunek (f. Musiewicz) och andra f\u00e5ngar som kom till Sverige efter koncentrationsl\u00e4grens befrielse, tack vare Vita bussarna som Svenska R\u00f6da korset organiserade v\u00e5ren 1945.\u201dN\u00e4r jag slutar tala b\u00f6rjar stenarna att tala.\u201dB.J. Zdunek (f. Musiewicz)Utst\u00e4llningen \u00e4r \u00f6ppen p\u00e5 Polska institutet, Mosebacke torg 4, fram till 30 april 2020, m\u00e5ndag-fredag kl 11.00-15.00.Vill du se utst\u00e4llningen? Ring f\u00f6rst 08-505 750 80 och avtala tid.\nFri entr\u00e9!Utst\u00e4llningen arrangeras av Polska institutet i Stockholm med medverkan av Svenska R\u00f6da Korset och Auschwitzmuseet och har m\u00f6jliggjorts genom samarbete med Adam Zdunek och Joanna Ziembi\u0144ska-Kurek."},{"@type":"ImageObject","inLanguage":"pl-PL","@id":"https:\/\/instytutpolski.pl\/stockholm\/2020\/05\/25\/haftet-med-dikter-fran-auschwitz-historien-om-b-j-zdunek-f-musiewicz\/#primaryimage","url":"https:\/\/instytutpolski.pl\/stockholm\/wp-content\/uploads\/sites\/17\/2020\/05\/zeszyt-z-auschwitz-2.jpg","contentUrl":"https:\/\/instytutpolski.pl\/stockholm\/wp-content\/uploads\/sites\/17\/2020\/05\/zeszyt-z-auschwitz-2.jpg","width":1083,"height":609},{"@type":"BreadcrumbList","@id":"https:\/\/instytutpolski.pl\/stockholm\/2020\/05\/25\/haftet-med-dikter-fran-auschwitz-historien-om-b-j-zdunek-f-musiewicz\/#breadcrumb","itemListElement":[{"@type":"ListItem","position":1,"name":"Home","item":"https:\/\/instytutpolski.pl\/stockholm\/"},{"@type":"ListItem","position":2,"name":"H\u00e4ftet med dikter fr\u00e5n Auschwitz. Historien om B.J. Zdunek (f. Musiewicz)"}]},{"@type":"WebSite","@id":"https:\/\/instytutpolski.pl\/stockholm\/#website","url":"https:\/\/instytutpolski.pl\/stockholm\/","name":"Instytut Polski w Sztokholmie","description":"Instytuty Polskie","potentialAction":[{"@type":"SearchAction","target":{"@type":"EntryPoint","urlTemplate":"https:\/\/instytutpolski.pl\/stockholm\/?s={search_term_string}"},"query-input":{"@type":"PropertyValueSpecification","valueRequired":true,"valueName":"search_term_string"}}],"inLanguage":"pl-PL"},{"@type":"Person","@id":"https:\/\/instytutpolski.pl\/stockholm\/#\/schema\/person\/062b5a5f61f32b17c98996975db8d556","name":"strozniake","image":{"@type":"ImageObject","inLanguage":"pl-PL","@id":"https:\/\/instytutpolski.pl\/stockholm\/#\/schema\/person\/image\/","url":"https:\/\/secure.gravatar.com\/avatar\/25e0be9897787f9035155a882fde97cc?s=96&d=mm&r=g","contentUrl":"https:\/\/secure.gravatar.com\/avatar\/25e0be9897787f9035155a882fde97cc?s=96&d=mm&r=g","caption":"strozniake"},"sameAs":["http:\/\/strozniake"],"url":"https:\/\/instytutpolski.pl\/stockholm\/author\/strozniake\/"}]}},"_links":{"self":[{"href":"https:\/\/instytutpolski.pl\/stockholm\/wp-json\/wp\/v2\/posts\/1847","targetHints":{"allow":["GET"]}}],"collection":[{"href":"https:\/\/instytutpolski.pl\/stockholm\/wp-json\/wp\/v2\/posts"}],"about":[{"href":"https:\/\/instytutpolski.pl\/stockholm\/wp-json\/wp\/v2\/types\/post"}],"author":[{"embeddable":true,"href":"https:\/\/instytutpolski.pl\/stockholm\/wp-json\/wp\/v2\/users\/29"}],"replies":[{"embeddable":true,"href":"https:\/\/instytutpolski.pl\/stockholm\/wp-json\/wp\/v2\/comments?post=1847"}],"version-history":[{"count":3,"href":"https:\/\/instytutpolski.pl\/stockholm\/wp-json\/wp\/v2\/posts\/1847\/revisions"}],"predecessor-version":[{"id":1854,"href":"https:\/\/instytutpolski.pl\/stockholm\/wp-json\/wp\/v2\/posts\/1847\/revisions\/1854"}],"wp:featuredmedia":[{"embeddable":true,"href":"https:\/\/instytutpolski.pl\/stockholm\/wp-json\/wp\/v2\/media\/1732"}],"wp:attachment":[{"href":"https:\/\/instytutpolski.pl\/stockholm\/wp-json\/wp\/v2\/media?parent=1847"}],"wp:term":[{"taxonomy":"category","embeddable":true,"href":"https:\/\/instytutpolski.pl\/stockholm\/wp-json\/wp\/v2\/categories?post=1847"},{"taxonomy":"post_tag","embeddable":true,"href":"https:\/\/instytutpolski.pl\/stockholm\/wp-json\/wp\/v2\/tags?post=1847"}],"curies":[{"name":"wp","href":"https:\/\/api.w.org\/{rel}","templated":true}]}}