{"id":1851,"date":"2020-05-25T17:58:13","date_gmt":"2020-05-25T15:58:13","guid":{"rendered":"https:\/\/instytutpolski.pl\/stockholm\/?p=1851"},"modified":"2020-05-25T17:59:27","modified_gmt":"2020-05-25T15:59:27","slug":"zeszyt-z-poezja-z-auschwitz-historia-b-j-zdunek-z-domu-musiewicz","status":"publish","type":"post","link":"https:\/\/instytutpolski.pl\/stockholm\/pl\/2020\/05\/25\/zeszyt-z-poezja-z-auschwitz-historia-b-j-zdunek-z-domu-musiewicz\/","title":{"rendered":"Zeszyt z poezj\u0105 z Auschwitz. Historia B.J. Zdunek (z domu Musiewicz)"},"content":{"rendered":"\n<p>W ramach ekspozycji, po raz pierwszy publicznie, zostanie zaprezentowany zeszyt obozowy zawieraj\u0105cy poezj\u0119 spisywan\u0105 przez wi\u0119\u017aniarki obozu koncentracyjnego w Auschwitz. Zeszyt zosta\u0142 przywieziony do Szwecji w 1945 roku przez by\u0142\u0105 wi\u0119\u017aniark\u0119 Bo\u017cen\u0119 Janin\u0119 Zdunek, z domu Musiewicz. Stanowi on przyk\u0142ad cichej walki wi\u0119\u017aniarek o przetrwanie duchowe w strasznej i nieludzkiej egzystencji w niemieckich obozach zag\u0142ady i obozach koncentracyjnych.<br><br>Wystawa jest elementem obchod\u00f3w Mi\u0119dzynarodowego Dnia Pami\u0119ci Ofiar Holocaustu oraz 75. rocznicy zako\u0144czenia II Wojny \u015awiatowej. Ekspozycja powsta\u0142a ku pami\u0119ci B. J. Zdunek (z domu Musiewicz) i innych wi\u0119\u017aniarek, kt\u00f3re po wyzwoleniu z oboz\u00f3w koncentracyjnych trafi\u0142y do Szwecji dzi\u0119ki akcji \u201dBia\u0142e Autobusy\u201d, zorganizowanej wiosn\u0105 1945 roku przez Svenska R\u00f6da Korset.<br><br>\u201eJak ja przestan\u0119 m\u00f3wi\u0107, to kamienie zaczn\u0105 m\u00f3wi\u0107.\u201d<br>B. J. Musiewicz<\/p>\n\n\n\n<p>Wystaw\u0119 mo\u017cna ogl\u0105da\u0107 w siedzibie Instytutu Polskiego w Sztokholmie do dnia 30 kwietnia 2020, od poniedzia\u0142ku do pi\u0105tku, w godz. 11.00-16.00.<\/p>\n\n\n\n<p>Wst\u0119p wolny!<\/p>\n\n\n\n<p><em><br>Wystawa jest organizowana przez Instytut Polski w Sztokholmie przy udziale Svenska R\u00f6da Korset i Muzeum Auschwitz. Realizacja wystawy by\u0142a mo\u017cliwa dzi\u0119ki wsp\u00f3\u0142pracy z Adamem Zdunkiem oraz Joann\u0105 Ziembi\u0144sk\u0105-Kurek.<\/em><\/p>\n\n\n\n<figure class=\"wp-block-image size-large\"><img loading=\"lazy\" decoding=\"async\" width=\"725\" height=\"1024\" src=\"https:\/\/instytutpolski.pl\/stockholm\/wp-content\/uploads\/sites\/17\/2020\/05\/fil_5e4516f103334.jpg\" alt=\"\" class=\"wp-image-1848\" srcset=\"https:\/\/instytutpolski.pl\/stockholm\/wp-content\/uploads\/sites\/17\/2020\/05\/fil_5e4516f103334.jpg 725w, https:\/\/instytutpolski.pl\/stockholm\/wp-content\/uploads\/sites\/17\/2020\/05\/fil_5e4516f103334-212x300.jpg 212w\" sizes=\"auto, (max-width: 725px) 100vw, 725px\" \/><\/figure>\n","protected":false},"excerpt":{"rendered":"<p>W ramach ekspozycji, po raz pierwszy publicznie, zostanie zaprezentowany zeszyt obozowy zawieraj\u0105cy poezj\u0119 spisywan\u0105 przez wi\u0119\u017aniarki obozu koncentracyjnego w Auschwitz. Zeszyt zosta\u0142 przywieziony do Szwecji w 1945 roku przez by\u0142\u0105 wi\u0119\u017aniark\u0119 Bo\u017cen\u0119 Janin\u0119 Zdunek, z domu Musiewicz. Stanowi on przyk\u0142ad cichej walki wi\u0119\u017aniarek o przetrwanie duchowe w strasznej i nieludzkiej egzystencji w niemieckich obozach zag\u0142ady [&hellip;]<\/p>\n","protected":false},"author":29,"featured_media":1732,"comment_status":"open","ping_status":"open","sticky":false,"template":"","format":"standard","meta":{"inline_featured_image":false,"_monsterinsights_skip_tracking":false,"_monsterinsights_sitenote_active":false,"_monsterinsights_sitenote_note":"","_monsterinsights_sitenote_category":0,"footnotes":""},"categories":[113,36],"tags":[],"class_list":["post-1851","post","type-post","status-publish","format-standard","has-post-thumbnail","hentry","category-historia","category-wydarzenie"],"yoast_head":"<!-- This site is optimized with the Yoast SEO plugin v24.6 - https:\/\/yoast.com\/wordpress\/plugins\/seo\/ -->\n<title>Zeszyt z poezj\u0105 z Auschwitz. Historia B.J. Zdunek (z domu Musiewicz) - Instytut Polski w Sztokholmie<\/title>\n<meta name=\"robots\" content=\"index, follow, max-snippet:-1, max-image-preview:large, max-video-preview:-1\" \/>\n<link rel=\"canonical\" href=\"https:\/\/instytutpolski.pl\/stockholm\/pl\/2020\/05\/25\/zeszyt-z-poezja-z-auschwitz-historia-b-j-zdunek-z-domu-musiewicz\/\" \/>\n<meta property=\"og:locale\" content=\"pl_PL\" \/>\n<meta property=\"og:type\" content=\"article\" \/>\n<meta property=\"og:title\" content=\"Zeszyt z poezj\u0105 z Auschwitz. Historia B.J. Zdunek (z domu Musiewicz) - Instytut Polski w Sztokholmie\" \/>\n<meta property=\"og:description\" content=\"W ramach ekspozycji, po raz pierwszy publicznie, zostanie zaprezentowany zeszyt obozowy zawieraj\u0105cy poezj\u0119 spisywan\u0105 przez wi\u0119\u017aniarki obozu koncentracyjnego w Auschwitz. Zeszyt zosta\u0142 przywieziony do Szwecji w 1945 roku przez by\u0142\u0105 wi\u0119\u017aniark\u0119 Bo\u017cen\u0119 Janin\u0119 Zdunek, z domu Musiewicz. Stanowi on przyk\u0142ad cichej walki wi\u0119\u017aniarek o przetrwanie duchowe w strasznej i nieludzkiej egzystencji w niemieckich obozach zag\u0142ady [&hellip;]\" \/>\n<meta property=\"og:url\" content=\"https:\/\/instytutpolski.pl\/stockholm\/pl\/2020\/05\/25\/zeszyt-z-poezja-z-auschwitz-historia-b-j-zdunek-z-domu-musiewicz\/\" \/>\n<meta property=\"og:site_name\" content=\"Instytut Polski w Sztokholmie\" \/>\n<meta property=\"article:published_time\" content=\"2020-05-25T15:58:13+00:00\" \/>\n<meta property=\"article:modified_time\" content=\"2020-05-25T15:59:27+00:00\" \/>\n<meta property=\"og:image\" content=\"https:\/\/instytutpolski.pl\/stockholm\/wp-content\/uploads\/sites\/17\/2020\/05\/zeszyt-z-auschwitz-2.jpg\" \/>\n\t<meta property=\"og:image:width\" content=\"1083\" \/>\n\t<meta property=\"og:image:height\" content=\"609\" \/>\n\t<meta property=\"og:image:type\" content=\"image\/jpeg\" \/>\n<meta name=\"author\" content=\"strozniake\" \/>\n<meta name=\"twitter:card\" content=\"summary_large_image\" \/>\n<meta name=\"twitter:label1\" content=\"Napisane przez\" \/>\n\t<meta name=\"twitter:data1\" content=\"strozniake\" \/>\n\t<meta name=\"twitter:label2\" content=\"Szacowany czas czytania\" \/>\n\t<meta name=\"twitter:data2\" content=\"1 minuta\" \/>\n<script type=\"application\/ld+json\" class=\"yoast-schema-graph\">{\"@context\":\"https:\/\/schema.org\",\"@graph\":[{\"@type\":\"event\",\"@id\":\"https:\/\/instytutpolski.pl\/stockholm\/pl\/2020\/05\/25\/zeszyt-z-poezja-z-auschwitz-historia-b-j-zdunek-z-domu-musiewicz\/\",\"url\":\"https:\/\/instytutpolski.pl\/stockholm\/pl\/2020\/05\/25\/zeszyt-z-poezja-z-auschwitz-historia-b-j-zdunek-z-domu-musiewicz\/\",\"name\":\"Zeszyt z poezj\u0105 z Auschwitz. Historia B.J. Zdunek (z domu Musiewicz)\",\"isPartOf\":{\"@id\":\"https:\/\/instytutpolski.pl\/stockholm\/#website\"},\"primaryImageOfPage\":{\"@id\":\"https:\/\/instytutpolski.pl\/stockholm\/pl\/2020\/05\/25\/zeszyt-z-poezja-z-auschwitz-historia-b-j-zdunek-z-domu-musiewicz\/#primaryimage\"},\"image\":[\"https:\/\/instytutpolski.pl\/stockholm\/wp-content\/uploads\/sites\/17\/2020\/05\/zeszyt-z-auschwitz-2.jpg\",\"https:\/\/instytutpolski.pl\/stockholm\/wp-content\/uploads\/sites\/17\/2020\/05\/zeszyt-z-auschwitz-2-300x169.jpg\",\"https:\/\/instytutpolski.pl\/stockholm\/wp-content\/uploads\/sites\/17\/2020\/05\/zeszyt-z-auschwitz-2-1024x576.jpg\",\"https:\/\/instytutpolski.pl\/stockholm\/wp-content\/uploads\/sites\/17\/2020\/05\/zeszyt-z-auschwitz-2.jpg\"],\"thumbnailUrl\":\"https:\/\/instytutpolski.pl\/stockholm\/wp-content\/uploads\/sites\/17\/2020\/05\/zeszyt-z-auschwitz-2.jpg\",\"datePublished\":\"2020-05-25T15:58:13+02:00\",\"dateModified\":\"2020-05-25T15:59:27+02:00\",\"author\":{\"@id\":\"https:\/\/instytutpolski.pl\/stockholm\/#\/schema\/person\/062b5a5f61f32b17c98996975db8d556\"},\"breadcrumb\":{\"@id\":\"https:\/\/instytutpolski.pl\/stockholm\/pl\/2020\/05\/25\/zeszyt-z-poezja-z-auschwitz-historia-b-j-zdunek-z-domu-musiewicz\/#breadcrumb\"},\"inLanguage\":\"pl-PL\",\"potentialAction\":[{\"@type\":\"ReadAction\",\"target\":[\"https:\/\/instytutpolski.pl\/stockholm\/pl\/2020\/05\/25\/zeszyt-z-poezja-z-auschwitz-historia-b-j-zdunek-z-domu-musiewicz\/\"]}],\"@context\":\"https:\/\/schema.org\",\"startDate\":\"2020-02-26\",\"endDate\":\"2020-04-30\",\"eventStatus\":\"EventScheduled\",\"eventAttendanceMode\":\"OfflineEventAttendanceMode\",\"location\":{\"@type\":\"place\",\"name\":\"Polska institutet, Mosebacke torg 4, Stockholm\",\"address\":\"Polska institutet, Mosebacke torg 4, Stockholm\",\"geo\":{\"@type\":\"GeoCoordinates\",\"latitude\":\"0\",\"longitude\":\"0\"}},\"description\":\"W ramach ekspozycji, po raz pierwszy publicznie, zostanie zaprezentowany zeszyt obozowy zawieraj\u0105cy poezj\u0119 spisywan\u0105 przez wi\u0119\u017aniarki obozu koncentracyjnego w Auschwitz. Zeszyt zosta\u0142 przywieziony do Szwecji w 1945 roku przez by\u0142\u0105 wi\u0119\u017aniark\u0119 Bo\u017cen\u0119 Janin\u0119 Zdunek, z domu Musiewicz. Stanowi on przyk\u0142ad cichej walki wi\u0119\u017aniarek o przetrwanie duchowe w strasznej i nieludzkiej egzystencji w niemieckich obozach zag\u0142ady i obozach koncentracyjnych.Wystawa jest elementem obchod\u00f3w Mi\u0119dzynarodowego Dnia Pami\u0119ci Ofiar Holocaustu oraz 75. rocznicy zako\u0144czenia II Wojny \u015awiatowej. Ekspozycja powsta\u0142a ku pami\u0119ci B. J. Zdunek (z domu Musiewicz) i innych wi\u0119\u017aniarek, kt\u00f3re po wyzwoleniu z oboz\u00f3w koncentracyjnych trafi\u0142y do Szwecji dzi\u0119ki akcji \u201dBia\u0142e Autobusy\u201d, zorganizowanej wiosn\u0105 1945 roku przez Svenska R\u00f6da Korset.\u201eJak ja przestan\u0119 m\u00f3wi\u0107, to kamienie zaczn\u0105 m\u00f3wi\u0107.\u201dB. J. Musiewicz\\nWystaw\u0119 mo\u017cna ogl\u0105da\u0107 w siedzibie Instytutu Polskiego w Sztokholmie do dnia 30 kwietnia 2020, od poniedzia\u0142ku do pi\u0105tku, w godz. 11.00-16.00.\\nWst\u0119p wolny!\\nWystawa jest organizowana przez Instytut Polski w Sztokholmie przy udziale Svenska R\u00f6da Korset i Muzeum Auschwitz. Realizacja wystawy by\u0142a mo\u017cliwa dzi\u0119ki wsp\u00f3\u0142pracy z Adamem Zdunkiem oraz Joann\u0105 Ziembi\u0144sk\u0105-Kurek.\"},{\"@type\":\"ImageObject\",\"inLanguage\":\"pl-PL\",\"@id\":\"https:\/\/instytutpolski.pl\/stockholm\/pl\/2020\/05\/25\/zeszyt-z-poezja-z-auschwitz-historia-b-j-zdunek-z-domu-musiewicz\/#primaryimage\",\"url\":\"https:\/\/instytutpolski.pl\/stockholm\/wp-content\/uploads\/sites\/17\/2020\/05\/zeszyt-z-auschwitz-2.jpg\",\"contentUrl\":\"https:\/\/instytutpolski.pl\/stockholm\/wp-content\/uploads\/sites\/17\/2020\/05\/zeszyt-z-auschwitz-2.jpg\",\"width\":1083,\"height\":609},{\"@type\":\"BreadcrumbList\",\"@id\":\"https:\/\/instytutpolski.pl\/stockholm\/pl\/2020\/05\/25\/zeszyt-z-poezja-z-auschwitz-historia-b-j-zdunek-z-domu-musiewicz\/#breadcrumb\",\"itemListElement\":[{\"@type\":\"ListItem\",\"position\":1,\"name\":\"Home\",\"item\":\"https:\/\/instytutpolski.pl\/stockholm\/\"},{\"@type\":\"ListItem\",\"position\":2,\"name\":\"Zeszyt z poezj\u0105 z Auschwitz. Historia B.J. Zdunek (z domu Musiewicz)\"}]},{\"@type\":\"WebSite\",\"@id\":\"https:\/\/instytutpolski.pl\/stockholm\/#website\",\"url\":\"https:\/\/instytutpolski.pl\/stockholm\/\",\"name\":\"Instytut Polski w Sztokholmie\",\"description\":\"Instytuty Polskie\",\"potentialAction\":[{\"@type\":\"SearchAction\",\"target\":{\"@type\":\"EntryPoint\",\"urlTemplate\":\"https:\/\/instytutpolski.pl\/stockholm\/?s={search_term_string}\"},\"query-input\":{\"@type\":\"PropertyValueSpecification\",\"valueRequired\":true,\"valueName\":\"search_term_string\"}}],\"inLanguage\":\"pl-PL\"},{\"@type\":\"Person\",\"@id\":\"https:\/\/instytutpolski.pl\/stockholm\/#\/schema\/person\/062b5a5f61f32b17c98996975db8d556\",\"name\":\"strozniake\",\"image\":{\"@type\":\"ImageObject\",\"inLanguage\":\"pl-PL\",\"@id\":\"https:\/\/instytutpolski.pl\/stockholm\/#\/schema\/person\/image\/\",\"url\":\"https:\/\/secure.gravatar.com\/avatar\/25e0be9897787f9035155a882fde97cc?s=96&d=mm&r=g\",\"contentUrl\":\"https:\/\/secure.gravatar.com\/avatar\/25e0be9897787f9035155a882fde97cc?s=96&d=mm&r=g\",\"caption\":\"strozniake\"},\"sameAs\":[\"http:\/\/strozniake\"],\"url\":\"https:\/\/instytutpolski.pl\/stockholm\/author\/strozniake\/\"}]}<\/script>\n<!-- \/ Yoast SEO plugin. -->","yoast_head_json":{"title":"Zeszyt z poezj\u0105 z Auschwitz. Historia B.J. Zdunek (z domu Musiewicz) - Instytut Polski w Sztokholmie","robots":{"index":"index","follow":"follow","max-snippet":"max-snippet:-1","max-image-preview":"max-image-preview:large","max-video-preview":"max-video-preview:-1"},"canonical":"https:\/\/instytutpolski.pl\/stockholm\/pl\/2020\/05\/25\/zeszyt-z-poezja-z-auschwitz-historia-b-j-zdunek-z-domu-musiewicz\/","og_locale":"pl_PL","og_type":"article","og_title":"Zeszyt z poezj\u0105 z Auschwitz. Historia B.J. Zdunek (z domu Musiewicz) - Instytut Polski w Sztokholmie","og_description":"W ramach ekspozycji, po raz pierwszy publicznie, zostanie zaprezentowany zeszyt obozowy zawieraj\u0105cy poezj\u0119 spisywan\u0105 przez wi\u0119\u017aniarki obozu koncentracyjnego w Auschwitz. Zeszyt zosta\u0142 przywieziony do Szwecji w 1945 roku przez by\u0142\u0105 wi\u0119\u017aniark\u0119 Bo\u017cen\u0119 Janin\u0119 Zdunek, z domu Musiewicz. Stanowi on przyk\u0142ad cichej walki wi\u0119\u017aniarek o przetrwanie duchowe w strasznej i nieludzkiej egzystencji w niemieckich obozach zag\u0142ady [&hellip;]","og_url":"https:\/\/instytutpolski.pl\/stockholm\/pl\/2020\/05\/25\/zeszyt-z-poezja-z-auschwitz-historia-b-j-zdunek-z-domu-musiewicz\/","og_site_name":"Instytut Polski w Sztokholmie","article_published_time":"2020-05-25T15:58:13+00:00","article_modified_time":"2020-05-25T15:59:27+00:00","og_image":[{"width":1083,"height":609,"url":"https:\/\/instytutpolski.pl\/stockholm\/wp-content\/uploads\/sites\/17\/2020\/05\/zeszyt-z-auschwitz-2.jpg","type":"image\/jpeg"}],"author":"strozniake","twitter_card":"summary_large_image","twitter_misc":{"Napisane przez":"strozniake","Szacowany czas czytania":"1 minuta"},"schema":{"@context":"https:\/\/schema.org","@graph":[{"@type":"event","@id":"https:\/\/instytutpolski.pl\/stockholm\/pl\/2020\/05\/25\/zeszyt-z-poezja-z-auschwitz-historia-b-j-zdunek-z-domu-musiewicz\/","url":"https:\/\/instytutpolski.pl\/stockholm\/pl\/2020\/05\/25\/zeszyt-z-poezja-z-auschwitz-historia-b-j-zdunek-z-domu-musiewicz\/","name":"Zeszyt z poezj\u0105 z Auschwitz. Historia B.J. Zdunek (z domu Musiewicz)","isPartOf":{"@id":"https:\/\/instytutpolski.pl\/stockholm\/#website"},"primaryImageOfPage":{"@id":"https:\/\/instytutpolski.pl\/stockholm\/pl\/2020\/05\/25\/zeszyt-z-poezja-z-auschwitz-historia-b-j-zdunek-z-domu-musiewicz\/#primaryimage"},"image":["https:\/\/instytutpolski.pl\/stockholm\/wp-content\/uploads\/sites\/17\/2020\/05\/zeszyt-z-auschwitz-2.jpg","https:\/\/instytutpolski.pl\/stockholm\/wp-content\/uploads\/sites\/17\/2020\/05\/zeszyt-z-auschwitz-2-300x169.jpg","https:\/\/instytutpolski.pl\/stockholm\/wp-content\/uploads\/sites\/17\/2020\/05\/zeszyt-z-auschwitz-2-1024x576.jpg","https:\/\/instytutpolski.pl\/stockholm\/wp-content\/uploads\/sites\/17\/2020\/05\/zeszyt-z-auschwitz-2.jpg"],"thumbnailUrl":"https:\/\/instytutpolski.pl\/stockholm\/wp-content\/uploads\/sites\/17\/2020\/05\/zeszyt-z-auschwitz-2.jpg","datePublished":"2020-05-25T15:58:13+02:00","dateModified":"2020-05-25T15:59:27+02:00","author":{"@id":"https:\/\/instytutpolski.pl\/stockholm\/#\/schema\/person\/062b5a5f61f32b17c98996975db8d556"},"breadcrumb":{"@id":"https:\/\/instytutpolski.pl\/stockholm\/pl\/2020\/05\/25\/zeszyt-z-poezja-z-auschwitz-historia-b-j-zdunek-z-domu-musiewicz\/#breadcrumb"},"inLanguage":"pl-PL","potentialAction":[{"@type":"ReadAction","target":["https:\/\/instytutpolski.pl\/stockholm\/pl\/2020\/05\/25\/zeszyt-z-poezja-z-auschwitz-historia-b-j-zdunek-z-domu-musiewicz\/"]}],"@context":"https:\/\/schema.org","startDate":"2020-02-26","endDate":"2020-04-30","eventStatus":"EventScheduled","eventAttendanceMode":"OfflineEventAttendanceMode","location":{"@type":"place","name":"Polska institutet, Mosebacke torg 4, Stockholm","address":"Polska institutet, Mosebacke torg 4, Stockholm","geo":{"@type":"GeoCoordinates","latitude":"0","longitude":"0"}},"description":"W ramach ekspozycji, po raz pierwszy publicznie, zostanie zaprezentowany zeszyt obozowy zawieraj\u0105cy poezj\u0119 spisywan\u0105 przez wi\u0119\u017aniarki obozu koncentracyjnego w Auschwitz. Zeszyt zosta\u0142 przywieziony do Szwecji w 1945 roku przez by\u0142\u0105 wi\u0119\u017aniark\u0119 Bo\u017cen\u0119 Janin\u0119 Zdunek, z domu Musiewicz. Stanowi on przyk\u0142ad cichej walki wi\u0119\u017aniarek o przetrwanie duchowe w strasznej i nieludzkiej egzystencji w niemieckich obozach zag\u0142ady i obozach koncentracyjnych.Wystawa jest elementem obchod\u00f3w Mi\u0119dzynarodowego Dnia Pami\u0119ci Ofiar Holocaustu oraz 75. rocznicy zako\u0144czenia II Wojny \u015awiatowej. Ekspozycja powsta\u0142a ku pami\u0119ci B. J. Zdunek (z domu Musiewicz) i innych wi\u0119\u017aniarek, kt\u00f3re po wyzwoleniu z oboz\u00f3w koncentracyjnych trafi\u0142y do Szwecji dzi\u0119ki akcji \u201dBia\u0142e Autobusy\u201d, zorganizowanej wiosn\u0105 1945 roku przez Svenska R\u00f6da Korset.\u201eJak ja przestan\u0119 m\u00f3wi\u0107, to kamienie zaczn\u0105 m\u00f3wi\u0107.\u201dB. J. Musiewicz\nWystaw\u0119 mo\u017cna ogl\u0105da\u0107 w siedzibie Instytutu Polskiego w Sztokholmie do dnia 30 kwietnia 2020, od poniedzia\u0142ku do pi\u0105tku, w godz. 11.00-16.00.\nWst\u0119p wolny!\nWystawa jest organizowana przez Instytut Polski w Sztokholmie przy udziale Svenska R\u00f6da Korset i Muzeum Auschwitz. Realizacja wystawy by\u0142a mo\u017cliwa dzi\u0119ki wsp\u00f3\u0142pracy z Adamem Zdunkiem oraz Joann\u0105 Ziembi\u0144sk\u0105-Kurek."},{"@type":"ImageObject","inLanguage":"pl-PL","@id":"https:\/\/instytutpolski.pl\/stockholm\/pl\/2020\/05\/25\/zeszyt-z-poezja-z-auschwitz-historia-b-j-zdunek-z-domu-musiewicz\/#primaryimage","url":"https:\/\/instytutpolski.pl\/stockholm\/wp-content\/uploads\/sites\/17\/2020\/05\/zeszyt-z-auschwitz-2.jpg","contentUrl":"https:\/\/instytutpolski.pl\/stockholm\/wp-content\/uploads\/sites\/17\/2020\/05\/zeszyt-z-auschwitz-2.jpg","width":1083,"height":609},{"@type":"BreadcrumbList","@id":"https:\/\/instytutpolski.pl\/stockholm\/pl\/2020\/05\/25\/zeszyt-z-poezja-z-auschwitz-historia-b-j-zdunek-z-domu-musiewicz\/#breadcrumb","itemListElement":[{"@type":"ListItem","position":1,"name":"Home","item":"https:\/\/instytutpolski.pl\/stockholm\/"},{"@type":"ListItem","position":2,"name":"Zeszyt z poezj\u0105 z Auschwitz. Historia B.J. Zdunek (z domu Musiewicz)"}]},{"@type":"WebSite","@id":"https:\/\/instytutpolski.pl\/stockholm\/#website","url":"https:\/\/instytutpolski.pl\/stockholm\/","name":"Instytut Polski w Sztokholmie","description":"Instytuty Polskie","potentialAction":[{"@type":"SearchAction","target":{"@type":"EntryPoint","urlTemplate":"https:\/\/instytutpolski.pl\/stockholm\/?s={search_term_string}"},"query-input":{"@type":"PropertyValueSpecification","valueRequired":true,"valueName":"search_term_string"}}],"inLanguage":"pl-PL"},{"@type":"Person","@id":"https:\/\/instytutpolski.pl\/stockholm\/#\/schema\/person\/062b5a5f61f32b17c98996975db8d556","name":"strozniake","image":{"@type":"ImageObject","inLanguage":"pl-PL","@id":"https:\/\/instytutpolski.pl\/stockholm\/#\/schema\/person\/image\/","url":"https:\/\/secure.gravatar.com\/avatar\/25e0be9897787f9035155a882fde97cc?s=96&d=mm&r=g","contentUrl":"https:\/\/secure.gravatar.com\/avatar\/25e0be9897787f9035155a882fde97cc?s=96&d=mm&r=g","caption":"strozniake"},"sameAs":["http:\/\/strozniake"],"url":"https:\/\/instytutpolski.pl\/stockholm\/author\/strozniake\/"}]}},"_links":{"self":[{"href":"https:\/\/instytutpolski.pl\/stockholm\/wp-json\/wp\/v2\/posts\/1851","targetHints":{"allow":["GET"]}}],"collection":[{"href":"https:\/\/instytutpolski.pl\/stockholm\/wp-json\/wp\/v2\/posts"}],"about":[{"href":"https:\/\/instytutpolski.pl\/stockholm\/wp-json\/wp\/v2\/types\/post"}],"author":[{"embeddable":true,"href":"https:\/\/instytutpolski.pl\/stockholm\/wp-json\/wp\/v2\/users\/29"}],"replies":[{"embeddable":true,"href":"https:\/\/instytutpolski.pl\/stockholm\/wp-json\/wp\/v2\/comments?post=1851"}],"version-history":[{"count":2,"href":"https:\/\/instytutpolski.pl\/stockholm\/wp-json\/wp\/v2\/posts\/1851\/revisions"}],"predecessor-version":[{"id":1853,"href":"https:\/\/instytutpolski.pl\/stockholm\/wp-json\/wp\/v2\/posts\/1851\/revisions\/1853"}],"wp:featuredmedia":[{"embeddable":true,"href":"https:\/\/instytutpolski.pl\/stockholm\/wp-json\/wp\/v2\/media\/1732"}],"wp:attachment":[{"href":"https:\/\/instytutpolski.pl\/stockholm\/wp-json\/wp\/v2\/media?parent=1851"}],"wp:term":[{"taxonomy":"category","embeddable":true,"href":"https:\/\/instytutpolski.pl\/stockholm\/wp-json\/wp\/v2\/categories?post=1851"},{"taxonomy":"post_tag","embeddable":true,"href":"https:\/\/instytutpolski.pl\/stockholm\/wp-json\/wp\/v2\/tags?post=1851"}],"curies":[{"name":"wp","href":"https:\/\/api.w.org\/{rel}","templated":true}]}}