{"id":1924,"date":"2020-05-26T15:45:16","date_gmt":"2020-05-26T13:45:16","guid":{"rendered":"https:\/\/instytutpolski.pl\/stockholm\/?p=1924"},"modified":"2021-07-23T13:15:00","modified_gmt":"2021-07-23T11:15:00","slug":"jolanta-halkiewicz-om-den-forsta-minnesstenen-for-katynmassakerns-offer-i-sverige","status":"publish","type":"post","link":"https:\/\/instytutpolski.pl\/stockholm\/2020\/05\/26\/jolanta-halkiewicz-om-den-forsta-minnesstenen-for-katynmassakerns-offer-i-sverige\/","title":{"rendered":"Jolanta Halkiewicz om den f\u00f6rsta minnesstenen f\u00f6r Katynmassakerns offer i Sverige"},"content":{"rendered":"\n<p><em>Erinringen \u00e4r den jordiska kampen med tiden<\/em>&nbsp;&#8211; Eduard Spranger, tysk filosof, psykolog och pedagog.<\/p>\n\n\n\n<p>Den 13 april \u00e4r den internationella minnesdagen f\u00f6r Katynmassakerns offer. I den sovjetiska massavr\u00e4ttningen m\u00f6rdades bl.a. tusentals polska officerare i skogsomr\u00e5det Katyn p\u00e5 direkt order av Politbyr\u00e5n.<\/p>\n\n\n\n<p>F\u00f6r att h\u00f6gtidligh\u00e5lla detta minne presenterar vi en ber\u00e4ttelse av Jolanta Halkiewicz, f.d.ordf\u00f6rande i Polska Flyktingr\u00e5det OPON om den f\u00f6rsta minnesstenen f\u00f6r Katynmassakerns offer i Sverige. Historien kommer i b\u00e5de video- och textformat:<\/p>\n\n\n\n<figure class=\"wp-block-embed is-type-video is-provider-youtube wp-block-embed-youtube wp-embed-aspect-16-9 wp-has-aspect-ratio\"><div class=\"wp-block-embed__wrapper\">\nhttps:\/\/www.youtube.com\/watch?v=yc7xfa1OdY4&#038;t=2s\n<\/div><\/figure>\n\n\n\n<p><em><br>V\u00e5ren 1940 blev p\u00e5 order av Stalin och Beria minst 25 tusen polska officerare, som tillf\u00e5ngatagits av Sovjetunionen, bestialiskt m\u00f6rdade i Katyn och andra avr\u00e4ttningsplatser i Sovjetunionen med ett nackskott&#8230;.<\/em><\/p>\n\n\n\n<p><em>H\u00e4r \u00e4r det p\u00e5 sin plats att n\u00e4mna den f\u00f6rsta minnesstenen som rests \u00f6ver offren i Katyn, d\u00e4r m\u00f6rdarna \u00e4r n\u00e4mnda, n\u00e4mligen den statyn som restes av ordf\u00f6randen f\u00f6r Polska Kombattanterna F\u00f6rening SPK i Sverige, Tadeusz Glowacki, tillsammans med Polska Flyktingr\u00e5det i Sverige i oktober 1975. Den placerades p\u00e5 g\u00e5rden, p\u00e5 en hyrd gr\u00e4smatta, vid OPON, Polska Flyktingr\u00e5dets lokal, vid \u00d6stermalmsgatan 75 eftersom vi inte fick placera den p\u00e5 gatan framf\u00f6r lokalen av svenska myndigheterna.<\/em><\/p>\n\n\n\n<p><em>Tadeusz Glowacki var den yngste telegrafisten i polska marinen stationerad 1939 vid Westerplatte och blev den f\u00f6rste i gryningen 1 september 1939 att rapportera om Tysklands anfall p\u00e5 Polen! Han blev tillsammans med polska officerarna f\u00e4ngslad i l\u00e4gret Stuthof men lyckades fly via Tyskland och Danmark och kom till Sverige 1940 med f\u00f6rfrusna f\u00f6tter&#8230;. Han ansl\u00f6t sig Polska Hj\u00e4lpkommittens och Polska Kombattanternas arbete att hj\u00e4lpa polska flyktingar att etablera sig i Sverige. Tog sedermera examen vid KTH och anlade en fabrik i norra delen av landet med hemlig produktion till svenska f\u00f6rsvaret.<\/em><\/p>\n\n\n\n<p><em>En vacker dag m\u00e4rkte vi att n\u00e5gon f\u00f6rs\u00f6kt tutta eld p\u00e5 statyn och h\u00e4llt fr\u00e4tande syra \u00f6ver texten. Vi hade v\u00e5ra misstankar som kanske besannades n\u00e4r i fick veta att sovjetiske ambassad\u00f6ren kr\u00e4vt av statsministern, Olof Palme, att avl\u00e4gsna minnesstenen men f\u00e5tt till svar att han inte kunde l\u00e4gga sig i vad folk gjorde p\u00e5 sina tomter! Heder den g\u00e5ngen \u00e5t honom!<\/em><\/p>\n\n\n\n<p><em>S\u00e5 statyn \u00f6verlevde men n\u00e4r bostadsr\u00e4ttsf\u00f6reningen placerade en sopptunna p\u00e5 g\u00e5rden ans\u00e5g vi i att den borde flyttas till en mer hederv\u00e4rd och synlig plats. Efter m\u00e5nga olika f\u00f6rs\u00f6k kunde vi slutligen placera den p\u00e5 en gr\u00e4ssl\u00e4nt vid Johannes Kyrka efter det att katolske biskopen (nuvarande kardinalen) Anders Arborelius och polske konsuln Kaszuba efter samtal med Svenska Kyrkog\u00e5rdsf\u00f6rvaltningen f\u00e5tt tillst\u00e5nd till detta. D\u00e4r \u00e4r den v\u00e4l synlig f\u00f6r alla och speciellt f\u00f6r alla polacker som kommer p\u00e5 s\u00f6ndagarna p\u00e5 polska m\u00e4ssor som Polska Katolska Missionen ordnar genom att hyra kyrkan varje s\u00f6ndag!<\/em><\/p>\n\n\n\n<p><em>S\u00f6ndagen den 6 maj 2001 blev den renoverade och omgjorda minnesstenen \u00e5terinvigd av f\u00e4ltpr\u00e4sten f\u00f6r &#8222;Katynfamiljerna&#8221; Zdzislaw Peszkowski som var den ende som undg\u00e5tt d\u00f6den i Katyn. Invigningen f\u00f6regicks av den Heliga M\u00e4ssan i Johannes Kyrka. I h\u00f6gtidligheten deltog representanter f\u00f6r Polska Kombattanternas F\u00f6rening SPK med ordf\u00f6randen Michal Bieniasz, representanter f\u00f6r Polska kongressen med ordf\u00f6rande Koba, representanter f\u00f6r Polska Flyktingr\u00e5det samt f\u00f6r Polska Hj\u00e4lpkommitten och m\u00e5nga polacker&#8230; N\u00e4rvarande var ocks\u00e5 representanten f\u00f6r svenska statsministern, f.d. svenske ambassad\u00f6ren i Polen, Stefan Nor\u00e9n och representanter f\u00f6r polska sejmen med Ryszard Czarnecki i spetsen. Ett speciellt skrivet budskap fr\u00e5n den siste polske presidenten i exil, Ryszard Kaczorowski, l\u00e4stes upp. Projektet av det nya minnesm\u00e4rket \u00e4r gjort av Michal Bieniasz, d\u00e5varande ordf\u00f6randen f\u00f6r SPK och sedermera m\u00e5ng\u00e5rig ordf\u00f6rande f\u00f6r Polska Kongressen.<\/em><\/p>\n\n\n\n<p><em>Under samma tid restes en staty av f\u00f6reningen SPK i London p\u00e5 kyrkog\u00e5rden Ganersbury Cemetery \u00f6ver de m\u00f6rdade i Katyn men utan g\u00e4rningsm\u00e4nnens namn som engelsm\u00e4nnen f\u00f6rbj\u00f6d! S\u00e5 man kan konstatera att statyn \u00f6ver offren i Katyn i Stockholm \u00e4r den f\u00f6rsta i v\u00e4rlden d\u00e4r g\u00e4rningsm\u00e4nnens namn \u00e4r namngivna! S\u00e5 Tadeusz Glowacki kan i sin grav vara med \u00f6ver sitt arbete och verk.<\/em><\/p>\n\n\n\n<p>Jolanta Halkiewicz<br>f.d.ordf\u00f6rande Polska Flyktingr\u00e5det OPON i Sverige<\/p>\n\n\n\n<figure class=\"wp-block-gallery columns-3 wp-block-gallery-1 is-layout-flex wp-block-gallery-is-layout-flex\"><ul class=\"blocks-gallery-grid\"><li class=\"blocks-gallery-item\"><figure><a href=\"https:\/\/instytutpolski.pl\/stockholm\/wp-content\/uploads\/sites\/17\/2020\/05\/fil_5e95d3e13e421.jpg\"><img loading=\"lazy\" decoding=\"async\" width=\"1024\" height=\"768\" src=\"https:\/\/instytutpolski.pl\/stockholm\/wp-content\/uploads\/sites\/17\/2020\/05\/fil_5e95d3e13e421.jpg\" alt=\"\" data-id=\"1925\" data-full-url=\"https:\/\/instytutpolski.pl\/stockholm\/wp-content\/uploads\/sites\/17\/2020\/05\/fil_5e95d3e13e421.jpg\" data-link=\"https:\/\/instytutpolski.pl\/stockholm\/?attachment_id=1925\" class=\"wp-image-1925\" srcset=\"https:\/\/instytutpolski.pl\/stockholm\/wp-content\/uploads\/sites\/17\/2020\/05\/fil_5e95d3e13e421.jpg 1024w, https:\/\/instytutpolski.pl\/stockholm\/wp-content\/uploads\/sites\/17\/2020\/05\/fil_5e95d3e13e421-300x225.jpg 300w, https:\/\/instytutpolski.pl\/stockholm\/wp-content\/uploads\/sites\/17\/2020\/05\/fil_5e95d3e13e421-768x576.jpg 768w\" sizes=\"auto, (max-width: 1024px) 100vw, 1024px\" \/><\/a><\/figure><\/li><li class=\"blocks-gallery-item\"><figure><a href=\"https:\/\/instytutpolski.pl\/stockholm\/wp-content\/uploads\/sites\/17\/2020\/05\/fil_5e95d3e1357ff.jpg\"><img loading=\"lazy\" decoding=\"async\" width=\"1024\" height=\"768\" src=\"https:\/\/instytutpolski.pl\/stockholm\/wp-content\/uploads\/sites\/17\/2020\/05\/fil_5e95d3e1357ff.jpg\" alt=\"\" data-id=\"1926\" data-full-url=\"https:\/\/instytutpolski.pl\/stockholm\/wp-content\/uploads\/sites\/17\/2020\/05\/fil_5e95d3e1357ff.jpg\" data-link=\"https:\/\/instytutpolski.pl\/stockholm\/?attachment_id=1926\" class=\"wp-image-1926\" srcset=\"https:\/\/instytutpolski.pl\/stockholm\/wp-content\/uploads\/sites\/17\/2020\/05\/fil_5e95d3e1357ff.jpg 1024w, https:\/\/instytutpolski.pl\/stockholm\/wp-content\/uploads\/sites\/17\/2020\/05\/fil_5e95d3e1357ff-300x225.jpg 300w, https:\/\/instytutpolski.pl\/stockholm\/wp-content\/uploads\/sites\/17\/2020\/05\/fil_5e95d3e1357ff-768x576.jpg 768w\" sizes=\"auto, (max-width: 1024px) 100vw, 1024px\" \/><\/a><\/figure><\/li><li class=\"blocks-gallery-item\"><figure><a href=\"https:\/\/instytutpolski.pl\/stockholm\/wp-content\/uploads\/sites\/17\/2020\/05\/fil_5e95d3e12972b.jpg\"><img loading=\"lazy\" decoding=\"async\" width=\"768\" height=\"1024\" src=\"https:\/\/instytutpolski.pl\/stockholm\/wp-content\/uploads\/sites\/17\/2020\/05\/fil_5e95d3e12972b.jpg\" alt=\"\" data-id=\"1927\" data-full-url=\"https:\/\/instytutpolski.pl\/stockholm\/wp-content\/uploads\/sites\/17\/2020\/05\/fil_5e95d3e12972b.jpg\" data-link=\"https:\/\/instytutpolski.pl\/stockholm\/?attachment_id=1927\" class=\"wp-image-1927\" srcset=\"https:\/\/instytutpolski.pl\/stockholm\/wp-content\/uploads\/sites\/17\/2020\/05\/fil_5e95d3e12972b.jpg 768w, https:\/\/instytutpolski.pl\/stockholm\/wp-content\/uploads\/sites\/17\/2020\/05\/fil_5e95d3e12972b-225x300.jpg 225w\" sizes=\"auto, (max-width: 768px) 100vw, 768px\" \/><\/a><\/figure><\/li><li class=\"blocks-gallery-item\"><figure><a href=\"https:\/\/instytutpolski.pl\/stockholm\/wp-content\/uploads\/sites\/17\/2020\/05\/fil_5e95d4056190f.jpg\"><img loading=\"lazy\" decoding=\"async\" width=\"1024\" height=\"768\" src=\"https:\/\/instytutpolski.pl\/stockholm\/wp-content\/uploads\/sites\/17\/2020\/05\/fil_5e95d4056190f.jpg\" alt=\"\" data-id=\"1930\" data-full-url=\"https:\/\/instytutpolski.pl\/stockholm\/wp-content\/uploads\/sites\/17\/2020\/05\/fil_5e95d4056190f.jpg\" data-link=\"https:\/\/instytutpolski.pl\/stockholm\/?attachment_id=1930\" class=\"wp-image-1930\" srcset=\"https:\/\/instytutpolski.pl\/stockholm\/wp-content\/uploads\/sites\/17\/2020\/05\/fil_5e95d4056190f.jpg 1024w, https:\/\/instytutpolski.pl\/stockholm\/wp-content\/uploads\/sites\/17\/2020\/05\/fil_5e95d4056190f-300x225.jpg 300w, https:\/\/instytutpolski.pl\/stockholm\/wp-content\/uploads\/sites\/17\/2020\/05\/fil_5e95d4056190f-768x576.jpg 768w\" sizes=\"auto, (max-width: 1024px) 100vw, 1024px\" \/><\/a><\/figure><\/li><li class=\"blocks-gallery-item\"><figure><a href=\"https:\/\/instytutpolski.pl\/stockholm\/wp-content\/uploads\/sites\/17\/2020\/05\/fil_5e95d40557625.jpg\"><img loading=\"lazy\" decoding=\"async\" width=\"1024\" height=\"768\" src=\"https:\/\/instytutpolski.pl\/stockholm\/wp-content\/uploads\/sites\/17\/2020\/05\/fil_5e95d40557625.jpg\" alt=\"\" data-id=\"1931\" data-full-url=\"https:\/\/instytutpolski.pl\/stockholm\/wp-content\/uploads\/sites\/17\/2020\/05\/fil_5e95d40557625.jpg\" data-link=\"https:\/\/instytutpolski.pl\/stockholm\/?attachment_id=1931\" class=\"wp-image-1931\" srcset=\"https:\/\/instytutpolski.pl\/stockholm\/wp-content\/uploads\/sites\/17\/2020\/05\/fil_5e95d40557625.jpg 1024w, https:\/\/instytutpolski.pl\/stockholm\/wp-content\/uploads\/sites\/17\/2020\/05\/fil_5e95d40557625-300x225.jpg 300w, https:\/\/instytutpolski.pl\/stockholm\/wp-content\/uploads\/sites\/17\/2020\/05\/fil_5e95d40557625-768x576.jpg 768w\" sizes=\"auto, (max-width: 1024px) 100vw, 1024px\" \/><\/a><\/figure><\/li><li class=\"blocks-gallery-item\"><figure><a href=\"https:\/\/instytutpolski.pl\/stockholm\/wp-content\/uploads\/sites\/17\/2020\/05\/fil_5e95d4056b884.jpg\"><img loading=\"lazy\" decoding=\"async\" width=\"380\" height=\"250\" src=\"https:\/\/instytutpolski.pl\/stockholm\/wp-content\/uploads\/sites\/17\/2020\/05\/fil_5e95d4056b884.jpg\" alt=\"\" data-id=\"1929\" data-full-url=\"https:\/\/instytutpolski.pl\/stockholm\/wp-content\/uploads\/sites\/17\/2020\/05\/fil_5e95d4056b884.jpg\" data-link=\"https:\/\/instytutpolski.pl\/stockholm\/?attachment_id=1929\" class=\"wp-image-1929\" srcset=\"https:\/\/instytutpolski.pl\/stockholm\/wp-content\/uploads\/sites\/17\/2020\/05\/fil_5e95d4056b884.jpg 380w, https:\/\/instytutpolski.pl\/stockholm\/wp-content\/uploads\/sites\/17\/2020\/05\/fil_5e95d4056b884-300x197.jpg 300w\" sizes=\"auto, (max-width: 380px) 100vw, 380px\" \/><\/a><\/figure><\/li><\/ul><\/figure>\n\n\n\n<p><em>Foton 1-5 och video: Patrycja Treichel<br>Foto 6: Polska Kongressen i Sverige<\/em><\/p>\n","protected":false},"excerpt":{"rendered":"<p>Erinringen \u00e4r den jordiska kampen med tiden&nbsp;&#8211; Eduard Spranger, tysk filosof, psykolog och pedagog. Den 13 april \u00e4r den internationella minnesdagen f\u00f6r Katynmassakerns offer. I den sovjetiska massavr\u00e4ttningen m\u00f6rdades bl.a. tusentals polska officerare i skogsomr\u00e5det Katyn p\u00e5 direkt order av Politbyr\u00e5n. F\u00f6r att h\u00f6gtidligh\u00e5lla detta minne presenterar vi en ber\u00e4ttelse av Jolanta Halkiewicz, f.d.ordf\u00f6rande i [&hellip;]<\/p>\n","protected":false},"author":29,"featured_media":1932,"comment_status":"open","ping_status":"open","sticky":false,"template":"","format":"standard","meta":{"inline_featured_image":false,"_monsterinsights_skip_tracking":false,"_monsterinsights_sitenote_active":false,"_monsterinsights_sitenote_note":"","_monsterinsights_sitenote_category":0,"footnotes":""},"categories":[222],"tags":[],"class_list":["post-1924","post","type-post","status-publish","format-standard","has-post-thumbnail","hentry","category-aktualnosc-se"],"yoast_head":"<!-- This site is optimized with the Yoast SEO plugin v24.6 - https:\/\/yoast.com\/wordpress\/plugins\/seo\/ -->\n<title>Jolanta Halkiewicz om den f\u00f6rsta minnesstenen f\u00f6r Katynmassakerns offer i Sverige - Instytut Polski w Sztokholmie<\/title>\n<meta name=\"robots\" content=\"index, follow, max-snippet:-1, max-image-preview:large, max-video-preview:-1\" \/>\n<link rel=\"canonical\" href=\"https:\/\/instytutpolski.pl\/stockholm\/2020\/05\/26\/jolanta-halkiewicz-om-den-forsta-minnesstenen-for-katynmassakerns-offer-i-sverige\/\" \/>\n<meta property=\"og:locale\" content=\"pl_PL\" \/>\n<meta property=\"og:type\" content=\"article\" \/>\n<meta property=\"og:title\" content=\"Jolanta Halkiewicz om den f\u00f6rsta minnesstenen f\u00f6r Katynmassakerns offer i Sverige - Instytut Polski w Sztokholmie\" \/>\n<meta property=\"og:description\" content=\"Erinringen \u00e4r den jordiska kampen med tiden&nbsp;&#8211; Eduard Spranger, tysk filosof, psykolog och pedagog. Den 13 april \u00e4r den internationella minnesdagen f\u00f6r Katynmassakerns offer. I den sovjetiska massavr\u00e4ttningen m\u00f6rdades bl.a. tusentals polska officerare i skogsomr\u00e5det Katyn p\u00e5 direkt order av Politbyr\u00e5n. F\u00f6r att h\u00f6gtidligh\u00e5lla detta minne presenterar vi en ber\u00e4ttelse av Jolanta Halkiewicz, f.d.ordf\u00f6rande i [&hellip;]\" \/>\n<meta property=\"og:url\" content=\"https:\/\/instytutpolski.pl\/stockholm\/2020\/05\/26\/jolanta-halkiewicz-om-den-forsta-minnesstenen-for-katynmassakerns-offer-i-sverige\/\" \/>\n<meta property=\"og:site_name\" content=\"Instytut Polski w Sztokholmie\" \/>\n<meta property=\"article:published_time\" content=\"2020-05-26T13:45:16+00:00\" \/>\n<meta property=\"article:modified_time\" content=\"2021-07-23T11:15:00+00:00\" \/>\n<meta property=\"og:image\" content=\"https:\/\/instytutpolski.pl\/stockholm\/wp-content\/uploads\/sites\/17\/2020\/05\/pomnik-katynski_halkiewicz.jpg\" \/>\n\t<meta property=\"og:image:width\" content=\"1083\" \/>\n\t<meta property=\"og:image:height\" content=\"609\" \/>\n\t<meta property=\"og:image:type\" content=\"image\/jpeg\" \/>\n<meta name=\"author\" content=\"strozniake\" \/>\n<meta name=\"twitter:card\" content=\"summary_large_image\" \/>\n<meta name=\"twitter:label1\" content=\"Napisane przez\" \/>\n\t<meta name=\"twitter:data1\" content=\"strozniake\" \/>\n\t<meta name=\"twitter:label2\" content=\"Szacowany czas czytania\" \/>\n\t<meta name=\"twitter:data2\" content=\"4 minuty\" \/>\n<script type=\"application\/ld+json\" class=\"yoast-schema-graph\">{\"@context\":\"https:\/\/schema.org\",\"@graph\":[{\"@type\":\"event\",\"@id\":\"https:\/\/instytutpolski.pl\/stockholm\/2020\/05\/26\/jolanta-halkiewicz-om-den-forsta-minnesstenen-for-katynmassakerns-offer-i-sverige\/\",\"url\":\"https:\/\/instytutpolski.pl\/stockholm\/2020\/05\/26\/jolanta-halkiewicz-om-den-forsta-minnesstenen-for-katynmassakerns-offer-i-sverige\/\",\"name\":\"Jolanta Halkiewicz om den f\u00f6rsta minnesstenen f\u00f6r Katynmassakerns offer i Sverige\",\"isPartOf\":{\"@id\":\"https:\/\/instytutpolski.pl\/stockholm\/#website\"},\"primaryImageOfPage\":{\"@id\":\"https:\/\/instytutpolski.pl\/stockholm\/2020\/05\/26\/jolanta-halkiewicz-om-den-forsta-minnesstenen-for-katynmassakerns-offer-i-sverige\/#primaryimage\"},\"image\":[\"https:\/\/instytutpolski.pl\/stockholm\/wp-content\/uploads\/sites\/17\/2020\/05\/pomnik-katynski_halkiewicz.jpg\",\"https:\/\/instytutpolski.pl\/stockholm\/wp-content\/uploads\/sites\/17\/2020\/05\/pomnik-katynski_halkiewicz-300x169.jpg\",\"https:\/\/instytutpolski.pl\/stockholm\/wp-content\/uploads\/sites\/17\/2020\/05\/pomnik-katynski_halkiewicz-1024x576.jpg\",\"https:\/\/instytutpolski.pl\/stockholm\/wp-content\/uploads\/sites\/17\/2020\/05\/pomnik-katynski_halkiewicz.jpg\"],\"thumbnailUrl\":\"https:\/\/instytutpolski.pl\/stockholm\/wp-content\/uploads\/sites\/17\/2020\/05\/pomnik-katynski_halkiewicz.jpg\",\"datePublished\":\"2020-05-26T13:45:16+02:00\",\"dateModified\":\"2021-07-23T11:15:00+02:00\",\"author\":{\"@id\":\"https:\/\/instytutpolski.pl\/stockholm\/#\/schema\/person\/062b5a5f61f32b17c98996975db8d556\"},\"breadcrumb\":{\"@id\":\"https:\/\/instytutpolski.pl\/stockholm\/2020\/05\/26\/jolanta-halkiewicz-om-den-forsta-minnesstenen-for-katynmassakerns-offer-i-sverige\/#breadcrumb\"},\"inLanguage\":\"pl-PL\",\"potentialAction\":[{\"@type\":\"ReadAction\",\"target\":[\"https:\/\/instytutpolski.pl\/stockholm\/2020\/05\/26\/jolanta-halkiewicz-om-den-forsta-minnesstenen-for-katynmassakerns-offer-i-sverige\/\"]}],\"@context\":\"https:\/\/schema.org\",\"startDate\":\"2020-04-13\",\"endDate\":\"2020-04-13\",\"eventStatus\":\"EventScheduled\",\"eventAttendanceMode\":\"OfflineEventAttendanceMode\",\"location\":{\"@type\":\"place\",\"name\":\"\",\"address\":\"\",\"geo\":{\"@type\":\"GeoCoordinates\",\"latitude\":\"\",\"longitude\":\"\"}},\"description\":\"Erinringen \u00e4r den jordiska kampen med tiden - Eduard Spranger, tysk filosof, psykolog och pedagog.\\nDen 13 april \u00e4r den internationella minnesdagen f\u00f6r Katynmassakerns offer. I den sovjetiska massavr\u00e4ttningen m\u00f6rdades bl.a. tusentals polska officerare i skogsomr\u00e5det Katyn p\u00e5 direkt order av Politbyr\u00e5n.\\nF\u00f6r att h\u00f6gtidligh\u00e5lla detta minne presenterar vi en ber\u00e4ttelse av Jolanta Halkiewicz, f.d.ordf\u00f6rande i Polska Flyktingr\u00e5det OPON om den f\u00f6rsta minnesstenen f\u00f6r Katynmassakerns offer i Sverige. Historien kommer i b\u00e5de video- och textformat:\\nV\u00e5ren 1940 blev p\u00e5 order av Stalin och Beria minst 25 tusen polska officerare, som tillf\u00e5ngatagits av Sovjetunionen, bestialiskt m\u00f6rdade i Katyn och andra avr\u00e4ttningsplatser i Sovjetunionen med ett nackskott....\\nH\u00e4r \u00e4r det p\u00e5 sin plats att n\u00e4mna den f\u00f6rsta minnesstenen som rests \u00f6ver offren i Katyn, d\u00e4r m\u00f6rdarna \u00e4r n\u00e4mnda, n\u00e4mligen den statyn som restes av ordf\u00f6randen f\u00f6r Polska Kombattanterna F\u00f6rening SPK i Sverige, Tadeusz Glowacki, tillsammans med Polska Flyktingr\u00e5det i Sverige i oktober 1975. Den placerades p\u00e5 g\u00e5rden, p\u00e5 en hyrd gr\u00e4smatta, vid OPON, Polska Flyktingr\u00e5dets lokal, vid \u00d6stermalmsgatan 75 eftersom vi inte fick placera den p\u00e5 gatan framf\u00f6r lokalen av svenska myndigheterna.\\nTadeusz Glowacki var den yngste telegrafisten i polska marinen stationerad 1939 vid Westerplatte och blev den f\u00f6rste i gryningen 1 september 1939 att rapportera om Tysklands anfall p\u00e5 Polen! Han blev tillsammans med polska officerarna f\u00e4ngslad i l\u00e4gret Stuthof men lyckades fly via Tyskland och Danmark och kom till Sverige 1940 med f\u00f6rfrusna f\u00f6tter.... Han ansl\u00f6t sig Polska Hj\u00e4lpkommittens och Polska Kombattanternas arbete att hj\u00e4lpa polska flyktingar att etablera sig i Sverige. Tog sedermera examen vid KTH och anlade en fabrik i norra delen av landet med hemlig produktion till svenska f\u00f6rsvaret.\\nEn vacker dag m\u00e4rkte vi att n\u00e5gon f\u00f6rs\u00f6kt tutta eld p\u00e5 statyn och h\u00e4llt fr\u00e4tande syra \u00f6ver texten. Vi hade v\u00e5ra misstankar som kanske besannades n\u00e4r i fick veta att sovjetiske ambassad\u00f6ren kr\u00e4vt av statsministern, Olof Palme, att avl\u00e4gsna minnesstenen men f\u00e5tt till svar att han inte kunde l\u00e4gga sig i vad folk gjorde p\u00e5 sina tomter! Heder den g\u00e5ngen \u00e5t honom!\\nS\u00e5 statyn \u00f6verlevde men n\u00e4r bostadsr\u00e4ttsf\u00f6reningen placerade en sopptunna p\u00e5 g\u00e5rden ans\u00e5g vi i att den borde flyttas till en mer hederv\u00e4rd och synlig plats. Efter m\u00e5nga olika f\u00f6rs\u00f6k kunde vi slutligen placera den p\u00e5 en gr\u00e4ssl\u00e4nt vid Johannes Kyrka efter det att katolske biskopen (nuvarande kardinalen) Anders Arborelius och polske konsuln Kaszuba efter samtal med Svenska Kyrkog\u00e5rdsf\u00f6rvaltningen f\u00e5tt tillst\u00e5nd till detta. D\u00e4r \u00e4r den v\u00e4l synlig f\u00f6r alla och speciellt f\u00f6r alla polacker som kommer p\u00e5 s\u00f6ndagarna p\u00e5 polska m\u00e4ssor som Polska Katolska Missionen ordnar genom att hyra kyrkan varje s\u00f6ndag!\\nS\u00f6ndagen den 6 maj 2001 blev den renoverade och omgjorda minnesstenen \u00e5terinvigd av f\u00e4ltpr\u00e4sten f\u00f6r \\\"Katynfamiljerna\\\" Zdzislaw Peszkowski som var den ende som undg\u00e5tt d\u00f6den i Katyn. Invigningen f\u00f6regicks av den Heliga M\u00e4ssan i Johannes Kyrka. I h\u00f6gtidligheten deltog representanter f\u00f6r Polska Kombattanternas F\u00f6rening SPK med ordf\u00f6randen Michal Bieniasz, representanter f\u00f6r Polska kongressen med ordf\u00f6rande Koba, representanter f\u00f6r Polska Flyktingr\u00e5det samt f\u00f6r Polska Hj\u00e4lpkommitten och m\u00e5nga polacker... N\u00e4rvarande var ocks\u00e5 representanten f\u00f6r svenska statsministern, f.d. svenske ambassad\u00f6ren i Polen, Stefan Nor\u00e9n och representanter f\u00f6r polska sejmen med Ryszard Czarnecki i spetsen. Ett speciellt skrivet budskap fr\u00e5n den siste polske presidenten i exil, Ryszard Kaczorowski, l\u00e4stes upp. Projektet av det nya minnesm\u00e4rket \u00e4r gjort av Michal Bieniasz, d\u00e5varande ordf\u00f6randen f\u00f6r SPK och sedermera m\u00e5ng\u00e5rig ordf\u00f6rande f\u00f6r Polska Kongressen.\\nUnder samma tid restes en staty av f\u00f6reningen SPK i London p\u00e5 kyrkog\u00e5rden Ganersbury Cemetery \u00f6ver de m\u00f6rdade i Katyn men utan g\u00e4rningsm\u00e4nnens namn som engelsm\u00e4nnen f\u00f6rbj\u00f6d! S\u00e5 man kan konstatera att statyn \u00f6ver offren i Katyn i Stockholm \u00e4r den f\u00f6rsta i v\u00e4rlden d\u00e4r g\u00e4rningsm\u00e4nnens namn \u00e4r namngivna! S\u00e5 Tadeusz Glowacki kan i sin grav vara med \u00f6ver sitt arbete och verk.\\nJolanta Halkiewiczf.d.ordf\u00f6rande Polska Flyktingr\u00e5det OPON i Sverige\\nFoton 1-5 och video: Patrycja TreichelFoto 6: Polska Kongressen i Sverige\"},{\"@type\":\"ImageObject\",\"inLanguage\":\"pl-PL\",\"@id\":\"https:\/\/instytutpolski.pl\/stockholm\/2020\/05\/26\/jolanta-halkiewicz-om-den-forsta-minnesstenen-for-katynmassakerns-offer-i-sverige\/#primaryimage\",\"url\":\"https:\/\/instytutpolski.pl\/stockholm\/wp-content\/uploads\/sites\/17\/2020\/05\/pomnik-katynski_halkiewicz.jpg\",\"contentUrl\":\"https:\/\/instytutpolski.pl\/stockholm\/wp-content\/uploads\/sites\/17\/2020\/05\/pomnik-katynski_halkiewicz.jpg\",\"width\":1083,\"height\":609},{\"@type\":\"BreadcrumbList\",\"@id\":\"https:\/\/instytutpolski.pl\/stockholm\/2020\/05\/26\/jolanta-halkiewicz-om-den-forsta-minnesstenen-for-katynmassakerns-offer-i-sverige\/#breadcrumb\",\"itemListElement\":[{\"@type\":\"ListItem\",\"position\":1,\"name\":\"Home\",\"item\":\"https:\/\/instytutpolski.pl\/stockholm\/\"},{\"@type\":\"ListItem\",\"position\":2,\"name\":\"Jolanta Halkiewicz om den f\u00f6rsta minnesstenen f\u00f6r Katynmassakerns offer i Sverige\"}]},{\"@type\":\"WebSite\",\"@id\":\"https:\/\/instytutpolski.pl\/stockholm\/#website\",\"url\":\"https:\/\/instytutpolski.pl\/stockholm\/\",\"name\":\"Instytut Polski w Sztokholmie\",\"description\":\"Instytuty Polskie\",\"potentialAction\":[{\"@type\":\"SearchAction\",\"target\":{\"@type\":\"EntryPoint\",\"urlTemplate\":\"https:\/\/instytutpolski.pl\/stockholm\/?s={search_term_string}\"},\"query-input\":{\"@type\":\"PropertyValueSpecification\",\"valueRequired\":true,\"valueName\":\"search_term_string\"}}],\"inLanguage\":\"pl-PL\"},{\"@type\":\"Person\",\"@id\":\"https:\/\/instytutpolski.pl\/stockholm\/#\/schema\/person\/062b5a5f61f32b17c98996975db8d556\",\"name\":\"strozniake\",\"image\":{\"@type\":\"ImageObject\",\"inLanguage\":\"pl-PL\",\"@id\":\"https:\/\/instytutpolski.pl\/stockholm\/#\/schema\/person\/image\/\",\"url\":\"https:\/\/secure.gravatar.com\/avatar\/25e0be9897787f9035155a882fde97cc?s=96&d=mm&r=g\",\"contentUrl\":\"https:\/\/secure.gravatar.com\/avatar\/25e0be9897787f9035155a882fde97cc?s=96&d=mm&r=g\",\"caption\":\"strozniake\"},\"sameAs\":[\"http:\/\/strozniake\"],\"url\":\"https:\/\/instytutpolski.pl\/stockholm\/author\/strozniake\/\"}]}<\/script>\n<!-- \/ Yoast SEO plugin. -->","yoast_head_json":{"title":"Jolanta Halkiewicz om den f\u00f6rsta minnesstenen f\u00f6r Katynmassakerns offer i Sverige - Instytut Polski w Sztokholmie","robots":{"index":"index","follow":"follow","max-snippet":"max-snippet:-1","max-image-preview":"max-image-preview:large","max-video-preview":"max-video-preview:-1"},"canonical":"https:\/\/instytutpolski.pl\/stockholm\/2020\/05\/26\/jolanta-halkiewicz-om-den-forsta-minnesstenen-for-katynmassakerns-offer-i-sverige\/","og_locale":"pl_PL","og_type":"article","og_title":"Jolanta Halkiewicz om den f\u00f6rsta minnesstenen f\u00f6r Katynmassakerns offer i Sverige - Instytut Polski w Sztokholmie","og_description":"Erinringen \u00e4r den jordiska kampen med tiden&nbsp;&#8211; Eduard Spranger, tysk filosof, psykolog och pedagog. Den 13 april \u00e4r den internationella minnesdagen f\u00f6r Katynmassakerns offer. I den sovjetiska massavr\u00e4ttningen m\u00f6rdades bl.a. tusentals polska officerare i skogsomr\u00e5det Katyn p\u00e5 direkt order av Politbyr\u00e5n. F\u00f6r att h\u00f6gtidligh\u00e5lla detta minne presenterar vi en ber\u00e4ttelse av Jolanta Halkiewicz, f.d.ordf\u00f6rande i [&hellip;]","og_url":"https:\/\/instytutpolski.pl\/stockholm\/2020\/05\/26\/jolanta-halkiewicz-om-den-forsta-minnesstenen-for-katynmassakerns-offer-i-sverige\/","og_site_name":"Instytut Polski w Sztokholmie","article_published_time":"2020-05-26T13:45:16+00:00","article_modified_time":"2021-07-23T11:15:00+00:00","og_image":[{"width":1083,"height":609,"url":"https:\/\/instytutpolski.pl\/stockholm\/wp-content\/uploads\/sites\/17\/2020\/05\/pomnik-katynski_halkiewicz.jpg","type":"image\/jpeg"}],"author":"strozniake","twitter_card":"summary_large_image","twitter_misc":{"Napisane przez":"strozniake","Szacowany czas czytania":"4 minuty"},"schema":{"@context":"https:\/\/schema.org","@graph":[{"@type":"event","@id":"https:\/\/instytutpolski.pl\/stockholm\/2020\/05\/26\/jolanta-halkiewicz-om-den-forsta-minnesstenen-for-katynmassakerns-offer-i-sverige\/","url":"https:\/\/instytutpolski.pl\/stockholm\/2020\/05\/26\/jolanta-halkiewicz-om-den-forsta-minnesstenen-for-katynmassakerns-offer-i-sverige\/","name":"Jolanta Halkiewicz om den f\u00f6rsta minnesstenen f\u00f6r Katynmassakerns offer i Sverige","isPartOf":{"@id":"https:\/\/instytutpolski.pl\/stockholm\/#website"},"primaryImageOfPage":{"@id":"https:\/\/instytutpolski.pl\/stockholm\/2020\/05\/26\/jolanta-halkiewicz-om-den-forsta-minnesstenen-for-katynmassakerns-offer-i-sverige\/#primaryimage"},"image":["https:\/\/instytutpolski.pl\/stockholm\/wp-content\/uploads\/sites\/17\/2020\/05\/pomnik-katynski_halkiewicz.jpg","https:\/\/instytutpolski.pl\/stockholm\/wp-content\/uploads\/sites\/17\/2020\/05\/pomnik-katynski_halkiewicz-300x169.jpg","https:\/\/instytutpolski.pl\/stockholm\/wp-content\/uploads\/sites\/17\/2020\/05\/pomnik-katynski_halkiewicz-1024x576.jpg","https:\/\/instytutpolski.pl\/stockholm\/wp-content\/uploads\/sites\/17\/2020\/05\/pomnik-katynski_halkiewicz.jpg"],"thumbnailUrl":"https:\/\/instytutpolski.pl\/stockholm\/wp-content\/uploads\/sites\/17\/2020\/05\/pomnik-katynski_halkiewicz.jpg","datePublished":"2020-05-26T13:45:16+02:00","dateModified":"2021-07-23T11:15:00+02:00","author":{"@id":"https:\/\/instytutpolski.pl\/stockholm\/#\/schema\/person\/062b5a5f61f32b17c98996975db8d556"},"breadcrumb":{"@id":"https:\/\/instytutpolski.pl\/stockholm\/2020\/05\/26\/jolanta-halkiewicz-om-den-forsta-minnesstenen-for-katynmassakerns-offer-i-sverige\/#breadcrumb"},"inLanguage":"pl-PL","potentialAction":[{"@type":"ReadAction","target":["https:\/\/instytutpolski.pl\/stockholm\/2020\/05\/26\/jolanta-halkiewicz-om-den-forsta-minnesstenen-for-katynmassakerns-offer-i-sverige\/"]}],"@context":"https:\/\/schema.org","startDate":"2020-04-13","endDate":"2020-04-13","eventStatus":"EventScheduled","eventAttendanceMode":"OfflineEventAttendanceMode","location":{"@type":"place","name":"","address":"","geo":{"@type":"GeoCoordinates","latitude":"","longitude":""}},"description":"Erinringen \u00e4r den jordiska kampen med tiden - Eduard Spranger, tysk filosof, psykolog och pedagog.\nDen 13 april \u00e4r den internationella minnesdagen f\u00f6r Katynmassakerns offer. I den sovjetiska massavr\u00e4ttningen m\u00f6rdades bl.a. tusentals polska officerare i skogsomr\u00e5det Katyn p\u00e5 direkt order av Politbyr\u00e5n.\nF\u00f6r att h\u00f6gtidligh\u00e5lla detta minne presenterar vi en ber\u00e4ttelse av Jolanta Halkiewicz, f.d.ordf\u00f6rande i Polska Flyktingr\u00e5det OPON om den f\u00f6rsta minnesstenen f\u00f6r Katynmassakerns offer i Sverige. Historien kommer i b\u00e5de video- och textformat:\nV\u00e5ren 1940 blev p\u00e5 order av Stalin och Beria minst 25 tusen polska officerare, som tillf\u00e5ngatagits av Sovjetunionen, bestialiskt m\u00f6rdade i Katyn och andra avr\u00e4ttningsplatser i Sovjetunionen med ett nackskott....\nH\u00e4r \u00e4r det p\u00e5 sin plats att n\u00e4mna den f\u00f6rsta minnesstenen som rests \u00f6ver offren i Katyn, d\u00e4r m\u00f6rdarna \u00e4r n\u00e4mnda, n\u00e4mligen den statyn som restes av ordf\u00f6randen f\u00f6r Polska Kombattanterna F\u00f6rening SPK i Sverige, Tadeusz Glowacki, tillsammans med Polska Flyktingr\u00e5det i Sverige i oktober 1975. Den placerades p\u00e5 g\u00e5rden, p\u00e5 en hyrd gr\u00e4smatta, vid OPON, Polska Flyktingr\u00e5dets lokal, vid \u00d6stermalmsgatan 75 eftersom vi inte fick placera den p\u00e5 gatan framf\u00f6r lokalen av svenska myndigheterna.\nTadeusz Glowacki var den yngste telegrafisten i polska marinen stationerad 1939 vid Westerplatte och blev den f\u00f6rste i gryningen 1 september 1939 att rapportera om Tysklands anfall p\u00e5 Polen! Han blev tillsammans med polska officerarna f\u00e4ngslad i l\u00e4gret Stuthof men lyckades fly via Tyskland och Danmark och kom till Sverige 1940 med f\u00f6rfrusna f\u00f6tter.... Han ansl\u00f6t sig Polska Hj\u00e4lpkommittens och Polska Kombattanternas arbete att hj\u00e4lpa polska flyktingar att etablera sig i Sverige. Tog sedermera examen vid KTH och anlade en fabrik i norra delen av landet med hemlig produktion till svenska f\u00f6rsvaret.\nEn vacker dag m\u00e4rkte vi att n\u00e5gon f\u00f6rs\u00f6kt tutta eld p\u00e5 statyn och h\u00e4llt fr\u00e4tande syra \u00f6ver texten. Vi hade v\u00e5ra misstankar som kanske besannades n\u00e4r i fick veta att sovjetiske ambassad\u00f6ren kr\u00e4vt av statsministern, Olof Palme, att avl\u00e4gsna minnesstenen men f\u00e5tt till svar att han inte kunde l\u00e4gga sig i vad folk gjorde p\u00e5 sina tomter! Heder den g\u00e5ngen \u00e5t honom!\nS\u00e5 statyn \u00f6verlevde men n\u00e4r bostadsr\u00e4ttsf\u00f6reningen placerade en sopptunna p\u00e5 g\u00e5rden ans\u00e5g vi i att den borde flyttas till en mer hederv\u00e4rd och synlig plats. Efter m\u00e5nga olika f\u00f6rs\u00f6k kunde vi slutligen placera den p\u00e5 en gr\u00e4ssl\u00e4nt vid Johannes Kyrka efter det att katolske biskopen (nuvarande kardinalen) Anders Arborelius och polske konsuln Kaszuba efter samtal med Svenska Kyrkog\u00e5rdsf\u00f6rvaltningen f\u00e5tt tillst\u00e5nd till detta. D\u00e4r \u00e4r den v\u00e4l synlig f\u00f6r alla och speciellt f\u00f6r alla polacker som kommer p\u00e5 s\u00f6ndagarna p\u00e5 polska m\u00e4ssor som Polska Katolska Missionen ordnar genom att hyra kyrkan varje s\u00f6ndag!\nS\u00f6ndagen den 6 maj 2001 blev den renoverade och omgjorda minnesstenen \u00e5terinvigd av f\u00e4ltpr\u00e4sten f\u00f6r \"Katynfamiljerna\" Zdzislaw Peszkowski som var den ende som undg\u00e5tt d\u00f6den i Katyn. Invigningen f\u00f6regicks av den Heliga M\u00e4ssan i Johannes Kyrka. I h\u00f6gtidligheten deltog representanter f\u00f6r Polska Kombattanternas F\u00f6rening SPK med ordf\u00f6randen Michal Bieniasz, representanter f\u00f6r Polska kongressen med ordf\u00f6rande Koba, representanter f\u00f6r Polska Flyktingr\u00e5det samt f\u00f6r Polska Hj\u00e4lpkommitten och m\u00e5nga polacker... N\u00e4rvarande var ocks\u00e5 representanten f\u00f6r svenska statsministern, f.d. svenske ambassad\u00f6ren i Polen, Stefan Nor\u00e9n och representanter f\u00f6r polska sejmen med Ryszard Czarnecki i spetsen. Ett speciellt skrivet budskap fr\u00e5n den siste polske presidenten i exil, Ryszard Kaczorowski, l\u00e4stes upp. Projektet av det nya minnesm\u00e4rket \u00e4r gjort av Michal Bieniasz, d\u00e5varande ordf\u00f6randen f\u00f6r SPK och sedermera m\u00e5ng\u00e5rig ordf\u00f6rande f\u00f6r Polska Kongressen.\nUnder samma tid restes en staty av f\u00f6reningen SPK i London p\u00e5 kyrkog\u00e5rden Ganersbury Cemetery \u00f6ver de m\u00f6rdade i Katyn men utan g\u00e4rningsm\u00e4nnens namn som engelsm\u00e4nnen f\u00f6rbj\u00f6d! S\u00e5 man kan konstatera att statyn \u00f6ver offren i Katyn i Stockholm \u00e4r den f\u00f6rsta i v\u00e4rlden d\u00e4r g\u00e4rningsm\u00e4nnens namn \u00e4r namngivna! S\u00e5 Tadeusz Glowacki kan i sin grav vara med \u00f6ver sitt arbete och verk.\nJolanta Halkiewiczf.d.ordf\u00f6rande Polska Flyktingr\u00e5det OPON i Sverige\nFoton 1-5 och video: Patrycja TreichelFoto 6: Polska Kongressen i Sverige"},{"@type":"ImageObject","inLanguage":"pl-PL","@id":"https:\/\/instytutpolski.pl\/stockholm\/2020\/05\/26\/jolanta-halkiewicz-om-den-forsta-minnesstenen-for-katynmassakerns-offer-i-sverige\/#primaryimage","url":"https:\/\/instytutpolski.pl\/stockholm\/wp-content\/uploads\/sites\/17\/2020\/05\/pomnik-katynski_halkiewicz.jpg","contentUrl":"https:\/\/instytutpolski.pl\/stockholm\/wp-content\/uploads\/sites\/17\/2020\/05\/pomnik-katynski_halkiewicz.jpg","width":1083,"height":609},{"@type":"BreadcrumbList","@id":"https:\/\/instytutpolski.pl\/stockholm\/2020\/05\/26\/jolanta-halkiewicz-om-den-forsta-minnesstenen-for-katynmassakerns-offer-i-sverige\/#breadcrumb","itemListElement":[{"@type":"ListItem","position":1,"name":"Home","item":"https:\/\/instytutpolski.pl\/stockholm\/"},{"@type":"ListItem","position":2,"name":"Jolanta Halkiewicz om den f\u00f6rsta minnesstenen f\u00f6r Katynmassakerns offer i Sverige"}]},{"@type":"WebSite","@id":"https:\/\/instytutpolski.pl\/stockholm\/#website","url":"https:\/\/instytutpolski.pl\/stockholm\/","name":"Instytut Polski w Sztokholmie","description":"Instytuty Polskie","potentialAction":[{"@type":"SearchAction","target":{"@type":"EntryPoint","urlTemplate":"https:\/\/instytutpolski.pl\/stockholm\/?s={search_term_string}"},"query-input":{"@type":"PropertyValueSpecification","valueRequired":true,"valueName":"search_term_string"}}],"inLanguage":"pl-PL"},{"@type":"Person","@id":"https:\/\/instytutpolski.pl\/stockholm\/#\/schema\/person\/062b5a5f61f32b17c98996975db8d556","name":"strozniake","image":{"@type":"ImageObject","inLanguage":"pl-PL","@id":"https:\/\/instytutpolski.pl\/stockholm\/#\/schema\/person\/image\/","url":"https:\/\/secure.gravatar.com\/avatar\/25e0be9897787f9035155a882fde97cc?s=96&d=mm&r=g","contentUrl":"https:\/\/secure.gravatar.com\/avatar\/25e0be9897787f9035155a882fde97cc?s=96&d=mm&r=g","caption":"strozniake"},"sameAs":["http:\/\/strozniake"],"url":"https:\/\/instytutpolski.pl\/stockholm\/author\/strozniake\/"}]}},"_links":{"self":[{"href":"https:\/\/instytutpolski.pl\/stockholm\/wp-json\/wp\/v2\/posts\/1924","targetHints":{"allow":["GET"]}}],"collection":[{"href":"https:\/\/instytutpolski.pl\/stockholm\/wp-json\/wp\/v2\/posts"}],"about":[{"href":"https:\/\/instytutpolski.pl\/stockholm\/wp-json\/wp\/v2\/types\/post"}],"author":[{"embeddable":true,"href":"https:\/\/instytutpolski.pl\/stockholm\/wp-json\/wp\/v2\/users\/29"}],"replies":[{"embeddable":true,"href":"https:\/\/instytutpolski.pl\/stockholm\/wp-json\/wp\/v2\/comments?post=1924"}],"version-history":[{"count":4,"href":"https:\/\/instytutpolski.pl\/stockholm\/wp-json\/wp\/v2\/posts\/1924\/revisions"}],"predecessor-version":[{"id":6004,"href":"https:\/\/instytutpolski.pl\/stockholm\/wp-json\/wp\/v2\/posts\/1924\/revisions\/6004"}],"wp:featuredmedia":[{"embeddable":true,"href":"https:\/\/instytutpolski.pl\/stockholm\/wp-json\/wp\/v2\/media\/1932"}],"wp:attachment":[{"href":"https:\/\/instytutpolski.pl\/stockholm\/wp-json\/wp\/v2\/media?parent=1924"}],"wp:term":[{"taxonomy":"category","embeddable":true,"href":"https:\/\/instytutpolski.pl\/stockholm\/wp-json\/wp\/v2\/categories?post=1924"},{"taxonomy":"post_tag","embeddable":true,"href":"https:\/\/instytutpolski.pl\/stockholm\/wp-json\/wp\/v2\/tags?post=1924"}],"curies":[{"name":"wp","href":"https:\/\/api.w.org\/{rel}","templated":true}]}}