{"id":222,"date":"2019-06-05T14:02:11","date_gmt":"2019-06-05T12:02:11","guid":{"rendered":"https:\/\/instytutpolski.pl\/sztokholm\/?p=222"},"modified":"2020-06-03T19:51:20","modified_gmt":"2020-06-03T17:51:20","slug":"fokus-polsk-film-polskie-filmy-w-goteborgu","status":"publish","type":"post","link":"https:\/\/instytutpolski.pl\/stockholm\/pl\/2019\/06\/05\/fokus-polsk-film-polskie-filmy-w-goteborgu\/","title":{"rendered":"Fokus Polsk film \u2013 polskie filmy w G\u00f6teborgu"},"content":{"rendered":"\n<p><strong>22, 29 maja i 5 czerwca 2019, godz. 18.15<br>Hagabion<br>Linn\u00e9gatan 21, G\u00f6teborg<\/strong><br><br><strong>22\/5, godz. 18.15\u00a0<br>JESZCZE DZIE\u0143 \u017bYCIA, re\u017c. Damian Nenow i Ra\u00fal de la Fuente<\/strong><br><br>\u201eJeszcze dzie\u0144 \u017cycia\u201d to trzymaj\u0105ca w napi\u0119ciu historia trzymiesi\u0119cznej wyprawy wybitnego reportera Ryszarda Kapu\u015bci\u0144skiego do ogarni\u0119tej wojn\u0105 i chaosem Angoli, w kt\u00f3rej linia frontu zmienia si\u0119 jak w kalejdoskopie. Zgodnie z ksi\u0105\u017ckowym pierwowzorem widz rozpoczyna podr\u00f3\u017c z Kapu\u015bci\u0144skim w 1975 r. od Luandy, stolicy Angoli. Trwa dekolonizacja po portugalskiej rewolucji go\u017adzik\u00f3w. Portugalczycy opuszczaj\u0105 w po\u015bpiechu luksusowe dzielnice miasta. Przera\u017ca ich widmo ataku na stolic\u0119 kraju. Pakuj\u0105 ca\u0142y sw\u00f3j dobytek w drewniane skrzynie. W Luandzie zamykane s\u0105 sklepy, znikaj\u0105 s\u0142u\u017cby porz\u0105dkowe, rosn\u0105 g\u00f3ry \u015bmieci. Kapu\u015bci\u0144ski z opuszczonego miasta codziennie nadaje depesze do Polskiej Agencji Prasowej. W ko\u0144cu wyrusza w \u015bmiertelnie niebezpieczn\u0105 podr\u00f3\u017c w g\u0142\u0105b kraju. Ledwo uchodz\u0105c z \u017cyciem, zdaje sobie spraw\u0119, \u017ce jest \u015bwiadkiem wydarze\u0144, kt\u00f3re b\u0119d\u0105 wymaga\u0107 wyj\u015bcia poza rol\u0119 obserwatora. Czy reporter mo\u017ce zatai\u0107 sensacyjne odkrycie dla dobra wy\u017cszej sprawy?\u00a0<br><br><strong>29\/5, godz. 18.15\u00a0<br>FUGA, re\u017c. Agnieszka Smoczy\u0144ska<\/strong><br><br>Alicja nie pami\u0119ta przesz\u0142o\u015bci, nie wie kim jest. Kiedy po dw\u00f3ch latach od znikni\u0119cia zostaje odnaleziona przez rodzin\u0119, nie chce wraca\u0107 do dawnego, zapomnianego \u017cycia. Nie pami\u0119ta mi\u0142o\u015bci do m\u0119\u017ca i synka. Z czasem do Alicji wracaj\u0105 urywki wspomnie\u0144, tworz\u0105c niewyra\u017any i niepokoj\u0105cy obraz tajemnicy \u2013 tego co zdarzy\u0142o si\u0119 w przesz\u0142o\u015bci. Co jest t\u0105 tajemnic\u0105? Czy rodz\u0105ce si\u0119 uczucia do przed chwil\u0105 poznanych m\u0119\u017ca i syna pozwol\u0105 kobiecie zrozumie\u0107 przesz\u0142o\u015b\u0107 i zbudowa\u0107 szcz\u0119\u015bcie swoje i rodziny?<br><br><strong>5\/6, godz. 18.15<br>TWARZ, re\u017c. Ma\u0142gorzata Szumowska<\/strong><br><br>Jacek (Mateusz Ko\u015bciukiewicz) pracuje przy budowie ogromnej statuy Jezusa na granicy polsko-niemieckiej. Tam wskutek wypadku traci twarz. Po nowatorskiej operacji zyskuje s\u0142aw\u0119 w ca\u0142ym kraj, a media opiewaj\u0105 go jako m\u0119czennika. Jednak gdy wraca do rodzinnej miejscowo\u015bci, ludzie nie wiedz\u0105 jak go traktowa\u0107. Staje si\u0119 dla nich kim\u015b obcym. Sam Jacek nie rozpoznaje siebie w lustrze. Jednocze\u015bnie statua Jezusa staje si\u0119 coraz wy\u017csza i wy\u017csza. Historia Szumowskiej, pe\u0142na dramatu i czarnej komedii, staje si\u0119 pretekstem do refleksji na temat formy naszego spo\u0142ecze\u0144stwa.<\/p>\n\n\n\n<p><br>Wi\u0119cej:&nbsp;<a href=\"https:\/\/hagabion.se\/serie\/fokus-polsk-film\" target=\"_blank\" rel=\"noreferrer noopener\">https:\/\/hagabion.se\/serie\/fokus-polsk-film\/<\/a><br><\/p>\n","protected":false},"excerpt":{"rendered":"<p>22, 29 maja i 5 czerwca 2019, godz. 18.15HagabionLinn\u00e9gatan 21, G\u00f6teborg 22\/5, godz. 18.15\u00a0JESZCZE DZIE\u0143 \u017bYCIA, re\u017c. Damian Nenow i Ra\u00fal de la Fuente \u201eJeszcze dzie\u0144 \u017cycia\u201d to trzymaj\u0105ca w napi\u0119ciu historia trzymiesi\u0119cznej wyprawy wybitnego reportera Ryszarda Kapu\u015bci\u0144skiego do ogarni\u0119tej wojn\u0105 i chaosem Angoli, w kt\u00f3rej linia frontu zmienia si\u0119 jak w kalejdoskopie. Zgodnie z [&hellip;]<\/p>\n","protected":false},"author":9,"featured_media":152,"comment_status":"open","ping_status":"open","sticky":false,"template":"","format":"standard","meta":{"inline_featured_image":false,"_monsterinsights_skip_tracking":false,"_monsterinsights_sitenote_active":false,"_monsterinsights_sitenote_note":"","_monsterinsights_sitenote_category":0,"footnotes":""},"categories":[85,36],"tags":[],"class_list":["post-222","post","type-post","status-publish","format-standard","has-post-thumbnail","hentry","category-kino","category-wydarzenie"],"yoast_head":"<!-- This site is optimized with the Yoast SEO plugin v24.6 - https:\/\/yoast.com\/wordpress\/plugins\/seo\/ -->\n<title>Fokus Polsk film \u2013 polskie filmy w G\u00f6teborgu - Instytut Polski w Sztokholmie<\/title>\n<meta name=\"robots\" content=\"index, follow, max-snippet:-1, max-image-preview:large, max-video-preview:-1\" \/>\n<link rel=\"canonical\" href=\"https:\/\/instytutpolski.pl\/stockholm\/pl\/2019\/06\/05\/fokus-polsk-film-polskie-filmy-w-goteborgu\/\" \/>\n<meta property=\"og:locale\" content=\"pl_PL\" \/>\n<meta property=\"og:type\" content=\"article\" \/>\n<meta property=\"og:title\" content=\"Fokus Polsk film \u2013 polskie filmy w G\u00f6teborgu - Instytut Polski w Sztokholmie\" \/>\n<meta property=\"og:description\" content=\"22, 29 maja i 5 czerwca 2019, godz. 18.15HagabionLinn\u00e9gatan 21, G\u00f6teborg 22\/5, godz. 18.15\u00a0JESZCZE DZIE\u0143 \u017bYCIA, re\u017c. Damian Nenow i Ra\u00fal de la Fuente \u201eJeszcze dzie\u0144 \u017cycia\u201d to trzymaj\u0105ca w napi\u0119ciu historia trzymiesi\u0119cznej wyprawy wybitnego reportera Ryszarda Kapu\u015bci\u0144skiego do ogarni\u0119tej wojn\u0105 i chaosem Angoli, w kt\u00f3rej linia frontu zmienia si\u0119 jak w kalejdoskopie. Zgodnie z [&hellip;]\" \/>\n<meta property=\"og:url\" content=\"https:\/\/instytutpolski.pl\/stockholm\/pl\/2019\/06\/05\/fokus-polsk-film-polskie-filmy-w-goteborgu\/\" \/>\n<meta property=\"og:site_name\" content=\"Instytut Polski w Sztokholmie\" \/>\n<meta property=\"article:published_time\" content=\"2019-06-05T12:02:11+00:00\" \/>\n<meta property=\"article:modified_time\" content=\"2020-06-03T17:51:20+00:00\" \/>\n<meta property=\"og:image\" content=\"https:\/\/instytutpolski.pl\/stockholm\/wp-content\/uploads\/sites\/17\/2019\/06\/fokus-polsk-film-3.jpg\" \/>\n\t<meta property=\"og:image:width\" content=\"562\" \/>\n\t<meta property=\"og:image:height\" content=\"265\" \/>\n\t<meta property=\"og:image:type\" content=\"image\/jpeg\" \/>\n<meta name=\"twitter:card\" content=\"summary_large_image\" \/>\n<meta name=\"twitter:label1\" content=\"Napisane przez\" \/>\n\t<meta name=\"twitter:data1\" content=\"\" \/>\n\t<meta name=\"twitter:label2\" content=\"Szacowany czas czytania\" \/>\n\t<meta name=\"twitter:data2\" content=\"2 minuty\" \/>\n<script type=\"application\/ld+json\" class=\"yoast-schema-graph\">{\"@context\":\"https:\/\/schema.org\",\"@graph\":[{\"@type\":\"event\",\"@id\":\"https:\/\/instytutpolski.pl\/stockholm\/pl\/2019\/06\/05\/fokus-polsk-film-polskie-filmy-w-goteborgu\/\",\"url\":\"https:\/\/instytutpolski.pl\/stockholm\/pl\/2019\/06\/05\/fokus-polsk-film-polskie-filmy-w-goteborgu\/\",\"name\":\"Fokus Polsk film \u2013 polskie filmy w G\u00f6teborgu\",\"isPartOf\":{\"@id\":\"https:\/\/instytutpolski.pl\/stockholm\/#website\"},\"primaryImageOfPage\":{\"@id\":\"https:\/\/instytutpolski.pl\/stockholm\/pl\/2019\/06\/05\/fokus-polsk-film-polskie-filmy-w-goteborgu\/#primaryimage\"},\"image\":[\"https:\/\/instytutpolski.pl\/stockholm\/wp-content\/uploads\/sites\/17\/2019\/06\/fokus-polsk-film-3.jpg\",\"https:\/\/instytutpolski.pl\/stockholm\/wp-content\/uploads\/sites\/17\/2019\/06\/fokus-polsk-film-3-300x141.jpg\",\"https:\/\/instytutpolski.pl\/stockholm\/wp-content\/uploads\/sites\/17\/2019\/06\/fokus-polsk-film-3.jpg\",\"https:\/\/instytutpolski.pl\/stockholm\/wp-content\/uploads\/sites\/17\/2019\/06\/fokus-polsk-film-3.jpg\"],\"thumbnailUrl\":\"https:\/\/instytutpolski.pl\/stockholm\/wp-content\/uploads\/sites\/17\/2019\/06\/fokus-polsk-film-3.jpg\",\"datePublished\":\"2019-06-05T12:02:11+02:00\",\"dateModified\":\"2020-06-03T17:51:20+02:00\",\"author\":{\"@id\":\"\"},\"breadcrumb\":{\"@id\":\"https:\/\/instytutpolski.pl\/stockholm\/pl\/2019\/06\/05\/fokus-polsk-film-polskie-filmy-w-goteborgu\/#breadcrumb\"},\"inLanguage\":\"pl-PL\",\"potentialAction\":[{\"@type\":\"ReadAction\",\"target\":[\"https:\/\/instytutpolski.pl\/stockholm\/pl\/2019\/06\/05\/fokus-polsk-film-polskie-filmy-w-goteborgu\/\"]}],\"@context\":\"https:\/\/schema.org\",\"startDate\":\"2019-05-22\",\"endDate\":\"2019-05-22\",\"eventStatus\":\"EventScheduled\",\"eventAttendanceMode\":\"OfflineEventAttendanceMode\",\"location\":{\"@type\":\"place\",\"name\":\"\",\"address\":\"\",\"geo\":{\"@type\":\"GeoCoordinates\",\"latitude\":\"\",\"longitude\":\"\"}},\"description\":\"22, 29 maja i 5 czerwca 2019, godz. 18.15HagabionLinn\u00e9gatan 21, G\u00f6teborg22\/5, godz. 18.15\u00a0JESZCZE DZIE\u0143 \u017bYCIA, re\u017c. Damian Nenow i Ra\u00fal de la Fuente\u201eJeszcze dzie\u0144 \u017cycia\u201d to trzymaj\u0105ca w napi\u0119ciu historia trzymiesi\u0119cznej wyprawy wybitnego reportera Ryszarda Kapu\u015bci\u0144skiego do ogarni\u0119tej wojn\u0105 i chaosem Angoli, w kt\u00f3rej linia frontu zmienia si\u0119 jak w kalejdoskopie. Zgodnie z ksi\u0105\u017ckowym pierwowzorem widz rozpoczyna podr\u00f3\u017c z Kapu\u015bci\u0144skim w 1975 r. od Luandy, stolicy Angoli. Trwa dekolonizacja po portugalskiej rewolucji go\u017adzik\u00f3w. Portugalczycy opuszczaj\u0105 w po\u015bpiechu luksusowe dzielnice miasta. Przera\u017ca ich widmo ataku na stolic\u0119 kraju. Pakuj\u0105 ca\u0142y sw\u00f3j dobytek w drewniane skrzynie. W Luandzie zamykane s\u0105 sklepy, znikaj\u0105 s\u0142u\u017cby porz\u0105dkowe, rosn\u0105 g\u00f3ry \u015bmieci. Kapu\u015bci\u0144ski z opuszczonego miasta codziennie nadaje depesze do Polskiej Agencji Prasowej. W ko\u0144cu wyrusza w \u015bmiertelnie niebezpieczn\u0105 podr\u00f3\u017c w g\u0142\u0105b kraju. Ledwo uchodz\u0105c z \u017cyciem, zdaje sobie spraw\u0119, \u017ce jest \u015bwiadkiem wydarze\u0144, kt\u00f3re b\u0119d\u0105 wymaga\u0107 wyj\u015bcia poza rol\u0119 obserwatora. Czy reporter mo\u017ce zatai\u0107 sensacyjne odkrycie dla dobra wy\u017cszej sprawy?\u00a029\/5, godz. 18.15\u00a0FUGA, re\u017c. Agnieszka Smoczy\u0144skaAlicja nie pami\u0119ta przesz\u0142o\u015bci, nie wie kim jest. Kiedy po dw\u00f3ch latach od znikni\u0119cia zostaje odnaleziona przez rodzin\u0119, nie chce wraca\u0107 do dawnego, zapomnianego \u017cycia. Nie pami\u0119ta mi\u0142o\u015bci do m\u0119\u017ca i synka. Z czasem do Alicji wracaj\u0105 urywki wspomnie\u0144, tworz\u0105c niewyra\u017any i niepokoj\u0105cy obraz tajemnicy \u2013 tego co zdarzy\u0142o si\u0119 w przesz\u0142o\u015bci. Co jest t\u0105 tajemnic\u0105? Czy rodz\u0105ce si\u0119 uczucia do przed chwil\u0105 poznanych m\u0119\u017ca i syna pozwol\u0105 kobiecie zrozumie\u0107 przesz\u0142o\u015b\u0107 i zbudowa\u0107 szcz\u0119\u015bcie swoje i rodziny?5\/6, godz. 18.15TWARZ, re\u017c. Ma\u0142gorzata SzumowskaJacek (Mateusz Ko\u015bciukiewicz) pracuje przy budowie ogromnej statuy Jezusa na granicy polsko-niemieckiej. Tam wskutek wypadku traci twarz. Po nowatorskiej operacji zyskuje s\u0142aw\u0119 w ca\u0142ym kraj, a media opiewaj\u0105 go jako m\u0119czennika. Jednak gdy wraca do rodzinnej miejscowo\u015bci, ludzie nie wiedz\u0105 jak go traktowa\u0107. Staje si\u0119 dla nich kim\u015b obcym. Sam Jacek nie rozpoznaje siebie w lustrze. Jednocze\u015bnie statua Jezusa staje si\u0119 coraz wy\u017csza i wy\u017csza. Historia Szumowskiej, pe\u0142na dramatu i czarnej komedii, staje si\u0119 pretekstem do refleksji na temat formy naszego spo\u0142ecze\u0144stwa.\\nWi\u0119cej: https:\/\/hagabion.se\/serie\/fokus-polsk-film\/\"},{\"@type\":\"ImageObject\",\"inLanguage\":\"pl-PL\",\"@id\":\"https:\/\/instytutpolski.pl\/stockholm\/pl\/2019\/06\/05\/fokus-polsk-film-polskie-filmy-w-goteborgu\/#primaryimage\",\"url\":\"https:\/\/instytutpolski.pl\/stockholm\/wp-content\/uploads\/sites\/17\/2019\/06\/fokus-polsk-film-3.jpg\",\"contentUrl\":\"https:\/\/instytutpolski.pl\/stockholm\/wp-content\/uploads\/sites\/17\/2019\/06\/fokus-polsk-film-3.jpg\",\"width\":562,\"height\":265},{\"@type\":\"BreadcrumbList\",\"@id\":\"https:\/\/instytutpolski.pl\/stockholm\/pl\/2019\/06\/05\/fokus-polsk-film-polskie-filmy-w-goteborgu\/#breadcrumb\",\"itemListElement\":[{\"@type\":\"ListItem\",\"position\":1,\"name\":\"Home\",\"item\":\"https:\/\/instytutpolski.pl\/stockholm\/\"},{\"@type\":\"ListItem\",\"position\":2,\"name\":\"Fokus Polsk film \u2013 polskie filmy w G\u00f6teborgu\"}]},{\"@type\":\"WebSite\",\"@id\":\"https:\/\/instytutpolski.pl\/stockholm\/#website\",\"url\":\"https:\/\/instytutpolski.pl\/stockholm\/\",\"name\":\"Instytut Polski w Sztokholmie\",\"description\":\"Instytuty Polskie\",\"potentialAction\":[{\"@type\":\"SearchAction\",\"target\":{\"@type\":\"EntryPoint\",\"urlTemplate\":\"https:\/\/instytutpolski.pl\/stockholm\/?s={search_term_string}\"},\"query-input\":{\"@type\":\"PropertyValueSpecification\",\"valueRequired\":true,\"valueName\":\"search_term_string\"}}],\"inLanguage\":\"pl-PL\"},{\"@type\":\"Person\",\"@id\":\"\",\"url\":\"https:\/\/instytutpolski.pl\/stockholm\/author\/\"}]}<\/script>\n<!-- \/ Yoast SEO plugin. -->","yoast_head_json":{"title":"Fokus Polsk film \u2013 polskie filmy w G\u00f6teborgu - Instytut Polski w Sztokholmie","robots":{"index":"index","follow":"follow","max-snippet":"max-snippet:-1","max-image-preview":"max-image-preview:large","max-video-preview":"max-video-preview:-1"},"canonical":"https:\/\/instytutpolski.pl\/stockholm\/pl\/2019\/06\/05\/fokus-polsk-film-polskie-filmy-w-goteborgu\/","og_locale":"pl_PL","og_type":"article","og_title":"Fokus Polsk film \u2013 polskie filmy w G\u00f6teborgu - Instytut Polski w Sztokholmie","og_description":"22, 29 maja i 5 czerwca 2019, godz. 18.15HagabionLinn\u00e9gatan 21, G\u00f6teborg 22\/5, godz. 18.15\u00a0JESZCZE DZIE\u0143 \u017bYCIA, re\u017c. Damian Nenow i Ra\u00fal de la Fuente \u201eJeszcze dzie\u0144 \u017cycia\u201d to trzymaj\u0105ca w napi\u0119ciu historia trzymiesi\u0119cznej wyprawy wybitnego reportera Ryszarda Kapu\u015bci\u0144skiego do ogarni\u0119tej wojn\u0105 i chaosem Angoli, w kt\u00f3rej linia frontu zmienia si\u0119 jak w kalejdoskopie. Zgodnie z [&hellip;]","og_url":"https:\/\/instytutpolski.pl\/stockholm\/pl\/2019\/06\/05\/fokus-polsk-film-polskie-filmy-w-goteborgu\/","og_site_name":"Instytut Polski w Sztokholmie","article_published_time":"2019-06-05T12:02:11+00:00","article_modified_time":"2020-06-03T17:51:20+00:00","og_image":[{"width":562,"height":265,"url":"https:\/\/instytutpolski.pl\/stockholm\/wp-content\/uploads\/sites\/17\/2019\/06\/fokus-polsk-film-3.jpg","type":"image\/jpeg"}],"twitter_card":"summary_large_image","twitter_misc":{"Napisane przez":"","Szacowany czas czytania":"2 minuty"},"schema":{"@context":"https:\/\/schema.org","@graph":[{"@type":"event","@id":"https:\/\/instytutpolski.pl\/stockholm\/pl\/2019\/06\/05\/fokus-polsk-film-polskie-filmy-w-goteborgu\/","url":"https:\/\/instytutpolski.pl\/stockholm\/pl\/2019\/06\/05\/fokus-polsk-film-polskie-filmy-w-goteborgu\/","name":"Fokus Polsk film \u2013 polskie filmy w G\u00f6teborgu","isPartOf":{"@id":"https:\/\/instytutpolski.pl\/stockholm\/#website"},"primaryImageOfPage":{"@id":"https:\/\/instytutpolski.pl\/stockholm\/pl\/2019\/06\/05\/fokus-polsk-film-polskie-filmy-w-goteborgu\/#primaryimage"},"image":["https:\/\/instytutpolski.pl\/stockholm\/wp-content\/uploads\/sites\/17\/2019\/06\/fokus-polsk-film-3.jpg","https:\/\/instytutpolski.pl\/stockholm\/wp-content\/uploads\/sites\/17\/2019\/06\/fokus-polsk-film-3-300x141.jpg","https:\/\/instytutpolski.pl\/stockholm\/wp-content\/uploads\/sites\/17\/2019\/06\/fokus-polsk-film-3.jpg","https:\/\/instytutpolski.pl\/stockholm\/wp-content\/uploads\/sites\/17\/2019\/06\/fokus-polsk-film-3.jpg"],"thumbnailUrl":"https:\/\/instytutpolski.pl\/stockholm\/wp-content\/uploads\/sites\/17\/2019\/06\/fokus-polsk-film-3.jpg","datePublished":"2019-06-05T12:02:11+02:00","dateModified":"2020-06-03T17:51:20+02:00","author":{"@id":""},"breadcrumb":{"@id":"https:\/\/instytutpolski.pl\/stockholm\/pl\/2019\/06\/05\/fokus-polsk-film-polskie-filmy-w-goteborgu\/#breadcrumb"},"inLanguage":"pl-PL","potentialAction":[{"@type":"ReadAction","target":["https:\/\/instytutpolski.pl\/stockholm\/pl\/2019\/06\/05\/fokus-polsk-film-polskie-filmy-w-goteborgu\/"]}],"@context":"https:\/\/schema.org","startDate":"2019-05-22","endDate":"2019-05-22","eventStatus":"EventScheduled","eventAttendanceMode":"OfflineEventAttendanceMode","location":{"@type":"place","name":"","address":"","geo":{"@type":"GeoCoordinates","latitude":"","longitude":""}},"description":"22, 29 maja i 5 czerwca 2019, godz. 18.15HagabionLinn\u00e9gatan 21, G\u00f6teborg22\/5, godz. 18.15\u00a0JESZCZE DZIE\u0143 \u017bYCIA, re\u017c. Damian Nenow i Ra\u00fal de la Fuente\u201eJeszcze dzie\u0144 \u017cycia\u201d to trzymaj\u0105ca w napi\u0119ciu historia trzymiesi\u0119cznej wyprawy wybitnego reportera Ryszarda Kapu\u015bci\u0144skiego do ogarni\u0119tej wojn\u0105 i chaosem Angoli, w kt\u00f3rej linia frontu zmienia si\u0119 jak w kalejdoskopie. Zgodnie z ksi\u0105\u017ckowym pierwowzorem widz rozpoczyna podr\u00f3\u017c z Kapu\u015bci\u0144skim w 1975 r. od Luandy, stolicy Angoli. Trwa dekolonizacja po portugalskiej rewolucji go\u017adzik\u00f3w. Portugalczycy opuszczaj\u0105 w po\u015bpiechu luksusowe dzielnice miasta. Przera\u017ca ich widmo ataku na stolic\u0119 kraju. Pakuj\u0105 ca\u0142y sw\u00f3j dobytek w drewniane skrzynie. W Luandzie zamykane s\u0105 sklepy, znikaj\u0105 s\u0142u\u017cby porz\u0105dkowe, rosn\u0105 g\u00f3ry \u015bmieci. Kapu\u015bci\u0144ski z opuszczonego miasta codziennie nadaje depesze do Polskiej Agencji Prasowej. W ko\u0144cu wyrusza w \u015bmiertelnie niebezpieczn\u0105 podr\u00f3\u017c w g\u0142\u0105b kraju. Ledwo uchodz\u0105c z \u017cyciem, zdaje sobie spraw\u0119, \u017ce jest \u015bwiadkiem wydarze\u0144, kt\u00f3re b\u0119d\u0105 wymaga\u0107 wyj\u015bcia poza rol\u0119 obserwatora. Czy reporter mo\u017ce zatai\u0107 sensacyjne odkrycie dla dobra wy\u017cszej sprawy?\u00a029\/5, godz. 18.15\u00a0FUGA, re\u017c. Agnieszka Smoczy\u0144skaAlicja nie pami\u0119ta przesz\u0142o\u015bci, nie wie kim jest. Kiedy po dw\u00f3ch latach od znikni\u0119cia zostaje odnaleziona przez rodzin\u0119, nie chce wraca\u0107 do dawnego, zapomnianego \u017cycia. Nie pami\u0119ta mi\u0142o\u015bci do m\u0119\u017ca i synka. Z czasem do Alicji wracaj\u0105 urywki wspomnie\u0144, tworz\u0105c niewyra\u017any i niepokoj\u0105cy obraz tajemnicy \u2013 tego co zdarzy\u0142o si\u0119 w przesz\u0142o\u015bci. Co jest t\u0105 tajemnic\u0105? Czy rodz\u0105ce si\u0119 uczucia do przed chwil\u0105 poznanych m\u0119\u017ca i syna pozwol\u0105 kobiecie zrozumie\u0107 przesz\u0142o\u015b\u0107 i zbudowa\u0107 szcz\u0119\u015bcie swoje i rodziny?5\/6, godz. 18.15TWARZ, re\u017c. Ma\u0142gorzata SzumowskaJacek (Mateusz Ko\u015bciukiewicz) pracuje przy budowie ogromnej statuy Jezusa na granicy polsko-niemieckiej. Tam wskutek wypadku traci twarz. Po nowatorskiej operacji zyskuje s\u0142aw\u0119 w ca\u0142ym kraj, a media opiewaj\u0105 go jako m\u0119czennika. Jednak gdy wraca do rodzinnej miejscowo\u015bci, ludzie nie wiedz\u0105 jak go traktowa\u0107. Staje si\u0119 dla nich kim\u015b obcym. Sam Jacek nie rozpoznaje siebie w lustrze. Jednocze\u015bnie statua Jezusa staje si\u0119 coraz wy\u017csza i wy\u017csza. Historia Szumowskiej, pe\u0142na dramatu i czarnej komedii, staje si\u0119 pretekstem do refleksji na temat formy naszego spo\u0142ecze\u0144stwa.\nWi\u0119cej: https:\/\/hagabion.se\/serie\/fokus-polsk-film\/"},{"@type":"ImageObject","inLanguage":"pl-PL","@id":"https:\/\/instytutpolski.pl\/stockholm\/pl\/2019\/06\/05\/fokus-polsk-film-polskie-filmy-w-goteborgu\/#primaryimage","url":"https:\/\/instytutpolski.pl\/stockholm\/wp-content\/uploads\/sites\/17\/2019\/06\/fokus-polsk-film-3.jpg","contentUrl":"https:\/\/instytutpolski.pl\/stockholm\/wp-content\/uploads\/sites\/17\/2019\/06\/fokus-polsk-film-3.jpg","width":562,"height":265},{"@type":"BreadcrumbList","@id":"https:\/\/instytutpolski.pl\/stockholm\/pl\/2019\/06\/05\/fokus-polsk-film-polskie-filmy-w-goteborgu\/#breadcrumb","itemListElement":[{"@type":"ListItem","position":1,"name":"Home","item":"https:\/\/instytutpolski.pl\/stockholm\/"},{"@type":"ListItem","position":2,"name":"Fokus Polsk film \u2013 polskie filmy w G\u00f6teborgu"}]},{"@type":"WebSite","@id":"https:\/\/instytutpolski.pl\/stockholm\/#website","url":"https:\/\/instytutpolski.pl\/stockholm\/","name":"Instytut Polski w Sztokholmie","description":"Instytuty Polskie","potentialAction":[{"@type":"SearchAction","target":{"@type":"EntryPoint","urlTemplate":"https:\/\/instytutpolski.pl\/stockholm\/?s={search_term_string}"},"query-input":{"@type":"PropertyValueSpecification","valueRequired":true,"valueName":"search_term_string"}}],"inLanguage":"pl-PL"},{"@type":"Person","@id":"","url":"https:\/\/instytutpolski.pl\/stockholm\/author\/"}]}},"_links":{"self":[{"href":"https:\/\/instytutpolski.pl\/stockholm\/wp-json\/wp\/v2\/posts\/222","targetHints":{"allow":["GET"]}}],"collection":[{"href":"https:\/\/instytutpolski.pl\/stockholm\/wp-json\/wp\/v2\/posts"}],"about":[{"href":"https:\/\/instytutpolski.pl\/stockholm\/wp-json\/wp\/v2\/types\/post"}],"author":[{"embeddable":true,"href":"https:\/\/instytutpolski.pl\/stockholm\/wp-json\/wp\/v2\/users\/9"}],"replies":[{"embeddable":true,"href":"https:\/\/instytutpolski.pl\/stockholm\/wp-json\/wp\/v2\/comments?post=222"}],"version-history":[{"count":3,"href":"https:\/\/instytutpolski.pl\/stockholm\/wp-json\/wp\/v2\/posts\/222\/revisions"}],"predecessor-version":[{"id":2515,"href":"https:\/\/instytutpolski.pl\/stockholm\/wp-json\/wp\/v2\/posts\/222\/revisions\/2515"}],"wp:featuredmedia":[{"embeddable":true,"href":"https:\/\/instytutpolski.pl\/stockholm\/wp-json\/wp\/v2\/media\/152"}],"wp:attachment":[{"href":"https:\/\/instytutpolski.pl\/stockholm\/wp-json\/wp\/v2\/media?parent=222"}],"wp:term":[{"taxonomy":"category","embeddable":true,"href":"https:\/\/instytutpolski.pl\/stockholm\/wp-json\/wp\/v2\/categories?post=222"},{"taxonomy":"post_tag","embeddable":true,"href":"https:\/\/instytutpolski.pl\/stockholm\/wp-json\/wp\/v2\/tags?post=222"}],"curies":[{"name":"wp","href":"https:\/\/api.w.org\/{rel}","templated":true}]}}