{"id":2688,"date":"2020-06-06T11:32:16","date_gmt":"2020-06-06T09:32:16","guid":{"rendered":"https:\/\/instytutpolski.pl\/stockholm\/?p=2688"},"modified":"2020-10-01T14:52:05","modified_gmt":"2020-10-01T12:52:05","slug":"glad-nationaldag-sverige","status":"publish","type":"post","link":"https:\/\/instytutpolski.pl\/stockholm\/2020\/06\/06\/glad-nationaldag-sverige\/","title":{"rendered":"Glad Nationaldag, Sverige!"},"content":{"rendered":"\n<p><strong>Sveriges nationaldag <\/strong>och <strong>svenska flaggans<\/strong> dag firas den 6 juni varje \u00e5r och \u00e4r en helgdag i Sverige. Tidigare firades 6 juni enbart som &#8222;svenska flaggans dag&#8221; och det var f\u00f6rst 1983 som dagen \u00e4ven fick status som nationaldag. Sedan 1996 \u00e4r nationaldagen en salutdag, och fr\u00e5n och med 2005 \u00e4r nationaldagen \u00e4ven en helgdag.<\/p>\n\n\n\n<p>Nationaldagen firas dels till minne av att Gustav Vasa valdes till Sveriges kung den 6 juni 1523, d\u00e5 Sverige \u00e5ter blev ett fritt rike och br\u00f6t Kalmarunionen, dels till minne av att 1809 \u00e5rs regeringsform (som g\u00e4llde fram till 1974 \u00e5rs regeringsform) skrevs under den 6 juni 1809.<\/p>\n","protected":false},"excerpt":{"rendered":"<p>Sveriges nationaldag och svenska flaggans dag firas den 6 juni varje \u00e5r och \u00e4r en helgdag i Sverige. Tidigare firades 6 juni enbart som &#8222;svenska flaggans dag&#8221; och det var f\u00f6rst 1983 som dagen \u00e4ven fick status som nationaldag. Sedan 1996 \u00e4r nationaldagen en salutdag, och fr\u00e5n och med 2005 \u00e4r nationaldagen \u00e4ven en helgdag. [&hellip;]<\/p>\n","protected":false},"author":29,"featured_media":2696,"comment_status":"open","ping_status":"open","sticky":false,"template":"","format":"standard","meta":{"inline_featured_image":false,"_monsterinsights_skip_tracking":false,"_monsterinsights_sitenote_active":false,"_monsterinsights_sitenote_note":"","_monsterinsights_sitenote_category":0,"footnotes":""},"categories":[222],"tags":[],"class_list":["post-2688","post","type-post","status-publish","format-standard","has-post-thumbnail","hentry","category-aktualnosc-se"],"yoast_head":"<!-- This site is optimized with the Yoast SEO plugin v24.6 - https:\/\/yoast.com\/wordpress\/plugins\/seo\/ -->\n<title>Glad Nationaldag, Sverige! - Instytut Polski w Sztokholmie<\/title>\n<meta name=\"robots\" content=\"index, follow, max-snippet:-1, max-image-preview:large, max-video-preview:-1\" \/>\n<link rel=\"canonical\" href=\"https:\/\/instytutpolski.pl\/stockholm\/2020\/06\/06\/glad-nationaldag-sverige\/\" \/>\n<meta property=\"og:locale\" content=\"pl_PL\" \/>\n<meta property=\"og:type\" content=\"article\" \/>\n<meta property=\"og:title\" content=\"Glad Nationaldag, Sverige! - Instytut Polski w Sztokholmie\" \/>\n<meta property=\"og:description\" content=\"Sveriges nationaldag och svenska flaggans dag firas den 6 juni varje \u00e5r och \u00e4r en helgdag i Sverige. Tidigare firades 6 juni enbart som &#8222;svenska flaggans dag&#8221; och det var f\u00f6rst 1983 som dagen \u00e4ven fick status som nationaldag. Sedan 1996 \u00e4r nationaldagen en salutdag, och fr\u00e5n och med 2005 \u00e4r nationaldagen \u00e4ven en helgdag. [&hellip;]\" \/>\n<meta property=\"og:url\" content=\"https:\/\/instytutpolski.pl\/stockholm\/2020\/06\/06\/glad-nationaldag-sverige\/\" \/>\n<meta property=\"og:site_name\" content=\"Instytut Polski w Sztokholmie\" \/>\n<meta property=\"article:published_time\" content=\"2020-06-06T09:32:16+00:00\" \/>\n<meta property=\"article:modified_time\" content=\"2020-10-01T12:52:05+00:00\" \/>\n<meta property=\"og:image\" content=\"https:\/\/instytutpolski.pl\/stockholm\/wp-content\/uploads\/sites\/17\/2020\/06\/flaga-szwecji.jpg\" \/>\n\t<meta property=\"og:image:width\" content=\"1083\" \/>\n\t<meta property=\"og:image:height\" content=\"609\" \/>\n\t<meta property=\"og:image:type\" content=\"image\/jpeg\" \/>\n<meta name=\"author\" content=\"strozniake\" \/>\n<meta name=\"twitter:card\" content=\"summary_large_image\" \/>\n<meta name=\"twitter:label1\" content=\"Napisane przez\" \/>\n\t<meta name=\"twitter:data1\" content=\"strozniake\" \/>\n<script type=\"application\/ld+json\" class=\"yoast-schema-graph\">{\"@context\":\"https:\/\/schema.org\",\"@graph\":[{\"@type\":\"event\",\"@id\":\"https:\/\/instytutpolski.pl\/stockholm\/2020\/06\/06\/glad-nationaldag-sverige\/\",\"url\":\"https:\/\/instytutpolski.pl\/stockholm\/2020\/06\/06\/glad-nationaldag-sverige\/\",\"name\":\"Glad Nationaldag, Sverige!\",\"isPartOf\":{\"@id\":\"https:\/\/instytutpolski.pl\/stockholm\/#website\"},\"primaryImageOfPage\":{\"@id\":\"https:\/\/instytutpolski.pl\/stockholm\/2020\/06\/06\/glad-nationaldag-sverige\/#primaryimage\"},\"image\":[\"https:\/\/instytutpolski.pl\/stockholm\/wp-content\/uploads\/sites\/17\/2020\/06\/flaga-szwecji.jpg\",\"https:\/\/instytutpolski.pl\/stockholm\/wp-content\/uploads\/sites\/17\/2020\/06\/flaga-szwecji-300x169.jpg\",\"https:\/\/instytutpolski.pl\/stockholm\/wp-content\/uploads\/sites\/17\/2020\/06\/flaga-szwecji-1024x576.jpg\",\"https:\/\/instytutpolski.pl\/stockholm\/wp-content\/uploads\/sites\/17\/2020\/06\/flaga-szwecji.jpg\"],\"thumbnailUrl\":\"https:\/\/instytutpolski.pl\/stockholm\/wp-content\/uploads\/sites\/17\/2020\/06\/flaga-szwecji.jpg\",\"datePublished\":\"2020-06-06T09:32:16+02:00\",\"dateModified\":\"2020-10-01T12:52:05+02:00\",\"author\":{\"@id\":\"https:\/\/instytutpolski.pl\/stockholm\/#\/schema\/person\/062b5a5f61f32b17c98996975db8d556\"},\"breadcrumb\":{\"@id\":\"https:\/\/instytutpolski.pl\/stockholm\/2020\/06\/06\/glad-nationaldag-sverige\/#breadcrumb\"},\"inLanguage\":\"pl-PL\",\"potentialAction\":[{\"@type\":\"ReadAction\",\"target\":[\"https:\/\/instytutpolski.pl\/stockholm\/2020\/06\/06\/glad-nationaldag-sverige\/\"]}],\"@context\":\"https:\/\/schema.org\",\"startDate\":\"2020-06-06\",\"endDate\":\"2020-06-06\",\"eventStatus\":\"EventScheduled\",\"eventAttendanceMode\":\"OfflineEventAttendanceMode\",\"location\":{\"@type\":\"place\",\"name\":\"\",\"address\":\"\",\"geo\":{\"@type\":\"GeoCoordinates\",\"latitude\":\"\",\"longitude\":\"\"}},\"description\":\"Sveriges nationaldag och svenska flaggans dag firas den 6 juni varje \u00e5r och \u00e4r en helgdag i Sverige. Tidigare firades 6 juni enbart som \\\"svenska flaggans dag\\\" och det var f\u00f6rst 1983 som dagen \u00e4ven fick status som nationaldag. Sedan 1996 \u00e4r nationaldagen en salutdag, och fr\u00e5n och med 2005 \u00e4r nationaldagen \u00e4ven en helgdag.\\nNationaldagen firas dels till minne av att Gustav Vasa valdes till Sveriges kung den 6 juni 1523, d\u00e5 Sverige \u00e5ter blev ett fritt rike och br\u00f6t Kalmarunionen, dels till minne av att 1809 \u00e5rs regeringsform (som g\u00e4llde fram till 1974 \u00e5rs regeringsform) skrevs under den 6 juni 1809.\"},{\"@type\":\"ImageObject\",\"inLanguage\":\"pl-PL\",\"@id\":\"https:\/\/instytutpolski.pl\/stockholm\/2020\/06\/06\/glad-nationaldag-sverige\/#primaryimage\",\"url\":\"https:\/\/instytutpolski.pl\/stockholm\/wp-content\/uploads\/sites\/17\/2020\/06\/flaga-szwecji.jpg\",\"contentUrl\":\"https:\/\/instytutpolski.pl\/stockholm\/wp-content\/uploads\/sites\/17\/2020\/06\/flaga-szwecji.jpg\",\"width\":1083,\"height\":609},{\"@type\":\"BreadcrumbList\",\"@id\":\"https:\/\/instytutpolski.pl\/stockholm\/2020\/06\/06\/glad-nationaldag-sverige\/#breadcrumb\",\"itemListElement\":[{\"@type\":\"ListItem\",\"position\":1,\"name\":\"Home\",\"item\":\"https:\/\/instytutpolski.pl\/stockholm\/\"},{\"@type\":\"ListItem\",\"position\":2,\"name\":\"Glad Nationaldag, Sverige!\"}]},{\"@type\":\"WebSite\",\"@id\":\"https:\/\/instytutpolski.pl\/stockholm\/#website\",\"url\":\"https:\/\/instytutpolski.pl\/stockholm\/\",\"name\":\"Instytut Polski w Sztokholmie\",\"description\":\"Instytuty Polskie\",\"potentialAction\":[{\"@type\":\"SearchAction\",\"target\":{\"@type\":\"EntryPoint\",\"urlTemplate\":\"https:\/\/instytutpolski.pl\/stockholm\/?s={search_term_string}\"},\"query-input\":{\"@type\":\"PropertyValueSpecification\",\"valueRequired\":true,\"valueName\":\"search_term_string\"}}],\"inLanguage\":\"pl-PL\"},{\"@type\":\"Person\",\"@id\":\"https:\/\/instytutpolski.pl\/stockholm\/#\/schema\/person\/062b5a5f61f32b17c98996975db8d556\",\"name\":\"strozniake\",\"image\":{\"@type\":\"ImageObject\",\"inLanguage\":\"pl-PL\",\"@id\":\"https:\/\/instytutpolski.pl\/stockholm\/#\/schema\/person\/image\/\",\"url\":\"https:\/\/secure.gravatar.com\/avatar\/25e0be9897787f9035155a882fde97cc?s=96&d=mm&r=g\",\"contentUrl\":\"https:\/\/secure.gravatar.com\/avatar\/25e0be9897787f9035155a882fde97cc?s=96&d=mm&r=g\",\"caption\":\"strozniake\"},\"sameAs\":[\"http:\/\/strozniake\"],\"url\":\"https:\/\/instytutpolski.pl\/stockholm\/author\/strozniake\/\"}]}<\/script>\n<!-- \/ Yoast SEO plugin. -->","yoast_head_json":{"title":"Glad Nationaldag, Sverige! - Instytut Polski w Sztokholmie","robots":{"index":"index","follow":"follow","max-snippet":"max-snippet:-1","max-image-preview":"max-image-preview:large","max-video-preview":"max-video-preview:-1"},"canonical":"https:\/\/instytutpolski.pl\/stockholm\/2020\/06\/06\/glad-nationaldag-sverige\/","og_locale":"pl_PL","og_type":"article","og_title":"Glad Nationaldag, Sverige! - Instytut Polski w Sztokholmie","og_description":"Sveriges nationaldag och svenska flaggans dag firas den 6 juni varje \u00e5r och \u00e4r en helgdag i Sverige. Tidigare firades 6 juni enbart som &#8222;svenska flaggans dag&#8221; och det var f\u00f6rst 1983 som dagen \u00e4ven fick status som nationaldag. Sedan 1996 \u00e4r nationaldagen en salutdag, och fr\u00e5n och med 2005 \u00e4r nationaldagen \u00e4ven en helgdag. [&hellip;]","og_url":"https:\/\/instytutpolski.pl\/stockholm\/2020\/06\/06\/glad-nationaldag-sverige\/","og_site_name":"Instytut Polski w Sztokholmie","article_published_time":"2020-06-06T09:32:16+00:00","article_modified_time":"2020-10-01T12:52:05+00:00","og_image":[{"width":1083,"height":609,"url":"https:\/\/instytutpolski.pl\/stockholm\/wp-content\/uploads\/sites\/17\/2020\/06\/flaga-szwecji.jpg","type":"image\/jpeg"}],"author":"strozniake","twitter_card":"summary_large_image","twitter_misc":{"Napisane przez":"strozniake"},"schema":{"@context":"https:\/\/schema.org","@graph":[{"@type":"event","@id":"https:\/\/instytutpolski.pl\/stockholm\/2020\/06\/06\/glad-nationaldag-sverige\/","url":"https:\/\/instytutpolski.pl\/stockholm\/2020\/06\/06\/glad-nationaldag-sverige\/","name":"Glad Nationaldag, Sverige!","isPartOf":{"@id":"https:\/\/instytutpolski.pl\/stockholm\/#website"},"primaryImageOfPage":{"@id":"https:\/\/instytutpolski.pl\/stockholm\/2020\/06\/06\/glad-nationaldag-sverige\/#primaryimage"},"image":["https:\/\/instytutpolski.pl\/stockholm\/wp-content\/uploads\/sites\/17\/2020\/06\/flaga-szwecji.jpg","https:\/\/instytutpolski.pl\/stockholm\/wp-content\/uploads\/sites\/17\/2020\/06\/flaga-szwecji-300x169.jpg","https:\/\/instytutpolski.pl\/stockholm\/wp-content\/uploads\/sites\/17\/2020\/06\/flaga-szwecji-1024x576.jpg","https:\/\/instytutpolski.pl\/stockholm\/wp-content\/uploads\/sites\/17\/2020\/06\/flaga-szwecji.jpg"],"thumbnailUrl":"https:\/\/instytutpolski.pl\/stockholm\/wp-content\/uploads\/sites\/17\/2020\/06\/flaga-szwecji.jpg","datePublished":"2020-06-06T09:32:16+02:00","dateModified":"2020-10-01T12:52:05+02:00","author":{"@id":"https:\/\/instytutpolski.pl\/stockholm\/#\/schema\/person\/062b5a5f61f32b17c98996975db8d556"},"breadcrumb":{"@id":"https:\/\/instytutpolski.pl\/stockholm\/2020\/06\/06\/glad-nationaldag-sverige\/#breadcrumb"},"inLanguage":"pl-PL","potentialAction":[{"@type":"ReadAction","target":["https:\/\/instytutpolski.pl\/stockholm\/2020\/06\/06\/glad-nationaldag-sverige\/"]}],"@context":"https:\/\/schema.org","startDate":"2020-06-06","endDate":"2020-06-06","eventStatus":"EventScheduled","eventAttendanceMode":"OfflineEventAttendanceMode","location":{"@type":"place","name":"","address":"","geo":{"@type":"GeoCoordinates","latitude":"","longitude":""}},"description":"Sveriges nationaldag och svenska flaggans dag firas den 6 juni varje \u00e5r och \u00e4r en helgdag i Sverige. Tidigare firades 6 juni enbart som \"svenska flaggans dag\" och det var f\u00f6rst 1983 som dagen \u00e4ven fick status som nationaldag. Sedan 1996 \u00e4r nationaldagen en salutdag, och fr\u00e5n och med 2005 \u00e4r nationaldagen \u00e4ven en helgdag.\nNationaldagen firas dels till minne av att Gustav Vasa valdes till Sveriges kung den 6 juni 1523, d\u00e5 Sverige \u00e5ter blev ett fritt rike och br\u00f6t Kalmarunionen, dels till minne av att 1809 \u00e5rs regeringsform (som g\u00e4llde fram till 1974 \u00e5rs regeringsform) skrevs under den 6 juni 1809."},{"@type":"ImageObject","inLanguage":"pl-PL","@id":"https:\/\/instytutpolski.pl\/stockholm\/2020\/06\/06\/glad-nationaldag-sverige\/#primaryimage","url":"https:\/\/instytutpolski.pl\/stockholm\/wp-content\/uploads\/sites\/17\/2020\/06\/flaga-szwecji.jpg","contentUrl":"https:\/\/instytutpolski.pl\/stockholm\/wp-content\/uploads\/sites\/17\/2020\/06\/flaga-szwecji.jpg","width":1083,"height":609},{"@type":"BreadcrumbList","@id":"https:\/\/instytutpolski.pl\/stockholm\/2020\/06\/06\/glad-nationaldag-sverige\/#breadcrumb","itemListElement":[{"@type":"ListItem","position":1,"name":"Home","item":"https:\/\/instytutpolski.pl\/stockholm\/"},{"@type":"ListItem","position":2,"name":"Glad Nationaldag, Sverige!"}]},{"@type":"WebSite","@id":"https:\/\/instytutpolski.pl\/stockholm\/#website","url":"https:\/\/instytutpolski.pl\/stockholm\/","name":"Instytut Polski w Sztokholmie","description":"Instytuty Polskie","potentialAction":[{"@type":"SearchAction","target":{"@type":"EntryPoint","urlTemplate":"https:\/\/instytutpolski.pl\/stockholm\/?s={search_term_string}"},"query-input":{"@type":"PropertyValueSpecification","valueRequired":true,"valueName":"search_term_string"}}],"inLanguage":"pl-PL"},{"@type":"Person","@id":"https:\/\/instytutpolski.pl\/stockholm\/#\/schema\/person\/062b5a5f61f32b17c98996975db8d556","name":"strozniake","image":{"@type":"ImageObject","inLanguage":"pl-PL","@id":"https:\/\/instytutpolski.pl\/stockholm\/#\/schema\/person\/image\/","url":"https:\/\/secure.gravatar.com\/avatar\/25e0be9897787f9035155a882fde97cc?s=96&d=mm&r=g","contentUrl":"https:\/\/secure.gravatar.com\/avatar\/25e0be9897787f9035155a882fde97cc?s=96&d=mm&r=g","caption":"strozniake"},"sameAs":["http:\/\/strozniake"],"url":"https:\/\/instytutpolski.pl\/stockholm\/author\/strozniake\/"}]}},"_links":{"self":[{"href":"https:\/\/instytutpolski.pl\/stockholm\/wp-json\/wp\/v2\/posts\/2688","targetHints":{"allow":["GET"]}}],"collection":[{"href":"https:\/\/instytutpolski.pl\/stockholm\/wp-json\/wp\/v2\/posts"}],"about":[{"href":"https:\/\/instytutpolski.pl\/stockholm\/wp-json\/wp\/v2\/types\/post"}],"author":[{"embeddable":true,"href":"https:\/\/instytutpolski.pl\/stockholm\/wp-json\/wp\/v2\/users\/29"}],"replies":[{"embeddable":true,"href":"https:\/\/instytutpolski.pl\/stockholm\/wp-json\/wp\/v2\/comments?post=2688"}],"version-history":[{"count":6,"href":"https:\/\/instytutpolski.pl\/stockholm\/wp-json\/wp\/v2\/posts\/2688\/revisions"}],"predecessor-version":[{"id":2724,"href":"https:\/\/instytutpolski.pl\/stockholm\/wp-json\/wp\/v2\/posts\/2688\/revisions\/2724"}],"wp:featuredmedia":[{"embeddable":true,"href":"https:\/\/instytutpolski.pl\/stockholm\/wp-json\/wp\/v2\/media\/2696"}],"wp:attachment":[{"href":"https:\/\/instytutpolski.pl\/stockholm\/wp-json\/wp\/v2\/media?parent=2688"}],"wp:term":[{"taxonomy":"category","embeddable":true,"href":"https:\/\/instytutpolski.pl\/stockholm\/wp-json\/wp\/v2\/categories?post=2688"},{"taxonomy":"post_tag","embeddable":true,"href":"https:\/\/instytutpolski.pl\/stockholm\/wp-json\/wp\/v2\/tags?post=2688"}],"curies":[{"name":"wp","href":"https:\/\/api.w.org\/{rel}","templated":true}]}}