{"id":2798,"date":"2020-06-18T16:50:27","date_gmt":"2020-06-18T14:50:27","guid":{"rendered":"https:\/\/instytutpolski.pl\/stockholm\/?p=2798"},"modified":"2021-07-23T13:27:35","modified_gmt":"2021-07-23T11:27:35","slug":"midsommarnatten","status":"publish","type":"post","link":"https:\/\/instytutpolski.pl\/stockholm\/2020\/06\/18\/midsommarnatten\/","title":{"rendered":"Midsommarnatten i Polen &#8211; Kupa\u0142anatten eller Sankt Johannesnatten"},"content":{"rendered":"\n<p>M\u00e5nga ungdomar tar tillf\u00e4llet i akt och t\u00e4nder brasor, dansar och festar natten l\u00e5ng. En tradition \u00e4r att hoppa \u00f6ver midsommarbrasan f\u00f6r att renas och skyddas&nbsp;mot ondska och motg\u00e5ngar. En annan k\u00e4nd tradition \u00e4r f\u00f6r unga kvinnor att flyta kransar med levande ljus i. Om kransen f\u00e5ngas av en ungkarl betyder det ett n\u00e4ra f\u00f6rest\u00e5ende gifterm\u00e5l. Unga kvinnor och m\u00e4n f\u00f6ljs \u00e5t till skogen f\u00f6r att leta (p\u00e5 l\u00e5tsas) efter kwiat paproci (ormbunksblomman) som enligt legenden bara blommar just den h\u00e4r enda natten p\u00e5 \u00e5ret. Den som hittar blomman kommer att \u00e5tnjuta lycka, makt, visdom och v\u00e4lst\u00e5nd.&nbsp;<\/p>\n\n\n\n<div style=\"height:30px\" aria-hidden=\"true\" class=\"wp-block-spacer\"><\/div>\n\n\n\n<figure class=\"wp-block-image size-large\"><img loading=\"lazy\" decoding=\"async\" width=\"1000\" height=\"532\" src=\"https:\/\/instytutpolski.pl\/stockholm\/wp-content\/uploads\/sites\/17\/2020\/06\/Ea21KMUXgAo1qFw.jpeg\" alt=\"\" class=\"wp-image-2805\" srcset=\"https:\/\/instytutpolski.pl\/stockholm\/wp-content\/uploads\/sites\/17\/2020\/06\/Ea21KMUXgAo1qFw.jpeg 1000w, https:\/\/instytutpolski.pl\/stockholm\/wp-content\/uploads\/sites\/17\/2020\/06\/Ea21KMUXgAo1qFw-300x160.jpeg 300w, https:\/\/instytutpolski.pl\/stockholm\/wp-content\/uploads\/sites\/17\/2020\/06\/Ea21KMUXgAo1qFw-768x409.jpeg 768w\" sizes=\"auto, (max-width: 1000px) 100vw, 1000px\" \/><figcaption><em>Henryk Siemiradzki (1843-1902), Noc Iwana Kupa\u0142y<\/em><\/figcaption><\/figure>\n\n\n\n<p><br>Kupa\u0142anatten f\u00f6rv\u00e4xlas ofta eller firas tillsammans med Sankt Johannesafton (Noc \u015awi\u0119toja\u0144ska) aftonen f\u00f6re Johannes D\u00f6parens dag, natten mot 24 juni. Det verkar som att denna h\u00f6gtid h\u00e4rstammar fr\u00e5n tiden d\u00e5 hedniska traditioner skulle inf\u00f6rlivas i den kristna kalendern. Kupa\u0142anattens hedniska tradition lever sida vid sida med Noc \u015awi\u0119toja\u0144ska.<\/p>\n\n\n\n<p>I m\u00e5nga polska st\u00e4der arrangeras stora evenemang d\u00e4r de b\u00e5da traditionerna m\u00f6ts under Sankt Johannes afton (23 juni), bl a\u00a0&#8222;Wianki&#8221; i Krak\u00f3w (<a rel=\"noreferrer noopener\" href=\"http:\/\/www.wianki.krakow.pl\/?fbclid=IwAR0m8FYQM1RayFuOhOhzwbadMKWK0B8NC1noTQR0jqITYQ1GsR0genOgDNo\" target=\"_blank\">http:\/\/www.wianki.krakow.pl\/<\/a>) eller festival &#8222;Cuda Wianki&#8221; i Gdynia (<a rel=\"noreferrer noopener\" href=\"https:\/\/cudawianki.eu\/\" target=\"_blank\">https:\/\/cudawianki.eu\/<\/a>).<\/p>\n\n\n\n<p><\/p>\n\n\n\n<p><em>Foto: Aliaksei Staliarou, Wikimedia Commons<\/em><\/p>\n","protected":false},"excerpt":{"rendered":"<p>M\u00e5nga ungdomar tar tillf\u00e4llet i akt och t\u00e4nder brasor, dansar och festar natten l\u00e5ng. En tradition \u00e4r att hoppa \u00f6ver midsommarbrasan f\u00f6r att renas och skyddas&nbsp;mot ondska och motg\u00e5ngar. En annan k\u00e4nd tradition \u00e4r f\u00f6r unga kvinnor att flyta kransar med levande ljus i. Om kransen f\u00e5ngas av en ungkarl betyder det ett n\u00e4ra f\u00f6rest\u00e5ende [&hellip;]<\/p>\n","protected":false},"author":29,"featured_media":6013,"comment_status":"open","ping_status":"open","sticky":false,"template":"","format":"standard","meta":{"inline_featured_image":false,"_monsterinsights_skip_tracking":false,"_monsterinsights_sitenote_active":false,"_monsterinsights_sitenote_note":"","_monsterinsights_sitenote_category":0,"footnotes":""},"categories":[222],"tags":[],"class_list":["post-2798","post","type-post","status-publish","format-standard","has-post-thumbnail","hentry","category-aktualnosc-se"],"yoast_head":"<!-- This site is optimized with the Yoast SEO plugin v24.6 - https:\/\/yoast.com\/wordpress\/plugins\/seo\/ -->\n<title>Midsommarnatten i Polen - Kupa\u0142anatten eller Sankt Johannesnatten - Instytut Polski w Sztokholmie<\/title>\n<meta name=\"robots\" content=\"index, follow, max-snippet:-1, max-image-preview:large, max-video-preview:-1\" \/>\n<link rel=\"canonical\" href=\"https:\/\/instytutpolski.pl\/stockholm\/2020\/06\/18\/midsommarnatten\/\" \/>\n<meta property=\"og:locale\" content=\"pl_PL\" \/>\n<meta property=\"og:type\" content=\"article\" \/>\n<meta property=\"og:title\" content=\"Midsommarnatten i Polen - Kupa\u0142anatten eller Sankt Johannesnatten - Instytut Polski w Sztokholmie\" \/>\n<meta property=\"og:description\" content=\"M\u00e5nga ungdomar tar tillf\u00e4llet i akt och t\u00e4nder brasor, dansar och festar natten l\u00e5ng. En tradition \u00e4r att hoppa \u00f6ver midsommarbrasan f\u00f6r att renas och skyddas&nbsp;mot ondska och motg\u00e5ngar. En annan k\u00e4nd tradition \u00e4r f\u00f6r unga kvinnor att flyta kransar med levande ljus i. Om kransen f\u00e5ngas av en ungkarl betyder det ett n\u00e4ra f\u00f6rest\u00e5ende [&hellip;]\" \/>\n<meta property=\"og:url\" content=\"https:\/\/instytutpolski.pl\/stockholm\/2020\/06\/18\/midsommarnatten\/\" \/>\n<meta property=\"og:site_name\" content=\"Instytut Polski w Sztokholmie\" \/>\n<meta property=\"article:published_time\" content=\"2020-06-18T14:50:27+00:00\" \/>\n<meta property=\"article:modified_time\" content=\"2021-07-23T11:27:35+00:00\" \/>\n<meta property=\"og:image\" content=\"https:\/\/instytutpolski.pl\/stockholm\/wp-content\/uploads\/sites\/17\/2020\/06\/Celebration_of_the_pagan_Kupala_Night_Ritual_in_Rakov.jpg\" \/>\n\t<meta property=\"og:image:width\" content=\"2048\" \/>\n\t<meta property=\"og:image:height\" content=\"1365\" \/>\n\t<meta property=\"og:image:type\" content=\"image\/jpeg\" \/>\n<meta name=\"author\" content=\"strozniake\" \/>\n<meta name=\"twitter:card\" content=\"summary_large_image\" \/>\n<meta name=\"twitter:label1\" content=\"Napisane przez\" \/>\n\t<meta name=\"twitter:data1\" content=\"strozniake\" \/>\n\t<meta name=\"twitter:label2\" content=\"Szacowany czas czytania\" \/>\n\t<meta name=\"twitter:data2\" content=\"1 minuta\" \/>\n<script type=\"application\/ld+json\" class=\"yoast-schema-graph\">{\"@context\":\"https:\/\/schema.org\",\"@graph\":[{\"@type\":\"event\",\"@id\":\"https:\/\/instytutpolski.pl\/stockholm\/2020\/06\/18\/midsommarnatten\/\",\"url\":\"https:\/\/instytutpolski.pl\/stockholm\/2020\/06\/18\/midsommarnatten\/\",\"name\":\"Midsommarnatten i Polen - Kupa\u0142anatten eller Sankt Johannesnatten\",\"isPartOf\":{\"@id\":\"https:\/\/instytutpolski.pl\/stockholm\/#website\"},\"primaryImageOfPage\":{\"@id\":\"https:\/\/instytutpolski.pl\/stockholm\/2020\/06\/18\/midsommarnatten\/#primaryimage\"},\"image\":[\"https:\/\/instytutpolski.pl\/stockholm\/wp-content\/uploads\/sites\/17\/2020\/06\/Celebration_of_the_pagan_Kupala_Night_Ritual_in_Rakov.jpg\",\"https:\/\/instytutpolski.pl\/stockholm\/wp-content\/uploads\/sites\/17\/2020\/06\/Celebration_of_the_pagan_Kupala_Night_Ritual_in_Rakov-300x200.jpg\",\"https:\/\/instytutpolski.pl\/stockholm\/wp-content\/uploads\/sites\/17\/2020\/06\/Celebration_of_the_pagan_Kupala_Night_Ritual_in_Rakov-1024x683.jpg\",\"https:\/\/instytutpolski.pl\/stockholm\/wp-content\/uploads\/sites\/17\/2020\/06\/Celebration_of_the_pagan_Kupala_Night_Ritual_in_Rakov.jpg\"],\"thumbnailUrl\":\"https:\/\/instytutpolski.pl\/stockholm\/wp-content\/uploads\/sites\/17\/2020\/06\/Celebration_of_the_pagan_Kupala_Night_Ritual_in_Rakov.jpg\",\"datePublished\":\"2020-06-18T14:50:27+02:00\",\"dateModified\":\"2021-07-23T11:27:35+02:00\",\"author\":{\"@id\":\"https:\/\/instytutpolski.pl\/stockholm\/#\/schema\/person\/062b5a5f61f32b17c98996975db8d556\"},\"breadcrumb\":{\"@id\":\"https:\/\/instytutpolski.pl\/stockholm\/2020\/06\/18\/midsommarnatten\/#breadcrumb\"},\"inLanguage\":\"pl-PL\",\"potentialAction\":[{\"@type\":\"ReadAction\",\"target\":[\"https:\/\/instytutpolski.pl\/stockholm\/2020\/06\/18\/midsommarnatten\/\"]}],\"@context\":\"https:\/\/schema.org\",\"startDate\":\"2020-06-21\",\"endDate\":\"2020-06-22\",\"eventStatus\":\"EventScheduled\",\"eventAttendanceMode\":\"OfflineEventAttendanceMode\",\"location\":{\"@type\":\"place\",\"name\":\"\",\"address\":\"\",\"geo\":{\"@type\":\"GeoCoordinates\",\"latitude\":\"\",\"longitude\":\"\"}},\"description\":\"M\u00e5nga ungdomar tar tillf\u00e4llet i akt och t\u00e4nder brasor, dansar och festar natten l\u00e5ng. En tradition \u00e4r att hoppa \u00f6ver midsommarbrasan f\u00f6r att renas och skyddas mot ondska och motg\u00e5ngar. En annan k\u00e4nd tradition \u00e4r f\u00f6r unga kvinnor att flyta kransar med levande ljus i. Om kransen f\u00e5ngas av en ungkarl betyder det ett n\u00e4ra f\u00f6rest\u00e5ende gifterm\u00e5l. Unga kvinnor och m\u00e4n f\u00f6ljs \u00e5t till skogen f\u00f6r att leta (p\u00e5 l\u00e5tsas) efter kwiat paproci (ormbunksblomman) som enligt legenden bara blommar just den h\u00e4r enda natten p\u00e5 \u00e5ret. Den som hittar blomman kommer att \u00e5tnjuta lycka, makt, visdom och v\u00e4lst\u00e5nd. \\nKupa\u0142anatten f\u00f6rv\u00e4xlas ofta eller firas tillsammans med Sankt Johannesafton (Noc \u015awi\u0119toja\u0144ska) aftonen f\u00f6re Johannes D\u00f6parens dag, natten mot 24 juni. Det verkar som att denna h\u00f6gtid h\u00e4rstammar fr\u00e5n tiden d\u00e5 hedniska traditioner skulle inf\u00f6rlivas i den kristna kalendern. Kupa\u0142anattens hedniska tradition lever sida vid sida med Noc \u015awi\u0119toja\u0144ska.\\nI m\u00e5nga polska st\u00e4der arrangeras stora evenemang d\u00e4r de b\u00e5da traditionerna m\u00f6ts under Sankt Johannes afton (23 juni), bl a\u00a0\\\"Wianki\\\" i Krak\u00f3w (http:\/\/www.wianki.krakow.pl\/) eller festival \\\"Cuda Wianki\\\" i Gdynia (https:\/\/cudawianki.eu\/).\\nFoto: Aliaksei Staliarou, Wikimedia Commons\"},{\"@type\":\"ImageObject\",\"inLanguage\":\"pl-PL\",\"@id\":\"https:\/\/instytutpolski.pl\/stockholm\/2020\/06\/18\/midsommarnatten\/#primaryimage\",\"url\":\"https:\/\/instytutpolski.pl\/stockholm\/wp-content\/uploads\/sites\/17\/2020\/06\/Celebration_of_the_pagan_Kupala_Night_Ritual_in_Rakov.jpg\",\"contentUrl\":\"https:\/\/instytutpolski.pl\/stockholm\/wp-content\/uploads\/sites\/17\/2020\/06\/Celebration_of_the_pagan_Kupala_Night_Ritual_in_Rakov.jpg\",\"width\":2048,\"height\":1365,\"caption\":\"27.06.2015. A young woman greets the Summer Solctice according to Belarusian pagan tradition during the celebration of Kupala Night in Village of Rakov. Minsk Region. Belarus.\"},{\"@type\":\"BreadcrumbList\",\"@id\":\"https:\/\/instytutpolski.pl\/stockholm\/2020\/06\/18\/midsommarnatten\/#breadcrumb\",\"itemListElement\":[{\"@type\":\"ListItem\",\"position\":1,\"name\":\"Home\",\"item\":\"https:\/\/instytutpolski.pl\/stockholm\/\"},{\"@type\":\"ListItem\",\"position\":2,\"name\":\"Midsommarnatten i Polen &#8211; Kupa\u0142anatten eller Sankt Johannesnatten\"}]},{\"@type\":\"WebSite\",\"@id\":\"https:\/\/instytutpolski.pl\/stockholm\/#website\",\"url\":\"https:\/\/instytutpolski.pl\/stockholm\/\",\"name\":\"Instytut Polski w Sztokholmie\",\"description\":\"Instytuty Polskie\",\"potentialAction\":[{\"@type\":\"SearchAction\",\"target\":{\"@type\":\"EntryPoint\",\"urlTemplate\":\"https:\/\/instytutpolski.pl\/stockholm\/?s={search_term_string}\"},\"query-input\":{\"@type\":\"PropertyValueSpecification\",\"valueRequired\":true,\"valueName\":\"search_term_string\"}}],\"inLanguage\":\"pl-PL\"},{\"@type\":\"Person\",\"@id\":\"https:\/\/instytutpolski.pl\/stockholm\/#\/schema\/person\/062b5a5f61f32b17c98996975db8d556\",\"name\":\"strozniake\",\"image\":{\"@type\":\"ImageObject\",\"inLanguage\":\"pl-PL\",\"@id\":\"https:\/\/instytutpolski.pl\/stockholm\/#\/schema\/person\/image\/\",\"url\":\"https:\/\/secure.gravatar.com\/avatar\/25e0be9897787f9035155a882fde97cc?s=96&d=mm&r=g\",\"contentUrl\":\"https:\/\/secure.gravatar.com\/avatar\/25e0be9897787f9035155a882fde97cc?s=96&d=mm&r=g\",\"caption\":\"strozniake\"},\"sameAs\":[\"http:\/\/strozniake\"],\"url\":\"https:\/\/instytutpolski.pl\/stockholm\/author\/strozniake\/\"}]}<\/script>\n<!-- \/ Yoast SEO plugin. -->","yoast_head_json":{"title":"Midsommarnatten i Polen - Kupa\u0142anatten eller Sankt Johannesnatten - Instytut Polski w Sztokholmie","robots":{"index":"index","follow":"follow","max-snippet":"max-snippet:-1","max-image-preview":"max-image-preview:large","max-video-preview":"max-video-preview:-1"},"canonical":"https:\/\/instytutpolski.pl\/stockholm\/2020\/06\/18\/midsommarnatten\/","og_locale":"pl_PL","og_type":"article","og_title":"Midsommarnatten i Polen - Kupa\u0142anatten eller Sankt Johannesnatten - Instytut Polski w Sztokholmie","og_description":"M\u00e5nga ungdomar tar tillf\u00e4llet i akt och t\u00e4nder brasor, dansar och festar natten l\u00e5ng. En tradition \u00e4r att hoppa \u00f6ver midsommarbrasan f\u00f6r att renas och skyddas&nbsp;mot ondska och motg\u00e5ngar. En annan k\u00e4nd tradition \u00e4r f\u00f6r unga kvinnor att flyta kransar med levande ljus i. Om kransen f\u00e5ngas av en ungkarl betyder det ett n\u00e4ra f\u00f6rest\u00e5ende [&hellip;]","og_url":"https:\/\/instytutpolski.pl\/stockholm\/2020\/06\/18\/midsommarnatten\/","og_site_name":"Instytut Polski w Sztokholmie","article_published_time":"2020-06-18T14:50:27+00:00","article_modified_time":"2021-07-23T11:27:35+00:00","og_image":[{"width":2048,"height":1365,"url":"https:\/\/instytutpolski.pl\/stockholm\/wp-content\/uploads\/sites\/17\/2020\/06\/Celebration_of_the_pagan_Kupala_Night_Ritual_in_Rakov.jpg","type":"image\/jpeg"}],"author":"strozniake","twitter_card":"summary_large_image","twitter_misc":{"Napisane przez":"strozniake","Szacowany czas czytania":"1 minuta"},"schema":{"@context":"https:\/\/schema.org","@graph":[{"@type":"event","@id":"https:\/\/instytutpolski.pl\/stockholm\/2020\/06\/18\/midsommarnatten\/","url":"https:\/\/instytutpolski.pl\/stockholm\/2020\/06\/18\/midsommarnatten\/","name":"Midsommarnatten i Polen - Kupa\u0142anatten eller Sankt Johannesnatten","isPartOf":{"@id":"https:\/\/instytutpolski.pl\/stockholm\/#website"},"primaryImageOfPage":{"@id":"https:\/\/instytutpolski.pl\/stockholm\/2020\/06\/18\/midsommarnatten\/#primaryimage"},"image":["https:\/\/instytutpolski.pl\/stockholm\/wp-content\/uploads\/sites\/17\/2020\/06\/Celebration_of_the_pagan_Kupala_Night_Ritual_in_Rakov.jpg","https:\/\/instytutpolski.pl\/stockholm\/wp-content\/uploads\/sites\/17\/2020\/06\/Celebration_of_the_pagan_Kupala_Night_Ritual_in_Rakov-300x200.jpg","https:\/\/instytutpolski.pl\/stockholm\/wp-content\/uploads\/sites\/17\/2020\/06\/Celebration_of_the_pagan_Kupala_Night_Ritual_in_Rakov-1024x683.jpg","https:\/\/instytutpolski.pl\/stockholm\/wp-content\/uploads\/sites\/17\/2020\/06\/Celebration_of_the_pagan_Kupala_Night_Ritual_in_Rakov.jpg"],"thumbnailUrl":"https:\/\/instytutpolski.pl\/stockholm\/wp-content\/uploads\/sites\/17\/2020\/06\/Celebration_of_the_pagan_Kupala_Night_Ritual_in_Rakov.jpg","datePublished":"2020-06-18T14:50:27+02:00","dateModified":"2021-07-23T11:27:35+02:00","author":{"@id":"https:\/\/instytutpolski.pl\/stockholm\/#\/schema\/person\/062b5a5f61f32b17c98996975db8d556"},"breadcrumb":{"@id":"https:\/\/instytutpolski.pl\/stockholm\/2020\/06\/18\/midsommarnatten\/#breadcrumb"},"inLanguage":"pl-PL","potentialAction":[{"@type":"ReadAction","target":["https:\/\/instytutpolski.pl\/stockholm\/2020\/06\/18\/midsommarnatten\/"]}],"@context":"https:\/\/schema.org","startDate":"2020-06-21","endDate":"2020-06-22","eventStatus":"EventScheduled","eventAttendanceMode":"OfflineEventAttendanceMode","location":{"@type":"place","name":"","address":"","geo":{"@type":"GeoCoordinates","latitude":"","longitude":""}},"description":"M\u00e5nga ungdomar tar tillf\u00e4llet i akt och t\u00e4nder brasor, dansar och festar natten l\u00e5ng. En tradition \u00e4r att hoppa \u00f6ver midsommarbrasan f\u00f6r att renas och skyddas mot ondska och motg\u00e5ngar. En annan k\u00e4nd tradition \u00e4r f\u00f6r unga kvinnor att flyta kransar med levande ljus i. Om kransen f\u00e5ngas av en ungkarl betyder det ett n\u00e4ra f\u00f6rest\u00e5ende gifterm\u00e5l. Unga kvinnor och m\u00e4n f\u00f6ljs \u00e5t till skogen f\u00f6r att leta (p\u00e5 l\u00e5tsas) efter kwiat paproci (ormbunksblomman) som enligt legenden bara blommar just den h\u00e4r enda natten p\u00e5 \u00e5ret. Den som hittar blomman kommer att \u00e5tnjuta lycka, makt, visdom och v\u00e4lst\u00e5nd. \nKupa\u0142anatten f\u00f6rv\u00e4xlas ofta eller firas tillsammans med Sankt Johannesafton (Noc \u015awi\u0119toja\u0144ska) aftonen f\u00f6re Johannes D\u00f6parens dag, natten mot 24 juni. Det verkar som att denna h\u00f6gtid h\u00e4rstammar fr\u00e5n tiden d\u00e5 hedniska traditioner skulle inf\u00f6rlivas i den kristna kalendern. Kupa\u0142anattens hedniska tradition lever sida vid sida med Noc \u015awi\u0119toja\u0144ska.\nI m\u00e5nga polska st\u00e4der arrangeras stora evenemang d\u00e4r de b\u00e5da traditionerna m\u00f6ts under Sankt Johannes afton (23 juni), bl a\u00a0\"Wianki\" i Krak\u00f3w (http:\/\/www.wianki.krakow.pl\/) eller festival \"Cuda Wianki\" i Gdynia (https:\/\/cudawianki.eu\/).\nFoto: Aliaksei Staliarou, Wikimedia Commons"},{"@type":"ImageObject","inLanguage":"pl-PL","@id":"https:\/\/instytutpolski.pl\/stockholm\/2020\/06\/18\/midsommarnatten\/#primaryimage","url":"https:\/\/instytutpolski.pl\/stockholm\/wp-content\/uploads\/sites\/17\/2020\/06\/Celebration_of_the_pagan_Kupala_Night_Ritual_in_Rakov.jpg","contentUrl":"https:\/\/instytutpolski.pl\/stockholm\/wp-content\/uploads\/sites\/17\/2020\/06\/Celebration_of_the_pagan_Kupala_Night_Ritual_in_Rakov.jpg","width":2048,"height":1365,"caption":"27.06.2015. A young woman greets the Summer Solctice according to Belarusian pagan tradition during the celebration of Kupala Night in Village of Rakov. Minsk Region. Belarus."},{"@type":"BreadcrumbList","@id":"https:\/\/instytutpolski.pl\/stockholm\/2020\/06\/18\/midsommarnatten\/#breadcrumb","itemListElement":[{"@type":"ListItem","position":1,"name":"Home","item":"https:\/\/instytutpolski.pl\/stockholm\/"},{"@type":"ListItem","position":2,"name":"Midsommarnatten i Polen &#8211; Kupa\u0142anatten eller Sankt Johannesnatten"}]},{"@type":"WebSite","@id":"https:\/\/instytutpolski.pl\/stockholm\/#website","url":"https:\/\/instytutpolski.pl\/stockholm\/","name":"Instytut Polski w Sztokholmie","description":"Instytuty Polskie","potentialAction":[{"@type":"SearchAction","target":{"@type":"EntryPoint","urlTemplate":"https:\/\/instytutpolski.pl\/stockholm\/?s={search_term_string}"},"query-input":{"@type":"PropertyValueSpecification","valueRequired":true,"valueName":"search_term_string"}}],"inLanguage":"pl-PL"},{"@type":"Person","@id":"https:\/\/instytutpolski.pl\/stockholm\/#\/schema\/person\/062b5a5f61f32b17c98996975db8d556","name":"strozniake","image":{"@type":"ImageObject","inLanguage":"pl-PL","@id":"https:\/\/instytutpolski.pl\/stockholm\/#\/schema\/person\/image\/","url":"https:\/\/secure.gravatar.com\/avatar\/25e0be9897787f9035155a882fde97cc?s=96&d=mm&r=g","contentUrl":"https:\/\/secure.gravatar.com\/avatar\/25e0be9897787f9035155a882fde97cc?s=96&d=mm&r=g","caption":"strozniake"},"sameAs":["http:\/\/strozniake"],"url":"https:\/\/instytutpolski.pl\/stockholm\/author\/strozniake\/"}]}},"_links":{"self":[{"href":"https:\/\/instytutpolski.pl\/stockholm\/wp-json\/wp\/v2\/posts\/2798","targetHints":{"allow":["GET"]}}],"collection":[{"href":"https:\/\/instytutpolski.pl\/stockholm\/wp-json\/wp\/v2\/posts"}],"about":[{"href":"https:\/\/instytutpolski.pl\/stockholm\/wp-json\/wp\/v2\/types\/post"}],"author":[{"embeddable":true,"href":"https:\/\/instytutpolski.pl\/stockholm\/wp-json\/wp\/v2\/users\/29"}],"replies":[{"embeddable":true,"href":"https:\/\/instytutpolski.pl\/stockholm\/wp-json\/wp\/v2\/comments?post=2798"}],"version-history":[{"count":14,"href":"https:\/\/instytutpolski.pl\/stockholm\/wp-json\/wp\/v2\/posts\/2798\/revisions"}],"predecessor-version":[{"id":6014,"href":"https:\/\/instytutpolski.pl\/stockholm\/wp-json\/wp\/v2\/posts\/2798\/revisions\/6014"}],"wp:featuredmedia":[{"embeddable":true,"href":"https:\/\/instytutpolski.pl\/stockholm\/wp-json\/wp\/v2\/media\/6013"}],"wp:attachment":[{"href":"https:\/\/instytutpolski.pl\/stockholm\/wp-json\/wp\/v2\/media?parent=2798"}],"wp:term":[{"taxonomy":"category","embeddable":true,"href":"https:\/\/instytutpolski.pl\/stockholm\/wp-json\/wp\/v2\/categories?post=2798"},{"taxonomy":"post_tag","embeddable":true,"href":"https:\/\/instytutpolski.pl\/stockholm\/wp-json\/wp\/v2\/tags?post=2798"}],"curies":[{"name":"wp","href":"https:\/\/api.w.org\/{rel}","templated":true}]}}