{"id":2935,"date":"2019-04-06T16:42:02","date_gmt":"2019-04-06T14:42:02","guid":{"rendered":"https:\/\/instytutpolski.pl\/stockholm\/?p=2935"},"modified":"2020-07-15T16:49:12","modified_gmt":"2020-07-15T14:49:12","slug":"polska-serietecknare-aven-i-ar-pa-stockholms-internationella-seriefestival","status":"publish","type":"post","link":"https:\/\/instytutpolski.pl\/stockholm\/2019\/04\/06\/polska-serietecknare-aven-i-ar-pa-stockholms-internationella-seriefestival\/","title":{"rendered":"Polska serietecknare \u00e4ven i \u00e5r p\u00e5 Stockholms internationella seriefestival"},"content":{"rendered":"\n<p>\u00c5rets festival har <strong>temat \u201dM\u00f6ten\u201d<\/strong>. Som vanligt kommer g\u00e4ster fr\u00e5n m\u00e5nga platser, t ex USA, Kanada, Tyskland och Mallorca. Och s\u00e5 n\u00e5gra polska serieskapare, vilket vi p\u00e5 Polska institutet \u00e4r mycket glada \u00f6ver.<\/p>\n\n\n\n<p>Tack vare samarbete med <a href=\"http:\/\/polishcomicart.pl\/index.php?id_lang=7\" target=\"_blank\" rel=\"noreferrer noopener\"><strong>Polish Comic Art<\/strong><\/a> kommer de tre framst\u00e5ende serietecknarna <strong>Hubert Czajkowski<\/strong>, <strong>Krzysztof Wyrzykowski<\/strong> och <strong>Wojciech Cicho\u0144<\/strong> p\u00e5 bes\u00f6k. Festivalbes\u00f6karna f\u00e5r ocks\u00e5 l\u00e4ra k\u00e4nna serief\u00f6rfattaren <strong>S\u0142awomir Zaj\u0105czkowski<\/strong>s verk. Dessutom blir det utst\u00e4llning av originalteckningar av n\u00e5gra av Polens fr\u00e4msta serietecknare, bland annat <strong>Grzegorz Rosi\u0144ski<\/strong> (Thorgal), <strong>Bogus\u0142aw Polch<\/strong> och <strong>Jacek Skrzydlewski<\/strong>.<\/p>\n\n\n\n<p><strong>Krzysztof Wyrzykowski och S\u0142awomir Zaj\u0105czkowski<\/strong><br>En kreativ duo som \u00e4r k\u00e4nd i Polen f\u00f6r serier om motst\u00e5ndskampen under andra v\u00e4rldskriget, som Wilcze Tropy (Vargsp\u00e5r), W imieniu Polski Walcz\u0105cej (I det k\u00e4mpande Polens namn), och \u0141upaszka. Nyligen kom ett nytt album fr\u00e5n denna kreativa duo: Poch\u00f3d zimowy 1918-1920 (Vintermarschen 1918-20). Som hittat f\u00f6r alla fans av serier och historia.<\/p>\n\n\n\n<p><strong>Hubert Czajkowski<\/strong><br>Tecknare till medeltidsserien Lux in Tenebris, f\u00f6rfattad av S\u0142awomir Zaj\u0105czkowski. Han har ocks\u00e5 tecknat det sp\u00e4nnande albumet Noc \u015bwi\u0119tego Bart\u0142omieja (Bartolomeinatten), om massakern p\u00e5 protestanter i 1500-talets Frankrike. Hubert Czajkowski \u00e4r ocks\u00e5 en efters\u00f6kt bokillustrat\u00f6r. Bl a har han tecknat omslagen till den popul\u00e4re f\u00f6rfattaren Jacek Komudas b\u00f6cker.<\/p>\n\n\n\n<p><strong>Wojciech Cicho\u0144<\/strong><br>Liksom de andra polska g\u00e4sterna \u00e4r \u00e4ven Wojciech Cicho\u0144 intresserad av historia. Han har tecknat albumen Brama czasu 1939 (Tidsporten 1939), Skarb Krzywoustego (Kung Snedmuns skatt), Kmie\u0107 Grzegorz (Bonden Grzegorz) och Szkar\u0142atne Berety w akcji (R\u00f6da baskrarna i aktion). Dessutom album som ber\u00e4ttar om den lilla staden Mi\u0144sk Mazowieckis historia: Marzenie Kr\u00f3lowej Bony (Drottning Bonas dr\u00f6m) och Mi\u0144sk Mazowiecki 1920.<\/p>\n\n\n\n<p>L\u00e4s mer om festivalen <a rel=\"noreferrer noopener\" href=\"http:\/\/kulturhusetstadsteatern.se\/Bibliotek\/Kulturbiblioteket\/Evenemang\/2019\/Stockholms-Internationella-Seriefestival-2019\" target=\"_blank\">h\u00e4r<\/a>.<br><em><br>Det polska deltagandet i seriefestivalen \u00e4r delfinansierat av Polska institutet i Stockholm, som sedan flera \u00e5r st\u00f6djer och fr\u00e4mjar polska serier i Sverige.<\/em><\/p>\n\n\n\n<figure class=\"wp-block-gallery columns-3 is-cropped wp-block-gallery-1 is-layout-flex wp-block-gallery-is-layout-flex\"><ul class=\"blocks-gallery-grid\"><li class=\"blocks-gallery-item\"><figure><img loading=\"lazy\" decoding=\"async\" width=\"707\" height=\"1000\" src=\"https:\/\/instytutpolski.pl\/stockholm\/wp-content\/uploads\/sites\/17\/2020\/07\/Stockholm-Comics-festival_poster.jpg\" alt=\"\" data-id=\"2943\" data-full-url=\"https:\/\/instytutpolski.pl\/stockholm\/wp-content\/uploads\/sites\/17\/2020\/07\/Stockholm-Comics-festival_poster.jpg\" data-link=\"https:\/\/instytutpolski.pl\/stockholm\/2019\/04\/06\/polska-serietecknare-aven-i-ar-pa-stockholms-internationella-seriefestival\/stockholm-comics-festival_poster\/\" class=\"wp-image-2943\" srcset=\"https:\/\/instytutpolski.pl\/stockholm\/wp-content\/uploads\/sites\/17\/2020\/07\/Stockholm-Comics-festival_poster.jpg 707w, https:\/\/instytutpolski.pl\/stockholm\/wp-content\/uploads\/sites\/17\/2020\/07\/Stockholm-Comics-festival_poster-212x300.jpg 212w\" sizes=\"auto, (max-width: 707px) 100vw, 707px\" \/><\/figure><\/li><li class=\"blocks-gallery-item\"><figure><img loading=\"lazy\" decoding=\"async\" width=\"940\" height=\"788\" src=\"https:\/\/instytutpolski.pl\/stockholm\/wp-content\/uploads\/sites\/17\/2020\/07\/comics-2019_image1.jpeg\" alt=\"\" data-id=\"2939\" data-link=\"https:\/\/instytutpolski.pl\/stockholm\/2019\/04\/06\/polska-serietecknare-aven-i-ar-pa-stockholms-internationella-seriefestival\/comics-2019_image1\/\" class=\"wp-image-2939\" srcset=\"https:\/\/instytutpolski.pl\/stockholm\/wp-content\/uploads\/sites\/17\/2020\/07\/comics-2019_image1.jpeg 940w, https:\/\/instytutpolski.pl\/stockholm\/wp-content\/uploads\/sites\/17\/2020\/07\/comics-2019_image1-300x251.jpeg 300w, https:\/\/instytutpolski.pl\/stockholm\/wp-content\/uploads\/sites\/17\/2020\/07\/comics-2019_image1-768x644.jpeg 768w\" sizes=\"auto, (max-width: 940px) 100vw, 940px\" \/><\/figure><\/li><li class=\"blocks-gallery-item\"><figure><img loading=\"lazy\" decoding=\"async\" width=\"940\" height=\"788\" src=\"https:\/\/instytutpolski.pl\/stockholm\/wp-content\/uploads\/sites\/17\/2020\/07\/comics-2019_image2.jpeg\" alt=\"\" data-id=\"2940\" data-link=\"https:\/\/instytutpolski.pl\/stockholm\/2019\/04\/06\/polska-serietecknare-aven-i-ar-pa-stockholms-internationella-seriefestival\/comics-2019_image2\/\" class=\"wp-image-2940\" srcset=\"https:\/\/instytutpolski.pl\/stockholm\/wp-content\/uploads\/sites\/17\/2020\/07\/comics-2019_image2.jpeg 940w, https:\/\/instytutpolski.pl\/stockholm\/wp-content\/uploads\/sites\/17\/2020\/07\/comics-2019_image2-300x251.jpeg 300w, https:\/\/instytutpolski.pl\/stockholm\/wp-content\/uploads\/sites\/17\/2020\/07\/comics-2019_image2-768x644.jpeg 768w\" sizes=\"auto, (max-width: 940px) 100vw, 940px\" \/><\/figure><\/li><li class=\"blocks-gallery-item\"><figure><img loading=\"lazy\" decoding=\"async\" width=\"940\" height=\"788\" src=\"https:\/\/instytutpolski.pl\/stockholm\/wp-content\/uploads\/sites\/17\/2020\/07\/comics-2019_image3.jpeg\" alt=\"\" data-id=\"2941\" data-link=\"https:\/\/instytutpolski.pl\/stockholm\/2019\/04\/06\/polska-serietecknare-aven-i-ar-pa-stockholms-internationella-seriefestival\/comics-2019_image3\/\" class=\"wp-image-2941\" srcset=\"https:\/\/instytutpolski.pl\/stockholm\/wp-content\/uploads\/sites\/17\/2020\/07\/comics-2019_image3.jpeg 940w, https:\/\/instytutpolski.pl\/stockholm\/wp-content\/uploads\/sites\/17\/2020\/07\/comics-2019_image3-300x251.jpeg 300w, https:\/\/instytutpolski.pl\/stockholm\/wp-content\/uploads\/sites\/17\/2020\/07\/comics-2019_image3-768x644.jpeg 768w\" sizes=\"auto, (max-width: 940px) 100vw, 940px\" \/><\/figure><\/li><li class=\"blocks-gallery-item\"><figure><img loading=\"lazy\" decoding=\"async\" width=\"940\" height=\"788\" src=\"https:\/\/instytutpolski.pl\/stockholm\/wp-content\/uploads\/sites\/17\/2020\/07\/comics-2019_image4.jpeg\" alt=\"\" data-id=\"2942\" data-link=\"https:\/\/instytutpolski.pl\/stockholm\/2019\/04\/06\/polska-serietecknare-aven-i-ar-pa-stockholms-internationella-seriefestival\/comics-2019_image4\/\" class=\"wp-image-2942\" srcset=\"https:\/\/instytutpolski.pl\/stockholm\/wp-content\/uploads\/sites\/17\/2020\/07\/comics-2019_image4.jpeg 940w, https:\/\/instytutpolski.pl\/stockholm\/wp-content\/uploads\/sites\/17\/2020\/07\/comics-2019_image4-300x251.jpeg 300w, https:\/\/instytutpolski.pl\/stockholm\/wp-content\/uploads\/sites\/17\/2020\/07\/comics-2019_image4-768x644.jpeg 768w\" sizes=\"auto, (max-width: 940px) 100vw, 940px\" \/><\/figure><\/li><\/ul><\/figure>\n","protected":false},"excerpt":{"rendered":"<p>\u00c5rets festival har temat \u201dM\u00f6ten\u201d. Som vanligt kommer g\u00e4ster fr\u00e5n m\u00e5nga platser, t ex USA, Kanada, Tyskland och Mallorca. Och s\u00e5 n\u00e5gra polska serieskapare, vilket vi p\u00e5 Polska institutet \u00e4r mycket glada \u00f6ver. Tack vare samarbete med Polish Comic Art kommer de tre framst\u00e5ende serietecknarna Hubert Czajkowski, Krzysztof Wyrzykowski och Wojciech Cicho\u0144 p\u00e5 bes\u00f6k. Festivalbes\u00f6karna [&hellip;]<\/p>\n","protected":false},"author":29,"featured_media":2936,"comment_status":"open","ping_status":"open","sticky":false,"template":"","format":"standard","meta":{"inline_featured_image":false,"_monsterinsights_skip_tracking":false,"_monsterinsights_sitenote_active":false,"_monsterinsights_sitenote_note":"","_monsterinsights_sitenote_category":0,"footnotes":""},"categories":[12,106],"tags":[],"class_list":["post-2935","post","type-post","status-publish","format-standard","has-post-thumbnail","hentry","category-evenemang","category-litteratur"],"yoast_head":"<!-- This site is optimized with the Yoast SEO plugin v24.6 - https:\/\/yoast.com\/wordpress\/plugins\/seo\/ -->\n<title>Polska serietecknare \u00e4ven i \u00e5r p\u00e5 Stockholms internationella seriefestival - Instytut Polski w Sztokholmie<\/title>\n<meta name=\"robots\" content=\"index, follow, max-snippet:-1, max-image-preview:large, max-video-preview:-1\" \/>\n<link rel=\"canonical\" href=\"https:\/\/instytutpolski.pl\/stockholm\/2019\/04\/06\/polska-serietecknare-aven-i-ar-pa-stockholms-internationella-seriefestival\/\" \/>\n<meta property=\"og:locale\" content=\"pl_PL\" \/>\n<meta property=\"og:type\" content=\"article\" \/>\n<meta property=\"og:title\" content=\"Polska serietecknare \u00e4ven i \u00e5r p\u00e5 Stockholms internationella seriefestival - Instytut Polski w Sztokholmie\" \/>\n<meta property=\"og:description\" content=\"\u00c5rets festival har temat \u201dM\u00f6ten\u201d. Som vanligt kommer g\u00e4ster fr\u00e5n m\u00e5nga platser, t ex USA, Kanada, Tyskland och Mallorca. Och s\u00e5 n\u00e5gra polska serieskapare, vilket vi p\u00e5 Polska institutet \u00e4r mycket glada \u00f6ver. Tack vare samarbete med Polish Comic Art kommer de tre framst\u00e5ende serietecknarna Hubert Czajkowski, Krzysztof Wyrzykowski och Wojciech Cicho\u0144 p\u00e5 bes\u00f6k. Festivalbes\u00f6karna [&hellip;]\" \/>\n<meta property=\"og:url\" content=\"https:\/\/instytutpolski.pl\/stockholm\/2019\/04\/06\/polska-serietecknare-aven-i-ar-pa-stockholms-internationella-seriefestival\/\" \/>\n<meta property=\"og:site_name\" content=\"Instytut Polski w Sztokholmie\" \/>\n<meta property=\"article:published_time\" content=\"2019-04-06T14:42:02+00:00\" \/>\n<meta property=\"article:modified_time\" content=\"2020-07-15T14:49:12+00:00\" \/>\n<meta property=\"og:image\" content=\"https:\/\/instytutpolski.pl\/stockholm\/wp-content\/uploads\/sites\/17\/2020\/07\/Bred-RGB-h\u00f6guppl\u00f6st-small.jpg\" \/>\n\t<meta property=\"og:image:width\" content=\"1489\" \/>\n\t<meta property=\"og:image:height\" content=\"1489\" \/>\n\t<meta property=\"og:image:type\" content=\"image\/jpeg\" \/>\n<meta name=\"author\" content=\"strozniake\" \/>\n<meta name=\"twitter:card\" content=\"summary_large_image\" \/>\n<meta name=\"twitter:label1\" content=\"Napisane przez\" \/>\n\t<meta name=\"twitter:data1\" content=\"strozniake\" \/>\n\t<meta name=\"twitter:label2\" content=\"Szacowany czas czytania\" \/>\n\t<meta name=\"twitter:data2\" content=\"2 minuty\" \/>\n<script type=\"application\/ld+json\" class=\"yoast-schema-graph\">{\"@context\":\"https:\/\/schema.org\",\"@graph\":[{\"@type\":\"event\",\"@id\":\"https:\/\/instytutpolski.pl\/stockholm\/2019\/04\/06\/polska-serietecknare-aven-i-ar-pa-stockholms-internationella-seriefestival\/\",\"url\":\"https:\/\/instytutpolski.pl\/stockholm\/2019\/04\/06\/polska-serietecknare-aven-i-ar-pa-stockholms-internationella-seriefestival\/\",\"name\":\"Polska serietecknare \u00e4ven i \u00e5r p\u00e5 Stockholms internationella seriefestival\",\"isPartOf\":{\"@id\":\"https:\/\/instytutpolski.pl\/stockholm\/#website\"},\"primaryImageOfPage\":{\"@id\":\"https:\/\/instytutpolski.pl\/stockholm\/2019\/04\/06\/polska-serietecknare-aven-i-ar-pa-stockholms-internationella-seriefestival\/#primaryimage\"},\"image\":[\"https:\/\/instytutpolski.pl\/stockholm\/wp-content\/uploads\/sites\/17\/2020\/07\/Bred-RGB-h\u00f6guppl\u00f6st-small.jpg\",\"https:\/\/instytutpolski.pl\/stockholm\/wp-content\/uploads\/sites\/17\/2020\/07\/Bred-RGB-h\u00f6guppl\u00f6st-small-300x300.jpg\",\"https:\/\/instytutpolski.pl\/stockholm\/wp-content\/uploads\/sites\/17\/2020\/07\/Bred-RGB-h\u00f6guppl\u00f6st-small-1024x1024.jpg\",\"https:\/\/instytutpolski.pl\/stockholm\/wp-content\/uploads\/sites\/17\/2020\/07\/Bred-RGB-h\u00f6guppl\u00f6st-small.jpg\"],\"thumbnailUrl\":\"https:\/\/instytutpolski.pl\/stockholm\/wp-content\/uploads\/sites\/17\/2020\/07\/Bred-RGB-h\u00f6guppl\u00f6st-small.jpg\",\"datePublished\":\"2019-04-06T14:42:02+02:00\",\"dateModified\":\"2020-07-15T14:49:12+02:00\",\"author\":{\"@id\":\"https:\/\/instytutpolski.pl\/stockholm\/#\/schema\/person\/062b5a5f61f32b17c98996975db8d556\"},\"breadcrumb\":{\"@id\":\"https:\/\/instytutpolski.pl\/stockholm\/2019\/04\/06\/polska-serietecknare-aven-i-ar-pa-stockholms-internationella-seriefestival\/#breadcrumb\"},\"inLanguage\":\"pl-PL\",\"potentialAction\":[{\"@type\":\"ReadAction\",\"target\":[\"https:\/\/instytutpolski.pl\/stockholm\/2019\/04\/06\/polska-serietecknare-aven-i-ar-pa-stockholms-internationella-seriefestival\/\"]}],\"@context\":\"https:\/\/schema.org\",\"startDate\":\"2019-04-06\",\"endDate\":\"2019-04-07\",\"eventStatus\":\"EventScheduled\",\"eventAttendanceMode\":\"OfflineEventAttendanceMode\",\"location\":{\"@type\":\"place\",\"name\":\"\",\"address\":\"\",\"geo\":{\"@type\":\"GeoCoordinates\",\"latitude\":\"\",\"longitude\":\"\"}},\"description\":\"\u00c5rets festival har temat \u201dM\u00f6ten\u201d. Som vanligt kommer g\u00e4ster fr\u00e5n m\u00e5nga platser, t ex USA, Kanada, Tyskland och Mallorca. Och s\u00e5 n\u00e5gra polska serieskapare, vilket vi p\u00e5 Polska institutet \u00e4r mycket glada \u00f6ver.\\nTack vare samarbete med Polish Comic Art kommer de tre framst\u00e5ende serietecknarna Hubert Czajkowski, Krzysztof Wyrzykowski och Wojciech Cicho\u0144 p\u00e5 bes\u00f6k. Festivalbes\u00f6karna f\u00e5r ocks\u00e5 l\u00e4ra k\u00e4nna serief\u00f6rfattaren S\u0142awomir Zaj\u0105czkowskis verk. Dessutom blir det utst\u00e4llning av originalteckningar av n\u00e5gra av Polens fr\u00e4msta serietecknare, bland annat Grzegorz Rosi\u0144ski (Thorgal), Bogus\u0142aw Polch och Jacek Skrzydlewski.\\nKrzysztof Wyrzykowski och S\u0142awomir Zaj\u0105czkowskiEn kreativ duo som \u00e4r k\u00e4nd i Polen f\u00f6r serier om motst\u00e5ndskampen under andra v\u00e4rldskriget, som Wilcze Tropy (Vargsp\u00e5r), W imieniu Polski Walcz\u0105cej (I det k\u00e4mpande Polens namn), och \u0141upaszka. Nyligen kom ett nytt album fr\u00e5n denna kreativa duo: Poch\u00f3d zimowy 1918-1920 (Vintermarschen 1918-20). Som hittat f\u00f6r alla fans av serier och historia.\\nHubert CzajkowskiTecknare till medeltidsserien Lux in Tenebris, f\u00f6rfattad av S\u0142awomir Zaj\u0105czkowski. Han har ocks\u00e5 tecknat det sp\u00e4nnande albumet Noc \u015bwi\u0119tego Bart\u0142omieja (Bartolomeinatten), om massakern p\u00e5 protestanter i 1500-talets Frankrike. Hubert Czajkowski \u00e4r ocks\u00e5 en efters\u00f6kt bokillustrat\u00f6r. Bl a har han tecknat omslagen till den popul\u00e4re f\u00f6rfattaren Jacek Komudas b\u00f6cker.\\nWojciech Cicho\u0144Liksom de andra polska g\u00e4sterna \u00e4r \u00e4ven Wojciech Cicho\u0144 intresserad av historia. Han har tecknat albumen Brama czasu 1939 (Tidsporten 1939), Skarb Krzywoustego (Kung Snedmuns skatt), Kmie\u0107 Grzegorz (Bonden Grzegorz) och Szkar\u0142atne Berety w akcji (R\u00f6da baskrarna i aktion). Dessutom album som ber\u00e4ttar om den lilla staden Mi\u0144sk Mazowieckis historia: Marzenie Kr\u00f3lowej Bony (Drottning Bonas dr\u00f6m) och Mi\u0144sk Mazowiecki 1920.\\nL\u00e4s mer om festivalen h\u00e4r.Det polska deltagandet i seriefestivalen \u00e4r delfinansierat av Polska institutet i Stockholm, som sedan flera \u00e5r st\u00f6djer och fr\u00e4mjar polska serier i Sverige.\"},{\"@type\":\"ImageObject\",\"inLanguage\":\"pl-PL\",\"@id\":\"https:\/\/instytutpolski.pl\/stockholm\/2019\/04\/06\/polska-serietecknare-aven-i-ar-pa-stockholms-internationella-seriefestival\/#primaryimage\",\"url\":\"https:\/\/instytutpolski.pl\/stockholm\/wp-content\/uploads\/sites\/17\/2020\/07\/Bred-RGB-h\u00f6guppl\u00f6st-small.jpg\",\"contentUrl\":\"https:\/\/instytutpolski.pl\/stockholm\/wp-content\/uploads\/sites\/17\/2020\/07\/Bred-RGB-h\u00f6guppl\u00f6st-small.jpg\",\"width\":1489,\"height\":1489},{\"@type\":\"BreadcrumbList\",\"@id\":\"https:\/\/instytutpolski.pl\/stockholm\/2019\/04\/06\/polska-serietecknare-aven-i-ar-pa-stockholms-internationella-seriefestival\/#breadcrumb\",\"itemListElement\":[{\"@type\":\"ListItem\",\"position\":1,\"name\":\"Home\",\"item\":\"https:\/\/instytutpolski.pl\/stockholm\/\"},{\"@type\":\"ListItem\",\"position\":2,\"name\":\"Polska serietecknare \u00e4ven i \u00e5r p\u00e5 Stockholms internationella seriefestival\"}]},{\"@type\":\"WebSite\",\"@id\":\"https:\/\/instytutpolski.pl\/stockholm\/#website\",\"url\":\"https:\/\/instytutpolski.pl\/stockholm\/\",\"name\":\"Instytut Polski w Sztokholmie\",\"description\":\"Instytuty Polskie\",\"potentialAction\":[{\"@type\":\"SearchAction\",\"target\":{\"@type\":\"EntryPoint\",\"urlTemplate\":\"https:\/\/instytutpolski.pl\/stockholm\/?s={search_term_string}\"},\"query-input\":{\"@type\":\"PropertyValueSpecification\",\"valueRequired\":true,\"valueName\":\"search_term_string\"}}],\"inLanguage\":\"pl-PL\"},{\"@type\":\"Person\",\"@id\":\"https:\/\/instytutpolski.pl\/stockholm\/#\/schema\/person\/062b5a5f61f32b17c98996975db8d556\",\"name\":\"strozniake\",\"image\":{\"@type\":\"ImageObject\",\"inLanguage\":\"pl-PL\",\"@id\":\"https:\/\/instytutpolski.pl\/stockholm\/#\/schema\/person\/image\/\",\"url\":\"https:\/\/secure.gravatar.com\/avatar\/25e0be9897787f9035155a882fde97cc?s=96&d=mm&r=g\",\"contentUrl\":\"https:\/\/secure.gravatar.com\/avatar\/25e0be9897787f9035155a882fde97cc?s=96&d=mm&r=g\",\"caption\":\"strozniake\"},\"sameAs\":[\"http:\/\/strozniake\"],\"url\":\"https:\/\/instytutpolski.pl\/stockholm\/author\/strozniake\/\"}]}<\/script>\n<!-- \/ Yoast SEO plugin. -->","yoast_head_json":{"title":"Polska serietecknare \u00e4ven i \u00e5r p\u00e5 Stockholms internationella seriefestival - Instytut Polski w Sztokholmie","robots":{"index":"index","follow":"follow","max-snippet":"max-snippet:-1","max-image-preview":"max-image-preview:large","max-video-preview":"max-video-preview:-1"},"canonical":"https:\/\/instytutpolski.pl\/stockholm\/2019\/04\/06\/polska-serietecknare-aven-i-ar-pa-stockholms-internationella-seriefestival\/","og_locale":"pl_PL","og_type":"article","og_title":"Polska serietecknare \u00e4ven i \u00e5r p\u00e5 Stockholms internationella seriefestival - Instytut Polski w Sztokholmie","og_description":"\u00c5rets festival har temat \u201dM\u00f6ten\u201d. Som vanligt kommer g\u00e4ster fr\u00e5n m\u00e5nga platser, t ex USA, Kanada, Tyskland och Mallorca. Och s\u00e5 n\u00e5gra polska serieskapare, vilket vi p\u00e5 Polska institutet \u00e4r mycket glada \u00f6ver. Tack vare samarbete med Polish Comic Art kommer de tre framst\u00e5ende serietecknarna Hubert Czajkowski, Krzysztof Wyrzykowski och Wojciech Cicho\u0144 p\u00e5 bes\u00f6k. Festivalbes\u00f6karna [&hellip;]","og_url":"https:\/\/instytutpolski.pl\/stockholm\/2019\/04\/06\/polska-serietecknare-aven-i-ar-pa-stockholms-internationella-seriefestival\/","og_site_name":"Instytut Polski w Sztokholmie","article_published_time":"2019-04-06T14:42:02+00:00","article_modified_time":"2020-07-15T14:49:12+00:00","og_image":[{"width":1489,"height":1489,"url":"https:\/\/instytutpolski.pl\/stockholm\/wp-content\/uploads\/sites\/17\/2020\/07\/Bred-RGB-h\u00f6guppl\u00f6st-small.jpg","type":"image\/jpeg"}],"author":"strozniake","twitter_card":"summary_large_image","twitter_misc":{"Napisane przez":"strozniake","Szacowany czas czytania":"2 minuty"},"schema":{"@context":"https:\/\/schema.org","@graph":[{"@type":"event","@id":"https:\/\/instytutpolski.pl\/stockholm\/2019\/04\/06\/polska-serietecknare-aven-i-ar-pa-stockholms-internationella-seriefestival\/","url":"https:\/\/instytutpolski.pl\/stockholm\/2019\/04\/06\/polska-serietecknare-aven-i-ar-pa-stockholms-internationella-seriefestival\/","name":"Polska serietecknare \u00e4ven i \u00e5r p\u00e5 Stockholms internationella seriefestival","isPartOf":{"@id":"https:\/\/instytutpolski.pl\/stockholm\/#website"},"primaryImageOfPage":{"@id":"https:\/\/instytutpolski.pl\/stockholm\/2019\/04\/06\/polska-serietecknare-aven-i-ar-pa-stockholms-internationella-seriefestival\/#primaryimage"},"image":["https:\/\/instytutpolski.pl\/stockholm\/wp-content\/uploads\/sites\/17\/2020\/07\/Bred-RGB-h\u00f6guppl\u00f6st-small.jpg","https:\/\/instytutpolski.pl\/stockholm\/wp-content\/uploads\/sites\/17\/2020\/07\/Bred-RGB-h\u00f6guppl\u00f6st-small-300x300.jpg","https:\/\/instytutpolski.pl\/stockholm\/wp-content\/uploads\/sites\/17\/2020\/07\/Bred-RGB-h\u00f6guppl\u00f6st-small-1024x1024.jpg","https:\/\/instytutpolski.pl\/stockholm\/wp-content\/uploads\/sites\/17\/2020\/07\/Bred-RGB-h\u00f6guppl\u00f6st-small.jpg"],"thumbnailUrl":"https:\/\/instytutpolski.pl\/stockholm\/wp-content\/uploads\/sites\/17\/2020\/07\/Bred-RGB-h\u00f6guppl\u00f6st-small.jpg","datePublished":"2019-04-06T14:42:02+02:00","dateModified":"2020-07-15T14:49:12+02:00","author":{"@id":"https:\/\/instytutpolski.pl\/stockholm\/#\/schema\/person\/062b5a5f61f32b17c98996975db8d556"},"breadcrumb":{"@id":"https:\/\/instytutpolski.pl\/stockholm\/2019\/04\/06\/polska-serietecknare-aven-i-ar-pa-stockholms-internationella-seriefestival\/#breadcrumb"},"inLanguage":"pl-PL","potentialAction":[{"@type":"ReadAction","target":["https:\/\/instytutpolski.pl\/stockholm\/2019\/04\/06\/polska-serietecknare-aven-i-ar-pa-stockholms-internationella-seriefestival\/"]}],"@context":"https:\/\/schema.org","startDate":"2019-04-06","endDate":"2019-04-07","eventStatus":"EventScheduled","eventAttendanceMode":"OfflineEventAttendanceMode","location":{"@type":"place","name":"","address":"","geo":{"@type":"GeoCoordinates","latitude":"","longitude":""}},"description":"\u00c5rets festival har temat \u201dM\u00f6ten\u201d. Som vanligt kommer g\u00e4ster fr\u00e5n m\u00e5nga platser, t ex USA, Kanada, Tyskland och Mallorca. Och s\u00e5 n\u00e5gra polska serieskapare, vilket vi p\u00e5 Polska institutet \u00e4r mycket glada \u00f6ver.\nTack vare samarbete med Polish Comic Art kommer de tre framst\u00e5ende serietecknarna Hubert Czajkowski, Krzysztof Wyrzykowski och Wojciech Cicho\u0144 p\u00e5 bes\u00f6k. Festivalbes\u00f6karna f\u00e5r ocks\u00e5 l\u00e4ra k\u00e4nna serief\u00f6rfattaren S\u0142awomir Zaj\u0105czkowskis verk. Dessutom blir det utst\u00e4llning av originalteckningar av n\u00e5gra av Polens fr\u00e4msta serietecknare, bland annat Grzegorz Rosi\u0144ski (Thorgal), Bogus\u0142aw Polch och Jacek Skrzydlewski.\nKrzysztof Wyrzykowski och S\u0142awomir Zaj\u0105czkowskiEn kreativ duo som \u00e4r k\u00e4nd i Polen f\u00f6r serier om motst\u00e5ndskampen under andra v\u00e4rldskriget, som Wilcze Tropy (Vargsp\u00e5r), W imieniu Polski Walcz\u0105cej (I det k\u00e4mpande Polens namn), och \u0141upaszka. Nyligen kom ett nytt album fr\u00e5n denna kreativa duo: Poch\u00f3d zimowy 1918-1920 (Vintermarschen 1918-20). Som hittat f\u00f6r alla fans av serier och historia.\nHubert CzajkowskiTecknare till medeltidsserien Lux in Tenebris, f\u00f6rfattad av S\u0142awomir Zaj\u0105czkowski. Han har ocks\u00e5 tecknat det sp\u00e4nnande albumet Noc \u015bwi\u0119tego Bart\u0142omieja (Bartolomeinatten), om massakern p\u00e5 protestanter i 1500-talets Frankrike. Hubert Czajkowski \u00e4r ocks\u00e5 en efters\u00f6kt bokillustrat\u00f6r. Bl a har han tecknat omslagen till den popul\u00e4re f\u00f6rfattaren Jacek Komudas b\u00f6cker.\nWojciech Cicho\u0144Liksom de andra polska g\u00e4sterna \u00e4r \u00e4ven Wojciech Cicho\u0144 intresserad av historia. Han har tecknat albumen Brama czasu 1939 (Tidsporten 1939), Skarb Krzywoustego (Kung Snedmuns skatt), Kmie\u0107 Grzegorz (Bonden Grzegorz) och Szkar\u0142atne Berety w akcji (R\u00f6da baskrarna i aktion). Dessutom album som ber\u00e4ttar om den lilla staden Mi\u0144sk Mazowieckis historia: Marzenie Kr\u00f3lowej Bony (Drottning Bonas dr\u00f6m) och Mi\u0144sk Mazowiecki 1920.\nL\u00e4s mer om festivalen h\u00e4r.Det polska deltagandet i seriefestivalen \u00e4r delfinansierat av Polska institutet i Stockholm, som sedan flera \u00e5r st\u00f6djer och fr\u00e4mjar polska serier i Sverige."},{"@type":"ImageObject","inLanguage":"pl-PL","@id":"https:\/\/instytutpolski.pl\/stockholm\/2019\/04\/06\/polska-serietecknare-aven-i-ar-pa-stockholms-internationella-seriefestival\/#primaryimage","url":"https:\/\/instytutpolski.pl\/stockholm\/wp-content\/uploads\/sites\/17\/2020\/07\/Bred-RGB-h\u00f6guppl\u00f6st-small.jpg","contentUrl":"https:\/\/instytutpolski.pl\/stockholm\/wp-content\/uploads\/sites\/17\/2020\/07\/Bred-RGB-h\u00f6guppl\u00f6st-small.jpg","width":1489,"height":1489},{"@type":"BreadcrumbList","@id":"https:\/\/instytutpolski.pl\/stockholm\/2019\/04\/06\/polska-serietecknare-aven-i-ar-pa-stockholms-internationella-seriefestival\/#breadcrumb","itemListElement":[{"@type":"ListItem","position":1,"name":"Home","item":"https:\/\/instytutpolski.pl\/stockholm\/"},{"@type":"ListItem","position":2,"name":"Polska serietecknare \u00e4ven i \u00e5r p\u00e5 Stockholms internationella seriefestival"}]},{"@type":"WebSite","@id":"https:\/\/instytutpolski.pl\/stockholm\/#website","url":"https:\/\/instytutpolski.pl\/stockholm\/","name":"Instytut Polski w Sztokholmie","description":"Instytuty Polskie","potentialAction":[{"@type":"SearchAction","target":{"@type":"EntryPoint","urlTemplate":"https:\/\/instytutpolski.pl\/stockholm\/?s={search_term_string}"},"query-input":{"@type":"PropertyValueSpecification","valueRequired":true,"valueName":"search_term_string"}}],"inLanguage":"pl-PL"},{"@type":"Person","@id":"https:\/\/instytutpolski.pl\/stockholm\/#\/schema\/person\/062b5a5f61f32b17c98996975db8d556","name":"strozniake","image":{"@type":"ImageObject","inLanguage":"pl-PL","@id":"https:\/\/instytutpolski.pl\/stockholm\/#\/schema\/person\/image\/","url":"https:\/\/secure.gravatar.com\/avatar\/25e0be9897787f9035155a882fde97cc?s=96&d=mm&r=g","contentUrl":"https:\/\/secure.gravatar.com\/avatar\/25e0be9897787f9035155a882fde97cc?s=96&d=mm&r=g","caption":"strozniake"},"sameAs":["http:\/\/strozniake"],"url":"https:\/\/instytutpolski.pl\/stockholm\/author\/strozniake\/"}]}},"_links":{"self":[{"href":"https:\/\/instytutpolski.pl\/stockholm\/wp-json\/wp\/v2\/posts\/2935","targetHints":{"allow":["GET"]}}],"collection":[{"href":"https:\/\/instytutpolski.pl\/stockholm\/wp-json\/wp\/v2\/posts"}],"about":[{"href":"https:\/\/instytutpolski.pl\/stockholm\/wp-json\/wp\/v2\/types\/post"}],"author":[{"embeddable":true,"href":"https:\/\/instytutpolski.pl\/stockholm\/wp-json\/wp\/v2\/users\/29"}],"replies":[{"embeddable":true,"href":"https:\/\/instytutpolski.pl\/stockholm\/wp-json\/wp\/v2\/comments?post=2935"}],"version-history":[{"count":4,"href":"https:\/\/instytutpolski.pl\/stockholm\/wp-json\/wp\/v2\/posts\/2935\/revisions"}],"predecessor-version":[{"id":2948,"href":"https:\/\/instytutpolski.pl\/stockholm\/wp-json\/wp\/v2\/posts\/2935\/revisions\/2948"}],"wp:featuredmedia":[{"embeddable":true,"href":"https:\/\/instytutpolski.pl\/stockholm\/wp-json\/wp\/v2\/media\/2936"}],"wp:attachment":[{"href":"https:\/\/instytutpolski.pl\/stockholm\/wp-json\/wp\/v2\/media?parent=2935"}],"wp:term":[{"taxonomy":"category","embeddable":true,"href":"https:\/\/instytutpolski.pl\/stockholm\/wp-json\/wp\/v2\/categories?post=2935"},{"taxonomy":"post_tag","embeddable":true,"href":"https:\/\/instytutpolski.pl\/stockholm\/wp-json\/wp\/v2\/tags?post=2935"}],"curies":[{"name":"wp","href":"https:\/\/api.w.org\/{rel}","templated":true}]}}