{"id":2945,"date":"2019-04-06T16:42:02","date_gmt":"2019-04-06T14:42:02","guid":{"rendered":"https:\/\/instytutpolski.pl\/stockholm\/?p=2945"},"modified":"2020-07-15T16:48:33","modified_gmt":"2020-07-15T14:48:33","slug":"polscy-rysownicy-po-raz-kolejny-na-miedzynarodowym-festiwalu-komiksu-w-sztokholmie","status":"publish","type":"post","link":"https:\/\/instytutpolski.pl\/stockholm\/pl\/2019\/04\/06\/polscy-rysownicy-po-raz-kolejny-na-miedzynarodowym-festiwalu-komiksu-w-sztokholmie\/","title":{"rendered":"Polscy rysownicy po raz kolejny na Mi\u0119dzynarodowym Festiwalu Komiksu w Sztokholmie"},"content":{"rendered":"\n<p>Tegoroczny festiwal, przeniesiony do budynku<strong> Konstfack <\/strong>(University of Arts, Crafts and Design) odb\u0119dzie si\u0119 pod<strong> has\u0142em przewodnim \u201cSpotkania\u201d<\/strong>. Pojawi\u0105 si\u0119 tradycyjnie go\u015bcie ze Stan\u00f3w Zjednoczonych, Kanady, Niemiec oraz Majorki. Nie zabraknie r\u00f3wnie\u017c polskich artyst\u00f3w, z czego si\u0119 ogromnie cieszymy!<br><br>Dzi\u0119ki wsp\u00f3\u0142pracy z <a rel=\"noreferrer noopener\" href=\"http:\/\/www.polishcomicart.pl\" target=\"_blank\"><strong>Polish Comic Art<\/strong><\/a>, na Mi\u0119dzynarodowy Festiwal Komiksu w Sztokholmie zawitaj\u0105 tacy utalentowani polscy autorzy komiks\u00f3w jak: <strong>Hubert Czajkowski<\/strong>, <strong>Krzysztof Wyrzykowski<\/strong> i <strong>Wojciech Cicho\u0144<\/strong>. Pokazany zostanie r\u00f3wnie\u017c dorobek wspania\u0142ego scenarzysty <strong>S\u0142awomira Zaj\u0105czkowskiego<\/strong>. Ponadto, odwiedzaj\u0105cy b\u0119d\u0105 mogli zobaczy\u0107 kilkadziesi\u0105t oryginalnym plansz komiksowych, stworzonych przez najwa\u017cniejsze postaci polskiego komiksu, m.in. <strong>Grzegorza Rosi\u0144skiego<\/strong>, <strong>Bogus\u0142awa Polcha<\/strong> czy <strong>Jacka Skrzydlewskiego<\/strong>.<br><strong><br><br>Krzysztof Wyrzykowski i S\u0142awomir Zaj\u0105czkowski<\/strong><br>Tw\u00f3rczy duet autor\u00f3w znanych w Polsce z komiks\u00f3w takich jak: \u201eWilcze Tropy\u201d, \u201eW imieniu Polski Walcz\u0105cej\u201d czy \u201e\u0141upaszka\u201d. Niedawno ukaza\u0142 si\u0119 kolejny tom tego pracowitego, kreatywnego tandemu: \u201ePoch\u00f3d zimowy 1918-1920\u201d. Gratka dla entuzjast\u00f3w komiksu i historii!<br><strong><br>Hubert Czajkowski<\/strong><br>Autor \u015bwietnej serii komiksowej \u201eLux in Tenebris\u201d. Narysowa\u0142 te\u017c mocny album \u201eNoc \u015awi\u0119tego Bart\u0142omieja\u201d, na nowo ukazuj\u0105cy dramatyczne wydarzenia z XVI-wiecznej Francji. Czajkowski jest tak\u017ce wzi\u0119tym ilustratorem. Jego rysunki znajduj\u0105 si\u0119 m. in. na ok\u0142adkach popularnych powie\u015bci Jacka Komudy.<br><strong><br>Wojciech Cicho\u0144<\/strong><br>Jak u wymienionych wy\u017cej koleg\u00f3w, r\u00f3wnie\u017c w przypadku Wojciecha, w centrum jego tw\u00f3rczych zainteresowa\u0144 le\u017cy historia. Stworzy\u0142 komiksy takie jak: \u201eBrama Czasu 1939\u201d, \u201eSkarb Krzywoustego\u201d, \u201eKmie\u0107 Grzegorz\u201d, \u201eSzkar\u0142atne Berety w akcji\u201d, a tak\u017ce albumy opisuj\u0105ce dzieje Mi\u0144ska Mazowieckiego \u2013 \u201eMarzenie Kr\u00f3lowej Bony\u201d i \u201eMi\u0144sk Mazowiecki 1920\u201d.\u00a0<br><br>Wi\u0119cej informacji o festiwalu <a rel=\"noreferrer noopener\" href=\"http:\/\/kulturhusetstadsteatern.se\/Bibliotek\/Kulturbiblioteket\/Evenemang\/2019\/Stockholms-Internationella-Seriefestival-2019\" target=\"_blank\">tutaj<\/a>.<br><br><em>Wydarzenie wsp\u00f3\u0142finansowane jest przez Instytut Polski w Sztokholmie, kt\u00f3ry ju\u017c od kilku lat aktywnie wspiera i promuje polski komiks w Szwecji.<\/em><\/p>\n\n\n\n<figure class=\"wp-block-gallery columns-3 is-cropped wp-block-gallery-1 is-layout-flex wp-block-gallery-is-layout-flex\"><ul class=\"blocks-gallery-grid\"><li class=\"blocks-gallery-item\"><figure><img loading=\"lazy\" decoding=\"async\" width=\"707\" height=\"1000\" src=\"https:\/\/instytutpolski.pl\/stockholm\/wp-content\/uploads\/sites\/17\/2020\/07\/Stockholm-Comics-festival_poster.jpg\" alt=\"\" data-id=\"2943\" data-full-url=\"https:\/\/instytutpolski.pl\/stockholm\/wp-content\/uploads\/sites\/17\/2020\/07\/Stockholm-Comics-festival_poster.jpg\" data-link=\"https:\/\/instytutpolski.pl\/stockholm\/2019\/04\/06\/polska-serietecknare-aven-i-ar-pa-stockholms-internationella-seriefestival\/stockholm-comics-festival_poster\/\" class=\"wp-image-2943\" srcset=\"https:\/\/instytutpolski.pl\/stockholm\/wp-content\/uploads\/sites\/17\/2020\/07\/Stockholm-Comics-festival_poster.jpg 707w, https:\/\/instytutpolski.pl\/stockholm\/wp-content\/uploads\/sites\/17\/2020\/07\/Stockholm-Comics-festival_poster-212x300.jpg 212w\" sizes=\"auto, (max-width: 707px) 100vw, 707px\" \/><\/figure><\/li><li class=\"blocks-gallery-item\"><figure><img loading=\"lazy\" decoding=\"async\" width=\"940\" height=\"788\" src=\"https:\/\/instytutpolski.pl\/stockholm\/wp-content\/uploads\/sites\/17\/2020\/07\/comics-2019_image1.jpeg\" alt=\"\" data-id=\"2939\" data-full-url=\"https:\/\/instytutpolski.pl\/stockholm\/wp-content\/uploads\/sites\/17\/2020\/07\/comics-2019_image1.jpeg\" data-link=\"https:\/\/instytutpolski.pl\/stockholm\/2019\/04\/06\/polska-serietecknare-aven-i-ar-pa-stockholms-internationella-seriefestival\/comics-2019_image1\/\" class=\"wp-image-2939\" srcset=\"https:\/\/instytutpolski.pl\/stockholm\/wp-content\/uploads\/sites\/17\/2020\/07\/comics-2019_image1.jpeg 940w, https:\/\/instytutpolski.pl\/stockholm\/wp-content\/uploads\/sites\/17\/2020\/07\/comics-2019_image1-300x251.jpeg 300w, https:\/\/instytutpolski.pl\/stockholm\/wp-content\/uploads\/sites\/17\/2020\/07\/comics-2019_image1-768x644.jpeg 768w\" sizes=\"auto, (max-width: 940px) 100vw, 940px\" \/><\/figure><\/li><li class=\"blocks-gallery-item\"><figure><img loading=\"lazy\" decoding=\"async\" width=\"940\" height=\"788\" src=\"https:\/\/instytutpolski.pl\/stockholm\/wp-content\/uploads\/sites\/17\/2020\/07\/comics-2019_image2.jpeg\" alt=\"\" data-id=\"2940\" data-full-url=\"https:\/\/instytutpolski.pl\/stockholm\/wp-content\/uploads\/sites\/17\/2020\/07\/comics-2019_image2.jpeg\" data-link=\"https:\/\/instytutpolski.pl\/stockholm\/2019\/04\/06\/polska-serietecknare-aven-i-ar-pa-stockholms-internationella-seriefestival\/comics-2019_image2\/\" class=\"wp-image-2940\" srcset=\"https:\/\/instytutpolski.pl\/stockholm\/wp-content\/uploads\/sites\/17\/2020\/07\/comics-2019_image2.jpeg 940w, https:\/\/instytutpolski.pl\/stockholm\/wp-content\/uploads\/sites\/17\/2020\/07\/comics-2019_image2-300x251.jpeg 300w, https:\/\/instytutpolski.pl\/stockholm\/wp-content\/uploads\/sites\/17\/2020\/07\/comics-2019_image2-768x644.jpeg 768w\" sizes=\"auto, (max-width: 940px) 100vw, 940px\" \/><\/figure><\/li><li class=\"blocks-gallery-item\"><figure><img loading=\"lazy\" decoding=\"async\" width=\"940\" height=\"788\" src=\"https:\/\/instytutpolski.pl\/stockholm\/wp-content\/uploads\/sites\/17\/2020\/07\/comics-2019_image3.jpeg\" alt=\"\" data-id=\"2941\" data-full-url=\"https:\/\/instytutpolski.pl\/stockholm\/wp-content\/uploads\/sites\/17\/2020\/07\/comics-2019_image3.jpeg\" data-link=\"https:\/\/instytutpolski.pl\/stockholm\/2019\/04\/06\/polska-serietecknare-aven-i-ar-pa-stockholms-internationella-seriefestival\/comics-2019_image3\/\" class=\"wp-image-2941\" srcset=\"https:\/\/instytutpolski.pl\/stockholm\/wp-content\/uploads\/sites\/17\/2020\/07\/comics-2019_image3.jpeg 940w, https:\/\/instytutpolski.pl\/stockholm\/wp-content\/uploads\/sites\/17\/2020\/07\/comics-2019_image3-300x251.jpeg 300w, https:\/\/instytutpolski.pl\/stockholm\/wp-content\/uploads\/sites\/17\/2020\/07\/comics-2019_image3-768x644.jpeg 768w\" sizes=\"auto, (max-width: 940px) 100vw, 940px\" \/><\/figure><\/li><li class=\"blocks-gallery-item\"><figure><img loading=\"lazy\" decoding=\"async\" width=\"940\" height=\"788\" src=\"https:\/\/instytutpolski.pl\/stockholm\/wp-content\/uploads\/sites\/17\/2020\/07\/comics-2019_image4.jpeg\" alt=\"\" data-id=\"2942\" data-full-url=\"https:\/\/instytutpolski.pl\/stockholm\/wp-content\/uploads\/sites\/17\/2020\/07\/comics-2019_image4.jpeg\" data-link=\"https:\/\/instytutpolski.pl\/stockholm\/2019\/04\/06\/polska-serietecknare-aven-i-ar-pa-stockholms-internationella-seriefestival\/comics-2019_image4\/\" class=\"wp-image-2942\" srcset=\"https:\/\/instytutpolski.pl\/stockholm\/wp-content\/uploads\/sites\/17\/2020\/07\/comics-2019_image4.jpeg 940w, https:\/\/instytutpolski.pl\/stockholm\/wp-content\/uploads\/sites\/17\/2020\/07\/comics-2019_image4-300x251.jpeg 300w, https:\/\/instytutpolski.pl\/stockholm\/wp-content\/uploads\/sites\/17\/2020\/07\/comics-2019_image4-768x644.jpeg 768w\" sizes=\"auto, (max-width: 940px) 100vw, 940px\" \/><\/figure><\/li><\/ul><\/figure>\n","protected":false},"excerpt":{"rendered":"<p>Tegoroczny festiwal, przeniesiony do budynku Konstfack (University of Arts, Crafts and Design) odb\u0119dzie si\u0119 pod has\u0142em przewodnim \u201cSpotkania\u201d. Pojawi\u0105 si\u0119 tradycyjnie go\u015bcie ze Stan\u00f3w Zjednoczonych, Kanady, Niemiec oraz Majorki. Nie zabraknie r\u00f3wnie\u017c polskich artyst\u00f3w, z czego si\u0119 ogromnie cieszymy! Dzi\u0119ki wsp\u00f3\u0142pracy z Polish Comic Art, na Mi\u0119dzynarodowy Festiwal Komiksu w Sztokholmie zawitaj\u0105 tacy utalentowani polscy [&hellip;]<\/p>\n","protected":false},"author":29,"featured_media":2936,"comment_status":"open","ping_status":"open","sticky":false,"template":"","format":"standard","meta":{"inline_featured_image":false,"_monsterinsights_skip_tracking":false,"_monsterinsights_sitenote_active":false,"_monsterinsights_sitenote_note":"","_monsterinsights_sitenote_category":0,"footnotes":""},"categories":[87,36],"tags":[],"class_list":["post-2945","post","type-post","status-publish","format-standard","has-post-thumbnail","hentry","category-literatura","category-wydarzenie"],"yoast_head":"<!-- This site is optimized with the Yoast SEO plugin v24.6 - https:\/\/yoast.com\/wordpress\/plugins\/seo\/ -->\n<title>Polscy rysownicy po raz kolejny na Mi\u0119dzynarodowym Festiwalu Komiksu w Sztokholmie - Instytut Polski w Sztokholmie<\/title>\n<meta name=\"robots\" content=\"index, follow, max-snippet:-1, max-image-preview:large, max-video-preview:-1\" \/>\n<link rel=\"canonical\" href=\"https:\/\/instytutpolski.pl\/stockholm\/pl\/2019\/04\/06\/polscy-rysownicy-po-raz-kolejny-na-miedzynarodowym-festiwalu-komiksu-w-sztokholmie\/\" \/>\n<meta property=\"og:locale\" content=\"pl_PL\" \/>\n<meta property=\"og:type\" content=\"article\" \/>\n<meta property=\"og:title\" content=\"Polscy rysownicy po raz kolejny na Mi\u0119dzynarodowym Festiwalu Komiksu w Sztokholmie - Instytut Polski w Sztokholmie\" \/>\n<meta property=\"og:description\" content=\"Tegoroczny festiwal, przeniesiony do budynku Konstfack (University of Arts, Crafts and Design) odb\u0119dzie si\u0119 pod has\u0142em przewodnim \u201cSpotkania\u201d. Pojawi\u0105 si\u0119 tradycyjnie go\u015bcie ze Stan\u00f3w Zjednoczonych, Kanady, Niemiec oraz Majorki. Nie zabraknie r\u00f3wnie\u017c polskich artyst\u00f3w, z czego si\u0119 ogromnie cieszymy! Dzi\u0119ki wsp\u00f3\u0142pracy z Polish Comic Art, na Mi\u0119dzynarodowy Festiwal Komiksu w Sztokholmie zawitaj\u0105 tacy utalentowani polscy [&hellip;]\" \/>\n<meta property=\"og:url\" content=\"https:\/\/instytutpolski.pl\/stockholm\/pl\/2019\/04\/06\/polscy-rysownicy-po-raz-kolejny-na-miedzynarodowym-festiwalu-komiksu-w-sztokholmie\/\" \/>\n<meta property=\"og:site_name\" content=\"Instytut Polski w Sztokholmie\" \/>\n<meta property=\"article:published_time\" content=\"2019-04-06T14:42:02+00:00\" \/>\n<meta property=\"article:modified_time\" content=\"2020-07-15T14:48:33+00:00\" \/>\n<meta property=\"og:image\" content=\"https:\/\/instytutpolski.pl\/stockholm\/wp-content\/uploads\/sites\/17\/2020\/07\/Bred-RGB-h\u00f6guppl\u00f6st-small.jpg\" \/>\n\t<meta property=\"og:image:width\" content=\"1489\" \/>\n\t<meta property=\"og:image:height\" content=\"1489\" \/>\n\t<meta property=\"og:image:type\" content=\"image\/jpeg\" \/>\n<meta name=\"author\" content=\"strozniake\" \/>\n<meta name=\"twitter:card\" content=\"summary_large_image\" \/>\n<meta name=\"twitter:label1\" content=\"Napisane przez\" \/>\n\t<meta name=\"twitter:data1\" content=\"strozniake\" \/>\n\t<meta name=\"twitter:label2\" content=\"Szacowany czas czytania\" \/>\n\t<meta name=\"twitter:data2\" content=\"1 minuta\" \/>\n<script type=\"application\/ld+json\" class=\"yoast-schema-graph\">{\"@context\":\"https:\/\/schema.org\",\"@graph\":[{\"@type\":\"event\",\"@id\":\"https:\/\/instytutpolski.pl\/stockholm\/pl\/2019\/04\/06\/polscy-rysownicy-po-raz-kolejny-na-miedzynarodowym-festiwalu-komiksu-w-sztokholmie\/\",\"url\":\"https:\/\/instytutpolski.pl\/stockholm\/pl\/2019\/04\/06\/polscy-rysownicy-po-raz-kolejny-na-miedzynarodowym-festiwalu-komiksu-w-sztokholmie\/\",\"name\":\"Polscy rysownicy po raz kolejny na Mi\u0119dzynarodowym Festiwalu Komiksu w Sztokholmie\",\"isPartOf\":{\"@id\":\"https:\/\/instytutpolski.pl\/stockholm\/#website\"},\"primaryImageOfPage\":{\"@id\":\"https:\/\/instytutpolski.pl\/stockholm\/pl\/2019\/04\/06\/polscy-rysownicy-po-raz-kolejny-na-miedzynarodowym-festiwalu-komiksu-w-sztokholmie\/#primaryimage\"},\"image\":[\"https:\/\/instytutpolski.pl\/stockholm\/wp-content\/uploads\/sites\/17\/2020\/07\/Bred-RGB-h\u00f6guppl\u00f6st-small.jpg\",\"https:\/\/instytutpolski.pl\/stockholm\/wp-content\/uploads\/sites\/17\/2020\/07\/Bred-RGB-h\u00f6guppl\u00f6st-small-300x300.jpg\",\"https:\/\/instytutpolski.pl\/stockholm\/wp-content\/uploads\/sites\/17\/2020\/07\/Bred-RGB-h\u00f6guppl\u00f6st-small-1024x1024.jpg\",\"https:\/\/instytutpolski.pl\/stockholm\/wp-content\/uploads\/sites\/17\/2020\/07\/Bred-RGB-h\u00f6guppl\u00f6st-small.jpg\"],\"thumbnailUrl\":\"https:\/\/instytutpolski.pl\/stockholm\/wp-content\/uploads\/sites\/17\/2020\/07\/Bred-RGB-h\u00f6guppl\u00f6st-small.jpg\",\"datePublished\":\"2019-04-06T14:42:02+02:00\",\"dateModified\":\"2020-07-15T14:48:33+02:00\",\"author\":{\"@id\":\"https:\/\/instytutpolski.pl\/stockholm\/#\/schema\/person\/062b5a5f61f32b17c98996975db8d556\"},\"breadcrumb\":{\"@id\":\"https:\/\/instytutpolski.pl\/stockholm\/pl\/2019\/04\/06\/polscy-rysownicy-po-raz-kolejny-na-miedzynarodowym-festiwalu-komiksu-w-sztokholmie\/#breadcrumb\"},\"inLanguage\":\"pl-PL\",\"potentialAction\":[{\"@type\":\"ReadAction\",\"target\":[\"https:\/\/instytutpolski.pl\/stockholm\/pl\/2019\/04\/06\/polscy-rysownicy-po-raz-kolejny-na-miedzynarodowym-festiwalu-komiksu-w-sztokholmie\/\"]}],\"@context\":\"https:\/\/schema.org\",\"startDate\":\"2019-04-06\",\"endDate\":\"2019-04-07\",\"eventStatus\":\"EventScheduled\",\"eventAttendanceMode\":\"OfflineEventAttendanceMode\",\"location\":{\"@type\":\"place\",\"name\":\"\",\"address\":\"\",\"geo\":{\"@type\":\"GeoCoordinates\",\"latitude\":\"\",\"longitude\":\"\"}},\"description\":\"Tegoroczny festiwal, przeniesiony do budynku Konstfack (University of Arts, Crafts and Design) odb\u0119dzie si\u0119 pod has\u0142em przewodnim \u201cSpotkania\u201d. Pojawi\u0105 si\u0119 tradycyjnie go\u015bcie ze Stan\u00f3w Zjednoczonych, Kanady, Niemiec oraz Majorki. Nie zabraknie r\u00f3wnie\u017c polskich artyst\u00f3w, z czego si\u0119 ogromnie cieszymy!Dzi\u0119ki wsp\u00f3\u0142pracy z Polish Comic Art, na Mi\u0119dzynarodowy Festiwal Komiksu w Sztokholmie zawitaj\u0105 tacy utalentowani polscy autorzy komiks\u00f3w jak: Hubert Czajkowski, Krzysztof Wyrzykowski i Wojciech Cicho\u0144. Pokazany zostanie r\u00f3wnie\u017c dorobek wspania\u0142ego scenarzysty S\u0142awomira Zaj\u0105czkowskiego. Ponadto, odwiedzaj\u0105cy b\u0119d\u0105 mogli zobaczy\u0107 kilkadziesi\u0105t oryginalnym plansz komiksowych, stworzonych przez najwa\u017cniejsze postaci polskiego komiksu, m.in. Grzegorza Rosi\u0144skiego, Bogus\u0142awa Polcha czy Jacka Skrzydlewskiego.Krzysztof Wyrzykowski i S\u0142awomir Zaj\u0105czkowskiTw\u00f3rczy duet autor\u00f3w znanych w Polsce z komiks\u00f3w takich jak: \u201eWilcze Tropy\u201d, \u201eW imieniu Polski Walcz\u0105cej\u201d czy \u201e\u0141upaszka\u201d. Niedawno ukaza\u0142 si\u0119 kolejny tom tego pracowitego, kreatywnego tandemu: \u201ePoch\u00f3d zimowy 1918-1920\u201d. Gratka dla entuzjast\u00f3w komiksu i historii!Hubert CzajkowskiAutor \u015bwietnej serii komiksowej \u201eLux in Tenebris\u201d. Narysowa\u0142 te\u017c mocny album \u201eNoc \u015awi\u0119tego Bart\u0142omieja\u201d, na nowo ukazuj\u0105cy dramatyczne wydarzenia z XVI-wiecznej Francji. Czajkowski jest tak\u017ce wzi\u0119tym ilustratorem. Jego rysunki znajduj\u0105 si\u0119 m. in. na ok\u0142adkach popularnych powie\u015bci Jacka Komudy.Wojciech Cicho\u0144Jak u wymienionych wy\u017cej koleg\u00f3w, r\u00f3wnie\u017c w przypadku Wojciecha, w centrum jego tw\u00f3rczych zainteresowa\u0144 le\u017cy historia. Stworzy\u0142 komiksy takie jak: \u201eBrama Czasu 1939\u201d, \u201eSkarb Krzywoustego\u201d, \u201eKmie\u0107 Grzegorz\u201d, \u201eSzkar\u0142atne Berety w akcji\u201d, a tak\u017ce albumy opisuj\u0105ce dzieje Mi\u0144ska Mazowieckiego \u2013 \u201eMarzenie Kr\u00f3lowej Bony\u201d i \u201eMi\u0144sk Mazowiecki 1920\u201d.\u00a0Wi\u0119cej informacji o festiwalu tutaj.Wydarzenie wsp\u00f3\u0142finansowane jest przez Instytut Polski w Sztokholmie, kt\u00f3ry ju\u017c od kilku lat aktywnie wspiera i promuje polski komiks w Szwecji.\"},{\"@type\":\"ImageObject\",\"inLanguage\":\"pl-PL\",\"@id\":\"https:\/\/instytutpolski.pl\/stockholm\/pl\/2019\/04\/06\/polscy-rysownicy-po-raz-kolejny-na-miedzynarodowym-festiwalu-komiksu-w-sztokholmie\/#primaryimage\",\"url\":\"https:\/\/instytutpolski.pl\/stockholm\/wp-content\/uploads\/sites\/17\/2020\/07\/Bred-RGB-h\u00f6guppl\u00f6st-small.jpg\",\"contentUrl\":\"https:\/\/instytutpolski.pl\/stockholm\/wp-content\/uploads\/sites\/17\/2020\/07\/Bred-RGB-h\u00f6guppl\u00f6st-small.jpg\",\"width\":1489,\"height\":1489},{\"@type\":\"BreadcrumbList\",\"@id\":\"https:\/\/instytutpolski.pl\/stockholm\/pl\/2019\/04\/06\/polscy-rysownicy-po-raz-kolejny-na-miedzynarodowym-festiwalu-komiksu-w-sztokholmie\/#breadcrumb\",\"itemListElement\":[{\"@type\":\"ListItem\",\"position\":1,\"name\":\"Home\",\"item\":\"https:\/\/instytutpolski.pl\/stockholm\/\"},{\"@type\":\"ListItem\",\"position\":2,\"name\":\"Polscy rysownicy po raz kolejny na Mi\u0119dzynarodowym Festiwalu Komiksu w Sztokholmie\"}]},{\"@type\":\"WebSite\",\"@id\":\"https:\/\/instytutpolski.pl\/stockholm\/#website\",\"url\":\"https:\/\/instytutpolski.pl\/stockholm\/\",\"name\":\"Instytut Polski w Sztokholmie\",\"description\":\"Instytuty Polskie\",\"potentialAction\":[{\"@type\":\"SearchAction\",\"target\":{\"@type\":\"EntryPoint\",\"urlTemplate\":\"https:\/\/instytutpolski.pl\/stockholm\/?s={search_term_string}\"},\"query-input\":{\"@type\":\"PropertyValueSpecification\",\"valueRequired\":true,\"valueName\":\"search_term_string\"}}],\"inLanguage\":\"pl-PL\"},{\"@type\":\"Person\",\"@id\":\"https:\/\/instytutpolski.pl\/stockholm\/#\/schema\/person\/062b5a5f61f32b17c98996975db8d556\",\"name\":\"strozniake\",\"image\":{\"@type\":\"ImageObject\",\"inLanguage\":\"pl-PL\",\"@id\":\"https:\/\/instytutpolski.pl\/stockholm\/#\/schema\/person\/image\/\",\"url\":\"https:\/\/secure.gravatar.com\/avatar\/25e0be9897787f9035155a882fde97cc?s=96&d=mm&r=g\",\"contentUrl\":\"https:\/\/secure.gravatar.com\/avatar\/25e0be9897787f9035155a882fde97cc?s=96&d=mm&r=g\",\"caption\":\"strozniake\"},\"sameAs\":[\"http:\/\/strozniake\"],\"url\":\"https:\/\/instytutpolski.pl\/stockholm\/author\/strozniake\/\"}]}<\/script>\n<!-- \/ Yoast SEO plugin. -->","yoast_head_json":{"title":"Polscy rysownicy po raz kolejny na Mi\u0119dzynarodowym Festiwalu Komiksu w Sztokholmie - Instytut Polski w Sztokholmie","robots":{"index":"index","follow":"follow","max-snippet":"max-snippet:-1","max-image-preview":"max-image-preview:large","max-video-preview":"max-video-preview:-1"},"canonical":"https:\/\/instytutpolski.pl\/stockholm\/pl\/2019\/04\/06\/polscy-rysownicy-po-raz-kolejny-na-miedzynarodowym-festiwalu-komiksu-w-sztokholmie\/","og_locale":"pl_PL","og_type":"article","og_title":"Polscy rysownicy po raz kolejny na Mi\u0119dzynarodowym Festiwalu Komiksu w Sztokholmie - Instytut Polski w Sztokholmie","og_description":"Tegoroczny festiwal, przeniesiony do budynku Konstfack (University of Arts, Crafts and Design) odb\u0119dzie si\u0119 pod has\u0142em przewodnim \u201cSpotkania\u201d. Pojawi\u0105 si\u0119 tradycyjnie go\u015bcie ze Stan\u00f3w Zjednoczonych, Kanady, Niemiec oraz Majorki. Nie zabraknie r\u00f3wnie\u017c polskich artyst\u00f3w, z czego si\u0119 ogromnie cieszymy! Dzi\u0119ki wsp\u00f3\u0142pracy z Polish Comic Art, na Mi\u0119dzynarodowy Festiwal Komiksu w Sztokholmie zawitaj\u0105 tacy utalentowani polscy [&hellip;]","og_url":"https:\/\/instytutpolski.pl\/stockholm\/pl\/2019\/04\/06\/polscy-rysownicy-po-raz-kolejny-na-miedzynarodowym-festiwalu-komiksu-w-sztokholmie\/","og_site_name":"Instytut Polski w Sztokholmie","article_published_time":"2019-04-06T14:42:02+00:00","article_modified_time":"2020-07-15T14:48:33+00:00","og_image":[{"width":1489,"height":1489,"url":"https:\/\/instytutpolski.pl\/stockholm\/wp-content\/uploads\/sites\/17\/2020\/07\/Bred-RGB-h\u00f6guppl\u00f6st-small.jpg","type":"image\/jpeg"}],"author":"strozniake","twitter_card":"summary_large_image","twitter_misc":{"Napisane przez":"strozniake","Szacowany czas czytania":"1 minuta"},"schema":{"@context":"https:\/\/schema.org","@graph":[{"@type":"event","@id":"https:\/\/instytutpolski.pl\/stockholm\/pl\/2019\/04\/06\/polscy-rysownicy-po-raz-kolejny-na-miedzynarodowym-festiwalu-komiksu-w-sztokholmie\/","url":"https:\/\/instytutpolski.pl\/stockholm\/pl\/2019\/04\/06\/polscy-rysownicy-po-raz-kolejny-na-miedzynarodowym-festiwalu-komiksu-w-sztokholmie\/","name":"Polscy rysownicy po raz kolejny na Mi\u0119dzynarodowym Festiwalu Komiksu w Sztokholmie","isPartOf":{"@id":"https:\/\/instytutpolski.pl\/stockholm\/#website"},"primaryImageOfPage":{"@id":"https:\/\/instytutpolski.pl\/stockholm\/pl\/2019\/04\/06\/polscy-rysownicy-po-raz-kolejny-na-miedzynarodowym-festiwalu-komiksu-w-sztokholmie\/#primaryimage"},"image":["https:\/\/instytutpolski.pl\/stockholm\/wp-content\/uploads\/sites\/17\/2020\/07\/Bred-RGB-h\u00f6guppl\u00f6st-small.jpg","https:\/\/instytutpolski.pl\/stockholm\/wp-content\/uploads\/sites\/17\/2020\/07\/Bred-RGB-h\u00f6guppl\u00f6st-small-300x300.jpg","https:\/\/instytutpolski.pl\/stockholm\/wp-content\/uploads\/sites\/17\/2020\/07\/Bred-RGB-h\u00f6guppl\u00f6st-small-1024x1024.jpg","https:\/\/instytutpolski.pl\/stockholm\/wp-content\/uploads\/sites\/17\/2020\/07\/Bred-RGB-h\u00f6guppl\u00f6st-small.jpg"],"thumbnailUrl":"https:\/\/instytutpolski.pl\/stockholm\/wp-content\/uploads\/sites\/17\/2020\/07\/Bred-RGB-h\u00f6guppl\u00f6st-small.jpg","datePublished":"2019-04-06T14:42:02+02:00","dateModified":"2020-07-15T14:48:33+02:00","author":{"@id":"https:\/\/instytutpolski.pl\/stockholm\/#\/schema\/person\/062b5a5f61f32b17c98996975db8d556"},"breadcrumb":{"@id":"https:\/\/instytutpolski.pl\/stockholm\/pl\/2019\/04\/06\/polscy-rysownicy-po-raz-kolejny-na-miedzynarodowym-festiwalu-komiksu-w-sztokholmie\/#breadcrumb"},"inLanguage":"pl-PL","potentialAction":[{"@type":"ReadAction","target":["https:\/\/instytutpolski.pl\/stockholm\/pl\/2019\/04\/06\/polscy-rysownicy-po-raz-kolejny-na-miedzynarodowym-festiwalu-komiksu-w-sztokholmie\/"]}],"@context":"https:\/\/schema.org","startDate":"2019-04-06","endDate":"2019-04-07","eventStatus":"EventScheduled","eventAttendanceMode":"OfflineEventAttendanceMode","location":{"@type":"place","name":"","address":"","geo":{"@type":"GeoCoordinates","latitude":"","longitude":""}},"description":"Tegoroczny festiwal, przeniesiony do budynku Konstfack (University of Arts, Crafts and Design) odb\u0119dzie si\u0119 pod has\u0142em przewodnim \u201cSpotkania\u201d. Pojawi\u0105 si\u0119 tradycyjnie go\u015bcie ze Stan\u00f3w Zjednoczonych, Kanady, Niemiec oraz Majorki. Nie zabraknie r\u00f3wnie\u017c polskich artyst\u00f3w, z czego si\u0119 ogromnie cieszymy!Dzi\u0119ki wsp\u00f3\u0142pracy z Polish Comic Art, na Mi\u0119dzynarodowy Festiwal Komiksu w Sztokholmie zawitaj\u0105 tacy utalentowani polscy autorzy komiks\u00f3w jak: Hubert Czajkowski, Krzysztof Wyrzykowski i Wojciech Cicho\u0144. Pokazany zostanie r\u00f3wnie\u017c dorobek wspania\u0142ego scenarzysty S\u0142awomira Zaj\u0105czkowskiego. Ponadto, odwiedzaj\u0105cy b\u0119d\u0105 mogli zobaczy\u0107 kilkadziesi\u0105t oryginalnym plansz komiksowych, stworzonych przez najwa\u017cniejsze postaci polskiego komiksu, m.in. Grzegorza Rosi\u0144skiego, Bogus\u0142awa Polcha czy Jacka Skrzydlewskiego.Krzysztof Wyrzykowski i S\u0142awomir Zaj\u0105czkowskiTw\u00f3rczy duet autor\u00f3w znanych w Polsce z komiks\u00f3w takich jak: \u201eWilcze Tropy\u201d, \u201eW imieniu Polski Walcz\u0105cej\u201d czy \u201e\u0141upaszka\u201d. Niedawno ukaza\u0142 si\u0119 kolejny tom tego pracowitego, kreatywnego tandemu: \u201ePoch\u00f3d zimowy 1918-1920\u201d. Gratka dla entuzjast\u00f3w komiksu i historii!Hubert CzajkowskiAutor \u015bwietnej serii komiksowej \u201eLux in Tenebris\u201d. Narysowa\u0142 te\u017c mocny album \u201eNoc \u015awi\u0119tego Bart\u0142omieja\u201d, na nowo ukazuj\u0105cy dramatyczne wydarzenia z XVI-wiecznej Francji. Czajkowski jest tak\u017ce wzi\u0119tym ilustratorem. Jego rysunki znajduj\u0105 si\u0119 m. in. na ok\u0142adkach popularnych powie\u015bci Jacka Komudy.Wojciech Cicho\u0144Jak u wymienionych wy\u017cej koleg\u00f3w, r\u00f3wnie\u017c w przypadku Wojciecha, w centrum jego tw\u00f3rczych zainteresowa\u0144 le\u017cy historia. Stworzy\u0142 komiksy takie jak: \u201eBrama Czasu 1939\u201d, \u201eSkarb Krzywoustego\u201d, \u201eKmie\u0107 Grzegorz\u201d, \u201eSzkar\u0142atne Berety w akcji\u201d, a tak\u017ce albumy opisuj\u0105ce dzieje Mi\u0144ska Mazowieckiego \u2013 \u201eMarzenie Kr\u00f3lowej Bony\u201d i \u201eMi\u0144sk Mazowiecki 1920\u201d.\u00a0Wi\u0119cej informacji o festiwalu tutaj.Wydarzenie wsp\u00f3\u0142finansowane jest przez Instytut Polski w Sztokholmie, kt\u00f3ry ju\u017c od kilku lat aktywnie wspiera i promuje polski komiks w Szwecji."},{"@type":"ImageObject","inLanguage":"pl-PL","@id":"https:\/\/instytutpolski.pl\/stockholm\/pl\/2019\/04\/06\/polscy-rysownicy-po-raz-kolejny-na-miedzynarodowym-festiwalu-komiksu-w-sztokholmie\/#primaryimage","url":"https:\/\/instytutpolski.pl\/stockholm\/wp-content\/uploads\/sites\/17\/2020\/07\/Bred-RGB-h\u00f6guppl\u00f6st-small.jpg","contentUrl":"https:\/\/instytutpolski.pl\/stockholm\/wp-content\/uploads\/sites\/17\/2020\/07\/Bred-RGB-h\u00f6guppl\u00f6st-small.jpg","width":1489,"height":1489},{"@type":"BreadcrumbList","@id":"https:\/\/instytutpolski.pl\/stockholm\/pl\/2019\/04\/06\/polscy-rysownicy-po-raz-kolejny-na-miedzynarodowym-festiwalu-komiksu-w-sztokholmie\/#breadcrumb","itemListElement":[{"@type":"ListItem","position":1,"name":"Home","item":"https:\/\/instytutpolski.pl\/stockholm\/"},{"@type":"ListItem","position":2,"name":"Polscy rysownicy po raz kolejny na Mi\u0119dzynarodowym Festiwalu Komiksu w Sztokholmie"}]},{"@type":"WebSite","@id":"https:\/\/instytutpolski.pl\/stockholm\/#website","url":"https:\/\/instytutpolski.pl\/stockholm\/","name":"Instytut Polski w Sztokholmie","description":"Instytuty Polskie","potentialAction":[{"@type":"SearchAction","target":{"@type":"EntryPoint","urlTemplate":"https:\/\/instytutpolski.pl\/stockholm\/?s={search_term_string}"},"query-input":{"@type":"PropertyValueSpecification","valueRequired":true,"valueName":"search_term_string"}}],"inLanguage":"pl-PL"},{"@type":"Person","@id":"https:\/\/instytutpolski.pl\/stockholm\/#\/schema\/person\/062b5a5f61f32b17c98996975db8d556","name":"strozniake","image":{"@type":"ImageObject","inLanguage":"pl-PL","@id":"https:\/\/instytutpolski.pl\/stockholm\/#\/schema\/person\/image\/","url":"https:\/\/secure.gravatar.com\/avatar\/25e0be9897787f9035155a882fde97cc?s=96&d=mm&r=g","contentUrl":"https:\/\/secure.gravatar.com\/avatar\/25e0be9897787f9035155a882fde97cc?s=96&d=mm&r=g","caption":"strozniake"},"sameAs":["http:\/\/strozniake"],"url":"https:\/\/instytutpolski.pl\/stockholm\/author\/strozniake\/"}]}},"_links":{"self":[{"href":"https:\/\/instytutpolski.pl\/stockholm\/wp-json\/wp\/v2\/posts\/2945","targetHints":{"allow":["GET"]}}],"collection":[{"href":"https:\/\/instytutpolski.pl\/stockholm\/wp-json\/wp\/v2\/posts"}],"about":[{"href":"https:\/\/instytutpolski.pl\/stockholm\/wp-json\/wp\/v2\/types\/post"}],"author":[{"embeddable":true,"href":"https:\/\/instytutpolski.pl\/stockholm\/wp-json\/wp\/v2\/users\/29"}],"replies":[{"embeddable":true,"href":"https:\/\/instytutpolski.pl\/stockholm\/wp-json\/wp\/v2\/comments?post=2945"}],"version-history":[{"count":2,"href":"https:\/\/instytutpolski.pl\/stockholm\/wp-json\/wp\/v2\/posts\/2945\/revisions"}],"predecessor-version":[{"id":2947,"href":"https:\/\/instytutpolski.pl\/stockholm\/wp-json\/wp\/v2\/posts\/2945\/revisions\/2947"}],"wp:featuredmedia":[{"embeddable":true,"href":"https:\/\/instytutpolski.pl\/stockholm\/wp-json\/wp\/v2\/media\/2936"}],"wp:attachment":[{"href":"https:\/\/instytutpolski.pl\/stockholm\/wp-json\/wp\/v2\/media?parent=2945"}],"wp:term":[{"taxonomy":"category","embeddable":true,"href":"https:\/\/instytutpolski.pl\/stockholm\/wp-json\/wp\/v2\/categories?post=2945"},{"taxonomy":"post_tag","embeddable":true,"href":"https:\/\/instytutpolski.pl\/stockholm\/wp-json\/wp\/v2\/tags?post=2945"}],"curies":[{"name":"wp","href":"https:\/\/api.w.org\/{rel}","templated":true}]}}