{"id":3107,"date":"2020-08-21T16:15:10","date_gmt":"2020-08-21T14:15:10","guid":{"rendered":"https:\/\/instytutpolski.pl\/stockholm\/?p=3107"},"modified":"2020-08-27T12:51:45","modified_gmt":"2020-08-27T10:51:45","slug":"helige-johannes-paulus-ii-100-ar","status":"publish","type":"post","link":"https:\/\/instytutpolski.pl\/stockholm\/2020\/08\/21\/helige-johannes-paulus-ii-100-ar\/","title":{"rendered":"Helige Johannes Paulus II \u2013 100 \u00e5r"},"content":{"rendered":"\n<p><em>Totus Tuus Maria &#8211; jag \u00e4r helt din Maria<\/em>, sade <strong>Johannes Paulus II<\/strong> i Fatima ett \u00e5r efter attentatet i Rom 1981. Valspr\u00e5ket Totus Tuus var en k\u00e4rleksf\u00f6rklaring till Guds moder Maria. Sin egen mor miste han som nio\u00e5rig pojke. Han v\u00e4xte upp med sin far och bror. Sonen, studenten, poeten och arbetaren Karol Wojtyla som trots ett liv pr\u00e4glat av f\u00f6rluster, sorger och lidande blev p\u00e5ve, fredsm\u00e4klare och framf\u00f6rallt Guds tj\u00e4nare.<\/p>\n\n\n\n<figure class=\"wp-block-image size-large\"><img loading=\"lazy\" decoding=\"async\" width=\"1024\" height=\"686\" src=\"https:\/\/instytutpolski.pl\/stockholm\/wp-content\/uploads\/sites\/17\/2020\/08\/F1040020-1024x686.jpg\" alt=\"\" class=\"wp-image-3119\" srcset=\"https:\/\/instytutpolski.pl\/stockholm\/wp-content\/uploads\/sites\/17\/2020\/08\/F1040020-1024x686.jpg 1024w, https:\/\/instytutpolski.pl\/stockholm\/wp-content\/uploads\/sites\/17\/2020\/08\/F1040020-300x201.jpg 300w, https:\/\/instytutpolski.pl\/stockholm\/wp-content\/uploads\/sites\/17\/2020\/08\/F1040020-768x514.jpg 768w, https:\/\/instytutpolski.pl\/stockholm\/wp-content\/uploads\/sites\/17\/2020\/08\/F1040020-1536x1028.jpg 1536w, https:\/\/instytutpolski.pl\/stockholm\/wp-content\/uploads\/sites\/17\/2020\/08\/F1040020.jpg 1840w\" sizes=\"auto, (max-width: 1024px) 100vw, 1024px\" \/><\/figure>\n\n\n\n<p>Ih\u00e5gkommen som m\u00e4nniskan som alltid gav av sig sj\u00e4lv till andra. Han k\u00e4mpade f\u00f6r de m\u00e4nskliga r\u00e4ttigheterna, f\u00f6r de fattiga i tredje v\u00e4rlden och han arbetade ih\u00e4rdigt f\u00f6r demokratin i \u00d6steuropa. Han kommunicerade det kristna budskapet till miljoner m\u00e4nniskor i v\u00e4rldens alla kontinenter. Instiftandet av V\u00e4rldsungdomsdagarna \u00e4r ett arv som lever kvar efter honom.<\/p>\n\n\n\n<p>Som f\u00f6rsta p\u00e5ve bes\u00f6kte Johannes Paulus II Norden 1989. I Sverige fick Stockholm, Uppsala och Vadstena p\u00e5vligt bes\u00f6k. Kristi Lekamens f\u00f6rsamling i Visby har sedan 2019 v\u00e4lsignats av en relik av den Helige Johannes Paulus II.&nbsp;&nbsp;<\/p>\n\n\n\n<p>Hans tankar, ord och goda g\u00e4rningar lever kvar i m\u00e5nga m\u00e4nniskors hj\u00e4rtan och talar till oss \u00e4n idag.&nbsp;<\/p>\n\n\n\n<figure class=\"wp-block-image size-large\"><img loading=\"lazy\" decoding=\"async\" width=\"686\" height=\"1024\" src=\"https:\/\/instytutpolski.pl\/stockholm\/wp-content\/uploads\/sites\/17\/2020\/08\/F1050015-e1598019807557-686x1024.jpg\" alt=\"\" class=\"wp-image-3120\" srcset=\"https:\/\/instytutpolski.pl\/stockholm\/wp-content\/uploads\/sites\/17\/2020\/08\/F1050015-e1598019807557-686x1024.jpg 686w, https:\/\/instytutpolski.pl\/stockholm\/wp-content\/uploads\/sites\/17\/2020\/08\/F1050015-e1598019807557-201x300.jpg 201w, https:\/\/instytutpolski.pl\/stockholm\/wp-content\/uploads\/sites\/17\/2020\/08\/F1050015-e1598019807557-768x1147.jpg 768w, https:\/\/instytutpolski.pl\/stockholm\/wp-content\/uploads\/sites\/17\/2020\/08\/F1050015-e1598019807557-1028x1536.jpg 1028w, https:\/\/instytutpolski.pl\/stockholm\/wp-content\/uploads\/sites\/17\/2020\/08\/F1050015-e1598019807557.jpg 1232w\" sizes=\"auto, (max-width: 686px) 100vw, 686px\" \/><\/figure>\n\n\n\n<p><br>Stort tack till alla som m\u00f6jliggjorde utst\u00e4llningen!<\/p>\n\n\n\n<p><strong>Koncept och text: Anna Glowacki<br>Korrekturl\u00e4sning: Tomas H\u00e5kanson<br>Bilder: Zdzis\u0142aw Sowi\u0144ski&nbsp;<\/strong><\/p>\n\n\n\n<p>Projektet genomf\u00f6rdes i n\u00e4ra samarbete med Kristi Lekamens F\u00f6rsamling i Visby och Svensk-Polska F\u00f6reningen p\u00e5 Gotland.&nbsp;<\/p>\n\n\n\n<p><br><strong>Vill du bes\u00f6ka utst\u00e4llningen s\u00e5 ring oss p\u00e5 tel 070 523 23 69 och boka in en tid. Varje dag mellan 3-13 september erbjuder vi tv\u00e5 guidade visningar kl 13 och kl 17.<\/strong><\/p>\n\n\n\n<p>I samband med utst\u00e4llningen erbjuder vi \u00e4ven en serie minnesevenemang. Arrangemangen \u00e4r ett samarbete med&nbsp; Polska Institutet, Svensk-Polska f\u00f6reningen p\u00e5 Gotland, och Kristi Lekamens f\u00f6rsamling.&nbsp;<\/p>\n\n\n\n<ul class=\"wp-block-list\"><li><strong>Torsdag, 3 september\u00a0 kl. 19.00: Konsert med p\u00e5ven Johannes Paulus II:s dikter p\u00e5 svenska och p\u00e5 polska.<\/strong> Organist Niclas Gustafsson och violinist Emilio Estrada medverkar. Tinta Lenberg och Alexandra Fridebrand &#8211; recitat\u00f6rer. F\u00f6redrag av Docent Mariusz Boguszewski: Budskap om Helige Johannes Paulus II f\u00f6r den moderna v\u00e4rlden. Kristi Lekamens katolska kyrka, S:t Hansgatan 60, Visby. Kontakt: <a rel=\"noreferrer noopener\" href=\"mailto:gotland@svensk-polska.se\" target=\"_blank\">gotland@svensk-polska.se<\/a>.\u00a0Fri entr\u00e9, men man m\u00e5ste best\u00e4lla plats i f\u00f6rv\u00e4g.\u00a0<\/li><\/ul>\n\n\n\n<ul class=\"wp-block-list\"><li><strong>L\u00f6rdag, 5 september kl. 17.00: L\u00e5ngfilm Karol &#8211; mannen som blev p\u00e5ve. <\/strong>Regi:&nbsp;Giacomo Battiato, 186 min, svensk text, 2005. V\u00e5rdklockans kyrkan, Adelsgatan 43, Visby. Fri entr\u00e9, anm\u00e4lan till <a rel=\"noreferrer noopener\" href=\"mailto:gotland@svensk-polska.se\" target=\"_blank\">gotland@svensk-polska.se<\/a>.<\/li><\/ul>\n\n\n\n<ul class=\"wp-block-list\"><li><strong>S\u00f6ndag, 6 september kl. 11.00: H\u00f6gm\u00e4ssa (svensk-polsk) till \u00e4ra av Helige Johannes Paulus II<\/strong>,&nbsp; Kristi Lekamens kyrka, S:t Drottensgatan 12, Visby.&nbsp; p. Tomas S\u0142upkowski, ofm.&nbsp; Endast 35 personer i markerade platser.<\/li><\/ul>\n\n\n\n<p><br><em>Foton: Zdzis\u0142aw Sowi\u0144ski<\/em><\/p>\n\n\n\n<figure class=\"wp-block-image size-large\"><img loading=\"lazy\" decoding=\"async\" width=\"724\" height=\"1024\" src=\"https:\/\/instytutpolski.pl\/stockholm\/wp-content\/uploads\/sites\/17\/2020\/08\/Helige-Johannes-Paulus-II-\u2013-100-a\u030ar-FINAL-small-724x1024.jpg\" alt=\"\" class=\"wp-image-3112\" srcset=\"https:\/\/instytutpolski.pl\/stockholm\/wp-content\/uploads\/sites\/17\/2020\/08\/Helige-Johannes-Paulus-II-\u2013-100-a\u030ar-FINAL-small-724x1024.jpg 724w, https:\/\/instytutpolski.pl\/stockholm\/wp-content\/uploads\/sites\/17\/2020\/08\/Helige-Johannes-Paulus-II-\u2013-100-a\u030ar-FINAL-small-212x300.jpg 212w, https:\/\/instytutpolski.pl\/stockholm\/wp-content\/uploads\/sites\/17\/2020\/08\/Helige-Johannes-Paulus-II-\u2013-100-a\u030ar-FINAL-small-768x1087.jpg 768w, https:\/\/instytutpolski.pl\/stockholm\/wp-content\/uploads\/sites\/17\/2020\/08\/Helige-Johannes-Paulus-II-\u2013-100-a\u030ar-FINAL-small-1085x1536.jpg 1085w, https:\/\/instytutpolski.pl\/stockholm\/wp-content\/uploads\/sites\/17\/2020\/08\/Helige-Johannes-Paulus-II-\u2013-100-a\u030ar-FINAL-small-1447x2048.jpg 1447w, https:\/\/instytutpolski.pl\/stockholm\/wp-content\/uploads\/sites\/17\/2020\/08\/Helige-Johannes-Paulus-II-\u2013-100-a\u030ar-FINAL-small.jpg 1500w\" sizes=\"auto, (max-width: 724px) 100vw, 724px\" \/><\/figure>\n","protected":false},"excerpt":{"rendered":"<p>Totus Tuus Maria &#8211; jag \u00e4r helt din Maria, sade Johannes Paulus II i Fatima ett \u00e5r efter attentatet i Rom 1981. Valspr\u00e5ket Totus Tuus var en k\u00e4rleksf\u00f6rklaring till Guds moder Maria. Sin egen mor miste han som nio\u00e5rig pojke. Han v\u00e4xte upp med sin far och bror. Sonen, studenten, poeten och arbetaren Karol Wojtyla [&hellip;]<\/p>\n","protected":false},"author":29,"featured_media":3114,"comment_status":"closed","ping_status":"closed","sticky":false,"template":"","format":"standard","meta":{"inline_featured_image":false,"_monsterinsights_skip_tracking":false,"_monsterinsights_sitenote_active":false,"_monsterinsights_sitenote_note":"","_monsterinsights_sitenote_category":0,"footnotes":""},"categories":[12,111],"tags":[],"class_list":["post-3107","post","type-post","status-publish","format-standard","has-post-thumbnail","hentry","category-evenemang","category-historia-se"],"yoast_head":"<!-- This site is optimized with the Yoast SEO plugin v24.6 - https:\/\/yoast.com\/wordpress\/plugins\/seo\/ -->\n<title>Helige Johannes Paulus II \u2013 100 \u00e5r - Instytut Polski w Sztokholmie<\/title>\n<meta name=\"robots\" content=\"index, follow, max-snippet:-1, max-image-preview:large, max-video-preview:-1\" \/>\n<link rel=\"canonical\" href=\"https:\/\/instytutpolski.pl\/stockholm\/2020\/08\/21\/helige-johannes-paulus-ii-100-ar\/\" \/>\n<meta property=\"og:locale\" content=\"pl_PL\" \/>\n<meta property=\"og:type\" content=\"article\" \/>\n<meta property=\"og:title\" content=\"Helige Johannes Paulus II \u2013 100 \u00e5r - Instytut Polski w Sztokholmie\" \/>\n<meta property=\"og:description\" content=\"Totus Tuus Maria &#8211; jag \u00e4r helt din Maria, sade Johannes Paulus II i Fatima ett \u00e5r efter attentatet i Rom 1981. Valspr\u00e5ket Totus Tuus var en k\u00e4rleksf\u00f6rklaring till Guds moder Maria. Sin egen mor miste han som nio\u00e5rig pojke. Han v\u00e4xte upp med sin far och bror. Sonen, studenten, poeten och arbetaren Karol Wojtyla [&hellip;]\" \/>\n<meta property=\"og:url\" content=\"https:\/\/instytutpolski.pl\/stockholm\/2020\/08\/21\/helige-johannes-paulus-ii-100-ar\/\" \/>\n<meta property=\"og:site_name\" content=\"Instytut Polski w Sztokholmie\" \/>\n<meta property=\"article:published_time\" content=\"2020-08-21T14:15:10+00:00\" \/>\n<meta property=\"article:modified_time\" content=\"2020-08-27T10:51:45+00:00\" \/>\n<meta property=\"og:image\" content=\"https:\/\/instytutpolski.pl\/stockholm\/wp-content\/uploads\/sites\/17\/2020\/08\/50_druk_resize.jpg\" \/>\n\t<meta property=\"og:image:width\" content=\"800\" \/>\n\t<meta property=\"og:image:height\" content=\"560\" \/>\n\t<meta property=\"og:image:type\" content=\"image\/jpeg\" \/>\n<meta name=\"author\" content=\"strozniake\" \/>\n<meta name=\"twitter:card\" content=\"summary_large_image\" \/>\n<meta name=\"twitter:label1\" content=\"Napisane przez\" \/>\n\t<meta name=\"twitter:data1\" content=\"strozniake\" \/>\n\t<meta name=\"twitter:label2\" content=\"Szacowany czas czytania\" \/>\n\t<meta name=\"twitter:data2\" content=\"2 minuty\" \/>\n<script type=\"application\/ld+json\" class=\"yoast-schema-graph\">{\"@context\":\"https:\/\/schema.org\",\"@graph\":[{\"@type\":\"event\",\"@id\":\"https:\/\/instytutpolski.pl\/stockholm\/2020\/08\/21\/helige-johannes-paulus-ii-100-ar\/\",\"url\":\"https:\/\/instytutpolski.pl\/stockholm\/2020\/08\/21\/helige-johannes-paulus-ii-100-ar\/\",\"name\":\"Helige Johannes Paulus II \u2013 100 \u00e5r\",\"isPartOf\":{\"@id\":\"https:\/\/instytutpolski.pl\/stockholm\/#website\"},\"primaryImageOfPage\":{\"@id\":\"https:\/\/instytutpolski.pl\/stockholm\/2020\/08\/21\/helige-johannes-paulus-ii-100-ar\/#primaryimage\"},\"image\":[\"https:\/\/instytutpolski.pl\/stockholm\/wp-content\/uploads\/sites\/17\/2020\/08\/50_druk_resize.jpg\",\"https:\/\/instytutpolski.pl\/stockholm\/wp-content\/uploads\/sites\/17\/2020\/08\/50_druk_resize-300x210.jpg\",\"https:\/\/instytutpolski.pl\/stockholm\/wp-content\/uploads\/sites\/17\/2020\/08\/50_druk_resize.jpg\",\"https:\/\/instytutpolski.pl\/stockholm\/wp-content\/uploads\/sites\/17\/2020\/08\/50_druk_resize.jpg\"],\"thumbnailUrl\":\"https:\/\/instytutpolski.pl\/stockholm\/wp-content\/uploads\/sites\/17\/2020\/08\/50_druk_resize.jpg\",\"datePublished\":\"2020-08-21T14:15:10+02:00\",\"dateModified\":\"2020-08-27T10:51:45+02:00\",\"author\":{\"@id\":\"https:\/\/instytutpolski.pl\/stockholm\/#\/schema\/person\/062b5a5f61f32b17c98996975db8d556\"},\"breadcrumb\":{\"@id\":\"https:\/\/instytutpolski.pl\/stockholm\/2020\/08\/21\/helige-johannes-paulus-ii-100-ar\/#breadcrumb\"},\"inLanguage\":\"pl-PL\",\"potentialAction\":[{\"@type\":\"ReadAction\",\"target\":[\"https:\/\/instytutpolski.pl\/stockholm\/2020\/08\/21\/helige-johannes-paulus-ii-100-ar\/\"]}],\"@context\":\"https:\/\/schema.org\",\"startDate\":\"2020-09-02\",\"endDate\":\"2020-09-13\",\"eventStatus\":\"EventScheduled\",\"eventAttendanceMode\":\"OfflineEventAttendanceMode\",\"location\":{\"@type\":\"place\",\"name\":\"Kristi Lekamens F\u00f6rsamling, S:t Drottensgatan 12, Visby\",\"address\":\"Kristi Lekamens F\u00f6rsamling, S:t Drottensgatan 12, Visby\",\"geo\":{\"@type\":\"GeoCoordinates\",\"latitude\":\"0\",\"longitude\":\"0\"}},\"description\":\"Totus Tuus Maria - jag \u00e4r helt din Maria, sade Johannes Paulus II i Fatima ett \u00e5r efter attentatet i Rom 1981. Valspr\u00e5ket Totus Tuus var en k\u00e4rleksf\u00f6rklaring till Guds moder Maria. Sin egen mor miste han som nio\u00e5rig pojke. Han v\u00e4xte upp med sin far och bror. Sonen, studenten, poeten och arbetaren Karol Wojtyla som trots ett liv pr\u00e4glat av f\u00f6rluster, sorger och lidande blev p\u00e5ve, fredsm\u00e4klare och framf\u00f6rallt Guds tj\u00e4nare.\\nIh\u00e5gkommen som m\u00e4nniskan som alltid gav av sig sj\u00e4lv till andra. Han k\u00e4mpade f\u00f6r de m\u00e4nskliga r\u00e4ttigheterna, f\u00f6r de fattiga i tredje v\u00e4rlden och han arbetade ih\u00e4rdigt f\u00f6r demokratin i \u00d6steuropa. Han kommunicerade det kristna budskapet till miljoner m\u00e4nniskor i v\u00e4rldens alla kontinenter. Instiftandet av V\u00e4rldsungdomsdagarna \u00e4r ett arv som lever kvar efter honom.\\nSom f\u00f6rsta p\u00e5ve bes\u00f6kte Johannes Paulus II Norden 1989. I Sverige fick Stockholm, Uppsala och Vadstena p\u00e5vligt bes\u00f6k. Kristi Lekamens f\u00f6rsamling i Visby har sedan 2019 v\u00e4lsignats av en relik av den Helige Johannes Paulus II.  \\nHans tankar, ord och goda g\u00e4rningar lever kvar i m\u00e5nga m\u00e4nniskors hj\u00e4rtan och talar till oss \u00e4n idag. \\nStort tack till alla som m\u00f6jliggjorde utst\u00e4llningen!\\nKoncept och text: Anna GlowackiKorrekturl\u00e4sning: Tomas H\u00e5kansonBilder: Zdzis\u0142aw Sowi\u0144ski \\nProjektet genomf\u00f6rdes i n\u00e4ra samarbete med Kristi Lekamens F\u00f6rsamling i Visby och Svensk-Polska F\u00f6reningen p\u00e5 Gotland. \\nVill du bes\u00f6ka utst\u00e4llningen s\u00e5 ring oss p\u00e5 tel 070 523 23 69 och boka in en tid. Varje dag mellan 3-13 september erbjuder vi tv\u00e5 guidade visningar kl 13 och kl 17.\\nI samband med utst\u00e4llningen erbjuder vi \u00e4ven en serie minnesevenemang. Arrangemangen \u00e4r ett samarbete med  Polska Institutet, Svensk-Polska f\u00f6reningen p\u00e5 Gotland, och Kristi Lekamens f\u00f6rsamling. \\nTorsdag, 3 september\u00a0 kl. 19.00: Konsert med p\u00e5ven Johannes Paulus II:s dikter p\u00e5 svenska och p\u00e5 polska. Organist Niclas Gustafsson och violinist Emilio Estrada medverkar. Tinta Lenberg och Alexandra Fridebrand - recitat\u00f6rer. F\u00f6redrag av Docent Mariusz Boguszewski: Budskap om Helige Johannes Paulus II f\u00f6r den moderna v\u00e4rlden. Kristi Lekamens katolska kyrka, S:t Hansgatan 60, Visby. Kontakt: gotland@svensk-polska.se.\u00a0Fri entr\u00e9, men man m\u00e5ste best\u00e4lla plats i f\u00f6rv\u00e4g.\u00a0\\nL\u00f6rdag, 5 september kl. 17.00: L\u00e5ngfilm Karol - mannen som blev p\u00e5ve. Regi: Giacomo Battiato, 186 min, svensk text, 2005. V\u00e5rdklockans kyrkan, Adelsgatan 43, Visby. Fri entr\u00e9, anm\u00e4lan till gotland@svensk-polska.se.\\nS\u00f6ndag, 6 september kl. 11.00: H\u00f6gm\u00e4ssa (svensk-polsk) till \u00e4ra av Helige Johannes Paulus II,  Kristi Lekamens kyrka, S:t Drottensgatan 12, Visby.  p. Tomas S\u0142upkowski, ofm.  Endast 35 personer i markerade platser.\\nFoton: Zdzis\u0142aw Sowi\u0144ski\"},{\"@type\":\"ImageObject\",\"inLanguage\":\"pl-PL\",\"@id\":\"https:\/\/instytutpolski.pl\/stockholm\/2020\/08\/21\/helige-johannes-paulus-ii-100-ar\/#primaryimage\",\"url\":\"https:\/\/instytutpolski.pl\/stockholm\/wp-content\/uploads\/sites\/17\/2020\/08\/50_druk_resize.jpg\",\"contentUrl\":\"https:\/\/instytutpolski.pl\/stockholm\/wp-content\/uploads\/sites\/17\/2020\/08\/50_druk_resize.jpg\",\"width\":800,\"height\":560},{\"@type\":\"BreadcrumbList\",\"@id\":\"https:\/\/instytutpolski.pl\/stockholm\/2020\/08\/21\/helige-johannes-paulus-ii-100-ar\/#breadcrumb\",\"itemListElement\":[{\"@type\":\"ListItem\",\"position\":1,\"name\":\"Home\",\"item\":\"https:\/\/instytutpolski.pl\/stockholm\/\"},{\"@type\":\"ListItem\",\"position\":2,\"name\":\"Helige Johannes Paulus II \u2013 100 \u00e5r\"}]},{\"@type\":\"WebSite\",\"@id\":\"https:\/\/instytutpolski.pl\/stockholm\/#website\",\"url\":\"https:\/\/instytutpolski.pl\/stockholm\/\",\"name\":\"Instytut Polski w Sztokholmie\",\"description\":\"Instytuty Polskie\",\"potentialAction\":[{\"@type\":\"SearchAction\",\"target\":{\"@type\":\"EntryPoint\",\"urlTemplate\":\"https:\/\/instytutpolski.pl\/stockholm\/?s={search_term_string}\"},\"query-input\":{\"@type\":\"PropertyValueSpecification\",\"valueRequired\":true,\"valueName\":\"search_term_string\"}}],\"inLanguage\":\"pl-PL\"},{\"@type\":\"Person\",\"@id\":\"https:\/\/instytutpolski.pl\/stockholm\/#\/schema\/person\/062b5a5f61f32b17c98996975db8d556\",\"name\":\"strozniake\",\"image\":{\"@type\":\"ImageObject\",\"inLanguage\":\"pl-PL\",\"@id\":\"https:\/\/instytutpolski.pl\/stockholm\/#\/schema\/person\/image\/\",\"url\":\"https:\/\/secure.gravatar.com\/avatar\/25e0be9897787f9035155a882fde97cc?s=96&d=mm&r=g\",\"contentUrl\":\"https:\/\/secure.gravatar.com\/avatar\/25e0be9897787f9035155a882fde97cc?s=96&d=mm&r=g\",\"caption\":\"strozniake\"},\"sameAs\":[\"http:\/\/strozniake\"],\"url\":\"https:\/\/instytutpolski.pl\/stockholm\/author\/strozniake\/\"}]}<\/script>\n<!-- \/ Yoast SEO plugin. -->","yoast_head_json":{"title":"Helige Johannes Paulus II \u2013 100 \u00e5r - Instytut Polski w Sztokholmie","robots":{"index":"index","follow":"follow","max-snippet":"max-snippet:-1","max-image-preview":"max-image-preview:large","max-video-preview":"max-video-preview:-1"},"canonical":"https:\/\/instytutpolski.pl\/stockholm\/2020\/08\/21\/helige-johannes-paulus-ii-100-ar\/","og_locale":"pl_PL","og_type":"article","og_title":"Helige Johannes Paulus II \u2013 100 \u00e5r - Instytut Polski w Sztokholmie","og_description":"Totus Tuus Maria &#8211; jag \u00e4r helt din Maria, sade Johannes Paulus II i Fatima ett \u00e5r efter attentatet i Rom 1981. Valspr\u00e5ket Totus Tuus var en k\u00e4rleksf\u00f6rklaring till Guds moder Maria. Sin egen mor miste han som nio\u00e5rig pojke. Han v\u00e4xte upp med sin far och bror. Sonen, studenten, poeten och arbetaren Karol Wojtyla [&hellip;]","og_url":"https:\/\/instytutpolski.pl\/stockholm\/2020\/08\/21\/helige-johannes-paulus-ii-100-ar\/","og_site_name":"Instytut Polski w Sztokholmie","article_published_time":"2020-08-21T14:15:10+00:00","article_modified_time":"2020-08-27T10:51:45+00:00","og_image":[{"width":800,"height":560,"url":"https:\/\/instytutpolski.pl\/stockholm\/wp-content\/uploads\/sites\/17\/2020\/08\/50_druk_resize.jpg","type":"image\/jpeg"}],"author":"strozniake","twitter_card":"summary_large_image","twitter_misc":{"Napisane przez":"strozniake","Szacowany czas czytania":"2 minuty"},"schema":{"@context":"https:\/\/schema.org","@graph":[{"@type":"event","@id":"https:\/\/instytutpolski.pl\/stockholm\/2020\/08\/21\/helige-johannes-paulus-ii-100-ar\/","url":"https:\/\/instytutpolski.pl\/stockholm\/2020\/08\/21\/helige-johannes-paulus-ii-100-ar\/","name":"Helige Johannes Paulus II \u2013 100 \u00e5r","isPartOf":{"@id":"https:\/\/instytutpolski.pl\/stockholm\/#website"},"primaryImageOfPage":{"@id":"https:\/\/instytutpolski.pl\/stockholm\/2020\/08\/21\/helige-johannes-paulus-ii-100-ar\/#primaryimage"},"image":["https:\/\/instytutpolski.pl\/stockholm\/wp-content\/uploads\/sites\/17\/2020\/08\/50_druk_resize.jpg","https:\/\/instytutpolski.pl\/stockholm\/wp-content\/uploads\/sites\/17\/2020\/08\/50_druk_resize-300x210.jpg","https:\/\/instytutpolski.pl\/stockholm\/wp-content\/uploads\/sites\/17\/2020\/08\/50_druk_resize.jpg","https:\/\/instytutpolski.pl\/stockholm\/wp-content\/uploads\/sites\/17\/2020\/08\/50_druk_resize.jpg"],"thumbnailUrl":"https:\/\/instytutpolski.pl\/stockholm\/wp-content\/uploads\/sites\/17\/2020\/08\/50_druk_resize.jpg","datePublished":"2020-08-21T14:15:10+02:00","dateModified":"2020-08-27T10:51:45+02:00","author":{"@id":"https:\/\/instytutpolski.pl\/stockholm\/#\/schema\/person\/062b5a5f61f32b17c98996975db8d556"},"breadcrumb":{"@id":"https:\/\/instytutpolski.pl\/stockholm\/2020\/08\/21\/helige-johannes-paulus-ii-100-ar\/#breadcrumb"},"inLanguage":"pl-PL","potentialAction":[{"@type":"ReadAction","target":["https:\/\/instytutpolski.pl\/stockholm\/2020\/08\/21\/helige-johannes-paulus-ii-100-ar\/"]}],"@context":"https:\/\/schema.org","startDate":"2020-09-02","endDate":"2020-09-13","eventStatus":"EventScheduled","eventAttendanceMode":"OfflineEventAttendanceMode","location":{"@type":"place","name":"Kristi Lekamens F\u00f6rsamling, S:t Drottensgatan 12, Visby","address":"Kristi Lekamens F\u00f6rsamling, S:t Drottensgatan 12, Visby","geo":{"@type":"GeoCoordinates","latitude":"0","longitude":"0"}},"description":"Totus Tuus Maria - jag \u00e4r helt din Maria, sade Johannes Paulus II i Fatima ett \u00e5r efter attentatet i Rom 1981. Valspr\u00e5ket Totus Tuus var en k\u00e4rleksf\u00f6rklaring till Guds moder Maria. Sin egen mor miste han som nio\u00e5rig pojke. Han v\u00e4xte upp med sin far och bror. Sonen, studenten, poeten och arbetaren Karol Wojtyla som trots ett liv pr\u00e4glat av f\u00f6rluster, sorger och lidande blev p\u00e5ve, fredsm\u00e4klare och framf\u00f6rallt Guds tj\u00e4nare.\nIh\u00e5gkommen som m\u00e4nniskan som alltid gav av sig sj\u00e4lv till andra. Han k\u00e4mpade f\u00f6r de m\u00e4nskliga r\u00e4ttigheterna, f\u00f6r de fattiga i tredje v\u00e4rlden och han arbetade ih\u00e4rdigt f\u00f6r demokratin i \u00d6steuropa. Han kommunicerade det kristna budskapet till miljoner m\u00e4nniskor i v\u00e4rldens alla kontinenter. Instiftandet av V\u00e4rldsungdomsdagarna \u00e4r ett arv som lever kvar efter honom.\nSom f\u00f6rsta p\u00e5ve bes\u00f6kte Johannes Paulus II Norden 1989. I Sverige fick Stockholm, Uppsala och Vadstena p\u00e5vligt bes\u00f6k. Kristi Lekamens f\u00f6rsamling i Visby har sedan 2019 v\u00e4lsignats av en relik av den Helige Johannes Paulus II.  \nHans tankar, ord och goda g\u00e4rningar lever kvar i m\u00e5nga m\u00e4nniskors hj\u00e4rtan och talar till oss \u00e4n idag. \nStort tack till alla som m\u00f6jliggjorde utst\u00e4llningen!\nKoncept och text: Anna GlowackiKorrekturl\u00e4sning: Tomas H\u00e5kansonBilder: Zdzis\u0142aw Sowi\u0144ski \nProjektet genomf\u00f6rdes i n\u00e4ra samarbete med Kristi Lekamens F\u00f6rsamling i Visby och Svensk-Polska F\u00f6reningen p\u00e5 Gotland. \nVill du bes\u00f6ka utst\u00e4llningen s\u00e5 ring oss p\u00e5 tel 070 523 23 69 och boka in en tid. Varje dag mellan 3-13 september erbjuder vi tv\u00e5 guidade visningar kl 13 och kl 17.\nI samband med utst\u00e4llningen erbjuder vi \u00e4ven en serie minnesevenemang. Arrangemangen \u00e4r ett samarbete med  Polska Institutet, Svensk-Polska f\u00f6reningen p\u00e5 Gotland, och Kristi Lekamens f\u00f6rsamling. \nTorsdag, 3 september\u00a0 kl. 19.00: Konsert med p\u00e5ven Johannes Paulus II:s dikter p\u00e5 svenska och p\u00e5 polska. Organist Niclas Gustafsson och violinist Emilio Estrada medverkar. Tinta Lenberg och Alexandra Fridebrand - recitat\u00f6rer. F\u00f6redrag av Docent Mariusz Boguszewski: Budskap om Helige Johannes Paulus II f\u00f6r den moderna v\u00e4rlden. Kristi Lekamens katolska kyrka, S:t Hansgatan 60, Visby. Kontakt: gotland@svensk-polska.se.\u00a0Fri entr\u00e9, men man m\u00e5ste best\u00e4lla plats i f\u00f6rv\u00e4g.\u00a0\nL\u00f6rdag, 5 september kl. 17.00: L\u00e5ngfilm Karol - mannen som blev p\u00e5ve. Regi: Giacomo Battiato, 186 min, svensk text, 2005. V\u00e5rdklockans kyrkan, Adelsgatan 43, Visby. Fri entr\u00e9, anm\u00e4lan till gotland@svensk-polska.se.\nS\u00f6ndag, 6 september kl. 11.00: H\u00f6gm\u00e4ssa (svensk-polsk) till \u00e4ra av Helige Johannes Paulus II,  Kristi Lekamens kyrka, S:t Drottensgatan 12, Visby.  p. Tomas S\u0142upkowski, ofm.  Endast 35 personer i markerade platser.\nFoton: Zdzis\u0142aw Sowi\u0144ski"},{"@type":"ImageObject","inLanguage":"pl-PL","@id":"https:\/\/instytutpolski.pl\/stockholm\/2020\/08\/21\/helige-johannes-paulus-ii-100-ar\/#primaryimage","url":"https:\/\/instytutpolski.pl\/stockholm\/wp-content\/uploads\/sites\/17\/2020\/08\/50_druk_resize.jpg","contentUrl":"https:\/\/instytutpolski.pl\/stockholm\/wp-content\/uploads\/sites\/17\/2020\/08\/50_druk_resize.jpg","width":800,"height":560},{"@type":"BreadcrumbList","@id":"https:\/\/instytutpolski.pl\/stockholm\/2020\/08\/21\/helige-johannes-paulus-ii-100-ar\/#breadcrumb","itemListElement":[{"@type":"ListItem","position":1,"name":"Home","item":"https:\/\/instytutpolski.pl\/stockholm\/"},{"@type":"ListItem","position":2,"name":"Helige Johannes Paulus II \u2013 100 \u00e5r"}]},{"@type":"WebSite","@id":"https:\/\/instytutpolski.pl\/stockholm\/#website","url":"https:\/\/instytutpolski.pl\/stockholm\/","name":"Instytut Polski w Sztokholmie","description":"Instytuty Polskie","potentialAction":[{"@type":"SearchAction","target":{"@type":"EntryPoint","urlTemplate":"https:\/\/instytutpolski.pl\/stockholm\/?s={search_term_string}"},"query-input":{"@type":"PropertyValueSpecification","valueRequired":true,"valueName":"search_term_string"}}],"inLanguage":"pl-PL"},{"@type":"Person","@id":"https:\/\/instytutpolski.pl\/stockholm\/#\/schema\/person\/062b5a5f61f32b17c98996975db8d556","name":"strozniake","image":{"@type":"ImageObject","inLanguage":"pl-PL","@id":"https:\/\/instytutpolski.pl\/stockholm\/#\/schema\/person\/image\/","url":"https:\/\/secure.gravatar.com\/avatar\/25e0be9897787f9035155a882fde97cc?s=96&d=mm&r=g","contentUrl":"https:\/\/secure.gravatar.com\/avatar\/25e0be9897787f9035155a882fde97cc?s=96&d=mm&r=g","caption":"strozniake"},"sameAs":["http:\/\/strozniake"],"url":"https:\/\/instytutpolski.pl\/stockholm\/author\/strozniake\/"}]}},"_links":{"self":[{"href":"https:\/\/instytutpolski.pl\/stockholm\/wp-json\/wp\/v2\/posts\/3107","targetHints":{"allow":["GET"]}}],"collection":[{"href":"https:\/\/instytutpolski.pl\/stockholm\/wp-json\/wp\/v2\/posts"}],"about":[{"href":"https:\/\/instytutpolski.pl\/stockholm\/wp-json\/wp\/v2\/types\/post"}],"author":[{"embeddable":true,"href":"https:\/\/instytutpolski.pl\/stockholm\/wp-json\/wp\/v2\/users\/29"}],"replies":[{"embeddable":true,"href":"https:\/\/instytutpolski.pl\/stockholm\/wp-json\/wp\/v2\/comments?post=3107"}],"version-history":[{"count":19,"href":"https:\/\/instytutpolski.pl\/stockholm\/wp-json\/wp\/v2\/posts\/3107\/revisions"}],"predecessor-version":[{"id":3149,"href":"https:\/\/instytutpolski.pl\/stockholm\/wp-json\/wp\/v2\/posts\/3107\/revisions\/3149"}],"wp:featuredmedia":[{"embeddable":true,"href":"https:\/\/instytutpolski.pl\/stockholm\/wp-json\/wp\/v2\/media\/3114"}],"wp:attachment":[{"href":"https:\/\/instytutpolski.pl\/stockholm\/wp-json\/wp\/v2\/media?parent=3107"}],"wp:term":[{"taxonomy":"category","embeddable":true,"href":"https:\/\/instytutpolski.pl\/stockholm\/wp-json\/wp\/v2\/categories?post=3107"},{"taxonomy":"post_tag","embeddable":true,"href":"https:\/\/instytutpolski.pl\/stockholm\/wp-json\/wp\/v2\/tags?post=3107"}],"curies":[{"name":"wp","href":"https:\/\/api.w.org\/{rel}","templated":true}]}}