{"id":3163,"date":"2020-09-01T13:20:42","date_gmt":"2020-09-01T11:20:42","guid":{"rendered":"https:\/\/instytutpolski.pl\/stockholm\/?p=3163"},"modified":"2021-07-23T13:17:55","modified_gmt":"2021-07-23T11:17:55","slug":"solidaritets-affischer","status":"publish","type":"post","link":"https:\/\/instytutpolski.pl\/stockholm\/2020\/09\/01\/solidaritets-affischer\/","title":{"rendered":"Solidaritets affischer"},"content":{"rendered":"\n<p>Affischerna p\u00e5minner om viktiga h\u00e4ndelser ur Polens historia som den kommunistiska regimen lj\u00f6g eller h\u00f6ll tyst om. De utg\u00f6r ett kalendarium \u00f6ver polackernas str\u00e4van efter sanning, godhet, frihet samt demokrati, social r\u00e4ttvisa och j\u00e4mlikhet.<\/p>\n\n\n\n<p>Bland konstn\u00e4rerna bakom affischerna var bl a:&nbsp;Krzysztof Baran,&nbsp;Czes\u0142aw Bielecki,&nbsp;Jan Bokiewicz, Jacek \u0106wik\u0142a, Wies\u0142aw Go\u0142uch, Krystyna Janiszewska, Jerzy Janiszewski, Micha\u0142 J\u0119drczak,&nbsp;Roman Kalarus, Gerard Lewandowski,&nbsp;Piotr M\u0142odo\u017ceniec, Eugeniusz Skorwider,&nbsp;Eugeniusz Get Stankiewicz&nbsp;och&nbsp;Micha\u0142 Wi\u0119ckowski.&nbsp;<\/p>\n\n\n\n<figure class=\"wp-block-gallery columns-3 wp-block-gallery-1 is-layout-flex wp-block-gallery-is-layout-flex\"><ul class=\"blocks-gallery-grid\"><li class=\"blocks-gallery-item\"><figure><a href=\"https:\/\/instytutpolski.pl\/stockholm\/wp-content\/uploads\/sites\/17\/2020\/09\/1.jpg\"><img loading=\"lazy\" decoding=\"async\" width=\"887\" height=\"631\" src=\"https:\/\/instytutpolski.pl\/stockholm\/wp-content\/uploads\/sites\/17\/2020\/09\/1.jpg\" alt=\"\" data-id=\"3164\" data-full-url=\"https:\/\/instytutpolski.pl\/stockholm\/wp-content\/uploads\/sites\/17\/2020\/09\/1.jpg\" data-link=\"https:\/\/instytutpolski.pl\/stockholm\/?attachment_id=3164\" class=\"wp-image-3164\" srcset=\"https:\/\/instytutpolski.pl\/stockholm\/wp-content\/uploads\/sites\/17\/2020\/09\/1.jpg 887w, https:\/\/instytutpolski.pl\/stockholm\/wp-content\/uploads\/sites\/17\/2020\/09\/1-300x213.jpg 300w, https:\/\/instytutpolski.pl\/stockholm\/wp-content\/uploads\/sites\/17\/2020\/09\/1-768x546.jpg 768w\" sizes=\"auto, (max-width: 887px) 100vw, 887px\" \/><\/a><\/figure><\/li><li class=\"blocks-gallery-item\"><figure><a href=\"https:\/\/instytutpolski.pl\/stockholm\/wp-content\/uploads\/sites\/17\/2020\/09\/2.jpg\"><img loading=\"lazy\" decoding=\"async\" width=\"891\" height=\"515\" src=\"https:\/\/instytutpolski.pl\/stockholm\/wp-content\/uploads\/sites\/17\/2020\/09\/2.jpg\" alt=\"\" data-id=\"3165\" data-full-url=\"https:\/\/instytutpolski.pl\/stockholm\/wp-content\/uploads\/sites\/17\/2020\/09\/2.jpg\" data-link=\"https:\/\/instytutpolski.pl\/stockholm\/?attachment_id=3165\" class=\"wp-image-3165\" srcset=\"https:\/\/instytutpolski.pl\/stockholm\/wp-content\/uploads\/sites\/17\/2020\/09\/2.jpg 891w, https:\/\/instytutpolski.pl\/stockholm\/wp-content\/uploads\/sites\/17\/2020\/09\/2-300x173.jpg 300w, https:\/\/instytutpolski.pl\/stockholm\/wp-content\/uploads\/sites\/17\/2020\/09\/2-768x444.jpg 768w\" sizes=\"auto, (max-width: 891px) 100vw, 891px\" \/><\/a><\/figure><\/li><li class=\"blocks-gallery-item\"><figure><a href=\"https:\/\/instytutpolski.pl\/stockholm\/wp-content\/uploads\/sites\/17\/2020\/09\/3.jpg\"><img loading=\"lazy\" decoding=\"async\" width=\"435\" height=\"565\" src=\"https:\/\/instytutpolski.pl\/stockholm\/wp-content\/uploads\/sites\/17\/2020\/09\/3.jpg\" alt=\"\" data-id=\"3166\" data-full-url=\"https:\/\/instytutpolski.pl\/stockholm\/wp-content\/uploads\/sites\/17\/2020\/09\/3.jpg\" data-link=\"https:\/\/instytutpolski.pl\/stockholm\/?attachment_id=3166\" class=\"wp-image-3166\" srcset=\"https:\/\/instytutpolski.pl\/stockholm\/wp-content\/uploads\/sites\/17\/2020\/09\/3.jpg 435w, https:\/\/instytutpolski.pl\/stockholm\/wp-content\/uploads\/sites\/17\/2020\/09\/3-231x300.jpg 231w\" sizes=\"auto, (max-width: 435px) 100vw, 435px\" \/><\/a><\/figure><\/li><li class=\"blocks-gallery-item\"><figure><a href=\"https:\/\/instytutpolski.pl\/stockholm\/wp-content\/uploads\/sites\/17\/2020\/09\/5.jpg\"><img loading=\"lazy\" decoding=\"async\" width=\"439\" height=\"573\" src=\"https:\/\/instytutpolski.pl\/stockholm\/wp-content\/uploads\/sites\/17\/2020\/09\/5.jpg\" alt=\"\" data-id=\"3167\" data-full-url=\"https:\/\/instytutpolski.pl\/stockholm\/wp-content\/uploads\/sites\/17\/2020\/09\/5.jpg\" data-link=\"https:\/\/instytutpolski.pl\/stockholm\/?attachment_id=3167\" class=\"wp-image-3167\" srcset=\"https:\/\/instytutpolski.pl\/stockholm\/wp-content\/uploads\/sites\/17\/2020\/09\/5.jpg 439w, https:\/\/instytutpolski.pl\/stockholm\/wp-content\/uploads\/sites\/17\/2020\/09\/5-230x300.jpg 230w\" sizes=\"auto, (max-width: 439px) 100vw, 439px\" \/><\/a><\/figure><\/li><li class=\"blocks-gallery-item\"><figure><a href=\"https:\/\/instytutpolski.pl\/stockholm\/wp-content\/uploads\/sites\/17\/2020\/09\/6.jpg\"><img loading=\"lazy\" decoding=\"async\" width=\"443\" height=\"605\" src=\"https:\/\/instytutpolski.pl\/stockholm\/wp-content\/uploads\/sites\/17\/2020\/09\/6.jpg\" alt=\"\" data-id=\"3168\" data-full-url=\"https:\/\/instytutpolski.pl\/stockholm\/wp-content\/uploads\/sites\/17\/2020\/09\/6.jpg\" data-link=\"https:\/\/instytutpolski.pl\/stockholm\/?attachment_id=3168\" class=\"wp-image-3168\" srcset=\"https:\/\/instytutpolski.pl\/stockholm\/wp-content\/uploads\/sites\/17\/2020\/09\/6.jpg 443w, https:\/\/instytutpolski.pl\/stockholm\/wp-content\/uploads\/sites\/17\/2020\/09\/6-220x300.jpg 220w\" sizes=\"auto, (max-width: 443px) 100vw, 443px\" \/><\/a><\/figure><\/li><li class=\"blocks-gallery-item\"><figure><a href=\"https:\/\/instytutpolski.pl\/stockholm\/wp-content\/uploads\/sites\/17\/2020\/09\/8.jpg\"><img loading=\"lazy\" decoding=\"async\" width=\"397\" height=\"579\" src=\"https:\/\/instytutpolski.pl\/stockholm\/wp-content\/uploads\/sites\/17\/2020\/09\/8.jpg\" alt=\"\" data-id=\"3169\" data-full-url=\"https:\/\/instytutpolski.pl\/stockholm\/wp-content\/uploads\/sites\/17\/2020\/09\/8.jpg\" data-link=\"https:\/\/instytutpolski.pl\/stockholm\/?attachment_id=3169\" class=\"wp-image-3169\" srcset=\"https:\/\/instytutpolski.pl\/stockholm\/wp-content\/uploads\/sites\/17\/2020\/09\/8.jpg 397w, https:\/\/instytutpolski.pl\/stockholm\/wp-content\/uploads\/sites\/17\/2020\/09\/8-206x300.jpg 206w\" sizes=\"auto, (max-width: 397px) 100vw, 397px\" \/><\/a><\/figure><\/li><li class=\"blocks-gallery-item\"><figure><a href=\"https:\/\/instytutpolski.pl\/stockholm\/wp-content\/uploads\/sites\/17\/2020\/09\/10.jpg\"><img loading=\"lazy\" decoding=\"async\" width=\"405\" height=\"607\" src=\"https:\/\/instytutpolski.pl\/stockholm\/wp-content\/uploads\/sites\/17\/2020\/09\/10.jpg\" alt=\"\" data-id=\"3170\" data-full-url=\"https:\/\/instytutpolski.pl\/stockholm\/wp-content\/uploads\/sites\/17\/2020\/09\/10.jpg\" data-link=\"https:\/\/instytutpolski.pl\/stockholm\/?attachment_id=3170\" class=\"wp-image-3170\" srcset=\"https:\/\/instytutpolski.pl\/stockholm\/wp-content\/uploads\/sites\/17\/2020\/09\/10.jpg 405w, https:\/\/instytutpolski.pl\/stockholm\/wp-content\/uploads\/sites\/17\/2020\/09\/10-200x300.jpg 200w\" sizes=\"auto, (max-width: 405px) 100vw, 405px\" \/><\/a><\/figure><\/li><li class=\"blocks-gallery-item\"><figure><a href=\"https:\/\/instytutpolski.pl\/stockholm\/wp-content\/uploads\/sites\/17\/2020\/09\/11.jpg\"><img loading=\"lazy\" decoding=\"async\" width=\"403\" height=\"575\" src=\"https:\/\/instytutpolski.pl\/stockholm\/wp-content\/uploads\/sites\/17\/2020\/09\/11.jpg\" alt=\"\" data-id=\"3171\" data-full-url=\"https:\/\/instytutpolski.pl\/stockholm\/wp-content\/uploads\/sites\/17\/2020\/09\/11.jpg\" data-link=\"https:\/\/instytutpolski.pl\/stockholm\/?attachment_id=3171\" class=\"wp-image-3171\" srcset=\"https:\/\/instytutpolski.pl\/stockholm\/wp-content\/uploads\/sites\/17\/2020\/09\/11.jpg 403w, https:\/\/instytutpolski.pl\/stockholm\/wp-content\/uploads\/sites\/17\/2020\/09\/11-210x300.jpg 210w\" sizes=\"auto, (max-width: 403px) 100vw, 403px\" \/><\/a><\/figure><\/li><li class=\"blocks-gallery-item\"><figure><a href=\"https:\/\/instytutpolski.pl\/stockholm\/wp-content\/uploads\/sites\/17\/2020\/09\/12.jpg\"><img loading=\"lazy\" decoding=\"async\" width=\"420\" height=\"600\" src=\"https:\/\/instytutpolski.pl\/stockholm\/wp-content\/uploads\/sites\/17\/2020\/09\/12.jpg\" alt=\"\" data-id=\"3172\" data-full-url=\"https:\/\/instytutpolski.pl\/stockholm\/wp-content\/uploads\/sites\/17\/2020\/09\/12.jpg\" data-link=\"https:\/\/instytutpolski.pl\/stockholm\/?attachment_id=3172\" class=\"wp-image-3172\" srcset=\"https:\/\/instytutpolski.pl\/stockholm\/wp-content\/uploads\/sites\/17\/2020\/09\/12.jpg 420w, https:\/\/instytutpolski.pl\/stockholm\/wp-content\/uploads\/sites\/17\/2020\/09\/12-210x300.jpg 210w\" sizes=\"auto, (max-width: 420px) 100vw, 420px\" \/><\/a><\/figure><\/li><li class=\"blocks-gallery-item\"><figure><a href=\"https:\/\/instytutpolski.pl\/stockholm\/wp-content\/uploads\/sites\/17\/2020\/09\/13.jpg\"><img loading=\"lazy\" decoding=\"async\" width=\"420\" height=\"600\" src=\"https:\/\/instytutpolski.pl\/stockholm\/wp-content\/uploads\/sites\/17\/2020\/09\/13.jpg\" alt=\"\" data-id=\"3173\" data-full-url=\"https:\/\/instytutpolski.pl\/stockholm\/wp-content\/uploads\/sites\/17\/2020\/09\/13.jpg\" data-link=\"https:\/\/instytutpolski.pl\/stockholm\/?attachment_id=3173\" class=\"wp-image-3173\" srcset=\"https:\/\/instytutpolski.pl\/stockholm\/wp-content\/uploads\/sites\/17\/2020\/09\/13.jpg 420w, https:\/\/instytutpolski.pl\/stockholm\/wp-content\/uploads\/sites\/17\/2020\/09\/13-210x300.jpg 210w\" sizes=\"auto, (max-width: 420px) 100vw, 420px\" \/><\/a><\/figure><\/li><\/ul><\/figure>\n","protected":false},"excerpt":{"rendered":"<p>Affischerna p\u00e5minner om viktiga h\u00e4ndelser ur Polens historia som den kommunistiska regimen lj\u00f6g eller h\u00f6ll tyst om. De utg\u00f6r ett kalendarium \u00f6ver polackernas str\u00e4van efter sanning, godhet, frihet samt demokrati, social r\u00e4ttvisa och j\u00e4mlikhet. Bland konstn\u00e4rerna bakom affischerna var bl a:&nbsp;Krzysztof Baran,&nbsp;Czes\u0142aw Bielecki,&nbsp;Jan Bokiewicz, Jacek \u0106wik\u0142a, Wies\u0142aw Go\u0142uch, Krystyna Janiszewska, Jerzy Janiszewski, Micha\u0142 J\u0119drczak,&nbsp;Roman Kalarus, [&hellip;]<\/p>\n","protected":false},"author":29,"featured_media":3165,"comment_status":"closed","ping_status":"closed","sticky":false,"template":"","format":"standard","meta":{"inline_featured_image":false,"_monsterinsights_skip_tracking":false,"_monsterinsights_sitenote_active":false,"_monsterinsights_sitenote_note":"","_monsterinsights_sitenote_category":0,"footnotes":""},"categories":[222,188],"tags":[],"class_list":["post-3163","post","type-post","status-publish","format-standard","has-post-thumbnail","hentry","category-aktualnosc-se","category-sztuka-polska-se"],"yoast_head":"<!-- This site is optimized with the Yoast SEO plugin v24.6 - https:\/\/yoast.com\/wordpress\/plugins\/seo\/ -->\n<title>Solidaritets affischer - Instytut Polski w Sztokholmie<\/title>\n<meta name=\"robots\" content=\"index, follow, max-snippet:-1, max-image-preview:large, max-video-preview:-1\" \/>\n<link rel=\"canonical\" href=\"https:\/\/instytutpolski.pl\/stockholm\/2020\/09\/01\/solidaritets-affischer\/\" \/>\n<meta property=\"og:locale\" content=\"pl_PL\" \/>\n<meta property=\"og:type\" content=\"article\" \/>\n<meta property=\"og:title\" content=\"Solidaritets affischer - Instytut Polski w Sztokholmie\" \/>\n<meta property=\"og:description\" content=\"Affischerna p\u00e5minner om viktiga h\u00e4ndelser ur Polens historia som den kommunistiska regimen lj\u00f6g eller h\u00f6ll tyst om. De utg\u00f6r ett kalendarium \u00f6ver polackernas str\u00e4van efter sanning, godhet, frihet samt demokrati, social r\u00e4ttvisa och j\u00e4mlikhet. Bland konstn\u00e4rerna bakom affischerna var bl a:&nbsp;Krzysztof Baran,&nbsp;Czes\u0142aw Bielecki,&nbsp;Jan Bokiewicz, Jacek \u0106wik\u0142a, Wies\u0142aw Go\u0142uch, Krystyna Janiszewska, Jerzy Janiszewski, Micha\u0142 J\u0119drczak,&nbsp;Roman Kalarus, [&hellip;]\" \/>\n<meta property=\"og:url\" content=\"https:\/\/instytutpolski.pl\/stockholm\/2020\/09\/01\/solidaritets-affischer\/\" \/>\n<meta property=\"og:site_name\" content=\"Instytut Polski w Sztokholmie\" \/>\n<meta property=\"article:published_time\" content=\"2020-09-01T11:20:42+00:00\" \/>\n<meta property=\"article:modified_time\" content=\"2021-07-23T11:17:55+00:00\" \/>\n<meta property=\"og:image\" content=\"https:\/\/instytutpolski.pl\/stockholm\/wp-content\/uploads\/sites\/17\/2020\/09\/2.jpg\" \/>\n\t<meta property=\"og:image:width\" content=\"891\" \/>\n\t<meta property=\"og:image:height\" content=\"515\" \/>\n\t<meta property=\"og:image:type\" content=\"image\/jpeg\" \/>\n<meta name=\"author\" content=\"strozniake\" \/>\n<meta name=\"twitter:card\" content=\"summary_large_image\" \/>\n<meta name=\"twitter:label1\" content=\"Napisane przez\" \/>\n\t<meta name=\"twitter:data1\" content=\"strozniake\" \/>\n<script type=\"application\/ld+json\" class=\"yoast-schema-graph\">{\"@context\":\"https:\/\/schema.org\",\"@graph\":[{\"@type\":\"event\",\"@id\":\"https:\/\/instytutpolski.pl\/stockholm\/2020\/09\/01\/solidaritets-affischer\/\",\"url\":\"https:\/\/instytutpolski.pl\/stockholm\/2020\/09\/01\/solidaritets-affischer\/\",\"name\":\"Solidaritets affischer\",\"isPartOf\":{\"@id\":\"https:\/\/instytutpolski.pl\/stockholm\/#website\"},\"primaryImageOfPage\":{\"@id\":\"https:\/\/instytutpolski.pl\/stockholm\/2020\/09\/01\/solidaritets-affischer\/#primaryimage\"},\"image\":[\"https:\/\/instytutpolski.pl\/stockholm\/wp-content\/uploads\/sites\/17\/2020\/09\/2.jpg\",\"https:\/\/instytutpolski.pl\/stockholm\/wp-content\/uploads\/sites\/17\/2020\/09\/2-300x173.jpg\",\"https:\/\/instytutpolski.pl\/stockholm\/wp-content\/uploads\/sites\/17\/2020\/09\/2.jpg\",\"https:\/\/instytutpolski.pl\/stockholm\/wp-content\/uploads\/sites\/17\/2020\/09\/2.jpg\"],\"thumbnailUrl\":\"https:\/\/instytutpolski.pl\/stockholm\/wp-content\/uploads\/sites\/17\/2020\/09\/2.jpg\",\"datePublished\":\"2020-09-01T11:20:42+02:00\",\"dateModified\":\"2021-07-23T11:17:55+02:00\",\"author\":{\"@id\":\"https:\/\/instytutpolski.pl\/stockholm\/#\/schema\/person\/062b5a5f61f32b17c98996975db8d556\"},\"breadcrumb\":{\"@id\":\"https:\/\/instytutpolski.pl\/stockholm\/2020\/09\/01\/solidaritets-affischer\/#breadcrumb\"},\"inLanguage\":\"pl-PL\",\"potentialAction\":[{\"@type\":\"ReadAction\",\"target\":[\"https:\/\/instytutpolski.pl\/stockholm\/2020\/09\/01\/solidaritets-affischer\/\"]}],\"@context\":\"https:\/\/schema.org\",\"startDate\":\"2020-08-31\",\"endDate\":\"2020-08-31\",\"eventStatus\":\"EventScheduled\",\"eventAttendanceMode\":\"OfflineEventAttendanceMode\",\"location\":{\"@type\":\"place\",\"name\":\"\",\"address\":\"\",\"geo\":{\"@type\":\"GeoCoordinates\",\"latitude\":\"\",\"longitude\":\"\"}},\"description\":\"Affischerna p\u00e5minner om viktiga h\u00e4ndelser ur Polens historia som den kommunistiska regimen lj\u00f6g eller h\u00f6ll tyst om. De utg\u00f6r ett kalendarium \u00f6ver polackernas str\u00e4van efter sanning, godhet, frihet samt demokrati, social r\u00e4ttvisa och j\u00e4mlikhet.\\nBland konstn\u00e4rerna bakom affischerna var bl a: Krzysztof Baran, Czes\u0142aw Bielecki, Jan Bokiewicz, Jacek \u0106wik\u0142a, Wies\u0142aw Go\u0142uch, Krystyna Janiszewska, Jerzy Janiszewski, Micha\u0142 J\u0119drczak, Roman Kalarus, Gerard Lewandowski, Piotr M\u0142odo\u017ceniec, Eugeniusz Skorwider, Eugeniusz Get Stankiewicz och Micha\u0142 Wi\u0119ckowski. \"},{\"@type\":\"ImageObject\",\"inLanguage\":\"pl-PL\",\"@id\":\"https:\/\/instytutpolski.pl\/stockholm\/2020\/09\/01\/solidaritets-affischer\/#primaryimage\",\"url\":\"https:\/\/instytutpolski.pl\/stockholm\/wp-content\/uploads\/sites\/17\/2020\/09\/2.jpg\",\"contentUrl\":\"https:\/\/instytutpolski.pl\/stockholm\/wp-content\/uploads\/sites\/17\/2020\/09\/2.jpg\",\"width\":891,\"height\":515},{\"@type\":\"BreadcrumbList\",\"@id\":\"https:\/\/instytutpolski.pl\/stockholm\/2020\/09\/01\/solidaritets-affischer\/#breadcrumb\",\"itemListElement\":[{\"@type\":\"ListItem\",\"position\":1,\"name\":\"Home\",\"item\":\"https:\/\/instytutpolski.pl\/stockholm\/\"},{\"@type\":\"ListItem\",\"position\":2,\"name\":\"Solidaritets affischer\"}]},{\"@type\":\"WebSite\",\"@id\":\"https:\/\/instytutpolski.pl\/stockholm\/#website\",\"url\":\"https:\/\/instytutpolski.pl\/stockholm\/\",\"name\":\"Instytut Polski w Sztokholmie\",\"description\":\"Instytuty Polskie\",\"potentialAction\":[{\"@type\":\"SearchAction\",\"target\":{\"@type\":\"EntryPoint\",\"urlTemplate\":\"https:\/\/instytutpolski.pl\/stockholm\/?s={search_term_string}\"},\"query-input\":{\"@type\":\"PropertyValueSpecification\",\"valueRequired\":true,\"valueName\":\"search_term_string\"}}],\"inLanguage\":\"pl-PL\"},{\"@type\":\"Person\",\"@id\":\"https:\/\/instytutpolski.pl\/stockholm\/#\/schema\/person\/062b5a5f61f32b17c98996975db8d556\",\"name\":\"strozniake\",\"image\":{\"@type\":\"ImageObject\",\"inLanguage\":\"pl-PL\",\"@id\":\"https:\/\/instytutpolski.pl\/stockholm\/#\/schema\/person\/image\/\",\"url\":\"https:\/\/secure.gravatar.com\/avatar\/25e0be9897787f9035155a882fde97cc?s=96&d=mm&r=g\",\"contentUrl\":\"https:\/\/secure.gravatar.com\/avatar\/25e0be9897787f9035155a882fde97cc?s=96&d=mm&r=g\",\"caption\":\"strozniake\"},\"sameAs\":[\"http:\/\/strozniake\"],\"url\":\"https:\/\/instytutpolski.pl\/stockholm\/author\/strozniake\/\"}]}<\/script>\n<!-- \/ Yoast SEO plugin. -->","yoast_head_json":{"title":"Solidaritets affischer - Instytut Polski w Sztokholmie","robots":{"index":"index","follow":"follow","max-snippet":"max-snippet:-1","max-image-preview":"max-image-preview:large","max-video-preview":"max-video-preview:-1"},"canonical":"https:\/\/instytutpolski.pl\/stockholm\/2020\/09\/01\/solidaritets-affischer\/","og_locale":"pl_PL","og_type":"article","og_title":"Solidaritets affischer - Instytut Polski w Sztokholmie","og_description":"Affischerna p\u00e5minner om viktiga h\u00e4ndelser ur Polens historia som den kommunistiska regimen lj\u00f6g eller h\u00f6ll tyst om. De utg\u00f6r ett kalendarium \u00f6ver polackernas str\u00e4van efter sanning, godhet, frihet samt demokrati, social r\u00e4ttvisa och j\u00e4mlikhet. Bland konstn\u00e4rerna bakom affischerna var bl a:&nbsp;Krzysztof Baran,&nbsp;Czes\u0142aw Bielecki,&nbsp;Jan Bokiewicz, Jacek \u0106wik\u0142a, Wies\u0142aw Go\u0142uch, Krystyna Janiszewska, Jerzy Janiszewski, Micha\u0142 J\u0119drczak,&nbsp;Roman Kalarus, [&hellip;]","og_url":"https:\/\/instytutpolski.pl\/stockholm\/2020\/09\/01\/solidaritets-affischer\/","og_site_name":"Instytut Polski w Sztokholmie","article_published_time":"2020-09-01T11:20:42+00:00","article_modified_time":"2021-07-23T11:17:55+00:00","og_image":[{"width":891,"height":515,"url":"https:\/\/instytutpolski.pl\/stockholm\/wp-content\/uploads\/sites\/17\/2020\/09\/2.jpg","type":"image\/jpeg"}],"author":"strozniake","twitter_card":"summary_large_image","twitter_misc":{"Napisane przez":"strozniake"},"schema":{"@context":"https:\/\/schema.org","@graph":[{"@type":"event","@id":"https:\/\/instytutpolski.pl\/stockholm\/2020\/09\/01\/solidaritets-affischer\/","url":"https:\/\/instytutpolski.pl\/stockholm\/2020\/09\/01\/solidaritets-affischer\/","name":"Solidaritets affischer","isPartOf":{"@id":"https:\/\/instytutpolski.pl\/stockholm\/#website"},"primaryImageOfPage":{"@id":"https:\/\/instytutpolski.pl\/stockholm\/2020\/09\/01\/solidaritets-affischer\/#primaryimage"},"image":["https:\/\/instytutpolski.pl\/stockholm\/wp-content\/uploads\/sites\/17\/2020\/09\/2.jpg","https:\/\/instytutpolski.pl\/stockholm\/wp-content\/uploads\/sites\/17\/2020\/09\/2-300x173.jpg","https:\/\/instytutpolski.pl\/stockholm\/wp-content\/uploads\/sites\/17\/2020\/09\/2.jpg","https:\/\/instytutpolski.pl\/stockholm\/wp-content\/uploads\/sites\/17\/2020\/09\/2.jpg"],"thumbnailUrl":"https:\/\/instytutpolski.pl\/stockholm\/wp-content\/uploads\/sites\/17\/2020\/09\/2.jpg","datePublished":"2020-09-01T11:20:42+02:00","dateModified":"2021-07-23T11:17:55+02:00","author":{"@id":"https:\/\/instytutpolski.pl\/stockholm\/#\/schema\/person\/062b5a5f61f32b17c98996975db8d556"},"breadcrumb":{"@id":"https:\/\/instytutpolski.pl\/stockholm\/2020\/09\/01\/solidaritets-affischer\/#breadcrumb"},"inLanguage":"pl-PL","potentialAction":[{"@type":"ReadAction","target":["https:\/\/instytutpolski.pl\/stockholm\/2020\/09\/01\/solidaritets-affischer\/"]}],"@context":"https:\/\/schema.org","startDate":"2020-08-31","endDate":"2020-08-31","eventStatus":"EventScheduled","eventAttendanceMode":"OfflineEventAttendanceMode","location":{"@type":"place","name":"","address":"","geo":{"@type":"GeoCoordinates","latitude":"","longitude":""}},"description":"Affischerna p\u00e5minner om viktiga h\u00e4ndelser ur Polens historia som den kommunistiska regimen lj\u00f6g eller h\u00f6ll tyst om. De utg\u00f6r ett kalendarium \u00f6ver polackernas str\u00e4van efter sanning, godhet, frihet samt demokrati, social r\u00e4ttvisa och j\u00e4mlikhet.\nBland konstn\u00e4rerna bakom affischerna var bl a: Krzysztof Baran, Czes\u0142aw Bielecki, Jan Bokiewicz, Jacek \u0106wik\u0142a, Wies\u0142aw Go\u0142uch, Krystyna Janiszewska, Jerzy Janiszewski, Micha\u0142 J\u0119drczak, Roman Kalarus, Gerard Lewandowski, Piotr M\u0142odo\u017ceniec, Eugeniusz Skorwider, Eugeniusz Get Stankiewicz och Micha\u0142 Wi\u0119ckowski. "},{"@type":"ImageObject","inLanguage":"pl-PL","@id":"https:\/\/instytutpolski.pl\/stockholm\/2020\/09\/01\/solidaritets-affischer\/#primaryimage","url":"https:\/\/instytutpolski.pl\/stockholm\/wp-content\/uploads\/sites\/17\/2020\/09\/2.jpg","contentUrl":"https:\/\/instytutpolski.pl\/stockholm\/wp-content\/uploads\/sites\/17\/2020\/09\/2.jpg","width":891,"height":515},{"@type":"BreadcrumbList","@id":"https:\/\/instytutpolski.pl\/stockholm\/2020\/09\/01\/solidaritets-affischer\/#breadcrumb","itemListElement":[{"@type":"ListItem","position":1,"name":"Home","item":"https:\/\/instytutpolski.pl\/stockholm\/"},{"@type":"ListItem","position":2,"name":"Solidaritets affischer"}]},{"@type":"WebSite","@id":"https:\/\/instytutpolski.pl\/stockholm\/#website","url":"https:\/\/instytutpolski.pl\/stockholm\/","name":"Instytut Polski w Sztokholmie","description":"Instytuty Polskie","potentialAction":[{"@type":"SearchAction","target":{"@type":"EntryPoint","urlTemplate":"https:\/\/instytutpolski.pl\/stockholm\/?s={search_term_string}"},"query-input":{"@type":"PropertyValueSpecification","valueRequired":true,"valueName":"search_term_string"}}],"inLanguage":"pl-PL"},{"@type":"Person","@id":"https:\/\/instytutpolski.pl\/stockholm\/#\/schema\/person\/062b5a5f61f32b17c98996975db8d556","name":"strozniake","image":{"@type":"ImageObject","inLanguage":"pl-PL","@id":"https:\/\/instytutpolski.pl\/stockholm\/#\/schema\/person\/image\/","url":"https:\/\/secure.gravatar.com\/avatar\/25e0be9897787f9035155a882fde97cc?s=96&d=mm&r=g","contentUrl":"https:\/\/secure.gravatar.com\/avatar\/25e0be9897787f9035155a882fde97cc?s=96&d=mm&r=g","caption":"strozniake"},"sameAs":["http:\/\/strozniake"],"url":"https:\/\/instytutpolski.pl\/stockholm\/author\/strozniake\/"}]}},"_links":{"self":[{"href":"https:\/\/instytutpolski.pl\/stockholm\/wp-json\/wp\/v2\/posts\/3163","targetHints":{"allow":["GET"]}}],"collection":[{"href":"https:\/\/instytutpolski.pl\/stockholm\/wp-json\/wp\/v2\/posts"}],"about":[{"href":"https:\/\/instytutpolski.pl\/stockholm\/wp-json\/wp\/v2\/types\/post"}],"author":[{"embeddable":true,"href":"https:\/\/instytutpolski.pl\/stockholm\/wp-json\/wp\/v2\/users\/29"}],"replies":[{"embeddable":true,"href":"https:\/\/instytutpolski.pl\/stockholm\/wp-json\/wp\/v2\/comments?post=3163"}],"version-history":[{"count":6,"href":"https:\/\/instytutpolski.pl\/stockholm\/wp-json\/wp\/v2\/posts\/3163\/revisions"}],"predecessor-version":[{"id":6007,"href":"https:\/\/instytutpolski.pl\/stockholm\/wp-json\/wp\/v2\/posts\/3163\/revisions\/6007"}],"wp:featuredmedia":[{"embeddable":true,"href":"https:\/\/instytutpolski.pl\/stockholm\/wp-json\/wp\/v2\/media\/3165"}],"wp:attachment":[{"href":"https:\/\/instytutpolski.pl\/stockholm\/wp-json\/wp\/v2\/media?parent=3163"}],"wp:term":[{"taxonomy":"category","embeddable":true,"href":"https:\/\/instytutpolski.pl\/stockholm\/wp-json\/wp\/v2\/categories?post=3163"},{"taxonomy":"post_tag","embeddable":true,"href":"https:\/\/instytutpolski.pl\/stockholm\/wp-json\/wp\/v2\/tags?post=3163"}],"curies":[{"name":"wp","href":"https:\/\/api.w.org\/{rel}","templated":true}]}}