{"id":3397,"date":"2020-08-01T16:58:56","date_gmt":"2020-08-01T14:58:56","guid":{"rendered":"https:\/\/instytutpolski.pl\/stockholm\/?p=3397"},"modified":"2020-10-01T14:51:16","modified_gmt":"2020-10-01T12:51:16","slug":"warszawaupproret-i-svensk-press-och-i-historiska-bilder","status":"publish","type":"post","link":"https:\/\/instytutpolski.pl\/stockholm\/2020\/08\/01\/warszawaupproret-i-svensk-press-och-i-historiska-bilder\/","title":{"rendered":"Warszawaupproret i svensk press och i historiska bilder"},"content":{"rendered":"\n<p>N\u00e4stan 50 000 polska upprorsm\u00e4n och -kvinnor, inklusive barnscouter inledde sin ensamma och oj\u00e4mna kamp mot nazityskarna som n\u00e5gra dagar senare fick ordern: &#8222;Alla inv\u00e5nare skall d\u00f6das&#8221;, &#8222;inga f\u00e5ngar tas&#8221;, &#8222;vartenda hus spr\u00e4ngas och br\u00e4nnas ned&#8221;, &#8222;ingen av den polska rasen f\u00e5r \u00f6verleva&#8221;.<\/p>\n\n\n\n<p>Varken de allierade eller R\u00f6da Arm\u00e9n kom till unds\u00e4ttning, ca 16 000 offer kr\u00e4vdes bland Warszawaupprorets deltagare och 150 000 bland civilbefolkningen. Staden j\u00e4mnades i stort sett med marken.<\/p>\n\n\n\n<p>Warszawaupproret, den polska motst\u00e5ndsr\u00f6relsens 63 dagar l\u00e5nga hj\u00e4ltemodiga f\u00f6rs\u00f6k att befria huvudstaden fr\u00e5n de nazityska ockupanterna, br\u00f6t ut den 1 augusti 1944 klockan 17.00 (det kallas Timmen W \u2013 Godzina W). Vid den exakta tiden, \u00e5r efter \u00e5r, medan sirener tjuter stannar hela staden upp i en tyst minut f\u00f6r att hedra alla som slogs och stupade i upproret.<\/p>\n\n\n\n<p>Som en del av h\u00f6gtidligh\u00e5llandet av 76-\u00e5rsdagen av Warszawaupprorets utbrott presenterar Polska institutet Stockholm, i samarbete med Warszawaupprorets museum (Muzeum Powstania Warszawskiego), serien &#8222;Warszawaupproret i svensk press och i historiska bilder&#8221;.<\/p>\n\n\n\n<h4 class=\"wp-block-heading\"><br><strong>#Artikeln1<\/strong><\/h4>\n\n\n\n<p>&#8222;F\u00f6rbittrad kamp om Warszawas f\u00f6rstad Praga&#8221; heter artikeln i Dagens Nyheter fr\u00e5n den 4 augusti 1944, d\u00e4r det bl a st\u00e5r att:<\/p>\n\n\n\n<figure class=\"wp-block-pullquote is-style-default\"><blockquote><p><em>De h\u00e5rda striderna mellan den polska underjordiska arm\u00e9n och den tyska garnisonen i Warszawa forts\u00e4tter. (&#8230;) \u00d6verbef\u00e4lhavaren f\u00f6r de underjordiska polska styrkorna i Warszawa general Bor har avs\u00e4nt en br\u00e5dskande beg\u00e4ran om hj\u00e4lp.<\/em><\/p><\/blockquote><\/figure>\n\n\n\n<figure class=\"wp-block-image size-large\"><img loading=\"lazy\" decoding=\"async\" width=\"1024\" height=\"711\" src=\"https:\/\/instytutpolski.pl\/stockholm\/wp-content\/uploads\/sites\/17\/2020\/09\/116795847_2622145771384572_7825183614445008128_o-1024x711.jpg\" alt=\"\" class=\"wp-image-3400\" srcset=\"https:\/\/instytutpolski.pl\/stockholm\/wp-content\/uploads\/sites\/17\/2020\/09\/116795847_2622145771384572_7825183614445008128_o-1024x711.jpg 1024w, https:\/\/instytutpolski.pl\/stockholm\/wp-content\/uploads\/sites\/17\/2020\/09\/116795847_2622145771384572_7825183614445008128_o-300x208.jpg 300w, https:\/\/instytutpolski.pl\/stockholm\/wp-content\/uploads\/sites\/17\/2020\/09\/116795847_2622145771384572_7825183614445008128_o-768x533.jpg 768w, https:\/\/instytutpolski.pl\/stockholm\/wp-content\/uploads\/sites\/17\/2020\/09\/116795847_2622145771384572_7825183614445008128_o-1536x1066.jpg 1536w, https:\/\/instytutpolski.pl\/stockholm\/wp-content\/uploads\/sites\/17\/2020\/09\/116795847_2622145771384572_7825183614445008128_o.jpg 1945w\" sizes=\"auto, (max-width: 1024px) 100vw, 1024px\" \/><figcaption>(Fotot: ur Andrzej Nils Ugglas arkiv)<\/figcaption><\/figure>\n\n\n\n<p>Den f\u00f6rsta nyhetsartikeln om Warszawaupproret i den svenska pressen publicerades dock redan den 2 augusti, av den socialdemokratiska Morgon-Tidningen. <\/p>\n\n\n\n<figure class=\"wp-block-pullquote\"><blockquote><p><em>D\u00e4refter rapporterade svenska tidningar och radio n\u00e4stan dagligen om h\u00e4ndelseutvecklingen i det k\u00e4mpande Warszawa.<\/em><\/p><cite>(ur <a rel=\"noreferrer noopener\" href=\"https:\/\/arturszulc.se\/blogg\/2019\/08\/13\/ropet-fran-warszawa\/\" target=\"_blank\">Artur Szulc blogg<\/a>)<\/cite><\/blockquote><\/figure>\n\n\n\n<div class=\"wp-block-image\"><figure class=\"aligncenter size-large\"><img loading=\"lazy\" decoding=\"async\" width=\"705\" height=\"1024\" src=\"https:\/\/instytutpolski.pl\/stockholm\/wp-content\/uploads\/sites\/17\/2020\/09\/116877577_2622146164717866_6935872301474847646_o-705x1024.jpg\" alt=\"\" class=\"wp-image-3398\" srcset=\"https:\/\/instytutpolski.pl\/stockholm\/wp-content\/uploads\/sites\/17\/2020\/09\/116877577_2622146164717866_6935872301474847646_o-705x1024.jpg 705w, https:\/\/instytutpolski.pl\/stockholm\/wp-content\/uploads\/sites\/17\/2020\/09\/116877577_2622146164717866_6935872301474847646_o-207x300.jpg 207w, https:\/\/instytutpolski.pl\/stockholm\/wp-content\/uploads\/sites\/17\/2020\/09\/116877577_2622146164717866_6935872301474847646_o-768x1115.jpg 768w, https:\/\/instytutpolski.pl\/stockholm\/wp-content\/uploads\/sites\/17\/2020\/09\/116877577_2622146164717866_6935872301474847646_o-1058x1536.jpg 1058w, https:\/\/instytutpolski.pl\/stockholm\/wp-content\/uploads\/sites\/17\/2020\/09\/116877577_2622146164717866_6935872301474847646_o.jpg 1208w\" sizes=\"auto, (max-width: 705px) 100vw, 705px\" \/><figcaption>Warszawaupproret. Stadsdelen \u015ar\u00f3dmie\u015bcie P\u00f3\u0142nocne (Centrum Norra). Soldaten i Hemarm\u00e9n och kameramannen som filmade upproret Stanis\u0142aw Bala &#8222;Giza&#8221; st\u00e5r i porten till ett hus p\u00e5 Zielnagatan 30 och i smyg betraktar stridigheterna om PAST (Polens Telefonaktiebolags byggnad, ursprungligen den s k Cedergrenska bastion efter Henrik Tore Cedergrens Telefonkompani som uppf\u00f6rdes 1906\u20131908 och var fram till 1934 stadens h\u00f6gsta byggnad).<br>Datum: 20 augusti 1944<br>Fotot taget av: Eugeniusz Lokajski \u201eBrok\u201d<br>K\u00e4lla: Muzeum Powstania Warszawskiego (Warszawaupprorets museum)<br><\/figcaption><\/figure><\/div>\n\n\n\n<figure class=\"wp-block-image size-large\"><img loading=\"lazy\" decoding=\"async\" width=\"700\" height=\"1024\" src=\"https:\/\/instytutpolski.pl\/stockholm\/wp-content\/uploads\/sites\/17\/2020\/09\/117105860_2622146054717877_4486360304727119137_o-700x1024.jpg\" alt=\"\" class=\"wp-image-3399\" srcset=\"https:\/\/instytutpolski.pl\/stockholm\/wp-content\/uploads\/sites\/17\/2020\/09\/117105860_2622146054717877_4486360304727119137_o-700x1024.jpg 700w, https:\/\/instytutpolski.pl\/stockholm\/wp-content\/uploads\/sites\/17\/2020\/09\/117105860_2622146054717877_4486360304727119137_o-205x300.jpg 205w, https:\/\/instytutpolski.pl\/stockholm\/wp-content\/uploads\/sites\/17\/2020\/09\/117105860_2622146054717877_4486360304727119137_o-768x1123.jpg 768w, https:\/\/instytutpolski.pl\/stockholm\/wp-content\/uploads\/sites\/17\/2020\/09\/117105860_2622146054717877_4486360304727119137_o-1050x1536.jpg 1050w, https:\/\/instytutpolski.pl\/stockholm\/wp-content\/uploads\/sites\/17\/2020\/09\/117105860_2622146054717877_4486360304727119137_o.jpg 1199w\" sizes=\"auto, (max-width: 700px) 100vw, 700px\" \/><figcaption>Warszawaupproret. Stadsdelen \u015ar\u00f3dmie\u015bcie P\u00f3\u0142nocne (Centrum Norra). Samling av 3:e pluton inom Skyddskompaniet till WZW (Milit\u00e4ra Tryckeriet) vid Hemarm\u00e9ns huvudkvarters 4:e stabsf\u00f6rband p\u00e5 Lewenfiszhusets innerg\u00e5rd vid Napoleontorget 1. I bakgrunden ser man porten mot Boduens gata. Framf\u00f6r raden av soldater st\u00e5r l\u00f6jtnant Jan Nie\u0107 &#8222;Jan&#8221;.<br>Datum: slutet av augusti 1944<br>Fotot taget av: Eugeniusz Lokajski \u201eBrok\u201d<br>K\u00e4lla: Muzeum Powstania Warszawskiego (Warszawaupprorets museum)<\/figcaption><\/figure>\n\n\n\n<h4 class=\"wp-block-heading\"><br><strong>#Artikeln2<\/strong><\/h4>\n\n\n\n<p>Det andra artikeln om Warszawaupproret &#8222;Den polska tragedien&#8221; fr\u00e5n 21 augusti 1944 i Svenska Dagbladet &#8211; SvD, d\u00e4r det bl a st\u00e5r:<\/p>\n\n\n\n<figure class=\"wp-block-image size-large\"><img loading=\"lazy\" decoding=\"async\" width=\"1024\" height=\"979\" src=\"https:\/\/instytutpolski.pl\/stockholm\/wp-content\/uploads\/sites\/17\/2020\/09\/116899608_2623086844623798_5756695883230263737_o-1024x979.jpg\" alt=\"\" class=\"wp-image-3402\" srcset=\"https:\/\/instytutpolski.pl\/stockholm\/wp-content\/uploads\/sites\/17\/2020\/09\/116899608_2623086844623798_5756695883230263737_o-1024x979.jpg 1024w, https:\/\/instytutpolski.pl\/stockholm\/wp-content\/uploads\/sites\/17\/2020\/09\/116899608_2623086844623798_5756695883230263737_o-300x287.jpg 300w, https:\/\/instytutpolski.pl\/stockholm\/wp-content\/uploads\/sites\/17\/2020\/09\/116899608_2623086844623798_5756695883230263737_o-768x734.jpg 768w, https:\/\/instytutpolski.pl\/stockholm\/wp-content\/uploads\/sites\/17\/2020\/09\/116899608_2623086844623798_5756695883230263737_o-1536x1469.jpg 1536w, https:\/\/instytutpolski.pl\/stockholm\/wp-content\/uploads\/sites\/17\/2020\/09\/116899608_2623086844623798_5756695883230263737_o.jpg 1713w\" sizes=\"auto, (max-width: 1024px) 100vw, 1024px\" \/><figcaption>(Fotot: ur Andrzej Nils Ugglas arkiv)<\/figcaption><\/figure>\n\n\n\n<figure class=\"wp-block-pullquote\"><blockquote><p><em>Polen har genom dessa h\u00e4ndelser tillfogats ett nytt fruktansv\u00e4rt slag. M\u00e5nga av de polska patrioter, som s\u00e5 v\u00e4l beh\u00f6vdes f\u00f6r att efter kriget p\u00e5 det politiska och kulturella omr\u00e5det leda \u00e5teruppbyggnadsarbetet, ha f\u00e5tt offra sina liv i en hoppl\u00f6s kamp mot \u00f6vermakten och utan tillr\u00e4ckligt st\u00f6d fr\u00e5n de bundsf\u00f6rvanter, till vilka det polska folket st\u00e4llt sina f\u00f6rhoppningar.<\/em><\/p><\/blockquote><\/figure>\n\n\n\n<figure class=\"wp-block-image size-large\"><img loading=\"lazy\" decoding=\"async\" width=\"1024\" height=\"718\" src=\"https:\/\/instytutpolski.pl\/stockholm\/wp-content\/uploads\/sites\/17\/2020\/09\/116874179_2623087137957102_7697752204249876642_o-1024x718.jpg\" alt=\"\" class=\"wp-image-3401\" srcset=\"https:\/\/instytutpolski.pl\/stockholm\/wp-content\/uploads\/sites\/17\/2020\/09\/116874179_2623087137957102_7697752204249876642_o-1024x718.jpg 1024w, https:\/\/instytutpolski.pl\/stockholm\/wp-content\/uploads\/sites\/17\/2020\/09\/116874179_2623087137957102_7697752204249876642_o-300x210.jpg 300w, https:\/\/instytutpolski.pl\/stockholm\/wp-content\/uploads\/sites\/17\/2020\/09\/116874179_2623087137957102_7697752204249876642_o-768x539.jpg 768w, https:\/\/instytutpolski.pl\/stockholm\/wp-content\/uploads\/sites\/17\/2020\/09\/116874179_2623087137957102_7697752204249876642_o-1536x1077.jpg 1536w, https:\/\/instytutpolski.pl\/stockholm\/wp-content\/uploads\/sites\/17\/2020\/09\/116874179_2623087137957102_7697752204249876642_o.jpg 1754w\" sizes=\"auto, (max-width: 1024px) 100vw, 1024px\" \/><figcaption>Warszawaupproret. Stadsdelen \u015ar\u00f3dmie\u015bcie P\u00f3\u0142nocne (Centrum Norra). En grupp motst\u00e5ndsk\u00e4mpar fr\u00e5n Skyddskompaniet till Hemarm\u00e9ns huvudkvarter f\u00f6r Warszawaomr\u00e5det poserar f\u00f6r fotografen, p\u00e5 \u015awi\u0119tokrzyskagatan. Fotot taget v\u00e4sterut.<br>Datum: augusti &#8211; september 1944<br>Fotot taget av: Eugeniusz Lokajski \u201eBrok\u201d<br>K\u00e4lla: Muzeum Powstania Warszawskiego (Warszawaupprorets museum)<\/figcaption><\/figure>\n\n\n\n<h4 class=\"wp-block-heading\"><br><strong>#Artikeln3<\/strong><\/h4>\n\n\n\n<p>&#8222;Warszawas hj\u00e4ltekamp f\u00f6r frihet \u2013 v\u00e4rldshistoriens st\u00f6rsta tragedi. Stadens centrum \u2013 eldhav och ruiner&#8221; fr\u00e5n 20 augusti 1944 i Morgon-Tidningen, d\u00e4r det bl a st\u00e5r:<\/p>\n\n\n\n<figure class=\"wp-block-image size-large\"><img loading=\"lazy\" decoding=\"async\" width=\"777\" height=\"1024\" src=\"https:\/\/instytutpolski.pl\/stockholm\/wp-content\/uploads\/sites\/17\/2020\/09\/117162765_2623921457873670_8952130399872449758_o-777x1024.jpg\" alt=\"\" class=\"wp-image-3403\" srcset=\"https:\/\/instytutpolski.pl\/stockholm\/wp-content\/uploads\/sites\/17\/2020\/09\/117162765_2623921457873670_8952130399872449758_o-777x1024.jpg 777w, https:\/\/instytutpolski.pl\/stockholm\/wp-content\/uploads\/sites\/17\/2020\/09\/117162765_2623921457873670_8952130399872449758_o-228x300.jpg 228w, https:\/\/instytutpolski.pl\/stockholm\/wp-content\/uploads\/sites\/17\/2020\/09\/117162765_2623921457873670_8952130399872449758_o-768x1012.jpg 768w, https:\/\/instytutpolski.pl\/stockholm\/wp-content\/uploads\/sites\/17\/2020\/09\/117162765_2623921457873670_8952130399872449758_o-1166x1536.jpg 1166w, https:\/\/instytutpolski.pl\/stockholm\/wp-content\/uploads\/sites\/17\/2020\/09\/117162765_2623921457873670_8952130399872449758_o.jpg 1350w\" sizes=\"auto, (max-width: 777px) 100vw, 777px\" \/><figcaption>(Fotot: ur Andrzej Nils Ugglas arkiv)<\/figcaption><\/figure>\n\n\n\n<figure class=\"wp-block-pullquote\"><blockquote><p><em>Tremiljonerstaden Paris vid Seine i v\u00e4ster befinner sig i de milit\u00e4ra ryktenas och spekulationernas optimistiska str\u00e5lkastarljus. Milionstaden Warszawa vid Vistula i \u00f6ster \u00e4r efter aderton dagars tragisk befrielsekamp dold bakom sina j\u00e4ttebr\u00e4nders kompakta r\u00f6kmoln och den politiska dragkampens f\u00f6rvirrade eterkakofoni. Paris\u00b4 befrielse \u00e4r vad man v\u00e4ntar. Warszawa som en ruinh\u00f6g och ett monument \u00f6ver en tyst j\u00e4ttegrav f\u00f6r en miljon stupade m\u00e4n, kvinnor och barn, \u00e4r vad man fruktar.<\/em><\/p><\/blockquote><\/figure>\n\n\n\n<figure class=\"wp-block-image size-large\"><img loading=\"lazy\" decoding=\"async\" width=\"1024\" height=\"644\" src=\"https:\/\/instytutpolski.pl\/stockholm\/wp-content\/uploads\/sites\/17\/2020\/09\/117103991_2623922191206930_655051253702007730_o-1024x644.jpg\" alt=\"\" class=\"wp-image-3405\" srcset=\"https:\/\/instytutpolski.pl\/stockholm\/wp-content\/uploads\/sites\/17\/2020\/09\/117103991_2623922191206930_655051253702007730_o-1024x644.jpg 1024w, https:\/\/instytutpolski.pl\/stockholm\/wp-content\/uploads\/sites\/17\/2020\/09\/117103991_2623922191206930_655051253702007730_o-300x189.jpg 300w, https:\/\/instytutpolski.pl\/stockholm\/wp-content\/uploads\/sites\/17\/2020\/09\/117103991_2623922191206930_655051253702007730_o-768x483.jpg 768w, https:\/\/instytutpolski.pl\/stockholm\/wp-content\/uploads\/sites\/17\/2020\/09\/117103991_2623922191206930_655051253702007730_o-1536x966.jpg 1536w, https:\/\/instytutpolski.pl\/stockholm\/wp-content\/uploads\/sites\/17\/2020\/09\/117103991_2623922191206930_655051253702007730_o.jpg 1754w\" sizes=\"auto, (max-width: 1024px) 100vw, 1024px\" \/><figcaption>Warszawa efter kriget &#8211; Gamla stan, Slottstorget. Statyn \u00f6ver Sigismund III Vasa liggandes p\u00e5 marken efter dess kolonn blivit f\u00f6rst\u00f6rd.<br>Datum: februari 1945<br>Fotot taget \u00f6sterut, av: Ryszard Witkowski \u201eRomuald Orli\u0144ski\u201d<br>K\u00e4lla: Muzeum Powstania Warszawskiego (Warszawaupprorets museum)<\/figcaption><\/figure>\n\n\n\n<figure class=\"wp-block-image size-large\"><img loading=\"lazy\" decoding=\"async\" width=\"686\" height=\"1024\" src=\"https:\/\/instytutpolski.pl\/stockholm\/wp-content\/uploads\/sites\/17\/2020\/09\/116897163_2623922497873566_1977506233446415788_o-686x1024.jpg\" alt=\"\" class=\"wp-image-3404\" srcset=\"https:\/\/instytutpolski.pl\/stockholm\/wp-content\/uploads\/sites\/17\/2020\/09\/116897163_2623922497873566_1977506233446415788_o-686x1024.jpg 686w, https:\/\/instytutpolski.pl\/stockholm\/wp-content\/uploads\/sites\/17\/2020\/09\/116897163_2623922497873566_1977506233446415788_o-201x300.jpg 201w, https:\/\/instytutpolski.pl\/stockholm\/wp-content\/uploads\/sites\/17\/2020\/09\/116897163_2623922497873566_1977506233446415788_o-768x1146.jpg 768w, https:\/\/instytutpolski.pl\/stockholm\/wp-content\/uploads\/sites\/17\/2020\/09\/116897163_2623922497873566_1977506233446415788_o-1029x1536.jpg 1029w, https:\/\/instytutpolski.pl\/stockholm\/wp-content\/uploads\/sites\/17\/2020\/09\/116897163_2623922497873566_1977506233446415788_o.jpg 1175w\" sizes=\"auto, (max-width: 686px) 100vw, 686px\" \/><figcaption>Warszawaupproret. Gamla stan, Fretagatan 10, d\u00f6dsoffer efter en bombning, utanf\u00f6r Dominikanklostret.<br>Datum: Augusti 1944<br>Foto taget av: Jerzy Chojnacki \u201eChojna\u201d<br>K\u00e4lla: Muzeum Powstania Warszawskiego (Warszawaupprorets museum)<\/figcaption><\/figure>\n\n\n\n<h4 class=\"wp-block-heading\"><br><strong>#Artikeln4<\/strong><\/h4>\n\n\n\n<p>&#8222;Polsk arm\u00e9 p\u00e5 200.000 man skall befria Warszawa&#8221; fr\u00e5n 31 augusti 1944 i GHT:<\/p>\n\n\n\n<figure class=\"wp-block-image size-large\"><img loading=\"lazy\" decoding=\"async\" width=\"1024\" height=\"474\" src=\"https:\/\/instytutpolski.pl\/stockholm\/wp-content\/uploads\/sites\/17\/2020\/09\/117139451_2624755474456935_2055556310304707283_o-1024x474.jpg\" alt=\"\" class=\"wp-image-3406\" srcset=\"https:\/\/instytutpolski.pl\/stockholm\/wp-content\/uploads\/sites\/17\/2020\/09\/117139451_2624755474456935_2055556310304707283_o-1024x474.jpg 1024w, https:\/\/instytutpolski.pl\/stockholm\/wp-content\/uploads\/sites\/17\/2020\/09\/117139451_2624755474456935_2055556310304707283_o-300x139.jpg 300w, https:\/\/instytutpolski.pl\/stockholm\/wp-content\/uploads\/sites\/17\/2020\/09\/117139451_2624755474456935_2055556310304707283_o-768x356.jpg 768w, https:\/\/instytutpolski.pl\/stockholm\/wp-content\/uploads\/sites\/17\/2020\/09\/117139451_2624755474456935_2055556310304707283_o-1536x712.jpg 1536w, https:\/\/instytutpolski.pl\/stockholm\/wp-content\/uploads\/sites\/17\/2020\/09\/117139451_2624755474456935_2055556310304707283_o.jpg 1932w\" sizes=\"auto, (max-width: 1024px) 100vw, 1024px\" \/><figcaption>(Fotot: ur Andrzej Nils Ugglas arkiv)<\/figcaption><\/figure>\n\n\n\n<figure class=\"wp-block-image size-large\"><img loading=\"lazy\" decoding=\"async\" width=\"724\" height=\"1024\" src=\"https:\/\/instytutpolski.pl\/stockholm\/wp-content\/uploads\/sites\/17\/2020\/09\/117167855_2624755744456908_2019778800178619979_o-724x1024.jpg\" alt=\"\" class=\"wp-image-3407\" srcset=\"https:\/\/instytutpolski.pl\/stockholm\/wp-content\/uploads\/sites\/17\/2020\/09\/117167855_2624755744456908_2019778800178619979_o-724x1024.jpg 724w, https:\/\/instytutpolski.pl\/stockholm\/wp-content\/uploads\/sites\/17\/2020\/09\/117167855_2624755744456908_2019778800178619979_o-212x300.jpg 212w, https:\/\/instytutpolski.pl\/stockholm\/wp-content\/uploads\/sites\/17\/2020\/09\/117167855_2624755744456908_2019778800178619979_o-768x1087.jpg 768w, https:\/\/instytutpolski.pl\/stockholm\/wp-content\/uploads\/sites\/17\/2020\/09\/117167855_2624755744456908_2019778800178619979_o-1085x1536.jpg 1085w, https:\/\/instytutpolski.pl\/stockholm\/wp-content\/uploads\/sites\/17\/2020\/09\/117167855_2624755744456908_2019778800178619979_o.jpg 1447w\" sizes=\"auto, (max-width: 724px) 100vw, 724px\" \/><figcaption>Warszawaupproret, stadsdelen \u015ar\u00f3dmie\u015bcie P\u00f3\u0142nocne (Centrum Norra). En sjuksk\u00f6terska och en skadad pojke p\u00e5 &#8222;Koszta&#8221;-kompaniets f\u00e4ltsjukhus i huset p\u00e5 Moniuszkogatan 11. Bakom sjuksk\u00f6terskan st\u00e5r l\u00e4karen Zbigniew Zamoyski.<br>Datum: 8 augusti 1944<br>Fotot taget av Eugeniusz Lokajski \u201eBrok\u201d<br>K\u00e4lla: Muzeum Powstania Warszawskiego (Warszawaupprorets museum)<\/figcaption><\/figure>\n\n\n\n<h4 class=\"wp-block-heading\"><br><strong>#Artikeln5<\/strong><\/h4>\n\n\n\n<p>&#8222;Ocks\u00e5 en f\u00f6rhoppning&#8221; fr\u00e5n 5 september 1944 i Svenska Morgonbladet, d\u00e4r det bl a st\u00e5r:<\/p>\n\n\n\n<figure class=\"wp-block-image size-large\"><img loading=\"lazy\" decoding=\"async\" width=\"766\" height=\"1024\" src=\"https:\/\/instytutpolski.pl\/stockholm\/wp-content\/uploads\/sites\/17\/2020\/09\/117327110_2625564474376035_4654553455310237482_o-766x1024.jpg\" alt=\"\" class=\"wp-image-3408\" srcset=\"https:\/\/instytutpolski.pl\/stockholm\/wp-content\/uploads\/sites\/17\/2020\/09\/117327110_2625564474376035_4654553455310237482_o-766x1024.jpg 766w, https:\/\/instytutpolski.pl\/stockholm\/wp-content\/uploads\/sites\/17\/2020\/09\/117327110_2625564474376035_4654553455310237482_o-225x300.jpg 225w, https:\/\/instytutpolski.pl\/stockholm\/wp-content\/uploads\/sites\/17\/2020\/09\/117327110_2625564474376035_4654553455310237482_o-768x1026.jpg 768w, https:\/\/instytutpolski.pl\/stockholm\/wp-content\/uploads\/sites\/17\/2020\/09\/117327110_2625564474376035_4654553455310237482_o-1149x1536.jpg 1149w, https:\/\/instytutpolski.pl\/stockholm\/wp-content\/uploads\/sites\/17\/2020\/09\/117327110_2625564474376035_4654553455310237482_o.jpg 1350w\" sizes=\"auto, (max-width: 766px) 100vw, 766px\" \/><figcaption>(Fotot: ur Andrzej Nils Ugglas arkiv)<\/figcaption><\/figure>\n\n\n\n<figure class=\"wp-block-pullquote\"><blockquote><p><em>Det polska folket har kanske lidit mest av alla under detta krig. Det fick mottaga f\u00f6rsta st\u00f6ten av det tyska anfallet och fick k\u00e4mpa ensamt tills det efter kort tid av fruktansv\u00e4rda fasor dukade under f\u00f6r \u00f6vermakten. Och sedan har det under fem l\u00e5nga \u00e5r burit ockupationens tunga b\u00f6rdor och barbariska massakrer &#8211; ty knappast i n\u00e5got annat land har den tyska sadismen g\u00e5tt s\u00e5 h\u00e4nsynsl\u00f6st fram som h\u00e4r. Inte blott judar utan \u00e4ven polacker har marterats och d\u00f6dats massvis p\u00e5 ett s\u00e4tt som trotsar all beskrivning. (&#8230;) Men polackerna har icke blott lidit under tyskarna, de har ocks\u00e5 haft och har besv\u00e4r med sina &#8222;allierade&#8221; ryssarna. Dessa f\u00f6ljde som bekant tyskarnas exempel h\u00f6sten 1939 och h\u00f6gg f\u00f6r sig en god del av det lamslagna Polen (&#8230;)<\/em>.<\/p><\/blockquote><\/figure>\n\n\n\n<figure class=\"wp-block-image size-large\"><img loading=\"lazy\" decoding=\"async\" width=\"743\" height=\"1024\" src=\"https:\/\/instytutpolski.pl\/stockholm\/wp-content\/uploads\/sites\/17\/2020\/09\/117127325_2625566251042524_8408320307828219757_o-743x1024.jpg\" alt=\"\" class=\"wp-image-3409\" srcset=\"https:\/\/instytutpolski.pl\/stockholm\/wp-content\/uploads\/sites\/17\/2020\/09\/117127325_2625566251042524_8408320307828219757_o-743x1024.jpg 743w, https:\/\/instytutpolski.pl\/stockholm\/wp-content\/uploads\/sites\/17\/2020\/09\/117127325_2625566251042524_8408320307828219757_o-218x300.jpg 218w, https:\/\/instytutpolski.pl\/stockholm\/wp-content\/uploads\/sites\/17\/2020\/09\/117127325_2625566251042524_8408320307828219757_o-768x1059.jpg 768w, https:\/\/instytutpolski.pl\/stockholm\/wp-content\/uploads\/sites\/17\/2020\/09\/117127325_2625566251042524_8408320307828219757_o-1114x1536.jpg 1114w, https:\/\/instytutpolski.pl\/stockholm\/wp-content\/uploads\/sites\/17\/2020\/09\/117127325_2625566251042524_8408320307828219757_o.jpg 1272w\" sizes=\"auto, (max-width: 743px) 100vw, 743px\" \/><figcaption>Det ockuperade Warszawa, ruiner vid Grochowskagatan 258, ett hus som blivit f\u00f6rst\u00f6rt under september 1939.<br>Fotografen ok\u00e4nd, fotot taget 1939-1940<br>K\u00e4lla: Muzeum Powstania Warszawskiego (Warszawaupprorets museum)<\/figcaption><\/figure>\n\n\n\n<h4 class=\"wp-block-heading\"><br><strong>#Artikeln6<\/strong><\/h4>\n\n\n\n<p>&#8222;Anfall fr\u00e5n underjorden. Polska partisaner strida i Warszawa&#8221; av John Waltersson i Nya Dagligt Allehanda, 11 augusti 1944, d\u00e4r det bl a st\u00e5r:<\/p>\n\n\n\n<figure class=\"wp-block-image size-large\"><img loading=\"lazy\" decoding=\"async\" width=\"824\" height=\"1024\" src=\"https:\/\/instytutpolski.pl\/stockholm\/wp-content\/uploads\/sites\/17\/2020\/09\/117220735_2626157600983389_8513861719796513267_o-824x1024.jpg\" alt=\"\" class=\"wp-image-3410\" srcset=\"https:\/\/instytutpolski.pl\/stockholm\/wp-content\/uploads\/sites\/17\/2020\/09\/117220735_2626157600983389_8513861719796513267_o-824x1024.jpg 824w, https:\/\/instytutpolski.pl\/stockholm\/wp-content\/uploads\/sites\/17\/2020\/09\/117220735_2626157600983389_8513861719796513267_o-241x300.jpg 241w, https:\/\/instytutpolski.pl\/stockholm\/wp-content\/uploads\/sites\/17\/2020\/09\/117220735_2626157600983389_8513861719796513267_o-768x955.jpg 768w, https:\/\/instytutpolski.pl\/stockholm\/wp-content\/uploads\/sites\/17\/2020\/09\/117220735_2626157600983389_8513861719796513267_o-1235x1536.jpg 1235w, https:\/\/instytutpolski.pl\/stockholm\/wp-content\/uploads\/sites\/17\/2020\/09\/117220735_2626157600983389_8513861719796513267_o.jpg 1595w\" sizes=\"auto, (max-width: 824px) 100vw, 824px\" \/><figcaption>(Fotot: ur Andrzej Nils Ugglas arkiv)<\/figcaption><\/figure>\n\n\n\n<figure class=\"wp-block-pullquote\"><blockquote><p><em>Den 6 augusti n\u00e5r f\u00f6ljande telegram London: &#8222;Den viktigaste genomfartsleden i nord-sydlig riktning, Marszalkowskagatan, \u00e4r i v\u00e5r hand. (&#8230;) Vi h\u00e5ller s\u00e4kert Vilnastationen och en annan station, b\u00e5da i en f\u00f6rstad p\u00e5 Weichsels \u00f6stra strand.&#8221; (&#8230;) Den polska flaggan vajar fr\u00e5n de er\u00f6vrade byggnaderna. (&#8230;) Striden g\u00e5r vidare. \u00c4nnu \u00e4r den stora uppg\u00f6relsen oavgjord och m\u00e5nga offer v\u00e4ntar s\u00e4kert general Bor och hans medk\u00e4mpar. Den bittra kampen p\u00e5 Warszawas gator har dock mer \u00e4n n\u00e5got annat visat att den polska motst\u00e5ndsr\u00f6relsen ej blott var n\u00e5gon propaganda utan en faktor att r\u00e4kna med &#8211; nu och i framtiden.<\/em><\/p><\/blockquote><\/figure>\n\n\n\n<figure class=\"wp-block-image size-large\"><img loading=\"lazy\" decoding=\"async\" width=\"1024\" height=\"661\" src=\"https:\/\/instytutpolski.pl\/stockholm\/wp-content\/uploads\/sites\/17\/2020\/09\/117333306_2626158000983349_2858700215583757039_o-1024x661.jpg\" alt=\"\" class=\"wp-image-3411\" srcset=\"https:\/\/instytutpolski.pl\/stockholm\/wp-content\/uploads\/sites\/17\/2020\/09\/117333306_2626158000983349_2858700215583757039_o-1024x661.jpg 1024w, https:\/\/instytutpolski.pl\/stockholm\/wp-content\/uploads\/sites\/17\/2020\/09\/117333306_2626158000983349_2858700215583757039_o-300x194.jpg 300w, https:\/\/instytutpolski.pl\/stockholm\/wp-content\/uploads\/sites\/17\/2020\/09\/117333306_2626158000983349_2858700215583757039_o-768x496.jpg 768w, https:\/\/instytutpolski.pl\/stockholm\/wp-content\/uploads\/sites\/17\/2020\/09\/117333306_2626158000983349_2858700215583757039_o-1536x992.jpg 1536w, https:\/\/instytutpolski.pl\/stockholm\/wp-content\/uploads\/sites\/17\/2020\/09\/117333306_2626158000983349_2858700215583757039_o.jpg 1754w\" sizes=\"auto, (max-width: 1024px) 100vw, 1024px\" \/><figcaption>Warszawaupproret. Stadsdelen \u015ar\u00f3dmie\u015bcie P\u00f3\u0142nocne (Centrum Norra), Kr\u00f3lewskagatan. Soldater i kompaniet \u201eAnna\u201d inom bataljon \u201eGustaw\u201d bland ruiner vid Kr\u00f3lewskagatan: f\u00e4ltsjuksk\u00f6terskan Henryka Wieczorek \u201eHeniuta\u201d, l\u00f6jtnant Wies\u0142aw Chrzanowski \u201eWies\u0142aw\u201d och korpral Kazimierz D\u0105b \u201eKazik\u201d. Delvis synliga ansikten av: fr\u00e5n v\u00e4nster: korpral Tadeusz Przyby\u0142owski \u201eRoma\u201d och underl\u00f6jtnant Henryka O\u017carka \u201eHenia\u201d.<br>Datum: 1-2 oktober 1944<br>Fotot taget av: Wies\u0142aw Chrzanowski \u201eWies\u0142aw\u201d<br>K\u00e4lla: Muzeum Powstania Warszawskiego (Warszawaupprorets museum)<\/figcaption><\/figure>\n\n\n\n<h4 class=\"wp-block-heading\"><br><strong>#Artikeln7<\/strong><\/h4>\n\n\n\n<p>&#8222;En polsk tragedi&#8221; i tidningen Arbetet, 23 augusti 1944:<\/p>\n\n\n\n<figure class=\"wp-block-image size-large\"><img loading=\"lazy\" decoding=\"async\" width=\"740\" height=\"1024\" src=\"https:\/\/instytutpolski.pl\/stockholm\/wp-content\/uploads\/sites\/17\/2020\/09\/117153250_2627150187550797_2724939053881180126_o-740x1024.jpg\" alt=\"\" class=\"wp-image-3412\" srcset=\"https:\/\/instytutpolski.pl\/stockholm\/wp-content\/uploads\/sites\/17\/2020\/09\/117153250_2627150187550797_2724939053881180126_o-740x1024.jpg 740w, https:\/\/instytutpolski.pl\/stockholm\/wp-content\/uploads\/sites\/17\/2020\/09\/117153250_2627150187550797_2724939053881180126_o-217x300.jpg 217w, https:\/\/instytutpolski.pl\/stockholm\/wp-content\/uploads\/sites\/17\/2020\/09\/117153250_2627150187550797_2724939053881180126_o-768x1063.jpg 768w, https:\/\/instytutpolski.pl\/stockholm\/wp-content\/uploads\/sites\/17\/2020\/09\/117153250_2627150187550797_2724939053881180126_o-1110x1536.jpg 1110w, https:\/\/instytutpolski.pl\/stockholm\/wp-content\/uploads\/sites\/17\/2020\/09\/117153250_2627150187550797_2724939053881180126_o.jpg 1350w\" sizes=\"auto, (max-width: 740px) 100vw, 740px\" \/><figcaption>(Fotot: ur Andrzej Nils Ugglas arkiv)<\/figcaption><\/figure>\n\n\n\n<figure class=\"wp-block-image size-large\"><img loading=\"lazy\" decoding=\"async\" width=\"1024\" height=\"674\" src=\"https:\/\/instytutpolski.pl\/stockholm\/wp-content\/uploads\/sites\/17\/2020\/09\/117395266_2627150744217408_7364381293486452777_o-1024x674.jpg\" alt=\"\" class=\"wp-image-3413\" srcset=\"https:\/\/instytutpolski.pl\/stockholm\/wp-content\/uploads\/sites\/17\/2020\/09\/117395266_2627150744217408_7364381293486452777_o-1024x674.jpg 1024w, https:\/\/instytutpolski.pl\/stockholm\/wp-content\/uploads\/sites\/17\/2020\/09\/117395266_2627150744217408_7364381293486452777_o-300x198.jpg 300w, https:\/\/instytutpolski.pl\/stockholm\/wp-content\/uploads\/sites\/17\/2020\/09\/117395266_2627150744217408_7364381293486452777_o-768x506.jpg 768w, https:\/\/instytutpolski.pl\/stockholm\/wp-content\/uploads\/sites\/17\/2020\/09\/117395266_2627150744217408_7364381293486452777_o-1536x1011.jpg 1536w, https:\/\/instytutpolski.pl\/stockholm\/wp-content\/uploads\/sites\/17\/2020\/09\/117395266_2627150744217408_7364381293486452777_o.jpg 1754w\" sizes=\"auto, (max-width: 1024px) 100vw, 1024px\" \/><figcaption>Warszawaupproret. Stadsdelen \u015ar\u00f3dmie\u015bcie P\u00f3\u0142nocne (Centrum Norra), Kr\u00f3lewskagatan. Motst\u00e5ndsk\u00e4mpar p\u00e5 en barrikad vid Zielnagatan tittar p\u00e5 PAST &#8211; Polens Telefonibolagets brinnande byggnader, Zielnagatan 37-39.<br>Datum: 20 augusti 1944<br>Fotot taget norrut, av Eugeniusz Lokajski \u201eBrok\u201d<br>K\u00e4lla: Muzeum Powstania Warszawskiego (Warszawaupprorets museum)<br>(Polens Telefonaktiebolags byggnad, ursprungligen den s k Cedergrenska bastion efter Henrik Tore Cedergrens Telefonkompani som uppf\u00f6rdes 1906\u20131908 och var fram till 1934 stadens h\u00f6gsta byggnad).<\/figcaption><\/figure>\n\n\n\n<figure class=\"wp-block-image size-large\"><img loading=\"lazy\" decoding=\"async\" width=\"624\" height=\"1024\" src=\"https:\/\/instytutpolski.pl\/stockholm\/wp-content\/uploads\/sites\/17\/2020\/09\/117595767_2627150567550759_5087392676268635353_o-624x1024.jpg\" alt=\"\" class=\"wp-image-3414\" srcset=\"https:\/\/instytutpolski.pl\/stockholm\/wp-content\/uploads\/sites\/17\/2020\/09\/117595767_2627150567550759_5087392676268635353_o-624x1024.jpg 624w, https:\/\/instytutpolski.pl\/stockholm\/wp-content\/uploads\/sites\/17\/2020\/09\/117595767_2627150567550759_5087392676268635353_o-183x300.jpg 183w, https:\/\/instytutpolski.pl\/stockholm\/wp-content\/uploads\/sites\/17\/2020\/09\/117595767_2627150567550759_5087392676268635353_o-768x1260.jpg 768w, https:\/\/instytutpolski.pl\/stockholm\/wp-content\/uploads\/sites\/17\/2020\/09\/117595767_2627150567550759_5087392676268635353_o-936x1536.jpg 936w, https:\/\/instytutpolski.pl\/stockholm\/wp-content\/uploads\/sites\/17\/2020\/09\/117595767_2627150567550759_5087392676268635353_o.jpg 1069w\" sizes=\"auto, (max-width: 624px) 100vw, 624px\" \/><figcaption>Warszawaupproret. Stadsdelen \u015ar\u00f3dmie\u015bcie P\u00f3\u0142nocne (Centrum Norra), en grupp scouter hj\u00e4lper till med att sl\u00e4cka en brand av ett hus p\u00e5 Zgodagatan 15. Andra personen fr\u00e5n v\u00e4nster \u00e4r Wojciech Ci\u0105\u017cy\u0144ski &#8222;Malec&#8221;, med brandmanshj\u00e4lm p\u00e5: kuriren Zbigniew \u015al\u0119zakowski &#8222;K\u0119dziorek&#8221;<br>Datum: slutet av augusti 1944<br>Fotot taget av Eugeniusz Lokajski \u201eBrok\u201d<br>K\u00e4lla: Muzeum Powstania Warszawskiego (Warszawaupprorets museum)<\/figcaption><\/figure>\n\n\n\n<p><br>P\u00e5 svenska kan man l\u00e4sa mer om Warszawaupproret bl a i: Norman Davies bok &#8222;Slaget om Warszawa. Upproret 1944&#8221;, Miron Bia\u0142oszewskis &#8222;Dagbok fr\u00e5n upproret i Warszawa&#8221; i samt Niclas Sennertegs &#8222;Warszawas b\u00f6del&#8221; men \u00e4ven i Timothys Snyders &#8222;Den blodiga jorden&#8221; och Herman Lindqvists &#8222;Sverige &#8211; Polen. 1000 \u00e5r av krig och k\u00e4rlek&#8221;.<\/p>\n\n\n\n<p>P\u00e5 engelska rekommenderar vi ett mycket informativt och av Spartacus Olsson (World War Two in Real Time &#8211; War Against Humanity) skickligt ber\u00e4ttat minif\u00f6redrag om Warszawaupproret i ett avsnitt av Sabaton History Channel d\u00e4r \u00e4ven Indy Neidell (The Great War och Time Ghost) och Joakim Brod\u00e9n fr\u00e5n Sabaton medverkar:<\/p>\n\n\n\n<figure class=\"wp-block-embed-youtube wp-block-embed is-type-video is-provider-youtube wp-embed-aspect-16-9 wp-has-aspect-ratio\"><div class=\"wp-block-embed__wrapper\">\nhttps:\/\/www.youtube.com\/watch?v=VB_E-gjnZ7A\n<\/div><\/figure>\n","protected":false},"excerpt":{"rendered":"<p>N\u00e4stan 50 000 polska upprorsm\u00e4n och -kvinnor, inklusive barnscouter inledde sin ensamma och oj\u00e4mna kamp mot nazityskarna som n\u00e5gra dagar senare fick ordern: &#8222;Alla inv\u00e5nare skall d\u00f6das&#8221;, &#8222;inga f\u00e5ngar tas&#8221;, &#8222;vartenda hus spr\u00e4ngas och br\u00e4nnas ned&#8221;, &#8222;ingen av den polska rasen f\u00e5r \u00f6verleva&#8221;. Varken de allierade eller R\u00f6da Arm\u00e9n kom till unds\u00e4ttning, ca 16 000 [&hellip;]<\/p>\n","protected":false},"author":29,"featured_media":3401,"comment_status":"closed","ping_status":"closed","sticky":false,"template":"","format":"standard","meta":{"inline_featured_image":false,"_monsterinsights_skip_tracking":false,"_monsterinsights_sitenote_active":false,"_monsterinsights_sitenote_note":"","_monsterinsights_sitenote_category":0,"footnotes":""},"categories":[222],"tags":[],"class_list":["post-3397","post","type-post","status-publish","format-standard","has-post-thumbnail","hentry","category-aktualnosc-se"],"yoast_head":"<!-- This site is optimized with the Yoast SEO plugin v24.6 - https:\/\/yoast.com\/wordpress\/plugins\/seo\/ -->\n<title>Warszawaupproret i svensk press och i historiska bilder - Instytut Polski w Sztokholmie<\/title>\n<meta name=\"robots\" content=\"index, follow, max-snippet:-1, max-image-preview:large, max-video-preview:-1\" \/>\n<link rel=\"canonical\" href=\"https:\/\/instytutpolski.pl\/stockholm\/2020\/08\/01\/warszawaupproret-i-svensk-press-och-i-historiska-bilder\/\" \/>\n<meta property=\"og:locale\" content=\"pl_PL\" \/>\n<meta property=\"og:type\" content=\"article\" \/>\n<meta property=\"og:title\" content=\"Warszawaupproret i svensk press och i historiska bilder - Instytut Polski w Sztokholmie\" \/>\n<meta property=\"og:description\" content=\"N\u00e4stan 50 000 polska upprorsm\u00e4n och -kvinnor, inklusive barnscouter inledde sin ensamma och oj\u00e4mna kamp mot nazityskarna som n\u00e5gra dagar senare fick ordern: &#8222;Alla inv\u00e5nare skall d\u00f6das&#8221;, &#8222;inga f\u00e5ngar tas&#8221;, &#8222;vartenda hus spr\u00e4ngas och br\u00e4nnas ned&#8221;, &#8222;ingen av den polska rasen f\u00e5r \u00f6verleva&#8221;. Varken de allierade eller R\u00f6da Arm\u00e9n kom till unds\u00e4ttning, ca 16 000 [&hellip;]\" \/>\n<meta property=\"og:url\" content=\"https:\/\/instytutpolski.pl\/stockholm\/2020\/08\/01\/warszawaupproret-i-svensk-press-och-i-historiska-bilder\/\" \/>\n<meta property=\"og:site_name\" content=\"Instytut Polski w Sztokholmie\" \/>\n<meta property=\"article:published_time\" content=\"2020-08-01T14:58:56+00:00\" \/>\n<meta property=\"article:modified_time\" content=\"2020-10-01T12:51:16+00:00\" \/>\n<meta property=\"og:image\" content=\"https:\/\/instytutpolski.pl\/stockholm\/wp-content\/uploads\/sites\/17\/2020\/09\/116874179_2623087137957102_7697752204249876642_o.jpg\" \/>\n\t<meta property=\"og:image:width\" content=\"1754\" \/>\n\t<meta property=\"og:image:height\" content=\"1230\" \/>\n\t<meta property=\"og:image:type\" content=\"image\/jpeg\" \/>\n<meta name=\"author\" content=\"strozniake\" \/>\n<meta name=\"twitter:card\" content=\"summary_large_image\" \/>\n<meta name=\"twitter:label1\" content=\"Napisane przez\" \/>\n\t<meta name=\"twitter:data1\" content=\"strozniake\" \/>\n\t<meta name=\"twitter:label2\" content=\"Szacowany czas czytania\" \/>\n\t<meta name=\"twitter:data2\" content=\"8 minut\" \/>\n<script type=\"application\/ld+json\" class=\"yoast-schema-graph\">{\"@context\":\"https:\/\/schema.org\",\"@graph\":[{\"@type\":\"event\",\"@id\":\"https:\/\/instytutpolski.pl\/stockholm\/2020\/08\/01\/warszawaupproret-i-svensk-press-och-i-historiska-bilder\/\",\"url\":\"https:\/\/instytutpolski.pl\/stockholm\/2020\/08\/01\/warszawaupproret-i-svensk-press-och-i-historiska-bilder\/\",\"name\":\"Warszawaupproret i svensk press och i historiska bilder\",\"isPartOf\":{\"@id\":\"https:\/\/instytutpolski.pl\/stockholm\/#website\"},\"primaryImageOfPage\":{\"@id\":\"https:\/\/instytutpolski.pl\/stockholm\/2020\/08\/01\/warszawaupproret-i-svensk-press-och-i-historiska-bilder\/#primaryimage\"},\"image\":[\"https:\/\/instytutpolski.pl\/stockholm\/wp-content\/uploads\/sites\/17\/2020\/09\/116874179_2623087137957102_7697752204249876642_o.jpg\",\"https:\/\/instytutpolski.pl\/stockholm\/wp-content\/uploads\/sites\/17\/2020\/09\/116874179_2623087137957102_7697752204249876642_o-300x210.jpg\",\"https:\/\/instytutpolski.pl\/stockholm\/wp-content\/uploads\/sites\/17\/2020\/09\/116874179_2623087137957102_7697752204249876642_o-1024x718.jpg\",\"https:\/\/instytutpolski.pl\/stockholm\/wp-content\/uploads\/sites\/17\/2020\/09\/116874179_2623087137957102_7697752204249876642_o.jpg\"],\"thumbnailUrl\":\"https:\/\/instytutpolski.pl\/stockholm\/wp-content\/uploads\/sites\/17\/2020\/09\/116874179_2623087137957102_7697752204249876642_o.jpg\",\"datePublished\":\"2020-08-01T14:58:56+02:00\",\"dateModified\":\"2020-10-01T12:51:16+02:00\",\"author\":{\"@id\":\"https:\/\/instytutpolski.pl\/stockholm\/#\/schema\/person\/062b5a5f61f32b17c98996975db8d556\"},\"breadcrumb\":{\"@id\":\"https:\/\/instytutpolski.pl\/stockholm\/2020\/08\/01\/warszawaupproret-i-svensk-press-och-i-historiska-bilder\/#breadcrumb\"},\"inLanguage\":\"pl-PL\",\"potentialAction\":[{\"@type\":\"ReadAction\",\"target\":[\"https:\/\/instytutpolski.pl\/stockholm\/2020\/08\/01\/warszawaupproret-i-svensk-press-och-i-historiska-bilder\/\"]}],\"@context\":\"https:\/\/schema.org\",\"startDate\":\"2020-08-01\",\"endDate\":\"2020-08-01\",\"eventStatus\":\"EventScheduled\",\"eventAttendanceMode\":\"OfflineEventAttendanceMode\",\"location\":{\"@type\":\"place\",\"name\":\"\",\"address\":\"\",\"geo\":{\"@type\":\"GeoCoordinates\",\"latitude\":\"\",\"longitude\":\"\"}},\"description\":\"N\u00e4stan 50 000 polska upprorsm\u00e4n och -kvinnor, inklusive barnscouter inledde sin ensamma och oj\u00e4mna kamp mot nazityskarna som n\u00e5gra dagar senare fick ordern: \\\"Alla inv\u00e5nare skall d\u00f6das\\\", \\\"inga f\u00e5ngar tas\\\", \\\"vartenda hus spr\u00e4ngas och br\u00e4nnas ned\\\", \\\"ingen av den polska rasen f\u00e5r \u00f6verleva\\\".\\nVarken de allierade eller R\u00f6da Arm\u00e9n kom till unds\u00e4ttning, ca 16 000 offer kr\u00e4vdes bland Warszawaupprorets deltagare och 150 000 bland civilbefolkningen. Staden j\u00e4mnades i stort sett med marken.\\nWarszawaupproret, den polska motst\u00e5ndsr\u00f6relsens 63 dagar l\u00e5nga hj\u00e4ltemodiga f\u00f6rs\u00f6k att befria huvudstaden fr\u00e5n de nazityska ockupanterna, br\u00f6t ut den 1 augusti 1944 klockan 17.00 (det kallas Timmen W \u2013 Godzina W). Vid den exakta tiden, \u00e5r efter \u00e5r, medan sirener tjuter stannar hela staden upp i en tyst minut f\u00f6r att hedra alla som slogs och stupade i upproret.\\nSom en del av h\u00f6gtidligh\u00e5llandet av 76-\u00e5rsdagen av Warszawaupprorets utbrott presenterar Polska institutet Stockholm, i samarbete med Warszawaupprorets museum (Muzeum Powstania Warszawskiego), serien \\\"Warszawaupproret i svensk press och i historiska bilder\\\".\\n#Artikeln1\\n\\\"F\u00f6rbittrad kamp om Warszawas f\u00f6rstad Praga\\\" heter artikeln i Dagens Nyheter fr\u00e5n den 4 augusti 1944, d\u00e4r det bl a st\u00e5r att:\\nDe h\u00e5rda striderna mellan den polska underjordiska arm\u00e9n och den tyska garnisonen i Warszawa forts\u00e4tter. (...) \u00d6verbef\u00e4lhavaren f\u00f6r de underjordiska polska styrkorna i Warszawa general Bor har avs\u00e4nt en br\u00e5dskande beg\u00e4ran om hj\u00e4lp.\\nDen f\u00f6rsta nyhetsartikeln om Warszawaupproret i den svenska pressen publicerades dock redan den 2 augusti, av den socialdemokratiska Morgon-Tidningen. \\nD\u00e4refter rapporterade svenska tidningar och radio n\u00e4stan dagligen om h\u00e4ndelseutvecklingen i det k\u00e4mpande Warszawa.(ur Artur Szulc blogg)\\n#Artikeln2\\nDet andra artikeln om Warszawaupproret \\\"Den polska tragedien\\\" fr\u00e5n 21 augusti 1944 i Svenska Dagbladet - SvD, d\u00e4r det bl a st\u00e5r:\\nPolen har genom dessa h\u00e4ndelser tillfogats ett nytt fruktansv\u00e4rt slag. M\u00e5nga av de polska patrioter, som s\u00e5 v\u00e4l beh\u00f6vdes f\u00f6r att efter kriget p\u00e5 det politiska och kulturella omr\u00e5det leda \u00e5teruppbyggnadsarbetet, ha f\u00e5tt offra sina liv i en hoppl\u00f6s kamp mot \u00f6vermakten och utan tillr\u00e4ckligt st\u00f6d fr\u00e5n de bundsf\u00f6rvanter, till vilka det polska folket st\u00e4llt sina f\u00f6rhoppningar.\\n#Artikeln3\\n\\\"Warszawas hj\u00e4ltekamp f\u00f6r frihet \u2013 v\u00e4rldshistoriens st\u00f6rsta tragedi. Stadens centrum \u2013 eldhav och ruiner\\\" fr\u00e5n 20 augusti 1944 i Morgon-Tidningen, d\u00e4r det bl a st\u00e5r:\\nTremiljonerstaden Paris vid Seine i v\u00e4ster befinner sig i de milit\u00e4ra ryktenas och spekulationernas optimistiska str\u00e5lkastarljus. Milionstaden Warszawa vid Vistula i \u00f6ster \u00e4r efter aderton dagars tragisk befrielsekamp dold bakom sina j\u00e4ttebr\u00e4nders kompakta r\u00f6kmoln och den politiska dragkampens f\u00f6rvirrade eterkakofoni. Paris\u00b4 befrielse \u00e4r vad man v\u00e4ntar. Warszawa som en ruinh\u00f6g och ett monument \u00f6ver en tyst j\u00e4ttegrav f\u00f6r en miljon stupade m\u00e4n, kvinnor och barn, \u00e4r vad man fruktar.\\n#Artikeln4\\n\\\"Polsk arm\u00e9 p\u00e5 200.000 man skall befria Warszawa\\\" fr\u00e5n 31 augusti 1944 i GHT:\\n#Artikeln5\\n\\\"Ocks\u00e5 en f\u00f6rhoppning\\\" fr\u00e5n 5 september 1944 i Svenska Morgonbladet, d\u00e4r det bl a st\u00e5r:\\nDet polska folket har kanske lidit mest av alla under detta krig. Det fick mottaga f\u00f6rsta st\u00f6ten av det tyska anfallet och fick k\u00e4mpa ensamt tills det efter kort tid av fruktansv\u00e4rda fasor dukade under f\u00f6r \u00f6vermakten. Och sedan har det under fem l\u00e5nga \u00e5r burit ockupationens tunga b\u00f6rdor och barbariska massakrer - ty knappast i n\u00e5got annat land har den tyska sadismen g\u00e5tt s\u00e5 h\u00e4nsynsl\u00f6st fram som h\u00e4r. Inte blott judar utan \u00e4ven polacker har marterats och d\u00f6dats massvis p\u00e5 ett s\u00e4tt som trotsar all beskrivning. (...) Men polackerna har icke blott lidit under tyskarna, de har ocks\u00e5 haft och har besv\u00e4r med sina \\\"allierade\\\" ryssarna. Dessa f\u00f6ljde som bekant tyskarnas exempel h\u00f6sten 1939 och h\u00f6gg f\u00f6r sig en god del av det lamslagna Polen (...).\\n#Artikeln6\\n\\\"Anfall fr\u00e5n underjorden. Polska partisaner strida i Warszawa\\\" av John Waltersson i Nya Dagligt Allehanda, 11 augusti 1944, d\u00e4r det bl a st\u00e5r:\\nDen 6 augusti n\u00e5r f\u00f6ljande telegram London: \\\"Den viktigaste genomfartsleden i nord-sydlig riktning, Marszalkowskagatan, \u00e4r i v\u00e5r hand. (...) Vi h\u00e5ller s\u00e4kert Vilnastationen och en annan station, b\u00e5da i en f\u00f6rstad p\u00e5 Weichsels \u00f6stra strand.\\\" (...) Den polska flaggan vajar fr\u00e5n de er\u00f6vrade byggnaderna. (...) Striden g\u00e5r vidare. \u00c4nnu \u00e4r den stora uppg\u00f6relsen oavgjord och m\u00e5nga offer v\u00e4ntar s\u00e4kert general Bor och hans medk\u00e4mpar. Den bittra kampen p\u00e5 Warszawas gator har dock mer \u00e4n n\u00e5got annat visat att den polska motst\u00e5ndsr\u00f6relsen ej blott var n\u00e5gon propaganda utan en faktor att r\u00e4kna med - nu och i framtiden.\\n#Artikeln7\\n\\\"En polsk tragedi\\\" i tidningen Arbetet, 23 augusti 1944:\\nP\u00e5 svenska kan man l\u00e4sa mer om Warszawaupproret bl a i: Norman Davies bok \\\"Slaget om Warszawa. Upproret 1944\\\", Miron Bia\u0142oszewskis \\\"Dagbok fr\u00e5n upproret i Warszawa\\\" i samt Niclas Sennertegs \\\"Warszawas b\u00f6del\\\" men \u00e4ven i Timothys Snyders \\\"Den blodiga jorden\\\" och Herman Lindqvists \\\"Sverige - Polen. 1000 \u00e5r av krig och k\u00e4rlek\\\".\\nP\u00e5 engelska rekommenderar vi ett mycket informativt och av Spartacus Olsson (World War Two in Real Time - War Against Humanity) skickligt ber\u00e4ttat minif\u00f6redrag om Warszawaupproret i ett avsnitt av Sabaton History Channel d\u00e4r \u00e4ven Indy Neidell (The Great War och Time Ghost) och Joakim Brod\u00e9n fr\u00e5n Sabaton medverkar:\"},{\"@type\":\"ImageObject\",\"inLanguage\":\"pl-PL\",\"@id\":\"https:\/\/instytutpolski.pl\/stockholm\/2020\/08\/01\/warszawaupproret-i-svensk-press-och-i-historiska-bilder\/#primaryimage\",\"url\":\"https:\/\/instytutpolski.pl\/stockholm\/wp-content\/uploads\/sites\/17\/2020\/09\/116874179_2623087137957102_7697752204249876642_o.jpg\",\"contentUrl\":\"https:\/\/instytutpolski.pl\/stockholm\/wp-content\/uploads\/sites\/17\/2020\/09\/116874179_2623087137957102_7697752204249876642_o.jpg\",\"width\":1754,\"height\":1230},{\"@type\":\"BreadcrumbList\",\"@id\":\"https:\/\/instytutpolski.pl\/stockholm\/2020\/08\/01\/warszawaupproret-i-svensk-press-och-i-historiska-bilder\/#breadcrumb\",\"itemListElement\":[{\"@type\":\"ListItem\",\"position\":1,\"name\":\"Home\",\"item\":\"https:\/\/instytutpolski.pl\/stockholm\/\"},{\"@type\":\"ListItem\",\"position\":2,\"name\":\"Warszawaupproret i svensk press och i historiska bilder\"}]},{\"@type\":\"WebSite\",\"@id\":\"https:\/\/instytutpolski.pl\/stockholm\/#website\",\"url\":\"https:\/\/instytutpolski.pl\/stockholm\/\",\"name\":\"Instytut Polski w Sztokholmie\",\"description\":\"Instytuty Polskie\",\"potentialAction\":[{\"@type\":\"SearchAction\",\"target\":{\"@type\":\"EntryPoint\",\"urlTemplate\":\"https:\/\/instytutpolski.pl\/stockholm\/?s={search_term_string}\"},\"query-input\":{\"@type\":\"PropertyValueSpecification\",\"valueRequired\":true,\"valueName\":\"search_term_string\"}}],\"inLanguage\":\"pl-PL\"},{\"@type\":\"Person\",\"@id\":\"https:\/\/instytutpolski.pl\/stockholm\/#\/schema\/person\/062b5a5f61f32b17c98996975db8d556\",\"name\":\"strozniake\",\"image\":{\"@type\":\"ImageObject\",\"inLanguage\":\"pl-PL\",\"@id\":\"https:\/\/instytutpolski.pl\/stockholm\/#\/schema\/person\/image\/\",\"url\":\"https:\/\/secure.gravatar.com\/avatar\/25e0be9897787f9035155a882fde97cc?s=96&d=mm&r=g\",\"contentUrl\":\"https:\/\/secure.gravatar.com\/avatar\/25e0be9897787f9035155a882fde97cc?s=96&d=mm&r=g\",\"caption\":\"strozniake\"},\"sameAs\":[\"http:\/\/strozniake\"],\"url\":\"https:\/\/instytutpolski.pl\/stockholm\/author\/strozniake\/\"}]}<\/script>\n<!-- \/ Yoast SEO plugin. -->","yoast_head_json":{"title":"Warszawaupproret i svensk press och i historiska bilder - Instytut Polski w Sztokholmie","robots":{"index":"index","follow":"follow","max-snippet":"max-snippet:-1","max-image-preview":"max-image-preview:large","max-video-preview":"max-video-preview:-1"},"canonical":"https:\/\/instytutpolski.pl\/stockholm\/2020\/08\/01\/warszawaupproret-i-svensk-press-och-i-historiska-bilder\/","og_locale":"pl_PL","og_type":"article","og_title":"Warszawaupproret i svensk press och i historiska bilder - Instytut Polski w Sztokholmie","og_description":"N\u00e4stan 50 000 polska upprorsm\u00e4n och -kvinnor, inklusive barnscouter inledde sin ensamma och oj\u00e4mna kamp mot nazityskarna som n\u00e5gra dagar senare fick ordern: &#8222;Alla inv\u00e5nare skall d\u00f6das&#8221;, &#8222;inga f\u00e5ngar tas&#8221;, &#8222;vartenda hus spr\u00e4ngas och br\u00e4nnas ned&#8221;, &#8222;ingen av den polska rasen f\u00e5r \u00f6verleva&#8221;. Varken de allierade eller R\u00f6da Arm\u00e9n kom till unds\u00e4ttning, ca 16 000 [&hellip;]","og_url":"https:\/\/instytutpolski.pl\/stockholm\/2020\/08\/01\/warszawaupproret-i-svensk-press-och-i-historiska-bilder\/","og_site_name":"Instytut Polski w Sztokholmie","article_published_time":"2020-08-01T14:58:56+00:00","article_modified_time":"2020-10-01T12:51:16+00:00","og_image":[{"width":1754,"height":1230,"url":"https:\/\/instytutpolski.pl\/stockholm\/wp-content\/uploads\/sites\/17\/2020\/09\/116874179_2623087137957102_7697752204249876642_o.jpg","type":"image\/jpeg"}],"author":"strozniake","twitter_card":"summary_large_image","twitter_misc":{"Napisane przez":"strozniake","Szacowany czas czytania":"8 minut"},"schema":{"@context":"https:\/\/schema.org","@graph":[{"@type":"event","@id":"https:\/\/instytutpolski.pl\/stockholm\/2020\/08\/01\/warszawaupproret-i-svensk-press-och-i-historiska-bilder\/","url":"https:\/\/instytutpolski.pl\/stockholm\/2020\/08\/01\/warszawaupproret-i-svensk-press-och-i-historiska-bilder\/","name":"Warszawaupproret i svensk press och i historiska bilder","isPartOf":{"@id":"https:\/\/instytutpolski.pl\/stockholm\/#website"},"primaryImageOfPage":{"@id":"https:\/\/instytutpolski.pl\/stockholm\/2020\/08\/01\/warszawaupproret-i-svensk-press-och-i-historiska-bilder\/#primaryimage"},"image":["https:\/\/instytutpolski.pl\/stockholm\/wp-content\/uploads\/sites\/17\/2020\/09\/116874179_2623087137957102_7697752204249876642_o.jpg","https:\/\/instytutpolski.pl\/stockholm\/wp-content\/uploads\/sites\/17\/2020\/09\/116874179_2623087137957102_7697752204249876642_o-300x210.jpg","https:\/\/instytutpolski.pl\/stockholm\/wp-content\/uploads\/sites\/17\/2020\/09\/116874179_2623087137957102_7697752204249876642_o-1024x718.jpg","https:\/\/instytutpolski.pl\/stockholm\/wp-content\/uploads\/sites\/17\/2020\/09\/116874179_2623087137957102_7697752204249876642_o.jpg"],"thumbnailUrl":"https:\/\/instytutpolski.pl\/stockholm\/wp-content\/uploads\/sites\/17\/2020\/09\/116874179_2623087137957102_7697752204249876642_o.jpg","datePublished":"2020-08-01T14:58:56+02:00","dateModified":"2020-10-01T12:51:16+02:00","author":{"@id":"https:\/\/instytutpolski.pl\/stockholm\/#\/schema\/person\/062b5a5f61f32b17c98996975db8d556"},"breadcrumb":{"@id":"https:\/\/instytutpolski.pl\/stockholm\/2020\/08\/01\/warszawaupproret-i-svensk-press-och-i-historiska-bilder\/#breadcrumb"},"inLanguage":"pl-PL","potentialAction":[{"@type":"ReadAction","target":["https:\/\/instytutpolski.pl\/stockholm\/2020\/08\/01\/warszawaupproret-i-svensk-press-och-i-historiska-bilder\/"]}],"@context":"https:\/\/schema.org","startDate":"2020-08-01","endDate":"2020-08-01","eventStatus":"EventScheduled","eventAttendanceMode":"OfflineEventAttendanceMode","location":{"@type":"place","name":"","address":"","geo":{"@type":"GeoCoordinates","latitude":"","longitude":""}},"description":"N\u00e4stan 50 000 polska upprorsm\u00e4n och -kvinnor, inklusive barnscouter inledde sin ensamma och oj\u00e4mna kamp mot nazityskarna som n\u00e5gra dagar senare fick ordern: \"Alla inv\u00e5nare skall d\u00f6das\", \"inga f\u00e5ngar tas\", \"vartenda hus spr\u00e4ngas och br\u00e4nnas ned\", \"ingen av den polska rasen f\u00e5r \u00f6verleva\".\nVarken de allierade eller R\u00f6da Arm\u00e9n kom till unds\u00e4ttning, ca 16 000 offer kr\u00e4vdes bland Warszawaupprorets deltagare och 150 000 bland civilbefolkningen. Staden j\u00e4mnades i stort sett med marken.\nWarszawaupproret, den polska motst\u00e5ndsr\u00f6relsens 63 dagar l\u00e5nga hj\u00e4ltemodiga f\u00f6rs\u00f6k att befria huvudstaden fr\u00e5n de nazityska ockupanterna, br\u00f6t ut den 1 augusti 1944 klockan 17.00 (det kallas Timmen W \u2013 Godzina W). Vid den exakta tiden, \u00e5r efter \u00e5r, medan sirener tjuter stannar hela staden upp i en tyst minut f\u00f6r att hedra alla som slogs och stupade i upproret.\nSom en del av h\u00f6gtidligh\u00e5llandet av 76-\u00e5rsdagen av Warszawaupprorets utbrott presenterar Polska institutet Stockholm, i samarbete med Warszawaupprorets museum (Muzeum Powstania Warszawskiego), serien \"Warszawaupproret i svensk press och i historiska bilder\".\n#Artikeln1\n\"F\u00f6rbittrad kamp om Warszawas f\u00f6rstad Praga\" heter artikeln i Dagens Nyheter fr\u00e5n den 4 augusti 1944, d\u00e4r det bl a st\u00e5r att:\nDe h\u00e5rda striderna mellan den polska underjordiska arm\u00e9n och den tyska garnisonen i Warszawa forts\u00e4tter. (...) \u00d6verbef\u00e4lhavaren f\u00f6r de underjordiska polska styrkorna i Warszawa general Bor har avs\u00e4nt en br\u00e5dskande beg\u00e4ran om hj\u00e4lp.\nDen f\u00f6rsta nyhetsartikeln om Warszawaupproret i den svenska pressen publicerades dock redan den 2 augusti, av den socialdemokratiska Morgon-Tidningen. \nD\u00e4refter rapporterade svenska tidningar och radio n\u00e4stan dagligen om h\u00e4ndelseutvecklingen i det k\u00e4mpande Warszawa.(ur Artur Szulc blogg)\n#Artikeln2\nDet andra artikeln om Warszawaupproret \"Den polska tragedien\" fr\u00e5n 21 augusti 1944 i Svenska Dagbladet - SvD, d\u00e4r det bl a st\u00e5r:\nPolen har genom dessa h\u00e4ndelser tillfogats ett nytt fruktansv\u00e4rt slag. M\u00e5nga av de polska patrioter, som s\u00e5 v\u00e4l beh\u00f6vdes f\u00f6r att efter kriget p\u00e5 det politiska och kulturella omr\u00e5det leda \u00e5teruppbyggnadsarbetet, ha f\u00e5tt offra sina liv i en hoppl\u00f6s kamp mot \u00f6vermakten och utan tillr\u00e4ckligt st\u00f6d fr\u00e5n de bundsf\u00f6rvanter, till vilka det polska folket st\u00e4llt sina f\u00f6rhoppningar.\n#Artikeln3\n\"Warszawas hj\u00e4ltekamp f\u00f6r frihet \u2013 v\u00e4rldshistoriens st\u00f6rsta tragedi. Stadens centrum \u2013 eldhav och ruiner\" fr\u00e5n 20 augusti 1944 i Morgon-Tidningen, d\u00e4r det bl a st\u00e5r:\nTremiljonerstaden Paris vid Seine i v\u00e4ster befinner sig i de milit\u00e4ra ryktenas och spekulationernas optimistiska str\u00e5lkastarljus. Milionstaden Warszawa vid Vistula i \u00f6ster \u00e4r efter aderton dagars tragisk befrielsekamp dold bakom sina j\u00e4ttebr\u00e4nders kompakta r\u00f6kmoln och den politiska dragkampens f\u00f6rvirrade eterkakofoni. Paris\u00b4 befrielse \u00e4r vad man v\u00e4ntar. Warszawa som en ruinh\u00f6g och ett monument \u00f6ver en tyst j\u00e4ttegrav f\u00f6r en miljon stupade m\u00e4n, kvinnor och barn, \u00e4r vad man fruktar.\n#Artikeln4\n\"Polsk arm\u00e9 p\u00e5 200.000 man skall befria Warszawa\" fr\u00e5n 31 augusti 1944 i GHT:\n#Artikeln5\n\"Ocks\u00e5 en f\u00f6rhoppning\" fr\u00e5n 5 september 1944 i Svenska Morgonbladet, d\u00e4r det bl a st\u00e5r:\nDet polska folket har kanske lidit mest av alla under detta krig. Det fick mottaga f\u00f6rsta st\u00f6ten av det tyska anfallet och fick k\u00e4mpa ensamt tills det efter kort tid av fruktansv\u00e4rda fasor dukade under f\u00f6r \u00f6vermakten. Och sedan har det under fem l\u00e5nga \u00e5r burit ockupationens tunga b\u00f6rdor och barbariska massakrer - ty knappast i n\u00e5got annat land har den tyska sadismen g\u00e5tt s\u00e5 h\u00e4nsynsl\u00f6st fram som h\u00e4r. Inte blott judar utan \u00e4ven polacker har marterats och d\u00f6dats massvis p\u00e5 ett s\u00e4tt som trotsar all beskrivning. (...) Men polackerna har icke blott lidit under tyskarna, de har ocks\u00e5 haft och har besv\u00e4r med sina \"allierade\" ryssarna. Dessa f\u00f6ljde som bekant tyskarnas exempel h\u00f6sten 1939 och h\u00f6gg f\u00f6r sig en god del av det lamslagna Polen (...).\n#Artikeln6\n\"Anfall fr\u00e5n underjorden. Polska partisaner strida i Warszawa\" av John Waltersson i Nya Dagligt Allehanda, 11 augusti 1944, d\u00e4r det bl a st\u00e5r:\nDen 6 augusti n\u00e5r f\u00f6ljande telegram London: \"Den viktigaste genomfartsleden i nord-sydlig riktning, Marszalkowskagatan, \u00e4r i v\u00e5r hand. (...) Vi h\u00e5ller s\u00e4kert Vilnastationen och en annan station, b\u00e5da i en f\u00f6rstad p\u00e5 Weichsels \u00f6stra strand.\" (...) Den polska flaggan vajar fr\u00e5n de er\u00f6vrade byggnaderna. (...) Striden g\u00e5r vidare. \u00c4nnu \u00e4r den stora uppg\u00f6relsen oavgjord och m\u00e5nga offer v\u00e4ntar s\u00e4kert general Bor och hans medk\u00e4mpar. Den bittra kampen p\u00e5 Warszawas gator har dock mer \u00e4n n\u00e5got annat visat att den polska motst\u00e5ndsr\u00f6relsen ej blott var n\u00e5gon propaganda utan en faktor att r\u00e4kna med - nu och i framtiden.\n#Artikeln7\n\"En polsk tragedi\" i tidningen Arbetet, 23 augusti 1944:\nP\u00e5 svenska kan man l\u00e4sa mer om Warszawaupproret bl a i: Norman Davies bok \"Slaget om Warszawa. Upproret 1944\", Miron Bia\u0142oszewskis \"Dagbok fr\u00e5n upproret i Warszawa\" i samt Niclas Sennertegs \"Warszawas b\u00f6del\" men \u00e4ven i Timothys Snyders \"Den blodiga jorden\" och Herman Lindqvists \"Sverige - Polen. 1000 \u00e5r av krig och k\u00e4rlek\".\nP\u00e5 engelska rekommenderar vi ett mycket informativt och av Spartacus Olsson (World War Two in Real Time - War Against Humanity) skickligt ber\u00e4ttat minif\u00f6redrag om Warszawaupproret i ett avsnitt av Sabaton History Channel d\u00e4r \u00e4ven Indy Neidell (The Great War och Time Ghost) och Joakim Brod\u00e9n fr\u00e5n Sabaton medverkar:"},{"@type":"ImageObject","inLanguage":"pl-PL","@id":"https:\/\/instytutpolski.pl\/stockholm\/2020\/08\/01\/warszawaupproret-i-svensk-press-och-i-historiska-bilder\/#primaryimage","url":"https:\/\/instytutpolski.pl\/stockholm\/wp-content\/uploads\/sites\/17\/2020\/09\/116874179_2623087137957102_7697752204249876642_o.jpg","contentUrl":"https:\/\/instytutpolski.pl\/stockholm\/wp-content\/uploads\/sites\/17\/2020\/09\/116874179_2623087137957102_7697752204249876642_o.jpg","width":1754,"height":1230},{"@type":"BreadcrumbList","@id":"https:\/\/instytutpolski.pl\/stockholm\/2020\/08\/01\/warszawaupproret-i-svensk-press-och-i-historiska-bilder\/#breadcrumb","itemListElement":[{"@type":"ListItem","position":1,"name":"Home","item":"https:\/\/instytutpolski.pl\/stockholm\/"},{"@type":"ListItem","position":2,"name":"Warszawaupproret i svensk press och i historiska bilder"}]},{"@type":"WebSite","@id":"https:\/\/instytutpolski.pl\/stockholm\/#website","url":"https:\/\/instytutpolski.pl\/stockholm\/","name":"Instytut Polski w Sztokholmie","description":"Instytuty Polskie","potentialAction":[{"@type":"SearchAction","target":{"@type":"EntryPoint","urlTemplate":"https:\/\/instytutpolski.pl\/stockholm\/?s={search_term_string}"},"query-input":{"@type":"PropertyValueSpecification","valueRequired":true,"valueName":"search_term_string"}}],"inLanguage":"pl-PL"},{"@type":"Person","@id":"https:\/\/instytutpolski.pl\/stockholm\/#\/schema\/person\/062b5a5f61f32b17c98996975db8d556","name":"strozniake","image":{"@type":"ImageObject","inLanguage":"pl-PL","@id":"https:\/\/instytutpolski.pl\/stockholm\/#\/schema\/person\/image\/","url":"https:\/\/secure.gravatar.com\/avatar\/25e0be9897787f9035155a882fde97cc?s=96&d=mm&r=g","contentUrl":"https:\/\/secure.gravatar.com\/avatar\/25e0be9897787f9035155a882fde97cc?s=96&d=mm&r=g","caption":"strozniake"},"sameAs":["http:\/\/strozniake"],"url":"https:\/\/instytutpolski.pl\/stockholm\/author\/strozniake\/"}]}},"_links":{"self":[{"href":"https:\/\/instytutpolski.pl\/stockholm\/wp-json\/wp\/v2\/posts\/3397","targetHints":{"allow":["GET"]}}],"collection":[{"href":"https:\/\/instytutpolski.pl\/stockholm\/wp-json\/wp\/v2\/posts"}],"about":[{"href":"https:\/\/instytutpolski.pl\/stockholm\/wp-json\/wp\/v2\/types\/post"}],"author":[{"embeddable":true,"href":"https:\/\/instytutpolski.pl\/stockholm\/wp-json\/wp\/v2\/users\/29"}],"replies":[{"embeddable":true,"href":"https:\/\/instytutpolski.pl\/stockholm\/wp-json\/wp\/v2\/comments?post=3397"}],"version-history":[{"count":28,"href":"https:\/\/instytutpolski.pl\/stockholm\/wp-json\/wp\/v2\/posts\/3397\/revisions"}],"predecessor-version":[{"id":3444,"href":"https:\/\/instytutpolski.pl\/stockholm\/wp-json\/wp\/v2\/posts\/3397\/revisions\/3444"}],"wp:featuredmedia":[{"embeddable":true,"href":"https:\/\/instytutpolski.pl\/stockholm\/wp-json\/wp\/v2\/media\/3401"}],"wp:attachment":[{"href":"https:\/\/instytutpolski.pl\/stockholm\/wp-json\/wp\/v2\/media?parent=3397"}],"wp:term":[{"taxonomy":"category","embeddable":true,"href":"https:\/\/instytutpolski.pl\/stockholm\/wp-json\/wp\/v2\/categories?post=3397"},{"taxonomy":"post_tag","embeddable":true,"href":"https:\/\/instytutpolski.pl\/stockholm\/wp-json\/wp\/v2\/tags?post=3397"}],"curies":[{"name":"wp","href":"https:\/\/api.w.org\/{rel}","templated":true}]}}