{"id":3825,"date":"2020-10-01T13:33:06","date_gmt":"2020-10-01T11:33:06","guid":{"rendered":"https:\/\/instytutpolski.pl\/stockholm\/?p=3825"},"modified":"2020-10-10T10:46:07","modified_gmt":"2020-10-10T08:46:07","slug":"pokaz-filmowy-we-mnie","status":"publish","type":"post","link":"https:\/\/instytutpolski.pl\/stockholm\/pl\/2020\/10\/01\/pokaz-filmowy-we-mnie\/","title":{"rendered":"Pokaz filmowy: We mnie"},"content":{"rendered":"\n<h4 class=\"wp-block-heading\"><strong><strong>W ramach 11. polskiego festiwalu filmowego Kinoteka Stokholm zapraszamy na pokaz filmowy:<\/strong><\/strong><\/h4>\n\n\n\n<p><br><strong>WE MNIE<\/strong><\/p>\n\n\n\n<p><strong>Sobota, 10.10, godz. 16:30<br>Zita Folkets Bio (sala 1)<\/strong><\/p>\n\n\n\n<p>Sandra bawi si\u0119 na wieczorze panie\u0144skim. Nied\u0142ugo bierze \u015blub, jednak wcze\u015bniej czeka j\u0105 zabieg przerwania ci\u0105\u017cy z powodu wad genetycznych p\u0142odu. W szpitalu towarzyszy jej narzeczony, Dawid, kt\u00f3ry stara si\u0119 by\u0107 uczestnikiem wydarze\u0144, ale ka\u017cda chwila coraz bardziej oddala go od dziewczyny. Po zabiegu Sandra m\u00f3wi Dawidowi, \u017ce powinni odwo\u0142a\u0107 \u015blub, kt\u00f3ry zamierzali wzi\u0105\u0107 ze wzgl\u0119du na dziecko. Paradoksalnie wsp\u00f3lna \u017ca\u0142oba sprawia, \u017ce s\u0105 sobie bli\u017csi ni\u017c kiedykolwiek.<\/p>\n\n\n\n<p>Re\u017cyseria: Maria Wider<br>Scenariusz: Maria Wider<br>Obsada: Ma\u0142gorzata Gorol, Julian \u015awie\u017cewski, Dorota Lulka, Krzysztof Stasierowski<br>Czas: 21 min<br>Rok produkcji: 2019, Polska<\/p>\n\n\n\n<p>Pokaz filmu odb\u0119dzie si\u0119 w j\u0119zyku polskim z angielskimi napisami.<\/p>\n\n\n\n<p><strong>PO FILMIE SPOTKANIE Z RE\u017bYSERK\u0104 MARI\u0104 WIDER I ASYSTENTK\u0104 RE\u017bYSERA MAGD\u0104 STRZY\u017bY\u0143SK\u0104 (w j. angielskim)<\/strong><\/p>\n\n\n\n<div class=\"wp-block-image\"><figure class=\"aligncenter size-large\"><img loading=\"lazy\" decoding=\"async\" width=\"500\" height=\"709\" src=\"https:\/\/instytutpolski.pl\/stockholm\/wp-content\/uploads\/sites\/17\/2020\/09\/7899444.3.jpg\" alt=\"\" class=\"wp-image-3532\" srcset=\"https:\/\/instytutpolski.pl\/stockholm\/wp-content\/uploads\/sites\/17\/2020\/09\/7899444.3.jpg 500w, https:\/\/instytutpolski.pl\/stockholm\/wp-content\/uploads\/sites\/17\/2020\/09\/7899444.3-212x300.jpg 212w\" sizes=\"auto, (max-width: 500px) 100vw, 500px\" \/><\/figure><\/div>\n\n\n\n<h5 class=\"has-text-align-center wp-block-heading\"><br><br><strong><a rel=\"noreferrer noopener\" href=\"https:\/\/instytutpolski.pl\/stockholm\/pl\/kinoteka-2\/\" target=\"_blank\">KINOTEKA STOCKHOLM<\/a><\/strong> | <strong><a rel=\"noreferrer noopener\" href=\"https:\/\/instytutpolski.pl\/stockholm\/pl\/kinoteka-2\/o-kinotece\/\" target=\"_blank\">O KINOTECE<\/a><\/strong> | <strong><a rel=\"noreferrer noopener\" href=\"https:\/\/instytutpolski.pl\/stockholm\/pl\/kinoteka-2\/program\/\" target=\"_blank\">PROGRAM<\/a><\/strong><\/h5>\n\n\n\n<p><\/p>\n","protected":false},"excerpt":{"rendered":"<p>W ramach 11. polskiego festiwalu filmowego Kinoteka Stokholm zapraszamy na pokaz filmowy: WE MNIE Sobota, 10.10, godz. 16:30Zita Folkets Bio (sala 1) Sandra bawi si\u0119 na wieczorze panie\u0144skim. Nied\u0142ugo bierze \u015blub, jednak wcze\u015bniej czeka j\u0105 zabieg przerwania ci\u0105\u017cy z powodu wad genetycznych p\u0142odu. W szpitalu towarzyszy jej narzeczony, Dawid, kt\u00f3ry stara si\u0119 by\u0107 uczestnikiem wydarze\u0144, [&hellip;]<\/p>\n","protected":false},"author":29,"featured_media":3524,"comment_status":"open","ping_status":"open","sticky":false,"template":"","format":"standard","meta":{"inline_featured_image":false,"_monsterinsights_skip_tracking":false,"_monsterinsights_sitenote_active":false,"_monsterinsights_sitenote_note":"","_monsterinsights_sitenote_category":0,"footnotes":""},"categories":[7],"tags":[],"class_list":["post-3825","post","type-post","status-publish","format-standard","has-post-thumbnail","hentry","category-bez-kategorii-pl"],"yoast_head":"<!-- This site is optimized with the Yoast SEO plugin v24.6 - https:\/\/yoast.com\/wordpress\/plugins\/seo\/ -->\n<title>Pokaz filmowy: We mnie - Instytut Polski w Sztokholmie<\/title>\n<meta name=\"robots\" content=\"index, follow, max-snippet:-1, max-image-preview:large, max-video-preview:-1\" \/>\n<link rel=\"canonical\" href=\"https:\/\/instytutpolski.pl\/stockholm\/pl\/2020\/10\/01\/pokaz-filmowy-we-mnie\/\" \/>\n<meta property=\"og:locale\" content=\"pl_PL\" \/>\n<meta property=\"og:type\" content=\"article\" \/>\n<meta property=\"og:title\" content=\"Pokaz filmowy: We mnie - Instytut Polski w Sztokholmie\" \/>\n<meta property=\"og:description\" content=\"W ramach 11. polskiego festiwalu filmowego Kinoteka Stokholm zapraszamy na pokaz filmowy: WE MNIE Sobota, 10.10, godz. 16:30Zita Folkets Bio (sala 1) Sandra bawi si\u0119 na wieczorze panie\u0144skim. Nied\u0142ugo bierze \u015blub, jednak wcze\u015bniej czeka j\u0105 zabieg przerwania ci\u0105\u017cy z powodu wad genetycznych p\u0142odu. W szpitalu towarzyszy jej narzeczony, Dawid, kt\u00f3ry stara si\u0119 by\u0107 uczestnikiem wydarze\u0144, [&hellip;]\" \/>\n<meta property=\"og:url\" content=\"https:\/\/instytutpolski.pl\/stockholm\/pl\/2020\/10\/01\/pokaz-filmowy-we-mnie\/\" \/>\n<meta property=\"og:site_name\" content=\"Instytut Polski w Sztokholmie\" \/>\n<meta property=\"article:published_time\" content=\"2020-10-01T11:33:06+00:00\" \/>\n<meta property=\"article:modified_time\" content=\"2020-10-10T08:46:07+00:00\" \/>\n<meta property=\"og:image\" content=\"https:\/\/instytutpolski.pl\/stockholm\/wp-content\/uploads\/sites\/17\/2020\/09\/we-mnie-baner.jpg\" \/>\n\t<meta property=\"og:image:width\" content=\"1200\" \/>\n\t<meta property=\"og:image:height\" content=\"498\" \/>\n\t<meta property=\"og:image:type\" content=\"image\/jpeg\" \/>\n<meta name=\"author\" content=\"strozniake\" \/>\n<meta name=\"twitter:card\" content=\"summary_large_image\" \/>\n<meta name=\"twitter:label1\" content=\"Napisane przez\" \/>\n\t<meta name=\"twitter:data1\" content=\"strozniake\" \/>\n\t<meta name=\"twitter:label2\" content=\"Szacowany czas czytania\" \/>\n\t<meta name=\"twitter:data2\" content=\"1 minuta\" \/>\n<script type=\"application\/ld+json\" class=\"yoast-schema-graph\">{\"@context\":\"https:\/\/schema.org\",\"@graph\":[{\"@type\":\"event\",\"@id\":\"https:\/\/instytutpolski.pl\/stockholm\/pl\/2020\/10\/01\/pokaz-filmowy-we-mnie\/\",\"url\":\"https:\/\/instytutpolski.pl\/stockholm\/pl\/2020\/10\/01\/pokaz-filmowy-we-mnie\/\",\"name\":\"Pokaz filmowy: We mnie\",\"isPartOf\":{\"@id\":\"https:\/\/instytutpolski.pl\/stockholm\/#website\"},\"primaryImageOfPage\":{\"@id\":\"https:\/\/instytutpolski.pl\/stockholm\/pl\/2020\/10\/01\/pokaz-filmowy-we-mnie\/#primaryimage\"},\"image\":[\"https:\/\/instytutpolski.pl\/stockholm\/wp-content\/uploads\/sites\/17\/2020\/09\/we-mnie-baner.jpg\",\"https:\/\/instytutpolski.pl\/stockholm\/wp-content\/uploads\/sites\/17\/2020\/09\/we-mnie-baner-300x125.jpg\",\"https:\/\/instytutpolski.pl\/stockholm\/wp-content\/uploads\/sites\/17\/2020\/09\/we-mnie-baner-1024x425.jpg\",\"https:\/\/instytutpolski.pl\/stockholm\/wp-content\/uploads\/sites\/17\/2020\/09\/we-mnie-baner.jpg\"],\"thumbnailUrl\":\"https:\/\/instytutpolski.pl\/stockholm\/wp-content\/uploads\/sites\/17\/2020\/09\/we-mnie-baner.jpg\",\"datePublished\":\"2020-10-01T11:33:06+02:00\",\"dateModified\":\"2020-10-10T08:46:07+02:00\",\"author\":{\"@id\":\"https:\/\/instytutpolski.pl\/stockholm\/#\/schema\/person\/062b5a5f61f32b17c98996975db8d556\"},\"breadcrumb\":{\"@id\":\"https:\/\/instytutpolski.pl\/stockholm\/pl\/2020\/10\/01\/pokaz-filmowy-we-mnie\/#breadcrumb\"},\"inLanguage\":\"pl-PL\",\"potentialAction\":[{\"@type\":\"ReadAction\",\"target\":[\"https:\/\/instytutpolski.pl\/stockholm\/pl\/2020\/10\/01\/pokaz-filmowy-we-mnie\/\"]}],\"@context\":\"https:\/\/schema.org\",\"startDate\":\"2020-10-10T04:30:00+02:00\",\"endDate\":\"2020-10-10T05:00:00+02:00\",\"eventStatus\":\"EventScheduled\",\"eventAttendanceMode\":\"OfflineEventAttendanceMode\",\"location\":{\"@type\":\"place\",\"name\":\" Zita Folkets Bio, Birger Jarlsgatan 37, Stockholm\",\"address\":\" Zita Folkets Bio, Birger Jarlsgatan 37, Stockholm\",\"geo\":{\"@type\":\"GeoCoordinates\",\"latitude\":\"0\",\"longitude\":\"0\"}},\"description\":\"W ramach 11. polskiego festiwalu filmowego Kinoteka Stokholm zapraszamy na pokaz filmowy:\\nWE MNIE\\nSobota, 10.10, godz. 16:30Zita Folkets Bio (sala 1)\\nSandra bawi si\u0119 na wieczorze panie\u0144skim. Nied\u0142ugo bierze \u015blub, jednak wcze\u015bniej czeka j\u0105 zabieg przerwania ci\u0105\u017cy z powodu wad genetycznych p\u0142odu. W szpitalu towarzyszy jej narzeczony, Dawid, kt\u00f3ry stara si\u0119 by\u0107 uczestnikiem wydarze\u0144, ale ka\u017cda chwila coraz bardziej oddala go od dziewczyny. Po zabiegu Sandra m\u00f3wi Dawidowi, \u017ce powinni odwo\u0142a\u0107 \u015blub, kt\u00f3ry zamierzali wzi\u0105\u0107 ze wzgl\u0119du na dziecko. Paradoksalnie wsp\u00f3lna \u017ca\u0142oba sprawia, \u017ce s\u0105 sobie bli\u017csi ni\u017c kiedykolwiek.\\nRe\u017cyseria: Maria WiderScenariusz: Maria WiderObsada: Ma\u0142gorzata Gorol, Julian \u015awie\u017cewski, Dorota Lulka, Krzysztof StasierowskiCzas: 21 minRok produkcji: 2019, Polska\\nPokaz filmu odb\u0119dzie si\u0119 w j\u0119zyku polskim z angielskimi napisami.\\nPO FILMIE SPOTKANIE Z RE\u017bYSERK\u0104 MARI\u0104 WIDER I ASYSTENTK\u0104 RE\u017bYSERA MAGD\u0104 STRZY\u017bY\u0143SK\u0104 (w j. angielskim)\\nKINOTEKA STOCKHOLM | O KINOTECE | PROGRAM\"},{\"@type\":\"ImageObject\",\"inLanguage\":\"pl-PL\",\"@id\":\"https:\/\/instytutpolski.pl\/stockholm\/pl\/2020\/10\/01\/pokaz-filmowy-we-mnie\/#primaryimage\",\"url\":\"https:\/\/instytutpolski.pl\/stockholm\/wp-content\/uploads\/sites\/17\/2020\/09\/we-mnie-baner.jpg\",\"contentUrl\":\"https:\/\/instytutpolski.pl\/stockholm\/wp-content\/uploads\/sites\/17\/2020\/09\/we-mnie-baner.jpg\",\"width\":1200,\"height\":498},{\"@type\":\"BreadcrumbList\",\"@id\":\"https:\/\/instytutpolski.pl\/stockholm\/pl\/2020\/10\/01\/pokaz-filmowy-we-mnie\/#breadcrumb\",\"itemListElement\":[{\"@type\":\"ListItem\",\"position\":1,\"name\":\"Home\",\"item\":\"https:\/\/instytutpolski.pl\/stockholm\/\"},{\"@type\":\"ListItem\",\"position\":2,\"name\":\"Pokaz filmowy: We mnie\"}]},{\"@type\":\"WebSite\",\"@id\":\"https:\/\/instytutpolski.pl\/stockholm\/#website\",\"url\":\"https:\/\/instytutpolski.pl\/stockholm\/\",\"name\":\"Instytut Polski w Sztokholmie\",\"description\":\"Instytuty Polskie\",\"potentialAction\":[{\"@type\":\"SearchAction\",\"target\":{\"@type\":\"EntryPoint\",\"urlTemplate\":\"https:\/\/instytutpolski.pl\/stockholm\/?s={search_term_string}\"},\"query-input\":{\"@type\":\"PropertyValueSpecification\",\"valueRequired\":true,\"valueName\":\"search_term_string\"}}],\"inLanguage\":\"pl-PL\"},{\"@type\":\"Person\",\"@id\":\"https:\/\/instytutpolski.pl\/stockholm\/#\/schema\/person\/062b5a5f61f32b17c98996975db8d556\",\"name\":\"strozniake\",\"image\":{\"@type\":\"ImageObject\",\"inLanguage\":\"pl-PL\",\"@id\":\"https:\/\/instytutpolski.pl\/stockholm\/#\/schema\/person\/image\/\",\"url\":\"https:\/\/secure.gravatar.com\/avatar\/25e0be9897787f9035155a882fde97cc?s=96&d=mm&r=g\",\"contentUrl\":\"https:\/\/secure.gravatar.com\/avatar\/25e0be9897787f9035155a882fde97cc?s=96&d=mm&r=g\",\"caption\":\"strozniake\"},\"sameAs\":[\"http:\/\/strozniake\"],\"url\":\"https:\/\/instytutpolski.pl\/stockholm\/author\/strozniake\/\"}]}<\/script>\n<!-- \/ Yoast SEO plugin. -->","yoast_head_json":{"title":"Pokaz filmowy: We mnie - Instytut Polski w Sztokholmie","robots":{"index":"index","follow":"follow","max-snippet":"max-snippet:-1","max-image-preview":"max-image-preview:large","max-video-preview":"max-video-preview:-1"},"canonical":"https:\/\/instytutpolski.pl\/stockholm\/pl\/2020\/10\/01\/pokaz-filmowy-we-mnie\/","og_locale":"pl_PL","og_type":"article","og_title":"Pokaz filmowy: We mnie - Instytut Polski w Sztokholmie","og_description":"W ramach 11. polskiego festiwalu filmowego Kinoteka Stokholm zapraszamy na pokaz filmowy: WE MNIE Sobota, 10.10, godz. 16:30Zita Folkets Bio (sala 1) Sandra bawi si\u0119 na wieczorze panie\u0144skim. Nied\u0142ugo bierze \u015blub, jednak wcze\u015bniej czeka j\u0105 zabieg przerwania ci\u0105\u017cy z powodu wad genetycznych p\u0142odu. W szpitalu towarzyszy jej narzeczony, Dawid, kt\u00f3ry stara si\u0119 by\u0107 uczestnikiem wydarze\u0144, [&hellip;]","og_url":"https:\/\/instytutpolski.pl\/stockholm\/pl\/2020\/10\/01\/pokaz-filmowy-we-mnie\/","og_site_name":"Instytut Polski w Sztokholmie","article_published_time":"2020-10-01T11:33:06+00:00","article_modified_time":"2020-10-10T08:46:07+00:00","og_image":[{"width":1200,"height":498,"url":"https:\/\/instytutpolski.pl\/stockholm\/wp-content\/uploads\/sites\/17\/2020\/09\/we-mnie-baner.jpg","type":"image\/jpeg"}],"author":"strozniake","twitter_card":"summary_large_image","twitter_misc":{"Napisane przez":"strozniake","Szacowany czas czytania":"1 minuta"},"schema":{"@context":"https:\/\/schema.org","@graph":[{"@type":"event","@id":"https:\/\/instytutpolski.pl\/stockholm\/pl\/2020\/10\/01\/pokaz-filmowy-we-mnie\/","url":"https:\/\/instytutpolski.pl\/stockholm\/pl\/2020\/10\/01\/pokaz-filmowy-we-mnie\/","name":"Pokaz filmowy: We mnie","isPartOf":{"@id":"https:\/\/instytutpolski.pl\/stockholm\/#website"},"primaryImageOfPage":{"@id":"https:\/\/instytutpolski.pl\/stockholm\/pl\/2020\/10\/01\/pokaz-filmowy-we-mnie\/#primaryimage"},"image":["https:\/\/instytutpolski.pl\/stockholm\/wp-content\/uploads\/sites\/17\/2020\/09\/we-mnie-baner.jpg","https:\/\/instytutpolski.pl\/stockholm\/wp-content\/uploads\/sites\/17\/2020\/09\/we-mnie-baner-300x125.jpg","https:\/\/instytutpolski.pl\/stockholm\/wp-content\/uploads\/sites\/17\/2020\/09\/we-mnie-baner-1024x425.jpg","https:\/\/instytutpolski.pl\/stockholm\/wp-content\/uploads\/sites\/17\/2020\/09\/we-mnie-baner.jpg"],"thumbnailUrl":"https:\/\/instytutpolski.pl\/stockholm\/wp-content\/uploads\/sites\/17\/2020\/09\/we-mnie-baner.jpg","datePublished":"2020-10-01T11:33:06+02:00","dateModified":"2020-10-10T08:46:07+02:00","author":{"@id":"https:\/\/instytutpolski.pl\/stockholm\/#\/schema\/person\/062b5a5f61f32b17c98996975db8d556"},"breadcrumb":{"@id":"https:\/\/instytutpolski.pl\/stockholm\/pl\/2020\/10\/01\/pokaz-filmowy-we-mnie\/#breadcrumb"},"inLanguage":"pl-PL","potentialAction":[{"@type":"ReadAction","target":["https:\/\/instytutpolski.pl\/stockholm\/pl\/2020\/10\/01\/pokaz-filmowy-we-mnie\/"]}],"@context":"https:\/\/schema.org","startDate":"2020-10-10T04:30:00+02:00","endDate":"2020-10-10T05:00:00+02:00","eventStatus":"EventScheduled","eventAttendanceMode":"OfflineEventAttendanceMode","location":{"@type":"place","name":" Zita Folkets Bio, Birger Jarlsgatan 37, Stockholm","address":" Zita Folkets Bio, Birger Jarlsgatan 37, Stockholm","geo":{"@type":"GeoCoordinates","latitude":"0","longitude":"0"}},"description":"W ramach 11. polskiego festiwalu filmowego Kinoteka Stokholm zapraszamy na pokaz filmowy:\nWE MNIE\nSobota, 10.10, godz. 16:30Zita Folkets Bio (sala 1)\nSandra bawi si\u0119 na wieczorze panie\u0144skim. Nied\u0142ugo bierze \u015blub, jednak wcze\u015bniej czeka j\u0105 zabieg przerwania ci\u0105\u017cy z powodu wad genetycznych p\u0142odu. W szpitalu towarzyszy jej narzeczony, Dawid, kt\u00f3ry stara si\u0119 by\u0107 uczestnikiem wydarze\u0144, ale ka\u017cda chwila coraz bardziej oddala go od dziewczyny. Po zabiegu Sandra m\u00f3wi Dawidowi, \u017ce powinni odwo\u0142a\u0107 \u015blub, kt\u00f3ry zamierzali wzi\u0105\u0107 ze wzgl\u0119du na dziecko. Paradoksalnie wsp\u00f3lna \u017ca\u0142oba sprawia, \u017ce s\u0105 sobie bli\u017csi ni\u017c kiedykolwiek.\nRe\u017cyseria: Maria WiderScenariusz: Maria WiderObsada: Ma\u0142gorzata Gorol, Julian \u015awie\u017cewski, Dorota Lulka, Krzysztof StasierowskiCzas: 21 minRok produkcji: 2019, Polska\nPokaz filmu odb\u0119dzie si\u0119 w j\u0119zyku polskim z angielskimi napisami.\nPO FILMIE SPOTKANIE Z RE\u017bYSERK\u0104 MARI\u0104 WIDER I ASYSTENTK\u0104 RE\u017bYSERA MAGD\u0104 STRZY\u017bY\u0143SK\u0104 (w j. angielskim)\nKINOTEKA STOCKHOLM | O KINOTECE | PROGRAM"},{"@type":"ImageObject","inLanguage":"pl-PL","@id":"https:\/\/instytutpolski.pl\/stockholm\/pl\/2020\/10\/01\/pokaz-filmowy-we-mnie\/#primaryimage","url":"https:\/\/instytutpolski.pl\/stockholm\/wp-content\/uploads\/sites\/17\/2020\/09\/we-mnie-baner.jpg","contentUrl":"https:\/\/instytutpolski.pl\/stockholm\/wp-content\/uploads\/sites\/17\/2020\/09\/we-mnie-baner.jpg","width":1200,"height":498},{"@type":"BreadcrumbList","@id":"https:\/\/instytutpolski.pl\/stockholm\/pl\/2020\/10\/01\/pokaz-filmowy-we-mnie\/#breadcrumb","itemListElement":[{"@type":"ListItem","position":1,"name":"Home","item":"https:\/\/instytutpolski.pl\/stockholm\/"},{"@type":"ListItem","position":2,"name":"Pokaz filmowy: We mnie"}]},{"@type":"WebSite","@id":"https:\/\/instytutpolski.pl\/stockholm\/#website","url":"https:\/\/instytutpolski.pl\/stockholm\/","name":"Instytut Polski w Sztokholmie","description":"Instytuty Polskie","potentialAction":[{"@type":"SearchAction","target":{"@type":"EntryPoint","urlTemplate":"https:\/\/instytutpolski.pl\/stockholm\/?s={search_term_string}"},"query-input":{"@type":"PropertyValueSpecification","valueRequired":true,"valueName":"search_term_string"}}],"inLanguage":"pl-PL"},{"@type":"Person","@id":"https:\/\/instytutpolski.pl\/stockholm\/#\/schema\/person\/062b5a5f61f32b17c98996975db8d556","name":"strozniake","image":{"@type":"ImageObject","inLanguage":"pl-PL","@id":"https:\/\/instytutpolski.pl\/stockholm\/#\/schema\/person\/image\/","url":"https:\/\/secure.gravatar.com\/avatar\/25e0be9897787f9035155a882fde97cc?s=96&d=mm&r=g","contentUrl":"https:\/\/secure.gravatar.com\/avatar\/25e0be9897787f9035155a882fde97cc?s=96&d=mm&r=g","caption":"strozniake"},"sameAs":["http:\/\/strozniake"],"url":"https:\/\/instytutpolski.pl\/stockholm\/author\/strozniake\/"}]}},"_links":{"self":[{"href":"https:\/\/instytutpolski.pl\/stockholm\/wp-json\/wp\/v2\/posts\/3825","targetHints":{"allow":["GET"]}}],"collection":[{"href":"https:\/\/instytutpolski.pl\/stockholm\/wp-json\/wp\/v2\/posts"}],"about":[{"href":"https:\/\/instytutpolski.pl\/stockholm\/wp-json\/wp\/v2\/types\/post"}],"author":[{"embeddable":true,"href":"https:\/\/instytutpolski.pl\/stockholm\/wp-json\/wp\/v2\/users\/29"}],"replies":[{"embeddable":true,"href":"https:\/\/instytutpolski.pl\/stockholm\/wp-json\/wp\/v2\/comments?post=3825"}],"version-history":[{"count":4,"href":"https:\/\/instytutpolski.pl\/stockholm\/wp-json\/wp\/v2\/posts\/3825\/revisions"}],"predecessor-version":[{"id":3887,"href":"https:\/\/instytutpolski.pl\/stockholm\/wp-json\/wp\/v2\/posts\/3825\/revisions\/3887"}],"wp:featuredmedia":[{"embeddable":true,"href":"https:\/\/instytutpolski.pl\/stockholm\/wp-json\/wp\/v2\/media\/3524"}],"wp:attachment":[{"href":"https:\/\/instytutpolski.pl\/stockholm\/wp-json\/wp\/v2\/media?parent=3825"}],"wp:term":[{"taxonomy":"category","embeddable":true,"href":"https:\/\/instytutpolski.pl\/stockholm\/wp-json\/wp\/v2\/categories?post=3825"},{"taxonomy":"post_tag","embeddable":true,"href":"https:\/\/instytutpolski.pl\/stockholm\/wp-json\/wp\/v2\/tags?post=3825"}],"curies":[{"name":"wp","href":"https:\/\/api.w.org\/{rel}","templated":true}]}}