{"id":4132,"date":"2020-10-29T15:51:23","date_gmt":"2020-10-29T14:51:23","guid":{"rendered":"https:\/\/instytutpolski.pl\/stockholm\/?p=4132"},"modified":"2021-07-21T15:43:32","modified_gmt":"2021-07-21T13:43:32","slug":"seminarium-z_wlodzimierzem-boleckim","status":"publish","type":"post","link":"https:\/\/instytutpolski.pl\/stockholm\/pl\/2020\/10\/29\/seminarium-z_wlodzimierzem-boleckim\/","title":{"rendered":"Seminarium z W\u0142odzimierzem Boleckim:  Literatura i \u017cycie Gustawa Herlinga-Grudzi\u0144skiego"},"content":{"rendered":"\n<p><strong>Gustaw Herling-Grudzi\u0144ski (1919\u20132000)<\/strong> &#8211; polski pisarz znany z esej\u00f3w i opowiada\u0144 filozoficznych, \u201ema\u0142ych arcydzie\u0142\u201d, cz\u0119sto zawieraj\u0105cych motywy autobiograficzne. Po II wojnie \u015bwiatowej mieszka\u0142 w Monachium, Rzymie i Neapolu. Jego ksi\u0105\u017cka <em>Inny \u015awiat,<\/em> przet\u0142umaczona na j\u0119zyk angielski w 1951 r. (t\u0142umaczenie szwedzkie mia\u0142o miejsce w 1952 r. przez Nilsa Jacobssona), by\u0142a jedn\u0105 z pierwszych literackich opowie\u015bci o sowieckich obozach, opublikowan\u0105 dziesi\u0119\u0107 lat przed opowiadaniem Aleksandra&nbsp;So\u0142\u017cenicyna <em>Jeden dzie\u0144 Iwana Denisowicza<\/em>.<\/p>\n\n\n\n<p>Jest jednym z najwybitniejszych pisarzy polskich XX wieku, obieraj\u0105cym za przedmiot swego pisarstwa op\u00f3r stawiany przez cz\u0142owieka r\u00f3\u017cnorodnym postaciom nico\u015bci (totalitaryzmom, religijnemu zw\u0105tpieniu, poczuciu egzystencjalnego osamotnienia, instrumentalizacji \u017cycia). W jego dorobku odnale\u017a\u0107 mo\u017cna krytyk\u0119 literack\u0105, proz\u0119, esej, a tak\u017ce oryginalne formy mieszane. Ksi\u0105\u017cki krytyczne s\u0105 wyrazem zainteresowa\u0144 literatur\u0105 rosyjsk\u0105, klasyk\u0105 europejsk\u0105, malarstwem. Pisane z ogromnym znawstwem szkice o sztuce \u015bwiadcz\u0105, \u017ce dla Herlinga kultura to przejaw metafizycznej niepewno\u015bci cz\u0142owieka, a tak\u017ce najszerszy z symbolicznych j\u0119zyk\u00f3w s\u0142u\u017c\u0105cych dociekaniu sensu.&nbsp;<\/p>\n\n\n\n<p><br><strong>W\u0142odzimierz Bolecki<\/strong> (pseud. Jerzy Malewski, ur. 13 kwietnia 1952 w Warszawie)\u00a0&#8211; \u00a0polski historyk i teoretyk literatury polskiej, krytyk literacki, eseista, scenarzysta, profesor Instytutu Bada\u0144 Literackich Polskiej Akademii Nauk. Wiceprezes Fundacji na rzecz Nauki Polskiej (FNP). Autor wielu publikacji naukowych, opracowa\u0144 i ksi\u0105\u017cek literaturoznawczych. Zajmuje si\u0119 teori\u0105 i\u00a0histori\u0105 literatury XX wieku, m.in. tw\u00f3rczo\u015bci\u0105 takich autor\u00f3w jak Wac\u0142aw Berent, Witold Gombrowicz, Gustaw Herling-Grudzi\u0144ski, J\u00f3zef Mackiewicz, Czes\u0142aw Mi\u0142osz, Bruno Schulz, Aleksander Wat czy Stanis\u0142aw Ignacy Witkiewicz. Laureat m.in. Nagrody Fundacji Polcul (Sydney, 1985), Nagrody im. Andrzeja Kijowskiego (Warszawa, 1987), Nagrody Fundacji im. Ko\u015bcielskich (Genewa, 1989), Nagroda &#8222;Kultury&#8221; im. Zygmunta Hertza (Pary\u017c, 1991) i Nagroda im. Kazimierza Wyki (Krak\u00f3w, 2007). Cz\u0142onek jury Nagrody Literackiej im. Marka Nowakowskiego.<\/p>\n\n\n\n<p>W\u0142odzimierz Bolecki przeprowadzi\u0142 szereg wywiad\u00f3w z Gustawem Herlingiem Grudzi\u0144skim, kt\u00f3re zosta\u0142y opublikowane w tomach &#8211; <em>Rozmowy w Dragonei<\/em> (1997), <em>Rozmowy na koniec wieku<\/em> (1998) oraz <em>Rozmowy w Neapolu<\/em>\u201d (2000). Obecnie pracuje nad wydaniem zebranych prac autora.<\/p>\n\n\n\n<p><br><strong>Czas:&nbsp;3 listopada 2020, godz. 16:00-18:00&nbsp;<\/strong><br><strong>Miejsce: online &#8211; Zoom<br>J\u0119zyk: angielski<\/strong><\/p>\n\n\n\n<p>Link Zoom zostanie zamieszczony na stronie <a href=\"https:\/\/www.slav.su.se\/om-oss\/evenemang\/-1.487026\" target=\"_blank\" rel=\"noreferrer noopener\">Wydzia\u0142u Slawistyki <\/a>Uniwersytetu Sztokholmskiego oko\u0142o p\u00f3\u0142 godziny przed rozpocz\u0119ciem seminarium.<\/p>\n\n\n\n<p>We wsp\u00f3\u0142pracy z&nbsp;<a rel=\"noreferrer noopener\" href=\"https:\/\/www.facebook.com\/slaviskaSU\/\" target=\"_blank\">Slaviska avdelningen vid Stockholms universitet<\/a>.<br><br>&nbsp;<br><em>Zdj\u0119cie: Bohdan Paczowski<\/em><\/p>\n","protected":false},"excerpt":{"rendered":"<p>Gustaw Herling-Grudzi\u0144ski (1919\u20132000) &#8211; polski pisarz znany z esej\u00f3w i opowiada\u0144 filozoficznych, \u201ema\u0142ych arcydzie\u0142\u201d, cz\u0119sto zawieraj\u0105cych motywy autobiograficzne. Po II wojnie \u015bwiatowej mieszka\u0142 w Monachium, Rzymie i Neapolu. Jego ksi\u0105\u017cka Inny \u015awiat, przet\u0142umaczona na j\u0119zyk angielski w 1951 r. (t\u0142umaczenie szwedzkie mia\u0142o miejsce w 1952 r. przez Nilsa Jacobssona), by\u0142a jedn\u0105 z pierwszych literackich opowie\u015bci [&hellip;]<\/p>\n","protected":false},"author":29,"featured_media":4103,"comment_status":"closed","ping_status":"closed","sticky":false,"template":"","format":"standard","meta":{"inline_featured_image":false,"_monsterinsights_skip_tracking":false,"_monsterinsights_sitenote_active":false,"_monsterinsights_sitenote_note":"","_monsterinsights_sitenote_category":0,"footnotes":""},"categories":[87,36],"tags":[],"class_list":["post-4132","post","type-post","status-publish","format-standard","has-post-thumbnail","hentry","category-literatura","category-wydarzenie"],"yoast_head":"<!-- This site is optimized with the Yoast SEO plugin v24.6 - https:\/\/yoast.com\/wordpress\/plugins\/seo\/ -->\n<title>Seminarium z W\u0142odzimierzem Boleckim: Literatura i \u017cycie Gustawa Herlinga-Grudzi\u0144skiego - Instytut Polski w Sztokholmie<\/title>\n<meta name=\"robots\" content=\"index, follow, max-snippet:-1, max-image-preview:large, max-video-preview:-1\" \/>\n<link rel=\"canonical\" href=\"https:\/\/instytutpolski.pl\/stockholm\/pl\/2020\/10\/29\/seminarium-z_wlodzimierzem-boleckim\/\" \/>\n<meta property=\"og:locale\" content=\"pl_PL\" \/>\n<meta property=\"og:type\" content=\"article\" \/>\n<meta property=\"og:title\" content=\"Seminarium z W\u0142odzimierzem Boleckim: Literatura i \u017cycie Gustawa Herlinga-Grudzi\u0144skiego - Instytut Polski w Sztokholmie\" \/>\n<meta property=\"og:description\" content=\"Gustaw Herling-Grudzi\u0144ski (1919\u20132000) &#8211; polski pisarz znany z esej\u00f3w i opowiada\u0144 filozoficznych, \u201ema\u0142ych arcydzie\u0142\u201d, cz\u0119sto zawieraj\u0105cych motywy autobiograficzne. Po II wojnie \u015bwiatowej mieszka\u0142 w Monachium, Rzymie i Neapolu. Jego ksi\u0105\u017cka Inny \u015awiat, przet\u0142umaczona na j\u0119zyk angielski w 1951 r. (t\u0142umaczenie szwedzkie mia\u0142o miejsce w 1952 r. przez Nilsa Jacobssona), by\u0142a jedn\u0105 z pierwszych literackich opowie\u015bci [&hellip;]\" \/>\n<meta property=\"og:url\" content=\"https:\/\/instytutpolski.pl\/stockholm\/pl\/2020\/10\/29\/seminarium-z_wlodzimierzem-boleckim\/\" \/>\n<meta property=\"og:site_name\" content=\"Instytut Polski w Sztokholmie\" \/>\n<meta property=\"article:published_time\" content=\"2020-10-29T14:51:23+00:00\" \/>\n<meta property=\"article:modified_time\" content=\"2021-07-21T13:43:32+00:00\" \/>\n<meta property=\"og:image\" content=\"https:\/\/instytutpolski.pl\/stockholm\/wp-content\/uploads\/sites\/17\/2020\/10\/1988-ghgneapol1988fotbphl-25_Bohdan-Paczowski.jpg\" \/>\n\t<meta property=\"og:image:width\" content=\"778\" \/>\n\t<meta property=\"og:image:height\" content=\"583\" \/>\n\t<meta property=\"og:image:type\" content=\"image\/jpeg\" \/>\n<meta name=\"author\" content=\"strozniake\" \/>\n<meta name=\"twitter:card\" content=\"summary_large_image\" \/>\n<meta name=\"twitter:label1\" content=\"Napisane przez\" \/>\n\t<meta name=\"twitter:data1\" content=\"strozniake\" \/>\n\t<meta name=\"twitter:label2\" content=\"Szacowany czas czytania\" \/>\n\t<meta name=\"twitter:data2\" content=\"2 minuty\" \/>\n<script type=\"application\/ld+json\" class=\"yoast-schema-graph\">{\"@context\":\"https:\/\/schema.org\",\"@graph\":[{\"@type\":\"event\",\"@id\":\"https:\/\/instytutpolski.pl\/stockholm\/pl\/2020\/10\/29\/seminarium-z_wlodzimierzem-boleckim\/\",\"url\":\"https:\/\/instytutpolski.pl\/stockholm\/pl\/2020\/10\/29\/seminarium-z_wlodzimierzem-boleckim\/\",\"name\":\"Seminarium z W\u0142odzimierzem Boleckim:  Literatura i \u017cycie Gustawa Herlinga-Grudzi\u0144skiego\",\"isPartOf\":{\"@id\":\"https:\/\/instytutpolski.pl\/stockholm\/#website\"},\"primaryImageOfPage\":{\"@id\":\"https:\/\/instytutpolski.pl\/stockholm\/pl\/2020\/10\/29\/seminarium-z_wlodzimierzem-boleckim\/#primaryimage\"},\"image\":[\"https:\/\/instytutpolski.pl\/stockholm\/wp-content\/uploads\/sites\/17\/2020\/10\/1988-ghgneapol1988fotbphl-25_Bohdan-Paczowski.jpg\",\"https:\/\/instytutpolski.pl\/stockholm\/wp-content\/uploads\/sites\/17\/2020\/10\/1988-ghgneapol1988fotbphl-25_Bohdan-Paczowski-300x225.jpg\",\"https:\/\/instytutpolski.pl\/stockholm\/wp-content\/uploads\/sites\/17\/2020\/10\/1988-ghgneapol1988fotbphl-25_Bohdan-Paczowski.jpg\",\"https:\/\/instytutpolski.pl\/stockholm\/wp-content\/uploads\/sites\/17\/2020\/10\/1988-ghgneapol1988fotbphl-25_Bohdan-Paczowski.jpg\"],\"thumbnailUrl\":\"https:\/\/instytutpolski.pl\/stockholm\/wp-content\/uploads\/sites\/17\/2020\/10\/1988-ghgneapol1988fotbphl-25_Bohdan-Paczowski.jpg\",\"datePublished\":\"2020-10-29T14:51:23+02:00\",\"dateModified\":\"2021-07-21T13:43:32+02:00\",\"author\":{\"@id\":\"https:\/\/instytutpolski.pl\/stockholm\/#\/schema\/person\/062b5a5f61f32b17c98996975db8d556\"},\"breadcrumb\":{\"@id\":\"https:\/\/instytutpolski.pl\/stockholm\/pl\/2020\/10\/29\/seminarium-z_wlodzimierzem-boleckim\/#breadcrumb\"},\"inLanguage\":\"pl-PL\",\"potentialAction\":[{\"@type\":\"ReadAction\",\"target\":[\"https:\/\/instytutpolski.pl\/stockholm\/pl\/2020\/10\/29\/seminarium-z_wlodzimierzem-boleckim\/\"]}],\"@context\":\"https:\/\/schema.org\",\"startDate\":\"2020-11-03T04:00:00+02:00\",\"endDate\":\"2020-11-03T06:00:00+02:00\",\"eventStatus\":\"EventScheduled\",\"eventAttendanceMode\":\"OnlineEventAttendanceMode\",\"location\":{\"@type\":\"VirtualLocation\",\"url\":\"https:\/\/www.slav.su.se\/om-oss\/evenemang\/-1.487026\"},\"description\":\"Gustaw Herling-Grudzi\u0144ski (1919\u20132000) - polski pisarz znany z esej\u00f3w i opowiada\u0144 filozoficznych, \u201ema\u0142ych arcydzie\u0142\u201d, cz\u0119sto zawieraj\u0105cych motywy autobiograficzne. Po II wojnie \u015bwiatowej mieszka\u0142 w Monachium, Rzymie i Neapolu. Jego ksi\u0105\u017cka Inny \u015awiat, przet\u0142umaczona na j\u0119zyk angielski w 1951 r. (t\u0142umaczenie szwedzkie mia\u0142o miejsce w 1952 r. przez Nilsa Jacobssona), by\u0142a jedn\u0105 z pierwszych literackich opowie\u015bci o sowieckich obozach, opublikowan\u0105 dziesi\u0119\u0107 lat przed opowiadaniem Aleksandra So\u0142\u017cenicyna Jeden dzie\u0144 Iwana Denisowicza.\\nJest jednym z najwybitniejszych pisarzy polskich XX wieku, obieraj\u0105cym za przedmiot swego pisarstwa op\u00f3r stawiany przez cz\u0142owieka r\u00f3\u017cnorodnym postaciom nico\u015bci (totalitaryzmom, religijnemu zw\u0105tpieniu, poczuciu egzystencjalnego osamotnienia, instrumentalizacji \u017cycia). W jego dorobku odnale\u017a\u0107 mo\u017cna krytyk\u0119 literack\u0105, proz\u0119, esej, a tak\u017ce oryginalne formy mieszane. Ksi\u0105\u017cki krytyczne s\u0105 wyrazem zainteresowa\u0144 literatur\u0105 rosyjsk\u0105, klasyk\u0105 europejsk\u0105, malarstwem. Pisane z ogromnym znawstwem szkice o sztuce \u015bwiadcz\u0105, \u017ce dla Herlinga kultura to przejaw metafizycznej niepewno\u015bci cz\u0142owieka, a tak\u017ce najszerszy z symbolicznych j\u0119zyk\u00f3w s\u0142u\u017c\u0105cych dociekaniu sensu. \\nW\u0142odzimierz Bolecki (pseud. Jerzy Malewski, ur. 13 kwietnia 1952 w Warszawie)\u00a0- \u00a0polski historyk i teoretyk literatury polskiej, krytyk literacki, eseista, scenarzysta, profesor Instytutu Bada\u0144 Literackich Polskiej Akademii Nauk. Wiceprezes Fundacji na rzecz Nauki Polskiej (FNP). Autor wielu publikacji naukowych, opracowa\u0144 i ksi\u0105\u017cek literaturoznawczych. Zajmuje si\u0119 teori\u0105 i\u00a0histori\u0105 literatury XX wieku, m.in. tw\u00f3rczo\u015bci\u0105 takich autor\u00f3w jak Wac\u0142aw Berent, Witold Gombrowicz, Gustaw Herling-Grudzi\u0144ski, J\u00f3zef Mackiewicz, Czes\u0142aw Mi\u0142osz, Bruno Schulz, Aleksander Wat czy Stanis\u0142aw Ignacy Witkiewicz. Laureat m.in. Nagrody Fundacji Polcul (Sydney, 1985), Nagrody im. Andrzeja Kijowskiego (Warszawa, 1987), Nagrody Fundacji im. Ko\u015bcielskich (Genewa, 1989), Nagroda \\\"Kultury\\\" im. Zygmunta Hertza (Pary\u017c, 1991) i Nagroda im. Kazimierza Wyki (Krak\u00f3w, 2007). Cz\u0142onek jury Nagrody Literackiej im. Marka Nowakowskiego.\\nW\u0142odzimierz Bolecki przeprowadzi\u0142 szereg wywiad\u00f3w z Gustawem Herlingiem Grudzi\u0144skim, kt\u00f3re zosta\u0142y opublikowane w tomach - Rozmowy w Dragonei (1997), Rozmowy na koniec wieku (1998) oraz Rozmowy w Neapolu\u201d (2000). Obecnie pracuje nad wydaniem zebranych prac autora.\\nCzas: 3 listopada 2020, godz. 16:00-18:00 Miejsce: online - ZoomJ\u0119zyk: angielski\\nLink Zoom zostanie zamieszczony na stronie Wydzia\u0142u Slawistyki Uniwersytetu Sztokholmskiego oko\u0142o p\u00f3\u0142 godziny przed rozpocz\u0119ciem seminarium.\\nWe wsp\u00f3\u0142pracy z Slaviska avdelningen vid Stockholms universitet. Zdj\u0119cie: Bohdan Paczowski\"},{\"@type\":\"ImageObject\",\"inLanguage\":\"pl-PL\",\"@id\":\"https:\/\/instytutpolski.pl\/stockholm\/pl\/2020\/10\/29\/seminarium-z_wlodzimierzem-boleckim\/#primaryimage\",\"url\":\"https:\/\/instytutpolski.pl\/stockholm\/wp-content\/uploads\/sites\/17\/2020\/10\/1988-ghgneapol1988fotbphl-25_Bohdan-Paczowski.jpg\",\"contentUrl\":\"https:\/\/instytutpolski.pl\/stockholm\/wp-content\/uploads\/sites\/17\/2020\/10\/1988-ghgneapol1988fotbphl-25_Bohdan-Paczowski.jpg\",\"width\":778,\"height\":583},{\"@type\":\"BreadcrumbList\",\"@id\":\"https:\/\/instytutpolski.pl\/stockholm\/pl\/2020\/10\/29\/seminarium-z_wlodzimierzem-boleckim\/#breadcrumb\",\"itemListElement\":[{\"@type\":\"ListItem\",\"position\":1,\"name\":\"Home\",\"item\":\"https:\/\/instytutpolski.pl\/stockholm\/\"},{\"@type\":\"ListItem\",\"position\":2,\"name\":\"Seminarium z W\u0142odzimierzem Boleckim: Literatura i \u017cycie Gustawa Herlinga-Grudzi\u0144skiego\"}]},{\"@type\":\"WebSite\",\"@id\":\"https:\/\/instytutpolski.pl\/stockholm\/#website\",\"url\":\"https:\/\/instytutpolski.pl\/stockholm\/\",\"name\":\"Instytut Polski w Sztokholmie\",\"description\":\"Instytuty Polskie\",\"potentialAction\":[{\"@type\":\"SearchAction\",\"target\":{\"@type\":\"EntryPoint\",\"urlTemplate\":\"https:\/\/instytutpolski.pl\/stockholm\/?s={search_term_string}\"},\"query-input\":{\"@type\":\"PropertyValueSpecification\",\"valueRequired\":true,\"valueName\":\"search_term_string\"}}],\"inLanguage\":\"pl-PL\"},{\"@type\":\"Person\",\"@id\":\"https:\/\/instytutpolski.pl\/stockholm\/#\/schema\/person\/062b5a5f61f32b17c98996975db8d556\",\"name\":\"strozniake\",\"image\":{\"@type\":\"ImageObject\",\"inLanguage\":\"pl-PL\",\"@id\":\"https:\/\/instytutpolski.pl\/stockholm\/#\/schema\/person\/image\/\",\"url\":\"https:\/\/secure.gravatar.com\/avatar\/25e0be9897787f9035155a882fde97cc?s=96&d=mm&r=g\",\"contentUrl\":\"https:\/\/secure.gravatar.com\/avatar\/25e0be9897787f9035155a882fde97cc?s=96&d=mm&r=g\",\"caption\":\"strozniake\"},\"sameAs\":[\"http:\/\/strozniake\"],\"url\":\"https:\/\/instytutpolski.pl\/stockholm\/author\/strozniake\/\"}]}<\/script>\n<!-- \/ Yoast SEO plugin. -->","yoast_head_json":{"title":"Seminarium z W\u0142odzimierzem Boleckim: Literatura i \u017cycie Gustawa Herlinga-Grudzi\u0144skiego - Instytut Polski w Sztokholmie","robots":{"index":"index","follow":"follow","max-snippet":"max-snippet:-1","max-image-preview":"max-image-preview:large","max-video-preview":"max-video-preview:-1"},"canonical":"https:\/\/instytutpolski.pl\/stockholm\/pl\/2020\/10\/29\/seminarium-z_wlodzimierzem-boleckim\/","og_locale":"pl_PL","og_type":"article","og_title":"Seminarium z W\u0142odzimierzem Boleckim: Literatura i \u017cycie Gustawa Herlinga-Grudzi\u0144skiego - Instytut Polski w Sztokholmie","og_description":"Gustaw Herling-Grudzi\u0144ski (1919\u20132000) &#8211; polski pisarz znany z esej\u00f3w i opowiada\u0144 filozoficznych, \u201ema\u0142ych arcydzie\u0142\u201d, cz\u0119sto zawieraj\u0105cych motywy autobiograficzne. Po II wojnie \u015bwiatowej mieszka\u0142 w Monachium, Rzymie i Neapolu. Jego ksi\u0105\u017cka Inny \u015awiat, przet\u0142umaczona na j\u0119zyk angielski w 1951 r. (t\u0142umaczenie szwedzkie mia\u0142o miejsce w 1952 r. przez Nilsa Jacobssona), by\u0142a jedn\u0105 z pierwszych literackich opowie\u015bci [&hellip;]","og_url":"https:\/\/instytutpolski.pl\/stockholm\/pl\/2020\/10\/29\/seminarium-z_wlodzimierzem-boleckim\/","og_site_name":"Instytut Polski w Sztokholmie","article_published_time":"2020-10-29T14:51:23+00:00","article_modified_time":"2021-07-21T13:43:32+00:00","og_image":[{"width":778,"height":583,"url":"https:\/\/instytutpolski.pl\/stockholm\/wp-content\/uploads\/sites\/17\/2020\/10\/1988-ghgneapol1988fotbphl-25_Bohdan-Paczowski.jpg","type":"image\/jpeg"}],"author":"strozniake","twitter_card":"summary_large_image","twitter_misc":{"Napisane przez":"strozniake","Szacowany czas czytania":"2 minuty"},"schema":{"@context":"https:\/\/schema.org","@graph":[{"@type":"event","@id":"https:\/\/instytutpolski.pl\/stockholm\/pl\/2020\/10\/29\/seminarium-z_wlodzimierzem-boleckim\/","url":"https:\/\/instytutpolski.pl\/stockholm\/pl\/2020\/10\/29\/seminarium-z_wlodzimierzem-boleckim\/","name":"Seminarium z W\u0142odzimierzem Boleckim:  Literatura i \u017cycie Gustawa Herlinga-Grudzi\u0144skiego","isPartOf":{"@id":"https:\/\/instytutpolski.pl\/stockholm\/#website"},"primaryImageOfPage":{"@id":"https:\/\/instytutpolski.pl\/stockholm\/pl\/2020\/10\/29\/seminarium-z_wlodzimierzem-boleckim\/#primaryimage"},"image":["https:\/\/instytutpolski.pl\/stockholm\/wp-content\/uploads\/sites\/17\/2020\/10\/1988-ghgneapol1988fotbphl-25_Bohdan-Paczowski.jpg","https:\/\/instytutpolski.pl\/stockholm\/wp-content\/uploads\/sites\/17\/2020\/10\/1988-ghgneapol1988fotbphl-25_Bohdan-Paczowski-300x225.jpg","https:\/\/instytutpolski.pl\/stockholm\/wp-content\/uploads\/sites\/17\/2020\/10\/1988-ghgneapol1988fotbphl-25_Bohdan-Paczowski.jpg","https:\/\/instytutpolski.pl\/stockholm\/wp-content\/uploads\/sites\/17\/2020\/10\/1988-ghgneapol1988fotbphl-25_Bohdan-Paczowski.jpg"],"thumbnailUrl":"https:\/\/instytutpolski.pl\/stockholm\/wp-content\/uploads\/sites\/17\/2020\/10\/1988-ghgneapol1988fotbphl-25_Bohdan-Paczowski.jpg","datePublished":"2020-10-29T14:51:23+02:00","dateModified":"2021-07-21T13:43:32+02:00","author":{"@id":"https:\/\/instytutpolski.pl\/stockholm\/#\/schema\/person\/062b5a5f61f32b17c98996975db8d556"},"breadcrumb":{"@id":"https:\/\/instytutpolski.pl\/stockholm\/pl\/2020\/10\/29\/seminarium-z_wlodzimierzem-boleckim\/#breadcrumb"},"inLanguage":"pl-PL","potentialAction":[{"@type":"ReadAction","target":["https:\/\/instytutpolski.pl\/stockholm\/pl\/2020\/10\/29\/seminarium-z_wlodzimierzem-boleckim\/"]}],"@context":"https:\/\/schema.org","startDate":"2020-11-03T04:00:00+02:00","endDate":"2020-11-03T06:00:00+02:00","eventStatus":"EventScheduled","eventAttendanceMode":"OnlineEventAttendanceMode","location":{"@type":"VirtualLocation","url":"https:\/\/www.slav.su.se\/om-oss\/evenemang\/-1.487026"},"description":"Gustaw Herling-Grudzi\u0144ski (1919\u20132000) - polski pisarz znany z esej\u00f3w i opowiada\u0144 filozoficznych, \u201ema\u0142ych arcydzie\u0142\u201d, cz\u0119sto zawieraj\u0105cych motywy autobiograficzne. Po II wojnie \u015bwiatowej mieszka\u0142 w Monachium, Rzymie i Neapolu. Jego ksi\u0105\u017cka Inny \u015awiat, przet\u0142umaczona na j\u0119zyk angielski w 1951 r. (t\u0142umaczenie szwedzkie mia\u0142o miejsce w 1952 r. przez Nilsa Jacobssona), by\u0142a jedn\u0105 z pierwszych literackich opowie\u015bci o sowieckich obozach, opublikowan\u0105 dziesi\u0119\u0107 lat przed opowiadaniem Aleksandra So\u0142\u017cenicyna Jeden dzie\u0144 Iwana Denisowicza.\nJest jednym z najwybitniejszych pisarzy polskich XX wieku, obieraj\u0105cym za przedmiot swego pisarstwa op\u00f3r stawiany przez cz\u0142owieka r\u00f3\u017cnorodnym postaciom nico\u015bci (totalitaryzmom, religijnemu zw\u0105tpieniu, poczuciu egzystencjalnego osamotnienia, instrumentalizacji \u017cycia). W jego dorobku odnale\u017a\u0107 mo\u017cna krytyk\u0119 literack\u0105, proz\u0119, esej, a tak\u017ce oryginalne formy mieszane. Ksi\u0105\u017cki krytyczne s\u0105 wyrazem zainteresowa\u0144 literatur\u0105 rosyjsk\u0105, klasyk\u0105 europejsk\u0105, malarstwem. Pisane z ogromnym znawstwem szkice o sztuce \u015bwiadcz\u0105, \u017ce dla Herlinga kultura to przejaw metafizycznej niepewno\u015bci cz\u0142owieka, a tak\u017ce najszerszy z symbolicznych j\u0119zyk\u00f3w s\u0142u\u017c\u0105cych dociekaniu sensu. \nW\u0142odzimierz Bolecki (pseud. Jerzy Malewski, ur. 13 kwietnia 1952 w Warszawie)\u00a0- \u00a0polski historyk i teoretyk literatury polskiej, krytyk literacki, eseista, scenarzysta, profesor Instytutu Bada\u0144 Literackich Polskiej Akademii Nauk. Wiceprezes Fundacji na rzecz Nauki Polskiej (FNP). Autor wielu publikacji naukowych, opracowa\u0144 i ksi\u0105\u017cek literaturoznawczych. Zajmuje si\u0119 teori\u0105 i\u00a0histori\u0105 literatury XX wieku, m.in. tw\u00f3rczo\u015bci\u0105 takich autor\u00f3w jak Wac\u0142aw Berent, Witold Gombrowicz, Gustaw Herling-Grudzi\u0144ski, J\u00f3zef Mackiewicz, Czes\u0142aw Mi\u0142osz, Bruno Schulz, Aleksander Wat czy Stanis\u0142aw Ignacy Witkiewicz. Laureat m.in. Nagrody Fundacji Polcul (Sydney, 1985), Nagrody im. Andrzeja Kijowskiego (Warszawa, 1987), Nagrody Fundacji im. Ko\u015bcielskich (Genewa, 1989), Nagroda \"Kultury\" im. Zygmunta Hertza (Pary\u017c, 1991) i Nagroda im. Kazimierza Wyki (Krak\u00f3w, 2007). Cz\u0142onek jury Nagrody Literackiej im. Marka Nowakowskiego.\nW\u0142odzimierz Bolecki przeprowadzi\u0142 szereg wywiad\u00f3w z Gustawem Herlingiem Grudzi\u0144skim, kt\u00f3re zosta\u0142y opublikowane w tomach - Rozmowy w Dragonei (1997), Rozmowy na koniec wieku (1998) oraz Rozmowy w Neapolu\u201d (2000). Obecnie pracuje nad wydaniem zebranych prac autora.\nCzas: 3 listopada 2020, godz. 16:00-18:00 Miejsce: online - ZoomJ\u0119zyk: angielski\nLink Zoom zostanie zamieszczony na stronie Wydzia\u0142u Slawistyki Uniwersytetu Sztokholmskiego oko\u0142o p\u00f3\u0142 godziny przed rozpocz\u0119ciem seminarium.\nWe wsp\u00f3\u0142pracy z Slaviska avdelningen vid Stockholms universitet. Zdj\u0119cie: Bohdan Paczowski"},{"@type":"ImageObject","inLanguage":"pl-PL","@id":"https:\/\/instytutpolski.pl\/stockholm\/pl\/2020\/10\/29\/seminarium-z_wlodzimierzem-boleckim\/#primaryimage","url":"https:\/\/instytutpolski.pl\/stockholm\/wp-content\/uploads\/sites\/17\/2020\/10\/1988-ghgneapol1988fotbphl-25_Bohdan-Paczowski.jpg","contentUrl":"https:\/\/instytutpolski.pl\/stockholm\/wp-content\/uploads\/sites\/17\/2020\/10\/1988-ghgneapol1988fotbphl-25_Bohdan-Paczowski.jpg","width":778,"height":583},{"@type":"BreadcrumbList","@id":"https:\/\/instytutpolski.pl\/stockholm\/pl\/2020\/10\/29\/seminarium-z_wlodzimierzem-boleckim\/#breadcrumb","itemListElement":[{"@type":"ListItem","position":1,"name":"Home","item":"https:\/\/instytutpolski.pl\/stockholm\/"},{"@type":"ListItem","position":2,"name":"Seminarium z W\u0142odzimierzem Boleckim: Literatura i \u017cycie Gustawa Herlinga-Grudzi\u0144skiego"}]},{"@type":"WebSite","@id":"https:\/\/instytutpolski.pl\/stockholm\/#website","url":"https:\/\/instytutpolski.pl\/stockholm\/","name":"Instytut Polski w Sztokholmie","description":"Instytuty Polskie","potentialAction":[{"@type":"SearchAction","target":{"@type":"EntryPoint","urlTemplate":"https:\/\/instytutpolski.pl\/stockholm\/?s={search_term_string}"},"query-input":{"@type":"PropertyValueSpecification","valueRequired":true,"valueName":"search_term_string"}}],"inLanguage":"pl-PL"},{"@type":"Person","@id":"https:\/\/instytutpolski.pl\/stockholm\/#\/schema\/person\/062b5a5f61f32b17c98996975db8d556","name":"strozniake","image":{"@type":"ImageObject","inLanguage":"pl-PL","@id":"https:\/\/instytutpolski.pl\/stockholm\/#\/schema\/person\/image\/","url":"https:\/\/secure.gravatar.com\/avatar\/25e0be9897787f9035155a882fde97cc?s=96&d=mm&r=g","contentUrl":"https:\/\/secure.gravatar.com\/avatar\/25e0be9897787f9035155a882fde97cc?s=96&d=mm&r=g","caption":"strozniake"},"sameAs":["http:\/\/strozniake"],"url":"https:\/\/instytutpolski.pl\/stockholm\/author\/strozniake\/"}]}},"_links":{"self":[{"href":"https:\/\/instytutpolski.pl\/stockholm\/wp-json\/wp\/v2\/posts\/4132","targetHints":{"allow":["GET"]}}],"collection":[{"href":"https:\/\/instytutpolski.pl\/stockholm\/wp-json\/wp\/v2\/posts"}],"about":[{"href":"https:\/\/instytutpolski.pl\/stockholm\/wp-json\/wp\/v2\/types\/post"}],"author":[{"embeddable":true,"href":"https:\/\/instytutpolski.pl\/stockholm\/wp-json\/wp\/v2\/users\/29"}],"replies":[{"embeddable":true,"href":"https:\/\/instytutpolski.pl\/stockholm\/wp-json\/wp\/v2\/comments?post=4132"}],"version-history":[{"count":10,"href":"https:\/\/instytutpolski.pl\/stockholm\/wp-json\/wp\/v2\/posts\/4132\/revisions"}],"predecessor-version":[{"id":5967,"href":"https:\/\/instytutpolski.pl\/stockholm\/wp-json\/wp\/v2\/posts\/4132\/revisions\/5967"}],"wp:featuredmedia":[{"embeddable":true,"href":"https:\/\/instytutpolski.pl\/stockholm\/wp-json\/wp\/v2\/media\/4103"}],"wp:attachment":[{"href":"https:\/\/instytutpolski.pl\/stockholm\/wp-json\/wp\/v2\/media?parent=4132"}],"wp:term":[{"taxonomy":"category","embeddable":true,"href":"https:\/\/instytutpolski.pl\/stockholm\/wp-json\/wp\/v2\/categories?post=4132"},{"taxonomy":"post_tag","embeddable":true,"href":"https:\/\/instytutpolski.pl\/stockholm\/wp-json\/wp\/v2\/tags?post=4132"}],"curies":[{"name":"wp","href":"https:\/\/api.w.org\/{rel}","templated":true}]}}