{"id":4305,"date":"2020-11-16T11:49:39","date_gmt":"2020-11-16T10:49:39","guid":{"rendered":"https:\/\/instytutpolski.pl\/stockholm\/?p=4305"},"modified":"2020-11-17T11:26:33","modified_gmt":"2020-11-17T10:26:33","slug":"utstallning-i-boras-helige-johannes-paulus-ii-100-ar","status":"publish","type":"post","link":"https:\/\/instytutpolski.pl\/stockholm\/2020\/11\/16\/utstallning-i-boras-helige-johannes-paulus-ii-100-ar\/","title":{"rendered":"Utst\u00e4llning i Bor\u00e5s: Helige Johannes Paulus II \u2013 100 \u00e5r"},"content":{"rendered":"\n<p>Utst\u00e4llningen presenterar en del av p\u00e5vens liv och visar hur han kunde n\u00e5 ut till alla, oberoende av \u00e5lder och nationalitet.&nbsp;<\/p>\n\n\n\n<p><em><em>Totus Tuus Maria &#8211; jag \u00e4r helt din Maria<\/em><\/em>, sade <strong>Johannes Paulus II<\/strong> i Fatima ett \u00e5r efter attentatet i Rom 1981. Valspr\u00e5ket Totus Tuus Maria var en k\u00e4rleksf\u00f6rklaring till Guds moder. Sin egen mor miste han som nio\u00e5rig pojke. Han v\u00e4xte upp med sin far och bror. Sonen, studenten, poeten och arbetaren Karol Wojtyla som trots ett liv pr\u00e4glat av f\u00f6rluster, sorger och lidande blev p\u00e5ve, fredsm\u00e4klare och framf\u00f6rallt Guds tj\u00e4nare.<\/p>\n\n\n\n<figure class=\"wp-block-image\"><img loading=\"lazy\" decoding=\"async\" width=\"1024\" height=\"686\" src=\"https:\/\/instytutpolski.pl\/stockholm\/wp-content\/uploads\/sites\/17\/2020\/08\/F1040020-1024x686.jpg\" alt=\"\" class=\"wp-image-3119\" srcset=\"https:\/\/instytutpolski.pl\/stockholm\/wp-content\/uploads\/sites\/17\/2020\/08\/F1040020-1024x686.jpg 1024w, https:\/\/instytutpolski.pl\/stockholm\/wp-content\/uploads\/sites\/17\/2020\/08\/F1040020-300x201.jpg 300w, https:\/\/instytutpolski.pl\/stockholm\/wp-content\/uploads\/sites\/17\/2020\/08\/F1040020-768x514.jpg 768w, https:\/\/instytutpolski.pl\/stockholm\/wp-content\/uploads\/sites\/17\/2020\/08\/F1040020-1536x1028.jpg 1536w, https:\/\/instytutpolski.pl\/stockholm\/wp-content\/uploads\/sites\/17\/2020\/08\/F1040020.jpg 1840w\" sizes=\"auto, (max-width: 1024px) 100vw, 1024px\" \/><\/figure>\n\n\n\n<p>Ih\u00e5gkommen som m\u00e4nniskan som alltid gav av sig sj\u00e4lv till andra.<\/p>\n\n\n\n<p>Han k\u00e4mpade f\u00f6r de m\u00e4nskliga r\u00e4ttigheterna, f\u00f6r de fattiga i tredje v\u00e4rlden och han arbetade ih\u00e4rdigt f\u00f6r demokratin i \u00d6steuropa. Han kommunicerade det kristna budskapet till miljoner m\u00e4nniskor i v\u00e4rldens alla kontinenter. Instiftandet av V\u00e4rldsungdomsdagarna \u00e4r ett arv som lever kvar efter honom. <\/p>\n\n\n\n<p>Hans tankar, ord och goda g\u00e4rningar lever kvar i m\u00e5nga m\u00e4nniskors hj\u00e4rtan och talar till oss \u00e4n idag.<\/p>\n\n\n\n<figure class=\"wp-block-image\"><img loading=\"lazy\" decoding=\"async\" width=\"686\" height=\"1024\" src=\"https:\/\/instytutpolski.pl\/stockholm\/wp-content\/uploads\/sites\/17\/2020\/08\/F1050015-e1598019807557-686x1024.jpg\" alt=\"\" class=\"wp-image-3120\" srcset=\"https:\/\/instytutpolski.pl\/stockholm\/wp-content\/uploads\/sites\/17\/2020\/08\/F1050015-e1598019807557-686x1024.jpg 686w, https:\/\/instytutpolski.pl\/stockholm\/wp-content\/uploads\/sites\/17\/2020\/08\/F1050015-e1598019807557-201x300.jpg 201w, https:\/\/instytutpolski.pl\/stockholm\/wp-content\/uploads\/sites\/17\/2020\/08\/F1050015-e1598019807557-768x1147.jpg 768w, https:\/\/instytutpolski.pl\/stockholm\/wp-content\/uploads\/sites\/17\/2020\/08\/F1050015-e1598019807557-1028x1536.jpg 1028w, https:\/\/instytutpolski.pl\/stockholm\/wp-content\/uploads\/sites\/17\/2020\/08\/F1050015-e1598019807557.jpg 1232w\" sizes=\"auto, (max-width: 686px) 100vw, 686px\" \/><\/figure>\n\n\n\n<p><br>Stort tack till alla som m\u00f6jliggjorde utst\u00e4llningen!<\/p>\n\n\n\n<p><strong>Koncept och text: Anna Glowacki<br>Bilder: Zdzis\u0142aw Sowi\u0144ski&nbsp;<\/strong><\/p>\n\n\n\n<p>Projektet genomf\u00f6rdes i samarbete med S:t Sigfrids katolska f\u00f6rsamling i Bor\u00e5s och Katolska kyrkan i Sverige.<\/p>\n\n\n\n<p><br><strong>Vill du bes\u00f6ka utst\u00e4llningen m\u00e5ste du boka en tid via telefon:&nbsp;0768716172 eller 0761999866.<\/strong><\/p>\n\n\n\n<p><br><em>Foton: Zdzis\u0142aw Sowi\u0144ski<\/em><\/p>\n\n\n\n<div class=\"wp-block-image\"><figure class=\"aligncenter size-large\"><img loading=\"lazy\" decoding=\"async\" width=\"724\" height=\"1024\" src=\"https:\/\/instytutpolski.pl\/stockholm\/wp-content\/uploads\/sites\/17\/2020\/11\/Helige-Johannes-Paulus-II-\u2013-100-a\u030ar-724x1024.jpg\" alt=\"\" class=\"wp-image-4324\" srcset=\"https:\/\/instytutpolski.pl\/stockholm\/wp-content\/uploads\/sites\/17\/2020\/11\/Helige-Johannes-Paulus-II-\u2013-100-a\u030ar-724x1024.jpg 724w, https:\/\/instytutpolski.pl\/stockholm\/wp-content\/uploads\/sites\/17\/2020\/11\/Helige-Johannes-Paulus-II-\u2013-100-a\u030ar-212x300.jpg 212w, https:\/\/instytutpolski.pl\/stockholm\/wp-content\/uploads\/sites\/17\/2020\/11\/Helige-Johannes-Paulus-II-\u2013-100-a\u030ar-768x1086.jpg 768w, https:\/\/instytutpolski.pl\/stockholm\/wp-content\/uploads\/sites\/17\/2020\/11\/Helige-Johannes-Paulus-II-\u2013-100-a\u030ar-1086x1536.jpg 1086w, https:\/\/instytutpolski.pl\/stockholm\/wp-content\/uploads\/sites\/17\/2020\/11\/Helige-Johannes-Paulus-II-\u2013-100-a\u030ar-1448x2048.jpg 1448w, https:\/\/instytutpolski.pl\/stockholm\/wp-content\/uploads\/sites\/17\/2020\/11\/Helige-Johannes-Paulus-II-\u2013-100-a\u030ar.jpg 1587w\" sizes=\"auto, (max-width: 724px) 100vw, 724px\" \/><\/figure><\/div>\n","protected":false},"excerpt":{"rendered":"<p>Utst\u00e4llningen presenterar en del av p\u00e5vens liv och visar hur han kunde n\u00e5 ut till alla, oberoende av \u00e5lder och nationalitet.&nbsp; Totus Tuus Maria &#8211; jag \u00e4r helt din Maria, sade Johannes Paulus II i Fatima ett \u00e5r efter attentatet i Rom 1981. Valspr\u00e5ket Totus Tuus Maria var en k\u00e4rleksf\u00f6rklaring till Guds moder. Sin egen [&hellip;]<\/p>\n","protected":false},"author":29,"featured_media":3114,"comment_status":"closed","ping_status":"closed","sticky":false,"template":"","format":"standard","meta":{"inline_featured_image":false,"_monsterinsights_skip_tracking":false,"_monsterinsights_sitenote_active":false,"_monsterinsights_sitenote_note":"","_monsterinsights_sitenote_category":0,"footnotes":""},"categories":[12,111],"tags":[],"class_list":["post-4305","post","type-post","status-publish","format-standard","has-post-thumbnail","hentry","category-evenemang","category-historia-se"],"yoast_head":"<!-- This site is optimized with the Yoast SEO plugin v24.6 - https:\/\/yoast.com\/wordpress\/plugins\/seo\/ -->\n<title>Utst\u00e4llning i Bor\u00e5s: Helige Johannes Paulus II \u2013 100 \u00e5r - Instytut Polski w Sztokholmie<\/title>\n<meta name=\"robots\" content=\"index, follow, max-snippet:-1, max-image-preview:large, max-video-preview:-1\" \/>\n<link rel=\"canonical\" href=\"https:\/\/instytutpolski.pl\/stockholm\/2020\/11\/16\/utstallning-i-boras-helige-johannes-paulus-ii-100-ar\/\" \/>\n<meta property=\"og:locale\" content=\"pl_PL\" \/>\n<meta property=\"og:type\" content=\"article\" \/>\n<meta property=\"og:title\" content=\"Utst\u00e4llning i Bor\u00e5s: Helige Johannes Paulus II \u2013 100 \u00e5r - Instytut Polski w Sztokholmie\" \/>\n<meta property=\"og:description\" content=\"Utst\u00e4llningen presenterar en del av p\u00e5vens liv och visar hur han kunde n\u00e5 ut till alla, oberoende av \u00e5lder och nationalitet.&nbsp; Totus Tuus Maria &#8211; jag \u00e4r helt din Maria, sade Johannes Paulus II i Fatima ett \u00e5r efter attentatet i Rom 1981. Valspr\u00e5ket Totus Tuus Maria var en k\u00e4rleksf\u00f6rklaring till Guds moder. Sin egen [&hellip;]\" \/>\n<meta property=\"og:url\" content=\"https:\/\/instytutpolski.pl\/stockholm\/2020\/11\/16\/utstallning-i-boras-helige-johannes-paulus-ii-100-ar\/\" \/>\n<meta property=\"og:site_name\" content=\"Instytut Polski w Sztokholmie\" \/>\n<meta property=\"article:published_time\" content=\"2020-11-16T10:49:39+00:00\" \/>\n<meta property=\"article:modified_time\" content=\"2020-11-17T10:26:33+00:00\" \/>\n<meta property=\"og:image\" content=\"https:\/\/instytutpolski.pl\/stockholm\/wp-content\/uploads\/sites\/17\/2020\/08\/50_druk_resize.jpg\" \/>\n\t<meta property=\"og:image:width\" content=\"800\" \/>\n\t<meta property=\"og:image:height\" content=\"560\" \/>\n\t<meta property=\"og:image:type\" content=\"image\/jpeg\" \/>\n<meta name=\"author\" content=\"strozniake\" \/>\n<meta name=\"twitter:card\" content=\"summary_large_image\" \/>\n<meta name=\"twitter:label1\" content=\"Napisane przez\" \/>\n\t<meta name=\"twitter:data1\" content=\"strozniake\" \/>\n\t<meta name=\"twitter:label2\" content=\"Szacowany czas czytania\" \/>\n\t<meta name=\"twitter:data2\" content=\"1 minuta\" \/>\n<script type=\"application\/ld+json\" class=\"yoast-schema-graph\">{\"@context\":\"https:\/\/schema.org\",\"@graph\":[{\"@type\":\"event\",\"@id\":\"https:\/\/instytutpolski.pl\/stockholm\/2020\/11\/16\/utstallning-i-boras-helige-johannes-paulus-ii-100-ar\/\",\"url\":\"https:\/\/instytutpolski.pl\/stockholm\/2020\/11\/16\/utstallning-i-boras-helige-johannes-paulus-ii-100-ar\/\",\"name\":\"Utst\u00e4llning i Bor\u00e5s: Helige Johannes Paulus II \u2013 100 \u00e5r\",\"isPartOf\":{\"@id\":\"https:\/\/instytutpolski.pl\/stockholm\/#website\"},\"primaryImageOfPage\":{\"@id\":\"https:\/\/instytutpolski.pl\/stockholm\/2020\/11\/16\/utstallning-i-boras-helige-johannes-paulus-ii-100-ar\/#primaryimage\"},\"image\":[\"https:\/\/instytutpolski.pl\/stockholm\/wp-content\/uploads\/sites\/17\/2020\/08\/50_druk_resize.jpg\",\"https:\/\/instytutpolski.pl\/stockholm\/wp-content\/uploads\/sites\/17\/2020\/08\/50_druk_resize-300x210.jpg\",\"https:\/\/instytutpolski.pl\/stockholm\/wp-content\/uploads\/sites\/17\/2020\/08\/50_druk_resize.jpg\",\"https:\/\/instytutpolski.pl\/stockholm\/wp-content\/uploads\/sites\/17\/2020\/08\/50_druk_resize.jpg\"],\"thumbnailUrl\":\"https:\/\/instytutpolski.pl\/stockholm\/wp-content\/uploads\/sites\/17\/2020\/08\/50_druk_resize.jpg\",\"datePublished\":\"2020-11-16T10:49:39+02:00\",\"dateModified\":\"2020-11-17T10:26:33+02:00\",\"author\":{\"@id\":\"https:\/\/instytutpolski.pl\/stockholm\/#\/schema\/person\/062b5a5f61f32b17c98996975db8d556\"},\"breadcrumb\":{\"@id\":\"https:\/\/instytutpolski.pl\/stockholm\/2020\/11\/16\/utstallning-i-boras-helige-johannes-paulus-ii-100-ar\/#breadcrumb\"},\"inLanguage\":\"pl-PL\",\"potentialAction\":[{\"@type\":\"ReadAction\",\"target\":[\"https:\/\/instytutpolski.pl\/stockholm\/2020\/11\/16\/utstallning-i-boras-helige-johannes-paulus-ii-100-ar\/\"]}],\"@context\":\"https:\/\/schema.org\",\"startDate\":\"2020-11-22\",\"endDate\":\"2020-12-06\",\"eventStatus\":\"EventScheduled\",\"eventAttendanceMode\":\"OfflineEventAttendanceMode\",\"location\":{\"@type\":\"place\",\"name\":\"Sankt Sigfrids Katolska Kyrka, Fj\u00e4llgatan 34, Bor\u00e5s\",\"address\":\"Sankt Sigfrids Katolska Kyrka, Fj\u00e4llgatan 34, Bor\u00e5s\",\"geo\":{\"@type\":\"GeoCoordinates\",\"latitude\":\"0\",\"longitude\":\"0\"}},\"description\":\"Utst\u00e4llningen presenterar en del av p\u00e5vens liv och visar hur han kunde n\u00e5 ut till alla, oberoende av \u00e5lder och nationalitet. \\nTotus Tuus Maria - jag \u00e4r helt din Maria, sade Johannes Paulus II i Fatima ett \u00e5r efter attentatet i Rom 1981. Valspr\u00e5ket Totus Tuus Maria var en k\u00e4rleksf\u00f6rklaring till Guds moder. Sin egen mor miste han som nio\u00e5rig pojke. Han v\u00e4xte upp med sin far och bror. Sonen, studenten, poeten och arbetaren Karol Wojtyla som trots ett liv pr\u00e4glat av f\u00f6rluster, sorger och lidande blev p\u00e5ve, fredsm\u00e4klare och framf\u00f6rallt Guds tj\u00e4nare.\\nIh\u00e5gkommen som m\u00e4nniskan som alltid gav av sig sj\u00e4lv till andra.\\nHan k\u00e4mpade f\u00f6r de m\u00e4nskliga r\u00e4ttigheterna, f\u00f6r de fattiga i tredje v\u00e4rlden och han arbetade ih\u00e4rdigt f\u00f6r demokratin i \u00d6steuropa. Han kommunicerade det kristna budskapet till miljoner m\u00e4nniskor i v\u00e4rldens alla kontinenter. Instiftandet av V\u00e4rldsungdomsdagarna \u00e4r ett arv som lever kvar efter honom. \\nHans tankar, ord och goda g\u00e4rningar lever kvar i m\u00e5nga m\u00e4nniskors hj\u00e4rtan och talar till oss \u00e4n idag.\\nStort tack till alla som m\u00f6jliggjorde utst\u00e4llningen!\\nKoncept och text: Anna GlowackiBilder: Zdzis\u0142aw Sowi\u0144ski \\nProjektet genomf\u00f6rdes i samarbete med S:t Sigfrids katolska f\u00f6rsamling i Bor\u00e5s och Katolska kyrkan i Sverige.\\nVill du bes\u00f6ka utst\u00e4llningen m\u00e5ste du boka en tid via telefon: 0768716172 eller 0761999866.\\nFoton: Zdzis\u0142aw Sowi\u0144ski\"},{\"@type\":\"ImageObject\",\"inLanguage\":\"pl-PL\",\"@id\":\"https:\/\/instytutpolski.pl\/stockholm\/2020\/11\/16\/utstallning-i-boras-helige-johannes-paulus-ii-100-ar\/#primaryimage\",\"url\":\"https:\/\/instytutpolski.pl\/stockholm\/wp-content\/uploads\/sites\/17\/2020\/08\/50_druk_resize.jpg\",\"contentUrl\":\"https:\/\/instytutpolski.pl\/stockholm\/wp-content\/uploads\/sites\/17\/2020\/08\/50_druk_resize.jpg\",\"width\":800,\"height\":560},{\"@type\":\"BreadcrumbList\",\"@id\":\"https:\/\/instytutpolski.pl\/stockholm\/2020\/11\/16\/utstallning-i-boras-helige-johannes-paulus-ii-100-ar\/#breadcrumb\",\"itemListElement\":[{\"@type\":\"ListItem\",\"position\":1,\"name\":\"Home\",\"item\":\"https:\/\/instytutpolski.pl\/stockholm\/\"},{\"@type\":\"ListItem\",\"position\":2,\"name\":\"Utst\u00e4llning i Bor\u00e5s: Helige Johannes Paulus II \u2013 100 \u00e5r\"}]},{\"@type\":\"WebSite\",\"@id\":\"https:\/\/instytutpolski.pl\/stockholm\/#website\",\"url\":\"https:\/\/instytutpolski.pl\/stockholm\/\",\"name\":\"Instytut Polski w Sztokholmie\",\"description\":\"Instytuty Polskie\",\"potentialAction\":[{\"@type\":\"SearchAction\",\"target\":{\"@type\":\"EntryPoint\",\"urlTemplate\":\"https:\/\/instytutpolski.pl\/stockholm\/?s={search_term_string}\"},\"query-input\":{\"@type\":\"PropertyValueSpecification\",\"valueRequired\":true,\"valueName\":\"search_term_string\"}}],\"inLanguage\":\"pl-PL\"},{\"@type\":\"Person\",\"@id\":\"https:\/\/instytutpolski.pl\/stockholm\/#\/schema\/person\/062b5a5f61f32b17c98996975db8d556\",\"name\":\"strozniake\",\"image\":{\"@type\":\"ImageObject\",\"inLanguage\":\"pl-PL\",\"@id\":\"https:\/\/instytutpolski.pl\/stockholm\/#\/schema\/person\/image\/\",\"url\":\"https:\/\/secure.gravatar.com\/avatar\/25e0be9897787f9035155a882fde97cc?s=96&d=mm&r=g\",\"contentUrl\":\"https:\/\/secure.gravatar.com\/avatar\/25e0be9897787f9035155a882fde97cc?s=96&d=mm&r=g\",\"caption\":\"strozniake\"},\"sameAs\":[\"http:\/\/strozniake\"],\"url\":\"https:\/\/instytutpolski.pl\/stockholm\/author\/strozniake\/\"}]}<\/script>\n<!-- \/ Yoast SEO plugin. -->","yoast_head_json":{"title":"Utst\u00e4llning i Bor\u00e5s: Helige Johannes Paulus II \u2013 100 \u00e5r - Instytut Polski w Sztokholmie","robots":{"index":"index","follow":"follow","max-snippet":"max-snippet:-1","max-image-preview":"max-image-preview:large","max-video-preview":"max-video-preview:-1"},"canonical":"https:\/\/instytutpolski.pl\/stockholm\/2020\/11\/16\/utstallning-i-boras-helige-johannes-paulus-ii-100-ar\/","og_locale":"pl_PL","og_type":"article","og_title":"Utst\u00e4llning i Bor\u00e5s: Helige Johannes Paulus II \u2013 100 \u00e5r - Instytut Polski w Sztokholmie","og_description":"Utst\u00e4llningen presenterar en del av p\u00e5vens liv och visar hur han kunde n\u00e5 ut till alla, oberoende av \u00e5lder och nationalitet.&nbsp; Totus Tuus Maria &#8211; jag \u00e4r helt din Maria, sade Johannes Paulus II i Fatima ett \u00e5r efter attentatet i Rom 1981. Valspr\u00e5ket Totus Tuus Maria var en k\u00e4rleksf\u00f6rklaring till Guds moder. Sin egen [&hellip;]","og_url":"https:\/\/instytutpolski.pl\/stockholm\/2020\/11\/16\/utstallning-i-boras-helige-johannes-paulus-ii-100-ar\/","og_site_name":"Instytut Polski w Sztokholmie","article_published_time":"2020-11-16T10:49:39+00:00","article_modified_time":"2020-11-17T10:26:33+00:00","og_image":[{"width":800,"height":560,"url":"https:\/\/instytutpolski.pl\/stockholm\/wp-content\/uploads\/sites\/17\/2020\/08\/50_druk_resize.jpg","type":"image\/jpeg"}],"author":"strozniake","twitter_card":"summary_large_image","twitter_misc":{"Napisane przez":"strozniake","Szacowany czas czytania":"1 minuta"},"schema":{"@context":"https:\/\/schema.org","@graph":[{"@type":"event","@id":"https:\/\/instytutpolski.pl\/stockholm\/2020\/11\/16\/utstallning-i-boras-helige-johannes-paulus-ii-100-ar\/","url":"https:\/\/instytutpolski.pl\/stockholm\/2020\/11\/16\/utstallning-i-boras-helige-johannes-paulus-ii-100-ar\/","name":"Utst\u00e4llning i Bor\u00e5s: Helige Johannes Paulus II \u2013 100 \u00e5r","isPartOf":{"@id":"https:\/\/instytutpolski.pl\/stockholm\/#website"},"primaryImageOfPage":{"@id":"https:\/\/instytutpolski.pl\/stockholm\/2020\/11\/16\/utstallning-i-boras-helige-johannes-paulus-ii-100-ar\/#primaryimage"},"image":["https:\/\/instytutpolski.pl\/stockholm\/wp-content\/uploads\/sites\/17\/2020\/08\/50_druk_resize.jpg","https:\/\/instytutpolski.pl\/stockholm\/wp-content\/uploads\/sites\/17\/2020\/08\/50_druk_resize-300x210.jpg","https:\/\/instytutpolski.pl\/stockholm\/wp-content\/uploads\/sites\/17\/2020\/08\/50_druk_resize.jpg","https:\/\/instytutpolski.pl\/stockholm\/wp-content\/uploads\/sites\/17\/2020\/08\/50_druk_resize.jpg"],"thumbnailUrl":"https:\/\/instytutpolski.pl\/stockholm\/wp-content\/uploads\/sites\/17\/2020\/08\/50_druk_resize.jpg","datePublished":"2020-11-16T10:49:39+02:00","dateModified":"2020-11-17T10:26:33+02:00","author":{"@id":"https:\/\/instytutpolski.pl\/stockholm\/#\/schema\/person\/062b5a5f61f32b17c98996975db8d556"},"breadcrumb":{"@id":"https:\/\/instytutpolski.pl\/stockholm\/2020\/11\/16\/utstallning-i-boras-helige-johannes-paulus-ii-100-ar\/#breadcrumb"},"inLanguage":"pl-PL","potentialAction":[{"@type":"ReadAction","target":["https:\/\/instytutpolski.pl\/stockholm\/2020\/11\/16\/utstallning-i-boras-helige-johannes-paulus-ii-100-ar\/"]}],"@context":"https:\/\/schema.org","startDate":"2020-11-22","endDate":"2020-12-06","eventStatus":"EventScheduled","eventAttendanceMode":"OfflineEventAttendanceMode","location":{"@type":"place","name":"Sankt Sigfrids Katolska Kyrka, Fj\u00e4llgatan 34, Bor\u00e5s","address":"Sankt Sigfrids Katolska Kyrka, Fj\u00e4llgatan 34, Bor\u00e5s","geo":{"@type":"GeoCoordinates","latitude":"0","longitude":"0"}},"description":"Utst\u00e4llningen presenterar en del av p\u00e5vens liv och visar hur han kunde n\u00e5 ut till alla, oberoende av \u00e5lder och nationalitet. \nTotus Tuus Maria - jag \u00e4r helt din Maria, sade Johannes Paulus II i Fatima ett \u00e5r efter attentatet i Rom 1981. Valspr\u00e5ket Totus Tuus Maria var en k\u00e4rleksf\u00f6rklaring till Guds moder. Sin egen mor miste han som nio\u00e5rig pojke. Han v\u00e4xte upp med sin far och bror. Sonen, studenten, poeten och arbetaren Karol Wojtyla som trots ett liv pr\u00e4glat av f\u00f6rluster, sorger och lidande blev p\u00e5ve, fredsm\u00e4klare och framf\u00f6rallt Guds tj\u00e4nare.\nIh\u00e5gkommen som m\u00e4nniskan som alltid gav av sig sj\u00e4lv till andra.\nHan k\u00e4mpade f\u00f6r de m\u00e4nskliga r\u00e4ttigheterna, f\u00f6r de fattiga i tredje v\u00e4rlden och han arbetade ih\u00e4rdigt f\u00f6r demokratin i \u00d6steuropa. Han kommunicerade det kristna budskapet till miljoner m\u00e4nniskor i v\u00e4rldens alla kontinenter. Instiftandet av V\u00e4rldsungdomsdagarna \u00e4r ett arv som lever kvar efter honom. \nHans tankar, ord och goda g\u00e4rningar lever kvar i m\u00e5nga m\u00e4nniskors hj\u00e4rtan och talar till oss \u00e4n idag.\nStort tack till alla som m\u00f6jliggjorde utst\u00e4llningen!\nKoncept och text: Anna GlowackiBilder: Zdzis\u0142aw Sowi\u0144ski \nProjektet genomf\u00f6rdes i samarbete med S:t Sigfrids katolska f\u00f6rsamling i Bor\u00e5s och Katolska kyrkan i Sverige.\nVill du bes\u00f6ka utst\u00e4llningen m\u00e5ste du boka en tid via telefon: 0768716172 eller 0761999866.\nFoton: Zdzis\u0142aw Sowi\u0144ski"},{"@type":"ImageObject","inLanguage":"pl-PL","@id":"https:\/\/instytutpolski.pl\/stockholm\/2020\/11\/16\/utstallning-i-boras-helige-johannes-paulus-ii-100-ar\/#primaryimage","url":"https:\/\/instytutpolski.pl\/stockholm\/wp-content\/uploads\/sites\/17\/2020\/08\/50_druk_resize.jpg","contentUrl":"https:\/\/instytutpolski.pl\/stockholm\/wp-content\/uploads\/sites\/17\/2020\/08\/50_druk_resize.jpg","width":800,"height":560},{"@type":"BreadcrumbList","@id":"https:\/\/instytutpolski.pl\/stockholm\/2020\/11\/16\/utstallning-i-boras-helige-johannes-paulus-ii-100-ar\/#breadcrumb","itemListElement":[{"@type":"ListItem","position":1,"name":"Home","item":"https:\/\/instytutpolski.pl\/stockholm\/"},{"@type":"ListItem","position":2,"name":"Utst\u00e4llning i Bor\u00e5s: Helige Johannes Paulus II \u2013 100 \u00e5r"}]},{"@type":"WebSite","@id":"https:\/\/instytutpolski.pl\/stockholm\/#website","url":"https:\/\/instytutpolski.pl\/stockholm\/","name":"Instytut Polski w Sztokholmie","description":"Instytuty Polskie","potentialAction":[{"@type":"SearchAction","target":{"@type":"EntryPoint","urlTemplate":"https:\/\/instytutpolski.pl\/stockholm\/?s={search_term_string}"},"query-input":{"@type":"PropertyValueSpecification","valueRequired":true,"valueName":"search_term_string"}}],"inLanguage":"pl-PL"},{"@type":"Person","@id":"https:\/\/instytutpolski.pl\/stockholm\/#\/schema\/person\/062b5a5f61f32b17c98996975db8d556","name":"strozniake","image":{"@type":"ImageObject","inLanguage":"pl-PL","@id":"https:\/\/instytutpolski.pl\/stockholm\/#\/schema\/person\/image\/","url":"https:\/\/secure.gravatar.com\/avatar\/25e0be9897787f9035155a882fde97cc?s=96&d=mm&r=g","contentUrl":"https:\/\/secure.gravatar.com\/avatar\/25e0be9897787f9035155a882fde97cc?s=96&d=mm&r=g","caption":"strozniake"},"sameAs":["http:\/\/strozniake"],"url":"https:\/\/instytutpolski.pl\/stockholm\/author\/strozniake\/"}]}},"_links":{"self":[{"href":"https:\/\/instytutpolski.pl\/stockholm\/wp-json\/wp\/v2\/posts\/4305","targetHints":{"allow":["GET"]}}],"collection":[{"href":"https:\/\/instytutpolski.pl\/stockholm\/wp-json\/wp\/v2\/posts"}],"about":[{"href":"https:\/\/instytutpolski.pl\/stockholm\/wp-json\/wp\/v2\/types\/post"}],"author":[{"embeddable":true,"href":"https:\/\/instytutpolski.pl\/stockholm\/wp-json\/wp\/v2\/users\/29"}],"replies":[{"embeddable":true,"href":"https:\/\/instytutpolski.pl\/stockholm\/wp-json\/wp\/v2\/comments?post=4305"}],"version-history":[{"count":8,"href":"https:\/\/instytutpolski.pl\/stockholm\/wp-json\/wp\/v2\/posts\/4305\/revisions"}],"predecessor-version":[{"id":4328,"href":"https:\/\/instytutpolski.pl\/stockholm\/wp-json\/wp\/v2\/posts\/4305\/revisions\/4328"}],"wp:featuredmedia":[{"embeddable":true,"href":"https:\/\/instytutpolski.pl\/stockholm\/wp-json\/wp\/v2\/media\/3114"}],"wp:attachment":[{"href":"https:\/\/instytutpolski.pl\/stockholm\/wp-json\/wp\/v2\/media?parent=4305"}],"wp:term":[{"taxonomy":"category","embeddable":true,"href":"https:\/\/instytutpolski.pl\/stockholm\/wp-json\/wp\/v2\/categories?post=4305"},{"taxonomy":"post_tag","embeddable":true,"href":"https:\/\/instytutpolski.pl\/stockholm\/wp-json\/wp\/v2\/tags?post=4305"}],"curies":[{"name":"wp","href":"https:\/\/api.w.org\/{rel}","templated":true}]}}