{"id":4385,"date":"2020-11-27T12:20:26","date_gmt":"2020-11-27T11:20:26","guid":{"rendered":"https:\/\/instytutpolski.pl\/stockholm\/?p=4385"},"modified":"2020-12-04T14:53:19","modified_gmt":"2020-12-04T13:53:19","slug":"polens-vigsel-med-havet","status":"publish","type":"post","link":"https:\/\/instytutpolski.pl\/stockholm\/2020\/11\/27\/polens-vigsel-med-havet\/","title":{"rendered":"Onlinef\u00f6redrag: Polens vigsel med havet"},"content":{"rendered":"\n<p>Maria Zadencka ber\u00e4ttar om den symboliska ceremonin som h\u00f6gtidligh\u00f6ll det faktumet att tillsammans med sin nyvunna sj\u00e4lvst\u00e4ndighet har&nbsp;Polen erh\u00e5llit en 140 kilometerl\u00e5nga kustremsa &#8211; \u00e5terigen f\u00e5tt tillg\u00e5ng till \u00d6stersj\u00f6n. I \u00e5r \u00e4r det 100 \u00e5r sedan h\u00e4ndelsen.<\/p>\n\n\n\n<figure class=\"wp-block-embed-youtube wp-block-embed is-type-video is-provider-youtube wp-embed-aspect-16-9 wp-has-aspect-ratio\"><div class=\"wp-block-embed__wrapper\">\nhttps:\/\/youtu.be\/m9qhqhTW0Cg\n<\/div><\/figure>\n\n\n\n<div class=\"wp-block-image\"><figure class=\"aligncenter size-large is-resized\"><img loading=\"lazy\" decoding=\"async\" src=\"https:\/\/instytutpolski.pl\/stockholm\/wp-content\/uploads\/sites\/17\/2020\/11\/pobrane-1024x541.png\" alt=\"\" class=\"wp-image-4386\" width=\"768\" height=\"406\" srcset=\"https:\/\/instytutpolski.pl\/stockholm\/wp-content\/uploads\/sites\/17\/2020\/11\/pobrane-1024x541.png 1024w, https:\/\/instytutpolski.pl\/stockholm\/wp-content\/uploads\/sites\/17\/2020\/11\/pobrane-300x159.png 300w, https:\/\/instytutpolski.pl\/stockholm\/wp-content\/uploads\/sites\/17\/2020\/11\/pobrane-768x406.png 768w, https:\/\/instytutpolski.pl\/stockholm\/wp-content\/uploads\/sites\/17\/2020\/11\/pobrane.png 1080w\" sizes=\"auto, (max-width: 768px) 100vw, 768px\" \/><figcaption><em>Za\u015blubiny Polski z morzem (Polens vigsel med havet), vykort med m\u00e5lningen av Wojciech Kossak, utgivet av Wydawnictwo Salonu Malarzy Polskich, k\u00e4lla: Biblioteka Uniwersytecka KUL,&nbsp;<\/em><a rel=\"noreferrer noopener\" href=\"http:\/\/www.polona.pl\/\" target=\"_blank\"><em>www.polona.pl<\/em><\/a><em>, Public Domain<\/em>.<\/figcaption><\/figure><\/div>\n\n\n\n<div class=\"wp-block-image\"><figure class=\"aligncenter size-large is-resized\"><img loading=\"lazy\" decoding=\"async\" src=\"https:\/\/instytutpolski.pl\/stockholm\/wp-content\/uploads\/sites\/17\/2020\/11\/pobrane-1-1024x541.png\" alt=\"\" class=\"wp-image-4387\" width=\"768\" height=\"406\" srcset=\"https:\/\/instytutpolski.pl\/stockholm\/wp-content\/uploads\/sites\/17\/2020\/11\/pobrane-1-1024x541.png 1024w, https:\/\/instytutpolski.pl\/stockholm\/wp-content\/uploads\/sites\/17\/2020\/11\/pobrane-1-300x159.png 300w, https:\/\/instytutpolski.pl\/stockholm\/wp-content\/uploads\/sites\/17\/2020\/11\/pobrane-1-768x406.png 768w, https:\/\/instytutpolski.pl\/stockholm\/wp-content\/uploads\/sites\/17\/2020\/11\/pobrane-1.png 1080w\" sizes=\"auto, (max-width: 768px) 100vw, 768px\" \/><figcaption><em>Akt Za\u015blubin Polski z Morzem (Akten f\u00f6r Polens vigsel med havet) dokumentet skapat av konstn\u00e4ren&nbsp;Henryk Uziemb\u0142o, k\u00e4lla: Bibilioteka Narodowa,&nbsp;<\/em><a rel=\"noreferrer noopener\" href=\"http:\/\/www.polona.pl\/\" target=\"_blank\"><em>www.polona.pl<\/em><\/a><em>, Public Domain.<\/em><\/figcaption><\/figure><\/div>\n\n\n\n<p><br><\/p>\n\n\n\n<figure class=\"wp-block-image size-large\"><img loading=\"lazy\" decoding=\"async\" width=\"260\" height=\"260\" src=\"https:\/\/instytutpolski.pl\/stockholm\/wp-content\/uploads\/sites\/17\/2020\/11\/image.jpg\" alt=\"\" class=\"wp-image-4399\" srcset=\"https:\/\/instytutpolski.pl\/stockholm\/wp-content\/uploads\/sites\/17\/2020\/11\/image.jpg 260w, https:\/\/instytutpolski.pl\/stockholm\/wp-content\/uploads\/sites\/17\/2020\/11\/image-150x150.jpg 150w\" sizes=\"auto, (max-width: 260px) 100vw, 260px\" \/><\/figure>\n\n\n\n<p><strong>Maria Zadencka<\/strong>, professor i polska spr\u00e5ket och litteraturen, f\u00f6dd i Krakow, Polen, studier vid Jagellonska universitetet i Krakow i polska spr\u00e5ket och litteraturen, magisterexamen 1984, doktorandstudier vid Uppsala Universitet. Disputation f\u00f6r doktorsexamen i slaviska spr\u00e5k 1995, promoverad till filosofie doktor 1996 vid Uppsala universitet.&nbsp;F\u00f6rordnanden som visiting assistant professor vid Department of Slavic and Baltic Languages and Literatures, University of Illinois at Chicago 1998-2000; som forskarassistent vid Slaviska institutionen, Stockholms Universitet 2003. Antogs som docent i polska spr\u00e5ket och litteraturen vid Helsingfors universitet 2005; sedermera verksam vid&nbsp;<a href=\"http:\/\/www.helsinki.fi\/modernasprak\/\">Institutionen f\u00f6r moderna spr\u00e5k<\/a>&nbsp;och&nbsp;<a href=\"http:\/\/www.helsinki.fi\/aleksanteri\/english\/\">Alexanteri institutet<\/a>&nbsp;vid Helsingfors universitet. Ledare f\u00f6r n\u00e4tverksprojektet \u00bbLitteratur och nationell identitet\u00bb 1997-2005; f\u00f6r projektet Centraleuropeisk historieskrivningen i exil 2007-11. Universitetslektor vid Stockholms universitet 2011. G\u00e4stf\u00f6rel\u00e4sningar vid bl a University of Chicago, University of Illinois at Urbana Champaign, universiteten i Poznan, Riga och Vilnius. Ledamot i forskningsr\u00e5det vid&nbsp;<a href=\"http:\/\/www.uni-leipzig.de\/gwzo\/\">GWZO<\/a>&nbsp;Leipzig invald 2011.&nbsp;<\/p>\n","protected":false},"excerpt":{"rendered":"<p>Maria Zadencka ber\u00e4ttar om den symboliska ceremonin som h\u00f6gtidligh\u00f6ll det faktumet att tillsammans med sin nyvunna sj\u00e4lvst\u00e4ndighet har&nbsp;Polen erh\u00e5llit en 140 kilometerl\u00e5nga kustremsa &#8211; \u00e5terigen f\u00e5tt tillg\u00e5ng till \u00d6stersj\u00f6n. I \u00e5r \u00e4r det 100 \u00e5r sedan h\u00e4ndelsen. Maria Zadencka, professor i polska spr\u00e5ket och litteraturen, f\u00f6dd i Krakow, Polen, studier vid Jagellonska universitetet i Krakow [&hellip;]<\/p>\n","protected":false},"author":29,"featured_media":4386,"comment_status":"closed","ping_status":"closed","sticky":false,"template":"","format":"standard","meta":{"inline_featured_image":false,"_monsterinsights_skip_tracking":false,"_monsterinsights_sitenote_active":false,"_monsterinsights_sitenote_note":"","_monsterinsights_sitenote_category":0,"footnotes":""},"categories":[12,111],"tags":[],"class_list":["post-4385","post","type-post","status-publish","format-standard","has-post-thumbnail","hentry","category-evenemang","category-historia-se"],"yoast_head":"<!-- This site is optimized with the Yoast SEO plugin v24.6 - https:\/\/yoast.com\/wordpress\/plugins\/seo\/ -->\n<title>Onlinef\u00f6redrag: Polens vigsel med havet - Instytut Polski w Sztokholmie<\/title>\n<meta name=\"robots\" content=\"index, follow, max-snippet:-1, max-image-preview:large, max-video-preview:-1\" \/>\n<link rel=\"canonical\" href=\"https:\/\/instytutpolski.pl\/stockholm\/2020\/11\/27\/polens-vigsel-med-havet\/\" \/>\n<meta property=\"og:locale\" content=\"pl_PL\" \/>\n<meta property=\"og:type\" content=\"article\" \/>\n<meta property=\"og:title\" content=\"Onlinef\u00f6redrag: Polens vigsel med havet - Instytut Polski w Sztokholmie\" \/>\n<meta property=\"og:description\" content=\"Maria Zadencka ber\u00e4ttar om den symboliska ceremonin som h\u00f6gtidligh\u00f6ll det faktumet att tillsammans med sin nyvunna sj\u00e4lvst\u00e4ndighet har&nbsp;Polen erh\u00e5llit en 140 kilometerl\u00e5nga kustremsa &#8211; \u00e5terigen f\u00e5tt tillg\u00e5ng till \u00d6stersj\u00f6n. I \u00e5r \u00e4r det 100 \u00e5r sedan h\u00e4ndelsen. Maria Zadencka, professor i polska spr\u00e5ket och litteraturen, f\u00f6dd i Krakow, Polen, studier vid Jagellonska universitetet i Krakow [&hellip;]\" \/>\n<meta property=\"og:url\" content=\"https:\/\/instytutpolski.pl\/stockholm\/2020\/11\/27\/polens-vigsel-med-havet\/\" \/>\n<meta property=\"og:site_name\" content=\"Instytut Polski w Sztokholmie\" \/>\n<meta property=\"article:published_time\" content=\"2020-11-27T11:20:26+00:00\" \/>\n<meta property=\"article:modified_time\" content=\"2020-12-04T13:53:19+00:00\" \/>\n<meta property=\"og:image\" content=\"https:\/\/instytutpolski.pl\/stockholm\/wp-content\/uploads\/sites\/17\/2020\/11\/pobrane.png\" \/>\n\t<meta property=\"og:image:width\" content=\"1080\" \/>\n\t<meta property=\"og:image:height\" content=\"571\" \/>\n\t<meta property=\"og:image:type\" content=\"image\/png\" \/>\n<meta name=\"author\" content=\"strozniake\" \/>\n<meta name=\"twitter:card\" content=\"summary_large_image\" \/>\n<meta name=\"twitter:label1\" content=\"Napisane przez\" \/>\n\t<meta name=\"twitter:data1\" content=\"strozniake\" \/>\n\t<meta name=\"twitter:label2\" content=\"Szacowany czas czytania\" \/>\n\t<meta name=\"twitter:data2\" content=\"1 minuta\" \/>\n<script type=\"application\/ld+json\" class=\"yoast-schema-graph\">{\"@context\":\"https:\/\/schema.org\",\"@graph\":[{\"@type\":\"event\",\"@id\":\"https:\/\/instytutpolski.pl\/stockholm\/2020\/11\/27\/polens-vigsel-med-havet\/\",\"url\":\"https:\/\/instytutpolski.pl\/stockholm\/2020\/11\/27\/polens-vigsel-med-havet\/\",\"name\":\"Onlinef\u00f6redrag: Polens vigsel med havet\",\"isPartOf\":{\"@id\":\"https:\/\/instytutpolski.pl\/stockholm\/#website\"},\"primaryImageOfPage\":{\"@id\":\"https:\/\/instytutpolski.pl\/stockholm\/2020\/11\/27\/polens-vigsel-med-havet\/#primaryimage\"},\"image\":[\"https:\/\/instytutpolski.pl\/stockholm\/wp-content\/uploads\/sites\/17\/2020\/11\/pobrane.png\",\"https:\/\/instytutpolski.pl\/stockholm\/wp-content\/uploads\/sites\/17\/2020\/11\/pobrane-300x159.png\",\"https:\/\/instytutpolski.pl\/stockholm\/wp-content\/uploads\/sites\/17\/2020\/11\/pobrane-1024x541.png\",\"https:\/\/instytutpolski.pl\/stockholm\/wp-content\/uploads\/sites\/17\/2020\/11\/pobrane.png\"],\"thumbnailUrl\":\"https:\/\/instytutpolski.pl\/stockholm\/wp-content\/uploads\/sites\/17\/2020\/11\/pobrane.png\",\"datePublished\":\"2020-11-27T11:20:26+02:00\",\"dateModified\":\"2020-12-04T13:53:19+02:00\",\"author\":{\"@id\":\"https:\/\/instytutpolski.pl\/stockholm\/#\/schema\/person\/062b5a5f61f32b17c98996975db8d556\"},\"breadcrumb\":{\"@id\":\"https:\/\/instytutpolski.pl\/stockholm\/2020\/11\/27\/polens-vigsel-med-havet\/#breadcrumb\"},\"inLanguage\":\"pl-PL\",\"potentialAction\":[{\"@type\":\"ReadAction\",\"target\":[\"https:\/\/instytutpolski.pl\/stockholm\/2020\/11\/27\/polens-vigsel-med-havet\/\"]}],\"@context\":\"https:\/\/schema.org\",\"startDate\":\"2020-12-04\",\"endDate\":\"2020-12-04\",\"eventStatus\":\"EventScheduled\",\"eventAttendanceMode\":\"OnlineEventAttendanceMode\",\"location\":{\"@type\":\"VirtualLocation\",\"url\":\"\"},\"description\":\"Maria Zadencka ber\u00e4ttar om den symboliska ceremonin som h\u00f6gtidligh\u00f6ll det faktumet att tillsammans med sin nyvunna sj\u00e4lvst\u00e4ndighet har Polen erh\u00e5llit en 140 kilometerl\u00e5nga kustremsa - \u00e5terigen f\u00e5tt tillg\u00e5ng till \u00d6stersj\u00f6n. I \u00e5r \u00e4r det 100 \u00e5r sedan h\u00e4ndelsen.\\nMaria Zadencka, professor i polska spr\u00e5ket och litteraturen, f\u00f6dd i Krakow, Polen, studier vid Jagellonska universitetet i Krakow i polska spr\u00e5ket och litteraturen, magisterexamen 1984, doktorandstudier vid Uppsala Universitet. Disputation f\u00f6r doktorsexamen i slaviska spr\u00e5k 1995, promoverad till filosofie doktor 1996 vid Uppsala universitet. F\u00f6rordnanden som visiting assistant professor vid Department of Slavic and Baltic Languages and Literatures, University of Illinois at Chicago 1998-2000; som forskarassistent vid Slaviska institutionen, Stockholms Universitet 2003. Antogs som docent i polska spr\u00e5ket och litteraturen vid Helsingfors universitet 2005; sedermera verksam vid Institutionen f\u00f6r moderna spr\u00e5k och Alexanteri institutet vid Helsingfors universitet. Ledare f\u00f6r n\u00e4tverksprojektet \u00bbLitteratur och nationell identitet\u00bb 1997-2005; f\u00f6r projektet Centraleuropeisk historieskrivningen i exil 2007-11. Universitetslektor vid Stockholms universitet 2011. G\u00e4stf\u00f6rel\u00e4sningar vid bl a University of Chicago, University of Illinois at Urbana Champaign, universiteten i Poznan, Riga och Vilnius. Ledamot i forskningsr\u00e5det vid GWZO Leipzig invald 2011. \"},{\"@type\":\"ImageObject\",\"inLanguage\":\"pl-PL\",\"@id\":\"https:\/\/instytutpolski.pl\/stockholm\/2020\/11\/27\/polens-vigsel-med-havet\/#primaryimage\",\"url\":\"https:\/\/instytutpolski.pl\/stockholm\/wp-content\/uploads\/sites\/17\/2020\/11\/pobrane.png\",\"contentUrl\":\"https:\/\/instytutpolski.pl\/stockholm\/wp-content\/uploads\/sites\/17\/2020\/11\/pobrane.png\",\"width\":1080,\"height\":571},{\"@type\":\"BreadcrumbList\",\"@id\":\"https:\/\/instytutpolski.pl\/stockholm\/2020\/11\/27\/polens-vigsel-med-havet\/#breadcrumb\",\"itemListElement\":[{\"@type\":\"ListItem\",\"position\":1,\"name\":\"Home\",\"item\":\"https:\/\/instytutpolski.pl\/stockholm\/\"},{\"@type\":\"ListItem\",\"position\":2,\"name\":\"Onlinef\u00f6redrag: Polens vigsel med havet\"}]},{\"@type\":\"WebSite\",\"@id\":\"https:\/\/instytutpolski.pl\/stockholm\/#website\",\"url\":\"https:\/\/instytutpolski.pl\/stockholm\/\",\"name\":\"Instytut Polski w Sztokholmie\",\"description\":\"Instytuty Polskie\",\"potentialAction\":[{\"@type\":\"SearchAction\",\"target\":{\"@type\":\"EntryPoint\",\"urlTemplate\":\"https:\/\/instytutpolski.pl\/stockholm\/?s={search_term_string}\"},\"query-input\":{\"@type\":\"PropertyValueSpecification\",\"valueRequired\":true,\"valueName\":\"search_term_string\"}}],\"inLanguage\":\"pl-PL\"},{\"@type\":\"Person\",\"@id\":\"https:\/\/instytutpolski.pl\/stockholm\/#\/schema\/person\/062b5a5f61f32b17c98996975db8d556\",\"name\":\"strozniake\",\"image\":{\"@type\":\"ImageObject\",\"inLanguage\":\"pl-PL\",\"@id\":\"https:\/\/instytutpolski.pl\/stockholm\/#\/schema\/person\/image\/\",\"url\":\"https:\/\/secure.gravatar.com\/avatar\/25e0be9897787f9035155a882fde97cc?s=96&d=mm&r=g\",\"contentUrl\":\"https:\/\/secure.gravatar.com\/avatar\/25e0be9897787f9035155a882fde97cc?s=96&d=mm&r=g\",\"caption\":\"strozniake\"},\"sameAs\":[\"http:\/\/strozniake\"],\"url\":\"https:\/\/instytutpolski.pl\/stockholm\/author\/strozniake\/\"}]}<\/script>\n<!-- \/ Yoast SEO plugin. -->","yoast_head_json":{"title":"Onlinef\u00f6redrag: Polens vigsel med havet - Instytut Polski w Sztokholmie","robots":{"index":"index","follow":"follow","max-snippet":"max-snippet:-1","max-image-preview":"max-image-preview:large","max-video-preview":"max-video-preview:-1"},"canonical":"https:\/\/instytutpolski.pl\/stockholm\/2020\/11\/27\/polens-vigsel-med-havet\/","og_locale":"pl_PL","og_type":"article","og_title":"Onlinef\u00f6redrag: Polens vigsel med havet - Instytut Polski w Sztokholmie","og_description":"Maria Zadencka ber\u00e4ttar om den symboliska ceremonin som h\u00f6gtidligh\u00f6ll det faktumet att tillsammans med sin nyvunna sj\u00e4lvst\u00e4ndighet har&nbsp;Polen erh\u00e5llit en 140 kilometerl\u00e5nga kustremsa &#8211; \u00e5terigen f\u00e5tt tillg\u00e5ng till \u00d6stersj\u00f6n. I \u00e5r \u00e4r det 100 \u00e5r sedan h\u00e4ndelsen. Maria Zadencka, professor i polska spr\u00e5ket och litteraturen, f\u00f6dd i Krakow, Polen, studier vid Jagellonska universitetet i Krakow [&hellip;]","og_url":"https:\/\/instytutpolski.pl\/stockholm\/2020\/11\/27\/polens-vigsel-med-havet\/","og_site_name":"Instytut Polski w Sztokholmie","article_published_time":"2020-11-27T11:20:26+00:00","article_modified_time":"2020-12-04T13:53:19+00:00","og_image":[{"width":1080,"height":571,"url":"https:\/\/instytutpolski.pl\/stockholm\/wp-content\/uploads\/sites\/17\/2020\/11\/pobrane.png","type":"image\/png"}],"author":"strozniake","twitter_card":"summary_large_image","twitter_misc":{"Napisane przez":"strozniake","Szacowany czas czytania":"1 minuta"},"schema":{"@context":"https:\/\/schema.org","@graph":[{"@type":"event","@id":"https:\/\/instytutpolski.pl\/stockholm\/2020\/11\/27\/polens-vigsel-med-havet\/","url":"https:\/\/instytutpolski.pl\/stockholm\/2020\/11\/27\/polens-vigsel-med-havet\/","name":"Onlinef\u00f6redrag: Polens vigsel med havet","isPartOf":{"@id":"https:\/\/instytutpolski.pl\/stockholm\/#website"},"primaryImageOfPage":{"@id":"https:\/\/instytutpolski.pl\/stockholm\/2020\/11\/27\/polens-vigsel-med-havet\/#primaryimage"},"image":["https:\/\/instytutpolski.pl\/stockholm\/wp-content\/uploads\/sites\/17\/2020\/11\/pobrane.png","https:\/\/instytutpolski.pl\/stockholm\/wp-content\/uploads\/sites\/17\/2020\/11\/pobrane-300x159.png","https:\/\/instytutpolski.pl\/stockholm\/wp-content\/uploads\/sites\/17\/2020\/11\/pobrane-1024x541.png","https:\/\/instytutpolski.pl\/stockholm\/wp-content\/uploads\/sites\/17\/2020\/11\/pobrane.png"],"thumbnailUrl":"https:\/\/instytutpolski.pl\/stockholm\/wp-content\/uploads\/sites\/17\/2020\/11\/pobrane.png","datePublished":"2020-11-27T11:20:26+02:00","dateModified":"2020-12-04T13:53:19+02:00","author":{"@id":"https:\/\/instytutpolski.pl\/stockholm\/#\/schema\/person\/062b5a5f61f32b17c98996975db8d556"},"breadcrumb":{"@id":"https:\/\/instytutpolski.pl\/stockholm\/2020\/11\/27\/polens-vigsel-med-havet\/#breadcrumb"},"inLanguage":"pl-PL","potentialAction":[{"@type":"ReadAction","target":["https:\/\/instytutpolski.pl\/stockholm\/2020\/11\/27\/polens-vigsel-med-havet\/"]}],"@context":"https:\/\/schema.org","startDate":"2020-12-04","endDate":"2020-12-04","eventStatus":"EventScheduled","eventAttendanceMode":"OnlineEventAttendanceMode","location":{"@type":"VirtualLocation","url":""},"description":"Maria Zadencka ber\u00e4ttar om den symboliska ceremonin som h\u00f6gtidligh\u00f6ll det faktumet att tillsammans med sin nyvunna sj\u00e4lvst\u00e4ndighet har Polen erh\u00e5llit en 140 kilometerl\u00e5nga kustremsa - \u00e5terigen f\u00e5tt tillg\u00e5ng till \u00d6stersj\u00f6n. I \u00e5r \u00e4r det 100 \u00e5r sedan h\u00e4ndelsen.\nMaria Zadencka, professor i polska spr\u00e5ket och litteraturen, f\u00f6dd i Krakow, Polen, studier vid Jagellonska universitetet i Krakow i polska spr\u00e5ket och litteraturen, magisterexamen 1984, doktorandstudier vid Uppsala Universitet. Disputation f\u00f6r doktorsexamen i slaviska spr\u00e5k 1995, promoverad till filosofie doktor 1996 vid Uppsala universitet. F\u00f6rordnanden som visiting assistant professor vid Department of Slavic and Baltic Languages and Literatures, University of Illinois at Chicago 1998-2000; som forskarassistent vid Slaviska institutionen, Stockholms Universitet 2003. Antogs som docent i polska spr\u00e5ket och litteraturen vid Helsingfors universitet 2005; sedermera verksam vid Institutionen f\u00f6r moderna spr\u00e5k och Alexanteri institutet vid Helsingfors universitet. Ledare f\u00f6r n\u00e4tverksprojektet \u00bbLitteratur och nationell identitet\u00bb 1997-2005; f\u00f6r projektet Centraleuropeisk historieskrivningen i exil 2007-11. Universitetslektor vid Stockholms universitet 2011. G\u00e4stf\u00f6rel\u00e4sningar vid bl a University of Chicago, University of Illinois at Urbana Champaign, universiteten i Poznan, Riga och Vilnius. Ledamot i forskningsr\u00e5det vid GWZO Leipzig invald 2011. "},{"@type":"ImageObject","inLanguage":"pl-PL","@id":"https:\/\/instytutpolski.pl\/stockholm\/2020\/11\/27\/polens-vigsel-med-havet\/#primaryimage","url":"https:\/\/instytutpolski.pl\/stockholm\/wp-content\/uploads\/sites\/17\/2020\/11\/pobrane.png","contentUrl":"https:\/\/instytutpolski.pl\/stockholm\/wp-content\/uploads\/sites\/17\/2020\/11\/pobrane.png","width":1080,"height":571},{"@type":"BreadcrumbList","@id":"https:\/\/instytutpolski.pl\/stockholm\/2020\/11\/27\/polens-vigsel-med-havet\/#breadcrumb","itemListElement":[{"@type":"ListItem","position":1,"name":"Home","item":"https:\/\/instytutpolski.pl\/stockholm\/"},{"@type":"ListItem","position":2,"name":"Onlinef\u00f6redrag: Polens vigsel med havet"}]},{"@type":"WebSite","@id":"https:\/\/instytutpolski.pl\/stockholm\/#website","url":"https:\/\/instytutpolski.pl\/stockholm\/","name":"Instytut Polski w Sztokholmie","description":"Instytuty Polskie","potentialAction":[{"@type":"SearchAction","target":{"@type":"EntryPoint","urlTemplate":"https:\/\/instytutpolski.pl\/stockholm\/?s={search_term_string}"},"query-input":{"@type":"PropertyValueSpecification","valueRequired":true,"valueName":"search_term_string"}}],"inLanguage":"pl-PL"},{"@type":"Person","@id":"https:\/\/instytutpolski.pl\/stockholm\/#\/schema\/person\/062b5a5f61f32b17c98996975db8d556","name":"strozniake","image":{"@type":"ImageObject","inLanguage":"pl-PL","@id":"https:\/\/instytutpolski.pl\/stockholm\/#\/schema\/person\/image\/","url":"https:\/\/secure.gravatar.com\/avatar\/25e0be9897787f9035155a882fde97cc?s=96&d=mm&r=g","contentUrl":"https:\/\/secure.gravatar.com\/avatar\/25e0be9897787f9035155a882fde97cc?s=96&d=mm&r=g","caption":"strozniake"},"sameAs":["http:\/\/strozniake"],"url":"https:\/\/instytutpolski.pl\/stockholm\/author\/strozniake\/"}]}},"_links":{"self":[{"href":"https:\/\/instytutpolski.pl\/stockholm\/wp-json\/wp\/v2\/posts\/4385","targetHints":{"allow":["GET"]}}],"collection":[{"href":"https:\/\/instytutpolski.pl\/stockholm\/wp-json\/wp\/v2\/posts"}],"about":[{"href":"https:\/\/instytutpolski.pl\/stockholm\/wp-json\/wp\/v2\/types\/post"}],"author":[{"embeddable":true,"href":"https:\/\/instytutpolski.pl\/stockholm\/wp-json\/wp\/v2\/users\/29"}],"replies":[{"embeddable":true,"href":"https:\/\/instytutpolski.pl\/stockholm\/wp-json\/wp\/v2\/comments?post=4385"}],"version-history":[{"count":15,"href":"https:\/\/instytutpolski.pl\/stockholm\/wp-json\/wp\/v2\/posts\/4385\/revisions"}],"predecessor-version":[{"id":4443,"href":"https:\/\/instytutpolski.pl\/stockholm\/wp-json\/wp\/v2\/posts\/4385\/revisions\/4443"}],"wp:featuredmedia":[{"embeddable":true,"href":"https:\/\/instytutpolski.pl\/stockholm\/wp-json\/wp\/v2\/media\/4386"}],"wp:attachment":[{"href":"https:\/\/instytutpolski.pl\/stockholm\/wp-json\/wp\/v2\/media?parent=4385"}],"wp:term":[{"taxonomy":"category","embeddable":true,"href":"https:\/\/instytutpolski.pl\/stockholm\/wp-json\/wp\/v2\/categories?post=4385"},{"taxonomy":"post_tag","embeddable":true,"href":"https:\/\/instytutpolski.pl\/stockholm\/wp-json\/wp\/v2\/tags?post=4385"}],"curies":[{"name":"wp","href":"https:\/\/api.w.org\/{rel}","templated":true}]}}