{"id":4496,"date":"2020-12-16T12:24:00","date_gmt":"2020-12-16T11:24:00","guid":{"rendered":"https:\/\/instytutpolski.pl\/stockholm\/?p=4496"},"modified":"2021-01-19T14:10:08","modified_gmt":"2021-01-19T13:10:08","slug":"utstallning-om-chopins-liv-och-verk","status":"publish","type":"post","link":"https:\/\/instytutpolski.pl\/stockholm\/2020\/12\/16\/utstallning-om-chopins-liv-och-verk\/","title":{"rendered":"Utst\u00e4llning om Chopins liv och verk"},"content":{"rendered":"\n<p>Utst\u00e4llningen med manus av \u0141ukasz Kaczmarowski fr\u00e5n <a rel=\"noreferrer noopener\" href=\"https:\/\/muzeum.nifc.pl\/en\/\/\" target=\"_blank\">Chopinmuseet<\/a> (Muzeum Fryderyka Chopina \/ The Fryderyk Chopin Museum) och grafisk design av <a rel=\"noreferrer noopener\" href=\"http:\/\/www.rytm.org\/en\/digital\" target=\"_blank\">Rytm Digital<\/a> skapades f\u00f6r <a rel=\"noreferrer noopener\" href=\"https:\/\/nifc.pl\/en\/\/\" target=\"_blank\">Chopininstitutet i Warszawa<\/a> (Narodowy Instytut Fryderyka Chopina \/ The Fryderyk Chopin Institute). V\u00e5r svenska version av utst\u00e4llningen \u00e4r i \u00f6vers\u00e4ttning av Lennart Ilke.<\/p>\n\n\n\n<div class=\"wp-block-image\"><figure class=\"aligncenter size-large is-resized\"><img loading=\"lazy\" decoding=\"async\" src=\"https:\/\/instytutpolski.pl\/stockholm\/wp-content\/uploads\/sites\/17\/2020\/12\/SE_biograficzna_prev_OST_Strona_01-717x1024.jpg\" alt=\"\" class=\"wp-image-4498\" width=\"538\" height=\"768\" srcset=\"https:\/\/instytutpolski.pl\/stockholm\/wp-content\/uploads\/sites\/17\/2020\/12\/SE_biograficzna_prev_OST_Strona_01-717x1024.jpg 717w, https:\/\/instytutpolski.pl\/stockholm\/wp-content\/uploads\/sites\/17\/2020\/12\/SE_biograficzna_prev_OST_Strona_01-210x300.jpg 210w, https:\/\/instytutpolski.pl\/stockholm\/wp-content\/uploads\/sites\/17\/2020\/12\/SE_biograficzna_prev_OST_Strona_01-768x1097.jpg 768w, https:\/\/instytutpolski.pl\/stockholm\/wp-content\/uploads\/sites\/17\/2020\/12\/SE_biograficzna_prev_OST_Strona_01-1075x1536.jpg 1075w, https:\/\/instytutpolski.pl\/stockholm\/wp-content\/uploads\/sites\/17\/2020\/12\/SE_biograficzna_prev_OST_Strona_01-1433x2048.jpg 1433w, https:\/\/instytutpolski.pl\/stockholm\/wp-content\/uploads\/sites\/17\/2020\/12\/SE_biograficzna_prev_OST_Strona_01-scaled.jpg 1792w\" sizes=\"auto, (max-width: 538px) 100vw, 538px\" \/><\/figure><\/div>\n\n\n\n<figure class=\"wp-block-gallery columns-4 wp-block-gallery-1 is-layout-flex wp-block-gallery-is-layout-flex\"><ul class=\"blocks-gallery-grid\"><li class=\"blocks-gallery-item\"><figure><a href=\"https:\/\/instytutpolski.pl\/stockholm\/wp-content\/uploads\/sites\/17\/2020\/12\/SE_biograficzna_prev_OST_Strona_02-scaled.jpg\"><img loading=\"lazy\" decoding=\"async\" width=\"210\" height=\"300\" src=\"https:\/\/instytutpolski.pl\/stockholm\/wp-content\/uploads\/sites\/17\/2020\/12\/SE_biograficzna_prev_OST_Strona_02-210x300.jpg\" alt=\"\" data-id=\"4897\" data-full-url=\"https:\/\/instytutpolski.pl\/stockholm\/wp-content\/uploads\/sites\/17\/2020\/12\/SE_biograficzna_prev_OST_Strona_02-scaled.jpg\" data-link=\"https:\/\/instytutpolski.pl\/stockholm\/2020\/12\/16\/utstallning-om-chopins-liv-och-verk\/se_biograficzna_prev_ost_strona_02\/\" class=\"wp-image-4897\" srcset=\"https:\/\/instytutpolski.pl\/stockholm\/wp-content\/uploads\/sites\/17\/2020\/12\/SE_biograficzna_prev_OST_Strona_02-210x300.jpg 210w, https:\/\/instytutpolski.pl\/stockholm\/wp-content\/uploads\/sites\/17\/2020\/12\/SE_biograficzna_prev_OST_Strona_02-717x1024.jpg 717w, https:\/\/instytutpolski.pl\/stockholm\/wp-content\/uploads\/sites\/17\/2020\/12\/SE_biograficzna_prev_OST_Strona_02-768x1097.jpg 768w, https:\/\/instytutpolski.pl\/stockholm\/wp-content\/uploads\/sites\/17\/2020\/12\/SE_biograficzna_prev_OST_Strona_02-1075x1536.jpg 1075w, https:\/\/instytutpolski.pl\/stockholm\/wp-content\/uploads\/sites\/17\/2020\/12\/SE_biograficzna_prev_OST_Strona_02-1433x2048.jpg 1433w, https:\/\/instytutpolski.pl\/stockholm\/wp-content\/uploads\/sites\/17\/2020\/12\/SE_biograficzna_prev_OST_Strona_02-scaled.jpg 1792w\" sizes=\"auto, (max-width: 210px) 100vw, 210px\" \/><\/a><\/figure><\/li><li class=\"blocks-gallery-item\"><figure><a href=\"https:\/\/instytutpolski.pl\/stockholm\/wp-content\/uploads\/sites\/17\/2020\/12\/SE_biograficzna_prev_OST_Strona_03-scaled.jpg\"><img loading=\"lazy\" decoding=\"async\" width=\"210\" height=\"300\" src=\"https:\/\/instytutpolski.pl\/stockholm\/wp-content\/uploads\/sites\/17\/2020\/12\/SE_biograficzna_prev_OST_Strona_03-210x300.jpg\" alt=\"\" data-id=\"4898\" data-full-url=\"https:\/\/instytutpolski.pl\/stockholm\/wp-content\/uploads\/sites\/17\/2020\/12\/SE_biograficzna_prev_OST_Strona_03-scaled.jpg\" data-link=\"https:\/\/instytutpolski.pl\/stockholm\/2020\/12\/16\/utstallning-om-chopins-liv-och-verk\/se_biograficzna_prev_ost_strona_03\/\" class=\"wp-image-4898\" srcset=\"https:\/\/instytutpolski.pl\/stockholm\/wp-content\/uploads\/sites\/17\/2020\/12\/SE_biograficzna_prev_OST_Strona_03-210x300.jpg 210w, https:\/\/instytutpolski.pl\/stockholm\/wp-content\/uploads\/sites\/17\/2020\/12\/SE_biograficzna_prev_OST_Strona_03-717x1024.jpg 717w, https:\/\/instytutpolski.pl\/stockholm\/wp-content\/uploads\/sites\/17\/2020\/12\/SE_biograficzna_prev_OST_Strona_03-768x1097.jpg 768w, https:\/\/instytutpolski.pl\/stockholm\/wp-content\/uploads\/sites\/17\/2020\/12\/SE_biograficzna_prev_OST_Strona_03-1075x1536.jpg 1075w, https:\/\/instytutpolski.pl\/stockholm\/wp-content\/uploads\/sites\/17\/2020\/12\/SE_biograficzna_prev_OST_Strona_03-1433x2048.jpg 1433w, https:\/\/instytutpolski.pl\/stockholm\/wp-content\/uploads\/sites\/17\/2020\/12\/SE_biograficzna_prev_OST_Strona_03-scaled.jpg 1792w\" sizes=\"auto, (max-width: 210px) 100vw, 210px\" \/><\/a><\/figure><\/li><li class=\"blocks-gallery-item\"><figure><a href=\"https:\/\/instytutpolski.pl\/stockholm\/wp-content\/uploads\/sites\/17\/2020\/12\/SE_biograficzna_prev_OST_Strona_04-scaled.jpg\"><img loading=\"lazy\" decoding=\"async\" width=\"210\" height=\"300\" src=\"https:\/\/instytutpolski.pl\/stockholm\/wp-content\/uploads\/sites\/17\/2020\/12\/SE_biograficzna_prev_OST_Strona_04-210x300.jpg\" alt=\"\" data-id=\"4899\" data-full-url=\"https:\/\/instytutpolski.pl\/stockholm\/wp-content\/uploads\/sites\/17\/2020\/12\/SE_biograficzna_prev_OST_Strona_04-scaled.jpg\" data-link=\"https:\/\/instytutpolski.pl\/stockholm\/2020\/12\/16\/utstallning-om-chopins-liv-och-verk\/se_biograficzna_prev_ost_strona_04\/\" class=\"wp-image-4899\" srcset=\"https:\/\/instytutpolski.pl\/stockholm\/wp-content\/uploads\/sites\/17\/2020\/12\/SE_biograficzna_prev_OST_Strona_04-210x300.jpg 210w, https:\/\/instytutpolski.pl\/stockholm\/wp-content\/uploads\/sites\/17\/2020\/12\/SE_biograficzna_prev_OST_Strona_04-717x1024.jpg 717w, https:\/\/instytutpolski.pl\/stockholm\/wp-content\/uploads\/sites\/17\/2020\/12\/SE_biograficzna_prev_OST_Strona_04-768x1097.jpg 768w, https:\/\/instytutpolski.pl\/stockholm\/wp-content\/uploads\/sites\/17\/2020\/12\/SE_biograficzna_prev_OST_Strona_04-1075x1536.jpg 1075w, https:\/\/instytutpolski.pl\/stockholm\/wp-content\/uploads\/sites\/17\/2020\/12\/SE_biograficzna_prev_OST_Strona_04-1433x2048.jpg 1433w, https:\/\/instytutpolski.pl\/stockholm\/wp-content\/uploads\/sites\/17\/2020\/12\/SE_biograficzna_prev_OST_Strona_04-scaled.jpg 1792w\" sizes=\"auto, (max-width: 210px) 100vw, 210px\" \/><\/a><\/figure><\/li><li class=\"blocks-gallery-item\"><figure><a href=\"https:\/\/instytutpolski.pl\/stockholm\/wp-content\/uploads\/sites\/17\/2020\/12\/SE_biograficzna_prev_OST_Strona_05-scaled.jpg\"><img loading=\"lazy\" decoding=\"async\" width=\"210\" height=\"300\" src=\"https:\/\/instytutpolski.pl\/stockholm\/wp-content\/uploads\/sites\/17\/2020\/12\/SE_biograficzna_prev_OST_Strona_05-210x300.jpg\" alt=\"\" data-id=\"4900\" data-full-url=\"https:\/\/instytutpolski.pl\/stockholm\/wp-content\/uploads\/sites\/17\/2020\/12\/SE_biograficzna_prev_OST_Strona_05-scaled.jpg\" data-link=\"https:\/\/instytutpolski.pl\/stockholm\/2020\/12\/16\/utstallning-om-chopins-liv-och-verk\/se_biograficzna_prev_ost_strona_05\/\" class=\"wp-image-4900\" srcset=\"https:\/\/instytutpolski.pl\/stockholm\/wp-content\/uploads\/sites\/17\/2020\/12\/SE_biograficzna_prev_OST_Strona_05-210x300.jpg 210w, https:\/\/instytutpolski.pl\/stockholm\/wp-content\/uploads\/sites\/17\/2020\/12\/SE_biograficzna_prev_OST_Strona_05-717x1024.jpg 717w, https:\/\/instytutpolski.pl\/stockholm\/wp-content\/uploads\/sites\/17\/2020\/12\/SE_biograficzna_prev_OST_Strona_05-768x1097.jpg 768w, https:\/\/instytutpolski.pl\/stockholm\/wp-content\/uploads\/sites\/17\/2020\/12\/SE_biograficzna_prev_OST_Strona_05-1075x1536.jpg 1075w, https:\/\/instytutpolski.pl\/stockholm\/wp-content\/uploads\/sites\/17\/2020\/12\/SE_biograficzna_prev_OST_Strona_05-1433x2048.jpg 1433w, https:\/\/instytutpolski.pl\/stockholm\/wp-content\/uploads\/sites\/17\/2020\/12\/SE_biograficzna_prev_OST_Strona_05-scaled.jpg 1792w\" sizes=\"auto, (max-width: 210px) 100vw, 210px\" \/><\/a><\/figure><\/li><li class=\"blocks-gallery-item\"><figure><a href=\"https:\/\/instytutpolski.pl\/stockholm\/wp-content\/uploads\/sites\/17\/2020\/12\/SE_biograficzna_prev_OST_Strona_06-scaled.jpg\"><img loading=\"lazy\" decoding=\"async\" width=\"210\" height=\"300\" src=\"https:\/\/instytutpolski.pl\/stockholm\/wp-content\/uploads\/sites\/17\/2020\/12\/SE_biograficzna_prev_OST_Strona_06-210x300.jpg\" alt=\"\" data-id=\"4901\" data-full-url=\"https:\/\/instytutpolski.pl\/stockholm\/wp-content\/uploads\/sites\/17\/2020\/12\/SE_biograficzna_prev_OST_Strona_06-scaled.jpg\" data-link=\"https:\/\/instytutpolski.pl\/stockholm\/2020\/12\/16\/utstallning-om-chopins-liv-och-verk\/se_biograficzna_prev_ost_strona_06\/\" class=\"wp-image-4901\" srcset=\"https:\/\/instytutpolski.pl\/stockholm\/wp-content\/uploads\/sites\/17\/2020\/12\/SE_biograficzna_prev_OST_Strona_06-210x300.jpg 210w, https:\/\/instytutpolski.pl\/stockholm\/wp-content\/uploads\/sites\/17\/2020\/12\/SE_biograficzna_prev_OST_Strona_06-717x1024.jpg 717w, https:\/\/instytutpolski.pl\/stockholm\/wp-content\/uploads\/sites\/17\/2020\/12\/SE_biograficzna_prev_OST_Strona_06-768x1097.jpg 768w, https:\/\/instytutpolski.pl\/stockholm\/wp-content\/uploads\/sites\/17\/2020\/12\/SE_biograficzna_prev_OST_Strona_06-1075x1536.jpg 1075w, https:\/\/instytutpolski.pl\/stockholm\/wp-content\/uploads\/sites\/17\/2020\/12\/SE_biograficzna_prev_OST_Strona_06-1433x2048.jpg 1433w, https:\/\/instytutpolski.pl\/stockholm\/wp-content\/uploads\/sites\/17\/2020\/12\/SE_biograficzna_prev_OST_Strona_06-scaled.jpg 1792w\" sizes=\"auto, (max-width: 210px) 100vw, 210px\" \/><\/a><\/figure><\/li><li class=\"blocks-gallery-item\"><figure><a href=\"https:\/\/instytutpolski.pl\/stockholm\/wp-content\/uploads\/sites\/17\/2020\/12\/SE_biograficzna_prev_OST_Strona_07-scaled.jpg\"><img loading=\"lazy\" decoding=\"async\" width=\"210\" height=\"300\" src=\"https:\/\/instytutpolski.pl\/stockholm\/wp-content\/uploads\/sites\/17\/2020\/12\/SE_biograficzna_prev_OST_Strona_07-210x300.jpg\" alt=\"\" data-id=\"4902\" data-full-url=\"https:\/\/instytutpolski.pl\/stockholm\/wp-content\/uploads\/sites\/17\/2020\/12\/SE_biograficzna_prev_OST_Strona_07-scaled.jpg\" data-link=\"https:\/\/instytutpolski.pl\/stockholm\/2020\/12\/16\/utstallning-om-chopins-liv-och-verk\/se_biograficzna_prev_ost_strona_07\/\" class=\"wp-image-4902\" srcset=\"https:\/\/instytutpolski.pl\/stockholm\/wp-content\/uploads\/sites\/17\/2020\/12\/SE_biograficzna_prev_OST_Strona_07-210x300.jpg 210w, https:\/\/instytutpolski.pl\/stockholm\/wp-content\/uploads\/sites\/17\/2020\/12\/SE_biograficzna_prev_OST_Strona_07-717x1024.jpg 717w, https:\/\/instytutpolski.pl\/stockholm\/wp-content\/uploads\/sites\/17\/2020\/12\/SE_biograficzna_prev_OST_Strona_07-768x1097.jpg 768w, https:\/\/instytutpolski.pl\/stockholm\/wp-content\/uploads\/sites\/17\/2020\/12\/SE_biograficzna_prev_OST_Strona_07-1075x1536.jpg 1075w, https:\/\/instytutpolski.pl\/stockholm\/wp-content\/uploads\/sites\/17\/2020\/12\/SE_biograficzna_prev_OST_Strona_07-1433x2048.jpg 1433w, https:\/\/instytutpolski.pl\/stockholm\/wp-content\/uploads\/sites\/17\/2020\/12\/SE_biograficzna_prev_OST_Strona_07-scaled.jpg 1792w\" sizes=\"auto, (max-width: 210px) 100vw, 210px\" \/><\/a><\/figure><\/li><li class=\"blocks-gallery-item\"><figure><a href=\"https:\/\/instytutpolski.pl\/stockholm\/wp-content\/uploads\/sites\/17\/2020\/12\/SE_biograficzna_prev_OST_Strona_08-scaled.jpg\"><img loading=\"lazy\" decoding=\"async\" width=\"210\" height=\"300\" src=\"https:\/\/instytutpolski.pl\/stockholm\/wp-content\/uploads\/sites\/17\/2020\/12\/SE_biograficzna_prev_OST_Strona_08-210x300.jpg\" alt=\"\" data-id=\"4903\" data-full-url=\"https:\/\/instytutpolski.pl\/stockholm\/wp-content\/uploads\/sites\/17\/2020\/12\/SE_biograficzna_prev_OST_Strona_08-scaled.jpg\" data-link=\"https:\/\/instytutpolski.pl\/stockholm\/2020\/12\/16\/utstallning-om-chopins-liv-och-verk\/se_biograficzna_prev_ost_strona_08\/\" class=\"wp-image-4903\" srcset=\"https:\/\/instytutpolski.pl\/stockholm\/wp-content\/uploads\/sites\/17\/2020\/12\/SE_biograficzna_prev_OST_Strona_08-210x300.jpg 210w, https:\/\/instytutpolski.pl\/stockholm\/wp-content\/uploads\/sites\/17\/2020\/12\/SE_biograficzna_prev_OST_Strona_08-717x1024.jpg 717w, https:\/\/instytutpolski.pl\/stockholm\/wp-content\/uploads\/sites\/17\/2020\/12\/SE_biograficzna_prev_OST_Strona_08-768x1097.jpg 768w, https:\/\/instytutpolski.pl\/stockholm\/wp-content\/uploads\/sites\/17\/2020\/12\/SE_biograficzna_prev_OST_Strona_08-1075x1536.jpg 1075w, https:\/\/instytutpolski.pl\/stockholm\/wp-content\/uploads\/sites\/17\/2020\/12\/SE_biograficzna_prev_OST_Strona_08-1433x2048.jpg 1433w, https:\/\/instytutpolski.pl\/stockholm\/wp-content\/uploads\/sites\/17\/2020\/12\/SE_biograficzna_prev_OST_Strona_08-scaled.jpg 1792w\" sizes=\"auto, (max-width: 210px) 100vw, 210px\" \/><\/a><\/figure><\/li><li class=\"blocks-gallery-item\"><figure><a href=\"https:\/\/instytutpolski.pl\/stockholm\/wp-content\/uploads\/sites\/17\/2020\/12\/SE_biograficzna_prev_OST_Strona_09-scaled.jpg\"><img loading=\"lazy\" decoding=\"async\" width=\"210\" height=\"300\" src=\"https:\/\/instytutpolski.pl\/stockholm\/wp-content\/uploads\/sites\/17\/2020\/12\/SE_biograficzna_prev_OST_Strona_09-210x300.jpg\" alt=\"\" data-id=\"4904\" data-full-url=\"https:\/\/instytutpolski.pl\/stockholm\/wp-content\/uploads\/sites\/17\/2020\/12\/SE_biograficzna_prev_OST_Strona_09-scaled.jpg\" data-link=\"https:\/\/instytutpolski.pl\/stockholm\/2020\/12\/16\/utstallning-om-chopins-liv-och-verk\/se_biograficzna_prev_ost_strona_09\/\" class=\"wp-image-4904\" srcset=\"https:\/\/instytutpolski.pl\/stockholm\/wp-content\/uploads\/sites\/17\/2020\/12\/SE_biograficzna_prev_OST_Strona_09-210x300.jpg 210w, https:\/\/instytutpolski.pl\/stockholm\/wp-content\/uploads\/sites\/17\/2020\/12\/SE_biograficzna_prev_OST_Strona_09-717x1024.jpg 717w, https:\/\/instytutpolski.pl\/stockholm\/wp-content\/uploads\/sites\/17\/2020\/12\/SE_biograficzna_prev_OST_Strona_09-768x1097.jpg 768w, https:\/\/instytutpolski.pl\/stockholm\/wp-content\/uploads\/sites\/17\/2020\/12\/SE_biograficzna_prev_OST_Strona_09-1075x1536.jpg 1075w, https:\/\/instytutpolski.pl\/stockholm\/wp-content\/uploads\/sites\/17\/2020\/12\/SE_biograficzna_prev_OST_Strona_09-1433x2048.jpg 1433w, https:\/\/instytutpolski.pl\/stockholm\/wp-content\/uploads\/sites\/17\/2020\/12\/SE_biograficzna_prev_OST_Strona_09-scaled.jpg 1792w\" sizes=\"auto, (max-width: 210px) 100vw, 210px\" \/><\/a><\/figure><\/li><li class=\"blocks-gallery-item\"><figure><a href=\"https:\/\/instytutpolski.pl\/stockholm\/wp-content\/uploads\/sites\/17\/2020\/12\/SE_biograficzna_prev_OST_Strona_10-scaled.jpg\"><img loading=\"lazy\" decoding=\"async\" width=\"210\" height=\"300\" src=\"https:\/\/instytutpolski.pl\/stockholm\/wp-content\/uploads\/sites\/17\/2020\/12\/SE_biograficzna_prev_OST_Strona_10-210x300.jpg\" alt=\"\" data-id=\"4905\" data-full-url=\"https:\/\/instytutpolski.pl\/stockholm\/wp-content\/uploads\/sites\/17\/2020\/12\/SE_biograficzna_prev_OST_Strona_10-scaled.jpg\" data-link=\"https:\/\/instytutpolski.pl\/stockholm\/2020\/12\/16\/utstallning-om-chopins-liv-och-verk\/se_biograficzna_prev_ost_strona_10\/\" class=\"wp-image-4905\" srcset=\"https:\/\/instytutpolski.pl\/stockholm\/wp-content\/uploads\/sites\/17\/2020\/12\/SE_biograficzna_prev_OST_Strona_10-210x300.jpg 210w, https:\/\/instytutpolski.pl\/stockholm\/wp-content\/uploads\/sites\/17\/2020\/12\/SE_biograficzna_prev_OST_Strona_10-717x1024.jpg 717w, https:\/\/instytutpolski.pl\/stockholm\/wp-content\/uploads\/sites\/17\/2020\/12\/SE_biograficzna_prev_OST_Strona_10-768x1097.jpg 768w, https:\/\/instytutpolski.pl\/stockholm\/wp-content\/uploads\/sites\/17\/2020\/12\/SE_biograficzna_prev_OST_Strona_10-1075x1536.jpg 1075w, https:\/\/instytutpolski.pl\/stockholm\/wp-content\/uploads\/sites\/17\/2020\/12\/SE_biograficzna_prev_OST_Strona_10-1433x2048.jpg 1433w, https:\/\/instytutpolski.pl\/stockholm\/wp-content\/uploads\/sites\/17\/2020\/12\/SE_biograficzna_prev_OST_Strona_10-scaled.jpg 1792w\" sizes=\"auto, (max-width: 210px) 100vw, 210px\" \/><\/a><\/figure><\/li><li class=\"blocks-gallery-item\"><figure><a href=\"https:\/\/instytutpolski.pl\/stockholm\/wp-content\/uploads\/sites\/17\/2020\/12\/SE_biograficzna_prev_OST_Strona_11-scaled.jpg\"><img loading=\"lazy\" decoding=\"async\" width=\"210\" height=\"300\" src=\"https:\/\/instytutpolski.pl\/stockholm\/wp-content\/uploads\/sites\/17\/2020\/12\/SE_biograficzna_prev_OST_Strona_11-210x300.jpg\" alt=\"\" data-id=\"4906\" data-full-url=\"https:\/\/instytutpolski.pl\/stockholm\/wp-content\/uploads\/sites\/17\/2020\/12\/SE_biograficzna_prev_OST_Strona_11-scaled.jpg\" data-link=\"https:\/\/instytutpolski.pl\/stockholm\/2020\/12\/16\/utstallning-om-chopins-liv-och-verk\/se_biograficzna_prev_ost_strona_11\/\" class=\"wp-image-4906\" srcset=\"https:\/\/instytutpolski.pl\/stockholm\/wp-content\/uploads\/sites\/17\/2020\/12\/SE_biograficzna_prev_OST_Strona_11-210x300.jpg 210w, https:\/\/instytutpolski.pl\/stockholm\/wp-content\/uploads\/sites\/17\/2020\/12\/SE_biograficzna_prev_OST_Strona_11-717x1024.jpg 717w, https:\/\/instytutpolski.pl\/stockholm\/wp-content\/uploads\/sites\/17\/2020\/12\/SE_biograficzna_prev_OST_Strona_11-768x1097.jpg 768w, https:\/\/instytutpolski.pl\/stockholm\/wp-content\/uploads\/sites\/17\/2020\/12\/SE_biograficzna_prev_OST_Strona_11-1075x1536.jpg 1075w, https:\/\/instytutpolski.pl\/stockholm\/wp-content\/uploads\/sites\/17\/2020\/12\/SE_biograficzna_prev_OST_Strona_11-1433x2048.jpg 1433w, https:\/\/instytutpolski.pl\/stockholm\/wp-content\/uploads\/sites\/17\/2020\/12\/SE_biograficzna_prev_OST_Strona_11-scaled.jpg 1792w\" sizes=\"auto, (max-width: 210px) 100vw, 210px\" \/><\/a><\/figure><\/li><li class=\"blocks-gallery-item\"><figure><a href=\"https:\/\/instytutpolski.pl\/stockholm\/wp-content\/uploads\/sites\/17\/2020\/12\/SE_biograficzna_prev_OST_Strona_12-scaled.jpg\"><img loading=\"lazy\" decoding=\"async\" width=\"210\" height=\"300\" src=\"https:\/\/instytutpolski.pl\/stockholm\/wp-content\/uploads\/sites\/17\/2020\/12\/SE_biograficzna_prev_OST_Strona_12-210x300.jpg\" alt=\"\" data-id=\"4907\" data-full-url=\"https:\/\/instytutpolski.pl\/stockholm\/wp-content\/uploads\/sites\/17\/2020\/12\/SE_biograficzna_prev_OST_Strona_12-scaled.jpg\" data-link=\"https:\/\/instytutpolski.pl\/stockholm\/2020\/12\/16\/utstallning-om-chopins-liv-och-verk\/se_biograficzna_prev_ost_strona_12\/\" class=\"wp-image-4907\" srcset=\"https:\/\/instytutpolski.pl\/stockholm\/wp-content\/uploads\/sites\/17\/2020\/12\/SE_biograficzna_prev_OST_Strona_12-210x300.jpg 210w, https:\/\/instytutpolski.pl\/stockholm\/wp-content\/uploads\/sites\/17\/2020\/12\/SE_biograficzna_prev_OST_Strona_12-717x1024.jpg 717w, https:\/\/instytutpolski.pl\/stockholm\/wp-content\/uploads\/sites\/17\/2020\/12\/SE_biograficzna_prev_OST_Strona_12-768x1097.jpg 768w, https:\/\/instytutpolski.pl\/stockholm\/wp-content\/uploads\/sites\/17\/2020\/12\/SE_biograficzna_prev_OST_Strona_12-1075x1536.jpg 1075w, https:\/\/instytutpolski.pl\/stockholm\/wp-content\/uploads\/sites\/17\/2020\/12\/SE_biograficzna_prev_OST_Strona_12-1433x2048.jpg 1433w, https:\/\/instytutpolski.pl\/stockholm\/wp-content\/uploads\/sites\/17\/2020\/12\/SE_biograficzna_prev_OST_Strona_12-scaled.jpg 1792w\" sizes=\"auto, (max-width: 210px) 100vw, 210px\" \/><\/a><\/figure><\/li><li class=\"blocks-gallery-item\"><figure><a href=\"https:\/\/instytutpolski.pl\/stockholm\/wp-content\/uploads\/sites\/17\/2020\/12\/SE_biograficzna_prev_OST_Strona_13-scaled.jpg\"><img loading=\"lazy\" decoding=\"async\" width=\"210\" height=\"300\" src=\"https:\/\/instytutpolski.pl\/stockholm\/wp-content\/uploads\/sites\/17\/2020\/12\/SE_biograficzna_prev_OST_Strona_13-210x300.jpg\" alt=\"\" data-id=\"4908\" data-full-url=\"https:\/\/instytutpolski.pl\/stockholm\/wp-content\/uploads\/sites\/17\/2020\/12\/SE_biograficzna_prev_OST_Strona_13-scaled.jpg\" data-link=\"https:\/\/instytutpolski.pl\/stockholm\/2020\/12\/16\/utstallning-om-chopins-liv-och-verk\/se_biograficzna_prev_ost_strona_13\/\" class=\"wp-image-4908\" srcset=\"https:\/\/instytutpolski.pl\/stockholm\/wp-content\/uploads\/sites\/17\/2020\/12\/SE_biograficzna_prev_OST_Strona_13-210x300.jpg 210w, https:\/\/instytutpolski.pl\/stockholm\/wp-content\/uploads\/sites\/17\/2020\/12\/SE_biograficzna_prev_OST_Strona_13-717x1024.jpg 717w, https:\/\/instytutpolski.pl\/stockholm\/wp-content\/uploads\/sites\/17\/2020\/12\/SE_biograficzna_prev_OST_Strona_13-768x1097.jpg 768w, https:\/\/instytutpolski.pl\/stockholm\/wp-content\/uploads\/sites\/17\/2020\/12\/SE_biograficzna_prev_OST_Strona_13-1075x1536.jpg 1075w, https:\/\/instytutpolski.pl\/stockholm\/wp-content\/uploads\/sites\/17\/2020\/12\/SE_biograficzna_prev_OST_Strona_13-1433x2048.jpg 1433w, https:\/\/instytutpolski.pl\/stockholm\/wp-content\/uploads\/sites\/17\/2020\/12\/SE_biograficzna_prev_OST_Strona_13-scaled.jpg 1792w\" sizes=\"auto, (max-width: 210px) 100vw, 210px\" \/><\/a><\/figure><\/li><li class=\"blocks-gallery-item\"><figure><a href=\"https:\/\/instytutpolski.pl\/stockholm\/wp-content\/uploads\/sites\/17\/2020\/12\/SE_biograficzna_prev_OST_Strona_14-scaled.jpg\"><img loading=\"lazy\" decoding=\"async\" width=\"210\" height=\"300\" src=\"https:\/\/instytutpolski.pl\/stockholm\/wp-content\/uploads\/sites\/17\/2020\/12\/SE_biograficzna_prev_OST_Strona_14-210x300.jpg\" alt=\"\" data-id=\"4909\" data-full-url=\"https:\/\/instytutpolski.pl\/stockholm\/wp-content\/uploads\/sites\/17\/2020\/12\/SE_biograficzna_prev_OST_Strona_14-scaled.jpg\" data-link=\"https:\/\/instytutpolski.pl\/stockholm\/2020\/12\/16\/utstallning-om-chopins-liv-och-verk\/se_biograficzna_prev_ost_strona_14\/\" class=\"wp-image-4909\" srcset=\"https:\/\/instytutpolski.pl\/stockholm\/wp-content\/uploads\/sites\/17\/2020\/12\/SE_biograficzna_prev_OST_Strona_14-210x300.jpg 210w, https:\/\/instytutpolski.pl\/stockholm\/wp-content\/uploads\/sites\/17\/2020\/12\/SE_biograficzna_prev_OST_Strona_14-717x1024.jpg 717w, https:\/\/instytutpolski.pl\/stockholm\/wp-content\/uploads\/sites\/17\/2020\/12\/SE_biograficzna_prev_OST_Strona_14-768x1097.jpg 768w, https:\/\/instytutpolski.pl\/stockholm\/wp-content\/uploads\/sites\/17\/2020\/12\/SE_biograficzna_prev_OST_Strona_14-1075x1536.jpg 1075w, https:\/\/instytutpolski.pl\/stockholm\/wp-content\/uploads\/sites\/17\/2020\/12\/SE_biograficzna_prev_OST_Strona_14-1433x2048.jpg 1433w, https:\/\/instytutpolski.pl\/stockholm\/wp-content\/uploads\/sites\/17\/2020\/12\/SE_biograficzna_prev_OST_Strona_14-scaled.jpg 1792w\" sizes=\"auto, (max-width: 210px) 100vw, 210px\" \/><\/a><\/figure><\/li><li class=\"blocks-gallery-item\"><figure><a href=\"https:\/\/instytutpolski.pl\/stockholm\/wp-content\/uploads\/sites\/17\/2020\/12\/SE_biograficzna_prev_OST_Strona_15-scaled.jpg\"><img loading=\"lazy\" decoding=\"async\" width=\"210\" height=\"300\" src=\"https:\/\/instytutpolski.pl\/stockholm\/wp-content\/uploads\/sites\/17\/2020\/12\/SE_biograficzna_prev_OST_Strona_15-210x300.jpg\" alt=\"\" data-id=\"4910\" data-full-url=\"https:\/\/instytutpolski.pl\/stockholm\/wp-content\/uploads\/sites\/17\/2020\/12\/SE_biograficzna_prev_OST_Strona_15-scaled.jpg\" data-link=\"https:\/\/instytutpolski.pl\/stockholm\/2020\/12\/16\/utstallning-om-chopins-liv-och-verk\/se_biograficzna_prev_ost_strona_15\/\" class=\"wp-image-4910\" srcset=\"https:\/\/instytutpolski.pl\/stockholm\/wp-content\/uploads\/sites\/17\/2020\/12\/SE_biograficzna_prev_OST_Strona_15-210x300.jpg 210w, https:\/\/instytutpolski.pl\/stockholm\/wp-content\/uploads\/sites\/17\/2020\/12\/SE_biograficzna_prev_OST_Strona_15-717x1024.jpg 717w, https:\/\/instytutpolski.pl\/stockholm\/wp-content\/uploads\/sites\/17\/2020\/12\/SE_biograficzna_prev_OST_Strona_15-768x1097.jpg 768w, https:\/\/instytutpolski.pl\/stockholm\/wp-content\/uploads\/sites\/17\/2020\/12\/SE_biograficzna_prev_OST_Strona_15-1075x1536.jpg 1075w, https:\/\/instytutpolski.pl\/stockholm\/wp-content\/uploads\/sites\/17\/2020\/12\/SE_biograficzna_prev_OST_Strona_15-1433x2048.jpg 1433w, https:\/\/instytutpolski.pl\/stockholm\/wp-content\/uploads\/sites\/17\/2020\/12\/SE_biograficzna_prev_OST_Strona_15-scaled.jpg 1792w\" sizes=\"auto, (max-width: 210px) 100vw, 210px\" \/><\/a><\/figure><\/li><li class=\"blocks-gallery-item\"><figure><a href=\"https:\/\/instytutpolski.pl\/stockholm\/wp-content\/uploads\/sites\/17\/2020\/12\/SE_biograficzna_prev_OST_Strona_16-scaled.jpg\"><img loading=\"lazy\" decoding=\"async\" width=\"210\" height=\"300\" src=\"https:\/\/instytutpolski.pl\/stockholm\/wp-content\/uploads\/sites\/17\/2020\/12\/SE_biograficzna_prev_OST_Strona_16-210x300.jpg\" alt=\"\" data-id=\"4911\" data-full-url=\"https:\/\/instytutpolski.pl\/stockholm\/wp-content\/uploads\/sites\/17\/2020\/12\/SE_biograficzna_prev_OST_Strona_16-scaled.jpg\" data-link=\"https:\/\/instytutpolski.pl\/stockholm\/2020\/12\/16\/utstallning-om-chopins-liv-och-verk\/se_biograficzna_prev_ost_strona_16\/\" class=\"wp-image-4911\" srcset=\"https:\/\/instytutpolski.pl\/stockholm\/wp-content\/uploads\/sites\/17\/2020\/12\/SE_biograficzna_prev_OST_Strona_16-210x300.jpg 210w, https:\/\/instytutpolski.pl\/stockholm\/wp-content\/uploads\/sites\/17\/2020\/12\/SE_biograficzna_prev_OST_Strona_16-717x1024.jpg 717w, https:\/\/instytutpolski.pl\/stockholm\/wp-content\/uploads\/sites\/17\/2020\/12\/SE_biograficzna_prev_OST_Strona_16-768x1097.jpg 768w, https:\/\/instytutpolski.pl\/stockholm\/wp-content\/uploads\/sites\/17\/2020\/12\/SE_biograficzna_prev_OST_Strona_16-1075x1536.jpg 1075w, https:\/\/instytutpolski.pl\/stockholm\/wp-content\/uploads\/sites\/17\/2020\/12\/SE_biograficzna_prev_OST_Strona_16-1433x2048.jpg 1433w, https:\/\/instytutpolski.pl\/stockholm\/wp-content\/uploads\/sites\/17\/2020\/12\/SE_biograficzna_prev_OST_Strona_16-scaled.jpg 1792w\" sizes=\"auto, (max-width: 210px) 100vw, 210px\" \/><\/a><\/figure><\/li><li class=\"blocks-gallery-item\"><figure><a href=\"https:\/\/instytutpolski.pl\/stockholm\/wp-content\/uploads\/sites\/17\/2020\/12\/SE_biograficzna_prev_OST_Strona_17-scaled.jpg\"><img loading=\"lazy\" decoding=\"async\" width=\"210\" height=\"300\" src=\"https:\/\/instytutpolski.pl\/stockholm\/wp-content\/uploads\/sites\/17\/2020\/12\/SE_biograficzna_prev_OST_Strona_17-210x300.jpg\" alt=\"\" data-id=\"4912\" data-full-url=\"https:\/\/instytutpolski.pl\/stockholm\/wp-content\/uploads\/sites\/17\/2020\/12\/SE_biograficzna_prev_OST_Strona_17-scaled.jpg\" data-link=\"https:\/\/instytutpolski.pl\/stockholm\/2020\/12\/16\/utstallning-om-chopins-liv-och-verk\/se_biograficzna_prev_ost_strona_17\/\" class=\"wp-image-4912\" srcset=\"https:\/\/instytutpolski.pl\/stockholm\/wp-content\/uploads\/sites\/17\/2020\/12\/SE_biograficzna_prev_OST_Strona_17-210x300.jpg 210w, https:\/\/instytutpolski.pl\/stockholm\/wp-content\/uploads\/sites\/17\/2020\/12\/SE_biograficzna_prev_OST_Strona_17-717x1024.jpg 717w, https:\/\/instytutpolski.pl\/stockholm\/wp-content\/uploads\/sites\/17\/2020\/12\/SE_biograficzna_prev_OST_Strona_17-768x1097.jpg 768w, https:\/\/instytutpolski.pl\/stockholm\/wp-content\/uploads\/sites\/17\/2020\/12\/SE_biograficzna_prev_OST_Strona_17-1075x1536.jpg 1075w, https:\/\/instytutpolski.pl\/stockholm\/wp-content\/uploads\/sites\/17\/2020\/12\/SE_biograficzna_prev_OST_Strona_17-1433x2048.jpg 1433w, https:\/\/instytutpolski.pl\/stockholm\/wp-content\/uploads\/sites\/17\/2020\/12\/SE_biograficzna_prev_OST_Strona_17-scaled.jpg 1792w\" sizes=\"auto, (max-width: 210px) 100vw, 210px\" \/><\/a><\/figure><\/li><li class=\"blocks-gallery-item\"><figure><a href=\"https:\/\/instytutpolski.pl\/stockholm\/wp-content\/uploads\/sites\/17\/2020\/12\/SE_biograficzna_prev_OST_Strona_18-scaled.jpg\"><img loading=\"lazy\" decoding=\"async\" width=\"210\" height=\"300\" src=\"https:\/\/instytutpolski.pl\/stockholm\/wp-content\/uploads\/sites\/17\/2020\/12\/SE_biograficzna_prev_OST_Strona_18-210x300.jpg\" alt=\"\" data-id=\"4913\" data-full-url=\"https:\/\/instytutpolski.pl\/stockholm\/wp-content\/uploads\/sites\/17\/2020\/12\/SE_biograficzna_prev_OST_Strona_18-scaled.jpg\" data-link=\"https:\/\/instytutpolski.pl\/stockholm\/2020\/12\/16\/utstallning-om-chopins-liv-och-verk\/se_biograficzna_prev_ost_strona_18\/\" class=\"wp-image-4913\" srcset=\"https:\/\/instytutpolski.pl\/stockholm\/wp-content\/uploads\/sites\/17\/2020\/12\/SE_biograficzna_prev_OST_Strona_18-210x300.jpg 210w, https:\/\/instytutpolski.pl\/stockholm\/wp-content\/uploads\/sites\/17\/2020\/12\/SE_biograficzna_prev_OST_Strona_18-717x1024.jpg 717w, https:\/\/instytutpolski.pl\/stockholm\/wp-content\/uploads\/sites\/17\/2020\/12\/SE_biograficzna_prev_OST_Strona_18-768x1097.jpg 768w, https:\/\/instytutpolski.pl\/stockholm\/wp-content\/uploads\/sites\/17\/2020\/12\/SE_biograficzna_prev_OST_Strona_18-1075x1536.jpg 1075w, https:\/\/instytutpolski.pl\/stockholm\/wp-content\/uploads\/sites\/17\/2020\/12\/SE_biograficzna_prev_OST_Strona_18-1433x2048.jpg 1433w, https:\/\/instytutpolski.pl\/stockholm\/wp-content\/uploads\/sites\/17\/2020\/12\/SE_biograficzna_prev_OST_Strona_18-scaled.jpg 1792w\" sizes=\"auto, (max-width: 210px) 100vw, 210px\" \/><\/a><\/figure><\/li><li class=\"blocks-gallery-item\"><figure><a href=\"https:\/\/instytutpolski.pl\/stockholm\/wp-content\/uploads\/sites\/17\/2020\/12\/SE_biograficzna_prev_OST_Strona_19-scaled.jpg\"><img loading=\"lazy\" decoding=\"async\" width=\"210\" height=\"300\" src=\"https:\/\/instytutpolski.pl\/stockholm\/wp-content\/uploads\/sites\/17\/2020\/12\/SE_biograficzna_prev_OST_Strona_19-210x300.jpg\" alt=\"\" data-id=\"4914\" data-full-url=\"https:\/\/instytutpolski.pl\/stockholm\/wp-content\/uploads\/sites\/17\/2020\/12\/SE_biograficzna_prev_OST_Strona_19-scaled.jpg\" data-link=\"https:\/\/instytutpolski.pl\/stockholm\/2020\/12\/16\/utstallning-om-chopins-liv-och-verk\/se_biograficzna_prev_ost_strona_19\/\" class=\"wp-image-4914\" srcset=\"https:\/\/instytutpolski.pl\/stockholm\/wp-content\/uploads\/sites\/17\/2020\/12\/SE_biograficzna_prev_OST_Strona_19-210x300.jpg 210w, https:\/\/instytutpolski.pl\/stockholm\/wp-content\/uploads\/sites\/17\/2020\/12\/SE_biograficzna_prev_OST_Strona_19-717x1024.jpg 717w, https:\/\/instytutpolski.pl\/stockholm\/wp-content\/uploads\/sites\/17\/2020\/12\/SE_biograficzna_prev_OST_Strona_19-768x1097.jpg 768w, https:\/\/instytutpolski.pl\/stockholm\/wp-content\/uploads\/sites\/17\/2020\/12\/SE_biograficzna_prev_OST_Strona_19-1075x1536.jpg 1075w, https:\/\/instytutpolski.pl\/stockholm\/wp-content\/uploads\/sites\/17\/2020\/12\/SE_biograficzna_prev_OST_Strona_19-1433x2048.jpg 1433w, https:\/\/instytutpolski.pl\/stockholm\/wp-content\/uploads\/sites\/17\/2020\/12\/SE_biograficzna_prev_OST_Strona_19-scaled.jpg 1792w\" sizes=\"auto, (max-width: 210px) 100vw, 210px\" \/><\/a><\/figure><\/li><li class=\"blocks-gallery-item\"><figure><a href=\"https:\/\/instytutpolski.pl\/stockholm\/wp-content\/uploads\/sites\/17\/2020\/12\/SE_biograficzna_prev_OST_Strona_20-scaled.jpg\"><img loading=\"lazy\" decoding=\"async\" width=\"210\" height=\"300\" src=\"https:\/\/instytutpolski.pl\/stockholm\/wp-content\/uploads\/sites\/17\/2020\/12\/SE_biograficzna_prev_OST_Strona_20-210x300.jpg\" alt=\"\" data-id=\"4915\" data-full-url=\"https:\/\/instytutpolski.pl\/stockholm\/wp-content\/uploads\/sites\/17\/2020\/12\/SE_biograficzna_prev_OST_Strona_20-scaled.jpg\" data-link=\"https:\/\/instytutpolski.pl\/stockholm\/2020\/12\/16\/utstallning-om-chopins-liv-och-verk\/se_biograficzna_prev_ost_strona_20\/\" class=\"wp-image-4915\" srcset=\"https:\/\/instytutpolski.pl\/stockholm\/wp-content\/uploads\/sites\/17\/2020\/12\/SE_biograficzna_prev_OST_Strona_20-210x300.jpg 210w, https:\/\/instytutpolski.pl\/stockholm\/wp-content\/uploads\/sites\/17\/2020\/12\/SE_biograficzna_prev_OST_Strona_20-717x1024.jpg 717w, https:\/\/instytutpolski.pl\/stockholm\/wp-content\/uploads\/sites\/17\/2020\/12\/SE_biograficzna_prev_OST_Strona_20-768x1097.jpg 768w, https:\/\/instytutpolski.pl\/stockholm\/wp-content\/uploads\/sites\/17\/2020\/12\/SE_biograficzna_prev_OST_Strona_20-1075x1536.jpg 1075w, https:\/\/instytutpolski.pl\/stockholm\/wp-content\/uploads\/sites\/17\/2020\/12\/SE_biograficzna_prev_OST_Strona_20-1433x2048.jpg 1433w, https:\/\/instytutpolski.pl\/stockholm\/wp-content\/uploads\/sites\/17\/2020\/12\/SE_biograficzna_prev_OST_Strona_20-scaled.jpg 1792w\" sizes=\"auto, (max-width: 210px) 100vw, 210px\" \/><\/a><\/figure><\/li><li class=\"blocks-gallery-item\"><figure><a href=\"https:\/\/instytutpolski.pl\/stockholm\/wp-content\/uploads\/sites\/17\/2020\/12\/SE_biograficzna_prev_OST_Strona_21-scaled.jpg\"><img loading=\"lazy\" decoding=\"async\" width=\"210\" height=\"300\" src=\"https:\/\/instytutpolski.pl\/stockholm\/wp-content\/uploads\/sites\/17\/2020\/12\/SE_biograficzna_prev_OST_Strona_21-210x300.jpg\" alt=\"\" data-id=\"4916\" data-full-url=\"https:\/\/instytutpolski.pl\/stockholm\/wp-content\/uploads\/sites\/17\/2020\/12\/SE_biograficzna_prev_OST_Strona_21-scaled.jpg\" data-link=\"https:\/\/instytutpolski.pl\/stockholm\/2020\/12\/16\/utstallning-om-chopins-liv-och-verk\/se_biograficzna_prev_ost_strona_21\/\" class=\"wp-image-4916\" srcset=\"https:\/\/instytutpolski.pl\/stockholm\/wp-content\/uploads\/sites\/17\/2020\/12\/SE_biograficzna_prev_OST_Strona_21-210x300.jpg 210w, https:\/\/instytutpolski.pl\/stockholm\/wp-content\/uploads\/sites\/17\/2020\/12\/SE_biograficzna_prev_OST_Strona_21-717x1024.jpg 717w, https:\/\/instytutpolski.pl\/stockholm\/wp-content\/uploads\/sites\/17\/2020\/12\/SE_biograficzna_prev_OST_Strona_21-768x1097.jpg 768w, https:\/\/instytutpolski.pl\/stockholm\/wp-content\/uploads\/sites\/17\/2020\/12\/SE_biograficzna_prev_OST_Strona_21-1075x1536.jpg 1075w, https:\/\/instytutpolski.pl\/stockholm\/wp-content\/uploads\/sites\/17\/2020\/12\/SE_biograficzna_prev_OST_Strona_21-1433x2048.jpg 1433w, https:\/\/instytutpolski.pl\/stockholm\/wp-content\/uploads\/sites\/17\/2020\/12\/SE_biograficzna_prev_OST_Strona_21-scaled.jpg 1792w\" sizes=\"auto, (max-width: 210px) 100vw, 210px\" \/><\/a><\/figure><\/li><li class=\"blocks-gallery-item\"><figure><a href=\"https:\/\/instytutpolski.pl\/stockholm\/wp-content\/uploads\/sites\/17\/2020\/12\/SE_biograficzna_prev_OST_Strona_22-scaled.jpg\"><img loading=\"lazy\" decoding=\"async\" width=\"210\" height=\"300\" src=\"https:\/\/instytutpolski.pl\/stockholm\/wp-content\/uploads\/sites\/17\/2020\/12\/SE_biograficzna_prev_OST_Strona_22-210x300.jpg\" alt=\"\" data-id=\"4917\" data-full-url=\"https:\/\/instytutpolski.pl\/stockholm\/wp-content\/uploads\/sites\/17\/2020\/12\/SE_biograficzna_prev_OST_Strona_22-scaled.jpg\" data-link=\"https:\/\/instytutpolski.pl\/stockholm\/2020\/12\/16\/utstallning-om-chopins-liv-och-verk\/se_biograficzna_prev_ost_strona_22\/\" class=\"wp-image-4917\" srcset=\"https:\/\/instytutpolski.pl\/stockholm\/wp-content\/uploads\/sites\/17\/2020\/12\/SE_biograficzna_prev_OST_Strona_22-210x300.jpg 210w, https:\/\/instytutpolski.pl\/stockholm\/wp-content\/uploads\/sites\/17\/2020\/12\/SE_biograficzna_prev_OST_Strona_22-717x1024.jpg 717w, https:\/\/instytutpolski.pl\/stockholm\/wp-content\/uploads\/sites\/17\/2020\/12\/SE_biograficzna_prev_OST_Strona_22-768x1097.jpg 768w, https:\/\/instytutpolski.pl\/stockholm\/wp-content\/uploads\/sites\/17\/2020\/12\/SE_biograficzna_prev_OST_Strona_22-1075x1536.jpg 1075w, https:\/\/instytutpolski.pl\/stockholm\/wp-content\/uploads\/sites\/17\/2020\/12\/SE_biograficzna_prev_OST_Strona_22-1433x2048.jpg 1433w, https:\/\/instytutpolski.pl\/stockholm\/wp-content\/uploads\/sites\/17\/2020\/12\/SE_biograficzna_prev_OST_Strona_22-scaled.jpg 1792w\" sizes=\"auto, (max-width: 210px) 100vw, 210px\" \/><\/a><\/figure><\/li><li class=\"blocks-gallery-item\"><figure><a href=\"https:\/\/instytutpolski.pl\/stockholm\/wp-content\/uploads\/sites\/17\/2020\/12\/SE_biograficzna_prev_OST_Strona_23-scaled.jpg\"><img loading=\"lazy\" decoding=\"async\" width=\"210\" height=\"300\" src=\"https:\/\/instytutpolski.pl\/stockholm\/wp-content\/uploads\/sites\/17\/2020\/12\/SE_biograficzna_prev_OST_Strona_23-210x300.jpg\" alt=\"\" data-id=\"4918\" data-full-url=\"https:\/\/instytutpolski.pl\/stockholm\/wp-content\/uploads\/sites\/17\/2020\/12\/SE_biograficzna_prev_OST_Strona_23-scaled.jpg\" data-link=\"https:\/\/instytutpolski.pl\/stockholm\/2020\/12\/16\/utstallning-om-chopins-liv-och-verk\/se_biograficzna_prev_ost_strona_23\/\" class=\"wp-image-4918\" srcset=\"https:\/\/instytutpolski.pl\/stockholm\/wp-content\/uploads\/sites\/17\/2020\/12\/SE_biograficzna_prev_OST_Strona_23-210x300.jpg 210w, https:\/\/instytutpolski.pl\/stockholm\/wp-content\/uploads\/sites\/17\/2020\/12\/SE_biograficzna_prev_OST_Strona_23-717x1024.jpg 717w, https:\/\/instytutpolski.pl\/stockholm\/wp-content\/uploads\/sites\/17\/2020\/12\/SE_biograficzna_prev_OST_Strona_23-768x1097.jpg 768w, https:\/\/instytutpolski.pl\/stockholm\/wp-content\/uploads\/sites\/17\/2020\/12\/SE_biograficzna_prev_OST_Strona_23-1075x1536.jpg 1075w, https:\/\/instytutpolski.pl\/stockholm\/wp-content\/uploads\/sites\/17\/2020\/12\/SE_biograficzna_prev_OST_Strona_23-1433x2048.jpg 1433w, https:\/\/instytutpolski.pl\/stockholm\/wp-content\/uploads\/sites\/17\/2020\/12\/SE_biograficzna_prev_OST_Strona_23-scaled.jpg 1792w\" sizes=\"auto, (max-width: 210px) 100vw, 210px\" \/><\/a><\/figure><\/li><li class=\"blocks-gallery-item\"><figure><a href=\"https:\/\/instytutpolski.pl\/stockholm\/wp-content\/uploads\/sites\/17\/2020\/12\/SE_biograficzna_prev_OST_Strona_24-scaled.jpg\"><img loading=\"lazy\" decoding=\"async\" width=\"210\" height=\"300\" src=\"https:\/\/instytutpolski.pl\/stockholm\/wp-content\/uploads\/sites\/17\/2020\/12\/SE_biograficzna_prev_OST_Strona_24-210x300.jpg\" alt=\"\" data-id=\"4919\" data-full-url=\"https:\/\/instytutpolski.pl\/stockholm\/wp-content\/uploads\/sites\/17\/2020\/12\/SE_biograficzna_prev_OST_Strona_24-scaled.jpg\" data-link=\"https:\/\/instytutpolski.pl\/stockholm\/2020\/12\/16\/utstallning-om-chopins-liv-och-verk\/se_biograficzna_prev_ost_strona_24\/\" class=\"wp-image-4919\" srcset=\"https:\/\/instytutpolski.pl\/stockholm\/wp-content\/uploads\/sites\/17\/2020\/12\/SE_biograficzna_prev_OST_Strona_24-210x300.jpg 210w, https:\/\/instytutpolski.pl\/stockholm\/wp-content\/uploads\/sites\/17\/2020\/12\/SE_biograficzna_prev_OST_Strona_24-717x1024.jpg 717w, https:\/\/instytutpolski.pl\/stockholm\/wp-content\/uploads\/sites\/17\/2020\/12\/SE_biograficzna_prev_OST_Strona_24-768x1097.jpg 768w, https:\/\/instytutpolski.pl\/stockholm\/wp-content\/uploads\/sites\/17\/2020\/12\/SE_biograficzna_prev_OST_Strona_24-1075x1536.jpg 1075w, https:\/\/instytutpolski.pl\/stockholm\/wp-content\/uploads\/sites\/17\/2020\/12\/SE_biograficzna_prev_OST_Strona_24-1433x2048.jpg 1433w, https:\/\/instytutpolski.pl\/stockholm\/wp-content\/uploads\/sites\/17\/2020\/12\/SE_biograficzna_prev_OST_Strona_24-scaled.jpg 1792w\" sizes=\"auto, (max-width: 210px) 100vw, 210px\" \/><\/a><\/figure><\/li><li class=\"blocks-gallery-item\"><figure><a href=\"https:\/\/instytutpolski.pl\/stockholm\/wp-content\/uploads\/sites\/17\/2020\/12\/SE_biograficzna_prev_OST_Strona_25-scaled.jpg\"><img loading=\"lazy\" decoding=\"async\" width=\"210\" height=\"300\" src=\"https:\/\/instytutpolski.pl\/stockholm\/wp-content\/uploads\/sites\/17\/2020\/12\/SE_biograficzna_prev_OST_Strona_25-210x300.jpg\" alt=\"\" data-id=\"4920\" data-full-url=\"https:\/\/instytutpolski.pl\/stockholm\/wp-content\/uploads\/sites\/17\/2020\/12\/SE_biograficzna_prev_OST_Strona_25-scaled.jpg\" data-link=\"https:\/\/instytutpolski.pl\/stockholm\/2020\/12\/16\/utstallning-om-chopins-liv-och-verk\/se_biograficzna_prev_ost_strona_25\/\" class=\"wp-image-4920\" srcset=\"https:\/\/instytutpolski.pl\/stockholm\/wp-content\/uploads\/sites\/17\/2020\/12\/SE_biograficzna_prev_OST_Strona_25-210x300.jpg 210w, https:\/\/instytutpolski.pl\/stockholm\/wp-content\/uploads\/sites\/17\/2020\/12\/SE_biograficzna_prev_OST_Strona_25-717x1024.jpg 717w, https:\/\/instytutpolski.pl\/stockholm\/wp-content\/uploads\/sites\/17\/2020\/12\/SE_biograficzna_prev_OST_Strona_25-768x1097.jpg 768w, https:\/\/instytutpolski.pl\/stockholm\/wp-content\/uploads\/sites\/17\/2020\/12\/SE_biograficzna_prev_OST_Strona_25-1075x1536.jpg 1075w, https:\/\/instytutpolski.pl\/stockholm\/wp-content\/uploads\/sites\/17\/2020\/12\/SE_biograficzna_prev_OST_Strona_25-1433x2048.jpg 1433w, https:\/\/instytutpolski.pl\/stockholm\/wp-content\/uploads\/sites\/17\/2020\/12\/SE_biograficzna_prev_OST_Strona_25-scaled.jpg 1792w\" sizes=\"auto, (max-width: 210px) 100vw, 210px\" \/><\/a><\/figure><\/li><\/ul><\/figure>\n","protected":false},"excerpt":{"rendered":"<p>Utst\u00e4llningen med manus av \u0141ukasz Kaczmarowski fr\u00e5n Chopinmuseet (Muzeum Fryderyka Chopina \/ The Fryderyk Chopin Museum) och grafisk design av Rytm Digital skapades f\u00f6r Chopininstitutet i Warszawa (Narodowy Instytut Fryderyka Chopina \/ The Fryderyk Chopin Institute). V\u00e5r svenska version av utst\u00e4llningen \u00e4r i \u00f6vers\u00e4ttning av Lennart Ilke.<\/p>\n","protected":false},"author":29,"featured_media":4586,"comment_status":"closed","ping_status":"closed","sticky":false,"template":"","format":"standard","meta":{"inline_featured_image":false,"_monsterinsights_skip_tracking":false,"_monsterinsights_sitenote_active":false,"_monsterinsights_sitenote_note":"","_monsterinsights_sitenote_category":0,"footnotes":""},"categories":[12,99],"tags":[],"class_list":["post-4496","post","type-post","status-publish","format-standard","has-post-thumbnail","hentry","category-evenemang","category-musik"],"yoast_head":"<!-- This site is optimized with the Yoast SEO plugin v24.6 - https:\/\/yoast.com\/wordpress\/plugins\/seo\/ -->\n<title>Utst\u00e4llning om Chopins liv och verk - Instytut Polski w Sztokholmie<\/title>\n<meta name=\"robots\" content=\"index, follow, max-snippet:-1, max-image-preview:large, max-video-preview:-1\" \/>\n<link rel=\"canonical\" href=\"https:\/\/instytutpolski.pl\/stockholm\/2020\/12\/16\/utstallning-om-chopins-liv-och-verk\/\" \/>\n<meta property=\"og:locale\" content=\"pl_PL\" \/>\n<meta property=\"og:type\" content=\"article\" \/>\n<meta property=\"og:title\" content=\"Utst\u00e4llning om Chopins liv och verk - Instytut Polski w Sztokholmie\" \/>\n<meta property=\"og:description\" content=\"Utst\u00e4llningen med manus av \u0141ukasz Kaczmarowski fr\u00e5n Chopinmuseet (Muzeum Fryderyka Chopina \/ The Fryderyk Chopin Museum) och grafisk design av Rytm Digital skapades f\u00f6r Chopininstitutet i Warszawa (Narodowy Instytut Fryderyka Chopina \/ The Fryderyk Chopin Institute). V\u00e5r svenska version av utst\u00e4llningen \u00e4r i \u00f6vers\u00e4ttning av Lennart Ilke.\" \/>\n<meta property=\"og:url\" content=\"https:\/\/instytutpolski.pl\/stockholm\/2020\/12\/16\/utstallning-om-chopins-liv-och-verk\/\" \/>\n<meta property=\"og:site_name\" content=\"Instytut Polski w Sztokholmie\" \/>\n<meta property=\"article:published_time\" content=\"2020-12-16T11:24:00+00:00\" \/>\n<meta property=\"article:modified_time\" content=\"2021-01-19T13:10:08+00:00\" \/>\n<meta property=\"og:image\" content=\"https:\/\/instytutpolski.pl\/stockholm\/wp-content\/uploads\/sites\/17\/2020\/12\/chopin-baner-www.jpg\" \/>\n\t<meta property=\"og:image:width\" content=\"1120\" \/>\n\t<meta property=\"og:image:height\" content=\"630\" \/>\n\t<meta property=\"og:image:type\" content=\"image\/jpeg\" \/>\n<meta name=\"author\" content=\"strozniake\" \/>\n<meta name=\"twitter:card\" content=\"summary_large_image\" \/>\n<meta name=\"twitter:label1\" content=\"Napisane przez\" \/>\n\t<meta name=\"twitter:data1\" content=\"strozniake\" \/>\n<script type=\"application\/ld+json\" class=\"yoast-schema-graph\">{\"@context\":\"https:\/\/schema.org\",\"@graph\":[{\"@type\":\"event\",\"@id\":\"https:\/\/instytutpolski.pl\/stockholm\/2020\/12\/16\/utstallning-om-chopins-liv-och-verk\/\",\"url\":\"https:\/\/instytutpolski.pl\/stockholm\/2020\/12\/16\/utstallning-om-chopins-liv-och-verk\/\",\"name\":\"Utst\u00e4llning om Chopins liv och verk\",\"isPartOf\":{\"@id\":\"https:\/\/instytutpolski.pl\/stockholm\/#website\"},\"primaryImageOfPage\":{\"@id\":\"https:\/\/instytutpolski.pl\/stockholm\/2020\/12\/16\/utstallning-om-chopins-liv-och-verk\/#primaryimage\"},\"image\":[\"https:\/\/instytutpolski.pl\/stockholm\/wp-content\/uploads\/sites\/17\/2020\/12\/chopin-baner-www.jpg\",\"https:\/\/instytutpolski.pl\/stockholm\/wp-content\/uploads\/sites\/17\/2020\/12\/chopin-baner-www-300x169.jpg\",\"https:\/\/instytutpolski.pl\/stockholm\/wp-content\/uploads\/sites\/17\/2020\/12\/chopin-baner-www-1024x576.jpg\",\"https:\/\/instytutpolski.pl\/stockholm\/wp-content\/uploads\/sites\/17\/2020\/12\/chopin-baner-www.jpg\"],\"thumbnailUrl\":\"https:\/\/instytutpolski.pl\/stockholm\/wp-content\/uploads\/sites\/17\/2020\/12\/chopin-baner-www.jpg\",\"datePublished\":\"2020-12-16T11:24:00+02:00\",\"dateModified\":\"2021-01-19T13:10:08+02:00\",\"author\":{\"@id\":\"https:\/\/instytutpolski.pl\/stockholm\/#\/schema\/person\/062b5a5f61f32b17c98996975db8d556\"},\"breadcrumb\":{\"@id\":\"https:\/\/instytutpolski.pl\/stockholm\/2020\/12\/16\/utstallning-om-chopins-liv-och-verk\/#breadcrumb\"},\"inLanguage\":\"pl-PL\",\"potentialAction\":[{\"@type\":\"ReadAction\",\"target\":[\"https:\/\/instytutpolski.pl\/stockholm\/2020\/12\/16\/utstallning-om-chopins-liv-och-verk\/\"]}],\"@context\":\"https:\/\/schema.org\",\"startDate\":\"2020-12-17\",\"endDate\":\"2020-12-31\",\"eventStatus\":\"EventScheduled\",\"eventAttendanceMode\":\"OnlineEventAttendanceMode\",\"location\":{\"@type\":\"VirtualLocation\",\"url\":\"\"},\"description\":\"Utst\u00e4llningen med manus av \u0141ukasz Kaczmarowski fr\u00e5n Chopinmuseet (Muzeum Fryderyka Chopina \/ The Fryderyk Chopin Museum) och grafisk design av Rytm Digital skapades f\u00f6r Chopininstitutet i Warszawa (Narodowy Instytut Fryderyka Chopina \/ The Fryderyk Chopin Institute). V\u00e5r svenska version av utst\u00e4llningen \u00e4r i \u00f6vers\u00e4ttning av Lennart Ilke.\"},{\"@type\":\"ImageObject\",\"inLanguage\":\"pl-PL\",\"@id\":\"https:\/\/instytutpolski.pl\/stockholm\/2020\/12\/16\/utstallning-om-chopins-liv-och-verk\/#primaryimage\",\"url\":\"https:\/\/instytutpolski.pl\/stockholm\/wp-content\/uploads\/sites\/17\/2020\/12\/chopin-baner-www.jpg\",\"contentUrl\":\"https:\/\/instytutpolski.pl\/stockholm\/wp-content\/uploads\/sites\/17\/2020\/12\/chopin-baner-www.jpg\",\"width\":1120,\"height\":630},{\"@type\":\"BreadcrumbList\",\"@id\":\"https:\/\/instytutpolski.pl\/stockholm\/2020\/12\/16\/utstallning-om-chopins-liv-och-verk\/#breadcrumb\",\"itemListElement\":[{\"@type\":\"ListItem\",\"position\":1,\"name\":\"Home\",\"item\":\"https:\/\/instytutpolski.pl\/stockholm\/\"},{\"@type\":\"ListItem\",\"position\":2,\"name\":\"Utst\u00e4llning om Chopins liv och verk\"}]},{\"@type\":\"WebSite\",\"@id\":\"https:\/\/instytutpolski.pl\/stockholm\/#website\",\"url\":\"https:\/\/instytutpolski.pl\/stockholm\/\",\"name\":\"Instytut Polski w Sztokholmie\",\"description\":\"Instytuty Polskie\",\"potentialAction\":[{\"@type\":\"SearchAction\",\"target\":{\"@type\":\"EntryPoint\",\"urlTemplate\":\"https:\/\/instytutpolski.pl\/stockholm\/?s={search_term_string}\"},\"query-input\":{\"@type\":\"PropertyValueSpecification\",\"valueRequired\":true,\"valueName\":\"search_term_string\"}}],\"inLanguage\":\"pl-PL\"},{\"@type\":\"Person\",\"@id\":\"https:\/\/instytutpolski.pl\/stockholm\/#\/schema\/person\/062b5a5f61f32b17c98996975db8d556\",\"name\":\"strozniake\",\"image\":{\"@type\":\"ImageObject\",\"inLanguage\":\"pl-PL\",\"@id\":\"https:\/\/instytutpolski.pl\/stockholm\/#\/schema\/person\/image\/\",\"url\":\"https:\/\/secure.gravatar.com\/avatar\/25e0be9897787f9035155a882fde97cc?s=96&d=mm&r=g\",\"contentUrl\":\"https:\/\/secure.gravatar.com\/avatar\/25e0be9897787f9035155a882fde97cc?s=96&d=mm&r=g\",\"caption\":\"strozniake\"},\"sameAs\":[\"http:\/\/strozniake\"],\"url\":\"https:\/\/instytutpolski.pl\/stockholm\/author\/strozniake\/\"}]}<\/script>\n<!-- \/ Yoast SEO plugin. -->","yoast_head_json":{"title":"Utst\u00e4llning om Chopins liv och verk - Instytut Polski w Sztokholmie","robots":{"index":"index","follow":"follow","max-snippet":"max-snippet:-1","max-image-preview":"max-image-preview:large","max-video-preview":"max-video-preview:-1"},"canonical":"https:\/\/instytutpolski.pl\/stockholm\/2020\/12\/16\/utstallning-om-chopins-liv-och-verk\/","og_locale":"pl_PL","og_type":"article","og_title":"Utst\u00e4llning om Chopins liv och verk - Instytut Polski w Sztokholmie","og_description":"Utst\u00e4llningen med manus av \u0141ukasz Kaczmarowski fr\u00e5n Chopinmuseet (Muzeum Fryderyka Chopina \/ The Fryderyk Chopin Museum) och grafisk design av Rytm Digital skapades f\u00f6r Chopininstitutet i Warszawa (Narodowy Instytut Fryderyka Chopina \/ The Fryderyk Chopin Institute). V\u00e5r svenska version av utst\u00e4llningen \u00e4r i \u00f6vers\u00e4ttning av Lennart Ilke.","og_url":"https:\/\/instytutpolski.pl\/stockholm\/2020\/12\/16\/utstallning-om-chopins-liv-och-verk\/","og_site_name":"Instytut Polski w Sztokholmie","article_published_time":"2020-12-16T11:24:00+00:00","article_modified_time":"2021-01-19T13:10:08+00:00","og_image":[{"width":1120,"height":630,"url":"https:\/\/instytutpolski.pl\/stockholm\/wp-content\/uploads\/sites\/17\/2020\/12\/chopin-baner-www.jpg","type":"image\/jpeg"}],"author":"strozniake","twitter_card":"summary_large_image","twitter_misc":{"Napisane przez":"strozniake"},"schema":{"@context":"https:\/\/schema.org","@graph":[{"@type":"event","@id":"https:\/\/instytutpolski.pl\/stockholm\/2020\/12\/16\/utstallning-om-chopins-liv-och-verk\/","url":"https:\/\/instytutpolski.pl\/stockholm\/2020\/12\/16\/utstallning-om-chopins-liv-och-verk\/","name":"Utst\u00e4llning om Chopins liv och verk","isPartOf":{"@id":"https:\/\/instytutpolski.pl\/stockholm\/#website"},"primaryImageOfPage":{"@id":"https:\/\/instytutpolski.pl\/stockholm\/2020\/12\/16\/utstallning-om-chopins-liv-och-verk\/#primaryimage"},"image":["https:\/\/instytutpolski.pl\/stockholm\/wp-content\/uploads\/sites\/17\/2020\/12\/chopin-baner-www.jpg","https:\/\/instytutpolski.pl\/stockholm\/wp-content\/uploads\/sites\/17\/2020\/12\/chopin-baner-www-300x169.jpg","https:\/\/instytutpolski.pl\/stockholm\/wp-content\/uploads\/sites\/17\/2020\/12\/chopin-baner-www-1024x576.jpg","https:\/\/instytutpolski.pl\/stockholm\/wp-content\/uploads\/sites\/17\/2020\/12\/chopin-baner-www.jpg"],"thumbnailUrl":"https:\/\/instytutpolski.pl\/stockholm\/wp-content\/uploads\/sites\/17\/2020\/12\/chopin-baner-www.jpg","datePublished":"2020-12-16T11:24:00+02:00","dateModified":"2021-01-19T13:10:08+02:00","author":{"@id":"https:\/\/instytutpolski.pl\/stockholm\/#\/schema\/person\/062b5a5f61f32b17c98996975db8d556"},"breadcrumb":{"@id":"https:\/\/instytutpolski.pl\/stockholm\/2020\/12\/16\/utstallning-om-chopins-liv-och-verk\/#breadcrumb"},"inLanguage":"pl-PL","potentialAction":[{"@type":"ReadAction","target":["https:\/\/instytutpolski.pl\/stockholm\/2020\/12\/16\/utstallning-om-chopins-liv-och-verk\/"]}],"@context":"https:\/\/schema.org","startDate":"2020-12-17","endDate":"2020-12-31","eventStatus":"EventScheduled","eventAttendanceMode":"OnlineEventAttendanceMode","location":{"@type":"VirtualLocation","url":""},"description":"Utst\u00e4llningen med manus av \u0141ukasz Kaczmarowski fr\u00e5n Chopinmuseet (Muzeum Fryderyka Chopina \/ The Fryderyk Chopin Museum) och grafisk design av Rytm Digital skapades f\u00f6r Chopininstitutet i Warszawa (Narodowy Instytut Fryderyka Chopina \/ The Fryderyk Chopin Institute). V\u00e5r svenska version av utst\u00e4llningen \u00e4r i \u00f6vers\u00e4ttning av Lennart Ilke."},{"@type":"ImageObject","inLanguage":"pl-PL","@id":"https:\/\/instytutpolski.pl\/stockholm\/2020\/12\/16\/utstallning-om-chopins-liv-och-verk\/#primaryimage","url":"https:\/\/instytutpolski.pl\/stockholm\/wp-content\/uploads\/sites\/17\/2020\/12\/chopin-baner-www.jpg","contentUrl":"https:\/\/instytutpolski.pl\/stockholm\/wp-content\/uploads\/sites\/17\/2020\/12\/chopin-baner-www.jpg","width":1120,"height":630},{"@type":"BreadcrumbList","@id":"https:\/\/instytutpolski.pl\/stockholm\/2020\/12\/16\/utstallning-om-chopins-liv-och-verk\/#breadcrumb","itemListElement":[{"@type":"ListItem","position":1,"name":"Home","item":"https:\/\/instytutpolski.pl\/stockholm\/"},{"@type":"ListItem","position":2,"name":"Utst\u00e4llning om Chopins liv och verk"}]},{"@type":"WebSite","@id":"https:\/\/instytutpolski.pl\/stockholm\/#website","url":"https:\/\/instytutpolski.pl\/stockholm\/","name":"Instytut Polski w Sztokholmie","description":"Instytuty Polskie","potentialAction":[{"@type":"SearchAction","target":{"@type":"EntryPoint","urlTemplate":"https:\/\/instytutpolski.pl\/stockholm\/?s={search_term_string}"},"query-input":{"@type":"PropertyValueSpecification","valueRequired":true,"valueName":"search_term_string"}}],"inLanguage":"pl-PL"},{"@type":"Person","@id":"https:\/\/instytutpolski.pl\/stockholm\/#\/schema\/person\/062b5a5f61f32b17c98996975db8d556","name":"strozniake","image":{"@type":"ImageObject","inLanguage":"pl-PL","@id":"https:\/\/instytutpolski.pl\/stockholm\/#\/schema\/person\/image\/","url":"https:\/\/secure.gravatar.com\/avatar\/25e0be9897787f9035155a882fde97cc?s=96&d=mm&r=g","contentUrl":"https:\/\/secure.gravatar.com\/avatar\/25e0be9897787f9035155a882fde97cc?s=96&d=mm&r=g","caption":"strozniake"},"sameAs":["http:\/\/strozniake"],"url":"https:\/\/instytutpolski.pl\/stockholm\/author\/strozniake\/"}]}},"_links":{"self":[{"href":"https:\/\/instytutpolski.pl\/stockholm\/wp-json\/wp\/v2\/posts\/4496","targetHints":{"allow":["GET"]}}],"collection":[{"href":"https:\/\/instytutpolski.pl\/stockholm\/wp-json\/wp\/v2\/posts"}],"about":[{"href":"https:\/\/instytutpolski.pl\/stockholm\/wp-json\/wp\/v2\/types\/post"}],"author":[{"embeddable":true,"href":"https:\/\/instytutpolski.pl\/stockholm\/wp-json\/wp\/v2\/users\/29"}],"replies":[{"embeddable":true,"href":"https:\/\/instytutpolski.pl\/stockholm\/wp-json\/wp\/v2\/comments?post=4496"}],"version-history":[{"count":7,"href":"https:\/\/instytutpolski.pl\/stockholm\/wp-json\/wp\/v2\/posts\/4496\/revisions"}],"predecessor-version":[{"id":4925,"href":"https:\/\/instytutpolski.pl\/stockholm\/wp-json\/wp\/v2\/posts\/4496\/revisions\/4925"}],"wp:featuredmedia":[{"embeddable":true,"href":"https:\/\/instytutpolski.pl\/stockholm\/wp-json\/wp\/v2\/media\/4586"}],"wp:attachment":[{"href":"https:\/\/instytutpolski.pl\/stockholm\/wp-json\/wp\/v2\/media?parent=4496"}],"wp:term":[{"taxonomy":"category","embeddable":true,"href":"https:\/\/instytutpolski.pl\/stockholm\/wp-json\/wp\/v2\/categories?post=4496"},{"taxonomy":"post_tag","embeddable":true,"href":"https:\/\/instytutpolski.pl\/stockholm\/wp-json\/wp\/v2\/tags?post=4496"}],"curies":[{"name":"wp","href":"https:\/\/api.w.org\/{rel}","templated":true}]}}