{"id":4867,"date":"2020-11-27T12:36:05","date_gmt":"2020-11-27T11:36:05","guid":{"rendered":"https:\/\/instytutpolski.pl\/stockholm\/?p=4867"},"modified":"2021-01-19T13:39:32","modified_gmt":"2021-01-19T12:39:32","slug":"ku-filozoficznemu-mysleniu-mysl-i-dziedzictwo-filozoficzne-jozefa-marii-bochenskiego","status":"publish","type":"post","link":"https:\/\/instytutpolski.pl\/stockholm\/pl\/2020\/11\/27\/ku-filozoficznemu-mysleniu-mysl-i-dziedzictwo-filozoficzne-jozefa-marii-bochenskiego\/","title":{"rendered":"Ku Filozoficznemu My\u015bleniu. My\u015bl i Dziedzictwo Filozoficzne J\u00f3zefa Marii Boche\u0144skiego"},"content":{"rendered":"\n<p><strong>Jadwiga Guerrero van der Meijden<\/strong>, doktor filozofii oraz adiunkt badawczy na Uniwersytecie Jagiello\u0144skim w Krakowie, opowiada o przemy\u015bleniach i filozofii Ojca J\u00f3zefa Marii Boche\u0144skiego, a tak\u017ce o jego olbrzymim wk\u0142adzie w dziedzictwo kultury \u015bwiata. Senat RP ustanowi\u0142 roku 2020 Rokiem Ojca J\u00f3zefa Marii Boche\u0144skiego.<\/p>\n\n\n\n<p><strong>J\u00f3zef Franciszek Emanuel Boche\u0144ski<\/strong> (1902 &#8211; 1995) \u2013 logik, historyk logiki i filozof, sowietolog, dominikanin, katolicki prezbiter, rektor Uniwersytetu we Fryburgu (1964 &#8211; 1966). Badaczem filozofii i my\u015bli wsp\u00f3\u0142czesnej: historia logiki i krytyka kultury wsp\u00f3\u0142czesnej wyznacza\u0142y dwa g\u0142\u00f3wne pola jego bada\u0144. Boche\u0144ski dzieli\u0142 histori\u0119 logiki na trzy kr\u00f3tkie okresy szybkiego rozwoju, przedzielane d\u0142ugimi okresami niemal ca\u0142kowitego upadku. Filozof\u00a0 by\u0142 krytykiem marksizmu i \u015bci\u015ble odr\u00f3\u017cnia\u0142 my\u015bl Marksa jako socjologa od p\u00f3\u017aniejszego marksizmu-leninizmu. W dziedzinie ekonomii Boche\u0144ski opracowa\u0142 logiczn\u0105 analiz\u0119 wsp\u00f3\u0142czesnego przedsi\u0119biorstwa. Bibliografia jego publikacji obejmuje wiele wyda\u0144 ksi\u0105\u017ckowych w r\u00f3\u017cnych j\u0119zykach. Filozof by\u0142 znany z niespo\u017cytej energii i niekonwencjonalnych form zachowania, maj\u0105c ju\u017c prawie 70 lat, uzyska\u0142 licencj\u0119 pilota.<\/p>\n\n\n\n<p>Wi\u0119cej informacji w j\u0119zyku angielskim znajdziesz <a href=\"https:\/\/instytutpolski.pl\/stockholm\/2020\/11\/27\/philosophy-as-an-investigation-bochenski\/\" target=\"_blank\" rel=\"noreferrer noopener\">tutaj<\/a>.<\/p>\n","protected":false},"excerpt":{"rendered":"<p>Jadwiga Guerrero van der Meijden, doktor filozofii oraz adiunkt badawczy na Uniwersytecie Jagiello\u0144skim w Krakowie, opowiada o przemy\u015bleniach i filozofii Ojca J\u00f3zefa Marii Boche\u0144skiego, a tak\u017ce o jego olbrzymim wk\u0142adzie w dziedzictwo kultury \u015bwiata. Senat RP ustanowi\u0142 roku 2020 Rokiem Ojca J\u00f3zefa Marii Boche\u0144skiego. J\u00f3zef Franciszek Emanuel Boche\u0144ski (1902 &#8211; 1995) \u2013 logik, historyk logiki [&hellip;]<\/p>\n","protected":false},"author":29,"featured_media":4675,"comment_status":"closed","ping_status":"closed","sticky":false,"template":"","format":"standard","meta":{"inline_featured_image":false,"_monsterinsights_skip_tracking":false,"_monsterinsights_sitenote_active":false,"_monsterinsights_sitenote_note":"","_monsterinsights_sitenote_category":0,"footnotes":""},"categories":[87,36],"tags":[],"class_list":["post-4867","post","type-post","status-publish","format-standard","has-post-thumbnail","hentry","category-literatura","category-wydarzenie"],"yoast_head":"<!-- This site is optimized with the Yoast SEO plugin v24.6 - https:\/\/yoast.com\/wordpress\/plugins\/seo\/ -->\n<title>Ku Filozoficznemu My\u015bleniu. My\u015bl i Dziedzictwo Filozoficzne J\u00f3zefa Marii Boche\u0144skiego - Instytut Polski w Sztokholmie<\/title>\n<meta name=\"robots\" content=\"index, follow, max-snippet:-1, max-image-preview:large, max-video-preview:-1\" \/>\n<link rel=\"canonical\" href=\"https:\/\/instytutpolski.pl\/stockholm\/pl\/2020\/11\/27\/ku-filozoficznemu-mysleniu-mysl-i-dziedzictwo-filozoficzne-jozefa-marii-bochenskiego\/\" \/>\n<meta property=\"og:locale\" content=\"pl_PL\" \/>\n<meta property=\"og:type\" content=\"article\" \/>\n<meta property=\"og:title\" content=\"Ku Filozoficznemu My\u015bleniu. My\u015bl i Dziedzictwo Filozoficzne J\u00f3zefa Marii Boche\u0144skiego - Instytut Polski w Sztokholmie\" \/>\n<meta property=\"og:description\" content=\"Jadwiga Guerrero van der Meijden, doktor filozofii oraz adiunkt badawczy na Uniwersytecie Jagiello\u0144skim w Krakowie, opowiada o przemy\u015bleniach i filozofii Ojca J\u00f3zefa Marii Boche\u0144skiego, a tak\u017ce o jego olbrzymim wk\u0142adzie w dziedzictwo kultury \u015bwiata. Senat RP ustanowi\u0142 roku 2020 Rokiem Ojca J\u00f3zefa Marii Boche\u0144skiego. J\u00f3zef Franciszek Emanuel Boche\u0144ski (1902 &#8211; 1995) \u2013 logik, historyk logiki [&hellip;]\" \/>\n<meta property=\"og:url\" content=\"https:\/\/instytutpolski.pl\/stockholm\/pl\/2020\/11\/27\/ku-filozoficznemu-mysleniu-mysl-i-dziedzictwo-filozoficzne-jozefa-marii-bochenskiego\/\" \/>\n<meta property=\"og:site_name\" content=\"Instytut Polski w Sztokholmie\" \/>\n<meta property=\"article:published_time\" content=\"2020-11-27T11:36:05+00:00\" \/>\n<meta property=\"article:modified_time\" content=\"2021-01-19T12:39:32+00:00\" \/>\n<meta property=\"og:image\" content=\"https:\/\/instytutpolski.pl\/stockholm\/wp-content\/uploads\/sites\/17\/2020\/11\/bochenski-baner.jpg\" \/>\n\t<meta property=\"og:image:width\" content=\"1120\" \/>\n\t<meta property=\"og:image:height\" content=\"630\" \/>\n\t<meta property=\"og:image:type\" content=\"image\/jpeg\" \/>\n<meta name=\"author\" content=\"strozniake\" \/>\n<meta name=\"twitter:card\" content=\"summary_large_image\" \/>\n<meta name=\"twitter:label1\" content=\"Napisane przez\" \/>\n\t<meta name=\"twitter:data1\" content=\"strozniake\" \/>\n\t<meta name=\"twitter:label2\" content=\"Szacowany czas czytania\" \/>\n\t<meta name=\"twitter:data2\" content=\"1 minuta\" \/>\n<script type=\"application\/ld+json\" class=\"yoast-schema-graph\">{\"@context\":\"https:\/\/schema.org\",\"@graph\":[{\"@type\":\"event\",\"@id\":\"https:\/\/instytutpolski.pl\/stockholm\/pl\/2020\/11\/27\/ku-filozoficznemu-mysleniu-mysl-i-dziedzictwo-filozoficzne-jozefa-marii-bochenskiego\/\",\"url\":\"https:\/\/instytutpolski.pl\/stockholm\/pl\/2020\/11\/27\/ku-filozoficznemu-mysleniu-mysl-i-dziedzictwo-filozoficzne-jozefa-marii-bochenskiego\/\",\"name\":\"Ku Filozoficznemu My\u015bleniu. My\u015bl i Dziedzictwo Filozoficzne J\u00f3zefa Marii Boche\u0144skiego\",\"isPartOf\":{\"@id\":\"https:\/\/instytutpolski.pl\/stockholm\/#website\"},\"primaryImageOfPage\":{\"@id\":\"https:\/\/instytutpolski.pl\/stockholm\/pl\/2020\/11\/27\/ku-filozoficznemu-mysleniu-mysl-i-dziedzictwo-filozoficzne-jozefa-marii-bochenskiego\/#primaryimage\"},\"image\":[\"https:\/\/instytutpolski.pl\/stockholm\/wp-content\/uploads\/sites\/17\/2020\/11\/bochenski-baner.jpg\",\"https:\/\/instytutpolski.pl\/stockholm\/wp-content\/uploads\/sites\/17\/2020\/11\/bochenski-baner-300x169.jpg\",\"https:\/\/instytutpolski.pl\/stockholm\/wp-content\/uploads\/sites\/17\/2020\/11\/bochenski-baner-1024x576.jpg\",\"https:\/\/instytutpolski.pl\/stockholm\/wp-content\/uploads\/sites\/17\/2020\/11\/bochenski-baner.jpg\"],\"thumbnailUrl\":\"https:\/\/instytutpolski.pl\/stockholm\/wp-content\/uploads\/sites\/17\/2020\/11\/bochenski-baner.jpg\",\"datePublished\":\"2020-11-27T11:36:05+02:00\",\"dateModified\":\"2021-01-19T12:39:32+02:00\",\"author\":{\"@id\":\"https:\/\/instytutpolski.pl\/stockholm\/#\/schema\/person\/062b5a5f61f32b17c98996975db8d556\"},\"breadcrumb\":{\"@id\":\"https:\/\/instytutpolski.pl\/stockholm\/pl\/2020\/11\/27\/ku-filozoficznemu-mysleniu-mysl-i-dziedzictwo-filozoficzne-jozefa-marii-bochenskiego\/#breadcrumb\"},\"inLanguage\":\"pl-PL\",\"potentialAction\":[{\"@type\":\"ReadAction\",\"target\":[\"https:\/\/instytutpolski.pl\/stockholm\/pl\/2020\/11\/27\/ku-filozoficznemu-mysleniu-mysl-i-dziedzictwo-filozoficzne-jozefa-marii-bochenskiego\/\"]}],\"@context\":\"https:\/\/schema.org\",\"startDate\":\"2020-12-08T04:00:00+02:00\",\"endDate\":\"2020-12-08T06:00:00+02:00\",\"eventStatus\":\"EventScheduled\",\"eventAttendanceMode\":\"OnlineEventAttendanceMode\",\"location\":{\"@type\":\"VirtualLocation\",\"url\":\"\"},\"description\":\"Jadwiga Guerrero van der Meijden, doktor filozofii oraz adiunkt badawczy na Uniwersytecie Jagiello\u0144skim w Krakowie, opowiada o przemy\u015bleniach i filozofii Ojca J\u00f3zefa Marii Boche\u0144skiego, a tak\u017ce o jego olbrzymim wk\u0142adzie w dziedzictwo kultury \u015bwiata. Senat RP ustanowi\u0142 roku 2020 Rokiem Ojca J\u00f3zefa Marii Boche\u0144skiego.\\nJ\u00f3zef Franciszek Emanuel Boche\u0144ski (1902 - 1995) \u2013 logik, historyk logiki i filozof, sowietolog, dominikanin, katolicki prezbiter, rektor Uniwersytetu we Fryburgu (1964 - 1966). Badaczem filozofii i my\u015bli wsp\u00f3\u0142czesnej: historia logiki i krytyka kultury wsp\u00f3\u0142czesnej wyznacza\u0142y dwa g\u0142\u00f3wne pola jego bada\u0144. Boche\u0144ski dzieli\u0142 histori\u0119 logiki na trzy kr\u00f3tkie okresy szybkiego rozwoju, przedzielane d\u0142ugimi okresami niemal ca\u0142kowitego upadku. Filozof\u00a0 by\u0142 krytykiem marksizmu i \u015bci\u015ble odr\u00f3\u017cnia\u0142 my\u015bl Marksa jako socjologa od p\u00f3\u017aniejszego marksizmu-leninizmu. W dziedzinie ekonomii Boche\u0144ski opracowa\u0142 logiczn\u0105 analiz\u0119 wsp\u00f3\u0142czesnego przedsi\u0119biorstwa. Bibliografia jego publikacji obejmuje wiele wyda\u0144 ksi\u0105\u017ckowych w r\u00f3\u017cnych j\u0119zykach. Filozof by\u0142 znany z niespo\u017cytej energii i niekonwencjonalnych form zachowania, maj\u0105c ju\u017c prawie 70 lat, uzyska\u0142 licencj\u0119 pilota.\\nWi\u0119cej informacji w j\u0119zyku angielskim znajdziesz tutaj.\"},{\"@type\":\"ImageObject\",\"inLanguage\":\"pl-PL\",\"@id\":\"https:\/\/instytutpolski.pl\/stockholm\/pl\/2020\/11\/27\/ku-filozoficznemu-mysleniu-mysl-i-dziedzictwo-filozoficzne-jozefa-marii-bochenskiego\/#primaryimage\",\"url\":\"https:\/\/instytutpolski.pl\/stockholm\/wp-content\/uploads\/sites\/17\/2020\/11\/bochenski-baner.jpg\",\"contentUrl\":\"https:\/\/instytutpolski.pl\/stockholm\/wp-content\/uploads\/sites\/17\/2020\/11\/bochenski-baner.jpg\",\"width\":1120,\"height\":630},{\"@type\":\"BreadcrumbList\",\"@id\":\"https:\/\/instytutpolski.pl\/stockholm\/pl\/2020\/11\/27\/ku-filozoficznemu-mysleniu-mysl-i-dziedzictwo-filozoficzne-jozefa-marii-bochenskiego\/#breadcrumb\",\"itemListElement\":[{\"@type\":\"ListItem\",\"position\":1,\"name\":\"Home\",\"item\":\"https:\/\/instytutpolski.pl\/stockholm\/\"},{\"@type\":\"ListItem\",\"position\":2,\"name\":\"Ku Filozoficznemu My\u015bleniu. My\u015bl i Dziedzictwo Filozoficzne J\u00f3zefa Marii Boche\u0144skiego\"}]},{\"@type\":\"WebSite\",\"@id\":\"https:\/\/instytutpolski.pl\/stockholm\/#website\",\"url\":\"https:\/\/instytutpolski.pl\/stockholm\/\",\"name\":\"Instytut Polski w Sztokholmie\",\"description\":\"Instytuty Polskie\",\"potentialAction\":[{\"@type\":\"SearchAction\",\"target\":{\"@type\":\"EntryPoint\",\"urlTemplate\":\"https:\/\/instytutpolski.pl\/stockholm\/?s={search_term_string}\"},\"query-input\":{\"@type\":\"PropertyValueSpecification\",\"valueRequired\":true,\"valueName\":\"search_term_string\"}}],\"inLanguage\":\"pl-PL\"},{\"@type\":\"Person\",\"@id\":\"https:\/\/instytutpolski.pl\/stockholm\/#\/schema\/person\/062b5a5f61f32b17c98996975db8d556\",\"name\":\"strozniake\",\"image\":{\"@type\":\"ImageObject\",\"inLanguage\":\"pl-PL\",\"@id\":\"https:\/\/instytutpolski.pl\/stockholm\/#\/schema\/person\/image\/\",\"url\":\"https:\/\/secure.gravatar.com\/avatar\/25e0be9897787f9035155a882fde97cc?s=96&d=mm&r=g\",\"contentUrl\":\"https:\/\/secure.gravatar.com\/avatar\/25e0be9897787f9035155a882fde97cc?s=96&d=mm&r=g\",\"caption\":\"strozniake\"},\"sameAs\":[\"http:\/\/strozniake\"],\"url\":\"https:\/\/instytutpolski.pl\/stockholm\/author\/strozniake\/\"}]}<\/script>\n<!-- \/ Yoast SEO plugin. -->","yoast_head_json":{"title":"Ku Filozoficznemu My\u015bleniu. My\u015bl i Dziedzictwo Filozoficzne J\u00f3zefa Marii Boche\u0144skiego - Instytut Polski w Sztokholmie","robots":{"index":"index","follow":"follow","max-snippet":"max-snippet:-1","max-image-preview":"max-image-preview:large","max-video-preview":"max-video-preview:-1"},"canonical":"https:\/\/instytutpolski.pl\/stockholm\/pl\/2020\/11\/27\/ku-filozoficznemu-mysleniu-mysl-i-dziedzictwo-filozoficzne-jozefa-marii-bochenskiego\/","og_locale":"pl_PL","og_type":"article","og_title":"Ku Filozoficznemu My\u015bleniu. My\u015bl i Dziedzictwo Filozoficzne J\u00f3zefa Marii Boche\u0144skiego - Instytut Polski w Sztokholmie","og_description":"Jadwiga Guerrero van der Meijden, doktor filozofii oraz adiunkt badawczy na Uniwersytecie Jagiello\u0144skim w Krakowie, opowiada o przemy\u015bleniach i filozofii Ojca J\u00f3zefa Marii Boche\u0144skiego, a tak\u017ce o jego olbrzymim wk\u0142adzie w dziedzictwo kultury \u015bwiata. Senat RP ustanowi\u0142 roku 2020 Rokiem Ojca J\u00f3zefa Marii Boche\u0144skiego. J\u00f3zef Franciszek Emanuel Boche\u0144ski (1902 &#8211; 1995) \u2013 logik, historyk logiki [&hellip;]","og_url":"https:\/\/instytutpolski.pl\/stockholm\/pl\/2020\/11\/27\/ku-filozoficznemu-mysleniu-mysl-i-dziedzictwo-filozoficzne-jozefa-marii-bochenskiego\/","og_site_name":"Instytut Polski w Sztokholmie","article_published_time":"2020-11-27T11:36:05+00:00","article_modified_time":"2021-01-19T12:39:32+00:00","og_image":[{"width":1120,"height":630,"url":"https:\/\/instytutpolski.pl\/stockholm\/wp-content\/uploads\/sites\/17\/2020\/11\/bochenski-baner.jpg","type":"image\/jpeg"}],"author":"strozniake","twitter_card":"summary_large_image","twitter_misc":{"Napisane przez":"strozniake","Szacowany czas czytania":"1 minuta"},"schema":{"@context":"https:\/\/schema.org","@graph":[{"@type":"event","@id":"https:\/\/instytutpolski.pl\/stockholm\/pl\/2020\/11\/27\/ku-filozoficznemu-mysleniu-mysl-i-dziedzictwo-filozoficzne-jozefa-marii-bochenskiego\/","url":"https:\/\/instytutpolski.pl\/stockholm\/pl\/2020\/11\/27\/ku-filozoficznemu-mysleniu-mysl-i-dziedzictwo-filozoficzne-jozefa-marii-bochenskiego\/","name":"Ku Filozoficznemu My\u015bleniu. My\u015bl i Dziedzictwo Filozoficzne J\u00f3zefa Marii Boche\u0144skiego","isPartOf":{"@id":"https:\/\/instytutpolski.pl\/stockholm\/#website"},"primaryImageOfPage":{"@id":"https:\/\/instytutpolski.pl\/stockholm\/pl\/2020\/11\/27\/ku-filozoficznemu-mysleniu-mysl-i-dziedzictwo-filozoficzne-jozefa-marii-bochenskiego\/#primaryimage"},"image":["https:\/\/instytutpolski.pl\/stockholm\/wp-content\/uploads\/sites\/17\/2020\/11\/bochenski-baner.jpg","https:\/\/instytutpolski.pl\/stockholm\/wp-content\/uploads\/sites\/17\/2020\/11\/bochenski-baner-300x169.jpg","https:\/\/instytutpolski.pl\/stockholm\/wp-content\/uploads\/sites\/17\/2020\/11\/bochenski-baner-1024x576.jpg","https:\/\/instytutpolski.pl\/stockholm\/wp-content\/uploads\/sites\/17\/2020\/11\/bochenski-baner.jpg"],"thumbnailUrl":"https:\/\/instytutpolski.pl\/stockholm\/wp-content\/uploads\/sites\/17\/2020\/11\/bochenski-baner.jpg","datePublished":"2020-11-27T11:36:05+02:00","dateModified":"2021-01-19T12:39:32+02:00","author":{"@id":"https:\/\/instytutpolski.pl\/stockholm\/#\/schema\/person\/062b5a5f61f32b17c98996975db8d556"},"breadcrumb":{"@id":"https:\/\/instytutpolski.pl\/stockholm\/pl\/2020\/11\/27\/ku-filozoficznemu-mysleniu-mysl-i-dziedzictwo-filozoficzne-jozefa-marii-bochenskiego\/#breadcrumb"},"inLanguage":"pl-PL","potentialAction":[{"@type":"ReadAction","target":["https:\/\/instytutpolski.pl\/stockholm\/pl\/2020\/11\/27\/ku-filozoficznemu-mysleniu-mysl-i-dziedzictwo-filozoficzne-jozefa-marii-bochenskiego\/"]}],"@context":"https:\/\/schema.org","startDate":"2020-12-08T04:00:00+02:00","endDate":"2020-12-08T06:00:00+02:00","eventStatus":"EventScheduled","eventAttendanceMode":"OnlineEventAttendanceMode","location":{"@type":"VirtualLocation","url":""},"description":"Jadwiga Guerrero van der Meijden, doktor filozofii oraz adiunkt badawczy na Uniwersytecie Jagiello\u0144skim w Krakowie, opowiada o przemy\u015bleniach i filozofii Ojca J\u00f3zefa Marii Boche\u0144skiego, a tak\u017ce o jego olbrzymim wk\u0142adzie w dziedzictwo kultury \u015bwiata. Senat RP ustanowi\u0142 roku 2020 Rokiem Ojca J\u00f3zefa Marii Boche\u0144skiego.\nJ\u00f3zef Franciszek Emanuel Boche\u0144ski (1902 - 1995) \u2013 logik, historyk logiki i filozof, sowietolog, dominikanin, katolicki prezbiter, rektor Uniwersytetu we Fryburgu (1964 - 1966). Badaczem filozofii i my\u015bli wsp\u00f3\u0142czesnej: historia logiki i krytyka kultury wsp\u00f3\u0142czesnej wyznacza\u0142y dwa g\u0142\u00f3wne pola jego bada\u0144. Boche\u0144ski dzieli\u0142 histori\u0119 logiki na trzy kr\u00f3tkie okresy szybkiego rozwoju, przedzielane d\u0142ugimi okresami niemal ca\u0142kowitego upadku. Filozof\u00a0 by\u0142 krytykiem marksizmu i \u015bci\u015ble odr\u00f3\u017cnia\u0142 my\u015bl Marksa jako socjologa od p\u00f3\u017aniejszego marksizmu-leninizmu. W dziedzinie ekonomii Boche\u0144ski opracowa\u0142 logiczn\u0105 analiz\u0119 wsp\u00f3\u0142czesnego przedsi\u0119biorstwa. Bibliografia jego publikacji obejmuje wiele wyda\u0144 ksi\u0105\u017ckowych w r\u00f3\u017cnych j\u0119zykach. Filozof by\u0142 znany z niespo\u017cytej energii i niekonwencjonalnych form zachowania, maj\u0105c ju\u017c prawie 70 lat, uzyska\u0142 licencj\u0119 pilota.\nWi\u0119cej informacji w j\u0119zyku angielskim znajdziesz tutaj."},{"@type":"ImageObject","inLanguage":"pl-PL","@id":"https:\/\/instytutpolski.pl\/stockholm\/pl\/2020\/11\/27\/ku-filozoficznemu-mysleniu-mysl-i-dziedzictwo-filozoficzne-jozefa-marii-bochenskiego\/#primaryimage","url":"https:\/\/instytutpolski.pl\/stockholm\/wp-content\/uploads\/sites\/17\/2020\/11\/bochenski-baner.jpg","contentUrl":"https:\/\/instytutpolski.pl\/stockholm\/wp-content\/uploads\/sites\/17\/2020\/11\/bochenski-baner.jpg","width":1120,"height":630},{"@type":"BreadcrumbList","@id":"https:\/\/instytutpolski.pl\/stockholm\/pl\/2020\/11\/27\/ku-filozoficznemu-mysleniu-mysl-i-dziedzictwo-filozoficzne-jozefa-marii-bochenskiego\/#breadcrumb","itemListElement":[{"@type":"ListItem","position":1,"name":"Home","item":"https:\/\/instytutpolski.pl\/stockholm\/"},{"@type":"ListItem","position":2,"name":"Ku Filozoficznemu My\u015bleniu. My\u015bl i Dziedzictwo Filozoficzne J\u00f3zefa Marii Boche\u0144skiego"}]},{"@type":"WebSite","@id":"https:\/\/instytutpolski.pl\/stockholm\/#website","url":"https:\/\/instytutpolski.pl\/stockholm\/","name":"Instytut Polski w Sztokholmie","description":"Instytuty Polskie","potentialAction":[{"@type":"SearchAction","target":{"@type":"EntryPoint","urlTemplate":"https:\/\/instytutpolski.pl\/stockholm\/?s={search_term_string}"},"query-input":{"@type":"PropertyValueSpecification","valueRequired":true,"valueName":"search_term_string"}}],"inLanguage":"pl-PL"},{"@type":"Person","@id":"https:\/\/instytutpolski.pl\/stockholm\/#\/schema\/person\/062b5a5f61f32b17c98996975db8d556","name":"strozniake","image":{"@type":"ImageObject","inLanguage":"pl-PL","@id":"https:\/\/instytutpolski.pl\/stockholm\/#\/schema\/person\/image\/","url":"https:\/\/secure.gravatar.com\/avatar\/25e0be9897787f9035155a882fde97cc?s=96&d=mm&r=g","contentUrl":"https:\/\/secure.gravatar.com\/avatar\/25e0be9897787f9035155a882fde97cc?s=96&d=mm&r=g","caption":"strozniake"},"sameAs":["http:\/\/strozniake"],"url":"https:\/\/instytutpolski.pl\/stockholm\/author\/strozniake\/"}]}},"_links":{"self":[{"href":"https:\/\/instytutpolski.pl\/stockholm\/wp-json\/wp\/v2\/posts\/4867","targetHints":{"allow":["GET"]}}],"collection":[{"href":"https:\/\/instytutpolski.pl\/stockholm\/wp-json\/wp\/v2\/posts"}],"about":[{"href":"https:\/\/instytutpolski.pl\/stockholm\/wp-json\/wp\/v2\/types\/post"}],"author":[{"embeddable":true,"href":"https:\/\/instytutpolski.pl\/stockholm\/wp-json\/wp\/v2\/users\/29"}],"replies":[{"embeddable":true,"href":"https:\/\/instytutpolski.pl\/stockholm\/wp-json\/wp\/v2\/comments?post=4867"}],"version-history":[{"count":2,"href":"https:\/\/instytutpolski.pl\/stockholm\/wp-json\/wp\/v2\/posts\/4867\/revisions"}],"predecessor-version":[{"id":4869,"href":"https:\/\/instytutpolski.pl\/stockholm\/wp-json\/wp\/v2\/posts\/4867\/revisions\/4869"}],"wp:featuredmedia":[{"embeddable":true,"href":"https:\/\/instytutpolski.pl\/stockholm\/wp-json\/wp\/v2\/media\/4675"}],"wp:attachment":[{"href":"https:\/\/instytutpolski.pl\/stockholm\/wp-json\/wp\/v2\/media?parent=4867"}],"wp:term":[{"taxonomy":"category","embeddable":true,"href":"https:\/\/instytutpolski.pl\/stockholm\/wp-json\/wp\/v2\/categories?post=4867"},{"taxonomy":"post_tag","embeddable":true,"href":"https:\/\/instytutpolski.pl\/stockholm\/wp-json\/wp\/v2\/tags?post=4867"}],"curies":[{"name":"wp","href":"https:\/\/api.w.org\/{rel}","templated":true}]}}