{"id":4959,"date":"2021-01-22T10:12:46","date_gmt":"2021-01-22T09:12:46","guid":{"rendered":"https:\/\/instytutpolski.pl\/stockholm\/?p=4959"},"modified":"2021-07-21T16:47:14","modified_gmt":"2021-07-21T14:47:14","slug":"100-rocznica-urodzin-polskiego-poety-krzysztofa-kamila-baczynskiego","status":"publish","type":"post","link":"https:\/\/instytutpolski.pl\/stockholm\/pl\/2021\/01\/22\/100-rocznica-urodzin-polskiego-poety-krzysztofa-kamila-baczynskiego\/","title":{"rendered":"100. rocznica urodzin polskiego poety Krzysztofa Kamila Baczy\u0144skiego"},"content":{"rendered":"\n<p><strong>Krzysztof Kamil Baczy\u0144ski<\/strong> urodzi\u0142 si\u0119 w Warszawie. Syn krytyka i pisarza literackiego, by\u0142ego \u017co\u0142nierza Legion\u00f3w Polskich w czasie I wojny \u015bwiatowej, Stanis\u0142awa Baczy\u0144skiego oraz autorki podr\u0119cznik\u00f3w szkolnych i pedago\u017cki, Stefanii Ziele\u0144czyk. Oboje rodzice byli katolikami, ale matka pochodzi\u0142a z tak zwanej zasymilowanej rodziny \u017cydowskiej, co znalaz\u0142o odbicie w tw\u00f3rczo\u015bci poety w okresie okupacji hitlerowskiej.<\/p>\n\n\n\n<p>W 1939 r. uko\u0144czy\u0142 liceum i zamierza\u0142 studiowa\u0107 na Akademii Sztuk Pi\u0119knych w Warszawie lub we Francji, jednak wybuch wojny po\u0142o\u017cy\u0142 kres ambitnym planom. 6 lipca 1942 roku Baczy\u0144ski o\u017ceni\u0142 si\u0119 z Barbar\u0105 Drapczy\u0144sk\u0105 &#8211; kole\u017cank\u0105 z uczelni, kt\u00f3r\u0105 pozna\u0142 podczas tajnego nauczania Uniwersytetu Warszawskiego w czasie okupacji.<\/p>\n\n\n\n<figure class=\"wp-block-image size-large\"><img loading=\"lazy\" decoding=\"async\" width=\"1024\" height=\"809\" src=\"https:\/\/instytutpolski.pl\/stockholm\/wp-content\/uploads\/sites\/17\/2021\/01\/8f73c88d2019855cfedff15a6fd32ab9-1024x809.jpg\" alt=\"\" class=\"wp-image-4946\" srcset=\"https:\/\/instytutpolski.pl\/stockholm\/wp-content\/uploads\/sites\/17\/2021\/01\/8f73c88d2019855cfedff15a6fd32ab9-1024x809.jpg 1024w, https:\/\/instytutpolski.pl\/stockholm\/wp-content\/uploads\/sites\/17\/2021\/01\/8f73c88d2019855cfedff15a6fd32ab9-300x237.jpg 300w, https:\/\/instytutpolski.pl\/stockholm\/wp-content\/uploads\/sites\/17\/2021\/01\/8f73c88d2019855cfedff15a6fd32ab9-768x607.jpg 768w, https:\/\/instytutpolski.pl\/stockholm\/wp-content\/uploads\/sites\/17\/2021\/01\/8f73c88d2019855cfedff15a6fd32ab9-1536x1213.jpg 1536w, https:\/\/instytutpolski.pl\/stockholm\/wp-content\/uploads\/sites\/17\/2021\/01\/8f73c88d2019855cfedff15a6fd32ab9-2048x1618.jpg 2048w\" sizes=\"auto, (max-width: 1024px) 100vw, 1024px\" \/><figcaption><em>Zdj\u0119cie: Krzysztof Kamil Baczy\u0144ski, 1937 rok. <\/em><\/figcaption><\/figure>\n\n\n\n<p><br>Krzysztof Kamil Baczy\u0144ski poleg\u0142 w pierwszych dniach Powstania Warszawskiego, 4 sierpnia 1944 roku, maj\u0105c zaledwie 23 lata. Mimo m\u0142odego wieku, by\u0142 ju\u017c bardzo cenionym poet\u0105. Pozostawi\u0142 po sobie ponad 500 wierszy oraz oko\u0142o dwudziestu opowiada\u0144, staj\u0105c si\u0119 jednocze\u015bnie symbolem walki z okupantem i g\u0142osem ca\u0142ego pokolenia m\u0142odych Polak\u00f3w urodzonych w okresie mi\u0119dzywojennym. Jego prace zebrane w formie ksi\u0105\u017cki ukaza\u0142y si\u0119 dopiero w 1961 i 1964 roku.<\/p>\n\n\n\n<p>W nawi\u0105zaniu do setnej rocznicy urodzin poety przedstawiamy Pa\u0144stwu specjalnie nagrany z tej okazji wyk\u0142ad historyka i pisarza <strong>Artura Szulca<\/strong> o Krzysztofie Kamilu Baczy\u0144skim i jego udziale w Powstaniu Warszawskim. Wyk\u0142ad jest w j\u0119zyku szwedzkim.<\/p>\n\n\n\n<figure class=\"wp-block-embed is-type-video is-provider-youtube wp-block-embed-youtube wp-embed-aspect-16-9 wp-has-aspect-ratio\"><div class=\"wp-block-embed__wrapper\">\nhttps:\/\/youtu.be\/kptUOfMtsFg\n<\/div><\/figure>\n\n\n\n<p><br>\u017bycie Krzysztofa Kamila Baczy\u0144skiego zainspirowa\u0142o re\u017cysera <strong>Kordiana Piwowarskiego<\/strong> do nakr\u0119cenia filmu o kultowym poecie, pod tytu\u0142em <strong>\u201eBaczy\u0144ski\u201d<\/strong>. Film mia\u0142 swoj\u0105 polsk\u0105 premier\u0119 13 marca 2013 roku, a w g\u0142\u00f3wnej roli wyst\u0105pi\u0142 Mateusz Ko\u015bciukiewicz, kt\u00f3rego szwedzka publiczno\u015b\u0107 mo\u017ce zna\u0107 z film\u00f3w Ma\u0142gorzaty Szumowskiej: \u201eMug \/ Twarz\u201d i \u201eIn the Name of \/ W imi\u0119 &#8230;\u201d. Na ekranie mo\u017cna r\u00f3wnie\u017c zobaczy\u0107 Katarzyn\u0119 Zawadzk\u0105 i Ew\u0119 Teleg\u0119.<\/p>\n\n\n\n<p>\u201eBaczy\u0144ski\u201d zosta\u0142 stworzony w oparciu o wydarzenia z \u017cycia polskiego poety, jego poezj\u0119 oraz opowie\u015bci \u015bwiadk\u00f3w Powstania Warszawskiego i znajomych poety. Film ma nietypow\u0105 form\u0119 &#8211; jest po\u0142\u0105czeniem dokumentu i filmu fabularnego, i rozgrywa si\u0119 podczas Powstania Warszawskiego w czasie II wojny \u015bwiatowej. Krzysztof Kamil Baczy\u0144ski przedstawiony zosta\u0142 w filmie jako marzyciel i patriota.<\/p>\n\n\n\n<p>Film mo\u017cna zobaczy\u0107 na stronie <a href=\"https:\/\/vimeo.com\/342649526\" target=\"_blank\" rel=\"noreferrer noopener\">Vimeo<\/a>.<\/p>\n\n\n\n<p>Polski tytu\u0142: Baczy\u0144ski<br>Re\u017cyseria: Kordian Piwowarski<br>Scenariusz: Kordian Piwowarski<br>Czas trwania: 66 minut<br>Rok produkcji: 2013, Polska<\/p>\n\n\n\n<div class=\"wp-block-image\"><figure class=\"aligncenter size-large is-resized\"><img loading=\"lazy\" decoding=\"async\" src=\"https:\/\/instytutpolski.pl\/stockholm\/wp-content\/uploads\/sites\/17\/2021\/01\/plakat-767x1024.jpg\" alt=\"\" class=\"wp-image-4945\" width=\"384\" height=\"512\" srcset=\"https:\/\/instytutpolski.pl\/stockholm\/wp-content\/uploads\/sites\/17\/2021\/01\/plakat-767x1024.jpg 767w, https:\/\/instytutpolski.pl\/stockholm\/wp-content\/uploads\/sites\/17\/2021\/01\/plakat-225x300.jpg 225w, https:\/\/instytutpolski.pl\/stockholm\/wp-content\/uploads\/sites\/17\/2021\/01\/plakat-768x1025.jpg 768w, https:\/\/instytutpolski.pl\/stockholm\/wp-content\/uploads\/sites\/17\/2021\/01\/plakat.jpg 1124w\" sizes=\"auto, (max-width: 384px) 100vw, 384px\" \/><\/figure><\/div>\n\n\n\n<p><\/p>\n","protected":false},"excerpt":{"rendered":"<p>Krzysztof Kamil Baczy\u0144ski urodzi\u0142 si\u0119 w Warszawie. Syn krytyka i pisarza literackiego, by\u0142ego \u017co\u0142nierza Legion\u00f3w Polskich w czasie I wojny \u015bwiatowej, Stanis\u0142awa Baczy\u0144skiego oraz autorki podr\u0119cznik\u00f3w szkolnych i pedago\u017cki, Stefanii Ziele\u0144czyk. Oboje rodzice byli katolikami, ale matka pochodzi\u0142a z tak zwanej zasymilowanej rodziny \u017cydowskiej, co znalaz\u0142o odbicie w tw\u00f3rczo\u015bci poety w okresie okupacji hitlerowskiej. W [&hellip;]<\/p>\n","protected":false},"author":29,"featured_media":4949,"comment_status":"closed","ping_status":"closed","sticky":false,"template":"","format":"standard","meta":{"inline_featured_image":false,"_monsterinsights_skip_tracking":false,"_monsterinsights_sitenote_active":false,"_monsterinsights_sitenote_note":"","_monsterinsights_sitenote_category":0,"footnotes":""},"categories":[113,87,36],"tags":[],"class_list":["post-4959","post","type-post","status-publish","format-standard","has-post-thumbnail","hentry","category-historia","category-literatura","category-wydarzenie"],"yoast_head":"<!-- This site is optimized with the Yoast SEO plugin v24.6 - https:\/\/yoast.com\/wordpress\/plugins\/seo\/ -->\n<title>100. rocznica urodzin polskiego poety Krzysztofa Kamila Baczy\u0144skiego - Instytut Polski w Sztokholmie<\/title>\n<meta name=\"robots\" content=\"index, follow, max-snippet:-1, max-image-preview:large, max-video-preview:-1\" \/>\n<link rel=\"canonical\" href=\"https:\/\/instytutpolski.pl\/stockholm\/pl\/2021\/01\/22\/100-rocznica-urodzin-polskiego-poety-krzysztofa-kamila-baczynskiego\/\" \/>\n<meta property=\"og:locale\" content=\"pl_PL\" \/>\n<meta property=\"og:type\" content=\"article\" \/>\n<meta property=\"og:title\" content=\"100. rocznica urodzin polskiego poety Krzysztofa Kamila Baczy\u0144skiego - Instytut Polski w Sztokholmie\" \/>\n<meta property=\"og:description\" content=\"Krzysztof Kamil Baczy\u0144ski urodzi\u0142 si\u0119 w Warszawie. Syn krytyka i pisarza literackiego, by\u0142ego \u017co\u0142nierza Legion\u00f3w Polskich w czasie I wojny \u015bwiatowej, Stanis\u0142awa Baczy\u0144skiego oraz autorki podr\u0119cznik\u00f3w szkolnych i pedago\u017cki, Stefanii Ziele\u0144czyk. Oboje rodzice byli katolikami, ale matka pochodzi\u0142a z tak zwanej zasymilowanej rodziny \u017cydowskiej, co znalaz\u0142o odbicie w tw\u00f3rczo\u015bci poety w okresie okupacji hitlerowskiej. W [&hellip;]\" \/>\n<meta property=\"og:url\" content=\"https:\/\/instytutpolski.pl\/stockholm\/pl\/2021\/01\/22\/100-rocznica-urodzin-polskiego-poety-krzysztofa-kamila-baczynskiego\/\" \/>\n<meta property=\"og:site_name\" content=\"Instytut Polski w Sztokholmie\" \/>\n<meta property=\"article:published_time\" content=\"2021-01-22T09:12:46+00:00\" \/>\n<meta property=\"article:modified_time\" content=\"2021-07-21T14:47:14+00:00\" \/>\n<meta property=\"og:image\" content=\"https:\/\/instytutpolski.pl\/stockholm\/wp-content\/uploads\/sites\/17\/2021\/01\/dc1fea66-d6bc-4632-bea1-60a81a4d6d27_f1400x900.jpg\" \/>\n\t<meta property=\"og:image:width\" content=\"1400\" \/>\n\t<meta property=\"og:image:height\" content=\"900\" \/>\n\t<meta property=\"og:image:type\" content=\"image\/jpeg\" \/>\n<meta name=\"author\" content=\"strozniake\" \/>\n<meta name=\"twitter:card\" content=\"summary_large_image\" \/>\n<meta name=\"twitter:label1\" content=\"Napisane przez\" \/>\n\t<meta name=\"twitter:data1\" content=\"strozniake\" \/>\n\t<meta name=\"twitter:label2\" content=\"Szacowany czas czytania\" \/>\n\t<meta name=\"twitter:data2\" content=\"2 minuty\" \/>\n<script type=\"application\/ld+json\" class=\"yoast-schema-graph\">{\"@context\":\"https:\/\/schema.org\",\"@graph\":[{\"@type\":\"event\",\"@id\":\"https:\/\/instytutpolski.pl\/stockholm\/pl\/2021\/01\/22\/100-rocznica-urodzin-polskiego-poety-krzysztofa-kamila-baczynskiego\/\",\"url\":\"https:\/\/instytutpolski.pl\/stockholm\/pl\/2021\/01\/22\/100-rocznica-urodzin-polskiego-poety-krzysztofa-kamila-baczynskiego\/\",\"name\":\"100. rocznica urodzin polskiego poety Krzysztofa Kamila Baczy\u0144skiego\",\"isPartOf\":{\"@id\":\"https:\/\/instytutpolski.pl\/stockholm\/#website\"},\"primaryImageOfPage\":{\"@id\":\"https:\/\/instytutpolski.pl\/stockholm\/pl\/2021\/01\/22\/100-rocznica-urodzin-polskiego-poety-krzysztofa-kamila-baczynskiego\/#primaryimage\"},\"image\":[\"https:\/\/instytutpolski.pl\/stockholm\/wp-content\/uploads\/sites\/17\/2021\/01\/dc1fea66-d6bc-4632-bea1-60a81a4d6d27_f1400x900.jpg\",\"https:\/\/instytutpolski.pl\/stockholm\/wp-content\/uploads\/sites\/17\/2021\/01\/dc1fea66-d6bc-4632-bea1-60a81a4d6d27_f1400x900-300x193.jpg\",\"https:\/\/instytutpolski.pl\/stockholm\/wp-content\/uploads\/sites\/17\/2021\/01\/dc1fea66-d6bc-4632-bea1-60a81a4d6d27_f1400x900-1024x658.jpg\",\"https:\/\/instytutpolski.pl\/stockholm\/wp-content\/uploads\/sites\/17\/2021\/01\/dc1fea66-d6bc-4632-bea1-60a81a4d6d27_f1400x900.jpg\"],\"thumbnailUrl\":\"https:\/\/instytutpolski.pl\/stockholm\/wp-content\/uploads\/sites\/17\/2021\/01\/dc1fea66-d6bc-4632-bea1-60a81a4d6d27_f1400x900.jpg\",\"datePublished\":\"2021-01-22T09:12:46+02:00\",\"dateModified\":\"2021-07-21T14:47:14+02:00\",\"author\":{\"@id\":\"https:\/\/instytutpolski.pl\/stockholm\/#\/schema\/person\/062b5a5f61f32b17c98996975db8d556\"},\"breadcrumb\":{\"@id\":\"https:\/\/instytutpolski.pl\/stockholm\/pl\/2021\/01\/22\/100-rocznica-urodzin-polskiego-poety-krzysztofa-kamila-baczynskiego\/#breadcrumb\"},\"inLanguage\":\"pl-PL\",\"potentialAction\":[{\"@type\":\"ReadAction\",\"target\":[\"https:\/\/instytutpolski.pl\/stockholm\/pl\/2021\/01\/22\/100-rocznica-urodzin-polskiego-poety-krzysztofa-kamila-baczynskiego\/\"]}],\"@context\":\"https:\/\/schema.org\",\"startDate\":\"2021-01-22\",\"endDate\":\"2021-01-22\",\"eventStatus\":\"EventScheduled\",\"eventAttendanceMode\":\"OfflineEventAttendanceMode\",\"location\":{\"@type\":\"place\",\"name\":\"\",\"address\":\"\",\"geo\":{\"@type\":\"GeoCoordinates\",\"latitude\":\"\",\"longitude\":\"\"}},\"description\":\"Krzysztof Kamil Baczy\u0144ski urodzi\u0142 si\u0119 w Warszawie. Syn krytyka i pisarza literackiego, by\u0142ego \u017co\u0142nierza Legion\u00f3w Polskich w czasie I wojny \u015bwiatowej, Stanis\u0142awa Baczy\u0144skiego oraz autorki podr\u0119cznik\u00f3w szkolnych i pedago\u017cki, Stefanii Ziele\u0144czyk. Oboje rodzice byli katolikami, ale matka pochodzi\u0142a z tak zwanej zasymilowanej rodziny \u017cydowskiej, co znalaz\u0142o odbicie w tw\u00f3rczo\u015bci poety w okresie okupacji hitlerowskiej.\\nW 1939 r. uko\u0144czy\u0142 liceum i zamierza\u0142 studiowa\u0107 na Akademii Sztuk Pi\u0119knych w Warszawie lub we Francji, jednak wybuch wojny po\u0142o\u017cy\u0142 kres ambitnym planom. 6 lipca 1942 roku Baczy\u0144ski o\u017ceni\u0142 si\u0119 z Barbar\u0105 Drapczy\u0144sk\u0105 - kole\u017cank\u0105 z uczelni, kt\u00f3r\u0105 pozna\u0142 podczas tajnego nauczania Uniwersytetu Warszawskiego w czasie okupacji.\\nKrzysztof Kamil Baczy\u0144ski poleg\u0142 w pierwszych dniach Powstania Warszawskiego, 4 sierpnia 1944 roku, maj\u0105c zaledwie 23 lata. Mimo m\u0142odego wieku, by\u0142 ju\u017c bardzo cenionym poet\u0105. Pozostawi\u0142 po sobie ponad 500 wierszy oraz oko\u0142o dwudziestu opowiada\u0144, staj\u0105c si\u0119 jednocze\u015bnie symbolem walki z okupantem i g\u0142osem ca\u0142ego pokolenia m\u0142odych Polak\u00f3w urodzonych w okresie mi\u0119dzywojennym. Jego prace zebrane w formie ksi\u0105\u017cki ukaza\u0142y si\u0119 dopiero w 1961 i 1964 roku.\\nW nawi\u0105zaniu do setnej rocznicy urodzin poety przedstawiamy Pa\u0144stwu specjalnie nagrany z tej okazji wyk\u0142ad historyka i pisarza Artura Szulca o Krzysztofie Kamilu Baczy\u0144skim i jego udziale w Powstaniu Warszawskim. Wyk\u0142ad jest w j\u0119zyku szwedzkim.\\n\u017bycie Krzysztofa Kamila Baczy\u0144skiego zainspirowa\u0142o re\u017cysera Kordiana Piwowarskiego do nakr\u0119cenia filmu o kultowym poecie, pod tytu\u0142em \u201eBaczy\u0144ski\u201d. Film mia\u0142 swoj\u0105 polsk\u0105 premier\u0119 13 marca 2013 roku, a w g\u0142\u00f3wnej roli wyst\u0105pi\u0142 Mateusz Ko\u015bciukiewicz, kt\u00f3rego szwedzka publiczno\u015b\u0107 mo\u017ce zna\u0107 z film\u00f3w Ma\u0142gorzaty Szumowskiej: \u201eMug \/ Twarz\u201d i \u201eIn the Name of \/ W imi\u0119 ...\u201d. Na ekranie mo\u017cna r\u00f3wnie\u017c zobaczy\u0107 Katarzyn\u0119 Zawadzk\u0105 i Ew\u0119 Teleg\u0119.\\n\u201eBaczy\u0144ski\u201d zosta\u0142 stworzony w oparciu o wydarzenia z \u017cycia polskiego poety, jego poezj\u0119 oraz opowie\u015bci \u015bwiadk\u00f3w Powstania Warszawskiego i znajomych poety. Film ma nietypow\u0105 form\u0119 - jest po\u0142\u0105czeniem dokumentu i filmu fabularnego, i rozgrywa si\u0119 podczas Powstania Warszawskiego w czasie II wojny \u015bwiatowej. Krzysztof Kamil Baczy\u0144ski przedstawiony zosta\u0142 w filmie jako marzyciel i patriota.\\nFilm mo\u017cna zobaczy\u0107 na stronie Vimeo.\\nPolski tytu\u0142: Baczy\u0144skiRe\u017cyseria: Kordian PiwowarskiScenariusz: Kordian PiwowarskiCzas trwania: 66 minutRok produkcji: 2013, Polska\"},{\"@type\":\"ImageObject\",\"inLanguage\":\"pl-PL\",\"@id\":\"https:\/\/instytutpolski.pl\/stockholm\/pl\/2021\/01\/22\/100-rocznica-urodzin-polskiego-poety-krzysztofa-kamila-baczynskiego\/#primaryimage\",\"url\":\"https:\/\/instytutpolski.pl\/stockholm\/wp-content\/uploads\/sites\/17\/2021\/01\/dc1fea66-d6bc-4632-bea1-60a81a4d6d27_f1400x900.jpg\",\"contentUrl\":\"https:\/\/instytutpolski.pl\/stockholm\/wp-content\/uploads\/sites\/17\/2021\/01\/dc1fea66-d6bc-4632-bea1-60a81a4d6d27_f1400x900.jpg\",\"width\":1400,\"height\":900},{\"@type\":\"BreadcrumbList\",\"@id\":\"https:\/\/instytutpolski.pl\/stockholm\/pl\/2021\/01\/22\/100-rocznica-urodzin-polskiego-poety-krzysztofa-kamila-baczynskiego\/#breadcrumb\",\"itemListElement\":[{\"@type\":\"ListItem\",\"position\":1,\"name\":\"Home\",\"item\":\"https:\/\/instytutpolski.pl\/stockholm\/\"},{\"@type\":\"ListItem\",\"position\":2,\"name\":\"100. rocznica urodzin polskiego poety Krzysztofa Kamila Baczy\u0144skiego\"}]},{\"@type\":\"WebSite\",\"@id\":\"https:\/\/instytutpolski.pl\/stockholm\/#website\",\"url\":\"https:\/\/instytutpolski.pl\/stockholm\/\",\"name\":\"Instytut Polski w Sztokholmie\",\"description\":\"Instytuty Polskie\",\"potentialAction\":[{\"@type\":\"SearchAction\",\"target\":{\"@type\":\"EntryPoint\",\"urlTemplate\":\"https:\/\/instytutpolski.pl\/stockholm\/?s={search_term_string}\"},\"query-input\":{\"@type\":\"PropertyValueSpecification\",\"valueRequired\":true,\"valueName\":\"search_term_string\"}}],\"inLanguage\":\"pl-PL\"},{\"@type\":\"Person\",\"@id\":\"https:\/\/instytutpolski.pl\/stockholm\/#\/schema\/person\/062b5a5f61f32b17c98996975db8d556\",\"name\":\"strozniake\",\"image\":{\"@type\":\"ImageObject\",\"inLanguage\":\"pl-PL\",\"@id\":\"https:\/\/instytutpolski.pl\/stockholm\/#\/schema\/person\/image\/\",\"url\":\"https:\/\/secure.gravatar.com\/avatar\/25e0be9897787f9035155a882fde97cc?s=96&d=mm&r=g\",\"contentUrl\":\"https:\/\/secure.gravatar.com\/avatar\/25e0be9897787f9035155a882fde97cc?s=96&d=mm&r=g\",\"caption\":\"strozniake\"},\"sameAs\":[\"http:\/\/strozniake\"],\"url\":\"https:\/\/instytutpolski.pl\/stockholm\/author\/strozniake\/\"}]}<\/script>\n<!-- \/ Yoast SEO plugin. -->","yoast_head_json":{"title":"100. rocznica urodzin polskiego poety Krzysztofa Kamila Baczy\u0144skiego - Instytut Polski w Sztokholmie","robots":{"index":"index","follow":"follow","max-snippet":"max-snippet:-1","max-image-preview":"max-image-preview:large","max-video-preview":"max-video-preview:-1"},"canonical":"https:\/\/instytutpolski.pl\/stockholm\/pl\/2021\/01\/22\/100-rocznica-urodzin-polskiego-poety-krzysztofa-kamila-baczynskiego\/","og_locale":"pl_PL","og_type":"article","og_title":"100. rocznica urodzin polskiego poety Krzysztofa Kamila Baczy\u0144skiego - Instytut Polski w Sztokholmie","og_description":"Krzysztof Kamil Baczy\u0144ski urodzi\u0142 si\u0119 w Warszawie. Syn krytyka i pisarza literackiego, by\u0142ego \u017co\u0142nierza Legion\u00f3w Polskich w czasie I wojny \u015bwiatowej, Stanis\u0142awa Baczy\u0144skiego oraz autorki podr\u0119cznik\u00f3w szkolnych i pedago\u017cki, Stefanii Ziele\u0144czyk. Oboje rodzice byli katolikami, ale matka pochodzi\u0142a z tak zwanej zasymilowanej rodziny \u017cydowskiej, co znalaz\u0142o odbicie w tw\u00f3rczo\u015bci poety w okresie okupacji hitlerowskiej. W [&hellip;]","og_url":"https:\/\/instytutpolski.pl\/stockholm\/pl\/2021\/01\/22\/100-rocznica-urodzin-polskiego-poety-krzysztofa-kamila-baczynskiego\/","og_site_name":"Instytut Polski w Sztokholmie","article_published_time":"2021-01-22T09:12:46+00:00","article_modified_time":"2021-07-21T14:47:14+00:00","og_image":[{"width":1400,"height":900,"url":"https:\/\/instytutpolski.pl\/stockholm\/wp-content\/uploads\/sites\/17\/2021\/01\/dc1fea66-d6bc-4632-bea1-60a81a4d6d27_f1400x900.jpg","type":"image\/jpeg"}],"author":"strozniake","twitter_card":"summary_large_image","twitter_misc":{"Napisane przez":"strozniake","Szacowany czas czytania":"2 minuty"},"schema":{"@context":"https:\/\/schema.org","@graph":[{"@type":"event","@id":"https:\/\/instytutpolski.pl\/stockholm\/pl\/2021\/01\/22\/100-rocznica-urodzin-polskiego-poety-krzysztofa-kamila-baczynskiego\/","url":"https:\/\/instytutpolski.pl\/stockholm\/pl\/2021\/01\/22\/100-rocznica-urodzin-polskiego-poety-krzysztofa-kamila-baczynskiego\/","name":"100. rocznica urodzin polskiego poety Krzysztofa Kamila Baczy\u0144skiego","isPartOf":{"@id":"https:\/\/instytutpolski.pl\/stockholm\/#website"},"primaryImageOfPage":{"@id":"https:\/\/instytutpolski.pl\/stockholm\/pl\/2021\/01\/22\/100-rocznica-urodzin-polskiego-poety-krzysztofa-kamila-baczynskiego\/#primaryimage"},"image":["https:\/\/instytutpolski.pl\/stockholm\/wp-content\/uploads\/sites\/17\/2021\/01\/dc1fea66-d6bc-4632-bea1-60a81a4d6d27_f1400x900.jpg","https:\/\/instytutpolski.pl\/stockholm\/wp-content\/uploads\/sites\/17\/2021\/01\/dc1fea66-d6bc-4632-bea1-60a81a4d6d27_f1400x900-300x193.jpg","https:\/\/instytutpolski.pl\/stockholm\/wp-content\/uploads\/sites\/17\/2021\/01\/dc1fea66-d6bc-4632-bea1-60a81a4d6d27_f1400x900-1024x658.jpg","https:\/\/instytutpolski.pl\/stockholm\/wp-content\/uploads\/sites\/17\/2021\/01\/dc1fea66-d6bc-4632-bea1-60a81a4d6d27_f1400x900.jpg"],"thumbnailUrl":"https:\/\/instytutpolski.pl\/stockholm\/wp-content\/uploads\/sites\/17\/2021\/01\/dc1fea66-d6bc-4632-bea1-60a81a4d6d27_f1400x900.jpg","datePublished":"2021-01-22T09:12:46+02:00","dateModified":"2021-07-21T14:47:14+02:00","author":{"@id":"https:\/\/instytutpolski.pl\/stockholm\/#\/schema\/person\/062b5a5f61f32b17c98996975db8d556"},"breadcrumb":{"@id":"https:\/\/instytutpolski.pl\/stockholm\/pl\/2021\/01\/22\/100-rocznica-urodzin-polskiego-poety-krzysztofa-kamila-baczynskiego\/#breadcrumb"},"inLanguage":"pl-PL","potentialAction":[{"@type":"ReadAction","target":["https:\/\/instytutpolski.pl\/stockholm\/pl\/2021\/01\/22\/100-rocznica-urodzin-polskiego-poety-krzysztofa-kamila-baczynskiego\/"]}],"@context":"https:\/\/schema.org","startDate":"2021-01-22","endDate":"2021-01-22","eventStatus":"EventScheduled","eventAttendanceMode":"OfflineEventAttendanceMode","location":{"@type":"place","name":"","address":"","geo":{"@type":"GeoCoordinates","latitude":"","longitude":""}},"description":"Krzysztof Kamil Baczy\u0144ski urodzi\u0142 si\u0119 w Warszawie. Syn krytyka i pisarza literackiego, by\u0142ego \u017co\u0142nierza Legion\u00f3w Polskich w czasie I wojny \u015bwiatowej, Stanis\u0142awa Baczy\u0144skiego oraz autorki podr\u0119cznik\u00f3w szkolnych i pedago\u017cki, Stefanii Ziele\u0144czyk. Oboje rodzice byli katolikami, ale matka pochodzi\u0142a z tak zwanej zasymilowanej rodziny \u017cydowskiej, co znalaz\u0142o odbicie w tw\u00f3rczo\u015bci poety w okresie okupacji hitlerowskiej.\nW 1939 r. uko\u0144czy\u0142 liceum i zamierza\u0142 studiowa\u0107 na Akademii Sztuk Pi\u0119knych w Warszawie lub we Francji, jednak wybuch wojny po\u0142o\u017cy\u0142 kres ambitnym planom. 6 lipca 1942 roku Baczy\u0144ski o\u017ceni\u0142 si\u0119 z Barbar\u0105 Drapczy\u0144sk\u0105 - kole\u017cank\u0105 z uczelni, kt\u00f3r\u0105 pozna\u0142 podczas tajnego nauczania Uniwersytetu Warszawskiego w czasie okupacji.\nKrzysztof Kamil Baczy\u0144ski poleg\u0142 w pierwszych dniach Powstania Warszawskiego, 4 sierpnia 1944 roku, maj\u0105c zaledwie 23 lata. Mimo m\u0142odego wieku, by\u0142 ju\u017c bardzo cenionym poet\u0105. Pozostawi\u0142 po sobie ponad 500 wierszy oraz oko\u0142o dwudziestu opowiada\u0144, staj\u0105c si\u0119 jednocze\u015bnie symbolem walki z okupantem i g\u0142osem ca\u0142ego pokolenia m\u0142odych Polak\u00f3w urodzonych w okresie mi\u0119dzywojennym. Jego prace zebrane w formie ksi\u0105\u017cki ukaza\u0142y si\u0119 dopiero w 1961 i 1964 roku.\nW nawi\u0105zaniu do setnej rocznicy urodzin poety przedstawiamy Pa\u0144stwu specjalnie nagrany z tej okazji wyk\u0142ad historyka i pisarza Artura Szulca o Krzysztofie Kamilu Baczy\u0144skim i jego udziale w Powstaniu Warszawskim. Wyk\u0142ad jest w j\u0119zyku szwedzkim.\n\u017bycie Krzysztofa Kamila Baczy\u0144skiego zainspirowa\u0142o re\u017cysera Kordiana Piwowarskiego do nakr\u0119cenia filmu o kultowym poecie, pod tytu\u0142em \u201eBaczy\u0144ski\u201d. Film mia\u0142 swoj\u0105 polsk\u0105 premier\u0119 13 marca 2013 roku, a w g\u0142\u00f3wnej roli wyst\u0105pi\u0142 Mateusz Ko\u015bciukiewicz, kt\u00f3rego szwedzka publiczno\u015b\u0107 mo\u017ce zna\u0107 z film\u00f3w Ma\u0142gorzaty Szumowskiej: \u201eMug \/ Twarz\u201d i \u201eIn the Name of \/ W imi\u0119 ...\u201d. Na ekranie mo\u017cna r\u00f3wnie\u017c zobaczy\u0107 Katarzyn\u0119 Zawadzk\u0105 i Ew\u0119 Teleg\u0119.\n\u201eBaczy\u0144ski\u201d zosta\u0142 stworzony w oparciu o wydarzenia z \u017cycia polskiego poety, jego poezj\u0119 oraz opowie\u015bci \u015bwiadk\u00f3w Powstania Warszawskiego i znajomych poety. Film ma nietypow\u0105 form\u0119 - jest po\u0142\u0105czeniem dokumentu i filmu fabularnego, i rozgrywa si\u0119 podczas Powstania Warszawskiego w czasie II wojny \u015bwiatowej. Krzysztof Kamil Baczy\u0144ski przedstawiony zosta\u0142 w filmie jako marzyciel i patriota.\nFilm mo\u017cna zobaczy\u0107 na stronie Vimeo.\nPolski tytu\u0142: Baczy\u0144skiRe\u017cyseria: Kordian PiwowarskiScenariusz: Kordian PiwowarskiCzas trwania: 66 minutRok produkcji: 2013, Polska"},{"@type":"ImageObject","inLanguage":"pl-PL","@id":"https:\/\/instytutpolski.pl\/stockholm\/pl\/2021\/01\/22\/100-rocznica-urodzin-polskiego-poety-krzysztofa-kamila-baczynskiego\/#primaryimage","url":"https:\/\/instytutpolski.pl\/stockholm\/wp-content\/uploads\/sites\/17\/2021\/01\/dc1fea66-d6bc-4632-bea1-60a81a4d6d27_f1400x900.jpg","contentUrl":"https:\/\/instytutpolski.pl\/stockholm\/wp-content\/uploads\/sites\/17\/2021\/01\/dc1fea66-d6bc-4632-bea1-60a81a4d6d27_f1400x900.jpg","width":1400,"height":900},{"@type":"BreadcrumbList","@id":"https:\/\/instytutpolski.pl\/stockholm\/pl\/2021\/01\/22\/100-rocznica-urodzin-polskiego-poety-krzysztofa-kamila-baczynskiego\/#breadcrumb","itemListElement":[{"@type":"ListItem","position":1,"name":"Home","item":"https:\/\/instytutpolski.pl\/stockholm\/"},{"@type":"ListItem","position":2,"name":"100. rocznica urodzin polskiego poety Krzysztofa Kamila Baczy\u0144skiego"}]},{"@type":"WebSite","@id":"https:\/\/instytutpolski.pl\/stockholm\/#website","url":"https:\/\/instytutpolski.pl\/stockholm\/","name":"Instytut Polski w Sztokholmie","description":"Instytuty Polskie","potentialAction":[{"@type":"SearchAction","target":{"@type":"EntryPoint","urlTemplate":"https:\/\/instytutpolski.pl\/stockholm\/?s={search_term_string}"},"query-input":{"@type":"PropertyValueSpecification","valueRequired":true,"valueName":"search_term_string"}}],"inLanguage":"pl-PL"},{"@type":"Person","@id":"https:\/\/instytutpolski.pl\/stockholm\/#\/schema\/person\/062b5a5f61f32b17c98996975db8d556","name":"strozniake","image":{"@type":"ImageObject","inLanguage":"pl-PL","@id":"https:\/\/instytutpolski.pl\/stockholm\/#\/schema\/person\/image\/","url":"https:\/\/secure.gravatar.com\/avatar\/25e0be9897787f9035155a882fde97cc?s=96&d=mm&r=g","contentUrl":"https:\/\/secure.gravatar.com\/avatar\/25e0be9897787f9035155a882fde97cc?s=96&d=mm&r=g","caption":"strozniake"},"sameAs":["http:\/\/strozniake"],"url":"https:\/\/instytutpolski.pl\/stockholm\/author\/strozniake\/"}]}},"_links":{"self":[{"href":"https:\/\/instytutpolski.pl\/stockholm\/wp-json\/wp\/v2\/posts\/4959","targetHints":{"allow":["GET"]}}],"collection":[{"href":"https:\/\/instytutpolski.pl\/stockholm\/wp-json\/wp\/v2\/posts"}],"about":[{"href":"https:\/\/instytutpolski.pl\/stockholm\/wp-json\/wp\/v2\/types\/post"}],"author":[{"embeddable":true,"href":"https:\/\/instytutpolski.pl\/stockholm\/wp-json\/wp\/v2\/users\/29"}],"replies":[{"embeddable":true,"href":"https:\/\/instytutpolski.pl\/stockholm\/wp-json\/wp\/v2\/comments?post=4959"}],"version-history":[{"count":5,"href":"https:\/\/instytutpolski.pl\/stockholm\/wp-json\/wp\/v2\/posts\/4959\/revisions"}],"predecessor-version":[{"id":5977,"href":"https:\/\/instytutpolski.pl\/stockholm\/wp-json\/wp\/v2\/posts\/4959\/revisions\/5977"}],"wp:featuredmedia":[{"embeddable":true,"href":"https:\/\/instytutpolski.pl\/stockholm\/wp-json\/wp\/v2\/media\/4949"}],"wp:attachment":[{"href":"https:\/\/instytutpolski.pl\/stockholm\/wp-json\/wp\/v2\/media?parent=4959"}],"wp:term":[{"taxonomy":"category","embeddable":true,"href":"https:\/\/instytutpolski.pl\/stockholm\/wp-json\/wp\/v2\/categories?post=4959"},{"taxonomy":"post_tag","embeddable":true,"href":"https:\/\/instytutpolski.pl\/stockholm\/wp-json\/wp\/v2\/tags?post=4959"}],"curies":[{"name":"wp","href":"https:\/\/api.w.org\/{rel}","templated":true}]}}