{"id":4995,"date":"2021-01-28T15:05:12","date_gmt":"2021-01-28T14:05:12","guid":{"rendered":"https:\/\/instytutpolski.pl\/stockholm\/?p=4995"},"modified":"2025-04-14T10:07:36","modified_gmt":"2025-04-14T08:07:36","slug":"design-talks-2021","status":"publish","type":"post","link":"https:\/\/instytutpolski.pl\/stockholm\/2021\/01\/28\/design-talks-2021\/","title":{"rendered":"Design Talks 2021. Polsk-svenska konstn\u00e4rer p\u00e5 Stockholm Design Week"},"content":{"rendered":"\n<h5 class=\"wp-block-heading\"><strong>Om Stockholm Design Week<\/strong><\/h5>\n\n\n\n<p>Stockholm Design Week \u00e4r en design- och modefestival som sammanf\u00f6r konstn\u00e4rer fr\u00e5n inredningsdesign, konst, hantverk, mode, musik och gastronomi. Under en vecka h\u00e5lls m\u00e5nga evenemang som syftar till att marknadsf\u00f6ra Stockholm som en designstad.<\/p>\n\n\n\n<p><em>P\u00e5 Stockholm Design Week jobbar vi med att skapa f\u00f6r dig som bes\u00f6kare den b\u00e4sta m\u00f6jliga designupplevelsen, fylld med inspirerande evenemang (samt inspirerande m\u00e4nniskor!). Sedan 2002 har vi gjort det tillsammans med Stockholm Furniture &amp; Light Fair, och 2018 gick vi live med v\u00e5r sommarutg\u00e5va Summer Design Week tillsammans med Formex. Tillsammans presenterar vi Stockholm som fantastisk designdestination och v\u00e4lkomnar designentusiaster att fira med oss. Vi erbjuder bes\u00f6karna en palett av designevenemang och kollar att alla g\u00e5r hem med trevliga minnen, ett starkare professionellt n\u00e4tverk och en massa inspiration. <\/em>(Stockholms Design Weeks webbplats, 2020)<\/p>\n\n\n\n<figure class=\"wp-block-image size-large\"><img loading=\"lazy\" decoding=\"async\" width=\"1024\" height=\"577\" src=\"https:\/\/instytutpolski.pl\/stockholm\/wp-content\/uploads\/sites\/17\/2021\/01\/DESIGN-TALKS-2021_www-1024x577.jpg\" alt=\"\" class=\"wp-image-5025\" srcset=\"https:\/\/instytutpolski.pl\/stockholm\/wp-content\/uploads\/sites\/17\/2021\/01\/DESIGN-TALKS-2021_www-1024x577.jpg 1024w, https:\/\/instytutpolski.pl\/stockholm\/wp-content\/uploads\/sites\/17\/2021\/01\/DESIGN-TALKS-2021_www-300x169.jpg 300w, https:\/\/instytutpolski.pl\/stockholm\/wp-content\/uploads\/sites\/17\/2021\/01\/DESIGN-TALKS-2021_www-768x433.jpg 768w, https:\/\/instytutpolski.pl\/stockholm\/wp-content\/uploads\/sites\/17\/2021\/01\/DESIGN-TALKS-2021_www-1536x865.jpg 1536w, https:\/\/instytutpolski.pl\/stockholm\/wp-content\/uploads\/sites\/17\/2021\/01\/DESIGN-TALKS-2021_www-1120x630.jpg 1120w, https:\/\/instytutpolski.pl\/stockholm\/wp-content\/uploads\/sites\/17\/2021\/01\/DESIGN-TALKS-2021_www.jpg 1640w\" sizes=\"auto, (max-width: 1024px) 100vw, 1024px\" \/><\/figure>\n\n\n\n<h5 class=\"wp-block-heading\"><br><strong>Stockholm Design Week g\u00e5r digitalt<\/strong><\/h5>\n\n\n\n<p>P\u00e5 grund av den nuvarande situationen med coronaviruset kommer Stockholm Design Week 2021 att h\u00e5llas mestadels digitalt. En av de online h\u00e4ndelserna blir Design Diplomacy &#8211; en diskussionsserie d\u00e4r designprofiler fr\u00e5n olika l\u00e4nder delar med sig av sina erfarenheter till publiken. Konceptet initierades av Helsinki Design Week 2016 i syfte att skapa nya interkulturella f\u00f6rbindelser, st\u00e4rka p\u00e5g\u00e5ende internationella relationer och att fr\u00e4mja design och arkitektur genom dialog och erfarenhet.<\/p>\n\n\n\n<figure class=\"wp-block-gallery has-nested-images columns-default is-cropped wp-block-gallery-1 is-layout-flex wp-block-gallery-is-layout-flex\">\n<figure class=\"wp-block-image size-large\"><a href=\"https:\/\/instytutpolski.pl\/stockholm\/wp-content\/uploads\/sites\/17\/2020\/12\/IMG_5990-kopia-scaled.jpg\"><img loading=\"lazy\" decoding=\"async\" width=\"768\" height=\"1024\" data-id=\"4539\" src=\"https:\/\/instytutpolski.pl\/stockholm\/wp-content\/uploads\/sites\/17\/2020\/12\/IMG_5990-kopia-768x1024.jpg\" alt=\"\" class=\"wp-image-4539\" srcset=\"https:\/\/instytutpolski.pl\/stockholm\/wp-content\/uploads\/sites\/17\/2020\/12\/IMG_5990-kopia-768x1024.jpg 768w, https:\/\/instytutpolski.pl\/stockholm\/wp-content\/uploads\/sites\/17\/2020\/12\/IMG_5990-kopia-225x300.jpg 225w, https:\/\/instytutpolski.pl\/stockholm\/wp-content\/uploads\/sites\/17\/2020\/12\/IMG_5990-kopia-1152x1536.jpg 1152w, https:\/\/instytutpolski.pl\/stockholm\/wp-content\/uploads\/sites\/17\/2020\/12\/IMG_5990-kopia-1536x2048.jpg 1536w, https:\/\/instytutpolski.pl\/stockholm\/wp-content\/uploads\/sites\/17\/2020\/12\/IMG_5990-kopia-scaled.jpg 1920w\" sizes=\"auto, (max-width: 768px) 100vw, 768px\" \/><\/a><\/figure>\n\n\n\n<figure class=\"wp-block-image size-large\"><a href=\"https:\/\/instytutpolski.pl\/stockholm\/wp-content\/uploads\/sites\/17\/2020\/12\/sdw-baner-www.jpg\"><img loading=\"lazy\" decoding=\"async\" width=\"1024\" height=\"576\" data-id=\"4561\" src=\"https:\/\/instytutpolski.pl\/stockholm\/wp-content\/uploads\/sites\/17\/2020\/12\/sdw-baner-www-1024x576.jpg\" alt=\"\" class=\"wp-image-4561\" srcset=\"https:\/\/instytutpolski.pl\/stockholm\/wp-content\/uploads\/sites\/17\/2020\/12\/sdw-baner-www-1024x576.jpg 1024w, https:\/\/instytutpolski.pl\/stockholm\/wp-content\/uploads\/sites\/17\/2020\/12\/sdw-baner-www-300x169.jpg 300w, https:\/\/instytutpolski.pl\/stockholm\/wp-content\/uploads\/sites\/17\/2020\/12\/sdw-baner-www-768x432.jpg 768w, https:\/\/instytutpolski.pl\/stockholm\/wp-content\/uploads\/sites\/17\/2020\/12\/sdw-baner-www.jpg 1120w\" sizes=\"auto, (max-width: 1024px) 100vw, 1024px\" \/><\/a><\/figure>\n\n\n\n<figure class=\"wp-block-image size-large\"><a href=\"https:\/\/instytutpolski.pl\/stockholm\/wp-content\/uploads\/sites\/17\/2020\/12\/IMG_6043-scaled.jpg\"><img loading=\"lazy\" decoding=\"async\" width=\"768\" height=\"1024\" data-id=\"4541\" src=\"https:\/\/instytutpolski.pl\/stockholm\/wp-content\/uploads\/sites\/17\/2020\/12\/IMG_6043-768x1024.jpg\" alt=\"\" class=\"wp-image-4541\" srcset=\"https:\/\/instytutpolski.pl\/stockholm\/wp-content\/uploads\/sites\/17\/2020\/12\/IMG_6043-768x1024.jpg 768w, https:\/\/instytutpolski.pl\/stockholm\/wp-content\/uploads\/sites\/17\/2020\/12\/IMG_6043-225x300.jpg 225w, https:\/\/instytutpolski.pl\/stockholm\/wp-content\/uploads\/sites\/17\/2020\/12\/IMG_6043-1152x1536.jpg 1152w, https:\/\/instytutpolski.pl\/stockholm\/wp-content\/uploads\/sites\/17\/2020\/12\/IMG_6043-1536x2048.jpg 1536w, https:\/\/instytutpolski.pl\/stockholm\/wp-content\/uploads\/sites\/17\/2020\/12\/IMG_6043-scaled.jpg 1920w\" sizes=\"auto, (max-width: 768px) 100vw, 768px\" \/><\/a><\/figure>\n<\/figure>\n\n\n\n<h5 class=\"wp-block-heading\"><br><strong>Polsk-svenska Design Talks p\u00e5 \u00e5rets Stockholm Design Week<\/strong><\/h5>\n\n\n\n<p class=\"has-text-align-center\"><a href=\"https:\/\/youtu.be\/SWbeohZb_i0\" target=\"_blank\" rel=\"noreferrer noopener\">https:\/\/youtu.be\/SWbeohZb_i0<\/a><\/p>\n\n\n\n<p>Polska konstn\u00e4rer har deltagit i Stockholm Design Week i flera \u00e5r nu bl.a. i den prestigefyllda sektionen Greenhouse (t.ex. Kosmos Project, formgivaren Natalia Wieteska) och i Design Diplomacy projektet (samtalet mellan Tartaruga Studio &amp; \u00c5sa P\u00e4rson). \u00c4ven i \u00e5r kommer de polska formgivarna bidra till den fantastiska designveckan! Polska institutet Stockholm i samarbete med Design Sweden f\u00f6rberedde tre Design Talks d\u00e4r inbjudna g\u00e4ster ber\u00e4ttar om designtrender och utmaningar f\u00f6r b\u00e5de nya och etablerade konstn\u00e4rer, om sidenm\u00e5lning och om hur ett svenskt slott eller den slaviska mytologin kan bli en inspiration.<\/p>\n\n\n\n<p>De samtalen \u00e4r baserade p\u00e5 samma system som Design Diplomacy. Deltagarna drar ett kort med en tidigare f\u00f6rbered fr\u00e5ga och st\u00e4ller den till sin samtalspartner. Resultatet kommer att presenteras i form av Design Talks p\u00e5 institutets webbplats. Inspelningen genomf\u00f6rdes tack vare g\u00e4stfriheten av den polska ambassad\u00f6ren Joanna Hofman. Samtalen leds p\u00e5 engelska av en modedesigner och ordf\u00f6rande i Design Sweden, Lotta Ahlvar och filmades samt klipptes av Mireille Rosas.<\/p>\n\n\n\n<p>Stort tack till alla som bidragit till projektet, speciellt till de enast\u00e5ende konstn\u00e4rerna!<\/p>\n\n\n\n<h5 class=\"wp-block-heading\"><br><strong>DESIGN TALKS 2021. POLSK-SVENSKA KONSTN\u00c4RER<\/strong>:<\/h5>\n\n\n\n<h5 class=\"wp-block-heading\"><br><strong>8 februari 2021<\/strong><br><strong>Design Talks. Polsk-svenska konstn\u00e4rer vol.I. Magdalena Karpi\u0144ska &amp; Isa Andersson. (engelska)<\/strong><\/h5>\n\n\n\n<p class=\"has-text-align-center\"><a href=\"https:\/\/youtu.be\/nUY5UyNLZ1o\" target=\"_blank\" rel=\"noreferrer noopener\">https:\/\/youtu.be\/nUY5UyNLZ1o<\/a><\/p>\n\n\n<div class=\"wp-block-image\">\n<figure class=\"aligncenter size-large\"><img loading=\"lazy\" decoding=\"async\" width=\"540\" height=\"340\" src=\"https:\/\/instytutpolski.pl\/stockholm\/wp-content\/uploads\/sites\/17\/2021\/01\/Polish-Institute-in-Stockholm-Design-Diplomacy.-Polish-Swedish-Artist-Talks-vol.I.-Magdalena-Karpinska-Isa-Andersson.-image_540x340-logo.jpg\" alt=\"\" class=\"wp-image-4997\" srcset=\"https:\/\/instytutpolski.pl\/stockholm\/wp-content\/uploads\/sites\/17\/2021\/01\/Polish-Institute-in-Stockholm-Design-Diplomacy.-Polish-Swedish-Artist-Talks-vol.I.-Magdalena-Karpinska-Isa-Andersson.-image_540x340-logo.jpg 540w, https:\/\/instytutpolski.pl\/stockholm\/wp-content\/uploads\/sites\/17\/2021\/01\/Polish-Institute-in-Stockholm-Design-Diplomacy.-Polish-Swedish-Artist-Talks-vol.I.-Magdalena-Karpinska-Isa-Andersson.-image_540x340-logo-300x189.jpg 300w\" sizes=\"auto, (max-width: 540px) 100vw, 540px\" \/><\/figure><\/div>\n\n\n<p>Ge ett konkret exempel p\u00e5 hur design har f\u00f6rb\u00e4ttrat v\u00e4rlden. Vilka av dina uppgifter skulle du g\u00e4rna l\u00e5ta en robot g\u00f6ra?<\/p>\n\n\n\n<p>Tv\u00e5 unga designers: Magdalena Karpi\u0144ska fr\u00e5n Polen och Isa Andersson fr\u00e5n Sverige svarar p\u00e5 fr\u00e5gorna om samtida design och delar sina konstn\u00e4rliga upplevelser fr\u00e5n respektive land.<\/p>\n\n\n<div class=\"wp-block-image\">\n<figure class=\"aligncenter size-large is-resized\"><img loading=\"lazy\" decoding=\"async\" width=\"534\" height=\"800\" src=\"https:\/\/instytutpolski.pl\/stockholm\/wp-content\/uploads\/sites\/17\/2020\/12\/Magdalena-Karpin\u0301ska.jpg\" alt=\"\" class=\"wp-image-4550\" style=\"width:401px;height:600px\" srcset=\"https:\/\/instytutpolski.pl\/stockholm\/wp-content\/uploads\/sites\/17\/2020\/12\/Magdalena-Karpin\u0301ska.jpg 534w, https:\/\/instytutpolski.pl\/stockholm\/wp-content\/uploads\/sites\/17\/2020\/12\/Magdalena-Karpin\u0301ska-200x300.jpg 200w\" sizes=\"auto, (max-width: 534px) 100vw, 534px\" \/><figcaption class=\"wp-element-caption\"><em>Magdalena Karpi\u0144ska<\/em><\/figcaption><\/figure><\/div>\n\n\n<p><strong>Magdalena Karpi\u0144ska<\/strong> &#8211; m\u00f6beldesigner\/konstrukt\u00f6r, grundare av studion Karpi\u0144ska Furniture Design. Det unika med Magda \u00e4r att hon \u00e4r engagerad som konstn\u00e4r i alla delar av m\u00f6belskapandet d\u00e4r hon anv\u00e4nder sina kunskaper inom m\u00f6bel- och inredningssnickeri. <a rel=\"noreferrer noopener\" href=\"https:\/\/www.karpinskadesign.com\/\" target=\"_blank\">Mer om Magdalena<\/a><\/p>\n\n\n<div class=\"wp-block-image\">\n<figure class=\"aligncenter size-large\"><img loading=\"lazy\" decoding=\"async\" width=\"1024\" height=\"395\" src=\"https:\/\/instytutpolski.pl\/stockholm\/wp-content\/uploads\/sites\/17\/2020\/12\/Isa-Andersson-1024x395.jpg\" alt=\"\" class=\"wp-image-4547\" srcset=\"https:\/\/instytutpolski.pl\/stockholm\/wp-content\/uploads\/sites\/17\/2020\/12\/Isa-Andersson-1024x395.jpg 1024w, https:\/\/instytutpolski.pl\/stockholm\/wp-content\/uploads\/sites\/17\/2020\/12\/Isa-Andersson-300x116.jpg 300w, https:\/\/instytutpolski.pl\/stockholm\/wp-content\/uploads\/sites\/17\/2020\/12\/Isa-Andersson-768x296.jpg 768w, https:\/\/instytutpolski.pl\/stockholm\/wp-content\/uploads\/sites\/17\/2020\/12\/Isa-Andersson.jpg 1140w\" sizes=\"auto, (max-width: 1024px) 100vw, 1024px\" \/><figcaption class=\"wp-element-caption\"><em>Isa Andersson<\/em><\/figcaption><\/figure><\/div>\n\n\n<p><strong>Isa Andersson<\/strong>, f\u00f6dd 1990 i Stockholm, har kandidatexamen i produktdesign fr\u00e5n Beckmans College of Design och master i design fr\u00e5n Konstfack. Isa \u00e4r frilans konstn\u00e4r och deltar i ett antal olika projekt, t.ex. Tensta Art Gallery, IKEA, Beckmans School of Design, Design LabS. Isa arbetar skulpturellt och anv\u00e4nder ofta metoder som inneh\u00e5ller samarbete, sociala strukturer och relationer mellan kropp och textil samt utrymmet som de befinner sig i. <a rel=\"noreferrer noopener\" href=\"https:\/\/www.isaandersson.se\" target=\"_blank\">Mer om Isa<\/a><\/p>\n\n\n\n<h5 class=\"wp-block-heading\"><br><strong>9 februari 2021<\/strong><br><strong>Design Talks. Polsk-svenska konstn\u00e4rer vol.II. Oliwia Dawidowska &amp; Karoline Lenhult. (engelska)<\/strong><\/h5>\n\n\n\n<p class=\"has-text-align-center\"><a href=\"https:\/\/youtu.be\/OZ_CRZK32Bs\" target=\"_blank\" rel=\"noreferrer noopener\">https:\/\/youtu.be\/OZ_CRZK32Bs<\/a><\/p>\n\n\n<div class=\"wp-block-image\">\n<figure class=\"aligncenter size-large\"><img loading=\"lazy\" decoding=\"async\" width=\"540\" height=\"340\" src=\"https:\/\/instytutpolski.pl\/stockholm\/wp-content\/uploads\/sites\/17\/2021\/01\/Polish-Institute-in-Stockholm-Design-Diplomacy.-Polish-Swedish-Artist-Talks-vol.II_.-Oliwia-Dawidowska-Karoline-Lenhult.-image_540x340-logo.jpg\" alt=\"\" class=\"wp-image-4998\" srcset=\"https:\/\/instytutpolski.pl\/stockholm\/wp-content\/uploads\/sites\/17\/2021\/01\/Polish-Institute-in-Stockholm-Design-Diplomacy.-Polish-Swedish-Artist-Talks-vol.II_.-Oliwia-Dawidowska-Karoline-Lenhult.-image_540x340-logo.jpg 540w, https:\/\/instytutpolski.pl\/stockholm\/wp-content\/uploads\/sites\/17\/2021\/01\/Polish-Institute-in-Stockholm-Design-Diplomacy.-Polish-Swedish-Artist-Talks-vol.II_.-Oliwia-Dawidowska-Karoline-Lenhult.-image_540x340-logo-300x189.jpg 300w\" sizes=\"auto, (max-width: 540px) 100vw, 540px\" \/><\/figure><\/div>\n\n\n<p>En ber\u00e4ttelse om ett barockslott, en dr\u00f6mmande dam omgiven av naturen och allt detta p\u00e5 siden!<\/p>\n\n\n\n<p>Den svenska formgivaren Karoline Lenhult och den polska konstn\u00e4ren Oliwia Dawidowska ber\u00e4ttar om sin passion f\u00f6r handm\u00e5lade sidendukar och svarar p\u00e5 fr\u00e5gor om design och mycket annat. V\u00e4lkommen till den andra delen av de polsk-svenska Design Talks!<\/p>\n\n\n<div class=\"wp-block-image\">\n<figure class=\"aligncenter size-large is-resized\"><img loading=\"lazy\" decoding=\"async\" width=\"1024\" height=\"683\" src=\"https:\/\/instytutpolski.pl\/stockholm\/wp-content\/uploads\/sites\/17\/2020\/12\/ROGO8910-1-1-1024x683.jpg\" alt=\"\" class=\"wp-image-4567\" style=\"width:512px;height:342px\" srcset=\"https:\/\/instytutpolski.pl\/stockholm\/wp-content\/uploads\/sites\/17\/2020\/12\/ROGO8910-1-1-1024x683.jpg 1024w, https:\/\/instytutpolski.pl\/stockholm\/wp-content\/uploads\/sites\/17\/2020\/12\/ROGO8910-1-1-300x200.jpg 300w, https:\/\/instytutpolski.pl\/stockholm\/wp-content\/uploads\/sites\/17\/2020\/12\/ROGO8910-1-1-768x512.jpg 768w, https:\/\/instytutpolski.pl\/stockholm\/wp-content\/uploads\/sites\/17\/2020\/12\/ROGO8910-1-1-1536x1025.jpg 1536w, https:\/\/instytutpolski.pl\/stockholm\/wp-content\/uploads\/sites\/17\/2020\/12\/ROGO8910-1-1.jpg 1731w\" sizes=\"auto, (max-width: 1024px) 100vw, 1024px\" \/><figcaption class=\"wp-element-caption\"><em>Oliwia Dawidowska<\/em><\/figcaption><\/figure><\/div>\n\n\n<p><strong>Oliwia Dawidowska<\/strong> &#8211; en konstn\u00e4r och modedesigner, arbetar med sidenm\u00e5lning, bl.a.&nbsp; handm\u00e5lade sidenhalsdukar, lyxiga sjalar m.m. <a rel=\"noreferrer noopener\" href=\"https:\/\/www.instagram.com\/oliwiasilkarts\/\" target=\"_blank\">Mer om Oliwia<\/a><\/p>\n\n\n<div class=\"wp-block-image\">\n<figure class=\"aligncenter size-large is-resized\"><img loading=\"lazy\" decoding=\"async\" width=\"705\" height=\"1024\" src=\"https:\/\/instytutpolski.pl\/stockholm\/wp-content\/uploads\/sites\/17\/2020\/12\/Karoline-Lenhult-705x1024.jpg\" alt=\"\" class=\"wp-image-4549\" style=\"width:353px;height:512px\" srcset=\"https:\/\/instytutpolski.pl\/stockholm\/wp-content\/uploads\/sites\/17\/2020\/12\/Karoline-Lenhult-705x1024.jpg 705w, https:\/\/instytutpolski.pl\/stockholm\/wp-content\/uploads\/sites\/17\/2020\/12\/Karoline-Lenhult-206x300.jpg 206w, https:\/\/instytutpolski.pl\/stockholm\/wp-content\/uploads\/sites\/17\/2020\/12\/Karoline-Lenhult-768x1116.jpg 768w, https:\/\/instytutpolski.pl\/stockholm\/wp-content\/uploads\/sites\/17\/2020\/12\/Karoline-Lenhult-1057x1536.jpg 1057w, https:\/\/instytutpolski.pl\/stockholm\/wp-content\/uploads\/sites\/17\/2020\/12\/Karoline-Lenhult-1409x2048.jpg 1409w, https:\/\/instytutpolski.pl\/stockholm\/wp-content\/uploads\/sites\/17\/2020\/12\/Karoline-Lenhult.jpg 1720w\" sizes=\"auto, (max-width: 705px) 100vw, 705px\" \/><figcaption class=\"wp-element-caption\"><em>Karoline Lenhult<\/em><\/figcaption><\/figure><\/div>\n\n\n<p>Kueen grundades 2014 av formgivaren <strong>Karoline Lenhult<\/strong> som har arbetat som designer under tio \u00e5rs tid med olika typer av uppdrag. Dr\u00f6mmen om att starta ett eget varum\u00e4rke har alltid funnits d\u00e4r som en stark drivkraft. Viljan att skapa n\u00e5got vackert och h\u00e5llbart med passion resulterade tillslut i varum\u00e4rket Kueen. Kueen handlar om passion, sk\u00f6nhet och mod. K\u00e4rleken till det vackra, till m\u00f6nster, till att ber\u00e4tta historier och om att v\u00e5ga. <a rel=\"noreferrer noopener\" href=\"https:\/\/kueen.se\" target=\"_blank\">Mer om Karoline<\/a><\/p>\n\n\n\n<h5 class=\"wp-block-heading\"><br><strong>10<\/strong> <strong>februari 2021<\/strong><br><strong>Design Talks. Polsk-svenska konstn\u00e4rer vol.III. Joanna Sieradzan &amp; Lotta Ahlvar. (engelska)<\/strong><\/h5>\n\n\n\n<p class=\"has-text-align-center\"><a href=\"https:\/\/youtu.be\/CBjZuzSuj1Y\" target=\"_blank\" rel=\"noreferrer noopener\">https:\/\/youtu.be\/CBjZuzSuj1Y<\/a><\/p>\n\n\n<div class=\"wp-block-image\">\n<figure class=\"aligncenter size-large\"><img loading=\"lazy\" decoding=\"async\" width=\"540\" height=\"340\" src=\"https:\/\/instytutpolski.pl\/stockholm\/wp-content\/uploads\/sites\/17\/2021\/01\/Bez-nazwy-2.jpg\" alt=\"\" class=\"wp-image-4999\" srcset=\"https:\/\/instytutpolski.pl\/stockholm\/wp-content\/uploads\/sites\/17\/2021\/01\/Bez-nazwy-2.jpg 540w, https:\/\/instytutpolski.pl\/stockholm\/wp-content\/uploads\/sites\/17\/2021\/01\/Bez-nazwy-2-300x189.jpg 300w\" sizes=\"auto, (max-width: 540px) 100vw, 540px\" \/><\/figure><\/div>\n\n\n<p>I den tredje och sista delen av de polsk-svenska Design Talks tr\u00e4ffar Joanna Sieradzan, chefsdesigner f\u00f6r studion Svarog, en modedesigner och ordf\u00f6rande i Design Sweden, Lotta Ahlvar. F\u00e5 veta mer om deras bakgrund inom designv\u00e4rlden, om en &#8222;dansande&#8221; stol samt om hur modern design kan inspireras av den slaviska kulturen!<\/p>\n\n\n<div class=\"wp-block-image\">\n<figure class=\"aligncenter size-large is-resized\"><img loading=\"lazy\" decoding=\"async\" width=\"300\" height=\"451\" src=\"https:\/\/instytutpolski.pl\/stockholm\/wp-content\/uploads\/sites\/17\/2020\/12\/Joanna-Sieradzan.jpg\" alt=\"\" class=\"wp-image-4548\" style=\"width:300px;height:451px\" srcset=\"https:\/\/instytutpolski.pl\/stockholm\/wp-content\/uploads\/sites\/17\/2020\/12\/Joanna-Sieradzan.jpg 300w, https:\/\/instytutpolski.pl\/stockholm\/wp-content\/uploads\/sites\/17\/2020\/12\/Joanna-Sieradzan-200x300.jpg 200w\" sizes=\"auto, (max-width: 300px) 100vw, 300px\" \/><figcaption class=\"wp-element-caption\"><em>Joanna Sieradzan<\/em><\/figcaption><\/figure><\/div>\n\n\n<p><strong>Joanna Sieradzan<\/strong> &#8211; chefsdesigner f\u00f6r studion Svarog. I sitt arbete sl\u00e5r hon ihop modern design och den slaviska mytologin. I sina id\u00e9er f\u00f6rs\u00f6ker hon att visa enkelheten som finns i v\u00e4rlden av legend och sagor medan m\u00f6beldesignen baseras hon ofta p\u00e5 komplexitet av symboler och myter. Inte bara \u00e4r hennes \u00f6nskan att skapa moderna och funktionella projekt utan ocks\u00e5 att utforma m\u00f6bler som ber\u00f6r sj\u00e4len. <a rel=\"noreferrer noopener\" href=\"https:\/\/www.svarogdesign.com\/about-us\/\" target=\"_blank\">Mer om Joanna<\/a><\/p>\n\n\n\n<p><strong>Lotta Ahlvar<\/strong> \u00e4r en designutbilldad entrepren\u00f6r och ordf\u00f6rande i Design Sweden &#8211; en medlemsorganisation med syfte att st\u00f6dja designers som bor och arbetar i Sverige och de som verkar utomlands. Organisationen grundades 1957 med syfte att lyfta fram kraften i design f\u00f6r kulturellt och ekonomiskt v\u00e4rde. <a rel=\"noreferrer noopener\" href=\"https:\/\/www.instagram.com\/lottaahlvar\/?hl=sv\" target=\"_blank\">Mer om Lotta<\/a><\/p>\n","protected":false},"excerpt":{"rendered":"<p>Om Stockholm Design Week Stockholm Design Week \u00e4r en design- och modefestival som sammanf\u00f6r konstn\u00e4rer fr\u00e5n inredningsdesign, konst, hantverk, mode, musik och gastronomi. Under en vecka h\u00e5lls m\u00e5nga evenemang som syftar till att marknadsf\u00f6ra Stockholm som en designstad. P\u00e5 Stockholm Design Week jobbar vi med att skapa f\u00f6r dig som bes\u00f6kare den b\u00e4sta m\u00f6jliga designupplevelsen, [&hellip;]<\/p>\n","protected":false},"author":29,"featured_media":5001,"comment_status":"closed","ping_status":"closed","sticky":false,"template":"","format":"standard","meta":{"inline_featured_image":false,"_monsterinsights_skip_tracking":false,"_monsterinsights_sitenote_active":false,"_monsterinsights_sitenote_note":"","_monsterinsights_sitenote_category":0,"footnotes":""},"categories":[164,12],"tags":[],"class_list":["post-4995","post","type-post","status-publish","format-standard","has-post-thumbnail","hentry","category-design","category-evenemang"],"yoast_head":"<!-- This site is optimized with the Yoast SEO plugin v24.6 - https:\/\/yoast.com\/wordpress\/plugins\/seo\/ -->\n<title>Design Talks 2021. Polsk-svenska konstn\u00e4rer p\u00e5 Stockholm Design Week - Instytut Polski w Sztokholmie<\/title>\n<meta name=\"robots\" content=\"index, follow, max-snippet:-1, max-image-preview:large, max-video-preview:-1\" \/>\n<link rel=\"canonical\" href=\"https:\/\/instytutpolski.pl\/stockholm\/2021\/01\/28\/design-talks-2021\/\" \/>\n<meta property=\"og:locale\" content=\"pl_PL\" \/>\n<meta property=\"og:type\" content=\"article\" \/>\n<meta property=\"og:title\" content=\"Design Talks 2021. Polsk-svenska konstn\u00e4rer p\u00e5 Stockholm Design Week - Instytut Polski w Sztokholmie\" \/>\n<meta property=\"og:description\" content=\"Om Stockholm Design Week Stockholm Design Week \u00e4r en design- och modefestival som sammanf\u00f6r konstn\u00e4rer fr\u00e5n inredningsdesign, konst, hantverk, mode, musik och gastronomi. Under en vecka h\u00e5lls m\u00e5nga evenemang som syftar till att marknadsf\u00f6ra Stockholm som en designstad. P\u00e5 Stockholm Design Week jobbar vi med att skapa f\u00f6r dig som bes\u00f6kare den b\u00e4sta m\u00f6jliga designupplevelsen, [&hellip;]\" \/>\n<meta property=\"og:url\" content=\"https:\/\/instytutpolski.pl\/stockholm\/2021\/01\/28\/design-talks-2021\/\" \/>\n<meta property=\"og:site_name\" content=\"Instytut Polski w Sztokholmie\" \/>\n<meta property=\"article:published_time\" content=\"2021-01-28T14:05:12+00:00\" \/>\n<meta property=\"article:modified_time\" content=\"2025-04-14T08:07:36+00:00\" \/>\n<meta property=\"og:image\" content=\"https:\/\/instytutpolski.pl\/stockholm\/wp-content\/uploads\/sites\/17\/2021\/01\/baner-1.jpg\" \/>\n\t<meta property=\"og:image:width\" content=\"1120\" \/>\n\t<meta property=\"og:image:height\" content=\"630\" \/>\n\t<meta property=\"og:image:type\" content=\"image\/jpeg\" \/>\n<meta name=\"author\" content=\"strozniake\" \/>\n<meta name=\"twitter:card\" content=\"summary_large_image\" \/>\n<meta name=\"twitter:label1\" content=\"Napisane przez\" \/>\n\t<meta name=\"twitter:data1\" content=\"strozniake\" \/>\n\t<meta name=\"twitter:label2\" content=\"Szacowany czas czytania\" \/>\n\t<meta name=\"twitter:data2\" content=\"9 minut\" \/>\n<script type=\"application\/ld+json\" class=\"yoast-schema-graph\">{\"@context\":\"https:\/\/schema.org\",\"@graph\":[{\"@type\":\"event\",\"@id\":\"https:\/\/instytutpolski.pl\/stockholm\/2021\/01\/28\/design-talks-2021\/\",\"url\":\"https:\/\/instytutpolski.pl\/stockholm\/2021\/01\/28\/design-talks-2021\/\",\"name\":\"Design Talks 2021. Polsk-svenska konstn\u00e4rer p\u00e5 Stockholm Design Week\",\"isPartOf\":{\"@id\":\"https:\/\/instytutpolski.pl\/stockholm\/#website\"},\"primaryImageOfPage\":{\"@id\":\"https:\/\/instytutpolski.pl\/stockholm\/2021\/01\/28\/design-talks-2021\/#primaryimage\"},\"image\":[\"https:\/\/instytutpolski.pl\/stockholm\/wp-content\/uploads\/sites\/17\/2021\/01\/baner-1.jpg\",\"https:\/\/instytutpolski.pl\/stockholm\/wp-content\/uploads\/sites\/17\/2021\/01\/baner-1-300x169.jpg\",\"https:\/\/instytutpolski.pl\/stockholm\/wp-content\/uploads\/sites\/17\/2021\/01\/baner-1-1024x576.jpg\",\"https:\/\/instytutpolski.pl\/stockholm\/wp-content\/uploads\/sites\/17\/2021\/01\/baner-1.jpg\"],\"thumbnailUrl\":\"https:\/\/instytutpolski.pl\/stockholm\/wp-content\/uploads\/sites\/17\/2021\/01\/baner-1.jpg\",\"datePublished\":\"2021-01-28T14:05:12+02:00\",\"dateModified\":\"2025-04-14T08:07:36+02:00\",\"author\":{\"@id\":\"https:\/\/instytutpolski.pl\/stockholm\/#\/schema\/person\/062b5a5f61f32b17c98996975db8d556\"},\"breadcrumb\":{\"@id\":\"https:\/\/instytutpolski.pl\/stockholm\/2021\/01\/28\/design-talks-2021\/#breadcrumb\"},\"inLanguage\":\"pl-PL\",\"potentialAction\":[{\"@type\":\"ReadAction\",\"target\":[\"https:\/\/instytutpolski.pl\/stockholm\/2021\/01\/28\/design-talks-2021\/\"]}],\"@context\":\"https:\/\/schema.org\",\"startDate\":\"2021-02-08\",\"endDate\":\"2021-02-14\",\"eventStatus\":\"EventScheduled\",\"eventAttendanceMode\":\"OnlineEventAttendanceMode\",\"location\":{\"@type\":\"VirtualLocation\",\"url\":\"\"},\"description\":\"Om Stockholm Design Week\\nStockholm Design Week \u00e4r en design- och modefestival som sammanf\u00f6r konstn\u00e4rer fr\u00e5n inredningsdesign, konst, hantverk, mode, musik och gastronomi. Under en vecka h\u00e5lls m\u00e5nga evenemang som syftar till att marknadsf\u00f6ra Stockholm som en designstad.\\nP\u00e5 Stockholm Design Week jobbar vi med att skapa f\u00f6r dig som bes\u00f6kare den b\u00e4sta m\u00f6jliga designupplevelsen, fylld med inspirerande evenemang (samt inspirerande m\u00e4nniskor!). Sedan 2002 har vi gjort det tillsammans med Stockholm Furniture &amp; Light Fair, och 2018 gick vi live med v\u00e5r sommarutg\u00e5va Summer Design Week tillsammans med Formex. Tillsammans presenterar vi Stockholm som fantastisk designdestination och v\u00e4lkomnar designentusiaster att fira med oss. Vi erbjuder bes\u00f6karna en palett av designevenemang och kollar att alla g\u00e5r hem med trevliga minnen, ett starkare professionellt n\u00e4tverk och en massa inspiration. (Stockholms Design Weeks webbplats, 2020)\\nStockholm Design Week g\u00e5r digitalt\\nP\u00e5 grund av den nuvarande situationen med coronaviruset kommer Stockholm Design Week 2021 att h\u00e5llas mestadels digitalt. En av de online h\u00e4ndelserna blir Design Diplomacy - en diskussionsserie d\u00e4r designprofiler fr\u00e5n olika l\u00e4nder delar med sig av sina erfarenheter till publiken. Konceptet initierades av Helsinki Design Week 2016 i syfte att skapa nya interkulturella f\u00f6rbindelser, st\u00e4rka p\u00e5g\u00e5ende internationella relationer och att fr\u00e4mja design och arkitektur genom dialog och erfarenhet.\\nPolsk-svenska Design Talks p\u00e5 \u00e5rets Stockholm Design Week\\nhttps:\/\/youtu.be\/SWbeohZb_i0\\nPolska konstn\u00e4rer har deltagit i Stockholm Design Week i flera \u00e5r nu bl.a. i den prestigefyllda sektionen Greenhouse (t.ex. Kosmos Project, formgivaren Natalia Wieteska) och i Design Diplomacy projektet (samtalet mellan Tartaruga Studio &amp; \u00c5sa P\u00e4rson). \u00c4ven i \u00e5r kommer de polska formgivarna bidra till den fantastiska designveckan! Polska institutet Stockholm i samarbete med Design Sweden f\u00f6rberedde tre Design Talks d\u00e4r inbjudna g\u00e4ster ber\u00e4ttar om designtrender och utmaningar f\u00f6r b\u00e5de nya och etablerade konstn\u00e4rer, om sidenm\u00e5lning och om hur ett svenskt slott eller den slaviska mytologin kan bli en inspiration.\\nDe samtalen \u00e4r baserade p\u00e5 samma system som Design Diplomacy. Deltagarna drar ett kort med en tidigare f\u00f6rbered fr\u00e5ga och st\u00e4ller den till sin samtalspartner. Resultatet kommer att presenteras i form av Design Talks p\u00e5 institutets webbplats. Inspelningen genomf\u00f6rdes tack vare g\u00e4stfriheten av den polska ambassad\u00f6ren Joanna Hofman. Samtalen leds p\u00e5 engelska av en modedesigner och ordf\u00f6rande i Design Sweden, Lotta Ahlvar och filmades samt klipptes av Mireille Rosas.\\nStort tack till alla som bidragit till projektet, speciellt till de enast\u00e5ende konstn\u00e4rerna!\\nDESIGN TALKS 2021. POLSK-SVENSKA KONSTN\u00c4RER:\\n8 februari 2021Design Talks. Polsk-svenska konstn\u00e4rer vol.I. Magdalena Karpi\u0144ska &amp; Isa Andersson. (engelska)\\nhttps:\/\/youtu.be\/nUY5UyNLZ1o\\nGe ett konkret exempel p\u00e5 hur design har f\u00f6rb\u00e4ttrat v\u00e4rlden. Vilka av dina uppgifter skulle du g\u00e4rna l\u00e5ta en robot g\u00f6ra?\\nTv\u00e5 unga designers: Magdalena Karpi\u0144ska fr\u00e5n Polen och Isa Andersson fr\u00e5n Sverige svarar p\u00e5 fr\u00e5gorna om samtida design och delar sina konstn\u00e4rliga upplevelser fr\u00e5n respektive land.\\nMagdalena Karpi\u0144ska - m\u00f6beldesigner\/konstrukt\u00f6r, grundare av studion Karpi\u0144ska Furniture Design. Det unika med Magda \u00e4r att hon \u00e4r engagerad som konstn\u00e4r i alla delar av m\u00f6belskapandet d\u00e4r hon anv\u00e4nder sina kunskaper inom m\u00f6bel- och inredningssnickeri. Mer om Magdalena\\nIsa Andersson, f\u00f6dd 1990 i Stockholm, har kandidatexamen i produktdesign fr\u00e5n Beckmans College of Design och master i design fr\u00e5n Konstfack. Isa \u00e4r frilans konstn\u00e4r och deltar i ett antal olika projekt, t.ex. Tensta Art Gallery, IKEA, Beckmans School of Design, Design LabS. Isa arbetar skulpturellt och anv\u00e4nder ofta metoder som inneh\u00e5ller samarbete, sociala strukturer och relationer mellan kropp och textil samt utrymmet som de befinner sig i. Mer om Isa\\n9 februari 2021Design Talks. Polsk-svenska konstn\u00e4rer vol.II. Oliwia Dawidowska &amp; Karoline Lenhult. (engelska)\\nhttps:\/\/youtu.be\/OZ_CRZK32Bs\\nEn ber\u00e4ttelse om ett barockslott, en dr\u00f6mmande dam omgiven av naturen och allt detta p\u00e5 siden!\\nDen svenska formgivaren Karoline Lenhult och den polska konstn\u00e4ren Oliwia Dawidowska ber\u00e4ttar om sin passion f\u00f6r handm\u00e5lade sidendukar och svarar p\u00e5 fr\u00e5gor om design och mycket annat. V\u00e4lkommen till den andra delen av de polsk-svenska Design Talks!\\nOliwia Dawidowska - en konstn\u00e4r och modedesigner, arbetar med sidenm\u00e5lning, bl.a.  handm\u00e5lade sidenhalsdukar, lyxiga sjalar m.m. Mer om Oliwia\\nKueen grundades 2014 av formgivaren Karoline Lenhult som har arbetat som designer under tio \u00e5rs tid med olika typer av uppdrag. Dr\u00f6mmen om att starta ett eget varum\u00e4rke har alltid funnits d\u00e4r som en stark drivkraft. Viljan att skapa n\u00e5got vackert och h\u00e5llbart med passion resulterade tillslut i varum\u00e4rket Kueen. Kueen handlar om passion, sk\u00f6nhet och mod. K\u00e4rleken till det vackra, till m\u00f6nster, till att ber\u00e4tta historier och om att v\u00e5ga. Mer om Karoline\\n10 februari 2021Design Talks. Polsk-svenska konstn\u00e4rer vol.III. Joanna Sieradzan &amp; Lotta Ahlvar. (engelska)\\nhttps:\/\/youtu.be\/CBjZuzSuj1Y\\nI den tredje och sista delen av de polsk-svenska Design Talks tr\u00e4ffar Joanna Sieradzan, chefsdesigner f\u00f6r studion Svarog, en modedesigner och ordf\u00f6rande i Design Sweden, Lotta Ahlvar. F\u00e5 veta mer om deras bakgrund inom designv\u00e4rlden, om en \\\"dansande\\\" stol samt om hur modern design kan inspireras av den slaviska kulturen!\\nJoanna Sieradzan - chefsdesigner f\u00f6r studion Svarog. I sitt arbete sl\u00e5r hon ihop modern design och den slaviska mytologin. I sina id\u00e9er f\u00f6rs\u00f6ker hon att visa enkelheten som finns i v\u00e4rlden av legend och sagor medan m\u00f6beldesignen baseras hon ofta p\u00e5 komplexitet av symboler och myter. Inte bara \u00e4r hennes \u00f6nskan att skapa moderna och funktionella projekt utan ocks\u00e5 att utforma m\u00f6bler som ber\u00f6r sj\u00e4len. Mer om Joanna\\nLotta Ahlvar \u00e4r en designutbilldad entrepren\u00f6r och ordf\u00f6rande i Design Sweden - en medlemsorganisation med syfte att st\u00f6dja designers som bor och arbetar i Sverige och de som verkar utomlands. Organisationen grundades 1957 med syfte att lyfta fram kraften i design f\u00f6r kulturellt och ekonomiskt v\u00e4rde. Mer om Lotta\"},{\"@type\":\"ImageObject\",\"inLanguage\":\"pl-PL\",\"@id\":\"https:\/\/instytutpolski.pl\/stockholm\/2021\/01\/28\/design-talks-2021\/#primaryimage\",\"url\":\"https:\/\/instytutpolski.pl\/stockholm\/wp-content\/uploads\/sites\/17\/2021\/01\/baner-1.jpg\",\"contentUrl\":\"https:\/\/instytutpolski.pl\/stockholm\/wp-content\/uploads\/sites\/17\/2021\/01\/baner-1.jpg\",\"width\":1120,\"height\":630},{\"@type\":\"BreadcrumbList\",\"@id\":\"https:\/\/instytutpolski.pl\/stockholm\/2021\/01\/28\/design-talks-2021\/#breadcrumb\",\"itemListElement\":[{\"@type\":\"ListItem\",\"position\":1,\"name\":\"Home\",\"item\":\"https:\/\/instytutpolski.pl\/stockholm\/\"},{\"@type\":\"ListItem\",\"position\":2,\"name\":\"Design Talks 2021. Polsk-svenska konstn\u00e4rer p\u00e5 Stockholm Design Week\"}]},{\"@type\":\"WebSite\",\"@id\":\"https:\/\/instytutpolski.pl\/stockholm\/#website\",\"url\":\"https:\/\/instytutpolski.pl\/stockholm\/\",\"name\":\"Instytut Polski w Sztokholmie\",\"description\":\"Instytuty Polskie\",\"potentialAction\":[{\"@type\":\"SearchAction\",\"target\":{\"@type\":\"EntryPoint\",\"urlTemplate\":\"https:\/\/instytutpolski.pl\/stockholm\/?s={search_term_string}\"},\"query-input\":{\"@type\":\"PropertyValueSpecification\",\"valueRequired\":true,\"valueName\":\"search_term_string\"}}],\"inLanguage\":\"pl-PL\"},{\"@type\":\"Person\",\"@id\":\"https:\/\/instytutpolski.pl\/stockholm\/#\/schema\/person\/062b5a5f61f32b17c98996975db8d556\",\"name\":\"strozniake\",\"image\":{\"@type\":\"ImageObject\",\"inLanguage\":\"pl-PL\",\"@id\":\"https:\/\/instytutpolski.pl\/stockholm\/#\/schema\/person\/image\/\",\"url\":\"https:\/\/secure.gravatar.com\/avatar\/25e0be9897787f9035155a882fde97cc?s=96&d=mm&r=g\",\"contentUrl\":\"https:\/\/secure.gravatar.com\/avatar\/25e0be9897787f9035155a882fde97cc?s=96&d=mm&r=g\",\"caption\":\"strozniake\"},\"sameAs\":[\"http:\/\/strozniake\"],\"url\":\"https:\/\/instytutpolski.pl\/stockholm\/author\/strozniake\/\"}]}<\/script>\n<!-- \/ Yoast SEO plugin. -->","yoast_head_json":{"title":"Design Talks 2021. Polsk-svenska konstn\u00e4rer p\u00e5 Stockholm Design Week - Instytut Polski w Sztokholmie","robots":{"index":"index","follow":"follow","max-snippet":"max-snippet:-1","max-image-preview":"max-image-preview:large","max-video-preview":"max-video-preview:-1"},"canonical":"https:\/\/instytutpolski.pl\/stockholm\/2021\/01\/28\/design-talks-2021\/","og_locale":"pl_PL","og_type":"article","og_title":"Design Talks 2021. Polsk-svenska konstn\u00e4rer p\u00e5 Stockholm Design Week - Instytut Polski w Sztokholmie","og_description":"Om Stockholm Design Week Stockholm Design Week \u00e4r en design- och modefestival som sammanf\u00f6r konstn\u00e4rer fr\u00e5n inredningsdesign, konst, hantverk, mode, musik och gastronomi. Under en vecka h\u00e5lls m\u00e5nga evenemang som syftar till att marknadsf\u00f6ra Stockholm som en designstad. P\u00e5 Stockholm Design Week jobbar vi med att skapa f\u00f6r dig som bes\u00f6kare den b\u00e4sta m\u00f6jliga designupplevelsen, [&hellip;]","og_url":"https:\/\/instytutpolski.pl\/stockholm\/2021\/01\/28\/design-talks-2021\/","og_site_name":"Instytut Polski w Sztokholmie","article_published_time":"2021-01-28T14:05:12+00:00","article_modified_time":"2025-04-14T08:07:36+00:00","og_image":[{"width":1120,"height":630,"url":"https:\/\/instytutpolski.pl\/stockholm\/wp-content\/uploads\/sites\/17\/2021\/01\/baner-1.jpg","type":"image\/jpeg"}],"author":"strozniake","twitter_card":"summary_large_image","twitter_misc":{"Napisane przez":"strozniake","Szacowany czas czytania":"9 minut"},"schema":{"@context":"https:\/\/schema.org","@graph":[{"@type":"event","@id":"https:\/\/instytutpolski.pl\/stockholm\/2021\/01\/28\/design-talks-2021\/","url":"https:\/\/instytutpolski.pl\/stockholm\/2021\/01\/28\/design-talks-2021\/","name":"Design Talks 2021. Polsk-svenska konstn\u00e4rer p\u00e5 Stockholm Design Week","isPartOf":{"@id":"https:\/\/instytutpolski.pl\/stockholm\/#website"},"primaryImageOfPage":{"@id":"https:\/\/instytutpolski.pl\/stockholm\/2021\/01\/28\/design-talks-2021\/#primaryimage"},"image":["https:\/\/instytutpolski.pl\/stockholm\/wp-content\/uploads\/sites\/17\/2021\/01\/baner-1.jpg","https:\/\/instytutpolski.pl\/stockholm\/wp-content\/uploads\/sites\/17\/2021\/01\/baner-1-300x169.jpg","https:\/\/instytutpolski.pl\/stockholm\/wp-content\/uploads\/sites\/17\/2021\/01\/baner-1-1024x576.jpg","https:\/\/instytutpolski.pl\/stockholm\/wp-content\/uploads\/sites\/17\/2021\/01\/baner-1.jpg"],"thumbnailUrl":"https:\/\/instytutpolski.pl\/stockholm\/wp-content\/uploads\/sites\/17\/2021\/01\/baner-1.jpg","datePublished":"2021-01-28T14:05:12+02:00","dateModified":"2025-04-14T08:07:36+02:00","author":{"@id":"https:\/\/instytutpolski.pl\/stockholm\/#\/schema\/person\/062b5a5f61f32b17c98996975db8d556"},"breadcrumb":{"@id":"https:\/\/instytutpolski.pl\/stockholm\/2021\/01\/28\/design-talks-2021\/#breadcrumb"},"inLanguage":"pl-PL","potentialAction":[{"@type":"ReadAction","target":["https:\/\/instytutpolski.pl\/stockholm\/2021\/01\/28\/design-talks-2021\/"]}],"@context":"https:\/\/schema.org","startDate":"2021-02-08","endDate":"2021-02-14","eventStatus":"EventScheduled","eventAttendanceMode":"OnlineEventAttendanceMode","location":{"@type":"VirtualLocation","url":""},"description":"Om Stockholm Design Week\nStockholm Design Week \u00e4r en design- och modefestival som sammanf\u00f6r konstn\u00e4rer fr\u00e5n inredningsdesign, konst, hantverk, mode, musik och gastronomi. Under en vecka h\u00e5lls m\u00e5nga evenemang som syftar till att marknadsf\u00f6ra Stockholm som en designstad.\nP\u00e5 Stockholm Design Week jobbar vi med att skapa f\u00f6r dig som bes\u00f6kare den b\u00e4sta m\u00f6jliga designupplevelsen, fylld med inspirerande evenemang (samt inspirerande m\u00e4nniskor!). Sedan 2002 har vi gjort det tillsammans med Stockholm Furniture &amp; Light Fair, och 2018 gick vi live med v\u00e5r sommarutg\u00e5va Summer Design Week tillsammans med Formex. Tillsammans presenterar vi Stockholm som fantastisk designdestination och v\u00e4lkomnar designentusiaster att fira med oss. Vi erbjuder bes\u00f6karna en palett av designevenemang och kollar att alla g\u00e5r hem med trevliga minnen, ett starkare professionellt n\u00e4tverk och en massa inspiration. (Stockholms Design Weeks webbplats, 2020)\nStockholm Design Week g\u00e5r digitalt\nP\u00e5 grund av den nuvarande situationen med coronaviruset kommer Stockholm Design Week 2021 att h\u00e5llas mestadels digitalt. En av de online h\u00e4ndelserna blir Design Diplomacy - en diskussionsserie d\u00e4r designprofiler fr\u00e5n olika l\u00e4nder delar med sig av sina erfarenheter till publiken. Konceptet initierades av Helsinki Design Week 2016 i syfte att skapa nya interkulturella f\u00f6rbindelser, st\u00e4rka p\u00e5g\u00e5ende internationella relationer och att fr\u00e4mja design och arkitektur genom dialog och erfarenhet.\nPolsk-svenska Design Talks p\u00e5 \u00e5rets Stockholm Design Week\nhttps:\/\/youtu.be\/SWbeohZb_i0\nPolska konstn\u00e4rer har deltagit i Stockholm Design Week i flera \u00e5r nu bl.a. i den prestigefyllda sektionen Greenhouse (t.ex. Kosmos Project, formgivaren Natalia Wieteska) och i Design Diplomacy projektet (samtalet mellan Tartaruga Studio &amp; \u00c5sa P\u00e4rson). \u00c4ven i \u00e5r kommer de polska formgivarna bidra till den fantastiska designveckan! Polska institutet Stockholm i samarbete med Design Sweden f\u00f6rberedde tre Design Talks d\u00e4r inbjudna g\u00e4ster ber\u00e4ttar om designtrender och utmaningar f\u00f6r b\u00e5de nya och etablerade konstn\u00e4rer, om sidenm\u00e5lning och om hur ett svenskt slott eller den slaviska mytologin kan bli en inspiration.\nDe samtalen \u00e4r baserade p\u00e5 samma system som Design Diplomacy. Deltagarna drar ett kort med en tidigare f\u00f6rbered fr\u00e5ga och st\u00e4ller den till sin samtalspartner. Resultatet kommer att presenteras i form av Design Talks p\u00e5 institutets webbplats. Inspelningen genomf\u00f6rdes tack vare g\u00e4stfriheten av den polska ambassad\u00f6ren Joanna Hofman. Samtalen leds p\u00e5 engelska av en modedesigner och ordf\u00f6rande i Design Sweden, Lotta Ahlvar och filmades samt klipptes av Mireille Rosas.\nStort tack till alla som bidragit till projektet, speciellt till de enast\u00e5ende konstn\u00e4rerna!\nDESIGN TALKS 2021. POLSK-SVENSKA KONSTN\u00c4RER:\n8 februari 2021Design Talks. Polsk-svenska konstn\u00e4rer vol.I. Magdalena Karpi\u0144ska &amp; Isa Andersson. (engelska)\nhttps:\/\/youtu.be\/nUY5UyNLZ1o\nGe ett konkret exempel p\u00e5 hur design har f\u00f6rb\u00e4ttrat v\u00e4rlden. Vilka av dina uppgifter skulle du g\u00e4rna l\u00e5ta en robot g\u00f6ra?\nTv\u00e5 unga designers: Magdalena Karpi\u0144ska fr\u00e5n Polen och Isa Andersson fr\u00e5n Sverige svarar p\u00e5 fr\u00e5gorna om samtida design och delar sina konstn\u00e4rliga upplevelser fr\u00e5n respektive land.\nMagdalena Karpi\u0144ska - m\u00f6beldesigner\/konstrukt\u00f6r, grundare av studion Karpi\u0144ska Furniture Design. Det unika med Magda \u00e4r att hon \u00e4r engagerad som konstn\u00e4r i alla delar av m\u00f6belskapandet d\u00e4r hon anv\u00e4nder sina kunskaper inom m\u00f6bel- och inredningssnickeri. Mer om Magdalena\nIsa Andersson, f\u00f6dd 1990 i Stockholm, har kandidatexamen i produktdesign fr\u00e5n Beckmans College of Design och master i design fr\u00e5n Konstfack. Isa \u00e4r frilans konstn\u00e4r och deltar i ett antal olika projekt, t.ex. Tensta Art Gallery, IKEA, Beckmans School of Design, Design LabS. Isa arbetar skulpturellt och anv\u00e4nder ofta metoder som inneh\u00e5ller samarbete, sociala strukturer och relationer mellan kropp och textil samt utrymmet som de befinner sig i. Mer om Isa\n9 februari 2021Design Talks. Polsk-svenska konstn\u00e4rer vol.II. Oliwia Dawidowska &amp; Karoline Lenhult. (engelska)\nhttps:\/\/youtu.be\/OZ_CRZK32Bs\nEn ber\u00e4ttelse om ett barockslott, en dr\u00f6mmande dam omgiven av naturen och allt detta p\u00e5 siden!\nDen svenska formgivaren Karoline Lenhult och den polska konstn\u00e4ren Oliwia Dawidowska ber\u00e4ttar om sin passion f\u00f6r handm\u00e5lade sidendukar och svarar p\u00e5 fr\u00e5gor om design och mycket annat. V\u00e4lkommen till den andra delen av de polsk-svenska Design Talks!\nOliwia Dawidowska - en konstn\u00e4r och modedesigner, arbetar med sidenm\u00e5lning, bl.a.  handm\u00e5lade sidenhalsdukar, lyxiga sjalar m.m. Mer om Oliwia\nKueen grundades 2014 av formgivaren Karoline Lenhult som har arbetat som designer under tio \u00e5rs tid med olika typer av uppdrag. Dr\u00f6mmen om att starta ett eget varum\u00e4rke har alltid funnits d\u00e4r som en stark drivkraft. Viljan att skapa n\u00e5got vackert och h\u00e5llbart med passion resulterade tillslut i varum\u00e4rket Kueen. Kueen handlar om passion, sk\u00f6nhet och mod. K\u00e4rleken till det vackra, till m\u00f6nster, till att ber\u00e4tta historier och om att v\u00e5ga. Mer om Karoline\n10 februari 2021Design Talks. Polsk-svenska konstn\u00e4rer vol.III. Joanna Sieradzan &amp; Lotta Ahlvar. (engelska)\nhttps:\/\/youtu.be\/CBjZuzSuj1Y\nI den tredje och sista delen av de polsk-svenska Design Talks tr\u00e4ffar Joanna Sieradzan, chefsdesigner f\u00f6r studion Svarog, en modedesigner och ordf\u00f6rande i Design Sweden, Lotta Ahlvar. F\u00e5 veta mer om deras bakgrund inom designv\u00e4rlden, om en \"dansande\" stol samt om hur modern design kan inspireras av den slaviska kulturen!\nJoanna Sieradzan - chefsdesigner f\u00f6r studion Svarog. I sitt arbete sl\u00e5r hon ihop modern design och den slaviska mytologin. I sina id\u00e9er f\u00f6rs\u00f6ker hon att visa enkelheten som finns i v\u00e4rlden av legend och sagor medan m\u00f6beldesignen baseras hon ofta p\u00e5 komplexitet av symboler och myter. Inte bara \u00e4r hennes \u00f6nskan att skapa moderna och funktionella projekt utan ocks\u00e5 att utforma m\u00f6bler som ber\u00f6r sj\u00e4len. Mer om Joanna\nLotta Ahlvar \u00e4r en designutbilldad entrepren\u00f6r och ordf\u00f6rande i Design Sweden - en medlemsorganisation med syfte att st\u00f6dja designers som bor och arbetar i Sverige och de som verkar utomlands. Organisationen grundades 1957 med syfte att lyfta fram kraften i design f\u00f6r kulturellt och ekonomiskt v\u00e4rde. Mer om Lotta"},{"@type":"ImageObject","inLanguage":"pl-PL","@id":"https:\/\/instytutpolski.pl\/stockholm\/2021\/01\/28\/design-talks-2021\/#primaryimage","url":"https:\/\/instytutpolski.pl\/stockholm\/wp-content\/uploads\/sites\/17\/2021\/01\/baner-1.jpg","contentUrl":"https:\/\/instytutpolski.pl\/stockholm\/wp-content\/uploads\/sites\/17\/2021\/01\/baner-1.jpg","width":1120,"height":630},{"@type":"BreadcrumbList","@id":"https:\/\/instytutpolski.pl\/stockholm\/2021\/01\/28\/design-talks-2021\/#breadcrumb","itemListElement":[{"@type":"ListItem","position":1,"name":"Home","item":"https:\/\/instytutpolski.pl\/stockholm\/"},{"@type":"ListItem","position":2,"name":"Design Talks 2021. Polsk-svenska konstn\u00e4rer p\u00e5 Stockholm Design Week"}]},{"@type":"WebSite","@id":"https:\/\/instytutpolski.pl\/stockholm\/#website","url":"https:\/\/instytutpolski.pl\/stockholm\/","name":"Instytut Polski w Sztokholmie","description":"Instytuty Polskie","potentialAction":[{"@type":"SearchAction","target":{"@type":"EntryPoint","urlTemplate":"https:\/\/instytutpolski.pl\/stockholm\/?s={search_term_string}"},"query-input":{"@type":"PropertyValueSpecification","valueRequired":true,"valueName":"search_term_string"}}],"inLanguage":"pl-PL"},{"@type":"Person","@id":"https:\/\/instytutpolski.pl\/stockholm\/#\/schema\/person\/062b5a5f61f32b17c98996975db8d556","name":"strozniake","image":{"@type":"ImageObject","inLanguage":"pl-PL","@id":"https:\/\/instytutpolski.pl\/stockholm\/#\/schema\/person\/image\/","url":"https:\/\/secure.gravatar.com\/avatar\/25e0be9897787f9035155a882fde97cc?s=96&d=mm&r=g","contentUrl":"https:\/\/secure.gravatar.com\/avatar\/25e0be9897787f9035155a882fde97cc?s=96&d=mm&r=g","caption":"strozniake"},"sameAs":["http:\/\/strozniake"],"url":"https:\/\/instytutpolski.pl\/stockholm\/author\/strozniake\/"}]}},"_links":{"self":[{"href":"https:\/\/instytutpolski.pl\/stockholm\/wp-json\/wp\/v2\/posts\/4995","targetHints":{"allow":["GET"]}}],"collection":[{"href":"https:\/\/instytutpolski.pl\/stockholm\/wp-json\/wp\/v2\/posts"}],"about":[{"href":"https:\/\/instytutpolski.pl\/stockholm\/wp-json\/wp\/v2\/types\/post"}],"author":[{"embeddable":true,"href":"https:\/\/instytutpolski.pl\/stockholm\/wp-json\/wp\/v2\/users\/29"}],"replies":[{"embeddable":true,"href":"https:\/\/instytutpolski.pl\/stockholm\/wp-json\/wp\/v2\/comments?post=4995"}],"version-history":[{"count":19,"href":"https:\/\/instytutpolski.pl\/stockholm\/wp-json\/wp\/v2\/posts\/4995\/revisions"}],"predecessor-version":[{"id":13861,"href":"https:\/\/instytutpolski.pl\/stockholm\/wp-json\/wp\/v2\/posts\/4995\/revisions\/13861"}],"wp:featuredmedia":[{"embeddable":true,"href":"https:\/\/instytutpolski.pl\/stockholm\/wp-json\/wp\/v2\/media\/5001"}],"wp:attachment":[{"href":"https:\/\/instytutpolski.pl\/stockholm\/wp-json\/wp\/v2\/media?parent=4995"}],"wp:term":[{"taxonomy":"category","embeddable":true,"href":"https:\/\/instytutpolski.pl\/stockholm\/wp-json\/wp\/v2\/categories?post=4995"},{"taxonomy":"post_tag","embeddable":true,"href":"https:\/\/instytutpolski.pl\/stockholm\/wp-json\/wp\/v2\/tags?post=4995"}],"curies":[{"name":"wp","href":"https:\/\/api.w.org\/{rel}","templated":true}]}}