{"id":5309,"date":"2021-04-01T16:16:43","date_gmt":"2021-04-01T14:16:43","guid":{"rendered":"https:\/\/instytutpolski.pl\/stockholm\/?p=5309"},"modified":"2021-04-06T08:34:46","modified_gmt":"2021-04-06T06:34:46","slug":"glad-pask","status":"publish","type":"post","link":"https:\/\/instytutpolski.pl\/stockholm\/2021\/04\/01\/glad-pask\/","title":{"rendered":"Glad P\u00e5sk"},"content":{"rendered":"\n<p>Vi \u00f6nskar alla v\u00e5ra f\u00f6ljare, v\u00e4nner, samarbetspartners och alla som \u00e4lskar polsk kultur en riktigt glad p\u00e5sk! H\u00e5ll er friska och njut av p\u00e5sken! &#x1f423;<\/p>\n\n\n\n<p class=\"has-text-align-right\">Polska institutets team<\/p>\n\n\n\n<p>L\u00e4s mer om hur man firar p\u00e5sk i Polen <a rel=\"noreferrer noopener\" href=\"https:\/\/instytutpolski.pl\/stockholm\/2021\/03\/31\/polska-pasktraditioner2\/\" target=\"_blank\">h\u00e4r<\/a>! <\/p>\n\n\n\n<figure class=\"wp-block-gallery columns-3 wp-block-gallery-1 is-layout-flex wp-block-gallery-is-layout-flex\"><ul class=\"blocks-gallery-grid\"><li class=\"blocks-gallery-item\"><figure><a href=\"https:\/\/instytutpolski.pl\/stockholm\/wp-content\/uploads\/sites\/17\/2021\/04\/Zdje\u0328cia-potraw-46-of-86.jpg\"><img loading=\"lazy\" decoding=\"async\" width=\"1024\" height=\"683\" src=\"https:\/\/instytutpolski.pl\/stockholm\/wp-content\/uploads\/sites\/17\/2021\/04\/Zdje\u0328cia-potraw-46-of-86-1024x683.jpg\" alt=\"\" data-id=\"5335\" data-full-url=\"https:\/\/instytutpolski.pl\/stockholm\/wp-content\/uploads\/sites\/17\/2021\/04\/Zdje\u0328cia-potraw-46-of-86.jpg\" data-link=\"https:\/\/instytutpolski.pl\/stockholm\/?attachment_id=5335\" class=\"wp-image-5335\" srcset=\"https:\/\/instytutpolski.pl\/stockholm\/wp-content\/uploads\/sites\/17\/2021\/04\/Zdje\u0328cia-potraw-46-of-86-1024x683.jpg 1024w, https:\/\/instytutpolski.pl\/stockholm\/wp-content\/uploads\/sites\/17\/2021\/04\/Zdje\u0328cia-potraw-46-of-86-300x200.jpg 300w, https:\/\/instytutpolski.pl\/stockholm\/wp-content\/uploads\/sites\/17\/2021\/04\/Zdje\u0328cia-potraw-46-of-86-768x512.jpg 768w, https:\/\/instytutpolski.pl\/stockholm\/wp-content\/uploads\/sites\/17\/2021\/04\/Zdje\u0328cia-potraw-46-of-86-1536x1024.jpg 1536w, https:\/\/instytutpolski.pl\/stockholm\/wp-content\/uploads\/sites\/17\/2021\/04\/Zdje\u0328cia-potraw-46-of-86.jpg 1920w\" sizes=\"auto, (max-width: 1024px) 100vw, 1024px\" \/><\/a><\/figure><\/li><li class=\"blocks-gallery-item\"><figure><a href=\"https:\/\/instytutpolski.pl\/stockholm\/wp-content\/uploads\/sites\/17\/2021\/04\/Zdje\u0328cia-potraw-61-of-86.jpg\"><img loading=\"lazy\" decoding=\"async\" width=\"1024\" height=\"683\" src=\"https:\/\/instytutpolski.pl\/stockholm\/wp-content\/uploads\/sites\/17\/2021\/04\/Zdje\u0328cia-potraw-61-of-86-1024x683.jpg\" alt=\"\" data-id=\"5333\" data-full-url=\"https:\/\/instytutpolski.pl\/stockholm\/wp-content\/uploads\/sites\/17\/2021\/04\/Zdje\u0328cia-potraw-61-of-86.jpg\" data-link=\"https:\/\/instytutpolski.pl\/stockholm\/?attachment_id=5333\" class=\"wp-image-5333\" srcset=\"https:\/\/instytutpolski.pl\/stockholm\/wp-content\/uploads\/sites\/17\/2021\/04\/Zdje\u0328cia-potraw-61-of-86-1024x683.jpg 1024w, https:\/\/instytutpolski.pl\/stockholm\/wp-content\/uploads\/sites\/17\/2021\/04\/Zdje\u0328cia-potraw-61-of-86-300x200.jpg 300w, https:\/\/instytutpolski.pl\/stockholm\/wp-content\/uploads\/sites\/17\/2021\/04\/Zdje\u0328cia-potraw-61-of-86-768x512.jpg 768w, https:\/\/instytutpolski.pl\/stockholm\/wp-content\/uploads\/sites\/17\/2021\/04\/Zdje\u0328cia-potraw-61-of-86-1536x1024.jpg 1536w, https:\/\/instytutpolski.pl\/stockholm\/wp-content\/uploads\/sites\/17\/2021\/04\/Zdje\u0328cia-potraw-61-of-86.jpg 1920w\" sizes=\"auto, (max-width: 1024px) 100vw, 1024px\" \/><\/a><\/figure><\/li><li class=\"blocks-gallery-item\"><figure><a href=\"https:\/\/instytutpolski.pl\/stockholm\/wp-content\/uploads\/sites\/17\/2021\/03\/Zdje\u0328cia-potraw-67-of-86.jpg\"><img loading=\"lazy\" decoding=\"async\" width=\"1024\" height=\"683\" src=\"https:\/\/instytutpolski.pl\/stockholm\/wp-content\/uploads\/sites\/17\/2021\/03\/Zdje\u0328cia-potraw-67-of-86-1024x683.jpg\" alt=\"\" data-id=\"5285\" data-full-url=\"https:\/\/instytutpolski.pl\/stockholm\/wp-content\/uploads\/sites\/17\/2021\/03\/Zdje\u0328cia-potraw-67-of-86.jpg\" data-link=\"https:\/\/instytutpolski.pl\/stockholm\/2021\/03\/31\/polska-pasktraditioner2\/zdje%cc%a8cia-potraw-67-of-86\/\" class=\"wp-image-5285\" srcset=\"https:\/\/instytutpolski.pl\/stockholm\/wp-content\/uploads\/sites\/17\/2021\/03\/Zdje\u0328cia-potraw-67-of-86-1024x683.jpg 1024w, https:\/\/instytutpolski.pl\/stockholm\/wp-content\/uploads\/sites\/17\/2021\/03\/Zdje\u0328cia-potraw-67-of-86-300x200.jpg 300w, https:\/\/instytutpolski.pl\/stockholm\/wp-content\/uploads\/sites\/17\/2021\/03\/Zdje\u0328cia-potraw-67-of-86-768x512.jpg 768w, https:\/\/instytutpolski.pl\/stockholm\/wp-content\/uploads\/sites\/17\/2021\/03\/Zdje\u0328cia-potraw-67-of-86-1536x1024.jpg 1536w, https:\/\/instytutpolski.pl\/stockholm\/wp-content\/uploads\/sites\/17\/2021\/03\/Zdje\u0328cia-potraw-67-of-86.jpg 1920w\" sizes=\"auto, (max-width: 1024px) 100vw, 1024px\" \/><\/a><\/figure><\/li><li class=\"blocks-gallery-item\"><figure><a href=\"https:\/\/instytutpolski.pl\/stockholm\/wp-content\/uploads\/sites\/17\/2021\/03\/Zdje\u0328cia-potraw-73-of-86.jpg\"><img loading=\"lazy\" decoding=\"async\" width=\"1024\" height=\"683\" src=\"https:\/\/instytutpolski.pl\/stockholm\/wp-content\/uploads\/sites\/17\/2021\/03\/Zdje\u0328cia-potraw-73-of-86-1024x683.jpg\" alt=\"\" data-id=\"5286\" data-full-url=\"https:\/\/instytutpolski.pl\/stockholm\/wp-content\/uploads\/sites\/17\/2021\/03\/Zdje\u0328cia-potraw-73-of-86.jpg\" data-link=\"https:\/\/instytutpolski.pl\/stockholm\/2021\/03\/31\/polska-pasktraditioner2\/zdje%cc%a8cia-potraw-73-of-86\/\" class=\"wp-image-5286\" srcset=\"https:\/\/instytutpolski.pl\/stockholm\/wp-content\/uploads\/sites\/17\/2021\/03\/Zdje\u0328cia-potraw-73-of-86-1024x683.jpg 1024w, https:\/\/instytutpolski.pl\/stockholm\/wp-content\/uploads\/sites\/17\/2021\/03\/Zdje\u0328cia-potraw-73-of-86-300x200.jpg 300w, https:\/\/instytutpolski.pl\/stockholm\/wp-content\/uploads\/sites\/17\/2021\/03\/Zdje\u0328cia-potraw-73-of-86-768x512.jpg 768w, https:\/\/instytutpolski.pl\/stockholm\/wp-content\/uploads\/sites\/17\/2021\/03\/Zdje\u0328cia-potraw-73-of-86-1536x1024.jpg 1536w, https:\/\/instytutpolski.pl\/stockholm\/wp-content\/uploads\/sites\/17\/2021\/03\/Zdje\u0328cia-potraw-73-of-86.jpg 1920w\" sizes=\"auto, (max-width: 1024px) 100vw, 1024px\" \/><\/a><\/figure><\/li><li class=\"blocks-gallery-item\"><figure><a href=\"https:\/\/instytutpolski.pl\/stockholm\/wp-content\/uploads\/sites\/17\/2021\/03\/Zdje\u0328cia-potraw-86-of-86.jpg\"><img loading=\"lazy\" decoding=\"async\" width=\"1024\" height=\"683\" src=\"https:\/\/instytutpolski.pl\/stockholm\/wp-content\/uploads\/sites\/17\/2021\/03\/Zdje\u0328cia-potraw-86-of-86-1024x683.jpg\" alt=\"\" data-id=\"5287\" data-full-url=\"https:\/\/instytutpolski.pl\/stockholm\/wp-content\/uploads\/sites\/17\/2021\/03\/Zdje\u0328cia-potraw-86-of-86.jpg\" data-link=\"https:\/\/instytutpolski.pl\/stockholm\/2021\/03\/31\/polska-pasktraditioner2\/zdje%cc%a8cia-potraw-86-of-86\/\" class=\"wp-image-5287\" srcset=\"https:\/\/instytutpolski.pl\/stockholm\/wp-content\/uploads\/sites\/17\/2021\/03\/Zdje\u0328cia-potraw-86-of-86-1024x683.jpg 1024w, https:\/\/instytutpolski.pl\/stockholm\/wp-content\/uploads\/sites\/17\/2021\/03\/Zdje\u0328cia-potraw-86-of-86-300x200.jpg 300w, https:\/\/instytutpolski.pl\/stockholm\/wp-content\/uploads\/sites\/17\/2021\/03\/Zdje\u0328cia-potraw-86-of-86-768x512.jpg 768w, https:\/\/instytutpolski.pl\/stockholm\/wp-content\/uploads\/sites\/17\/2021\/03\/Zdje\u0328cia-potraw-86-of-86-1536x1024.jpg 1536w, https:\/\/instytutpolski.pl\/stockholm\/wp-content\/uploads\/sites\/17\/2021\/03\/Zdje\u0328cia-potraw-86-of-86.jpg 1920w\" sizes=\"auto, (max-width: 1024px) 100vw, 1024px\" \/><\/a><\/figure><\/li><li class=\"blocks-gallery-item\"><figure><a href=\"https:\/\/instytutpolski.pl\/stockholm\/wp-content\/uploads\/sites\/17\/2021\/03\/Zdje\u0328cia-potraw-64-of-86.jpg\"><img loading=\"lazy\" decoding=\"async\" width=\"1024\" height=\"683\" src=\"https:\/\/instytutpolski.pl\/stockholm\/wp-content\/uploads\/sites\/17\/2021\/03\/Zdje\u0328cia-potraw-64-of-86-1024x683.jpg\" alt=\"\" data-id=\"5284\" data-full-url=\"https:\/\/instytutpolski.pl\/stockholm\/wp-content\/uploads\/sites\/17\/2021\/03\/Zdje\u0328cia-potraw-64-of-86.jpg\" data-link=\"https:\/\/instytutpolski.pl\/stockholm\/2021\/03\/31\/polska-pasktraditioner2\/zdje%cc%a8cia-potraw-64-of-86\/\" class=\"wp-image-5284\" srcset=\"https:\/\/instytutpolski.pl\/stockholm\/wp-content\/uploads\/sites\/17\/2021\/03\/Zdje\u0328cia-potraw-64-of-86-1024x683.jpg 1024w, https:\/\/instytutpolski.pl\/stockholm\/wp-content\/uploads\/sites\/17\/2021\/03\/Zdje\u0328cia-potraw-64-of-86-300x200.jpg 300w, https:\/\/instytutpolski.pl\/stockholm\/wp-content\/uploads\/sites\/17\/2021\/03\/Zdje\u0328cia-potraw-64-of-86-768x512.jpg 768w, https:\/\/instytutpolski.pl\/stockholm\/wp-content\/uploads\/sites\/17\/2021\/03\/Zdje\u0328cia-potraw-64-of-86-1536x1024.jpg 1536w, https:\/\/instytutpolski.pl\/stockholm\/wp-content\/uploads\/sites\/17\/2021\/03\/Zdje\u0328cia-potraw-64-of-86.jpg 1920w\" sizes=\"auto, (max-width: 1024px) 100vw, 1024px\" \/><\/a><\/figure><\/li><li class=\"blocks-gallery-item\"><figure><a href=\"https:\/\/instytutpolski.pl\/stockholm\/wp-content\/uploads\/sites\/17\/2021\/04\/Zdje\u0328cia-potraw-56-of-86.jpg\"><img loading=\"lazy\" decoding=\"async\" width=\"1024\" height=\"683\" src=\"https:\/\/instytutpolski.pl\/stockholm\/wp-content\/uploads\/sites\/17\/2021\/04\/Zdje\u0328cia-potraw-56-of-86-1024x683.jpg\" alt=\"\" data-id=\"5334\" data-full-url=\"https:\/\/instytutpolski.pl\/stockholm\/wp-content\/uploads\/sites\/17\/2021\/04\/Zdje\u0328cia-potraw-56-of-86.jpg\" data-link=\"https:\/\/instytutpolski.pl\/stockholm\/?attachment_id=5334\" class=\"wp-image-5334\" srcset=\"https:\/\/instytutpolski.pl\/stockholm\/wp-content\/uploads\/sites\/17\/2021\/04\/Zdje\u0328cia-potraw-56-of-86-1024x683.jpg 1024w, https:\/\/instytutpolski.pl\/stockholm\/wp-content\/uploads\/sites\/17\/2021\/04\/Zdje\u0328cia-potraw-56-of-86-300x200.jpg 300w, https:\/\/instytutpolski.pl\/stockholm\/wp-content\/uploads\/sites\/17\/2021\/04\/Zdje\u0328cia-potraw-56-of-86-768x512.jpg 768w, https:\/\/instytutpolski.pl\/stockholm\/wp-content\/uploads\/sites\/17\/2021\/04\/Zdje\u0328cia-potraw-56-of-86-1536x1024.jpg 1536w, https:\/\/instytutpolski.pl\/stockholm\/wp-content\/uploads\/sites\/17\/2021\/04\/Zdje\u0328cia-potraw-56-of-86.jpg 1920w\" sizes=\"auto, (max-width: 1024px) 100vw, 1024px\" \/><\/a><\/figure><\/li><li class=\"blocks-gallery-item\"><figure><a href=\"https:\/\/instytutpolski.pl\/stockholm\/wp-content\/uploads\/sites\/17\/2021\/03\/Zdje\u0328cia-potraw-48-of-86.jpg\"><img loading=\"lazy\" decoding=\"async\" width=\"1024\" height=\"683\" src=\"https:\/\/instytutpolski.pl\/stockholm\/wp-content\/uploads\/sites\/17\/2021\/03\/Zdje\u0328cia-potraw-48-of-86-1024x683.jpg\" alt=\"\" data-id=\"5288\" data-full-url=\"https:\/\/instytutpolski.pl\/stockholm\/wp-content\/uploads\/sites\/17\/2021\/03\/Zdje\u0328cia-potraw-48-of-86.jpg\" data-link=\"https:\/\/instytutpolski.pl\/stockholm\/2021\/03\/31\/polska-pasktraditioner2\/zdje%cc%a8cia-potraw-48-of-86\/\" class=\"wp-image-5288\" srcset=\"https:\/\/instytutpolski.pl\/stockholm\/wp-content\/uploads\/sites\/17\/2021\/03\/Zdje\u0328cia-potraw-48-of-86-1024x683.jpg 1024w, https:\/\/instytutpolski.pl\/stockholm\/wp-content\/uploads\/sites\/17\/2021\/03\/Zdje\u0328cia-potraw-48-of-86-300x200.jpg 300w, https:\/\/instytutpolski.pl\/stockholm\/wp-content\/uploads\/sites\/17\/2021\/03\/Zdje\u0328cia-potraw-48-of-86-768x512.jpg 768w, https:\/\/instytutpolski.pl\/stockholm\/wp-content\/uploads\/sites\/17\/2021\/03\/Zdje\u0328cia-potraw-48-of-86-1536x1024.jpg 1536w, https:\/\/instytutpolski.pl\/stockholm\/wp-content\/uploads\/sites\/17\/2021\/03\/Zdje\u0328cia-potraw-48-of-86.jpg 1920w\" sizes=\"auto, (max-width: 1024px) 100vw, 1024px\" \/><\/a><\/figure><\/li><\/ul><\/figure>\n\n\n\n<p>foton: Pawe\u0142 Kania<\/p>\n\n\n\n<p><\/p>\n","protected":false},"excerpt":{"rendered":"<p>Vi \u00f6nskar alla v\u00e5ra f\u00f6ljare, v\u00e4nner, samarbetspartners och alla som \u00e4lskar polsk kultur en riktigt glad p\u00e5sk! H\u00e5ll er friska och njut av p\u00e5sken! &#x1f423; Polska institutets team L\u00e4s mer om hur man firar p\u00e5sk i Polen h\u00e4r! foton: Pawe\u0142 Kania<\/p>\n","protected":false},"author":29,"featured_media":5328,"comment_status":"open","ping_status":"open","sticky":false,"template":"","format":"standard","meta":{"inline_featured_image":false,"_monsterinsights_skip_tracking":false,"_monsterinsights_sitenote_active":false,"_monsterinsights_sitenote_note":"","_monsterinsights_sitenote_category":0,"footnotes":""},"categories":[222],"tags":[],"class_list":["post-5309","post","type-post","status-publish","format-standard","has-post-thumbnail","hentry","category-aktualnosc-se"],"yoast_head":"<!-- This site is optimized with the Yoast SEO plugin v24.6 - https:\/\/yoast.com\/wordpress\/plugins\/seo\/ -->\n<title>Glad P\u00e5sk - Instytut Polski w Sztokholmie<\/title>\n<meta name=\"robots\" content=\"index, follow, max-snippet:-1, max-image-preview:large, max-video-preview:-1\" \/>\n<link rel=\"canonical\" href=\"https:\/\/instytutpolski.pl\/stockholm\/2021\/04\/01\/glad-pask\/\" \/>\n<meta property=\"og:locale\" content=\"pl_PL\" \/>\n<meta property=\"og:type\" content=\"article\" \/>\n<meta property=\"og:title\" content=\"Glad P\u00e5sk - Instytut Polski w Sztokholmie\" \/>\n<meta property=\"og:description\" content=\"Vi \u00f6nskar alla v\u00e5ra f\u00f6ljare, v\u00e4nner, samarbetspartners och alla som \u00e4lskar polsk kultur en riktigt glad p\u00e5sk! H\u00e5ll er friska och njut av p\u00e5sken! &#x1f423; Polska institutets team L\u00e4s mer om hur man firar p\u00e5sk i Polen h\u00e4r! foton: Pawe\u0142 Kania\" \/>\n<meta property=\"og:url\" content=\"https:\/\/instytutpolski.pl\/stockholm\/2021\/04\/01\/glad-pask\/\" \/>\n<meta property=\"og:site_name\" content=\"Instytut Polski w Sztokholmie\" \/>\n<meta property=\"article:published_time\" content=\"2021-04-01T14:16:43+00:00\" \/>\n<meta property=\"article:modified_time\" content=\"2021-04-06T06:34:46+00:00\" \/>\n<meta property=\"og:image\" content=\"https:\/\/instytutpolski.pl\/stockholm\/wp-content\/uploads\/sites\/17\/2021\/04\/glad-pask-strona-ip-1.jpg\" \/>\n\t<meta property=\"og:image:width\" content=\"1120\" \/>\n\t<meta property=\"og:image:height\" content=\"630\" \/>\n\t<meta property=\"og:image:type\" content=\"image\/jpeg\" \/>\n<meta name=\"author\" content=\"strozniake\" \/>\n<meta name=\"twitter:card\" content=\"summary_large_image\" \/>\n<meta name=\"twitter:label1\" content=\"Napisane przez\" \/>\n\t<meta name=\"twitter:data1\" content=\"strozniake\" \/>\n<script type=\"application\/ld+json\" class=\"yoast-schema-graph\">{\"@context\":\"https:\/\/schema.org\",\"@graph\":[{\"@type\":\"event\",\"@id\":\"https:\/\/instytutpolski.pl\/stockholm\/2021\/04\/01\/glad-pask\/\",\"url\":\"https:\/\/instytutpolski.pl\/stockholm\/2021\/04\/01\/glad-pask\/\",\"name\":\"Glad P\u00e5sk\",\"isPartOf\":{\"@id\":\"https:\/\/instytutpolski.pl\/stockholm\/#website\"},\"primaryImageOfPage\":{\"@id\":\"https:\/\/instytutpolski.pl\/stockholm\/2021\/04\/01\/glad-pask\/#primaryimage\"},\"image\":[\"https:\/\/instytutpolski.pl\/stockholm\/wp-content\/uploads\/sites\/17\/2021\/04\/glad-pask-strona-ip-1.jpg\",\"https:\/\/instytutpolski.pl\/stockholm\/wp-content\/uploads\/sites\/17\/2021\/04\/glad-pask-strona-ip-1-300x169.jpg\",\"https:\/\/instytutpolski.pl\/stockholm\/wp-content\/uploads\/sites\/17\/2021\/04\/glad-pask-strona-ip-1-1024x576.jpg\",\"https:\/\/instytutpolski.pl\/stockholm\/wp-content\/uploads\/sites\/17\/2021\/04\/glad-pask-strona-ip-1.jpg\"],\"thumbnailUrl\":\"https:\/\/instytutpolski.pl\/stockholm\/wp-content\/uploads\/sites\/17\/2021\/04\/glad-pask-strona-ip-1.jpg\",\"datePublished\":\"2021-04-01T14:16:43+02:00\",\"dateModified\":\"2021-04-06T06:34:46+02:00\",\"author\":{\"@id\":\"https:\/\/instytutpolski.pl\/stockholm\/#\/schema\/person\/062b5a5f61f32b17c98996975db8d556\"},\"breadcrumb\":{\"@id\":\"https:\/\/instytutpolski.pl\/stockholm\/2021\/04\/01\/glad-pask\/#breadcrumb\"},\"inLanguage\":\"pl-PL\",\"potentialAction\":[{\"@type\":\"ReadAction\",\"target\":[\"https:\/\/instytutpolski.pl\/stockholm\/2021\/04\/01\/glad-pask\/\"]}],\"@context\":\"https:\/\/schema.org\",\"startDate\":\"2021-04-01\",\"endDate\":\"2021-04-06\",\"eventStatus\":\"EventScheduled\",\"eventAttendanceMode\":\"OfflineEventAttendanceMode\",\"location\":{\"@type\":\"place\",\"name\":\"\",\"address\":\"\",\"geo\":{\"@type\":\"GeoCoordinates\",\"latitude\":\"\",\"longitude\":\"\"}},\"description\":\"Vi \u00f6nskar alla v\u00e5ra f\u00f6ljare, v\u00e4nner, samarbetspartners och alla som \u00e4lskar polsk kultur en riktigt glad p\u00e5sk! H\u00e5ll er friska och njut av p\u00e5sken! &#x1f423;\\nPolska institutets team\\nL\u00e4s mer om hur man firar p\u00e5sk i Polen h\u00e4r! \\nfoton: Pawe\u0142 Kania\"},{\"@type\":\"ImageObject\",\"inLanguage\":\"pl-PL\",\"@id\":\"https:\/\/instytutpolski.pl\/stockholm\/2021\/04\/01\/glad-pask\/#primaryimage\",\"url\":\"https:\/\/instytutpolski.pl\/stockholm\/wp-content\/uploads\/sites\/17\/2021\/04\/glad-pask-strona-ip-1.jpg\",\"contentUrl\":\"https:\/\/instytutpolski.pl\/stockholm\/wp-content\/uploads\/sites\/17\/2021\/04\/glad-pask-strona-ip-1.jpg\",\"width\":1120,\"height\":630},{\"@type\":\"BreadcrumbList\",\"@id\":\"https:\/\/instytutpolski.pl\/stockholm\/2021\/04\/01\/glad-pask\/#breadcrumb\",\"itemListElement\":[{\"@type\":\"ListItem\",\"position\":1,\"name\":\"Home\",\"item\":\"https:\/\/instytutpolski.pl\/stockholm\/\"},{\"@type\":\"ListItem\",\"position\":2,\"name\":\"Glad P\u00e5sk\"}]},{\"@type\":\"WebSite\",\"@id\":\"https:\/\/instytutpolski.pl\/stockholm\/#website\",\"url\":\"https:\/\/instytutpolski.pl\/stockholm\/\",\"name\":\"Instytut Polski w Sztokholmie\",\"description\":\"Instytuty Polskie\",\"potentialAction\":[{\"@type\":\"SearchAction\",\"target\":{\"@type\":\"EntryPoint\",\"urlTemplate\":\"https:\/\/instytutpolski.pl\/stockholm\/?s={search_term_string}\"},\"query-input\":{\"@type\":\"PropertyValueSpecification\",\"valueRequired\":true,\"valueName\":\"search_term_string\"}}],\"inLanguage\":\"pl-PL\"},{\"@type\":\"Person\",\"@id\":\"https:\/\/instytutpolski.pl\/stockholm\/#\/schema\/person\/062b5a5f61f32b17c98996975db8d556\",\"name\":\"strozniake\",\"image\":{\"@type\":\"ImageObject\",\"inLanguage\":\"pl-PL\",\"@id\":\"https:\/\/instytutpolski.pl\/stockholm\/#\/schema\/person\/image\/\",\"url\":\"https:\/\/secure.gravatar.com\/avatar\/25e0be9897787f9035155a882fde97cc?s=96&d=mm&r=g\",\"contentUrl\":\"https:\/\/secure.gravatar.com\/avatar\/25e0be9897787f9035155a882fde97cc?s=96&d=mm&r=g\",\"caption\":\"strozniake\"},\"sameAs\":[\"http:\/\/strozniake\"],\"url\":\"https:\/\/instytutpolski.pl\/stockholm\/author\/strozniake\/\"}]}<\/script>\n<!-- \/ Yoast SEO plugin. -->","yoast_head_json":{"title":"Glad P\u00e5sk - Instytut Polski w Sztokholmie","robots":{"index":"index","follow":"follow","max-snippet":"max-snippet:-1","max-image-preview":"max-image-preview:large","max-video-preview":"max-video-preview:-1"},"canonical":"https:\/\/instytutpolski.pl\/stockholm\/2021\/04\/01\/glad-pask\/","og_locale":"pl_PL","og_type":"article","og_title":"Glad P\u00e5sk - Instytut Polski w Sztokholmie","og_description":"Vi \u00f6nskar alla v\u00e5ra f\u00f6ljare, v\u00e4nner, samarbetspartners och alla som \u00e4lskar polsk kultur en riktigt glad p\u00e5sk! H\u00e5ll er friska och njut av p\u00e5sken! &#x1f423; Polska institutets team L\u00e4s mer om hur man firar p\u00e5sk i Polen h\u00e4r! foton: Pawe\u0142 Kania","og_url":"https:\/\/instytutpolski.pl\/stockholm\/2021\/04\/01\/glad-pask\/","og_site_name":"Instytut Polski w Sztokholmie","article_published_time":"2021-04-01T14:16:43+00:00","article_modified_time":"2021-04-06T06:34:46+00:00","og_image":[{"width":1120,"height":630,"url":"https:\/\/instytutpolski.pl\/stockholm\/wp-content\/uploads\/sites\/17\/2021\/04\/glad-pask-strona-ip-1.jpg","type":"image\/jpeg"}],"author":"strozniake","twitter_card":"summary_large_image","twitter_misc":{"Napisane przez":"strozniake"},"schema":{"@context":"https:\/\/schema.org","@graph":[{"@type":"event","@id":"https:\/\/instytutpolski.pl\/stockholm\/2021\/04\/01\/glad-pask\/","url":"https:\/\/instytutpolski.pl\/stockholm\/2021\/04\/01\/glad-pask\/","name":"Glad P\u00e5sk","isPartOf":{"@id":"https:\/\/instytutpolski.pl\/stockholm\/#website"},"primaryImageOfPage":{"@id":"https:\/\/instytutpolski.pl\/stockholm\/2021\/04\/01\/glad-pask\/#primaryimage"},"image":["https:\/\/instytutpolski.pl\/stockholm\/wp-content\/uploads\/sites\/17\/2021\/04\/glad-pask-strona-ip-1.jpg","https:\/\/instytutpolski.pl\/stockholm\/wp-content\/uploads\/sites\/17\/2021\/04\/glad-pask-strona-ip-1-300x169.jpg","https:\/\/instytutpolski.pl\/stockholm\/wp-content\/uploads\/sites\/17\/2021\/04\/glad-pask-strona-ip-1-1024x576.jpg","https:\/\/instytutpolski.pl\/stockholm\/wp-content\/uploads\/sites\/17\/2021\/04\/glad-pask-strona-ip-1.jpg"],"thumbnailUrl":"https:\/\/instytutpolski.pl\/stockholm\/wp-content\/uploads\/sites\/17\/2021\/04\/glad-pask-strona-ip-1.jpg","datePublished":"2021-04-01T14:16:43+02:00","dateModified":"2021-04-06T06:34:46+02:00","author":{"@id":"https:\/\/instytutpolski.pl\/stockholm\/#\/schema\/person\/062b5a5f61f32b17c98996975db8d556"},"breadcrumb":{"@id":"https:\/\/instytutpolski.pl\/stockholm\/2021\/04\/01\/glad-pask\/#breadcrumb"},"inLanguage":"pl-PL","potentialAction":[{"@type":"ReadAction","target":["https:\/\/instytutpolski.pl\/stockholm\/2021\/04\/01\/glad-pask\/"]}],"@context":"https:\/\/schema.org","startDate":"2021-04-01","endDate":"2021-04-06","eventStatus":"EventScheduled","eventAttendanceMode":"OfflineEventAttendanceMode","location":{"@type":"place","name":"","address":"","geo":{"@type":"GeoCoordinates","latitude":"","longitude":""}},"description":"Vi \u00f6nskar alla v\u00e5ra f\u00f6ljare, v\u00e4nner, samarbetspartners och alla som \u00e4lskar polsk kultur en riktigt glad p\u00e5sk! H\u00e5ll er friska och njut av p\u00e5sken! &#x1f423;\nPolska institutets team\nL\u00e4s mer om hur man firar p\u00e5sk i Polen h\u00e4r! \nfoton: Pawe\u0142 Kania"},{"@type":"ImageObject","inLanguage":"pl-PL","@id":"https:\/\/instytutpolski.pl\/stockholm\/2021\/04\/01\/glad-pask\/#primaryimage","url":"https:\/\/instytutpolski.pl\/stockholm\/wp-content\/uploads\/sites\/17\/2021\/04\/glad-pask-strona-ip-1.jpg","contentUrl":"https:\/\/instytutpolski.pl\/stockholm\/wp-content\/uploads\/sites\/17\/2021\/04\/glad-pask-strona-ip-1.jpg","width":1120,"height":630},{"@type":"BreadcrumbList","@id":"https:\/\/instytutpolski.pl\/stockholm\/2021\/04\/01\/glad-pask\/#breadcrumb","itemListElement":[{"@type":"ListItem","position":1,"name":"Home","item":"https:\/\/instytutpolski.pl\/stockholm\/"},{"@type":"ListItem","position":2,"name":"Glad P\u00e5sk"}]},{"@type":"WebSite","@id":"https:\/\/instytutpolski.pl\/stockholm\/#website","url":"https:\/\/instytutpolski.pl\/stockholm\/","name":"Instytut Polski w Sztokholmie","description":"Instytuty Polskie","potentialAction":[{"@type":"SearchAction","target":{"@type":"EntryPoint","urlTemplate":"https:\/\/instytutpolski.pl\/stockholm\/?s={search_term_string}"},"query-input":{"@type":"PropertyValueSpecification","valueRequired":true,"valueName":"search_term_string"}}],"inLanguage":"pl-PL"},{"@type":"Person","@id":"https:\/\/instytutpolski.pl\/stockholm\/#\/schema\/person\/062b5a5f61f32b17c98996975db8d556","name":"strozniake","image":{"@type":"ImageObject","inLanguage":"pl-PL","@id":"https:\/\/instytutpolski.pl\/stockholm\/#\/schema\/person\/image\/","url":"https:\/\/secure.gravatar.com\/avatar\/25e0be9897787f9035155a882fde97cc?s=96&d=mm&r=g","contentUrl":"https:\/\/secure.gravatar.com\/avatar\/25e0be9897787f9035155a882fde97cc?s=96&d=mm&r=g","caption":"strozniake"},"sameAs":["http:\/\/strozniake"],"url":"https:\/\/instytutpolski.pl\/stockholm\/author\/strozniake\/"}]}},"_links":{"self":[{"href":"https:\/\/instytutpolski.pl\/stockholm\/wp-json\/wp\/v2\/posts\/5309","targetHints":{"allow":["GET"]}}],"collection":[{"href":"https:\/\/instytutpolski.pl\/stockholm\/wp-json\/wp\/v2\/posts"}],"about":[{"href":"https:\/\/instytutpolski.pl\/stockholm\/wp-json\/wp\/v2\/types\/post"}],"author":[{"embeddable":true,"href":"https:\/\/instytutpolski.pl\/stockholm\/wp-json\/wp\/v2\/users\/29"}],"replies":[{"embeddable":true,"href":"https:\/\/instytutpolski.pl\/stockholm\/wp-json\/wp\/v2\/comments?post=5309"}],"version-history":[{"count":20,"href":"https:\/\/instytutpolski.pl\/stockholm\/wp-json\/wp\/v2\/posts\/5309\/revisions"}],"predecessor-version":[{"id":5360,"href":"https:\/\/instytutpolski.pl\/stockholm\/wp-json\/wp\/v2\/posts\/5309\/revisions\/5360"}],"wp:featuredmedia":[{"embeddable":true,"href":"https:\/\/instytutpolski.pl\/stockholm\/wp-json\/wp\/v2\/media\/5328"}],"wp:attachment":[{"href":"https:\/\/instytutpolski.pl\/stockholm\/wp-json\/wp\/v2\/media?parent=5309"}],"wp:term":[{"taxonomy":"category","embeddable":true,"href":"https:\/\/instytutpolski.pl\/stockholm\/wp-json\/wp\/v2\/categories?post=5309"},{"taxonomy":"post_tag","embeddable":true,"href":"https:\/\/instytutpolski.pl\/stockholm\/wp-json\/wp\/v2\/tags?post=5309"}],"curies":[{"name":"wp","href":"https:\/\/api.w.org\/{rel}","templated":true}]}}