{"id":5375,"date":"2021-04-14T14:40:28","date_gmt":"2021-04-14T12:40:28","guid":{"rendered":"https:\/\/instytutpolski.pl\/stockholm\/?p=5375"},"modified":"2021-11-05T11:44:19","modified_gmt":"2021-11-05T10:44:19","slug":"vi-ar-en-ordbok-och-andra-dikter-av-krystyna-dabrowska","status":"publish","type":"post","link":"https:\/\/instytutpolski.pl\/stockholm\/2021\/04\/14\/vi-ar-en-ordbok-och-andra-dikter-av-krystyna-dabrowska\/","title":{"rendered":"&#8222;Vi \u00e4r en ordbok och andra dikter&#8221; av Krystyna D\u0105browska"},"content":{"rendered":"\n<div class=\"wp-block-image\"><figure class=\"aligncenter size-large is-resized\"><img loading=\"lazy\" decoding=\"async\" src=\"https:\/\/instytutpolski.pl\/stockholm\/wp-content\/uploads\/sites\/17\/2021\/04\/dabrowska-cover-1212x2048-1-606x1024.jpeg\" alt=\"\" class=\"wp-image-5376\" width=\"455\" height=\"768\" srcset=\"https:\/\/instytutpolski.pl\/stockholm\/wp-content\/uploads\/sites\/17\/2021\/04\/dabrowska-cover-1212x2048-1-606x1024.jpeg 606w, https:\/\/instytutpolski.pl\/stockholm\/wp-content\/uploads\/sites\/17\/2021\/04\/dabrowska-cover-1212x2048-1-178x300.jpeg 178w, https:\/\/instytutpolski.pl\/stockholm\/wp-content\/uploads\/sites\/17\/2021\/04\/dabrowska-cover-1212x2048-1-768x1298.jpeg 768w, https:\/\/instytutpolski.pl\/stockholm\/wp-content\/uploads\/sites\/17\/2021\/04\/dabrowska-cover-1212x2048-1-909x1536.jpeg 909w, https:\/\/instytutpolski.pl\/stockholm\/wp-content\/uploads\/sites\/17\/2021\/04\/dabrowska-cover-1212x2048-1.jpeg 1212w\" sizes=\"auto, (max-width: 455px) 100vw, 455px\" \/><\/figure><\/div>\n\n\n\n<p><\/p>\n\n\n\n<p><strong>Krystyna D\u0105browska<\/strong> (f. 1979) \u00e4r en uppm\u00e4rksammad och prisbel\u00f6ntpoet \u2013 2013 tilldelades hon det allra f\u00f6rsta Szymborskapriset f\u00f6r diktsamlingen \u201dBia\u0142e krzes\u0142a\u201d (Vita stolar). Hon \u00e4r \u00e4ven ess\u00e4ist och \u00f6vers\u00e4ttare av engelsk poesi. D\u0105browskas poesi t\u00e4cker in vida arealer och r\u00f6r sig ledigt \u00f6ver landsgr\u00e4nserna. Precis som f\u00f6rebilden Wis\u0142awa Szymborska skriver hon en vardagslivets dikt, skenbart enkel, subtilt rytmisk och med en stor passion f\u00f6r detaljer.<\/p>\n\n\n\n<p><\/p>\n\n\n\n<p>F\u00f6rra \u00e5ret skulle Polska institutet vara med och st\u00f6dja Krystyna D\u0105browskas medverkan bl a i Ume\u00e5s internationella litteraturfestival Littfest men tyv\u00e4rr blev allt inst\u00e4llt till f\u00f6ljd av coronaviruset.<\/p>\n\n\n\n<p>Mer information <a rel=\"noreferrer noopener\" href=\"https:\/\/ellerstroms.se\/butik\/vi-ar-en-ordbok-och-andra-dikter\/\" target=\"_blank\">h\u00e4r<\/a>.<\/p>\n","protected":false},"excerpt":{"rendered":"<p>Krystyna D\u0105browska (f. 1979) \u00e4r en uppm\u00e4rksammad och prisbel\u00f6ntpoet \u2013 2013 tilldelades hon det allra f\u00f6rsta Szymborskapriset f\u00f6r diktsamlingen \u201dBia\u0142e krzes\u0142a\u201d (Vita stolar). Hon \u00e4r \u00e4ven ess\u00e4ist och \u00f6vers\u00e4ttare av engelsk poesi. D\u0105browskas poesi t\u00e4cker in vida arealer och r\u00f6r sig ledigt \u00f6ver landsgr\u00e4nserna. Precis som f\u00f6rebilden Wis\u0142awa Szymborska skriver hon en vardagslivets dikt, skenbart [&hellip;]<\/p>\n","protected":false},"author":29,"featured_media":5980,"comment_status":"closed","ping_status":"closed","sticky":false,"template":"","format":"standard","meta":{"inline_featured_image":false,"_monsterinsights_skip_tracking":false,"_monsterinsights_sitenote_active":false,"_monsterinsights_sitenote_note":"","_monsterinsights_sitenote_category":0,"footnotes":""},"categories":[222],"tags":[],"class_list":["post-5375","post","type-post","status-publish","format-standard","has-post-thumbnail","hentry","category-aktualnosc-se"],"yoast_head":"<!-- This site is optimized with the Yoast SEO plugin v24.6 - https:\/\/yoast.com\/wordpress\/plugins\/seo\/ -->\n<title>&quot;Vi \u00e4r en ordbok och andra dikter&quot; av Krystyna D\u0105browska - Instytut Polski w Sztokholmie<\/title>\n<meta name=\"robots\" content=\"index, follow, max-snippet:-1, max-image-preview:large, max-video-preview:-1\" \/>\n<link rel=\"canonical\" href=\"https:\/\/instytutpolski.pl\/stockholm\/2021\/04\/14\/vi-ar-en-ordbok-och-andra-dikter-av-krystyna-dabrowska\/\" \/>\n<meta property=\"og:locale\" content=\"pl_PL\" \/>\n<meta property=\"og:type\" content=\"article\" \/>\n<meta property=\"og:title\" content=\"&quot;Vi \u00e4r en ordbok och andra dikter&quot; av Krystyna D\u0105browska - Instytut Polski w Sztokholmie\" \/>\n<meta property=\"og:description\" content=\"Krystyna D\u0105browska (f. 1979) \u00e4r en uppm\u00e4rksammad och prisbel\u00f6ntpoet \u2013 2013 tilldelades hon det allra f\u00f6rsta Szymborskapriset f\u00f6r diktsamlingen \u201dBia\u0142e krzes\u0142a\u201d (Vita stolar). Hon \u00e4r \u00e4ven ess\u00e4ist och \u00f6vers\u00e4ttare av engelsk poesi. D\u0105browskas poesi t\u00e4cker in vida arealer och r\u00f6r sig ledigt \u00f6ver landsgr\u00e4nserna. Precis som f\u00f6rebilden Wis\u0142awa Szymborska skriver hon en vardagslivets dikt, skenbart [&hellip;]\" \/>\n<meta property=\"og:url\" content=\"https:\/\/instytutpolski.pl\/stockholm\/2021\/04\/14\/vi-ar-en-ordbok-och-andra-dikter-av-krystyna-dabrowska\/\" \/>\n<meta property=\"og:site_name\" content=\"Instytut Polski w Sztokholmie\" \/>\n<meta property=\"article:published_time\" content=\"2021-04-14T12:40:28+00:00\" \/>\n<meta property=\"article:modified_time\" content=\"2021-11-05T10:44:19+00:00\" \/>\n<meta property=\"og:image\" content=\"https:\/\/instytutpolski.pl\/stockholm\/wp-content\/uploads\/sites\/17\/2021\/04\/krystyna-1.jpg\" \/>\n\t<meta property=\"og:image:width\" content=\"1120\" \/>\n\t<meta property=\"og:image:height\" content=\"630\" \/>\n\t<meta property=\"og:image:type\" content=\"image\/jpeg\" \/>\n<meta name=\"author\" content=\"strozniake\" \/>\n<meta name=\"twitter:card\" content=\"summary_large_image\" \/>\n<meta name=\"twitter:label1\" content=\"Napisane przez\" \/>\n\t<meta name=\"twitter:data1\" content=\"strozniake\" \/>\n\t<meta name=\"twitter:label2\" content=\"Szacowany czas czytania\" \/>\n\t<meta name=\"twitter:data2\" content=\"1 minuta\" \/>\n<script type=\"application\/ld+json\" class=\"yoast-schema-graph\">{\"@context\":\"https:\/\/schema.org\",\"@graph\":[{\"@type\":\"event\",\"@id\":\"https:\/\/instytutpolski.pl\/stockholm\/2021\/04\/14\/vi-ar-en-ordbok-och-andra-dikter-av-krystyna-dabrowska\/\",\"url\":\"https:\/\/instytutpolski.pl\/stockholm\/2021\/04\/14\/vi-ar-en-ordbok-och-andra-dikter-av-krystyna-dabrowska\/\",\"name\":\"\\\"Vi \u00e4r en ordbok och andra dikter\\\" av Krystyna D\u0105browska\",\"isPartOf\":{\"@id\":\"https:\/\/instytutpolski.pl\/stockholm\/#website\"},\"primaryImageOfPage\":{\"@id\":\"https:\/\/instytutpolski.pl\/stockholm\/2021\/04\/14\/vi-ar-en-ordbok-och-andra-dikter-av-krystyna-dabrowska\/#primaryimage\"},\"image\":[\"https:\/\/instytutpolski.pl\/stockholm\/wp-content\/uploads\/sites\/17\/2021\/04\/krystyna-1.jpg\",\"https:\/\/instytutpolski.pl\/stockholm\/wp-content\/uploads\/sites\/17\/2021\/04\/krystyna-1-300x169.jpg\",\"https:\/\/instytutpolski.pl\/stockholm\/wp-content\/uploads\/sites\/17\/2021\/04\/krystyna-1-1024x576.jpg\",\"https:\/\/instytutpolski.pl\/stockholm\/wp-content\/uploads\/sites\/17\/2021\/04\/krystyna-1.jpg\"],\"thumbnailUrl\":\"https:\/\/instytutpolski.pl\/stockholm\/wp-content\/uploads\/sites\/17\/2021\/04\/krystyna-1.jpg\",\"datePublished\":\"2021-04-14T12:40:28+02:00\",\"dateModified\":\"2021-11-05T10:44:19+02:00\",\"author\":{\"@id\":\"https:\/\/instytutpolski.pl\/stockholm\/#\/schema\/person\/062b5a5f61f32b17c98996975db8d556\"},\"breadcrumb\":{\"@id\":\"https:\/\/instytutpolski.pl\/stockholm\/2021\/04\/14\/vi-ar-en-ordbok-och-andra-dikter-av-krystyna-dabrowska\/#breadcrumb\"},\"inLanguage\":\"pl-PL\",\"potentialAction\":[{\"@type\":\"ReadAction\",\"target\":[\"https:\/\/instytutpolski.pl\/stockholm\/2021\/04\/14\/vi-ar-en-ordbok-och-andra-dikter-av-krystyna-dabrowska\/\"]}],\"@context\":\"https:\/\/schema.org\",\"startDate\":\"2021-04-14\",\"endDate\":\"2021-04-14\",\"eventStatus\":\"EventScheduled\",\"eventAttendanceMode\":\"OfflineEventAttendanceMode\",\"location\":{\"@type\":\"place\",\"name\":\"\",\"address\":\"\",\"geo\":{\"@type\":\"GeoCoordinates\",\"latitude\":\"\",\"longitude\":\"\"}},\"description\":\"Krystyna D\u0105browska (f. 1979) \u00e4r en uppm\u00e4rksammad och prisbel\u00f6ntpoet \u2013 2013 tilldelades hon det allra f\u00f6rsta Szymborskapriset f\u00f6r diktsamlingen \u201dBia\u0142e krzes\u0142a\u201d (Vita stolar). Hon \u00e4r \u00e4ven ess\u00e4ist och \u00f6vers\u00e4ttare av engelsk poesi. D\u0105browskas poesi t\u00e4cker in vida arealer och r\u00f6r sig ledigt \u00f6ver landsgr\u00e4nserna. Precis som f\u00f6rebilden Wis\u0142awa Szymborska skriver hon en vardagslivets dikt, skenbart enkel, subtilt rytmisk och med en stor passion f\u00f6r detaljer.\\nF\u00f6rra \u00e5ret skulle Polska institutet vara med och st\u00f6dja Krystyna D\u0105browskas medverkan bl a i Ume\u00e5s internationella litteraturfestival Littfest men tyv\u00e4rr blev allt inst\u00e4llt till f\u00f6ljd av coronaviruset.\\nMer information h\u00e4r.\"},{\"@type\":\"ImageObject\",\"inLanguage\":\"pl-PL\",\"@id\":\"https:\/\/instytutpolski.pl\/stockholm\/2021\/04\/14\/vi-ar-en-ordbok-och-andra-dikter-av-krystyna-dabrowska\/#primaryimage\",\"url\":\"https:\/\/instytutpolski.pl\/stockholm\/wp-content\/uploads\/sites\/17\/2021\/04\/krystyna-1.jpg\",\"contentUrl\":\"https:\/\/instytutpolski.pl\/stockholm\/wp-content\/uploads\/sites\/17\/2021\/04\/krystyna-1.jpg\",\"width\":1120,\"height\":630},{\"@type\":\"BreadcrumbList\",\"@id\":\"https:\/\/instytutpolski.pl\/stockholm\/2021\/04\/14\/vi-ar-en-ordbok-och-andra-dikter-av-krystyna-dabrowska\/#breadcrumb\",\"itemListElement\":[{\"@type\":\"ListItem\",\"position\":1,\"name\":\"Home\",\"item\":\"https:\/\/instytutpolski.pl\/stockholm\/\"},{\"@type\":\"ListItem\",\"position\":2,\"name\":\"&#8222;Vi \u00e4r en ordbok och andra dikter&#8221; av Krystyna D\u0105browska\"}]},{\"@type\":\"WebSite\",\"@id\":\"https:\/\/instytutpolski.pl\/stockholm\/#website\",\"url\":\"https:\/\/instytutpolski.pl\/stockholm\/\",\"name\":\"Instytut Polski w Sztokholmie\",\"description\":\"Instytuty Polskie\",\"potentialAction\":[{\"@type\":\"SearchAction\",\"target\":{\"@type\":\"EntryPoint\",\"urlTemplate\":\"https:\/\/instytutpolski.pl\/stockholm\/?s={search_term_string}\"},\"query-input\":{\"@type\":\"PropertyValueSpecification\",\"valueRequired\":true,\"valueName\":\"search_term_string\"}}],\"inLanguage\":\"pl-PL\"},{\"@type\":\"Person\",\"@id\":\"https:\/\/instytutpolski.pl\/stockholm\/#\/schema\/person\/062b5a5f61f32b17c98996975db8d556\",\"name\":\"strozniake\",\"image\":{\"@type\":\"ImageObject\",\"inLanguage\":\"pl-PL\",\"@id\":\"https:\/\/instytutpolski.pl\/stockholm\/#\/schema\/person\/image\/\",\"url\":\"https:\/\/secure.gravatar.com\/avatar\/25e0be9897787f9035155a882fde97cc?s=96&d=mm&r=g\",\"contentUrl\":\"https:\/\/secure.gravatar.com\/avatar\/25e0be9897787f9035155a882fde97cc?s=96&d=mm&r=g\",\"caption\":\"strozniake\"},\"sameAs\":[\"http:\/\/strozniake\"],\"url\":\"https:\/\/instytutpolski.pl\/stockholm\/author\/strozniake\/\"}]}<\/script>\n<!-- \/ Yoast SEO plugin. -->","yoast_head_json":{"title":"\"Vi \u00e4r en ordbok och andra dikter\" av Krystyna D\u0105browska - Instytut Polski w Sztokholmie","robots":{"index":"index","follow":"follow","max-snippet":"max-snippet:-1","max-image-preview":"max-image-preview:large","max-video-preview":"max-video-preview:-1"},"canonical":"https:\/\/instytutpolski.pl\/stockholm\/2021\/04\/14\/vi-ar-en-ordbok-och-andra-dikter-av-krystyna-dabrowska\/","og_locale":"pl_PL","og_type":"article","og_title":"\"Vi \u00e4r en ordbok och andra dikter\" av Krystyna D\u0105browska - Instytut Polski w Sztokholmie","og_description":"Krystyna D\u0105browska (f. 1979) \u00e4r en uppm\u00e4rksammad och prisbel\u00f6ntpoet \u2013 2013 tilldelades hon det allra f\u00f6rsta Szymborskapriset f\u00f6r diktsamlingen \u201dBia\u0142e krzes\u0142a\u201d (Vita stolar). Hon \u00e4r \u00e4ven ess\u00e4ist och \u00f6vers\u00e4ttare av engelsk poesi. D\u0105browskas poesi t\u00e4cker in vida arealer och r\u00f6r sig ledigt \u00f6ver landsgr\u00e4nserna. Precis som f\u00f6rebilden Wis\u0142awa Szymborska skriver hon en vardagslivets dikt, skenbart [&hellip;]","og_url":"https:\/\/instytutpolski.pl\/stockholm\/2021\/04\/14\/vi-ar-en-ordbok-och-andra-dikter-av-krystyna-dabrowska\/","og_site_name":"Instytut Polski w Sztokholmie","article_published_time":"2021-04-14T12:40:28+00:00","article_modified_time":"2021-11-05T10:44:19+00:00","og_image":[{"width":1120,"height":630,"url":"https:\/\/instytutpolski.pl\/stockholm\/wp-content\/uploads\/sites\/17\/2021\/04\/krystyna-1.jpg","type":"image\/jpeg"}],"author":"strozniake","twitter_card":"summary_large_image","twitter_misc":{"Napisane przez":"strozniake","Szacowany czas czytania":"1 minuta"},"schema":{"@context":"https:\/\/schema.org","@graph":[{"@type":"event","@id":"https:\/\/instytutpolski.pl\/stockholm\/2021\/04\/14\/vi-ar-en-ordbok-och-andra-dikter-av-krystyna-dabrowska\/","url":"https:\/\/instytutpolski.pl\/stockholm\/2021\/04\/14\/vi-ar-en-ordbok-och-andra-dikter-av-krystyna-dabrowska\/","name":"\"Vi \u00e4r en ordbok och andra dikter\" av Krystyna D\u0105browska","isPartOf":{"@id":"https:\/\/instytutpolski.pl\/stockholm\/#website"},"primaryImageOfPage":{"@id":"https:\/\/instytutpolski.pl\/stockholm\/2021\/04\/14\/vi-ar-en-ordbok-och-andra-dikter-av-krystyna-dabrowska\/#primaryimage"},"image":["https:\/\/instytutpolski.pl\/stockholm\/wp-content\/uploads\/sites\/17\/2021\/04\/krystyna-1.jpg","https:\/\/instytutpolski.pl\/stockholm\/wp-content\/uploads\/sites\/17\/2021\/04\/krystyna-1-300x169.jpg","https:\/\/instytutpolski.pl\/stockholm\/wp-content\/uploads\/sites\/17\/2021\/04\/krystyna-1-1024x576.jpg","https:\/\/instytutpolski.pl\/stockholm\/wp-content\/uploads\/sites\/17\/2021\/04\/krystyna-1.jpg"],"thumbnailUrl":"https:\/\/instytutpolski.pl\/stockholm\/wp-content\/uploads\/sites\/17\/2021\/04\/krystyna-1.jpg","datePublished":"2021-04-14T12:40:28+02:00","dateModified":"2021-11-05T10:44:19+02:00","author":{"@id":"https:\/\/instytutpolski.pl\/stockholm\/#\/schema\/person\/062b5a5f61f32b17c98996975db8d556"},"breadcrumb":{"@id":"https:\/\/instytutpolski.pl\/stockholm\/2021\/04\/14\/vi-ar-en-ordbok-och-andra-dikter-av-krystyna-dabrowska\/#breadcrumb"},"inLanguage":"pl-PL","potentialAction":[{"@type":"ReadAction","target":["https:\/\/instytutpolski.pl\/stockholm\/2021\/04\/14\/vi-ar-en-ordbok-och-andra-dikter-av-krystyna-dabrowska\/"]}],"@context":"https:\/\/schema.org","startDate":"2021-04-14","endDate":"2021-04-14","eventStatus":"EventScheduled","eventAttendanceMode":"OfflineEventAttendanceMode","location":{"@type":"place","name":"","address":"","geo":{"@type":"GeoCoordinates","latitude":"","longitude":""}},"description":"Krystyna D\u0105browska (f. 1979) \u00e4r en uppm\u00e4rksammad och prisbel\u00f6ntpoet \u2013 2013 tilldelades hon det allra f\u00f6rsta Szymborskapriset f\u00f6r diktsamlingen \u201dBia\u0142e krzes\u0142a\u201d (Vita stolar). Hon \u00e4r \u00e4ven ess\u00e4ist och \u00f6vers\u00e4ttare av engelsk poesi. D\u0105browskas poesi t\u00e4cker in vida arealer och r\u00f6r sig ledigt \u00f6ver landsgr\u00e4nserna. Precis som f\u00f6rebilden Wis\u0142awa Szymborska skriver hon en vardagslivets dikt, skenbart enkel, subtilt rytmisk och med en stor passion f\u00f6r detaljer.\nF\u00f6rra \u00e5ret skulle Polska institutet vara med och st\u00f6dja Krystyna D\u0105browskas medverkan bl a i Ume\u00e5s internationella litteraturfestival Littfest men tyv\u00e4rr blev allt inst\u00e4llt till f\u00f6ljd av coronaviruset.\nMer information h\u00e4r."},{"@type":"ImageObject","inLanguage":"pl-PL","@id":"https:\/\/instytutpolski.pl\/stockholm\/2021\/04\/14\/vi-ar-en-ordbok-och-andra-dikter-av-krystyna-dabrowska\/#primaryimage","url":"https:\/\/instytutpolski.pl\/stockholm\/wp-content\/uploads\/sites\/17\/2021\/04\/krystyna-1.jpg","contentUrl":"https:\/\/instytutpolski.pl\/stockholm\/wp-content\/uploads\/sites\/17\/2021\/04\/krystyna-1.jpg","width":1120,"height":630},{"@type":"BreadcrumbList","@id":"https:\/\/instytutpolski.pl\/stockholm\/2021\/04\/14\/vi-ar-en-ordbok-och-andra-dikter-av-krystyna-dabrowska\/#breadcrumb","itemListElement":[{"@type":"ListItem","position":1,"name":"Home","item":"https:\/\/instytutpolski.pl\/stockholm\/"},{"@type":"ListItem","position":2,"name":"&#8222;Vi \u00e4r en ordbok och andra dikter&#8221; av Krystyna D\u0105browska"}]},{"@type":"WebSite","@id":"https:\/\/instytutpolski.pl\/stockholm\/#website","url":"https:\/\/instytutpolski.pl\/stockholm\/","name":"Instytut Polski w Sztokholmie","description":"Instytuty Polskie","potentialAction":[{"@type":"SearchAction","target":{"@type":"EntryPoint","urlTemplate":"https:\/\/instytutpolski.pl\/stockholm\/?s={search_term_string}"},"query-input":{"@type":"PropertyValueSpecification","valueRequired":true,"valueName":"search_term_string"}}],"inLanguage":"pl-PL"},{"@type":"Person","@id":"https:\/\/instytutpolski.pl\/stockholm\/#\/schema\/person\/062b5a5f61f32b17c98996975db8d556","name":"strozniake","image":{"@type":"ImageObject","inLanguage":"pl-PL","@id":"https:\/\/instytutpolski.pl\/stockholm\/#\/schema\/person\/image\/","url":"https:\/\/secure.gravatar.com\/avatar\/25e0be9897787f9035155a882fde97cc?s=96&d=mm&r=g","contentUrl":"https:\/\/secure.gravatar.com\/avatar\/25e0be9897787f9035155a882fde97cc?s=96&d=mm&r=g","caption":"strozniake"},"sameAs":["http:\/\/strozniake"],"url":"https:\/\/instytutpolski.pl\/stockholm\/author\/strozniake\/"}]}},"_links":{"self":[{"href":"https:\/\/instytutpolski.pl\/stockholm\/wp-json\/wp\/v2\/posts\/5375","targetHints":{"allow":["GET"]}}],"collection":[{"href":"https:\/\/instytutpolski.pl\/stockholm\/wp-json\/wp\/v2\/posts"}],"about":[{"href":"https:\/\/instytutpolski.pl\/stockholm\/wp-json\/wp\/v2\/types\/post"}],"author":[{"embeddable":true,"href":"https:\/\/instytutpolski.pl\/stockholm\/wp-json\/wp\/v2\/users\/29"}],"replies":[{"embeddable":true,"href":"https:\/\/instytutpolski.pl\/stockholm\/wp-json\/wp\/v2\/comments?post=5375"}],"version-history":[{"count":9,"href":"https:\/\/instytutpolski.pl\/stockholm\/wp-json\/wp\/v2\/posts\/5375\/revisions"}],"predecessor-version":[{"id":5981,"href":"https:\/\/instytutpolski.pl\/stockholm\/wp-json\/wp\/v2\/posts\/5375\/revisions\/5981"}],"wp:featuredmedia":[{"embeddable":true,"href":"https:\/\/instytutpolski.pl\/stockholm\/wp-json\/wp\/v2\/media\/5980"}],"wp:attachment":[{"href":"https:\/\/instytutpolski.pl\/stockholm\/wp-json\/wp\/v2\/media?parent=5375"}],"wp:term":[{"taxonomy":"category","embeddable":true,"href":"https:\/\/instytutpolski.pl\/stockholm\/wp-json\/wp\/v2\/categories?post=5375"},{"taxonomy":"post_tag","embeddable":true,"href":"https:\/\/instytutpolski.pl\/stockholm\/wp-json\/wp\/v2\/tags?post=5375"}],"curies":[{"name":"wp","href":"https:\/\/api.w.org\/{rel}","templated":true}]}}