{"id":5462,"date":"2021-04-19T10:04:00","date_gmt":"2021-04-19T08:04:00","guid":{"rendered":"https:\/\/instytutpolski.pl\/stockholm\/?p=5462"},"modified":"2021-04-19T13:12:36","modified_gmt":"2021-04-19T11:12:36","slug":"78-ar-sedan-upproret-i-warszawas-getto","status":"publish","type":"post","link":"https:\/\/instytutpolski.pl\/stockholm\/2021\/04\/19\/78-ar-sedan-upproret-i-warszawas-getto\/","title":{"rendered":"78 \u00e5r sedan Upproret i Warszawas getto"},"content":{"rendered":"\n<p>Museet f\u00f6r de polska judarnas historia POLIN i Warszawa arrangerar en social- och utbildningskampanj f\u00f6r att uppm\u00e4rksamma \u00e5rsdagen av Upproret i Warszawas getto. I \u00e5r \u00e4r det fokus p\u00e5 kvinnornas roll i den heroiska kampen. P\u00e5 grund av pandemin drivs POLIN-museets kampanj mest p\u00e5 internet. Alla \u00e4r v\u00e4lkomna att delta i kampanjen f\u00f6r att hedra minnet av h\u00e4ndelserna.<\/p>\n\n\n\n<p>Programmet (p\u00e5 engelska):&nbsp;<a href=\"https:\/\/www.polin.pl\/en\/akcja-zonkile-2021-program-obchodow\" target=\"_blank\" rel=\"noreferrer noopener\">https:\/\/www.polin.pl\/en\/akcja-zonkile-2021-program-obchodow<\/a><\/p>\n\n\n\n<p><a href=\"https:\/\/www.polin.pl\/en\/news\/2021\/03\/03\/2021-daffodils-social-educational-campaign\" target=\"_blank\" rel=\"noreferrer noopener\">H\u00e4r<\/a> kan du l\u00e4sa hur du kan delta i kampanjen.<\/p>\n\n\n\n<p>Som en del av h\u00f6gtidligh\u00e5llande av \u00e5rsdagen kan man \u00e4ven:<\/p>\n\n\n\n<ul class=\"wp-block-list\"><li>titta p\u00e5 en film som producerats av Museet f\u00f6r de polska judarnas historia POLIN i Warszawa: <a rel=\"noreferrer noopener\" href=\"https:\/\/youtu.be\/VOpKGTz4GJA\" target=\"_blank\">&#8222;There Was No Hope&#8221;<\/a>;<\/li><li>l\u00e4sa <a rel=\"noreferrer noopener\" href=\"http:\/\/warsze.polin.pl\/en\/historie-i-kreski\/marek-edelman\" target=\"_blank\">en serienovell om Marek Edelman<\/a>;<\/li><li>bes\u00f6ka POLIN-museet via deras <a rel=\"noreferrer noopener\" href=\"http:\/\/virtualtour.polin.pl\/punkt\/6-warsaw-ghetto\/\" target=\"_blank\">digitala vandring<\/a>.<\/li><\/ul>\n\n\n\n<p>Mer information: <a rel=\"noreferrer noopener\" href=\"https:\/\/polin.pl\/en\/Warsawghettouprising?fbclid=IwAR0SE6o2R07wZnU_9pXYbsi2M4EgE6zelx0XQNon_Wl5Fdy-at-w3ctOCQE\" target=\"_blank\">https:\/\/polin.pl\/en\/Warsawghettouprising<\/a><\/p>\n\n\n\n<p><\/p>\n\n\n\n<div class=\"wp-block-image\"><figure class=\"aligncenter size-large\"><img loading=\"lazy\" decoding=\"async\" width=\"1024\" height=\"768\" src=\"https:\/\/instytutpolski.pl\/stockholm\/wp-content\/uploads\/sites\/17\/2021\/04\/ENG-Logos-for-WGUC-2021-1024x768.jpg\" alt=\"\" class=\"wp-image-5463\" srcset=\"https:\/\/instytutpolski.pl\/stockholm\/wp-content\/uploads\/sites\/17\/2021\/04\/ENG-Logos-for-WGUC-2021-1024x768.jpg 1024w, https:\/\/instytutpolski.pl\/stockholm\/wp-content\/uploads\/sites\/17\/2021\/04\/ENG-Logos-for-WGUC-2021-300x225.jpg 300w, https:\/\/instytutpolski.pl\/stockholm\/wp-content\/uploads\/sites\/17\/2021\/04\/ENG-Logos-for-WGUC-2021-768x576.jpg 768w, https:\/\/instytutpolski.pl\/stockholm\/wp-content\/uploads\/sites\/17\/2021\/04\/ENG-Logos-for-WGUC-2021-1536x1152.jpg 1536w, https:\/\/instytutpolski.pl\/stockholm\/wp-content\/uploads\/sites\/17\/2021\/04\/ENG-Logos-for-WGUC-2021-2048x1536.jpg 2048w\" sizes=\"auto, (max-width: 1024px) 100vw, 1024px\" \/><\/figure><\/div>\n","protected":false},"excerpt":{"rendered":"<p>Museet f\u00f6r de polska judarnas historia POLIN i Warszawa arrangerar en social- och utbildningskampanj f\u00f6r att uppm\u00e4rksamma \u00e5rsdagen av Upproret i Warszawas getto. I \u00e5r \u00e4r det fokus p\u00e5 kvinnornas roll i den heroiska kampen. P\u00e5 grund av pandemin drivs POLIN-museets kampanj mest p\u00e5 internet. Alla \u00e4r v\u00e4lkomna att delta i kampanjen f\u00f6r att hedra [&hellip;]<\/p>\n","protected":false},"author":29,"featured_media":5464,"comment_status":"closed","ping_status":"closed","sticky":false,"template":"","format":"standard","meta":{"inline_featured_image":false,"_monsterinsights_skip_tracking":false,"_monsterinsights_sitenote_active":false,"_monsterinsights_sitenote_note":"","_monsterinsights_sitenote_category":0,"footnotes":""},"categories":[222],"tags":[],"class_list":["post-5462","post","type-post","status-publish","format-standard","has-post-thumbnail","hentry","category-aktualnosc-se"],"yoast_head":"<!-- This site is optimized with the Yoast SEO plugin v24.6 - https:\/\/yoast.com\/wordpress\/plugins\/seo\/ -->\n<title>78 \u00e5r sedan Upproret i Warszawas getto - Instytut Polski w Sztokholmie<\/title>\n<meta name=\"robots\" content=\"index, follow, max-snippet:-1, max-image-preview:large, max-video-preview:-1\" \/>\n<link rel=\"canonical\" href=\"https:\/\/instytutpolski.pl\/stockholm\/2021\/04\/19\/78-ar-sedan-upproret-i-warszawas-getto\/\" \/>\n<meta property=\"og:locale\" content=\"pl_PL\" \/>\n<meta property=\"og:type\" content=\"article\" \/>\n<meta property=\"og:title\" content=\"78 \u00e5r sedan Upproret i Warszawas getto - Instytut Polski w Sztokholmie\" \/>\n<meta property=\"og:description\" content=\"Museet f\u00f6r de polska judarnas historia POLIN i Warszawa arrangerar en social- och utbildningskampanj f\u00f6r att uppm\u00e4rksamma \u00e5rsdagen av Upproret i Warszawas getto. I \u00e5r \u00e4r det fokus p\u00e5 kvinnornas roll i den heroiska kampen. P\u00e5 grund av pandemin drivs POLIN-museets kampanj mest p\u00e5 internet. Alla \u00e4r v\u00e4lkomna att delta i kampanjen f\u00f6r att hedra [&hellip;]\" \/>\n<meta property=\"og:url\" content=\"https:\/\/instytutpolski.pl\/stockholm\/2021\/04\/19\/78-ar-sedan-upproret-i-warszawas-getto\/\" \/>\n<meta property=\"og:site_name\" content=\"Instytut Polski w Sztokholmie\" \/>\n<meta property=\"article:published_time\" content=\"2021-04-19T08:04:00+00:00\" \/>\n<meta property=\"article:modified_time\" content=\"2021-04-19T11:12:36+00:00\" \/>\n<meta property=\"og:image\" content=\"https:\/\/instytutpolski.pl\/stockholm\/wp-content\/uploads\/sites\/17\/2021\/04\/ENG_Offical-ENG-Daffodils-Graphic.jpg\" \/>\n\t<meta property=\"og:image:width\" content=\"1920\" \/>\n\t<meta property=\"og:image:height\" content=\"1080\" \/>\n\t<meta property=\"og:image:type\" content=\"image\/jpeg\" \/>\n<meta name=\"author\" content=\"strozniake\" \/>\n<meta name=\"twitter:card\" content=\"summary_large_image\" \/>\n<meta name=\"twitter:label1\" content=\"Napisane przez\" \/>\n\t<meta name=\"twitter:data1\" content=\"strozniake\" \/>\n\t<meta name=\"twitter:label2\" content=\"Szacowany czas czytania\" \/>\n\t<meta name=\"twitter:data2\" content=\"1 minuta\" \/>\n<script type=\"application\/ld+json\" class=\"yoast-schema-graph\">{\"@context\":\"https:\/\/schema.org\",\"@graph\":[{\"@type\":\"event\",\"@id\":\"https:\/\/instytutpolski.pl\/stockholm\/2021\/04\/19\/78-ar-sedan-upproret-i-warszawas-getto\/\",\"url\":\"https:\/\/instytutpolski.pl\/stockholm\/2021\/04\/19\/78-ar-sedan-upproret-i-warszawas-getto\/\",\"name\":\"78 \u00e5r sedan Upproret i Warszawas getto\",\"isPartOf\":{\"@id\":\"https:\/\/instytutpolski.pl\/stockholm\/#website\"},\"primaryImageOfPage\":{\"@id\":\"https:\/\/instytutpolski.pl\/stockholm\/2021\/04\/19\/78-ar-sedan-upproret-i-warszawas-getto\/#primaryimage\"},\"image\":[\"https:\/\/instytutpolski.pl\/stockholm\/wp-content\/uploads\/sites\/17\/2021\/04\/ENG_Offical-ENG-Daffodils-Graphic.jpg\",\"https:\/\/instytutpolski.pl\/stockholm\/wp-content\/uploads\/sites\/17\/2021\/04\/ENG_Offical-ENG-Daffodils-Graphic-300x169.jpg\",\"https:\/\/instytutpolski.pl\/stockholm\/wp-content\/uploads\/sites\/17\/2021\/04\/ENG_Offical-ENG-Daffodils-Graphic-1024x576.jpg\",\"https:\/\/instytutpolski.pl\/stockholm\/wp-content\/uploads\/sites\/17\/2021\/04\/ENG_Offical-ENG-Daffodils-Graphic.jpg\"],\"thumbnailUrl\":\"https:\/\/instytutpolski.pl\/stockholm\/wp-content\/uploads\/sites\/17\/2021\/04\/ENG_Offical-ENG-Daffodils-Graphic.jpg\",\"datePublished\":\"2021-04-19T08:04:00+02:00\",\"dateModified\":\"2021-04-19T11:12:36+02:00\",\"author\":{\"@id\":\"https:\/\/instytutpolski.pl\/stockholm\/#\/schema\/person\/062b5a5f61f32b17c98996975db8d556\"},\"breadcrumb\":{\"@id\":\"https:\/\/instytutpolski.pl\/stockholm\/2021\/04\/19\/78-ar-sedan-upproret-i-warszawas-getto\/#breadcrumb\"},\"inLanguage\":\"pl-PL\",\"potentialAction\":[{\"@type\":\"ReadAction\",\"target\":[\"https:\/\/instytutpolski.pl\/stockholm\/2021\/04\/19\/78-ar-sedan-upproret-i-warszawas-getto\/\"]}],\"@context\":\"https:\/\/schema.org\",\"startDate\":\"2021-04-19\",\"endDate\":\"2021-04-19\",\"eventStatus\":\"EventScheduled\",\"eventAttendanceMode\":\"OnlineEventAttendanceMode\",\"location\":{\"@type\":\"VirtualLocation\",\"url\":\"\"},\"description\":\"Museet f\u00f6r de polska judarnas historia POLIN i Warszawa arrangerar en social- och utbildningskampanj f\u00f6r att uppm\u00e4rksamma \u00e5rsdagen av Upproret i Warszawas getto. I \u00e5r \u00e4r det fokus p\u00e5 kvinnornas roll i den heroiska kampen. P\u00e5 grund av pandemin drivs POLIN-museets kampanj mest p\u00e5 internet. Alla \u00e4r v\u00e4lkomna att delta i kampanjen f\u00f6r att hedra minnet av h\u00e4ndelserna.\\nProgrammet (p\u00e5 engelska): https:\/\/www.polin.pl\/en\/akcja-zonkile-2021-program-obchodow\\nH\u00e4r kan du l\u00e4sa hur du kan delta i kampanjen.\\nSom en del av h\u00f6gtidligh\u00e5llande av \u00e5rsdagen kan man \u00e4ven:\\ntitta p\u00e5 en film som producerats av Museet f\u00f6r de polska judarnas historia POLIN i Warszawa: \\\"There Was No Hope\\\";l\u00e4sa en serienovell om Marek Edelman;bes\u00f6ka POLIN-museet via deras digitala vandring.\\nMer information: https:\/\/polin.pl\/en\/Warsawghettouprising\"},{\"@type\":\"ImageObject\",\"inLanguage\":\"pl-PL\",\"@id\":\"https:\/\/instytutpolski.pl\/stockholm\/2021\/04\/19\/78-ar-sedan-upproret-i-warszawas-getto\/#primaryimage\",\"url\":\"https:\/\/instytutpolski.pl\/stockholm\/wp-content\/uploads\/sites\/17\/2021\/04\/ENG_Offical-ENG-Daffodils-Graphic.jpg\",\"contentUrl\":\"https:\/\/instytutpolski.pl\/stockholm\/wp-content\/uploads\/sites\/17\/2021\/04\/ENG_Offical-ENG-Daffodils-Graphic.jpg\",\"width\":1920,\"height\":1080},{\"@type\":\"BreadcrumbList\",\"@id\":\"https:\/\/instytutpolski.pl\/stockholm\/2021\/04\/19\/78-ar-sedan-upproret-i-warszawas-getto\/#breadcrumb\",\"itemListElement\":[{\"@type\":\"ListItem\",\"position\":1,\"name\":\"Home\",\"item\":\"https:\/\/instytutpolski.pl\/stockholm\/\"},{\"@type\":\"ListItem\",\"position\":2,\"name\":\"78 \u00e5r sedan Upproret i Warszawas getto\"}]},{\"@type\":\"WebSite\",\"@id\":\"https:\/\/instytutpolski.pl\/stockholm\/#website\",\"url\":\"https:\/\/instytutpolski.pl\/stockholm\/\",\"name\":\"Instytut Polski w Sztokholmie\",\"description\":\"Instytuty Polskie\",\"potentialAction\":[{\"@type\":\"SearchAction\",\"target\":{\"@type\":\"EntryPoint\",\"urlTemplate\":\"https:\/\/instytutpolski.pl\/stockholm\/?s={search_term_string}\"},\"query-input\":{\"@type\":\"PropertyValueSpecification\",\"valueRequired\":true,\"valueName\":\"search_term_string\"}}],\"inLanguage\":\"pl-PL\"},{\"@type\":\"Person\",\"@id\":\"https:\/\/instytutpolski.pl\/stockholm\/#\/schema\/person\/062b5a5f61f32b17c98996975db8d556\",\"name\":\"strozniake\",\"image\":{\"@type\":\"ImageObject\",\"inLanguage\":\"pl-PL\",\"@id\":\"https:\/\/instytutpolski.pl\/stockholm\/#\/schema\/person\/image\/\",\"url\":\"https:\/\/secure.gravatar.com\/avatar\/25e0be9897787f9035155a882fde97cc?s=96&d=mm&r=g\",\"contentUrl\":\"https:\/\/secure.gravatar.com\/avatar\/25e0be9897787f9035155a882fde97cc?s=96&d=mm&r=g\",\"caption\":\"strozniake\"},\"sameAs\":[\"http:\/\/strozniake\"],\"url\":\"https:\/\/instytutpolski.pl\/stockholm\/author\/strozniake\/\"}]}<\/script>\n<!-- \/ Yoast SEO plugin. -->","yoast_head_json":{"title":"78 \u00e5r sedan Upproret i Warszawas getto - Instytut Polski w Sztokholmie","robots":{"index":"index","follow":"follow","max-snippet":"max-snippet:-1","max-image-preview":"max-image-preview:large","max-video-preview":"max-video-preview:-1"},"canonical":"https:\/\/instytutpolski.pl\/stockholm\/2021\/04\/19\/78-ar-sedan-upproret-i-warszawas-getto\/","og_locale":"pl_PL","og_type":"article","og_title":"78 \u00e5r sedan Upproret i Warszawas getto - Instytut Polski w Sztokholmie","og_description":"Museet f\u00f6r de polska judarnas historia POLIN i Warszawa arrangerar en social- och utbildningskampanj f\u00f6r att uppm\u00e4rksamma \u00e5rsdagen av Upproret i Warszawas getto. I \u00e5r \u00e4r det fokus p\u00e5 kvinnornas roll i den heroiska kampen. P\u00e5 grund av pandemin drivs POLIN-museets kampanj mest p\u00e5 internet. Alla \u00e4r v\u00e4lkomna att delta i kampanjen f\u00f6r att hedra [&hellip;]","og_url":"https:\/\/instytutpolski.pl\/stockholm\/2021\/04\/19\/78-ar-sedan-upproret-i-warszawas-getto\/","og_site_name":"Instytut Polski w Sztokholmie","article_published_time":"2021-04-19T08:04:00+00:00","article_modified_time":"2021-04-19T11:12:36+00:00","og_image":[{"width":1920,"height":1080,"url":"https:\/\/instytutpolski.pl\/stockholm\/wp-content\/uploads\/sites\/17\/2021\/04\/ENG_Offical-ENG-Daffodils-Graphic.jpg","type":"image\/jpeg"}],"author":"strozniake","twitter_card":"summary_large_image","twitter_misc":{"Napisane przez":"strozniake","Szacowany czas czytania":"1 minuta"},"schema":{"@context":"https:\/\/schema.org","@graph":[{"@type":"event","@id":"https:\/\/instytutpolski.pl\/stockholm\/2021\/04\/19\/78-ar-sedan-upproret-i-warszawas-getto\/","url":"https:\/\/instytutpolski.pl\/stockholm\/2021\/04\/19\/78-ar-sedan-upproret-i-warszawas-getto\/","name":"78 \u00e5r sedan Upproret i Warszawas getto","isPartOf":{"@id":"https:\/\/instytutpolski.pl\/stockholm\/#website"},"primaryImageOfPage":{"@id":"https:\/\/instytutpolski.pl\/stockholm\/2021\/04\/19\/78-ar-sedan-upproret-i-warszawas-getto\/#primaryimage"},"image":["https:\/\/instytutpolski.pl\/stockholm\/wp-content\/uploads\/sites\/17\/2021\/04\/ENG_Offical-ENG-Daffodils-Graphic.jpg","https:\/\/instytutpolski.pl\/stockholm\/wp-content\/uploads\/sites\/17\/2021\/04\/ENG_Offical-ENG-Daffodils-Graphic-300x169.jpg","https:\/\/instytutpolski.pl\/stockholm\/wp-content\/uploads\/sites\/17\/2021\/04\/ENG_Offical-ENG-Daffodils-Graphic-1024x576.jpg","https:\/\/instytutpolski.pl\/stockholm\/wp-content\/uploads\/sites\/17\/2021\/04\/ENG_Offical-ENG-Daffodils-Graphic.jpg"],"thumbnailUrl":"https:\/\/instytutpolski.pl\/stockholm\/wp-content\/uploads\/sites\/17\/2021\/04\/ENG_Offical-ENG-Daffodils-Graphic.jpg","datePublished":"2021-04-19T08:04:00+02:00","dateModified":"2021-04-19T11:12:36+02:00","author":{"@id":"https:\/\/instytutpolski.pl\/stockholm\/#\/schema\/person\/062b5a5f61f32b17c98996975db8d556"},"breadcrumb":{"@id":"https:\/\/instytutpolski.pl\/stockholm\/2021\/04\/19\/78-ar-sedan-upproret-i-warszawas-getto\/#breadcrumb"},"inLanguage":"pl-PL","potentialAction":[{"@type":"ReadAction","target":["https:\/\/instytutpolski.pl\/stockholm\/2021\/04\/19\/78-ar-sedan-upproret-i-warszawas-getto\/"]}],"@context":"https:\/\/schema.org","startDate":"2021-04-19","endDate":"2021-04-19","eventStatus":"EventScheduled","eventAttendanceMode":"OnlineEventAttendanceMode","location":{"@type":"VirtualLocation","url":""},"description":"Museet f\u00f6r de polska judarnas historia POLIN i Warszawa arrangerar en social- och utbildningskampanj f\u00f6r att uppm\u00e4rksamma \u00e5rsdagen av Upproret i Warszawas getto. I \u00e5r \u00e4r det fokus p\u00e5 kvinnornas roll i den heroiska kampen. P\u00e5 grund av pandemin drivs POLIN-museets kampanj mest p\u00e5 internet. Alla \u00e4r v\u00e4lkomna att delta i kampanjen f\u00f6r att hedra minnet av h\u00e4ndelserna.\nProgrammet (p\u00e5 engelska): https:\/\/www.polin.pl\/en\/akcja-zonkile-2021-program-obchodow\nH\u00e4r kan du l\u00e4sa hur du kan delta i kampanjen.\nSom en del av h\u00f6gtidligh\u00e5llande av \u00e5rsdagen kan man \u00e4ven:\ntitta p\u00e5 en film som producerats av Museet f\u00f6r de polska judarnas historia POLIN i Warszawa: \"There Was No Hope\";l\u00e4sa en serienovell om Marek Edelman;bes\u00f6ka POLIN-museet via deras digitala vandring.\nMer information: https:\/\/polin.pl\/en\/Warsawghettouprising"},{"@type":"ImageObject","inLanguage":"pl-PL","@id":"https:\/\/instytutpolski.pl\/stockholm\/2021\/04\/19\/78-ar-sedan-upproret-i-warszawas-getto\/#primaryimage","url":"https:\/\/instytutpolski.pl\/stockholm\/wp-content\/uploads\/sites\/17\/2021\/04\/ENG_Offical-ENG-Daffodils-Graphic.jpg","contentUrl":"https:\/\/instytutpolski.pl\/stockholm\/wp-content\/uploads\/sites\/17\/2021\/04\/ENG_Offical-ENG-Daffodils-Graphic.jpg","width":1920,"height":1080},{"@type":"BreadcrumbList","@id":"https:\/\/instytutpolski.pl\/stockholm\/2021\/04\/19\/78-ar-sedan-upproret-i-warszawas-getto\/#breadcrumb","itemListElement":[{"@type":"ListItem","position":1,"name":"Home","item":"https:\/\/instytutpolski.pl\/stockholm\/"},{"@type":"ListItem","position":2,"name":"78 \u00e5r sedan Upproret i Warszawas getto"}]},{"@type":"WebSite","@id":"https:\/\/instytutpolski.pl\/stockholm\/#website","url":"https:\/\/instytutpolski.pl\/stockholm\/","name":"Instytut Polski w Sztokholmie","description":"Instytuty Polskie","potentialAction":[{"@type":"SearchAction","target":{"@type":"EntryPoint","urlTemplate":"https:\/\/instytutpolski.pl\/stockholm\/?s={search_term_string}"},"query-input":{"@type":"PropertyValueSpecification","valueRequired":true,"valueName":"search_term_string"}}],"inLanguage":"pl-PL"},{"@type":"Person","@id":"https:\/\/instytutpolski.pl\/stockholm\/#\/schema\/person\/062b5a5f61f32b17c98996975db8d556","name":"strozniake","image":{"@type":"ImageObject","inLanguage":"pl-PL","@id":"https:\/\/instytutpolski.pl\/stockholm\/#\/schema\/person\/image\/","url":"https:\/\/secure.gravatar.com\/avatar\/25e0be9897787f9035155a882fde97cc?s=96&d=mm&r=g","contentUrl":"https:\/\/secure.gravatar.com\/avatar\/25e0be9897787f9035155a882fde97cc?s=96&d=mm&r=g","caption":"strozniake"},"sameAs":["http:\/\/strozniake"],"url":"https:\/\/instytutpolski.pl\/stockholm\/author\/strozniake\/"}]}},"_links":{"self":[{"href":"https:\/\/instytutpolski.pl\/stockholm\/wp-json\/wp\/v2\/posts\/5462","targetHints":{"allow":["GET"]}}],"collection":[{"href":"https:\/\/instytutpolski.pl\/stockholm\/wp-json\/wp\/v2\/posts"}],"about":[{"href":"https:\/\/instytutpolski.pl\/stockholm\/wp-json\/wp\/v2\/types\/post"}],"author":[{"embeddable":true,"href":"https:\/\/instytutpolski.pl\/stockholm\/wp-json\/wp\/v2\/users\/29"}],"replies":[{"embeddable":true,"href":"https:\/\/instytutpolski.pl\/stockholm\/wp-json\/wp\/v2\/comments?post=5462"}],"version-history":[{"count":3,"href":"https:\/\/instytutpolski.pl\/stockholm\/wp-json\/wp\/v2\/posts\/5462\/revisions"}],"predecessor-version":[{"id":5467,"href":"https:\/\/instytutpolski.pl\/stockholm\/wp-json\/wp\/v2\/posts\/5462\/revisions\/5467"}],"wp:featuredmedia":[{"embeddable":true,"href":"https:\/\/instytutpolski.pl\/stockholm\/wp-json\/wp\/v2\/media\/5464"}],"wp:attachment":[{"href":"https:\/\/instytutpolski.pl\/stockholm\/wp-json\/wp\/v2\/media?parent=5462"}],"wp:term":[{"taxonomy":"category","embeddable":true,"href":"https:\/\/instytutpolski.pl\/stockholm\/wp-json\/wp\/v2\/categories?post=5462"},{"taxonomy":"post_tag","embeddable":true,"href":"https:\/\/instytutpolski.pl\/stockholm\/wp-json\/wp\/v2\/tags?post=5462"}],"curies":[{"name":"wp","href":"https:\/\/api.w.org\/{rel}","templated":true}]}}