{"id":5521,"date":"2021-04-30T10:00:00","date_gmt":"2021-04-30T08:00:00","guid":{"rendered":"https:\/\/instytutpolski.pl\/stockholm\/?p=5521"},"modified":"2021-09-16T11:32:42","modified_gmt":"2021-09-16T09:32:42","slug":"operan-straszny-dwor","status":"publish","type":"post","link":"https:\/\/instytutpolski.pl\/stockholm\/2021\/04\/30\/operan-straszny-dwor\/","title":{"rendered":"Operan Straszny dw\u00f3r (Den hems\u00f6kta herrg\u00e5rden) av Stanis\u0142aw Moniuszko"},"content":{"rendered":"\n<div class=\"wp-block-image\"><figure class=\"aligncenter size-large\"><img loading=\"lazy\" decoding=\"async\" width=\"1024\" height=\"684\" src=\"https:\/\/instytutpolski.pl\/stockholm\/wp-content\/uploads\/sites\/17\/2021\/04\/Zrzut-ekranu-2021-04-29-o-21.38.27-1024x684.png\" alt=\"\" class=\"wp-image-5523\" srcset=\"https:\/\/instytutpolski.pl\/stockholm\/wp-content\/uploads\/sites\/17\/2021\/04\/Zrzut-ekranu-2021-04-29-o-21.38.27-1024x684.png 1024w, https:\/\/instytutpolski.pl\/stockholm\/wp-content\/uploads\/sites\/17\/2021\/04\/Zrzut-ekranu-2021-04-29-o-21.38.27-300x200.png 300w, https:\/\/instytutpolski.pl\/stockholm\/wp-content\/uploads\/sites\/17\/2021\/04\/Zrzut-ekranu-2021-04-29-o-21.38.27-768x513.png 768w, https:\/\/instytutpolski.pl\/stockholm\/wp-content\/uploads\/sites\/17\/2021\/04\/Zrzut-ekranu-2021-04-29-o-21.38.27-1536x1025.png 1536w, https:\/\/instytutpolski.pl\/stockholm\/wp-content\/uploads\/sites\/17\/2021\/04\/Zrzut-ekranu-2021-04-29-o-21.38.27-2048x1367.png 2048w\" sizes=\"auto, (max-width: 1024px) 100vw, 1024px\" \/><\/figure><\/div>\n\n\n\n<p><br>Tyv\u00e4rr kunde reformerna inte genomf\u00f6ras p\u00e5 grund av Rysslands och Preussens politiska beslut. Emellertid levde minnet av konstitutionen kvar hos folket och gav dem styrka i kampen f\u00f6r landets sj\u00e4lvst\u00e4ndighet.<\/p>\n\n\n\n<p>Den kvarlevande myten och andan av Polsk-litauiska samv\u00e4ldets arv inspirerade Stanis\u0142aw Moniuszko att skriva denna underbara opera. Vi har den stora \u00e4ran att bjuda in er till att titta p\u00e5 den samt lyssna p\u00e5 Waldemar D\u0105browski, direkt\u00f6r f\u00f6r Teatr Wielki i Warszawa, ber\u00e4tta om Moniuszkos opera (p\u00e5 engelska):<\/p>\n\n\n\n<p><br><\/p>\n\n\n\n<figure class=\"wp-block-embed is-type-video is-provider-youtube wp-block-embed-youtube wp-embed-aspect-16-9 wp-has-aspect-ratio\"><div class=\"wp-block-embed__wrapper\">\nhttps:\/\/youtu.be\/J5tLNF&#8211;7nQ\n<\/div><\/figure>\n\n\n\n<p><br>Straszny dw\u00f3r (Den hems\u00f6kta herrg\u00e5rden)<br>Opera i fyra akter<br>Libretto: Jan Ch\u0119ci\u0144ski<br>Urpremi\u00e4r: 28\/09\/1865, Teatr Wielki, Warszawa<br>Premi\u00e4r f\u00f6r den h\u00e4r upps\u00e4ttningen: 8 november 2015, Teatr Wielki, Warszawa<\/p>\n\n\n\n<p><br><\/p>\n\n\n\n<figure class=\"wp-block-embed is-type-video is-provider-youtube wp-block-embed-youtube wp-embed-aspect-16-9 wp-has-aspect-ratio\"><div class=\"wp-block-embed__wrapper\">\nhttps:\/\/youtu.be\/BTOTujKnkFQ\n<\/div><\/figure>\n\n\n\n<p><br><strong>Straszny dw\u00f3r (Den hems\u00f6kta herrg\u00e5rden) <\/strong>&#8211; librettots handling utspelar sig p\u00e5 1700-talet och \u00e4r ett patriotiskt manifest och en hyllning till heder, h\u00f6vlighet och tradition. Upps\u00e4ttningen bjuder p\u00e5 den vackra musiken och s\u00e5ngen, Grzegorz Nowak som dirigent och en av tidernas b\u00e4sta operaregiss\u00f6rer, David Pountney. Allt detta tillsammans med f\u00f6rest\u00e4llningen konstn\u00e4rliga perfektion och en fascinerande ber\u00e4ttelse om ett fritt hemland och polska traditioner.<\/p>\n\n\n\n<p><\/p>\n\n\n\n<p>Operan Straszny dw\u00f3r (Den hems\u00f6kta herrg\u00e5rden) med polska och engelska undertexter kan ses <a href=\"https:\/\/vod.teatrwielki.pl\/en\/the-haunted-manor\/\" target=\"_blank\" rel=\"noreferrer noopener\">h\u00e4r<\/a>.<\/p>\n\n\n\n<p>L\u00e4s mer om operan p\u00e5 engelska <a rel=\"noreferrer noopener\" href=\"https:\/\/teatrwielki.pl\/en\/repertoire\/calendar\/2020-2021\/the-haunted-manor\/\" target=\"_blank\">h\u00e4r<\/a>.<\/p>\n\n\n\n<p>Delar av operans program <a rel=\"noreferrer noopener\" href=\"https:\/\/issuu.com\/teatrwielkioperanarodowa\/docs\/straszny\" target=\"_blank\">h\u00e4r<\/a>.<\/p>\n\n\n\n<p><br><\/p>\n\n\n\n<div class=\"wp-block-image\"><figure class=\"aligncenter size-large\"><img loading=\"lazy\" decoding=\"async\" width=\"1024\" height=\"677\" src=\"https:\/\/instytutpolski.pl\/stockholm\/wp-content\/uploads\/sites\/17\/2021\/04\/Zrzut-ekranu-2021-04-29-o-21.37.32-1024x677.png\" alt=\"\" class=\"wp-image-5524\" srcset=\"https:\/\/instytutpolski.pl\/stockholm\/wp-content\/uploads\/sites\/17\/2021\/04\/Zrzut-ekranu-2021-04-29-o-21.37.32-1024x677.png 1024w, https:\/\/instytutpolski.pl\/stockholm\/wp-content\/uploads\/sites\/17\/2021\/04\/Zrzut-ekranu-2021-04-29-o-21.37.32-300x198.png 300w, https:\/\/instytutpolski.pl\/stockholm\/wp-content\/uploads\/sites\/17\/2021\/04\/Zrzut-ekranu-2021-04-29-o-21.37.32-768x507.png 768w, https:\/\/instytutpolski.pl\/stockholm\/wp-content\/uploads\/sites\/17\/2021\/04\/Zrzut-ekranu-2021-04-29-o-21.37.32-1536x1015.png 1536w, https:\/\/instytutpolski.pl\/stockholm\/wp-content\/uploads\/sites\/17\/2021\/04\/Zrzut-ekranu-2021-04-29-o-21.37.32-2048x1353.png 2048w\" sizes=\"auto, (max-width: 1024px) 100vw, 1024px\" \/><\/figure><\/div>\n\n\n\n<p><br><strong>Utst\u00e4llning om Stanis\u0142aw Moniuszko<\/strong><\/p>\n\n\n\n<p>Vi vill ocks\u00e5 rekommendera den digitala utst\u00e4llningen \u201eViva Moniuszko!\u201d som presenterar tons\u00e4ttarens viktigaste verk samt hans verksamhet som dirigent, pedagog och operachef. Denna utst\u00e4llning anordnades 2019, under Stanis\u0142aw Moniuszkos \u00e5r.<\/p>\n\n\n\n<p>Det st\u00f6rsta musikgeniet, vid sidan om Chopin, Polens svar p\u00e5 Schubert, f\u00f6reg\u00e5ngaren till operagenre i Polen. Alla vet hur Moniuszko &#8222;l\u00e5ter&#8221;. Men vem var Stanis\u0142aw? Varifr\u00e5n fick han sin inspiration? Vilka var hans resm\u00e5l? Vilka umgicks han med? Du kan ta reda p\u00e5 allt detta <a rel=\"noreferrer noopener\" href=\"https:\/\/teatrwielki.pl\/en\/activity\/opera-gallery\/exhibitions-of-201718\/stanislaw-moniuszko-his-works-and-his-times\/\" target=\"_blank\">h\u00e4r<\/a>.<\/p>\n\n\n\n<p><br><\/p>\n\n\n\n<div class=\"wp-block-image\"><figure class=\"aligncenter size-large is-resized\"><img loading=\"lazy\" decoding=\"async\" src=\"https:\/\/instytutpolski.pl\/stockholm\/wp-content\/uploads\/sites\/17\/2021\/04\/Straszny_Dwor_1024_768-1.jpg\" alt=\"\" class=\"wp-image-5526\" width=\"576\" height=\"768\" srcset=\"https:\/\/instytutpolski.pl\/stockholm\/wp-content\/uploads\/sites\/17\/2021\/04\/Straszny_Dwor_1024_768-1.jpg 768w, https:\/\/instytutpolski.pl\/stockholm\/wp-content\/uploads\/sites\/17\/2021\/04\/Straszny_Dwor_1024_768-1-225x300.jpg 225w\" sizes=\"auto, (max-width: 576px) 100vw, 576px\" \/><\/figure><\/div>\n","protected":false},"excerpt":{"rendered":"<p>Tyv\u00e4rr kunde reformerna inte genomf\u00f6ras p\u00e5 grund av Rysslands och Preussens politiska beslut. Emellertid levde minnet av konstitutionen kvar hos folket och gav dem styrka i kampen f\u00f6r landets sj\u00e4lvst\u00e4ndighet. Den kvarlevande myten och andan av Polsk-litauiska samv\u00e4ldets arv inspirerade Stanis\u0142aw Moniuszko att skriva denna underbara opera. Vi har den stora \u00e4ran att bjuda in [&hellip;]<\/p>\n","protected":false},"author":29,"featured_media":5530,"comment_status":"closed","ping_status":"closed","sticky":false,"template":"","format":"standard","meta":{"inline_featured_image":false,"_monsterinsights_skip_tracking":false,"_monsterinsights_sitenote_active":false,"_monsterinsights_sitenote_note":"","_monsterinsights_sitenote_category":0,"footnotes":""},"categories":[12,123],"tags":[],"class_list":["post-5521","post","type-post","status-publish","format-standard","has-post-thumbnail","hentry","category-evenemang","category-teater"],"yoast_head":"<!-- This site is optimized with the Yoast SEO plugin v24.6 - https:\/\/yoast.com\/wordpress\/plugins\/seo\/ -->\n<title>Operan Straszny dw\u00f3r (Den hems\u00f6kta herrg\u00e5rden) av Stanis\u0142aw Moniuszko - Instytut Polski w Sztokholmie<\/title>\n<meta name=\"robots\" content=\"index, follow, max-snippet:-1, max-image-preview:large, max-video-preview:-1\" \/>\n<link rel=\"canonical\" href=\"https:\/\/instytutpolski.pl\/stockholm\/2021\/04\/30\/operan-straszny-dwor\/\" \/>\n<meta property=\"og:locale\" content=\"pl_PL\" \/>\n<meta property=\"og:type\" content=\"article\" \/>\n<meta property=\"og:title\" content=\"Operan Straszny dw\u00f3r (Den hems\u00f6kta herrg\u00e5rden) av Stanis\u0142aw Moniuszko - Instytut Polski w Sztokholmie\" \/>\n<meta property=\"og:description\" content=\"Tyv\u00e4rr kunde reformerna inte genomf\u00f6ras p\u00e5 grund av Rysslands och Preussens politiska beslut. Emellertid levde minnet av konstitutionen kvar hos folket och gav dem styrka i kampen f\u00f6r landets sj\u00e4lvst\u00e4ndighet. Den kvarlevande myten och andan av Polsk-litauiska samv\u00e4ldets arv inspirerade Stanis\u0142aw Moniuszko att skriva denna underbara opera. Vi har den stora \u00e4ran att bjuda in [&hellip;]\" \/>\n<meta property=\"og:url\" content=\"https:\/\/instytutpolski.pl\/stockholm\/2021\/04\/30\/operan-straszny-dwor\/\" \/>\n<meta property=\"og:site_name\" content=\"Instytut Polski w Sztokholmie\" \/>\n<meta property=\"article:published_time\" content=\"2021-04-30T08:00:00+00:00\" \/>\n<meta property=\"article:modified_time\" content=\"2021-09-16T09:32:42+00:00\" \/>\n<meta property=\"og:image\" content=\"https:\/\/instytutpolski.pl\/stockholm\/wp-content\/uploads\/sites\/17\/2021\/04\/baner-www.jpg\" \/>\n\t<meta property=\"og:image:width\" content=\"1120\" \/>\n\t<meta property=\"og:image:height\" content=\"630\" \/>\n\t<meta property=\"og:image:type\" content=\"image\/jpeg\" \/>\n<meta name=\"author\" content=\"strozniake\" \/>\n<meta name=\"twitter:card\" content=\"summary_large_image\" \/>\n<meta name=\"twitter:label1\" content=\"Napisane przez\" \/>\n\t<meta name=\"twitter:data1\" content=\"strozniake\" \/>\n\t<meta name=\"twitter:label2\" content=\"Szacowany czas czytania\" \/>\n\t<meta name=\"twitter:data2\" content=\"2 minuty\" \/>\n<script type=\"application\/ld+json\" class=\"yoast-schema-graph\">{\"@context\":\"https:\/\/schema.org\",\"@graph\":[{\"@type\":\"event\",\"@id\":\"https:\/\/instytutpolski.pl\/stockholm\/2021\/04\/30\/operan-straszny-dwor\/\",\"url\":\"https:\/\/instytutpolski.pl\/stockholm\/2021\/04\/30\/operan-straszny-dwor\/\",\"name\":\"Operan Straszny dw\u00f3r (Den hems\u00f6kta herrg\u00e5rden) av Stanis\u0142aw Moniuszko\",\"isPartOf\":{\"@id\":\"https:\/\/instytutpolski.pl\/stockholm\/#website\"},\"primaryImageOfPage\":{\"@id\":\"https:\/\/instytutpolski.pl\/stockholm\/2021\/04\/30\/operan-straszny-dwor\/#primaryimage\"},\"image\":[\"https:\/\/instytutpolski.pl\/stockholm\/wp-content\/uploads\/sites\/17\/2021\/04\/baner-www.jpg\",\"https:\/\/instytutpolski.pl\/stockholm\/wp-content\/uploads\/sites\/17\/2021\/04\/baner-www-300x169.jpg\",\"https:\/\/instytutpolski.pl\/stockholm\/wp-content\/uploads\/sites\/17\/2021\/04\/baner-www-1024x576.jpg\",\"https:\/\/instytutpolski.pl\/stockholm\/wp-content\/uploads\/sites\/17\/2021\/04\/baner-www.jpg\"],\"thumbnailUrl\":\"https:\/\/instytutpolski.pl\/stockholm\/wp-content\/uploads\/sites\/17\/2021\/04\/baner-www.jpg\",\"datePublished\":\"2021-04-30T08:00:00+02:00\",\"dateModified\":\"2021-09-16T09:32:42+02:00\",\"author\":{\"@id\":\"https:\/\/instytutpolski.pl\/stockholm\/#\/schema\/person\/062b5a5f61f32b17c98996975db8d556\"},\"breadcrumb\":{\"@id\":\"https:\/\/instytutpolski.pl\/stockholm\/2021\/04\/30\/operan-straszny-dwor\/#breadcrumb\"},\"inLanguage\":\"pl-PL\",\"potentialAction\":[{\"@type\":\"ReadAction\",\"target\":[\"https:\/\/instytutpolski.pl\/stockholm\/2021\/04\/30\/operan-straszny-dwor\/\"]}],\"@context\":\"https:\/\/schema.org\",\"startDate\":\"2021-05-03\",\"endDate\":\"2021-05-03\",\"eventStatus\":\"EventScheduled\",\"eventAttendanceMode\":\"OnlineEventAttendanceMode\",\"location\":{\"@type\":\"VirtualLocation\",\"url\":\"\"},\"description\":\"Tyv\u00e4rr kunde reformerna inte genomf\u00f6ras p\u00e5 grund av Rysslands och Preussens politiska beslut. Emellertid levde minnet av konstitutionen kvar hos folket och gav dem styrka i kampen f\u00f6r landets sj\u00e4lvst\u00e4ndighet.\\nDen kvarlevande myten och andan av Polsk-litauiska samv\u00e4ldets arv inspirerade Stanis\u0142aw Moniuszko att skriva denna underbara opera. Vi har den stora \u00e4ran att bjuda in er till att titta p\u00e5 den samt lyssna p\u00e5 Waldemar D\u0105browski, direkt\u00f6r f\u00f6r Teatr Wielki i Warszawa, ber\u00e4tta om Moniuszkos opera (p\u00e5 engelska):\\nStraszny dw\u00f3r (Den hems\u00f6kta herrg\u00e5rden)Opera i fyra akterLibretto: Jan Ch\u0119ci\u0144skiUrpremi\u00e4r: 28\/09\/1865, Teatr Wielki, WarszawaPremi\u00e4r f\u00f6r den h\u00e4r upps\u00e4ttningen: 8 november 2015, Teatr Wielki, Warszawa\\nStraszny dw\u00f3r (Den hems\u00f6kta herrg\u00e5rden) - librettots handling utspelar sig p\u00e5 1700-talet och \u00e4r ett patriotiskt manifest och en hyllning till heder, h\u00f6vlighet och tradition. Upps\u00e4ttningen bjuder p\u00e5 den vackra musiken och s\u00e5ngen, Grzegorz Nowak som dirigent och en av tidernas b\u00e4sta operaregiss\u00f6rer, David Pountney. Allt detta tillsammans med f\u00f6rest\u00e4llningen konstn\u00e4rliga perfektion och en fascinerande ber\u00e4ttelse om ett fritt hemland och polska traditioner.\\nOperan Straszny dw\u00f3r (Den hems\u00f6kta herrg\u00e5rden) med polska och engelska undertexter kan ses h\u00e4r.\\nL\u00e4s mer om operan p\u00e5 engelska h\u00e4r.\\nDelar av operans program h\u00e4r.\\nUtst\u00e4llning om Stanis\u0142aw Moniuszko\\nVi vill ocks\u00e5 rekommendera den digitala utst\u00e4llningen \u201eViva Moniuszko!\u201d som presenterar tons\u00e4ttarens viktigaste verk samt hans verksamhet som dirigent, pedagog och operachef. Denna utst\u00e4llning anordnades 2019, under Stanis\u0142aw Moniuszkos \u00e5r.\\nDet st\u00f6rsta musikgeniet, vid sidan om Chopin, Polens svar p\u00e5 Schubert, f\u00f6reg\u00e5ngaren till operagenre i Polen. Alla vet hur Moniuszko \\\"l\u00e5ter\\\". Men vem var Stanis\u0142aw? Varifr\u00e5n fick han sin inspiration? Vilka var hans resm\u00e5l? Vilka umgicks han med? Du kan ta reda p\u00e5 allt detta h\u00e4r.\"},{\"@type\":\"ImageObject\",\"inLanguage\":\"pl-PL\",\"@id\":\"https:\/\/instytutpolski.pl\/stockholm\/2021\/04\/30\/operan-straszny-dwor\/#primaryimage\",\"url\":\"https:\/\/instytutpolski.pl\/stockholm\/wp-content\/uploads\/sites\/17\/2021\/04\/baner-www.jpg\",\"contentUrl\":\"https:\/\/instytutpolski.pl\/stockholm\/wp-content\/uploads\/sites\/17\/2021\/04\/baner-www.jpg\",\"width\":1120,\"height\":630},{\"@type\":\"BreadcrumbList\",\"@id\":\"https:\/\/instytutpolski.pl\/stockholm\/2021\/04\/30\/operan-straszny-dwor\/#breadcrumb\",\"itemListElement\":[{\"@type\":\"ListItem\",\"position\":1,\"name\":\"Home\",\"item\":\"https:\/\/instytutpolski.pl\/stockholm\/\"},{\"@type\":\"ListItem\",\"position\":2,\"name\":\"Operan Straszny dw\u00f3r (Den hems\u00f6kta herrg\u00e5rden) av Stanis\u0142aw Moniuszko\"}]},{\"@type\":\"WebSite\",\"@id\":\"https:\/\/instytutpolski.pl\/stockholm\/#website\",\"url\":\"https:\/\/instytutpolski.pl\/stockholm\/\",\"name\":\"Instytut Polski w Sztokholmie\",\"description\":\"Instytuty Polskie\",\"potentialAction\":[{\"@type\":\"SearchAction\",\"target\":{\"@type\":\"EntryPoint\",\"urlTemplate\":\"https:\/\/instytutpolski.pl\/stockholm\/?s={search_term_string}\"},\"query-input\":{\"@type\":\"PropertyValueSpecification\",\"valueRequired\":true,\"valueName\":\"search_term_string\"}}],\"inLanguage\":\"pl-PL\"},{\"@type\":\"Person\",\"@id\":\"https:\/\/instytutpolski.pl\/stockholm\/#\/schema\/person\/062b5a5f61f32b17c98996975db8d556\",\"name\":\"strozniake\",\"image\":{\"@type\":\"ImageObject\",\"inLanguage\":\"pl-PL\",\"@id\":\"https:\/\/instytutpolski.pl\/stockholm\/#\/schema\/person\/image\/\",\"url\":\"https:\/\/secure.gravatar.com\/avatar\/25e0be9897787f9035155a882fde97cc?s=96&d=mm&r=g\",\"contentUrl\":\"https:\/\/secure.gravatar.com\/avatar\/25e0be9897787f9035155a882fde97cc?s=96&d=mm&r=g\",\"caption\":\"strozniake\"},\"sameAs\":[\"http:\/\/strozniake\"],\"url\":\"https:\/\/instytutpolski.pl\/stockholm\/author\/strozniake\/\"}]}<\/script>\n<!-- \/ Yoast SEO plugin. -->","yoast_head_json":{"title":"Operan Straszny dw\u00f3r (Den hems\u00f6kta herrg\u00e5rden) av Stanis\u0142aw Moniuszko - Instytut Polski w Sztokholmie","robots":{"index":"index","follow":"follow","max-snippet":"max-snippet:-1","max-image-preview":"max-image-preview:large","max-video-preview":"max-video-preview:-1"},"canonical":"https:\/\/instytutpolski.pl\/stockholm\/2021\/04\/30\/operan-straszny-dwor\/","og_locale":"pl_PL","og_type":"article","og_title":"Operan Straszny dw\u00f3r (Den hems\u00f6kta herrg\u00e5rden) av Stanis\u0142aw Moniuszko - Instytut Polski w Sztokholmie","og_description":"Tyv\u00e4rr kunde reformerna inte genomf\u00f6ras p\u00e5 grund av Rysslands och Preussens politiska beslut. Emellertid levde minnet av konstitutionen kvar hos folket och gav dem styrka i kampen f\u00f6r landets sj\u00e4lvst\u00e4ndighet. Den kvarlevande myten och andan av Polsk-litauiska samv\u00e4ldets arv inspirerade Stanis\u0142aw Moniuszko att skriva denna underbara opera. Vi har den stora \u00e4ran att bjuda in [&hellip;]","og_url":"https:\/\/instytutpolski.pl\/stockholm\/2021\/04\/30\/operan-straszny-dwor\/","og_site_name":"Instytut Polski w Sztokholmie","article_published_time":"2021-04-30T08:00:00+00:00","article_modified_time":"2021-09-16T09:32:42+00:00","og_image":[{"width":1120,"height":630,"url":"https:\/\/instytutpolski.pl\/stockholm\/wp-content\/uploads\/sites\/17\/2021\/04\/baner-www.jpg","type":"image\/jpeg"}],"author":"strozniake","twitter_card":"summary_large_image","twitter_misc":{"Napisane przez":"strozniake","Szacowany czas czytania":"2 minuty"},"schema":{"@context":"https:\/\/schema.org","@graph":[{"@type":"event","@id":"https:\/\/instytutpolski.pl\/stockholm\/2021\/04\/30\/operan-straszny-dwor\/","url":"https:\/\/instytutpolski.pl\/stockholm\/2021\/04\/30\/operan-straszny-dwor\/","name":"Operan Straszny dw\u00f3r (Den hems\u00f6kta herrg\u00e5rden) av Stanis\u0142aw Moniuszko","isPartOf":{"@id":"https:\/\/instytutpolski.pl\/stockholm\/#website"},"primaryImageOfPage":{"@id":"https:\/\/instytutpolski.pl\/stockholm\/2021\/04\/30\/operan-straszny-dwor\/#primaryimage"},"image":["https:\/\/instytutpolski.pl\/stockholm\/wp-content\/uploads\/sites\/17\/2021\/04\/baner-www.jpg","https:\/\/instytutpolski.pl\/stockholm\/wp-content\/uploads\/sites\/17\/2021\/04\/baner-www-300x169.jpg","https:\/\/instytutpolski.pl\/stockholm\/wp-content\/uploads\/sites\/17\/2021\/04\/baner-www-1024x576.jpg","https:\/\/instytutpolski.pl\/stockholm\/wp-content\/uploads\/sites\/17\/2021\/04\/baner-www.jpg"],"thumbnailUrl":"https:\/\/instytutpolski.pl\/stockholm\/wp-content\/uploads\/sites\/17\/2021\/04\/baner-www.jpg","datePublished":"2021-04-30T08:00:00+02:00","dateModified":"2021-09-16T09:32:42+02:00","author":{"@id":"https:\/\/instytutpolski.pl\/stockholm\/#\/schema\/person\/062b5a5f61f32b17c98996975db8d556"},"breadcrumb":{"@id":"https:\/\/instytutpolski.pl\/stockholm\/2021\/04\/30\/operan-straszny-dwor\/#breadcrumb"},"inLanguage":"pl-PL","potentialAction":[{"@type":"ReadAction","target":["https:\/\/instytutpolski.pl\/stockholm\/2021\/04\/30\/operan-straszny-dwor\/"]}],"@context":"https:\/\/schema.org","startDate":"2021-05-03","endDate":"2021-05-03","eventStatus":"EventScheduled","eventAttendanceMode":"OnlineEventAttendanceMode","location":{"@type":"VirtualLocation","url":""},"description":"Tyv\u00e4rr kunde reformerna inte genomf\u00f6ras p\u00e5 grund av Rysslands och Preussens politiska beslut. Emellertid levde minnet av konstitutionen kvar hos folket och gav dem styrka i kampen f\u00f6r landets sj\u00e4lvst\u00e4ndighet.\nDen kvarlevande myten och andan av Polsk-litauiska samv\u00e4ldets arv inspirerade Stanis\u0142aw Moniuszko att skriva denna underbara opera. Vi har den stora \u00e4ran att bjuda in er till att titta p\u00e5 den samt lyssna p\u00e5 Waldemar D\u0105browski, direkt\u00f6r f\u00f6r Teatr Wielki i Warszawa, ber\u00e4tta om Moniuszkos opera (p\u00e5 engelska):\nStraszny dw\u00f3r (Den hems\u00f6kta herrg\u00e5rden)Opera i fyra akterLibretto: Jan Ch\u0119ci\u0144skiUrpremi\u00e4r: 28\/09\/1865, Teatr Wielki, WarszawaPremi\u00e4r f\u00f6r den h\u00e4r upps\u00e4ttningen: 8 november 2015, Teatr Wielki, Warszawa\nStraszny dw\u00f3r (Den hems\u00f6kta herrg\u00e5rden) - librettots handling utspelar sig p\u00e5 1700-talet och \u00e4r ett patriotiskt manifest och en hyllning till heder, h\u00f6vlighet och tradition. Upps\u00e4ttningen bjuder p\u00e5 den vackra musiken och s\u00e5ngen, Grzegorz Nowak som dirigent och en av tidernas b\u00e4sta operaregiss\u00f6rer, David Pountney. Allt detta tillsammans med f\u00f6rest\u00e4llningen konstn\u00e4rliga perfektion och en fascinerande ber\u00e4ttelse om ett fritt hemland och polska traditioner.\nOperan Straszny dw\u00f3r (Den hems\u00f6kta herrg\u00e5rden) med polska och engelska undertexter kan ses h\u00e4r.\nL\u00e4s mer om operan p\u00e5 engelska h\u00e4r.\nDelar av operans program h\u00e4r.\nUtst\u00e4llning om Stanis\u0142aw Moniuszko\nVi vill ocks\u00e5 rekommendera den digitala utst\u00e4llningen \u201eViva Moniuszko!\u201d som presenterar tons\u00e4ttarens viktigaste verk samt hans verksamhet som dirigent, pedagog och operachef. Denna utst\u00e4llning anordnades 2019, under Stanis\u0142aw Moniuszkos \u00e5r.\nDet st\u00f6rsta musikgeniet, vid sidan om Chopin, Polens svar p\u00e5 Schubert, f\u00f6reg\u00e5ngaren till operagenre i Polen. Alla vet hur Moniuszko \"l\u00e5ter\". Men vem var Stanis\u0142aw? Varifr\u00e5n fick han sin inspiration? Vilka var hans resm\u00e5l? Vilka umgicks han med? Du kan ta reda p\u00e5 allt detta h\u00e4r."},{"@type":"ImageObject","inLanguage":"pl-PL","@id":"https:\/\/instytutpolski.pl\/stockholm\/2021\/04\/30\/operan-straszny-dwor\/#primaryimage","url":"https:\/\/instytutpolski.pl\/stockholm\/wp-content\/uploads\/sites\/17\/2021\/04\/baner-www.jpg","contentUrl":"https:\/\/instytutpolski.pl\/stockholm\/wp-content\/uploads\/sites\/17\/2021\/04\/baner-www.jpg","width":1120,"height":630},{"@type":"BreadcrumbList","@id":"https:\/\/instytutpolski.pl\/stockholm\/2021\/04\/30\/operan-straszny-dwor\/#breadcrumb","itemListElement":[{"@type":"ListItem","position":1,"name":"Home","item":"https:\/\/instytutpolski.pl\/stockholm\/"},{"@type":"ListItem","position":2,"name":"Operan Straszny dw\u00f3r (Den hems\u00f6kta herrg\u00e5rden) av Stanis\u0142aw Moniuszko"}]},{"@type":"WebSite","@id":"https:\/\/instytutpolski.pl\/stockholm\/#website","url":"https:\/\/instytutpolski.pl\/stockholm\/","name":"Instytut Polski w Sztokholmie","description":"Instytuty Polskie","potentialAction":[{"@type":"SearchAction","target":{"@type":"EntryPoint","urlTemplate":"https:\/\/instytutpolski.pl\/stockholm\/?s={search_term_string}"},"query-input":{"@type":"PropertyValueSpecification","valueRequired":true,"valueName":"search_term_string"}}],"inLanguage":"pl-PL"},{"@type":"Person","@id":"https:\/\/instytutpolski.pl\/stockholm\/#\/schema\/person\/062b5a5f61f32b17c98996975db8d556","name":"strozniake","image":{"@type":"ImageObject","inLanguage":"pl-PL","@id":"https:\/\/instytutpolski.pl\/stockholm\/#\/schema\/person\/image\/","url":"https:\/\/secure.gravatar.com\/avatar\/25e0be9897787f9035155a882fde97cc?s=96&d=mm&r=g","contentUrl":"https:\/\/secure.gravatar.com\/avatar\/25e0be9897787f9035155a882fde97cc?s=96&d=mm&r=g","caption":"strozniake"},"sameAs":["http:\/\/strozniake"],"url":"https:\/\/instytutpolski.pl\/stockholm\/author\/strozniake\/"}]}},"_links":{"self":[{"href":"https:\/\/instytutpolski.pl\/stockholm\/wp-json\/wp\/v2\/posts\/5521","targetHints":{"allow":["GET"]}}],"collection":[{"href":"https:\/\/instytutpolski.pl\/stockholm\/wp-json\/wp\/v2\/posts"}],"about":[{"href":"https:\/\/instytutpolski.pl\/stockholm\/wp-json\/wp\/v2\/types\/post"}],"author":[{"embeddable":true,"href":"https:\/\/instytutpolski.pl\/stockholm\/wp-json\/wp\/v2\/users\/29"}],"replies":[{"embeddable":true,"href":"https:\/\/instytutpolski.pl\/stockholm\/wp-json\/wp\/v2\/comments?post=5521"}],"version-history":[{"count":18,"href":"https:\/\/instytutpolski.pl\/stockholm\/wp-json\/wp\/v2\/posts\/5521\/revisions"}],"predecessor-version":[{"id":6489,"href":"https:\/\/instytutpolski.pl\/stockholm\/wp-json\/wp\/v2\/posts\/5521\/revisions\/6489"}],"wp:featuredmedia":[{"embeddable":true,"href":"https:\/\/instytutpolski.pl\/stockholm\/wp-json\/wp\/v2\/media\/5530"}],"wp:attachment":[{"href":"https:\/\/instytutpolski.pl\/stockholm\/wp-json\/wp\/v2\/media?parent=5521"}],"wp:term":[{"taxonomy":"category","embeddable":true,"href":"https:\/\/instytutpolski.pl\/stockholm\/wp-json\/wp\/v2\/categories?post=5521"},{"taxonomy":"post_tag","embeddable":true,"href":"https:\/\/instytutpolski.pl\/stockholm\/wp-json\/wp\/v2\/tags?post=5521"}],"curies":[{"name":"wp","href":"https:\/\/api.w.org\/{rel}","templated":true}]}}