{"id":5876,"date":"2021-06-15T12:34:31","date_gmt":"2021-06-15T10:34:31","guid":{"rendered":"https:\/\/instytutpolski.pl\/stockholm\/?p=5876"},"modified":"2021-06-15T16:01:45","modified_gmt":"2021-06-15T14:01:45","slug":"chopinafton-med-polska-sanger","status":"publish","type":"post","link":"https:\/\/instytutpolski.pl\/stockholm\/2021\/06\/15\/chopinafton-med-polska-sanger\/","title":{"rendered":"Chopinafton med polska s\u00e5nger"},"content":{"rendered":"\n<p>OBS! Programmet i Paulinska salen har fri entr\u00e9 och begr\u00e4nsat antal platser. Fribiljetter kan h\u00e4mtas ut p\u00e5 Kulturhuset Multeum i Str\u00e4ngn\u00e4s fr\u00e5n tisdag 15 juni. <\/p>\n\n\n\n<div style=\"height:30px\" aria-hidden=\"true\" class=\"wp-block-spacer\"><\/div>\n\n\n\n<div class=\"wp-block-image\"><figure class=\"aligncenter size-large is-resized\"><img loading=\"lazy\" decoding=\"async\" src=\"https:\/\/instytutpolski.pl\/stockholm\/wp-content\/uploads\/sites\/17\/2021\/06\/Frederic_Chopin_photo-714x1024.jpeg\" alt=\"\" class=\"wp-image-5881\" width=\"357\" height=\"512\" srcset=\"https:\/\/instytutpolski.pl\/stockholm\/wp-content\/uploads\/sites\/17\/2021\/06\/Frederic_Chopin_photo-714x1024.jpeg 714w, https:\/\/instytutpolski.pl\/stockholm\/wp-content\/uploads\/sites\/17\/2021\/06\/Frederic_Chopin_photo-209x300.jpeg 209w, https:\/\/instytutpolski.pl\/stockholm\/wp-content\/uploads\/sites\/17\/2021\/06\/Frederic_Chopin_photo-768x1102.jpeg 768w, https:\/\/instytutpolski.pl\/stockholm\/wp-content\/uploads\/sites\/17\/2021\/06\/Frederic_Chopin_photo.jpeg 800w\" sizes=\"auto, (max-width: 357px) 100vw, 357px\" \/><figcaption><em>Fr\u00e9d\u00e9ric Chopin, foto: wikipiedia.org <\/em><\/figcaption><\/figure><\/div>\n\n\n\n<p><br><strong>Fr\u00e9d\u00e9ric Chopin<\/strong>&nbsp;(1810-1849) \u00e4r utan tvekan en av v\u00e4rldens mest \u00e4lskade och ber\u00f6mda komposit\u00f6rer och pianister. Programmet&nbsp;best\u00e5r fr\u00e4mst av s\u00e5nger komponerade av Chopin, vilka h\u00f6r till hans mindre k\u00e4nda verk. De tillkom vid sidan av Chopins huvudsakliga skapande och utgavs postumt. Sammanlagt nitton s\u00e5nger f\u00f6r solos\u00e5ng och piano finns bevarade. Chopin komponerade sina s\u00e5nger n\u00e4stan uteslutande till dikter av polska poeter i hans egen generation; mest popul\u00e4ra blev de s\u00e5nger som tonsattes till poesi av&nbsp;<strong>Stefan Witwicki<\/strong>&nbsp;(1801 \u2013 1847) och nationalskalden&nbsp;<strong>Adam Mickiewicz<\/strong>&nbsp;(1798 \u2013 1855).<\/p>\n\n\n\n<p><strong>Ignacy Jan Paderewski<\/strong>&nbsp;(1860-1941) anv\u00e4nde sin ber\u00f6mmelse i kampen f\u00f6r \u00e5teruppr\u00e4ttelse av Polens sj\u00e4lvst\u00e4ndighet. Senare blev Paderewski Polens f\u00f6rste premi\u00e4r- och utrikesminister i det \u00e5teruppst\u00e5ndna Polen efter f\u00f6rsta v\u00e4rldskriget och Polens delegat vid fredskonferensen i Versailles 1919.&nbsp;De flesta s\u00e5nger av Paderewski i v\u00e5rt program \u00e4r tons\u00e4ttningar av dikter av&nbsp;<strong>Adam Asnyk<\/strong>&nbsp;(1838-1897), en framst\u00e5ende polsk poet.<\/p>\n\n\n\n<p><br><strong>Medverkande:<\/strong><\/p>\n\n\n\n<div style=\"height:30px\" aria-hidden=\"true\" class=\"wp-block-spacer\"><\/div>\n\n\n\n<div class=\"wp-block-media-text alignwide is-stacked-on-mobile is-vertically-aligned-top\"><figure class=\"wp-block-media-text__media\"><img loading=\"lazy\" decoding=\"async\" width=\"682\" height=\"1024\" src=\"https:\/\/instytutpolski.pl\/stockholm\/wp-content\/uploads\/sites\/17\/2020\/11\/Marzena-Frankowska_Fot.Ksenia_Szawszyszwili_small-682x1024.jpg\" alt=\"\" class=\"wp-image-4397 size-full\" srcset=\"https:\/\/instytutpolski.pl\/stockholm\/wp-content\/uploads\/sites\/17\/2020\/11\/Marzena-Frankowska_Fot.Ksenia_Szawszyszwili_small-682x1024.jpg 682w, https:\/\/instytutpolski.pl\/stockholm\/wp-content\/uploads\/sites\/17\/2020\/11\/Marzena-Frankowska_Fot.Ksenia_Szawszyszwili_small-200x300.jpg 200w, https:\/\/instytutpolski.pl\/stockholm\/wp-content\/uploads\/sites\/17\/2020\/11\/Marzena-Frankowska_Fot.Ksenia_Szawszyszwili_small-768x1152.jpg 768w, https:\/\/instytutpolski.pl\/stockholm\/wp-content\/uploads\/sites\/17\/2020\/11\/Marzena-Frankowska_Fot.Ksenia_Szawszyszwili_small-1024x1536.jpg 1024w, https:\/\/instytutpolski.pl\/stockholm\/wp-content\/uploads\/sites\/17\/2020\/11\/Marzena-Frankowska_Fot.Ksenia_Szawszyszwili_small.jpg 1333w\" sizes=\"auto, (max-width: 682px) 100vw, 682px\" \/><\/figure><div class=\"wp-block-media-text__content\">\n<p class=\"has-normal-font-size\"><strong>Marzena Frankowska&nbsp;<\/strong><\/p>\n\n\n\n<p class=\"has-normal-font-size\">Soprans\u00e5ngerska &#8211; 2017 avslutade sin s\u00e5ngutbildning vid musikh\u00f6gskolan i Pozna\u0144 med h\u00f6gsta betyg. I 12 \u00e5r har hon ocks\u00e5 utbildat sig till violinist. Sedan 2015 har hon upptr\u00e4tt p\u00e5&nbsp;<strong>Teatr Wielki<\/strong>&nbsp;i Pozna\u0144 och p\u00e5 operafestivaler i Polen och V\u00e4steuropa. Numera \u00e4r hon bosatt i Stockholm och sprider k\u00e4rlek till den polska musiken i Norden. Hon upptr\u00e4der huvudsakligen med polska s\u00e5nger och sakral musik, men \u00e4ven operaarior. P\u00e5 sin repertoar har hon ocks\u00e5 s\u00e5nger fr\u00e5n Europas och v\u00e4rldens olika h\u00f6rn. Marzena har vid flera tillf\u00e4llen samarbetat med&nbsp;<strong>Polska institutet<\/strong>&nbsp;och h\u00f6sten 2019, tillsammans med&nbsp;<strong>Marek Mazur<\/strong>&nbsp;p\u00e5 piano, m\u00f6tte hon Str\u00e4ngn\u00e4spubliken f\u00f6r f\u00f6rsta g\u00e5ngen n\u00e4r hon gav en vacker och mycket uppskattad konsert p\u00e5&nbsp;<strong>Kulturhuset Multeum<\/strong>. Sommaren 2020 fick hon mycket uppm\u00e4rksamhet f\u00f6r sin imponerande medverkan i TV4:s \u201dS\u00e5 mycket b\u00e4ttre\u201d d\u00e4r hon upptr\u00e4dde tillsammans med&nbsp;<strong>Silvana Imam<\/strong>.<\/p>\n\n\n\n<p><em>Foto: Ksenia Szawszyszwili<\/em><\/p>\n<\/div><\/div>\n\n\n\n<div style=\"height:30px\" aria-hidden=\"true\" class=\"wp-block-spacer\"><\/div>\n\n\n\n<div class=\"wp-block-media-text alignwide is-stacked-on-mobile is-vertically-aligned-top\"><figure class=\"wp-block-media-text__media\"><img loading=\"lazy\" decoding=\"async\" width=\"683\" height=\"1024\" src=\"https:\/\/instytutpolski.pl\/stockholm\/wp-content\/uploads\/sites\/17\/2021\/06\/Valeria-Boltneva-683x1024.jpg\" alt=\"\" class=\"wp-image-5883 size-full\" srcset=\"https:\/\/instytutpolski.pl\/stockholm\/wp-content\/uploads\/sites\/17\/2021\/06\/Valeria-Boltneva-683x1024.jpg 683w, https:\/\/instytutpolski.pl\/stockholm\/wp-content\/uploads\/sites\/17\/2021\/06\/Valeria-Boltneva-200x300.jpg 200w, https:\/\/instytutpolski.pl\/stockholm\/wp-content\/uploads\/sites\/17\/2021\/06\/Valeria-Boltneva-768x1152.jpg 768w, https:\/\/instytutpolski.pl\/stockholm\/wp-content\/uploads\/sites\/17\/2021\/06\/Valeria-Boltneva-1024x1536.jpg 1024w, https:\/\/instytutpolski.pl\/stockholm\/wp-content\/uploads\/sites\/17\/2021\/06\/Valeria-Boltneva-1365x2048.jpg 1365w, https:\/\/instytutpolski.pl\/stockholm\/wp-content\/uploads\/sites\/17\/2021\/06\/Valeria-Boltneva-scaled.jpg 1706w\" sizes=\"auto, (max-width: 683px) 100vw, 683px\" \/><\/figure><div class=\"wp-block-media-text__content\">\n<p class=\"has-normal-font-size\"><strong>Oleksandr Yankevych<\/strong>&nbsp;<\/p>\n\n\n\n<p class=\"has-normal-font-size\">Pianist &#8211; p\u00e5b\u00f6rjade sin pianoundervisning vid 11 \u00e5rs \u00e5lder i Talangskolan i Lviv, Ukraina, och fortsatte med h\u00f6gre musikutbildning vid musikh\u00f6gskolan i Bydgoszcz, Polen. Han har tilldelats m\u00e5nga priser p\u00e5 festivaler och i t\u00e4vlingar. 2013 gick han ut en h\u00f6gre specialkurs i s\u00e5ngackompanjemang vid musikh\u00f6gskolan i Warszawa. Yankevych b\u00f6rjade arbeta p\u00e5&nbsp;<strong>Kungliga Operan<\/strong>&nbsp;i Stockholm som repetit\u00f6r i augusti 2018. I den kritikerrosade upps\u00e4ttningen av Kung Roger av&nbsp;<strong>Karol Szymanowski<\/strong>&nbsp;var han assistent till dirigenten&nbsp;<strong>Andrea Molino<\/strong>. Tack vare denna erfarenhet kunde han i juli 2019 debutera som dirigent i Sankt Petersburg d\u00e4r han ledde en operagala med solisterna fr\u00e5n&nbsp;<strong>Mariinskijteatern<\/strong>. H\u00f6sten 2019 upptr\u00e4dde Oleksandr i Guldfoaj\u00e9n p\u00e5 Kungliga Operan i Stockholm tillsammans med den polska basbarytonen&nbsp;<strong>\u0141ukasz Goli\u0144ski<\/strong>&nbsp;med en hyllningskonsert till \u201dden polska nationella operans fader\u201d&nbsp;<strong>Stanis\u0142aw Moniuszko<\/strong>. Konserten arrangerades av Kungliga Operan tillsammans med Polska institutet i Stockholm och med st\u00f6d av nationaloperan&nbsp;<strong>Teatr Wielki<\/strong>&nbsp;i Warszawa och Polens kulturministerium.<\/p>\n\n\n\n<p><em>Foto: Valeria Boltneva<\/em><\/p>\n<\/div><\/div>\n\n\n\n<p><br><em>Konserten arrangeras i samarbete med Kulturhuset Multeum Str\u00e4ngn\u00e4s kommun.<\/em><\/p>\n\n\n\n<div style=\"height:30px\" aria-hidden=\"true\" class=\"wp-block-spacer\"><\/div>\n\n\n\n<div class=\"wp-block-image\"><figure class=\"aligncenter size-large is-resized\"><img loading=\"lazy\" decoding=\"async\" src=\"https:\/\/instytutpolski.pl\/stockholm\/wp-content\/uploads\/sites\/17\/2021\/06\/210628_Konsert_Chopin-2-721x1024.jpg\" alt=\"\" class=\"wp-image-5885\" width=\"541\" height=\"768\" srcset=\"https:\/\/instytutpolski.pl\/stockholm\/wp-content\/uploads\/sites\/17\/2021\/06\/210628_Konsert_Chopin-2-721x1024.jpg 721w, https:\/\/instytutpolski.pl\/stockholm\/wp-content\/uploads\/sites\/17\/2021\/06\/210628_Konsert_Chopin-2-211x300.jpg 211w, https:\/\/instytutpolski.pl\/stockholm\/wp-content\/uploads\/sites\/17\/2021\/06\/210628_Konsert_Chopin-2-768x1091.jpg 768w, https:\/\/instytutpolski.pl\/stockholm\/wp-content\/uploads\/sites\/17\/2021\/06\/210628_Konsert_Chopin-2-1081x1536.jpg 1081w, https:\/\/instytutpolski.pl\/stockholm\/wp-content\/uploads\/sites\/17\/2021\/06\/210628_Konsert_Chopin-2-1441x2048.jpg 1441w, https:\/\/instytutpolski.pl\/stockholm\/wp-content\/uploads\/sites\/17\/2021\/06\/210628_Konsert_Chopin-2-scaled.jpg 1802w\" sizes=\"auto, (max-width: 541px) 100vw, 541px\" \/><\/figure><\/div>\n","protected":false},"excerpt":{"rendered":"<p>OBS! Programmet i Paulinska salen har fri entr\u00e9 och begr\u00e4nsat antal platser. Fribiljetter kan h\u00e4mtas ut p\u00e5 Kulturhuset Multeum i Str\u00e4ngn\u00e4s fr\u00e5n tisdag 15 juni. Fr\u00e9d\u00e9ric Chopin&nbsp;(1810-1849) \u00e4r utan tvekan en av v\u00e4rldens mest \u00e4lskade och ber\u00f6mda komposit\u00f6rer och pianister. Programmet&nbsp;best\u00e5r fr\u00e4mst av s\u00e5nger komponerade av Chopin, vilka h\u00f6r till hans mindre k\u00e4nda verk. De [&hellip;]<\/p>\n","protected":false},"author":29,"featured_media":5894,"comment_status":"closed","ping_status":"closed","sticky":false,"template":"","format":"standard","meta":{"inline_featured_image":false,"_monsterinsights_skip_tracking":false,"_monsterinsights_sitenote_active":false,"_monsterinsights_sitenote_note":"","_monsterinsights_sitenote_category":0,"footnotes":""},"categories":[12,99],"tags":[],"class_list":["post-5876","post","type-post","status-publish","format-standard","has-post-thumbnail","hentry","category-evenemang","category-musik"],"yoast_head":"<!-- This site is optimized with the Yoast SEO plugin v24.6 - https:\/\/yoast.com\/wordpress\/plugins\/seo\/ -->\n<title>Chopinafton med polska s\u00e5nger - Instytut Polski w Sztokholmie<\/title>\n<meta name=\"robots\" content=\"index, follow, max-snippet:-1, max-image-preview:large, max-video-preview:-1\" \/>\n<link rel=\"canonical\" href=\"https:\/\/instytutpolski.pl\/stockholm\/2021\/06\/15\/chopinafton-med-polska-sanger\/\" \/>\n<meta property=\"og:locale\" content=\"pl_PL\" \/>\n<meta property=\"og:type\" content=\"article\" \/>\n<meta property=\"og:title\" content=\"Chopinafton med polska s\u00e5nger - Instytut Polski w Sztokholmie\" \/>\n<meta property=\"og:description\" content=\"OBS! Programmet i Paulinska salen har fri entr\u00e9 och begr\u00e4nsat antal platser. Fribiljetter kan h\u00e4mtas ut p\u00e5 Kulturhuset Multeum i Str\u00e4ngn\u00e4s fr\u00e5n tisdag 15 juni. Fr\u00e9d\u00e9ric Chopin&nbsp;(1810-1849) \u00e4r utan tvekan en av v\u00e4rldens mest \u00e4lskade och ber\u00f6mda komposit\u00f6rer och pianister. Programmet&nbsp;best\u00e5r fr\u00e4mst av s\u00e5nger komponerade av Chopin, vilka h\u00f6r till hans mindre k\u00e4nda verk. De [&hellip;]\" \/>\n<meta property=\"og:url\" content=\"https:\/\/instytutpolski.pl\/stockholm\/2021\/06\/15\/chopinafton-med-polska-sanger\/\" \/>\n<meta property=\"og:site_name\" content=\"Instytut Polski w Sztokholmie\" \/>\n<meta property=\"article:published_time\" content=\"2021-06-15T10:34:31+00:00\" \/>\n<meta property=\"article:modified_time\" content=\"2021-06-15T14:01:45+00:00\" \/>\n<meta property=\"og:image\" content=\"https:\/\/instytutpolski.pl\/stockholm\/wp-content\/uploads\/sites\/17\/2021\/06\/Untitled-1.jpg\" \/>\n\t<meta property=\"og:image:width\" content=\"1120\" \/>\n\t<meta property=\"og:image:height\" content=\"630\" \/>\n\t<meta property=\"og:image:type\" content=\"image\/jpeg\" \/>\n<meta name=\"author\" content=\"strozniake\" \/>\n<meta name=\"twitter:card\" content=\"summary_large_image\" \/>\n<meta name=\"twitter:label1\" content=\"Napisane przez\" \/>\n\t<meta name=\"twitter:data1\" content=\"strozniake\" \/>\n\t<meta name=\"twitter:label2\" content=\"Szacowany czas czytania\" \/>\n\t<meta name=\"twitter:data2\" content=\"3 minuty\" \/>\n<script type=\"application\/ld+json\" class=\"yoast-schema-graph\">{\"@context\":\"https:\/\/schema.org\",\"@graph\":[{\"@type\":\"event\",\"@id\":\"https:\/\/instytutpolski.pl\/stockholm\/2021\/06\/15\/chopinafton-med-polska-sanger\/\",\"url\":\"https:\/\/instytutpolski.pl\/stockholm\/2021\/06\/15\/chopinafton-med-polska-sanger\/\",\"name\":\"Chopinafton med polska s\u00e5nger\",\"isPartOf\":{\"@id\":\"https:\/\/instytutpolski.pl\/stockholm\/#website\"},\"primaryImageOfPage\":{\"@id\":\"https:\/\/instytutpolski.pl\/stockholm\/2021\/06\/15\/chopinafton-med-polska-sanger\/#primaryimage\"},\"image\":[\"https:\/\/instytutpolski.pl\/stockholm\/wp-content\/uploads\/sites\/17\/2021\/06\/Untitled-1.jpg\",\"https:\/\/instytutpolski.pl\/stockholm\/wp-content\/uploads\/sites\/17\/2021\/06\/Untitled-1-300x169.jpg\",\"https:\/\/instytutpolski.pl\/stockholm\/wp-content\/uploads\/sites\/17\/2021\/06\/Untitled-1-1024x576.jpg\",\"https:\/\/instytutpolski.pl\/stockholm\/wp-content\/uploads\/sites\/17\/2021\/06\/Untitled-1.jpg\"],\"thumbnailUrl\":\"https:\/\/instytutpolski.pl\/stockholm\/wp-content\/uploads\/sites\/17\/2021\/06\/Untitled-1.jpg\",\"datePublished\":\"2021-06-15T10:34:31+02:00\",\"dateModified\":\"2021-06-15T14:01:45+02:00\",\"author\":{\"@id\":\"https:\/\/instytutpolski.pl\/stockholm\/#\/schema\/person\/062b5a5f61f32b17c98996975db8d556\"},\"breadcrumb\":{\"@id\":\"https:\/\/instytutpolski.pl\/stockholm\/2021\/06\/15\/chopinafton-med-polska-sanger\/#breadcrumb\"},\"inLanguage\":\"pl-PL\",\"potentialAction\":[{\"@type\":\"ReadAction\",\"target\":[\"https:\/\/instytutpolski.pl\/stockholm\/2021\/06\/15\/chopinafton-med-polska-sanger\/\"]}],\"@context\":\"https:\/\/schema.org\",\"startDate\":\"2021-06-28T05:30:00+02:00\",\"endDate\":\"2021-06-28T07:00:00+02:00\",\"eventStatus\":\"EventScheduled\",\"eventAttendanceMode\":\"OfflineEventAttendanceMode\",\"location\":{\"@type\":\"place\",\"name\":\"Paulinska Salen, Bondegatan 1, Str\u00e4ngn\u00e4s\",\"address\":\"Paulinska Salen, Bondegatan 1, Str\u00e4ngn\u00e4s\",\"geo\":{\"@type\":\"GeoCoordinates\",\"latitude\":\"61.613294079494494\",\"longitude\":\"16.731011232354003\"}},\"description\":\"OBS! Programmet i Paulinska salen har fri entr\u00e9 och begr\u00e4nsat antal platser. Fribiljetter kan h\u00e4mtas ut p\u00e5 Kulturhuset Multeum i Str\u00e4ngn\u00e4s fr\u00e5n tisdag 15 juni. \\nFr\u00e9d\u00e9ric Chopin (1810-1849) \u00e4r utan tvekan en av v\u00e4rldens mest \u00e4lskade och ber\u00f6mda komposit\u00f6rer och pianister. Programmet best\u00e5r fr\u00e4mst av s\u00e5nger komponerade av Chopin, vilka h\u00f6r till hans mindre k\u00e4nda verk. De tillkom vid sidan av Chopins huvudsakliga skapande och utgavs postumt. Sammanlagt nitton s\u00e5nger f\u00f6r solos\u00e5ng och piano finns bevarade. Chopin komponerade sina s\u00e5nger n\u00e4stan uteslutande till dikter av polska poeter i hans egen generation; mest popul\u00e4ra blev de s\u00e5nger som tonsattes till poesi av Stefan Witwicki (1801 \u2013 1847) och nationalskalden Adam Mickiewicz (1798 \u2013 1855).\\nIgnacy Jan Paderewski (1860-1941) anv\u00e4nde sin ber\u00f6mmelse i kampen f\u00f6r \u00e5teruppr\u00e4ttelse av Polens sj\u00e4lvst\u00e4ndighet. Senare blev Paderewski Polens f\u00f6rste premi\u00e4r- och utrikesminister i det \u00e5teruppst\u00e5ndna Polen efter f\u00f6rsta v\u00e4rldskriget och Polens delegat vid fredskonferensen i Versailles 1919. De flesta s\u00e5nger av Paderewski i v\u00e5rt program \u00e4r tons\u00e4ttningar av dikter av Adam Asnyk (1838-1897), en framst\u00e5ende polsk poet.\\nMedverkande:\\nMarzena Frankowska \\nSoprans\u00e5ngerska - 2017 avslutade sin s\u00e5ngutbildning vid musikh\u00f6gskolan i Pozna\u0144 med h\u00f6gsta betyg. I 12 \u00e5r har hon ocks\u00e5 utbildat sig till violinist. Sedan 2015 har hon upptr\u00e4tt p\u00e5 Teatr Wielki i Pozna\u0144 och p\u00e5 operafestivaler i Polen och V\u00e4steuropa. Numera \u00e4r hon bosatt i Stockholm och sprider k\u00e4rlek till den polska musiken i Norden. Hon upptr\u00e4der huvudsakligen med polska s\u00e5nger och sakral musik, men \u00e4ven operaarior. P\u00e5 sin repertoar har hon ocks\u00e5 s\u00e5nger fr\u00e5n Europas och v\u00e4rldens olika h\u00f6rn. Marzena har vid flera tillf\u00e4llen samarbetat med Polska institutet och h\u00f6sten 2019, tillsammans med Marek Mazur p\u00e5 piano, m\u00f6tte hon Str\u00e4ngn\u00e4spubliken f\u00f6r f\u00f6rsta g\u00e5ngen n\u00e4r hon gav en vacker och mycket uppskattad konsert p\u00e5 Kulturhuset Multeum. Sommaren 2020 fick hon mycket uppm\u00e4rksamhet f\u00f6r sin imponerande medverkan i TV4:s \u201dS\u00e5 mycket b\u00e4ttre\u201d d\u00e4r hon upptr\u00e4dde tillsammans med Silvana Imam.\\nFoto: Ksenia Szawszyszwili\\nOleksandr Yankevych \\nPianist - p\u00e5b\u00f6rjade sin pianoundervisning vid 11 \u00e5rs \u00e5lder i Talangskolan i Lviv, Ukraina, och fortsatte med h\u00f6gre musikutbildning vid musikh\u00f6gskolan i Bydgoszcz, Polen. Han har tilldelats m\u00e5nga priser p\u00e5 festivaler och i t\u00e4vlingar. 2013 gick han ut en h\u00f6gre specialkurs i s\u00e5ngackompanjemang vid musikh\u00f6gskolan i Warszawa. Yankevych b\u00f6rjade arbeta p\u00e5 Kungliga Operan i Stockholm som repetit\u00f6r i augusti 2018. I den kritikerrosade upps\u00e4ttningen av Kung Roger av Karol Szymanowski var han assistent till dirigenten Andrea Molino. Tack vare denna erfarenhet kunde han i juli 2019 debutera som dirigent i Sankt Petersburg d\u00e4r han ledde en operagala med solisterna fr\u00e5n Mariinskijteatern. H\u00f6sten 2019 upptr\u00e4dde Oleksandr i Guldfoaj\u00e9n p\u00e5 Kungliga Operan i Stockholm tillsammans med den polska basbarytonen \u0141ukasz Goli\u0144ski med en hyllningskonsert till \u201dden polska nationella operans fader\u201d Stanis\u0142aw Moniuszko. Konserten arrangerades av Kungliga Operan tillsammans med Polska institutet i Stockholm och med st\u00f6d av nationaloperan Teatr Wielki i Warszawa och Polens kulturministerium.\\nFoto: Valeria Boltneva\\nKonserten arrangeras i samarbete med Kulturhuset Multeum Str\u00e4ngn\u00e4s kommun.\"},{\"@type\":\"ImageObject\",\"inLanguage\":\"pl-PL\",\"@id\":\"https:\/\/instytutpolski.pl\/stockholm\/2021\/06\/15\/chopinafton-med-polska-sanger\/#primaryimage\",\"url\":\"https:\/\/instytutpolski.pl\/stockholm\/wp-content\/uploads\/sites\/17\/2021\/06\/Untitled-1.jpg\",\"contentUrl\":\"https:\/\/instytutpolski.pl\/stockholm\/wp-content\/uploads\/sites\/17\/2021\/06\/Untitled-1.jpg\",\"width\":1120,\"height\":630},{\"@type\":\"BreadcrumbList\",\"@id\":\"https:\/\/instytutpolski.pl\/stockholm\/2021\/06\/15\/chopinafton-med-polska-sanger\/#breadcrumb\",\"itemListElement\":[{\"@type\":\"ListItem\",\"position\":1,\"name\":\"Home\",\"item\":\"https:\/\/instytutpolski.pl\/stockholm\/\"},{\"@type\":\"ListItem\",\"position\":2,\"name\":\"Chopinafton med polska s\u00e5nger\"}]},{\"@type\":\"WebSite\",\"@id\":\"https:\/\/instytutpolski.pl\/stockholm\/#website\",\"url\":\"https:\/\/instytutpolski.pl\/stockholm\/\",\"name\":\"Instytut Polski w Sztokholmie\",\"description\":\"Instytuty Polskie\",\"potentialAction\":[{\"@type\":\"SearchAction\",\"target\":{\"@type\":\"EntryPoint\",\"urlTemplate\":\"https:\/\/instytutpolski.pl\/stockholm\/?s={search_term_string}\"},\"query-input\":{\"@type\":\"PropertyValueSpecification\",\"valueRequired\":true,\"valueName\":\"search_term_string\"}}],\"inLanguage\":\"pl-PL\"},{\"@type\":\"Person\",\"@id\":\"https:\/\/instytutpolski.pl\/stockholm\/#\/schema\/person\/062b5a5f61f32b17c98996975db8d556\",\"name\":\"strozniake\",\"image\":{\"@type\":\"ImageObject\",\"inLanguage\":\"pl-PL\",\"@id\":\"https:\/\/instytutpolski.pl\/stockholm\/#\/schema\/person\/image\/\",\"url\":\"https:\/\/secure.gravatar.com\/avatar\/25e0be9897787f9035155a882fde97cc?s=96&d=mm&r=g\",\"contentUrl\":\"https:\/\/secure.gravatar.com\/avatar\/25e0be9897787f9035155a882fde97cc?s=96&d=mm&r=g\",\"caption\":\"strozniake\"},\"sameAs\":[\"http:\/\/strozniake\"],\"url\":\"https:\/\/instytutpolski.pl\/stockholm\/author\/strozniake\/\"}]}<\/script>\n<!-- \/ Yoast SEO plugin. -->","yoast_head_json":{"title":"Chopinafton med polska s\u00e5nger - Instytut Polski w Sztokholmie","robots":{"index":"index","follow":"follow","max-snippet":"max-snippet:-1","max-image-preview":"max-image-preview:large","max-video-preview":"max-video-preview:-1"},"canonical":"https:\/\/instytutpolski.pl\/stockholm\/2021\/06\/15\/chopinafton-med-polska-sanger\/","og_locale":"pl_PL","og_type":"article","og_title":"Chopinafton med polska s\u00e5nger - Instytut Polski w Sztokholmie","og_description":"OBS! Programmet i Paulinska salen har fri entr\u00e9 och begr\u00e4nsat antal platser. Fribiljetter kan h\u00e4mtas ut p\u00e5 Kulturhuset Multeum i Str\u00e4ngn\u00e4s fr\u00e5n tisdag 15 juni. Fr\u00e9d\u00e9ric Chopin&nbsp;(1810-1849) \u00e4r utan tvekan en av v\u00e4rldens mest \u00e4lskade och ber\u00f6mda komposit\u00f6rer och pianister. Programmet&nbsp;best\u00e5r fr\u00e4mst av s\u00e5nger komponerade av Chopin, vilka h\u00f6r till hans mindre k\u00e4nda verk. De [&hellip;]","og_url":"https:\/\/instytutpolski.pl\/stockholm\/2021\/06\/15\/chopinafton-med-polska-sanger\/","og_site_name":"Instytut Polski w Sztokholmie","article_published_time":"2021-06-15T10:34:31+00:00","article_modified_time":"2021-06-15T14:01:45+00:00","og_image":[{"width":1120,"height":630,"url":"https:\/\/instytutpolski.pl\/stockholm\/wp-content\/uploads\/sites\/17\/2021\/06\/Untitled-1.jpg","type":"image\/jpeg"}],"author":"strozniake","twitter_card":"summary_large_image","twitter_misc":{"Napisane przez":"strozniake","Szacowany czas czytania":"3 minuty"},"schema":{"@context":"https:\/\/schema.org","@graph":[{"@type":"event","@id":"https:\/\/instytutpolski.pl\/stockholm\/2021\/06\/15\/chopinafton-med-polska-sanger\/","url":"https:\/\/instytutpolski.pl\/stockholm\/2021\/06\/15\/chopinafton-med-polska-sanger\/","name":"Chopinafton med polska s\u00e5nger","isPartOf":{"@id":"https:\/\/instytutpolski.pl\/stockholm\/#website"},"primaryImageOfPage":{"@id":"https:\/\/instytutpolski.pl\/stockholm\/2021\/06\/15\/chopinafton-med-polska-sanger\/#primaryimage"},"image":["https:\/\/instytutpolski.pl\/stockholm\/wp-content\/uploads\/sites\/17\/2021\/06\/Untitled-1.jpg","https:\/\/instytutpolski.pl\/stockholm\/wp-content\/uploads\/sites\/17\/2021\/06\/Untitled-1-300x169.jpg","https:\/\/instytutpolski.pl\/stockholm\/wp-content\/uploads\/sites\/17\/2021\/06\/Untitled-1-1024x576.jpg","https:\/\/instytutpolski.pl\/stockholm\/wp-content\/uploads\/sites\/17\/2021\/06\/Untitled-1.jpg"],"thumbnailUrl":"https:\/\/instytutpolski.pl\/stockholm\/wp-content\/uploads\/sites\/17\/2021\/06\/Untitled-1.jpg","datePublished":"2021-06-15T10:34:31+02:00","dateModified":"2021-06-15T14:01:45+02:00","author":{"@id":"https:\/\/instytutpolski.pl\/stockholm\/#\/schema\/person\/062b5a5f61f32b17c98996975db8d556"},"breadcrumb":{"@id":"https:\/\/instytutpolski.pl\/stockholm\/2021\/06\/15\/chopinafton-med-polska-sanger\/#breadcrumb"},"inLanguage":"pl-PL","potentialAction":[{"@type":"ReadAction","target":["https:\/\/instytutpolski.pl\/stockholm\/2021\/06\/15\/chopinafton-med-polska-sanger\/"]}],"@context":"https:\/\/schema.org","startDate":"2021-06-28T05:30:00+02:00","endDate":"2021-06-28T07:00:00+02:00","eventStatus":"EventScheduled","eventAttendanceMode":"OfflineEventAttendanceMode","location":{"@type":"place","name":"Paulinska Salen, Bondegatan 1, Str\u00e4ngn\u00e4s","address":"Paulinska Salen, Bondegatan 1, Str\u00e4ngn\u00e4s","geo":{"@type":"GeoCoordinates","latitude":"61.613294079494494","longitude":"16.731011232354003"}},"description":"OBS! Programmet i Paulinska salen har fri entr\u00e9 och begr\u00e4nsat antal platser. Fribiljetter kan h\u00e4mtas ut p\u00e5 Kulturhuset Multeum i Str\u00e4ngn\u00e4s fr\u00e5n tisdag 15 juni. \nFr\u00e9d\u00e9ric Chopin (1810-1849) \u00e4r utan tvekan en av v\u00e4rldens mest \u00e4lskade och ber\u00f6mda komposit\u00f6rer och pianister. Programmet best\u00e5r fr\u00e4mst av s\u00e5nger komponerade av Chopin, vilka h\u00f6r till hans mindre k\u00e4nda verk. De tillkom vid sidan av Chopins huvudsakliga skapande och utgavs postumt. Sammanlagt nitton s\u00e5nger f\u00f6r solos\u00e5ng och piano finns bevarade. Chopin komponerade sina s\u00e5nger n\u00e4stan uteslutande till dikter av polska poeter i hans egen generation; mest popul\u00e4ra blev de s\u00e5nger som tonsattes till poesi av Stefan Witwicki (1801 \u2013 1847) och nationalskalden Adam Mickiewicz (1798 \u2013 1855).\nIgnacy Jan Paderewski (1860-1941) anv\u00e4nde sin ber\u00f6mmelse i kampen f\u00f6r \u00e5teruppr\u00e4ttelse av Polens sj\u00e4lvst\u00e4ndighet. Senare blev Paderewski Polens f\u00f6rste premi\u00e4r- och utrikesminister i det \u00e5teruppst\u00e5ndna Polen efter f\u00f6rsta v\u00e4rldskriget och Polens delegat vid fredskonferensen i Versailles 1919. De flesta s\u00e5nger av Paderewski i v\u00e5rt program \u00e4r tons\u00e4ttningar av dikter av Adam Asnyk (1838-1897), en framst\u00e5ende polsk poet.\nMedverkande:\nMarzena Frankowska \nSoprans\u00e5ngerska - 2017 avslutade sin s\u00e5ngutbildning vid musikh\u00f6gskolan i Pozna\u0144 med h\u00f6gsta betyg. I 12 \u00e5r har hon ocks\u00e5 utbildat sig till violinist. Sedan 2015 har hon upptr\u00e4tt p\u00e5 Teatr Wielki i Pozna\u0144 och p\u00e5 operafestivaler i Polen och V\u00e4steuropa. Numera \u00e4r hon bosatt i Stockholm och sprider k\u00e4rlek till den polska musiken i Norden. Hon upptr\u00e4der huvudsakligen med polska s\u00e5nger och sakral musik, men \u00e4ven operaarior. P\u00e5 sin repertoar har hon ocks\u00e5 s\u00e5nger fr\u00e5n Europas och v\u00e4rldens olika h\u00f6rn. Marzena har vid flera tillf\u00e4llen samarbetat med Polska institutet och h\u00f6sten 2019, tillsammans med Marek Mazur p\u00e5 piano, m\u00f6tte hon Str\u00e4ngn\u00e4spubliken f\u00f6r f\u00f6rsta g\u00e5ngen n\u00e4r hon gav en vacker och mycket uppskattad konsert p\u00e5 Kulturhuset Multeum. Sommaren 2020 fick hon mycket uppm\u00e4rksamhet f\u00f6r sin imponerande medverkan i TV4:s \u201dS\u00e5 mycket b\u00e4ttre\u201d d\u00e4r hon upptr\u00e4dde tillsammans med Silvana Imam.\nFoto: Ksenia Szawszyszwili\nOleksandr Yankevych \nPianist - p\u00e5b\u00f6rjade sin pianoundervisning vid 11 \u00e5rs \u00e5lder i Talangskolan i Lviv, Ukraina, och fortsatte med h\u00f6gre musikutbildning vid musikh\u00f6gskolan i Bydgoszcz, Polen. Han har tilldelats m\u00e5nga priser p\u00e5 festivaler och i t\u00e4vlingar. 2013 gick han ut en h\u00f6gre specialkurs i s\u00e5ngackompanjemang vid musikh\u00f6gskolan i Warszawa. Yankevych b\u00f6rjade arbeta p\u00e5 Kungliga Operan i Stockholm som repetit\u00f6r i augusti 2018. I den kritikerrosade upps\u00e4ttningen av Kung Roger av Karol Szymanowski var han assistent till dirigenten Andrea Molino. Tack vare denna erfarenhet kunde han i juli 2019 debutera som dirigent i Sankt Petersburg d\u00e4r han ledde en operagala med solisterna fr\u00e5n Mariinskijteatern. H\u00f6sten 2019 upptr\u00e4dde Oleksandr i Guldfoaj\u00e9n p\u00e5 Kungliga Operan i Stockholm tillsammans med den polska basbarytonen \u0141ukasz Goli\u0144ski med en hyllningskonsert till \u201dden polska nationella operans fader\u201d Stanis\u0142aw Moniuszko. Konserten arrangerades av Kungliga Operan tillsammans med Polska institutet i Stockholm och med st\u00f6d av nationaloperan Teatr Wielki i Warszawa och Polens kulturministerium.\nFoto: Valeria Boltneva\nKonserten arrangeras i samarbete med Kulturhuset Multeum Str\u00e4ngn\u00e4s kommun."},{"@type":"ImageObject","inLanguage":"pl-PL","@id":"https:\/\/instytutpolski.pl\/stockholm\/2021\/06\/15\/chopinafton-med-polska-sanger\/#primaryimage","url":"https:\/\/instytutpolski.pl\/stockholm\/wp-content\/uploads\/sites\/17\/2021\/06\/Untitled-1.jpg","contentUrl":"https:\/\/instytutpolski.pl\/stockholm\/wp-content\/uploads\/sites\/17\/2021\/06\/Untitled-1.jpg","width":1120,"height":630},{"@type":"BreadcrumbList","@id":"https:\/\/instytutpolski.pl\/stockholm\/2021\/06\/15\/chopinafton-med-polska-sanger\/#breadcrumb","itemListElement":[{"@type":"ListItem","position":1,"name":"Home","item":"https:\/\/instytutpolski.pl\/stockholm\/"},{"@type":"ListItem","position":2,"name":"Chopinafton med polska s\u00e5nger"}]},{"@type":"WebSite","@id":"https:\/\/instytutpolski.pl\/stockholm\/#website","url":"https:\/\/instytutpolski.pl\/stockholm\/","name":"Instytut Polski w Sztokholmie","description":"Instytuty Polskie","potentialAction":[{"@type":"SearchAction","target":{"@type":"EntryPoint","urlTemplate":"https:\/\/instytutpolski.pl\/stockholm\/?s={search_term_string}"},"query-input":{"@type":"PropertyValueSpecification","valueRequired":true,"valueName":"search_term_string"}}],"inLanguage":"pl-PL"},{"@type":"Person","@id":"https:\/\/instytutpolski.pl\/stockholm\/#\/schema\/person\/062b5a5f61f32b17c98996975db8d556","name":"strozniake","image":{"@type":"ImageObject","inLanguage":"pl-PL","@id":"https:\/\/instytutpolski.pl\/stockholm\/#\/schema\/person\/image\/","url":"https:\/\/secure.gravatar.com\/avatar\/25e0be9897787f9035155a882fde97cc?s=96&d=mm&r=g","contentUrl":"https:\/\/secure.gravatar.com\/avatar\/25e0be9897787f9035155a882fde97cc?s=96&d=mm&r=g","caption":"strozniake"},"sameAs":["http:\/\/strozniake"],"url":"https:\/\/instytutpolski.pl\/stockholm\/author\/strozniake\/"}]}},"_links":{"self":[{"href":"https:\/\/instytutpolski.pl\/stockholm\/wp-json\/wp\/v2\/posts\/5876","targetHints":{"allow":["GET"]}}],"collection":[{"href":"https:\/\/instytutpolski.pl\/stockholm\/wp-json\/wp\/v2\/posts"}],"about":[{"href":"https:\/\/instytutpolski.pl\/stockholm\/wp-json\/wp\/v2\/types\/post"}],"author":[{"embeddable":true,"href":"https:\/\/instytutpolski.pl\/stockholm\/wp-json\/wp\/v2\/users\/29"}],"replies":[{"embeddable":true,"href":"https:\/\/instytutpolski.pl\/stockholm\/wp-json\/wp\/v2\/comments?post=5876"}],"version-history":[{"count":10,"href":"https:\/\/instytutpolski.pl\/stockholm\/wp-json\/wp\/v2\/posts\/5876\/revisions"}],"predecessor-version":[{"id":5893,"href":"https:\/\/instytutpolski.pl\/stockholm\/wp-json\/wp\/v2\/posts\/5876\/revisions\/5893"}],"wp:featuredmedia":[{"embeddable":true,"href":"https:\/\/instytutpolski.pl\/stockholm\/wp-json\/wp\/v2\/media\/5894"}],"wp:attachment":[{"href":"https:\/\/instytutpolski.pl\/stockholm\/wp-json\/wp\/v2\/media?parent=5876"}],"wp:term":[{"taxonomy":"category","embeddable":true,"href":"https:\/\/instytutpolski.pl\/stockholm\/wp-json\/wp\/v2\/categories?post=5876"},{"taxonomy":"post_tag","embeddable":true,"href":"https:\/\/instytutpolski.pl\/stockholm\/wp-json\/wp\/v2\/tags?post=5876"}],"curies":[{"name":"wp","href":"https:\/\/api.w.org\/{rel}","templated":true}]}}