{"id":5925,"date":"2021-09-20T14:00:00","date_gmt":"2021-09-20T12:00:00","guid":{"rendered":"https:\/\/instytutpolski.pl\/stockholm\/?p=5925"},"modified":"2021-11-08T16:56:03","modified_gmt":"2021-11-08T15:56:03","slug":"europejski-dzien-jezykow-2021","status":"publish","type":"post","link":"https:\/\/instytutpolski.pl\/stockholm\/pl\/2021\/09\/20\/europejski-dzien-jezykow-2021\/","title":{"rendered":"Europejski Dzie\u0144 J\u0119zyk\u00f3w 2021!"},"content":{"rendered":"\n<p>W tym roku Europejski Dzie\u0144 J\u0119zyk\u00f3w w Sztokholmie b\u0119dzie ponownie obchodzony w formie zdigitalizowanej kafejki j\u0119zykowej we wtorek 28 wrze\u015bnia w godz. 9.30-12.00. W trakcie 2,5 godzinnego streamingu zaprezentuje si\u0119 oko\u0142o dwudziestu j\u0119zyk\u00f3w, m.in. hiszpa\u0144ski, esto\u0144ski, czeski, francuski, niemiecki i polski. Nagranie zostanie p\u00f3\u017aniej udost\u0119pnione online.<\/p>\n\n\n\n<p><strong>Konkurs j\u0119zykowy 2021<\/strong><\/p>\n\n\n\n<p>Wygraj wycieczk\u0119 j\u0119zykow\u0105: Stw\u00f3rz fiszki z idiomami i zwi\u0105zkami frazeologicznymi!<\/p>\n\n\n\n<p>Konkurs skierowany jest do uczni\u00f3w szk\u00f3\u0142 gimnazjalnych i ponadgimnazjalnych (uczestnictwo indywidualne). Pierwsza nagroda to wycieczka j\u0119zykowa o warto\u015bci 20 000 SEK!<\/p>\n\n\n\n<p><em>Zadanie<\/em>:<\/p>\n\n\n\n<p>W tym roku zadaniem konkursowym jest stworzenie indywidualnie pi\u0119ciu fiszek, gdzie ka\u017cda ilustruje jeden idiom lub jeden zwi\u0105zek frazeologiczny z danego j\u0119zyka obcego.<\/p>\n\n\n\n<p><em>Co to jest fiszka?<\/em><\/p>\n\n\n\n<p>Fiszka sk\u0142ada si\u0119 dw\u00f3ch cz\u0119\u015bci: awersu i rewersu. Na awersie fiszki znajduje si\u0119 obrazek ze s\u0142owem lub fraz\u0105 w j\u0119zyku, kt\u00f3rego chcesz si\u0119 nauczy\u0107. Na odwrocie znajdziesz wyt\u0142umaczenie. Celem fiszek jest u\u0142atwienie zapami\u0119tywania i nauki s\u0142\u00f3w i wyra\u017ce\u0144 w j\u0119zykach obcych za pomoc\u0105 obrazk\u00f3w. Swoje umiej\u0119tno\u015bci j\u0119zykowe z pomoc\u0105 fiszek mo\u017cesz \u0107wiczy\u0107 zar\u00f3wno w grupach, jak i samodzielnie.<\/p>\n\n\n\n<p><em>Mowa i wyra\u017cenia idiomatyczne<\/em><\/p>\n\n\n\n<p>Ka\u017cdy j\u0119zyk ma wiele tak zwanych \u201czwi\u0105zk\u00f3w wyrazowych\u201d. Wyra\u017ce\u0144 tych zazwyczaj nie mo\u017cna przet\u0142umaczy\u0107 bezpo\u015brednio na inny j\u0119zyk. Po szwedzku mo\u017cna powiedzie\u0107, \u017ce co\u015b \u201ejedzie jak na szynach\u201d (g\u00e5r som p\u00e5 r\u00e4ls), mo\u017cna mie\u0107 \u201emotyle w brzuchu\u201d (fj\u00e4rilar i magen) lub \u201ebudzi\u0107 si\u0119 po z\u0142ej stronie\u201d(vakna p\u00e5 fel sida). Znaczenie tych termin\u00f3w nie ma jednak nic wsp\u00f3lnego z \u201eszynami\u201d, \u201emotylami\u201d lub jakimkolwiek sposobem, w jaki si\u0119 budzisz. Terminy te s\u0105 \u201eprzeno\u015bne\u201d lub \u201eidiomatyczne\u201d, co oznacza, \u017ce \u200b\u200bnie nale\u017cy ich traktowa\u0107 dos\u0142ownie. Podczas nauki nowego j\u0119zyka mo\u017ce by\u0107 trudno zrozumie\u0107, co oznaczaj\u0105 takie zwi\u0105zki frazeologiczne &#8211; cz\u0119sto s\u0105 to wyra\u017cenia, kt\u00f3rych musisz nauczy\u0107 si\u0119 na pami\u0119\u0107. Kilka przyk\u0142ad\u00f3w idiom\u00f3w i wyra\u017ce\u0144 idiomatycznych w j\u0119zyku polskim:<\/p>\n\n\n\n<ul class=\"wp-block-list\"><li>Kopn\u0105\u0107 w kalendarz.<\/li><li>O wilku mowa.<\/li><li>Proste jak bu\u0142ka z mas\u0142em.<\/li><\/ul>\n\n\n\n<p>Fiszki to popularna i prosta metoda nauki nowych s\u0142\u00f3w i wyra\u017ce\u0144 w innym j\u0119zyku. Cz\u0119sto korzysta si\u0119 z ju\u017c gotowych fiszek, ale jeszcze fajniej jest tworzy\u0107 je samemu!<\/p>\n\n\n\n<p>Powodzenia!<\/p>\n\n\n\n<p>Wi\u0119cej informacji o konkursie (zasady konkursu, formularz zg\u0142oszeniowy etc.), oraz o kafejce j\u0119zykowej mo\u017cna znale\u017a\u0107 tutaj (szw.): <a href=\"https:\/\/ec.europa.eu\/sweden\/education\/sprakdagen_sv\">https:\/\/ec.europa.eu\/sweden\/education\/sprakdagen_sv<\/a> <\/p>\n\n\n\n<p>Informacje o ubieg\u0142orocznej kafejce j\u0119zykowej: <a href=\"https:\/\/instytutpolski.pl\/stockholm\/pl\/2020\/10\/02\/czesc-i-hej\/\">https:\/\/instytutpolski.pl\/stockholm\/pl\/2020\/10\/02\/czesc-i-hej\/<\/a><\/p>\n\n\n\n<div class=\"wp-block-image\"><figure class=\"aligncenter size-large\"><img loading=\"lazy\" decoding=\"async\" width=\"627\" height=\"195\" src=\"https:\/\/instytutpolski.pl\/stockholm\/wp-content\/uploads\/sites\/17\/2021\/07\/Logotyper.png\" alt=\"\" class=\"wp-image-5914\" srcset=\"https:\/\/instytutpolski.pl\/stockholm\/wp-content\/uploads\/sites\/17\/2021\/07\/Logotyper.png 627w, https:\/\/instytutpolski.pl\/stockholm\/wp-content\/uploads\/sites\/17\/2021\/07\/Logotyper-300x93.png 300w\" sizes=\"auto, (max-width: 627px) 100vw, 627px\" \/><\/figure><\/div>\n","protected":false},"excerpt":{"rendered":"<p>W tym roku Europejski Dzie\u0144 J\u0119zyk\u00f3w w Sztokholmie b\u0119dzie ponownie obchodzony w formie zdigitalizowanej kafejki j\u0119zykowej we wtorek 28 wrze\u015bnia w godz. 9.30-12.00. W trakcie 2,5 godzinnego streamingu zaprezentuje si\u0119 oko\u0142o dwudziestu j\u0119zyk\u00f3w, m.in. hiszpa\u0144ski, esto\u0144ski, czeski, francuski, niemiecki i polski. Nagranie zostanie p\u00f3\u017aniej udost\u0119pnione online. Konkurs j\u0119zykowy 2021 Wygraj wycieczk\u0119 j\u0119zykow\u0105: Stw\u00f3rz fiszki z [&hellip;]<\/p>\n","protected":false},"author":29,"featured_media":5928,"comment_status":"closed","ping_status":"closed","sticky":false,"template":"","format":"standard","meta":{"inline_featured_image":false,"_monsterinsights_skip_tracking":false,"_monsterinsights_sitenote_active":false,"_monsterinsights_sitenote_note":"","_monsterinsights_sitenote_category":0,"footnotes":""},"categories":[228,36],"tags":[],"class_list":["post-5925","post","type-post","status-publish","format-standard","has-post-thumbnail","hentry","category-jezyk","category-wydarzenie"],"yoast_head":"<!-- This site is optimized with the Yoast SEO plugin v24.6 - https:\/\/yoast.com\/wordpress\/plugins\/seo\/ -->\n<title>Europejski Dzie\u0144 J\u0119zyk\u00f3w 2021! - Instytut Polski w Sztokholmie<\/title>\n<meta name=\"robots\" content=\"index, follow, max-snippet:-1, max-image-preview:large, max-video-preview:-1\" \/>\n<link rel=\"canonical\" href=\"https:\/\/instytutpolski.pl\/stockholm\/pl\/2021\/09\/20\/europejski-dzien-jezykow-2021\/\" \/>\n<meta property=\"og:locale\" content=\"pl_PL\" \/>\n<meta property=\"og:type\" content=\"article\" \/>\n<meta property=\"og:title\" content=\"Europejski Dzie\u0144 J\u0119zyk\u00f3w 2021! - Instytut Polski w Sztokholmie\" \/>\n<meta property=\"og:description\" content=\"W tym roku Europejski Dzie\u0144 J\u0119zyk\u00f3w w Sztokholmie b\u0119dzie ponownie obchodzony w formie zdigitalizowanej kafejki j\u0119zykowej we wtorek 28 wrze\u015bnia w godz. 9.30-12.00. W trakcie 2,5 godzinnego streamingu zaprezentuje si\u0119 oko\u0142o dwudziestu j\u0119zyk\u00f3w, m.in. hiszpa\u0144ski, esto\u0144ski, czeski, francuski, niemiecki i polski. Nagranie zostanie p\u00f3\u017aniej udost\u0119pnione online. Konkurs j\u0119zykowy 2021 Wygraj wycieczk\u0119 j\u0119zykow\u0105: Stw\u00f3rz fiszki z [&hellip;]\" \/>\n<meta property=\"og:url\" content=\"https:\/\/instytutpolski.pl\/stockholm\/pl\/2021\/09\/20\/europejski-dzien-jezykow-2021\/\" \/>\n<meta property=\"og:site_name\" content=\"Instytut Polski w Sztokholmie\" \/>\n<meta property=\"article:published_time\" content=\"2021-09-20T12:00:00+00:00\" \/>\n<meta property=\"article:modified_time\" content=\"2021-11-08T15:56:03+00:00\" \/>\n<meta property=\"og:image\" content=\"https:\/\/instytutpolski.pl\/stockholm\/wp-content\/uploads\/sites\/17\/2021\/07\/EDL-postcard-SV22.jpg\" \/>\n\t<meta property=\"og:image:width\" content=\"2445\" \/>\n\t<meta property=\"og:image:height\" content=\"1453\" \/>\n\t<meta property=\"og:image:type\" content=\"image\/jpeg\" \/>\n<meta name=\"author\" content=\"strozniake\" \/>\n<meta name=\"twitter:card\" content=\"summary_large_image\" \/>\n<meta name=\"twitter:label1\" content=\"Napisane przez\" \/>\n\t<meta name=\"twitter:data1\" content=\"strozniake\" \/>\n\t<meta name=\"twitter:label2\" content=\"Szacowany czas czytania\" \/>\n\t<meta name=\"twitter:data2\" content=\"2 minuty\" \/>\n<script type=\"application\/ld+json\" class=\"yoast-schema-graph\">{\"@context\":\"https:\/\/schema.org\",\"@graph\":[{\"@type\":\"event\",\"@id\":\"https:\/\/instytutpolski.pl\/stockholm\/pl\/2021\/09\/20\/europejski-dzien-jezykow-2021\/\",\"url\":\"https:\/\/instytutpolski.pl\/stockholm\/pl\/2021\/09\/20\/europejski-dzien-jezykow-2021\/\",\"name\":\"Europejski Dzie\u0144 J\u0119zyk\u00f3w 2021!\",\"isPartOf\":{\"@id\":\"https:\/\/instytutpolski.pl\/stockholm\/#website\"},\"primaryImageOfPage\":{\"@id\":\"https:\/\/instytutpolski.pl\/stockholm\/pl\/2021\/09\/20\/europejski-dzien-jezykow-2021\/#primaryimage\"},\"image\":[\"https:\/\/instytutpolski.pl\/stockholm\/wp-content\/uploads\/sites\/17\/2021\/07\/EDL-postcard-SV22.jpg\",\"https:\/\/instytutpolski.pl\/stockholm\/wp-content\/uploads\/sites\/17\/2021\/07\/EDL-postcard-SV22-300x178.jpg\",\"https:\/\/instytutpolski.pl\/stockholm\/wp-content\/uploads\/sites\/17\/2021\/07\/EDL-postcard-SV22-1024x609.jpg\",\"https:\/\/instytutpolski.pl\/stockholm\/wp-content\/uploads\/sites\/17\/2021\/07\/EDL-postcard-SV22.jpg\"],\"thumbnailUrl\":\"https:\/\/instytutpolski.pl\/stockholm\/wp-content\/uploads\/sites\/17\/2021\/07\/EDL-postcard-SV22.jpg\",\"datePublished\":\"2021-09-20T12:00:00+02:00\",\"dateModified\":\"2021-11-08T15:56:03+02:00\",\"author\":{\"@id\":\"https:\/\/instytutpolski.pl\/stockholm\/#\/schema\/person\/062b5a5f61f32b17c98996975db8d556\"},\"breadcrumb\":{\"@id\":\"https:\/\/instytutpolski.pl\/stockholm\/pl\/2021\/09\/20\/europejski-dzien-jezykow-2021\/#breadcrumb\"},\"inLanguage\":\"pl-PL\",\"potentialAction\":[{\"@type\":\"ReadAction\",\"target\":[\"https:\/\/instytutpolski.pl\/stockholm\/pl\/2021\/09\/20\/europejski-dzien-jezykow-2021\/\"]}],\"@context\":\"https:\/\/schema.org\",\"startDate\":\"2021-09-28\",\"endDate\":\"2021-09-28\",\"eventStatus\":\"EventScheduled\",\"eventAttendanceMode\":\"OnlineEventAttendanceMode\",\"location\":{\"@type\":\"VirtualLocation\",\"url\":\"\"},\"description\":\"W tym roku Europejski Dzie\u0144 J\u0119zyk\u00f3w w Sztokholmie b\u0119dzie ponownie obchodzony w formie zdigitalizowanej kafejki j\u0119zykowej we wtorek 28 wrze\u015bnia w godz. 9.30-12.00. W trakcie 2,5 godzinnego streamingu zaprezentuje si\u0119 oko\u0142o dwudziestu j\u0119zyk\u00f3w, m.in. hiszpa\u0144ski, esto\u0144ski, czeski, francuski, niemiecki i polski. Nagranie zostanie p\u00f3\u017aniej udost\u0119pnione online.\\nKonkurs j\u0119zykowy 2021\\nWygraj wycieczk\u0119 j\u0119zykow\u0105: Stw\u00f3rz fiszki z idiomami i zwi\u0105zkami frazeologicznymi!\\nKonkurs skierowany jest do uczni\u00f3w szk\u00f3\u0142 gimnazjalnych i ponadgimnazjalnych (uczestnictwo indywidualne). Pierwsza nagroda to wycieczka j\u0119zykowa o warto\u015bci 20 000 SEK!\\nZadanie:\\nW tym roku zadaniem konkursowym jest stworzenie indywidualnie pi\u0119ciu fiszek, gdzie ka\u017cda ilustruje jeden idiom lub jeden zwi\u0105zek frazeologiczny z danego j\u0119zyka obcego.\\nCo to jest fiszka?\\nFiszka sk\u0142ada si\u0119 dw\u00f3ch cz\u0119\u015bci: awersu i rewersu. Na awersie fiszki znajduje si\u0119 obrazek ze s\u0142owem lub fraz\u0105 w j\u0119zyku, kt\u00f3rego chcesz si\u0119 nauczy\u0107. Na odwrocie znajdziesz wyt\u0142umaczenie. Celem fiszek jest u\u0142atwienie zapami\u0119tywania i nauki s\u0142\u00f3w i wyra\u017ce\u0144 w j\u0119zykach obcych za pomoc\u0105 obrazk\u00f3w. Swoje umiej\u0119tno\u015bci j\u0119zykowe z pomoc\u0105 fiszek mo\u017cesz \u0107wiczy\u0107 zar\u00f3wno w grupach, jak i samodzielnie.\\nMowa i wyra\u017cenia idiomatyczne\\nKa\u017cdy j\u0119zyk ma wiele tak zwanych \u201czwi\u0105zk\u00f3w wyrazowych\u201d. Wyra\u017ce\u0144 tych zazwyczaj nie mo\u017cna przet\u0142umaczy\u0107 bezpo\u015brednio na inny j\u0119zyk. Po szwedzku mo\u017cna powiedzie\u0107, \u017ce co\u015b \u201ejedzie jak na szynach\u201d (g\u00e5r som p\u00e5 r\u00e4ls), mo\u017cna mie\u0107 \u201emotyle w brzuchu\u201d (fj\u00e4rilar i magen) lub \u201ebudzi\u0107 si\u0119 po z\u0142ej stronie\u201d(vakna p\u00e5 fel sida). Znaczenie tych termin\u00f3w nie ma jednak nic wsp\u00f3lnego z \u201eszynami\u201d, \u201emotylami\u201d lub jakimkolwiek sposobem, w jaki si\u0119 budzisz. Terminy te s\u0105 \u201eprzeno\u015bne\u201d lub \u201eidiomatyczne\u201d, co oznacza, \u017ce \u200b\u200bnie nale\u017cy ich traktowa\u0107 dos\u0142ownie. Podczas nauki nowego j\u0119zyka mo\u017ce by\u0107 trudno zrozumie\u0107, co oznaczaj\u0105 takie zwi\u0105zki frazeologiczne - cz\u0119sto s\u0105 to wyra\u017cenia, kt\u00f3rych musisz nauczy\u0107 si\u0119 na pami\u0119\u0107. Kilka przyk\u0142ad\u00f3w idiom\u00f3w i wyra\u017ce\u0144 idiomatycznych w j\u0119zyku polskim:\\nKopn\u0105\u0107 w kalendarz.O wilku mowa.Proste jak bu\u0142ka z mas\u0142em.\\nFiszki to popularna i prosta metoda nauki nowych s\u0142\u00f3w i wyra\u017ce\u0144 w innym j\u0119zyku. Cz\u0119sto korzysta si\u0119 z ju\u017c gotowych fiszek, ale jeszcze fajniej jest tworzy\u0107 je samemu!\\nPowodzenia!\\nWi\u0119cej informacji o konkursie (zasady konkursu, formularz zg\u0142oszeniowy etc.), oraz o kafejce j\u0119zykowej mo\u017cna znale\u017a\u0107 tutaj (szw.): https:\/\/ec.europa.eu\/sweden\/education\/sprakdagen_sv \\nInformacje o ubieg\u0142orocznej kafejce j\u0119zykowej: https:\/\/instytutpolski.pl\/stockholm\/pl\/2020\/10\/02\/czesc-i-hej\/\"},{\"@type\":\"ImageObject\",\"inLanguage\":\"pl-PL\",\"@id\":\"https:\/\/instytutpolski.pl\/stockholm\/pl\/2021\/09\/20\/europejski-dzien-jezykow-2021\/#primaryimage\",\"url\":\"https:\/\/instytutpolski.pl\/stockholm\/wp-content\/uploads\/sites\/17\/2021\/07\/EDL-postcard-SV22.jpg\",\"contentUrl\":\"https:\/\/instytutpolski.pl\/stockholm\/wp-content\/uploads\/sites\/17\/2021\/07\/EDL-postcard-SV22.jpg\",\"width\":2445,\"height\":1453},{\"@type\":\"BreadcrumbList\",\"@id\":\"https:\/\/instytutpolski.pl\/stockholm\/pl\/2021\/09\/20\/europejski-dzien-jezykow-2021\/#breadcrumb\",\"itemListElement\":[{\"@type\":\"ListItem\",\"position\":1,\"name\":\"Home\",\"item\":\"https:\/\/instytutpolski.pl\/stockholm\/\"},{\"@type\":\"ListItem\",\"position\":2,\"name\":\"Europejski Dzie\u0144 J\u0119zyk\u00f3w 2021!\"}]},{\"@type\":\"WebSite\",\"@id\":\"https:\/\/instytutpolski.pl\/stockholm\/#website\",\"url\":\"https:\/\/instytutpolski.pl\/stockholm\/\",\"name\":\"Instytut Polski w Sztokholmie\",\"description\":\"Instytuty Polskie\",\"potentialAction\":[{\"@type\":\"SearchAction\",\"target\":{\"@type\":\"EntryPoint\",\"urlTemplate\":\"https:\/\/instytutpolski.pl\/stockholm\/?s={search_term_string}\"},\"query-input\":{\"@type\":\"PropertyValueSpecification\",\"valueRequired\":true,\"valueName\":\"search_term_string\"}}],\"inLanguage\":\"pl-PL\"},{\"@type\":\"Person\",\"@id\":\"https:\/\/instytutpolski.pl\/stockholm\/#\/schema\/person\/062b5a5f61f32b17c98996975db8d556\",\"name\":\"strozniake\",\"image\":{\"@type\":\"ImageObject\",\"inLanguage\":\"pl-PL\",\"@id\":\"https:\/\/instytutpolski.pl\/stockholm\/#\/schema\/person\/image\/\",\"url\":\"https:\/\/secure.gravatar.com\/avatar\/25e0be9897787f9035155a882fde97cc?s=96&d=mm&r=g\",\"contentUrl\":\"https:\/\/secure.gravatar.com\/avatar\/25e0be9897787f9035155a882fde97cc?s=96&d=mm&r=g\",\"caption\":\"strozniake\"},\"sameAs\":[\"http:\/\/strozniake\"],\"url\":\"https:\/\/instytutpolski.pl\/stockholm\/author\/strozniake\/\"}]}<\/script>\n<!-- \/ Yoast SEO plugin. -->","yoast_head_json":{"title":"Europejski Dzie\u0144 J\u0119zyk\u00f3w 2021! - Instytut Polski w Sztokholmie","robots":{"index":"index","follow":"follow","max-snippet":"max-snippet:-1","max-image-preview":"max-image-preview:large","max-video-preview":"max-video-preview:-1"},"canonical":"https:\/\/instytutpolski.pl\/stockholm\/pl\/2021\/09\/20\/europejski-dzien-jezykow-2021\/","og_locale":"pl_PL","og_type":"article","og_title":"Europejski Dzie\u0144 J\u0119zyk\u00f3w 2021! - Instytut Polski w Sztokholmie","og_description":"W tym roku Europejski Dzie\u0144 J\u0119zyk\u00f3w w Sztokholmie b\u0119dzie ponownie obchodzony w formie zdigitalizowanej kafejki j\u0119zykowej we wtorek 28 wrze\u015bnia w godz. 9.30-12.00. W trakcie 2,5 godzinnego streamingu zaprezentuje si\u0119 oko\u0142o dwudziestu j\u0119zyk\u00f3w, m.in. hiszpa\u0144ski, esto\u0144ski, czeski, francuski, niemiecki i polski. Nagranie zostanie p\u00f3\u017aniej udost\u0119pnione online. Konkurs j\u0119zykowy 2021 Wygraj wycieczk\u0119 j\u0119zykow\u0105: Stw\u00f3rz fiszki z [&hellip;]","og_url":"https:\/\/instytutpolski.pl\/stockholm\/pl\/2021\/09\/20\/europejski-dzien-jezykow-2021\/","og_site_name":"Instytut Polski w Sztokholmie","article_published_time":"2021-09-20T12:00:00+00:00","article_modified_time":"2021-11-08T15:56:03+00:00","og_image":[{"width":2445,"height":1453,"url":"https:\/\/instytutpolski.pl\/stockholm\/wp-content\/uploads\/sites\/17\/2021\/07\/EDL-postcard-SV22.jpg","type":"image\/jpeg"}],"author":"strozniake","twitter_card":"summary_large_image","twitter_misc":{"Napisane przez":"strozniake","Szacowany czas czytania":"2 minuty"},"schema":{"@context":"https:\/\/schema.org","@graph":[{"@type":"event","@id":"https:\/\/instytutpolski.pl\/stockholm\/pl\/2021\/09\/20\/europejski-dzien-jezykow-2021\/","url":"https:\/\/instytutpolski.pl\/stockholm\/pl\/2021\/09\/20\/europejski-dzien-jezykow-2021\/","name":"Europejski Dzie\u0144 J\u0119zyk\u00f3w 2021!","isPartOf":{"@id":"https:\/\/instytutpolski.pl\/stockholm\/#website"},"primaryImageOfPage":{"@id":"https:\/\/instytutpolski.pl\/stockholm\/pl\/2021\/09\/20\/europejski-dzien-jezykow-2021\/#primaryimage"},"image":["https:\/\/instytutpolski.pl\/stockholm\/wp-content\/uploads\/sites\/17\/2021\/07\/EDL-postcard-SV22.jpg","https:\/\/instytutpolski.pl\/stockholm\/wp-content\/uploads\/sites\/17\/2021\/07\/EDL-postcard-SV22-300x178.jpg","https:\/\/instytutpolski.pl\/stockholm\/wp-content\/uploads\/sites\/17\/2021\/07\/EDL-postcard-SV22-1024x609.jpg","https:\/\/instytutpolski.pl\/stockholm\/wp-content\/uploads\/sites\/17\/2021\/07\/EDL-postcard-SV22.jpg"],"thumbnailUrl":"https:\/\/instytutpolski.pl\/stockholm\/wp-content\/uploads\/sites\/17\/2021\/07\/EDL-postcard-SV22.jpg","datePublished":"2021-09-20T12:00:00+02:00","dateModified":"2021-11-08T15:56:03+02:00","author":{"@id":"https:\/\/instytutpolski.pl\/stockholm\/#\/schema\/person\/062b5a5f61f32b17c98996975db8d556"},"breadcrumb":{"@id":"https:\/\/instytutpolski.pl\/stockholm\/pl\/2021\/09\/20\/europejski-dzien-jezykow-2021\/#breadcrumb"},"inLanguage":"pl-PL","potentialAction":[{"@type":"ReadAction","target":["https:\/\/instytutpolski.pl\/stockholm\/pl\/2021\/09\/20\/europejski-dzien-jezykow-2021\/"]}],"@context":"https:\/\/schema.org","startDate":"2021-09-28","endDate":"2021-09-28","eventStatus":"EventScheduled","eventAttendanceMode":"OnlineEventAttendanceMode","location":{"@type":"VirtualLocation","url":""},"description":"W tym roku Europejski Dzie\u0144 J\u0119zyk\u00f3w w Sztokholmie b\u0119dzie ponownie obchodzony w formie zdigitalizowanej kafejki j\u0119zykowej we wtorek 28 wrze\u015bnia w godz. 9.30-12.00. W trakcie 2,5 godzinnego streamingu zaprezentuje si\u0119 oko\u0142o dwudziestu j\u0119zyk\u00f3w, m.in. hiszpa\u0144ski, esto\u0144ski, czeski, francuski, niemiecki i polski. Nagranie zostanie p\u00f3\u017aniej udost\u0119pnione online.\nKonkurs j\u0119zykowy 2021\nWygraj wycieczk\u0119 j\u0119zykow\u0105: Stw\u00f3rz fiszki z idiomami i zwi\u0105zkami frazeologicznymi!\nKonkurs skierowany jest do uczni\u00f3w szk\u00f3\u0142 gimnazjalnych i ponadgimnazjalnych (uczestnictwo indywidualne). Pierwsza nagroda to wycieczka j\u0119zykowa o warto\u015bci 20 000 SEK!\nZadanie:\nW tym roku zadaniem konkursowym jest stworzenie indywidualnie pi\u0119ciu fiszek, gdzie ka\u017cda ilustruje jeden idiom lub jeden zwi\u0105zek frazeologiczny z danego j\u0119zyka obcego.\nCo to jest fiszka?\nFiszka sk\u0142ada si\u0119 dw\u00f3ch cz\u0119\u015bci: awersu i rewersu. Na awersie fiszki znajduje si\u0119 obrazek ze s\u0142owem lub fraz\u0105 w j\u0119zyku, kt\u00f3rego chcesz si\u0119 nauczy\u0107. Na odwrocie znajdziesz wyt\u0142umaczenie. Celem fiszek jest u\u0142atwienie zapami\u0119tywania i nauki s\u0142\u00f3w i wyra\u017ce\u0144 w j\u0119zykach obcych za pomoc\u0105 obrazk\u00f3w. Swoje umiej\u0119tno\u015bci j\u0119zykowe z pomoc\u0105 fiszek mo\u017cesz \u0107wiczy\u0107 zar\u00f3wno w grupach, jak i samodzielnie.\nMowa i wyra\u017cenia idiomatyczne\nKa\u017cdy j\u0119zyk ma wiele tak zwanych \u201czwi\u0105zk\u00f3w wyrazowych\u201d. Wyra\u017ce\u0144 tych zazwyczaj nie mo\u017cna przet\u0142umaczy\u0107 bezpo\u015brednio na inny j\u0119zyk. Po szwedzku mo\u017cna powiedzie\u0107, \u017ce co\u015b \u201ejedzie jak na szynach\u201d (g\u00e5r som p\u00e5 r\u00e4ls), mo\u017cna mie\u0107 \u201emotyle w brzuchu\u201d (fj\u00e4rilar i magen) lub \u201ebudzi\u0107 si\u0119 po z\u0142ej stronie\u201d(vakna p\u00e5 fel sida). Znaczenie tych termin\u00f3w nie ma jednak nic wsp\u00f3lnego z \u201eszynami\u201d, \u201emotylami\u201d lub jakimkolwiek sposobem, w jaki si\u0119 budzisz. Terminy te s\u0105 \u201eprzeno\u015bne\u201d lub \u201eidiomatyczne\u201d, co oznacza, \u017ce \u200b\u200bnie nale\u017cy ich traktowa\u0107 dos\u0142ownie. Podczas nauki nowego j\u0119zyka mo\u017ce by\u0107 trudno zrozumie\u0107, co oznaczaj\u0105 takie zwi\u0105zki frazeologiczne - cz\u0119sto s\u0105 to wyra\u017cenia, kt\u00f3rych musisz nauczy\u0107 si\u0119 na pami\u0119\u0107. Kilka przyk\u0142ad\u00f3w idiom\u00f3w i wyra\u017ce\u0144 idiomatycznych w j\u0119zyku polskim:\nKopn\u0105\u0107 w kalendarz.O wilku mowa.Proste jak bu\u0142ka z mas\u0142em.\nFiszki to popularna i prosta metoda nauki nowych s\u0142\u00f3w i wyra\u017ce\u0144 w innym j\u0119zyku. Cz\u0119sto korzysta si\u0119 z ju\u017c gotowych fiszek, ale jeszcze fajniej jest tworzy\u0107 je samemu!\nPowodzenia!\nWi\u0119cej informacji o konkursie (zasady konkursu, formularz zg\u0142oszeniowy etc.), oraz o kafejce j\u0119zykowej mo\u017cna znale\u017a\u0107 tutaj (szw.): https:\/\/ec.europa.eu\/sweden\/education\/sprakdagen_sv \nInformacje o ubieg\u0142orocznej kafejce j\u0119zykowej: https:\/\/instytutpolski.pl\/stockholm\/pl\/2020\/10\/02\/czesc-i-hej\/"},{"@type":"ImageObject","inLanguage":"pl-PL","@id":"https:\/\/instytutpolski.pl\/stockholm\/pl\/2021\/09\/20\/europejski-dzien-jezykow-2021\/#primaryimage","url":"https:\/\/instytutpolski.pl\/stockholm\/wp-content\/uploads\/sites\/17\/2021\/07\/EDL-postcard-SV22.jpg","contentUrl":"https:\/\/instytutpolski.pl\/stockholm\/wp-content\/uploads\/sites\/17\/2021\/07\/EDL-postcard-SV22.jpg","width":2445,"height":1453},{"@type":"BreadcrumbList","@id":"https:\/\/instytutpolski.pl\/stockholm\/pl\/2021\/09\/20\/europejski-dzien-jezykow-2021\/#breadcrumb","itemListElement":[{"@type":"ListItem","position":1,"name":"Home","item":"https:\/\/instytutpolski.pl\/stockholm\/"},{"@type":"ListItem","position":2,"name":"Europejski Dzie\u0144 J\u0119zyk\u00f3w 2021!"}]},{"@type":"WebSite","@id":"https:\/\/instytutpolski.pl\/stockholm\/#website","url":"https:\/\/instytutpolski.pl\/stockholm\/","name":"Instytut Polski w Sztokholmie","description":"Instytuty Polskie","potentialAction":[{"@type":"SearchAction","target":{"@type":"EntryPoint","urlTemplate":"https:\/\/instytutpolski.pl\/stockholm\/?s={search_term_string}"},"query-input":{"@type":"PropertyValueSpecification","valueRequired":true,"valueName":"search_term_string"}}],"inLanguage":"pl-PL"},{"@type":"Person","@id":"https:\/\/instytutpolski.pl\/stockholm\/#\/schema\/person\/062b5a5f61f32b17c98996975db8d556","name":"strozniake","image":{"@type":"ImageObject","inLanguage":"pl-PL","@id":"https:\/\/instytutpolski.pl\/stockholm\/#\/schema\/person\/image\/","url":"https:\/\/secure.gravatar.com\/avatar\/25e0be9897787f9035155a882fde97cc?s=96&d=mm&r=g","contentUrl":"https:\/\/secure.gravatar.com\/avatar\/25e0be9897787f9035155a882fde97cc?s=96&d=mm&r=g","caption":"strozniake"},"sameAs":["http:\/\/strozniake"],"url":"https:\/\/instytutpolski.pl\/stockholm\/author\/strozniake\/"}]}},"_links":{"self":[{"href":"https:\/\/instytutpolski.pl\/stockholm\/wp-json\/wp\/v2\/posts\/5925","targetHints":{"allow":["GET"]}}],"collection":[{"href":"https:\/\/instytutpolski.pl\/stockholm\/wp-json\/wp\/v2\/posts"}],"about":[{"href":"https:\/\/instytutpolski.pl\/stockholm\/wp-json\/wp\/v2\/types\/post"}],"author":[{"embeddable":true,"href":"https:\/\/instytutpolski.pl\/stockholm\/wp-json\/wp\/v2\/users\/29"}],"replies":[{"embeddable":true,"href":"https:\/\/instytutpolski.pl\/stockholm\/wp-json\/wp\/v2\/comments?post=5925"}],"version-history":[{"count":3,"href":"https:\/\/instytutpolski.pl\/stockholm\/wp-json\/wp\/v2\/posts\/5925\/revisions"}],"predecessor-version":[{"id":7098,"href":"https:\/\/instytutpolski.pl\/stockholm\/wp-json\/wp\/v2\/posts\/5925\/revisions\/7098"}],"wp:featuredmedia":[{"embeddable":true,"href":"https:\/\/instytutpolski.pl\/stockholm\/wp-json\/wp\/v2\/media\/5928"}],"wp:attachment":[{"href":"https:\/\/instytutpolski.pl\/stockholm\/wp-json\/wp\/v2\/media?parent=5925"}],"wp:term":[{"taxonomy":"category","embeddable":true,"href":"https:\/\/instytutpolski.pl\/stockholm\/wp-json\/wp\/v2\/categories?post=5925"},{"taxonomy":"post_tag","embeddable":true,"href":"https:\/\/instytutpolski.pl\/stockholm\/wp-json\/wp\/v2\/tags?post=5925"}],"curies":[{"name":"wp","href":"https:\/\/api.w.org\/{rel}","templated":true}]}}