{"id":6054,"date":"2021-08-05T14:11:34","date_gmt":"2021-08-05T12:11:34","guid":{"rendered":"https:\/\/instytutpolski.pl\/stockholm\/?p=6054"},"modified":"2021-08-05T14:12:41","modified_gmt":"2021-08-05T12:12:41","slug":"barbara-klicka-podczas-sztokholmskiego-weekendu-ksiazki-2021","status":"publish","type":"post","link":"https:\/\/instytutpolski.pl\/stockholm\/pl\/2021\/08\/05\/barbara-klicka-podczas-sztokholmskiego-weekendu-ksiazki-2021\/","title":{"rendered":"Barbara Klicka w rozmowie ze Stefanem Ingvarssonem podczas Sztokholmskiego Weekendu Ksi\u0105\u017cki 2021"},"content":{"rendered":"\n<p><strong>Barbara Klicka <\/strong>(1981, Warszawa) jest pisark\u0105, poetk\u0105, dramatopisark\u0105 oraz redaktork\u0105. W 2012 roku wyda\u0142a zbi\u00f3r poezji \u201eSame, same\u201d, kt\u00f3ry zosta\u0142 nominowany do Wroc\u0142awskiej Nagrody Poetyckiej Silesius. Za jej kolejn\u0105 prac\u0119, \u201eNice\u201d, w 2016 roku otrzyma\u0142a Nagrod\u0119 Literack\u0105 Gdynia oraz Wroc\u0142awsk\u0105 Nagrod\u0119 Poetyck\u0105 Silesius. Od wielu lat wsp\u00f3\u0142pracuje z teatrem \u017cydowskim w Warszawie, a jej scenariusz do sztuki \u201eElementarz\u201d zosta\u0142 wyre\u017cyserowany przez Piotra Cieplaka i wystawiony w Teatrze Narodowym w Warszawie. W latach 2010 \u2013 2014 Barbara by\u0142a redaktorem magazynu Cwisz, kt\u00f3ry skupia si\u0119 na tematyce \u017cydowskiej literatury i kultury. \u201eZdr\u00f3j\u201d (sz. Urk\u00e4llan) jest jej debiutanck\u0105 ksi\u0105\u017ck\u0105 wydan\u0105 przez polskie wydawnictwo literackie W. A. B. w 2019 roku.<\/p>\n\n\n\n<div style=\"height:30px\" aria-hidden=\"true\" class=\"wp-block-spacer\"><\/div>\n\n\n\n<div class=\"wp-block-image\"><figure class=\"aligncenter size-large is-resized\"><img loading=\"lazy\" decoding=\"async\" src=\"https:\/\/instytutpolski.pl\/stockholm\/wp-content\/uploads\/sites\/17\/2021\/08\/barbara_foto-Dominika-Dzikowska-1024x683.jpg\" alt=\"\" class=\"wp-image-6039\" width=\"845\" height=\"563\" srcset=\"https:\/\/instytutpolski.pl\/stockholm\/wp-content\/uploads\/sites\/17\/2021\/08\/barbara_foto-Dominika-Dzikowska-1024x683.jpg 1024w, https:\/\/instytutpolski.pl\/stockholm\/wp-content\/uploads\/sites\/17\/2021\/08\/barbara_foto-Dominika-Dzikowska-300x200.jpg 300w, https:\/\/instytutpolski.pl\/stockholm\/wp-content\/uploads\/sites\/17\/2021\/08\/barbara_foto-Dominika-Dzikowska-768x512.jpg 768w, https:\/\/instytutpolski.pl\/stockholm\/wp-content\/uploads\/sites\/17\/2021\/08\/barbara_foto-Dominika-Dzikowska-1536x1024.jpg 1536w, https:\/\/instytutpolski.pl\/stockholm\/wp-content\/uploads\/sites\/17\/2021\/08\/barbara_foto-Dominika-Dzikowska-2048x1365.jpg 2048w\" sizes=\"auto, (max-width: 845px) 100vw, 845px\" \/><figcaption><em>Barbara Klicka, fot. Dominika Dzikowska<\/em><\/figcaption><\/figure><\/div>\n\n\n\n<p><br>Ju\u017c w te wakacje szwedzcy czytelnicy maj\u0105 szans\u0119 spotka\u0107 Barbar\u0119 Klick\u0105 w rozmowie ze Stefanem Ingvarssonem, kt\u00f3ra odb\u0119dzie si\u0119 w czwartek, 26 sierpnia o godzinie 16:00 w Instytucie Cervantes.<\/p>\n\n\n\n<p>Wydarzenie odbywa si\u0119 w ramach Sztokholmskiego Weekendu Ksi\u0105\u017cki (Stockholms Bokhelg), gdzie w dniach 26\u201329 sierpnia 2021 ponad 100 r\u00f3\u017cnych wydawnictw, ksi\u0119garni, muze\u00f3w oraz instytucji zape\u0142ni ulice Sztokholmu postaciami zwi\u0105zanymi z literatur\u0105. Uczestnictwo w festiwalu jest darmowe, a pomoc w nawigowaniu mi\u0119dzy licznymi wydarzeniami zapewnia specjalnie stworzona na t\u0119 okazj\u0119 mapa, dzi\u0119ki kt\u00f3rej odwiedzaj\u0105cy mog\u0105 zaplanowa\u0107 swoj\u0105 podr\u00f3\u017c pomi\u0119dzy spotkaniami z autorami, wyprzeda\u017cami ksi\u0105\u017cek oraz premierami.<\/p>\n\n\n\n<p><br><strong>O ksi\u0105\u017cce:<\/strong><\/p>\n\n\n\n<p>M\u0142oda kobieta, Kama z Warszawy, przyje\u017cd\u017ca do ma\u0142ego sanatorium Ciechocinek, by podda\u0107 si\u0119 rehabilitacji po dw\u00f3ch ci\u0119\u017ckich zabiegach. To nie jest jej pierwszy raz w miejscu tego typu, poniewa\u017c po\u0142ow\u0119 dzieci\u0144stwa sp\u0119dzi\u0142a na wizytach w uzdrowiskach, lecz tym razem jest inaczej. Tym razem nie jest ju\u017c dzieckiem. Nowy \u015bwiat sanatarium zdaje si\u0119 by\u0107 pe\u0142en rytua\u0142\u00f3w, hierarchii i niepisanych zasad, kt\u00f3re pomimo du\u017cego wysi\u0142ku Kamy, s\u0105 bardzo ci\u0119\u017ckie do zrozumienia i zastosowania. Cielesno\u015b\u0107 oraz podzia\u0142 pomi\u0119dzy pa\u0144stwowym systemem zdrowotnym a wrog\u0105 biurokracj\u0105 tworz\u0105 klaustrofobiczn\u0105 atmosfer\u0119. Wydarzenia w powie\u015bci odgrywaj\u0105 si\u0119 na pograniczu zdrowia i choroby, przyjemno\u015bci i b\u00f3lu, m\u0142odo\u015bci i przemijaj\u0105cego czasu.&nbsp;Mroczne zakamarki budynku mieszaj\u0105 si\u0119 z codzienno\u015bci\u0105 \u017cycia w sanatorium i skrywaj\u0105 wiele sekret\u00f3w.<\/p>\n\n\n\n<div style=\"height:30px\" aria-hidden=\"true\" class=\"wp-block-spacer\"><\/div>\n\n\n\n<div class=\"wp-block-image\"><figure class=\"aligncenter size-large is-resized\"><img loading=\"lazy\" decoding=\"async\" src=\"https:\/\/instytutpolski.pl\/stockholm\/wp-content\/uploads\/sites\/17\/2021\/08\/198324641_459809421787675_7603216316763303283_n-655x1024.jpg\" alt=\"\" class=\"wp-image-6040\" width=\"491\" height=\"768\" srcset=\"https:\/\/instytutpolski.pl\/stockholm\/wp-content\/uploads\/sites\/17\/2021\/08\/198324641_459809421787675_7603216316763303283_n-655x1024.jpg 655w, https:\/\/instytutpolski.pl\/stockholm\/wp-content\/uploads\/sites\/17\/2021\/08\/198324641_459809421787675_7603216316763303283_n-192x300.jpg 192w, https:\/\/instytutpolski.pl\/stockholm\/wp-content\/uploads\/sites\/17\/2021\/08\/198324641_459809421787675_7603216316763303283_n.jpg 756w\" sizes=\"auto, (max-width: 491px) 100vw, 491px\" \/><\/figure><\/div>\n\n\n\n<p><br>Spotkanie z Barbar\u0105 Klick\u0105 jest mo\u017cliwe dzi\u0119ki wsp\u00f3\u0142pracy Instytutu Polskiego w Sztokholmie z wydawnictwem Prosak, Instytutem Cervantes w Sztokholmie oraz Stockholms Bokhelg.<\/p>\n\n\n\n<div style=\"height:30px\" aria-hidden=\"true\" class=\"wp-block-spacer\"><\/div>\n\n\n\n<div class=\"wp-block-image\"><figure class=\"aligncenter size-large\"><img loading=\"lazy\" decoding=\"async\" width=\"1024\" height=\"341\" src=\"https:\/\/instytutpolski.pl\/stockholm\/wp-content\/uploads\/sites\/17\/2021\/08\/Barbara-Klicka_baner_TT-1024x341.png\" alt=\"\" class=\"wp-image-6049\" srcset=\"https:\/\/instytutpolski.pl\/stockholm\/wp-content\/uploads\/sites\/17\/2021\/08\/Barbara-Klicka_baner_TT-1024x341.png 1024w, https:\/\/instytutpolski.pl\/stockholm\/wp-content\/uploads\/sites\/17\/2021\/08\/Barbara-Klicka_baner_TT-300x100.png 300w, https:\/\/instytutpolski.pl\/stockholm\/wp-content\/uploads\/sites\/17\/2021\/08\/Barbara-Klicka_baner_TT-768x256.png 768w, https:\/\/instytutpolski.pl\/stockholm\/wp-content\/uploads\/sites\/17\/2021\/08\/Barbara-Klicka_baner_TT.png 1500w\" sizes=\"auto, (max-width: 1024px) 100vw, 1024px\" \/><\/figure><\/div>\n","protected":false},"excerpt":{"rendered":"<p>Barbara Klicka (1981, Warszawa) jest pisark\u0105, poetk\u0105, dramatopisark\u0105 oraz redaktork\u0105. W 2012 roku wyda\u0142a zbi\u00f3r poezji \u201eSame, same\u201d, kt\u00f3ry zosta\u0142 nominowany do Wroc\u0142awskiej Nagrody Poetyckiej Silesius. Za jej kolejn\u0105 prac\u0119, \u201eNice\u201d, w 2016 roku otrzyma\u0142a Nagrod\u0119 Literack\u0105 Gdynia oraz Wroc\u0142awsk\u0105 Nagrod\u0119 Poetyck\u0105 Silesius. Od wielu lat wsp\u00f3\u0142pracuje z teatrem \u017cydowskim w Warszawie, a jej scenariusz [&hellip;]<\/p>\n","protected":false},"author":29,"featured_media":6048,"comment_status":"closed","ping_status":"closed","sticky":false,"template":"","format":"standard","meta":{"inline_featured_image":false,"_monsterinsights_skip_tracking":false,"_monsterinsights_sitenote_active":false,"_monsterinsights_sitenote_note":"","_monsterinsights_sitenote_category":0,"footnotes":""},"categories":[87,36],"tags":[],"class_list":["post-6054","post","type-post","status-publish","format-standard","has-post-thumbnail","hentry","category-literatura","category-wydarzenie"],"yoast_head":"<!-- This site is optimized with the Yoast SEO plugin v24.6 - https:\/\/yoast.com\/wordpress\/plugins\/seo\/ -->\n<title>Barbara Klicka w rozmowie ze Stefanem Ingvarssonem podczas Sztokholmskiego Weekendu Ksi\u0105\u017cki 2021 - Instytut Polski w Sztokholmie<\/title>\n<meta name=\"robots\" content=\"index, follow, max-snippet:-1, max-image-preview:large, max-video-preview:-1\" \/>\n<link rel=\"canonical\" href=\"https:\/\/instytutpolski.pl\/stockholm\/pl\/2021\/08\/05\/barbara-klicka-podczas-sztokholmskiego-weekendu-ksiazki-2021\/\" \/>\n<meta property=\"og:locale\" content=\"pl_PL\" \/>\n<meta property=\"og:type\" content=\"article\" \/>\n<meta property=\"og:title\" content=\"Barbara Klicka w rozmowie ze Stefanem Ingvarssonem podczas Sztokholmskiego Weekendu Ksi\u0105\u017cki 2021 - Instytut Polski w Sztokholmie\" \/>\n<meta property=\"og:description\" content=\"Barbara Klicka (1981, Warszawa) jest pisark\u0105, poetk\u0105, dramatopisark\u0105 oraz redaktork\u0105. W 2012 roku wyda\u0142a zbi\u00f3r poezji \u201eSame, same\u201d, kt\u00f3ry zosta\u0142 nominowany do Wroc\u0142awskiej Nagrody Poetyckiej Silesius. Za jej kolejn\u0105 prac\u0119, \u201eNice\u201d, w 2016 roku otrzyma\u0142a Nagrod\u0119 Literack\u0105 Gdynia oraz Wroc\u0142awsk\u0105 Nagrod\u0119 Poetyck\u0105 Silesius. Od wielu lat wsp\u00f3\u0142pracuje z teatrem \u017cydowskim w Warszawie, a jej scenariusz [&hellip;]\" \/>\n<meta property=\"og:url\" content=\"https:\/\/instytutpolski.pl\/stockholm\/pl\/2021\/08\/05\/barbara-klicka-podczas-sztokholmskiego-weekendu-ksiazki-2021\/\" \/>\n<meta property=\"og:site_name\" content=\"Instytut Polski w Sztokholmie\" \/>\n<meta property=\"article:published_time\" content=\"2021-08-05T12:11:34+00:00\" \/>\n<meta property=\"article:modified_time\" content=\"2021-08-05T12:12:41+00:00\" \/>\n<meta property=\"og:image\" content=\"https:\/\/instytutpolski.pl\/stockholm\/wp-content\/uploads\/sites\/17\/2021\/08\/Barbara-Klicka_baner_www.jpg\" \/>\n\t<meta property=\"og:image:width\" content=\"1120\" \/>\n\t<meta property=\"og:image:height\" content=\"630\" \/>\n\t<meta property=\"og:image:type\" content=\"image\/jpeg\" \/>\n<meta name=\"author\" content=\"strozniake\" \/>\n<meta name=\"twitter:card\" content=\"summary_large_image\" \/>\n<meta name=\"twitter:label1\" content=\"Napisane przez\" \/>\n\t<meta name=\"twitter:data1\" content=\"strozniake\" \/>\n\t<meta name=\"twitter:label2\" content=\"Szacowany czas czytania\" \/>\n\t<meta name=\"twitter:data2\" content=\"2 minuty\" \/>\n<script type=\"application\/ld+json\" class=\"yoast-schema-graph\">{\"@context\":\"https:\/\/schema.org\",\"@graph\":[{\"@type\":\"event\",\"@id\":\"https:\/\/instytutpolski.pl\/stockholm\/pl\/2021\/08\/05\/barbara-klicka-podczas-sztokholmskiego-weekendu-ksiazki-2021\/\",\"url\":\"https:\/\/instytutpolski.pl\/stockholm\/pl\/2021\/08\/05\/barbara-klicka-podczas-sztokholmskiego-weekendu-ksiazki-2021\/\",\"name\":\"Barbara Klicka w rozmowie ze Stefanem Ingvarssonem podczas Sztokholmskiego Weekendu Ksi\u0105\u017cki 2021\",\"isPartOf\":{\"@id\":\"https:\/\/instytutpolski.pl\/stockholm\/#website\"},\"primaryImageOfPage\":{\"@id\":\"https:\/\/instytutpolski.pl\/stockholm\/pl\/2021\/08\/05\/barbara-klicka-podczas-sztokholmskiego-weekendu-ksiazki-2021\/#primaryimage\"},\"image\":[\"https:\/\/instytutpolski.pl\/stockholm\/wp-content\/uploads\/sites\/17\/2021\/08\/Barbara-Klicka_baner_www.jpg\",\"https:\/\/instytutpolski.pl\/stockholm\/wp-content\/uploads\/sites\/17\/2021\/08\/Barbara-Klicka_baner_www-300x169.jpg\",\"https:\/\/instytutpolski.pl\/stockholm\/wp-content\/uploads\/sites\/17\/2021\/08\/Barbara-Klicka_baner_www-1024x576.jpg\",\"https:\/\/instytutpolski.pl\/stockholm\/wp-content\/uploads\/sites\/17\/2021\/08\/Barbara-Klicka_baner_www.jpg\"],\"thumbnailUrl\":\"https:\/\/instytutpolski.pl\/stockholm\/wp-content\/uploads\/sites\/17\/2021\/08\/Barbara-Klicka_baner_www.jpg\",\"datePublished\":\"2021-08-05T12:11:34+02:00\",\"dateModified\":\"2021-08-05T12:12:41+02:00\",\"author\":{\"@id\":\"https:\/\/instytutpolski.pl\/stockholm\/#\/schema\/person\/062b5a5f61f32b17c98996975db8d556\"},\"breadcrumb\":{\"@id\":\"https:\/\/instytutpolski.pl\/stockholm\/pl\/2021\/08\/05\/barbara-klicka-podczas-sztokholmskiego-weekendu-ksiazki-2021\/#breadcrumb\"},\"inLanguage\":\"pl-PL\",\"potentialAction\":[{\"@type\":\"ReadAction\",\"target\":[\"https:\/\/instytutpolski.pl\/stockholm\/pl\/2021\/08\/05\/barbara-klicka-podczas-sztokholmskiego-weekendu-ksiazki-2021\/\"]}],\"@context\":\"https:\/\/schema.org\",\"startDate\":\"2021-08-26T04:00:00+02:00\",\"endDate\":\"2021-08-26T06:00:00+02:00\",\"eventStatus\":\"EventScheduled\",\"eventAttendanceMode\":\"OfflineEventAttendanceMode\",\"location\":{\"@type\":\"place\",\"name\":\"\",\"address\":\"\",\"geo\":{\"@type\":\"GeoCoordinates\",\"latitude\":\"\",\"longitude\":\"\"}},\"description\":\"Barbara Klicka (1981, Warszawa) jest pisark\u0105, poetk\u0105, dramatopisark\u0105 oraz redaktork\u0105. W 2012 roku wyda\u0142a zbi\u00f3r poezji \u201eSame, same\u201d, kt\u00f3ry zosta\u0142 nominowany do Wroc\u0142awskiej Nagrody Poetyckiej Silesius. Za jej kolejn\u0105 prac\u0119, \u201eNice\u201d, w 2016 roku otrzyma\u0142a Nagrod\u0119 Literack\u0105 Gdynia oraz Wroc\u0142awsk\u0105 Nagrod\u0119 Poetyck\u0105 Silesius. Od wielu lat wsp\u00f3\u0142pracuje z teatrem \u017cydowskim w Warszawie, a jej scenariusz do sztuki \u201eElementarz\u201d zosta\u0142 wyre\u017cyserowany przez Piotra Cieplaka i wystawiony w Teatrze Narodowym w Warszawie. W latach 2010 \u2013 2014 Barbara by\u0142a redaktorem magazynu Cwisz, kt\u00f3ry skupia si\u0119 na tematyce \u017cydowskiej literatury i kultury. \u201eZdr\u00f3j\u201d (sz. Urk\u00e4llan) jest jej debiutanck\u0105 ksi\u0105\u017ck\u0105 wydan\u0105 przez polskie wydawnictwo literackie W. A. B. w 2019 roku.\\nJu\u017c w te wakacje szwedzcy czytelnicy maj\u0105 szans\u0119 spotka\u0107 Barbar\u0119 Klick\u0105 w rozmowie ze Stefanem Ingvarssonem, kt\u00f3ra odb\u0119dzie si\u0119 w czwartek, 26 sierpnia o godzinie 16:00 w Instytucie Cervantes.\\nWydarzenie odbywa si\u0119 w ramach Sztokholmskiego Weekendu Ksi\u0105\u017cki (Stockholms Bokhelg), gdzie w dniach 26\u201329 sierpnia 2021 ponad 100 r\u00f3\u017cnych wydawnictw, ksi\u0119garni, muze\u00f3w oraz instytucji zape\u0142ni ulice Sztokholmu postaciami zwi\u0105zanymi z literatur\u0105. Uczestnictwo w festiwalu jest darmowe, a pomoc w nawigowaniu mi\u0119dzy licznymi wydarzeniami zapewnia specjalnie stworzona na t\u0119 okazj\u0119 mapa, dzi\u0119ki kt\u00f3rej odwiedzaj\u0105cy mog\u0105 zaplanowa\u0107 swoj\u0105 podr\u00f3\u017c pomi\u0119dzy spotkaniami z autorami, wyprzeda\u017cami ksi\u0105\u017cek oraz premierami.\\nO ksi\u0105\u017cce:\\nM\u0142oda kobieta, Kama z Warszawy, przyje\u017cd\u017ca do ma\u0142ego sanatorium Ciechocinek, by podda\u0107 si\u0119 rehabilitacji po dw\u00f3ch ci\u0119\u017ckich zabiegach. To nie jest jej pierwszy raz w miejscu tego typu, poniewa\u017c po\u0142ow\u0119 dzieci\u0144stwa sp\u0119dzi\u0142a na wizytach w uzdrowiskach, lecz tym razem jest inaczej. Tym razem nie jest ju\u017c dzieckiem. Nowy \u015bwiat sanatarium zdaje si\u0119 by\u0107 pe\u0142en rytua\u0142\u00f3w, hierarchii i niepisanych zasad, kt\u00f3re pomimo du\u017cego wysi\u0142ku Kamy, s\u0105 bardzo ci\u0119\u017ckie do zrozumienia i zastosowania. Cielesno\u015b\u0107 oraz podzia\u0142 pomi\u0119dzy pa\u0144stwowym systemem zdrowotnym a wrog\u0105 biurokracj\u0105 tworz\u0105 klaustrofobiczn\u0105 atmosfer\u0119. Wydarzenia w powie\u015bci odgrywaj\u0105 si\u0119 na pograniczu zdrowia i choroby, przyjemno\u015bci i b\u00f3lu, m\u0142odo\u015bci i przemijaj\u0105cego czasu. Mroczne zakamarki budynku mieszaj\u0105 si\u0119 z codzienno\u015bci\u0105 \u017cycia w sanatorium i skrywaj\u0105 wiele sekret\u00f3w.\\nSpotkanie z Barbar\u0105 Klick\u0105 jest mo\u017cliwe dzi\u0119ki wsp\u00f3\u0142pracy Instytutu Polskiego w Sztokholmie z wydawnictwem Prosak, Instytutem Cervantes w Sztokholmie oraz Stockholms Bokhelg.\"},{\"@type\":\"ImageObject\",\"inLanguage\":\"pl-PL\",\"@id\":\"https:\/\/instytutpolski.pl\/stockholm\/pl\/2021\/08\/05\/barbara-klicka-podczas-sztokholmskiego-weekendu-ksiazki-2021\/#primaryimage\",\"url\":\"https:\/\/instytutpolski.pl\/stockholm\/wp-content\/uploads\/sites\/17\/2021\/08\/Barbara-Klicka_baner_www.jpg\",\"contentUrl\":\"https:\/\/instytutpolski.pl\/stockholm\/wp-content\/uploads\/sites\/17\/2021\/08\/Barbara-Klicka_baner_www.jpg\",\"width\":1120,\"height\":630},{\"@type\":\"BreadcrumbList\",\"@id\":\"https:\/\/instytutpolski.pl\/stockholm\/pl\/2021\/08\/05\/barbara-klicka-podczas-sztokholmskiego-weekendu-ksiazki-2021\/#breadcrumb\",\"itemListElement\":[{\"@type\":\"ListItem\",\"position\":1,\"name\":\"Home\",\"item\":\"https:\/\/instytutpolski.pl\/stockholm\/\"},{\"@type\":\"ListItem\",\"position\":2,\"name\":\"Barbara Klicka w rozmowie ze Stefanem Ingvarssonem podczas Sztokholmskiego Weekendu Ksi\u0105\u017cki 2021\"}]},{\"@type\":\"WebSite\",\"@id\":\"https:\/\/instytutpolski.pl\/stockholm\/#website\",\"url\":\"https:\/\/instytutpolski.pl\/stockholm\/\",\"name\":\"Instytut Polski w Sztokholmie\",\"description\":\"Instytuty Polskie\",\"potentialAction\":[{\"@type\":\"SearchAction\",\"target\":{\"@type\":\"EntryPoint\",\"urlTemplate\":\"https:\/\/instytutpolski.pl\/stockholm\/?s={search_term_string}\"},\"query-input\":{\"@type\":\"PropertyValueSpecification\",\"valueRequired\":true,\"valueName\":\"search_term_string\"}}],\"inLanguage\":\"pl-PL\"},{\"@type\":\"Person\",\"@id\":\"https:\/\/instytutpolski.pl\/stockholm\/#\/schema\/person\/062b5a5f61f32b17c98996975db8d556\",\"name\":\"strozniake\",\"image\":{\"@type\":\"ImageObject\",\"inLanguage\":\"pl-PL\",\"@id\":\"https:\/\/instytutpolski.pl\/stockholm\/#\/schema\/person\/image\/\",\"url\":\"https:\/\/secure.gravatar.com\/avatar\/25e0be9897787f9035155a882fde97cc?s=96&d=mm&r=g\",\"contentUrl\":\"https:\/\/secure.gravatar.com\/avatar\/25e0be9897787f9035155a882fde97cc?s=96&d=mm&r=g\",\"caption\":\"strozniake\"},\"sameAs\":[\"http:\/\/strozniake\"],\"url\":\"https:\/\/instytutpolski.pl\/stockholm\/author\/strozniake\/\"}]}<\/script>\n<!-- \/ Yoast SEO plugin. -->","yoast_head_json":{"title":"Barbara Klicka w rozmowie ze Stefanem Ingvarssonem podczas Sztokholmskiego Weekendu Ksi\u0105\u017cki 2021 - Instytut Polski w Sztokholmie","robots":{"index":"index","follow":"follow","max-snippet":"max-snippet:-1","max-image-preview":"max-image-preview:large","max-video-preview":"max-video-preview:-1"},"canonical":"https:\/\/instytutpolski.pl\/stockholm\/pl\/2021\/08\/05\/barbara-klicka-podczas-sztokholmskiego-weekendu-ksiazki-2021\/","og_locale":"pl_PL","og_type":"article","og_title":"Barbara Klicka w rozmowie ze Stefanem Ingvarssonem podczas Sztokholmskiego Weekendu Ksi\u0105\u017cki 2021 - Instytut Polski w Sztokholmie","og_description":"Barbara Klicka (1981, Warszawa) jest pisark\u0105, poetk\u0105, dramatopisark\u0105 oraz redaktork\u0105. W 2012 roku wyda\u0142a zbi\u00f3r poezji \u201eSame, same\u201d, kt\u00f3ry zosta\u0142 nominowany do Wroc\u0142awskiej Nagrody Poetyckiej Silesius. Za jej kolejn\u0105 prac\u0119, \u201eNice\u201d, w 2016 roku otrzyma\u0142a Nagrod\u0119 Literack\u0105 Gdynia oraz Wroc\u0142awsk\u0105 Nagrod\u0119 Poetyck\u0105 Silesius. Od wielu lat wsp\u00f3\u0142pracuje z teatrem \u017cydowskim w Warszawie, a jej scenariusz [&hellip;]","og_url":"https:\/\/instytutpolski.pl\/stockholm\/pl\/2021\/08\/05\/barbara-klicka-podczas-sztokholmskiego-weekendu-ksiazki-2021\/","og_site_name":"Instytut Polski w Sztokholmie","article_published_time":"2021-08-05T12:11:34+00:00","article_modified_time":"2021-08-05T12:12:41+00:00","og_image":[{"width":1120,"height":630,"url":"https:\/\/instytutpolski.pl\/stockholm\/wp-content\/uploads\/sites\/17\/2021\/08\/Barbara-Klicka_baner_www.jpg","type":"image\/jpeg"}],"author":"strozniake","twitter_card":"summary_large_image","twitter_misc":{"Napisane przez":"strozniake","Szacowany czas czytania":"2 minuty"},"schema":{"@context":"https:\/\/schema.org","@graph":[{"@type":"event","@id":"https:\/\/instytutpolski.pl\/stockholm\/pl\/2021\/08\/05\/barbara-klicka-podczas-sztokholmskiego-weekendu-ksiazki-2021\/","url":"https:\/\/instytutpolski.pl\/stockholm\/pl\/2021\/08\/05\/barbara-klicka-podczas-sztokholmskiego-weekendu-ksiazki-2021\/","name":"Barbara Klicka w rozmowie ze Stefanem Ingvarssonem podczas Sztokholmskiego Weekendu Ksi\u0105\u017cki 2021","isPartOf":{"@id":"https:\/\/instytutpolski.pl\/stockholm\/#website"},"primaryImageOfPage":{"@id":"https:\/\/instytutpolski.pl\/stockholm\/pl\/2021\/08\/05\/barbara-klicka-podczas-sztokholmskiego-weekendu-ksiazki-2021\/#primaryimage"},"image":["https:\/\/instytutpolski.pl\/stockholm\/wp-content\/uploads\/sites\/17\/2021\/08\/Barbara-Klicka_baner_www.jpg","https:\/\/instytutpolski.pl\/stockholm\/wp-content\/uploads\/sites\/17\/2021\/08\/Barbara-Klicka_baner_www-300x169.jpg","https:\/\/instytutpolski.pl\/stockholm\/wp-content\/uploads\/sites\/17\/2021\/08\/Barbara-Klicka_baner_www-1024x576.jpg","https:\/\/instytutpolski.pl\/stockholm\/wp-content\/uploads\/sites\/17\/2021\/08\/Barbara-Klicka_baner_www.jpg"],"thumbnailUrl":"https:\/\/instytutpolski.pl\/stockholm\/wp-content\/uploads\/sites\/17\/2021\/08\/Barbara-Klicka_baner_www.jpg","datePublished":"2021-08-05T12:11:34+02:00","dateModified":"2021-08-05T12:12:41+02:00","author":{"@id":"https:\/\/instytutpolski.pl\/stockholm\/#\/schema\/person\/062b5a5f61f32b17c98996975db8d556"},"breadcrumb":{"@id":"https:\/\/instytutpolski.pl\/stockholm\/pl\/2021\/08\/05\/barbara-klicka-podczas-sztokholmskiego-weekendu-ksiazki-2021\/#breadcrumb"},"inLanguage":"pl-PL","potentialAction":[{"@type":"ReadAction","target":["https:\/\/instytutpolski.pl\/stockholm\/pl\/2021\/08\/05\/barbara-klicka-podczas-sztokholmskiego-weekendu-ksiazki-2021\/"]}],"@context":"https:\/\/schema.org","startDate":"2021-08-26T04:00:00+02:00","endDate":"2021-08-26T06:00:00+02:00","eventStatus":"EventScheduled","eventAttendanceMode":"OfflineEventAttendanceMode","location":{"@type":"place","name":"","address":"","geo":{"@type":"GeoCoordinates","latitude":"","longitude":""}},"description":"Barbara Klicka (1981, Warszawa) jest pisark\u0105, poetk\u0105, dramatopisark\u0105 oraz redaktork\u0105. W 2012 roku wyda\u0142a zbi\u00f3r poezji \u201eSame, same\u201d, kt\u00f3ry zosta\u0142 nominowany do Wroc\u0142awskiej Nagrody Poetyckiej Silesius. Za jej kolejn\u0105 prac\u0119, \u201eNice\u201d, w 2016 roku otrzyma\u0142a Nagrod\u0119 Literack\u0105 Gdynia oraz Wroc\u0142awsk\u0105 Nagrod\u0119 Poetyck\u0105 Silesius. Od wielu lat wsp\u00f3\u0142pracuje z teatrem \u017cydowskim w Warszawie, a jej scenariusz do sztuki \u201eElementarz\u201d zosta\u0142 wyre\u017cyserowany przez Piotra Cieplaka i wystawiony w Teatrze Narodowym w Warszawie. W latach 2010 \u2013 2014 Barbara by\u0142a redaktorem magazynu Cwisz, kt\u00f3ry skupia si\u0119 na tematyce \u017cydowskiej literatury i kultury. \u201eZdr\u00f3j\u201d (sz. Urk\u00e4llan) jest jej debiutanck\u0105 ksi\u0105\u017ck\u0105 wydan\u0105 przez polskie wydawnictwo literackie W. A. B. w 2019 roku.\nJu\u017c w te wakacje szwedzcy czytelnicy maj\u0105 szans\u0119 spotka\u0107 Barbar\u0119 Klick\u0105 w rozmowie ze Stefanem Ingvarssonem, kt\u00f3ra odb\u0119dzie si\u0119 w czwartek, 26 sierpnia o godzinie 16:00 w Instytucie Cervantes.\nWydarzenie odbywa si\u0119 w ramach Sztokholmskiego Weekendu Ksi\u0105\u017cki (Stockholms Bokhelg), gdzie w dniach 26\u201329 sierpnia 2021 ponad 100 r\u00f3\u017cnych wydawnictw, ksi\u0119garni, muze\u00f3w oraz instytucji zape\u0142ni ulice Sztokholmu postaciami zwi\u0105zanymi z literatur\u0105. Uczestnictwo w festiwalu jest darmowe, a pomoc w nawigowaniu mi\u0119dzy licznymi wydarzeniami zapewnia specjalnie stworzona na t\u0119 okazj\u0119 mapa, dzi\u0119ki kt\u00f3rej odwiedzaj\u0105cy mog\u0105 zaplanowa\u0107 swoj\u0105 podr\u00f3\u017c pomi\u0119dzy spotkaniami z autorami, wyprzeda\u017cami ksi\u0105\u017cek oraz premierami.\nO ksi\u0105\u017cce:\nM\u0142oda kobieta, Kama z Warszawy, przyje\u017cd\u017ca do ma\u0142ego sanatorium Ciechocinek, by podda\u0107 si\u0119 rehabilitacji po dw\u00f3ch ci\u0119\u017ckich zabiegach. To nie jest jej pierwszy raz w miejscu tego typu, poniewa\u017c po\u0142ow\u0119 dzieci\u0144stwa sp\u0119dzi\u0142a na wizytach w uzdrowiskach, lecz tym razem jest inaczej. Tym razem nie jest ju\u017c dzieckiem. Nowy \u015bwiat sanatarium zdaje si\u0119 by\u0107 pe\u0142en rytua\u0142\u00f3w, hierarchii i niepisanych zasad, kt\u00f3re pomimo du\u017cego wysi\u0142ku Kamy, s\u0105 bardzo ci\u0119\u017ckie do zrozumienia i zastosowania. Cielesno\u015b\u0107 oraz podzia\u0142 pomi\u0119dzy pa\u0144stwowym systemem zdrowotnym a wrog\u0105 biurokracj\u0105 tworz\u0105 klaustrofobiczn\u0105 atmosfer\u0119. Wydarzenia w powie\u015bci odgrywaj\u0105 si\u0119 na pograniczu zdrowia i choroby, przyjemno\u015bci i b\u00f3lu, m\u0142odo\u015bci i przemijaj\u0105cego czasu. Mroczne zakamarki budynku mieszaj\u0105 si\u0119 z codzienno\u015bci\u0105 \u017cycia w sanatorium i skrywaj\u0105 wiele sekret\u00f3w.\nSpotkanie z Barbar\u0105 Klick\u0105 jest mo\u017cliwe dzi\u0119ki wsp\u00f3\u0142pracy Instytutu Polskiego w Sztokholmie z wydawnictwem Prosak, Instytutem Cervantes w Sztokholmie oraz Stockholms Bokhelg."},{"@type":"ImageObject","inLanguage":"pl-PL","@id":"https:\/\/instytutpolski.pl\/stockholm\/pl\/2021\/08\/05\/barbara-klicka-podczas-sztokholmskiego-weekendu-ksiazki-2021\/#primaryimage","url":"https:\/\/instytutpolski.pl\/stockholm\/wp-content\/uploads\/sites\/17\/2021\/08\/Barbara-Klicka_baner_www.jpg","contentUrl":"https:\/\/instytutpolski.pl\/stockholm\/wp-content\/uploads\/sites\/17\/2021\/08\/Barbara-Klicka_baner_www.jpg","width":1120,"height":630},{"@type":"BreadcrumbList","@id":"https:\/\/instytutpolski.pl\/stockholm\/pl\/2021\/08\/05\/barbara-klicka-podczas-sztokholmskiego-weekendu-ksiazki-2021\/#breadcrumb","itemListElement":[{"@type":"ListItem","position":1,"name":"Home","item":"https:\/\/instytutpolski.pl\/stockholm\/"},{"@type":"ListItem","position":2,"name":"Barbara Klicka w rozmowie ze Stefanem Ingvarssonem podczas Sztokholmskiego Weekendu Ksi\u0105\u017cki 2021"}]},{"@type":"WebSite","@id":"https:\/\/instytutpolski.pl\/stockholm\/#website","url":"https:\/\/instytutpolski.pl\/stockholm\/","name":"Instytut Polski w Sztokholmie","description":"Instytuty Polskie","potentialAction":[{"@type":"SearchAction","target":{"@type":"EntryPoint","urlTemplate":"https:\/\/instytutpolski.pl\/stockholm\/?s={search_term_string}"},"query-input":{"@type":"PropertyValueSpecification","valueRequired":true,"valueName":"search_term_string"}}],"inLanguage":"pl-PL"},{"@type":"Person","@id":"https:\/\/instytutpolski.pl\/stockholm\/#\/schema\/person\/062b5a5f61f32b17c98996975db8d556","name":"strozniake","image":{"@type":"ImageObject","inLanguage":"pl-PL","@id":"https:\/\/instytutpolski.pl\/stockholm\/#\/schema\/person\/image\/","url":"https:\/\/secure.gravatar.com\/avatar\/25e0be9897787f9035155a882fde97cc?s=96&d=mm&r=g","contentUrl":"https:\/\/secure.gravatar.com\/avatar\/25e0be9897787f9035155a882fde97cc?s=96&d=mm&r=g","caption":"strozniake"},"sameAs":["http:\/\/strozniake"],"url":"https:\/\/instytutpolski.pl\/stockholm\/author\/strozniake\/"}]}},"_links":{"self":[{"href":"https:\/\/instytutpolski.pl\/stockholm\/wp-json\/wp\/v2\/posts\/6054","targetHints":{"allow":["GET"]}}],"collection":[{"href":"https:\/\/instytutpolski.pl\/stockholm\/wp-json\/wp\/v2\/posts"}],"about":[{"href":"https:\/\/instytutpolski.pl\/stockholm\/wp-json\/wp\/v2\/types\/post"}],"author":[{"embeddable":true,"href":"https:\/\/instytutpolski.pl\/stockholm\/wp-json\/wp\/v2\/users\/29"}],"replies":[{"embeddable":true,"href":"https:\/\/instytutpolski.pl\/stockholm\/wp-json\/wp\/v2\/comments?post=6054"}],"version-history":[{"count":7,"href":"https:\/\/instytutpolski.pl\/stockholm\/wp-json\/wp\/v2\/posts\/6054\/revisions"}],"predecessor-version":[{"id":6063,"href":"https:\/\/instytutpolski.pl\/stockholm\/wp-json\/wp\/v2\/posts\/6054\/revisions\/6063"}],"wp:featuredmedia":[{"embeddable":true,"href":"https:\/\/instytutpolski.pl\/stockholm\/wp-json\/wp\/v2\/media\/6048"}],"wp:attachment":[{"href":"https:\/\/instytutpolski.pl\/stockholm\/wp-json\/wp\/v2\/media?parent=6054"}],"wp:term":[{"taxonomy":"category","embeddable":true,"href":"https:\/\/instytutpolski.pl\/stockholm\/wp-json\/wp\/v2\/categories?post=6054"},{"taxonomy":"post_tag","embeddable":true,"href":"https:\/\/instytutpolski.pl\/stockholm\/wp-json\/wp\/v2\/tags?post=6054"}],"curies":[{"name":"wp","href":"https:\/\/api.w.org\/{rel}","templated":true}]}}