{"id":6069,"date":"2021-08-18T15:48:09","date_gmt":"2021-08-18T13:48:09","guid":{"rendered":"https:\/\/instytutpolski.pl\/stockholm\/?p=6069"},"modified":"2021-08-23T12:33:12","modified_gmt":"2021-08-23T10:33:12","slug":"dialog-skulptur-i-brons-en-utstallning-av-jerzy-och-krystyna-nowakowski","status":"publish","type":"post","link":"https:\/\/instytutpolski.pl\/stockholm\/2021\/08\/18\/dialog-skulptur-i-brons-en-utstallning-av-jerzy-och-krystyna-nowakowski\/","title":{"rendered":"&#8222;DIALOG \u2013 skulptur i brons&#8221; En utst\u00e4llning av Jerzy och Krystyna Nowakowski"},"content":{"rendered":"\n<div class=\"wp-block-columns is-layout-flex wp-container-core-columns-is-layout-3 wp-block-columns-is-layout-flex\">\n<div class=\"wp-block-column is-layout-flow wp-block-column-is-layout-flow\" style=\"flex-basis:100%\">\n<div class=\"wp-block-group\"><div class=\"wp-block-group__inner-container is-layout-flow wp-block-group-is-layout-flow\">\n<div class=\"wp-block-columns are-vertically-aligned-center is-layout-flex wp-container-core-columns-is-layout-2 wp-block-columns-is-layout-flex\">\n<div class=\"wp-block-column is-vertically-aligned-center is-layout-flow wp-block-column-is-layout-flow\" style=\"flex-basis:100%\">\n<div class=\"wp-block-columns is-layout-flex wp-container-core-columns-is-layout-1 wp-block-columns-is-layout-flex\">\n<div class=\"wp-block-column is-layout-flow wp-block-column-is-layout-flow\" style=\"flex-basis:100%\">\n<figure class=\"wp-block-gallery columns-3 is-cropped wp-block-gallery-1 is-layout-flex wp-block-gallery-is-layout-flex\"><ul class=\"blocks-gallery-grid\"><li class=\"blocks-gallery-item\"><figure><a href=\"https:\/\/instytutpolski.pl\/stockholm\/wp-content\/uploads\/sites\/17\/2021\/08\/World-Trade-Center-2001-awers.jpg\"><img loading=\"lazy\" decoding=\"async\" width=\"300\" height=\"300\" src=\"https:\/\/instytutpolski.pl\/stockholm\/wp-content\/uploads\/sites\/17\/2021\/08\/World-Trade-Center-2001-awers-300x300.jpg\" alt=\"\" data-id=\"6076\" data-full-url=\"https:\/\/instytutpolski.pl\/stockholm\/wp-content\/uploads\/sites\/17\/2021\/08\/World-Trade-Center-2001-awers.jpg\" data-link=\"https:\/\/instytutpolski.pl\/stockholm\/?attachment_id=6076\" class=\"wp-image-6076\" srcset=\"https:\/\/instytutpolski.pl\/stockholm\/wp-content\/uploads\/sites\/17\/2021\/08\/World-Trade-Center-2001-awers-300x300.jpg 300w, https:\/\/instytutpolski.pl\/stockholm\/wp-content\/uploads\/sites\/17\/2021\/08\/World-Trade-Center-2001-awers-150x150.jpg 150w, https:\/\/instytutpolski.pl\/stockholm\/wp-content\/uploads\/sites\/17\/2021\/08\/World-Trade-Center-2001-awers.jpg 768w\" sizes=\"auto, (max-width: 300px) 100vw, 300px\" \/><\/a><\/figure><\/li><li class=\"blocks-gallery-item\"><figure><a href=\"https:\/\/instytutpolski.pl\/stockholm\/wp-content\/uploads\/sites\/17\/2021\/08\/Krystyna-ANSAMBLE-braz-granit-84-cm-scaled.jpg\"><img loading=\"lazy\" decoding=\"async\" width=\"225\" height=\"300\" src=\"https:\/\/instytutpolski.pl\/stockholm\/wp-content\/uploads\/sites\/17\/2021\/08\/Krystyna-ANSAMBLE-braz-granit-84-cm-225x300.jpg\" alt=\"\" data-id=\"6073\" data-full-url=\"https:\/\/instytutpolski.pl\/stockholm\/wp-content\/uploads\/sites\/17\/2021\/08\/Krystyna-ANSAMBLE-braz-granit-84-cm-scaled.jpg\" data-link=\"https:\/\/instytutpolski.pl\/stockholm\/?attachment_id=6073\" class=\"wp-image-6073\" srcset=\"https:\/\/instytutpolski.pl\/stockholm\/wp-content\/uploads\/sites\/17\/2021\/08\/Krystyna-ANSAMBLE-braz-granit-84-cm-225x300.jpg 225w, https:\/\/instytutpolski.pl\/stockholm\/wp-content\/uploads\/sites\/17\/2021\/08\/Krystyna-ANSAMBLE-braz-granit-84-cm-768x1024.jpg 768w, https:\/\/instytutpolski.pl\/stockholm\/wp-content\/uploads\/sites\/17\/2021\/08\/Krystyna-ANSAMBLE-braz-granit-84-cm-1152x1536.jpg 1152w, https:\/\/instytutpolski.pl\/stockholm\/wp-content\/uploads\/sites\/17\/2021\/08\/Krystyna-ANSAMBLE-braz-granit-84-cm-1536x2048.jpg 1536w, https:\/\/instytutpolski.pl\/stockholm\/wp-content\/uploads\/sites\/17\/2021\/08\/Krystyna-ANSAMBLE-braz-granit-84-cm-scaled.jpg 1920w\" sizes=\"auto, (max-width: 225px) 100vw, 225px\" \/><\/a><\/figure><\/li><li class=\"blocks-gallery-item\"><figure><a href=\"https:\/\/instytutpolski.pl\/stockholm\/wp-content\/uploads\/sites\/17\/2021\/08\/Jurek-W-rospadzie-braz-granit-2021.png\"><img loading=\"lazy\" decoding=\"async\" width=\"266\" height=\"300\" src=\"https:\/\/instytutpolski.pl\/stockholm\/wp-content\/uploads\/sites\/17\/2021\/08\/Jurek-W-rospadzie-braz-granit-2021-266x300.png\" alt=\"\" data-id=\"6075\" data-full-url=\"https:\/\/instytutpolski.pl\/stockholm\/wp-content\/uploads\/sites\/17\/2021\/08\/Jurek-W-rospadzie-braz-granit-2021.png\" data-link=\"https:\/\/instytutpolski.pl\/stockholm\/?attachment_id=6075\" class=\"wp-image-6075\" srcset=\"https:\/\/instytutpolski.pl\/stockholm\/wp-content\/uploads\/sites\/17\/2021\/08\/Jurek-W-rospadzie-braz-granit-2021-266x300.png 266w, https:\/\/instytutpolski.pl\/stockholm\/wp-content\/uploads\/sites\/17\/2021\/08\/Jurek-W-rospadzie-braz-granit-2021-909x1024.png 909w, https:\/\/instytutpolski.pl\/stockholm\/wp-content\/uploads\/sites\/17\/2021\/08\/Jurek-W-rospadzie-braz-granit-2021-768x865.png 768w, https:\/\/instytutpolski.pl\/stockholm\/wp-content\/uploads\/sites\/17\/2021\/08\/Jurek-W-rospadzie-braz-granit-2021-1364x1536.png 1364w, https:\/\/instytutpolski.pl\/stockholm\/wp-content\/uploads\/sites\/17\/2021\/08\/Jurek-W-rospadzie-braz-granit-2021-1818x2048.png 1818w\" sizes=\"auto, (max-width: 266px) 100vw, 266px\" \/><\/a><\/figure><\/li><\/ul><\/figure>\n<\/div>\n<\/div>\n<\/div>\n<\/div>\n<\/div><\/div>\n<\/div>\n<\/div>\n\n\n\n<p>S\u00f6lvesborgs konstf\u00f6rening och Svensk-Polska F\u00f6reningen h\u00e4lsar tv\u00e5 polska konstn\u00e4rer Jerzy och Krystyna Nowakowski fr\u00e5n Krakow v\u00e4lkomna tillbaka till S\u00f6lvesborg, d\u00e4r de senast deltog i en grupputst\u00e4llning med polska konstn\u00e4rer \u00e5r 2000. <\/p>\n\n\n\n<p><strong>Jerzy Nowakowski<\/strong>&nbsp;\u00e4r en av Polens fr\u00e4mste skulpt\u00f6rer och skapare av minnesmedaljer. Han har gjort m\u00e5nga stora, offentliga uppdrag runt om i Polen och haft stora utst\u00e4llningar ute i Europa och \u00e4ven i Sverige. Han \u00e4r utbildad vid Konstakademin i Krakow, d\u00e4r han senare varit professor och prorektor. Hans skulpturer vill ofta f\u00f6rmedla k\u00e4nslan av en v\u00e4rld i uppbrott men ocks\u00e5 f\u00f6rmedla tankar kring s\u00f6kande efter en helhet i tillvaron.<\/p>\n\n\n\n<p><strong>Krystyna Nowakowska<\/strong>&nbsp;\u00e4r en av Polens skickliga kvinnliga skulpt\u00f6rer, som framf\u00f6r allt arbetar med bronsskulpturer i mindre format. Hon \u00e4r utbildad vid Konstakademin i Krakow och har ocks\u00e5 st\u00e4llt ut runt om i Polen och Europa. Hon anv\u00e4nder sig av en mycket gammal gjutmetod, som kallas \u201df\u00f6rlorad vax eller cire perdue\u201d. Hennes skulpturer visar sm\u00e4ckra, ofta kvinnliga, figurer som v\u00e4cker fantasi och fascination kring kvinnokroppen eller vardagsf\u00f6rem\u00e5l.<\/p>\n\n\n\n<p><\/p>\n\n\n\n<p>En utst\u00e4llning \u00e4r ett samarbete mellan S\u00f6lvesborgs Konstf\u00f6rening och Svensk-Polska F\u00f6reningen, med st\u00f6d av Stena Line och Polska institutet Stockholm.<span data-mce-type=\"bookmark\" id=\"mce_1_start\" data-mce-style=\"overflow:hidden;line-height:0px\" style=\"overflow:hidden;line-height:0px\"><\/span><span data-mce-type=\"bookmark\" id=\"mce_1_start\" data-mce-style=\"overflow:hidden;line-height:0px\" style=\"overflow:hidden;line-height:0px\"><\/span><\/p>\n\n\n\n<p><\/p>\n\n\n\n<p>\u00d6ppettider finns p\u00e5 <a href=\"https:\/\/www.solvesborgskonstforening.se\/utst%C3%A4llningar\/aktuell-utst%C3%A4llning-33693876\" data-type=\"URL\" data-id=\"https:\/\/www.solvesborgskonstforening.se\/utst%C3%A4llningar\/aktuell-utst%C3%A4llning-33693876\" target=\"_blank\" rel=\"noreferrer noopener\">S\u00f6lvesborg konstf\u00f6reningens hemsida<\/a>.<\/p>\n\n\n\n<figure class=\"wp-block-gallery columns-1 is-cropped wp-block-gallery-2 is-layout-flex wp-block-gallery-is-layout-flex\"><ul class=\"blocks-gallery-grid\"><li class=\"blocks-gallery-item\"><figure><a href=\"https:\/\/instytutpolski.pl\/stockholm\/wp-content\/uploads\/sites\/17\/2021\/08\/DIALOG-\u2013-skulptur-i-brons.jpg\"><img loading=\"lazy\" decoding=\"async\" width=\"1024\" height=\"576\" src=\"https:\/\/instytutpolski.pl\/stockholm\/wp-content\/uploads\/sites\/17\/2021\/08\/DIALOG-\u2013-skulptur-i-brons-1024x576.jpg\" alt=\"\" data-id=\"6091\" data-full-url=\"https:\/\/instytutpolski.pl\/stockholm\/wp-content\/uploads\/sites\/17\/2021\/08\/DIALOG-\u2013-skulptur-i-brons.jpg\" data-link=\"https:\/\/instytutpolski.pl\/stockholm\/2021\/08\/18\/dialog-skulptur-i-brons-en-utstallning-av-jerzy-och-krystyna-nowakowski\/dialog-skulptur-i-brons\/\" class=\"wp-image-6091\" srcset=\"https:\/\/instytutpolski.pl\/stockholm\/wp-content\/uploads\/sites\/17\/2021\/08\/DIALOG-\u2013-skulptur-i-brons-1024x576.jpg 1024w, https:\/\/instytutpolski.pl\/stockholm\/wp-content\/uploads\/sites\/17\/2021\/08\/DIALOG-\u2013-skulptur-i-brons-300x169.jpg 300w, https:\/\/instytutpolski.pl\/stockholm\/wp-content\/uploads\/sites\/17\/2021\/08\/DIALOG-\u2013-skulptur-i-brons-768x432.jpg 768w, https:\/\/instytutpolski.pl\/stockholm\/wp-content\/uploads\/sites\/17\/2021\/08\/DIALOG-\u2013-skulptur-i-brons.jpg 1120w\" sizes=\"auto, (max-width: 1024px) 100vw, 1024px\" \/><\/a><\/figure><\/li><\/ul><\/figure>\n\n\n\n<p><\/p>\n\n\n\n<p><\/p>\n","protected":false},"excerpt":{"rendered":"<p>S\u00f6lvesborgs konstf\u00f6rening och Svensk-Polska F\u00f6reningen h\u00e4lsar tv\u00e5 polska konstn\u00e4rer Jerzy och Krystyna Nowakowski fr\u00e5n Krakow v\u00e4lkomna tillbaka till S\u00f6lvesborg, d\u00e4r de senast deltog i en grupputst\u00e4llning med polska konstn\u00e4rer \u00e5r 2000. Jerzy Nowakowski&nbsp;\u00e4r en av Polens fr\u00e4mste skulpt\u00f6rer och skapare av minnesmedaljer. Han har gjort m\u00e5nga stora, offentliga uppdrag runt om i Polen och haft [&hellip;]<\/p>\n","protected":false},"author":29,"featured_media":6168,"comment_status":"closed","ping_status":"open","sticky":false,"template":"","format":"standard","meta":{"inline_featured_image":false,"_monsterinsights_skip_tracking":false,"_monsterinsights_sitenote_active":false,"_monsterinsights_sitenote_note":"","_monsterinsights_sitenote_category":0,"footnotes":""},"categories":[12,102],"tags":[],"class_list":["post-6069","post","type-post","status-publish","format-standard","has-post-thumbnail","hentry","category-evenemang","category-konst"],"yoast_head":"<!-- This site is optimized with the Yoast SEO plugin v24.6 - https:\/\/yoast.com\/wordpress\/plugins\/seo\/ -->\n<title>&quot;DIALOG \u2013 skulptur i brons&quot; En utst\u00e4llning av Jerzy och Krystyna Nowakowski - Instytut Polski w Sztokholmie<\/title>\n<meta name=\"robots\" content=\"index, follow, max-snippet:-1, max-image-preview:large, max-video-preview:-1\" \/>\n<link rel=\"canonical\" href=\"https:\/\/instytutpolski.pl\/stockholm\/2021\/08\/18\/dialog-skulptur-i-brons-en-utstallning-av-jerzy-och-krystyna-nowakowski\/\" \/>\n<meta property=\"og:locale\" content=\"pl_PL\" \/>\n<meta property=\"og:type\" content=\"article\" \/>\n<meta property=\"og:title\" content=\"&quot;DIALOG \u2013 skulptur i brons&quot; En utst\u00e4llning av Jerzy och Krystyna Nowakowski - Instytut Polski w Sztokholmie\" \/>\n<meta property=\"og:description\" content=\"S\u00f6lvesborgs konstf\u00f6rening och Svensk-Polska F\u00f6reningen h\u00e4lsar tv\u00e5 polska konstn\u00e4rer Jerzy och Krystyna Nowakowski fr\u00e5n Krakow v\u00e4lkomna tillbaka till S\u00f6lvesborg, d\u00e4r de senast deltog i en grupputst\u00e4llning med polska konstn\u00e4rer \u00e5r 2000. Jerzy Nowakowski&nbsp;\u00e4r en av Polens fr\u00e4mste skulpt\u00f6rer och skapare av minnesmedaljer. Han har gjort m\u00e5nga stora, offentliga uppdrag runt om i Polen och haft [&hellip;]\" \/>\n<meta property=\"og:url\" content=\"https:\/\/instytutpolski.pl\/stockholm\/2021\/08\/18\/dialog-skulptur-i-brons-en-utstallning-av-jerzy-och-krystyna-nowakowski\/\" \/>\n<meta property=\"og:site_name\" content=\"Instytut Polski w Sztokholmie\" \/>\n<meta property=\"article:published_time\" content=\"2021-08-18T13:48:09+00:00\" \/>\n<meta property=\"article:modified_time\" content=\"2021-08-23T10:33:12+00:00\" \/>\n<meta property=\"og:image\" content=\"https:\/\/instytutpolski.pl\/stockholm\/wp-content\/uploads\/sites\/17\/2021\/08\/Hemsida-banner-Solvesborg.jpg\" \/>\n\t<meta property=\"og:image:width\" content=\"1120\" \/>\n\t<meta property=\"og:image:height\" content=\"630\" \/>\n\t<meta property=\"og:image:type\" content=\"image\/jpeg\" \/>\n<meta name=\"author\" content=\"strozniake\" \/>\n<meta name=\"twitter:card\" content=\"summary_large_image\" \/>\n<meta name=\"twitter:label1\" content=\"Napisane przez\" \/>\n\t<meta name=\"twitter:data1\" content=\"strozniake\" \/>\n\t<meta name=\"twitter:label2\" content=\"Szacowany czas czytania\" \/>\n\t<meta name=\"twitter:data2\" content=\"1 minuta\" \/>\n<script type=\"application\/ld+json\" class=\"yoast-schema-graph\">{\"@context\":\"https:\/\/schema.org\",\"@graph\":[{\"@type\":\"event\",\"@id\":\"https:\/\/instytutpolski.pl\/stockholm\/2021\/08\/18\/dialog-skulptur-i-brons-en-utstallning-av-jerzy-och-krystyna-nowakowski\/\",\"url\":\"https:\/\/instytutpolski.pl\/stockholm\/2021\/08\/18\/dialog-skulptur-i-brons-en-utstallning-av-jerzy-och-krystyna-nowakowski\/\",\"name\":\"\\\"DIALOG \u2013 skulptur i brons\\\" En utst\u00e4llning av Jerzy och Krystyna Nowakowski\",\"isPartOf\":{\"@id\":\"https:\/\/instytutpolski.pl\/stockholm\/#website\"},\"primaryImageOfPage\":{\"@id\":\"https:\/\/instytutpolski.pl\/stockholm\/2021\/08\/18\/dialog-skulptur-i-brons-en-utstallning-av-jerzy-och-krystyna-nowakowski\/#primaryimage\"},\"image\":[\"https:\/\/instytutpolski.pl\/stockholm\/wp-content\/uploads\/sites\/17\/2021\/08\/Hemsida-banner-Solvesborg.jpg\",\"https:\/\/instytutpolski.pl\/stockholm\/wp-content\/uploads\/sites\/17\/2021\/08\/Hemsida-banner-Solvesborg-300x169.jpg\",\"https:\/\/instytutpolski.pl\/stockholm\/wp-content\/uploads\/sites\/17\/2021\/08\/Hemsida-banner-Solvesborg-1024x576.jpg\",\"https:\/\/instytutpolski.pl\/stockholm\/wp-content\/uploads\/sites\/17\/2021\/08\/Hemsida-banner-Solvesborg.jpg\"],\"thumbnailUrl\":\"https:\/\/instytutpolski.pl\/stockholm\/wp-content\/uploads\/sites\/17\/2021\/08\/Hemsida-banner-Solvesborg.jpg\",\"datePublished\":\"2021-08-18T13:48:09+02:00\",\"dateModified\":\"2021-08-23T10:33:12+02:00\",\"author\":{\"@id\":\"https:\/\/instytutpolski.pl\/stockholm\/#\/schema\/person\/062b5a5f61f32b17c98996975db8d556\"},\"breadcrumb\":{\"@id\":\"https:\/\/instytutpolski.pl\/stockholm\/2021\/08\/18\/dialog-skulptur-i-brons-en-utstallning-av-jerzy-och-krystyna-nowakowski\/#breadcrumb\"},\"inLanguage\":\"pl-PL\",\"potentialAction\":[{\"@type\":\"ReadAction\",\"target\":[\"https:\/\/instytutpolski.pl\/stockholm\/2021\/08\/18\/dialog-skulptur-i-brons-en-utstallning-av-jerzy-och-krystyna-nowakowski\/\"]}],\"@context\":\"https:\/\/schema.org\",\"startDate\":\"2021-09-04\",\"endDate\":\"2021-10-03\",\"eventStatus\":\"EventScheduled\",\"eventAttendanceMode\":\"OfflineEventAttendanceMode\",\"location\":{\"@type\":\"place\",\"name\":\"\",\"address\":\"\",\"geo\":{\"@type\":\"GeoCoordinates\",\"latitude\":\"\",\"longitude\":\"\"}},\"description\":\"S\u00f6lvesborgs konstf\u00f6rening och Svensk-Polska F\u00f6reningen h\u00e4lsar tv\u00e5 polska konstn\u00e4rer Jerzy och Krystyna Nowakowski fr\u00e5n Krakow v\u00e4lkomna tillbaka till S\u00f6lvesborg, d\u00e4r de senast deltog i en grupputst\u00e4llning med polska konstn\u00e4rer \u00e5r 2000. \\nJerzy Nowakowski \u00e4r en av Polens fr\u00e4mste skulpt\u00f6rer och skapare av minnesmedaljer. Han har gjort m\u00e5nga stora, offentliga uppdrag runt om i Polen och haft stora utst\u00e4llningar ute i Europa och \u00e4ven i Sverige. Han \u00e4r utbildad vid Konstakademin i Krakow, d\u00e4r han senare varit professor och prorektor. Hans skulpturer vill ofta f\u00f6rmedla k\u00e4nslan av en v\u00e4rld i uppbrott men ocks\u00e5 f\u00f6rmedla tankar kring s\u00f6kande efter en helhet i tillvaron.\\nKrystyna Nowakowska \u00e4r en av Polens skickliga kvinnliga skulpt\u00f6rer, som framf\u00f6r allt arbetar med bronsskulpturer i mindre format. Hon \u00e4r utbildad vid Konstakademin i Krakow och har ocks\u00e5 st\u00e4llt ut runt om i Polen och Europa. Hon anv\u00e4nder sig av en mycket gammal gjutmetod, som kallas \u201df\u00f6rlorad vax eller cire perdue\u201d. Hennes skulpturer visar sm\u00e4ckra, ofta kvinnliga, figurer som v\u00e4cker fantasi och fascination kring kvinnokroppen eller vardagsf\u00f6rem\u00e5l.\\nEn utst\u00e4llning \u00e4r ett samarbete mellan S\u00f6lvesborgs Konstf\u00f6rening och Svensk-Polska F\u00f6reningen, med st\u00f6d av Stena Line och Polska institutet Stockholm.\\n\u00d6ppettider finns p\u00e5 S\u00f6lvesborg konstf\u00f6reningens hemsida.\"},{\"@type\":\"ImageObject\",\"inLanguage\":\"pl-PL\",\"@id\":\"https:\/\/instytutpolski.pl\/stockholm\/2021\/08\/18\/dialog-skulptur-i-brons-en-utstallning-av-jerzy-och-krystyna-nowakowski\/#primaryimage\",\"url\":\"https:\/\/instytutpolski.pl\/stockholm\/wp-content\/uploads\/sites\/17\/2021\/08\/Hemsida-banner-Solvesborg.jpg\",\"contentUrl\":\"https:\/\/instytutpolski.pl\/stockholm\/wp-content\/uploads\/sites\/17\/2021\/08\/Hemsida-banner-Solvesborg.jpg\",\"width\":1120,\"height\":630},{\"@type\":\"BreadcrumbList\",\"@id\":\"https:\/\/instytutpolski.pl\/stockholm\/2021\/08\/18\/dialog-skulptur-i-brons-en-utstallning-av-jerzy-och-krystyna-nowakowski\/#breadcrumb\",\"itemListElement\":[{\"@type\":\"ListItem\",\"position\":1,\"name\":\"Home\",\"item\":\"https:\/\/instytutpolski.pl\/stockholm\/\"},{\"@type\":\"ListItem\",\"position\":2,\"name\":\"&#8221;DIALOG \u2013 skulptur i brons&#8221; En utst\u00e4llning av Jerzy och Krystyna Nowakowski\"}]},{\"@type\":\"WebSite\",\"@id\":\"https:\/\/instytutpolski.pl\/stockholm\/#website\",\"url\":\"https:\/\/instytutpolski.pl\/stockholm\/\",\"name\":\"Instytut Polski w Sztokholmie\",\"description\":\"Instytuty Polskie\",\"potentialAction\":[{\"@type\":\"SearchAction\",\"target\":{\"@type\":\"EntryPoint\",\"urlTemplate\":\"https:\/\/instytutpolski.pl\/stockholm\/?s={search_term_string}\"},\"query-input\":{\"@type\":\"PropertyValueSpecification\",\"valueRequired\":true,\"valueName\":\"search_term_string\"}}],\"inLanguage\":\"pl-PL\"},{\"@type\":\"Person\",\"@id\":\"https:\/\/instytutpolski.pl\/stockholm\/#\/schema\/person\/062b5a5f61f32b17c98996975db8d556\",\"name\":\"strozniake\",\"image\":{\"@type\":\"ImageObject\",\"inLanguage\":\"pl-PL\",\"@id\":\"https:\/\/instytutpolski.pl\/stockholm\/#\/schema\/person\/image\/\",\"url\":\"https:\/\/secure.gravatar.com\/avatar\/25e0be9897787f9035155a882fde97cc?s=96&d=mm&r=g\",\"contentUrl\":\"https:\/\/secure.gravatar.com\/avatar\/25e0be9897787f9035155a882fde97cc?s=96&d=mm&r=g\",\"caption\":\"strozniake\"},\"sameAs\":[\"http:\/\/strozniake\"],\"url\":\"https:\/\/instytutpolski.pl\/stockholm\/author\/strozniake\/\"}]}<\/script>\n<!-- \/ Yoast SEO plugin. -->","yoast_head_json":{"title":"\"DIALOG \u2013 skulptur i brons\" En utst\u00e4llning av Jerzy och Krystyna Nowakowski - Instytut Polski w Sztokholmie","robots":{"index":"index","follow":"follow","max-snippet":"max-snippet:-1","max-image-preview":"max-image-preview:large","max-video-preview":"max-video-preview:-1"},"canonical":"https:\/\/instytutpolski.pl\/stockholm\/2021\/08\/18\/dialog-skulptur-i-brons-en-utstallning-av-jerzy-och-krystyna-nowakowski\/","og_locale":"pl_PL","og_type":"article","og_title":"\"DIALOG \u2013 skulptur i brons\" En utst\u00e4llning av Jerzy och Krystyna Nowakowski - Instytut Polski w Sztokholmie","og_description":"S\u00f6lvesborgs konstf\u00f6rening och Svensk-Polska F\u00f6reningen h\u00e4lsar tv\u00e5 polska konstn\u00e4rer Jerzy och Krystyna Nowakowski fr\u00e5n Krakow v\u00e4lkomna tillbaka till S\u00f6lvesborg, d\u00e4r de senast deltog i en grupputst\u00e4llning med polska konstn\u00e4rer \u00e5r 2000. Jerzy Nowakowski&nbsp;\u00e4r en av Polens fr\u00e4mste skulpt\u00f6rer och skapare av minnesmedaljer. Han har gjort m\u00e5nga stora, offentliga uppdrag runt om i Polen och haft [&hellip;]","og_url":"https:\/\/instytutpolski.pl\/stockholm\/2021\/08\/18\/dialog-skulptur-i-brons-en-utstallning-av-jerzy-och-krystyna-nowakowski\/","og_site_name":"Instytut Polski w Sztokholmie","article_published_time":"2021-08-18T13:48:09+00:00","article_modified_time":"2021-08-23T10:33:12+00:00","og_image":[{"width":1120,"height":630,"url":"https:\/\/instytutpolski.pl\/stockholm\/wp-content\/uploads\/sites\/17\/2021\/08\/Hemsida-banner-Solvesborg.jpg","type":"image\/jpeg"}],"author":"strozniake","twitter_card":"summary_large_image","twitter_misc":{"Napisane przez":"strozniake","Szacowany czas czytania":"1 minuta"},"schema":{"@context":"https:\/\/schema.org","@graph":[{"@type":"event","@id":"https:\/\/instytutpolski.pl\/stockholm\/2021\/08\/18\/dialog-skulptur-i-brons-en-utstallning-av-jerzy-och-krystyna-nowakowski\/","url":"https:\/\/instytutpolski.pl\/stockholm\/2021\/08\/18\/dialog-skulptur-i-brons-en-utstallning-av-jerzy-och-krystyna-nowakowski\/","name":"\"DIALOG \u2013 skulptur i brons\" En utst\u00e4llning av Jerzy och Krystyna Nowakowski","isPartOf":{"@id":"https:\/\/instytutpolski.pl\/stockholm\/#website"},"primaryImageOfPage":{"@id":"https:\/\/instytutpolski.pl\/stockholm\/2021\/08\/18\/dialog-skulptur-i-brons-en-utstallning-av-jerzy-och-krystyna-nowakowski\/#primaryimage"},"image":["https:\/\/instytutpolski.pl\/stockholm\/wp-content\/uploads\/sites\/17\/2021\/08\/Hemsida-banner-Solvesborg.jpg","https:\/\/instytutpolski.pl\/stockholm\/wp-content\/uploads\/sites\/17\/2021\/08\/Hemsida-banner-Solvesborg-300x169.jpg","https:\/\/instytutpolski.pl\/stockholm\/wp-content\/uploads\/sites\/17\/2021\/08\/Hemsida-banner-Solvesborg-1024x576.jpg","https:\/\/instytutpolski.pl\/stockholm\/wp-content\/uploads\/sites\/17\/2021\/08\/Hemsida-banner-Solvesborg.jpg"],"thumbnailUrl":"https:\/\/instytutpolski.pl\/stockholm\/wp-content\/uploads\/sites\/17\/2021\/08\/Hemsida-banner-Solvesborg.jpg","datePublished":"2021-08-18T13:48:09+02:00","dateModified":"2021-08-23T10:33:12+02:00","author":{"@id":"https:\/\/instytutpolski.pl\/stockholm\/#\/schema\/person\/062b5a5f61f32b17c98996975db8d556"},"breadcrumb":{"@id":"https:\/\/instytutpolski.pl\/stockholm\/2021\/08\/18\/dialog-skulptur-i-brons-en-utstallning-av-jerzy-och-krystyna-nowakowski\/#breadcrumb"},"inLanguage":"pl-PL","potentialAction":[{"@type":"ReadAction","target":["https:\/\/instytutpolski.pl\/stockholm\/2021\/08\/18\/dialog-skulptur-i-brons-en-utstallning-av-jerzy-och-krystyna-nowakowski\/"]}],"@context":"https:\/\/schema.org","startDate":"2021-09-04","endDate":"2021-10-03","eventStatus":"EventScheduled","eventAttendanceMode":"OfflineEventAttendanceMode","location":{"@type":"place","name":"","address":"","geo":{"@type":"GeoCoordinates","latitude":"","longitude":""}},"description":"S\u00f6lvesborgs konstf\u00f6rening och Svensk-Polska F\u00f6reningen h\u00e4lsar tv\u00e5 polska konstn\u00e4rer Jerzy och Krystyna Nowakowski fr\u00e5n Krakow v\u00e4lkomna tillbaka till S\u00f6lvesborg, d\u00e4r de senast deltog i en grupputst\u00e4llning med polska konstn\u00e4rer \u00e5r 2000. \nJerzy Nowakowski \u00e4r en av Polens fr\u00e4mste skulpt\u00f6rer och skapare av minnesmedaljer. Han har gjort m\u00e5nga stora, offentliga uppdrag runt om i Polen och haft stora utst\u00e4llningar ute i Europa och \u00e4ven i Sverige. Han \u00e4r utbildad vid Konstakademin i Krakow, d\u00e4r han senare varit professor och prorektor. Hans skulpturer vill ofta f\u00f6rmedla k\u00e4nslan av en v\u00e4rld i uppbrott men ocks\u00e5 f\u00f6rmedla tankar kring s\u00f6kande efter en helhet i tillvaron.\nKrystyna Nowakowska \u00e4r en av Polens skickliga kvinnliga skulpt\u00f6rer, som framf\u00f6r allt arbetar med bronsskulpturer i mindre format. Hon \u00e4r utbildad vid Konstakademin i Krakow och har ocks\u00e5 st\u00e4llt ut runt om i Polen och Europa. Hon anv\u00e4nder sig av en mycket gammal gjutmetod, som kallas \u201df\u00f6rlorad vax eller cire perdue\u201d. Hennes skulpturer visar sm\u00e4ckra, ofta kvinnliga, figurer som v\u00e4cker fantasi och fascination kring kvinnokroppen eller vardagsf\u00f6rem\u00e5l.\nEn utst\u00e4llning \u00e4r ett samarbete mellan S\u00f6lvesborgs Konstf\u00f6rening och Svensk-Polska F\u00f6reningen, med st\u00f6d av Stena Line och Polska institutet Stockholm.\n\u00d6ppettider finns p\u00e5 S\u00f6lvesborg konstf\u00f6reningens hemsida."},{"@type":"ImageObject","inLanguage":"pl-PL","@id":"https:\/\/instytutpolski.pl\/stockholm\/2021\/08\/18\/dialog-skulptur-i-brons-en-utstallning-av-jerzy-och-krystyna-nowakowski\/#primaryimage","url":"https:\/\/instytutpolski.pl\/stockholm\/wp-content\/uploads\/sites\/17\/2021\/08\/Hemsida-banner-Solvesborg.jpg","contentUrl":"https:\/\/instytutpolski.pl\/stockholm\/wp-content\/uploads\/sites\/17\/2021\/08\/Hemsida-banner-Solvesborg.jpg","width":1120,"height":630},{"@type":"BreadcrumbList","@id":"https:\/\/instytutpolski.pl\/stockholm\/2021\/08\/18\/dialog-skulptur-i-brons-en-utstallning-av-jerzy-och-krystyna-nowakowski\/#breadcrumb","itemListElement":[{"@type":"ListItem","position":1,"name":"Home","item":"https:\/\/instytutpolski.pl\/stockholm\/"},{"@type":"ListItem","position":2,"name":"&#8221;DIALOG \u2013 skulptur i brons&#8221; En utst\u00e4llning av Jerzy och Krystyna Nowakowski"}]},{"@type":"WebSite","@id":"https:\/\/instytutpolski.pl\/stockholm\/#website","url":"https:\/\/instytutpolski.pl\/stockholm\/","name":"Instytut Polski w Sztokholmie","description":"Instytuty Polskie","potentialAction":[{"@type":"SearchAction","target":{"@type":"EntryPoint","urlTemplate":"https:\/\/instytutpolski.pl\/stockholm\/?s={search_term_string}"},"query-input":{"@type":"PropertyValueSpecification","valueRequired":true,"valueName":"search_term_string"}}],"inLanguage":"pl-PL"},{"@type":"Person","@id":"https:\/\/instytutpolski.pl\/stockholm\/#\/schema\/person\/062b5a5f61f32b17c98996975db8d556","name":"strozniake","image":{"@type":"ImageObject","inLanguage":"pl-PL","@id":"https:\/\/instytutpolski.pl\/stockholm\/#\/schema\/person\/image\/","url":"https:\/\/secure.gravatar.com\/avatar\/25e0be9897787f9035155a882fde97cc?s=96&d=mm&r=g","contentUrl":"https:\/\/secure.gravatar.com\/avatar\/25e0be9897787f9035155a882fde97cc?s=96&d=mm&r=g","caption":"strozniake"},"sameAs":["http:\/\/strozniake"],"url":"https:\/\/instytutpolski.pl\/stockholm\/author\/strozniake\/"}]}},"_links":{"self":[{"href":"https:\/\/instytutpolski.pl\/stockholm\/wp-json\/wp\/v2\/posts\/6069","targetHints":{"allow":["GET"]}}],"collection":[{"href":"https:\/\/instytutpolski.pl\/stockholm\/wp-json\/wp\/v2\/posts"}],"about":[{"href":"https:\/\/instytutpolski.pl\/stockholm\/wp-json\/wp\/v2\/types\/post"}],"author":[{"embeddable":true,"href":"https:\/\/instytutpolski.pl\/stockholm\/wp-json\/wp\/v2\/users\/29"}],"replies":[{"embeddable":true,"href":"https:\/\/instytutpolski.pl\/stockholm\/wp-json\/wp\/v2\/comments?post=6069"}],"version-history":[{"count":24,"href":"https:\/\/instytutpolski.pl\/stockholm\/wp-json\/wp\/v2\/posts\/6069\/revisions"}],"predecessor-version":[{"id":6172,"href":"https:\/\/instytutpolski.pl\/stockholm\/wp-json\/wp\/v2\/posts\/6069\/revisions\/6172"}],"wp:featuredmedia":[{"embeddable":true,"href":"https:\/\/instytutpolski.pl\/stockholm\/wp-json\/wp\/v2\/media\/6168"}],"wp:attachment":[{"href":"https:\/\/instytutpolski.pl\/stockholm\/wp-json\/wp\/v2\/media?parent=6069"}],"wp:term":[{"taxonomy":"category","embeddable":true,"href":"https:\/\/instytutpolski.pl\/stockholm\/wp-json\/wp\/v2\/categories?post=6069"},{"taxonomy":"post_tag","embeddable":true,"href":"https:\/\/instytutpolski.pl\/stockholm\/wp-json\/wp\/v2\/tags?post=6069"}],"curies":[{"name":"wp","href":"https:\/\/api.w.org\/{rel}","templated":true}]}}