{"id":6356,"date":"2021-09-02T13:33:21","date_gmt":"2021-09-02T11:33:21","guid":{"rendered":"https:\/\/instytutpolski.pl\/stockholm\/?p=6356"},"modified":"2021-09-03T14:40:12","modified_gmt":"2021-09-03T12:40:12","slug":"pokaz-filmu-zabij-to-i-wyjedz-z-tego-miasta-mariusza-wilczynskiego","status":"publish","type":"post","link":"https:\/\/instytutpolski.pl\/stockholm\/pl\/2021\/09\/02\/pokaz-filmu-zabij-to-i-wyjedz-z-tego-miasta-mariusza-wilczynskiego\/","title":{"rendered":"Pokaz filmu: ZABIJ TO I WYJED\u0179 Z TEGO MIASTA Mariusza Wilczy\u0144skiego"},"content":{"rendered":"\n<p><strong>Pi\u0105tek, 10 wrze\u015bnia 2021, godz. 17.45<\/strong><br><strong>Kino Zita (sala 1)<\/strong><\/p>\n\n\n\n<p>Uciekaj\u0105c przed rozpacz\u0105 po utracie bliskich, bohater ukrywa si\u0119 w bezpiecznej krainie wspomnie\u0144, gdzie czas stoi w miejscu, a wszyscy jego bliscy \u017cyj\u0105. Powoli miasto rozwija si\u0119 w jego wyobra\u017ani. Pewnego dnia bohaterowie i idole z dzieci\u0144stwa znani z literatury i kresk\u00f3wek, kt\u00f3rzy w \u015bwiadomo\u015bci kolejnych pokole\u0144 s\u0105 wiecznie m\u0142odzi, przybywaj\u0105 nieproszeni. Kiedy nasz bohater odkrywa, \u017ce wszyscy si\u0119 zestarzeli, a wieczna m\u0142odo\u015b\u0107 nie istnieje, postanawia wr\u00f3ci\u0107 do prawdziwego \u017cycia.<\/p>\n\n\n\n<div style=\"height:25px\" aria-hidden=\"true\" class=\"wp-block-spacer\"><\/div>\n\n\n\n<div class=\"wp-block-image\"><figure class=\"aligncenter size-large\"><img loading=\"lazy\" decoding=\"async\" width=\"1024\" height=\"578\" src=\"https:\/\/instytutpolski.pl\/stockholm\/wp-content\/uploads\/sites\/17\/2021\/09\/3_KILL-IT-AND-LEAVE-THIS-TOWN-1024x578.png\" alt=\"\" class=\"wp-image-6312\" srcset=\"https:\/\/instytutpolski.pl\/stockholm\/wp-content\/uploads\/sites\/17\/2021\/09\/3_KILL-IT-AND-LEAVE-THIS-TOWN-1024x578.png 1024w, https:\/\/instytutpolski.pl\/stockholm\/wp-content\/uploads\/sites\/17\/2021\/09\/3_KILL-IT-AND-LEAVE-THIS-TOWN-300x169.png 300w, https:\/\/instytutpolski.pl\/stockholm\/wp-content\/uploads\/sites\/17\/2021\/09\/3_KILL-IT-AND-LEAVE-THIS-TOWN-768x434.png 768w, https:\/\/instytutpolski.pl\/stockholm\/wp-content\/uploads\/sites\/17\/2021\/09\/3_KILL-IT-AND-LEAVE-THIS-TOWN-1536x867.png 1536w, https:\/\/instytutpolski.pl\/stockholm\/wp-content\/uploads\/sites\/17\/2021\/09\/3_KILL-IT-AND-LEAVE-THIS-TOWN-2048x1156.png 2048w\" sizes=\"auto, (max-width: 1024px) 100vw, 1024px\" \/><\/figure><\/div>\n\n\n\n<p><br>Re\u017cyseria: Mariusz Wilczy\u0144ski<\/p>\n\n\n\n<p>Scenariusz: Mariusz Wilczy\u0144ski<\/p>\n\n\n\n<p>Czas: 88 minut<\/p>\n\n\n\n<p>Rok produkcji: 2020, Polska<\/p>\n\n\n\n<p>Film polskoj\u0119zyczny z angielskimi napisami.<\/p>\n\n\n\n<div style=\"height:25px\" aria-hidden=\"true\" class=\"wp-block-spacer\"><\/div>\n\n\n\n<div class=\"wp-block-image\"><figure class=\"aligncenter size-large is-resized\"><img loading=\"lazy\" decoding=\"async\" src=\"https:\/\/instytutpolski.pl\/stockholm\/wp-content\/uploads\/sites\/17\/2021\/09\/KillIt_POSTER-719x1024.jpg\" alt=\"\" class=\"wp-image-6256\" width=\"539\" height=\"768\" srcset=\"https:\/\/instytutpolski.pl\/stockholm\/wp-content\/uploads\/sites\/17\/2021\/09\/KillIt_POSTER-719x1024.jpg 719w, https:\/\/instytutpolski.pl\/stockholm\/wp-content\/uploads\/sites\/17\/2021\/09\/KillIt_POSTER-211x300.jpg 211w, https:\/\/instytutpolski.pl\/stockholm\/wp-content\/uploads\/sites\/17\/2021\/09\/KillIt_POSTER-768x1094.jpg 768w, https:\/\/instytutpolski.pl\/stockholm\/wp-content\/uploads\/sites\/17\/2021\/09\/KillIt_POSTER-1078x1536.jpg 1078w, https:\/\/instytutpolski.pl\/stockholm\/wp-content\/uploads\/sites\/17\/2021\/09\/KillIt_POSTER-1437x2048.jpg 1437w, https:\/\/instytutpolski.pl\/stockholm\/wp-content\/uploads\/sites\/17\/2021\/09\/KillIt_POSTER-scaled.jpg 1797w\" sizes=\"auto, (max-width: 539px) 100vw, 539px\" \/><\/figure><\/div>\n","protected":false},"excerpt":{"rendered":"<p>Pi\u0105tek, 10 wrze\u015bnia 2021, godz. 17.45Kino Zita (sala 1) Uciekaj\u0105c przed rozpacz\u0105 po utracie bliskich, bohater ukrywa si\u0119 w bezpiecznej krainie wspomnie\u0144, gdzie czas stoi w miejscu, a wszyscy jego bliscy \u017cyj\u0105. Powoli miasto rozwija si\u0119 w jego wyobra\u017ani. Pewnego dnia bohaterowie i idole z dzieci\u0144stwa znani z literatury i kresk\u00f3wek, kt\u00f3rzy w \u015bwiadomo\u015bci kolejnych [&hellip;]<\/p>\n","protected":false},"author":29,"featured_media":6255,"comment_status":"closed","ping_status":"closed","sticky":false,"template":"","format":"standard","meta":{"inline_featured_image":false,"_monsterinsights_skip_tracking":false,"_monsterinsights_sitenote_active":false,"_monsterinsights_sitenote_note":"","_monsterinsights_sitenote_category":0,"footnotes":""},"categories":[85,36],"tags":[],"class_list":["post-6356","post","type-post","status-publish","format-standard","has-post-thumbnail","hentry","category-kino","category-wydarzenie"],"yoast_head":"<!-- This site is optimized with the Yoast SEO plugin v24.6 - https:\/\/yoast.com\/wordpress\/plugins\/seo\/ -->\n<title>Pokaz filmu: ZABIJ TO I WYJED\u0179 Z TEGO MIASTA Mariusza Wilczy\u0144skiego - Instytut Polski w Sztokholmie<\/title>\n<meta name=\"robots\" content=\"index, follow, max-snippet:-1, max-image-preview:large, max-video-preview:-1\" \/>\n<link rel=\"canonical\" href=\"https:\/\/instytutpolski.pl\/stockholm\/pl\/2021\/09\/02\/pokaz-filmu-zabij-to-i-wyjedz-z-tego-miasta-mariusza-wilczynskiego\/\" \/>\n<meta property=\"og:locale\" content=\"pl_PL\" \/>\n<meta property=\"og:type\" content=\"article\" \/>\n<meta property=\"og:title\" content=\"Pokaz filmu: ZABIJ TO I WYJED\u0179 Z TEGO MIASTA Mariusza Wilczy\u0144skiego - Instytut Polski w Sztokholmie\" \/>\n<meta property=\"og:description\" content=\"Pi\u0105tek, 10 wrze\u015bnia 2021, godz. 17.45Kino Zita (sala 1) Uciekaj\u0105c przed rozpacz\u0105 po utracie bliskich, bohater ukrywa si\u0119 w bezpiecznej krainie wspomnie\u0144, gdzie czas stoi w miejscu, a wszyscy jego bliscy \u017cyj\u0105. Powoli miasto rozwija si\u0119 w jego wyobra\u017ani. Pewnego dnia bohaterowie i idole z dzieci\u0144stwa znani z literatury i kresk\u00f3wek, kt\u00f3rzy w \u015bwiadomo\u015bci kolejnych [&hellip;]\" \/>\n<meta property=\"og:url\" content=\"https:\/\/instytutpolski.pl\/stockholm\/pl\/2021\/09\/02\/pokaz-filmu-zabij-to-i-wyjedz-z-tego-miasta-mariusza-wilczynskiego\/\" \/>\n<meta property=\"og:site_name\" content=\"Instytut Polski w Sztokholmie\" \/>\n<meta property=\"article:published_time\" content=\"2021-09-02T11:33:21+00:00\" \/>\n<meta property=\"article:modified_time\" content=\"2021-09-03T12:40:12+00:00\" \/>\n<meta property=\"og:image\" content=\"https:\/\/instytutpolski.pl\/stockholm\/wp-content\/uploads\/sites\/17\/2021\/09\/1_KILL-IT-AND-LEAVE-THIS-TOWN-1024x575.png\" \/>\n\t<meta property=\"og:image:width\" content=\"1024\" \/>\n\t<meta property=\"og:image:height\" content=\"575\" \/>\n\t<meta property=\"og:image:type\" content=\"image\/png\" \/>\n<meta name=\"author\" content=\"strozniake\" \/>\n<meta name=\"twitter:card\" content=\"summary_large_image\" \/>\n<meta name=\"twitter:label1\" content=\"Napisane przez\" \/>\n\t<meta name=\"twitter:data1\" content=\"strozniake\" \/>\n\t<meta name=\"twitter:label2\" content=\"Szacowany czas czytania\" \/>\n\t<meta name=\"twitter:data2\" content=\"1 minuta\" \/>\n<script type=\"application\/ld+json\" class=\"yoast-schema-graph\">{\"@context\":\"https:\/\/schema.org\",\"@graph\":[{\"@type\":\"event\",\"@id\":\"https:\/\/instytutpolski.pl\/stockholm\/pl\/2021\/09\/02\/pokaz-filmu-zabij-to-i-wyjedz-z-tego-miasta-mariusza-wilczynskiego\/\",\"url\":\"https:\/\/instytutpolski.pl\/stockholm\/pl\/2021\/09\/02\/pokaz-filmu-zabij-to-i-wyjedz-z-tego-miasta-mariusza-wilczynskiego\/\",\"name\":\"Pokaz filmu: ZABIJ TO I WYJED\u0179 Z TEGO MIASTA Mariusza Wilczy\u0144skiego\",\"isPartOf\":{\"@id\":\"https:\/\/instytutpolski.pl\/stockholm\/#website\"},\"primaryImageOfPage\":{\"@id\":\"https:\/\/instytutpolski.pl\/stockholm\/pl\/2021\/09\/02\/pokaz-filmu-zabij-to-i-wyjedz-z-tego-miasta-mariusza-wilczynskiego\/#primaryimage\"},\"image\":[\"https:\/\/instytutpolski.pl\/stockholm\/wp-content\/uploads\/sites\/17\/2021\/09\/1_KILL-IT-AND-LEAVE-THIS-TOWN.png\",\"https:\/\/instytutpolski.pl\/stockholm\/wp-content\/uploads\/sites\/17\/2021\/09\/1_KILL-IT-AND-LEAVE-THIS-TOWN-300x168.png\",\"https:\/\/instytutpolski.pl\/stockholm\/wp-content\/uploads\/sites\/17\/2021\/09\/1_KILL-IT-AND-LEAVE-THIS-TOWN-1024x575.png\",\"https:\/\/instytutpolski.pl\/stockholm\/wp-content\/uploads\/sites\/17\/2021\/09\/1_KILL-IT-AND-LEAVE-THIS-TOWN.png\"],\"thumbnailUrl\":\"https:\/\/instytutpolski.pl\/stockholm\/wp-content\/uploads\/sites\/17\/2021\/09\/1_KILL-IT-AND-LEAVE-THIS-TOWN.png\",\"datePublished\":\"2021-09-02T11:33:21+02:00\",\"dateModified\":\"2021-09-03T12:40:12+02:00\",\"author\":{\"@id\":\"https:\/\/instytutpolski.pl\/stockholm\/#\/schema\/person\/062b5a5f61f32b17c98996975db8d556\"},\"breadcrumb\":{\"@id\":\"https:\/\/instytutpolski.pl\/stockholm\/pl\/2021\/09\/02\/pokaz-filmu-zabij-to-i-wyjedz-z-tego-miasta-mariusza-wilczynskiego\/#breadcrumb\"},\"inLanguage\":\"pl-PL\",\"potentialAction\":[{\"@type\":\"ReadAction\",\"target\":[\"https:\/\/instytutpolski.pl\/stockholm\/pl\/2021\/09\/02\/pokaz-filmu-zabij-to-i-wyjedz-z-tego-miasta-mariusza-wilczynskiego\/\"]}],\"@context\":\"https:\/\/schema.org\",\"startDate\":\"2021-09-10T05:45:00+02:00\",\"endDate\":\"2021-09-10T07:15:00+02:00\",\"eventStatus\":\"EventScheduled\",\"eventAttendanceMode\":\"OfflineEventAttendanceMode\",\"location\":{\"@type\":\"place\",\"name\":\"Zita Folkets Bio, Birger Jarlsgatan 37, Stockholm\",\"address\":\"Zita Folkets Bio, Birger Jarlsgatan 37, Stockholm\",\"geo\":{\"@type\":\"GeoCoordinates\",\"latitude\":\"62.44371797516203\",\"longitude\":\"16.85617504311247\"}},\"description\":\"Pi\u0105tek, 10 wrze\u015bnia 2021, godz. 17.45Kino Zita (sala 1)\\nUciekaj\u0105c przed rozpacz\u0105 po utracie bliskich, bohater ukrywa si\u0119 w bezpiecznej krainie wspomnie\u0144, gdzie czas stoi w miejscu, a wszyscy jego bliscy \u017cyj\u0105. Powoli miasto rozwija si\u0119 w jego wyobra\u017ani. Pewnego dnia bohaterowie i idole z dzieci\u0144stwa znani z literatury i kresk\u00f3wek, kt\u00f3rzy w \u015bwiadomo\u015bci kolejnych pokole\u0144 s\u0105 wiecznie m\u0142odzi, przybywaj\u0105 nieproszeni. Kiedy nasz bohater odkrywa, \u017ce wszyscy si\u0119 zestarzeli, a wieczna m\u0142odo\u015b\u0107 nie istnieje, postanawia wr\u00f3ci\u0107 do prawdziwego \u017cycia.\\nRe\u017cyseria: Mariusz Wilczy\u0144ski\\nScenariusz: Mariusz Wilczy\u0144ski\\nCzas: 88 minut\\nRok produkcji: 2020, Polska\\nFilm polskoj\u0119zyczny z angielskimi napisami.\"},{\"@type\":\"ImageObject\",\"inLanguage\":\"pl-PL\",\"@id\":\"https:\/\/instytutpolski.pl\/stockholm\/pl\/2021\/09\/02\/pokaz-filmu-zabij-to-i-wyjedz-z-tego-miasta-mariusza-wilczynskiego\/#primaryimage\",\"url\":\"https:\/\/instytutpolski.pl\/stockholm\/wp-content\/uploads\/sites\/17\/2021\/09\/1_KILL-IT-AND-LEAVE-THIS-TOWN.png\",\"contentUrl\":\"https:\/\/instytutpolski.pl\/stockholm\/wp-content\/uploads\/sites\/17\/2021\/09\/1_KILL-IT-AND-LEAVE-THIS-TOWN.png\",\"width\":2347,\"height\":1318},{\"@type\":\"BreadcrumbList\",\"@id\":\"https:\/\/instytutpolski.pl\/stockholm\/pl\/2021\/09\/02\/pokaz-filmu-zabij-to-i-wyjedz-z-tego-miasta-mariusza-wilczynskiego\/#breadcrumb\",\"itemListElement\":[{\"@type\":\"ListItem\",\"position\":1,\"name\":\"Home\",\"item\":\"https:\/\/instytutpolski.pl\/stockholm\/\"},{\"@type\":\"ListItem\",\"position\":2,\"name\":\"Pokaz filmu: ZABIJ TO I WYJED\u0179 Z TEGO MIASTA Mariusza Wilczy\u0144skiego\"}]},{\"@type\":\"WebSite\",\"@id\":\"https:\/\/instytutpolski.pl\/stockholm\/#website\",\"url\":\"https:\/\/instytutpolski.pl\/stockholm\/\",\"name\":\"Instytut Polski w Sztokholmie\",\"description\":\"Instytuty Polskie\",\"potentialAction\":[{\"@type\":\"SearchAction\",\"target\":{\"@type\":\"EntryPoint\",\"urlTemplate\":\"https:\/\/instytutpolski.pl\/stockholm\/?s={search_term_string}\"},\"query-input\":{\"@type\":\"PropertyValueSpecification\",\"valueRequired\":true,\"valueName\":\"search_term_string\"}}],\"inLanguage\":\"pl-PL\"},{\"@type\":\"Person\",\"@id\":\"https:\/\/instytutpolski.pl\/stockholm\/#\/schema\/person\/062b5a5f61f32b17c98996975db8d556\",\"name\":\"strozniake\",\"image\":{\"@type\":\"ImageObject\",\"inLanguage\":\"pl-PL\",\"@id\":\"https:\/\/instytutpolski.pl\/stockholm\/#\/schema\/person\/image\/\",\"url\":\"https:\/\/secure.gravatar.com\/avatar\/25e0be9897787f9035155a882fde97cc?s=96&d=mm&r=g\",\"contentUrl\":\"https:\/\/secure.gravatar.com\/avatar\/25e0be9897787f9035155a882fde97cc?s=96&d=mm&r=g\",\"caption\":\"strozniake\"},\"sameAs\":[\"http:\/\/strozniake\"],\"url\":\"https:\/\/instytutpolski.pl\/stockholm\/author\/strozniake\/\"}]}<\/script>\n<!-- \/ Yoast SEO plugin. -->","yoast_head_json":{"title":"Pokaz filmu: ZABIJ TO I WYJED\u0179 Z TEGO MIASTA Mariusza Wilczy\u0144skiego - Instytut Polski w Sztokholmie","robots":{"index":"index","follow":"follow","max-snippet":"max-snippet:-1","max-image-preview":"max-image-preview:large","max-video-preview":"max-video-preview:-1"},"canonical":"https:\/\/instytutpolski.pl\/stockholm\/pl\/2021\/09\/02\/pokaz-filmu-zabij-to-i-wyjedz-z-tego-miasta-mariusza-wilczynskiego\/","og_locale":"pl_PL","og_type":"article","og_title":"Pokaz filmu: ZABIJ TO I WYJED\u0179 Z TEGO MIASTA Mariusza Wilczy\u0144skiego - Instytut Polski w Sztokholmie","og_description":"Pi\u0105tek, 10 wrze\u015bnia 2021, godz. 17.45Kino Zita (sala 1) Uciekaj\u0105c przed rozpacz\u0105 po utracie bliskich, bohater ukrywa si\u0119 w bezpiecznej krainie wspomnie\u0144, gdzie czas stoi w miejscu, a wszyscy jego bliscy \u017cyj\u0105. Powoli miasto rozwija si\u0119 w jego wyobra\u017ani. Pewnego dnia bohaterowie i idole z dzieci\u0144stwa znani z literatury i kresk\u00f3wek, kt\u00f3rzy w \u015bwiadomo\u015bci kolejnych [&hellip;]","og_url":"https:\/\/instytutpolski.pl\/stockholm\/pl\/2021\/09\/02\/pokaz-filmu-zabij-to-i-wyjedz-z-tego-miasta-mariusza-wilczynskiego\/","og_site_name":"Instytut Polski w Sztokholmie","article_published_time":"2021-09-02T11:33:21+00:00","article_modified_time":"2021-09-03T12:40:12+00:00","og_image":[{"width":1024,"height":575,"url":"https:\/\/instytutpolski.pl\/stockholm\/wp-content\/uploads\/sites\/17\/2021\/09\/1_KILL-IT-AND-LEAVE-THIS-TOWN-1024x575.png","type":"image\/png"}],"author":"strozniake","twitter_card":"summary_large_image","twitter_misc":{"Napisane przez":"strozniake","Szacowany czas czytania":"1 minuta"},"schema":{"@context":"https:\/\/schema.org","@graph":[{"@type":"event","@id":"https:\/\/instytutpolski.pl\/stockholm\/pl\/2021\/09\/02\/pokaz-filmu-zabij-to-i-wyjedz-z-tego-miasta-mariusza-wilczynskiego\/","url":"https:\/\/instytutpolski.pl\/stockholm\/pl\/2021\/09\/02\/pokaz-filmu-zabij-to-i-wyjedz-z-tego-miasta-mariusza-wilczynskiego\/","name":"Pokaz filmu: ZABIJ TO I WYJED\u0179 Z TEGO MIASTA Mariusza Wilczy\u0144skiego","isPartOf":{"@id":"https:\/\/instytutpolski.pl\/stockholm\/#website"},"primaryImageOfPage":{"@id":"https:\/\/instytutpolski.pl\/stockholm\/pl\/2021\/09\/02\/pokaz-filmu-zabij-to-i-wyjedz-z-tego-miasta-mariusza-wilczynskiego\/#primaryimage"},"image":["https:\/\/instytutpolski.pl\/stockholm\/wp-content\/uploads\/sites\/17\/2021\/09\/1_KILL-IT-AND-LEAVE-THIS-TOWN.png","https:\/\/instytutpolski.pl\/stockholm\/wp-content\/uploads\/sites\/17\/2021\/09\/1_KILL-IT-AND-LEAVE-THIS-TOWN-300x168.png","https:\/\/instytutpolski.pl\/stockholm\/wp-content\/uploads\/sites\/17\/2021\/09\/1_KILL-IT-AND-LEAVE-THIS-TOWN-1024x575.png","https:\/\/instytutpolski.pl\/stockholm\/wp-content\/uploads\/sites\/17\/2021\/09\/1_KILL-IT-AND-LEAVE-THIS-TOWN.png"],"thumbnailUrl":"https:\/\/instytutpolski.pl\/stockholm\/wp-content\/uploads\/sites\/17\/2021\/09\/1_KILL-IT-AND-LEAVE-THIS-TOWN.png","datePublished":"2021-09-02T11:33:21+02:00","dateModified":"2021-09-03T12:40:12+02:00","author":{"@id":"https:\/\/instytutpolski.pl\/stockholm\/#\/schema\/person\/062b5a5f61f32b17c98996975db8d556"},"breadcrumb":{"@id":"https:\/\/instytutpolski.pl\/stockholm\/pl\/2021\/09\/02\/pokaz-filmu-zabij-to-i-wyjedz-z-tego-miasta-mariusza-wilczynskiego\/#breadcrumb"},"inLanguage":"pl-PL","potentialAction":[{"@type":"ReadAction","target":["https:\/\/instytutpolski.pl\/stockholm\/pl\/2021\/09\/02\/pokaz-filmu-zabij-to-i-wyjedz-z-tego-miasta-mariusza-wilczynskiego\/"]}],"@context":"https:\/\/schema.org","startDate":"2021-09-10T05:45:00+02:00","endDate":"2021-09-10T07:15:00+02:00","eventStatus":"EventScheduled","eventAttendanceMode":"OfflineEventAttendanceMode","location":{"@type":"place","name":"Zita Folkets Bio, Birger Jarlsgatan 37, Stockholm","address":"Zita Folkets Bio, Birger Jarlsgatan 37, Stockholm","geo":{"@type":"GeoCoordinates","latitude":"62.44371797516203","longitude":"16.85617504311247"}},"description":"Pi\u0105tek, 10 wrze\u015bnia 2021, godz. 17.45Kino Zita (sala 1)\nUciekaj\u0105c przed rozpacz\u0105 po utracie bliskich, bohater ukrywa si\u0119 w bezpiecznej krainie wspomnie\u0144, gdzie czas stoi w miejscu, a wszyscy jego bliscy \u017cyj\u0105. Powoli miasto rozwija si\u0119 w jego wyobra\u017ani. Pewnego dnia bohaterowie i idole z dzieci\u0144stwa znani z literatury i kresk\u00f3wek, kt\u00f3rzy w \u015bwiadomo\u015bci kolejnych pokole\u0144 s\u0105 wiecznie m\u0142odzi, przybywaj\u0105 nieproszeni. Kiedy nasz bohater odkrywa, \u017ce wszyscy si\u0119 zestarzeli, a wieczna m\u0142odo\u015b\u0107 nie istnieje, postanawia wr\u00f3ci\u0107 do prawdziwego \u017cycia.\nRe\u017cyseria: Mariusz Wilczy\u0144ski\nScenariusz: Mariusz Wilczy\u0144ski\nCzas: 88 minut\nRok produkcji: 2020, Polska\nFilm polskoj\u0119zyczny z angielskimi napisami."},{"@type":"ImageObject","inLanguage":"pl-PL","@id":"https:\/\/instytutpolski.pl\/stockholm\/pl\/2021\/09\/02\/pokaz-filmu-zabij-to-i-wyjedz-z-tego-miasta-mariusza-wilczynskiego\/#primaryimage","url":"https:\/\/instytutpolski.pl\/stockholm\/wp-content\/uploads\/sites\/17\/2021\/09\/1_KILL-IT-AND-LEAVE-THIS-TOWN.png","contentUrl":"https:\/\/instytutpolski.pl\/stockholm\/wp-content\/uploads\/sites\/17\/2021\/09\/1_KILL-IT-AND-LEAVE-THIS-TOWN.png","width":2347,"height":1318},{"@type":"BreadcrumbList","@id":"https:\/\/instytutpolski.pl\/stockholm\/pl\/2021\/09\/02\/pokaz-filmu-zabij-to-i-wyjedz-z-tego-miasta-mariusza-wilczynskiego\/#breadcrumb","itemListElement":[{"@type":"ListItem","position":1,"name":"Home","item":"https:\/\/instytutpolski.pl\/stockholm\/"},{"@type":"ListItem","position":2,"name":"Pokaz filmu: ZABIJ TO I WYJED\u0179 Z TEGO MIASTA Mariusza Wilczy\u0144skiego"}]},{"@type":"WebSite","@id":"https:\/\/instytutpolski.pl\/stockholm\/#website","url":"https:\/\/instytutpolski.pl\/stockholm\/","name":"Instytut Polski w Sztokholmie","description":"Instytuty Polskie","potentialAction":[{"@type":"SearchAction","target":{"@type":"EntryPoint","urlTemplate":"https:\/\/instytutpolski.pl\/stockholm\/?s={search_term_string}"},"query-input":{"@type":"PropertyValueSpecification","valueRequired":true,"valueName":"search_term_string"}}],"inLanguage":"pl-PL"},{"@type":"Person","@id":"https:\/\/instytutpolski.pl\/stockholm\/#\/schema\/person\/062b5a5f61f32b17c98996975db8d556","name":"strozniake","image":{"@type":"ImageObject","inLanguage":"pl-PL","@id":"https:\/\/instytutpolski.pl\/stockholm\/#\/schema\/person\/image\/","url":"https:\/\/secure.gravatar.com\/avatar\/25e0be9897787f9035155a882fde97cc?s=96&d=mm&r=g","contentUrl":"https:\/\/secure.gravatar.com\/avatar\/25e0be9897787f9035155a882fde97cc?s=96&d=mm&r=g","caption":"strozniake"},"sameAs":["http:\/\/strozniake"],"url":"https:\/\/instytutpolski.pl\/stockholm\/author\/strozniake\/"}]}},"_links":{"self":[{"href":"https:\/\/instytutpolski.pl\/stockholm\/wp-json\/wp\/v2\/posts\/6356","targetHints":{"allow":["GET"]}}],"collection":[{"href":"https:\/\/instytutpolski.pl\/stockholm\/wp-json\/wp\/v2\/posts"}],"about":[{"href":"https:\/\/instytutpolski.pl\/stockholm\/wp-json\/wp\/v2\/types\/post"}],"author":[{"embeddable":true,"href":"https:\/\/instytutpolski.pl\/stockholm\/wp-json\/wp\/v2\/users\/29"}],"replies":[{"embeddable":true,"href":"https:\/\/instytutpolski.pl\/stockholm\/wp-json\/wp\/v2\/comments?post=6356"}],"version-history":[{"count":3,"href":"https:\/\/instytutpolski.pl\/stockholm\/wp-json\/wp\/v2\/posts\/6356\/revisions"}],"predecessor-version":[{"id":6365,"href":"https:\/\/instytutpolski.pl\/stockholm\/wp-json\/wp\/v2\/posts\/6356\/revisions\/6365"}],"wp:featuredmedia":[{"embeddable":true,"href":"https:\/\/instytutpolski.pl\/stockholm\/wp-json\/wp\/v2\/media\/6255"}],"wp:attachment":[{"href":"https:\/\/instytutpolski.pl\/stockholm\/wp-json\/wp\/v2\/media?parent=6356"}],"wp:term":[{"taxonomy":"category","embeddable":true,"href":"https:\/\/instytutpolski.pl\/stockholm\/wp-json\/wp\/v2\/categories?post=6356"},{"taxonomy":"post_tag","embeddable":true,"href":"https:\/\/instytutpolski.pl\/stockholm\/wp-json\/wp\/v2\/tags?post=6356"}],"curies":[{"name":"wp","href":"https:\/\/api.w.org\/{rel}","templated":true}]}}