{"id":6527,"date":"2021-09-13T12:27:00","date_gmt":"2021-09-13T10:27:00","guid":{"rendered":"https:\/\/instytutpolski.pl\/stockholm\/?p=6527"},"modified":"2021-09-20T15:26:47","modified_gmt":"2021-09-20T13:26:47","slug":"nostalgiczna-podroz-do-polski-muzyczno-poetycki-wieczor-w-thielska-galleriet","status":"publish","type":"post","link":"https:\/\/instytutpolski.pl\/stockholm\/pl\/2021\/09\/13\/nostalgiczna-podroz-do-polski-muzyczno-poetycki-wieczor-w-thielska-galleriet\/","title":{"rendered":"Nostalgiczna podr\u00f3\u017c do Polski. Muzyczno-poetycki wiecz\u00f3r w Thielska Galleriet"},"content":{"rendered":"\n<p>Na scenie: El\u017cbieta Szwejkowska-Olsson (recytacja) Nathalie Czarnecki (recytacja), Tomasz Siegrist (\u015bpiew) i Marcin Dominik Gluch (fortepian). Jeden ze s\u0142ynnych wierszy C. K. Norwida w szwedzkim przek\u0142adzie Jana Henrika Swahna zostanie premierowo odczytany podczas wieczoru.<\/p>\n\n\n\n<p>Organizatorzy: Instytut Polski w Sztokholmie, Towarzystwo Muzyczne im. Stanis\u0142awa Moniuszki w Szwecji we wsp\u00f3\u0142pracy z galeri\u0105 Thielska Galleriet przy wsparciu Konsulatu RP w Sztokholmie i Polskiego Kongresu w Szwecji.<\/p>\n\n\n\n<p><br>Pi\u0105tek, 17 wrze\u015bnia 2021, godz. 18.30<br>Thielska Galleriet, Sj\u00f6tullsbacken 8, Stockholm<\/p>\n\n\n\n<p><br>Ograniczona ilo\u015b\u0107 miejsc! Prosimy o wcze\u015bniejsz\u0105 rejestracj\u0119 na adres mailowy: sztokholm@instytutpolski.pl.<\/p>\n\n\n\n<div class=\"wp-block-image\"><figure class=\"aligncenter size-large is-resized\"><img loading=\"lazy\" decoding=\"async\" src=\"https:\/\/instytutpolski.pl\/stockholm\/wp-content\/uploads\/sites\/17\/2021\/09\/THIELSKA-plakat-v2AAa_z-data-i-adresem_v2-724x1024.jpg\" alt=\"\" class=\"wp-image-6467\" width=\"543\" height=\"768\" srcset=\"https:\/\/instytutpolski.pl\/stockholm\/wp-content\/uploads\/sites\/17\/2021\/09\/THIELSKA-plakat-v2AAa_z-data-i-adresem_v2-724x1024.jpg 724w, https:\/\/instytutpolski.pl\/stockholm\/wp-content\/uploads\/sites\/17\/2021\/09\/THIELSKA-plakat-v2AAa_z-data-i-adresem_v2-212x300.jpg 212w, https:\/\/instytutpolski.pl\/stockholm\/wp-content\/uploads\/sites\/17\/2021\/09\/THIELSKA-plakat-v2AAa_z-data-i-adresem_v2-768x1086.jpg 768w, https:\/\/instytutpolski.pl\/stockholm\/wp-content\/uploads\/sites\/17\/2021\/09\/THIELSKA-plakat-v2AAa_z-data-i-adresem_v2-1086x1536.jpg 1086w, https:\/\/instytutpolski.pl\/stockholm\/wp-content\/uploads\/sites\/17\/2021\/09\/THIELSKA-plakat-v2AAa_z-data-i-adresem_v2-1448x2048.jpg 1448w, https:\/\/instytutpolski.pl\/stockholm\/wp-content\/uploads\/sites\/17\/2021\/09\/THIELSKA-plakat-v2AAa_z-data-i-adresem_v2.jpg 1587w\" sizes=\"auto, (max-width: 543px) 100vw, 543px\" \/><\/figure><\/div>\n","protected":false},"excerpt":{"rendered":"<p>Na scenie: El\u017cbieta Szwejkowska-Olsson (recytacja) Nathalie Czarnecki (recytacja), Tomasz Siegrist (\u015bpiew) i Marcin Dominik Gluch (fortepian). Jeden ze s\u0142ynnych wierszy C. K. Norwida w szwedzkim przek\u0142adzie Jana Henrika Swahna zostanie premierowo odczytany podczas wieczoru. Organizatorzy: Instytut Polski w Sztokholmie, Towarzystwo Muzyczne im. Stanis\u0142awa Moniuszki w Szwecji we wsp\u00f3\u0142pracy z galeri\u0105 Thielska Galleriet przy wsparciu Konsulatu [&hellip;]<\/p>\n","protected":false},"author":29,"featured_media":6465,"comment_status":"closed","ping_status":"closed","sticky":false,"template":"","format":"standard","meta":{"inline_featured_image":false,"_monsterinsights_skip_tracking":false,"_monsterinsights_sitenote_active":false,"_monsterinsights_sitenote_note":"","_monsterinsights_sitenote_category":0,"footnotes":""},"categories":[87,89,36],"tags":[],"class_list":["post-6527","post","type-post","status-publish","format-standard","has-post-thumbnail","hentry","category-literatura","category-muzyka","category-wydarzenie"],"yoast_head":"<!-- This site is optimized with the Yoast SEO plugin v24.6 - https:\/\/yoast.com\/wordpress\/plugins\/seo\/ -->\n<title>Nostalgiczna podr\u00f3\u017c do Polski. Muzyczno-poetycki wiecz\u00f3r w Thielska Galleriet - Instytut Polski w Sztokholmie<\/title>\n<meta name=\"robots\" content=\"index, follow, max-snippet:-1, max-image-preview:large, max-video-preview:-1\" \/>\n<link rel=\"canonical\" href=\"https:\/\/instytutpolski.pl\/stockholm\/pl\/2021\/09\/13\/nostalgiczna-podroz-do-polski-muzyczno-poetycki-wieczor-w-thielska-galleriet\/\" \/>\n<meta property=\"og:locale\" content=\"pl_PL\" \/>\n<meta property=\"og:type\" content=\"article\" \/>\n<meta property=\"og:title\" content=\"Nostalgiczna podr\u00f3\u017c do Polski. Muzyczno-poetycki wiecz\u00f3r w Thielska Galleriet - Instytut Polski w Sztokholmie\" \/>\n<meta property=\"og:description\" content=\"Na scenie: El\u017cbieta Szwejkowska-Olsson (recytacja) Nathalie Czarnecki (recytacja), Tomasz Siegrist (\u015bpiew) i Marcin Dominik Gluch (fortepian). Jeden ze s\u0142ynnych wierszy C. K. Norwida w szwedzkim przek\u0142adzie Jana Henrika Swahna zostanie premierowo odczytany podczas wieczoru. Organizatorzy: Instytut Polski w Sztokholmie, Towarzystwo Muzyczne im. Stanis\u0142awa Moniuszki w Szwecji we wsp\u00f3\u0142pracy z galeri\u0105 Thielska Galleriet przy wsparciu Konsulatu [&hellip;]\" \/>\n<meta property=\"og:url\" content=\"https:\/\/instytutpolski.pl\/stockholm\/pl\/2021\/09\/13\/nostalgiczna-podroz-do-polski-muzyczno-poetycki-wieczor-w-thielska-galleriet\/\" \/>\n<meta property=\"og:site_name\" content=\"Instytut Polski w Sztokholmie\" \/>\n<meta property=\"article:published_time\" content=\"2021-09-13T10:27:00+00:00\" \/>\n<meta property=\"article:modified_time\" content=\"2021-09-20T13:26:47+00:00\" \/>\n<meta property=\"og:image\" content=\"https:\/\/instytutpolski.pl\/stockholm\/wp-content\/uploads\/sites\/17\/2021\/09\/baner-na-www-2.jpg\" \/>\n\t<meta property=\"og:image:width\" content=\"1120\" \/>\n\t<meta property=\"og:image:height\" content=\"630\" \/>\n\t<meta property=\"og:image:type\" content=\"image\/jpeg\" \/>\n<meta name=\"author\" content=\"strozniake\" \/>\n<meta name=\"twitter:card\" content=\"summary_large_image\" \/>\n<meta name=\"twitter:label1\" content=\"Napisane przez\" \/>\n\t<meta name=\"twitter:data1\" content=\"strozniake\" \/>\n\t<meta name=\"twitter:label2\" content=\"Szacowany czas czytania\" \/>\n\t<meta name=\"twitter:data2\" content=\"1 minuta\" \/>\n<script type=\"application\/ld+json\" class=\"yoast-schema-graph\">{\"@context\":\"https:\/\/schema.org\",\"@graph\":[{\"@type\":\"event\",\"@id\":\"https:\/\/instytutpolski.pl\/stockholm\/pl\/2021\/09\/13\/nostalgiczna-podroz-do-polski-muzyczno-poetycki-wieczor-w-thielska-galleriet\/\",\"url\":\"https:\/\/instytutpolski.pl\/stockholm\/pl\/2021\/09\/13\/nostalgiczna-podroz-do-polski-muzyczno-poetycki-wieczor-w-thielska-galleriet\/\",\"name\":\"Nostalgiczna podr\u00f3\u017c do Polski. Muzyczno-poetycki wiecz\u00f3r w Thielska Galleriet\",\"isPartOf\":{\"@id\":\"https:\/\/instytutpolski.pl\/stockholm\/#website\"},\"primaryImageOfPage\":{\"@id\":\"https:\/\/instytutpolski.pl\/stockholm\/pl\/2021\/09\/13\/nostalgiczna-podroz-do-polski-muzyczno-poetycki-wieczor-w-thielska-galleriet\/#primaryimage\"},\"image\":[\"https:\/\/instytutpolski.pl\/stockholm\/wp-content\/uploads\/sites\/17\/2021\/09\/baner-na-www-2.jpg\",\"https:\/\/instytutpolski.pl\/stockholm\/wp-content\/uploads\/sites\/17\/2021\/09\/baner-na-www-2-300x169.jpg\",\"https:\/\/instytutpolski.pl\/stockholm\/wp-content\/uploads\/sites\/17\/2021\/09\/baner-na-www-2-1024x576.jpg\",\"https:\/\/instytutpolski.pl\/stockholm\/wp-content\/uploads\/sites\/17\/2021\/09\/baner-na-www-2.jpg\"],\"thumbnailUrl\":\"https:\/\/instytutpolski.pl\/stockholm\/wp-content\/uploads\/sites\/17\/2021\/09\/baner-na-www-2.jpg\",\"datePublished\":\"2021-09-13T10:27:00+02:00\",\"dateModified\":\"2021-09-20T13:26:47+02:00\",\"author\":{\"@id\":\"https:\/\/instytutpolski.pl\/stockholm\/#\/schema\/person\/062b5a5f61f32b17c98996975db8d556\"},\"breadcrumb\":{\"@id\":\"https:\/\/instytutpolski.pl\/stockholm\/pl\/2021\/09\/13\/nostalgiczna-podroz-do-polski-muzyczno-poetycki-wieczor-w-thielska-galleriet\/#breadcrumb\"},\"inLanguage\":\"pl-PL\",\"potentialAction\":[{\"@type\":\"ReadAction\",\"target\":[\"https:\/\/instytutpolski.pl\/stockholm\/pl\/2021\/09\/13\/nostalgiczna-podroz-do-polski-muzyczno-poetycki-wieczor-w-thielska-galleriet\/\"]}],\"@context\":\"https:\/\/schema.org\",\"startDate\":\"2021-09-17T06:30:00+02:00\",\"endDate\":\"2021-09-17T08:30:00+02:00\",\"eventStatus\":\"EventScheduled\",\"eventAttendanceMode\":\"OfflineEventAttendanceMode\",\"location\":{\"@type\":\"place\",\"name\":\"Thielska Galleriet, Sj\u00f6tullsbacken 8, Stockholm\",\"address\":\"Thielska Galleriet, Sj\u00f6tullsbacken 8, Stockholm\",\"geo\":{\"@type\":\"GeoCoordinates\",\"latitude\":\"61.69176570389294\",\"longitude\":\"17.391320678302677\"}},\"description\":\"Na scenie: El\u017cbieta Szwejkowska-Olsson (recytacja) Nathalie Czarnecki (recytacja), Tomasz Siegrist (\u015bpiew) i Marcin Dominik Gluch (fortepian). Jeden ze s\u0142ynnych wierszy C. K. Norwida w szwedzkim przek\u0142adzie Jana Henrika Swahna zostanie premierowo odczytany podczas wieczoru.\\nOrganizatorzy: Instytut Polski w Sztokholmie, Towarzystwo Muzyczne im. Stanis\u0142awa Moniuszki w Szwecji we wsp\u00f3\u0142pracy z galeri\u0105 Thielska Galleriet przy wsparciu Konsulatu RP w Sztokholmie i Polskiego Kongresu w Szwecji.\\nPi\u0105tek, 17 wrze\u015bnia 2021, godz. 18.30Thielska Galleriet, Sj\u00f6tullsbacken 8, Stockholm\\nOgraniczona ilo\u015b\u0107 miejsc! Prosimy o wcze\u015bniejsz\u0105 rejestracj\u0119 na adres mailowy: sztokholm@instytutpolski.pl.\"},{\"@type\":\"ImageObject\",\"inLanguage\":\"pl-PL\",\"@id\":\"https:\/\/instytutpolski.pl\/stockholm\/pl\/2021\/09\/13\/nostalgiczna-podroz-do-polski-muzyczno-poetycki-wieczor-w-thielska-galleriet\/#primaryimage\",\"url\":\"https:\/\/instytutpolski.pl\/stockholm\/wp-content\/uploads\/sites\/17\/2021\/09\/baner-na-www-2.jpg\",\"contentUrl\":\"https:\/\/instytutpolski.pl\/stockholm\/wp-content\/uploads\/sites\/17\/2021\/09\/baner-na-www-2.jpg\",\"width\":1120,\"height\":630},{\"@type\":\"BreadcrumbList\",\"@id\":\"https:\/\/instytutpolski.pl\/stockholm\/pl\/2021\/09\/13\/nostalgiczna-podroz-do-polski-muzyczno-poetycki-wieczor-w-thielska-galleriet\/#breadcrumb\",\"itemListElement\":[{\"@type\":\"ListItem\",\"position\":1,\"name\":\"Home\",\"item\":\"https:\/\/instytutpolski.pl\/stockholm\/\"},{\"@type\":\"ListItem\",\"position\":2,\"name\":\"Nostalgiczna podr\u00f3\u017c do Polski. Muzyczno-poetycki wiecz\u00f3r w Thielska Galleriet\"}]},{\"@type\":\"WebSite\",\"@id\":\"https:\/\/instytutpolski.pl\/stockholm\/#website\",\"url\":\"https:\/\/instytutpolski.pl\/stockholm\/\",\"name\":\"Instytut Polski w Sztokholmie\",\"description\":\"Instytuty Polskie\",\"potentialAction\":[{\"@type\":\"SearchAction\",\"target\":{\"@type\":\"EntryPoint\",\"urlTemplate\":\"https:\/\/instytutpolski.pl\/stockholm\/?s={search_term_string}\"},\"query-input\":{\"@type\":\"PropertyValueSpecification\",\"valueRequired\":true,\"valueName\":\"search_term_string\"}}],\"inLanguage\":\"pl-PL\"},{\"@type\":\"Person\",\"@id\":\"https:\/\/instytutpolski.pl\/stockholm\/#\/schema\/person\/062b5a5f61f32b17c98996975db8d556\",\"name\":\"strozniake\",\"image\":{\"@type\":\"ImageObject\",\"inLanguage\":\"pl-PL\",\"@id\":\"https:\/\/instytutpolski.pl\/stockholm\/#\/schema\/person\/image\/\",\"url\":\"https:\/\/secure.gravatar.com\/avatar\/25e0be9897787f9035155a882fde97cc?s=96&d=mm&r=g\",\"contentUrl\":\"https:\/\/secure.gravatar.com\/avatar\/25e0be9897787f9035155a882fde97cc?s=96&d=mm&r=g\",\"caption\":\"strozniake\"},\"sameAs\":[\"http:\/\/strozniake\"],\"url\":\"https:\/\/instytutpolski.pl\/stockholm\/author\/strozniake\/\"}]}<\/script>\n<!-- \/ Yoast SEO plugin. -->","yoast_head_json":{"title":"Nostalgiczna podr\u00f3\u017c do Polski. Muzyczno-poetycki wiecz\u00f3r w Thielska Galleriet - Instytut Polski w Sztokholmie","robots":{"index":"index","follow":"follow","max-snippet":"max-snippet:-1","max-image-preview":"max-image-preview:large","max-video-preview":"max-video-preview:-1"},"canonical":"https:\/\/instytutpolski.pl\/stockholm\/pl\/2021\/09\/13\/nostalgiczna-podroz-do-polski-muzyczno-poetycki-wieczor-w-thielska-galleriet\/","og_locale":"pl_PL","og_type":"article","og_title":"Nostalgiczna podr\u00f3\u017c do Polski. Muzyczno-poetycki wiecz\u00f3r w Thielska Galleriet - Instytut Polski w Sztokholmie","og_description":"Na scenie: El\u017cbieta Szwejkowska-Olsson (recytacja) Nathalie Czarnecki (recytacja), Tomasz Siegrist (\u015bpiew) i Marcin Dominik Gluch (fortepian). Jeden ze s\u0142ynnych wierszy C. K. Norwida w szwedzkim przek\u0142adzie Jana Henrika Swahna zostanie premierowo odczytany podczas wieczoru. Organizatorzy: Instytut Polski w Sztokholmie, Towarzystwo Muzyczne im. Stanis\u0142awa Moniuszki w Szwecji we wsp\u00f3\u0142pracy z galeri\u0105 Thielska Galleriet przy wsparciu Konsulatu [&hellip;]","og_url":"https:\/\/instytutpolski.pl\/stockholm\/pl\/2021\/09\/13\/nostalgiczna-podroz-do-polski-muzyczno-poetycki-wieczor-w-thielska-galleriet\/","og_site_name":"Instytut Polski w Sztokholmie","article_published_time":"2021-09-13T10:27:00+00:00","article_modified_time":"2021-09-20T13:26:47+00:00","og_image":[{"width":1120,"height":630,"url":"https:\/\/instytutpolski.pl\/stockholm\/wp-content\/uploads\/sites\/17\/2021\/09\/baner-na-www-2.jpg","type":"image\/jpeg"}],"author":"strozniake","twitter_card":"summary_large_image","twitter_misc":{"Napisane przez":"strozniake","Szacowany czas czytania":"1 minuta"},"schema":{"@context":"https:\/\/schema.org","@graph":[{"@type":"event","@id":"https:\/\/instytutpolski.pl\/stockholm\/pl\/2021\/09\/13\/nostalgiczna-podroz-do-polski-muzyczno-poetycki-wieczor-w-thielska-galleriet\/","url":"https:\/\/instytutpolski.pl\/stockholm\/pl\/2021\/09\/13\/nostalgiczna-podroz-do-polski-muzyczno-poetycki-wieczor-w-thielska-galleriet\/","name":"Nostalgiczna podr\u00f3\u017c do Polski. Muzyczno-poetycki wiecz\u00f3r w Thielska Galleriet","isPartOf":{"@id":"https:\/\/instytutpolski.pl\/stockholm\/#website"},"primaryImageOfPage":{"@id":"https:\/\/instytutpolski.pl\/stockholm\/pl\/2021\/09\/13\/nostalgiczna-podroz-do-polski-muzyczno-poetycki-wieczor-w-thielska-galleriet\/#primaryimage"},"image":["https:\/\/instytutpolski.pl\/stockholm\/wp-content\/uploads\/sites\/17\/2021\/09\/baner-na-www-2.jpg","https:\/\/instytutpolski.pl\/stockholm\/wp-content\/uploads\/sites\/17\/2021\/09\/baner-na-www-2-300x169.jpg","https:\/\/instytutpolski.pl\/stockholm\/wp-content\/uploads\/sites\/17\/2021\/09\/baner-na-www-2-1024x576.jpg","https:\/\/instytutpolski.pl\/stockholm\/wp-content\/uploads\/sites\/17\/2021\/09\/baner-na-www-2.jpg"],"thumbnailUrl":"https:\/\/instytutpolski.pl\/stockholm\/wp-content\/uploads\/sites\/17\/2021\/09\/baner-na-www-2.jpg","datePublished":"2021-09-13T10:27:00+02:00","dateModified":"2021-09-20T13:26:47+02:00","author":{"@id":"https:\/\/instytutpolski.pl\/stockholm\/#\/schema\/person\/062b5a5f61f32b17c98996975db8d556"},"breadcrumb":{"@id":"https:\/\/instytutpolski.pl\/stockholm\/pl\/2021\/09\/13\/nostalgiczna-podroz-do-polski-muzyczno-poetycki-wieczor-w-thielska-galleriet\/#breadcrumb"},"inLanguage":"pl-PL","potentialAction":[{"@type":"ReadAction","target":["https:\/\/instytutpolski.pl\/stockholm\/pl\/2021\/09\/13\/nostalgiczna-podroz-do-polski-muzyczno-poetycki-wieczor-w-thielska-galleriet\/"]}],"@context":"https:\/\/schema.org","startDate":"2021-09-17T06:30:00+02:00","endDate":"2021-09-17T08:30:00+02:00","eventStatus":"EventScheduled","eventAttendanceMode":"OfflineEventAttendanceMode","location":{"@type":"place","name":"Thielska Galleriet, Sj\u00f6tullsbacken 8, Stockholm","address":"Thielska Galleriet, Sj\u00f6tullsbacken 8, Stockholm","geo":{"@type":"GeoCoordinates","latitude":"61.69176570389294","longitude":"17.391320678302677"}},"description":"Na scenie: El\u017cbieta Szwejkowska-Olsson (recytacja) Nathalie Czarnecki (recytacja), Tomasz Siegrist (\u015bpiew) i Marcin Dominik Gluch (fortepian). Jeden ze s\u0142ynnych wierszy C. K. Norwida w szwedzkim przek\u0142adzie Jana Henrika Swahna zostanie premierowo odczytany podczas wieczoru.\nOrganizatorzy: Instytut Polski w Sztokholmie, Towarzystwo Muzyczne im. Stanis\u0142awa Moniuszki w Szwecji we wsp\u00f3\u0142pracy z galeri\u0105 Thielska Galleriet przy wsparciu Konsulatu RP w Sztokholmie i Polskiego Kongresu w Szwecji.\nPi\u0105tek, 17 wrze\u015bnia 2021, godz. 18.30Thielska Galleriet, Sj\u00f6tullsbacken 8, Stockholm\nOgraniczona ilo\u015b\u0107 miejsc! Prosimy o wcze\u015bniejsz\u0105 rejestracj\u0119 na adres mailowy: sztokholm@instytutpolski.pl."},{"@type":"ImageObject","inLanguage":"pl-PL","@id":"https:\/\/instytutpolski.pl\/stockholm\/pl\/2021\/09\/13\/nostalgiczna-podroz-do-polski-muzyczno-poetycki-wieczor-w-thielska-galleriet\/#primaryimage","url":"https:\/\/instytutpolski.pl\/stockholm\/wp-content\/uploads\/sites\/17\/2021\/09\/baner-na-www-2.jpg","contentUrl":"https:\/\/instytutpolski.pl\/stockholm\/wp-content\/uploads\/sites\/17\/2021\/09\/baner-na-www-2.jpg","width":1120,"height":630},{"@type":"BreadcrumbList","@id":"https:\/\/instytutpolski.pl\/stockholm\/pl\/2021\/09\/13\/nostalgiczna-podroz-do-polski-muzyczno-poetycki-wieczor-w-thielska-galleriet\/#breadcrumb","itemListElement":[{"@type":"ListItem","position":1,"name":"Home","item":"https:\/\/instytutpolski.pl\/stockholm\/"},{"@type":"ListItem","position":2,"name":"Nostalgiczna podr\u00f3\u017c do Polski. Muzyczno-poetycki wiecz\u00f3r w Thielska Galleriet"}]},{"@type":"WebSite","@id":"https:\/\/instytutpolski.pl\/stockholm\/#website","url":"https:\/\/instytutpolski.pl\/stockholm\/","name":"Instytut Polski w Sztokholmie","description":"Instytuty Polskie","potentialAction":[{"@type":"SearchAction","target":{"@type":"EntryPoint","urlTemplate":"https:\/\/instytutpolski.pl\/stockholm\/?s={search_term_string}"},"query-input":{"@type":"PropertyValueSpecification","valueRequired":true,"valueName":"search_term_string"}}],"inLanguage":"pl-PL"},{"@type":"Person","@id":"https:\/\/instytutpolski.pl\/stockholm\/#\/schema\/person\/062b5a5f61f32b17c98996975db8d556","name":"strozniake","image":{"@type":"ImageObject","inLanguage":"pl-PL","@id":"https:\/\/instytutpolski.pl\/stockholm\/#\/schema\/person\/image\/","url":"https:\/\/secure.gravatar.com\/avatar\/25e0be9897787f9035155a882fde97cc?s=96&d=mm&r=g","contentUrl":"https:\/\/secure.gravatar.com\/avatar\/25e0be9897787f9035155a882fde97cc?s=96&d=mm&r=g","caption":"strozniake"},"sameAs":["http:\/\/strozniake"],"url":"https:\/\/instytutpolski.pl\/stockholm\/author\/strozniake\/"}]}},"_links":{"self":[{"href":"https:\/\/instytutpolski.pl\/stockholm\/wp-json\/wp\/v2\/posts\/6527","targetHints":{"allow":["GET"]}}],"collection":[{"href":"https:\/\/instytutpolski.pl\/stockholm\/wp-json\/wp\/v2\/posts"}],"about":[{"href":"https:\/\/instytutpolski.pl\/stockholm\/wp-json\/wp\/v2\/types\/post"}],"author":[{"embeddable":true,"href":"https:\/\/instytutpolski.pl\/stockholm\/wp-json\/wp\/v2\/users\/29"}],"replies":[{"embeddable":true,"href":"https:\/\/instytutpolski.pl\/stockholm\/wp-json\/wp\/v2\/comments?post=6527"}],"version-history":[{"count":3,"href":"https:\/\/instytutpolski.pl\/stockholm\/wp-json\/wp\/v2\/posts\/6527\/revisions"}],"predecessor-version":[{"id":6530,"href":"https:\/\/instytutpolski.pl\/stockholm\/wp-json\/wp\/v2\/posts\/6527\/revisions\/6530"}],"wp:featuredmedia":[{"embeddable":true,"href":"https:\/\/instytutpolski.pl\/stockholm\/wp-json\/wp\/v2\/media\/6465"}],"wp:attachment":[{"href":"https:\/\/instytutpolski.pl\/stockholm\/wp-json\/wp\/v2\/media?parent=6527"}],"wp:term":[{"taxonomy":"category","embeddable":true,"href":"https:\/\/instytutpolski.pl\/stockholm\/wp-json\/wp\/v2\/categories?post=6527"},{"taxonomy":"post_tag","embeddable":true,"href":"https:\/\/instytutpolski.pl\/stockholm\/wp-json\/wp\/v2\/tags?post=6527"}],"curies":[{"name":"wp","href":"https:\/\/api.w.org\/{rel}","templated":true}]}}