{"id":6727,"date":"2021-10-11T10:15:00","date_gmt":"2021-10-11T08:15:00","guid":{"rendered":"https:\/\/instytutpolski.pl\/stockholm\/?p=6727"},"modified":"2021-10-14T16:59:38","modified_gmt":"2021-10-14T14:59:38","slug":"czeslaw-slania-setna-rocznica-urodzin","status":"publish","type":"post","link":"https:\/\/instytutpolski.pl\/stockholm\/pl\/2021\/10\/11\/czeslaw-slania-setna-rocznica-urodzin\/","title":{"rendered":"CZES\u0141AW S\u0141ANIA \u2013 SETNA ROCZNICA URODZIN"},"content":{"rendered":"\n<p>S\u0142ania urodzi\u0142 si\u0119 22 pa\u017adziernika 1921 w Czeladzi, uko\u0144czy\u0142 Akademi\u0119 Sztuk Pi\u0119knych im. Jana Matejki w Krakowie, a po studiach podj\u0105\u0142 prac\u0119 w Pa\u0144stwowej Wytw\u00f3rni Papier\u00f3w Warto\u015bciowych w Warszawie jako grawer i tam tworzy\u0142 swoje pierwsze znaczki. W 1956 roku wyemigrowa\u0142 do Szwecji, a w 1959 roku zosta\u0142 zatrudniony przez Poczt\u0105 Szwedzk\u0105. W 1972 roku zosta\u0142 uhonorowany przez kr\u00f3la Szwecji tytu\u0142em Nadwornego Grawera.<\/p>\n\n\n\n<p>W Muzeum Poczty odb\u0119dzie si\u0119, zaprezentowany dwukrotnie w ci\u0105gu dnia, wyk\u0142ad Christiny J\u00e4gerb\u00e4ck, by\u0142ej wsp\u00f3\u0142pracowniczki Czes\u0142awa S\u0142ani w dziale projektowania znaczk\u00f3w Poczty Szwedzkiej, pt. <em>10 av 1000 f\u00e5r godk\u00e4nt, Slanias eget val<\/em> (\u201eDziesi\u0119\u0107 dobrych z tysi\u0105ca. S\u0142ania ocenia swoje grawiury znaczk\u00f3w\u201d) do wystawy pod tym samym tytu\u0142em, kt\u00f3ra potrwa w Muzeum Poczty w Sztokholmie do 9 stycznia 2022. B\u0119d\u0105 r\u00f3wnie\u017c dwa pokazy filmu s\u0142ynnego szwedzkiego fotografika Andersa Hansera pt.<em> En j\u00e4tte i miniatyr <\/em>(\u201dGigant w miniaturze\u201d).<\/p>\n\n\n\n<p>W programie jest r\u00f3wnie\u017c spotkanie z wybitnym szwedzkim grawerem znaczk\u00f3w, by\u0142ym wsp\u00f3\u0142pracownikiem Czes\u0142awa S\u0142ani, Larsem Sj\u00f6\u00f6blomem, autorem rytu szwedzkiej wersji znaczka projektu Marzanny D\u0105browskiej \u201e100. rocznica urodzin Czes\u0142awa S\u0142ani\u201d, kt\u00f3ry zostaje wprowadzony do obiegu przez Szwedzk\u0105 Poczt\u0119, PostNord, w\u0142a\u015bnie 22 pa\u017adziernika. Polska wersja znaczka z rytem Przemys\u0142awa Krajewskiego jest emitowana przez Poczt\u0119 Polsk\u0105 tego samego dnia. Odwiedzaj\u0105cy mog\u0105 zakupi\u0107 w Muzeum Poczty okoliczno\u015bciowe znaczki, widok\u00f3wki i otrzyma\u0107 stempel pierwszego dnia obiegu.<\/p>\n\n\n\n<p>Stowarzyszenie Mi\u0142o\u015bnik\u00f3w Muzeum Poczty &#8211; F\u00f6reningen Postmusei V\u00e4nner \u2013 zaprezentuje tegoroczny numer swojej publikacji \u201ePostryttaren\u201d z obszernym artyku\u0142em na temat Czes\u0142awa S\u0142ani. Natomiast Slaniasamfundet &#8211; Towarzystwo Czes\u0142awa S\u0142ani, kt\u00f3re obchodzi 40-lecie istnienia opowie o swojej dzia\u0142alno\u015bci i zaplanowanych rocznicowych wydarzeniach i zaprezentuje okoliczno\u015bciow\u0105 kart\u0119 pocztow\u0105 i stempel.<\/p>\n\n\n\n<p>Nie zabraknie obecno\u015bci Instytutu Polskiego, kt\u00f3ry wraz z Slaniasamfundet zaprezentuje po raz pierwszy \u201eJubileuszow\u0105 antologi\u0119\u201d o Czes\u0142awie S\u0142ani. Ksi\u0105\u017cka powsta\u0142a, aby uczci\u0107 Czes\u0142awa S\u0142ani\u0119 i jest wynikiem \u015bcis\u0142ej wsp\u00f3\u0142pracy szwedzkiego Towarzystwa Czes\u0142awa S\u0142ani (Slaniasamfundet), Instytutu Polskiego w Sztokholmie i Akademii Sztuk Pi\u0119knych im. Jana Matejki w Krakowie. Publikacja w limitowanym, numerowanym nak\u0142adzie jest antologi\u0105 artyku\u0142\u00f3w, zar\u00f3wno takich, kt\u00f3re wcze\u015bniej si\u0119 ukaza\u0142y oraz specjalnie napisanych do ksi\u0105\u017cki ukazuj\u0105cej r\u00f3\u017cne aspekty tw\u00f3rczo\u015bci oraz \u017cycia Czes\u0142awa S\u0142ani. Aspekty, kt\u00f3re wp\u0142yn\u0119\u0142y na koleg\u00f3w i kole\u017canki po fachu, kolekcjoner\u00f3w oraz og\u00f3lnie na \u015bwiatow\u0105 filatelistyk\u0119 jako fenomen w kulturze. Antologia jest wydana po szwedzku i po polsku i zostanie zaprezentowana r\u00f3wnocze\u015bnie w Szwecji i Polsce. W Polsce &#8211; 22 pa\u017adziernika 2021, podczas wernisa\u017cu wystawy prac Czes\u0142awa S\u0142ani w 100. rocznic\u0119 urodzin artysty w Sali Krakowskiej Narodowego Banku Polskiego na ul. Basztowej 20 w Krakowie.<\/p>\n\n\n\n<figure class=\"wp-block-image size-large\"><img loading=\"lazy\" decoding=\"async\" width=\"1024\" height=\"768\" src=\"https:\/\/instytutpolski.pl\/stockholm\/wp-content\/uploads\/sites\/17\/2021\/10\/IMG_3284-1024x768.jpeg\" alt=\"\" class=\"wp-image-6722\" srcset=\"https:\/\/instytutpolski.pl\/stockholm\/wp-content\/uploads\/sites\/17\/2021\/10\/IMG_3284-1024x768.jpeg 1024w, https:\/\/instytutpolski.pl\/stockholm\/wp-content\/uploads\/sites\/17\/2021\/10\/IMG_3284-300x225.jpeg 300w, https:\/\/instytutpolski.pl\/stockholm\/wp-content\/uploads\/sites\/17\/2021\/10\/IMG_3284-768x576.jpeg 768w, https:\/\/instytutpolski.pl\/stockholm\/wp-content\/uploads\/sites\/17\/2021\/10\/IMG_3284-1536x1152.jpeg 1536w, https:\/\/instytutpolski.pl\/stockholm\/wp-content\/uploads\/sites\/17\/2021\/10\/IMG_3284-2048x1536.jpeg 2048w\" sizes=\"auto, (max-width: 1024px) 100vw, 1024px\" \/><figcaption><em>Jubileuszowa antologia o Czes\u0142awie S\u0142anii, zdj\u0119cie: Aleksandra Toborowicz<\/em><\/figcaption><\/figure>\n\n\n\n<p><br>Ekspozycja \u201eCzes\u0142aw S\u0142ania. Czarodziej stalorytu\u201d przygotowana przez Monik\u0119 Wanyura-Kurosad pod patronatem Jego Magnificencji Rektora Akademii Sztuk Pi\u0119knych im. Jana Matejki w Krakowie, Profesora Andrzeja Bednarczyka, obejmuje 32 prace &#8211; miedzioryty i staloryty z kolekcji Gabinetu Rycin Biblioteki G\u0142\u00f3wnej ASP w Krakowie, kt\u00f3re s\u0105 darem profesora Krzysztofa Tomalskiego oraz arcydzie\u0142a rylca \u2014 znaczki pocztowe z kolekcji Bogus\u0142awy Ko\u017cusznik-Kurosad. Narracja wystawy prowadzi od lat studenckich do pe\u0142ni tw\u00f3rczo\u015bci artysty niezwykle cenionego na forum mi\u0119dzynarodowym z racji mistrzostwa w sztuce grawerskiej. Bitwa pod Grunwaldem ol\u015bniewa dynamizmem struktur graficznych. Miedzioryty przedstawiaj\u0105ce konie wg. Micha\u0142owskiego, niezwykle impresyjne, zachwycaj\u0105 ulotnym pi\u0119knem. Portrety ujmuj\u0105 g\u0142\u0119bi\u0105 interpretacji i perfekcyjn\u0105 kresk\u0105. W obiegu znajduje si\u0119 ponad 30 miliard\u00f3w znaczk\u00f3w pocztowych autorstwa S\u0142ani. S\u0105 one rozpoznawalne na pierwszy rzut oka dzi\u0119ki charakterystycznej szlachetno\u015bci warsztatu i wyrafinowanej kolorystyce. Organizatorem wystawy jest Akademia Sztuk Pi\u0119knych im. Jana Matejki w Krakowie we wsp\u00f3\u0142pracy Narodowego Banku Polskiego, Oddzia\u0142 w Krakowie i przy wsparciu Instytutu Polskiego w Sztokholmie i Slaniasamfundet &#8211; Towarzystwa Czes\u0142awa S\u0142ani w Szwecji. Wystawa potrwa do 30 listopada 2021 roku i w przysz\u0142ym roku prawdopodobnie zostanie zaprezentowana w Szwecji.<\/p>\n\n\n\n<p>Inicjatorem krakowskich wydarze\u0144 jubileuszowych zwi\u0105zanych z 100. rocznic\u0105 urodzin Czes\u0142awa S\u0142ani jest profesor Akademii Sztuk Pi\u0119knych im. Jana Matejki w Krakowie, Bart\u0142omiej Struzik, kt\u00f3ry mia\u0142 te\u017c nieoceniony wk\u0142ad w powstanie \u201eJubileuszowej antologii\u201d.<\/p>\n\n\n\n<figure class=\"wp-block-gallery columns-2 is-cropped wp-block-gallery-1 is-layout-flex wp-block-gallery-is-layout-flex\"><ul class=\"blocks-gallery-grid\"><li class=\"blocks-gallery-item\"><figure><a href=\"https:\/\/instytutpolski.pl\/stockholm\/wp-content\/uploads\/sites\/17\/2021\/10\/Czeslaw-Slania_plakat_B1.jpg\"><img loading=\"lazy\" decoding=\"async\" width=\"724\" height=\"1024\" src=\"https:\/\/instytutpolski.pl\/stockholm\/wp-content\/uploads\/sites\/17\/2021\/10\/Czeslaw-Slania_plakat_B1-724x1024.jpg\" alt=\"\" data-id=\"6703\" data-full-url=\"https:\/\/instytutpolski.pl\/stockholm\/wp-content\/uploads\/sites\/17\/2021\/10\/Czeslaw-Slania_plakat_B1.jpg\" data-link=\"https:\/\/instytutpolski.pl\/stockholm\/2021\/10\/06\/czeslaw-slania-100-ar\/czeslaw-slania_plakat_b1\/\" class=\"wp-image-6703\" srcset=\"https:\/\/instytutpolski.pl\/stockholm\/wp-content\/uploads\/sites\/17\/2021\/10\/Czeslaw-Slania_plakat_B1-724x1024.jpg 724w, https:\/\/instytutpolski.pl\/stockholm\/wp-content\/uploads\/sites\/17\/2021\/10\/Czeslaw-Slania_plakat_B1-212x300.jpg 212w, https:\/\/instytutpolski.pl\/stockholm\/wp-content\/uploads\/sites\/17\/2021\/10\/Czeslaw-Slania_plakat_B1-768x1086.jpg 768w, https:\/\/instytutpolski.pl\/stockholm\/wp-content\/uploads\/sites\/17\/2021\/10\/Czeslaw-Slania_plakat_B1.jpg 1000w\" sizes=\"auto, (max-width: 724px) 100vw, 724px\" \/><\/a><\/figure><\/li><li class=\"blocks-gallery-item\"><figure><a href=\"https:\/\/instytutpolski.pl\/stockholm\/wp-content\/uploads\/sites\/17\/2021\/10\/Czeslaw-Slania_wystawa.jpg\"><img loading=\"lazy\" decoding=\"async\" width=\"707\" height=\"1024\" src=\"https:\/\/instytutpolski.pl\/stockholm\/wp-content\/uploads\/sites\/17\/2021\/10\/Czeslaw-Slania_wystawa-707x1024.jpg\" alt=\"\" data-id=\"6704\" data-full-url=\"https:\/\/instytutpolski.pl\/stockholm\/wp-content\/uploads\/sites\/17\/2021\/10\/Czeslaw-Slania_wystawa.jpg\" data-link=\"https:\/\/instytutpolski.pl\/stockholm\/2021\/10\/06\/czeslaw-slania-100-ar\/czeslaw-slania_wystawa\/\" class=\"wp-image-6704\" srcset=\"https:\/\/instytutpolski.pl\/stockholm\/wp-content\/uploads\/sites\/17\/2021\/10\/Czeslaw-Slania_wystawa-707x1024.jpg 707w, https:\/\/instytutpolski.pl\/stockholm\/wp-content\/uploads\/sites\/17\/2021\/10\/Czeslaw-Slania_wystawa-207x300.jpg 207w, https:\/\/instytutpolski.pl\/stockholm\/wp-content\/uploads\/sites\/17\/2021\/10\/Czeslaw-Slania_wystawa-768x1112.jpg 768w, https:\/\/instytutpolski.pl\/stockholm\/wp-content\/uploads\/sites\/17\/2021\/10\/Czeslaw-Slania_wystawa.jpg 1000w\" sizes=\"auto, (max-width: 707px) 100vw, 707px\" \/><\/a><\/figure><\/li><\/ul><\/figure>\n\n\n\n<p><br>Obchody setnych urodzin Czes\u0142awa S\u0142ani w sztokholmskim Muzeum Poczty maj\u0105 drug\u0105 ods\u0142on\u0119 w sobot\u0119 23 pa\u017adziernika. Towarzystwo Czes\u0142awa S\u0142ani (Slaniasamfundet) zaprasza wszystkich zainteresowanych na Jubileuszowe seminarium w godzinach kl. 13.00\u201315.00. W programie m.in. przemowa przewodnicz\u0105cego Towarzystwa, Rolfa Korlinga, wyk\u0142ad Claesa Fellstr\u00f6ma na temat historii Towarzystwa, rozdanie dyplom\u00f3w oraz podsumowanie trwaj\u0105cej aukcji oraz prezentacja Instytutu Polskiego na temat nowo wydanej antologii.<\/p>\n\n\n\n<p>Zg\u0142oszenia prosimy nadsy\u0142a\u0107 na adres: sekreteraren@slaniasamfundet.com<\/p>\n","protected":false},"excerpt":{"rendered":"<p>S\u0142ania urodzi\u0142 si\u0119 22 pa\u017adziernika 1921 w Czeladzi, uko\u0144czy\u0142 Akademi\u0119 Sztuk Pi\u0119knych im. Jana Matejki w Krakowie, a po studiach podj\u0105\u0142 prac\u0119 w Pa\u0144stwowej Wytw\u00f3rni Papier\u00f3w Warto\u015bciowych w Warszawie jako grawer i tam tworzy\u0142 swoje pierwsze znaczki. W 1956 roku wyemigrowa\u0142 do Szwecji, a w 1959 roku zosta\u0142 zatrudniony przez Poczt\u0105 Szwedzk\u0105. W 1972 roku [&hellip;]<\/p>\n","protected":false},"author":29,"featured_media":6698,"comment_status":"closed","ping_status":"closed","sticky":false,"template":"","format":"standard","meta":{"inline_featured_image":false,"_monsterinsights_skip_tracking":false,"_monsterinsights_sitenote_active":false,"_monsterinsights_sitenote_note":"","_monsterinsights_sitenote_category":0,"footnotes":""},"categories":[113,36],"tags":[],"class_list":["post-6727","post","type-post","status-publish","format-standard","has-post-thumbnail","hentry","category-historia","category-wydarzenie"],"yoast_head":"<!-- This site is optimized with the Yoast SEO plugin v24.6 - https:\/\/yoast.com\/wordpress\/plugins\/seo\/ -->\n<title>CZES\u0141AW S\u0141ANIA \u2013 SETNA ROCZNICA URODZIN - Instytut Polski w Sztokholmie<\/title>\n<meta name=\"robots\" content=\"index, follow, max-snippet:-1, max-image-preview:large, max-video-preview:-1\" \/>\n<link rel=\"canonical\" href=\"https:\/\/instytutpolski.pl\/stockholm\/pl\/2021\/10\/11\/czeslaw-slania-setna-rocznica-urodzin\/\" \/>\n<meta property=\"og:locale\" content=\"pl_PL\" \/>\n<meta property=\"og:type\" content=\"article\" \/>\n<meta property=\"og:title\" content=\"CZES\u0141AW S\u0141ANIA \u2013 SETNA ROCZNICA URODZIN - Instytut Polski w Sztokholmie\" \/>\n<meta property=\"og:description\" content=\"S\u0142ania urodzi\u0142 si\u0119 22 pa\u017adziernika 1921 w Czeladzi, uko\u0144czy\u0142 Akademi\u0119 Sztuk Pi\u0119knych im. Jana Matejki w Krakowie, a po studiach podj\u0105\u0142 prac\u0119 w Pa\u0144stwowej Wytw\u00f3rni Papier\u00f3w Warto\u015bciowych w Warszawie jako grawer i tam tworzy\u0142 swoje pierwsze znaczki. W 1956 roku wyemigrowa\u0142 do Szwecji, a w 1959 roku zosta\u0142 zatrudniony przez Poczt\u0105 Szwedzk\u0105. W 1972 roku [&hellip;]\" \/>\n<meta property=\"og:url\" content=\"https:\/\/instytutpolski.pl\/stockholm\/pl\/2021\/10\/11\/czeslaw-slania-setna-rocznica-urodzin\/\" \/>\n<meta property=\"og:site_name\" content=\"Instytut Polski w Sztokholmie\" \/>\n<meta property=\"article:published_time\" content=\"2021-10-11T08:15:00+00:00\" \/>\n<meta property=\"article:modified_time\" content=\"2021-10-14T14:59:38+00:00\" \/>\n<meta property=\"og:image\" content=\"https:\/\/instytutpolski.pl\/stockholm\/wp-content\/uploads\/sites\/17\/2021\/10\/Czeslaw-Slania-100-ar.jpg\" \/>\n\t<meta property=\"og:image:width\" content=\"969\" \/>\n\t<meta property=\"og:image:height\" content=\"636\" \/>\n\t<meta property=\"og:image:type\" content=\"image\/jpeg\" \/>\n<meta name=\"author\" content=\"strozniake\" \/>\n<meta name=\"twitter:card\" content=\"summary_large_image\" \/>\n<meta name=\"twitter:label1\" content=\"Napisane przez\" \/>\n\t<meta name=\"twitter:data1\" content=\"strozniake\" \/>\n\t<meta name=\"twitter:label2\" content=\"Szacowany czas czytania\" \/>\n\t<meta name=\"twitter:data2\" content=\"4 minuty\" \/>\n<script type=\"application\/ld+json\" class=\"yoast-schema-graph\">{\"@context\":\"https:\/\/schema.org\",\"@graph\":[{\"@type\":\"event\",\"@id\":\"https:\/\/instytutpolski.pl\/stockholm\/pl\/2021\/10\/11\/czeslaw-slania-setna-rocznica-urodzin\/\",\"url\":\"https:\/\/instytutpolski.pl\/stockholm\/pl\/2021\/10\/11\/czeslaw-slania-setna-rocznica-urodzin\/\",\"name\":\"CZES\u0141AW S\u0141ANIA \u2013 SETNA ROCZNICA URODZIN\",\"isPartOf\":{\"@id\":\"https:\/\/instytutpolski.pl\/stockholm\/#website\"},\"primaryImageOfPage\":{\"@id\":\"https:\/\/instytutpolski.pl\/stockholm\/pl\/2021\/10\/11\/czeslaw-slania-setna-rocznica-urodzin\/#primaryimage\"},\"image\":[\"https:\/\/instytutpolski.pl\/stockholm\/wp-content\/uploads\/sites\/17\/2021\/10\/Czeslaw-Slania-100-ar.jpg\",\"https:\/\/instytutpolski.pl\/stockholm\/wp-content\/uploads\/sites\/17\/2021\/10\/Czeslaw-Slania-100-ar-300x197.jpg\",\"https:\/\/instytutpolski.pl\/stockholm\/wp-content\/uploads\/sites\/17\/2021\/10\/Czeslaw-Slania-100-ar.jpg\",\"https:\/\/instytutpolski.pl\/stockholm\/wp-content\/uploads\/sites\/17\/2021\/10\/Czeslaw-Slania-100-ar.jpg\"],\"thumbnailUrl\":\"https:\/\/instytutpolski.pl\/stockholm\/wp-content\/uploads\/sites\/17\/2021\/10\/Czeslaw-Slania-100-ar.jpg\",\"datePublished\":\"2021-10-11T08:15:00+02:00\",\"dateModified\":\"2021-10-14T14:59:38+02:00\",\"author\":{\"@id\":\"https:\/\/instytutpolski.pl\/stockholm\/#\/schema\/person\/062b5a5f61f32b17c98996975db8d556\"},\"breadcrumb\":{\"@id\":\"https:\/\/instytutpolski.pl\/stockholm\/pl\/2021\/10\/11\/czeslaw-slania-setna-rocznica-urodzin\/#breadcrumb\"},\"inLanguage\":\"pl-PL\",\"potentialAction\":[{\"@type\":\"ReadAction\",\"target\":[\"https:\/\/instytutpolski.pl\/stockholm\/pl\/2021\/10\/11\/czeslaw-slania-setna-rocznica-urodzin\/\"]}],\"@context\":\"https:\/\/schema.org\",\"startDate\":\"2021-10-22\",\"endDate\":\"2021-10-22\",\"eventStatus\":\"EventScheduled\",\"eventAttendanceMode\":\"OfflineEventAttendanceMode\",\"location\":{\"@type\":\"place\",\"name\":\"Postmuseum, Lilla Nygatan 6, Gamla stan, Stockholm \/ Polska nationalbanken, Basztowa 20, Krak\u00f3w\\r\\n\",\"address\":\"Postmuseum, Lilla Nygatan 6, Gamla stan, Stockholm \/ Polska nationalbanken, Basztowa 20, Krak\u00f3w\\r\\n\",\"geo\":{\"@type\":\"GeoCoordinates\",\"latitude\":\"62.3196741657525\",\"longitude\":\"16.32107839935201\"}},\"description\":\"S\u0142ania urodzi\u0142 si\u0119 22 pa\u017adziernika 1921 w Czeladzi, uko\u0144czy\u0142 Akademi\u0119 Sztuk Pi\u0119knych im. Jana Matejki w Krakowie, a po studiach podj\u0105\u0142 prac\u0119 w Pa\u0144stwowej Wytw\u00f3rni Papier\u00f3w Warto\u015bciowych w Warszawie jako grawer i tam tworzy\u0142 swoje pierwsze znaczki. W 1956 roku wyemigrowa\u0142 do Szwecji, a w 1959 roku zosta\u0142 zatrudniony przez Poczt\u0105 Szwedzk\u0105. W 1972 roku zosta\u0142 uhonorowany przez kr\u00f3la Szwecji tytu\u0142em Nadwornego Grawera.\\nW Muzeum Poczty odb\u0119dzie si\u0119, zaprezentowany dwukrotnie w ci\u0105gu dnia, wyk\u0142ad Christiny J\u00e4gerb\u00e4ck, by\u0142ej wsp\u00f3\u0142pracowniczki Czes\u0142awa S\u0142ani w dziale projektowania znaczk\u00f3w Poczty Szwedzkiej, pt. 10 av 1000 f\u00e5r godk\u00e4nt, Slanias eget val (\u201eDziesi\u0119\u0107 dobrych z tysi\u0105ca. S\u0142ania ocenia swoje grawiury znaczk\u00f3w\u201d) do wystawy pod tym samym tytu\u0142em, kt\u00f3ra potrwa w Muzeum Poczty w Sztokholmie do 9 stycznia 2022. B\u0119d\u0105 r\u00f3wnie\u017c dwa pokazy filmu s\u0142ynnego szwedzkiego fotografika Andersa Hansera pt. En j\u00e4tte i miniatyr (\u201dGigant w miniaturze\u201d).\\nW programie jest r\u00f3wnie\u017c spotkanie z wybitnym szwedzkim grawerem znaczk\u00f3w, by\u0142ym wsp\u00f3\u0142pracownikiem Czes\u0142awa S\u0142ani, Larsem Sj\u00f6\u00f6blomem, autorem rytu szwedzkiej wersji znaczka projektu Marzanny D\u0105browskiej \u201e100. rocznica urodzin Czes\u0142awa S\u0142ani\u201d, kt\u00f3ry zostaje wprowadzony do obiegu przez Szwedzk\u0105 Poczt\u0119, PostNord, w\u0142a\u015bnie 22 pa\u017adziernika. Polska wersja znaczka z rytem Przemys\u0142awa Krajewskiego jest emitowana przez Poczt\u0119 Polsk\u0105 tego samego dnia. Odwiedzaj\u0105cy mog\u0105 zakupi\u0107 w Muzeum Poczty okoliczno\u015bciowe znaczki, widok\u00f3wki i otrzyma\u0107 stempel pierwszego dnia obiegu.\\nStowarzyszenie Mi\u0142o\u015bnik\u00f3w Muzeum Poczty - F\u00f6reningen Postmusei V\u00e4nner \u2013 zaprezentuje tegoroczny numer swojej publikacji \u201ePostryttaren\u201d z obszernym artyku\u0142em na temat Czes\u0142awa S\u0142ani. Natomiast Slaniasamfundet - Towarzystwo Czes\u0142awa S\u0142ani, kt\u00f3re obchodzi 40-lecie istnienia opowie o swojej dzia\u0142alno\u015bci i zaplanowanych rocznicowych wydarzeniach i zaprezentuje okoliczno\u015bciow\u0105 kart\u0119 pocztow\u0105 i stempel.\\nNie zabraknie obecno\u015bci Instytutu Polskiego, kt\u00f3ry wraz z Slaniasamfundet zaprezentuje po raz pierwszy \u201eJubileuszow\u0105 antologi\u0119\u201d o Czes\u0142awie S\u0142ani. Ksi\u0105\u017cka powsta\u0142a, aby uczci\u0107 Czes\u0142awa S\u0142ani\u0119 i jest wynikiem \u015bcis\u0142ej wsp\u00f3\u0142pracy szwedzkiego Towarzystwa Czes\u0142awa S\u0142ani (Slaniasamfundet), Instytutu Polskiego w Sztokholmie i Akademii Sztuk Pi\u0119knych im. Jana Matejki w Krakowie. Publikacja w limitowanym, numerowanym nak\u0142adzie jest antologi\u0105 artyku\u0142\u00f3w, zar\u00f3wno takich, kt\u00f3re wcze\u015bniej si\u0119 ukaza\u0142y oraz specjalnie napisanych do ksi\u0105\u017cki ukazuj\u0105cej r\u00f3\u017cne aspekty tw\u00f3rczo\u015bci oraz \u017cycia Czes\u0142awa S\u0142ani. Aspekty, kt\u00f3re wp\u0142yn\u0119\u0142y na koleg\u00f3w i kole\u017canki po fachu, kolekcjoner\u00f3w oraz og\u00f3lnie na \u015bwiatow\u0105 filatelistyk\u0119 jako fenomen w kulturze. Antologia jest wydana po szwedzku i po polsku i zostanie zaprezentowana r\u00f3wnocze\u015bnie w Szwecji i Polsce. W Polsce - 22 pa\u017adziernika 2021, podczas wernisa\u017cu wystawy prac Czes\u0142awa S\u0142ani w 100. rocznic\u0119 urodzin artysty w Sali Krakowskiej Narodowego Banku Polskiego na ul. Basztowej 20 w Krakowie.\\nEkspozycja \u201eCzes\u0142aw S\u0142ania. Czarodziej stalorytu\u201d przygotowana przez Monik\u0119 Wanyura-Kurosad pod patronatem Jego Magnificencji Rektora Akademii Sztuk Pi\u0119knych im. Jana Matejki w Krakowie, Profesora Andrzeja Bednarczyka, obejmuje 32 prace - miedzioryty i staloryty z kolekcji Gabinetu Rycin Biblioteki G\u0142\u00f3wnej ASP w Krakowie, kt\u00f3re s\u0105 darem profesora Krzysztofa Tomalskiego oraz arcydzie\u0142a rylca \u2014 znaczki pocztowe z kolekcji Bogus\u0142awy Ko\u017cusznik-Kurosad. Narracja wystawy prowadzi od lat studenckich do pe\u0142ni tw\u00f3rczo\u015bci artysty niezwykle cenionego na forum mi\u0119dzynarodowym z racji mistrzostwa w sztuce grawerskiej. Bitwa pod Grunwaldem ol\u015bniewa dynamizmem struktur graficznych. Miedzioryty przedstawiaj\u0105ce konie wg. Micha\u0142owskiego, niezwykle impresyjne, zachwycaj\u0105 ulotnym pi\u0119knem. Portrety ujmuj\u0105 g\u0142\u0119bi\u0105 interpretacji i perfekcyjn\u0105 kresk\u0105. W obiegu znajduje si\u0119 ponad 30 miliard\u00f3w znaczk\u00f3w pocztowych autorstwa S\u0142ani. S\u0105 one rozpoznawalne na pierwszy rzut oka dzi\u0119ki charakterystycznej szlachetno\u015bci warsztatu i wyrafinowanej kolorystyce. Organizatorem wystawy jest Akademia Sztuk Pi\u0119knych im. Jana Matejki w Krakowie we wsp\u00f3\u0142pracy Narodowego Banku Polskiego, Oddzia\u0142 w Krakowie i przy wsparciu Instytutu Polskiego w Sztokholmie i Slaniasamfundet - Towarzystwa Czes\u0142awa S\u0142ani w Szwecji. Wystawa potrwa do 30 listopada 2021 roku i w przysz\u0142ym roku prawdopodobnie zostanie zaprezentowana w Szwecji.\\nInicjatorem krakowskich wydarze\u0144 jubileuszowych zwi\u0105zanych z 100. rocznic\u0105 urodzin Czes\u0142awa S\u0142ani jest profesor Akademii Sztuk Pi\u0119knych im. Jana Matejki w Krakowie, Bart\u0142omiej Struzik, kt\u00f3ry mia\u0142 te\u017c nieoceniony wk\u0142ad w powstanie \u201eJubileuszowej antologii\u201d.\\nObchody setnych urodzin Czes\u0142awa S\u0142ani w sztokholmskim Muzeum Poczty maj\u0105 drug\u0105 ods\u0142on\u0119 w sobot\u0119 23 pa\u017adziernika. Towarzystwo Czes\u0142awa S\u0142ani (Slaniasamfundet) zaprasza wszystkich zainteresowanych na Jubileuszowe seminarium w godzinach kl. 13.00\u201315.00. W programie m.in. przemowa przewodnicz\u0105cego Towarzystwa, Rolfa Korlinga, wyk\u0142ad Claesa Fellstr\u00f6ma na temat historii Towarzystwa, rozdanie dyplom\u00f3w oraz podsumowanie trwaj\u0105cej aukcji oraz prezentacja Instytutu Polskiego na temat nowo wydanej antologii.\\nZg\u0142oszenia prosimy nadsy\u0142a\u0107 na adres: sekreteraren@slaniasamfundet.com\"},{\"@type\":\"ImageObject\",\"inLanguage\":\"pl-PL\",\"@id\":\"https:\/\/instytutpolski.pl\/stockholm\/pl\/2021\/10\/11\/czeslaw-slania-setna-rocznica-urodzin\/#primaryimage\",\"url\":\"https:\/\/instytutpolski.pl\/stockholm\/wp-content\/uploads\/sites\/17\/2021\/10\/Czeslaw-Slania-100-ar.jpg\",\"contentUrl\":\"https:\/\/instytutpolski.pl\/stockholm\/wp-content\/uploads\/sites\/17\/2021\/10\/Czeslaw-Slania-100-ar.jpg\",\"width\":969,\"height\":636},{\"@type\":\"BreadcrumbList\",\"@id\":\"https:\/\/instytutpolski.pl\/stockholm\/pl\/2021\/10\/11\/czeslaw-slania-setna-rocznica-urodzin\/#breadcrumb\",\"itemListElement\":[{\"@type\":\"ListItem\",\"position\":1,\"name\":\"Home\",\"item\":\"https:\/\/instytutpolski.pl\/stockholm\/\"},{\"@type\":\"ListItem\",\"position\":2,\"name\":\"CZES\u0141AW S\u0141ANIA \u2013 SETNA ROCZNICA URODZIN\"}]},{\"@type\":\"WebSite\",\"@id\":\"https:\/\/instytutpolski.pl\/stockholm\/#website\",\"url\":\"https:\/\/instytutpolski.pl\/stockholm\/\",\"name\":\"Instytut Polski w Sztokholmie\",\"description\":\"Instytuty Polskie\",\"potentialAction\":[{\"@type\":\"SearchAction\",\"target\":{\"@type\":\"EntryPoint\",\"urlTemplate\":\"https:\/\/instytutpolski.pl\/stockholm\/?s={search_term_string}\"},\"query-input\":{\"@type\":\"PropertyValueSpecification\",\"valueRequired\":true,\"valueName\":\"search_term_string\"}}],\"inLanguage\":\"pl-PL\"},{\"@type\":\"Person\",\"@id\":\"https:\/\/instytutpolski.pl\/stockholm\/#\/schema\/person\/062b5a5f61f32b17c98996975db8d556\",\"name\":\"strozniake\",\"image\":{\"@type\":\"ImageObject\",\"inLanguage\":\"pl-PL\",\"@id\":\"https:\/\/instytutpolski.pl\/stockholm\/#\/schema\/person\/image\/\",\"url\":\"https:\/\/secure.gravatar.com\/avatar\/25e0be9897787f9035155a882fde97cc?s=96&d=mm&r=g\",\"contentUrl\":\"https:\/\/secure.gravatar.com\/avatar\/25e0be9897787f9035155a882fde97cc?s=96&d=mm&r=g\",\"caption\":\"strozniake\"},\"sameAs\":[\"http:\/\/strozniake\"],\"url\":\"https:\/\/instytutpolski.pl\/stockholm\/author\/strozniake\/\"}]}<\/script>\n<!-- \/ Yoast SEO plugin. -->","yoast_head_json":{"title":"CZES\u0141AW S\u0141ANIA \u2013 SETNA ROCZNICA URODZIN - Instytut Polski w Sztokholmie","robots":{"index":"index","follow":"follow","max-snippet":"max-snippet:-1","max-image-preview":"max-image-preview:large","max-video-preview":"max-video-preview:-1"},"canonical":"https:\/\/instytutpolski.pl\/stockholm\/pl\/2021\/10\/11\/czeslaw-slania-setna-rocznica-urodzin\/","og_locale":"pl_PL","og_type":"article","og_title":"CZES\u0141AW S\u0141ANIA \u2013 SETNA ROCZNICA URODZIN - Instytut Polski w Sztokholmie","og_description":"S\u0142ania urodzi\u0142 si\u0119 22 pa\u017adziernika 1921 w Czeladzi, uko\u0144czy\u0142 Akademi\u0119 Sztuk Pi\u0119knych im. Jana Matejki w Krakowie, a po studiach podj\u0105\u0142 prac\u0119 w Pa\u0144stwowej Wytw\u00f3rni Papier\u00f3w Warto\u015bciowych w Warszawie jako grawer i tam tworzy\u0142 swoje pierwsze znaczki. W 1956 roku wyemigrowa\u0142 do Szwecji, a w 1959 roku zosta\u0142 zatrudniony przez Poczt\u0105 Szwedzk\u0105. W 1972 roku [&hellip;]","og_url":"https:\/\/instytutpolski.pl\/stockholm\/pl\/2021\/10\/11\/czeslaw-slania-setna-rocznica-urodzin\/","og_site_name":"Instytut Polski w Sztokholmie","article_published_time":"2021-10-11T08:15:00+00:00","article_modified_time":"2021-10-14T14:59:38+00:00","og_image":[{"width":969,"height":636,"url":"https:\/\/instytutpolski.pl\/stockholm\/wp-content\/uploads\/sites\/17\/2021\/10\/Czeslaw-Slania-100-ar.jpg","type":"image\/jpeg"}],"author":"strozniake","twitter_card":"summary_large_image","twitter_misc":{"Napisane przez":"strozniake","Szacowany czas czytania":"4 minuty"},"schema":{"@context":"https:\/\/schema.org","@graph":[{"@type":"event","@id":"https:\/\/instytutpolski.pl\/stockholm\/pl\/2021\/10\/11\/czeslaw-slania-setna-rocznica-urodzin\/","url":"https:\/\/instytutpolski.pl\/stockholm\/pl\/2021\/10\/11\/czeslaw-slania-setna-rocznica-urodzin\/","name":"CZES\u0141AW S\u0141ANIA \u2013 SETNA ROCZNICA URODZIN","isPartOf":{"@id":"https:\/\/instytutpolski.pl\/stockholm\/#website"},"primaryImageOfPage":{"@id":"https:\/\/instytutpolski.pl\/stockholm\/pl\/2021\/10\/11\/czeslaw-slania-setna-rocznica-urodzin\/#primaryimage"},"image":["https:\/\/instytutpolski.pl\/stockholm\/wp-content\/uploads\/sites\/17\/2021\/10\/Czeslaw-Slania-100-ar.jpg","https:\/\/instytutpolski.pl\/stockholm\/wp-content\/uploads\/sites\/17\/2021\/10\/Czeslaw-Slania-100-ar-300x197.jpg","https:\/\/instytutpolski.pl\/stockholm\/wp-content\/uploads\/sites\/17\/2021\/10\/Czeslaw-Slania-100-ar.jpg","https:\/\/instytutpolski.pl\/stockholm\/wp-content\/uploads\/sites\/17\/2021\/10\/Czeslaw-Slania-100-ar.jpg"],"thumbnailUrl":"https:\/\/instytutpolski.pl\/stockholm\/wp-content\/uploads\/sites\/17\/2021\/10\/Czeslaw-Slania-100-ar.jpg","datePublished":"2021-10-11T08:15:00+02:00","dateModified":"2021-10-14T14:59:38+02:00","author":{"@id":"https:\/\/instytutpolski.pl\/stockholm\/#\/schema\/person\/062b5a5f61f32b17c98996975db8d556"},"breadcrumb":{"@id":"https:\/\/instytutpolski.pl\/stockholm\/pl\/2021\/10\/11\/czeslaw-slania-setna-rocznica-urodzin\/#breadcrumb"},"inLanguage":"pl-PL","potentialAction":[{"@type":"ReadAction","target":["https:\/\/instytutpolski.pl\/stockholm\/pl\/2021\/10\/11\/czeslaw-slania-setna-rocznica-urodzin\/"]}],"@context":"https:\/\/schema.org","startDate":"2021-10-22","endDate":"2021-10-22","eventStatus":"EventScheduled","eventAttendanceMode":"OfflineEventAttendanceMode","location":{"@type":"place","name":"Postmuseum, Lilla Nygatan 6, Gamla stan, Stockholm \/ Polska nationalbanken, Basztowa 20, Krak\u00f3w\r\n","address":"Postmuseum, Lilla Nygatan 6, Gamla stan, Stockholm \/ Polska nationalbanken, Basztowa 20, Krak\u00f3w\r\n","geo":{"@type":"GeoCoordinates","latitude":"62.3196741657525","longitude":"16.32107839935201"}},"description":"S\u0142ania urodzi\u0142 si\u0119 22 pa\u017adziernika 1921 w Czeladzi, uko\u0144czy\u0142 Akademi\u0119 Sztuk Pi\u0119knych im. Jana Matejki w Krakowie, a po studiach podj\u0105\u0142 prac\u0119 w Pa\u0144stwowej Wytw\u00f3rni Papier\u00f3w Warto\u015bciowych w Warszawie jako grawer i tam tworzy\u0142 swoje pierwsze znaczki. W 1956 roku wyemigrowa\u0142 do Szwecji, a w 1959 roku zosta\u0142 zatrudniony przez Poczt\u0105 Szwedzk\u0105. W 1972 roku zosta\u0142 uhonorowany przez kr\u00f3la Szwecji tytu\u0142em Nadwornego Grawera.\nW Muzeum Poczty odb\u0119dzie si\u0119, zaprezentowany dwukrotnie w ci\u0105gu dnia, wyk\u0142ad Christiny J\u00e4gerb\u00e4ck, by\u0142ej wsp\u00f3\u0142pracowniczki Czes\u0142awa S\u0142ani w dziale projektowania znaczk\u00f3w Poczty Szwedzkiej, pt. 10 av 1000 f\u00e5r godk\u00e4nt, Slanias eget val (\u201eDziesi\u0119\u0107 dobrych z tysi\u0105ca. S\u0142ania ocenia swoje grawiury znaczk\u00f3w\u201d) do wystawy pod tym samym tytu\u0142em, kt\u00f3ra potrwa w Muzeum Poczty w Sztokholmie do 9 stycznia 2022. B\u0119d\u0105 r\u00f3wnie\u017c dwa pokazy filmu s\u0142ynnego szwedzkiego fotografika Andersa Hansera pt. En j\u00e4tte i miniatyr (\u201dGigant w miniaturze\u201d).\nW programie jest r\u00f3wnie\u017c spotkanie z wybitnym szwedzkim grawerem znaczk\u00f3w, by\u0142ym wsp\u00f3\u0142pracownikiem Czes\u0142awa S\u0142ani, Larsem Sj\u00f6\u00f6blomem, autorem rytu szwedzkiej wersji znaczka projektu Marzanny D\u0105browskiej \u201e100. rocznica urodzin Czes\u0142awa S\u0142ani\u201d, kt\u00f3ry zostaje wprowadzony do obiegu przez Szwedzk\u0105 Poczt\u0119, PostNord, w\u0142a\u015bnie 22 pa\u017adziernika. Polska wersja znaczka z rytem Przemys\u0142awa Krajewskiego jest emitowana przez Poczt\u0119 Polsk\u0105 tego samego dnia. Odwiedzaj\u0105cy mog\u0105 zakupi\u0107 w Muzeum Poczty okoliczno\u015bciowe znaczki, widok\u00f3wki i otrzyma\u0107 stempel pierwszego dnia obiegu.\nStowarzyszenie Mi\u0142o\u015bnik\u00f3w Muzeum Poczty - F\u00f6reningen Postmusei V\u00e4nner \u2013 zaprezentuje tegoroczny numer swojej publikacji \u201ePostryttaren\u201d z obszernym artyku\u0142em na temat Czes\u0142awa S\u0142ani. Natomiast Slaniasamfundet - Towarzystwo Czes\u0142awa S\u0142ani, kt\u00f3re obchodzi 40-lecie istnienia opowie o swojej dzia\u0142alno\u015bci i zaplanowanych rocznicowych wydarzeniach i zaprezentuje okoliczno\u015bciow\u0105 kart\u0119 pocztow\u0105 i stempel.\nNie zabraknie obecno\u015bci Instytutu Polskiego, kt\u00f3ry wraz z Slaniasamfundet zaprezentuje po raz pierwszy \u201eJubileuszow\u0105 antologi\u0119\u201d o Czes\u0142awie S\u0142ani. Ksi\u0105\u017cka powsta\u0142a, aby uczci\u0107 Czes\u0142awa S\u0142ani\u0119 i jest wynikiem \u015bcis\u0142ej wsp\u00f3\u0142pracy szwedzkiego Towarzystwa Czes\u0142awa S\u0142ani (Slaniasamfundet), Instytutu Polskiego w Sztokholmie i Akademii Sztuk Pi\u0119knych im. Jana Matejki w Krakowie. Publikacja w limitowanym, numerowanym nak\u0142adzie jest antologi\u0105 artyku\u0142\u00f3w, zar\u00f3wno takich, kt\u00f3re wcze\u015bniej si\u0119 ukaza\u0142y oraz specjalnie napisanych do ksi\u0105\u017cki ukazuj\u0105cej r\u00f3\u017cne aspekty tw\u00f3rczo\u015bci oraz \u017cycia Czes\u0142awa S\u0142ani. Aspekty, kt\u00f3re wp\u0142yn\u0119\u0142y na koleg\u00f3w i kole\u017canki po fachu, kolekcjoner\u00f3w oraz og\u00f3lnie na \u015bwiatow\u0105 filatelistyk\u0119 jako fenomen w kulturze. Antologia jest wydana po szwedzku i po polsku i zostanie zaprezentowana r\u00f3wnocze\u015bnie w Szwecji i Polsce. W Polsce - 22 pa\u017adziernika 2021, podczas wernisa\u017cu wystawy prac Czes\u0142awa S\u0142ani w 100. rocznic\u0119 urodzin artysty w Sali Krakowskiej Narodowego Banku Polskiego na ul. Basztowej 20 w Krakowie.\nEkspozycja \u201eCzes\u0142aw S\u0142ania. Czarodziej stalorytu\u201d przygotowana przez Monik\u0119 Wanyura-Kurosad pod patronatem Jego Magnificencji Rektora Akademii Sztuk Pi\u0119knych im. Jana Matejki w Krakowie, Profesora Andrzeja Bednarczyka, obejmuje 32 prace - miedzioryty i staloryty z kolekcji Gabinetu Rycin Biblioteki G\u0142\u00f3wnej ASP w Krakowie, kt\u00f3re s\u0105 darem profesora Krzysztofa Tomalskiego oraz arcydzie\u0142a rylca \u2014 znaczki pocztowe z kolekcji Bogus\u0142awy Ko\u017cusznik-Kurosad. Narracja wystawy prowadzi od lat studenckich do pe\u0142ni tw\u00f3rczo\u015bci artysty niezwykle cenionego na forum mi\u0119dzynarodowym z racji mistrzostwa w sztuce grawerskiej. Bitwa pod Grunwaldem ol\u015bniewa dynamizmem struktur graficznych. Miedzioryty przedstawiaj\u0105ce konie wg. Micha\u0142owskiego, niezwykle impresyjne, zachwycaj\u0105 ulotnym pi\u0119knem. Portrety ujmuj\u0105 g\u0142\u0119bi\u0105 interpretacji i perfekcyjn\u0105 kresk\u0105. W obiegu znajduje si\u0119 ponad 30 miliard\u00f3w znaczk\u00f3w pocztowych autorstwa S\u0142ani. S\u0105 one rozpoznawalne na pierwszy rzut oka dzi\u0119ki charakterystycznej szlachetno\u015bci warsztatu i wyrafinowanej kolorystyce. Organizatorem wystawy jest Akademia Sztuk Pi\u0119knych im. Jana Matejki w Krakowie we wsp\u00f3\u0142pracy Narodowego Banku Polskiego, Oddzia\u0142 w Krakowie i przy wsparciu Instytutu Polskiego w Sztokholmie i Slaniasamfundet - Towarzystwa Czes\u0142awa S\u0142ani w Szwecji. Wystawa potrwa do 30 listopada 2021 roku i w przysz\u0142ym roku prawdopodobnie zostanie zaprezentowana w Szwecji.\nInicjatorem krakowskich wydarze\u0144 jubileuszowych zwi\u0105zanych z 100. rocznic\u0105 urodzin Czes\u0142awa S\u0142ani jest profesor Akademii Sztuk Pi\u0119knych im. Jana Matejki w Krakowie, Bart\u0142omiej Struzik, kt\u00f3ry mia\u0142 te\u017c nieoceniony wk\u0142ad w powstanie \u201eJubileuszowej antologii\u201d.\nObchody setnych urodzin Czes\u0142awa S\u0142ani w sztokholmskim Muzeum Poczty maj\u0105 drug\u0105 ods\u0142on\u0119 w sobot\u0119 23 pa\u017adziernika. Towarzystwo Czes\u0142awa S\u0142ani (Slaniasamfundet) zaprasza wszystkich zainteresowanych na Jubileuszowe seminarium w godzinach kl. 13.00\u201315.00. W programie m.in. przemowa przewodnicz\u0105cego Towarzystwa, Rolfa Korlinga, wyk\u0142ad Claesa Fellstr\u00f6ma na temat historii Towarzystwa, rozdanie dyplom\u00f3w oraz podsumowanie trwaj\u0105cej aukcji oraz prezentacja Instytutu Polskiego na temat nowo wydanej antologii.\nZg\u0142oszenia prosimy nadsy\u0142a\u0107 na adres: sekreteraren@slaniasamfundet.com"},{"@type":"ImageObject","inLanguage":"pl-PL","@id":"https:\/\/instytutpolski.pl\/stockholm\/pl\/2021\/10\/11\/czeslaw-slania-setna-rocznica-urodzin\/#primaryimage","url":"https:\/\/instytutpolski.pl\/stockholm\/wp-content\/uploads\/sites\/17\/2021\/10\/Czeslaw-Slania-100-ar.jpg","contentUrl":"https:\/\/instytutpolski.pl\/stockholm\/wp-content\/uploads\/sites\/17\/2021\/10\/Czeslaw-Slania-100-ar.jpg","width":969,"height":636},{"@type":"BreadcrumbList","@id":"https:\/\/instytutpolski.pl\/stockholm\/pl\/2021\/10\/11\/czeslaw-slania-setna-rocznica-urodzin\/#breadcrumb","itemListElement":[{"@type":"ListItem","position":1,"name":"Home","item":"https:\/\/instytutpolski.pl\/stockholm\/"},{"@type":"ListItem","position":2,"name":"CZES\u0141AW S\u0141ANIA \u2013 SETNA ROCZNICA URODZIN"}]},{"@type":"WebSite","@id":"https:\/\/instytutpolski.pl\/stockholm\/#website","url":"https:\/\/instytutpolski.pl\/stockholm\/","name":"Instytut Polski w Sztokholmie","description":"Instytuty Polskie","potentialAction":[{"@type":"SearchAction","target":{"@type":"EntryPoint","urlTemplate":"https:\/\/instytutpolski.pl\/stockholm\/?s={search_term_string}"},"query-input":{"@type":"PropertyValueSpecification","valueRequired":true,"valueName":"search_term_string"}}],"inLanguage":"pl-PL"},{"@type":"Person","@id":"https:\/\/instytutpolski.pl\/stockholm\/#\/schema\/person\/062b5a5f61f32b17c98996975db8d556","name":"strozniake","image":{"@type":"ImageObject","inLanguage":"pl-PL","@id":"https:\/\/instytutpolski.pl\/stockholm\/#\/schema\/person\/image\/","url":"https:\/\/secure.gravatar.com\/avatar\/25e0be9897787f9035155a882fde97cc?s=96&d=mm&r=g","contentUrl":"https:\/\/secure.gravatar.com\/avatar\/25e0be9897787f9035155a882fde97cc?s=96&d=mm&r=g","caption":"strozniake"},"sameAs":["http:\/\/strozniake"],"url":"https:\/\/instytutpolski.pl\/stockholm\/author\/strozniake\/"}]}},"_links":{"self":[{"href":"https:\/\/instytutpolski.pl\/stockholm\/wp-json\/wp\/v2\/posts\/6727","targetHints":{"allow":["GET"]}}],"collection":[{"href":"https:\/\/instytutpolski.pl\/stockholm\/wp-json\/wp\/v2\/posts"}],"about":[{"href":"https:\/\/instytutpolski.pl\/stockholm\/wp-json\/wp\/v2\/types\/post"}],"author":[{"embeddable":true,"href":"https:\/\/instytutpolski.pl\/stockholm\/wp-json\/wp\/v2\/users\/29"}],"replies":[{"embeddable":true,"href":"https:\/\/instytutpolski.pl\/stockholm\/wp-json\/wp\/v2\/comments?post=6727"}],"version-history":[{"count":6,"href":"https:\/\/instytutpolski.pl\/stockholm\/wp-json\/wp\/v2\/posts\/6727\/revisions"}],"predecessor-version":[{"id":6841,"href":"https:\/\/instytutpolski.pl\/stockholm\/wp-json\/wp\/v2\/posts\/6727\/revisions\/6841"}],"wp:featuredmedia":[{"embeddable":true,"href":"https:\/\/instytutpolski.pl\/stockholm\/wp-json\/wp\/v2\/media\/6698"}],"wp:attachment":[{"href":"https:\/\/instytutpolski.pl\/stockholm\/wp-json\/wp\/v2\/media?parent=6727"}],"wp:term":[{"taxonomy":"category","embeddable":true,"href":"https:\/\/instytutpolski.pl\/stockholm\/wp-json\/wp\/v2\/categories?post=6727"},{"taxonomy":"post_tag","embeddable":true,"href":"https:\/\/instytutpolski.pl\/stockholm\/wp-json\/wp\/v2\/tags?post=6727"}],"curies":[{"name":"wp","href":"https:\/\/api.w.org\/{rel}","templated":true}]}}