{"id":6734,"date":"2021-09-20T13:30:00","date_gmt":"2021-09-20T11:30:00","guid":{"rendered":"https:\/\/instytutpolski.pl\/stockholm\/?p=6734"},"modified":"2021-10-07T15:21:13","modified_gmt":"2021-10-07T13:21:13","slug":"online-seminarium-czy-demokracja-w-europie-jest-zagrozona-na-targach-ksiazki-w-goteborgu","status":"publish","type":"post","link":"https:\/\/instytutpolski.pl\/stockholm\/pl\/2021\/09\/20\/online-seminarium-czy-demokracja-w-europie-jest-zagrozona-na-targach-ksiazki-w-goteborgu\/","title":{"rendered":"Online Seminarium \u201eCzy demokracja w Europie jest zagro\u017cona?\u201d na Targach Ksi\u0105\u017cki w G\u00f6teborgu!"},"content":{"rendered":"\n<p>Autorzy Kathrin R\u00f6ggla (Austria), Alexandra Lucas Coelho (Portugalia), Au\u0161ra Kazili\u016bnait\u0117 (Litwa) oraz Krystyna D\u0105browska (Polska) rozmawiaj\u0105 na temat wp\u0142ywu pandemii na ich \u017cycie prywatne, prac\u0119, tw\u00f3rczo\u015b\u0107, a tak\u017ce na nastroje w ich krajach ojczystych. Czy pandemia oraz restrykcje z ni\u0105 zwi\u0105zane odcisn\u0119\u0142y swoje pi\u0119tno na j\u0119zyku i literaturze? Jak wp\u0142yn\u0119\u0142o to na przemys\u0142 i polityk\u0119 kulturaln\u0105? Jak na dialog intelektualny i sp\u00f3jno\u015b\u0107 w Europie wp\u0142yn\u0105\u0142 rosn\u0105cy nacjonalizm i obecny kryzys pandemiczny? Jak uczestnicy seminarium widz\u0105 przysz\u0142o\u015b\u0107?<\/p>\n\n\n\n<p>Rozmow\u0119 moderuje szwedzki dziennikarz Per Svensson.<\/p>\n\n\n\n<p>Link do seminarium: <a href=\"https:\/\/bokmassan.se\/programs\/ar-demokratin-i-europa-hotad\/\">https:\/\/bokmassan.se\/programs\/ar-demokratin-i-europa-hotad\/<\/a><\/p>\n\n\n\n<div style=\"height:26px\" aria-hidden=\"true\" class=\"wp-block-spacer\"><\/div>\n\n\n\n<div class=\"wp-block-media-text alignwide is-stacked-on-mobile\" style=\"grid-template-columns:41% auto\"><figure class=\"wp-block-media-text__media\"><img loading=\"lazy\" decoding=\"async\" width=\"530\" height=\"795\" src=\"https:\/\/instytutpolski.pl\/stockholm\/wp-content\/uploads\/sites\/17\/2021\/08\/unnamed-1.jpg\" alt=\"\" class=\"wp-image-6113 size-full\" srcset=\"https:\/\/instytutpolski.pl\/stockholm\/wp-content\/uploads\/sites\/17\/2021\/08\/unnamed-1.jpg 530w, https:\/\/instytutpolski.pl\/stockholm\/wp-content\/uploads\/sites\/17\/2021\/08\/unnamed-1-200x300.jpg 200w\" sizes=\"auto, (max-width: 530px) 100vw, 530px\" \/><\/figure><div class=\"wp-block-media-text__content\">\n<p><strong>Krystyna D\u0105browska<\/strong> (ur. 1979) poetka, eseistka i t\u0142umaczka. Do tej pory opublikowa\u0142a cztery tomiki poetyckie: Biuro podr\u00f3\u017cy (2006), Bia\u0142e krzes\u0142a (2012), Czas i przes\u0142ona (2014), \u015acie\u017cki d\u017awi\u0119kowe (2018). W 2013 roku zosta\u0142a laureatk\u0105 dw\u00f3ch presti\u017cowych polskich nagr\u00f3d literackich: Nagroda im. Wis\u0142awy Szymborskiej oraz Nagroda Fundacji im. Ko\u015bcielskich, a w 2019 zosta\u0142a uhonorowana Nagroda Literacka m.st. Warszawy. Jej wiersze s\u0105 przet\u0142umaczone na dziewi\u0119tna\u015bcie j\u0119zyk\u00f3w i zosta\u0142y opublikowane w wielu czasopismach literackich zar\u00f3wno w Polsce, jak i za granic\u0105, m.in.: Harper&#8217;s Magazine, Plough, Modern Poetry in Translation, AGNI, Po&amp;Sie, Revista Cr\u00e1tera, Akzente, Sinn und Form, i R\u0119kopisy. Zbiory poezji Krystyny zosta\u0142y wydane po w\u0142osku, niemiecku i szwedzku, a wkr\u00f3tce r\u00f3wnie\u017c po portugalsku i angielsku (Zephyr Press, 2022). Krystyna prze\u0142o\u017cy\u0142a poezj\u0119 m.in. W.C. Williamsa, Thoma Gunn, Charlesa Simic, Kima Moore, Nuala N\u00ed Dhomhnaill i Louise Gl\u00fcck. Mieszka i pracuje w Warszawie.<\/p>\n\n\n\n<p>Fot. Roman Lipiog\u00f3rski<\/p>\n<\/div><\/div>\n","protected":false},"excerpt":{"rendered":"<p>Autorzy Kathrin R\u00f6ggla (Austria), Alexandra Lucas Coelho (Portugalia), Au\u0161ra Kazili\u016bnait\u0117 (Litwa) oraz Krystyna D\u0105browska (Polska) rozmawiaj\u0105 na temat wp\u0142ywu pandemii na ich \u017cycie prywatne, prac\u0119, tw\u00f3rczo\u015b\u0107, a tak\u017ce na nastroje w ich krajach ojczystych. Czy pandemia oraz restrykcje z ni\u0105 zwi\u0105zane odcisn\u0119\u0142y swoje pi\u0119tno na j\u0119zyku i literaturze? Jak wp\u0142yn\u0119\u0142o to na przemys\u0142 i polityk\u0119 [&hellip;]<\/p>\n","protected":false},"author":29,"featured_media":6613,"comment_status":"closed","ping_status":"closed","sticky":false,"template":"","format":"standard","meta":{"inline_featured_image":false,"_monsterinsights_skip_tracking":false,"_monsterinsights_sitenote_active":false,"_monsterinsights_sitenote_note":"","_monsterinsights_sitenote_category":0,"footnotes":""},"categories":[87,36],"tags":[],"class_list":["post-6734","post","type-post","status-publish","format-standard","has-post-thumbnail","hentry","category-literatura","category-wydarzenie"],"yoast_head":"<!-- This site is optimized with the Yoast SEO plugin v24.6 - https:\/\/yoast.com\/wordpress\/plugins\/seo\/ -->\n<title>Online Seminarium \u201eCzy demokracja w Europie jest zagro\u017cona?\u201d na Targach Ksi\u0105\u017cki w G\u00f6teborgu! - Instytut Polski w Sztokholmie<\/title>\n<meta name=\"robots\" content=\"index, follow, max-snippet:-1, max-image-preview:large, max-video-preview:-1\" \/>\n<link rel=\"canonical\" href=\"https:\/\/instytutpolski.pl\/stockholm\/pl\/2021\/09\/20\/online-seminarium-czy-demokracja-w-europie-jest-zagrozona-na-targach-ksiazki-w-goteborgu\/\" \/>\n<meta property=\"og:locale\" content=\"pl_PL\" \/>\n<meta property=\"og:type\" content=\"article\" \/>\n<meta property=\"og:title\" content=\"Online Seminarium \u201eCzy demokracja w Europie jest zagro\u017cona?\u201d na Targach Ksi\u0105\u017cki w G\u00f6teborgu! - Instytut Polski w Sztokholmie\" \/>\n<meta property=\"og:description\" content=\"Autorzy Kathrin R\u00f6ggla (Austria), Alexandra Lucas Coelho (Portugalia), Au\u0161ra Kazili\u016bnait\u0117 (Litwa) oraz Krystyna D\u0105browska (Polska) rozmawiaj\u0105 na temat wp\u0142ywu pandemii na ich \u017cycie prywatne, prac\u0119, tw\u00f3rczo\u015b\u0107, a tak\u017ce na nastroje w ich krajach ojczystych. Czy pandemia oraz restrykcje z ni\u0105 zwi\u0105zane odcisn\u0119\u0142y swoje pi\u0119tno na j\u0119zyku i literaturze? Jak wp\u0142yn\u0119\u0142o to na przemys\u0142 i polityk\u0119 [&hellip;]\" \/>\n<meta property=\"og:url\" content=\"https:\/\/instytutpolski.pl\/stockholm\/pl\/2021\/09\/20\/online-seminarium-czy-demokracja-w-europie-jest-zagrozona-na-targach-ksiazki-w-goteborgu\/\" \/>\n<meta property=\"og:site_name\" content=\"Instytut Polski w Sztokholmie\" \/>\n<meta property=\"article:published_time\" content=\"2021-09-20T11:30:00+00:00\" \/>\n<meta property=\"article:modified_time\" content=\"2021-10-07T13:21:13+00:00\" \/>\n<meta property=\"og:image\" content=\"https:\/\/instytutpolski.pl\/stockholm\/wp-content\/uploads\/sites\/17\/2021\/09\/baner_poprawka.jpg\" \/>\n\t<meta property=\"og:image:width\" content=\"1920\" \/>\n\t<meta property=\"og:image:height\" content=\"1080\" \/>\n\t<meta property=\"og:image:type\" content=\"image\/jpeg\" \/>\n<meta name=\"author\" content=\"strozniake\" \/>\n<meta name=\"twitter:card\" content=\"summary_large_image\" \/>\n<meta name=\"twitter:label1\" content=\"Napisane przez\" \/>\n\t<meta name=\"twitter:data1\" content=\"strozniake\" \/>\n\t<meta name=\"twitter:label2\" content=\"Szacowany czas czytania\" \/>\n\t<meta name=\"twitter:data2\" content=\"2 minuty\" \/>\n<script type=\"application\/ld+json\" class=\"yoast-schema-graph\">{\"@context\":\"https:\/\/schema.org\",\"@graph\":[{\"@type\":\"event\",\"@id\":\"https:\/\/instytutpolski.pl\/stockholm\/pl\/2021\/09\/20\/online-seminarium-czy-demokracja-w-europie-jest-zagrozona-na-targach-ksiazki-w-goteborgu\/\",\"url\":\"https:\/\/instytutpolski.pl\/stockholm\/pl\/2021\/09\/20\/online-seminarium-czy-demokracja-w-europie-jest-zagrozona-na-targach-ksiazki-w-goteborgu\/\",\"name\":\"Online Seminarium \u201eCzy demokracja w Europie jest zagro\u017cona?\u201d na Targach Ksi\u0105\u017cki w G\u00f6teborgu!\",\"isPartOf\":{\"@id\":\"https:\/\/instytutpolski.pl\/stockholm\/#website\"},\"primaryImageOfPage\":{\"@id\":\"https:\/\/instytutpolski.pl\/stockholm\/pl\/2021\/09\/20\/online-seminarium-czy-demokracja-w-europie-jest-zagrozona-na-targach-ksiazki-w-goteborgu\/#primaryimage\"},\"image\":[\"https:\/\/instytutpolski.pl\/stockholm\/wp-content\/uploads\/sites\/17\/2021\/09\/baner_poprawka.jpg\",\"https:\/\/instytutpolski.pl\/stockholm\/wp-content\/uploads\/sites\/17\/2021\/09\/baner_poprawka-300x169.jpg\",\"https:\/\/instytutpolski.pl\/stockholm\/wp-content\/uploads\/sites\/17\/2021\/09\/baner_poprawka-1024x576.jpg\",\"https:\/\/instytutpolski.pl\/stockholm\/wp-content\/uploads\/sites\/17\/2021\/09\/baner_poprawka.jpg\"],\"thumbnailUrl\":\"https:\/\/instytutpolski.pl\/stockholm\/wp-content\/uploads\/sites\/17\/2021\/09\/baner_poprawka.jpg\",\"datePublished\":\"2021-09-20T11:30:00+02:00\",\"dateModified\":\"2021-10-07T13:21:13+02:00\",\"author\":{\"@id\":\"https:\/\/instytutpolski.pl\/stockholm\/#\/schema\/person\/062b5a5f61f32b17c98996975db8d556\"},\"breadcrumb\":{\"@id\":\"https:\/\/instytutpolski.pl\/stockholm\/pl\/2021\/09\/20\/online-seminarium-czy-demokracja-w-europie-jest-zagrozona-na-targach-ksiazki-w-goteborgu\/#breadcrumb\"},\"inLanguage\":\"pl-PL\",\"potentialAction\":[{\"@type\":\"ReadAction\",\"target\":[\"https:\/\/instytutpolski.pl\/stockholm\/pl\/2021\/09\/20\/online-seminarium-czy-demokracja-w-europie-jest-zagrozona-na-targach-ksiazki-w-goteborgu\/\"]}],\"@context\":\"https:\/\/schema.org\",\"startDate\":\"2021-09-23\",\"endDate\":\"2021-09-26\",\"eventStatus\":\"EventScheduled\",\"eventAttendanceMode\":\"OnlineEventAttendanceMode\",\"location\":{\"@type\":\"VirtualLocation\",\"url\":\"\"},\"description\":\"Autorzy Kathrin R\u00f6ggla (Austria), Alexandra Lucas Coelho (Portugalia), Au\u0161ra Kazili\u016bnait\u0117 (Litwa) oraz Krystyna D\u0105browska (Polska) rozmawiaj\u0105 na temat wp\u0142ywu pandemii na ich \u017cycie prywatne, prac\u0119, tw\u00f3rczo\u015b\u0107, a tak\u017ce na nastroje w ich krajach ojczystych. Czy pandemia oraz restrykcje z ni\u0105 zwi\u0105zane odcisn\u0119\u0142y swoje pi\u0119tno na j\u0119zyku i literaturze? Jak wp\u0142yn\u0119\u0142o to na przemys\u0142 i polityk\u0119 kulturaln\u0105? Jak na dialog intelektualny i sp\u00f3jno\u015b\u0107 w Europie wp\u0142yn\u0105\u0142 rosn\u0105cy nacjonalizm i obecny kryzys pandemiczny? Jak uczestnicy seminarium widz\u0105 przysz\u0142o\u015b\u0107?\\nRozmow\u0119 moderuje szwedzki dziennikarz Per Svensson.\\nLink do seminarium: https:\/\/bokmassan.se\/programs\/ar-demokratin-i-europa-hotad\/\\nKrystyna D\u0105browska (ur. 1979) poetka, eseistka i t\u0142umaczka. Do tej pory opublikowa\u0142a cztery tomiki poetyckie: Biuro podr\u00f3\u017cy (2006), Bia\u0142e krzes\u0142a (2012), Czas i przes\u0142ona (2014), \u015acie\u017cki d\u017awi\u0119kowe (2018). W 2013 roku zosta\u0142a laureatk\u0105 dw\u00f3ch presti\u017cowych polskich nagr\u00f3d literackich: Nagroda im. Wis\u0142awy Szymborskiej oraz Nagroda Fundacji im. Ko\u015bcielskich, a w 2019 zosta\u0142a uhonorowana Nagroda Literacka m.st. Warszawy. Jej wiersze s\u0105 przet\u0142umaczone na dziewi\u0119tna\u015bcie j\u0119zyk\u00f3w i zosta\u0142y opublikowane w wielu czasopismach literackich zar\u00f3wno w Polsce, jak i za granic\u0105, m.in.: Harper's Magazine, Plough, Modern Poetry in Translation, AGNI, Po&amp;Sie, Revista Cr\u00e1tera, Akzente, Sinn und Form, i R\u0119kopisy. Zbiory poezji Krystyny zosta\u0142y wydane po w\u0142osku, niemiecku i szwedzku, a wkr\u00f3tce r\u00f3wnie\u017c po portugalsku i angielsku (Zephyr Press, 2022). Krystyna prze\u0142o\u017cy\u0142a poezj\u0119 m.in. W.C. Williamsa, Thoma Gunn, Charlesa Simic, Kima Moore, Nuala N\u00ed Dhomhnaill i Louise Gl\u00fcck. Mieszka i pracuje w Warszawie.\\nFot. Roman Lipiog\u00f3rski\"},{\"@type\":\"ImageObject\",\"inLanguage\":\"pl-PL\",\"@id\":\"https:\/\/instytutpolski.pl\/stockholm\/pl\/2021\/09\/20\/online-seminarium-czy-demokracja-w-europie-jest-zagrozona-na-targach-ksiazki-w-goteborgu\/#primaryimage\",\"url\":\"https:\/\/instytutpolski.pl\/stockholm\/wp-content\/uploads\/sites\/17\/2021\/09\/baner_poprawka.jpg\",\"contentUrl\":\"https:\/\/instytutpolski.pl\/stockholm\/wp-content\/uploads\/sites\/17\/2021\/09\/baner_poprawka.jpg\",\"width\":1920,\"height\":1080},{\"@type\":\"BreadcrumbList\",\"@id\":\"https:\/\/instytutpolski.pl\/stockholm\/pl\/2021\/09\/20\/online-seminarium-czy-demokracja-w-europie-jest-zagrozona-na-targach-ksiazki-w-goteborgu\/#breadcrumb\",\"itemListElement\":[{\"@type\":\"ListItem\",\"position\":1,\"name\":\"Home\",\"item\":\"https:\/\/instytutpolski.pl\/stockholm\/\"},{\"@type\":\"ListItem\",\"position\":2,\"name\":\"Online Seminarium \u201eCzy demokracja w Europie jest zagro\u017cona?\u201d na Targach Ksi\u0105\u017cki w G\u00f6teborgu!\"}]},{\"@type\":\"WebSite\",\"@id\":\"https:\/\/instytutpolski.pl\/stockholm\/#website\",\"url\":\"https:\/\/instytutpolski.pl\/stockholm\/\",\"name\":\"Instytut Polski w Sztokholmie\",\"description\":\"Instytuty Polskie\",\"potentialAction\":[{\"@type\":\"SearchAction\",\"target\":{\"@type\":\"EntryPoint\",\"urlTemplate\":\"https:\/\/instytutpolski.pl\/stockholm\/?s={search_term_string}\"},\"query-input\":{\"@type\":\"PropertyValueSpecification\",\"valueRequired\":true,\"valueName\":\"search_term_string\"}}],\"inLanguage\":\"pl-PL\"},{\"@type\":\"Person\",\"@id\":\"https:\/\/instytutpolski.pl\/stockholm\/#\/schema\/person\/062b5a5f61f32b17c98996975db8d556\",\"name\":\"strozniake\",\"image\":{\"@type\":\"ImageObject\",\"inLanguage\":\"pl-PL\",\"@id\":\"https:\/\/instytutpolski.pl\/stockholm\/#\/schema\/person\/image\/\",\"url\":\"https:\/\/secure.gravatar.com\/avatar\/25e0be9897787f9035155a882fde97cc?s=96&d=mm&r=g\",\"contentUrl\":\"https:\/\/secure.gravatar.com\/avatar\/25e0be9897787f9035155a882fde97cc?s=96&d=mm&r=g\",\"caption\":\"strozniake\"},\"sameAs\":[\"http:\/\/strozniake\"],\"url\":\"https:\/\/instytutpolski.pl\/stockholm\/author\/strozniake\/\"}]}<\/script>\n<!-- \/ Yoast SEO plugin. -->","yoast_head_json":{"title":"Online Seminarium \u201eCzy demokracja w Europie jest zagro\u017cona?\u201d na Targach Ksi\u0105\u017cki w G\u00f6teborgu! - Instytut Polski w Sztokholmie","robots":{"index":"index","follow":"follow","max-snippet":"max-snippet:-1","max-image-preview":"max-image-preview:large","max-video-preview":"max-video-preview:-1"},"canonical":"https:\/\/instytutpolski.pl\/stockholm\/pl\/2021\/09\/20\/online-seminarium-czy-demokracja-w-europie-jest-zagrozona-na-targach-ksiazki-w-goteborgu\/","og_locale":"pl_PL","og_type":"article","og_title":"Online Seminarium \u201eCzy demokracja w Europie jest zagro\u017cona?\u201d na Targach Ksi\u0105\u017cki w G\u00f6teborgu! - Instytut Polski w Sztokholmie","og_description":"Autorzy Kathrin R\u00f6ggla (Austria), Alexandra Lucas Coelho (Portugalia), Au\u0161ra Kazili\u016bnait\u0117 (Litwa) oraz Krystyna D\u0105browska (Polska) rozmawiaj\u0105 na temat wp\u0142ywu pandemii na ich \u017cycie prywatne, prac\u0119, tw\u00f3rczo\u015b\u0107, a tak\u017ce na nastroje w ich krajach ojczystych. Czy pandemia oraz restrykcje z ni\u0105 zwi\u0105zane odcisn\u0119\u0142y swoje pi\u0119tno na j\u0119zyku i literaturze? Jak wp\u0142yn\u0119\u0142o to na przemys\u0142 i polityk\u0119 [&hellip;]","og_url":"https:\/\/instytutpolski.pl\/stockholm\/pl\/2021\/09\/20\/online-seminarium-czy-demokracja-w-europie-jest-zagrozona-na-targach-ksiazki-w-goteborgu\/","og_site_name":"Instytut Polski w Sztokholmie","article_published_time":"2021-09-20T11:30:00+00:00","article_modified_time":"2021-10-07T13:21:13+00:00","og_image":[{"width":1920,"height":1080,"url":"https:\/\/instytutpolski.pl\/stockholm\/wp-content\/uploads\/sites\/17\/2021\/09\/baner_poprawka.jpg","type":"image\/jpeg"}],"author":"strozniake","twitter_card":"summary_large_image","twitter_misc":{"Napisane przez":"strozniake","Szacowany czas czytania":"2 minuty"},"schema":{"@context":"https:\/\/schema.org","@graph":[{"@type":"event","@id":"https:\/\/instytutpolski.pl\/stockholm\/pl\/2021\/09\/20\/online-seminarium-czy-demokracja-w-europie-jest-zagrozona-na-targach-ksiazki-w-goteborgu\/","url":"https:\/\/instytutpolski.pl\/stockholm\/pl\/2021\/09\/20\/online-seminarium-czy-demokracja-w-europie-jest-zagrozona-na-targach-ksiazki-w-goteborgu\/","name":"Online Seminarium \u201eCzy demokracja w Europie jest zagro\u017cona?\u201d na Targach Ksi\u0105\u017cki w G\u00f6teborgu!","isPartOf":{"@id":"https:\/\/instytutpolski.pl\/stockholm\/#website"},"primaryImageOfPage":{"@id":"https:\/\/instytutpolski.pl\/stockholm\/pl\/2021\/09\/20\/online-seminarium-czy-demokracja-w-europie-jest-zagrozona-na-targach-ksiazki-w-goteborgu\/#primaryimage"},"image":["https:\/\/instytutpolski.pl\/stockholm\/wp-content\/uploads\/sites\/17\/2021\/09\/baner_poprawka.jpg","https:\/\/instytutpolski.pl\/stockholm\/wp-content\/uploads\/sites\/17\/2021\/09\/baner_poprawka-300x169.jpg","https:\/\/instytutpolski.pl\/stockholm\/wp-content\/uploads\/sites\/17\/2021\/09\/baner_poprawka-1024x576.jpg","https:\/\/instytutpolski.pl\/stockholm\/wp-content\/uploads\/sites\/17\/2021\/09\/baner_poprawka.jpg"],"thumbnailUrl":"https:\/\/instytutpolski.pl\/stockholm\/wp-content\/uploads\/sites\/17\/2021\/09\/baner_poprawka.jpg","datePublished":"2021-09-20T11:30:00+02:00","dateModified":"2021-10-07T13:21:13+02:00","author":{"@id":"https:\/\/instytutpolski.pl\/stockholm\/#\/schema\/person\/062b5a5f61f32b17c98996975db8d556"},"breadcrumb":{"@id":"https:\/\/instytutpolski.pl\/stockholm\/pl\/2021\/09\/20\/online-seminarium-czy-demokracja-w-europie-jest-zagrozona-na-targach-ksiazki-w-goteborgu\/#breadcrumb"},"inLanguage":"pl-PL","potentialAction":[{"@type":"ReadAction","target":["https:\/\/instytutpolski.pl\/stockholm\/pl\/2021\/09\/20\/online-seminarium-czy-demokracja-w-europie-jest-zagrozona-na-targach-ksiazki-w-goteborgu\/"]}],"@context":"https:\/\/schema.org","startDate":"2021-09-23","endDate":"2021-09-26","eventStatus":"EventScheduled","eventAttendanceMode":"OnlineEventAttendanceMode","location":{"@type":"VirtualLocation","url":""},"description":"Autorzy Kathrin R\u00f6ggla (Austria), Alexandra Lucas Coelho (Portugalia), Au\u0161ra Kazili\u016bnait\u0117 (Litwa) oraz Krystyna D\u0105browska (Polska) rozmawiaj\u0105 na temat wp\u0142ywu pandemii na ich \u017cycie prywatne, prac\u0119, tw\u00f3rczo\u015b\u0107, a tak\u017ce na nastroje w ich krajach ojczystych. Czy pandemia oraz restrykcje z ni\u0105 zwi\u0105zane odcisn\u0119\u0142y swoje pi\u0119tno na j\u0119zyku i literaturze? Jak wp\u0142yn\u0119\u0142o to na przemys\u0142 i polityk\u0119 kulturaln\u0105? Jak na dialog intelektualny i sp\u00f3jno\u015b\u0107 w Europie wp\u0142yn\u0105\u0142 rosn\u0105cy nacjonalizm i obecny kryzys pandemiczny? Jak uczestnicy seminarium widz\u0105 przysz\u0142o\u015b\u0107?\nRozmow\u0119 moderuje szwedzki dziennikarz Per Svensson.\nLink do seminarium: https:\/\/bokmassan.se\/programs\/ar-demokratin-i-europa-hotad\/\nKrystyna D\u0105browska (ur. 1979) poetka, eseistka i t\u0142umaczka. Do tej pory opublikowa\u0142a cztery tomiki poetyckie: Biuro podr\u00f3\u017cy (2006), Bia\u0142e krzes\u0142a (2012), Czas i przes\u0142ona (2014), \u015acie\u017cki d\u017awi\u0119kowe (2018). W 2013 roku zosta\u0142a laureatk\u0105 dw\u00f3ch presti\u017cowych polskich nagr\u00f3d literackich: Nagroda im. Wis\u0142awy Szymborskiej oraz Nagroda Fundacji im. Ko\u015bcielskich, a w 2019 zosta\u0142a uhonorowana Nagroda Literacka m.st. Warszawy. Jej wiersze s\u0105 przet\u0142umaczone na dziewi\u0119tna\u015bcie j\u0119zyk\u00f3w i zosta\u0142y opublikowane w wielu czasopismach literackich zar\u00f3wno w Polsce, jak i za granic\u0105, m.in.: Harper's Magazine, Plough, Modern Poetry in Translation, AGNI, Po&amp;Sie, Revista Cr\u00e1tera, Akzente, Sinn und Form, i R\u0119kopisy. Zbiory poezji Krystyny zosta\u0142y wydane po w\u0142osku, niemiecku i szwedzku, a wkr\u00f3tce r\u00f3wnie\u017c po portugalsku i angielsku (Zephyr Press, 2022). Krystyna prze\u0142o\u017cy\u0142a poezj\u0119 m.in. W.C. Williamsa, Thoma Gunn, Charlesa Simic, Kima Moore, Nuala N\u00ed Dhomhnaill i Louise Gl\u00fcck. Mieszka i pracuje w Warszawie.\nFot. Roman Lipiog\u00f3rski"},{"@type":"ImageObject","inLanguage":"pl-PL","@id":"https:\/\/instytutpolski.pl\/stockholm\/pl\/2021\/09\/20\/online-seminarium-czy-demokracja-w-europie-jest-zagrozona-na-targach-ksiazki-w-goteborgu\/#primaryimage","url":"https:\/\/instytutpolski.pl\/stockholm\/wp-content\/uploads\/sites\/17\/2021\/09\/baner_poprawka.jpg","contentUrl":"https:\/\/instytutpolski.pl\/stockholm\/wp-content\/uploads\/sites\/17\/2021\/09\/baner_poprawka.jpg","width":1920,"height":1080},{"@type":"BreadcrumbList","@id":"https:\/\/instytutpolski.pl\/stockholm\/pl\/2021\/09\/20\/online-seminarium-czy-demokracja-w-europie-jest-zagrozona-na-targach-ksiazki-w-goteborgu\/#breadcrumb","itemListElement":[{"@type":"ListItem","position":1,"name":"Home","item":"https:\/\/instytutpolski.pl\/stockholm\/"},{"@type":"ListItem","position":2,"name":"Online Seminarium \u201eCzy demokracja w Europie jest zagro\u017cona?\u201d na Targach Ksi\u0105\u017cki w G\u00f6teborgu!"}]},{"@type":"WebSite","@id":"https:\/\/instytutpolski.pl\/stockholm\/#website","url":"https:\/\/instytutpolski.pl\/stockholm\/","name":"Instytut Polski w Sztokholmie","description":"Instytuty Polskie","potentialAction":[{"@type":"SearchAction","target":{"@type":"EntryPoint","urlTemplate":"https:\/\/instytutpolski.pl\/stockholm\/?s={search_term_string}"},"query-input":{"@type":"PropertyValueSpecification","valueRequired":true,"valueName":"search_term_string"}}],"inLanguage":"pl-PL"},{"@type":"Person","@id":"https:\/\/instytutpolski.pl\/stockholm\/#\/schema\/person\/062b5a5f61f32b17c98996975db8d556","name":"strozniake","image":{"@type":"ImageObject","inLanguage":"pl-PL","@id":"https:\/\/instytutpolski.pl\/stockholm\/#\/schema\/person\/image\/","url":"https:\/\/secure.gravatar.com\/avatar\/25e0be9897787f9035155a882fde97cc?s=96&d=mm&r=g","contentUrl":"https:\/\/secure.gravatar.com\/avatar\/25e0be9897787f9035155a882fde97cc?s=96&d=mm&r=g","caption":"strozniake"},"sameAs":["http:\/\/strozniake"],"url":"https:\/\/instytutpolski.pl\/stockholm\/author\/strozniake\/"}]}},"_links":{"self":[{"href":"https:\/\/instytutpolski.pl\/stockholm\/wp-json\/wp\/v2\/posts\/6734","targetHints":{"allow":["GET"]}}],"collection":[{"href":"https:\/\/instytutpolski.pl\/stockholm\/wp-json\/wp\/v2\/posts"}],"about":[{"href":"https:\/\/instytutpolski.pl\/stockholm\/wp-json\/wp\/v2\/types\/post"}],"author":[{"embeddable":true,"href":"https:\/\/instytutpolski.pl\/stockholm\/wp-json\/wp\/v2\/users\/29"}],"replies":[{"embeddable":true,"href":"https:\/\/instytutpolski.pl\/stockholm\/wp-json\/wp\/v2\/comments?post=6734"}],"version-history":[{"count":4,"href":"https:\/\/instytutpolski.pl\/stockholm\/wp-json\/wp\/v2\/posts\/6734\/revisions"}],"predecessor-version":[{"id":6739,"href":"https:\/\/instytutpolski.pl\/stockholm\/wp-json\/wp\/v2\/posts\/6734\/revisions\/6739"}],"wp:featuredmedia":[{"embeddable":true,"href":"https:\/\/instytutpolski.pl\/stockholm\/wp-json\/wp\/v2\/media\/6613"}],"wp:attachment":[{"href":"https:\/\/instytutpolski.pl\/stockholm\/wp-json\/wp\/v2\/media?parent=6734"}],"wp:term":[{"taxonomy":"category","embeddable":true,"href":"https:\/\/instytutpolski.pl\/stockholm\/wp-json\/wp\/v2\/categories?post=6734"},{"taxonomy":"post_tag","embeddable":true,"href":"https:\/\/instytutpolski.pl\/stockholm\/wp-json\/wp\/v2\/tags?post=6734"}],"curies":[{"name":"wp","href":"https:\/\/api.w.org\/{rel}","templated":true}]}}