{"id":6743,"date":"2021-08-19T11:37:40","date_gmt":"2021-08-19T09:37:40","guid":{"rendered":"https:\/\/instytutpolski.pl\/stockholm\/?p=6743"},"modified":"2021-10-07T15:36:03","modified_gmt":"2021-10-07T13:36:03","slug":"rozmowa-wokol-poezji-z-udzialem-krystyny-dabrowskiej-ireny-gronberg-oraz-jonasa-ellerstroma","status":"publish","type":"post","link":"https:\/\/instytutpolski.pl\/stockholm\/pl\/2021\/08\/19\/rozmowa-wokol-poezji-z-udzialem-krystyny-dabrowskiej-ireny-gronberg-oraz-jonasa-ellerstroma\/","title":{"rendered":"Rozmowa wok\u00f3\u0142 poezji z udzia\u0142em Krystyny D\u0105browskiej, Ireny Gr\u00f6nberg oraz Jonasa Ellerstr\u00f6ma"},"content":{"rendered":"\n<p class=\"has-text-align-right\"><em>Poezja Krystyny \u200b\u200bD\u0105browskiej obejmuje szerok\u0105 tematyk\u0119 i swobodnie przekracza granice. Podobnie jak Wis\u0142awa Szymborska, pisze poezj\u0119 wok\u00f3\u0142 chwil codzienno\u015bci, pozornie prost\u0105, subtelnie rytmiczn\u0105, lecz z wielk\u0105 pasj\u0105 do detali<\/em>.<\/p>\n\n\n\n<p class=\"has-text-align-right\">Wydawnictwo <em>ellerstr\u00f6ms f\u00f6rlag <\/em>o tomiku \u201cVi \u00e4r en ordbok och andra dikter\u201d (2021)<\/p>\n\n\n\n<p><\/p>\n\n\n\n<p class=\"has-text-align-left\">&nbsp;Tomik mo\u017cna zakupi\u0107, m.in. na stronie wydawnictwa: <a href=\"https:\/\/ellerstroms.se\/butik\/vi-ar-en-ordbok-och-andra-dikter\/\">https:\/\/ellerstroms.se\/butik\/vi-ar-en-ordbok-och-andra-dikter\/<\/a>&nbsp;<\/p>\n\n\n\n<p>Rozmowa odby\u0142a si\u0119 w j\u0119zyku angielskim. Spotkanie zosta\u0142o zaaran\u017cowane we wsp\u00f3\u0142pracy z galeri\u0105 Bonniers Konsthall w Sztokholmie oraz wydawnictwem ellerstr\u00f6ms f\u00f6rlag.<\/p>\n\n\n\n<p><\/p>\n\n\n\n<p class=\"has-text-align-left\"><strong>Uczestnicy:<\/strong><\/p>\n\n\n\n<div class=\"wp-block-media-text alignwide is-stacked-on-mobile is-vertically-aligned-top\" style=\"grid-template-columns:37% auto\"><figure class=\"wp-block-media-text__media\"><img loading=\"lazy\" decoding=\"async\" width=\"530\" height=\"795\" src=\"https:\/\/instytutpolski.pl\/stockholm\/wp-content\/uploads\/sites\/17\/2021\/08\/unnamed-1.jpg\" alt=\"\" class=\"wp-image-6113 size-full\" srcset=\"https:\/\/instytutpolski.pl\/stockholm\/wp-content\/uploads\/sites\/17\/2021\/08\/unnamed-1.jpg 530w, https:\/\/instytutpolski.pl\/stockholm\/wp-content\/uploads\/sites\/17\/2021\/08\/unnamed-1-200x300.jpg 200w\" sizes=\"auto, (max-width: 530px) 100vw, 530px\" \/><\/figure><div class=\"wp-block-media-text__content\">\n<p><strong>Krystyna D\u0105browska<\/strong> (ur. 1979) poetka, eseistka i t\u0142umaczka. Do tej pory opublikowa\u0142a cztery tomiki poetyckie: Biuro podr\u00f3\u017cy (2006), Bia\u0142e krzes\u0142a (2012), Czas i przes\u0142ona (2014), \u015acie\u017cki d\u017awi\u0119kowe (2018). W 2013 roku zosta\u0142a laureatk\u0105 dw\u00f3ch presti\u017cowych polskich nagr\u00f3d literackich: Nagroda im. Wis\u0142awy Szymborskiej oraz Nagroda Fundacji im. Ko\u015bcielskich, a w 2019 zosta\u0142a uhonorowana Nagroda Literacka m.st. Warszawy. Jej wiersze s\u0105 przet\u0142umaczone na dziewi\u0119tna\u015bcie j\u0119zyk\u00f3w i zosta\u0142y opublikowane w wielu czasopismach literackich zar\u00f3wno w Polsce, jak i za granic\u0105, m.in.: Harper&#8217;s Magazine, Plough, Modern Poetry in Translation, AGNI, Po&amp;Sie, Revista Cr\u00e1tera, Akzente, Sinn und Form, i R\u0119kopisy. Zbiory poezji Krystyny zosta\u0142y wydane po w\u0142osku, niemiecku i szwedzku, a wkr\u00f3tce r\u00f3wnie\u017c po portugalsku i angielsku (Zephyr Press, 2022). Krystyna prze\u0142o\u017cy\u0142a poezj\u0119 m.in. W.C. Williamsa, Thoma Gunn, Charlesa Simic, Kima Moore, Nuala N\u00ed Dhomhnaill i Louise Gl\u00fcck. Mieszka i pracuje w Warszawie.<\/p>\n\n\n\n<p><em>Fot. Roman Lipiog\u00f3rski<\/em><\/p>\n<\/div><\/div>\n\n\n\n<p><\/p>\n\n\n\n<div class=\"wp-block-media-text alignwide has-media-on-the-right is-stacked-on-mobile is-vertically-aligned-top\" style=\"grid-template-columns:auto 58%\"><figure class=\"wp-block-media-text__media\"><img loading=\"lazy\" decoding=\"async\" width=\"1024\" height=\"696\" src=\"https:\/\/instytutpolski.pl\/stockholm\/wp-content\/uploads\/sites\/17\/2021\/08\/jonas_ellerstrom_11-1024x696.jpg\" alt=\"\" class=\"wp-image-6100 size-full\" srcset=\"https:\/\/instytutpolski.pl\/stockholm\/wp-content\/uploads\/sites\/17\/2021\/08\/jonas_ellerstrom_11-1024x696.jpg 1024w, https:\/\/instytutpolski.pl\/stockholm\/wp-content\/uploads\/sites\/17\/2021\/08\/jonas_ellerstrom_11-300x204.jpg 300w, https:\/\/instytutpolski.pl\/stockholm\/wp-content\/uploads\/sites\/17\/2021\/08\/jonas_ellerstrom_11-768x522.jpg 768w, https:\/\/instytutpolski.pl\/stockholm\/wp-content\/uploads\/sites\/17\/2021\/08\/jonas_ellerstrom_11-1536x1044.jpg 1536w, https:\/\/instytutpolski.pl\/stockholm\/wp-content\/uploads\/sites\/17\/2021\/08\/jonas_ellerstrom_11-2048x1393.jpg 2048w\" sizes=\"auto, (max-width: 1024px) 100vw, 1024px\" \/><\/figure><div class=\"wp-block-media-text__content\">\n<p><strong>Jonas Ellerstr\u00f6m<\/strong> szwedzki pisarz, t\u0142umacz i wydawca. W 1983 roku za\u0142o\u017cy\u0142 wydawnictwo ellerstr\u00f6ms f\u00f6rlag, kt\u00f3re do tej pory wyda\u0142o ponad 900 tytu\u0142\u00f3w, przede wszystkich przek\u0142ad\u00f3w poezji. Jonas by\u0142 jednym z uczestnik\u00f3w cyklu szwedzkiej telewizji SVT \u201cHelt lyriskt\u201d oraz \u201cKulturfr\u00e5gan Kontrapunkt\u201d. W ostatnim czasie wyda\u0142 r\u00f3wnie\u017c tomik poezji wierszy \u201cFramkallning i dagsljus\u201d (2021, ellerstr\u00f6ms f\u00f6rlag). Jonas jest r\u00f3wnie\u017c cz\u0142onkiem szwedzkiej akademii literackiej <em>Samfundet De Nio<\/em>.<\/p>\n\n\n\n<p><em>Fot. Per Kristiansen<\/em><\/p>\n<\/div><\/div>\n\n\n\n<p> <\/p>\n\n\n\n<p><\/p>\n\n\n\n<p><\/p>\n\n\n\n<div class=\"wp-block-media-text alignwide is-stacked-on-mobile is-vertically-aligned-top\" style=\"grid-template-columns:38% auto\"><figure class=\"wp-block-media-text__media\"><img loading=\"lazy\" decoding=\"async\" width=\"750\" height=\"1020\" src=\"https:\/\/instytutpolski.pl\/stockholm\/wp-content\/uploads\/sites\/17\/2021\/08\/Irena-Gronberg-archiwum-prywatne-1.png\" alt=\"\" class=\"wp-image-6132 size-full\" srcset=\"https:\/\/instytutpolski.pl\/stockholm\/wp-content\/uploads\/sites\/17\/2021\/08\/Irena-Gronberg-archiwum-prywatne-1.png 750w, https:\/\/instytutpolski.pl\/stockholm\/wp-content\/uploads\/sites\/17\/2021\/08\/Irena-Gronberg-archiwum-prywatne-1-221x300.png 221w\" sizes=\"auto, (max-width: 750px) 100vw, 750px\" \/><\/figure><div class=\"wp-block-media-text__content\">\n<p>Irena Gr\u00f6nberg szwedzka t\u0142umaczk\u0105 z j\u0119zyka polskiego. Prze\u0142o\u017cy\u0142a teksty najwybitniejszych polskich autor\u00f3w, takich jak Tadeusz R\u00f3\u017cewicz, Andrzej Sapkowski, Zbigniew Herbert, Julia Fiedorczuk, Andrzej Stasiuk, Ewa Lipska.<\/p>\n\n\n\n<p><em>Fot. Irena Gr\u00f6nberg<\/em><\/p>\n<\/div><\/div>\n\n\n\n<p><br>Rozmowa zorganizowana we wsp\u00f3\u0142pracy mi\u0119dzy Bonniers Konsthall, wydawnictwem ellerstr\u00f6ms f\u00f6rlag i Instytutem Polskim w Sztokholmie.<\/p>\n\n\n\n<p><\/p>\n\n\n\n<figure class=\"wp-block-gallery columns-3 wp-block-gallery-1 is-layout-flex wp-block-gallery-is-layout-flex\"><ul class=\"blocks-gallery-grid\"><li class=\"blocks-gallery-item\"><figure><a href=\"https:\/\/instytutpolski.pl\/stockholm\/wp-content\/uploads\/sites\/17\/2021\/08\/BKH_L_Black.eps-scaled.jpg\"><img loading=\"lazy\" decoding=\"async\" width=\"2560\" height=\"260\" src=\"https:\/\/instytutpolski.pl\/stockholm\/wp-content\/uploads\/sites\/17\/2021\/08\/BKH_L_Black.eps-scaled.jpg\" alt=\"\" data-id=\"6163\" data-full-url=\"https:\/\/instytutpolski.pl\/stockholm\/wp-content\/uploads\/sites\/17\/2021\/08\/BKH_L_Black.eps-scaled.jpg\" data-link=\"https:\/\/instytutpolski.pl\/stockholm\/2021\/08\/19\/vi-ar-en-ordbok-och-andra-dikter-forfattarsamtal2\/bkh_l_black-eps\/\" class=\"wp-image-6163\" srcset=\"https:\/\/instytutpolski.pl\/stockholm\/wp-content\/uploads\/sites\/17\/2021\/08\/BKH_L_Black.eps-scaled.jpg 2560w, https:\/\/instytutpolski.pl\/stockholm\/wp-content\/uploads\/sites\/17\/2021\/08\/BKH_L_Black.eps-300x30.jpg 300w, https:\/\/instytutpolski.pl\/stockholm\/wp-content\/uploads\/sites\/17\/2021\/08\/BKH_L_Black.eps-1024x104.jpg 1024w, https:\/\/instytutpolski.pl\/stockholm\/wp-content\/uploads\/sites\/17\/2021\/08\/BKH_L_Black.eps-768x78.jpg 768w, https:\/\/instytutpolski.pl\/stockholm\/wp-content\/uploads\/sites\/17\/2021\/08\/BKH_L_Black.eps-1536x156.jpg 1536w, https:\/\/instytutpolski.pl\/stockholm\/wp-content\/uploads\/sites\/17\/2021\/08\/BKH_L_Black.eps-2048x208.jpg 2048w\" sizes=\"auto, (max-width: 2560px) 100vw, 2560px\" \/><\/a><\/figure><\/li><li class=\"blocks-gallery-item\"><figure><a href=\"https:\/\/instytutpolski.pl\/stockholm\/wp-content\/uploads\/sites\/17\/2021\/08\/0001.jpg\"><img loading=\"lazy\" decoding=\"async\" width=\"2481\" height=\"1754\" src=\"https:\/\/instytutpolski.pl\/stockholm\/wp-content\/uploads\/sites\/17\/2021\/08\/0001.jpg\" alt=\"\" data-id=\"6160\" data-full-url=\"https:\/\/instytutpolski.pl\/stockholm\/wp-content\/uploads\/sites\/17\/2021\/08\/0001.jpg\" data-link=\"https:\/\/instytutpolski.pl\/stockholm\/2021\/08\/19\/vi-ar-en-ordbok-och-andra-dikter-forfattarsamtal2\/attachment\/0001\/\" class=\"wp-image-6160\" srcset=\"https:\/\/instytutpolski.pl\/stockholm\/wp-content\/uploads\/sites\/17\/2021\/08\/0001.jpg 2481w, https:\/\/instytutpolski.pl\/stockholm\/wp-content\/uploads\/sites\/17\/2021\/08\/0001-300x212.jpg 300w, https:\/\/instytutpolski.pl\/stockholm\/wp-content\/uploads\/sites\/17\/2021\/08\/0001-1024x724.jpg 1024w, https:\/\/instytutpolski.pl\/stockholm\/wp-content\/uploads\/sites\/17\/2021\/08\/0001-768x543.jpg 768w, https:\/\/instytutpolski.pl\/stockholm\/wp-content\/uploads\/sites\/17\/2021\/08\/0001-1536x1086.jpg 1536w, https:\/\/instytutpolski.pl\/stockholm\/wp-content\/uploads\/sites\/17\/2021\/08\/0001-2048x1448.jpg 2048w\" sizes=\"auto, (max-width: 2481px) 100vw, 2481px\" \/><\/a><\/figure><\/li><li class=\"blocks-gallery-item\"><figure><a href=\"https:\/\/instytutpolski.pl\/stockholm\/wp-content\/uploads\/sites\/17\/2021\/08\/ellerstromsforlaglogo.png\"><img loading=\"lazy\" decoding=\"async\" width=\"359\" height=\"140\" src=\"https:\/\/instytutpolski.pl\/stockholm\/wp-content\/uploads\/sites\/17\/2021\/08\/ellerstromsforlaglogo.png\" alt=\"\" data-id=\"6164\" data-full-url=\"https:\/\/instytutpolski.pl\/stockholm\/wp-content\/uploads\/sites\/17\/2021\/08\/ellerstromsforlaglogo.png\" data-link=\"https:\/\/instytutpolski.pl\/stockholm\/2021\/08\/19\/vi-ar-en-ordbok-och-andra-dikter-forfattarsamtal2\/ellerstromsforlaglogo\/\" class=\"wp-image-6164\" srcset=\"https:\/\/instytutpolski.pl\/stockholm\/wp-content\/uploads\/sites\/17\/2021\/08\/ellerstromsforlaglogo.png 359w, https:\/\/instytutpolski.pl\/stockholm\/wp-content\/uploads\/sites\/17\/2021\/08\/ellerstromsforlaglogo-300x117.png 300w\" sizes=\"auto, (max-width: 359px) 100vw, 359px\" \/><\/a><\/figure><\/li><\/ul><\/figure>\n\n\n\n<p><em>Zdj\u0119cie Krystyny \u200b\u200bna banerze: Krzysztof Dubiel. <\/em><\/p>\n\n\n\n<p><\/p>\n","protected":false},"excerpt":{"rendered":"<p>Poezja Krystyny \u200b\u200bD\u0105browskiej obejmuje szerok\u0105 tematyk\u0119 i swobodnie przekracza granice. Podobnie jak Wis\u0142awa Szymborska, pisze poezj\u0119 wok\u00f3\u0142 chwil codzienno\u015bci, pozornie prost\u0105, subtelnie rytmiczn\u0105, lecz z wielk\u0105 pasj\u0105 do detali. Wydawnictwo ellerstr\u00f6ms f\u00f6rlag o tomiku \u201cVi \u00e4r en ordbok och andra dikter\u201d (2021) &nbsp;Tomik mo\u017cna zakupi\u0107, m.in. na stronie wydawnictwa: https:\/\/ellerstroms.se\/butik\/vi-ar-en-ordbok-och-andra-dikter\/&nbsp; Rozmowa odby\u0142a si\u0119 w j\u0119zyku [&hellip;]<\/p>\n","protected":false},"author":29,"featured_media":6174,"comment_status":"closed","ping_status":"open","sticky":false,"template":"","format":"standard","meta":{"inline_featured_image":false,"_monsterinsights_skip_tracking":false,"_monsterinsights_sitenote_active":false,"_monsterinsights_sitenote_note":"","_monsterinsights_sitenote_category":0,"footnotes":""},"categories":[87,36],"tags":[],"class_list":["post-6743","post","type-post","status-publish","format-standard","has-post-thumbnail","hentry","category-literatura","category-wydarzenie"],"yoast_head":"<!-- This site is optimized with the Yoast SEO plugin v24.6 - https:\/\/yoast.com\/wordpress\/plugins\/seo\/ -->\n<title>Rozmowa wok\u00f3\u0142 poezji z udzia\u0142em Krystyny D\u0105browskiej, Ireny Gr\u00f6nberg oraz Jonasa Ellerstr\u00f6ma - Instytut Polski w Sztokholmie<\/title>\n<meta name=\"robots\" content=\"index, follow, max-snippet:-1, max-image-preview:large, max-video-preview:-1\" \/>\n<link rel=\"canonical\" href=\"https:\/\/instytutpolski.pl\/stockholm\/pl\/2021\/08\/19\/rozmowa-wokol-poezji-z-udzialem-krystyny-dabrowskiej-ireny-gronberg-oraz-jonasa-ellerstroma\/\" \/>\n<meta property=\"og:locale\" content=\"pl_PL\" \/>\n<meta property=\"og:type\" content=\"article\" \/>\n<meta property=\"og:title\" content=\"Rozmowa wok\u00f3\u0142 poezji z udzia\u0142em Krystyny D\u0105browskiej, Ireny Gr\u00f6nberg oraz Jonasa Ellerstr\u00f6ma - Instytut Polski w Sztokholmie\" \/>\n<meta property=\"og:description\" content=\"Poezja Krystyny \u200b\u200bD\u0105browskiej obejmuje szerok\u0105 tematyk\u0119 i swobodnie przekracza granice. Podobnie jak Wis\u0142awa Szymborska, pisze poezj\u0119 wok\u00f3\u0142 chwil codzienno\u015bci, pozornie prost\u0105, subtelnie rytmiczn\u0105, lecz z wielk\u0105 pasj\u0105 do detali. Wydawnictwo ellerstr\u00f6ms f\u00f6rlag o tomiku \u201cVi \u00e4r en ordbok och andra dikter\u201d (2021) &nbsp;Tomik mo\u017cna zakupi\u0107, m.in. na stronie wydawnictwa: https:\/\/ellerstroms.se\/butik\/vi-ar-en-ordbok-och-andra-dikter\/&nbsp; Rozmowa odby\u0142a si\u0119 w j\u0119zyku [&hellip;]\" \/>\n<meta property=\"og:url\" content=\"https:\/\/instytutpolski.pl\/stockholm\/pl\/2021\/08\/19\/rozmowa-wokol-poezji-z-udzialem-krystyny-dabrowskiej-ireny-gronberg-oraz-jonasa-ellerstroma\/\" \/>\n<meta property=\"og:site_name\" content=\"Instytut Polski w Sztokholmie\" \/>\n<meta property=\"article:published_time\" content=\"2021-08-19T09:37:40+00:00\" \/>\n<meta property=\"article:modified_time\" content=\"2021-10-07T13:36:03+00:00\" \/>\n<meta property=\"og:image\" content=\"https:\/\/instytutpolski.pl\/stockholm\/wp-content\/uploads\/sites\/17\/2021\/08\/Forfattarsamtal-scaled.jpg\" \/>\n\t<meta property=\"og:image:width\" content=\"2560\" \/>\n\t<meta property=\"og:image:height\" content=\"1440\" \/>\n\t<meta property=\"og:image:type\" content=\"image\/jpeg\" \/>\n<meta name=\"author\" content=\"strozniake\" \/>\n<meta name=\"twitter:card\" content=\"summary_large_image\" \/>\n<meta name=\"twitter:label1\" content=\"Napisane przez\" \/>\n\t<meta name=\"twitter:data1\" content=\"strozniake\" \/>\n\t<meta name=\"twitter:label2\" content=\"Szacowany czas czytania\" \/>\n\t<meta name=\"twitter:data2\" content=\"3 minuty\" \/>\n<script type=\"application\/ld+json\" class=\"yoast-schema-graph\">{\"@context\":\"https:\/\/schema.org\",\"@graph\":[{\"@type\":\"event\",\"@id\":\"https:\/\/instytutpolski.pl\/stockholm\/pl\/2021\/08\/19\/rozmowa-wokol-poezji-z-udzialem-krystyny-dabrowskiej-ireny-gronberg-oraz-jonasa-ellerstroma\/\",\"url\":\"https:\/\/instytutpolski.pl\/stockholm\/pl\/2021\/08\/19\/rozmowa-wokol-poezji-z-udzialem-krystyny-dabrowskiej-ireny-gronberg-oraz-jonasa-ellerstroma\/\",\"name\":\"Rozmowa wok\u00f3\u0142 poezji z udzia\u0142em Krystyny D\u0105browskiej, Ireny Gr\u00f6nberg oraz Jonasa Ellerstr\u00f6ma\",\"isPartOf\":{\"@id\":\"https:\/\/instytutpolski.pl\/stockholm\/#website\"},\"primaryImageOfPage\":{\"@id\":\"https:\/\/instytutpolski.pl\/stockholm\/pl\/2021\/08\/19\/rozmowa-wokol-poezji-z-udzialem-krystyny-dabrowskiej-ireny-gronberg-oraz-jonasa-ellerstroma\/#primaryimage\"},\"image\":[\"https:\/\/instytutpolski.pl\/stockholm\/wp-content\/uploads\/sites\/17\/2021\/08\/Forfattarsamtal-scaled.jpg\",\"https:\/\/instytutpolski.pl\/stockholm\/wp-content\/uploads\/sites\/17\/2021\/08\/Forfattarsamtal-300x169.jpg\",\"https:\/\/instytutpolski.pl\/stockholm\/wp-content\/uploads\/sites\/17\/2021\/08\/Forfattarsamtal-1024x576.jpg\",\"https:\/\/instytutpolski.pl\/stockholm\/wp-content\/uploads\/sites\/17\/2021\/08\/Forfattarsamtal-scaled.jpg\"],\"thumbnailUrl\":\"https:\/\/instytutpolski.pl\/stockholm\/wp-content\/uploads\/sites\/17\/2021\/08\/Forfattarsamtal-scaled.jpg\",\"datePublished\":\"2021-08-19T09:37:40+02:00\",\"dateModified\":\"2021-10-07T13:36:03+02:00\",\"author\":{\"@id\":\"https:\/\/instytutpolski.pl\/stockholm\/#\/schema\/person\/062b5a5f61f32b17c98996975db8d556\"},\"breadcrumb\":{\"@id\":\"https:\/\/instytutpolski.pl\/stockholm\/pl\/2021\/08\/19\/rozmowa-wokol-poezji-z-udzialem-krystyny-dabrowskiej-ireny-gronberg-oraz-jonasa-ellerstroma\/#breadcrumb\"},\"inLanguage\":\"pl-PL\",\"potentialAction\":[{\"@type\":\"ReadAction\",\"target\":[\"https:\/\/instytutpolski.pl\/stockholm\/pl\/2021\/08\/19\/rozmowa-wokol-poezji-z-udzialem-krystyny-dabrowskiej-ireny-gronberg-oraz-jonasa-ellerstroma\/\"]}],\"@context\":\"https:\/\/schema.org\",\"startDate\":\"2021-09-02T03:00:00+02:00\",\"endDate\":\"2021-09-02T04:00:00+02:00\",\"eventStatus\":\"EventScheduled\",\"eventAttendanceMode\":\"OfflineEventAttendanceMode\",\"location\":{\"@type\":\"place\",\"name\":\"Bonniers Konsthall, Stockholm\",\"address\":\"Bonniers Konsthall, Stockholm\",\"geo\":{\"@type\":\"GeoCoordinates\",\"latitude\":\"59.33728141239081\",\"longitude\":\"18.04233607968539\"}},\"description\":\"Poezja Krystyny \u200b\u200bD\u0105browskiej obejmuje szerok\u0105 tematyk\u0119 i swobodnie przekracza granice. Podobnie jak Wis\u0142awa Szymborska, pisze poezj\u0119 wok\u00f3\u0142 chwil codzienno\u015bci, pozornie prost\u0105, subtelnie rytmiczn\u0105, lecz z wielk\u0105 pasj\u0105 do detali.\\nWydawnictwo ellerstr\u00f6ms f\u00f6rlag o tomiku \u201cVi \u00e4r en ordbok och andra dikter\u201d (2021)\\n Tomik mo\u017cna zakupi\u0107, m.in. na stronie wydawnictwa: https:\/\/ellerstroms.se\/butik\/vi-ar-en-ordbok-och-andra-dikter\/ \\nRozmowa odby\u0142a si\u0119 w j\u0119zyku angielskim. Spotkanie zosta\u0142o zaaran\u017cowane we wsp\u00f3\u0142pracy z galeri\u0105 Bonniers Konsthall w Sztokholmie oraz wydawnictwem ellerstr\u00f6ms f\u00f6rlag.\\nUczestnicy:\\nKrystyna D\u0105browska (ur. 1979) poetka, eseistka i t\u0142umaczka. Do tej pory opublikowa\u0142a cztery tomiki poetyckie: Biuro podr\u00f3\u017cy (2006), Bia\u0142e krzes\u0142a (2012), Czas i przes\u0142ona (2014), \u015acie\u017cki d\u017awi\u0119kowe (2018). W 2013 roku zosta\u0142a laureatk\u0105 dw\u00f3ch presti\u017cowych polskich nagr\u00f3d literackich: Nagroda im. Wis\u0142awy Szymborskiej oraz Nagroda Fundacji im. Ko\u015bcielskich, a w 2019 zosta\u0142a uhonorowana Nagroda Literacka m.st. Warszawy. Jej wiersze s\u0105 przet\u0142umaczone na dziewi\u0119tna\u015bcie j\u0119zyk\u00f3w i zosta\u0142y opublikowane w wielu czasopismach literackich zar\u00f3wno w Polsce, jak i za granic\u0105, m.in.: Harper's Magazine, Plough, Modern Poetry in Translation, AGNI, Po&amp;Sie, Revista Cr\u00e1tera, Akzente, Sinn und Form, i R\u0119kopisy. Zbiory poezji Krystyny zosta\u0142y wydane po w\u0142osku, niemiecku i szwedzku, a wkr\u00f3tce r\u00f3wnie\u017c po portugalsku i angielsku (Zephyr Press, 2022). Krystyna prze\u0142o\u017cy\u0142a poezj\u0119 m.in. W.C. Williamsa, Thoma Gunn, Charlesa Simic, Kima Moore, Nuala N\u00ed Dhomhnaill i Louise Gl\u00fcck. Mieszka i pracuje w Warszawie.\\nFot. Roman Lipiog\u00f3rski\\nJonas Ellerstr\u00f6m szwedzki pisarz, t\u0142umacz i wydawca. W 1983 roku za\u0142o\u017cy\u0142 wydawnictwo ellerstr\u00f6ms f\u00f6rlag, kt\u00f3re do tej pory wyda\u0142o ponad 900 tytu\u0142\u00f3w, przede wszystkich przek\u0142ad\u00f3w poezji. Jonas by\u0142 jednym z uczestnik\u00f3w cyklu szwedzkiej telewizji SVT \u201cHelt lyriskt\u201d oraz \u201cKulturfr\u00e5gan Kontrapunkt\u201d. W ostatnim czasie wyda\u0142 r\u00f3wnie\u017c tomik poezji wierszy \u201cFramkallning i dagsljus\u201d (2021, ellerstr\u00f6ms f\u00f6rlag). Jonas jest r\u00f3wnie\u017c cz\u0142onkiem szwedzkiej akademii literackiej Samfundet De Nio.\\nFot. Per Kristiansen\\n \\nIrena Gr\u00f6nberg szwedzka t\u0142umaczk\u0105 z j\u0119zyka polskiego. Prze\u0142o\u017cy\u0142a teksty najwybitniejszych polskich autor\u00f3w, takich jak Tadeusz R\u00f3\u017cewicz, Andrzej Sapkowski, Zbigniew Herbert, Julia Fiedorczuk, Andrzej Stasiuk, Ewa Lipska.\\nFot. Irena Gr\u00f6nberg\\nRozmowa zorganizowana we wsp\u00f3\u0142pracy mi\u0119dzy Bonniers Konsthall, wydawnictwem ellerstr\u00f6ms f\u00f6rlag i Instytutem Polskim w Sztokholmie.\\nZdj\u0119cie Krystyny \u200b\u200bna banerze: Krzysztof Dubiel.\"},{\"@type\":\"ImageObject\",\"inLanguage\":\"pl-PL\",\"@id\":\"https:\/\/instytutpolski.pl\/stockholm\/pl\/2021\/08\/19\/rozmowa-wokol-poezji-z-udzialem-krystyny-dabrowskiej-ireny-gronberg-oraz-jonasa-ellerstroma\/#primaryimage\",\"url\":\"https:\/\/instytutpolski.pl\/stockholm\/wp-content\/uploads\/sites\/17\/2021\/08\/Forfattarsamtal-scaled.jpg\",\"contentUrl\":\"https:\/\/instytutpolski.pl\/stockholm\/wp-content\/uploads\/sites\/17\/2021\/08\/Forfattarsamtal-scaled.jpg\",\"width\":2560,\"height\":1440},{\"@type\":\"BreadcrumbList\",\"@id\":\"https:\/\/instytutpolski.pl\/stockholm\/pl\/2021\/08\/19\/rozmowa-wokol-poezji-z-udzialem-krystyny-dabrowskiej-ireny-gronberg-oraz-jonasa-ellerstroma\/#breadcrumb\",\"itemListElement\":[{\"@type\":\"ListItem\",\"position\":1,\"name\":\"Home\",\"item\":\"https:\/\/instytutpolski.pl\/stockholm\/\"},{\"@type\":\"ListItem\",\"position\":2,\"name\":\"Rozmowa wok\u00f3\u0142 poezji z udzia\u0142em Krystyny D\u0105browskiej, Ireny Gr\u00f6nberg oraz Jonasa Ellerstr\u00f6ma\"}]},{\"@type\":\"WebSite\",\"@id\":\"https:\/\/instytutpolski.pl\/stockholm\/#website\",\"url\":\"https:\/\/instytutpolski.pl\/stockholm\/\",\"name\":\"Instytut Polski w Sztokholmie\",\"description\":\"Instytuty Polskie\",\"potentialAction\":[{\"@type\":\"SearchAction\",\"target\":{\"@type\":\"EntryPoint\",\"urlTemplate\":\"https:\/\/instytutpolski.pl\/stockholm\/?s={search_term_string}\"},\"query-input\":{\"@type\":\"PropertyValueSpecification\",\"valueRequired\":true,\"valueName\":\"search_term_string\"}}],\"inLanguage\":\"pl-PL\"},{\"@type\":\"Person\",\"@id\":\"https:\/\/instytutpolski.pl\/stockholm\/#\/schema\/person\/062b5a5f61f32b17c98996975db8d556\",\"name\":\"strozniake\",\"image\":{\"@type\":\"ImageObject\",\"inLanguage\":\"pl-PL\",\"@id\":\"https:\/\/instytutpolski.pl\/stockholm\/#\/schema\/person\/image\/\",\"url\":\"https:\/\/secure.gravatar.com\/avatar\/25e0be9897787f9035155a882fde97cc?s=96&d=mm&r=g\",\"contentUrl\":\"https:\/\/secure.gravatar.com\/avatar\/25e0be9897787f9035155a882fde97cc?s=96&d=mm&r=g\",\"caption\":\"strozniake\"},\"sameAs\":[\"http:\/\/strozniake\"],\"url\":\"https:\/\/instytutpolski.pl\/stockholm\/author\/strozniake\/\"}]}<\/script>\n<!-- \/ Yoast SEO plugin. -->","yoast_head_json":{"title":"Rozmowa wok\u00f3\u0142 poezji z udzia\u0142em Krystyny D\u0105browskiej, Ireny Gr\u00f6nberg oraz Jonasa Ellerstr\u00f6ma - Instytut Polski w Sztokholmie","robots":{"index":"index","follow":"follow","max-snippet":"max-snippet:-1","max-image-preview":"max-image-preview:large","max-video-preview":"max-video-preview:-1"},"canonical":"https:\/\/instytutpolski.pl\/stockholm\/pl\/2021\/08\/19\/rozmowa-wokol-poezji-z-udzialem-krystyny-dabrowskiej-ireny-gronberg-oraz-jonasa-ellerstroma\/","og_locale":"pl_PL","og_type":"article","og_title":"Rozmowa wok\u00f3\u0142 poezji z udzia\u0142em Krystyny D\u0105browskiej, Ireny Gr\u00f6nberg oraz Jonasa Ellerstr\u00f6ma - Instytut Polski w Sztokholmie","og_description":"Poezja Krystyny \u200b\u200bD\u0105browskiej obejmuje szerok\u0105 tematyk\u0119 i swobodnie przekracza granice. Podobnie jak Wis\u0142awa Szymborska, pisze poezj\u0119 wok\u00f3\u0142 chwil codzienno\u015bci, pozornie prost\u0105, subtelnie rytmiczn\u0105, lecz z wielk\u0105 pasj\u0105 do detali. Wydawnictwo ellerstr\u00f6ms f\u00f6rlag o tomiku \u201cVi \u00e4r en ordbok och andra dikter\u201d (2021) &nbsp;Tomik mo\u017cna zakupi\u0107, m.in. na stronie wydawnictwa: https:\/\/ellerstroms.se\/butik\/vi-ar-en-ordbok-och-andra-dikter\/&nbsp; Rozmowa odby\u0142a si\u0119 w j\u0119zyku [&hellip;]","og_url":"https:\/\/instytutpolski.pl\/stockholm\/pl\/2021\/08\/19\/rozmowa-wokol-poezji-z-udzialem-krystyny-dabrowskiej-ireny-gronberg-oraz-jonasa-ellerstroma\/","og_site_name":"Instytut Polski w Sztokholmie","article_published_time":"2021-08-19T09:37:40+00:00","article_modified_time":"2021-10-07T13:36:03+00:00","og_image":[{"width":2560,"height":1440,"url":"https:\/\/instytutpolski.pl\/stockholm\/wp-content\/uploads\/sites\/17\/2021\/08\/Forfattarsamtal-scaled.jpg","type":"image\/jpeg"}],"author":"strozniake","twitter_card":"summary_large_image","twitter_misc":{"Napisane przez":"strozniake","Szacowany czas czytania":"3 minuty"},"schema":{"@context":"https:\/\/schema.org","@graph":[{"@type":"event","@id":"https:\/\/instytutpolski.pl\/stockholm\/pl\/2021\/08\/19\/rozmowa-wokol-poezji-z-udzialem-krystyny-dabrowskiej-ireny-gronberg-oraz-jonasa-ellerstroma\/","url":"https:\/\/instytutpolski.pl\/stockholm\/pl\/2021\/08\/19\/rozmowa-wokol-poezji-z-udzialem-krystyny-dabrowskiej-ireny-gronberg-oraz-jonasa-ellerstroma\/","name":"Rozmowa wok\u00f3\u0142 poezji z udzia\u0142em Krystyny D\u0105browskiej, Ireny Gr\u00f6nberg oraz Jonasa Ellerstr\u00f6ma","isPartOf":{"@id":"https:\/\/instytutpolski.pl\/stockholm\/#website"},"primaryImageOfPage":{"@id":"https:\/\/instytutpolski.pl\/stockholm\/pl\/2021\/08\/19\/rozmowa-wokol-poezji-z-udzialem-krystyny-dabrowskiej-ireny-gronberg-oraz-jonasa-ellerstroma\/#primaryimage"},"image":["https:\/\/instytutpolski.pl\/stockholm\/wp-content\/uploads\/sites\/17\/2021\/08\/Forfattarsamtal-scaled.jpg","https:\/\/instytutpolski.pl\/stockholm\/wp-content\/uploads\/sites\/17\/2021\/08\/Forfattarsamtal-300x169.jpg","https:\/\/instytutpolski.pl\/stockholm\/wp-content\/uploads\/sites\/17\/2021\/08\/Forfattarsamtal-1024x576.jpg","https:\/\/instytutpolski.pl\/stockholm\/wp-content\/uploads\/sites\/17\/2021\/08\/Forfattarsamtal-scaled.jpg"],"thumbnailUrl":"https:\/\/instytutpolski.pl\/stockholm\/wp-content\/uploads\/sites\/17\/2021\/08\/Forfattarsamtal-scaled.jpg","datePublished":"2021-08-19T09:37:40+02:00","dateModified":"2021-10-07T13:36:03+02:00","author":{"@id":"https:\/\/instytutpolski.pl\/stockholm\/#\/schema\/person\/062b5a5f61f32b17c98996975db8d556"},"breadcrumb":{"@id":"https:\/\/instytutpolski.pl\/stockholm\/pl\/2021\/08\/19\/rozmowa-wokol-poezji-z-udzialem-krystyny-dabrowskiej-ireny-gronberg-oraz-jonasa-ellerstroma\/#breadcrumb"},"inLanguage":"pl-PL","potentialAction":[{"@type":"ReadAction","target":["https:\/\/instytutpolski.pl\/stockholm\/pl\/2021\/08\/19\/rozmowa-wokol-poezji-z-udzialem-krystyny-dabrowskiej-ireny-gronberg-oraz-jonasa-ellerstroma\/"]}],"@context":"https:\/\/schema.org","startDate":"2021-09-02T03:00:00+02:00","endDate":"2021-09-02T04:00:00+02:00","eventStatus":"EventScheduled","eventAttendanceMode":"OfflineEventAttendanceMode","location":{"@type":"place","name":"Bonniers Konsthall, Stockholm","address":"Bonniers Konsthall, Stockholm","geo":{"@type":"GeoCoordinates","latitude":"59.33728141239081","longitude":"18.04233607968539"}},"description":"Poezja Krystyny \u200b\u200bD\u0105browskiej obejmuje szerok\u0105 tematyk\u0119 i swobodnie przekracza granice. Podobnie jak Wis\u0142awa Szymborska, pisze poezj\u0119 wok\u00f3\u0142 chwil codzienno\u015bci, pozornie prost\u0105, subtelnie rytmiczn\u0105, lecz z wielk\u0105 pasj\u0105 do detali.\nWydawnictwo ellerstr\u00f6ms f\u00f6rlag o tomiku \u201cVi \u00e4r en ordbok och andra dikter\u201d (2021)\n Tomik mo\u017cna zakupi\u0107, m.in. na stronie wydawnictwa: https:\/\/ellerstroms.se\/butik\/vi-ar-en-ordbok-och-andra-dikter\/ \nRozmowa odby\u0142a si\u0119 w j\u0119zyku angielskim. Spotkanie zosta\u0142o zaaran\u017cowane we wsp\u00f3\u0142pracy z galeri\u0105 Bonniers Konsthall w Sztokholmie oraz wydawnictwem ellerstr\u00f6ms f\u00f6rlag.\nUczestnicy:\nKrystyna D\u0105browska (ur. 1979) poetka, eseistka i t\u0142umaczka. Do tej pory opublikowa\u0142a cztery tomiki poetyckie: Biuro podr\u00f3\u017cy (2006), Bia\u0142e krzes\u0142a (2012), Czas i przes\u0142ona (2014), \u015acie\u017cki d\u017awi\u0119kowe (2018). W 2013 roku zosta\u0142a laureatk\u0105 dw\u00f3ch presti\u017cowych polskich nagr\u00f3d literackich: Nagroda im. Wis\u0142awy Szymborskiej oraz Nagroda Fundacji im. Ko\u015bcielskich, a w 2019 zosta\u0142a uhonorowana Nagroda Literacka m.st. Warszawy. Jej wiersze s\u0105 przet\u0142umaczone na dziewi\u0119tna\u015bcie j\u0119zyk\u00f3w i zosta\u0142y opublikowane w wielu czasopismach literackich zar\u00f3wno w Polsce, jak i za granic\u0105, m.in.: Harper's Magazine, Plough, Modern Poetry in Translation, AGNI, Po&amp;Sie, Revista Cr\u00e1tera, Akzente, Sinn und Form, i R\u0119kopisy. Zbiory poezji Krystyny zosta\u0142y wydane po w\u0142osku, niemiecku i szwedzku, a wkr\u00f3tce r\u00f3wnie\u017c po portugalsku i angielsku (Zephyr Press, 2022). Krystyna prze\u0142o\u017cy\u0142a poezj\u0119 m.in. W.C. Williamsa, Thoma Gunn, Charlesa Simic, Kima Moore, Nuala N\u00ed Dhomhnaill i Louise Gl\u00fcck. Mieszka i pracuje w Warszawie.\nFot. Roman Lipiog\u00f3rski\nJonas Ellerstr\u00f6m szwedzki pisarz, t\u0142umacz i wydawca. W 1983 roku za\u0142o\u017cy\u0142 wydawnictwo ellerstr\u00f6ms f\u00f6rlag, kt\u00f3re do tej pory wyda\u0142o ponad 900 tytu\u0142\u00f3w, przede wszystkich przek\u0142ad\u00f3w poezji. Jonas by\u0142 jednym z uczestnik\u00f3w cyklu szwedzkiej telewizji SVT \u201cHelt lyriskt\u201d oraz \u201cKulturfr\u00e5gan Kontrapunkt\u201d. W ostatnim czasie wyda\u0142 r\u00f3wnie\u017c tomik poezji wierszy \u201cFramkallning i dagsljus\u201d (2021, ellerstr\u00f6ms f\u00f6rlag). Jonas jest r\u00f3wnie\u017c cz\u0142onkiem szwedzkiej akademii literackiej Samfundet De Nio.\nFot. Per Kristiansen\n \nIrena Gr\u00f6nberg szwedzka t\u0142umaczk\u0105 z j\u0119zyka polskiego. Prze\u0142o\u017cy\u0142a teksty najwybitniejszych polskich autor\u00f3w, takich jak Tadeusz R\u00f3\u017cewicz, Andrzej Sapkowski, Zbigniew Herbert, Julia Fiedorczuk, Andrzej Stasiuk, Ewa Lipska.\nFot. Irena Gr\u00f6nberg\nRozmowa zorganizowana we wsp\u00f3\u0142pracy mi\u0119dzy Bonniers Konsthall, wydawnictwem ellerstr\u00f6ms f\u00f6rlag i Instytutem Polskim w Sztokholmie.\nZdj\u0119cie Krystyny \u200b\u200bna banerze: Krzysztof Dubiel."},{"@type":"ImageObject","inLanguage":"pl-PL","@id":"https:\/\/instytutpolski.pl\/stockholm\/pl\/2021\/08\/19\/rozmowa-wokol-poezji-z-udzialem-krystyny-dabrowskiej-ireny-gronberg-oraz-jonasa-ellerstroma\/#primaryimage","url":"https:\/\/instytutpolski.pl\/stockholm\/wp-content\/uploads\/sites\/17\/2021\/08\/Forfattarsamtal-scaled.jpg","contentUrl":"https:\/\/instytutpolski.pl\/stockholm\/wp-content\/uploads\/sites\/17\/2021\/08\/Forfattarsamtal-scaled.jpg","width":2560,"height":1440},{"@type":"BreadcrumbList","@id":"https:\/\/instytutpolski.pl\/stockholm\/pl\/2021\/08\/19\/rozmowa-wokol-poezji-z-udzialem-krystyny-dabrowskiej-ireny-gronberg-oraz-jonasa-ellerstroma\/#breadcrumb","itemListElement":[{"@type":"ListItem","position":1,"name":"Home","item":"https:\/\/instytutpolski.pl\/stockholm\/"},{"@type":"ListItem","position":2,"name":"Rozmowa wok\u00f3\u0142 poezji z udzia\u0142em Krystyny D\u0105browskiej, Ireny Gr\u00f6nberg oraz Jonasa Ellerstr\u00f6ma"}]},{"@type":"WebSite","@id":"https:\/\/instytutpolski.pl\/stockholm\/#website","url":"https:\/\/instytutpolski.pl\/stockholm\/","name":"Instytut Polski w Sztokholmie","description":"Instytuty Polskie","potentialAction":[{"@type":"SearchAction","target":{"@type":"EntryPoint","urlTemplate":"https:\/\/instytutpolski.pl\/stockholm\/?s={search_term_string}"},"query-input":{"@type":"PropertyValueSpecification","valueRequired":true,"valueName":"search_term_string"}}],"inLanguage":"pl-PL"},{"@type":"Person","@id":"https:\/\/instytutpolski.pl\/stockholm\/#\/schema\/person\/062b5a5f61f32b17c98996975db8d556","name":"strozniake","image":{"@type":"ImageObject","inLanguage":"pl-PL","@id":"https:\/\/instytutpolski.pl\/stockholm\/#\/schema\/person\/image\/","url":"https:\/\/secure.gravatar.com\/avatar\/25e0be9897787f9035155a882fde97cc?s=96&d=mm&r=g","contentUrl":"https:\/\/secure.gravatar.com\/avatar\/25e0be9897787f9035155a882fde97cc?s=96&d=mm&r=g","caption":"strozniake"},"sameAs":["http:\/\/strozniake"],"url":"https:\/\/instytutpolski.pl\/stockholm\/author\/strozniake\/"}]}},"_links":{"self":[{"href":"https:\/\/instytutpolski.pl\/stockholm\/wp-json\/wp\/v2\/posts\/6743","targetHints":{"allow":["GET"]}}],"collection":[{"href":"https:\/\/instytutpolski.pl\/stockholm\/wp-json\/wp\/v2\/posts"}],"about":[{"href":"https:\/\/instytutpolski.pl\/stockholm\/wp-json\/wp\/v2\/types\/post"}],"author":[{"embeddable":true,"href":"https:\/\/instytutpolski.pl\/stockholm\/wp-json\/wp\/v2\/users\/29"}],"replies":[{"embeddable":true,"href":"https:\/\/instytutpolski.pl\/stockholm\/wp-json\/wp\/v2\/comments?post=6743"}],"version-history":[{"count":3,"href":"https:\/\/instytutpolski.pl\/stockholm\/wp-json\/wp\/v2\/posts\/6743\/revisions"}],"predecessor-version":[{"id":6746,"href":"https:\/\/instytutpolski.pl\/stockholm\/wp-json\/wp\/v2\/posts\/6743\/revisions\/6746"}],"wp:featuredmedia":[{"embeddable":true,"href":"https:\/\/instytutpolski.pl\/stockholm\/wp-json\/wp\/v2\/media\/6174"}],"wp:attachment":[{"href":"https:\/\/instytutpolski.pl\/stockholm\/wp-json\/wp\/v2\/media?parent=6743"}],"wp:term":[{"taxonomy":"category","embeddable":true,"href":"https:\/\/instytutpolski.pl\/stockholm\/wp-json\/wp\/v2\/categories?post=6743"},{"taxonomy":"post_tag","embeddable":true,"href":"https:\/\/instytutpolski.pl\/stockholm\/wp-json\/wp\/v2\/tags?post=6743"}],"curies":[{"name":"wp","href":"https:\/\/api.w.org\/{rel}","templated":true}]}}