{"id":6944,"date":"2021-10-28T15:33:48","date_gmt":"2021-10-28T13:33:48","guid":{"rendered":"https:\/\/instytutpolski.pl\/stockholm\/?p=6944"},"modified":"2021-10-28T15:35:18","modified_gmt":"2021-10-28T13:35:18","slug":"warszawaupproret-1944-artur-szulcs-ny-bok","status":"publish","type":"post","link":"https:\/\/instytutpolski.pl\/stockholm\/2021\/10\/28\/warszawaupproret-1944-artur-szulcs-ny-bok\/","title":{"rendered":"Warszawaupproret 1944 &#8211; Artur Szulcs ny bok"},"content":{"rendered":"\n<div class=\"wp-block-image\"><figure class=\"aligncenter size-large is-resized\"><img loading=\"lazy\" decoding=\"async\" src=\"https:\/\/instytutpolski.pl\/stockholm\/wp-content\/uploads\/sites\/17\/2021\/10\/Warszawaupproret-1944-omslag-662x1024.jpeg\" alt=\"\" class=\"wp-image-6946\" width=\"331\" height=\"512\" srcset=\"https:\/\/instytutpolski.pl\/stockholm\/wp-content\/uploads\/sites\/17\/2021\/10\/Warszawaupproret-1944-omslag-662x1024.jpeg 662w, https:\/\/instytutpolski.pl\/stockholm\/wp-content\/uploads\/sites\/17\/2021\/10\/Warszawaupproret-1944-omslag-194x300.jpeg 194w, https:\/\/instytutpolski.pl\/stockholm\/wp-content\/uploads\/sites\/17\/2021\/10\/Warszawaupproret-1944-omslag-768x1188.jpeg 768w, https:\/\/instytutpolski.pl\/stockholm\/wp-content\/uploads\/sites\/17\/2021\/10\/Warszawaupproret-1944-omslag-993x1536.jpeg 993w, https:\/\/instytutpolski.pl\/stockholm\/wp-content\/uploads\/sites\/17\/2021\/10\/Warszawaupproret-1944-omslag-1324x2048.jpeg 1324w, https:\/\/instytutpolski.pl\/stockholm\/wp-content\/uploads\/sites\/17\/2021\/10\/Warszawaupproret-1944-omslag.jpeg 1642w\" sizes=\"auto, (max-width: 331px) 100vw, 331px\" \/><\/figure><\/div>\n\n\n\n<p>En rad unika personportr\u00e4tt f\u00f6rdjupar samtidigt skildringen och ger l\u00e4saren en k\u00e4nsla av vad det innebar att vara soldat eller civilist i andra v\u00e4rldskrigets st\u00f6rsta stadsuppror &#8211; upproret som har blivit en symbol f\u00f6r polskt hj\u00e4ltemod och lidande.<\/p>\n\n\n\n<p>\u201cWarszawaupproret 1944\u201d \u00e4r den f\u00f6rsta svenskskrivna boken om de dramatiska veckorna. Boken ing\u00e5r i serien Krigens historia.<\/p>\n\n\n\n<p>H\u00e4r kan du lyssna p\u00e5 f\u00f6rfattaren Artur Szulc som ber\u00e4ttar om Warszawaupproret och hans ny bok:<\/p>\n\n\n\n<figure class=\"wp-block-embed is-type-video is-provider-youtube wp-block-embed-youtube wp-embed-aspect-16-9 wp-has-aspect-ratio\"><div class=\"wp-block-embed__wrapper\">\nhttps:\/\/youtu.be\/uS_0ZVYR6lM\n<\/div><\/figure>\n\n\n\n<p>L\u00e4s mer om boken&nbsp;<a href=\"http:\/\/k\/warszawaupproret-1944\/\" target=\"_blank\" rel=\"noreferrer noopener\">h\u00e4r<\/a>.&nbsp;<\/p>\n","protected":false},"excerpt":{"rendered":"<p>En rad unika personportr\u00e4tt f\u00f6rdjupar samtidigt skildringen och ger l\u00e4saren en k\u00e4nsla av vad det innebar att vara soldat eller civilist i andra v\u00e4rldskrigets st\u00f6rsta stadsuppror &#8211; upproret som har blivit en symbol f\u00f6r polskt hj\u00e4ltemod och lidande. \u201cWarszawaupproret 1944\u201d \u00e4r den f\u00f6rsta svenskskrivna boken om de dramatiska veckorna. Boken ing\u00e5r i serien Krigens historia. [&hellip;]<\/p>\n","protected":false},"author":29,"featured_media":6945,"comment_status":"closed","ping_status":"closed","sticky":false,"template":"","format":"standard","meta":{"inline_featured_image":false,"_monsterinsights_skip_tracking":false,"_monsterinsights_sitenote_active":false,"_monsterinsights_sitenote_note":"","_monsterinsights_sitenote_category":0,"footnotes":""},"categories":[222],"tags":[],"class_list":["post-6944","post","type-post","status-publish","format-standard","has-post-thumbnail","hentry","category-aktualnosc-se"],"yoast_head":"<!-- This site is optimized with the Yoast SEO plugin v24.6 - https:\/\/yoast.com\/wordpress\/plugins\/seo\/ -->\n<title>Warszawaupproret 1944 - Artur Szulcs ny bok - Instytut Polski w Sztokholmie<\/title>\n<meta name=\"robots\" content=\"index, follow, max-snippet:-1, max-image-preview:large, max-video-preview:-1\" \/>\n<link rel=\"canonical\" href=\"https:\/\/instytutpolski.pl\/stockholm\/2021\/10\/28\/warszawaupproret-1944-artur-szulcs-ny-bok\/\" \/>\n<meta property=\"og:locale\" content=\"pl_PL\" \/>\n<meta property=\"og:type\" content=\"article\" \/>\n<meta property=\"og:title\" content=\"Warszawaupproret 1944 - Artur Szulcs ny bok - Instytut Polski w Sztokholmie\" \/>\n<meta property=\"og:description\" content=\"En rad unika personportr\u00e4tt f\u00f6rdjupar samtidigt skildringen och ger l\u00e4saren en k\u00e4nsla av vad det innebar att vara soldat eller civilist i andra v\u00e4rldskrigets st\u00f6rsta stadsuppror &#8211; upproret som har blivit en symbol f\u00f6r polskt hj\u00e4ltemod och lidande. \u201cWarszawaupproret 1944\u201d \u00e4r den f\u00f6rsta svenskskrivna boken om de dramatiska veckorna. Boken ing\u00e5r i serien Krigens historia. [&hellip;]\" \/>\n<meta property=\"og:url\" content=\"https:\/\/instytutpolski.pl\/stockholm\/2021\/10\/28\/warszawaupproret-1944-artur-szulcs-ny-bok\/\" \/>\n<meta property=\"og:site_name\" content=\"Instytut Polski w Sztokholmie\" \/>\n<meta property=\"article:published_time\" content=\"2021-10-28T13:33:48+00:00\" \/>\n<meta property=\"article:modified_time\" content=\"2021-10-28T13:35:18+00:00\" \/>\n<meta property=\"og:image\" content=\"https:\/\/instytutpolski.pl\/stockholm\/wp-content\/uploads\/sites\/17\/2021\/10\/PM-huvudbild-Warszawaupproret_small.jpg\" \/>\n\t<meta property=\"og:image:width\" content=\"1000\" \/>\n\t<meta property=\"og:image:height\" content=\"563\" \/>\n\t<meta property=\"og:image:type\" content=\"image\/jpeg\" \/>\n<meta name=\"author\" content=\"strozniake\" \/>\n<meta name=\"twitter:card\" content=\"summary_large_image\" \/>\n<meta name=\"twitter:label1\" content=\"Napisane przez\" \/>\n\t<meta name=\"twitter:data1\" content=\"strozniake\" \/>\n\t<meta name=\"twitter:label2\" content=\"Szacowany czas czytania\" \/>\n\t<meta name=\"twitter:data2\" content=\"1 minuta\" \/>\n<script type=\"application\/ld+json\" class=\"yoast-schema-graph\">{\"@context\":\"https:\/\/schema.org\",\"@graph\":[{\"@type\":\"event\",\"@id\":\"https:\/\/instytutpolski.pl\/stockholm\/2021\/10\/28\/warszawaupproret-1944-artur-szulcs-ny-bok\/\",\"url\":\"https:\/\/instytutpolski.pl\/stockholm\/2021\/10\/28\/warszawaupproret-1944-artur-szulcs-ny-bok\/\",\"name\":\"Warszawaupproret 1944 - Artur Szulcs ny bok\",\"isPartOf\":{\"@id\":\"https:\/\/instytutpolski.pl\/stockholm\/#website\"},\"primaryImageOfPage\":{\"@id\":\"https:\/\/instytutpolski.pl\/stockholm\/2021\/10\/28\/warszawaupproret-1944-artur-szulcs-ny-bok\/#primaryimage\"},\"image\":[\"https:\/\/instytutpolski.pl\/stockholm\/wp-content\/uploads\/sites\/17\/2021\/10\/PM-huvudbild-Warszawaupproret_small.jpg\",\"https:\/\/instytutpolski.pl\/stockholm\/wp-content\/uploads\/sites\/17\/2021\/10\/PM-huvudbild-Warszawaupproret_small-300x169.jpg\",\"https:\/\/instytutpolski.pl\/stockholm\/wp-content\/uploads\/sites\/17\/2021\/10\/PM-huvudbild-Warszawaupproret_small.jpg\",\"https:\/\/instytutpolski.pl\/stockholm\/wp-content\/uploads\/sites\/17\/2021\/10\/PM-huvudbild-Warszawaupproret_small.jpg\"],\"thumbnailUrl\":\"https:\/\/instytutpolski.pl\/stockholm\/wp-content\/uploads\/sites\/17\/2021\/10\/PM-huvudbild-Warszawaupproret_small.jpg\",\"datePublished\":\"2021-10-28T13:33:48+02:00\",\"dateModified\":\"2021-10-28T13:35:18+02:00\",\"author\":{\"@id\":\"https:\/\/instytutpolski.pl\/stockholm\/#\/schema\/person\/062b5a5f61f32b17c98996975db8d556\"},\"breadcrumb\":{\"@id\":\"https:\/\/instytutpolski.pl\/stockholm\/2021\/10\/28\/warszawaupproret-1944-artur-szulcs-ny-bok\/#breadcrumb\"},\"inLanguage\":\"pl-PL\",\"potentialAction\":[{\"@type\":\"ReadAction\",\"target\":[\"https:\/\/instytutpolski.pl\/stockholm\/2021\/10\/28\/warszawaupproret-1944-artur-szulcs-ny-bok\/\"]}],\"@context\":\"https:\/\/schema.org\",\"startDate\":\"2021-10-28\",\"endDate\":\"2021-10-28\",\"eventStatus\":\"EventScheduled\",\"eventAttendanceMode\":\"OfflineEventAttendanceMode\",\"location\":{\"@type\":\"place\",\"name\":\"\",\"address\":\"\",\"geo\":{\"@type\":\"GeoCoordinates\",\"latitude\":\"\",\"longitude\":\"\"}},\"description\":\"En rad unika personportr\u00e4tt f\u00f6rdjupar samtidigt skildringen och ger l\u00e4saren en k\u00e4nsla av vad det innebar att vara soldat eller civilist i andra v\u00e4rldskrigets st\u00f6rsta stadsuppror - upproret som har blivit en symbol f\u00f6r polskt hj\u00e4ltemod och lidande.\\n\u201cWarszawaupproret 1944\u201d \u00e4r den f\u00f6rsta svenskskrivna boken om de dramatiska veckorna. Boken ing\u00e5r i serien Krigens historia.\\nH\u00e4r kan du lyssna p\u00e5 f\u00f6rfattaren Artur Szulc som ber\u00e4ttar om Warszawaupproret och hans ny bok:\\nL\u00e4s mer om boken h\u00e4r. \"},{\"@type\":\"ImageObject\",\"inLanguage\":\"pl-PL\",\"@id\":\"https:\/\/instytutpolski.pl\/stockholm\/2021\/10\/28\/warszawaupproret-1944-artur-szulcs-ny-bok\/#primaryimage\",\"url\":\"https:\/\/instytutpolski.pl\/stockholm\/wp-content\/uploads\/sites\/17\/2021\/10\/PM-huvudbild-Warszawaupproret_small.jpg\",\"contentUrl\":\"https:\/\/instytutpolski.pl\/stockholm\/wp-content\/uploads\/sites\/17\/2021\/10\/PM-huvudbild-Warszawaupproret_small.jpg\",\"width\":1000,\"height\":563},{\"@type\":\"BreadcrumbList\",\"@id\":\"https:\/\/instytutpolski.pl\/stockholm\/2021\/10\/28\/warszawaupproret-1944-artur-szulcs-ny-bok\/#breadcrumb\",\"itemListElement\":[{\"@type\":\"ListItem\",\"position\":1,\"name\":\"Home\",\"item\":\"https:\/\/instytutpolski.pl\/stockholm\/\"},{\"@type\":\"ListItem\",\"position\":2,\"name\":\"Warszawaupproret 1944 &#8211; Artur Szulcs ny bok\"}]},{\"@type\":\"WebSite\",\"@id\":\"https:\/\/instytutpolski.pl\/stockholm\/#website\",\"url\":\"https:\/\/instytutpolski.pl\/stockholm\/\",\"name\":\"Instytut Polski w Sztokholmie\",\"description\":\"Instytuty Polskie\",\"potentialAction\":[{\"@type\":\"SearchAction\",\"target\":{\"@type\":\"EntryPoint\",\"urlTemplate\":\"https:\/\/instytutpolski.pl\/stockholm\/?s={search_term_string}\"},\"query-input\":{\"@type\":\"PropertyValueSpecification\",\"valueRequired\":true,\"valueName\":\"search_term_string\"}}],\"inLanguage\":\"pl-PL\"},{\"@type\":\"Person\",\"@id\":\"https:\/\/instytutpolski.pl\/stockholm\/#\/schema\/person\/062b5a5f61f32b17c98996975db8d556\",\"name\":\"strozniake\",\"image\":{\"@type\":\"ImageObject\",\"inLanguage\":\"pl-PL\",\"@id\":\"https:\/\/instytutpolski.pl\/stockholm\/#\/schema\/person\/image\/\",\"url\":\"https:\/\/secure.gravatar.com\/avatar\/25e0be9897787f9035155a882fde97cc?s=96&d=mm&r=g\",\"contentUrl\":\"https:\/\/secure.gravatar.com\/avatar\/25e0be9897787f9035155a882fde97cc?s=96&d=mm&r=g\",\"caption\":\"strozniake\"},\"sameAs\":[\"http:\/\/strozniake\"],\"url\":\"https:\/\/instytutpolski.pl\/stockholm\/author\/strozniake\/\"}]}<\/script>\n<!-- \/ Yoast SEO plugin. -->","yoast_head_json":{"title":"Warszawaupproret 1944 - Artur Szulcs ny bok - Instytut Polski w Sztokholmie","robots":{"index":"index","follow":"follow","max-snippet":"max-snippet:-1","max-image-preview":"max-image-preview:large","max-video-preview":"max-video-preview:-1"},"canonical":"https:\/\/instytutpolski.pl\/stockholm\/2021\/10\/28\/warszawaupproret-1944-artur-szulcs-ny-bok\/","og_locale":"pl_PL","og_type":"article","og_title":"Warszawaupproret 1944 - Artur Szulcs ny bok - Instytut Polski w Sztokholmie","og_description":"En rad unika personportr\u00e4tt f\u00f6rdjupar samtidigt skildringen och ger l\u00e4saren en k\u00e4nsla av vad det innebar att vara soldat eller civilist i andra v\u00e4rldskrigets st\u00f6rsta stadsuppror &#8211; upproret som har blivit en symbol f\u00f6r polskt hj\u00e4ltemod och lidande. \u201cWarszawaupproret 1944\u201d \u00e4r den f\u00f6rsta svenskskrivna boken om de dramatiska veckorna. Boken ing\u00e5r i serien Krigens historia. [&hellip;]","og_url":"https:\/\/instytutpolski.pl\/stockholm\/2021\/10\/28\/warszawaupproret-1944-artur-szulcs-ny-bok\/","og_site_name":"Instytut Polski w Sztokholmie","article_published_time":"2021-10-28T13:33:48+00:00","article_modified_time":"2021-10-28T13:35:18+00:00","og_image":[{"width":1000,"height":563,"url":"https:\/\/instytutpolski.pl\/stockholm\/wp-content\/uploads\/sites\/17\/2021\/10\/PM-huvudbild-Warszawaupproret_small.jpg","type":"image\/jpeg"}],"author":"strozniake","twitter_card":"summary_large_image","twitter_misc":{"Napisane przez":"strozniake","Szacowany czas czytania":"1 minuta"},"schema":{"@context":"https:\/\/schema.org","@graph":[{"@type":"event","@id":"https:\/\/instytutpolski.pl\/stockholm\/2021\/10\/28\/warszawaupproret-1944-artur-szulcs-ny-bok\/","url":"https:\/\/instytutpolski.pl\/stockholm\/2021\/10\/28\/warszawaupproret-1944-artur-szulcs-ny-bok\/","name":"Warszawaupproret 1944 - Artur Szulcs ny bok","isPartOf":{"@id":"https:\/\/instytutpolski.pl\/stockholm\/#website"},"primaryImageOfPage":{"@id":"https:\/\/instytutpolski.pl\/stockholm\/2021\/10\/28\/warszawaupproret-1944-artur-szulcs-ny-bok\/#primaryimage"},"image":["https:\/\/instytutpolski.pl\/stockholm\/wp-content\/uploads\/sites\/17\/2021\/10\/PM-huvudbild-Warszawaupproret_small.jpg","https:\/\/instytutpolski.pl\/stockholm\/wp-content\/uploads\/sites\/17\/2021\/10\/PM-huvudbild-Warszawaupproret_small-300x169.jpg","https:\/\/instytutpolski.pl\/stockholm\/wp-content\/uploads\/sites\/17\/2021\/10\/PM-huvudbild-Warszawaupproret_small.jpg","https:\/\/instytutpolski.pl\/stockholm\/wp-content\/uploads\/sites\/17\/2021\/10\/PM-huvudbild-Warszawaupproret_small.jpg"],"thumbnailUrl":"https:\/\/instytutpolski.pl\/stockholm\/wp-content\/uploads\/sites\/17\/2021\/10\/PM-huvudbild-Warszawaupproret_small.jpg","datePublished":"2021-10-28T13:33:48+02:00","dateModified":"2021-10-28T13:35:18+02:00","author":{"@id":"https:\/\/instytutpolski.pl\/stockholm\/#\/schema\/person\/062b5a5f61f32b17c98996975db8d556"},"breadcrumb":{"@id":"https:\/\/instytutpolski.pl\/stockholm\/2021\/10\/28\/warszawaupproret-1944-artur-szulcs-ny-bok\/#breadcrumb"},"inLanguage":"pl-PL","potentialAction":[{"@type":"ReadAction","target":["https:\/\/instytutpolski.pl\/stockholm\/2021\/10\/28\/warszawaupproret-1944-artur-szulcs-ny-bok\/"]}],"@context":"https:\/\/schema.org","startDate":"2021-10-28","endDate":"2021-10-28","eventStatus":"EventScheduled","eventAttendanceMode":"OfflineEventAttendanceMode","location":{"@type":"place","name":"","address":"","geo":{"@type":"GeoCoordinates","latitude":"","longitude":""}},"description":"En rad unika personportr\u00e4tt f\u00f6rdjupar samtidigt skildringen och ger l\u00e4saren en k\u00e4nsla av vad det innebar att vara soldat eller civilist i andra v\u00e4rldskrigets st\u00f6rsta stadsuppror - upproret som har blivit en symbol f\u00f6r polskt hj\u00e4ltemod och lidande.\n\u201cWarszawaupproret 1944\u201d \u00e4r den f\u00f6rsta svenskskrivna boken om de dramatiska veckorna. Boken ing\u00e5r i serien Krigens historia.\nH\u00e4r kan du lyssna p\u00e5 f\u00f6rfattaren Artur Szulc som ber\u00e4ttar om Warszawaupproret och hans ny bok:\nL\u00e4s mer om boken h\u00e4r. "},{"@type":"ImageObject","inLanguage":"pl-PL","@id":"https:\/\/instytutpolski.pl\/stockholm\/2021\/10\/28\/warszawaupproret-1944-artur-szulcs-ny-bok\/#primaryimage","url":"https:\/\/instytutpolski.pl\/stockholm\/wp-content\/uploads\/sites\/17\/2021\/10\/PM-huvudbild-Warszawaupproret_small.jpg","contentUrl":"https:\/\/instytutpolski.pl\/stockholm\/wp-content\/uploads\/sites\/17\/2021\/10\/PM-huvudbild-Warszawaupproret_small.jpg","width":1000,"height":563},{"@type":"BreadcrumbList","@id":"https:\/\/instytutpolski.pl\/stockholm\/2021\/10\/28\/warszawaupproret-1944-artur-szulcs-ny-bok\/#breadcrumb","itemListElement":[{"@type":"ListItem","position":1,"name":"Home","item":"https:\/\/instytutpolski.pl\/stockholm\/"},{"@type":"ListItem","position":2,"name":"Warszawaupproret 1944 &#8211; Artur Szulcs ny bok"}]},{"@type":"WebSite","@id":"https:\/\/instytutpolski.pl\/stockholm\/#website","url":"https:\/\/instytutpolski.pl\/stockholm\/","name":"Instytut Polski w Sztokholmie","description":"Instytuty Polskie","potentialAction":[{"@type":"SearchAction","target":{"@type":"EntryPoint","urlTemplate":"https:\/\/instytutpolski.pl\/stockholm\/?s={search_term_string}"},"query-input":{"@type":"PropertyValueSpecification","valueRequired":true,"valueName":"search_term_string"}}],"inLanguage":"pl-PL"},{"@type":"Person","@id":"https:\/\/instytutpolski.pl\/stockholm\/#\/schema\/person\/062b5a5f61f32b17c98996975db8d556","name":"strozniake","image":{"@type":"ImageObject","inLanguage":"pl-PL","@id":"https:\/\/instytutpolski.pl\/stockholm\/#\/schema\/person\/image\/","url":"https:\/\/secure.gravatar.com\/avatar\/25e0be9897787f9035155a882fde97cc?s=96&d=mm&r=g","contentUrl":"https:\/\/secure.gravatar.com\/avatar\/25e0be9897787f9035155a882fde97cc?s=96&d=mm&r=g","caption":"strozniake"},"sameAs":["http:\/\/strozniake"],"url":"https:\/\/instytutpolski.pl\/stockholm\/author\/strozniake\/"}]}},"_links":{"self":[{"href":"https:\/\/instytutpolski.pl\/stockholm\/wp-json\/wp\/v2\/posts\/6944","targetHints":{"allow":["GET"]}}],"collection":[{"href":"https:\/\/instytutpolski.pl\/stockholm\/wp-json\/wp\/v2\/posts"}],"about":[{"href":"https:\/\/instytutpolski.pl\/stockholm\/wp-json\/wp\/v2\/types\/post"}],"author":[{"embeddable":true,"href":"https:\/\/instytutpolski.pl\/stockholm\/wp-json\/wp\/v2\/users\/29"}],"replies":[{"embeddable":true,"href":"https:\/\/instytutpolski.pl\/stockholm\/wp-json\/wp\/v2\/comments?post=6944"}],"version-history":[{"count":4,"href":"https:\/\/instytutpolski.pl\/stockholm\/wp-json\/wp\/v2\/posts\/6944\/revisions"}],"predecessor-version":[{"id":6950,"href":"https:\/\/instytutpolski.pl\/stockholm\/wp-json\/wp\/v2\/posts\/6944\/revisions\/6950"}],"wp:featuredmedia":[{"embeddable":true,"href":"https:\/\/instytutpolski.pl\/stockholm\/wp-json\/wp\/v2\/media\/6945"}],"wp:attachment":[{"href":"https:\/\/instytutpolski.pl\/stockholm\/wp-json\/wp\/v2\/media?parent=6944"}],"wp:term":[{"taxonomy":"category","embeddable":true,"href":"https:\/\/instytutpolski.pl\/stockholm\/wp-json\/wp\/v2\/categories?post=6944"},{"taxonomy":"post_tag","embeddable":true,"href":"https:\/\/instytutpolski.pl\/stockholm\/wp-json\/wp\/v2\/tags?post=6944"}],"curies":[{"name":"wp","href":"https:\/\/api.w.org\/{rel}","templated":true}]}}