{"id":6956,"date":"2021-10-09T12:04:00","date_gmt":"2021-10-09T10:04:00","guid":{"rendered":"https:\/\/instytutpolski.pl\/stockholm\/?p=6956"},"modified":"2021-10-28T16:22:42","modified_gmt":"2021-10-28T14:22:42","slug":"6956","status":"publish","type":"post","link":"https:\/\/instytutpolski.pl\/stockholm\/pl\/2021\/10\/09\/6956\/","title":{"rendered":"Wyk\u0142ad otwarty: Tadeusz R\u00f3\u017cewicz (1921-2014): Poeta i chaos \u015bwiata"},"content":{"rendered":"\n<p>Wydzia\u0142 Slawistyki Uniwersytetu Sztokholmskiego we wsp\u00f3\u0142pracy z Instytutem Polskim w Sztokholmie zaprasza na wyk\u0142ad otwarty \u201eTadeusz R\u00f3\u017cewicz (1921-2014): Poeta i chaos \u015bwiata\u201d, kt\u00f3ry b\u0119dzie prowadzony online przez profesor Mari\u0119 Zadenck\u0105, j\u0119zyko- oraz literaturoznawc\u0119 z Uniwersytetu Sztokholmskiego.<\/p>\n\n\n\n<p>Podczas wyk\u0142adu zostan\u0105 przybli\u017cone najwa\u017cniejsze cechy tw\u00f3rczo\u015bci R\u00f3\u017cewicza, w tym elementy groteski i teatralno\u015bci w jego poezji. W ramach tej analizy g\u0142\u00f3wn\u0105 inspiracj\u0105 b\u0119d\u0105 teksty: \u201e\u015amier\u0107 w starych dekoracjach\u201d oraz&nbsp; \u201eKto jest poet\u0105\u201d. Serdecznie zapraszamy!<\/p>\n\n\n\n<p>J\u0119zyk wyk\u0142adu: szwedzki<\/p>\n\n\n\n<p>Link do Zoom b\u0119dzie opublikowany 30 minut przed startem na <a href=\"http:\/\/Link do Zoom b\u0119dzie opublikowany 30 minut przed startem na oficjalnej stronie Wydzia\u0142u Slawistyki &#x1f449; https:\/\/www.su.se\/institutionen-for-slaviska-och-baltiska-sprak-finska-nederlandska-och-tyska\/kalender\/allm%C3% A4n-f% C3% B6rel% C3% A4sning-maria-zadencka-1.577325\" target=\"_blank\" rel=\"noreferrer noopener\">oficjalnej stronie Wydzia\u0142u Slawistyki<\/a>.<\/p>\n\n\n\n<p>Wi\u0119cej informacji o Tadeuszu R\u00f3\u017cewiczu <a href=\"https:\/\/culture.pl\/pl\/tworca\/tadeusz-rozewicz\" target=\"_blank\" rel=\"noreferrer noopener\">tutaj<\/a>.<\/p>\n\n\n\n<p><br>Wyk\u0142ad jest organizowany przez Polonistyk\u0119 na Wydziale Slawistyki Uniwersytetu Sztokholmskiego we wsp\u00f3\u0142pracy z Instytutem Polskim w Sztokholmie.<\/p>\n\n\n\n<p><\/p>\n\n\n\n<p><em>Zdj\u0119cie: Marcin Biodrowski via Foter.com<\/em><\/p>\n\n\n\n<div class=\"wp-block-image\"><figure class=\"aligncenter size-large is-resized\"><img loading=\"lazy\" decoding=\"async\" src=\"https:\/\/instytutpolski.pl\/stockholm\/wp-content\/uploads\/sites\/17\/2021\/10\/Tadeusz-Rozewicz-1410-2021-Allm-fo\u0308rela\u0308sning_znaki_small-724x1024.jpg\" alt=\"\" class=\"wp-image-6806\" width=\"543\" height=\"768\" srcset=\"https:\/\/instytutpolski.pl\/stockholm\/wp-content\/uploads\/sites\/17\/2021\/10\/Tadeusz-Rozewicz-1410-2021-Allm-fo\u0308rela\u0308sning_znaki_small-724x1024.jpg 724w, https:\/\/instytutpolski.pl\/stockholm\/wp-content\/uploads\/sites\/17\/2021\/10\/Tadeusz-Rozewicz-1410-2021-Allm-fo\u0308rela\u0308sning_znaki_small-212x300.jpg 212w, https:\/\/instytutpolski.pl\/stockholm\/wp-content\/uploads\/sites\/17\/2021\/10\/Tadeusz-Rozewicz-1410-2021-Allm-fo\u0308rela\u0308sning_znaki_small-768x1086.jpg 768w, https:\/\/instytutpolski.pl\/stockholm\/wp-content\/uploads\/sites\/17\/2021\/10\/Tadeusz-Rozewicz-1410-2021-Allm-fo\u0308rela\u0308sning_znaki_small-1086x1536.jpg 1086w, https:\/\/instytutpolski.pl\/stockholm\/wp-content\/uploads\/sites\/17\/2021\/10\/Tadeusz-Rozewicz-1410-2021-Allm-fo\u0308rela\u0308sning_znaki_small-1448x2048.jpg 1448w, https:\/\/instytutpolski.pl\/stockholm\/wp-content\/uploads\/sites\/17\/2021\/10\/Tadeusz-Rozewicz-1410-2021-Allm-fo\u0308rela\u0308sning_znaki_small.jpg 1500w\" sizes=\"auto, (max-width: 543px) 100vw, 543px\" \/><\/figure><\/div>\n","protected":false},"excerpt":{"rendered":"<p>Wydzia\u0142 Slawistyki Uniwersytetu Sztokholmskiego we wsp\u00f3\u0142pracy z Instytutem Polskim w Sztokholmie zaprasza na wyk\u0142ad otwarty \u201eTadeusz R\u00f3\u017cewicz (1921-2014): Poeta i chaos \u015bwiata\u201d, kt\u00f3ry b\u0119dzie prowadzony online przez profesor Mari\u0119 Zadenck\u0105, j\u0119zyko- oraz literaturoznawc\u0119 z Uniwersytetu Sztokholmskiego. Podczas wyk\u0142adu zostan\u0105 przybli\u017cone najwa\u017cniejsze cechy tw\u00f3rczo\u015bci R\u00f3\u017cewicza, w tym elementy groteski i teatralno\u015bci w jego poezji. W ramach [&hellip;]<\/p>\n","protected":false},"author":29,"featured_media":6807,"comment_status":"closed","ping_status":"closed","sticky":false,"template":"","format":"standard","meta":{"inline_featured_image":false,"_monsterinsights_skip_tracking":false,"_monsterinsights_sitenote_active":false,"_monsterinsights_sitenote_note":"","_monsterinsights_sitenote_category":0,"footnotes":""},"categories":[87,36],"tags":[],"class_list":["post-6956","post","type-post","status-publish","format-standard","has-post-thumbnail","hentry","category-literatura","category-wydarzenie"],"yoast_head":"<!-- This site is optimized with the Yoast SEO plugin v24.6 - https:\/\/yoast.com\/wordpress\/plugins\/seo\/ -->\n<title>Wyk\u0142ad otwarty: Tadeusz R\u00f3\u017cewicz (1921-2014): Poeta i chaos \u015bwiata - Instytut Polski w Sztokholmie<\/title>\n<meta name=\"robots\" content=\"index, follow, max-snippet:-1, max-image-preview:large, max-video-preview:-1\" \/>\n<link rel=\"canonical\" href=\"https:\/\/instytutpolski.pl\/stockholm\/pl\/2021\/10\/09\/6956\/\" \/>\n<meta property=\"og:locale\" content=\"pl_PL\" \/>\n<meta property=\"og:type\" content=\"article\" \/>\n<meta property=\"og:title\" content=\"Wyk\u0142ad otwarty: Tadeusz R\u00f3\u017cewicz (1921-2014): Poeta i chaos \u015bwiata - Instytut Polski w Sztokholmie\" \/>\n<meta property=\"og:description\" content=\"Wydzia\u0142 Slawistyki Uniwersytetu Sztokholmskiego we wsp\u00f3\u0142pracy z Instytutem Polskim w Sztokholmie zaprasza na wyk\u0142ad otwarty \u201eTadeusz R\u00f3\u017cewicz (1921-2014): Poeta i chaos \u015bwiata\u201d, kt\u00f3ry b\u0119dzie prowadzony online przez profesor Mari\u0119 Zadenck\u0105, j\u0119zyko- oraz literaturoznawc\u0119 z Uniwersytetu Sztokholmskiego. Podczas wyk\u0142adu zostan\u0105 przybli\u017cone najwa\u017cniejsze cechy tw\u00f3rczo\u015bci R\u00f3\u017cewicza, w tym elementy groteski i teatralno\u015bci w jego poezji. W ramach [&hellip;]\" \/>\n<meta property=\"og:url\" content=\"https:\/\/instytutpolski.pl\/stockholm\/pl\/2021\/10\/09\/6956\/\" \/>\n<meta property=\"og:site_name\" content=\"Instytut Polski w Sztokholmie\" \/>\n<meta property=\"article:published_time\" content=\"2021-10-09T10:04:00+00:00\" \/>\n<meta property=\"article:modified_time\" content=\"2021-10-28T14:22:42+00:00\" \/>\n<meta property=\"og:image\" content=\"https:\/\/instytutpolski.pl\/stockholm\/wp-content\/uploads\/sites\/17\/2021\/10\/rozewicz_baner.jpg\" \/>\n\t<meta property=\"og:image:width\" content=\"1120\" \/>\n\t<meta property=\"og:image:height\" content=\"630\" \/>\n\t<meta property=\"og:image:type\" content=\"image\/jpeg\" \/>\n<meta name=\"author\" content=\"strozniake\" \/>\n<meta name=\"twitter:card\" content=\"summary_large_image\" \/>\n<meta name=\"twitter:label1\" content=\"Napisane przez\" \/>\n\t<meta name=\"twitter:data1\" content=\"strozniake\" \/>\n\t<meta name=\"twitter:label2\" content=\"Szacowany czas czytania\" \/>\n\t<meta name=\"twitter:data2\" content=\"1 minuta\" \/>\n<script type=\"application\/ld+json\" class=\"yoast-schema-graph\">{\"@context\":\"https:\/\/schema.org\",\"@graph\":[{\"@type\":\"event\",\"@id\":\"https:\/\/instytutpolski.pl\/stockholm\/pl\/2021\/10\/09\/6956\/\",\"url\":\"https:\/\/instytutpolski.pl\/stockholm\/pl\/2021\/10\/09\/6956\/\",\"name\":\"Wyk\u0142ad otwarty: Tadeusz R\u00f3\u017cewicz (1921-2014): Poeta i chaos \u015bwiata\",\"isPartOf\":{\"@id\":\"https:\/\/instytutpolski.pl\/stockholm\/#website\"},\"primaryImageOfPage\":{\"@id\":\"https:\/\/instytutpolski.pl\/stockholm\/pl\/2021\/10\/09\/6956\/#primaryimage\"},\"image\":[\"https:\/\/instytutpolski.pl\/stockholm\/wp-content\/uploads\/sites\/17\/2021\/10\/rozewicz_baner.jpg\",\"https:\/\/instytutpolski.pl\/stockholm\/wp-content\/uploads\/sites\/17\/2021\/10\/rozewicz_baner-300x169.jpg\",\"https:\/\/instytutpolski.pl\/stockholm\/wp-content\/uploads\/sites\/17\/2021\/10\/rozewicz_baner-1024x576.jpg\",\"https:\/\/instytutpolski.pl\/stockholm\/wp-content\/uploads\/sites\/17\/2021\/10\/rozewicz_baner.jpg\"],\"thumbnailUrl\":\"https:\/\/instytutpolski.pl\/stockholm\/wp-content\/uploads\/sites\/17\/2021\/10\/rozewicz_baner.jpg\",\"datePublished\":\"2021-10-09T10:04:00+02:00\",\"dateModified\":\"2021-10-28T14:22:42+02:00\",\"author\":{\"@id\":\"https:\/\/instytutpolski.pl\/stockholm\/#\/schema\/person\/062b5a5f61f32b17c98996975db8d556\"},\"breadcrumb\":{\"@id\":\"https:\/\/instytutpolski.pl\/stockholm\/pl\/2021\/10\/09\/6956\/#breadcrumb\"},\"inLanguage\":\"pl-PL\",\"potentialAction\":[{\"@type\":\"ReadAction\",\"target\":[\"https:\/\/instytutpolski.pl\/stockholm\/pl\/2021\/10\/09\/6956\/\"]}],\"@context\":\"https:\/\/schema.org\",\"startDate\":\"2021-10-14T12:00:00+02:00\",\"endDate\":\"2021-10-14T01:00:00+02:00\",\"eventStatus\":\"EventScheduled\",\"eventAttendanceMode\":\"OnlineEventAttendanceMode\",\"location\":{\"@type\":\"VirtualLocation\",\"url\":\"\"},\"description\":\"Wydzia\u0142 Slawistyki Uniwersytetu Sztokholmskiego we wsp\u00f3\u0142pracy z Instytutem Polskim w Sztokholmie zaprasza na wyk\u0142ad otwarty \u201eTadeusz R\u00f3\u017cewicz (1921-2014): Poeta i chaos \u015bwiata\u201d, kt\u00f3ry b\u0119dzie prowadzony online przez profesor Mari\u0119 Zadenck\u0105, j\u0119zyko- oraz literaturoznawc\u0119 z Uniwersytetu Sztokholmskiego.\\nPodczas wyk\u0142adu zostan\u0105 przybli\u017cone najwa\u017cniejsze cechy tw\u00f3rczo\u015bci R\u00f3\u017cewicza, w tym elementy groteski i teatralno\u015bci w jego poezji. W ramach tej analizy g\u0142\u00f3wn\u0105 inspiracj\u0105 b\u0119d\u0105 teksty: \u201e\u015amier\u0107 w starych dekoracjach\u201d oraz  \u201eKto jest poet\u0105\u201d. Serdecznie zapraszamy!\\nJ\u0119zyk wyk\u0142adu: szwedzki\\nLink do Zoom b\u0119dzie opublikowany 30 minut przed startem na oficjalnej stronie Wydzia\u0142u Slawistyki.\\nWi\u0119cej informacji o Tadeuszu R\u00f3\u017cewiczu tutaj.\\nWyk\u0142ad jest organizowany przez Polonistyk\u0119 na Wydziale Slawistyki Uniwersytetu Sztokholmskiego we wsp\u00f3\u0142pracy z Instytutem Polskim w Sztokholmie.\\nZdj\u0119cie: Marcin Biodrowski via Foter.com\"},{\"@type\":\"ImageObject\",\"inLanguage\":\"pl-PL\",\"@id\":\"https:\/\/instytutpolski.pl\/stockholm\/pl\/2021\/10\/09\/6956\/#primaryimage\",\"url\":\"https:\/\/instytutpolski.pl\/stockholm\/wp-content\/uploads\/sites\/17\/2021\/10\/rozewicz_baner.jpg\",\"contentUrl\":\"https:\/\/instytutpolski.pl\/stockholm\/wp-content\/uploads\/sites\/17\/2021\/10\/rozewicz_baner.jpg\",\"width\":1120,\"height\":630},{\"@type\":\"BreadcrumbList\",\"@id\":\"https:\/\/instytutpolski.pl\/stockholm\/pl\/2021\/10\/09\/6956\/#breadcrumb\",\"itemListElement\":[{\"@type\":\"ListItem\",\"position\":1,\"name\":\"Home\",\"item\":\"https:\/\/instytutpolski.pl\/stockholm\/\"},{\"@type\":\"ListItem\",\"position\":2,\"name\":\"Wyk\u0142ad otwarty: Tadeusz R\u00f3\u017cewicz (1921-2014): Poeta i chaos \u015bwiata\"}]},{\"@type\":\"WebSite\",\"@id\":\"https:\/\/instytutpolski.pl\/stockholm\/#website\",\"url\":\"https:\/\/instytutpolski.pl\/stockholm\/\",\"name\":\"Instytut Polski w Sztokholmie\",\"description\":\"Instytuty Polskie\",\"potentialAction\":[{\"@type\":\"SearchAction\",\"target\":{\"@type\":\"EntryPoint\",\"urlTemplate\":\"https:\/\/instytutpolski.pl\/stockholm\/?s={search_term_string}\"},\"query-input\":{\"@type\":\"PropertyValueSpecification\",\"valueRequired\":true,\"valueName\":\"search_term_string\"}}],\"inLanguage\":\"pl-PL\"},{\"@type\":\"Person\",\"@id\":\"https:\/\/instytutpolski.pl\/stockholm\/#\/schema\/person\/062b5a5f61f32b17c98996975db8d556\",\"name\":\"strozniake\",\"image\":{\"@type\":\"ImageObject\",\"inLanguage\":\"pl-PL\",\"@id\":\"https:\/\/instytutpolski.pl\/stockholm\/#\/schema\/person\/image\/\",\"url\":\"https:\/\/secure.gravatar.com\/avatar\/25e0be9897787f9035155a882fde97cc?s=96&d=mm&r=g\",\"contentUrl\":\"https:\/\/secure.gravatar.com\/avatar\/25e0be9897787f9035155a882fde97cc?s=96&d=mm&r=g\",\"caption\":\"strozniake\"},\"sameAs\":[\"http:\/\/strozniake\"],\"url\":\"https:\/\/instytutpolski.pl\/stockholm\/author\/strozniake\/\"}]}<\/script>\n<!-- \/ Yoast SEO plugin. -->","yoast_head_json":{"title":"Wyk\u0142ad otwarty: Tadeusz R\u00f3\u017cewicz (1921-2014): Poeta i chaos \u015bwiata - Instytut Polski w Sztokholmie","robots":{"index":"index","follow":"follow","max-snippet":"max-snippet:-1","max-image-preview":"max-image-preview:large","max-video-preview":"max-video-preview:-1"},"canonical":"https:\/\/instytutpolski.pl\/stockholm\/pl\/2021\/10\/09\/6956\/","og_locale":"pl_PL","og_type":"article","og_title":"Wyk\u0142ad otwarty: Tadeusz R\u00f3\u017cewicz (1921-2014): Poeta i chaos \u015bwiata - Instytut Polski w Sztokholmie","og_description":"Wydzia\u0142 Slawistyki Uniwersytetu Sztokholmskiego we wsp\u00f3\u0142pracy z Instytutem Polskim w Sztokholmie zaprasza na wyk\u0142ad otwarty \u201eTadeusz R\u00f3\u017cewicz (1921-2014): Poeta i chaos \u015bwiata\u201d, kt\u00f3ry b\u0119dzie prowadzony online przez profesor Mari\u0119 Zadenck\u0105, j\u0119zyko- oraz literaturoznawc\u0119 z Uniwersytetu Sztokholmskiego. Podczas wyk\u0142adu zostan\u0105 przybli\u017cone najwa\u017cniejsze cechy tw\u00f3rczo\u015bci R\u00f3\u017cewicza, w tym elementy groteski i teatralno\u015bci w jego poezji. W ramach [&hellip;]","og_url":"https:\/\/instytutpolski.pl\/stockholm\/pl\/2021\/10\/09\/6956\/","og_site_name":"Instytut Polski w Sztokholmie","article_published_time":"2021-10-09T10:04:00+00:00","article_modified_time":"2021-10-28T14:22:42+00:00","og_image":[{"width":1120,"height":630,"url":"https:\/\/instytutpolski.pl\/stockholm\/wp-content\/uploads\/sites\/17\/2021\/10\/rozewicz_baner.jpg","type":"image\/jpeg"}],"author":"strozniake","twitter_card":"summary_large_image","twitter_misc":{"Napisane przez":"strozniake","Szacowany czas czytania":"1 minuta"},"schema":{"@context":"https:\/\/schema.org","@graph":[{"@type":"event","@id":"https:\/\/instytutpolski.pl\/stockholm\/pl\/2021\/10\/09\/6956\/","url":"https:\/\/instytutpolski.pl\/stockholm\/pl\/2021\/10\/09\/6956\/","name":"Wyk\u0142ad otwarty: Tadeusz R\u00f3\u017cewicz (1921-2014): Poeta i chaos \u015bwiata","isPartOf":{"@id":"https:\/\/instytutpolski.pl\/stockholm\/#website"},"primaryImageOfPage":{"@id":"https:\/\/instytutpolski.pl\/stockholm\/pl\/2021\/10\/09\/6956\/#primaryimage"},"image":["https:\/\/instytutpolski.pl\/stockholm\/wp-content\/uploads\/sites\/17\/2021\/10\/rozewicz_baner.jpg","https:\/\/instytutpolski.pl\/stockholm\/wp-content\/uploads\/sites\/17\/2021\/10\/rozewicz_baner-300x169.jpg","https:\/\/instytutpolski.pl\/stockholm\/wp-content\/uploads\/sites\/17\/2021\/10\/rozewicz_baner-1024x576.jpg","https:\/\/instytutpolski.pl\/stockholm\/wp-content\/uploads\/sites\/17\/2021\/10\/rozewicz_baner.jpg"],"thumbnailUrl":"https:\/\/instytutpolski.pl\/stockholm\/wp-content\/uploads\/sites\/17\/2021\/10\/rozewicz_baner.jpg","datePublished":"2021-10-09T10:04:00+02:00","dateModified":"2021-10-28T14:22:42+02:00","author":{"@id":"https:\/\/instytutpolski.pl\/stockholm\/#\/schema\/person\/062b5a5f61f32b17c98996975db8d556"},"breadcrumb":{"@id":"https:\/\/instytutpolski.pl\/stockholm\/pl\/2021\/10\/09\/6956\/#breadcrumb"},"inLanguage":"pl-PL","potentialAction":[{"@type":"ReadAction","target":["https:\/\/instytutpolski.pl\/stockholm\/pl\/2021\/10\/09\/6956\/"]}],"@context":"https:\/\/schema.org","startDate":"2021-10-14T12:00:00+02:00","endDate":"2021-10-14T01:00:00+02:00","eventStatus":"EventScheduled","eventAttendanceMode":"OnlineEventAttendanceMode","location":{"@type":"VirtualLocation","url":""},"description":"Wydzia\u0142 Slawistyki Uniwersytetu Sztokholmskiego we wsp\u00f3\u0142pracy z Instytutem Polskim w Sztokholmie zaprasza na wyk\u0142ad otwarty \u201eTadeusz R\u00f3\u017cewicz (1921-2014): Poeta i chaos \u015bwiata\u201d, kt\u00f3ry b\u0119dzie prowadzony online przez profesor Mari\u0119 Zadenck\u0105, j\u0119zyko- oraz literaturoznawc\u0119 z Uniwersytetu Sztokholmskiego.\nPodczas wyk\u0142adu zostan\u0105 przybli\u017cone najwa\u017cniejsze cechy tw\u00f3rczo\u015bci R\u00f3\u017cewicza, w tym elementy groteski i teatralno\u015bci w jego poezji. W ramach tej analizy g\u0142\u00f3wn\u0105 inspiracj\u0105 b\u0119d\u0105 teksty: \u201e\u015amier\u0107 w starych dekoracjach\u201d oraz  \u201eKto jest poet\u0105\u201d. Serdecznie zapraszamy!\nJ\u0119zyk wyk\u0142adu: szwedzki\nLink do Zoom b\u0119dzie opublikowany 30 minut przed startem na oficjalnej stronie Wydzia\u0142u Slawistyki.\nWi\u0119cej informacji o Tadeuszu R\u00f3\u017cewiczu tutaj.\nWyk\u0142ad jest organizowany przez Polonistyk\u0119 na Wydziale Slawistyki Uniwersytetu Sztokholmskiego we wsp\u00f3\u0142pracy z Instytutem Polskim w Sztokholmie.\nZdj\u0119cie: Marcin Biodrowski via Foter.com"},{"@type":"ImageObject","inLanguage":"pl-PL","@id":"https:\/\/instytutpolski.pl\/stockholm\/pl\/2021\/10\/09\/6956\/#primaryimage","url":"https:\/\/instytutpolski.pl\/stockholm\/wp-content\/uploads\/sites\/17\/2021\/10\/rozewicz_baner.jpg","contentUrl":"https:\/\/instytutpolski.pl\/stockholm\/wp-content\/uploads\/sites\/17\/2021\/10\/rozewicz_baner.jpg","width":1120,"height":630},{"@type":"BreadcrumbList","@id":"https:\/\/instytutpolski.pl\/stockholm\/pl\/2021\/10\/09\/6956\/#breadcrumb","itemListElement":[{"@type":"ListItem","position":1,"name":"Home","item":"https:\/\/instytutpolski.pl\/stockholm\/"},{"@type":"ListItem","position":2,"name":"Wyk\u0142ad otwarty: Tadeusz R\u00f3\u017cewicz (1921-2014): Poeta i chaos \u015bwiata"}]},{"@type":"WebSite","@id":"https:\/\/instytutpolski.pl\/stockholm\/#website","url":"https:\/\/instytutpolski.pl\/stockholm\/","name":"Instytut Polski w Sztokholmie","description":"Instytuty Polskie","potentialAction":[{"@type":"SearchAction","target":{"@type":"EntryPoint","urlTemplate":"https:\/\/instytutpolski.pl\/stockholm\/?s={search_term_string}"},"query-input":{"@type":"PropertyValueSpecification","valueRequired":true,"valueName":"search_term_string"}}],"inLanguage":"pl-PL"},{"@type":"Person","@id":"https:\/\/instytutpolski.pl\/stockholm\/#\/schema\/person\/062b5a5f61f32b17c98996975db8d556","name":"strozniake","image":{"@type":"ImageObject","inLanguage":"pl-PL","@id":"https:\/\/instytutpolski.pl\/stockholm\/#\/schema\/person\/image\/","url":"https:\/\/secure.gravatar.com\/avatar\/25e0be9897787f9035155a882fde97cc?s=96&d=mm&r=g","contentUrl":"https:\/\/secure.gravatar.com\/avatar\/25e0be9897787f9035155a882fde97cc?s=96&d=mm&r=g","caption":"strozniake"},"sameAs":["http:\/\/strozniake"],"url":"https:\/\/instytutpolski.pl\/stockholm\/author\/strozniake\/"}]}},"_links":{"self":[{"href":"https:\/\/instytutpolski.pl\/stockholm\/wp-json\/wp\/v2\/posts\/6956","targetHints":{"allow":["GET"]}}],"collection":[{"href":"https:\/\/instytutpolski.pl\/stockholm\/wp-json\/wp\/v2\/posts"}],"about":[{"href":"https:\/\/instytutpolski.pl\/stockholm\/wp-json\/wp\/v2\/types\/post"}],"author":[{"embeddable":true,"href":"https:\/\/instytutpolski.pl\/stockholm\/wp-json\/wp\/v2\/users\/29"}],"replies":[{"embeddable":true,"href":"https:\/\/instytutpolski.pl\/stockholm\/wp-json\/wp\/v2\/comments?post=6956"}],"version-history":[{"count":3,"href":"https:\/\/instytutpolski.pl\/stockholm\/wp-json\/wp\/v2\/posts\/6956\/revisions"}],"predecessor-version":[{"id":6960,"href":"https:\/\/instytutpolski.pl\/stockholm\/wp-json\/wp\/v2\/posts\/6956\/revisions\/6960"}],"wp:featuredmedia":[{"embeddable":true,"href":"https:\/\/instytutpolski.pl\/stockholm\/wp-json\/wp\/v2\/media\/6807"}],"wp:attachment":[{"href":"https:\/\/instytutpolski.pl\/stockholm\/wp-json\/wp\/v2\/media?parent=6956"}],"wp:term":[{"taxonomy":"category","embeddable":true,"href":"https:\/\/instytutpolski.pl\/stockholm\/wp-json\/wp\/v2\/categories?post=6956"},{"taxonomy":"post_tag","embeddable":true,"href":"https:\/\/instytutpolski.pl\/stockholm\/wp-json\/wp\/v2\/tags?post=6956"}],"curies":[{"name":"wp","href":"https:\/\/api.w.org\/{rel}","templated":true}]}}