{"id":7063,"date":"2021-10-27T15:54:50","date_gmt":"2021-10-27T13:54:50","guid":{"rendered":"https:\/\/instytutpolski.pl\/stockholm\/?p=7063"},"modified":"2021-11-12T10:52:09","modified_gmt":"2021-11-12T09:52:09","slug":"nostalgiczna-podroz-do-polski-muzyczno-poetycki-wieczor-w-malmo","status":"publish","type":"post","link":"https:\/\/instytutpolski.pl\/stockholm\/pl\/2021\/10\/27\/nostalgiczna-podroz-do-polski-muzyczno-poetycki-wieczor-w-malmo\/","title":{"rendered":"Nostalgiczna podr\u00f3\u017c do Polski. Muzyczno-poetycki program w Malm\u00f6."},"content":{"rendered":"\n<p>Program wydarzenia sk\u0142ada si\u0119 z tekst\u00f3w tegorocznych patron\u00f3w honorowych oraz \u201eSonet\u00f3w krymskich\u201d Adama Mickiewicza (1798-1855) do muzyki Stanis\u0142awa Moniuszki (1819-1872), utwor\u00f3w fortepianowych Fryderyka Chopina (1810-1849), Zygmunta Noskowskiego (1846-1909), Juliusza Zar\u0119bskiego (1854-1885), Ignacego Jana Paderewskiego (1860-1941) i Karola Szymanowskiego (1882-1937). Program obejmuje r\u00f3wnie\u017c wiersze poet\u00f3w powstania warszawskiego (Krzysztof Kamil Baczy\u0144ski, Tadeusz Gajcy i Edward Eugeniusz Chudzy\u0144ski) skomponowane do muzyki Wojciecha Glucha (1948- ) w wykonaniu Tomasza Siegrista (\u015bpiew) i Marcina Dominika Glucha (fortepian)! Podczas wydarzenia zostan\u0105&nbsp;premierowo odczytane fragmenty s\u0142ynnego wiersza C. K. Norwida &#8222;Fortepian Szopena&#8221; w szwedzkim przek\u0142adzie Jana Henrika Swahna. Serdecznie zapraszamy!<\/p>\n\n\n\n<p>Wesleykyrkan<br>Linn\u00e9gatan 27, Malm\u00f6<br>Wst\u0119p wolny!<\/p>\n\n\n\n<p><br><strong>Na scenie: <\/strong><\/p>\n\n\n\n<p>El\u017cbieta Szwejkowska-Olsson (recytacja) Nathalie Czarnecki (recytacja), Tomasz Siegrist (\u015bpiew) i Marcin Dominik Gluch (fortepian). <\/p>\n\n\n\n<p><strong>Organizatorzy:<\/strong> <\/p>\n\n\n\n<p>Instytut Polski w Sztokholmie, Polka International &#8211; Polish Women&#8217;s Association International, Towarzystwo Muzyczne im. Stanis\u0142awa Moniuszki w Szwecji we wsp\u00f3\u0142pracy z Wesleykyrkan w Malm\u00f6 i przy wsparciu Konsulatu RP w Sztokholmie.<\/p>\n\n\n\n<div class=\"wp-block-image\"><figure class=\"aligncenter size-large is-resized\"><img loading=\"lazy\" decoding=\"async\" src=\"https:\/\/instytutpolski.pl\/stockholm\/wp-content\/uploads\/sites\/17\/2021\/10\/MALMO-plakat_blue-003-OK-724x1024.jpg\" alt=\"\" class=\"wp-image-6927\" width=\"543\" height=\"768\" srcset=\"https:\/\/instytutpolski.pl\/stockholm\/wp-content\/uploads\/sites\/17\/2021\/10\/MALMO-plakat_blue-003-OK-724x1024.jpg 724w, https:\/\/instytutpolski.pl\/stockholm\/wp-content\/uploads\/sites\/17\/2021\/10\/MALMO-plakat_blue-003-OK-212x300.jpg 212w, https:\/\/instytutpolski.pl\/stockholm\/wp-content\/uploads\/sites\/17\/2021\/10\/MALMO-plakat_blue-003-OK-768x1086.jpg 768w, https:\/\/instytutpolski.pl\/stockholm\/wp-content\/uploads\/sites\/17\/2021\/10\/MALMO-plakat_blue-003-OK-1086x1536.jpg 1086w, https:\/\/instytutpolski.pl\/stockholm\/wp-content\/uploads\/sites\/17\/2021\/10\/MALMO-plakat_blue-003-OK-1448x2048.jpg 1448w, https:\/\/instytutpolski.pl\/stockholm\/wp-content\/uploads\/sites\/17\/2021\/10\/MALMO-plakat_blue-003-OK.jpg 1587w\" sizes=\"auto, (max-width: 543px) 100vw, 543px\" \/><\/figure><\/div>\n","protected":false},"excerpt":{"rendered":"<p>Program wydarzenia sk\u0142ada si\u0119 z tekst\u00f3w tegorocznych patron\u00f3w honorowych oraz \u201eSonet\u00f3w krymskich\u201d Adama Mickiewicza (1798-1855) do muzyki Stanis\u0142awa Moniuszki (1819-1872), utwor\u00f3w fortepianowych Fryderyka Chopina (1810-1849), Zygmunta Noskowskiego (1846-1909), Juliusza Zar\u0119bskiego (1854-1885), Ignacego Jana Paderewskiego (1860-1941) i Karola Szymanowskiego (1882-1937). Program obejmuje r\u00f3wnie\u017c wiersze poet\u00f3w powstania warszawskiego (Krzysztof Kamil Baczy\u0144ski, Tadeusz Gajcy i Edward Eugeniusz Chudzy\u0144ski) [&hellip;]<\/p>\n","protected":false},"author":29,"featured_media":6928,"comment_status":"closed","ping_status":"closed","sticky":false,"template":"","format":"standard","meta":{"inline_featured_image":false,"_monsterinsights_skip_tracking":false,"_monsterinsights_sitenote_active":false,"_monsterinsights_sitenote_note":"","_monsterinsights_sitenote_category":0,"footnotes":""},"categories":[87,89,36],"tags":[],"class_list":["post-7063","post","type-post","status-publish","format-standard","has-post-thumbnail","hentry","category-literatura","category-muzyka","category-wydarzenie"],"yoast_head":"<!-- This site is optimized with the Yoast SEO plugin v24.6 - https:\/\/yoast.com\/wordpress\/plugins\/seo\/ -->\n<title>Nostalgiczna podr\u00f3\u017c do Polski. Muzyczno-poetycki program w Malm\u00f6. - Instytut Polski w Sztokholmie<\/title>\n<meta name=\"robots\" content=\"index, follow, max-snippet:-1, max-image-preview:large, max-video-preview:-1\" \/>\n<link rel=\"canonical\" href=\"https:\/\/instytutpolski.pl\/stockholm\/pl\/2021\/10\/27\/nostalgiczna-podroz-do-polski-muzyczno-poetycki-wieczor-w-malmo\/\" \/>\n<meta property=\"og:locale\" content=\"pl_PL\" \/>\n<meta property=\"og:type\" content=\"article\" \/>\n<meta property=\"og:title\" content=\"Nostalgiczna podr\u00f3\u017c do Polski. Muzyczno-poetycki program w Malm\u00f6. - Instytut Polski w Sztokholmie\" \/>\n<meta property=\"og:description\" content=\"Program wydarzenia sk\u0142ada si\u0119 z tekst\u00f3w tegorocznych patron\u00f3w honorowych oraz \u201eSonet\u00f3w krymskich\u201d Adama Mickiewicza (1798-1855) do muzyki Stanis\u0142awa Moniuszki (1819-1872), utwor\u00f3w fortepianowych Fryderyka Chopina (1810-1849), Zygmunta Noskowskiego (1846-1909), Juliusza Zar\u0119bskiego (1854-1885), Ignacego Jana Paderewskiego (1860-1941) i Karola Szymanowskiego (1882-1937). Program obejmuje r\u00f3wnie\u017c wiersze poet\u00f3w powstania warszawskiego (Krzysztof Kamil Baczy\u0144ski, Tadeusz Gajcy i Edward Eugeniusz Chudzy\u0144ski) [&hellip;]\" \/>\n<meta property=\"og:url\" content=\"https:\/\/instytutpolski.pl\/stockholm\/pl\/2021\/10\/27\/nostalgiczna-podroz-do-polski-muzyczno-poetycki-wieczor-w-malmo\/\" \/>\n<meta property=\"og:site_name\" content=\"Instytut Polski w Sztokholmie\" \/>\n<meta property=\"article:published_time\" content=\"2021-10-27T13:54:50+00:00\" \/>\n<meta property=\"article:modified_time\" content=\"2021-11-12T09:52:09+00:00\" \/>\n<meta property=\"og:image\" content=\"https:\/\/instytutpolski.pl\/stockholm\/wp-content\/uploads\/sites\/17\/2021\/10\/baner-na-www.jpg\" \/>\n\t<meta property=\"og:image:width\" content=\"1120\" \/>\n\t<meta property=\"og:image:height\" content=\"630\" \/>\n\t<meta property=\"og:image:type\" content=\"image\/jpeg\" \/>\n<meta name=\"author\" content=\"strozniake\" \/>\n<meta name=\"twitter:card\" content=\"summary_large_image\" \/>\n<meta name=\"twitter:label1\" content=\"Napisane przez\" \/>\n\t<meta name=\"twitter:data1\" content=\"strozniake\" \/>\n\t<meta name=\"twitter:label2\" content=\"Szacowany czas czytania\" \/>\n\t<meta name=\"twitter:data2\" content=\"1 minuta\" \/>\n<script type=\"application\/ld+json\" class=\"yoast-schema-graph\">{\"@context\":\"https:\/\/schema.org\",\"@graph\":[{\"@type\":\"event\",\"@id\":\"https:\/\/instytutpolski.pl\/stockholm\/pl\/2021\/10\/27\/nostalgiczna-podroz-do-polski-muzyczno-poetycki-wieczor-w-malmo\/\",\"url\":\"https:\/\/instytutpolski.pl\/stockholm\/pl\/2021\/10\/27\/nostalgiczna-podroz-do-polski-muzyczno-poetycki-wieczor-w-malmo\/\",\"name\":\"Nostalgiczna podr\u00f3\u017c do Polski. Muzyczno-poetycki program w Malm\u00f6.\",\"isPartOf\":{\"@id\":\"https:\/\/instytutpolski.pl\/stockholm\/#website\"},\"primaryImageOfPage\":{\"@id\":\"https:\/\/instytutpolski.pl\/stockholm\/pl\/2021\/10\/27\/nostalgiczna-podroz-do-polski-muzyczno-poetycki-wieczor-w-malmo\/#primaryimage\"},\"image\":[\"https:\/\/instytutpolski.pl\/stockholm\/wp-content\/uploads\/sites\/17\/2021\/10\/baner-na-www.jpg\",\"https:\/\/instytutpolski.pl\/stockholm\/wp-content\/uploads\/sites\/17\/2021\/10\/baner-na-www-300x169.jpg\",\"https:\/\/instytutpolski.pl\/stockholm\/wp-content\/uploads\/sites\/17\/2021\/10\/baner-na-www-1024x576.jpg\",\"https:\/\/instytutpolski.pl\/stockholm\/wp-content\/uploads\/sites\/17\/2021\/10\/baner-na-www.jpg\"],\"thumbnailUrl\":\"https:\/\/instytutpolski.pl\/stockholm\/wp-content\/uploads\/sites\/17\/2021\/10\/baner-na-www.jpg\",\"datePublished\":\"2021-10-27T13:54:50+02:00\",\"dateModified\":\"2021-11-12T09:52:09+02:00\",\"author\":{\"@id\":\"https:\/\/instytutpolski.pl\/stockholm\/#\/schema\/person\/062b5a5f61f32b17c98996975db8d556\"},\"breadcrumb\":{\"@id\":\"https:\/\/instytutpolski.pl\/stockholm\/pl\/2021\/10\/27\/nostalgiczna-podroz-do-polski-muzyczno-poetycki-wieczor-w-malmo\/#breadcrumb\"},\"inLanguage\":\"pl-PL\",\"potentialAction\":[{\"@type\":\"ReadAction\",\"target\":[\"https:\/\/instytutpolski.pl\/stockholm\/pl\/2021\/10\/27\/nostalgiczna-podroz-do-polski-muzyczno-poetycki-wieczor-w-malmo\/\"]}],\"@context\":\"https:\/\/schema.org\",\"startDate\":\"2021-11-14T03:00:00+02:00\",\"endDate\":\"2021-11-14T05:00:00+02:00\",\"eventStatus\":\"EventScheduled\",\"eventAttendanceMode\":\"OfflineEventAttendanceMode\",\"location\":{\"@type\":\"place\",\"name\":\"Wesleykyrkan, Linn\u00e9gatan 27, Malm\u00f6\",\"address\":\"Wesleykyrkan, Linn\u00e9gatan 27, Malm\u00f6\",\"geo\":{\"@type\":\"GeoCoordinates\",\"latitude\":\"60.396637595144455\",\"longitude\":\"13.110376058214882\"}},\"description\":\"Program wydarzenia sk\u0142ada si\u0119 z tekst\u00f3w tegorocznych patron\u00f3w honorowych oraz \u201eSonet\u00f3w krymskich\u201d Adama Mickiewicza (1798-1855) do muzyki Stanis\u0142awa Moniuszki (1819-1872), utwor\u00f3w fortepianowych Fryderyka Chopina (1810-1849), Zygmunta Noskowskiego (1846-1909), Juliusza Zar\u0119bskiego (1854-1885), Ignacego Jana Paderewskiego (1860-1941) i Karola Szymanowskiego (1882-1937). Program obejmuje r\u00f3wnie\u017c wiersze poet\u00f3w powstania warszawskiego (Krzysztof Kamil Baczy\u0144ski, Tadeusz Gajcy i Edward Eugeniusz Chudzy\u0144ski) skomponowane do muzyki Wojciecha Glucha (1948- ) w wykonaniu Tomasza Siegrista (\u015bpiew) i Marcina Dominika Glucha (fortepian)! Podczas wydarzenia zostan\u0105 premierowo odczytane fragmenty s\u0142ynnego wiersza C. K. Norwida \\\"Fortepian Szopena\\\" w szwedzkim przek\u0142adzie Jana Henrika Swahna. Serdecznie zapraszamy!\\nWesleykyrkanLinn\u00e9gatan 27, Malm\u00f6Wst\u0119p wolny!\\nNa scenie: \\nEl\u017cbieta Szwejkowska-Olsson (recytacja) Nathalie Czarnecki (recytacja), Tomasz Siegrist (\u015bpiew) i Marcin Dominik Gluch (fortepian). \\nOrganizatorzy: \\nInstytut Polski w Sztokholmie, Polka International - Polish Women's Association International, Towarzystwo Muzyczne im. Stanis\u0142awa Moniuszki w Szwecji we wsp\u00f3\u0142pracy z Wesleykyrkan w Malm\u00f6 i przy wsparciu Konsulatu RP w Sztokholmie.\"},{\"@type\":\"ImageObject\",\"inLanguage\":\"pl-PL\",\"@id\":\"https:\/\/instytutpolski.pl\/stockholm\/pl\/2021\/10\/27\/nostalgiczna-podroz-do-polski-muzyczno-poetycki-wieczor-w-malmo\/#primaryimage\",\"url\":\"https:\/\/instytutpolski.pl\/stockholm\/wp-content\/uploads\/sites\/17\/2021\/10\/baner-na-www.jpg\",\"contentUrl\":\"https:\/\/instytutpolski.pl\/stockholm\/wp-content\/uploads\/sites\/17\/2021\/10\/baner-na-www.jpg\",\"width\":1120,\"height\":630},{\"@type\":\"BreadcrumbList\",\"@id\":\"https:\/\/instytutpolski.pl\/stockholm\/pl\/2021\/10\/27\/nostalgiczna-podroz-do-polski-muzyczno-poetycki-wieczor-w-malmo\/#breadcrumb\",\"itemListElement\":[{\"@type\":\"ListItem\",\"position\":1,\"name\":\"Home\",\"item\":\"https:\/\/instytutpolski.pl\/stockholm\/\"},{\"@type\":\"ListItem\",\"position\":2,\"name\":\"Nostalgiczna podr\u00f3\u017c do Polski. Muzyczno-poetycki program w Malm\u00f6.\"}]},{\"@type\":\"WebSite\",\"@id\":\"https:\/\/instytutpolski.pl\/stockholm\/#website\",\"url\":\"https:\/\/instytutpolski.pl\/stockholm\/\",\"name\":\"Instytut Polski w Sztokholmie\",\"description\":\"Instytuty Polskie\",\"potentialAction\":[{\"@type\":\"SearchAction\",\"target\":{\"@type\":\"EntryPoint\",\"urlTemplate\":\"https:\/\/instytutpolski.pl\/stockholm\/?s={search_term_string}\"},\"query-input\":{\"@type\":\"PropertyValueSpecification\",\"valueRequired\":true,\"valueName\":\"search_term_string\"}}],\"inLanguage\":\"pl-PL\"},{\"@type\":\"Person\",\"@id\":\"https:\/\/instytutpolski.pl\/stockholm\/#\/schema\/person\/062b5a5f61f32b17c98996975db8d556\",\"name\":\"strozniake\",\"image\":{\"@type\":\"ImageObject\",\"inLanguage\":\"pl-PL\",\"@id\":\"https:\/\/instytutpolski.pl\/stockholm\/#\/schema\/person\/image\/\",\"url\":\"https:\/\/secure.gravatar.com\/avatar\/25e0be9897787f9035155a882fde97cc?s=96&d=mm&r=g\",\"contentUrl\":\"https:\/\/secure.gravatar.com\/avatar\/25e0be9897787f9035155a882fde97cc?s=96&d=mm&r=g\",\"caption\":\"strozniake\"},\"sameAs\":[\"http:\/\/strozniake\"],\"url\":\"https:\/\/instytutpolski.pl\/stockholm\/author\/strozniake\/\"}]}<\/script>\n<!-- \/ Yoast SEO plugin. -->","yoast_head_json":{"title":"Nostalgiczna podr\u00f3\u017c do Polski. Muzyczno-poetycki program w Malm\u00f6. - Instytut Polski w Sztokholmie","robots":{"index":"index","follow":"follow","max-snippet":"max-snippet:-1","max-image-preview":"max-image-preview:large","max-video-preview":"max-video-preview:-1"},"canonical":"https:\/\/instytutpolski.pl\/stockholm\/pl\/2021\/10\/27\/nostalgiczna-podroz-do-polski-muzyczno-poetycki-wieczor-w-malmo\/","og_locale":"pl_PL","og_type":"article","og_title":"Nostalgiczna podr\u00f3\u017c do Polski. Muzyczno-poetycki program w Malm\u00f6. - Instytut Polski w Sztokholmie","og_description":"Program wydarzenia sk\u0142ada si\u0119 z tekst\u00f3w tegorocznych patron\u00f3w honorowych oraz \u201eSonet\u00f3w krymskich\u201d Adama Mickiewicza (1798-1855) do muzyki Stanis\u0142awa Moniuszki (1819-1872), utwor\u00f3w fortepianowych Fryderyka Chopina (1810-1849), Zygmunta Noskowskiego (1846-1909), Juliusza Zar\u0119bskiego (1854-1885), Ignacego Jana Paderewskiego (1860-1941) i Karola Szymanowskiego (1882-1937). Program obejmuje r\u00f3wnie\u017c wiersze poet\u00f3w powstania warszawskiego (Krzysztof Kamil Baczy\u0144ski, Tadeusz Gajcy i Edward Eugeniusz Chudzy\u0144ski) [&hellip;]","og_url":"https:\/\/instytutpolski.pl\/stockholm\/pl\/2021\/10\/27\/nostalgiczna-podroz-do-polski-muzyczno-poetycki-wieczor-w-malmo\/","og_site_name":"Instytut Polski w Sztokholmie","article_published_time":"2021-10-27T13:54:50+00:00","article_modified_time":"2021-11-12T09:52:09+00:00","og_image":[{"width":1120,"height":630,"url":"https:\/\/instytutpolski.pl\/stockholm\/wp-content\/uploads\/sites\/17\/2021\/10\/baner-na-www.jpg","type":"image\/jpeg"}],"author":"strozniake","twitter_card":"summary_large_image","twitter_misc":{"Napisane przez":"strozniake","Szacowany czas czytania":"1 minuta"},"schema":{"@context":"https:\/\/schema.org","@graph":[{"@type":"event","@id":"https:\/\/instytutpolski.pl\/stockholm\/pl\/2021\/10\/27\/nostalgiczna-podroz-do-polski-muzyczno-poetycki-wieczor-w-malmo\/","url":"https:\/\/instytutpolski.pl\/stockholm\/pl\/2021\/10\/27\/nostalgiczna-podroz-do-polski-muzyczno-poetycki-wieczor-w-malmo\/","name":"Nostalgiczna podr\u00f3\u017c do Polski. Muzyczno-poetycki program w Malm\u00f6.","isPartOf":{"@id":"https:\/\/instytutpolski.pl\/stockholm\/#website"},"primaryImageOfPage":{"@id":"https:\/\/instytutpolski.pl\/stockholm\/pl\/2021\/10\/27\/nostalgiczna-podroz-do-polski-muzyczno-poetycki-wieczor-w-malmo\/#primaryimage"},"image":["https:\/\/instytutpolski.pl\/stockholm\/wp-content\/uploads\/sites\/17\/2021\/10\/baner-na-www.jpg","https:\/\/instytutpolski.pl\/stockholm\/wp-content\/uploads\/sites\/17\/2021\/10\/baner-na-www-300x169.jpg","https:\/\/instytutpolski.pl\/stockholm\/wp-content\/uploads\/sites\/17\/2021\/10\/baner-na-www-1024x576.jpg","https:\/\/instytutpolski.pl\/stockholm\/wp-content\/uploads\/sites\/17\/2021\/10\/baner-na-www.jpg"],"thumbnailUrl":"https:\/\/instytutpolski.pl\/stockholm\/wp-content\/uploads\/sites\/17\/2021\/10\/baner-na-www.jpg","datePublished":"2021-10-27T13:54:50+02:00","dateModified":"2021-11-12T09:52:09+02:00","author":{"@id":"https:\/\/instytutpolski.pl\/stockholm\/#\/schema\/person\/062b5a5f61f32b17c98996975db8d556"},"breadcrumb":{"@id":"https:\/\/instytutpolski.pl\/stockholm\/pl\/2021\/10\/27\/nostalgiczna-podroz-do-polski-muzyczno-poetycki-wieczor-w-malmo\/#breadcrumb"},"inLanguage":"pl-PL","potentialAction":[{"@type":"ReadAction","target":["https:\/\/instytutpolski.pl\/stockholm\/pl\/2021\/10\/27\/nostalgiczna-podroz-do-polski-muzyczno-poetycki-wieczor-w-malmo\/"]}],"@context":"https:\/\/schema.org","startDate":"2021-11-14T03:00:00+02:00","endDate":"2021-11-14T05:00:00+02:00","eventStatus":"EventScheduled","eventAttendanceMode":"OfflineEventAttendanceMode","location":{"@type":"place","name":"Wesleykyrkan, Linn\u00e9gatan 27, Malm\u00f6","address":"Wesleykyrkan, Linn\u00e9gatan 27, Malm\u00f6","geo":{"@type":"GeoCoordinates","latitude":"60.396637595144455","longitude":"13.110376058214882"}},"description":"Program wydarzenia sk\u0142ada si\u0119 z tekst\u00f3w tegorocznych patron\u00f3w honorowych oraz \u201eSonet\u00f3w krymskich\u201d Adama Mickiewicza (1798-1855) do muzyki Stanis\u0142awa Moniuszki (1819-1872), utwor\u00f3w fortepianowych Fryderyka Chopina (1810-1849), Zygmunta Noskowskiego (1846-1909), Juliusza Zar\u0119bskiego (1854-1885), Ignacego Jana Paderewskiego (1860-1941) i Karola Szymanowskiego (1882-1937). Program obejmuje r\u00f3wnie\u017c wiersze poet\u00f3w powstania warszawskiego (Krzysztof Kamil Baczy\u0144ski, Tadeusz Gajcy i Edward Eugeniusz Chudzy\u0144ski) skomponowane do muzyki Wojciecha Glucha (1948- ) w wykonaniu Tomasza Siegrista (\u015bpiew) i Marcina Dominika Glucha (fortepian)! Podczas wydarzenia zostan\u0105 premierowo odczytane fragmenty s\u0142ynnego wiersza C. K. Norwida \"Fortepian Szopena\" w szwedzkim przek\u0142adzie Jana Henrika Swahna. Serdecznie zapraszamy!\nWesleykyrkanLinn\u00e9gatan 27, Malm\u00f6Wst\u0119p wolny!\nNa scenie: \nEl\u017cbieta Szwejkowska-Olsson (recytacja) Nathalie Czarnecki (recytacja), Tomasz Siegrist (\u015bpiew) i Marcin Dominik Gluch (fortepian). \nOrganizatorzy: \nInstytut Polski w Sztokholmie, Polka International - Polish Women's Association International, Towarzystwo Muzyczne im. Stanis\u0142awa Moniuszki w Szwecji we wsp\u00f3\u0142pracy z Wesleykyrkan w Malm\u00f6 i przy wsparciu Konsulatu RP w Sztokholmie."},{"@type":"ImageObject","inLanguage":"pl-PL","@id":"https:\/\/instytutpolski.pl\/stockholm\/pl\/2021\/10\/27\/nostalgiczna-podroz-do-polski-muzyczno-poetycki-wieczor-w-malmo\/#primaryimage","url":"https:\/\/instytutpolski.pl\/stockholm\/wp-content\/uploads\/sites\/17\/2021\/10\/baner-na-www.jpg","contentUrl":"https:\/\/instytutpolski.pl\/stockholm\/wp-content\/uploads\/sites\/17\/2021\/10\/baner-na-www.jpg","width":1120,"height":630},{"@type":"BreadcrumbList","@id":"https:\/\/instytutpolski.pl\/stockholm\/pl\/2021\/10\/27\/nostalgiczna-podroz-do-polski-muzyczno-poetycki-wieczor-w-malmo\/#breadcrumb","itemListElement":[{"@type":"ListItem","position":1,"name":"Home","item":"https:\/\/instytutpolski.pl\/stockholm\/"},{"@type":"ListItem","position":2,"name":"Nostalgiczna podr\u00f3\u017c do Polski. Muzyczno-poetycki program w Malm\u00f6."}]},{"@type":"WebSite","@id":"https:\/\/instytutpolski.pl\/stockholm\/#website","url":"https:\/\/instytutpolski.pl\/stockholm\/","name":"Instytut Polski w Sztokholmie","description":"Instytuty Polskie","potentialAction":[{"@type":"SearchAction","target":{"@type":"EntryPoint","urlTemplate":"https:\/\/instytutpolski.pl\/stockholm\/?s={search_term_string}"},"query-input":{"@type":"PropertyValueSpecification","valueRequired":true,"valueName":"search_term_string"}}],"inLanguage":"pl-PL"},{"@type":"Person","@id":"https:\/\/instytutpolski.pl\/stockholm\/#\/schema\/person\/062b5a5f61f32b17c98996975db8d556","name":"strozniake","image":{"@type":"ImageObject","inLanguage":"pl-PL","@id":"https:\/\/instytutpolski.pl\/stockholm\/#\/schema\/person\/image\/","url":"https:\/\/secure.gravatar.com\/avatar\/25e0be9897787f9035155a882fde97cc?s=96&d=mm&r=g","contentUrl":"https:\/\/secure.gravatar.com\/avatar\/25e0be9897787f9035155a882fde97cc?s=96&d=mm&r=g","caption":"strozniake"},"sameAs":["http:\/\/strozniake"],"url":"https:\/\/instytutpolski.pl\/stockholm\/author\/strozniake\/"}]}},"_links":{"self":[{"href":"https:\/\/instytutpolski.pl\/stockholm\/wp-json\/wp\/v2\/posts\/7063","targetHints":{"allow":["GET"]}}],"collection":[{"href":"https:\/\/instytutpolski.pl\/stockholm\/wp-json\/wp\/v2\/posts"}],"about":[{"href":"https:\/\/instytutpolski.pl\/stockholm\/wp-json\/wp\/v2\/types\/post"}],"author":[{"embeddable":true,"href":"https:\/\/instytutpolski.pl\/stockholm\/wp-json\/wp\/v2\/users\/29"}],"replies":[{"embeddable":true,"href":"https:\/\/instytutpolski.pl\/stockholm\/wp-json\/wp\/v2\/comments?post=7063"}],"version-history":[{"count":4,"href":"https:\/\/instytutpolski.pl\/stockholm\/wp-json\/wp\/v2\/posts\/7063\/revisions"}],"predecessor-version":[{"id":7122,"href":"https:\/\/instytutpolski.pl\/stockholm\/wp-json\/wp\/v2\/posts\/7063\/revisions\/7122"}],"wp:featuredmedia":[{"embeddable":true,"href":"https:\/\/instytutpolski.pl\/stockholm\/wp-json\/wp\/v2\/media\/6928"}],"wp:attachment":[{"href":"https:\/\/instytutpolski.pl\/stockholm\/wp-json\/wp\/v2\/media?parent=7063"}],"wp:term":[{"taxonomy":"category","embeddable":true,"href":"https:\/\/instytutpolski.pl\/stockholm\/wp-json\/wp\/v2\/categories?post=7063"},{"taxonomy":"post_tag","embeddable":true,"href":"https:\/\/instytutpolski.pl\/stockholm\/wp-json\/wp\/v2\/tags?post=7063"}],"curies":[{"name":"wp","href":"https:\/\/api.w.org\/{rel}","templated":true}]}}