{"id":7334,"date":"2021-12-01T12:52:00","date_gmt":"2021-12-01T11:52:00","guid":{"rendered":"https:\/\/instytutpolski.pl\/stockholm\/?p=7334"},"modified":"2021-12-06T14:47:42","modified_gmt":"2021-12-06T13:47:42","slug":"visegrad-4-film-days-2","status":"publish","type":"post","link":"https:\/\/instytutpolski.pl\/stockholm\/pl\/2021\/12\/01\/visegrad-4-film-days-2\/","title":{"rendered":"Visegrad 4 Film Days"},"content":{"rendered":"\n<p>Na pocz\u0105tku grudnia b\u0119dziemy \u015bwi\u0119towa\u0107 30. rocznic\u0119 powstania Grupy Wyszehradzkiej, kt\u00f3ra rozpocz\u0119\u0142a now\u0105 er\u0119 europejskiej historii. Wydarzenie rozpocznie si\u0119 w\u0119gierskim filmem \u201eBad Poems\u201d Gabora Reisza, 3 grudnia o godzinie 18:00. Nast\u0119pnego dnia o 18:00 zobaczymy \u201eHavel\u201d czeskiego re\u017cysera, Slavka Horaka, po kt\u00f3rym nast\u0105pi seans s\u0142owackiego filmu \u201eIntimate enemy\u201d w re\u017cyserii Karel Janak o godzinie 20:00.<\/p>\n\n\n\n<p>Visegrad 4 Film Days zako\u0144czy si\u0119 pokazem wspania\u0142ego filmu Mariusza Wilczy\u0144skiego, \u201eZabij to i wyjed\u017a z tego miasta\u201d. Wielu z was mia\u0142o ju\u017c okazj\u0119 zobaczy\u0107 polsk\u0105 produkcj\u0119 na festiwalu filmu polskiego Kinoteka Stockholm 2021 \/ Lemoteka. Wszystkich, kt\u00f3rzy jeszcze nie zobaczyli tego filmu, lub maj\u0105 ochot\u0119 obejrze\u0107 go ponownie, serdecznie zapraszamy 5 grudnia 2021 na godzin\u0119 18:00.<\/p>\n\n\n\n<p>Niedziela, 5 grudnia 2021, godz. 18:00<br>Zita Folkets Bio (sala 1)<\/p>\n\n\n\n<div class=\"wp-block-image\"><figure class=\"aligncenter size-large is-resized\"><img loading=\"lazy\" decoding=\"async\" src=\"https:\/\/instytutpolski.pl\/stockholm\/wp-content\/uploads\/sites\/17\/2021\/11\/KillIt_POSTER-719x1024.jpg\" alt=\"\" class=\"wp-image-7198\" width=\"539\" height=\"768\" srcset=\"https:\/\/instytutpolski.pl\/stockholm\/wp-content\/uploads\/sites\/17\/2021\/11\/KillIt_POSTER-719x1024.jpg 719w, https:\/\/instytutpolski.pl\/stockholm\/wp-content\/uploads\/sites\/17\/2021\/11\/KillIt_POSTER-211x300.jpg 211w, https:\/\/instytutpolski.pl\/stockholm\/wp-content\/uploads\/sites\/17\/2021\/11\/KillIt_POSTER-768x1094.jpg 768w, https:\/\/instytutpolski.pl\/stockholm\/wp-content\/uploads\/sites\/17\/2021\/11\/KillIt_POSTER-1078x1536.jpg 1078w, https:\/\/instytutpolski.pl\/stockholm\/wp-content\/uploads\/sites\/17\/2021\/11\/KillIt_POSTER-1437x2048.jpg 1437w, https:\/\/instytutpolski.pl\/stockholm\/wp-content\/uploads\/sites\/17\/2021\/11\/KillIt_POSTER-scaled.jpg 1797w\" sizes=\"auto, (max-width: 539px) 100vw, 539px\" \/><\/figure><\/div>\n\n\n\n<p>Uciekaj\u0105c przed rozpacz\u0105 po utracie bliskich, bohater ukrywa si\u0119 w bezpiecznej krainie wspomnie\u0144, gdzie czas stoi w miejscu, a wszyscy jego bliscy \u017cyj\u0105. Powoli miasto rozwija si\u0119 w jego wyobra\u017ani. Pewnego dnia bohaterowie i idole z dzieci\u0144stwa znani z literatury i kresk\u00f3wek, kt\u00f3rzy w \u015bwiadomo\u015bci kolejnych pokole\u0144 s\u0105 wiecznie m\u0142odzi, przybywaj\u0105 nieproszeni. Kiedy nasz bohater odkrywa, \u017ce wszyscy si\u0119 zestarzeli, a wieczna m\u0142odo\u015b\u0107 nie istnieje, postanawia wr\u00f3ci\u0107 do prawdziwego \u017cycia.<\/p>\n\n\n\n<p>Re\u017cyseria: Mariusz Wilczy\u0144ski<br>Scenariusz: Mariusz Wilczy\u0144ski<br>Czas: 88 minut<br>Rok produkcji: 2020, Polska<\/p>\n\n\n\n<div class=\"wp-block-image\"><figure class=\"aligncenter size-large\"><img loading=\"lazy\" decoding=\"async\" width=\"1024\" height=\"575\" src=\"https:\/\/instytutpolski.pl\/stockholm\/wp-content\/uploads\/sites\/17\/2021\/11\/1_KILL-IT-AND-LEAVE-THIS-TOWN-1024x575.png\" alt=\"\" class=\"wp-image-7197\" srcset=\"https:\/\/instytutpolski.pl\/stockholm\/wp-content\/uploads\/sites\/17\/2021\/11\/1_KILL-IT-AND-LEAVE-THIS-TOWN-1024x575.png 1024w, https:\/\/instytutpolski.pl\/stockholm\/wp-content\/uploads\/sites\/17\/2021\/11\/1_KILL-IT-AND-LEAVE-THIS-TOWN-300x168.png 300w, https:\/\/instytutpolski.pl\/stockholm\/wp-content\/uploads\/sites\/17\/2021\/11\/1_KILL-IT-AND-LEAVE-THIS-TOWN-768x431.png 768w, https:\/\/instytutpolski.pl\/stockholm\/wp-content\/uploads\/sites\/17\/2021\/11\/1_KILL-IT-AND-LEAVE-THIS-TOWN-1536x863.png 1536w, https:\/\/instytutpolski.pl\/stockholm\/wp-content\/uploads\/sites\/17\/2021\/11\/1_KILL-IT-AND-LEAVE-THIS-TOWN-2048x1150.png 2048w, https:\/\/instytutpolski.pl\/stockholm\/wp-content\/uploads\/sites\/17\/2021\/11\/1_KILL-IT-AND-LEAVE-THIS-TOWN-1920x1080.png 1920w, https:\/\/instytutpolski.pl\/stockholm\/wp-content\/uploads\/sites\/17\/2021\/11\/1_KILL-IT-AND-LEAVE-THIS-TOWN-1120x630.png 1120w\" sizes=\"auto, (max-width: 1024px) 100vw, 1024px\" \/><\/figure><\/div>\n\n\n\n<p><br><\/p>\n\n\n\n<p>Wszystkie filmy pokazywane s\u0105 w j\u0119zyku kraju pochodzenia wraz z angielskimi napisami.<\/p>\n\n\n\n<p>Wst\u0119p wolny. Rezerwacja miejsc dost\u0119pna przez stron\u0119: <a href=\"https:\/\/zita.se\/visegrad-4\">https:\/\/zita.se\/visegrad-4<\/a><\/p>\n\n\n\n<p>Visegrad 4 Film Days organizowane s\u0105 przez Instytut Polski w Sztokholmie, Ambasad\u0119 W\u0119gier, Ambasad\u0119 S\u0142owacji, Ambasad\u0119 Polski, Czech Center oraz Ambasad\u0119 Czech w Sztokholmie.<\/p>\n","protected":false},"excerpt":{"rendered":"<p>Na pocz\u0105tku grudnia b\u0119dziemy \u015bwi\u0119towa\u0107 30. rocznic\u0119 powstania Grupy Wyszehradzkiej, kt\u00f3ra rozpocz\u0119\u0142a now\u0105 er\u0119 europejskiej historii. Wydarzenie rozpocznie si\u0119 w\u0119gierskim filmem \u201eBad Poems\u201d Gabora Reisza, 3 grudnia o godzinie 18:00. Nast\u0119pnego dnia o 18:00 zobaczymy \u201eHavel\u201d czeskiego re\u017cysera, Slavka Horaka, po kt\u00f3rym nast\u0105pi seans s\u0142owackiego filmu \u201eIntimate enemy\u201d w re\u017cyserii Karel Janak o godzinie 20:00. [&hellip;]<\/p>\n","protected":false},"author":29,"featured_media":7199,"comment_status":"closed","ping_status":"closed","sticky":false,"template":"","format":"standard","meta":{"inline_featured_image":false,"_monsterinsights_skip_tracking":false,"_monsterinsights_sitenote_active":false,"_monsterinsights_sitenote_note":"","_monsterinsights_sitenote_category":0,"footnotes":""},"categories":[85,36],"tags":[],"class_list":["post-7334","post","type-post","status-publish","format-standard","has-post-thumbnail","hentry","category-kino","category-wydarzenie"],"yoast_head":"<!-- This site is optimized with the Yoast SEO plugin v24.6 - https:\/\/yoast.com\/wordpress\/plugins\/seo\/ -->\n<title>Visegrad 4 Film Days - Instytut Polski w Sztokholmie<\/title>\n<meta name=\"robots\" content=\"index, follow, max-snippet:-1, max-image-preview:large, max-video-preview:-1\" \/>\n<link rel=\"canonical\" href=\"https:\/\/instytutpolski.pl\/stockholm\/pl\/2021\/12\/01\/visegrad-4-film-days-2\/\" \/>\n<meta property=\"og:locale\" content=\"pl_PL\" \/>\n<meta property=\"og:type\" content=\"article\" \/>\n<meta property=\"og:title\" content=\"Visegrad 4 Film Days - Instytut Polski w Sztokholmie\" \/>\n<meta property=\"og:description\" content=\"Na pocz\u0105tku grudnia b\u0119dziemy \u015bwi\u0119towa\u0107 30. rocznic\u0119 powstania Grupy Wyszehradzkiej, kt\u00f3ra rozpocz\u0119\u0142a now\u0105 er\u0119 europejskiej historii. Wydarzenie rozpocznie si\u0119 w\u0119gierskim filmem \u201eBad Poems\u201d Gabora Reisza, 3 grudnia o godzinie 18:00. Nast\u0119pnego dnia o 18:00 zobaczymy \u201eHavel\u201d czeskiego re\u017cysera, Slavka Horaka, po kt\u00f3rym nast\u0105pi seans s\u0142owackiego filmu \u201eIntimate enemy\u201d w re\u017cyserii Karel Janak o godzinie 20:00. [&hellip;]\" \/>\n<meta property=\"og:url\" content=\"https:\/\/instytutpolski.pl\/stockholm\/pl\/2021\/12\/01\/visegrad-4-film-days-2\/\" \/>\n<meta property=\"og:site_name\" content=\"Instytut Polski w Sztokholmie\" \/>\n<meta property=\"article:published_time\" content=\"2021-12-01T11:52:00+00:00\" \/>\n<meta property=\"article:modified_time\" content=\"2021-12-06T13:47:42+00:00\" \/>\n<meta property=\"og:image\" content=\"https:\/\/instytutpolski.pl\/stockholm\/wp-content\/uploads\/sites\/17\/2021\/11\/V4-Film-Days-baner.jpg\" \/>\n\t<meta property=\"og:image:width\" content=\"1120\" \/>\n\t<meta property=\"og:image:height\" content=\"630\" \/>\n\t<meta property=\"og:image:type\" content=\"image\/jpeg\" \/>\n<meta name=\"author\" content=\"strozniake\" \/>\n<meta name=\"twitter:card\" content=\"summary_large_image\" \/>\n<meta name=\"twitter:label1\" content=\"Napisane przez\" \/>\n\t<meta name=\"twitter:data1\" content=\"strozniake\" \/>\n\t<meta name=\"twitter:label2\" content=\"Szacowany czas czytania\" \/>\n\t<meta name=\"twitter:data2\" content=\"2 minuty\" \/>\n<script type=\"application\/ld+json\" class=\"yoast-schema-graph\">{\"@context\":\"https:\/\/schema.org\",\"@graph\":[{\"@type\":\"event\",\"@id\":\"https:\/\/instytutpolski.pl\/stockholm\/pl\/2021\/12\/01\/visegrad-4-film-days-2\/\",\"url\":\"https:\/\/instytutpolski.pl\/stockholm\/pl\/2021\/12\/01\/visegrad-4-film-days-2\/\",\"name\":\"Visegrad 4 Film Days\",\"isPartOf\":{\"@id\":\"https:\/\/instytutpolski.pl\/stockholm\/#website\"},\"primaryImageOfPage\":{\"@id\":\"https:\/\/instytutpolski.pl\/stockholm\/pl\/2021\/12\/01\/visegrad-4-film-days-2\/#primaryimage\"},\"image\":[\"https:\/\/instytutpolski.pl\/stockholm\/wp-content\/uploads\/sites\/17\/2021\/11\/V4-Film-Days-baner.jpg\",\"https:\/\/instytutpolski.pl\/stockholm\/wp-content\/uploads\/sites\/17\/2021\/11\/V4-Film-Days-baner-300x169.jpg\",\"https:\/\/instytutpolski.pl\/stockholm\/wp-content\/uploads\/sites\/17\/2021\/11\/V4-Film-Days-baner-1024x576.jpg\",\"https:\/\/instytutpolski.pl\/stockholm\/wp-content\/uploads\/sites\/17\/2021\/11\/V4-Film-Days-baner.jpg\"],\"thumbnailUrl\":\"https:\/\/instytutpolski.pl\/stockholm\/wp-content\/uploads\/sites\/17\/2021\/11\/V4-Film-Days-baner.jpg\",\"datePublished\":\"2021-12-01T11:52:00+02:00\",\"dateModified\":\"2021-12-06T13:47:42+02:00\",\"author\":{\"@id\":\"https:\/\/instytutpolski.pl\/stockholm\/#\/schema\/person\/062b5a5f61f32b17c98996975db8d556\"},\"breadcrumb\":{\"@id\":\"https:\/\/instytutpolski.pl\/stockholm\/pl\/2021\/12\/01\/visegrad-4-film-days-2\/#breadcrumb\"},\"inLanguage\":\"pl-PL\",\"potentialAction\":[{\"@type\":\"ReadAction\",\"target\":[\"https:\/\/instytutpolski.pl\/stockholm\/pl\/2021\/12\/01\/visegrad-4-film-days-2\/\"]}],\"@context\":\"https:\/\/schema.org\",\"startDate\":\"2021-12-05\",\"endDate\":\"2021-12-05\",\"eventStatus\":\"EventScheduled\",\"eventAttendanceMode\":\"OfflineEventAttendanceMode\",\"location\":{\"@type\":\"place\",\"name\":\"Zita Folkets Bio, Birger Jarlsgatan 37, Stockholm\",\"address\":\"Zita Folkets Bio, Birger Jarlsgatan 37, Stockholm\",\"geo\":{\"@type\":\"GeoCoordinates\",\"latitude\":\"60.65989429216023\",\"longitude\":\"16.588645093018396\"}},\"description\":\"Na pocz\u0105tku grudnia b\u0119dziemy \u015bwi\u0119towa\u0107 30. rocznic\u0119 powstania Grupy Wyszehradzkiej, kt\u00f3ra rozpocz\u0119\u0142a now\u0105 er\u0119 europejskiej historii. Wydarzenie rozpocznie si\u0119 w\u0119gierskim filmem \u201eBad Poems\u201d Gabora Reisza, 3 grudnia o godzinie 18:00. Nast\u0119pnego dnia o 18:00 zobaczymy \u201eHavel\u201d czeskiego re\u017cysera, Slavka Horaka, po kt\u00f3rym nast\u0105pi seans s\u0142owackiego filmu \u201eIntimate enemy\u201d w re\u017cyserii Karel Janak o godzinie 20:00.\\nVisegrad 4 Film Days zako\u0144czy si\u0119 pokazem wspania\u0142ego filmu Mariusza Wilczy\u0144skiego, \u201eZabij to i wyjed\u017a z tego miasta\u201d. Wielu z was mia\u0142o ju\u017c okazj\u0119 zobaczy\u0107 polsk\u0105 produkcj\u0119 na festiwalu filmu polskiego Kinoteka Stockholm 2021 \/ Lemoteka. Wszystkich, kt\u00f3rzy jeszcze nie zobaczyli tego filmu, lub maj\u0105 ochot\u0119 obejrze\u0107 go ponownie, serdecznie zapraszamy 5 grudnia 2021 na godzin\u0119 18:00.\\nNiedziela, 5 grudnia 2021, godz. 18:00Zita Folkets Bio (sala 1)\\nUciekaj\u0105c przed rozpacz\u0105 po utracie bliskich, bohater ukrywa si\u0119 w bezpiecznej krainie wspomnie\u0144, gdzie czas stoi w miejscu, a wszyscy jego bliscy \u017cyj\u0105. Powoli miasto rozwija si\u0119 w jego wyobra\u017ani. Pewnego dnia bohaterowie i idole z dzieci\u0144stwa znani z literatury i kresk\u00f3wek, kt\u00f3rzy w \u015bwiadomo\u015bci kolejnych pokole\u0144 s\u0105 wiecznie m\u0142odzi, przybywaj\u0105 nieproszeni. Kiedy nasz bohater odkrywa, \u017ce wszyscy si\u0119 zestarzeli, a wieczna m\u0142odo\u015b\u0107 nie istnieje, postanawia wr\u00f3ci\u0107 do prawdziwego \u017cycia.\\nRe\u017cyseria: Mariusz Wilczy\u0144skiScenariusz: Mariusz Wilczy\u0144skiCzas: 88 minutRok produkcji: 2020, Polska\\nWszystkie filmy pokazywane s\u0105 w j\u0119zyku kraju pochodzenia wraz z angielskimi napisami.\\nWst\u0119p wolny. Rezerwacja miejsc dost\u0119pna przez stron\u0119: https:\/\/zita.se\/visegrad-4\\nVisegrad 4 Film Days organizowane s\u0105 przez Instytut Polski w Sztokholmie, Ambasad\u0119 W\u0119gier, Ambasad\u0119 S\u0142owacji, Ambasad\u0119 Polski, Czech Center oraz Ambasad\u0119 Czech w Sztokholmie.\"},{\"@type\":\"ImageObject\",\"inLanguage\":\"pl-PL\",\"@id\":\"https:\/\/instytutpolski.pl\/stockholm\/pl\/2021\/12\/01\/visegrad-4-film-days-2\/#primaryimage\",\"url\":\"https:\/\/instytutpolski.pl\/stockholm\/wp-content\/uploads\/sites\/17\/2021\/11\/V4-Film-Days-baner.jpg\",\"contentUrl\":\"https:\/\/instytutpolski.pl\/stockholm\/wp-content\/uploads\/sites\/17\/2021\/11\/V4-Film-Days-baner.jpg\",\"width\":1120,\"height\":630},{\"@type\":\"BreadcrumbList\",\"@id\":\"https:\/\/instytutpolski.pl\/stockholm\/pl\/2021\/12\/01\/visegrad-4-film-days-2\/#breadcrumb\",\"itemListElement\":[{\"@type\":\"ListItem\",\"position\":1,\"name\":\"Home\",\"item\":\"https:\/\/instytutpolski.pl\/stockholm\/\"},{\"@type\":\"ListItem\",\"position\":2,\"name\":\"Visegrad 4 Film Days\"}]},{\"@type\":\"WebSite\",\"@id\":\"https:\/\/instytutpolski.pl\/stockholm\/#website\",\"url\":\"https:\/\/instytutpolski.pl\/stockholm\/\",\"name\":\"Instytut Polski w Sztokholmie\",\"description\":\"Instytuty Polskie\",\"potentialAction\":[{\"@type\":\"SearchAction\",\"target\":{\"@type\":\"EntryPoint\",\"urlTemplate\":\"https:\/\/instytutpolski.pl\/stockholm\/?s={search_term_string}\"},\"query-input\":{\"@type\":\"PropertyValueSpecification\",\"valueRequired\":true,\"valueName\":\"search_term_string\"}}],\"inLanguage\":\"pl-PL\"},{\"@type\":\"Person\",\"@id\":\"https:\/\/instytutpolski.pl\/stockholm\/#\/schema\/person\/062b5a5f61f32b17c98996975db8d556\",\"name\":\"strozniake\",\"image\":{\"@type\":\"ImageObject\",\"inLanguage\":\"pl-PL\",\"@id\":\"https:\/\/instytutpolski.pl\/stockholm\/#\/schema\/person\/image\/\",\"url\":\"https:\/\/secure.gravatar.com\/avatar\/25e0be9897787f9035155a882fde97cc?s=96&d=mm&r=g\",\"contentUrl\":\"https:\/\/secure.gravatar.com\/avatar\/25e0be9897787f9035155a882fde97cc?s=96&d=mm&r=g\",\"caption\":\"strozniake\"},\"sameAs\":[\"http:\/\/strozniake\"],\"url\":\"https:\/\/instytutpolski.pl\/stockholm\/author\/strozniake\/\"}]}<\/script>\n<!-- \/ Yoast SEO plugin. -->","yoast_head_json":{"title":"Visegrad 4 Film Days - Instytut Polski w Sztokholmie","robots":{"index":"index","follow":"follow","max-snippet":"max-snippet:-1","max-image-preview":"max-image-preview:large","max-video-preview":"max-video-preview:-1"},"canonical":"https:\/\/instytutpolski.pl\/stockholm\/pl\/2021\/12\/01\/visegrad-4-film-days-2\/","og_locale":"pl_PL","og_type":"article","og_title":"Visegrad 4 Film Days - Instytut Polski w Sztokholmie","og_description":"Na pocz\u0105tku grudnia b\u0119dziemy \u015bwi\u0119towa\u0107 30. rocznic\u0119 powstania Grupy Wyszehradzkiej, kt\u00f3ra rozpocz\u0119\u0142a now\u0105 er\u0119 europejskiej historii. Wydarzenie rozpocznie si\u0119 w\u0119gierskim filmem \u201eBad Poems\u201d Gabora Reisza, 3 grudnia o godzinie 18:00. Nast\u0119pnego dnia o 18:00 zobaczymy \u201eHavel\u201d czeskiego re\u017cysera, Slavka Horaka, po kt\u00f3rym nast\u0105pi seans s\u0142owackiego filmu \u201eIntimate enemy\u201d w re\u017cyserii Karel Janak o godzinie 20:00. [&hellip;]","og_url":"https:\/\/instytutpolski.pl\/stockholm\/pl\/2021\/12\/01\/visegrad-4-film-days-2\/","og_site_name":"Instytut Polski w Sztokholmie","article_published_time":"2021-12-01T11:52:00+00:00","article_modified_time":"2021-12-06T13:47:42+00:00","og_image":[{"width":1120,"height":630,"url":"https:\/\/instytutpolski.pl\/stockholm\/wp-content\/uploads\/sites\/17\/2021\/11\/V4-Film-Days-baner.jpg","type":"image\/jpeg"}],"author":"strozniake","twitter_card":"summary_large_image","twitter_misc":{"Napisane przez":"strozniake","Szacowany czas czytania":"2 minuty"},"schema":{"@context":"https:\/\/schema.org","@graph":[{"@type":"event","@id":"https:\/\/instytutpolski.pl\/stockholm\/pl\/2021\/12\/01\/visegrad-4-film-days-2\/","url":"https:\/\/instytutpolski.pl\/stockholm\/pl\/2021\/12\/01\/visegrad-4-film-days-2\/","name":"Visegrad 4 Film Days","isPartOf":{"@id":"https:\/\/instytutpolski.pl\/stockholm\/#website"},"primaryImageOfPage":{"@id":"https:\/\/instytutpolski.pl\/stockholm\/pl\/2021\/12\/01\/visegrad-4-film-days-2\/#primaryimage"},"image":["https:\/\/instytutpolski.pl\/stockholm\/wp-content\/uploads\/sites\/17\/2021\/11\/V4-Film-Days-baner.jpg","https:\/\/instytutpolski.pl\/stockholm\/wp-content\/uploads\/sites\/17\/2021\/11\/V4-Film-Days-baner-300x169.jpg","https:\/\/instytutpolski.pl\/stockholm\/wp-content\/uploads\/sites\/17\/2021\/11\/V4-Film-Days-baner-1024x576.jpg","https:\/\/instytutpolski.pl\/stockholm\/wp-content\/uploads\/sites\/17\/2021\/11\/V4-Film-Days-baner.jpg"],"thumbnailUrl":"https:\/\/instytutpolski.pl\/stockholm\/wp-content\/uploads\/sites\/17\/2021\/11\/V4-Film-Days-baner.jpg","datePublished":"2021-12-01T11:52:00+02:00","dateModified":"2021-12-06T13:47:42+02:00","author":{"@id":"https:\/\/instytutpolski.pl\/stockholm\/#\/schema\/person\/062b5a5f61f32b17c98996975db8d556"},"breadcrumb":{"@id":"https:\/\/instytutpolski.pl\/stockholm\/pl\/2021\/12\/01\/visegrad-4-film-days-2\/#breadcrumb"},"inLanguage":"pl-PL","potentialAction":[{"@type":"ReadAction","target":["https:\/\/instytutpolski.pl\/stockholm\/pl\/2021\/12\/01\/visegrad-4-film-days-2\/"]}],"@context":"https:\/\/schema.org","startDate":"2021-12-05","endDate":"2021-12-05","eventStatus":"EventScheduled","eventAttendanceMode":"OfflineEventAttendanceMode","location":{"@type":"place","name":"Zita Folkets Bio, Birger Jarlsgatan 37, Stockholm","address":"Zita Folkets Bio, Birger Jarlsgatan 37, Stockholm","geo":{"@type":"GeoCoordinates","latitude":"60.65989429216023","longitude":"16.588645093018396"}},"description":"Na pocz\u0105tku grudnia b\u0119dziemy \u015bwi\u0119towa\u0107 30. rocznic\u0119 powstania Grupy Wyszehradzkiej, kt\u00f3ra rozpocz\u0119\u0142a now\u0105 er\u0119 europejskiej historii. Wydarzenie rozpocznie si\u0119 w\u0119gierskim filmem \u201eBad Poems\u201d Gabora Reisza, 3 grudnia o godzinie 18:00. Nast\u0119pnego dnia o 18:00 zobaczymy \u201eHavel\u201d czeskiego re\u017cysera, Slavka Horaka, po kt\u00f3rym nast\u0105pi seans s\u0142owackiego filmu \u201eIntimate enemy\u201d w re\u017cyserii Karel Janak o godzinie 20:00.\nVisegrad 4 Film Days zako\u0144czy si\u0119 pokazem wspania\u0142ego filmu Mariusza Wilczy\u0144skiego, \u201eZabij to i wyjed\u017a z tego miasta\u201d. Wielu z was mia\u0142o ju\u017c okazj\u0119 zobaczy\u0107 polsk\u0105 produkcj\u0119 na festiwalu filmu polskiego Kinoteka Stockholm 2021 \/ Lemoteka. Wszystkich, kt\u00f3rzy jeszcze nie zobaczyli tego filmu, lub maj\u0105 ochot\u0119 obejrze\u0107 go ponownie, serdecznie zapraszamy 5 grudnia 2021 na godzin\u0119 18:00.\nNiedziela, 5 grudnia 2021, godz. 18:00Zita Folkets Bio (sala 1)\nUciekaj\u0105c przed rozpacz\u0105 po utracie bliskich, bohater ukrywa si\u0119 w bezpiecznej krainie wspomnie\u0144, gdzie czas stoi w miejscu, a wszyscy jego bliscy \u017cyj\u0105. Powoli miasto rozwija si\u0119 w jego wyobra\u017ani. Pewnego dnia bohaterowie i idole z dzieci\u0144stwa znani z literatury i kresk\u00f3wek, kt\u00f3rzy w \u015bwiadomo\u015bci kolejnych pokole\u0144 s\u0105 wiecznie m\u0142odzi, przybywaj\u0105 nieproszeni. Kiedy nasz bohater odkrywa, \u017ce wszyscy si\u0119 zestarzeli, a wieczna m\u0142odo\u015b\u0107 nie istnieje, postanawia wr\u00f3ci\u0107 do prawdziwego \u017cycia.\nRe\u017cyseria: Mariusz Wilczy\u0144skiScenariusz: Mariusz Wilczy\u0144skiCzas: 88 minutRok produkcji: 2020, Polska\nWszystkie filmy pokazywane s\u0105 w j\u0119zyku kraju pochodzenia wraz z angielskimi napisami.\nWst\u0119p wolny. Rezerwacja miejsc dost\u0119pna przez stron\u0119: https:\/\/zita.se\/visegrad-4\nVisegrad 4 Film Days organizowane s\u0105 przez Instytut Polski w Sztokholmie, Ambasad\u0119 W\u0119gier, Ambasad\u0119 S\u0142owacji, Ambasad\u0119 Polski, Czech Center oraz Ambasad\u0119 Czech w Sztokholmie."},{"@type":"ImageObject","inLanguage":"pl-PL","@id":"https:\/\/instytutpolski.pl\/stockholm\/pl\/2021\/12\/01\/visegrad-4-film-days-2\/#primaryimage","url":"https:\/\/instytutpolski.pl\/stockholm\/wp-content\/uploads\/sites\/17\/2021\/11\/V4-Film-Days-baner.jpg","contentUrl":"https:\/\/instytutpolski.pl\/stockholm\/wp-content\/uploads\/sites\/17\/2021\/11\/V4-Film-Days-baner.jpg","width":1120,"height":630},{"@type":"BreadcrumbList","@id":"https:\/\/instytutpolski.pl\/stockholm\/pl\/2021\/12\/01\/visegrad-4-film-days-2\/#breadcrumb","itemListElement":[{"@type":"ListItem","position":1,"name":"Home","item":"https:\/\/instytutpolski.pl\/stockholm\/"},{"@type":"ListItem","position":2,"name":"Visegrad 4 Film Days"}]},{"@type":"WebSite","@id":"https:\/\/instytutpolski.pl\/stockholm\/#website","url":"https:\/\/instytutpolski.pl\/stockholm\/","name":"Instytut Polski w Sztokholmie","description":"Instytuty Polskie","potentialAction":[{"@type":"SearchAction","target":{"@type":"EntryPoint","urlTemplate":"https:\/\/instytutpolski.pl\/stockholm\/?s={search_term_string}"},"query-input":{"@type":"PropertyValueSpecification","valueRequired":true,"valueName":"search_term_string"}}],"inLanguage":"pl-PL"},{"@type":"Person","@id":"https:\/\/instytutpolski.pl\/stockholm\/#\/schema\/person\/062b5a5f61f32b17c98996975db8d556","name":"strozniake","image":{"@type":"ImageObject","inLanguage":"pl-PL","@id":"https:\/\/instytutpolski.pl\/stockholm\/#\/schema\/person\/image\/","url":"https:\/\/secure.gravatar.com\/avatar\/25e0be9897787f9035155a882fde97cc?s=96&d=mm&r=g","contentUrl":"https:\/\/secure.gravatar.com\/avatar\/25e0be9897787f9035155a882fde97cc?s=96&d=mm&r=g","caption":"strozniake"},"sameAs":["http:\/\/strozniake"],"url":"https:\/\/instytutpolski.pl\/stockholm\/author\/strozniake\/"}]}},"_links":{"self":[{"href":"https:\/\/instytutpolski.pl\/stockholm\/wp-json\/wp\/v2\/posts\/7334","targetHints":{"allow":["GET"]}}],"collection":[{"href":"https:\/\/instytutpolski.pl\/stockholm\/wp-json\/wp\/v2\/posts"}],"about":[{"href":"https:\/\/instytutpolski.pl\/stockholm\/wp-json\/wp\/v2\/types\/post"}],"author":[{"embeddable":true,"href":"https:\/\/instytutpolski.pl\/stockholm\/wp-json\/wp\/v2\/users\/29"}],"replies":[{"embeddable":true,"href":"https:\/\/instytutpolski.pl\/stockholm\/wp-json\/wp\/v2\/comments?post=7334"}],"version-history":[{"count":2,"href":"https:\/\/instytutpolski.pl\/stockholm\/wp-json\/wp\/v2\/posts\/7334\/revisions"}],"predecessor-version":[{"id":7336,"href":"https:\/\/instytutpolski.pl\/stockholm\/wp-json\/wp\/v2\/posts\/7334\/revisions\/7336"}],"wp:featuredmedia":[{"embeddable":true,"href":"https:\/\/instytutpolski.pl\/stockholm\/wp-json\/wp\/v2\/media\/7199"}],"wp:attachment":[{"href":"https:\/\/instytutpolski.pl\/stockholm\/wp-json\/wp\/v2\/media?parent=7334"}],"wp:term":[{"taxonomy":"category","embeddable":true,"href":"https:\/\/instytutpolski.pl\/stockholm\/wp-json\/wp\/v2\/categories?post=7334"},{"taxonomy":"post_tag","embeddable":true,"href":"https:\/\/instytutpolski.pl\/stockholm\/wp-json\/wp\/v2\/tags?post=7334"}],"curies":[{"name":"wp","href":"https:\/\/api.w.org\/{rel}","templated":true}]}}