{"id":7541,"date":"2021-12-22T12:56:55","date_gmt":"2021-12-22T11:56:55","guid":{"rendered":"https:\/\/instytutpolski.pl\/stockholm\/?p=7541"},"modified":"2022-01-21T16:58:09","modified_gmt":"2022-01-21T15:58:09","slug":"god-jul-och-gott-nytt-ar-2022","status":"publish","type":"post","link":"https:\/\/instytutpolski.pl\/stockholm\/2021\/12\/22\/god-jul-och-gott-nytt-ar-2022\/","title":{"rendered":"God Jul och Gott Nytt \u00c5r 2022"},"content":{"rendered":"\n<p>K\u00e4ra v\u00e4nner,<\/p>\n\n\n\n<p>M\u00e5 den magiska perioden b\u00e4ra in lycka i era hem och en outt\u00f6mlig v\u00e4nlighet i era hj\u00e4rtan, och sk\u00e4nka er och era n\u00e4ra och k\u00e4ra avkoppling, god h\u00e4lsa och tur med allt.<\/p>\n\n\n\n<p>\u00c5ret 2021 har f\u00f6r oss alla varit fullt av utmaningar, tvivel och tuffa stunder b\u00e5de jobbm\u00e4ssigt och p\u00e5 personligt plan. D\u00e4rf\u00f6r vill vi \u00f6nska er i dessa otrygga tider f\u00f6rst och fr\u00e4mst \u00e5terkomsten till det normala, lugnet, v\u00e4rmen och n\u00e4rheten. S\u00e5 att det kommande \u00e5ret blir ett oavbrutet tillf\u00e4lle att kunna dela med sig av sin godhet till s\u00e5v\u00e4l sina n\u00e4rmaste som fr\u00e4mlingar.<\/p>\n\n\n\n<p>Vi tackar hj\u00e4rtligt f\u00f6r de g\u00e5ngna tolv m\u00e5naderna som ni har varit med oss. Tack f\u00f6r ert f\u00f6rtroende, st\u00f6d och er lust till den polska kulturen. Tack \u00e4ven till alla artister, konstn\u00e4rer och andra g\u00e4ster samt samarbetspartners som varit med i v\u00e5ra evenemang i \u00e5r. Tack vare er passion och professionalism har vi tillsammans lyckats att skapa m\u00e5nga otroliga och ambiti\u00f6sa projekt.<\/p>\n\n\n\n<p>Vi \u00f6nskar er underbar, frisk och mysig jul och gott nytt \u00e5r!<\/p>\n\n\n\n<p>Polska institutets team<\/p>\n\n\n\n<div class=\"wp-block-image\"><figure class=\"aligncenter size-large is-resized\"><img loading=\"lazy\" decoding=\"async\" src=\"https:\/\/instytutpolski.pl\/stockholm\/wp-content\/uploads\/sites\/17\/2021\/12\/Kartka-swiateczna-IP-2021-1024x858.jpg\" alt=\"\" class=\"wp-image-7543\" width=\"512\" height=\"429\" srcset=\"https:\/\/instytutpolski.pl\/stockholm\/wp-content\/uploads\/sites\/17\/2021\/12\/Kartka-swiateczna-IP-2021-1024x858.jpg 1024w, https:\/\/instytutpolski.pl\/stockholm\/wp-content\/uploads\/sites\/17\/2021\/12\/Kartka-swiateczna-IP-2021-300x251.jpg 300w, https:\/\/instytutpolski.pl\/stockholm\/wp-content\/uploads\/sites\/17\/2021\/12\/Kartka-swiateczna-IP-2021-768x644.jpg 768w, https:\/\/instytutpolski.pl\/stockholm\/wp-content\/uploads\/sites\/17\/2021\/12\/Kartka-swiateczna-IP-2021-1536x1288.jpg 1536w, https:\/\/instytutpolski.pl\/stockholm\/wp-content\/uploads\/sites\/17\/2021\/12\/Kartka-swiateczna-IP-2021-2048x1717.jpg 2048w\" sizes=\"auto, (max-width: 512px) 100vw, 512px\" \/><\/figure><\/div>\n\n\n\n<p><br><em>Foto: Pawe\u0142 Kania, Kania NordFOTO<\/em><\/p>\n","protected":false},"excerpt":{"rendered":"<p>K\u00e4ra v\u00e4nner, M\u00e5 den magiska perioden b\u00e4ra in lycka i era hem och en outt\u00f6mlig v\u00e4nlighet i era hj\u00e4rtan, och sk\u00e4nka er och era n\u00e4ra och k\u00e4ra avkoppling, god h\u00e4lsa och tur med allt. \u00c5ret 2021 har f\u00f6r oss alla varit fullt av utmaningar, tvivel och tuffa stunder b\u00e5de jobbm\u00e4ssigt och p\u00e5 personligt plan. D\u00e4rf\u00f6r [&hellip;]<\/p>\n","protected":false},"author":29,"featured_media":7542,"comment_status":"closed","ping_status":"closed","sticky":false,"template":"","format":"standard","meta":{"inline_featured_image":false,"_monsterinsights_skip_tracking":false,"_monsterinsights_sitenote_active":false,"_monsterinsights_sitenote_note":"","_monsterinsights_sitenote_category":0,"footnotes":""},"categories":[222],"tags":[],"class_list":["post-7541","post","type-post","status-publish","format-standard","has-post-thumbnail","hentry","category-aktualnosc-se"],"yoast_head":"<!-- This site is optimized with the Yoast SEO plugin v24.6 - https:\/\/yoast.com\/wordpress\/plugins\/seo\/ -->\n<title>God Jul och Gott Nytt \u00c5r 2022 - Instytut Polski w Sztokholmie<\/title>\n<meta name=\"description\" content=\"Varje \u00e5r belyser julen v\u00e5r existens med en magisk glans och sprider ett budskap om hopp och k\u00e4rlek! Det \u00e4r en tid d\u00e5 vi tillsammans gl\u00e4ds \u00e5t enkla sm\u00e5saker som g\u00f6r att livet blir fullt av tillfredst\u00e4llelse och fr\u00f6jd.\" \/>\n<meta name=\"robots\" content=\"index, follow, max-snippet:-1, max-image-preview:large, max-video-preview:-1\" \/>\n<link rel=\"canonical\" href=\"https:\/\/instytutpolski.pl\/stockholm\/2021\/12\/22\/god-jul-och-gott-nytt-ar-2022\/\" \/>\n<meta property=\"og:locale\" content=\"pl_PL\" \/>\n<meta property=\"og:type\" content=\"article\" \/>\n<meta property=\"og:title\" content=\"God Jul och Gott Nytt \u00c5r 2022 - Instytut Polski w Sztokholmie\" \/>\n<meta property=\"og:description\" content=\"Varje \u00e5r belyser julen v\u00e5r existens med en magisk glans och sprider ett budskap om hopp och k\u00e4rlek! Det \u00e4r en tid d\u00e5 vi tillsammans gl\u00e4ds \u00e5t enkla sm\u00e5saker som g\u00f6r att livet blir fullt av tillfredst\u00e4llelse och fr\u00f6jd.\" \/>\n<meta property=\"og:url\" content=\"https:\/\/instytutpolski.pl\/stockholm\/2021\/12\/22\/god-jul-och-gott-nytt-ar-2022\/\" \/>\n<meta property=\"og:site_name\" content=\"Instytut Polski w Sztokholmie\" \/>\n<meta property=\"article:published_time\" content=\"2021-12-22T11:56:55+00:00\" \/>\n<meta property=\"article:modified_time\" content=\"2022-01-21T15:58:09+00:00\" \/>\n<meta property=\"og:image\" content=\"https:\/\/instytutpolski.pl\/stockholm\/wp-content\/uploads\/sites\/17\/2021\/12\/zyczenia-baner-www-1024x577.png\" \/>\n\t<meta property=\"og:image:width\" content=\"1024\" \/>\n\t<meta property=\"og:image:height\" content=\"577\" \/>\n\t<meta property=\"og:image:type\" content=\"image\/png\" \/>\n<meta name=\"author\" content=\"strozniake\" \/>\n<meta name=\"twitter:card\" content=\"summary_large_image\" \/>\n<meta name=\"twitter:label1\" content=\"Napisane przez\" \/>\n\t<meta name=\"twitter:data1\" content=\"strozniake\" \/>\n\t<meta name=\"twitter:label2\" content=\"Szacowany czas czytania\" \/>\n\t<meta name=\"twitter:data2\" content=\"2 minuty\" \/>\n<script type=\"application\/ld+json\" class=\"yoast-schema-graph\">{\"@context\":\"https:\/\/schema.org\",\"@graph\":[{\"@type\":\"event\",\"@id\":\"https:\/\/instytutpolski.pl\/stockholm\/2021\/12\/22\/god-jul-och-gott-nytt-ar-2022\/\",\"url\":\"https:\/\/instytutpolski.pl\/stockholm\/2021\/12\/22\/god-jul-och-gott-nytt-ar-2022\/\",\"name\":\"God Jul och Gott Nytt \u00c5r 2022\",\"isPartOf\":{\"@id\":\"https:\/\/instytutpolski.pl\/stockholm\/#website\"},\"primaryImageOfPage\":{\"@id\":\"https:\/\/instytutpolski.pl\/stockholm\/2021\/12\/22\/god-jul-och-gott-nytt-ar-2022\/#primaryimage\"},\"image\":[\"https:\/\/instytutpolski.pl\/stockholm\/wp-content\/uploads\/sites\/17\/2021\/12\/zyczenia-baner-www.png\",\"https:\/\/instytutpolski.pl\/stockholm\/wp-content\/uploads\/sites\/17\/2021\/12\/zyczenia-baner-www-300x169.png\",\"https:\/\/instytutpolski.pl\/stockholm\/wp-content\/uploads\/sites\/17\/2021\/12\/zyczenia-baner-www-1024x577.png\",\"https:\/\/instytutpolski.pl\/stockholm\/wp-content\/uploads\/sites\/17\/2021\/12\/zyczenia-baner-www.png\"],\"thumbnailUrl\":\"https:\/\/instytutpolski.pl\/stockholm\/wp-content\/uploads\/sites\/17\/2021\/12\/zyczenia-baner-www.png\",\"datePublished\":\"2021-12-22T11:56:55+02:00\",\"dateModified\":\"2022-01-21T15:58:09+02:00\",\"author\":{\"@id\":\"https:\/\/instytutpolski.pl\/stockholm\/#\/schema\/person\/062b5a5f61f32b17c98996975db8d556\"},\"description\":\"K\u00e4ra v\u00e4nner,\\nM\u00e5 den magiska perioden b\u00e4ra in lycka i era hem och en outt\u00f6mlig v\u00e4nlighet i era hj\u00e4rtan, och sk\u00e4nka er och era n\u00e4ra och k\u00e4ra avkoppling, god h\u00e4lsa och tur med allt.\\n\u00c5ret 2021 har f\u00f6r oss alla varit fullt av utmaningar, tvivel och tuffa stunder b\u00e5de jobbm\u00e4ssigt och p\u00e5 personligt plan. D\u00e4rf\u00f6r vill vi \u00f6nska er i dessa otrygga tider f\u00f6rst och fr\u00e4mst \u00e5terkomsten till det normala, lugnet, v\u00e4rmen och n\u00e4rheten. S\u00e5 att det kommande \u00e5ret blir ett oavbrutet tillf\u00e4lle att kunna dela med sig av sin godhet till s\u00e5v\u00e4l sina n\u00e4rmaste som fr\u00e4mlingar.\\nVi tackar hj\u00e4rtligt f\u00f6r de g\u00e5ngna tolv m\u00e5naderna som ni har varit med oss. Tack f\u00f6r ert f\u00f6rtroende, st\u00f6d och er lust till den polska kulturen. Tack \u00e4ven till alla artister, konstn\u00e4rer och andra g\u00e4ster samt samarbetspartners som varit med i v\u00e5ra evenemang i \u00e5r. Tack vare er passion och professionalism har vi tillsammans lyckats att skapa m\u00e5nga otroliga och ambiti\u00f6sa projekt.\\nVi \u00f6nskar er underbar, frisk och mysig jul och gott nytt \u00e5r!\\nPolska institutets team\\nFoto: Pawe\u0142 Kania, Kania NordFOTO\",\"breadcrumb\":{\"@id\":\"https:\/\/instytutpolski.pl\/stockholm\/2021\/12\/22\/god-jul-och-gott-nytt-ar-2022\/#breadcrumb\"},\"inLanguage\":\"pl-PL\",\"potentialAction\":[{\"@type\":\"ReadAction\",\"target\":[\"https:\/\/instytutpolski.pl\/stockholm\/2021\/12\/22\/god-jul-och-gott-nytt-ar-2022\/\"]}],\"@context\":\"https:\/\/schema.org\",\"startDate\":\"2021-12-22\",\"endDate\":\"2021-12-22\",\"eventStatus\":\"EventScheduled\",\"eventAttendanceMode\":\"OfflineEventAttendanceMode\",\"location\":{\"@type\":\"place\",\"name\":\"\",\"address\":\"\",\"geo\":{\"@type\":\"GeoCoordinates\",\"latitude\":\"\",\"longitude\":\"\"}}},{\"@type\":\"ImageObject\",\"inLanguage\":\"pl-PL\",\"@id\":\"https:\/\/instytutpolski.pl\/stockholm\/2021\/12\/22\/god-jul-och-gott-nytt-ar-2022\/#primaryimage\",\"url\":\"https:\/\/instytutpolski.pl\/stockholm\/wp-content\/uploads\/sites\/17\/2021\/12\/zyczenia-baner-www.png\",\"contentUrl\":\"https:\/\/instytutpolski.pl\/stockholm\/wp-content\/uploads\/sites\/17\/2021\/12\/zyczenia-baner-www.png\",\"width\":1640,\"height\":924},{\"@type\":\"BreadcrumbList\",\"@id\":\"https:\/\/instytutpolski.pl\/stockholm\/2021\/12\/22\/god-jul-och-gott-nytt-ar-2022\/#breadcrumb\",\"itemListElement\":[{\"@type\":\"ListItem\",\"position\":1,\"name\":\"Home\",\"item\":\"https:\/\/instytutpolski.pl\/stockholm\/\"},{\"@type\":\"ListItem\",\"position\":2,\"name\":\"God Jul och Gott Nytt \u00c5r 2022\"}]},{\"@type\":\"WebSite\",\"@id\":\"https:\/\/instytutpolski.pl\/stockholm\/#website\",\"url\":\"https:\/\/instytutpolski.pl\/stockholm\/\",\"name\":\"Instytut Polski w Sztokholmie\",\"description\":\"Instytuty Polskie\",\"potentialAction\":[{\"@type\":\"SearchAction\",\"target\":{\"@type\":\"EntryPoint\",\"urlTemplate\":\"https:\/\/instytutpolski.pl\/stockholm\/?s={search_term_string}\"},\"query-input\":{\"@type\":\"PropertyValueSpecification\",\"valueRequired\":true,\"valueName\":\"search_term_string\"}}],\"inLanguage\":\"pl-PL\"},{\"@type\":\"Person\",\"@id\":\"https:\/\/instytutpolski.pl\/stockholm\/#\/schema\/person\/062b5a5f61f32b17c98996975db8d556\",\"name\":\"strozniake\",\"image\":{\"@type\":\"ImageObject\",\"inLanguage\":\"pl-PL\",\"@id\":\"https:\/\/instytutpolski.pl\/stockholm\/#\/schema\/person\/image\/\",\"url\":\"https:\/\/secure.gravatar.com\/avatar\/25e0be9897787f9035155a882fde97cc?s=96&d=mm&r=g\",\"contentUrl\":\"https:\/\/secure.gravatar.com\/avatar\/25e0be9897787f9035155a882fde97cc?s=96&d=mm&r=g\",\"caption\":\"strozniake\"},\"sameAs\":[\"http:\/\/strozniake\"],\"url\":\"https:\/\/instytutpolski.pl\/stockholm\/author\/strozniake\/\"}]}<\/script>\n<!-- \/ Yoast SEO plugin. -->","yoast_head_json":{"title":"God Jul och Gott Nytt \u00c5r 2022 - Instytut Polski w Sztokholmie","description":"Varje \u00e5r belyser julen v\u00e5r existens med en magisk glans och sprider ett budskap om hopp och k\u00e4rlek! Det \u00e4r en tid d\u00e5 vi tillsammans gl\u00e4ds \u00e5t enkla sm\u00e5saker som g\u00f6r att livet blir fullt av tillfredst\u00e4llelse och fr\u00f6jd.","robots":{"index":"index","follow":"follow","max-snippet":"max-snippet:-1","max-image-preview":"max-image-preview:large","max-video-preview":"max-video-preview:-1"},"canonical":"https:\/\/instytutpolski.pl\/stockholm\/2021\/12\/22\/god-jul-och-gott-nytt-ar-2022\/","og_locale":"pl_PL","og_type":"article","og_title":"God Jul och Gott Nytt \u00c5r 2022 - Instytut Polski w Sztokholmie","og_description":"Varje \u00e5r belyser julen v\u00e5r existens med en magisk glans och sprider ett budskap om hopp och k\u00e4rlek! Det \u00e4r en tid d\u00e5 vi tillsammans gl\u00e4ds \u00e5t enkla sm\u00e5saker som g\u00f6r att livet blir fullt av tillfredst\u00e4llelse och fr\u00f6jd.","og_url":"https:\/\/instytutpolski.pl\/stockholm\/2021\/12\/22\/god-jul-och-gott-nytt-ar-2022\/","og_site_name":"Instytut Polski w Sztokholmie","article_published_time":"2021-12-22T11:56:55+00:00","article_modified_time":"2022-01-21T15:58:09+00:00","og_image":[{"width":1024,"height":577,"url":"https:\/\/instytutpolski.pl\/stockholm\/wp-content\/uploads\/sites\/17\/2021\/12\/zyczenia-baner-www-1024x577.png","type":"image\/png"}],"author":"strozniake","twitter_card":"summary_large_image","twitter_misc":{"Napisane przez":"strozniake","Szacowany czas czytania":"2 minuty"},"schema":{"@context":"https:\/\/schema.org","@graph":[{"@type":"event","@id":"https:\/\/instytutpolski.pl\/stockholm\/2021\/12\/22\/god-jul-och-gott-nytt-ar-2022\/","url":"https:\/\/instytutpolski.pl\/stockholm\/2021\/12\/22\/god-jul-och-gott-nytt-ar-2022\/","name":"God Jul och Gott Nytt \u00c5r 2022","isPartOf":{"@id":"https:\/\/instytutpolski.pl\/stockholm\/#website"},"primaryImageOfPage":{"@id":"https:\/\/instytutpolski.pl\/stockholm\/2021\/12\/22\/god-jul-och-gott-nytt-ar-2022\/#primaryimage"},"image":["https:\/\/instytutpolski.pl\/stockholm\/wp-content\/uploads\/sites\/17\/2021\/12\/zyczenia-baner-www.png","https:\/\/instytutpolski.pl\/stockholm\/wp-content\/uploads\/sites\/17\/2021\/12\/zyczenia-baner-www-300x169.png","https:\/\/instytutpolski.pl\/stockholm\/wp-content\/uploads\/sites\/17\/2021\/12\/zyczenia-baner-www-1024x577.png","https:\/\/instytutpolski.pl\/stockholm\/wp-content\/uploads\/sites\/17\/2021\/12\/zyczenia-baner-www.png"],"thumbnailUrl":"https:\/\/instytutpolski.pl\/stockholm\/wp-content\/uploads\/sites\/17\/2021\/12\/zyczenia-baner-www.png","datePublished":"2021-12-22T11:56:55+02:00","dateModified":"2022-01-21T15:58:09+02:00","author":{"@id":"https:\/\/instytutpolski.pl\/stockholm\/#\/schema\/person\/062b5a5f61f32b17c98996975db8d556"},"description":"K\u00e4ra v\u00e4nner,\nM\u00e5 den magiska perioden b\u00e4ra in lycka i era hem och en outt\u00f6mlig v\u00e4nlighet i era hj\u00e4rtan, och sk\u00e4nka er och era n\u00e4ra och k\u00e4ra avkoppling, god h\u00e4lsa och tur med allt.\n\u00c5ret 2021 har f\u00f6r oss alla varit fullt av utmaningar, tvivel och tuffa stunder b\u00e5de jobbm\u00e4ssigt och p\u00e5 personligt plan. D\u00e4rf\u00f6r vill vi \u00f6nska er i dessa otrygga tider f\u00f6rst och fr\u00e4mst \u00e5terkomsten till det normala, lugnet, v\u00e4rmen och n\u00e4rheten. S\u00e5 att det kommande \u00e5ret blir ett oavbrutet tillf\u00e4lle att kunna dela med sig av sin godhet till s\u00e5v\u00e4l sina n\u00e4rmaste som fr\u00e4mlingar.\nVi tackar hj\u00e4rtligt f\u00f6r de g\u00e5ngna tolv m\u00e5naderna som ni har varit med oss. Tack f\u00f6r ert f\u00f6rtroende, st\u00f6d och er lust till den polska kulturen. Tack \u00e4ven till alla artister, konstn\u00e4rer och andra g\u00e4ster samt samarbetspartners som varit med i v\u00e5ra evenemang i \u00e5r. Tack vare er passion och professionalism har vi tillsammans lyckats att skapa m\u00e5nga otroliga och ambiti\u00f6sa projekt.\nVi \u00f6nskar er underbar, frisk och mysig jul och gott nytt \u00e5r!\nPolska institutets team\nFoto: Pawe\u0142 Kania, Kania NordFOTO","breadcrumb":{"@id":"https:\/\/instytutpolski.pl\/stockholm\/2021\/12\/22\/god-jul-och-gott-nytt-ar-2022\/#breadcrumb"},"inLanguage":"pl-PL","potentialAction":[{"@type":"ReadAction","target":["https:\/\/instytutpolski.pl\/stockholm\/2021\/12\/22\/god-jul-och-gott-nytt-ar-2022\/"]}],"@context":"https:\/\/schema.org","startDate":"2021-12-22","endDate":"2021-12-22","eventStatus":"EventScheduled","eventAttendanceMode":"OfflineEventAttendanceMode","location":{"@type":"place","name":"","address":"","geo":{"@type":"GeoCoordinates","latitude":"","longitude":""}}},{"@type":"ImageObject","inLanguage":"pl-PL","@id":"https:\/\/instytutpolski.pl\/stockholm\/2021\/12\/22\/god-jul-och-gott-nytt-ar-2022\/#primaryimage","url":"https:\/\/instytutpolski.pl\/stockholm\/wp-content\/uploads\/sites\/17\/2021\/12\/zyczenia-baner-www.png","contentUrl":"https:\/\/instytutpolski.pl\/stockholm\/wp-content\/uploads\/sites\/17\/2021\/12\/zyczenia-baner-www.png","width":1640,"height":924},{"@type":"BreadcrumbList","@id":"https:\/\/instytutpolski.pl\/stockholm\/2021\/12\/22\/god-jul-och-gott-nytt-ar-2022\/#breadcrumb","itemListElement":[{"@type":"ListItem","position":1,"name":"Home","item":"https:\/\/instytutpolski.pl\/stockholm\/"},{"@type":"ListItem","position":2,"name":"God Jul och Gott Nytt \u00c5r 2022"}]},{"@type":"WebSite","@id":"https:\/\/instytutpolski.pl\/stockholm\/#website","url":"https:\/\/instytutpolski.pl\/stockholm\/","name":"Instytut Polski w Sztokholmie","description":"Instytuty Polskie","potentialAction":[{"@type":"SearchAction","target":{"@type":"EntryPoint","urlTemplate":"https:\/\/instytutpolski.pl\/stockholm\/?s={search_term_string}"},"query-input":{"@type":"PropertyValueSpecification","valueRequired":true,"valueName":"search_term_string"}}],"inLanguage":"pl-PL"},{"@type":"Person","@id":"https:\/\/instytutpolski.pl\/stockholm\/#\/schema\/person\/062b5a5f61f32b17c98996975db8d556","name":"strozniake","image":{"@type":"ImageObject","inLanguage":"pl-PL","@id":"https:\/\/instytutpolski.pl\/stockholm\/#\/schema\/person\/image\/","url":"https:\/\/secure.gravatar.com\/avatar\/25e0be9897787f9035155a882fde97cc?s=96&d=mm&r=g","contentUrl":"https:\/\/secure.gravatar.com\/avatar\/25e0be9897787f9035155a882fde97cc?s=96&d=mm&r=g","caption":"strozniake"},"sameAs":["http:\/\/strozniake"],"url":"https:\/\/instytutpolski.pl\/stockholm\/author\/strozniake\/"}]}},"_links":{"self":[{"href":"https:\/\/instytutpolski.pl\/stockholm\/wp-json\/wp\/v2\/posts\/7541","targetHints":{"allow":["GET"]}}],"collection":[{"href":"https:\/\/instytutpolski.pl\/stockholm\/wp-json\/wp\/v2\/posts"}],"about":[{"href":"https:\/\/instytutpolski.pl\/stockholm\/wp-json\/wp\/v2\/types\/post"}],"author":[{"embeddable":true,"href":"https:\/\/instytutpolski.pl\/stockholm\/wp-json\/wp\/v2\/users\/29"}],"replies":[{"embeddable":true,"href":"https:\/\/instytutpolski.pl\/stockholm\/wp-json\/wp\/v2\/comments?post=7541"}],"version-history":[{"count":4,"href":"https:\/\/instytutpolski.pl\/stockholm\/wp-json\/wp\/v2\/posts\/7541\/revisions"}],"predecessor-version":[{"id":7682,"href":"https:\/\/instytutpolski.pl\/stockholm\/wp-json\/wp\/v2\/posts\/7541\/revisions\/7682"}],"wp:featuredmedia":[{"embeddable":true,"href":"https:\/\/instytutpolski.pl\/stockholm\/wp-json\/wp\/v2\/media\/7542"}],"wp:attachment":[{"href":"https:\/\/instytutpolski.pl\/stockholm\/wp-json\/wp\/v2\/media?parent=7541"}],"wp:term":[{"taxonomy":"category","embeddable":true,"href":"https:\/\/instytutpolski.pl\/stockholm\/wp-json\/wp\/v2\/categories?post=7541"},{"taxonomy":"post_tag","embeddable":true,"href":"https:\/\/instytutpolski.pl\/stockholm\/wp-json\/wp\/v2\/tags?post=7541"}],"curies":[{"name":"wp","href":"https:\/\/api.w.org\/{rel}","templated":true}]}}