{"id":7650,"date":"2022-01-20T16:18:24","date_gmt":"2022-01-20T15:18:24","guid":{"rendered":"https:\/\/instytutpolski.pl\/stockholm\/?p=7650"},"modified":"2022-01-24T15:18:43","modified_gmt":"2022-01-24T14:18:43","slug":"wystawa-iwony-zajac-return","status":"publish","type":"post","link":"https:\/\/instytutpolski.pl\/stockholm\/pl\/2022\/01\/20\/wystawa-iwony-zajac-return\/","title":{"rendered":"Wystawa Iwony Zaj\u0105c \u201cReturn\u201d w Centrum Kultury Ronneby Konsthall"},"content":{"rendered":"\n<p>W swojej tw\u00f3rczo\u015bci Iwona Zaj\u0105c porusza tematy takie jak t\u0119sknota, marzenia, po\u0142\u0105czenie oraz przesz\u0142o\u015b\u0107. Praktyka artystki jest pe\u0142na szacunku do ci\u0119\u017ckiej pracy, kt\u00f3ra tym samym staje si\u0119 integraln\u0105 cz\u0119\u015bci\u0105 jej dzie\u0142 artystycznych.<\/p>\n\n\n\n<p>W ramach projektu \u201cArt Line\u201d, artystka zosta\u0142a zaproszona na po\u0142udnie Szwecji &#8211; do regionu Blekinge, aby pozna\u0107 tradycje mieszkaj\u0105cej tam spo\u0142eczno\u015bci, zar\u00f3wno w zakresie materia\u0142\u00f3w, tradycyjnego ubioru, jak i ich mentalno\u015bci i stylu \u017cycia. W jednej z prac, haftowanym muralu \u201cCierpliwo\u015b\u0107\u201d, mo\u017cna rozpozna\u0107 kwieciste wzory, charakterystyczne dla haft\u00f3w tworzonych w regionie Blekinge. Centrum Kultury Ronneby Konsthall wraz z Konst i Blekinge z dum\u0105 przedstawiaj\u0105 prace Iwony jako ho\u0142d dla historii \u017cycia ludno\u015bci po obu stronach Morza Ba\u0142tyckiego.<\/p>\n\n\n\n<p>W ramach projektu powsta\u0142 katalog \u201cCud ci\u0119\u017ckiej pracy\u201d, po\u015bwi\u0119cony tw\u00f3rczo\u015bci Iwony Zaj\u0105c, kt\u00f3ry b\u0119dzie mo\u017cna zakupi\u0107 na miejscu.<\/p>\n\n\n\n<figure class=\"wp-block-pullquote is-style-default\"><blockquote><p><em>Iwona Zaj\u0105c jest artystk\u0105 zaanga\u017cowan\u0105 spo\u0142ecznie \u2013 ludzie, po\u015br\u00f3d kt\u00f3rych pracuje i \u017cyje, stanowi\u0105 dla niej \u017ar\u00f3d\u0142o inspiracji. Dzia\u0142ania artystyczne w przestrzeni miejskiej to jej naturalne \u015brodowisko, \u017cywio\u0142, w kt\u00f3rym w pe\u0142ni si\u0119 realizuje. Jej sztuka powstaje dzi\u0119ki ws\u0142uchiwaniu si\u0119 w g\u0142osy miasta i opowie\u015bci mieszka\u0144c\u00f3w. Ta metoda tw\u00f3rcza przek\u0142ada si\u0119 na jej rozpoznawalno\u015b\u0107 i popularno\u015b\u0107. Jej murale wpisa\u0142y si\u0119 w przestrze\u0144 publiczn\u0105 ju\u017c na sta\u0142e; mimo \u017ce jej prace znikn\u0119\u0142y wraz z wyburzeniem muru, to ci\u0105gle s\u0105 obecne w \u201epami\u0119ci miasta\u201d.<\/em><\/p><cite>Jadwiga Charzy\u0144ska, fragment z katalogu \u201cCud ci\u0119\u017ckiej pracy\u201d<\/cite><\/blockquote><\/figure>\n\n\n\n<div class=\"wp-block-image\"><figure class=\"aligncenter size-large is-resized\"><img loading=\"lazy\" decoding=\"async\" src=\"https:\/\/instytutpolski.pl\/stockholm\/wp-content\/uploads\/sites\/17\/2022\/01\/Okladka-2-708x1024.jpg\" alt=\"\" class=\"wp-image-7644\" width=\"531\" height=\"768\" srcset=\"https:\/\/instytutpolski.pl\/stockholm\/wp-content\/uploads\/sites\/17\/2022\/01\/Okladka-2-708x1024.jpg 708w, https:\/\/instytutpolski.pl\/stockholm\/wp-content\/uploads\/sites\/17\/2022\/01\/Okladka-2-208x300.jpg 208w, https:\/\/instytutpolski.pl\/stockholm\/wp-content\/uploads\/sites\/17\/2022\/01\/Okladka-2-768x1110.jpg 768w, https:\/\/instytutpolski.pl\/stockholm\/wp-content\/uploads\/sites\/17\/2022\/01\/Okladka-2-1063x1536.jpg 1063w, https:\/\/instytutpolski.pl\/stockholm\/wp-content\/uploads\/sites\/17\/2022\/01\/Okladka-2-1417x2048.jpg 1417w, https:\/\/instytutpolski.pl\/stockholm\/wp-content\/uploads\/sites\/17\/2022\/01\/Okladka-2.jpg 1766w\" sizes=\"auto, (max-width: 531px) 100vw, 531px\" \/><\/figure><\/div>\n\n\n\n<p><br>Iwona Zaj\u0105c urodzi\u0142a si\u0119 w 1971 roku w Polsce. Wykszta\u0142cenie zdoby\u0142a na Akademii Sztuk Pi\u0119knych w Gda\u0144sku w 1999 roku, a od 2017 roku jest doktorem habilitowanym na tym samym wydziale.<\/p>\n\n\n\n<p>Wi\u0119cej o projekcie Iwony mo\u017cna przeczyta\u0107 <a href=\"http:\/\/www.stoczniaweterze.com\/\" target=\"_blank\" rel=\"noreferrer noopener\">tutaj<\/a>. <\/p>\n\n\n\n<p>Wi\u0119cej o wystawie w <a href=\"https:\/\/www.visitblekinge.se\/utstallning-iwona-zajac\" target=\"_blank\" rel=\"noreferrer noopener\">Centrum Kultury Ronneby Konsthall<\/a> (j. szwedzki)<a href=\"https:\/\/www.visitblekinge.se\/utstallning-iwona-zajac\">.<\/a><\/p>\n\n\n\n<p>Projekt jest efektem wsp\u00f3\u0142pracy Kulturcentrum Ronneby Konsthall, Konst i Blekinge oraz Instytutu Polskiego w Sztokholmie.<\/p>\n","protected":false},"excerpt":{"rendered":"<p>W swojej tw\u00f3rczo\u015bci Iwona Zaj\u0105c porusza tematy takie jak t\u0119sknota, marzenia, po\u0142\u0105czenie oraz przesz\u0142o\u015b\u0107. Praktyka artystki jest pe\u0142na szacunku do ci\u0119\u017ckiej pracy, kt\u00f3ra tym samym staje si\u0119 integraln\u0105 cz\u0119\u015bci\u0105 jej dzie\u0142 artystycznych. W ramach projektu \u201cArt Line\u201d, artystka zosta\u0142a zaproszona na po\u0142udnie Szwecji &#8211; do regionu Blekinge, aby pozna\u0107 tradycje mieszkaj\u0105cej tam spo\u0142eczno\u015bci, zar\u00f3wno w [&hellip;]<\/p>\n","protected":false},"author":29,"featured_media":7645,"comment_status":"closed","ping_status":"closed","sticky":false,"template":"","format":"standard","meta":{"inline_featured_image":false,"_monsterinsights_skip_tracking":false,"_monsterinsights_sitenote_active":false,"_monsterinsights_sitenote_note":"","_monsterinsights_sitenote_category":0,"footnotes":""},"categories":[81,36],"tags":[],"class_list":["post-7650","post","type-post","status-publish","format-standard","has-post-thumbnail","hentry","category-sztuki-wizualne","category-wydarzenie"],"yoast_head":"<!-- This site is optimized with the Yoast SEO plugin v24.6 - https:\/\/yoast.com\/wordpress\/plugins\/seo\/ -->\n<title>Wystawa Iwony Zaj\u0105c \u201cReturn\u201d w Centrum Kultury Ronneby Konsthall - Instytut Polski w Sztokholmie<\/title>\n<meta name=\"description\" content=\"Centrum Kultury Ronneby Konsthall pozna\u0142o Iwon\u0119 Zaj\u0105c w ramach trzyletniego projektu artystycznego \u201cArt Line\u201d, w kt\u00f3rym wzi\u0119li udzia\u0142 arty\u015bci z 5 kraj\u00f3w nadba\u0142tyckich. To w\u0142a\u015bnie tam \u201curzek\u0142y nas jej murale, historie oraz szacunek dla stoczniowc\u00f3w i gda\u0144szczan.\u201d - podkre\u015blaj\u0105 pracownicy Centrum Ronneby Konsthall.\" \/>\n<meta name=\"robots\" content=\"index, follow, max-snippet:-1, max-image-preview:large, max-video-preview:-1\" \/>\n<link rel=\"canonical\" href=\"https:\/\/instytutpolski.pl\/stockholm\/pl\/2022\/01\/20\/wystawa-iwony-zajac-return\/\" \/>\n<meta property=\"og:locale\" content=\"pl_PL\" \/>\n<meta property=\"og:type\" content=\"article\" \/>\n<meta property=\"og:title\" content=\"Wystawa Iwony Zaj\u0105c \u201cReturn\u201d w Centrum Kultury Ronneby Konsthall - Instytut Polski w Sztokholmie\" \/>\n<meta property=\"og:description\" content=\"Centrum Kultury Ronneby Konsthall pozna\u0142o Iwon\u0119 Zaj\u0105c w ramach trzyletniego projektu artystycznego \u201cArt Line\u201d, w kt\u00f3rym wzi\u0119li udzia\u0142 arty\u015bci z 5 kraj\u00f3w nadba\u0142tyckich. To w\u0142a\u015bnie tam \u201curzek\u0142y nas jej murale, historie oraz szacunek dla stoczniowc\u00f3w i gda\u0144szczan.\u201d - podkre\u015blaj\u0105 pracownicy Centrum Ronneby Konsthall.\" \/>\n<meta property=\"og:url\" content=\"https:\/\/instytutpolski.pl\/stockholm\/pl\/2022\/01\/20\/wystawa-iwony-zajac-return\/\" \/>\n<meta property=\"og:site_name\" content=\"Instytut Polski w Sztokholmie\" \/>\n<meta property=\"article:published_time\" content=\"2022-01-20T15:18:24+00:00\" \/>\n<meta property=\"article:modified_time\" content=\"2022-01-24T14:18:43+00:00\" \/>\n<meta property=\"og:image\" content=\"https:\/\/instytutpolski.pl\/stockholm\/wp-content\/uploads\/sites\/17\/2022\/01\/iwona-zajac_baner-www.jpg\" \/>\n\t<meta property=\"og:image:width\" content=\"1120\" \/>\n\t<meta property=\"og:image:height\" content=\"630\" \/>\n\t<meta property=\"og:image:type\" content=\"image\/jpeg\" \/>\n<meta name=\"author\" content=\"strozniake\" \/>\n<meta name=\"twitter:card\" content=\"summary_large_image\" \/>\n<meta name=\"twitter:label1\" content=\"Napisane przez\" \/>\n\t<meta name=\"twitter:data1\" content=\"strozniake\" \/>\n\t<meta name=\"twitter:label2\" content=\"Szacowany czas czytania\" \/>\n\t<meta name=\"twitter:data2\" content=\"2 minuty\" \/>\n<script type=\"application\/ld+json\" class=\"yoast-schema-graph\">{\"@context\":\"https:\/\/schema.org\",\"@graph\":[{\"@type\":\"event\",\"@id\":\"https:\/\/instytutpolski.pl\/stockholm\/pl\/2022\/01\/20\/wystawa-iwony-zajac-return\/\",\"url\":\"https:\/\/instytutpolski.pl\/stockholm\/pl\/2022\/01\/20\/wystawa-iwony-zajac-return\/\",\"name\":\"Wystawa Iwony Zaj\u0105c \u201cReturn\u201d w Centrum Kultury Ronneby Konsthall\",\"isPartOf\":{\"@id\":\"https:\/\/instytutpolski.pl\/stockholm\/#website\"},\"primaryImageOfPage\":{\"@id\":\"https:\/\/instytutpolski.pl\/stockholm\/pl\/2022\/01\/20\/wystawa-iwony-zajac-return\/#primaryimage\"},\"image\":[\"https:\/\/instytutpolski.pl\/stockholm\/wp-content\/uploads\/sites\/17\/2022\/01\/iwona-zajac_baner-www.jpg\",\"https:\/\/instytutpolski.pl\/stockholm\/wp-content\/uploads\/sites\/17\/2022\/01\/iwona-zajac_baner-www-300x169.jpg\",\"https:\/\/instytutpolski.pl\/stockholm\/wp-content\/uploads\/sites\/17\/2022\/01\/iwona-zajac_baner-www-1024x576.jpg\",\"https:\/\/instytutpolski.pl\/stockholm\/wp-content\/uploads\/sites\/17\/2022\/01\/iwona-zajac_baner-www.jpg\"],\"thumbnailUrl\":\"https:\/\/instytutpolski.pl\/stockholm\/wp-content\/uploads\/sites\/17\/2022\/01\/iwona-zajac_baner-www.jpg\",\"datePublished\":\"2022-01-20T15:18:24+02:00\",\"dateModified\":\"2022-01-24T14:18:43+02:00\",\"author\":{\"@id\":\"https:\/\/instytutpolski.pl\/stockholm\/#\/schema\/person\/062b5a5f61f32b17c98996975db8d556\"},\"description\":\"W swojej tw\u00f3rczo\u015bci Iwona Zaj\u0105c porusza tematy takie jak t\u0119sknota, marzenia, po\u0142\u0105czenie oraz przesz\u0142o\u015b\u0107. Praktyka artystki jest pe\u0142na szacunku do ci\u0119\u017ckiej pracy, kt\u00f3ra tym samym staje si\u0119 integraln\u0105 cz\u0119\u015bci\u0105 jej dzie\u0142 artystycznych.\\nW ramach projektu \u201cArt Line\u201d, artystka zosta\u0142a zaproszona na po\u0142udnie Szwecji - do regionu Blekinge, aby pozna\u0107 tradycje mieszkaj\u0105cej tam spo\u0142eczno\u015bci, zar\u00f3wno w zakresie materia\u0142\u00f3w, tradycyjnego ubioru, jak i ich mentalno\u015bci i stylu \u017cycia. W jednej z prac, haftowanym muralu \u201cCierpliwo\u015b\u0107\u201d, mo\u017cna rozpozna\u0107 kwieciste wzory, charakterystyczne dla haft\u00f3w tworzonych w regionie Blekinge. Centrum Kultury Ronneby Konsthall wraz z Konst i Blekinge z dum\u0105 przedstawiaj\u0105 prace Iwony jako ho\u0142d dla historii \u017cycia ludno\u015bci po obu stronach Morza Ba\u0142tyckiego.\\nW ramach projektu powsta\u0142 katalog \u201cCud ci\u0119\u017ckiej pracy\u201d, po\u015bwi\u0119cony tw\u00f3rczo\u015bci Iwony Zaj\u0105c, kt\u00f3ry b\u0119dzie mo\u017cna zakupi\u0107 na miejscu.\\nIwona Zaj\u0105c jest artystk\u0105 zaanga\u017cowan\u0105 spo\u0142ecznie \u2013 ludzie, po\u015br\u00f3d kt\u00f3rych pracuje i \u017cyje, stanowi\u0105 dla niej \u017ar\u00f3d\u0142o inspiracji. Dzia\u0142ania artystyczne w przestrzeni miejskiej to jej naturalne \u015brodowisko, \u017cywio\u0142, w kt\u00f3rym w pe\u0142ni si\u0119 realizuje. Jej sztuka powstaje dzi\u0119ki ws\u0142uchiwaniu si\u0119 w g\u0142osy miasta i opowie\u015bci mieszka\u0144c\u00f3w. Ta metoda tw\u00f3rcza przek\u0142ada si\u0119 na jej rozpoznawalno\u015b\u0107 i popularno\u015b\u0107. Jej murale wpisa\u0142y si\u0119 w przestrze\u0144 publiczn\u0105 ju\u017c na sta\u0142e; mimo \u017ce jej prace znikn\u0119\u0142y wraz z wyburzeniem muru, to ci\u0105gle s\u0105 obecne w \u201epami\u0119ci miasta\u201d.Jadwiga Charzy\u0144ska, fragment z katalogu \u201cCud ci\u0119\u017ckiej pracy\u201d\\nIwona Zaj\u0105c urodzi\u0142a si\u0119 w 1971 roku w Polsce. Wykszta\u0142cenie zdoby\u0142a na Akademii Sztuk Pi\u0119knych w Gda\u0144sku w 1999 roku, a od 2017 roku jest doktorem habilitowanym na tym samym wydziale.\\nWi\u0119cej o projekcie Iwony mo\u017cna przeczyta\u0107 tutaj. \\nWi\u0119cej o wystawie w Centrum Kultury Ronneby Konsthall (j. szwedzki).\\nProjekt jest efektem wsp\u00f3\u0142pracy Kulturcentrum Ronneby Konsthall, Konst i Blekinge oraz Instytutu Polskiego w Sztokholmie.\",\"breadcrumb\":{\"@id\":\"https:\/\/instytutpolski.pl\/stockholm\/pl\/2022\/01\/20\/wystawa-iwony-zajac-return\/#breadcrumb\"},\"inLanguage\":\"pl-PL\",\"potentialAction\":[{\"@type\":\"ReadAction\",\"target\":[\"https:\/\/instytutpolski.pl\/stockholm\/pl\/2022\/01\/20\/wystawa-iwony-zajac-return\/\"]}],\"@context\":\"https:\/\/schema.org\",\"startDate\":\"2022-01-22\",\"endDate\":\"2022-03-13\",\"eventStatus\":\"EventScheduled\",\"eventAttendanceMode\":\"OfflineEventAttendanceMode\",\"location\":{\"@type\":\"place\",\"name\":\"Kulturcentrum Ronneby Konsthall, Konst i Blekinge\",\"address\":\"Kulturcentrum Ronneby Konsthall, Konst i Blekinge\",\"geo\":{\"@type\":\"GeoCoordinates\",\"latitude\":\"60.528527469083656\",\"longitude\":\"15.785945012019232\"}}},{\"@type\":\"ImageObject\",\"inLanguage\":\"pl-PL\",\"@id\":\"https:\/\/instytutpolski.pl\/stockholm\/pl\/2022\/01\/20\/wystawa-iwony-zajac-return\/#primaryimage\",\"url\":\"https:\/\/instytutpolski.pl\/stockholm\/wp-content\/uploads\/sites\/17\/2022\/01\/iwona-zajac_baner-www.jpg\",\"contentUrl\":\"https:\/\/instytutpolski.pl\/stockholm\/wp-content\/uploads\/sites\/17\/2022\/01\/iwona-zajac_baner-www.jpg\",\"width\":1120,\"height\":630},{\"@type\":\"BreadcrumbList\",\"@id\":\"https:\/\/instytutpolski.pl\/stockholm\/pl\/2022\/01\/20\/wystawa-iwony-zajac-return\/#breadcrumb\",\"itemListElement\":[{\"@type\":\"ListItem\",\"position\":1,\"name\":\"Home\",\"item\":\"https:\/\/instytutpolski.pl\/stockholm\/\"},{\"@type\":\"ListItem\",\"position\":2,\"name\":\"Wystawa Iwony Zaj\u0105c \u201cReturn\u201d w Centrum Kultury Ronneby Konsthall\"}]},{\"@type\":\"WebSite\",\"@id\":\"https:\/\/instytutpolski.pl\/stockholm\/#website\",\"url\":\"https:\/\/instytutpolski.pl\/stockholm\/\",\"name\":\"Instytut Polski w Sztokholmie\",\"description\":\"Instytuty Polskie\",\"potentialAction\":[{\"@type\":\"SearchAction\",\"target\":{\"@type\":\"EntryPoint\",\"urlTemplate\":\"https:\/\/instytutpolski.pl\/stockholm\/?s={search_term_string}\"},\"query-input\":{\"@type\":\"PropertyValueSpecification\",\"valueRequired\":true,\"valueName\":\"search_term_string\"}}],\"inLanguage\":\"pl-PL\"},{\"@type\":\"Person\",\"@id\":\"https:\/\/instytutpolski.pl\/stockholm\/#\/schema\/person\/062b5a5f61f32b17c98996975db8d556\",\"name\":\"strozniake\",\"image\":{\"@type\":\"ImageObject\",\"inLanguage\":\"pl-PL\",\"@id\":\"https:\/\/instytutpolski.pl\/stockholm\/#\/schema\/person\/image\/\",\"url\":\"https:\/\/secure.gravatar.com\/avatar\/25e0be9897787f9035155a882fde97cc?s=96&d=mm&r=g\",\"contentUrl\":\"https:\/\/secure.gravatar.com\/avatar\/25e0be9897787f9035155a882fde97cc?s=96&d=mm&r=g\",\"caption\":\"strozniake\"},\"sameAs\":[\"http:\/\/strozniake\"],\"url\":\"https:\/\/instytutpolski.pl\/stockholm\/author\/strozniake\/\"}]}<\/script>\n<!-- \/ Yoast SEO plugin. -->","yoast_head_json":{"title":"Wystawa Iwony Zaj\u0105c \u201cReturn\u201d w Centrum Kultury Ronneby Konsthall - Instytut Polski w Sztokholmie","description":"Centrum Kultury Ronneby Konsthall pozna\u0142o Iwon\u0119 Zaj\u0105c w ramach trzyletniego projektu artystycznego \u201cArt Line\u201d, w kt\u00f3rym wzi\u0119li udzia\u0142 arty\u015bci z 5 kraj\u00f3w nadba\u0142tyckich. To w\u0142a\u015bnie tam \u201curzek\u0142y nas jej murale, historie oraz szacunek dla stoczniowc\u00f3w i gda\u0144szczan.\u201d - podkre\u015blaj\u0105 pracownicy Centrum Ronneby Konsthall.","robots":{"index":"index","follow":"follow","max-snippet":"max-snippet:-1","max-image-preview":"max-image-preview:large","max-video-preview":"max-video-preview:-1"},"canonical":"https:\/\/instytutpolski.pl\/stockholm\/pl\/2022\/01\/20\/wystawa-iwony-zajac-return\/","og_locale":"pl_PL","og_type":"article","og_title":"Wystawa Iwony Zaj\u0105c \u201cReturn\u201d w Centrum Kultury Ronneby Konsthall - Instytut Polski w Sztokholmie","og_description":"Centrum Kultury Ronneby Konsthall pozna\u0142o Iwon\u0119 Zaj\u0105c w ramach trzyletniego projektu artystycznego \u201cArt Line\u201d, w kt\u00f3rym wzi\u0119li udzia\u0142 arty\u015bci z 5 kraj\u00f3w nadba\u0142tyckich. To w\u0142a\u015bnie tam \u201curzek\u0142y nas jej murale, historie oraz szacunek dla stoczniowc\u00f3w i gda\u0144szczan.\u201d - podkre\u015blaj\u0105 pracownicy Centrum Ronneby Konsthall.","og_url":"https:\/\/instytutpolski.pl\/stockholm\/pl\/2022\/01\/20\/wystawa-iwony-zajac-return\/","og_site_name":"Instytut Polski w Sztokholmie","article_published_time":"2022-01-20T15:18:24+00:00","article_modified_time":"2022-01-24T14:18:43+00:00","og_image":[{"width":1120,"height":630,"url":"https:\/\/instytutpolski.pl\/stockholm\/wp-content\/uploads\/sites\/17\/2022\/01\/iwona-zajac_baner-www.jpg","type":"image\/jpeg"}],"author":"strozniake","twitter_card":"summary_large_image","twitter_misc":{"Napisane przez":"strozniake","Szacowany czas czytania":"2 minuty"},"schema":{"@context":"https:\/\/schema.org","@graph":[{"@type":"event","@id":"https:\/\/instytutpolski.pl\/stockholm\/pl\/2022\/01\/20\/wystawa-iwony-zajac-return\/","url":"https:\/\/instytutpolski.pl\/stockholm\/pl\/2022\/01\/20\/wystawa-iwony-zajac-return\/","name":"Wystawa Iwony Zaj\u0105c \u201cReturn\u201d w Centrum Kultury Ronneby Konsthall","isPartOf":{"@id":"https:\/\/instytutpolski.pl\/stockholm\/#website"},"primaryImageOfPage":{"@id":"https:\/\/instytutpolski.pl\/stockholm\/pl\/2022\/01\/20\/wystawa-iwony-zajac-return\/#primaryimage"},"image":["https:\/\/instytutpolski.pl\/stockholm\/wp-content\/uploads\/sites\/17\/2022\/01\/iwona-zajac_baner-www.jpg","https:\/\/instytutpolski.pl\/stockholm\/wp-content\/uploads\/sites\/17\/2022\/01\/iwona-zajac_baner-www-300x169.jpg","https:\/\/instytutpolski.pl\/stockholm\/wp-content\/uploads\/sites\/17\/2022\/01\/iwona-zajac_baner-www-1024x576.jpg","https:\/\/instytutpolski.pl\/stockholm\/wp-content\/uploads\/sites\/17\/2022\/01\/iwona-zajac_baner-www.jpg"],"thumbnailUrl":"https:\/\/instytutpolski.pl\/stockholm\/wp-content\/uploads\/sites\/17\/2022\/01\/iwona-zajac_baner-www.jpg","datePublished":"2022-01-20T15:18:24+02:00","dateModified":"2022-01-24T14:18:43+02:00","author":{"@id":"https:\/\/instytutpolski.pl\/stockholm\/#\/schema\/person\/062b5a5f61f32b17c98996975db8d556"},"description":"W swojej tw\u00f3rczo\u015bci Iwona Zaj\u0105c porusza tematy takie jak t\u0119sknota, marzenia, po\u0142\u0105czenie oraz przesz\u0142o\u015b\u0107. Praktyka artystki jest pe\u0142na szacunku do ci\u0119\u017ckiej pracy, kt\u00f3ra tym samym staje si\u0119 integraln\u0105 cz\u0119\u015bci\u0105 jej dzie\u0142 artystycznych.\nW ramach projektu \u201cArt Line\u201d, artystka zosta\u0142a zaproszona na po\u0142udnie Szwecji - do regionu Blekinge, aby pozna\u0107 tradycje mieszkaj\u0105cej tam spo\u0142eczno\u015bci, zar\u00f3wno w zakresie materia\u0142\u00f3w, tradycyjnego ubioru, jak i ich mentalno\u015bci i stylu \u017cycia. W jednej z prac, haftowanym muralu \u201cCierpliwo\u015b\u0107\u201d, mo\u017cna rozpozna\u0107 kwieciste wzory, charakterystyczne dla haft\u00f3w tworzonych w regionie Blekinge. Centrum Kultury Ronneby Konsthall wraz z Konst i Blekinge z dum\u0105 przedstawiaj\u0105 prace Iwony jako ho\u0142d dla historii \u017cycia ludno\u015bci po obu stronach Morza Ba\u0142tyckiego.\nW ramach projektu powsta\u0142 katalog \u201cCud ci\u0119\u017ckiej pracy\u201d, po\u015bwi\u0119cony tw\u00f3rczo\u015bci Iwony Zaj\u0105c, kt\u00f3ry b\u0119dzie mo\u017cna zakupi\u0107 na miejscu.\nIwona Zaj\u0105c jest artystk\u0105 zaanga\u017cowan\u0105 spo\u0142ecznie \u2013 ludzie, po\u015br\u00f3d kt\u00f3rych pracuje i \u017cyje, stanowi\u0105 dla niej \u017ar\u00f3d\u0142o inspiracji. Dzia\u0142ania artystyczne w przestrzeni miejskiej to jej naturalne \u015brodowisko, \u017cywio\u0142, w kt\u00f3rym w pe\u0142ni si\u0119 realizuje. Jej sztuka powstaje dzi\u0119ki ws\u0142uchiwaniu si\u0119 w g\u0142osy miasta i opowie\u015bci mieszka\u0144c\u00f3w. Ta metoda tw\u00f3rcza przek\u0142ada si\u0119 na jej rozpoznawalno\u015b\u0107 i popularno\u015b\u0107. Jej murale wpisa\u0142y si\u0119 w przestrze\u0144 publiczn\u0105 ju\u017c na sta\u0142e; mimo \u017ce jej prace znikn\u0119\u0142y wraz z wyburzeniem muru, to ci\u0105gle s\u0105 obecne w \u201epami\u0119ci miasta\u201d.Jadwiga Charzy\u0144ska, fragment z katalogu \u201cCud ci\u0119\u017ckiej pracy\u201d\nIwona Zaj\u0105c urodzi\u0142a si\u0119 w 1971 roku w Polsce. Wykszta\u0142cenie zdoby\u0142a na Akademii Sztuk Pi\u0119knych w Gda\u0144sku w 1999 roku, a od 2017 roku jest doktorem habilitowanym na tym samym wydziale.\nWi\u0119cej o projekcie Iwony mo\u017cna przeczyta\u0107 tutaj. \nWi\u0119cej o wystawie w Centrum Kultury Ronneby Konsthall (j. szwedzki).\nProjekt jest efektem wsp\u00f3\u0142pracy Kulturcentrum Ronneby Konsthall, Konst i Blekinge oraz Instytutu Polskiego w Sztokholmie.","breadcrumb":{"@id":"https:\/\/instytutpolski.pl\/stockholm\/pl\/2022\/01\/20\/wystawa-iwony-zajac-return\/#breadcrumb"},"inLanguage":"pl-PL","potentialAction":[{"@type":"ReadAction","target":["https:\/\/instytutpolski.pl\/stockholm\/pl\/2022\/01\/20\/wystawa-iwony-zajac-return\/"]}],"@context":"https:\/\/schema.org","startDate":"2022-01-22","endDate":"2022-03-13","eventStatus":"EventScheduled","eventAttendanceMode":"OfflineEventAttendanceMode","location":{"@type":"place","name":"Kulturcentrum Ronneby Konsthall, Konst i Blekinge","address":"Kulturcentrum Ronneby Konsthall, Konst i Blekinge","geo":{"@type":"GeoCoordinates","latitude":"60.528527469083656","longitude":"15.785945012019232"}}},{"@type":"ImageObject","inLanguage":"pl-PL","@id":"https:\/\/instytutpolski.pl\/stockholm\/pl\/2022\/01\/20\/wystawa-iwony-zajac-return\/#primaryimage","url":"https:\/\/instytutpolski.pl\/stockholm\/wp-content\/uploads\/sites\/17\/2022\/01\/iwona-zajac_baner-www.jpg","contentUrl":"https:\/\/instytutpolski.pl\/stockholm\/wp-content\/uploads\/sites\/17\/2022\/01\/iwona-zajac_baner-www.jpg","width":1120,"height":630},{"@type":"BreadcrumbList","@id":"https:\/\/instytutpolski.pl\/stockholm\/pl\/2022\/01\/20\/wystawa-iwony-zajac-return\/#breadcrumb","itemListElement":[{"@type":"ListItem","position":1,"name":"Home","item":"https:\/\/instytutpolski.pl\/stockholm\/"},{"@type":"ListItem","position":2,"name":"Wystawa Iwony Zaj\u0105c \u201cReturn\u201d w Centrum Kultury Ronneby Konsthall"}]},{"@type":"WebSite","@id":"https:\/\/instytutpolski.pl\/stockholm\/#website","url":"https:\/\/instytutpolski.pl\/stockholm\/","name":"Instytut Polski w Sztokholmie","description":"Instytuty Polskie","potentialAction":[{"@type":"SearchAction","target":{"@type":"EntryPoint","urlTemplate":"https:\/\/instytutpolski.pl\/stockholm\/?s={search_term_string}"},"query-input":{"@type":"PropertyValueSpecification","valueRequired":true,"valueName":"search_term_string"}}],"inLanguage":"pl-PL"},{"@type":"Person","@id":"https:\/\/instytutpolski.pl\/stockholm\/#\/schema\/person\/062b5a5f61f32b17c98996975db8d556","name":"strozniake","image":{"@type":"ImageObject","inLanguage":"pl-PL","@id":"https:\/\/instytutpolski.pl\/stockholm\/#\/schema\/person\/image\/","url":"https:\/\/secure.gravatar.com\/avatar\/25e0be9897787f9035155a882fde97cc?s=96&d=mm&r=g","contentUrl":"https:\/\/secure.gravatar.com\/avatar\/25e0be9897787f9035155a882fde97cc?s=96&d=mm&r=g","caption":"strozniake"},"sameAs":["http:\/\/strozniake"],"url":"https:\/\/instytutpolski.pl\/stockholm\/author\/strozniake\/"}]}},"_links":{"self":[{"href":"https:\/\/instytutpolski.pl\/stockholm\/wp-json\/wp\/v2\/posts\/7650","targetHints":{"allow":["GET"]}}],"collection":[{"href":"https:\/\/instytutpolski.pl\/stockholm\/wp-json\/wp\/v2\/posts"}],"about":[{"href":"https:\/\/instytutpolski.pl\/stockholm\/wp-json\/wp\/v2\/types\/post"}],"author":[{"embeddable":true,"href":"https:\/\/instytutpolski.pl\/stockholm\/wp-json\/wp\/v2\/users\/29"}],"replies":[{"embeddable":true,"href":"https:\/\/instytutpolski.pl\/stockholm\/wp-json\/wp\/v2\/comments?post=7650"}],"version-history":[{"count":7,"href":"https:\/\/instytutpolski.pl\/stockholm\/wp-json\/wp\/v2\/posts\/7650\/revisions"}],"predecessor-version":[{"id":7683,"href":"https:\/\/instytutpolski.pl\/stockholm\/wp-json\/wp\/v2\/posts\/7650\/revisions\/7683"}],"wp:featuredmedia":[{"embeddable":true,"href":"https:\/\/instytutpolski.pl\/stockholm\/wp-json\/wp\/v2\/media\/7645"}],"wp:attachment":[{"href":"https:\/\/instytutpolski.pl\/stockholm\/wp-json\/wp\/v2\/media?parent=7650"}],"wp:term":[{"taxonomy":"category","embeddable":true,"href":"https:\/\/instytutpolski.pl\/stockholm\/wp-json\/wp\/v2\/categories?post=7650"},{"taxonomy":"post_tag","embeddable":true,"href":"https:\/\/instytutpolski.pl\/stockholm\/wp-json\/wp\/v2\/tags?post=7650"}],"curies":[{"name":"wp","href":"https:\/\/api.w.org\/{rel}","templated":true}]}}