{"id":7707,"date":"2022-01-20T10:32:00","date_gmt":"2022-01-20T09:32:00","guid":{"rendered":"https:\/\/instytutpolski.pl\/stockholm\/?p=7707"},"modified":"2022-02-09T13:51:28","modified_gmt":"2022-02-09T12:51:28","slug":"patroni-roku-2022","status":"publish","type":"post","link":"https:\/\/instytutpolski.pl\/stockholm\/pl\/2022\/01\/20\/patroni-roku-2022\/","title":{"rendered":"Patroni Roku 2022"},"content":{"rendered":"\n<div class=\"wp-block-media-text alignwide is-stacked-on-mobile\"><figure class=\"wp-block-media-text__media\"><img loading=\"lazy\" decoding=\"async\" width=\"872\" height=\"575\" src=\"https:\/\/instytutpolski.pl\/stockholm\/wp-content\/uploads\/sites\/17\/2022\/01\/39556_zycie-poswiecila-dzieciom-niepelnosprawnym_1.jpg\" alt=\"\" class=\"wp-image-7688 size-full\" srcset=\"https:\/\/instytutpolski.pl\/stockholm\/wp-content\/uploads\/sites\/17\/2022\/01\/39556_zycie-poswiecila-dzieciom-niepelnosprawnym_1.jpg 872w, https:\/\/instytutpolski.pl\/stockholm\/wp-content\/uploads\/sites\/17\/2022\/01\/39556_zycie-poswiecila-dzieciom-niepelnosprawnym_1-300x198.jpg 300w, https:\/\/instytutpolski.pl\/stockholm\/wp-content\/uploads\/sites\/17\/2022\/01\/39556_zycie-poswiecila-dzieciom-niepelnosprawnym_1-768x506.jpg 768w\" sizes=\"auto, (max-width: 872px) 100vw, 872px\" \/><\/figure><div class=\"wp-block-media-text__content\">\n<h5 class=\"wp-block-heading\" id=\"maria-grzegorzewska-1887-1967\"><strong>MARIA GRZEGORZEWSKA<\/strong> <strong>(1887-1967)<\/strong> <\/h5>\n\n\n\n<p class=\"has-normal-font-size\">W 2022 roku mija 100.&nbsp;rocznica za\u0142o\u017cenia Pa\u0144stwowego Instytutu Pedagogiki Specjalnej (obecnie Akademii Pedagogiki Specjalnej im.&nbsp;Marii Grzegorzewskiej w&nbsp;Warszawie). Jego za\u0142o\u017cycielk\u0105 i&nbsp;patronk\u0105 jest <strong>Maria Grzegorzewska<\/strong>, naukowiec, pedagog specjalny, tyflopedagog, tyflopsycholog, dzia\u0142aczka spo\u0142eczna. Jak przypomnia\u0142 Sejm w&nbsp;podj\u0119tej uchwale, \u201emottem swojego \u017cycia i&nbsp;\u017cycia kolejnych pokole\u0144 pedagog\u00f3w specjalnych, specjalist\u00f3w pracuj\u0105cych na rzecz os\u00f3b z&nbsp;niepe\u0142nosprawno\u015bciami uczyni\u0142a ona stwierdzenie: \u201eNie ma kaleki \u2013 jest cz\u0142owiek\u201d.<\/p>\n<\/div><\/div>\n\n\n\n<div style=\"height:40px\" aria-hidden=\"true\" class=\"wp-block-spacer\"><\/div>\n\n\n\n<div class=\"wp-block-media-text alignwide has-media-on-the-right is-stacked-on-mobile\"><figure class=\"wp-block-media-text__media\"><img loading=\"lazy\" decoding=\"async\" width=\"1024\" height=\"681\" src=\"https:\/\/instytutpolski.pl\/stockholm\/wp-content\/uploads\/sites\/17\/2022\/01\/2_Maria_Konopnicka-1024x681.jpg\" alt=\"\" class=\"wp-image-7685 size-full\" srcset=\"https:\/\/instytutpolski.pl\/stockholm\/wp-content\/uploads\/sites\/17\/2022\/01\/2_Maria_Konopnicka-1024x681.jpg 1024w, https:\/\/instytutpolski.pl\/stockholm\/wp-content\/uploads\/sites\/17\/2022\/01\/2_Maria_Konopnicka-300x199.jpg 300w, https:\/\/instytutpolski.pl\/stockholm\/wp-content\/uploads\/sites\/17\/2022\/01\/2_Maria_Konopnicka-768x510.jpg 768w, https:\/\/instytutpolski.pl\/stockholm\/wp-content\/uploads\/sites\/17\/2022\/01\/2_Maria_Konopnicka-1536x1021.jpg 1536w, https:\/\/instytutpolski.pl\/stockholm\/wp-content\/uploads\/sites\/17\/2022\/01\/2_Maria_Konopnicka-2048x1361.jpg 2048w\" sizes=\"auto, (max-width: 1024px) 100vw, 1024px\" \/><\/figure><div class=\"wp-block-media-text__content\">\n<h5 class=\"wp-block-heading\" id=\"maria-konopnicka-1842-1910\"><strong>MARIA KONOPNICKA<\/strong> <strong>(1842-1910)<\/strong><\/h5>\n\n\n\n<p class=\"has-normal-font-size\">\u201eW maju 2022 roku przypada 180.&nbsp;rocznica urodzin <strong>Marii Konopnickiej<\/strong>, polskiej pisarki, poetki, t\u0142umaczki i&nbsp;publicystki. Z&nbsp;tej okazji Sejm postanowi\u0142 uhonorowa\u0107 jedn\u0105 z&nbsp;najwybitniejszych pisarek w&nbsp;historii literatury polskiej, tw\u00f3rczyni\u0119 \u201eRoty\u201d. Za pomoc\u0105 utwor\u00f3w literackich protestowa\u0142a przeciwko antypolskiej polityce zaborc\u00f3w i&nbsp;niesprawiedliwo\u015bci spo\u0142ecznej oraz represjom wobec dzieci polskich. Walczy\u0142a o&nbsp;prawa kobiet oraz pomaga\u0142a uwi\u0119zionym z&nbsp;przyczyn politycznych przez rosyjskie w\u0142adze.<\/p>\n<\/div><\/div>\n\n\n\n<div style=\"height:40px\" aria-hidden=\"true\" class=\"wp-block-spacer\"><\/div>\n\n\n\n<div class=\"wp-block-media-text alignwide is-stacked-on-mobile\"><figure class=\"wp-block-media-text__media\"><img loading=\"lazy\" decoding=\"async\" width=\"356\" height=\"486\" src=\"https:\/\/instytutpolski.pl\/stockholm\/wp-content\/uploads\/sites\/17\/2022\/01\/Ignacy_Lukasiewicz-1.jpg\" alt=\"\" class=\"wp-image-7692 size-full\" srcset=\"https:\/\/instytutpolski.pl\/stockholm\/wp-content\/uploads\/sites\/17\/2022\/01\/Ignacy_Lukasiewicz-1.jpg 356w, https:\/\/instytutpolski.pl\/stockholm\/wp-content\/uploads\/sites\/17\/2022\/01\/Ignacy_Lukasiewicz-1-220x300.jpg 220w\" sizes=\"auto, (max-width: 356px) 100vw, 356px\" \/><\/figure><div class=\"wp-block-media-text__content\">\n<h5 class=\"wp-block-heading\" id=\"ignacy-lukasiewicz-1822-1882\"><strong>IGNACY \u0141UKASIEWICZ (1822-1882) <\/strong><\/h5>\n\n\n\n<p class=\"has-normal-font-size\">200 lat temu, w&nbsp;marcu 1822 roku, urodzi\u0142 si\u0119<strong> Ignacy \u0141ukasiewicz<\/strong>, tw\u00f3rca \u015bwiatowego przemys\u0142u naftowego. W&nbsp;2022 roku przypada tak\u017ce 140.&nbsp;rocznica jego \u015bmierci. Z&nbsp;wykszta\u0142cenia farmaceuta, podczas pracy w&nbsp;aptece prowadzi\u0142 badania nad destylacj\u0105 ropy naftowej, z&nbsp;kt\u00f3rej uda\u0142o mu si\u0119 wydzieli\u0107 naft\u0119. Wynalaz\u0142 on tak\u017ce lamp\u0119 naftow\u0105. Sejm zdecydowa\u0142 o&nbsp;ustanowieniu 2022 Rokiem Ignacego \u0141ukasiewicza \u201eszczeg\u00f3lnie ze wzgl\u0119du na wielkie i&nbsp;niezwyk\u0142e zas\u0142ugi Ignacego \u0141ukasiewicza dla przemys\u0142u i&nbsp;gospodarki Polski, a&nbsp;tak\u017ce Jego zaanga\u017cowanie w&nbsp;walk\u0119 o&nbsp;niepodleg\u0142o\u015b\u0107 Ojczyzny oraz dba\u0142o\u015b\u0107 o&nbsp;pracownik\u00f3w\u201d.<\/p>\n<\/div><\/div>\n\n\n\n<div style=\"height:40px\" aria-hidden=\"true\" class=\"wp-block-spacer\"><\/div>\n\n\n\n<div class=\"wp-block-media-text alignwide has-media-on-the-right is-stacked-on-mobile\"><figure class=\"wp-block-media-text__media\"><img loading=\"lazy\" decoding=\"async\" width=\"1024\" height=\"602\" src=\"https:\/\/instytutpolski.pl\/stockholm\/wp-content\/uploads\/sites\/17\/2022\/01\/4_Jozef_Mackiewicz-1-1024x602.jpg\" alt=\"\" class=\"wp-image-7693 size-full\" srcset=\"https:\/\/instytutpolski.pl\/stockholm\/wp-content\/uploads\/sites\/17\/2022\/01\/4_Jozef_Mackiewicz-1-1024x602.jpg 1024w, https:\/\/instytutpolski.pl\/stockholm\/wp-content\/uploads\/sites\/17\/2022\/01\/4_Jozef_Mackiewicz-1-300x176.jpg 300w, https:\/\/instytutpolski.pl\/stockholm\/wp-content\/uploads\/sites\/17\/2022\/01\/4_Jozef_Mackiewicz-1-768x451.jpg 768w, https:\/\/instytutpolski.pl\/stockholm\/wp-content\/uploads\/sites\/17\/2022\/01\/4_Jozef_Mackiewicz-1-1536x903.jpg 1536w, https:\/\/instytutpolski.pl\/stockholm\/wp-content\/uploads\/sites\/17\/2022\/01\/4_Jozef_Mackiewicz-1-2048x1204.jpg 2048w\" sizes=\"auto, (max-width: 1024px) 100vw, 1024px\" \/><\/figure><div class=\"wp-block-media-text__content\">\n<h5 class=\"wp-block-heading\" id=\"jozef-mackiewicz-1902-1985\"><strong>J\u00d3ZEF MACKIEWICZ (1902-1985) <\/strong><\/h5>\n\n\n\n<p class=\"has-normal-font-size\"><strong>J\u00f3zef Mackiewicz<\/strong> urodzi\u0142 si\u0119 120&nbsp;lat temu, w&nbsp;kwietniu 1902 roku. Ten jeden z&nbsp;najwi\u0119kszych pisarzy polskich w&nbsp;swej tw\u00f3rczo\u015bci \u201eprzedstawia\u0142 \u017cycie mieszka\u0144c\u00f3w pogranicza polsko-litewsko-bia\u0142oruskiego na tle prze\u0142omowych wydarze\u0144 historycznych i&nbsp;odwo\u0142ywa\u0142 si\u0119 do tradycji wielonarodowej I&nbsp;Rzeczypospolitej\u201d. Sejm ustanowi\u0142 pisarza patronem 2022 roku, \u201euznaj\u0105c wielko\u015b\u0107 jego dorobku wytrwale wspieraj\u0105cego idee: niepodleg\u0142o\u015bci Polski, wolno\u015bci i&nbsp;przyjaznego wsp\u00f3\u0142istnienia narod\u00f3w Europy \u015arodkowo-Wschodniej i&nbsp;niez\u0142omnego oporu przeciwko komunizmowi\u201d.<\/p>\n<\/div><\/div>\n\n\n\n<div style=\"height:40px\" aria-hidden=\"true\" class=\"wp-block-spacer\"><\/div>\n\n\n\n<div class=\"wp-block-media-text alignwide is-stacked-on-mobile\"><figure class=\"wp-block-media-text__media\"><img loading=\"lazy\" decoding=\"async\" width=\"812\" height=\"987\" src=\"https:\/\/instytutpolski.pl\/stockholm\/wp-content\/uploads\/sites\/17\/2022\/01\/Wanda_Rutkiewicz_Gory_Sokole_fot._Seweryn_Bidzinski.jpg\" alt=\"\" class=\"wp-image-7690 size-full\" srcset=\"https:\/\/instytutpolski.pl\/stockholm\/wp-content\/uploads\/sites\/17\/2022\/01\/Wanda_Rutkiewicz_Gory_Sokole_fot._Seweryn_Bidzinski.jpg 812w, https:\/\/instytutpolski.pl\/stockholm\/wp-content\/uploads\/sites\/17\/2022\/01\/Wanda_Rutkiewicz_Gory_Sokole_fot._Seweryn_Bidzinski-247x300.jpg 247w, https:\/\/instytutpolski.pl\/stockholm\/wp-content\/uploads\/sites\/17\/2022\/01\/Wanda_Rutkiewicz_Gory_Sokole_fot._Seweryn_Bidzinski-768x934.jpg 768w\" sizes=\"auto, (max-width: 812px) 100vw, 812px\" \/><\/figure><div class=\"wp-block-media-text__content\">\n<h5 class=\"wp-block-heading\" id=\"wanda-rutkiewicz-1943-1992\"><strong>WANDA RUTKIEWICZ (1943-1992) <\/strong><\/h5>\n\n\n\n<p class=\"has-normal-font-size\">30 lat temu, w maju 1992 roku, w drodze na Kanczendzong\u0119, sw\u00f3j dziewi\u0105ty o\u015bmiotysi\u0119cznik, zagin\u0119\u0142a <strong>Wanda Rutkiewicz<\/strong> \u2013 himalaistka, pierwsza Polka i trzecia kobieta na \u015bwiecie, kt\u00f3ra zdoby\u0142a najwy\u017cszy szczyt \u015bwiata \u2013 Mount Everest. \u201ePokonywa\u0142a bariery, zosta\u0142a prekursork\u0105 kobiecych zespo\u0142\u00f3w g\u00f3rskich, bo nie godzi\u0142a si\u0119, by zdolne alpinistki \u201eby\u0142y wy\u0142\u0105cznie broszkami w m\u0119skich wyprawach\u201d. Imponowa\u0142a si\u0142\u0105, sprawno\u015bci\u0105 fizyczn\u0105 i niezwyk\u0142\u0105 inteligencj\u0105\u201d \u2013 podkre\u015bli\u0142 Sejm.<\/p>\n\n\n\n<p><em>Zdj\u0119cie: Seweryn Bidzi\u0144ski<\/em><\/p>\n<\/div><\/div>\n\n\n\n<div style=\"height:40px\" aria-hidden=\"true\" class=\"wp-block-spacer\"><\/div>\n\n\n\n<div class=\"wp-block-media-text alignwide has-media-on-the-right is-stacked-on-mobile\"><figure class=\"wp-block-media-text__media\"><img loading=\"lazy\" decoding=\"async\" width=\"1024\" height=\"538\" src=\"https:\/\/instytutpolski.pl\/stockholm\/wp-content\/uploads\/sites\/17\/2022\/01\/6_Jozef_Wybicki-1024x538.jpg\" alt=\"\" class=\"wp-image-7687 size-full\" srcset=\"https:\/\/instytutpolski.pl\/stockholm\/wp-content\/uploads\/sites\/17\/2022\/01\/6_Jozef_Wybicki-1024x538.jpg 1024w, https:\/\/instytutpolski.pl\/stockholm\/wp-content\/uploads\/sites\/17\/2022\/01\/6_Jozef_Wybicki-300x158.jpg 300w, https:\/\/instytutpolski.pl\/stockholm\/wp-content\/uploads\/sites\/17\/2022\/01\/6_Jozef_Wybicki-768x403.jpg 768w, https:\/\/instytutpolski.pl\/stockholm\/wp-content\/uploads\/sites\/17\/2022\/01\/6_Jozef_Wybicki-1536x806.jpg 1536w, https:\/\/instytutpolski.pl\/stockholm\/wp-content\/uploads\/sites\/17\/2022\/01\/6_Jozef_Wybicki-2048x1075.jpg 2048w\" sizes=\"auto, (max-width: 1024px) 100vw, 1024px\" \/><\/figure><div class=\"wp-block-media-text__content\">\n<h5 class=\"wp-block-heading\" id=\"jozef-wybicki-1747-1822\"><strong>J\u00d3ZEF WYBICKI (1747-1822)<\/strong> <\/h5>\n\n\n\n<p class=\"has-normal-font-size\"><strong>J\u00f3zef Wybicki<\/strong>, autor polskiego hymnu narodowego, wielokrotny pose\u0142 na Sejm, jeden z&nbsp;inicjator\u00f3w Konfederacji Barskiej, uczestnik prac wdra\u017caj\u0105cych Konstytucj\u0119 3&nbsp;Maja, wsp\u00f3\u0142organizator Insurekcji Ko\u015bciuszkowskiej, zmar\u0142 200&nbsp;lat temu, w&nbsp;marcu 1822 roku. W&nbsp;tym roku b\u0119dziemy obchodzi\u0107 tak\u017ce 275.&nbsp;rocznic\u0119 jego urodzin oraz 225-lecie powstania \u201ePie\u015bni Legion\u00f3w Polskich we W\u0142oszech\u201d, w&nbsp;dwudziestoleciu mi\u0119dzywojennym sta\u0142a si\u0119 polskim hymnem narodowym.&nbsp;<\/p>\n<\/div><\/div>\n\n\n\n<div style=\"height:40px\" aria-hidden=\"true\" class=\"wp-block-spacer\"><\/div>\n\n\n\n<div class=\"wp-block-media-text alignwide is-stacked-on-mobile\"><figure class=\"wp-block-media-text__media\"><img loading=\"lazy\" decoding=\"async\" width=\"827\" height=\"1024\" src=\"https:\/\/instytutpolski.pl\/stockholm\/wp-content\/uploads\/sites\/17\/2022\/01\/Wankowicz_Adam_Mickiewicz-827x1024.jpg\" alt=\"\" class=\"wp-image-7691 size-full\" srcset=\"https:\/\/instytutpolski.pl\/stockholm\/wp-content\/uploads\/sites\/17\/2022\/01\/Wankowicz_Adam_Mickiewicz-827x1024.jpg 827w, https:\/\/instytutpolski.pl\/stockholm\/wp-content\/uploads\/sites\/17\/2022\/01\/Wankowicz_Adam_Mickiewicz-242x300.jpg 242w, https:\/\/instytutpolski.pl\/stockholm\/wp-content\/uploads\/sites\/17\/2022\/01\/Wankowicz_Adam_Mickiewicz-768x951.jpg 768w, https:\/\/instytutpolski.pl\/stockholm\/wp-content\/uploads\/sites\/17\/2022\/01\/Wankowicz_Adam_Mickiewicz-1241x1536.jpg 1241w, https:\/\/instytutpolski.pl\/stockholm\/wp-content\/uploads\/sites\/17\/2022\/01\/Wankowicz_Adam_Mickiewicz-1655x2048.jpg 1655w, https:\/\/instytutpolski.pl\/stockholm\/wp-content\/uploads\/sites\/17\/2022\/01\/Wankowicz_Adam_Mickiewicz.jpg 1969w\" sizes=\"auto, (max-width: 827px) 100vw, 827px\" \/><\/figure><div class=\"wp-block-media-text__content\">\n<h5 class=\"wp-block-heading\" id=\"romantyzm-polski\"><strong>ROMANTYZM POLSKI<\/strong><\/h5>\n\n\n\n<p class=\"has-normal-font-size\">\u201eW 1822 roku w Wilnie ukaza\u0142y si\u0119 \u201eBallady i romanse\u201d Adama Mickiewicza, zawarte w tomiku poetyckim, kt\u00f3ry wyznaczy\u0142 pocz\u0105tek polskiego romantyzmu, (\u2026) bez kt\u00f3rego trudno wyobrazi\u0107 sobie ostatnich dwie\u015bcie lat polskiej kultury\u201d \u2013 napisali pos\u0142owie w uchwale ustanawiaj\u0105cej rok 2022 Rokiem <strong>Romantyzmu Polskiego<\/strong>. Zrodzi\u0142a si\u0119 epoka, w kt\u00f3rej tworzyli genialni arty\u015bci, my\u015bliciele i dzia\u0142acze polityczni, kt\u00f3rzy w sytuacji narodowej niewoli stworzyli kraj duchowej wolno\u015bci, a zarazem wynie\u015bli polsk\u0105 muzyk\u0119, literatur\u0119 i malarstwo do rangi czo\u0142owych osi\u0105gni\u0119\u0107 kultury europejskiej. Do najwybitniejszych polskich tw\u00f3rc\u00f3w epoki romantyzmu nale\u017c\u0105: Adam Mickiewicz, Juliusz S\u0142owacki, Zygmunt Krasi\u0144ski i Cyprian Kamiml Norwid w dziedzinie literatury, Fryderyk Chopin i Stanis\u0142aw Moniuszko w muzyce, Piotr Micha\u0142owski i Jan Matejko w malarstwie.<\/p>\n<\/div><\/div>\n","protected":false},"excerpt":{"rendered":"<p>MARIA GRZEGORZEWSKA (1887-1967) W 2022 roku mija 100.&nbsp;rocznica za\u0142o\u017cenia Pa\u0144stwowego Instytutu Pedagogiki Specjalnej (obecnie Akademii Pedagogiki Specjalnej im.&nbsp;Marii Grzegorzewskiej w&nbsp;Warszawie). Jego za\u0142o\u017cycielk\u0105 i&nbsp;patronk\u0105 jest Maria Grzegorzewska, naukowiec, pedagog specjalny, tyflopedagog, tyflopsycholog, dzia\u0142aczka spo\u0142eczna. Jak przypomnia\u0142 Sejm w&nbsp;podj\u0119tej uchwale, \u201emottem swojego \u017cycia i&nbsp;\u017cycia kolejnych pokole\u0144 pedagog\u00f3w specjalnych, specjalist\u00f3w pracuj\u0105cych na rzecz os\u00f3b z&nbsp;niepe\u0142nosprawno\u015bciami uczyni\u0142a ona stwierdzenie: [&hellip;]<\/p>\n","protected":false},"author":29,"featured_media":7694,"comment_status":"closed","ping_status":"closed","sticky":true,"template":"","format":"standard","meta":{"inline_featured_image":false,"_monsterinsights_skip_tracking":false,"_monsterinsights_sitenote_active":false,"_monsterinsights_sitenote_note":"","_monsterinsights_sitenote_category":0,"footnotes":""},"categories":[224,190],"tags":[],"class_list":["post-7707","post","type-post","status-publish","format-standard","has-post-thumbnail","hentry","category-aktualnosc-pl","category-sztuka-polska"],"yoast_head":"<!-- This site is optimized with the Yoast SEO plugin v24.6 - https:\/\/yoast.com\/wordpress\/plugins\/seo\/ -->\n<title>Patroni Roku 2022 - Instytut Polski w Sztokholmie<\/title>\n<meta name=\"description\" content=\"Maria Grzegorzewska, Maria Konopnicka, Ignacy \u0141ukasiewicz, J\u00f3zef Mackiewicz, Wanda Rutkiewicz, J\u00f3zef Wybicki oraz Romantyzm Polski b\u0119d\u0105 patronowa\u0107 rokowi 2022. Sejm Rzeczypospolitej Polskiej zdecydowa\u0142 o uhonorowaniu wybitnych postaci oraz epoki, kt\u00f3ra okre\u015bli\u0142a polsk\u0105 narodow\u0105 to\u017csamo\u015b\u0107.\" \/>\n<meta name=\"robots\" content=\"index, follow, max-snippet:-1, max-image-preview:large, max-video-preview:-1\" \/>\n<link rel=\"canonical\" href=\"https:\/\/instytutpolski.pl\/stockholm\/pl\/2022\/01\/20\/patroni-roku-2022\/\" \/>\n<meta property=\"og:locale\" content=\"pl_PL\" \/>\n<meta property=\"og:type\" content=\"article\" \/>\n<meta property=\"og:title\" content=\"Patroni Roku 2022 - Instytut Polski w Sztokholmie\" \/>\n<meta property=\"og:description\" content=\"Maria Grzegorzewska, Maria Konopnicka, Ignacy \u0141ukasiewicz, J\u00f3zef Mackiewicz, Wanda Rutkiewicz, J\u00f3zef Wybicki oraz Romantyzm Polski b\u0119d\u0105 patronowa\u0107 rokowi 2022. Sejm Rzeczypospolitej Polskiej zdecydowa\u0142 o uhonorowaniu wybitnych postaci oraz epoki, kt\u00f3ra okre\u015bli\u0142a polsk\u0105 narodow\u0105 to\u017csamo\u015b\u0107.\" \/>\n<meta property=\"og:url\" content=\"https:\/\/instytutpolski.pl\/stockholm\/pl\/2022\/01\/20\/patroni-roku-2022\/\" \/>\n<meta property=\"og:site_name\" content=\"Instytut Polski w Sztokholmie\" \/>\n<meta property=\"article:published_time\" content=\"2022-01-20T09:32:00+00:00\" \/>\n<meta property=\"article:modified_time\" content=\"2022-02-09T12:51:28+00:00\" \/>\n<meta property=\"og:image\" content=\"https:\/\/instytutpolski.pl\/stockholm\/wp-content\/uploads\/sites\/17\/2022\/01\/Arets-hedersjubilarer-2022.jpg\" \/>\n\t<meta property=\"og:image:width\" content=\"2000\" \/>\n\t<meta property=\"og:image:height\" content=\"1600\" \/>\n\t<meta property=\"og:image:type\" content=\"image\/jpeg\" \/>\n<meta name=\"author\" content=\"strozniake\" \/>\n<meta name=\"twitter:card\" content=\"summary_large_image\" \/>\n<meta name=\"twitter:label1\" content=\"Napisane przez\" \/>\n\t<meta name=\"twitter:data1\" content=\"strozniake\" \/>\n\t<meta name=\"twitter:label2\" content=\"Szacowany czas czytania\" \/>\n\t<meta name=\"twitter:data2\" content=\"5 minut\" \/>\n<script type=\"application\/ld+json\" class=\"yoast-schema-graph\">{\"@context\":\"https:\/\/schema.org\",\"@graph\":[{\"@type\":\"event\",\"@id\":\"https:\/\/instytutpolski.pl\/stockholm\/pl\/2022\/01\/20\/patroni-roku-2022\/\",\"url\":\"https:\/\/instytutpolski.pl\/stockholm\/pl\/2022\/01\/20\/patroni-roku-2022\/\",\"name\":\"Patroni Roku 2022\",\"isPartOf\":{\"@id\":\"https:\/\/instytutpolski.pl\/stockholm\/#website\"},\"primaryImageOfPage\":{\"@id\":\"https:\/\/instytutpolski.pl\/stockholm\/pl\/2022\/01\/20\/patroni-roku-2022\/#primaryimage\"},\"image\":[\"https:\/\/instytutpolski.pl\/stockholm\/wp-content\/uploads\/sites\/17\/2022\/01\/Arets-hedersjubilarer-2022.jpg\",\"https:\/\/instytutpolski.pl\/stockholm\/wp-content\/uploads\/sites\/17\/2022\/01\/Arets-hedersjubilarer-2022-300x240.jpg\",\"https:\/\/instytutpolski.pl\/stockholm\/wp-content\/uploads\/sites\/17\/2022\/01\/Arets-hedersjubilarer-2022-1024x819.jpg\",\"https:\/\/instytutpolski.pl\/stockholm\/wp-content\/uploads\/sites\/17\/2022\/01\/Arets-hedersjubilarer-2022.jpg\"],\"thumbnailUrl\":\"https:\/\/instytutpolski.pl\/stockholm\/wp-content\/uploads\/sites\/17\/2022\/01\/Arets-hedersjubilarer-2022.jpg\",\"datePublished\":\"2022-01-20T09:32:00+02:00\",\"dateModified\":\"2022-02-09T12:51:28+02:00\",\"author\":{\"@id\":\"https:\/\/instytutpolski.pl\/stockholm\/#\/schema\/person\/062b5a5f61f32b17c98996975db8d556\"},\"description\":\"MARIA GRZEGORZEWSKA (1887-1967) \\nW 2022 roku mija 100. rocznica za\u0142o\u017cenia Pa\u0144stwowego Instytutu Pedagogiki Specjalnej (obecnie Akademii Pedagogiki Specjalnej im. Marii Grzegorzewskiej w Warszawie). Jego za\u0142o\u017cycielk\u0105 i patronk\u0105 jest Maria Grzegorzewska, naukowiec, pedagog specjalny, tyflopedagog, tyflopsycholog, dzia\u0142aczka spo\u0142eczna. Jak przypomnia\u0142 Sejm w podj\u0119tej uchwale, \u201emottem swojego \u017cycia i \u017cycia kolejnych pokole\u0144 pedagog\u00f3w specjalnych, specjalist\u00f3w pracuj\u0105cych na rzecz os\u00f3b z niepe\u0142nosprawno\u015bciami uczyni\u0142a ona stwierdzenie: \u201eNie ma kaleki \u2013 jest cz\u0142owiek\u201d.\\nMARIA KONOPNICKA (1842-1910)\\n\u201eW maju 2022 roku przypada 180. rocznica urodzin Marii Konopnickiej, polskiej pisarki, poetki, t\u0142umaczki i publicystki. Z tej okazji Sejm postanowi\u0142 uhonorowa\u0107 jedn\u0105 z najwybitniejszych pisarek w historii literatury polskiej, tw\u00f3rczyni\u0119 \u201eRoty\u201d. Za pomoc\u0105 utwor\u00f3w literackich protestowa\u0142a przeciwko antypolskiej polityce zaborc\u00f3w i niesprawiedliwo\u015bci spo\u0142ecznej oraz represjom wobec dzieci polskich. Walczy\u0142a o prawa kobiet oraz pomaga\u0142a uwi\u0119zionym z przyczyn politycznych przez rosyjskie w\u0142adze.\\nIGNACY \u0141UKASIEWICZ (1822-1882) \\n200 lat temu, w marcu 1822 roku, urodzi\u0142 si\u0119 Ignacy \u0141ukasiewicz, tw\u00f3rca \u015bwiatowego przemys\u0142u naftowego. W 2022 roku przypada tak\u017ce 140. rocznica jego \u015bmierci. Z wykszta\u0142cenia farmaceuta, podczas pracy w aptece prowadzi\u0142 badania nad destylacj\u0105 ropy naftowej, z kt\u00f3rej uda\u0142o mu si\u0119 wydzieli\u0107 naft\u0119. Wynalaz\u0142 on tak\u017ce lamp\u0119 naftow\u0105. Sejm zdecydowa\u0142 o ustanowieniu 2022 Rokiem Ignacego \u0141ukasiewicza \u201eszczeg\u00f3lnie ze wzgl\u0119du na wielkie i niezwyk\u0142e zas\u0142ugi Ignacego \u0141ukasiewicza dla przemys\u0142u i gospodarki Polski, a tak\u017ce Jego zaanga\u017cowanie w walk\u0119 o niepodleg\u0142o\u015b\u0107 Ojczyzny oraz dba\u0142o\u015b\u0107 o pracownik\u00f3w\u201d.\\nJ\u00d3ZEF MACKIEWICZ (1902-1985) \\nJ\u00f3zef Mackiewicz urodzi\u0142 si\u0119 120 lat temu, w kwietniu 1902 roku. Ten jeden z najwi\u0119kszych pisarzy polskich w swej tw\u00f3rczo\u015bci \u201eprzedstawia\u0142 \u017cycie mieszka\u0144c\u00f3w pogranicza polsko-litewsko-bia\u0142oruskiego na tle prze\u0142omowych wydarze\u0144 historycznych i odwo\u0142ywa\u0142 si\u0119 do tradycji wielonarodowej I Rzeczypospolitej\u201d. Sejm ustanowi\u0142 pisarza patronem 2022 roku, \u201euznaj\u0105c wielko\u015b\u0107 jego dorobku wytrwale wspieraj\u0105cego idee: niepodleg\u0142o\u015bci Polski, wolno\u015bci i przyjaznego wsp\u00f3\u0142istnienia narod\u00f3w Europy \u015arodkowo-Wschodniej i niez\u0142omnego oporu przeciwko komunizmowi\u201d.\\nWANDA RUTKIEWICZ (1943-1992) \\n30 lat temu, w maju 1992 roku, w drodze na Kanczendzong\u0119, sw\u00f3j dziewi\u0105ty o\u015bmiotysi\u0119cznik, zagin\u0119\u0142a Wanda Rutkiewicz \u2013 himalaistka, pierwsza Polka i trzecia kobieta na \u015bwiecie, kt\u00f3ra zdoby\u0142a najwy\u017cszy szczyt \u015bwiata \u2013 Mount Everest. \u201ePokonywa\u0142a bariery, zosta\u0142a prekursork\u0105 kobiecych zespo\u0142\u00f3w g\u00f3rskich, bo nie godzi\u0142a si\u0119, by zdolne alpinistki \u201eby\u0142y wy\u0142\u0105cznie broszkami w m\u0119skich wyprawach\u201d. Imponowa\u0142a si\u0142\u0105, sprawno\u015bci\u0105 fizyczn\u0105 i niezwyk\u0142\u0105 inteligencj\u0105\u201d \u2013 podkre\u015bli\u0142 Sejm.\\nZdj\u0119cie: Seweryn Bidzi\u0144ski\\nJ\u00d3ZEF WYBICKI (1747-1822) \\nJ\u00f3zef Wybicki, autor polskiego hymnu narodowego, wielokrotny pose\u0142 na Sejm, jeden z inicjator\u00f3w Konfederacji Barskiej, uczestnik prac wdra\u017caj\u0105cych Konstytucj\u0119 3 Maja, wsp\u00f3\u0142organizator Insurekcji Ko\u015bciuszkowskiej, zmar\u0142 200 lat temu, w marcu 1822 roku. W tym roku b\u0119dziemy obchodzi\u0107 tak\u017ce 275. rocznic\u0119 jego urodzin oraz 225-lecie powstania \u201ePie\u015bni Legion\u00f3w Polskich we W\u0142oszech\u201d, w dwudziestoleciu mi\u0119dzywojennym sta\u0142a si\u0119 polskim hymnem narodowym. \\nROMANTYZM POLSKI\\n\u201eW 1822 roku w Wilnie ukaza\u0142y si\u0119 \u201eBallady i romanse\u201d Adama Mickiewicza, zawarte w tomiku poetyckim, kt\u00f3ry wyznaczy\u0142 pocz\u0105tek polskiego romantyzmu, (\u2026) bez kt\u00f3rego trudno wyobrazi\u0107 sobie ostatnich dwie\u015bcie lat polskiej kultury\u201d \u2013 napisali pos\u0142owie w uchwale ustanawiaj\u0105cej rok 2022 Rokiem Romantyzmu Polskiego. Zrodzi\u0142a si\u0119 epoka, w kt\u00f3rej tworzyli genialni arty\u015bci, my\u015bliciele i dzia\u0142acze polityczni, kt\u00f3rzy w sytuacji narodowej niewoli stworzyli kraj duchowej wolno\u015bci, a zarazem wynie\u015bli polsk\u0105 muzyk\u0119, literatur\u0119 i malarstwo do rangi czo\u0142owych osi\u0105gni\u0119\u0107 kultury europejskiej. Do najwybitniejszych polskich tw\u00f3rc\u00f3w epoki romantyzmu nale\u017c\u0105: Adam Mickiewicz, Juliusz S\u0142owacki, Zygmunt Krasi\u0144ski i Cyprian Kamiml Norwid w dziedzinie literatury, Fryderyk Chopin i Stanis\u0142aw Moniuszko w muzyce, Piotr Micha\u0142owski i Jan Matejko w malarstwie.\",\"breadcrumb\":{\"@id\":\"https:\/\/instytutpolski.pl\/stockholm\/pl\/2022\/01\/20\/patroni-roku-2022\/#breadcrumb\"},\"inLanguage\":\"pl-PL\",\"potentialAction\":[{\"@type\":\"ReadAction\",\"target\":[\"https:\/\/instytutpolski.pl\/stockholm\/pl\/2022\/01\/20\/patroni-roku-2022\/\"]}],\"@context\":\"https:\/\/schema.org\",\"startDate\":\"2022-01-20\",\"endDate\":\"2022-01-20\",\"eventStatus\":\"EventScheduled\",\"eventAttendanceMode\":\"OfflineEventAttendanceMode\",\"location\":{\"@type\":\"place\",\"name\":\"\",\"address\":\"\",\"geo\":{\"@type\":\"GeoCoordinates\",\"latitude\":\"\",\"longitude\":\"\"}}},{\"@type\":\"ImageObject\",\"inLanguage\":\"pl-PL\",\"@id\":\"https:\/\/instytutpolski.pl\/stockholm\/pl\/2022\/01\/20\/patroni-roku-2022\/#primaryimage\",\"url\":\"https:\/\/instytutpolski.pl\/stockholm\/wp-content\/uploads\/sites\/17\/2022\/01\/Arets-hedersjubilarer-2022.jpg\",\"contentUrl\":\"https:\/\/instytutpolski.pl\/stockholm\/wp-content\/uploads\/sites\/17\/2022\/01\/Arets-hedersjubilarer-2022.jpg\",\"width\":2000,\"height\":1600},{\"@type\":\"BreadcrumbList\",\"@id\":\"https:\/\/instytutpolski.pl\/stockholm\/pl\/2022\/01\/20\/patroni-roku-2022\/#breadcrumb\",\"itemListElement\":[{\"@type\":\"ListItem\",\"position\":1,\"name\":\"Home\",\"item\":\"https:\/\/instytutpolski.pl\/stockholm\/\"},{\"@type\":\"ListItem\",\"position\":2,\"name\":\"Patroni Roku 2022\"}]},{\"@type\":\"WebSite\",\"@id\":\"https:\/\/instytutpolski.pl\/stockholm\/#website\",\"url\":\"https:\/\/instytutpolski.pl\/stockholm\/\",\"name\":\"Instytut Polski w Sztokholmie\",\"description\":\"Instytuty Polskie\",\"potentialAction\":[{\"@type\":\"SearchAction\",\"target\":{\"@type\":\"EntryPoint\",\"urlTemplate\":\"https:\/\/instytutpolski.pl\/stockholm\/?s={search_term_string}\"},\"query-input\":{\"@type\":\"PropertyValueSpecification\",\"valueRequired\":true,\"valueName\":\"search_term_string\"}}],\"inLanguage\":\"pl-PL\"},{\"@type\":\"Person\",\"@id\":\"https:\/\/instytutpolski.pl\/stockholm\/#\/schema\/person\/062b5a5f61f32b17c98996975db8d556\",\"name\":\"strozniake\",\"image\":{\"@type\":\"ImageObject\",\"inLanguage\":\"pl-PL\",\"@id\":\"https:\/\/instytutpolski.pl\/stockholm\/#\/schema\/person\/image\/\",\"url\":\"https:\/\/secure.gravatar.com\/avatar\/25e0be9897787f9035155a882fde97cc?s=96&d=mm&r=g\",\"contentUrl\":\"https:\/\/secure.gravatar.com\/avatar\/25e0be9897787f9035155a882fde97cc?s=96&d=mm&r=g\",\"caption\":\"strozniake\"},\"sameAs\":[\"http:\/\/strozniake\"],\"url\":\"https:\/\/instytutpolski.pl\/stockholm\/author\/strozniake\/\"}]}<\/script>\n<!-- \/ Yoast SEO plugin. -->","yoast_head_json":{"title":"Patroni Roku 2022 - Instytut Polski w Sztokholmie","description":"Maria Grzegorzewska, Maria Konopnicka, Ignacy \u0141ukasiewicz, J\u00f3zef Mackiewicz, Wanda Rutkiewicz, J\u00f3zef Wybicki oraz Romantyzm Polski b\u0119d\u0105 patronowa\u0107 rokowi 2022. Sejm Rzeczypospolitej Polskiej zdecydowa\u0142 o uhonorowaniu wybitnych postaci oraz epoki, kt\u00f3ra okre\u015bli\u0142a polsk\u0105 narodow\u0105 to\u017csamo\u015b\u0107.","robots":{"index":"index","follow":"follow","max-snippet":"max-snippet:-1","max-image-preview":"max-image-preview:large","max-video-preview":"max-video-preview:-1"},"canonical":"https:\/\/instytutpolski.pl\/stockholm\/pl\/2022\/01\/20\/patroni-roku-2022\/","og_locale":"pl_PL","og_type":"article","og_title":"Patroni Roku 2022 - Instytut Polski w Sztokholmie","og_description":"Maria Grzegorzewska, Maria Konopnicka, Ignacy \u0141ukasiewicz, J\u00f3zef Mackiewicz, Wanda Rutkiewicz, J\u00f3zef Wybicki oraz Romantyzm Polski b\u0119d\u0105 patronowa\u0107 rokowi 2022. Sejm Rzeczypospolitej Polskiej zdecydowa\u0142 o uhonorowaniu wybitnych postaci oraz epoki, kt\u00f3ra okre\u015bli\u0142a polsk\u0105 narodow\u0105 to\u017csamo\u015b\u0107.","og_url":"https:\/\/instytutpolski.pl\/stockholm\/pl\/2022\/01\/20\/patroni-roku-2022\/","og_site_name":"Instytut Polski w Sztokholmie","article_published_time":"2022-01-20T09:32:00+00:00","article_modified_time":"2022-02-09T12:51:28+00:00","og_image":[{"width":2000,"height":1600,"url":"https:\/\/instytutpolski.pl\/stockholm\/wp-content\/uploads\/sites\/17\/2022\/01\/Arets-hedersjubilarer-2022.jpg","type":"image\/jpeg"}],"author":"strozniake","twitter_card":"summary_large_image","twitter_misc":{"Napisane przez":"strozniake","Szacowany czas czytania":"5 minut"},"schema":{"@context":"https:\/\/schema.org","@graph":[{"@type":"event","@id":"https:\/\/instytutpolski.pl\/stockholm\/pl\/2022\/01\/20\/patroni-roku-2022\/","url":"https:\/\/instytutpolski.pl\/stockholm\/pl\/2022\/01\/20\/patroni-roku-2022\/","name":"Patroni Roku 2022","isPartOf":{"@id":"https:\/\/instytutpolski.pl\/stockholm\/#website"},"primaryImageOfPage":{"@id":"https:\/\/instytutpolski.pl\/stockholm\/pl\/2022\/01\/20\/patroni-roku-2022\/#primaryimage"},"image":["https:\/\/instytutpolski.pl\/stockholm\/wp-content\/uploads\/sites\/17\/2022\/01\/Arets-hedersjubilarer-2022.jpg","https:\/\/instytutpolski.pl\/stockholm\/wp-content\/uploads\/sites\/17\/2022\/01\/Arets-hedersjubilarer-2022-300x240.jpg","https:\/\/instytutpolski.pl\/stockholm\/wp-content\/uploads\/sites\/17\/2022\/01\/Arets-hedersjubilarer-2022-1024x819.jpg","https:\/\/instytutpolski.pl\/stockholm\/wp-content\/uploads\/sites\/17\/2022\/01\/Arets-hedersjubilarer-2022.jpg"],"thumbnailUrl":"https:\/\/instytutpolski.pl\/stockholm\/wp-content\/uploads\/sites\/17\/2022\/01\/Arets-hedersjubilarer-2022.jpg","datePublished":"2022-01-20T09:32:00+02:00","dateModified":"2022-02-09T12:51:28+02:00","author":{"@id":"https:\/\/instytutpolski.pl\/stockholm\/#\/schema\/person\/062b5a5f61f32b17c98996975db8d556"},"description":"MARIA GRZEGORZEWSKA (1887-1967) \nW 2022 roku mija 100. rocznica za\u0142o\u017cenia Pa\u0144stwowego Instytutu Pedagogiki Specjalnej (obecnie Akademii Pedagogiki Specjalnej im. Marii Grzegorzewskiej w Warszawie). Jego za\u0142o\u017cycielk\u0105 i patronk\u0105 jest Maria Grzegorzewska, naukowiec, pedagog specjalny, tyflopedagog, tyflopsycholog, dzia\u0142aczka spo\u0142eczna. Jak przypomnia\u0142 Sejm w podj\u0119tej uchwale, \u201emottem swojego \u017cycia i \u017cycia kolejnych pokole\u0144 pedagog\u00f3w specjalnych, specjalist\u00f3w pracuj\u0105cych na rzecz os\u00f3b z niepe\u0142nosprawno\u015bciami uczyni\u0142a ona stwierdzenie: \u201eNie ma kaleki \u2013 jest cz\u0142owiek\u201d.\nMARIA KONOPNICKA (1842-1910)\n\u201eW maju 2022 roku przypada 180. rocznica urodzin Marii Konopnickiej, polskiej pisarki, poetki, t\u0142umaczki i publicystki. Z tej okazji Sejm postanowi\u0142 uhonorowa\u0107 jedn\u0105 z najwybitniejszych pisarek w historii literatury polskiej, tw\u00f3rczyni\u0119 \u201eRoty\u201d. Za pomoc\u0105 utwor\u00f3w literackich protestowa\u0142a przeciwko antypolskiej polityce zaborc\u00f3w i niesprawiedliwo\u015bci spo\u0142ecznej oraz represjom wobec dzieci polskich. Walczy\u0142a o prawa kobiet oraz pomaga\u0142a uwi\u0119zionym z przyczyn politycznych przez rosyjskie w\u0142adze.\nIGNACY \u0141UKASIEWICZ (1822-1882) \n200 lat temu, w marcu 1822 roku, urodzi\u0142 si\u0119 Ignacy \u0141ukasiewicz, tw\u00f3rca \u015bwiatowego przemys\u0142u naftowego. W 2022 roku przypada tak\u017ce 140. rocznica jego \u015bmierci. Z wykszta\u0142cenia farmaceuta, podczas pracy w aptece prowadzi\u0142 badania nad destylacj\u0105 ropy naftowej, z kt\u00f3rej uda\u0142o mu si\u0119 wydzieli\u0107 naft\u0119. Wynalaz\u0142 on tak\u017ce lamp\u0119 naftow\u0105. Sejm zdecydowa\u0142 o ustanowieniu 2022 Rokiem Ignacego \u0141ukasiewicza \u201eszczeg\u00f3lnie ze wzgl\u0119du na wielkie i niezwyk\u0142e zas\u0142ugi Ignacego \u0141ukasiewicza dla przemys\u0142u i gospodarki Polski, a tak\u017ce Jego zaanga\u017cowanie w walk\u0119 o niepodleg\u0142o\u015b\u0107 Ojczyzny oraz dba\u0142o\u015b\u0107 o pracownik\u00f3w\u201d.\nJ\u00d3ZEF MACKIEWICZ (1902-1985) \nJ\u00f3zef Mackiewicz urodzi\u0142 si\u0119 120 lat temu, w kwietniu 1902 roku. Ten jeden z najwi\u0119kszych pisarzy polskich w swej tw\u00f3rczo\u015bci \u201eprzedstawia\u0142 \u017cycie mieszka\u0144c\u00f3w pogranicza polsko-litewsko-bia\u0142oruskiego na tle prze\u0142omowych wydarze\u0144 historycznych i odwo\u0142ywa\u0142 si\u0119 do tradycji wielonarodowej I Rzeczypospolitej\u201d. Sejm ustanowi\u0142 pisarza patronem 2022 roku, \u201euznaj\u0105c wielko\u015b\u0107 jego dorobku wytrwale wspieraj\u0105cego idee: niepodleg\u0142o\u015bci Polski, wolno\u015bci i przyjaznego wsp\u00f3\u0142istnienia narod\u00f3w Europy \u015arodkowo-Wschodniej i niez\u0142omnego oporu przeciwko komunizmowi\u201d.\nWANDA RUTKIEWICZ (1943-1992) \n30 lat temu, w maju 1992 roku, w drodze na Kanczendzong\u0119, sw\u00f3j dziewi\u0105ty o\u015bmiotysi\u0119cznik, zagin\u0119\u0142a Wanda Rutkiewicz \u2013 himalaistka, pierwsza Polka i trzecia kobieta na \u015bwiecie, kt\u00f3ra zdoby\u0142a najwy\u017cszy szczyt \u015bwiata \u2013 Mount Everest. \u201ePokonywa\u0142a bariery, zosta\u0142a prekursork\u0105 kobiecych zespo\u0142\u00f3w g\u00f3rskich, bo nie godzi\u0142a si\u0119, by zdolne alpinistki \u201eby\u0142y wy\u0142\u0105cznie broszkami w m\u0119skich wyprawach\u201d. Imponowa\u0142a si\u0142\u0105, sprawno\u015bci\u0105 fizyczn\u0105 i niezwyk\u0142\u0105 inteligencj\u0105\u201d \u2013 podkre\u015bli\u0142 Sejm.\nZdj\u0119cie: Seweryn Bidzi\u0144ski\nJ\u00d3ZEF WYBICKI (1747-1822) \nJ\u00f3zef Wybicki, autor polskiego hymnu narodowego, wielokrotny pose\u0142 na Sejm, jeden z inicjator\u00f3w Konfederacji Barskiej, uczestnik prac wdra\u017caj\u0105cych Konstytucj\u0119 3 Maja, wsp\u00f3\u0142organizator Insurekcji Ko\u015bciuszkowskiej, zmar\u0142 200 lat temu, w marcu 1822 roku. W tym roku b\u0119dziemy obchodzi\u0107 tak\u017ce 275. rocznic\u0119 jego urodzin oraz 225-lecie powstania \u201ePie\u015bni Legion\u00f3w Polskich we W\u0142oszech\u201d, w dwudziestoleciu mi\u0119dzywojennym sta\u0142a si\u0119 polskim hymnem narodowym. \nROMANTYZM POLSKI\n\u201eW 1822 roku w Wilnie ukaza\u0142y si\u0119 \u201eBallady i romanse\u201d Adama Mickiewicza, zawarte w tomiku poetyckim, kt\u00f3ry wyznaczy\u0142 pocz\u0105tek polskiego romantyzmu, (\u2026) bez kt\u00f3rego trudno wyobrazi\u0107 sobie ostatnich dwie\u015bcie lat polskiej kultury\u201d \u2013 napisali pos\u0142owie w uchwale ustanawiaj\u0105cej rok 2022 Rokiem Romantyzmu Polskiego. Zrodzi\u0142a si\u0119 epoka, w kt\u00f3rej tworzyli genialni arty\u015bci, my\u015bliciele i dzia\u0142acze polityczni, kt\u00f3rzy w sytuacji narodowej niewoli stworzyli kraj duchowej wolno\u015bci, a zarazem wynie\u015bli polsk\u0105 muzyk\u0119, literatur\u0119 i malarstwo do rangi czo\u0142owych osi\u0105gni\u0119\u0107 kultury europejskiej. Do najwybitniejszych polskich tw\u00f3rc\u00f3w epoki romantyzmu nale\u017c\u0105: Adam Mickiewicz, Juliusz S\u0142owacki, Zygmunt Krasi\u0144ski i Cyprian Kamiml Norwid w dziedzinie literatury, Fryderyk Chopin i Stanis\u0142aw Moniuszko w muzyce, Piotr Micha\u0142owski i Jan Matejko w malarstwie.","breadcrumb":{"@id":"https:\/\/instytutpolski.pl\/stockholm\/pl\/2022\/01\/20\/patroni-roku-2022\/#breadcrumb"},"inLanguage":"pl-PL","potentialAction":[{"@type":"ReadAction","target":["https:\/\/instytutpolski.pl\/stockholm\/pl\/2022\/01\/20\/patroni-roku-2022\/"]}],"@context":"https:\/\/schema.org","startDate":"2022-01-20","endDate":"2022-01-20","eventStatus":"EventScheduled","eventAttendanceMode":"OfflineEventAttendanceMode","location":{"@type":"place","name":"","address":"","geo":{"@type":"GeoCoordinates","latitude":"","longitude":""}}},{"@type":"ImageObject","inLanguage":"pl-PL","@id":"https:\/\/instytutpolski.pl\/stockholm\/pl\/2022\/01\/20\/patroni-roku-2022\/#primaryimage","url":"https:\/\/instytutpolski.pl\/stockholm\/wp-content\/uploads\/sites\/17\/2022\/01\/Arets-hedersjubilarer-2022.jpg","contentUrl":"https:\/\/instytutpolski.pl\/stockholm\/wp-content\/uploads\/sites\/17\/2022\/01\/Arets-hedersjubilarer-2022.jpg","width":2000,"height":1600},{"@type":"BreadcrumbList","@id":"https:\/\/instytutpolski.pl\/stockholm\/pl\/2022\/01\/20\/patroni-roku-2022\/#breadcrumb","itemListElement":[{"@type":"ListItem","position":1,"name":"Home","item":"https:\/\/instytutpolski.pl\/stockholm\/"},{"@type":"ListItem","position":2,"name":"Patroni Roku 2022"}]},{"@type":"WebSite","@id":"https:\/\/instytutpolski.pl\/stockholm\/#website","url":"https:\/\/instytutpolski.pl\/stockholm\/","name":"Instytut Polski w Sztokholmie","description":"Instytuty Polskie","potentialAction":[{"@type":"SearchAction","target":{"@type":"EntryPoint","urlTemplate":"https:\/\/instytutpolski.pl\/stockholm\/?s={search_term_string}"},"query-input":{"@type":"PropertyValueSpecification","valueRequired":true,"valueName":"search_term_string"}}],"inLanguage":"pl-PL"},{"@type":"Person","@id":"https:\/\/instytutpolski.pl\/stockholm\/#\/schema\/person\/062b5a5f61f32b17c98996975db8d556","name":"strozniake","image":{"@type":"ImageObject","inLanguage":"pl-PL","@id":"https:\/\/instytutpolski.pl\/stockholm\/#\/schema\/person\/image\/","url":"https:\/\/secure.gravatar.com\/avatar\/25e0be9897787f9035155a882fde97cc?s=96&d=mm&r=g","contentUrl":"https:\/\/secure.gravatar.com\/avatar\/25e0be9897787f9035155a882fde97cc?s=96&d=mm&r=g","caption":"strozniake"},"sameAs":["http:\/\/strozniake"],"url":"https:\/\/instytutpolski.pl\/stockholm\/author\/strozniake\/"}]}},"_links":{"self":[{"href":"https:\/\/instytutpolski.pl\/stockholm\/wp-json\/wp\/v2\/posts\/7707","targetHints":{"allow":["GET"]}}],"collection":[{"href":"https:\/\/instytutpolski.pl\/stockholm\/wp-json\/wp\/v2\/posts"}],"about":[{"href":"https:\/\/instytutpolski.pl\/stockholm\/wp-json\/wp\/v2\/types\/post"}],"author":[{"embeddable":true,"href":"https:\/\/instytutpolski.pl\/stockholm\/wp-json\/wp\/v2\/users\/29"}],"replies":[{"embeddable":true,"href":"https:\/\/instytutpolski.pl\/stockholm\/wp-json\/wp\/v2\/comments?post=7707"}],"version-history":[{"count":8,"href":"https:\/\/instytutpolski.pl\/stockholm\/wp-json\/wp\/v2\/posts\/7707\/revisions"}],"predecessor-version":[{"id":7855,"href":"https:\/\/instytutpolski.pl\/stockholm\/wp-json\/wp\/v2\/posts\/7707\/revisions\/7855"}],"wp:featuredmedia":[{"embeddable":true,"href":"https:\/\/instytutpolski.pl\/stockholm\/wp-json\/wp\/v2\/media\/7694"}],"wp:attachment":[{"href":"https:\/\/instytutpolski.pl\/stockholm\/wp-json\/wp\/v2\/media?parent=7707"}],"wp:term":[{"taxonomy":"category","embeddable":true,"href":"https:\/\/instytutpolski.pl\/stockholm\/wp-json\/wp\/v2\/categories?post=7707"},{"taxonomy":"post_tag","embeddable":true,"href":"https:\/\/instytutpolski.pl\/stockholm\/wp-json\/wp\/v2\/tags?post=7707"}],"curies":[{"name":"wp","href":"https:\/\/api.w.org\/{rel}","templated":true}]}}