{"id":7778,"date":"2022-01-31T10:05:41","date_gmt":"2022-01-31T09:05:41","guid":{"rendered":"https:\/\/instytutpolski.pl\/stockholm\/?p=7778"},"modified":"2022-02-09T13:50:37","modified_gmt":"2022-02-09T12:50:37","slug":"fotorelacja-z-wystawy-iwony-zajac-return","status":"publish","type":"post","link":"https:\/\/instytutpolski.pl\/stockholm\/pl\/2022\/01\/31\/fotorelacja-z-wystawy-iwony-zajac-return\/","title":{"rendered":"Fotorelacja z wystawy Iwony Zaj\u0105c &#8222;Return&#8221;"},"content":{"rendered":"\n<figure class=\"wp-block-gallery has-nested-images columns-default is-cropped wp-block-gallery-1 is-layout-flex wp-block-gallery-is-layout-flex\">\n<figure class=\"wp-block-image size-large\"><a href=\"https:\/\/instytutpolski.pl\/stockholm\/wp-content\/uploads\/sites\/17\/2022\/01\/E2A7574_.jpg\"><img loading=\"lazy\" decoding=\"async\" width=\"2000\" height=\"1333\" data-id=\"7837\" src=\"https:\/\/instytutpolski.pl\/stockholm\/wp-content\/uploads\/sites\/17\/2022\/01\/E2A7574_.jpg\" alt=\"\" class=\"wp-image-7837\" srcset=\"https:\/\/instytutpolski.pl\/stockholm\/wp-content\/uploads\/sites\/17\/2022\/01\/E2A7574_.jpg 2000w, https:\/\/instytutpolski.pl\/stockholm\/wp-content\/uploads\/sites\/17\/2022\/01\/E2A7574_-300x200.jpg 300w, https:\/\/instytutpolski.pl\/stockholm\/wp-content\/uploads\/sites\/17\/2022\/01\/E2A7574_-1024x682.jpg 1024w, https:\/\/instytutpolski.pl\/stockholm\/wp-content\/uploads\/sites\/17\/2022\/01\/E2A7574_-768x512.jpg 768w, https:\/\/instytutpolski.pl\/stockholm\/wp-content\/uploads\/sites\/17\/2022\/01\/E2A7574_-1536x1024.jpg 1536w\" sizes=\"auto, (max-width: 2000px) 100vw, 2000px\" \/><\/a><\/figure>\n\n\n\n<figure class=\"wp-block-image size-large\"><a href=\"https:\/\/instytutpolski.pl\/stockholm\/wp-content\/uploads\/sites\/17\/2022\/01\/E2A7589.jpg\"><img loading=\"lazy\" decoding=\"async\" width=\"2000\" height=\"1333\" data-id=\"7838\" src=\"https:\/\/instytutpolski.pl\/stockholm\/wp-content\/uploads\/sites\/17\/2022\/01\/E2A7589.jpg\" alt=\"\" class=\"wp-image-7838\" srcset=\"https:\/\/instytutpolski.pl\/stockholm\/wp-content\/uploads\/sites\/17\/2022\/01\/E2A7589.jpg 2000w, https:\/\/instytutpolski.pl\/stockholm\/wp-content\/uploads\/sites\/17\/2022\/01\/E2A7589-300x200.jpg 300w, https:\/\/instytutpolski.pl\/stockholm\/wp-content\/uploads\/sites\/17\/2022\/01\/E2A7589-1024x682.jpg 1024w, https:\/\/instytutpolski.pl\/stockholm\/wp-content\/uploads\/sites\/17\/2022\/01\/E2A7589-768x512.jpg 768w, https:\/\/instytutpolski.pl\/stockholm\/wp-content\/uploads\/sites\/17\/2022\/01\/E2A7589-1536x1024.jpg 1536w\" sizes=\"auto, (max-width: 2000px) 100vw, 2000px\" \/><\/a><\/figure>\n\n\n\n<figure class=\"wp-block-image size-large\"><a href=\"https:\/\/instytutpolski.pl\/stockholm\/wp-content\/uploads\/sites\/17\/2022\/01\/E2A7666.jpg\"><img loading=\"lazy\" decoding=\"async\" width=\"2000\" height=\"1333\" data-id=\"7844\" src=\"https:\/\/instytutpolski.pl\/stockholm\/wp-content\/uploads\/sites\/17\/2022\/01\/E2A7666.jpg\" alt=\"\" class=\"wp-image-7844\" srcset=\"https:\/\/instytutpolski.pl\/stockholm\/wp-content\/uploads\/sites\/17\/2022\/01\/E2A7666.jpg 2000w, https:\/\/instytutpolski.pl\/stockholm\/wp-content\/uploads\/sites\/17\/2022\/01\/E2A7666-300x200.jpg 300w, https:\/\/instytutpolski.pl\/stockholm\/wp-content\/uploads\/sites\/17\/2022\/01\/E2A7666-1024x682.jpg 1024w, https:\/\/instytutpolski.pl\/stockholm\/wp-content\/uploads\/sites\/17\/2022\/01\/E2A7666-768x512.jpg 768w, https:\/\/instytutpolski.pl\/stockholm\/wp-content\/uploads\/sites\/17\/2022\/01\/E2A7666-1536x1024.jpg 1536w\" sizes=\"auto, (max-width: 2000px) 100vw, 2000px\" \/><\/a><\/figure>\n\n\n\n<figure class=\"wp-block-image size-large\"><a href=\"https:\/\/instytutpolski.pl\/stockholm\/wp-content\/uploads\/sites\/17\/2022\/01\/E2A7740_.jpg\"><img loading=\"lazy\" decoding=\"async\" width=\"2000\" height=\"1333\" data-id=\"7841\" src=\"https:\/\/instytutpolski.pl\/stockholm\/wp-content\/uploads\/sites\/17\/2022\/01\/E2A7740_.jpg\" alt=\"\" class=\"wp-image-7841\" srcset=\"https:\/\/instytutpolski.pl\/stockholm\/wp-content\/uploads\/sites\/17\/2022\/01\/E2A7740_.jpg 2000w, https:\/\/instytutpolski.pl\/stockholm\/wp-content\/uploads\/sites\/17\/2022\/01\/E2A7740_-300x200.jpg 300w, https:\/\/instytutpolski.pl\/stockholm\/wp-content\/uploads\/sites\/17\/2022\/01\/E2A7740_-1024x682.jpg 1024w, https:\/\/instytutpolski.pl\/stockholm\/wp-content\/uploads\/sites\/17\/2022\/01\/E2A7740_-768x512.jpg 768w, https:\/\/instytutpolski.pl\/stockholm\/wp-content\/uploads\/sites\/17\/2022\/01\/E2A7740_-1536x1024.jpg 1536w\" sizes=\"auto, (max-width: 2000px) 100vw, 2000px\" \/><\/a><\/figure>\n\n\n\n<figure class=\"wp-block-image size-large\"><a href=\"https:\/\/instytutpolski.pl\/stockholm\/wp-content\/uploads\/sites\/17\/2022\/01\/E2A7704.jpg\"><img loading=\"lazy\" decoding=\"async\" width=\"2000\" height=\"1333\" data-id=\"7839\" src=\"https:\/\/instytutpolski.pl\/stockholm\/wp-content\/uploads\/sites\/17\/2022\/01\/E2A7704.jpg\" alt=\"\" class=\"wp-image-7839\" srcset=\"https:\/\/instytutpolski.pl\/stockholm\/wp-content\/uploads\/sites\/17\/2022\/01\/E2A7704.jpg 2000w, https:\/\/instytutpolski.pl\/stockholm\/wp-content\/uploads\/sites\/17\/2022\/01\/E2A7704-300x200.jpg 300w, https:\/\/instytutpolski.pl\/stockholm\/wp-content\/uploads\/sites\/17\/2022\/01\/E2A7704-1024x682.jpg 1024w, https:\/\/instytutpolski.pl\/stockholm\/wp-content\/uploads\/sites\/17\/2022\/01\/E2A7704-768x512.jpg 768w, https:\/\/instytutpolski.pl\/stockholm\/wp-content\/uploads\/sites\/17\/2022\/01\/E2A7704-1536x1024.jpg 1536w\" sizes=\"auto, (max-width: 2000px) 100vw, 2000px\" \/><\/a><\/figure>\n\n\n\n<figure class=\"wp-block-image size-large\"><a href=\"https:\/\/instytutpolski.pl\/stockholm\/wp-content\/uploads\/sites\/17\/2022\/01\/L8A7043.jpg\"><img loading=\"lazy\" decoding=\"async\" width=\"2000\" height=\"1333\" data-id=\"7842\" src=\"https:\/\/instytutpolski.pl\/stockholm\/wp-content\/uploads\/sites\/17\/2022\/01\/L8A7043.jpg\" alt=\"\" class=\"wp-image-7842\" srcset=\"https:\/\/instytutpolski.pl\/stockholm\/wp-content\/uploads\/sites\/17\/2022\/01\/L8A7043.jpg 2000w, https:\/\/instytutpolski.pl\/stockholm\/wp-content\/uploads\/sites\/17\/2022\/01\/L8A7043-300x200.jpg 300w, https:\/\/instytutpolski.pl\/stockholm\/wp-content\/uploads\/sites\/17\/2022\/01\/L8A7043-1024x682.jpg 1024w, https:\/\/instytutpolski.pl\/stockholm\/wp-content\/uploads\/sites\/17\/2022\/01\/L8A7043-768x512.jpg 768w, https:\/\/instytutpolski.pl\/stockholm\/wp-content\/uploads\/sites\/17\/2022\/01\/L8A7043-1536x1024.jpg 1536w\" sizes=\"auto, (max-width: 2000px) 100vw, 2000px\" \/><\/a><\/figure>\n\n\n\n<figure class=\"wp-block-image size-large\"><a href=\"https:\/\/instytutpolski.pl\/stockholm\/wp-content\/uploads\/sites\/17\/2022\/01\/E2A7731.jpg\"><img loading=\"lazy\" decoding=\"async\" width=\"2000\" height=\"1334\" data-id=\"7840\" src=\"https:\/\/instytutpolski.pl\/stockholm\/wp-content\/uploads\/sites\/17\/2022\/01\/E2A7731.jpg\" alt=\"\" class=\"wp-image-7840\" srcset=\"https:\/\/instytutpolski.pl\/stockholm\/wp-content\/uploads\/sites\/17\/2022\/01\/E2A7731.jpg 2000w, https:\/\/instytutpolski.pl\/stockholm\/wp-content\/uploads\/sites\/17\/2022\/01\/E2A7731-300x200.jpg 300w, https:\/\/instytutpolski.pl\/stockholm\/wp-content\/uploads\/sites\/17\/2022\/01\/E2A7731-1024x683.jpg 1024w, https:\/\/instytutpolski.pl\/stockholm\/wp-content\/uploads\/sites\/17\/2022\/01\/E2A7731-768x512.jpg 768w, https:\/\/instytutpolski.pl\/stockholm\/wp-content\/uploads\/sites\/17\/2022\/01\/E2A7731-1536x1025.jpg 1536w\" sizes=\"auto, (max-width: 2000px) 100vw, 2000px\" \/><\/a><\/figure>\n<figcaption class=\"blocks-gallery-caption\"><em>Zdj\u0119cia: Anders Berg\u00f6n <\/em><\/figcaption><\/figure>\n\n\n\n<p><br>W swojej tw\u00f3rczo\u015bci Iwona Zaj\u0105c porusza tematy takie jak t\u0119sknota, marzenia, po\u0142\u0105czenie oraz przesz\u0142o\u015b\u0107. Praktyka artystki jest pe\u0142na szacunku do ci\u0119\u017ckiej pracy, mo\u017cna powiedzie\u0107, \u017ce jej prace s\u0105 ho\u0142dem dla historii \u017cycia ludno\u015bci po obu stronach Morza Ba\u0142tyckiego. W swojej wystawie \u201cReturn\u201d, artystka przeplata owe historie tradycyjnymi kwiecistymi wzorami, charakterystycznymi dla haft\u00f3w tworzonych w szwedzkim regionie Blekinge.<\/p>\n\n\n\n<figure class=\"wp-block-gallery has-nested-images columns-default is-cropped wp-block-gallery-2 is-layout-flex wp-block-gallery-is-layout-flex\">\n<figure class=\"wp-block-image size-large\"><a href=\"https:\/\/instytutpolski.pl\/stockholm\/wp-content\/uploads\/sites\/17\/2022\/01\/Foto-Kirsti-Emaus-2.jpg\"><img loading=\"lazy\" decoding=\"async\" width=\"1024\" height=\"768\" data-id=\"7764\" src=\"https:\/\/instytutpolski.pl\/stockholm\/wp-content\/uploads\/sites\/17\/2022\/01\/Foto-Kirsti-Emaus-2-1024x768.jpg\" alt=\"\" class=\"wp-image-7764\" srcset=\"https:\/\/instytutpolski.pl\/stockholm\/wp-content\/uploads\/sites\/17\/2022\/01\/Foto-Kirsti-Emaus-2-1024x768.jpg 1024w, https:\/\/instytutpolski.pl\/stockholm\/wp-content\/uploads\/sites\/17\/2022\/01\/Foto-Kirsti-Emaus-2-300x225.jpg 300w, https:\/\/instytutpolski.pl\/stockholm\/wp-content\/uploads\/sites\/17\/2022\/01\/Foto-Kirsti-Emaus-2-768x576.jpg 768w, https:\/\/instytutpolski.pl\/stockholm\/wp-content\/uploads\/sites\/17\/2022\/01\/Foto-Kirsti-Emaus-2.jpg 1280w\" sizes=\"auto, (max-width: 1024px) 100vw, 1024px\" \/><\/a><\/figure>\n\n\n\n<figure class=\"wp-block-image size-large\"><a href=\"https:\/\/instytutpolski.pl\/stockholm\/wp-content\/uploads\/sites\/17\/2022\/01\/Foto-Kirsti-Emaus-3.jpg\"><img loading=\"lazy\" decoding=\"async\" width=\"1024\" height=\"768\" data-id=\"7765\" src=\"https:\/\/instytutpolski.pl\/stockholm\/wp-content\/uploads\/sites\/17\/2022\/01\/Foto-Kirsti-Emaus-3-1024x768.jpg\" alt=\"\" class=\"wp-image-7765\" srcset=\"https:\/\/instytutpolski.pl\/stockholm\/wp-content\/uploads\/sites\/17\/2022\/01\/Foto-Kirsti-Emaus-3-1024x768.jpg 1024w, https:\/\/instytutpolski.pl\/stockholm\/wp-content\/uploads\/sites\/17\/2022\/01\/Foto-Kirsti-Emaus-3-300x225.jpg 300w, https:\/\/instytutpolski.pl\/stockholm\/wp-content\/uploads\/sites\/17\/2022\/01\/Foto-Kirsti-Emaus-3-768x576.jpg 768w, https:\/\/instytutpolski.pl\/stockholm\/wp-content\/uploads\/sites\/17\/2022\/01\/Foto-Kirsti-Emaus-3.jpg 1280w\" sizes=\"auto, (max-width: 1024px) 100vw, 1024px\" \/><\/a><\/figure>\n\n\n\n<figure class=\"wp-block-image size-large\"><a href=\"https:\/\/instytutpolski.pl\/stockholm\/wp-content\/uploads\/sites\/17\/2022\/01\/Foto-Kirsti-Emaus-4.jpg\"><img loading=\"lazy\" decoding=\"async\" width=\"863\" height=\"1024\" data-id=\"7766\" src=\"https:\/\/instytutpolski.pl\/stockholm\/wp-content\/uploads\/sites\/17\/2022\/01\/Foto-Kirsti-Emaus-4-863x1024.jpg\" alt=\"\" class=\"wp-image-7766\" srcset=\"https:\/\/instytutpolski.pl\/stockholm\/wp-content\/uploads\/sites\/17\/2022\/01\/Foto-Kirsti-Emaus-4-863x1024.jpg 863w, https:\/\/instytutpolski.pl\/stockholm\/wp-content\/uploads\/sites\/17\/2022\/01\/Foto-Kirsti-Emaus-4-253x300.jpg 253w, https:\/\/instytutpolski.pl\/stockholm\/wp-content\/uploads\/sites\/17\/2022\/01\/Foto-Kirsti-Emaus-4-768x911.jpg 768w, https:\/\/instytutpolski.pl\/stockholm\/wp-content\/uploads\/sites\/17\/2022\/01\/Foto-Kirsti-Emaus-4.jpg 1079w\" sizes=\"auto, (max-width: 863px) 100vw, 863px\" \/><\/a><\/figure>\n<figcaption class=\"blocks-gallery-caption\"><em>Zdj\u0119cia: Kirsti Emaus<\/em><\/figcaption><\/figure>\n\n\n\n<div style=\"height:40px\" aria-hidden=\"true\" class=\"wp-block-spacer\"><\/div>\n\n\n\n<figure class=\"wp-block-gallery has-nested-images columns-default is-cropped wp-block-gallery-3 is-layout-flex wp-block-gallery-is-layout-flex\">\n<figure class=\"wp-block-image size-large\"><a href=\"https:\/\/instytutpolski.pl\/stockholm\/wp-content\/uploads\/sites\/17\/2022\/01\/Foto-Iwona-Zajac1-scaled.jpg\"><img loading=\"lazy\" decoding=\"async\" width=\"1024\" height=\"768\" data-id=\"7769\" src=\"https:\/\/instytutpolski.pl\/stockholm\/wp-content\/uploads\/sites\/17\/2022\/01\/Foto-Iwona-Zajac1-1024x768.jpg\" alt=\"\" class=\"wp-image-7769\" srcset=\"https:\/\/instytutpolski.pl\/stockholm\/wp-content\/uploads\/sites\/17\/2022\/01\/Foto-Iwona-Zajac1-1024x768.jpg 1024w, https:\/\/instytutpolski.pl\/stockholm\/wp-content\/uploads\/sites\/17\/2022\/01\/Foto-Iwona-Zajac1-300x225.jpg 300w, https:\/\/instytutpolski.pl\/stockholm\/wp-content\/uploads\/sites\/17\/2022\/01\/Foto-Iwona-Zajac1-768x576.jpg 768w, https:\/\/instytutpolski.pl\/stockholm\/wp-content\/uploads\/sites\/17\/2022\/01\/Foto-Iwona-Zajac1-1536x1152.jpg 1536w, https:\/\/instytutpolski.pl\/stockholm\/wp-content\/uploads\/sites\/17\/2022\/01\/Foto-Iwona-Zajac1-2048x1536.jpg 2048w\" sizes=\"auto, (max-width: 1024px) 100vw, 1024px\" \/><\/a><\/figure>\n\n\n\n<figure class=\"wp-block-image size-large\"><a href=\"https:\/\/instytutpolski.pl\/stockholm\/wp-content\/uploads\/sites\/17\/2022\/01\/Foto-Iwona-Zajac-31-scaled.jpg\"><img loading=\"lazy\" decoding=\"async\" width=\"1024\" height=\"768\" data-id=\"7768\" src=\"https:\/\/instytutpolski.pl\/stockholm\/wp-content\/uploads\/sites\/17\/2022\/01\/Foto-Iwona-Zajac-31-1024x768.jpg\" alt=\"\" class=\"wp-image-7768\" srcset=\"https:\/\/instytutpolski.pl\/stockholm\/wp-content\/uploads\/sites\/17\/2022\/01\/Foto-Iwona-Zajac-31-1024x768.jpg 1024w, https:\/\/instytutpolski.pl\/stockholm\/wp-content\/uploads\/sites\/17\/2022\/01\/Foto-Iwona-Zajac-31-300x225.jpg 300w, https:\/\/instytutpolski.pl\/stockholm\/wp-content\/uploads\/sites\/17\/2022\/01\/Foto-Iwona-Zajac-31-768x576.jpg 768w, https:\/\/instytutpolski.pl\/stockholm\/wp-content\/uploads\/sites\/17\/2022\/01\/Foto-Iwona-Zajac-31-1536x1152.jpg 1536w, https:\/\/instytutpolski.pl\/stockholm\/wp-content\/uploads\/sites\/17\/2022\/01\/Foto-Iwona-Zajac-31-2048x1536.jpg 2048w\" sizes=\"auto, (max-width: 1024px) 100vw, 1024px\" \/><\/a><\/figure>\n\n\n\n<figure class=\"wp-block-image size-large\"><a href=\"https:\/\/instytutpolski.pl\/stockholm\/wp-content\/uploads\/sites\/17\/2022\/01\/Foto-Iwona-Zajac-2-scaled.jpg\"><img loading=\"lazy\" decoding=\"async\" width=\"768\" height=\"1024\" data-id=\"7767\" src=\"https:\/\/instytutpolski.pl\/stockholm\/wp-content\/uploads\/sites\/17\/2022\/01\/Foto-Iwona-Zajac-2-768x1024.jpg\" alt=\"\" class=\"wp-image-7767\" srcset=\"https:\/\/instytutpolski.pl\/stockholm\/wp-content\/uploads\/sites\/17\/2022\/01\/Foto-Iwona-Zajac-2-768x1024.jpg 768w, https:\/\/instytutpolski.pl\/stockholm\/wp-content\/uploads\/sites\/17\/2022\/01\/Foto-Iwona-Zajac-2-225x300.jpg 225w, https:\/\/instytutpolski.pl\/stockholm\/wp-content\/uploads\/sites\/17\/2022\/01\/Foto-Iwona-Zajac-2-1152x1536.jpg 1152w, https:\/\/instytutpolski.pl\/stockholm\/wp-content\/uploads\/sites\/17\/2022\/01\/Foto-Iwona-Zajac-2-1536x2048.jpg 1536w, https:\/\/instytutpolski.pl\/stockholm\/wp-content\/uploads\/sites\/17\/2022\/01\/Foto-Iwona-Zajac-2-scaled.jpg 1920w\" sizes=\"auto, (max-width: 768px) 100vw, 768px\" \/><\/a><\/figure>\n<figcaption class=\"blocks-gallery-caption\"><em>Zdj\u0119cia: Iwona Zaj\u0105c<\/em><\/figcaption><\/figure>\n\n\n\n<p><br>Wystawa potrwa do 13 marca 2022 roku. Serdecznie zapraszamy!<\/p>\n\n\n\n<p>Wi\u0119cej o wystawie <a href=\"https:\/\/instytutpolski.pl\/stockholm\/pl\/2022\/01\/20\/wystawa-iwony-zajac-return\/\" target=\"_blank\" rel=\"noreferrer noopener\">tuta<\/a><a href=\"http:\/\/L\u00e4s mer om utst\u00e4llningen h\u00e4r. :&nbsp;https:\/\/instytutpolski.pl\/stockholm\/2022\/01\/20\/utstallning-return-iwona-zajac\/\" target=\"_blank\" rel=\"noreferrer noopener\">j<\/a>. &nbsp;<\/p>\n\n\n\n<p>Zapowied\u017a wystawy w magazynie \u201cSyd\u00f6stran\u201d <a href=\"https:\/\/www.sydostran.se\/ronneby\/broderier-och-hyllningar-pa-konsthallens-vaggar-c4769b3a\/\" target=\"_blank\" rel=\"noreferrer noopener\">tutaj<\/a> (w j. szwedzkim).<\/p>\n\n\n\n<figure class=\"wp-block-gallery has-nested-images columns-default is-cropped wp-block-gallery-4 is-layout-flex wp-block-gallery-is-layout-flex\">\n<figure class=\"wp-block-image size-large\"><a href=\"https:\/\/instytutpolski.pl\/stockholm\/wp-content\/uploads\/sites\/17\/2022\/01\/IMG_1475-Torun-Ekstrand-scaled.jpg\"><img loading=\"lazy\" decoding=\"async\" width=\"768\" height=\"1024\" data-id=\"7775\" src=\"https:\/\/instytutpolski.pl\/stockholm\/wp-content\/uploads\/sites\/17\/2022\/01\/IMG_1475-Torun-Ekstrand-768x1024.jpg\" alt=\"\" class=\"wp-image-7775\" srcset=\"https:\/\/instytutpolski.pl\/stockholm\/wp-content\/uploads\/sites\/17\/2022\/01\/IMG_1475-Torun-Ekstrand-768x1024.jpg 768w, https:\/\/instytutpolski.pl\/stockholm\/wp-content\/uploads\/sites\/17\/2022\/01\/IMG_1475-Torun-Ekstrand-225x300.jpg 225w, https:\/\/instytutpolski.pl\/stockholm\/wp-content\/uploads\/sites\/17\/2022\/01\/IMG_1475-Torun-Ekstrand-1152x1536.jpg 1152w, https:\/\/instytutpolski.pl\/stockholm\/wp-content\/uploads\/sites\/17\/2022\/01\/IMG_1475-Torun-Ekstrand-1536x2048.jpg 1536w, https:\/\/instytutpolski.pl\/stockholm\/wp-content\/uploads\/sites\/17\/2022\/01\/IMG_1475-Torun-Ekstrand-scaled.jpg 1920w\" sizes=\"auto, (max-width: 768px) 100vw, 768px\" \/><\/a><\/figure>\n\n\n\n<figure class=\"wp-block-image size-large\"><a href=\"https:\/\/instytutpolski.pl\/stockholm\/wp-content\/uploads\/sites\/17\/2022\/01\/Foto-Torun-Ekstrand-31-scaled.jpg\"><img loading=\"lazy\" decoding=\"async\" width=\"768\" height=\"1024\" data-id=\"7771\" src=\"https:\/\/instytutpolski.pl\/stockholm\/wp-content\/uploads\/sites\/17\/2022\/01\/Foto-Torun-Ekstrand-31-768x1024.jpg\" alt=\"\" class=\"wp-image-7771\" srcset=\"https:\/\/instytutpolski.pl\/stockholm\/wp-content\/uploads\/sites\/17\/2022\/01\/Foto-Torun-Ekstrand-31-768x1024.jpg 768w, https:\/\/instytutpolski.pl\/stockholm\/wp-content\/uploads\/sites\/17\/2022\/01\/Foto-Torun-Ekstrand-31-225x300.jpg 225w, https:\/\/instytutpolski.pl\/stockholm\/wp-content\/uploads\/sites\/17\/2022\/01\/Foto-Torun-Ekstrand-31-1152x1536.jpg 1152w, https:\/\/instytutpolski.pl\/stockholm\/wp-content\/uploads\/sites\/17\/2022\/01\/Foto-Torun-Ekstrand-31-1536x2048.jpg 1536w, https:\/\/instytutpolski.pl\/stockholm\/wp-content\/uploads\/sites\/17\/2022\/01\/Foto-Torun-Ekstrand-31-scaled.jpg 1920w\" sizes=\"auto, (max-width: 768px) 100vw, 768px\" \/><\/a><\/figure>\n\n\n\n<figure class=\"wp-block-image size-large\"><a href=\"https:\/\/instytutpolski.pl\/stockholm\/wp-content\/uploads\/sites\/17\/2022\/01\/Foto-Torun-Ekstrand-21-scaled.jpg\"><img loading=\"lazy\" decoding=\"async\" width=\"1024\" height=\"768\" data-id=\"7770\" src=\"https:\/\/instytutpolski.pl\/stockholm\/wp-content\/uploads\/sites\/17\/2022\/01\/Foto-Torun-Ekstrand-21-1024x768.jpg\" alt=\"\" class=\"wp-image-7770\" srcset=\"https:\/\/instytutpolski.pl\/stockholm\/wp-content\/uploads\/sites\/17\/2022\/01\/Foto-Torun-Ekstrand-21-1024x768.jpg 1024w, https:\/\/instytutpolski.pl\/stockholm\/wp-content\/uploads\/sites\/17\/2022\/01\/Foto-Torun-Ekstrand-21-300x225.jpg 300w, https:\/\/instytutpolski.pl\/stockholm\/wp-content\/uploads\/sites\/17\/2022\/01\/Foto-Torun-Ekstrand-21-768x576.jpg 768w, https:\/\/instytutpolski.pl\/stockholm\/wp-content\/uploads\/sites\/17\/2022\/01\/Foto-Torun-Ekstrand-21-1536x1152.jpg 1536w, https:\/\/instytutpolski.pl\/stockholm\/wp-content\/uploads\/sites\/17\/2022\/01\/Foto-Torun-Ekstrand-21-2048x1536.jpg 2048w\" sizes=\"auto, (max-width: 1024px) 100vw, 1024px\" \/><\/a><\/figure>\n\n\n\n<figure class=\"wp-block-image size-large\"><a href=\"https:\/\/instytutpolski.pl\/stockholm\/wp-content\/uploads\/sites\/17\/2022\/01\/Foto-Torun-Ekstrand1-scaled.jpg\"><img loading=\"lazy\" decoding=\"async\" width=\"768\" height=\"1024\" data-id=\"7773\" src=\"https:\/\/instytutpolski.pl\/stockholm\/wp-content\/uploads\/sites\/17\/2022\/01\/Foto-Torun-Ekstrand1-768x1024.jpg\" alt=\"\" class=\"wp-image-7773\" srcset=\"https:\/\/instytutpolski.pl\/stockholm\/wp-content\/uploads\/sites\/17\/2022\/01\/Foto-Torun-Ekstrand1-768x1024.jpg 768w, https:\/\/instytutpolski.pl\/stockholm\/wp-content\/uploads\/sites\/17\/2022\/01\/Foto-Torun-Ekstrand1-225x300.jpg 225w, https:\/\/instytutpolski.pl\/stockholm\/wp-content\/uploads\/sites\/17\/2022\/01\/Foto-Torun-Ekstrand1-1152x1536.jpg 1152w, https:\/\/instytutpolski.pl\/stockholm\/wp-content\/uploads\/sites\/17\/2022\/01\/Foto-Torun-Ekstrand1-1536x2048.jpg 1536w, https:\/\/instytutpolski.pl\/stockholm\/wp-content\/uploads\/sites\/17\/2022\/01\/Foto-Torun-Ekstrand1-scaled.jpg 1920w\" sizes=\"auto, (max-width: 768px) 100vw, 768px\" \/><\/a><\/figure>\n\n\n\n<figure class=\"wp-block-image size-large\"><a href=\"https:\/\/instytutpolski.pl\/stockholm\/wp-content\/uploads\/sites\/17\/2022\/01\/IMG_1464-Torun-Ekstrand-scaled.jpg\"><img loading=\"lazy\" decoding=\"async\" width=\"768\" height=\"1024\" data-id=\"7774\" src=\"https:\/\/instytutpolski.pl\/stockholm\/wp-content\/uploads\/sites\/17\/2022\/01\/IMG_1464-Torun-Ekstrand-768x1024.jpg\" alt=\"\" class=\"wp-image-7774\" srcset=\"https:\/\/instytutpolski.pl\/stockholm\/wp-content\/uploads\/sites\/17\/2022\/01\/IMG_1464-Torun-Ekstrand-768x1024.jpg 768w, https:\/\/instytutpolski.pl\/stockholm\/wp-content\/uploads\/sites\/17\/2022\/01\/IMG_1464-Torun-Ekstrand-225x300.jpg 225w, https:\/\/instytutpolski.pl\/stockholm\/wp-content\/uploads\/sites\/17\/2022\/01\/IMG_1464-Torun-Ekstrand-1152x1536.jpg 1152w, https:\/\/instytutpolski.pl\/stockholm\/wp-content\/uploads\/sites\/17\/2022\/01\/IMG_1464-Torun-Ekstrand-1536x2048.jpg 1536w, https:\/\/instytutpolski.pl\/stockholm\/wp-content\/uploads\/sites\/17\/2022\/01\/IMG_1464-Torun-Ekstrand-scaled.jpg 1920w\" sizes=\"auto, (max-width: 768px) 100vw, 768px\" \/><\/a><\/figure>\n\n\n\n<figure class=\"wp-block-image size-large\"><a href=\"https:\/\/instytutpolski.pl\/stockholm\/wp-content\/uploads\/sites\/17\/2022\/01\/Foto-Torun-Ekstrand-41-scaled.jpg\"><img loading=\"lazy\" decoding=\"async\" width=\"768\" height=\"1024\" data-id=\"7772\" src=\"https:\/\/instytutpolski.pl\/stockholm\/wp-content\/uploads\/sites\/17\/2022\/01\/Foto-Torun-Ekstrand-41-768x1024.jpg\" alt=\"\" class=\"wp-image-7772\" srcset=\"https:\/\/instytutpolski.pl\/stockholm\/wp-content\/uploads\/sites\/17\/2022\/01\/Foto-Torun-Ekstrand-41-768x1024.jpg 768w, https:\/\/instytutpolski.pl\/stockholm\/wp-content\/uploads\/sites\/17\/2022\/01\/Foto-Torun-Ekstrand-41-225x300.jpg 225w, https:\/\/instytutpolski.pl\/stockholm\/wp-content\/uploads\/sites\/17\/2022\/01\/Foto-Torun-Ekstrand-41-1152x1536.jpg 1152w, https:\/\/instytutpolski.pl\/stockholm\/wp-content\/uploads\/sites\/17\/2022\/01\/Foto-Torun-Ekstrand-41-1536x2048.jpg 1536w, https:\/\/instytutpolski.pl\/stockholm\/wp-content\/uploads\/sites\/17\/2022\/01\/Foto-Torun-Ekstrand-41-scaled.jpg 1920w\" sizes=\"auto, (max-width: 768px) 100vw, 768px\" \/><\/a><\/figure>\n<figcaption class=\"blocks-gallery-caption\"><em>Zdj\u0119cia: Torun Ekstrand<\/em><\/figcaption><\/figure>\n\n\n\n<p><\/p>\n","protected":false},"excerpt":{"rendered":"<p>W swojej tw\u00f3rczo\u015bci Iwona Zaj\u0105c porusza tematy takie jak t\u0119sknota, marzenia, po\u0142\u0105czenie oraz przesz\u0142o\u015b\u0107. Praktyka artystki jest pe\u0142na szacunku do ci\u0119\u017ckiej pracy, mo\u017cna powiedzie\u0107, \u017ce jej prace s\u0105 ho\u0142dem dla historii \u017cycia ludno\u015bci po obu stronach Morza Ba\u0142tyckiego. W swojej wystawie \u201cReturn\u201d, artystka przeplata owe historie tradycyjnymi kwiecistymi wzorami, charakterystycznymi dla haft\u00f3w tworzonych w szwedzkim [&hellip;]<\/p>\n","protected":false},"author":29,"featured_media":7770,"comment_status":"closed","ping_status":"closed","sticky":true,"template":"","format":"standard","meta":{"inline_featured_image":false,"_monsterinsights_skip_tracking":false,"_monsterinsights_sitenote_active":false,"_monsterinsights_sitenote_note":"","_monsterinsights_sitenote_category":0,"footnotes":""},"categories":[224,208],"tags":[],"class_list":["post-7778","post","type-post","status-publish","format-standard","has-post-thumbnail","hentry","category-aktualnosc-pl","category-galeria-pl"],"yoast_head":"<!-- This site is optimized with the Yoast SEO plugin v24.6 - https:\/\/yoast.com\/wordpress\/plugins\/seo\/ -->\n<title>Fotorelacja z wystawy Iwony Zaj\u0105c &quot;Return&quot; - Instytut Polski w Sztokholmie<\/title>\n<meta name=\"description\" content=\"I l\u00f6rdags p\u00e5 Kulturcentrum Ronneby konsthall \u00f6ppnades utst\u00e4llningen \u201cReturn\u201d som skapades av en polsk konstn\u00e4r, Iwona Zaj\u0105c, i samarbete med Kulturcentrum Ronneby Konsthall, Konst i Blekinge och Polska institutet i Stockholm. Stort grattis till konstn\u00e4ren samt till alla som bidrog till projektet!\" \/>\n<meta name=\"robots\" content=\"index, follow, max-snippet:-1, max-image-preview:large, max-video-preview:-1\" \/>\n<link rel=\"canonical\" href=\"https:\/\/instytutpolski.pl\/stockholm\/pl\/2022\/01\/31\/fotorelacja-z-wystawy-iwony-zajac-return\/\" \/>\n<meta property=\"og:locale\" content=\"pl_PL\" \/>\n<meta property=\"og:type\" content=\"article\" \/>\n<meta property=\"og:title\" content=\"Fotorelacja z wystawy Iwony Zaj\u0105c &quot;Return&quot; - Instytut Polski w Sztokholmie\" \/>\n<meta property=\"og:description\" content=\"I l\u00f6rdags p\u00e5 Kulturcentrum Ronneby konsthall \u00f6ppnades utst\u00e4llningen \u201cReturn\u201d som skapades av en polsk konstn\u00e4r, Iwona Zaj\u0105c, i samarbete med Kulturcentrum Ronneby Konsthall, Konst i Blekinge och Polska institutet i Stockholm. Stort grattis till konstn\u00e4ren samt till alla som bidrog till projektet!\" \/>\n<meta property=\"og:url\" content=\"https:\/\/instytutpolski.pl\/stockholm\/pl\/2022\/01\/31\/fotorelacja-z-wystawy-iwony-zajac-return\/\" \/>\n<meta property=\"og:site_name\" content=\"Instytut Polski w Sztokholmie\" \/>\n<meta property=\"article:published_time\" content=\"2022-01-31T09:05:41+00:00\" \/>\n<meta property=\"article:modified_time\" content=\"2022-02-09T12:50:37+00:00\" \/>\n<meta property=\"og:image\" content=\"https:\/\/instytutpolski.pl\/stockholm\/wp-content\/uploads\/sites\/17\/2022\/01\/Foto-Torun-Ekstrand-21-scaled.jpg\" \/>\n\t<meta property=\"og:image:width\" content=\"2560\" \/>\n\t<meta property=\"og:image:height\" content=\"1920\" \/>\n\t<meta property=\"og:image:type\" content=\"image\/jpeg\" \/>\n<meta name=\"author\" content=\"strozniake\" \/>\n<meta name=\"twitter:card\" content=\"summary_large_image\" \/>\n<meta name=\"twitter:label1\" content=\"Napisane przez\" \/>\n\t<meta name=\"twitter:data1\" content=\"strozniake\" \/>\n\t<meta name=\"twitter:label2\" content=\"Szacowany czas czytania\" \/>\n\t<meta name=\"twitter:data2\" content=\"5 minut\" \/>\n<script type=\"application\/ld+json\" class=\"yoast-schema-graph\">{\"@context\":\"https:\/\/schema.org\",\"@graph\":[{\"@type\":\"event\",\"@id\":\"https:\/\/instytutpolski.pl\/stockholm\/pl\/2022\/01\/31\/fotorelacja-z-wystawy-iwony-zajac-return\/\",\"url\":\"https:\/\/instytutpolski.pl\/stockholm\/pl\/2022\/01\/31\/fotorelacja-z-wystawy-iwony-zajac-return\/\",\"name\":\"Fotorelacja z wystawy Iwony Zaj\u0105c \\\"Return\\\"\",\"isPartOf\":{\"@id\":\"https:\/\/instytutpolski.pl\/stockholm\/#website\"},\"primaryImageOfPage\":{\"@id\":\"https:\/\/instytutpolski.pl\/stockholm\/pl\/2022\/01\/31\/fotorelacja-z-wystawy-iwony-zajac-return\/#primaryimage\"},\"image\":[\"https:\/\/instytutpolski.pl\/stockholm\/wp-content\/uploads\/sites\/17\/2022\/01\/Foto-Torun-Ekstrand-21-scaled.jpg\",\"https:\/\/instytutpolski.pl\/stockholm\/wp-content\/uploads\/sites\/17\/2022\/01\/Foto-Torun-Ekstrand-21-300x225.jpg\",\"https:\/\/instytutpolski.pl\/stockholm\/wp-content\/uploads\/sites\/17\/2022\/01\/Foto-Torun-Ekstrand-21-1024x768.jpg\",\"https:\/\/instytutpolski.pl\/stockholm\/wp-content\/uploads\/sites\/17\/2022\/01\/Foto-Torun-Ekstrand-21-scaled.jpg\"],\"thumbnailUrl\":\"https:\/\/instytutpolski.pl\/stockholm\/wp-content\/uploads\/sites\/17\/2022\/01\/Foto-Torun-Ekstrand-21-scaled.jpg\",\"datePublished\":\"2022-01-31T09:05:41+02:00\",\"dateModified\":\"2022-02-09T12:50:37+02:00\",\"author\":{\"@id\":\"https:\/\/instytutpolski.pl\/stockholm\/#\/schema\/person\/062b5a5f61f32b17c98996975db8d556\"},\"description\":\"W swojej tw\u00f3rczo\u015bci Iwona Zaj\u0105c porusza tematy takie jak t\u0119sknota, marzenia, po\u0142\u0105czenie oraz przesz\u0142o\u015b\u0107. Praktyka artystki jest pe\u0142na szacunku do ci\u0119\u017ckiej pracy, mo\u017cna powiedzie\u0107, \u017ce jej prace s\u0105 ho\u0142dem dla historii \u017cycia ludno\u015bci po obu stronach Morza Ba\u0142tyckiego. W swojej wystawie \u201cReturn\u201d, artystka przeplata owe historie tradycyjnymi kwiecistymi wzorami, charakterystycznymi dla haft\u00f3w tworzonych w szwedzkim regionie Blekinge.\\nWystawa potrwa do 13 marca 2022 roku. Serdecznie zapraszamy!\\nWi\u0119cej o wystawie tutaj.  \\nZapowied\u017a wystawy w magazynie \u201cSyd\u00f6stran\u201d tutaj (w j. szwedzkim).\",\"breadcrumb\":{\"@id\":\"https:\/\/instytutpolski.pl\/stockholm\/pl\/2022\/01\/31\/fotorelacja-z-wystawy-iwony-zajac-return\/#breadcrumb\"},\"inLanguage\":\"pl-PL\",\"potentialAction\":[{\"@type\":\"ReadAction\",\"target\":[\"https:\/\/instytutpolski.pl\/stockholm\/pl\/2022\/01\/31\/fotorelacja-z-wystawy-iwony-zajac-return\/\"]}],\"@context\":\"https:\/\/schema.org\",\"startDate\":\"2022-01-28\",\"endDate\":\"2022-01-28\",\"eventStatus\":\"EventScheduled\",\"eventAttendanceMode\":\"OfflineEventAttendanceMode\",\"location\":{\"@type\":\"place\",\"name\":\"\",\"address\":\"\",\"geo\":{\"@type\":\"GeoCoordinates\",\"latitude\":\"\",\"longitude\":\"\"}}},{\"@type\":\"ImageObject\",\"inLanguage\":\"pl-PL\",\"@id\":\"https:\/\/instytutpolski.pl\/stockholm\/pl\/2022\/01\/31\/fotorelacja-z-wystawy-iwony-zajac-return\/#primaryimage\",\"url\":\"https:\/\/instytutpolski.pl\/stockholm\/wp-content\/uploads\/sites\/17\/2022\/01\/Foto-Torun-Ekstrand-21-scaled.jpg\",\"contentUrl\":\"https:\/\/instytutpolski.pl\/stockholm\/wp-content\/uploads\/sites\/17\/2022\/01\/Foto-Torun-Ekstrand-21-scaled.jpg\",\"width\":2560,\"height\":1920},{\"@type\":\"BreadcrumbList\",\"@id\":\"https:\/\/instytutpolski.pl\/stockholm\/pl\/2022\/01\/31\/fotorelacja-z-wystawy-iwony-zajac-return\/#breadcrumb\",\"itemListElement\":[{\"@type\":\"ListItem\",\"position\":1,\"name\":\"Home\",\"item\":\"https:\/\/instytutpolski.pl\/stockholm\/\"},{\"@type\":\"ListItem\",\"position\":2,\"name\":\"Fotorelacja z wystawy Iwony Zaj\u0105c &#8222;Return&#8221;\"}]},{\"@type\":\"WebSite\",\"@id\":\"https:\/\/instytutpolski.pl\/stockholm\/#website\",\"url\":\"https:\/\/instytutpolski.pl\/stockholm\/\",\"name\":\"Instytut Polski w Sztokholmie\",\"description\":\"Instytuty Polskie\",\"potentialAction\":[{\"@type\":\"SearchAction\",\"target\":{\"@type\":\"EntryPoint\",\"urlTemplate\":\"https:\/\/instytutpolski.pl\/stockholm\/?s={search_term_string}\"},\"query-input\":{\"@type\":\"PropertyValueSpecification\",\"valueRequired\":true,\"valueName\":\"search_term_string\"}}],\"inLanguage\":\"pl-PL\"},{\"@type\":\"Person\",\"@id\":\"https:\/\/instytutpolski.pl\/stockholm\/#\/schema\/person\/062b5a5f61f32b17c98996975db8d556\",\"name\":\"strozniake\",\"image\":{\"@type\":\"ImageObject\",\"inLanguage\":\"pl-PL\",\"@id\":\"https:\/\/instytutpolski.pl\/stockholm\/#\/schema\/person\/image\/\",\"url\":\"https:\/\/secure.gravatar.com\/avatar\/25e0be9897787f9035155a882fde97cc?s=96&d=mm&r=g\",\"contentUrl\":\"https:\/\/secure.gravatar.com\/avatar\/25e0be9897787f9035155a882fde97cc?s=96&d=mm&r=g\",\"caption\":\"strozniake\"},\"sameAs\":[\"http:\/\/strozniake\"],\"url\":\"https:\/\/instytutpolski.pl\/stockholm\/author\/strozniake\/\"}]}<\/script>\n<!-- \/ Yoast SEO plugin. -->","yoast_head_json":{"title":"Fotorelacja z wystawy Iwony Zaj\u0105c \"Return\" - Instytut Polski w Sztokholmie","description":"I l\u00f6rdags p\u00e5 Kulturcentrum Ronneby konsthall \u00f6ppnades utst\u00e4llningen \u201cReturn\u201d som skapades av en polsk konstn\u00e4r, Iwona Zaj\u0105c, i samarbete med Kulturcentrum Ronneby Konsthall, Konst i Blekinge och Polska institutet i Stockholm. Stort grattis till konstn\u00e4ren samt till alla som bidrog till projektet!","robots":{"index":"index","follow":"follow","max-snippet":"max-snippet:-1","max-image-preview":"max-image-preview:large","max-video-preview":"max-video-preview:-1"},"canonical":"https:\/\/instytutpolski.pl\/stockholm\/pl\/2022\/01\/31\/fotorelacja-z-wystawy-iwony-zajac-return\/","og_locale":"pl_PL","og_type":"article","og_title":"Fotorelacja z wystawy Iwony Zaj\u0105c \"Return\" - Instytut Polski w Sztokholmie","og_description":"I l\u00f6rdags p\u00e5 Kulturcentrum Ronneby konsthall \u00f6ppnades utst\u00e4llningen \u201cReturn\u201d som skapades av en polsk konstn\u00e4r, Iwona Zaj\u0105c, i samarbete med Kulturcentrum Ronneby Konsthall, Konst i Blekinge och Polska institutet i Stockholm. Stort grattis till konstn\u00e4ren samt till alla som bidrog till projektet!","og_url":"https:\/\/instytutpolski.pl\/stockholm\/pl\/2022\/01\/31\/fotorelacja-z-wystawy-iwony-zajac-return\/","og_site_name":"Instytut Polski w Sztokholmie","article_published_time":"2022-01-31T09:05:41+00:00","article_modified_time":"2022-02-09T12:50:37+00:00","og_image":[{"width":2560,"height":1920,"url":"https:\/\/instytutpolski.pl\/stockholm\/wp-content\/uploads\/sites\/17\/2022\/01\/Foto-Torun-Ekstrand-21-scaled.jpg","type":"image\/jpeg"}],"author":"strozniake","twitter_card":"summary_large_image","twitter_misc":{"Napisane przez":"strozniake","Szacowany czas czytania":"5 minut"},"schema":{"@context":"https:\/\/schema.org","@graph":[{"@type":"event","@id":"https:\/\/instytutpolski.pl\/stockholm\/pl\/2022\/01\/31\/fotorelacja-z-wystawy-iwony-zajac-return\/","url":"https:\/\/instytutpolski.pl\/stockholm\/pl\/2022\/01\/31\/fotorelacja-z-wystawy-iwony-zajac-return\/","name":"Fotorelacja z wystawy Iwony Zaj\u0105c \"Return\"","isPartOf":{"@id":"https:\/\/instytutpolski.pl\/stockholm\/#website"},"primaryImageOfPage":{"@id":"https:\/\/instytutpolski.pl\/stockholm\/pl\/2022\/01\/31\/fotorelacja-z-wystawy-iwony-zajac-return\/#primaryimage"},"image":["https:\/\/instytutpolski.pl\/stockholm\/wp-content\/uploads\/sites\/17\/2022\/01\/Foto-Torun-Ekstrand-21-scaled.jpg","https:\/\/instytutpolski.pl\/stockholm\/wp-content\/uploads\/sites\/17\/2022\/01\/Foto-Torun-Ekstrand-21-300x225.jpg","https:\/\/instytutpolski.pl\/stockholm\/wp-content\/uploads\/sites\/17\/2022\/01\/Foto-Torun-Ekstrand-21-1024x768.jpg","https:\/\/instytutpolski.pl\/stockholm\/wp-content\/uploads\/sites\/17\/2022\/01\/Foto-Torun-Ekstrand-21-scaled.jpg"],"thumbnailUrl":"https:\/\/instytutpolski.pl\/stockholm\/wp-content\/uploads\/sites\/17\/2022\/01\/Foto-Torun-Ekstrand-21-scaled.jpg","datePublished":"2022-01-31T09:05:41+02:00","dateModified":"2022-02-09T12:50:37+02:00","author":{"@id":"https:\/\/instytutpolski.pl\/stockholm\/#\/schema\/person\/062b5a5f61f32b17c98996975db8d556"},"description":"W swojej tw\u00f3rczo\u015bci Iwona Zaj\u0105c porusza tematy takie jak t\u0119sknota, marzenia, po\u0142\u0105czenie oraz przesz\u0142o\u015b\u0107. Praktyka artystki jest pe\u0142na szacunku do ci\u0119\u017ckiej pracy, mo\u017cna powiedzie\u0107, \u017ce jej prace s\u0105 ho\u0142dem dla historii \u017cycia ludno\u015bci po obu stronach Morza Ba\u0142tyckiego. W swojej wystawie \u201cReturn\u201d, artystka przeplata owe historie tradycyjnymi kwiecistymi wzorami, charakterystycznymi dla haft\u00f3w tworzonych w szwedzkim regionie Blekinge.\nWystawa potrwa do 13 marca 2022 roku. Serdecznie zapraszamy!\nWi\u0119cej o wystawie tutaj.  \nZapowied\u017a wystawy w magazynie \u201cSyd\u00f6stran\u201d tutaj (w j. szwedzkim).","breadcrumb":{"@id":"https:\/\/instytutpolski.pl\/stockholm\/pl\/2022\/01\/31\/fotorelacja-z-wystawy-iwony-zajac-return\/#breadcrumb"},"inLanguage":"pl-PL","potentialAction":[{"@type":"ReadAction","target":["https:\/\/instytutpolski.pl\/stockholm\/pl\/2022\/01\/31\/fotorelacja-z-wystawy-iwony-zajac-return\/"]}],"@context":"https:\/\/schema.org","startDate":"2022-01-28","endDate":"2022-01-28","eventStatus":"EventScheduled","eventAttendanceMode":"OfflineEventAttendanceMode","location":{"@type":"place","name":"","address":"","geo":{"@type":"GeoCoordinates","latitude":"","longitude":""}}},{"@type":"ImageObject","inLanguage":"pl-PL","@id":"https:\/\/instytutpolski.pl\/stockholm\/pl\/2022\/01\/31\/fotorelacja-z-wystawy-iwony-zajac-return\/#primaryimage","url":"https:\/\/instytutpolski.pl\/stockholm\/wp-content\/uploads\/sites\/17\/2022\/01\/Foto-Torun-Ekstrand-21-scaled.jpg","contentUrl":"https:\/\/instytutpolski.pl\/stockholm\/wp-content\/uploads\/sites\/17\/2022\/01\/Foto-Torun-Ekstrand-21-scaled.jpg","width":2560,"height":1920},{"@type":"BreadcrumbList","@id":"https:\/\/instytutpolski.pl\/stockholm\/pl\/2022\/01\/31\/fotorelacja-z-wystawy-iwony-zajac-return\/#breadcrumb","itemListElement":[{"@type":"ListItem","position":1,"name":"Home","item":"https:\/\/instytutpolski.pl\/stockholm\/"},{"@type":"ListItem","position":2,"name":"Fotorelacja z wystawy Iwony Zaj\u0105c &#8222;Return&#8221;"}]},{"@type":"WebSite","@id":"https:\/\/instytutpolski.pl\/stockholm\/#website","url":"https:\/\/instytutpolski.pl\/stockholm\/","name":"Instytut Polski w Sztokholmie","description":"Instytuty Polskie","potentialAction":[{"@type":"SearchAction","target":{"@type":"EntryPoint","urlTemplate":"https:\/\/instytutpolski.pl\/stockholm\/?s={search_term_string}"},"query-input":{"@type":"PropertyValueSpecification","valueRequired":true,"valueName":"search_term_string"}}],"inLanguage":"pl-PL"},{"@type":"Person","@id":"https:\/\/instytutpolski.pl\/stockholm\/#\/schema\/person\/062b5a5f61f32b17c98996975db8d556","name":"strozniake","image":{"@type":"ImageObject","inLanguage":"pl-PL","@id":"https:\/\/instytutpolski.pl\/stockholm\/#\/schema\/person\/image\/","url":"https:\/\/secure.gravatar.com\/avatar\/25e0be9897787f9035155a882fde97cc?s=96&d=mm&r=g","contentUrl":"https:\/\/secure.gravatar.com\/avatar\/25e0be9897787f9035155a882fde97cc?s=96&d=mm&r=g","caption":"strozniake"},"sameAs":["http:\/\/strozniake"],"url":"https:\/\/instytutpolski.pl\/stockholm\/author\/strozniake\/"}]}},"_links":{"self":[{"href":"https:\/\/instytutpolski.pl\/stockholm\/wp-json\/wp\/v2\/posts\/7778","targetHints":{"allow":["GET"]}}],"collection":[{"href":"https:\/\/instytutpolski.pl\/stockholm\/wp-json\/wp\/v2\/posts"}],"about":[{"href":"https:\/\/instytutpolski.pl\/stockholm\/wp-json\/wp\/v2\/types\/post"}],"author":[{"embeddable":true,"href":"https:\/\/instytutpolski.pl\/stockholm\/wp-json\/wp\/v2\/users\/29"}],"replies":[{"embeddable":true,"href":"https:\/\/instytutpolski.pl\/stockholm\/wp-json\/wp\/v2\/comments?post=7778"}],"version-history":[{"count":8,"href":"https:\/\/instytutpolski.pl\/stockholm\/wp-json\/wp\/v2\/posts\/7778\/revisions"}],"predecessor-version":[{"id":7851,"href":"https:\/\/instytutpolski.pl\/stockholm\/wp-json\/wp\/v2\/posts\/7778\/revisions\/7851"}],"wp:featuredmedia":[{"embeddable":true,"href":"https:\/\/instytutpolski.pl\/stockholm\/wp-json\/wp\/v2\/media\/7770"}],"wp:attachment":[{"href":"https:\/\/instytutpolski.pl\/stockholm\/wp-json\/wp\/v2\/media?parent=7778"}],"wp:term":[{"taxonomy":"category","embeddable":true,"href":"https:\/\/instytutpolski.pl\/stockholm\/wp-json\/wp\/v2\/categories?post=7778"},{"taxonomy":"post_tag","embeddable":true,"href":"https:\/\/instytutpolski.pl\/stockholm\/wp-json\/wp\/v2\/tags?post=7778"}],"curies":[{"name":"wp","href":"https:\/\/api.w.org\/{rel}","templated":true}]}}