{"id":7939,"date":"2022-03-07T13:31:00","date_gmt":"2022-03-07T12:31:00","guid":{"rendered":"https:\/\/instytutpolski.pl\/stockholm\/?p=7939"},"modified":"2022-03-15T13:19:15","modified_gmt":"2022-03-15T12:19:15","slug":"vi-star-med-ukraina","status":"publish","type":"post","link":"https:\/\/instytutpolski.pl\/stockholm\/2022\/03\/07\/vi-star-med-ukraina\/","title":{"rendered":"Vi st\u00e5r med Ukraina!"},"content":{"rendered":"\n<p>\u00d6ver hela v\u00e4rlden \u00e4r Polska institut, tillsammans med sina utl\u00e4ndska partners, engagerade i att st\u00f6dja Ukrainas kamp f\u00f6r frihet. De organiserar konserter, m\u00f6ten, planerar evenemang med ukrainska kollegor och initierar internationella aktiviteter till f\u00f6rm\u00e5n f\u00f6r den ukrainska kultursektorn.<\/p>\n\n\n\n<div style=\"height:35px\" aria-hidden=\"true\" class=\"wp-block-spacer\"><\/div>\n\n\n\n<div class=\"wp-block-image\"><figure class=\"aligncenter size-large is-resized\"><img loading=\"lazy\" decoding=\"async\" src=\"https:\/\/instytutpolski.pl\/stockholm\/wp-content\/uploads\/sites\/17\/2022\/03\/1_Poland-First-To-Help_16x9-1024x576.jpg\" alt=\"\" class=\"wp-image-7942\" width=\"768\" height=\"432\" srcset=\"https:\/\/instytutpolski.pl\/stockholm\/wp-content\/uploads\/sites\/17\/2022\/03\/1_Poland-First-To-Help_16x9-1024x576.jpg 1024w, https:\/\/instytutpolski.pl\/stockholm\/wp-content\/uploads\/sites\/17\/2022\/03\/1_Poland-First-To-Help_16x9-300x169.jpg 300w, https:\/\/instytutpolski.pl\/stockholm\/wp-content\/uploads\/sites\/17\/2022\/03\/1_Poland-First-To-Help_16x9-768x432.jpg 768w, https:\/\/instytutpolski.pl\/stockholm\/wp-content\/uploads\/sites\/17\/2022\/03\/1_Poland-First-To-Help_16x9-1536x864.jpg 1536w, https:\/\/instytutpolski.pl\/stockholm\/wp-content\/uploads\/sites\/17\/2022\/03\/1_Poland-First-To-Help_16x9-1120x630.jpg 1120w, https:\/\/instytutpolski.pl\/stockholm\/wp-content\/uploads\/sites\/17\/2022\/03\/1_Poland-First-To-Help_16x9.jpg 1601w\" sizes=\"auto, (max-width: 768px) 100vw, 768px\" \/><\/figure><\/div>\n\n\n\n<p><br>Krig diskriminerar inte. Det p\u00e5verkar alla som r\u00e5kar vara med i Ukraina just nu. Det \u00e4r d\u00e4rf\u00f6r Polen hj\u00e4lper alla som undkommer rysk invasion, oavsett nationalitet, etnicitet eller ras. Sedan b\u00f6rjan av den ryska aggressionen har Polen tagit emot \u00f6ver 1 830 000 flyktingar fr\u00e5n Ukraina.<\/p>\n\n\n\n<p>Polacker \u00f6ppnar d\u00f6rren f\u00f6r ukrainare p\u00e5 flykt. M\u00e4ngder polacker fr\u00e5n hela landet erbjuder boende. Alla kan vara med och hj\u00e4lpa det ukrainska folket.<\/p>\n\n\n\n<div style=\"height:35px\" aria-hidden=\"true\" class=\"wp-block-spacer\"><\/div>\n\n\n\n<div class=\"wp-block-image\"><figure class=\"aligncenter size-large is-resized\"><img loading=\"lazy\" decoding=\"async\" src=\"https:\/\/instytutpolski.pl\/stockholm\/wp-content\/uploads\/sites\/17\/2022\/03\/Pomagam-Ukrainie-1_EN-1024x576.png\" alt=\"\" class=\"wp-image-7941\" width=\"768\" height=\"432\" srcset=\"https:\/\/instytutpolski.pl\/stockholm\/wp-content\/uploads\/sites\/17\/2022\/03\/Pomagam-Ukrainie-1_EN-1024x576.png 1024w, https:\/\/instytutpolski.pl\/stockholm\/wp-content\/uploads\/sites\/17\/2022\/03\/Pomagam-Ukrainie-1_EN-300x169.png 300w, https:\/\/instytutpolski.pl\/stockholm\/wp-content\/uploads\/sites\/17\/2022\/03\/Pomagam-Ukrainie-1_EN-768x432.png 768w, https:\/\/instytutpolski.pl\/stockholm\/wp-content\/uploads\/sites\/17\/2022\/03\/Pomagam-Ukrainie-1_EN-1536x864.png 1536w, https:\/\/instytutpolski.pl\/stockholm\/wp-content\/uploads\/sites\/17\/2022\/03\/Pomagam-Ukrainie-1_EN-1120x630.png 1120w, https:\/\/instytutpolski.pl\/stockholm\/wp-content\/uploads\/sites\/17\/2022\/03\/Pomagam-Ukrainie-1_EN.png 1600w\" sizes=\"auto, (max-width: 768px) 100vw, 768px\" \/><\/figure><\/div>\n\n\n\n<p><br>En webbplats <a href=\"http:\/\/pomagamukrainie.gov.pl\" target=\"_blank\" rel=\"noreferrer noopener\">http:\/\/pomagamukrainie.gov.pl<\/a> d\u00e4r kan du rapportera beredskapen att hj\u00e4lpa Ukraina och behovet av hj\u00e4lp har lanserats i Polen.<\/p>\n\n\n\n<p>Polska institutet visar st\u00f6d f\u00f6r Ukraina och st\u00e5r f\u00f6r Ukrainas frihet och demokrati.<\/p>\n\n\n\n<p>Vi st\u00e5r med Ukraina!<\/p>\n\n\n\n<div style=\"height:35px\" aria-hidden=\"true\" class=\"wp-block-spacer\"><\/div>\n\n\n\n<figure class=\"wp-block-video\"><video autoplay controls loop muted src=\"https:\/\/instytutpolski.pl\/stockholm\/wp-content\/uploads\/sites\/17\/2022\/03\/UA_7.mp4\"><\/video><\/figure>\n","protected":false},"excerpt":{"rendered":"<p>\u00d6ver hela v\u00e4rlden \u00e4r Polska institut, tillsammans med sina utl\u00e4ndska partners, engagerade i att st\u00f6dja Ukrainas kamp f\u00f6r frihet. De organiserar konserter, m\u00f6ten, planerar evenemang med ukrainska kollegor och initierar internationella aktiviteter till f\u00f6rm\u00e5n f\u00f6r den ukrainska kultursektorn. Krig diskriminerar inte. Det p\u00e5verkar alla som r\u00e5kar vara med i Ukraina just nu. Det \u00e4r d\u00e4rf\u00f6r [&hellip;]<\/p>\n","protected":false},"author":29,"featured_media":7943,"comment_status":"closed","ping_status":"closed","sticky":false,"template":"","format":"standard","meta":{"inline_featured_image":false,"_monsterinsights_skip_tracking":false,"_monsterinsights_sitenote_active":false,"_monsterinsights_sitenote_note":"","_monsterinsights_sitenote_category":0,"footnotes":""},"categories":[222],"tags":[],"class_list":["post-7939","post","type-post","status-publish","format-standard","has-post-thumbnail","hentry","category-aktualnosc-se"],"yoast_head":"<!-- This site is optimized with the Yoast SEO plugin v24.6 - https:\/\/yoast.com\/wordpress\/plugins\/seo\/ -->\n<title>Vi st\u00e5r med Ukraina! - Instytut Polski w Sztokholmie<\/title>\n<meta name=\"description\" content=\"P\u00e5 morgonen den 24 februari 2022 anf\u00f6ll ryska trupper Ukraina. De har brutit internationella lagar och inlett ett krig. I Polen vet man vad krig inneb\u00e4r.\" \/>\n<meta name=\"robots\" content=\"index, follow, max-snippet:-1, max-image-preview:large, max-video-preview:-1\" \/>\n<link rel=\"canonical\" href=\"https:\/\/instytutpolski.pl\/stockholm\/2022\/03\/07\/vi-star-med-ukraina\/\" \/>\n<meta property=\"og:locale\" content=\"pl_PL\" \/>\n<meta property=\"og:type\" content=\"article\" \/>\n<meta property=\"og:title\" content=\"Vi st\u00e5r med Ukraina! - Instytut Polski w Sztokholmie\" \/>\n<meta property=\"og:description\" content=\"P\u00e5 morgonen den 24 februari 2022 anf\u00f6ll ryska trupper Ukraina. De har brutit internationella lagar och inlett ett krig. I Polen vet man vad krig inneb\u00e4r.\" \/>\n<meta property=\"og:url\" content=\"https:\/\/instytutpolski.pl\/stockholm\/2022\/03\/07\/vi-star-med-ukraina\/\" \/>\n<meta property=\"og:site_name\" content=\"Instytut Polski w Sztokholmie\" \/>\n<meta property=\"article:published_time\" content=\"2022-03-07T12:31:00+00:00\" \/>\n<meta property=\"article:modified_time\" content=\"2022-03-15T12:19:15+00:00\" \/>\n<meta property=\"og:image\" content=\"https:\/\/instytutpolski.pl\/stockholm\/wp-content\/uploads\/sites\/17\/2022\/03\/3_Solidarity-with-Ukraine_16x9.jpg\" \/>\n\t<meta property=\"og:image:width\" content=\"1601\" \/>\n\t<meta property=\"og:image:height\" content=\"901\" \/>\n\t<meta property=\"og:image:type\" content=\"image\/jpeg\" \/>\n<meta name=\"author\" content=\"strozniake\" \/>\n<meta name=\"twitter:card\" content=\"summary_large_image\" \/>\n<meta name=\"twitter:label1\" content=\"Napisane przez\" \/>\n\t<meta name=\"twitter:data1\" content=\"strozniake\" \/>\n\t<meta name=\"twitter:label2\" content=\"Szacowany czas czytania\" \/>\n\t<meta name=\"twitter:data2\" content=\"2 minuty\" \/>\n<script type=\"application\/ld+json\" class=\"yoast-schema-graph\">{\"@context\":\"https:\/\/schema.org\",\"@graph\":[{\"@type\":\"event\",\"@id\":\"https:\/\/instytutpolski.pl\/stockholm\/2022\/03\/07\/vi-star-med-ukraina\/\",\"url\":\"https:\/\/instytutpolski.pl\/stockholm\/2022\/03\/07\/vi-star-med-ukraina\/\",\"name\":\"Vi st\u00e5r med Ukraina!\",\"isPartOf\":{\"@id\":\"https:\/\/instytutpolski.pl\/stockholm\/#website\"},\"primaryImageOfPage\":{\"@id\":\"https:\/\/instytutpolski.pl\/stockholm\/2022\/03\/07\/vi-star-med-ukraina\/#primaryimage\"},\"image\":[\"https:\/\/instytutpolski.pl\/stockholm\/wp-content\/uploads\/sites\/17\/2022\/03\/3_Solidarity-with-Ukraine_16x9.jpg\",\"https:\/\/instytutpolski.pl\/stockholm\/wp-content\/uploads\/sites\/17\/2022\/03\/3_Solidarity-with-Ukraine_16x9-300x169.jpg\",\"https:\/\/instytutpolski.pl\/stockholm\/wp-content\/uploads\/sites\/17\/2022\/03\/3_Solidarity-with-Ukraine_16x9-1024x576.jpg\",\"https:\/\/instytutpolski.pl\/stockholm\/wp-content\/uploads\/sites\/17\/2022\/03\/3_Solidarity-with-Ukraine_16x9.jpg\"],\"thumbnailUrl\":\"https:\/\/instytutpolski.pl\/stockholm\/wp-content\/uploads\/sites\/17\/2022\/03\/3_Solidarity-with-Ukraine_16x9.jpg\",\"datePublished\":\"2022-03-07T12:31:00+02:00\",\"dateModified\":\"2022-03-15T12:19:15+02:00\",\"author\":{\"@id\":\"https:\/\/instytutpolski.pl\/stockholm\/#\/schema\/person\/062b5a5f61f32b17c98996975db8d556\"},\"description\":\"\u00d6ver hela v\u00e4rlden \u00e4r Polska institut, tillsammans med sina utl\u00e4ndska partners, engagerade i att st\u00f6dja Ukrainas kamp f\u00f6r frihet. De organiserar konserter, m\u00f6ten, planerar evenemang med ukrainska kollegor och initierar internationella aktiviteter till f\u00f6rm\u00e5n f\u00f6r den ukrainska kultursektorn.\\nKrig diskriminerar inte. Det p\u00e5verkar alla som r\u00e5kar vara med i Ukraina just nu. Det \u00e4r d\u00e4rf\u00f6r Polen hj\u00e4lper alla som undkommer rysk invasion, oavsett nationalitet, etnicitet eller ras. Sedan b\u00f6rjan av den ryska aggressionen har Polen tagit emot \u00f6ver 1 830 000 flyktingar fr\u00e5n Ukraina.\\nPolacker \u00f6ppnar d\u00f6rren f\u00f6r ukrainare p\u00e5 flykt. M\u00e4ngder polacker fr\u00e5n hela landet erbjuder boende. Alla kan vara med och hj\u00e4lpa det ukrainska folket.\\nEn webbplats http:\/\/pomagamukrainie.gov.pl d\u00e4r kan du rapportera beredskapen att hj\u00e4lpa Ukraina och behovet av hj\u00e4lp har lanserats i Polen.\\nPolska institutet visar st\u00f6d f\u00f6r Ukraina och st\u00e5r f\u00f6r Ukrainas frihet och demokrati.\\nVi st\u00e5r med Ukraina!\",\"breadcrumb\":{\"@id\":\"https:\/\/instytutpolski.pl\/stockholm\/2022\/03\/07\/vi-star-med-ukraina\/#breadcrumb\"},\"inLanguage\":\"pl-PL\",\"potentialAction\":[{\"@type\":\"ReadAction\",\"target\":[\"https:\/\/instytutpolski.pl\/stockholm\/2022\/03\/07\/vi-star-med-ukraina\/\"]}],\"@context\":\"https:\/\/schema.org\",\"startDate\":\"2022-03-07\",\"endDate\":\"2022-03-07\",\"eventStatus\":\"EventScheduled\",\"eventAttendanceMode\":\"OfflineEventAttendanceMode\",\"location\":{\"@type\":\"place\",\"name\":\"\",\"address\":\"\",\"geo\":{\"@type\":\"GeoCoordinates\",\"latitude\":\"\",\"longitude\":\"\"}}},{\"@type\":\"ImageObject\",\"inLanguage\":\"pl-PL\",\"@id\":\"https:\/\/instytutpolski.pl\/stockholm\/2022\/03\/07\/vi-star-med-ukraina\/#primaryimage\",\"url\":\"https:\/\/instytutpolski.pl\/stockholm\/wp-content\/uploads\/sites\/17\/2022\/03\/3_Solidarity-with-Ukraine_16x9.jpg\",\"contentUrl\":\"https:\/\/instytutpolski.pl\/stockholm\/wp-content\/uploads\/sites\/17\/2022\/03\/3_Solidarity-with-Ukraine_16x9.jpg\",\"width\":1601,\"height\":901},{\"@type\":\"BreadcrumbList\",\"@id\":\"https:\/\/instytutpolski.pl\/stockholm\/2022\/03\/07\/vi-star-med-ukraina\/#breadcrumb\",\"itemListElement\":[{\"@type\":\"ListItem\",\"position\":1,\"name\":\"Home\",\"item\":\"https:\/\/instytutpolski.pl\/stockholm\/\"},{\"@type\":\"ListItem\",\"position\":2,\"name\":\"Vi st\u00e5r med Ukraina!\"}]},{\"@type\":\"WebSite\",\"@id\":\"https:\/\/instytutpolski.pl\/stockholm\/#website\",\"url\":\"https:\/\/instytutpolski.pl\/stockholm\/\",\"name\":\"Instytut Polski w Sztokholmie\",\"description\":\"Instytuty Polskie\",\"potentialAction\":[{\"@type\":\"SearchAction\",\"target\":{\"@type\":\"EntryPoint\",\"urlTemplate\":\"https:\/\/instytutpolski.pl\/stockholm\/?s={search_term_string}\"},\"query-input\":{\"@type\":\"PropertyValueSpecification\",\"valueRequired\":true,\"valueName\":\"search_term_string\"}}],\"inLanguage\":\"pl-PL\"},{\"@type\":\"Person\",\"@id\":\"https:\/\/instytutpolski.pl\/stockholm\/#\/schema\/person\/062b5a5f61f32b17c98996975db8d556\",\"name\":\"strozniake\",\"image\":{\"@type\":\"ImageObject\",\"inLanguage\":\"pl-PL\",\"@id\":\"https:\/\/instytutpolski.pl\/stockholm\/#\/schema\/person\/image\/\",\"url\":\"https:\/\/secure.gravatar.com\/avatar\/25e0be9897787f9035155a882fde97cc?s=96&d=mm&r=g\",\"contentUrl\":\"https:\/\/secure.gravatar.com\/avatar\/25e0be9897787f9035155a882fde97cc?s=96&d=mm&r=g\",\"caption\":\"strozniake\"},\"sameAs\":[\"http:\/\/strozniake\"],\"url\":\"https:\/\/instytutpolski.pl\/stockholm\/author\/strozniake\/\"}]}<\/script>\n<!-- \/ Yoast SEO plugin. -->","yoast_head_json":{"title":"Vi st\u00e5r med Ukraina! - Instytut Polski w Sztokholmie","description":"P\u00e5 morgonen den 24 februari 2022 anf\u00f6ll ryska trupper Ukraina. De har brutit internationella lagar och inlett ett krig. I Polen vet man vad krig inneb\u00e4r.","robots":{"index":"index","follow":"follow","max-snippet":"max-snippet:-1","max-image-preview":"max-image-preview:large","max-video-preview":"max-video-preview:-1"},"canonical":"https:\/\/instytutpolski.pl\/stockholm\/2022\/03\/07\/vi-star-med-ukraina\/","og_locale":"pl_PL","og_type":"article","og_title":"Vi st\u00e5r med Ukraina! - Instytut Polski w Sztokholmie","og_description":"P\u00e5 morgonen den 24 februari 2022 anf\u00f6ll ryska trupper Ukraina. De har brutit internationella lagar och inlett ett krig. I Polen vet man vad krig inneb\u00e4r.","og_url":"https:\/\/instytutpolski.pl\/stockholm\/2022\/03\/07\/vi-star-med-ukraina\/","og_site_name":"Instytut Polski w Sztokholmie","article_published_time":"2022-03-07T12:31:00+00:00","article_modified_time":"2022-03-15T12:19:15+00:00","og_image":[{"width":1601,"height":901,"url":"https:\/\/instytutpolski.pl\/stockholm\/wp-content\/uploads\/sites\/17\/2022\/03\/3_Solidarity-with-Ukraine_16x9.jpg","type":"image\/jpeg"}],"author":"strozniake","twitter_card":"summary_large_image","twitter_misc":{"Napisane przez":"strozniake","Szacowany czas czytania":"2 minuty"},"schema":{"@context":"https:\/\/schema.org","@graph":[{"@type":"event","@id":"https:\/\/instytutpolski.pl\/stockholm\/2022\/03\/07\/vi-star-med-ukraina\/","url":"https:\/\/instytutpolski.pl\/stockholm\/2022\/03\/07\/vi-star-med-ukraina\/","name":"Vi st\u00e5r med Ukraina!","isPartOf":{"@id":"https:\/\/instytutpolski.pl\/stockholm\/#website"},"primaryImageOfPage":{"@id":"https:\/\/instytutpolski.pl\/stockholm\/2022\/03\/07\/vi-star-med-ukraina\/#primaryimage"},"image":["https:\/\/instytutpolski.pl\/stockholm\/wp-content\/uploads\/sites\/17\/2022\/03\/3_Solidarity-with-Ukraine_16x9.jpg","https:\/\/instytutpolski.pl\/stockholm\/wp-content\/uploads\/sites\/17\/2022\/03\/3_Solidarity-with-Ukraine_16x9-300x169.jpg","https:\/\/instytutpolski.pl\/stockholm\/wp-content\/uploads\/sites\/17\/2022\/03\/3_Solidarity-with-Ukraine_16x9-1024x576.jpg","https:\/\/instytutpolski.pl\/stockholm\/wp-content\/uploads\/sites\/17\/2022\/03\/3_Solidarity-with-Ukraine_16x9.jpg"],"thumbnailUrl":"https:\/\/instytutpolski.pl\/stockholm\/wp-content\/uploads\/sites\/17\/2022\/03\/3_Solidarity-with-Ukraine_16x9.jpg","datePublished":"2022-03-07T12:31:00+02:00","dateModified":"2022-03-15T12:19:15+02:00","author":{"@id":"https:\/\/instytutpolski.pl\/stockholm\/#\/schema\/person\/062b5a5f61f32b17c98996975db8d556"},"description":"\u00d6ver hela v\u00e4rlden \u00e4r Polska institut, tillsammans med sina utl\u00e4ndska partners, engagerade i att st\u00f6dja Ukrainas kamp f\u00f6r frihet. De organiserar konserter, m\u00f6ten, planerar evenemang med ukrainska kollegor och initierar internationella aktiviteter till f\u00f6rm\u00e5n f\u00f6r den ukrainska kultursektorn.\nKrig diskriminerar inte. Det p\u00e5verkar alla som r\u00e5kar vara med i Ukraina just nu. Det \u00e4r d\u00e4rf\u00f6r Polen hj\u00e4lper alla som undkommer rysk invasion, oavsett nationalitet, etnicitet eller ras. Sedan b\u00f6rjan av den ryska aggressionen har Polen tagit emot \u00f6ver 1 830 000 flyktingar fr\u00e5n Ukraina.\nPolacker \u00f6ppnar d\u00f6rren f\u00f6r ukrainare p\u00e5 flykt. M\u00e4ngder polacker fr\u00e5n hela landet erbjuder boende. Alla kan vara med och hj\u00e4lpa det ukrainska folket.\nEn webbplats http:\/\/pomagamukrainie.gov.pl d\u00e4r kan du rapportera beredskapen att hj\u00e4lpa Ukraina och behovet av hj\u00e4lp har lanserats i Polen.\nPolska institutet visar st\u00f6d f\u00f6r Ukraina och st\u00e5r f\u00f6r Ukrainas frihet och demokrati.\nVi st\u00e5r med Ukraina!","breadcrumb":{"@id":"https:\/\/instytutpolski.pl\/stockholm\/2022\/03\/07\/vi-star-med-ukraina\/#breadcrumb"},"inLanguage":"pl-PL","potentialAction":[{"@type":"ReadAction","target":["https:\/\/instytutpolski.pl\/stockholm\/2022\/03\/07\/vi-star-med-ukraina\/"]}],"@context":"https:\/\/schema.org","startDate":"2022-03-07","endDate":"2022-03-07","eventStatus":"EventScheduled","eventAttendanceMode":"OfflineEventAttendanceMode","location":{"@type":"place","name":"","address":"","geo":{"@type":"GeoCoordinates","latitude":"","longitude":""}}},{"@type":"ImageObject","inLanguage":"pl-PL","@id":"https:\/\/instytutpolski.pl\/stockholm\/2022\/03\/07\/vi-star-med-ukraina\/#primaryimage","url":"https:\/\/instytutpolski.pl\/stockholm\/wp-content\/uploads\/sites\/17\/2022\/03\/3_Solidarity-with-Ukraine_16x9.jpg","contentUrl":"https:\/\/instytutpolski.pl\/stockholm\/wp-content\/uploads\/sites\/17\/2022\/03\/3_Solidarity-with-Ukraine_16x9.jpg","width":1601,"height":901},{"@type":"BreadcrumbList","@id":"https:\/\/instytutpolski.pl\/stockholm\/2022\/03\/07\/vi-star-med-ukraina\/#breadcrumb","itemListElement":[{"@type":"ListItem","position":1,"name":"Home","item":"https:\/\/instytutpolski.pl\/stockholm\/"},{"@type":"ListItem","position":2,"name":"Vi st\u00e5r med Ukraina!"}]},{"@type":"WebSite","@id":"https:\/\/instytutpolski.pl\/stockholm\/#website","url":"https:\/\/instytutpolski.pl\/stockholm\/","name":"Instytut Polski w Sztokholmie","description":"Instytuty Polskie","potentialAction":[{"@type":"SearchAction","target":{"@type":"EntryPoint","urlTemplate":"https:\/\/instytutpolski.pl\/stockholm\/?s={search_term_string}"},"query-input":{"@type":"PropertyValueSpecification","valueRequired":true,"valueName":"search_term_string"}}],"inLanguage":"pl-PL"},{"@type":"Person","@id":"https:\/\/instytutpolski.pl\/stockholm\/#\/schema\/person\/062b5a5f61f32b17c98996975db8d556","name":"strozniake","image":{"@type":"ImageObject","inLanguage":"pl-PL","@id":"https:\/\/instytutpolski.pl\/stockholm\/#\/schema\/person\/image\/","url":"https:\/\/secure.gravatar.com\/avatar\/25e0be9897787f9035155a882fde97cc?s=96&d=mm&r=g","contentUrl":"https:\/\/secure.gravatar.com\/avatar\/25e0be9897787f9035155a882fde97cc?s=96&d=mm&r=g","caption":"strozniake"},"sameAs":["http:\/\/strozniake"],"url":"https:\/\/instytutpolski.pl\/stockholm\/author\/strozniake\/"}]}},"_links":{"self":[{"href":"https:\/\/instytutpolski.pl\/stockholm\/wp-json\/wp\/v2\/posts\/7939","targetHints":{"allow":["GET"]}}],"collection":[{"href":"https:\/\/instytutpolski.pl\/stockholm\/wp-json\/wp\/v2\/posts"}],"about":[{"href":"https:\/\/instytutpolski.pl\/stockholm\/wp-json\/wp\/v2\/types\/post"}],"author":[{"embeddable":true,"href":"https:\/\/instytutpolski.pl\/stockholm\/wp-json\/wp\/v2\/users\/29"}],"replies":[{"embeddable":true,"href":"https:\/\/instytutpolski.pl\/stockholm\/wp-json\/wp\/v2\/comments?post=7939"}],"version-history":[{"count":8,"href":"https:\/\/instytutpolski.pl\/stockholm\/wp-json\/wp\/v2\/posts\/7939\/revisions"}],"predecessor-version":[{"id":8054,"href":"https:\/\/instytutpolski.pl\/stockholm\/wp-json\/wp\/v2\/posts\/7939\/revisions\/8054"}],"wp:featuredmedia":[{"embeddable":true,"href":"https:\/\/instytutpolski.pl\/stockholm\/wp-json\/wp\/v2\/media\/7943"}],"wp:attachment":[{"href":"https:\/\/instytutpolski.pl\/stockholm\/wp-json\/wp\/v2\/media?parent=7939"}],"wp:term":[{"taxonomy":"category","embeddable":true,"href":"https:\/\/instytutpolski.pl\/stockholm\/wp-json\/wp\/v2\/categories?post=7939"},{"taxonomy":"post_tag","embeddable":true,"href":"https:\/\/instytutpolski.pl\/stockholm\/wp-json\/wp\/v2\/tags?post=7939"}],"curies":[{"name":"wp","href":"https:\/\/api.w.org\/{rel}","templated":true}]}}