{"id":807,"date":"2019-01-01T15:51:24","date_gmt":"2019-01-01T14:51:24","guid":{"rendered":"https:\/\/instytutpolski.pl\/stockholm\/?p=807"},"modified":"2020-10-01T15:15:47","modified_gmt":"2020-10-01T13:15:47","slug":"rok-2019-rokiem-stanislawa-moniuszki","status":"publish","type":"post","link":"https:\/\/instytutpolski.pl\/stockholm\/pl\/2019\/01\/01\/rok-2019-rokiem-stanislawa-moniuszki\/","title":{"rendered":"Rok 2019 Rokiem Stanis\u0142awa Moniuszki"},"content":{"rendered":"\n<p>Dorobek kompozytorski Stanis\u0142awa Moniuszki, sk\u0142adaj\u0105cy si\u0119 z oper, pie\u015bni, kantat, utwor\u00f3w religijnych, symfonicznych, kameralnych i solowych, a tak\u017ce operetek, balet\u00f3w i muzyki do dramat\u00f3w, imponuje r\u00f3\u017cnorodno\u015bci\u0105, bogactwem melodycznym i g\u0142\u0119bokim zakorzenieniem w narodowej tradycji muzycznej. Jego tw\u00f3rczo\u015b\u0107 operowa i pie\u015bniarska stanowi trzon polskiego repertuaru wokalnego i niejednokrotnie jest osi\u0105 zainteresowa\u0144 artystycznych najwybitniejszych polskich \u015bpiewak\u00f3w.<br><br>By\u0142 tw\u00f3rc\u0105 \u201e\u015apiewnika domowego\u201d obejmuj\u0105cego ponad 200 pie\u015bni. Okre\u015blenie \u201edomowy\u201d mia\u0142o g\u0142\u0119bsze znaczenie, aby unikn\u0105\u0107 rosyjskiej cenzury, w zawoalowany spos\u00f3b, podkre\u015bla\u0142o narodowy charakter zawartych w \u015bpiewniku pie\u015bni.<br><br>Kompozytor w swej tw\u00f3rczo\u015bci ch\u0119tnie si\u0119ga\u0142 do element\u00f3w folkloru i ludowych obyczaj\u00f3w. Nadawanie utworom lokalnego kolorytu poprzez odwo\u0142ywanie si\u0119 w nich do tradycji i muzyki ludowej wp\u0142yn\u0119\u0142o na popularno\u015b\u0107 zak\u0142adanych \u00f3wcze\u015bnie tzw. szk\u00f3\u0142 narodowych, czyli grup kompozytor\u00f3w jednej narodowo\u015bci tworz\u0105cych muzyk\u0119 opart\u0105 na elementach w\u0142asnej kultury \u2013 tradycyjnych melodiach, rytmach ta\u0144c\u00f3w narodowych i z tekstem w j\u0119zyku ojczystym.<br><br>Stanis\u0142aw Moniuszko by\u0142 wzorem patrioty i \u2013 jak pisa\u0142 w 1921 roku badacz jego tw\u00f3rczo\u015bci Zdzis\u0142aw Jachimecki \u2013 \u201ekrew z krwi i ko\u015b\u0107 z ko\u015bci Polakiem\u201d. Utwory kompozytora, jego wielkie opery takie jak \u201eHalka\u201d i \u201eStraszny dw\u00f3r\u201d, dotykaj\u0105ce sedna idiomu polsko\u015bci \u2013 zar\u00f3wno w warstwie tekstowej, jak i muzycznej \u2013 do dzi\u015b stanowi\u0105 inspiracj\u0119 dla wielu artyst\u00f3w, a w czasach jemu wsp\u00f3\u0142czesnych tworzy\u0142y palet\u0119 barw, za pomoc\u0105 kt\u00f3rej Polacy odmalowywali najpi\u0119kniejsze odcienie patriotycznych uczu\u0107 i narodowej to\u017csamo\u015bci. By\u0142 jednym z za\u0142o\u017cycieli Warszawskiego Towarzystwa Muzycznego \u2013 organizacji, kt\u00f3rej roli w rozwoju polskiej kultury muzycznej nie spos\u00f3b przeceni\u0107, a kt\u00f3ra dzi\u015b nosi imi\u0119 tego wyj\u0105tkowego artysty.<br><br>Sejm Rzeczypospolitej Polskiej, przekonany o szczeg\u00f3lnym znaczeniu tw\u00f3rczo\u015bci kompozytora, oddaj\u0105c ho\u0142d tej wybitnej postaci, ustanawia rok 2019 Rokiem Stanis\u0142awa Moniuszki.<\/p>\n<p>Z tej okazji, 5 maja (w urodziny Stanis\u0142awa Moniuszki), jak r\u00f3wnie\u017c przez ca\u0142y rok, zach\u0119camy do s\u0142uchania, \u015bpiewania i ta\u0144czenia Moniuszki &#8211; w domowym zaciszu lub podczas organizowanych wydarze\u0144.<\/p>\n<p><br>Wi\u0119cej o Roku Moniuszki:&nbsp;<\/p>\n","protected":false},"excerpt":{"rendered":"<p>Dorobek kompozytorski Stanis\u0142awa Moniuszki, sk\u0142adaj\u0105cy si\u0119 z oper, pie\u015bni, kantat, utwor\u00f3w religijnych, symfonicznych, kameralnych i solowych, a tak\u017ce operetek, balet\u00f3w i muzyki do dramat\u00f3w, imponuje r\u00f3\u017cnorodno\u015bci\u0105, bogactwem melodycznym i g\u0142\u0119bokim zakorzenieniem w narodowej tradycji muzycznej. Jego tw\u00f3rczo\u015b\u0107 operowa i pie\u015bniarska stanowi trzon polskiego repertuaru wokalnego i niejednokrotnie jest osi\u0105 zainteresowa\u0144 artystycznych najwybitniejszych polskich \u015bpiewak\u00f3w. By\u0142 [&hellip;]<\/p>\n","protected":false},"author":26,"featured_media":808,"comment_status":"open","ping_status":"open","sticky":false,"template":"","format":"standard","meta":{"inline_featured_image":false,"_monsterinsights_skip_tracking":false,"_monsterinsights_sitenote_active":false,"_monsterinsights_sitenote_note":"","_monsterinsights_sitenote_category":0,"footnotes":""},"categories":[224,190],"tags":[],"class_list":["post-807","post","type-post","status-publish","format-standard","has-post-thumbnail","hentry","category-aktualnosc-pl","category-sztuka-polska"],"yoast_head":"<!-- This site is optimized with the Yoast SEO plugin v24.6 - https:\/\/yoast.com\/wordpress\/plugins\/seo\/ -->\n<title>Rok 2019 Rokiem Stanis\u0142awa Moniuszki - Instytut Polski w Sztokholmie<\/title>\n<meta name=\"robots\" content=\"index, follow, max-snippet:-1, max-image-preview:large, max-video-preview:-1\" \/>\n<link rel=\"canonical\" href=\"https:\/\/instytutpolski.pl\/stockholm\/pl\/2019\/01\/01\/rok-2019-rokiem-stanislawa-moniuszki\/\" \/>\n<meta property=\"og:locale\" content=\"pl_PL\" \/>\n<meta property=\"og:type\" content=\"article\" \/>\n<meta property=\"og:title\" content=\"Rok 2019 Rokiem Stanis\u0142awa Moniuszki - Instytut Polski w Sztokholmie\" \/>\n<meta property=\"og:description\" content=\"Dorobek kompozytorski Stanis\u0142awa Moniuszki, sk\u0142adaj\u0105cy si\u0119 z oper, pie\u015bni, kantat, utwor\u00f3w religijnych, symfonicznych, kameralnych i solowych, a tak\u017ce operetek, balet\u00f3w i muzyki do dramat\u00f3w, imponuje r\u00f3\u017cnorodno\u015bci\u0105, bogactwem melodycznym i g\u0142\u0119bokim zakorzenieniem w narodowej tradycji muzycznej. Jego tw\u00f3rczo\u015b\u0107 operowa i pie\u015bniarska stanowi trzon polskiego repertuaru wokalnego i niejednokrotnie jest osi\u0105 zainteresowa\u0144 artystycznych najwybitniejszych polskich \u015bpiewak\u00f3w. By\u0142 [&hellip;]\" \/>\n<meta property=\"og:url\" content=\"https:\/\/instytutpolski.pl\/stockholm\/pl\/2019\/01\/01\/rok-2019-rokiem-stanislawa-moniuszki\/\" \/>\n<meta property=\"og:site_name\" content=\"Instytut Polski w Sztokholmie\" \/>\n<meta property=\"article:published_time\" content=\"2019-01-01T14:51:24+00:00\" \/>\n<meta property=\"article:modified_time\" content=\"2020-10-01T13:15:47+00:00\" \/>\n<meta property=\"og:image\" content=\"https:\/\/instytutpolski.pl\/stockholm\/wp-content\/uploads\/sites\/17\/2019\/10\/Moniuszko-1-ok.jpg\" \/>\n\t<meta property=\"og:image:width\" content=\"724\" \/>\n\t<meta property=\"og:image:height\" content=\"535\" \/>\n\t<meta property=\"og:image:type\" content=\"image\/jpeg\" \/>\n<meta name=\"author\" content=\"majewskam\" \/>\n<meta name=\"twitter:card\" content=\"summary_large_image\" \/>\n<meta name=\"twitter:label1\" content=\"Napisane przez\" \/>\n\t<meta name=\"twitter:data1\" content=\"majewskam\" \/>\n\t<meta name=\"twitter:label2\" content=\"Szacowany czas czytania\" \/>\n\t<meta name=\"twitter:data2\" content=\"2 minuty\" \/>\n<script type=\"application\/ld+json\" class=\"yoast-schema-graph\">{\"@context\":\"https:\/\/schema.org\",\"@graph\":[{\"@type\":\"event\",\"@id\":\"https:\/\/instytutpolski.pl\/stockholm\/pl\/2019\/01\/01\/rok-2019-rokiem-stanislawa-moniuszki\/\",\"url\":\"https:\/\/instytutpolski.pl\/stockholm\/pl\/2019\/01\/01\/rok-2019-rokiem-stanislawa-moniuszki\/\",\"name\":\"Rok 2019 Rokiem Stanis\u0142awa Moniuszki\",\"isPartOf\":{\"@id\":\"https:\/\/instytutpolski.pl\/stockholm\/#website\"},\"primaryImageOfPage\":{\"@id\":\"https:\/\/instytutpolski.pl\/stockholm\/pl\/2019\/01\/01\/rok-2019-rokiem-stanislawa-moniuszki\/#primaryimage\"},\"image\":[\"https:\/\/instytutpolski.pl\/stockholm\/wp-content\/uploads\/sites\/17\/2019\/10\/Moniuszko-1-ok.jpg\",\"https:\/\/instytutpolski.pl\/stockholm\/wp-content\/uploads\/sites\/17\/2019\/10\/Moniuszko-1-ok-300x222.jpg\",\"https:\/\/instytutpolski.pl\/stockholm\/wp-content\/uploads\/sites\/17\/2019\/10\/Moniuszko-1-ok.jpg\",\"https:\/\/instytutpolski.pl\/stockholm\/wp-content\/uploads\/sites\/17\/2019\/10\/Moniuszko-1-ok.jpg\"],\"thumbnailUrl\":\"https:\/\/instytutpolski.pl\/stockholm\/wp-content\/uploads\/sites\/17\/2019\/10\/Moniuszko-1-ok.jpg\",\"datePublished\":\"2019-01-01T14:51:24+02:00\",\"dateModified\":\"2020-10-01T13:15:47+02:00\",\"author\":{\"@id\":\"https:\/\/instytutpolski.pl\/stockholm\/#\/schema\/person\/f32c0f922e21a64693151fc74531653b\"},\"breadcrumb\":{\"@id\":\"https:\/\/instytutpolski.pl\/stockholm\/pl\/2019\/01\/01\/rok-2019-rokiem-stanislawa-moniuszki\/#breadcrumb\"},\"inLanguage\":\"pl-PL\",\"potentialAction\":[{\"@type\":\"ReadAction\",\"target\":[\"https:\/\/instytutpolski.pl\/stockholm\/pl\/2019\/01\/01\/rok-2019-rokiem-stanislawa-moniuszki\/\"]}],\"@context\":\"https:\/\/schema.org\",\"startDate\":\"2019-01-01\",\"endDate\":\"2019-12-31\",\"eventStatus\":\"EventScheduled\",\"eventAttendanceMode\":\"OfflineEventAttendanceMode\",\"location\":{\"@type\":\"place\",\"name\":\"\",\"address\":\"\",\"geo\":{\"@type\":\"GeoCoordinates\",\"latitude\":\"\",\"longitude\":\"\"}},\"description\":\"Dorobek kompozytorski Stanis\u0142awa Moniuszki, sk\u0142adaj\u0105cy si\u0119 z oper, pie\u015bni, kantat, utwor\u00f3w religijnych, symfonicznych, kameralnych i solowych, a tak\u017ce operetek, balet\u00f3w i muzyki do dramat\u00f3w, imponuje r\u00f3\u017cnorodno\u015bci\u0105, bogactwem melodycznym i g\u0142\u0119bokim zakorzenieniem w narodowej tradycji muzycznej. Jego tw\u00f3rczo\u015b\u0107 operowa i pie\u015bniarska stanowi trzon polskiego repertuaru wokalnego i niejednokrotnie jest osi\u0105 zainteresowa\u0144 artystycznych najwybitniejszych polskich \u015bpiewak\u00f3w.By\u0142 tw\u00f3rc\u0105 \u201e\u015apiewnika domowego\u201d obejmuj\u0105cego ponad 200 pie\u015bni. Okre\u015blenie \u201edomowy\u201d mia\u0142o g\u0142\u0119bsze znaczenie, aby unikn\u0105\u0107 rosyjskiej cenzury, w zawoalowany spos\u00f3b, podkre\u015bla\u0142o narodowy charakter zawartych w \u015bpiewniku pie\u015bni.Kompozytor w swej tw\u00f3rczo\u015bci ch\u0119tnie si\u0119ga\u0142 do element\u00f3w folkloru i ludowych obyczaj\u00f3w. Nadawanie utworom lokalnego kolorytu poprzez odwo\u0142ywanie si\u0119 w nich do tradycji i muzyki ludowej wp\u0142yn\u0119\u0142o na popularno\u015b\u0107 zak\u0142adanych \u00f3wcze\u015bnie tzw. szk\u00f3\u0142 narodowych, czyli grup kompozytor\u00f3w jednej narodowo\u015bci tworz\u0105cych muzyk\u0119 opart\u0105 na elementach w\u0142asnej kultury \u2013 tradycyjnych melodiach, rytmach ta\u0144c\u00f3w narodowych i z tekstem w j\u0119zyku ojczystym.Stanis\u0142aw Moniuszko by\u0142 wzorem patrioty i \u2013 jak pisa\u0142 w 1921 roku badacz jego tw\u00f3rczo\u015bci Zdzis\u0142aw Jachimecki \u2013 \u201ekrew z krwi i ko\u015b\u0107 z ko\u015bci Polakiem\u201d. Utwory kompozytora, jego wielkie opery takie jak \u201eHalka\u201d i \u201eStraszny dw\u00f3r\u201d, dotykaj\u0105ce sedna idiomu polsko\u015bci \u2013 zar\u00f3wno w warstwie tekstowej, jak i muzycznej \u2013 do dzi\u015b stanowi\u0105 inspiracj\u0119 dla wielu artyst\u00f3w, a w czasach jemu wsp\u00f3\u0142czesnych tworzy\u0142y palet\u0119 barw, za pomoc\u0105 kt\u00f3rej Polacy odmalowywali najpi\u0119kniejsze odcienie patriotycznych uczu\u0107 i narodowej to\u017csamo\u015bci. By\u0142 jednym z za\u0142o\u017cycieli Warszawskiego Towarzystwa Muzycznego \u2013 organizacji, kt\u00f3rej roli w rozwoju polskiej kultury muzycznej nie spos\u00f3b przeceni\u0107, a kt\u00f3ra dzi\u015b nosi imi\u0119 tego wyj\u0105tkowego artysty.Sejm Rzeczypospolitej Polskiej, przekonany o szczeg\u00f3lnym znaczeniu tw\u00f3rczo\u015bci kompozytora, oddaj\u0105c ho\u0142d tej wybitnej postaci, ustanawia rok 2019 Rokiem Stanis\u0142awa Moniuszki.\\nZ tej okazji, 5 maja (w urodziny Stanis\u0142awa Moniuszki), jak r\u00f3wnie\u017c przez ca\u0142y rok, zach\u0119camy do s\u0142uchania, \u015bpiewania i ta\u0144czenia Moniuszki - w domowym zaciszu lub podczas organizowanych wydarze\u0144.\\nWi\u0119cej o Roku Moniuszki: \"},{\"@type\":\"ImageObject\",\"inLanguage\":\"pl-PL\",\"@id\":\"https:\/\/instytutpolski.pl\/stockholm\/pl\/2019\/01\/01\/rok-2019-rokiem-stanislawa-moniuszki\/#primaryimage\",\"url\":\"https:\/\/instytutpolski.pl\/stockholm\/wp-content\/uploads\/sites\/17\/2019\/10\/Moniuszko-1-ok.jpg\",\"contentUrl\":\"https:\/\/instytutpolski.pl\/stockholm\/wp-content\/uploads\/sites\/17\/2019\/10\/Moniuszko-1-ok.jpg\",\"width\":724,\"height\":535},{\"@type\":\"BreadcrumbList\",\"@id\":\"https:\/\/instytutpolski.pl\/stockholm\/pl\/2019\/01\/01\/rok-2019-rokiem-stanislawa-moniuszki\/#breadcrumb\",\"itemListElement\":[{\"@type\":\"ListItem\",\"position\":1,\"name\":\"Home\",\"item\":\"https:\/\/instytutpolski.pl\/stockholm\/\"},{\"@type\":\"ListItem\",\"position\":2,\"name\":\"Rok 2019 Rokiem Stanis\u0142awa Moniuszki\"}]},{\"@type\":\"WebSite\",\"@id\":\"https:\/\/instytutpolski.pl\/stockholm\/#website\",\"url\":\"https:\/\/instytutpolski.pl\/stockholm\/\",\"name\":\"Instytut Polski w Sztokholmie\",\"description\":\"Instytuty Polskie\",\"potentialAction\":[{\"@type\":\"SearchAction\",\"target\":{\"@type\":\"EntryPoint\",\"urlTemplate\":\"https:\/\/instytutpolski.pl\/stockholm\/?s={search_term_string}\"},\"query-input\":{\"@type\":\"PropertyValueSpecification\",\"valueRequired\":true,\"valueName\":\"search_term_string\"}}],\"inLanguage\":\"pl-PL\"},{\"@type\":\"Person\",\"@id\":\"https:\/\/instytutpolski.pl\/stockholm\/#\/schema\/person\/f32c0f922e21a64693151fc74531653b\",\"name\":\"majewskam\",\"image\":{\"@type\":\"ImageObject\",\"inLanguage\":\"pl-PL\",\"@id\":\"https:\/\/instytutpolski.pl\/stockholm\/#\/schema\/person\/image\/\",\"url\":\"https:\/\/secure.gravatar.com\/avatar\/ab8de2cfdd482580e5bcc63f3412de1b?s=96&d=mm&r=g\",\"contentUrl\":\"https:\/\/secure.gravatar.com\/avatar\/ab8de2cfdd482580e5bcc63f3412de1b?s=96&d=mm&r=g\",\"caption\":\"majewskam\"},\"url\":\"https:\/\/instytutpolski.pl\/stockholm\/author\/majewskam\/\"}]}<\/script>\n<!-- \/ Yoast SEO plugin. -->","yoast_head_json":{"title":"Rok 2019 Rokiem Stanis\u0142awa Moniuszki - Instytut Polski w Sztokholmie","robots":{"index":"index","follow":"follow","max-snippet":"max-snippet:-1","max-image-preview":"max-image-preview:large","max-video-preview":"max-video-preview:-1"},"canonical":"https:\/\/instytutpolski.pl\/stockholm\/pl\/2019\/01\/01\/rok-2019-rokiem-stanislawa-moniuszki\/","og_locale":"pl_PL","og_type":"article","og_title":"Rok 2019 Rokiem Stanis\u0142awa Moniuszki - Instytut Polski w Sztokholmie","og_description":"Dorobek kompozytorski Stanis\u0142awa Moniuszki, sk\u0142adaj\u0105cy si\u0119 z oper, pie\u015bni, kantat, utwor\u00f3w religijnych, symfonicznych, kameralnych i solowych, a tak\u017ce operetek, balet\u00f3w i muzyki do dramat\u00f3w, imponuje r\u00f3\u017cnorodno\u015bci\u0105, bogactwem melodycznym i g\u0142\u0119bokim zakorzenieniem w narodowej tradycji muzycznej. Jego tw\u00f3rczo\u015b\u0107 operowa i pie\u015bniarska stanowi trzon polskiego repertuaru wokalnego i niejednokrotnie jest osi\u0105 zainteresowa\u0144 artystycznych najwybitniejszych polskich \u015bpiewak\u00f3w. By\u0142 [&hellip;]","og_url":"https:\/\/instytutpolski.pl\/stockholm\/pl\/2019\/01\/01\/rok-2019-rokiem-stanislawa-moniuszki\/","og_site_name":"Instytut Polski w Sztokholmie","article_published_time":"2019-01-01T14:51:24+00:00","article_modified_time":"2020-10-01T13:15:47+00:00","og_image":[{"width":724,"height":535,"url":"https:\/\/instytutpolski.pl\/stockholm\/wp-content\/uploads\/sites\/17\/2019\/10\/Moniuszko-1-ok.jpg","type":"image\/jpeg"}],"author":"majewskam","twitter_card":"summary_large_image","twitter_misc":{"Napisane przez":"majewskam","Szacowany czas czytania":"2 minuty"},"schema":{"@context":"https:\/\/schema.org","@graph":[{"@type":"event","@id":"https:\/\/instytutpolski.pl\/stockholm\/pl\/2019\/01\/01\/rok-2019-rokiem-stanislawa-moniuszki\/","url":"https:\/\/instytutpolski.pl\/stockholm\/pl\/2019\/01\/01\/rok-2019-rokiem-stanislawa-moniuszki\/","name":"Rok 2019 Rokiem Stanis\u0142awa Moniuszki","isPartOf":{"@id":"https:\/\/instytutpolski.pl\/stockholm\/#website"},"primaryImageOfPage":{"@id":"https:\/\/instytutpolski.pl\/stockholm\/pl\/2019\/01\/01\/rok-2019-rokiem-stanislawa-moniuszki\/#primaryimage"},"image":["https:\/\/instytutpolski.pl\/stockholm\/wp-content\/uploads\/sites\/17\/2019\/10\/Moniuszko-1-ok.jpg","https:\/\/instytutpolski.pl\/stockholm\/wp-content\/uploads\/sites\/17\/2019\/10\/Moniuszko-1-ok-300x222.jpg","https:\/\/instytutpolski.pl\/stockholm\/wp-content\/uploads\/sites\/17\/2019\/10\/Moniuszko-1-ok.jpg","https:\/\/instytutpolski.pl\/stockholm\/wp-content\/uploads\/sites\/17\/2019\/10\/Moniuszko-1-ok.jpg"],"thumbnailUrl":"https:\/\/instytutpolski.pl\/stockholm\/wp-content\/uploads\/sites\/17\/2019\/10\/Moniuszko-1-ok.jpg","datePublished":"2019-01-01T14:51:24+02:00","dateModified":"2020-10-01T13:15:47+02:00","author":{"@id":"https:\/\/instytutpolski.pl\/stockholm\/#\/schema\/person\/f32c0f922e21a64693151fc74531653b"},"breadcrumb":{"@id":"https:\/\/instytutpolski.pl\/stockholm\/pl\/2019\/01\/01\/rok-2019-rokiem-stanislawa-moniuszki\/#breadcrumb"},"inLanguage":"pl-PL","potentialAction":[{"@type":"ReadAction","target":["https:\/\/instytutpolski.pl\/stockholm\/pl\/2019\/01\/01\/rok-2019-rokiem-stanislawa-moniuszki\/"]}],"@context":"https:\/\/schema.org","startDate":"2019-01-01","endDate":"2019-12-31","eventStatus":"EventScheduled","eventAttendanceMode":"OfflineEventAttendanceMode","location":{"@type":"place","name":"","address":"","geo":{"@type":"GeoCoordinates","latitude":"","longitude":""}},"description":"Dorobek kompozytorski Stanis\u0142awa Moniuszki, sk\u0142adaj\u0105cy si\u0119 z oper, pie\u015bni, kantat, utwor\u00f3w religijnych, symfonicznych, kameralnych i solowych, a tak\u017ce operetek, balet\u00f3w i muzyki do dramat\u00f3w, imponuje r\u00f3\u017cnorodno\u015bci\u0105, bogactwem melodycznym i g\u0142\u0119bokim zakorzenieniem w narodowej tradycji muzycznej. Jego tw\u00f3rczo\u015b\u0107 operowa i pie\u015bniarska stanowi trzon polskiego repertuaru wokalnego i niejednokrotnie jest osi\u0105 zainteresowa\u0144 artystycznych najwybitniejszych polskich \u015bpiewak\u00f3w.By\u0142 tw\u00f3rc\u0105 \u201e\u015apiewnika domowego\u201d obejmuj\u0105cego ponad 200 pie\u015bni. Okre\u015blenie \u201edomowy\u201d mia\u0142o g\u0142\u0119bsze znaczenie, aby unikn\u0105\u0107 rosyjskiej cenzury, w zawoalowany spos\u00f3b, podkre\u015bla\u0142o narodowy charakter zawartych w \u015bpiewniku pie\u015bni.Kompozytor w swej tw\u00f3rczo\u015bci ch\u0119tnie si\u0119ga\u0142 do element\u00f3w folkloru i ludowych obyczaj\u00f3w. Nadawanie utworom lokalnego kolorytu poprzez odwo\u0142ywanie si\u0119 w nich do tradycji i muzyki ludowej wp\u0142yn\u0119\u0142o na popularno\u015b\u0107 zak\u0142adanych \u00f3wcze\u015bnie tzw. szk\u00f3\u0142 narodowych, czyli grup kompozytor\u00f3w jednej narodowo\u015bci tworz\u0105cych muzyk\u0119 opart\u0105 na elementach w\u0142asnej kultury \u2013 tradycyjnych melodiach, rytmach ta\u0144c\u00f3w narodowych i z tekstem w j\u0119zyku ojczystym.Stanis\u0142aw Moniuszko by\u0142 wzorem patrioty i \u2013 jak pisa\u0142 w 1921 roku badacz jego tw\u00f3rczo\u015bci Zdzis\u0142aw Jachimecki \u2013 \u201ekrew z krwi i ko\u015b\u0107 z ko\u015bci Polakiem\u201d. Utwory kompozytora, jego wielkie opery takie jak \u201eHalka\u201d i \u201eStraszny dw\u00f3r\u201d, dotykaj\u0105ce sedna idiomu polsko\u015bci \u2013 zar\u00f3wno w warstwie tekstowej, jak i muzycznej \u2013 do dzi\u015b stanowi\u0105 inspiracj\u0119 dla wielu artyst\u00f3w, a w czasach jemu wsp\u00f3\u0142czesnych tworzy\u0142y palet\u0119 barw, za pomoc\u0105 kt\u00f3rej Polacy odmalowywali najpi\u0119kniejsze odcienie patriotycznych uczu\u0107 i narodowej to\u017csamo\u015bci. By\u0142 jednym z za\u0142o\u017cycieli Warszawskiego Towarzystwa Muzycznego \u2013 organizacji, kt\u00f3rej roli w rozwoju polskiej kultury muzycznej nie spos\u00f3b przeceni\u0107, a kt\u00f3ra dzi\u015b nosi imi\u0119 tego wyj\u0105tkowego artysty.Sejm Rzeczypospolitej Polskiej, przekonany o szczeg\u00f3lnym znaczeniu tw\u00f3rczo\u015bci kompozytora, oddaj\u0105c ho\u0142d tej wybitnej postaci, ustanawia rok 2019 Rokiem Stanis\u0142awa Moniuszki.\nZ tej okazji, 5 maja (w urodziny Stanis\u0142awa Moniuszki), jak r\u00f3wnie\u017c przez ca\u0142y rok, zach\u0119camy do s\u0142uchania, \u015bpiewania i ta\u0144czenia Moniuszki - w domowym zaciszu lub podczas organizowanych wydarze\u0144.\nWi\u0119cej o Roku Moniuszki: "},{"@type":"ImageObject","inLanguage":"pl-PL","@id":"https:\/\/instytutpolski.pl\/stockholm\/pl\/2019\/01\/01\/rok-2019-rokiem-stanislawa-moniuszki\/#primaryimage","url":"https:\/\/instytutpolski.pl\/stockholm\/wp-content\/uploads\/sites\/17\/2019\/10\/Moniuszko-1-ok.jpg","contentUrl":"https:\/\/instytutpolski.pl\/stockholm\/wp-content\/uploads\/sites\/17\/2019\/10\/Moniuszko-1-ok.jpg","width":724,"height":535},{"@type":"BreadcrumbList","@id":"https:\/\/instytutpolski.pl\/stockholm\/pl\/2019\/01\/01\/rok-2019-rokiem-stanislawa-moniuszki\/#breadcrumb","itemListElement":[{"@type":"ListItem","position":1,"name":"Home","item":"https:\/\/instytutpolski.pl\/stockholm\/"},{"@type":"ListItem","position":2,"name":"Rok 2019 Rokiem Stanis\u0142awa Moniuszki"}]},{"@type":"WebSite","@id":"https:\/\/instytutpolski.pl\/stockholm\/#website","url":"https:\/\/instytutpolski.pl\/stockholm\/","name":"Instytut Polski w Sztokholmie","description":"Instytuty Polskie","potentialAction":[{"@type":"SearchAction","target":{"@type":"EntryPoint","urlTemplate":"https:\/\/instytutpolski.pl\/stockholm\/?s={search_term_string}"},"query-input":{"@type":"PropertyValueSpecification","valueRequired":true,"valueName":"search_term_string"}}],"inLanguage":"pl-PL"},{"@type":"Person","@id":"https:\/\/instytutpolski.pl\/stockholm\/#\/schema\/person\/f32c0f922e21a64693151fc74531653b","name":"majewskam","image":{"@type":"ImageObject","inLanguage":"pl-PL","@id":"https:\/\/instytutpolski.pl\/stockholm\/#\/schema\/person\/image\/","url":"https:\/\/secure.gravatar.com\/avatar\/ab8de2cfdd482580e5bcc63f3412de1b?s=96&d=mm&r=g","contentUrl":"https:\/\/secure.gravatar.com\/avatar\/ab8de2cfdd482580e5bcc63f3412de1b?s=96&d=mm&r=g","caption":"majewskam"},"url":"https:\/\/instytutpolski.pl\/stockholm\/author\/majewskam\/"}]}},"_links":{"self":[{"href":"https:\/\/instytutpolski.pl\/stockholm\/wp-json\/wp\/v2\/posts\/807","targetHints":{"allow":["GET"]}}],"collection":[{"href":"https:\/\/instytutpolski.pl\/stockholm\/wp-json\/wp\/v2\/posts"}],"about":[{"href":"https:\/\/instytutpolski.pl\/stockholm\/wp-json\/wp\/v2\/types\/post"}],"author":[{"embeddable":true,"href":"https:\/\/instytutpolski.pl\/stockholm\/wp-json\/wp\/v2\/users\/26"}],"replies":[{"embeddable":true,"href":"https:\/\/instytutpolski.pl\/stockholm\/wp-json\/wp\/v2\/comments?post=807"}],"version-history":[{"count":3,"href":"https:\/\/instytutpolski.pl\/stockholm\/wp-json\/wp\/v2\/posts\/807\/revisions"}],"predecessor-version":[{"id":2858,"href":"https:\/\/instytutpolski.pl\/stockholm\/wp-json\/wp\/v2\/posts\/807\/revisions\/2858"}],"wp:featuredmedia":[{"embeddable":true,"href":"https:\/\/instytutpolski.pl\/stockholm\/wp-json\/wp\/v2\/media\/808"}],"wp:attachment":[{"href":"https:\/\/instytutpolski.pl\/stockholm\/wp-json\/wp\/v2\/media?parent=807"}],"wp:term":[{"taxonomy":"category","embeddable":true,"href":"https:\/\/instytutpolski.pl\/stockholm\/wp-json\/wp\/v2\/categories?post=807"},{"taxonomy":"post_tag","embeddable":true,"href":"https:\/\/instytutpolski.pl\/stockholm\/wp-json\/wp\/v2\/tags?post=807"}],"curies":[{"name":"wp","href":"https:\/\/api.w.org\/{rel}","templated":true}]}}