{"id":8078,"date":"2022-02-21T17:18:24","date_gmt":"2022-02-21T16:18:24","guid":{"rendered":"https:\/\/instytutpolski.pl\/stockholm\/?p=8078"},"modified":"2022-03-18T16:35:10","modified_gmt":"2022-03-18T15:35:10","slug":"pomiedzy-bliskoscia-a-dystansem-mellan-narhet-och-distans-wyklad-o-tadeuszu-kantorze","status":"publish","type":"post","link":"https:\/\/instytutpolski.pl\/stockholm\/pl\/2022\/02\/21\/pomiedzy-bliskoscia-a-dystansem-mellan-narhet-och-distans-wyklad-o-tadeuszu-kantorze\/","title":{"rendered":"Pomi\u0119dzy blisko\u015bci\u0105 a dystansem (MELLAN N\u00c4RHET OCH DISTANS) \u2013 wyk\u0142ad o Tadeuszu Kantorze"},"content":{"rendered":"\n<div class=\"wp-block-image\"><figure class=\"aligncenter size-full is-resized\"><img loading=\"lazy\" decoding=\"async\" src=\"https:\/\/instytutpolski.pl\/stockholm\/wp-content\/uploads\/sites\/17\/2022\/02\/Tadeusz_kantor_Radio-Krakow_Public-Domain.jpg\" alt=\"\" class=\"wp-image-7888\" width=\"600\" height=\"395\" srcset=\"https:\/\/instytutpolski.pl\/stockholm\/wp-content\/uploads\/sites\/17\/2022\/02\/Tadeusz_kantor_Radio-Krakow_Public-Domain.jpg 800w, https:\/\/instytutpolski.pl\/stockholm\/wp-content\/uploads\/sites\/17\/2022\/02\/Tadeusz_kantor_Radio-Krakow_Public-Domain-300x197.jpg 300w, https:\/\/instytutpolski.pl\/stockholm\/wp-content\/uploads\/sites\/17\/2022\/02\/Tadeusz_kantor_Radio-Krakow_Public-Domain-768x505.jpg 768w\" sizes=\"auto, (max-width: 600px) 100vw, 600px\" \/><figcaption><em>Tadeusz Kantor, zdj\u0119cie: Radio Krak\u00f3w, Public Domain<\/em><\/figcaption><\/figure><\/div>\n\n\n\n<p><br>23 marca o godz. 17.30 Caf\u00e9t w Moderna Museet (Muzeum Sztuki Wsp\u00f3\u0142czesnej) w Malm\u00f6 odb\u0119dzie si\u0119 wyk\u0142ad na temat roli manekin\u00f3w i lalek w tw\u00f3rczo\u015bci Tadeusza Kantora oraz szwedzkiej artystki, Julii Bondesson &#8211; w rze\u017abie, fotografii, filmie, teatrze i sztuce performance\u2019u. Wst\u0119p wolny!<\/p>\n\n\n\n<div style=\"height:30px\" aria-hidden=\"true\" class=\"wp-block-spacer\"><\/div>\n\n\n\n<div class=\"wp-block-media-text alignwide is-stacked-on-mobile\"><figure class=\"wp-block-media-text__media\"><img loading=\"lazy\" decoding=\"async\" width=\"1024\" height=\"683\" src=\"https:\/\/instytutpolski.pl\/stockholm\/wp-content\/uploads\/sites\/17\/2022\/02\/camilla-larsson_f_anna-hartvig_1500x1500-1024x683.jpg\" alt=\"\" class=\"wp-image-7887 size-full\" srcset=\"https:\/\/instytutpolski.pl\/stockholm\/wp-content\/uploads\/sites\/17\/2022\/02\/camilla-larsson_f_anna-hartvig_1500x1500-1024x683.jpg 1024w, https:\/\/instytutpolski.pl\/stockholm\/wp-content\/uploads\/sites\/17\/2022\/02\/camilla-larsson_f_anna-hartvig_1500x1500-300x200.jpg 300w, https:\/\/instytutpolski.pl\/stockholm\/wp-content\/uploads\/sites\/17\/2022\/02\/camilla-larsson_f_anna-hartvig_1500x1500-768x512.jpg 768w, https:\/\/instytutpolski.pl\/stockholm\/wp-content\/uploads\/sites\/17\/2022\/02\/camilla-larsson_f_anna-hartvig_1500x1500.jpg 1500w\" sizes=\"auto, (max-width: 1024px) 100vw, 1024px\" \/><\/figure><div class=\"wp-block-media-text__content\">\n<p><strong>O Camilli Larsson:<\/strong><\/p>\n\n\n\n<p>Camilla Larsson od wielu lat pracuje jako wyk\u0142adowczyni oraz kuratorka wystaw sztuki wsp\u00f3\u0142czesnej.&nbsp;Jej praca doktorska pod tytu\u0142em:&nbsp;\u201dFramtr\u00e4danden. Performativitetsteoretiska tolkningar av Tadeusz Kantors konstn\u00e4rskap\u201d (Dzia\u0142ania performatywne.&nbsp;Teoretyczne uj\u0119cia performatywno\u015bci w tw\u00f3rczo\u015bci Tadeusza Kantora.\u201d)&nbsp;zosta\u0142a z\u0142o\u017cona na uniwersytecie&nbsp;S\u00f6dert\u00f6rns h\u00f6gskola w 2021 roku.<\/p>\n\n\n\n<p><em>Zdj\u0119cie: Anna Hartvig<\/em><\/p>\n<\/div><\/div>\n\n\n\n<p><br>Wyk\u0142ad odbywa si\u0119 przy wsparciu Instytutu Polskiego w Sztokholmie.<\/p>\n\n\n\n<p>Wi\u0119cej informacji <a href=\"https:\/\/www.modernamuseet.se\/malmo\/sv\/aktiviteter\/mellan-narhet-och-distans\/\" target=\"_blank\" rel=\"noreferrer noopener\">tutaj<\/a>.&nbsp;&nbsp;&nbsp;<\/p>\n\n\n\n<p><br><em>Zdj\u0119cie g\u0142\u00f3wne: Adrian Grycuk, CC BY-SA 3.0 PL, Wikimedia Commons<\/em><\/p>\n","protected":false},"excerpt":{"rendered":"<p>23 marca o godz. 17.30 Caf\u00e9t w Moderna Museet (Muzeum Sztuki Wsp\u00f3\u0142czesnej) w Malm\u00f6 odb\u0119dzie si\u0119 wyk\u0142ad na temat roli manekin\u00f3w i lalek w tw\u00f3rczo\u015bci Tadeusza Kantora oraz szwedzkiej artystki, Julii Bondesson &#8211; w rze\u017abie, fotografii, filmie, teatrze i sztuce performance\u2019u. Wst\u0119p wolny! O Camilli Larsson: Camilla Larsson od wielu lat pracuje jako wyk\u0142adowczyni oraz [&hellip;]<\/p>\n","protected":false},"author":29,"featured_media":7897,"comment_status":"closed","ping_status":"closed","sticky":false,"template":"","format":"standard","meta":{"inline_featured_image":false,"_monsterinsights_skip_tracking":false,"_monsterinsights_sitenote_active":false,"_monsterinsights_sitenote_note":"","_monsterinsights_sitenote_category":0,"footnotes":""},"categories":[81,36],"tags":[],"class_list":["post-8078","post","type-post","status-publish","format-standard","has-post-thumbnail","hentry","category-sztuki-wizualne","category-wydarzenie"],"yoast_head":"<!-- This site is optimized with the Yoast SEO plugin v24.6 - https:\/\/yoast.com\/wordpress\/plugins\/seo\/ -->\n<title>Pomi\u0119dzy blisko\u015bci\u0105 a dystansem (MELLAN N\u00c4RHET OCH DISTANS) \u2013 wyk\u0142ad o Tadeuszu Kantorze - Instytut Polski w Sztokholmie<\/title>\n<meta name=\"description\" content=\"Manekin - obiektem, tworzywem i symbolem w sztuce Tadeusza Kantora i Julii Bondesson \u2013 to podtytu\u0142 wyk\u0142adu Camilli Larsson w Muzeum Sztuki Wsp\u00f3\u0142czesnej w Malm\u00f6.\" \/>\n<meta name=\"robots\" content=\"index, follow, max-snippet:-1, max-image-preview:large, max-video-preview:-1\" \/>\n<link rel=\"canonical\" href=\"https:\/\/instytutpolski.pl\/stockholm\/pl\/2022\/02\/21\/pomiedzy-bliskoscia-a-dystansem-mellan-narhet-och-distans-wyklad-o-tadeuszu-kantorze\/\" \/>\n<meta property=\"og:locale\" content=\"pl_PL\" \/>\n<meta property=\"og:type\" content=\"article\" \/>\n<meta property=\"og:title\" content=\"Pomi\u0119dzy blisko\u015bci\u0105 a dystansem (MELLAN N\u00c4RHET OCH DISTANS) \u2013 wyk\u0142ad o Tadeuszu Kantorze - Instytut Polski w Sztokholmie\" \/>\n<meta property=\"og:description\" content=\"Manekin - obiektem, tworzywem i symbolem w sztuce Tadeusza Kantora i Julii Bondesson \u2013 to podtytu\u0142 wyk\u0142adu Camilli Larsson w Muzeum Sztuki Wsp\u00f3\u0142czesnej w Malm\u00f6.\" \/>\n<meta property=\"og:url\" content=\"https:\/\/instytutpolski.pl\/stockholm\/pl\/2022\/02\/21\/pomiedzy-bliskoscia-a-dystansem-mellan-narhet-och-distans-wyklad-o-tadeuszu-kantorze\/\" \/>\n<meta property=\"og:site_name\" content=\"Instytut Polski w Sztokholmie\" \/>\n<meta property=\"article:published_time\" content=\"2022-02-21T16:18:24+00:00\" \/>\n<meta property=\"article:modified_time\" content=\"2022-03-18T15:35:10+00:00\" \/>\n<meta property=\"og:image\" content=\"https:\/\/instytutpolski.pl\/stockholm\/wp-content\/uploads\/sites\/17\/2022\/02\/Lawiki_i_manekiny_Umarla_klasa_Tadeusz_Kantor_Adrian-Grycuk-CC-BY-SA-3.0-PL-httpscreativecommons.orglicensesby-sa3.0pldeed.en-via-Wikimedia-Commons-scaled.jpg\" \/>\n\t<meta property=\"og:image:width\" content=\"2560\" \/>\n\t<meta property=\"og:image:height\" content=\"1693\" \/>\n\t<meta property=\"og:image:type\" content=\"image\/jpeg\" \/>\n<meta name=\"author\" content=\"strozniake\" \/>\n<meta name=\"twitter:card\" content=\"summary_large_image\" \/>\n<meta name=\"twitter:label1\" content=\"Napisane przez\" \/>\n\t<meta name=\"twitter:data1\" content=\"strozniake\" \/>\n\t<meta name=\"twitter:label2\" content=\"Szacowany czas czytania\" \/>\n\t<meta name=\"twitter:data2\" content=\"2 minuty\" \/>\n<script type=\"application\/ld+json\" class=\"yoast-schema-graph\">{\"@context\":\"https:\/\/schema.org\",\"@graph\":[{\"@type\":\"event\",\"@id\":\"https:\/\/instytutpolski.pl\/stockholm\/pl\/2022\/02\/21\/pomiedzy-bliskoscia-a-dystansem-mellan-narhet-och-distans-wyklad-o-tadeuszu-kantorze\/\",\"url\":\"https:\/\/instytutpolski.pl\/stockholm\/pl\/2022\/02\/21\/pomiedzy-bliskoscia-a-dystansem-mellan-narhet-och-distans-wyklad-o-tadeuszu-kantorze\/\",\"name\":\"Pomi\u0119dzy blisko\u015bci\u0105 a dystansem (MELLAN N\u00c4RHET OCH DISTANS) \u2013 wyk\u0142ad o Tadeuszu Kantorze\",\"isPartOf\":{\"@id\":\"https:\/\/instytutpolski.pl\/stockholm\/#website\"},\"primaryImageOfPage\":{\"@id\":\"https:\/\/instytutpolski.pl\/stockholm\/pl\/2022\/02\/21\/pomiedzy-bliskoscia-a-dystansem-mellan-narhet-och-distans-wyklad-o-tadeuszu-kantorze\/#primaryimage\"},\"image\":[\"https:\/\/instytutpolski.pl\/stockholm\/wp-content\/uploads\/sites\/17\/2022\/02\/Lawiki_i_manekiny_Umarla_klasa_Tadeusz_Kantor_Adrian-Grycuk-CC-BY-SA-3.0-PL-httpscreativecommons.orglicensesby-sa3.0pldeed.en-via-Wikimedia-Commons-scaled.jpg\",\"https:\/\/instytutpolski.pl\/stockholm\/wp-content\/uploads\/sites\/17\/2022\/02\/Lawiki_i_manekiny_Umarla_klasa_Tadeusz_Kantor_Adrian-Grycuk-CC-BY-SA-3.0-PL-httpscreativecommons.orglicensesby-sa3.0pldeed.en-via-Wikimedia-Commons-300x198.jpg\",\"https:\/\/instytutpolski.pl\/stockholm\/wp-content\/uploads\/sites\/17\/2022\/02\/Lawiki_i_manekiny_Umarla_klasa_Tadeusz_Kantor_Adrian-Grycuk-CC-BY-SA-3.0-PL-httpscreativecommons.orglicensesby-sa3.0pldeed.en-via-Wikimedia-Commons-1024x677.jpg\",\"https:\/\/instytutpolski.pl\/stockholm\/wp-content\/uploads\/sites\/17\/2022\/02\/Lawiki_i_manekiny_Umarla_klasa_Tadeusz_Kantor_Adrian-Grycuk-CC-BY-SA-3.0-PL-httpscreativecommons.orglicensesby-sa3.0pldeed.en-via-Wikimedia-Commons-scaled.jpg\"],\"thumbnailUrl\":\"https:\/\/instytutpolski.pl\/stockholm\/wp-content\/uploads\/sites\/17\/2022\/02\/Lawiki_i_manekiny_Umarla_klasa_Tadeusz_Kantor_Adrian-Grycuk-CC-BY-SA-3.0-PL-httpscreativecommons.orglicensesby-sa3.0pldeed.en-via-Wikimedia-Commons-scaled.jpg\",\"datePublished\":\"2022-02-21T16:18:24+02:00\",\"dateModified\":\"2022-03-18T15:35:10+02:00\",\"author\":{\"@id\":\"https:\/\/instytutpolski.pl\/stockholm\/#\/schema\/person\/062b5a5f61f32b17c98996975db8d556\"},\"description\":\"23 marca o godz. 17.30 Caf\u00e9t w Moderna Museet (Muzeum Sztuki Wsp\u00f3\u0142czesnej) w Malm\u00f6 odb\u0119dzie si\u0119 wyk\u0142ad na temat roli manekin\u00f3w i lalek w tw\u00f3rczo\u015bci Tadeusza Kantora oraz szwedzkiej artystki, Julii Bondesson - w rze\u017abie, fotografii, filmie, teatrze i sztuce performance\u2019u. Wst\u0119p wolny!\\nO Camilli Larsson:\\nCamilla Larsson od wielu lat pracuje jako wyk\u0142adowczyni oraz kuratorka wystaw sztuki wsp\u00f3\u0142czesnej. Jej praca doktorska pod tytu\u0142em: \u201dFramtr\u00e4danden. Performativitetsteoretiska tolkningar av Tadeusz Kantors konstn\u00e4rskap\u201d (Dzia\u0142ania performatywne. Teoretyczne uj\u0119cia performatywno\u015bci w tw\u00f3rczo\u015bci Tadeusza Kantora.\u201d) zosta\u0142a z\u0142o\u017cona na uniwersytecie S\u00f6dert\u00f6rns h\u00f6gskola w 2021 roku.\\nZdj\u0119cie: Anna Hartvig\\nWyk\u0142ad odbywa si\u0119 przy wsparciu Instytutu Polskiego w Sztokholmie.\\nWi\u0119cej informacji tutaj.   \\nZdj\u0119cie g\u0142\u00f3wne: Adrian Grycuk, CC BY-SA 3.0 PL, Wikimedia Commons\",\"breadcrumb\":{\"@id\":\"https:\/\/instytutpolski.pl\/stockholm\/pl\/2022\/02\/21\/pomiedzy-bliskoscia-a-dystansem-mellan-narhet-och-distans-wyklad-o-tadeuszu-kantorze\/#breadcrumb\"},\"inLanguage\":\"pl-PL\",\"potentialAction\":[{\"@type\":\"ReadAction\",\"target\":[\"https:\/\/instytutpolski.pl\/stockholm\/pl\/2022\/02\/21\/pomiedzy-bliskoscia-a-dystansem-mellan-narhet-och-distans-wyklad-o-tadeuszu-kantorze\/\"]}],\"@context\":\"https:\/\/schema.org\",\"startDate\":\"2022-03-23T05:30:00+02:00\",\"endDate\":\"2022-03-23T07:00:00+02:00\",\"eventStatus\":\"EventScheduled\",\"eventAttendanceMode\":\"OfflineEventAttendanceMode\",\"location\":{\"@type\":\"place\",\"name\":\"Caf\u00e9t, Moderna Museet Malm\u00f6, Ola Billgrens plats 2-4, Malm\u00f6\",\"address\":\"Caf\u00e9t, Moderna Museet Malm\u00f6, Ola Billgrens plats 2-4, Malm\u00f6\",\"geo\":{\"@type\":\"GeoCoordinates\",\"latitude\":\"59.431795045045334\",\"longitude\":\"13.34787350054526\"}}},{\"@type\":\"ImageObject\",\"inLanguage\":\"pl-PL\",\"@id\":\"https:\/\/instytutpolski.pl\/stockholm\/pl\/2022\/02\/21\/pomiedzy-bliskoscia-a-dystansem-mellan-narhet-och-distans-wyklad-o-tadeuszu-kantorze\/#primaryimage\",\"url\":\"https:\/\/instytutpolski.pl\/stockholm\/wp-content\/uploads\/sites\/17\/2022\/02\/Lawiki_i_manekiny_Umarla_klasa_Tadeusz_Kantor_Adrian-Grycuk-CC-BY-SA-3.0-PL-httpscreativecommons.orglicensesby-sa3.0pldeed.en-via-Wikimedia-Commons-scaled.jpg\",\"contentUrl\":\"https:\/\/instytutpolski.pl\/stockholm\/wp-content\/uploads\/sites\/17\/2022\/02\/Lawiki_i_manekiny_Umarla_klasa_Tadeusz_Kantor_Adrian-Grycuk-CC-BY-SA-3.0-PL-httpscreativecommons.orglicensesby-sa3.0pldeed.en-via-Wikimedia-Commons-scaled.jpg\",\"width\":2560,\"height\":1693},{\"@type\":\"BreadcrumbList\",\"@id\":\"https:\/\/instytutpolski.pl\/stockholm\/pl\/2022\/02\/21\/pomiedzy-bliskoscia-a-dystansem-mellan-narhet-och-distans-wyklad-o-tadeuszu-kantorze\/#breadcrumb\",\"itemListElement\":[{\"@type\":\"ListItem\",\"position\":1,\"name\":\"Home\",\"item\":\"https:\/\/instytutpolski.pl\/stockholm\/\"},{\"@type\":\"ListItem\",\"position\":2,\"name\":\"Pomi\u0119dzy blisko\u015bci\u0105 a dystansem (MELLAN N\u00c4RHET OCH DISTANS) \u2013 wyk\u0142ad o Tadeuszu Kantorze\"}]},{\"@type\":\"WebSite\",\"@id\":\"https:\/\/instytutpolski.pl\/stockholm\/#website\",\"url\":\"https:\/\/instytutpolski.pl\/stockholm\/\",\"name\":\"Instytut Polski w Sztokholmie\",\"description\":\"Instytuty Polskie\",\"potentialAction\":[{\"@type\":\"SearchAction\",\"target\":{\"@type\":\"EntryPoint\",\"urlTemplate\":\"https:\/\/instytutpolski.pl\/stockholm\/?s={search_term_string}\"},\"query-input\":{\"@type\":\"PropertyValueSpecification\",\"valueRequired\":true,\"valueName\":\"search_term_string\"}}],\"inLanguage\":\"pl-PL\"},{\"@type\":\"Person\",\"@id\":\"https:\/\/instytutpolski.pl\/stockholm\/#\/schema\/person\/062b5a5f61f32b17c98996975db8d556\",\"name\":\"strozniake\",\"image\":{\"@type\":\"ImageObject\",\"inLanguage\":\"pl-PL\",\"@id\":\"https:\/\/instytutpolski.pl\/stockholm\/#\/schema\/person\/image\/\",\"url\":\"https:\/\/secure.gravatar.com\/avatar\/25e0be9897787f9035155a882fde97cc?s=96&d=mm&r=g\",\"contentUrl\":\"https:\/\/secure.gravatar.com\/avatar\/25e0be9897787f9035155a882fde97cc?s=96&d=mm&r=g\",\"caption\":\"strozniake\"},\"sameAs\":[\"http:\/\/strozniake\"],\"url\":\"https:\/\/instytutpolski.pl\/stockholm\/author\/strozniake\/\"}]}<\/script>\n<!-- \/ Yoast SEO plugin. -->","yoast_head_json":{"title":"Pomi\u0119dzy blisko\u015bci\u0105 a dystansem (MELLAN N\u00c4RHET OCH DISTANS) \u2013 wyk\u0142ad o Tadeuszu Kantorze - Instytut Polski w Sztokholmie","description":"Manekin - obiektem, tworzywem i symbolem w sztuce Tadeusza Kantora i Julii Bondesson \u2013 to podtytu\u0142 wyk\u0142adu Camilli Larsson w Muzeum Sztuki Wsp\u00f3\u0142czesnej w Malm\u00f6.","robots":{"index":"index","follow":"follow","max-snippet":"max-snippet:-1","max-image-preview":"max-image-preview:large","max-video-preview":"max-video-preview:-1"},"canonical":"https:\/\/instytutpolski.pl\/stockholm\/pl\/2022\/02\/21\/pomiedzy-bliskoscia-a-dystansem-mellan-narhet-och-distans-wyklad-o-tadeuszu-kantorze\/","og_locale":"pl_PL","og_type":"article","og_title":"Pomi\u0119dzy blisko\u015bci\u0105 a dystansem (MELLAN N\u00c4RHET OCH DISTANS) \u2013 wyk\u0142ad o Tadeuszu Kantorze - Instytut Polski w Sztokholmie","og_description":"Manekin - obiektem, tworzywem i symbolem w sztuce Tadeusza Kantora i Julii Bondesson \u2013 to podtytu\u0142 wyk\u0142adu Camilli Larsson w Muzeum Sztuki Wsp\u00f3\u0142czesnej w Malm\u00f6.","og_url":"https:\/\/instytutpolski.pl\/stockholm\/pl\/2022\/02\/21\/pomiedzy-bliskoscia-a-dystansem-mellan-narhet-och-distans-wyklad-o-tadeuszu-kantorze\/","og_site_name":"Instytut Polski w Sztokholmie","article_published_time":"2022-02-21T16:18:24+00:00","article_modified_time":"2022-03-18T15:35:10+00:00","og_image":[{"width":2560,"height":1693,"url":"https:\/\/instytutpolski.pl\/stockholm\/wp-content\/uploads\/sites\/17\/2022\/02\/Lawiki_i_manekiny_Umarla_klasa_Tadeusz_Kantor_Adrian-Grycuk-CC-BY-SA-3.0-PL-httpscreativecommons.orglicensesby-sa3.0pldeed.en-via-Wikimedia-Commons-scaled.jpg","type":"image\/jpeg"}],"author":"strozniake","twitter_card":"summary_large_image","twitter_misc":{"Napisane przez":"strozniake","Szacowany czas czytania":"2 minuty"},"schema":{"@context":"https:\/\/schema.org","@graph":[{"@type":"event","@id":"https:\/\/instytutpolski.pl\/stockholm\/pl\/2022\/02\/21\/pomiedzy-bliskoscia-a-dystansem-mellan-narhet-och-distans-wyklad-o-tadeuszu-kantorze\/","url":"https:\/\/instytutpolski.pl\/stockholm\/pl\/2022\/02\/21\/pomiedzy-bliskoscia-a-dystansem-mellan-narhet-och-distans-wyklad-o-tadeuszu-kantorze\/","name":"Pomi\u0119dzy blisko\u015bci\u0105 a dystansem (MELLAN N\u00c4RHET OCH DISTANS) \u2013 wyk\u0142ad o Tadeuszu Kantorze","isPartOf":{"@id":"https:\/\/instytutpolski.pl\/stockholm\/#website"},"primaryImageOfPage":{"@id":"https:\/\/instytutpolski.pl\/stockholm\/pl\/2022\/02\/21\/pomiedzy-bliskoscia-a-dystansem-mellan-narhet-och-distans-wyklad-o-tadeuszu-kantorze\/#primaryimage"},"image":["https:\/\/instytutpolski.pl\/stockholm\/wp-content\/uploads\/sites\/17\/2022\/02\/Lawiki_i_manekiny_Umarla_klasa_Tadeusz_Kantor_Adrian-Grycuk-CC-BY-SA-3.0-PL-httpscreativecommons.orglicensesby-sa3.0pldeed.en-via-Wikimedia-Commons-scaled.jpg","https:\/\/instytutpolski.pl\/stockholm\/wp-content\/uploads\/sites\/17\/2022\/02\/Lawiki_i_manekiny_Umarla_klasa_Tadeusz_Kantor_Adrian-Grycuk-CC-BY-SA-3.0-PL-httpscreativecommons.orglicensesby-sa3.0pldeed.en-via-Wikimedia-Commons-300x198.jpg","https:\/\/instytutpolski.pl\/stockholm\/wp-content\/uploads\/sites\/17\/2022\/02\/Lawiki_i_manekiny_Umarla_klasa_Tadeusz_Kantor_Adrian-Grycuk-CC-BY-SA-3.0-PL-httpscreativecommons.orglicensesby-sa3.0pldeed.en-via-Wikimedia-Commons-1024x677.jpg","https:\/\/instytutpolski.pl\/stockholm\/wp-content\/uploads\/sites\/17\/2022\/02\/Lawiki_i_manekiny_Umarla_klasa_Tadeusz_Kantor_Adrian-Grycuk-CC-BY-SA-3.0-PL-httpscreativecommons.orglicensesby-sa3.0pldeed.en-via-Wikimedia-Commons-scaled.jpg"],"thumbnailUrl":"https:\/\/instytutpolski.pl\/stockholm\/wp-content\/uploads\/sites\/17\/2022\/02\/Lawiki_i_manekiny_Umarla_klasa_Tadeusz_Kantor_Adrian-Grycuk-CC-BY-SA-3.0-PL-httpscreativecommons.orglicensesby-sa3.0pldeed.en-via-Wikimedia-Commons-scaled.jpg","datePublished":"2022-02-21T16:18:24+02:00","dateModified":"2022-03-18T15:35:10+02:00","author":{"@id":"https:\/\/instytutpolski.pl\/stockholm\/#\/schema\/person\/062b5a5f61f32b17c98996975db8d556"},"description":"23 marca o godz. 17.30 Caf\u00e9t w Moderna Museet (Muzeum Sztuki Wsp\u00f3\u0142czesnej) w Malm\u00f6 odb\u0119dzie si\u0119 wyk\u0142ad na temat roli manekin\u00f3w i lalek w tw\u00f3rczo\u015bci Tadeusza Kantora oraz szwedzkiej artystki, Julii Bondesson - w rze\u017abie, fotografii, filmie, teatrze i sztuce performance\u2019u. Wst\u0119p wolny!\nO Camilli Larsson:\nCamilla Larsson od wielu lat pracuje jako wyk\u0142adowczyni oraz kuratorka wystaw sztuki wsp\u00f3\u0142czesnej. Jej praca doktorska pod tytu\u0142em: \u201dFramtr\u00e4danden. Performativitetsteoretiska tolkningar av Tadeusz Kantors konstn\u00e4rskap\u201d (Dzia\u0142ania performatywne. Teoretyczne uj\u0119cia performatywno\u015bci w tw\u00f3rczo\u015bci Tadeusza Kantora.\u201d) zosta\u0142a z\u0142o\u017cona na uniwersytecie S\u00f6dert\u00f6rns h\u00f6gskola w 2021 roku.\nZdj\u0119cie: Anna Hartvig\nWyk\u0142ad odbywa si\u0119 przy wsparciu Instytutu Polskiego w Sztokholmie.\nWi\u0119cej informacji tutaj.   \nZdj\u0119cie g\u0142\u00f3wne: Adrian Grycuk, CC BY-SA 3.0 PL, Wikimedia Commons","breadcrumb":{"@id":"https:\/\/instytutpolski.pl\/stockholm\/pl\/2022\/02\/21\/pomiedzy-bliskoscia-a-dystansem-mellan-narhet-och-distans-wyklad-o-tadeuszu-kantorze\/#breadcrumb"},"inLanguage":"pl-PL","potentialAction":[{"@type":"ReadAction","target":["https:\/\/instytutpolski.pl\/stockholm\/pl\/2022\/02\/21\/pomiedzy-bliskoscia-a-dystansem-mellan-narhet-och-distans-wyklad-o-tadeuszu-kantorze\/"]}],"@context":"https:\/\/schema.org","startDate":"2022-03-23T05:30:00+02:00","endDate":"2022-03-23T07:00:00+02:00","eventStatus":"EventScheduled","eventAttendanceMode":"OfflineEventAttendanceMode","location":{"@type":"place","name":"Caf\u00e9t, Moderna Museet Malm\u00f6, Ola Billgrens plats 2-4, Malm\u00f6","address":"Caf\u00e9t, Moderna Museet Malm\u00f6, Ola Billgrens plats 2-4, Malm\u00f6","geo":{"@type":"GeoCoordinates","latitude":"59.431795045045334","longitude":"13.34787350054526"}}},{"@type":"ImageObject","inLanguage":"pl-PL","@id":"https:\/\/instytutpolski.pl\/stockholm\/pl\/2022\/02\/21\/pomiedzy-bliskoscia-a-dystansem-mellan-narhet-och-distans-wyklad-o-tadeuszu-kantorze\/#primaryimage","url":"https:\/\/instytutpolski.pl\/stockholm\/wp-content\/uploads\/sites\/17\/2022\/02\/Lawiki_i_manekiny_Umarla_klasa_Tadeusz_Kantor_Adrian-Grycuk-CC-BY-SA-3.0-PL-httpscreativecommons.orglicensesby-sa3.0pldeed.en-via-Wikimedia-Commons-scaled.jpg","contentUrl":"https:\/\/instytutpolski.pl\/stockholm\/wp-content\/uploads\/sites\/17\/2022\/02\/Lawiki_i_manekiny_Umarla_klasa_Tadeusz_Kantor_Adrian-Grycuk-CC-BY-SA-3.0-PL-httpscreativecommons.orglicensesby-sa3.0pldeed.en-via-Wikimedia-Commons-scaled.jpg","width":2560,"height":1693},{"@type":"BreadcrumbList","@id":"https:\/\/instytutpolski.pl\/stockholm\/pl\/2022\/02\/21\/pomiedzy-bliskoscia-a-dystansem-mellan-narhet-och-distans-wyklad-o-tadeuszu-kantorze\/#breadcrumb","itemListElement":[{"@type":"ListItem","position":1,"name":"Home","item":"https:\/\/instytutpolski.pl\/stockholm\/"},{"@type":"ListItem","position":2,"name":"Pomi\u0119dzy blisko\u015bci\u0105 a dystansem (MELLAN N\u00c4RHET OCH DISTANS) \u2013 wyk\u0142ad o Tadeuszu Kantorze"}]},{"@type":"WebSite","@id":"https:\/\/instytutpolski.pl\/stockholm\/#website","url":"https:\/\/instytutpolski.pl\/stockholm\/","name":"Instytut Polski w Sztokholmie","description":"Instytuty Polskie","potentialAction":[{"@type":"SearchAction","target":{"@type":"EntryPoint","urlTemplate":"https:\/\/instytutpolski.pl\/stockholm\/?s={search_term_string}"},"query-input":{"@type":"PropertyValueSpecification","valueRequired":true,"valueName":"search_term_string"}}],"inLanguage":"pl-PL"},{"@type":"Person","@id":"https:\/\/instytutpolski.pl\/stockholm\/#\/schema\/person\/062b5a5f61f32b17c98996975db8d556","name":"strozniake","image":{"@type":"ImageObject","inLanguage":"pl-PL","@id":"https:\/\/instytutpolski.pl\/stockholm\/#\/schema\/person\/image\/","url":"https:\/\/secure.gravatar.com\/avatar\/25e0be9897787f9035155a882fde97cc?s=96&d=mm&r=g","contentUrl":"https:\/\/secure.gravatar.com\/avatar\/25e0be9897787f9035155a882fde97cc?s=96&d=mm&r=g","caption":"strozniake"},"sameAs":["http:\/\/strozniake"],"url":"https:\/\/instytutpolski.pl\/stockholm\/author\/strozniake\/"}]}},"_links":{"self":[{"href":"https:\/\/instytutpolski.pl\/stockholm\/wp-json\/wp\/v2\/posts\/8078","targetHints":{"allow":["GET"]}}],"collection":[{"href":"https:\/\/instytutpolski.pl\/stockholm\/wp-json\/wp\/v2\/posts"}],"about":[{"href":"https:\/\/instytutpolski.pl\/stockholm\/wp-json\/wp\/v2\/types\/post"}],"author":[{"embeddable":true,"href":"https:\/\/instytutpolski.pl\/stockholm\/wp-json\/wp\/v2\/users\/29"}],"replies":[{"embeddable":true,"href":"https:\/\/instytutpolski.pl\/stockholm\/wp-json\/wp\/v2\/comments?post=8078"}],"version-history":[{"count":3,"href":"https:\/\/instytutpolski.pl\/stockholm\/wp-json\/wp\/v2\/posts\/8078\/revisions"}],"predecessor-version":[{"id":8081,"href":"https:\/\/instytutpolski.pl\/stockholm\/wp-json\/wp\/v2\/posts\/8078\/revisions\/8081"}],"wp:featuredmedia":[{"embeddable":true,"href":"https:\/\/instytutpolski.pl\/stockholm\/wp-json\/wp\/v2\/media\/7897"}],"wp:attachment":[{"href":"https:\/\/instytutpolski.pl\/stockholm\/wp-json\/wp\/v2\/media?parent=8078"}],"wp:term":[{"taxonomy":"category","embeddable":true,"href":"https:\/\/instytutpolski.pl\/stockholm\/wp-json\/wp\/v2\/categories?post=8078"},{"taxonomy":"post_tag","embeddable":true,"href":"https:\/\/instytutpolski.pl\/stockholm\/wp-json\/wp\/v2\/tags?post=8078"}],"curies":[{"name":"wp","href":"https:\/\/api.w.org\/{rel}","templated":true}]}}