{"id":8228,"date":"2022-04-15T08:17:19","date_gmt":"2022-04-15T06:17:19","guid":{"rendered":"https:\/\/instytutpolski.pl\/stockholm\/?p=8228"},"modified":"2022-04-21T11:14:48","modified_gmt":"2022-04-21T09:14:48","slug":"glad-pask-2","status":"publish","type":"post","link":"https:\/\/instytutpolski.pl\/stockholm\/2022\/04\/15\/glad-pask-2\/","title":{"rendered":"Glad P\u00e5sk!"},"content":{"rendered":"\n<p>P\u00e5skfirandet i Polen skiljer sig fr\u00e5n hur man firar p\u00e5sk i Sverige. Det finns m\u00e5nga traditioner f\u00f6r varje dag av p\u00e5sken, fr\u00e5n l\u00e5ngfredagen till annandag p\u00e5sk. \u00c4ven om de flesta p\u00e5sktraditioner kommer fr\u00e5n kristendomen gillar de flesta att delta i firandet, oavsett deras religion. <\/p>\n\n\n\n<p>Mer om hur man firar p\u00e5sk i Polen kan du hitta h\u00e4r. <img loading=\"lazy\" decoding=\"async\" height=\"16\" width=\"16\" src=\"https:\/\/static.xx.fbcdn.net\/images\/emoji.php\/v9\/t66\/1.5\/16\/1f423.png\" alt=\"&#x1f423;\"><a href=\"https:\/\/instytutpolski.pl\/stockholm\/2021\/03\/31\/polska-pasktraditioner2\/?fbclid=IwAR1GpZ-1a60hESNNV5-y70NbFtGXScFNeZLuprPhKosp7V6QmI_NEKGxgcs\" target=\"_blank\" rel=\"noreferrer noopener\">https:\/\/instytutpolski.pl\/&#8230;\/03\/31\/polska-pasktraditioner2\/<\/a><\/p>\n\n\n\n<p>Vi \u00f6nskar er en riktigt glad p\u00e5sk!<\/p>\n\n\n\n<p>Polska institutets team<\/p>\n","protected":false},"excerpt":{"rendered":"<p>P\u00e5skfirandet i Polen skiljer sig fr\u00e5n hur man firar p\u00e5sk i Sverige. Det finns m\u00e5nga traditioner f\u00f6r varje dag av p\u00e5sken, fr\u00e5n l\u00e5ngfredagen till annandag p\u00e5sk. \u00c4ven om de flesta p\u00e5sktraditioner kommer fr\u00e5n kristendomen gillar de flesta att delta i firandet, oavsett deras religion. Mer om hur man firar p\u00e5sk i Polen kan du hitta [&hellip;]<\/p>\n","protected":false},"author":29,"featured_media":8229,"comment_status":"closed","ping_status":"open","sticky":false,"template":"","format":"standard","meta":{"inline_featured_image":false,"_monsterinsights_skip_tracking":false,"_monsterinsights_sitenote_active":false,"_monsterinsights_sitenote_note":"","_monsterinsights_sitenote_category":0,"footnotes":""},"categories":[222,210],"tags":[],"class_list":["post-8228","post","type-post","status-publish","format-standard","has-post-thumbnail","hentry","category-aktualnosc-se","category-galeria-se"],"yoast_head":"<!-- This site is optimized with the Yoast SEO plugin v24.6 - https:\/\/yoast.com\/wordpress\/plugins\/seo\/ -->\n<title>Glad P\u00e5sk! - Instytut Polski w Sztokholmie<\/title>\n<meta name=\"robots\" content=\"index, follow, max-snippet:-1, max-image-preview:large, max-video-preview:-1\" \/>\n<link rel=\"canonical\" href=\"https:\/\/instytutpolski.pl\/stockholm\/2022\/04\/15\/glad-pask-2\/\" \/>\n<meta property=\"og:locale\" content=\"pl_PL\" \/>\n<meta property=\"og:type\" content=\"article\" \/>\n<meta property=\"og:title\" content=\"Glad P\u00e5sk! - Instytut Polski w Sztokholmie\" \/>\n<meta property=\"og:description\" content=\"P\u00e5skfirandet i Polen skiljer sig fr\u00e5n hur man firar p\u00e5sk i Sverige. Det finns m\u00e5nga traditioner f\u00f6r varje dag av p\u00e5sken, fr\u00e5n l\u00e5ngfredagen till annandag p\u00e5sk. \u00c4ven om de flesta p\u00e5sktraditioner kommer fr\u00e5n kristendomen gillar de flesta att delta i firandet, oavsett deras religion. Mer om hur man firar p\u00e5sk i Polen kan du hitta [&hellip;]\" \/>\n<meta property=\"og:url\" content=\"https:\/\/instytutpolski.pl\/stockholm\/2022\/04\/15\/glad-pask-2\/\" \/>\n<meta property=\"og:site_name\" content=\"Instytut Polski w Sztokholmie\" \/>\n<meta property=\"article:published_time\" content=\"2022-04-15T06:17:19+00:00\" \/>\n<meta property=\"article:modified_time\" content=\"2022-04-21T09:14:48+00:00\" \/>\n<meta property=\"og:image\" content=\"https:\/\/instytutpolski.pl\/stockholm\/wp-content\/uploads\/sites\/17\/2022\/04\/Glad-Pa\u030ask.jpg\" \/>\n\t<meta property=\"og:image:width\" content=\"1120\" \/>\n\t<meta property=\"og:image:height\" content=\"630\" \/>\n\t<meta property=\"og:image:type\" content=\"image\/jpeg\" \/>\n<meta name=\"author\" content=\"strozniake\" \/>\n<meta name=\"twitter:card\" content=\"summary_large_image\" \/>\n<meta name=\"twitter:label1\" content=\"Napisane przez\" \/>\n\t<meta name=\"twitter:data1\" content=\"strozniake\" \/>\n\t<meta name=\"twitter:label2\" content=\"Szacowany czas czytania\" \/>\n\t<meta name=\"twitter:data2\" content=\"1 minuta\" \/>\n<script type=\"application\/ld+json\" class=\"yoast-schema-graph\">{\"@context\":\"https:\/\/schema.org\",\"@graph\":[{\"@type\":\"event\",\"@id\":\"https:\/\/instytutpolski.pl\/stockholm\/2022\/04\/15\/glad-pask-2\/\",\"url\":\"https:\/\/instytutpolski.pl\/stockholm\/2022\/04\/15\/glad-pask-2\/\",\"name\":\"Glad P\u00e5sk!\",\"isPartOf\":{\"@id\":\"https:\/\/instytutpolski.pl\/stockholm\/#website\"},\"primaryImageOfPage\":{\"@id\":\"https:\/\/instytutpolski.pl\/stockholm\/2022\/04\/15\/glad-pask-2\/#primaryimage\"},\"image\":[\"https:\/\/instytutpolski.pl\/stockholm\/wp-content\/uploads\/sites\/17\/2022\/04\/Glad-Pa\u030ask.jpg\",\"https:\/\/instytutpolski.pl\/stockholm\/wp-content\/uploads\/sites\/17\/2022\/04\/Glad-Pa\u030ask-300x169.jpg\",\"https:\/\/instytutpolski.pl\/stockholm\/wp-content\/uploads\/sites\/17\/2022\/04\/Glad-Pa\u030ask-1024x576.jpg\",\"https:\/\/instytutpolski.pl\/stockholm\/wp-content\/uploads\/sites\/17\/2022\/04\/Glad-Pa\u030ask.jpg\"],\"thumbnailUrl\":\"https:\/\/instytutpolski.pl\/stockholm\/wp-content\/uploads\/sites\/17\/2022\/04\/Glad-Pa\u030ask.jpg\",\"datePublished\":\"2022-04-15T06:17:19+02:00\",\"dateModified\":\"2022-04-21T09:14:48+02:00\",\"author\":{\"@id\":\"https:\/\/instytutpolski.pl\/stockholm\/#\/schema\/person\/062b5a5f61f32b17c98996975db8d556\"},\"breadcrumb\":{\"@id\":\"https:\/\/instytutpolski.pl\/stockholm\/2022\/04\/15\/glad-pask-2\/#breadcrumb\"},\"inLanguage\":\"pl-PL\",\"potentialAction\":[{\"@type\":\"ReadAction\",\"target\":[\"https:\/\/instytutpolski.pl\/stockholm\/2022\/04\/15\/glad-pask-2\/\"]}],\"@context\":\"https:\/\/schema.org\",\"startDate\":\"2022-04-15\",\"endDate\":\"2022-04-18\",\"eventStatus\":\"EventScheduled\",\"eventAttendanceMode\":\"MixedEventAttendanceMode\",\"location\":[{\"@type\":\"VirtualLocation\",\"url\":\"\"},{\"@type\":\"place\",\"name\":\"\",\"address\":\"\",\"geo\":{\"@type\":\"GeoCoordinates\",\"latitude\":\"\",\"longitude\":\"\"}}],\"description\":\"P\u00e5skfirandet i Polen skiljer sig fr\u00e5n hur man firar p\u00e5sk i Sverige. Det finns m\u00e5nga traditioner f\u00f6r varje dag av p\u00e5sken, fr\u00e5n l\u00e5ngfredagen till annandag p\u00e5sk. \u00c4ven om de flesta p\u00e5sktraditioner kommer fr\u00e5n kristendomen gillar de flesta att delta i firandet, oavsett deras religion. \\nMer om hur man firar p\u00e5sk i Polen kan du hitta h\u00e4r. https:\/\/instytutpolski.pl\/...\/03\/31\/polska-pasktraditioner2\/\\nVi \u00f6nskar er en riktigt glad p\u00e5sk!\\nPolska institutets team\"},{\"@type\":\"ImageObject\",\"inLanguage\":\"pl-PL\",\"@id\":\"https:\/\/instytutpolski.pl\/stockholm\/2022\/04\/15\/glad-pask-2\/#primaryimage\",\"url\":\"https:\/\/instytutpolski.pl\/stockholm\/wp-content\/uploads\/sites\/17\/2022\/04\/Glad-Pa\u030ask.jpg\",\"contentUrl\":\"https:\/\/instytutpolski.pl\/stockholm\/wp-content\/uploads\/sites\/17\/2022\/04\/Glad-Pa\u030ask.jpg\",\"width\":1120,\"height\":630},{\"@type\":\"BreadcrumbList\",\"@id\":\"https:\/\/instytutpolski.pl\/stockholm\/2022\/04\/15\/glad-pask-2\/#breadcrumb\",\"itemListElement\":[{\"@type\":\"ListItem\",\"position\":1,\"name\":\"Home\",\"item\":\"https:\/\/instytutpolski.pl\/stockholm\/\"},{\"@type\":\"ListItem\",\"position\":2,\"name\":\"Glad P\u00e5sk!\"}]},{\"@type\":\"WebSite\",\"@id\":\"https:\/\/instytutpolski.pl\/stockholm\/#website\",\"url\":\"https:\/\/instytutpolski.pl\/stockholm\/\",\"name\":\"Instytut Polski w Sztokholmie\",\"description\":\"Instytuty Polskie\",\"potentialAction\":[{\"@type\":\"SearchAction\",\"target\":{\"@type\":\"EntryPoint\",\"urlTemplate\":\"https:\/\/instytutpolski.pl\/stockholm\/?s={search_term_string}\"},\"query-input\":{\"@type\":\"PropertyValueSpecification\",\"valueRequired\":true,\"valueName\":\"search_term_string\"}}],\"inLanguage\":\"pl-PL\"},{\"@type\":\"Person\",\"@id\":\"https:\/\/instytutpolski.pl\/stockholm\/#\/schema\/person\/062b5a5f61f32b17c98996975db8d556\",\"name\":\"strozniake\",\"image\":{\"@type\":\"ImageObject\",\"inLanguage\":\"pl-PL\",\"@id\":\"https:\/\/instytutpolski.pl\/stockholm\/#\/schema\/person\/image\/\",\"url\":\"https:\/\/secure.gravatar.com\/avatar\/25e0be9897787f9035155a882fde97cc?s=96&d=mm&r=g\",\"contentUrl\":\"https:\/\/secure.gravatar.com\/avatar\/25e0be9897787f9035155a882fde97cc?s=96&d=mm&r=g\",\"caption\":\"strozniake\"},\"sameAs\":[\"http:\/\/strozniake\"],\"url\":\"https:\/\/instytutpolski.pl\/stockholm\/author\/strozniake\/\"}]}<\/script>\n<!-- \/ Yoast SEO plugin. -->","yoast_head_json":{"title":"Glad P\u00e5sk! - Instytut Polski w Sztokholmie","robots":{"index":"index","follow":"follow","max-snippet":"max-snippet:-1","max-image-preview":"max-image-preview:large","max-video-preview":"max-video-preview:-1"},"canonical":"https:\/\/instytutpolski.pl\/stockholm\/2022\/04\/15\/glad-pask-2\/","og_locale":"pl_PL","og_type":"article","og_title":"Glad P\u00e5sk! - Instytut Polski w Sztokholmie","og_description":"P\u00e5skfirandet i Polen skiljer sig fr\u00e5n hur man firar p\u00e5sk i Sverige. Det finns m\u00e5nga traditioner f\u00f6r varje dag av p\u00e5sken, fr\u00e5n l\u00e5ngfredagen till annandag p\u00e5sk. \u00c4ven om de flesta p\u00e5sktraditioner kommer fr\u00e5n kristendomen gillar de flesta att delta i firandet, oavsett deras religion. Mer om hur man firar p\u00e5sk i Polen kan du hitta [&hellip;]","og_url":"https:\/\/instytutpolski.pl\/stockholm\/2022\/04\/15\/glad-pask-2\/","og_site_name":"Instytut Polski w Sztokholmie","article_published_time":"2022-04-15T06:17:19+00:00","article_modified_time":"2022-04-21T09:14:48+00:00","og_image":[{"width":1120,"height":630,"url":"https:\/\/instytutpolski.pl\/stockholm\/wp-content\/uploads\/sites\/17\/2022\/04\/Glad-Pa\u030ask.jpg","type":"image\/jpeg"}],"author":"strozniake","twitter_card":"summary_large_image","twitter_misc":{"Napisane przez":"strozniake","Szacowany czas czytania":"1 minuta"},"schema":{"@context":"https:\/\/schema.org","@graph":[{"@type":"event","@id":"https:\/\/instytutpolski.pl\/stockholm\/2022\/04\/15\/glad-pask-2\/","url":"https:\/\/instytutpolski.pl\/stockholm\/2022\/04\/15\/glad-pask-2\/","name":"Glad P\u00e5sk!","isPartOf":{"@id":"https:\/\/instytutpolski.pl\/stockholm\/#website"},"primaryImageOfPage":{"@id":"https:\/\/instytutpolski.pl\/stockholm\/2022\/04\/15\/glad-pask-2\/#primaryimage"},"image":["https:\/\/instytutpolski.pl\/stockholm\/wp-content\/uploads\/sites\/17\/2022\/04\/Glad-Pa\u030ask.jpg","https:\/\/instytutpolski.pl\/stockholm\/wp-content\/uploads\/sites\/17\/2022\/04\/Glad-Pa\u030ask-300x169.jpg","https:\/\/instytutpolski.pl\/stockholm\/wp-content\/uploads\/sites\/17\/2022\/04\/Glad-Pa\u030ask-1024x576.jpg","https:\/\/instytutpolski.pl\/stockholm\/wp-content\/uploads\/sites\/17\/2022\/04\/Glad-Pa\u030ask.jpg"],"thumbnailUrl":"https:\/\/instytutpolski.pl\/stockholm\/wp-content\/uploads\/sites\/17\/2022\/04\/Glad-Pa\u030ask.jpg","datePublished":"2022-04-15T06:17:19+02:00","dateModified":"2022-04-21T09:14:48+02:00","author":{"@id":"https:\/\/instytutpolski.pl\/stockholm\/#\/schema\/person\/062b5a5f61f32b17c98996975db8d556"},"breadcrumb":{"@id":"https:\/\/instytutpolski.pl\/stockholm\/2022\/04\/15\/glad-pask-2\/#breadcrumb"},"inLanguage":"pl-PL","potentialAction":[{"@type":"ReadAction","target":["https:\/\/instytutpolski.pl\/stockholm\/2022\/04\/15\/glad-pask-2\/"]}],"@context":"https:\/\/schema.org","startDate":"2022-04-15","endDate":"2022-04-18","eventStatus":"EventScheduled","eventAttendanceMode":"MixedEventAttendanceMode","location":[{"@type":"VirtualLocation","url":""},{"@type":"place","name":"","address":"","geo":{"@type":"GeoCoordinates","latitude":"","longitude":""}}],"description":"P\u00e5skfirandet i Polen skiljer sig fr\u00e5n hur man firar p\u00e5sk i Sverige. Det finns m\u00e5nga traditioner f\u00f6r varje dag av p\u00e5sken, fr\u00e5n l\u00e5ngfredagen till annandag p\u00e5sk. \u00c4ven om de flesta p\u00e5sktraditioner kommer fr\u00e5n kristendomen gillar de flesta att delta i firandet, oavsett deras religion. \nMer om hur man firar p\u00e5sk i Polen kan du hitta h\u00e4r. https:\/\/instytutpolski.pl\/...\/03\/31\/polska-pasktraditioner2\/\nVi \u00f6nskar er en riktigt glad p\u00e5sk!\nPolska institutets team"},{"@type":"ImageObject","inLanguage":"pl-PL","@id":"https:\/\/instytutpolski.pl\/stockholm\/2022\/04\/15\/glad-pask-2\/#primaryimage","url":"https:\/\/instytutpolski.pl\/stockholm\/wp-content\/uploads\/sites\/17\/2022\/04\/Glad-Pa\u030ask.jpg","contentUrl":"https:\/\/instytutpolski.pl\/stockholm\/wp-content\/uploads\/sites\/17\/2022\/04\/Glad-Pa\u030ask.jpg","width":1120,"height":630},{"@type":"BreadcrumbList","@id":"https:\/\/instytutpolski.pl\/stockholm\/2022\/04\/15\/glad-pask-2\/#breadcrumb","itemListElement":[{"@type":"ListItem","position":1,"name":"Home","item":"https:\/\/instytutpolski.pl\/stockholm\/"},{"@type":"ListItem","position":2,"name":"Glad P\u00e5sk!"}]},{"@type":"WebSite","@id":"https:\/\/instytutpolski.pl\/stockholm\/#website","url":"https:\/\/instytutpolski.pl\/stockholm\/","name":"Instytut Polski w Sztokholmie","description":"Instytuty Polskie","potentialAction":[{"@type":"SearchAction","target":{"@type":"EntryPoint","urlTemplate":"https:\/\/instytutpolski.pl\/stockholm\/?s={search_term_string}"},"query-input":{"@type":"PropertyValueSpecification","valueRequired":true,"valueName":"search_term_string"}}],"inLanguage":"pl-PL"},{"@type":"Person","@id":"https:\/\/instytutpolski.pl\/stockholm\/#\/schema\/person\/062b5a5f61f32b17c98996975db8d556","name":"strozniake","image":{"@type":"ImageObject","inLanguage":"pl-PL","@id":"https:\/\/instytutpolski.pl\/stockholm\/#\/schema\/person\/image\/","url":"https:\/\/secure.gravatar.com\/avatar\/25e0be9897787f9035155a882fde97cc?s=96&d=mm&r=g","contentUrl":"https:\/\/secure.gravatar.com\/avatar\/25e0be9897787f9035155a882fde97cc?s=96&d=mm&r=g","caption":"strozniake"},"sameAs":["http:\/\/strozniake"],"url":"https:\/\/instytutpolski.pl\/stockholm\/author\/strozniake\/"}]}},"_links":{"self":[{"href":"https:\/\/instytutpolski.pl\/stockholm\/wp-json\/wp\/v2\/posts\/8228","targetHints":{"allow":["GET"]}}],"collection":[{"href":"https:\/\/instytutpolski.pl\/stockholm\/wp-json\/wp\/v2\/posts"}],"about":[{"href":"https:\/\/instytutpolski.pl\/stockholm\/wp-json\/wp\/v2\/types\/post"}],"author":[{"embeddable":true,"href":"https:\/\/instytutpolski.pl\/stockholm\/wp-json\/wp\/v2\/users\/29"}],"replies":[{"embeddable":true,"href":"https:\/\/instytutpolski.pl\/stockholm\/wp-json\/wp\/v2\/comments?post=8228"}],"version-history":[{"count":6,"href":"https:\/\/instytutpolski.pl\/stockholm\/wp-json\/wp\/v2\/posts\/8228\/revisions"}],"predecessor-version":[{"id":8242,"href":"https:\/\/instytutpolski.pl\/stockholm\/wp-json\/wp\/v2\/posts\/8228\/revisions\/8242"}],"wp:featuredmedia":[{"embeddable":true,"href":"https:\/\/instytutpolski.pl\/stockholm\/wp-json\/wp\/v2\/media\/8229"}],"wp:attachment":[{"href":"https:\/\/instytutpolski.pl\/stockholm\/wp-json\/wp\/v2\/media?parent=8228"}],"wp:term":[{"taxonomy":"category","embeddable":true,"href":"https:\/\/instytutpolski.pl\/stockholm\/wp-json\/wp\/v2\/categories?post=8228"},{"taxonomy":"post_tag","embeddable":true,"href":"https:\/\/instytutpolski.pl\/stockholm\/wp-json\/wp\/v2\/tags?post=8228"}],"curies":[{"name":"wp","href":"https:\/\/api.w.org\/{rel}","templated":true}]}}